{"id":3083,"date":"2024-10-03T18:47:08","date_gmt":"2024-10-03T21:47:08","guid":{"rendered":"https:\/\/blog.saocamilo-sp.br\/?p=3083"},"modified":"2024-10-03T18:50:25","modified_gmt":"2024-10-03T21:50:25","slug":"sao-camilo-abre-inscricoes-para-vestibular-de-cursos-presenciais","status":"publish","type":"post","link":"https:\/\/blog.saocamilo-sp.br\/index.php\/2024\/10\/03\/sao-camilo-abre-inscricoes-para-vestibular-de-cursos-presenciais\/","title":{"rendered":"S\u00e3o Camilo abre inscri\u00e7\u00f5es para Vestibular de cursos presenciais"},"content":{"rendered":"\n<p><a href=\"https:\/\/saocamilo-sp.br\/\">O Centro Universit\u00e1rio S\u00e3o Camilo<\/a>,  institui\u00e7\u00e3o com nota 4 no Conceito de Curso e nota m\u00e1xima no Conceito Institucional do Minist\u00e9rio da Educa\u00e7\u00e3o (MEC), abriu inscri\u00e7\u00f5es para o processo seletivo de seis cursos de Gradua\u00e7\u00e3o presenciais e a dist\u00e2ncia.<\/p>\n\n\n\n<p>Na modalidade presencial s\u00e3o oferecidos cursos de Bacharelado em Biomedicina, Enfermagem, Farm\u00e1cia, Fisioterapia, Nutri\u00e7\u00e3o e Psicologia, com in\u00edcio previsto para o primeiro semestre de 2025.<\/p>\n\n\n\n<p>As inscri\u00e7\u00f5es podem ser realizadas de 1\u00ba de outubro de 2024 a 28 de fevereiro de 2025 pelo site https:<a href=\"https:\/\/saocamilo-sp.br\/vestibular.\">\/\/saocamilo-sp.br\/vestibular.<\/a><\/p>\n\n\n\n<h3 class=\"wp-block-heading\">Crit\u00e9rios de sele\u00e7\u00e3o no Vestibular:<\/h3>\n\n\n\n<p>A admiss\u00e3o dos candidatos ser\u00e1 feita por meio de quatro crit\u00e9rios:<\/p>\n\n\n\n<p>A primeira op\u00e7\u00e3o \u00e9 pelo aproveitamento da nota do Exame Nacional do Ensino M\u00e9dio (ENEM) desde 2010. Para bacharelados: o candidato dever\u00e1 ter no m\u00ednimo 450 pontos (m\u00e9dia das 4 notas da prova objetiva), e n\u00e3o ter zerado a reda\u00e7\u00e3o. Para os cursos tecnol\u00f3gicos e licenciatura (presencial e EAD), o candidato dever\u00e1 ter no m\u00ednimo 400 pontos (m\u00e9dia das 4 notas da prova objetiva), e n\u00e3o ter zerado a reda\u00e7\u00e3o. Quem preferir concorrer por meio da Reda\u00e7\u00e3o Agendada ser\u00e1 aplicada uma reda\u00e7\u00e3o presencial em um dos campi e\/ou polos da institui\u00e7\u00e3o, a ser realizada em data escolhida pelo candidato dentre as disponibilizadas no sistema de agendamento, de acordo com o curso, campus, per\u00edodo e vagas.<\/p>\n\n\n\n<p>O Aproveitamento dos Processos Seletivos anteriores, realizados no Centro Universit\u00e1rio S\u00e3o Camilo, ser\u00e1 feito exclusivamente para<\/p>\n\n\n\n<p>quem participou das edi\u00e7\u00f5es de 2024\/1 e 2024\/2, podendo utilizar o resultado final sem a necessidade de realizar nova prova.<\/p>\n\n\n\n<p>J\u00e1 no Processo Seletivo Internacional ser\u00e3o aproveitadas as notas do IB \u2013 Internacional Baccalaureate Diploma obtidas em escolas nacionais ou estrangeiras desde 2017, com \u00edndice igual ou superior a 24 pontos.<\/p>\n\n\n\n<p>No Processo Seletivo Internacional o candidato dever\u00e1 realizar a inscri\u00e7\u00e3o conforme prazos estabelecidos acima e ap\u00f3s efetiva\u00e7\u00e3o do pagamento da taxa de inscri\u00e7\u00e3o, dever\u00e1 obrigatoriamente enviar c\u00f3pia do sum\u00e1rio dos resultados do programa de IB (resultado oficial) para o e-mail: <a href=\"mailto:sg@saocamilosp.br\">sg@saocamilosp.br<\/a>.<\/p>\n\n\n\n<p>Para todas as modalidades, as inscri\u00e7\u00f5es s\u00e3o realizadas via Internet pelo site <a href=\"https:\/\/saocamilo-sp.br\/vestibula\">https:\/\/saocamilo-sp.br\/vestibula<\/a>r onde deve ser feito o preenchimento do formul\u00e1rio e emiss\u00e3o do boleto banc\u00e1rio para pagamento da taxa.<\/p>\n\n\n\n<p>N\u00e3o \u00e9 cobrada taxa de inscri\u00e7\u00e3o dos candidatos que participarem da sele\u00e7\u00e3o via nota do Enem ou por aproveitamento dos processos seletivos anteriores. Para os que escolherem o processo seletivo agendado ou o internacional ser\u00e1 necess\u00e1rio o pagamento de uma taxa de R$ 40,00.<\/p>\n\n\n\n<h3 class=\"wp-block-heading\">Sobre o Centro Universit\u00e1rio S\u00e3o Camilo<\/h3>\n\n\n\n<p>O Centro Universit\u00e1rio S\u00e3o Camilo \u00e9 reconhecido como uma das institui\u00e7\u00f5es particulares mais bem avaliadas pelo Minist\u00e9rio da Educa\u00e7\u00e3o. Recebeu nota 5 pelo Conceito Institucional (CI) do Sistema Nacional de Avalia\u00e7\u00e3o da Educa\u00e7\u00e3o Superior (Sinaes). Trata-se de um indicador de qualidade que avalia a qualidade de institui\u00e7\u00f5es de ensino superior (IES) e dos cursos que oferecem. Esta refer\u00eancia tamb\u00e9m inclui o \u00cdndice Geral de Cursos (IGC), o Conceito<\/p>\n\n\n\n<p>Preliminar de Curso (CPC), o Exame Nacional de Desempenho de Estudantes (ENADE) e o \u00cdndice de Desenvolvimento Docente (IDD). O CI \u00e9 atribu\u00eddo a partir de uma avalia\u00e7\u00e3o in loco realizada por especialistas do MEC na institui\u00e7\u00e3o de ensino onde s\u00e3o considerados aspectos como Instala\u00e7\u00f5es f\u00edsicas, Plano de Desenvolvimento Institucional (PDI), Pol\u00edticas de ensino, pesquisa, extens\u00e3o, pessoal e gest\u00e3o e Cultura organizacional<\/p>\n\n\n\n<p>Foi avaliado pelo MEC com nota 4 em Conceito de Curso pelos excelentes resultados no Enade, no Conceito Preliminar de Curso (CPC) e pelo \u00cdndice Geral de Cursos (IGC).<\/p>\n\n\n\n<p>Ambas as notas s\u00e3o o resultado de um trabalho criterioso pela qualidade de seus servi\u00e7os educacionais sempre com foco nos ensinamentos humanistas de acordo com os ideais camilianos. Mais informa\u00e7\u00f5es: Site: www.saocamilo-sp.br<\/p>\n\n\n\n<p>Telefone: 0300 017 8585 .<\/p>\n\n\n\n<p><strong>Veja tamb\u00e9m<\/strong>:<\/p>\n\n\n\n<ul class=\"wp-block-list\">\n<li><a href=\"https:\/\/blog.saocamilo-sp.br\/index.php\/2024\/08\/21\/as-inscricoes-para-o-processo-seletivo-2025-1-do-curso-de-graduacao-em-medicina-do-centro-universitario-sao-camilo-ja-estao-abertas\/\">Inscri\u00e7\u00f5es abertas para o Vestibular de Medicina 2025 \u2013 1\u00ba Semestre<\/a><\/li>\n\n\n\n<li><a href=\"https:\/\/blog.saocamilo-sp.br\/index.php\/2024\/05\/24\/centro-universitario-sao-camilo-conquista-o-selo-ies-amiga-da-iniciacao-cientifica-do-semesp\/\">Centro Universit\u00e1rio S\u00e3o Camilo Conquista o Selo \u201cIES Amiga da Inicia\u00e7\u00e3o Cient\u00edfica\u201d do SEMESP<\/a><\/li>\n\n\n\n<li><a href=\"https:\/\/blog.saocamilo-sp.br\/index.php\/2024\/09\/27\/ipiranga-tradicao-historia-e-modernidade\/\">Ipiranga: tradi\u00e7\u00e3o, hist\u00f3ria e modernidade<\/a><\/li>\n<\/ul>\n\n\n\n<p><\/p>\n\n\n\n<p>Saiba mais sobre nossos cursos:<\/p>\n\n\n\n<iframe loading=\"lazy\" src=\"https:\/\/saocamilo.apprbs.com.br\/tenho-interesse-blog\" height=\"530px\" width=\"100%\" frameborder=\"0\"><\/iframe>\n","protected":false},"excerpt":{"rendered":"<p>Vertibular: na modalidade presencial s\u00e3o oferecidos cursos em seis \u00e1reas da sa\u00fade, com in\u00edcio no primeiro semestre de 2025.<\/p>\n","protected":false},"author":11,"featured_media":3095,"comment_status":"open","ping_status":"open","sticky":false,"template":"","format":"standard","meta":{"cybocfi_hide_featured_image":"","footnotes":""},"categories":[85],"tags":[18],"class_list":["post-3083","post","type-post","status-publish","format-standard","has-post-thumbnail","hentry","category-vestibular","tag-vestibular"],"yoast_head":"<!-- This site is optimized with the Yoast SEO plugin v27.5 - https:\/\/yoast.com\/product\/yoast-seo-wordpress\/ -->\n<title>S\u00e3o Camilo abre inscri\u00e7\u00f5es para Vestibular de cursos presenciais<\/title>\n<meta name=\"description\" content=\"Vertibular: na modalidade presencial s\u00e3o oferecidos cursos em seis \u00e1reas da sa\u00fade, com in\u00edcio no primeiro semestre de 2025.\" \/>\n<meta name=\"robots\" content=\"index, follow, max-snippet:-1, max-image-preview:large, max-video-preview:-1\" \/>\n<link rel=\"canonical\" href=\"https:\/\/blog.saocamilo-sp.br\/index.php\/2024\/10\/03\/sao-camilo-abre-inscricoes-para-vestibular-de-cursos-presenciais\/\" \/>\n<meta property=\"og:locale\" content=\"pt_BR\" \/>\n<meta property=\"og:type\" content=\"article\" \/>\n<meta property=\"og:title\" content=\"S\u00e3o Camilo abre inscri\u00e7\u00f5es para Vestibular de cursos presenciais\" \/>\n<meta property=\"og:description\" content=\"Vertibular: na modalidade presencial s\u00e3o oferecidos cursos em seis \u00e1reas da sa\u00fade, com in\u00edcio no primeiro semestre de 2025.\" \/>\n<meta property=\"og:url\" content=\"https:\/\/blog.saocamilo-sp.br\/index.php\/2024\/10\/03\/sao-camilo-abre-inscricoes-para-vestibular-de-cursos-presenciais\/\" \/>\n<meta property=\"og:site_name\" content=\"Blog S\u00e3o Camilo\" \/>\n<meta property=\"article:publisher\" content=\"https:\/\/www.facebook.com\/saocamilosp\" \/>\n<meta property=\"article:published_time\" content=\"2024-10-03T21:47:08+00:00\" \/>\n<meta property=\"article:modified_time\" content=\"2024-10-03T21:50:25+00:00\" \/>\n<meta property=\"og:image\" content=\"https:\/\/blog.saocamilo-sp.br\/wp-content\/uploads\/2024\/10\/Sao-Camilo-Abre-Inscricoes-para-Vestibular-de-Cursos-Presenciais.png\" \/>\n\t<meta property=\"og:image:width\" content=\"768\" \/>\n\t<meta property=\"og:image:height\" content=\"512\" \/>\n\t<meta property=\"og:image:type\" content=\"image\/png\" \/>\n<meta name=\"author\" content=\"Christopher Oliveira dos Reis\" \/>\n<meta name=\"twitter:card\" content=\"summary_large_image\" \/>\n<meta name=\"twitter:creator\" content=\"@saocamilosp\" \/>\n<meta name=\"twitter:site\" content=\"@saocamilosp\" \/>\n<meta name=\"twitter:label1\" content=\"Escrito por\" \/>\n\t<meta name=\"twitter:data1\" content=\"Christopher Oliveira dos Reis\" \/>\n\t<meta name=\"twitter:label2\" content=\"Est. tempo de leitura\" \/>\n\t<meta name=\"twitter:data2\" content=\"4 minutos\" \/>\n<script type=\"application\/ld+json\" class=\"yoast-schema-graph\">{\"@context\":\"https:\\\/\\\/schema.org\",\"@graph\":[{\"@type\":\"Article\",\"@id\":\"https:\\\/\\\/blog.saocamilo-sp.br\\\/index.php\\\/2024\\\/10\\\/03\\\/sao-camilo-abre-inscricoes-para-vestibular-de-cursos-presenciais\\\/#article\",\"isPartOf\":{\"@id\":\"https:\\\/\\\/blog.saocamilo-sp.br\\\/index.php\\\/2024\\\/10\\\/03\\\/sao-camilo-abre-inscricoes-para-vestibular-de-cursos-presenciais\\\/\"},\"author\":{\"name\":\"Christopher Oliveira dos Reis\",\"@id\":\"https:\\\/\\\/blog.saocamilo-sp.br\\\/#\\\/schema\\\/person\\\/7dce5f342af0848eb2f06778b2737904\"},\"headline\":\"S\u00e3o Camilo abre inscri\u00e7\u00f5es para Vestibular de cursos presenciais\",\"datePublished\":\"2024-10-03T21:47:08+00:00\",\"dateModified\":\"2024-10-03T21:50:25+00:00\",\"mainEntityOfPage\":{\"@id\":\"https:\\\/\\\/blog.saocamilo-sp.br\\\/index.php\\\/2024\\\/10\\\/03\\\/sao-camilo-abre-inscricoes-para-vestibular-de-cursos-presenciais\\\/\"},\"wordCount\":712,\"commentCount\":0,\"publisher\":{\"@id\":\"https:\\\/\\\/blog.saocamilo-sp.br\\\/#organization\"},\"image\":{\"@id\":\"https:\\\/\\\/blog.saocamilo-sp.br\\\/index.php\\\/2024\\\/10\\\/03\\\/sao-camilo-abre-inscricoes-para-vestibular-de-cursos-presenciais\\\/#primaryimage\"},\"thumbnailUrl\":\"https:\\\/\\\/blog.saocamilo-sp.br\\\/wp-content\\\/uploads\\\/2024\\\/10\\\/Sao-Camilo-Abre-Inscricoes-para-Vestibular-de-Cursos-Presenciais.png\",\"keywords\":[\"Vestibular\"],\"articleSection\":[\"Vestibular\"],\"inLanguage\":\"pt-BR\",\"potentialAction\":[{\"@type\":\"CommentAction\",\"name\":\"Comment\",\"target\":[\"https:\\\/\\\/blog.saocamilo-sp.br\\\/index.php\\\/2024\\\/10\\\/03\\\/sao-camilo-abre-inscricoes-para-vestibular-de-cursos-presenciais\\\/#respond\"]}]},{\"@type\":\"WebPage\",\"@id\":\"https:\\\/\\\/blog.saocamilo-sp.br\\\/index.php\\\/2024\\\/10\\\/03\\\/sao-camilo-abre-inscricoes-para-vestibular-de-cursos-presenciais\\\/\",\"url\":\"https:\\\/\\\/blog.saocamilo-sp.br\\\/index.php\\\/2024\\\/10\\\/03\\\/sao-camilo-abre-inscricoes-para-vestibular-de-cursos-presenciais\\\/\",\"name\":\"S\u00e3o Camilo abre inscri\u00e7\u00f5es para Vestibular de cursos presenciais\",\"isPartOf\":{\"@id\":\"https:\\\/\\\/blog.saocamilo-sp.br\\\/#website\"},\"primaryImageOfPage\":{\"@id\":\"https:\\\/\\\/blog.saocamilo-sp.br\\\/index.php\\\/2024\\\/10\\\/03\\\/sao-camilo-abre-inscricoes-para-vestibular-de-cursos-presenciais\\\/#primaryimage\"},\"image\":{\"@id\":\"https:\\\/\\\/blog.saocamilo-sp.br\\\/index.php\\\/2024\\\/10\\\/03\\\/sao-camilo-abre-inscricoes-para-vestibular-de-cursos-presenciais\\\/#primaryimage\"},\"thumbnailUrl\":\"https:\\\/\\\/blog.saocamilo-sp.br\\\/wp-content\\\/uploads\\\/2024\\\/10\\\/Sao-Camilo-Abre-Inscricoes-para-Vestibular-de-Cursos-Presenciais.png\",\"datePublished\":\"2024-10-03T21:47:08+00:00\",\"dateModified\":\"2024-10-03T21:50:25+00:00\",\"description\":\"Vertibular: na modalidade presencial s\u00e3o oferecidos cursos em seis \u00e1reas da sa\u00fade, com in\u00edcio no primeiro semestre de 2025.\",\"breadcrumb\":{\"@id\":\"https:\\\/\\\/blog.saocamilo-sp.br\\\/index.php\\\/2024\\\/10\\\/03\\\/sao-camilo-abre-inscricoes-para-vestibular-de-cursos-presenciais\\\/#breadcrumb\"},\"inLanguage\":\"pt-BR\",\"potentialAction\":[{\"@type\":\"ReadAction\",\"target\":[\"https:\\\/\\\/blog.saocamilo-sp.br\\\/index.php\\\/2024\\\/10\\\/03\\\/sao-camilo-abre-inscricoes-para-vestibular-de-cursos-presenciais\\\/\"]}]},{\"@type\":\"ImageObject\",\"inLanguage\":\"pt-BR\",\"@id\":\"https:\\\/\\\/blog.saocamilo-sp.br\\\/index.php\\\/2024\\\/10\\\/03\\\/sao-camilo-abre-inscricoes-para-vestibular-de-cursos-presenciais\\\/#primaryimage\",\"url\":\"https:\\\/\\\/blog.saocamilo-sp.br\\\/wp-content\\\/uploads\\\/2024\\\/10\\\/Sao-Camilo-Abre-Inscricoes-para-Vestibular-de-Cursos-Presenciais.png\",\"contentUrl\":\"https:\\\/\\\/blog.saocamilo-sp.br\\\/wp-content\\\/uploads\\\/2024\\\/10\\\/Sao-Camilo-Abre-Inscricoes-para-Vestibular-de-Cursos-Presenciais.png\",\"width\":768,\"height\":512,\"caption\":\"S\u00e3o Camilo Abre Inscri\u00e7\u00f5es para Vestibular de Cursos Presenciais\"},{\"@type\":\"BreadcrumbList\",\"@id\":\"https:\\\/\\\/blog.saocamilo-sp.br\\\/index.php\\\/2024\\\/10\\\/03\\\/sao-camilo-abre-inscricoes-para-vestibular-de-cursos-presenciais\\\/#breadcrumb\",\"itemListElement\":[{\"@type\":\"ListItem\",\"position\":1,\"name\":\"In\u00edcio\",\"item\":\"https:\\\/\\\/blog.saocamilo-sp.br\\\/\"},{\"@type\":\"ListItem\",\"position\":2,\"name\":\"S\u00e3o Camilo abre inscri\u00e7\u00f5es para Vestibular de cursos presenciais\"}]},{\"@type\":\"WebSite\",\"@id\":\"https:\\\/\\\/blog.saocamilo-sp.br\\\/#website\",\"url\":\"https:\\\/\\\/blog.saocamilo-sp.br\\\/\",\"name\":\"Blog S\u00e3o Camilo\",\"description\":\"Blog do Centro Universit\u00e1rio S\u00e3o Camilo\",\"publisher\":{\"@id\":\"https:\\\/\\\/blog.saocamilo-sp.br\\\/#organization\"},\"potentialAction\":[{\"@type\":\"SearchAction\",\"target\":{\"@type\":\"EntryPoint\",\"urlTemplate\":\"https:\\\/\\\/blog.saocamilo-sp.br\\\/?s={search_term_string}\"},\"query-input\":{\"@type\":\"PropertyValueSpecification\",\"valueRequired\":true,\"valueName\":\"search_term_string\"}}],\"inLanguage\":\"pt-BR\"},{\"@type\":\"Organization\",\"@id\":\"https:\\\/\\\/blog.saocamilo-sp.br\\\/#organization\",\"name\":\"Blog S\u00e3o Camilo\",\"url\":\"https:\\\/\\\/blog.saocamilo-sp.br\\\/\",\"logo\":{\"@type\":\"ImageObject\",\"inLanguage\":\"pt-BR\",\"@id\":\"https:\\\/\\\/blog.saocamilo-sp.br\\\/#\\\/schema\\\/logo\\\/image\\\/\",\"url\":\"https:\\\/\\\/blog.saocamilo-sp.br\\\/wp-content\\\/uploads\\\/2021\\\/12\\\/cropped-vazio-logo-topo.png\",\"contentUrl\":\"https:\\\/\\\/blog.saocamilo-sp.br\\\/wp-content\\\/uploads\\\/2021\\\/12\\\/cropped-vazio-logo-topo.png\",\"width\":320,\"height\":240,\"caption\":\"Blog S\u00e3o Camilo\"},\"image\":{\"@id\":\"https:\\\/\\\/blog.saocamilo-sp.br\\\/#\\\/schema\\\/logo\\\/image\\\/\"},\"sameAs\":[\"https:\\\/\\\/www.facebook.com\\\/saocamilosp\",\"https:\\\/\\\/x.com\\\/saocamilosp\",\"https:\\\/\\\/www.linkedin.com\\\/school\\\/centro-universit-rio-s-o-camilo\\\/\"]},{\"@type\":\"Person\",\"@id\":\"https:\\\/\\\/blog.saocamilo-sp.br\\\/#\\\/schema\\\/person\\\/7dce5f342af0848eb2f06778b2737904\",\"name\":\"Christopher Oliveira dos Reis\",\"image\":{\"@type\":\"ImageObject\",\"inLanguage\":\"pt-BR\",\"@id\":\"https:\\\/\\\/secure.gravatar.com\\\/avatar\\\/b09a1361215d06f22999124838358b6855376e2b7287de883b723960b0c03f82?s=96&d=mm&r=g\",\"url\":\"https:\\\/\\\/secure.gravatar.com\\\/avatar\\\/b09a1361215d06f22999124838358b6855376e2b7287de883b723960b0c03f82?s=96&d=mm&r=g\",\"contentUrl\":\"https:\\\/\\\/secure.gravatar.com\\\/avatar\\\/b09a1361215d06f22999124838358b6855376e2b7287de883b723960b0c03f82?s=96&d=mm&r=g\",\"caption\":\"Christopher Oliveira dos Reis\"},\"url\":\"https:\\\/\\\/blog.saocamilo-sp.br\\\/index.php\\\/author\\\/christopher-reis\\\/\"}]}<\/script>\n<!-- \/ Yoast SEO plugin. -->","yoast_head_json":{"title":"S\u00e3o Camilo abre inscri\u00e7\u00f5es para Vestibular de cursos presenciais","description":"Vertibular: na modalidade presencial s\u00e3o oferecidos cursos em seis \u00e1reas da sa\u00fade, com in\u00edcio no primeiro semestre de 2025.","robots":{"index":"index","follow":"follow","max-snippet":"max-snippet:-1","max-image-preview":"max-image-preview:large","max-video-preview":"max-video-preview:-1"},"canonical":"https:\/\/blog.saocamilo-sp.br\/index.php\/2024\/10\/03\/sao-camilo-abre-inscricoes-para-vestibular-de-cursos-presenciais\/","og_locale":"pt_BR","og_type":"article","og_title":"S\u00e3o Camilo abre inscri\u00e7\u00f5es para Vestibular de cursos presenciais","og_description":"Vertibular: na modalidade presencial s\u00e3o oferecidos cursos em seis \u00e1reas da sa\u00fade, com in\u00edcio no primeiro semestre de 2025.","og_url":"https:\/\/blog.saocamilo-sp.br\/index.php\/2024\/10\/03\/sao-camilo-abre-inscricoes-para-vestibular-de-cursos-presenciais\/","og_site_name":"Blog S\u00e3o Camilo","article_publisher":"https:\/\/www.facebook.com\/saocamilosp","article_published_time":"2024-10-03T21:47:08+00:00","article_modified_time":"2024-10-03T21:50:25+00:00","og_image":[{"width":768,"height":512,"url":"https:\/\/blog.saocamilo-sp.br\/wp-content\/uploads\/2024\/10\/Sao-Camilo-Abre-Inscricoes-para-Vestibular-de-Cursos-Presenciais.png","type":"image\/png"}],"author":"Christopher Oliveira dos Reis","twitter_card":"summary_large_image","twitter_creator":"@saocamilosp","twitter_site":"@saocamilosp","twitter_misc":{"Escrito por":"Christopher Oliveira dos Reis","Est. tempo de leitura":"4 minutos"},"schema":{"@context":"https:\/\/schema.org","@graph":[{"@type":"Article","@id":"https:\/\/blog.saocamilo-sp.br\/index.php\/2024\/10\/03\/sao-camilo-abre-inscricoes-para-vestibular-de-cursos-presenciais\/#article","isPartOf":{"@id":"https:\/\/blog.saocamilo-sp.br\/index.php\/2024\/10\/03\/sao-camilo-abre-inscricoes-para-vestibular-de-cursos-presenciais\/"},"author":{"name":"Christopher Oliveira dos Reis","@id":"https:\/\/blog.saocamilo-sp.br\/#\/schema\/person\/7dce5f342af0848eb2f06778b2737904"},"headline":"S\u00e3o Camilo abre inscri\u00e7\u00f5es para Vestibular de cursos presenciais","datePublished":"2024-10-03T21:47:08+00:00","dateModified":"2024-10-03T21:50:25+00:00","mainEntityOfPage":{"@id":"https:\/\/blog.saocamilo-sp.br\/index.php\/2024\/10\/03\/sao-camilo-abre-inscricoes-para-vestibular-de-cursos-presenciais\/"},"wordCount":712,"commentCount":0,"publisher":{"@id":"https:\/\/blog.saocamilo-sp.br\/#organization"},"image":{"@id":"https:\/\/blog.saocamilo-sp.br\/index.php\/2024\/10\/03\/sao-camilo-abre-inscricoes-para-vestibular-de-cursos-presenciais\/#primaryimage"},"thumbnailUrl":"https:\/\/blog.saocamilo-sp.br\/wp-content\/uploads\/2024\/10\/Sao-Camilo-Abre-Inscricoes-para-Vestibular-de-Cursos-Presenciais.png","keywords":["Vestibular"],"articleSection":["Vestibular"],"inLanguage":"pt-BR","potentialAction":[{"@type":"CommentAction","name":"Comment","target":["https:\/\/blog.saocamilo-sp.br\/index.php\/2024\/10\/03\/sao-camilo-abre-inscricoes-para-vestibular-de-cursos-presenciais\/#respond"]}]},{"@type":"WebPage","@id":"https:\/\/blog.saocamilo-sp.br\/index.php\/2024\/10\/03\/sao-camilo-abre-inscricoes-para-vestibular-de-cursos-presenciais\/","url":"https:\/\/blog.saocamilo-sp.br\/index.php\/2024\/10\/03\/sao-camilo-abre-inscricoes-para-vestibular-de-cursos-presenciais\/","name":"S\u00e3o Camilo abre inscri\u00e7\u00f5es para Vestibular de cursos presenciais","isPartOf":{"@id":"https:\/\/blog.saocamilo-sp.br\/#website"},"primaryImageOfPage":{"@id":"https:\/\/blog.saocamilo-sp.br\/index.php\/2024\/10\/03\/sao-camilo-abre-inscricoes-para-vestibular-de-cursos-presenciais\/#primaryimage"},"image":{"@id":"https:\/\/blog.saocamilo-sp.br\/index.php\/2024\/10\/03\/sao-camilo-abre-inscricoes-para-vestibular-de-cursos-presenciais\/#primaryimage"},"thumbnailUrl":"https:\/\/blog.saocamilo-sp.br\/wp-content\/uploads\/2024\/10\/Sao-Camilo-Abre-Inscricoes-para-Vestibular-de-Cursos-Presenciais.png","datePublished":"2024-10-03T21:47:08+00:00","dateModified":"2024-10-03T21:50:25+00:00","description":"Vertibular: na modalidade presencial s\u00e3o oferecidos cursos em seis \u00e1reas da sa\u00fade, com in\u00edcio no primeiro semestre de 2025.","breadcrumb":{"@id":"https:\/\/blog.saocamilo-sp.br\/index.php\/2024\/10\/03\/sao-camilo-abre-inscricoes-para-vestibular-de-cursos-presenciais\/#breadcrumb"},"inLanguage":"pt-BR","potentialAction":[{"@type":"ReadAction","target":["https:\/\/blog.saocamilo-sp.br\/index.php\/2024\/10\/03\/sao-camilo-abre-inscricoes-para-vestibular-de-cursos-presenciais\/"]}]},{"@type":"ImageObject","inLanguage":"pt-BR","@id":"https:\/\/blog.saocamilo-sp.br\/index.php\/2024\/10\/03\/sao-camilo-abre-inscricoes-para-vestibular-de-cursos-presenciais\/#primaryimage","url":"https:\/\/blog.saocamilo-sp.br\/wp-content\/uploads\/2024\/10\/Sao-Camilo-Abre-Inscricoes-para-Vestibular-de-Cursos-Presenciais.png","contentUrl":"https:\/\/blog.saocamilo-sp.br\/wp-content\/uploads\/2024\/10\/Sao-Camilo-Abre-Inscricoes-para-Vestibular-de-Cursos-Presenciais.png","width":768,"height":512,"caption":"S\u00e3o Camilo Abre Inscri\u00e7\u00f5es para Vestibular de Cursos Presenciais"},{"@type":"BreadcrumbList","@id":"https:\/\/blog.saocamilo-sp.br\/index.php\/2024\/10\/03\/sao-camilo-abre-inscricoes-para-vestibular-de-cursos-presenciais\/#breadcrumb","itemListElement":[{"@type":"ListItem","position":1,"name":"In\u00edcio","item":"https:\/\/blog.saocamilo-sp.br\/"},{"@type":"ListItem","position":2,"name":"S\u00e3o Camilo abre inscri\u00e7\u00f5es para Vestibular de cursos presenciais"}]},{"@type":"WebSite","@id":"https:\/\/blog.saocamilo-sp.br\/#website","url":"https:\/\/blog.saocamilo-sp.br\/","name":"Blog S\u00e3o Camilo","description":"Blog do Centro Universit\u00e1rio S\u00e3o Camilo","publisher":{"@id":"https:\/\/blog.saocamilo-sp.br\/#organization"},"potentialAction":[{"@type":"SearchAction","target":{"@type":"EntryPoint","urlTemplate":"https:\/\/blog.saocamilo-sp.br\/?s={search_term_string}"},"query-input":{"@type":"PropertyValueSpecification","valueRequired":true,"valueName":"search_term_string"}}],"inLanguage":"pt-BR"},{"@type":"Organization","@id":"https:\/\/blog.saocamilo-sp.br\/#organization","name":"Blog S\u00e3o Camilo","url":"https:\/\/blog.saocamilo-sp.br\/","logo":{"@type":"ImageObject","inLanguage":"pt-BR","@id":"https:\/\/blog.saocamilo-sp.br\/#\/schema\/logo\/image\/","url":"https:\/\/blog.saocamilo-sp.br\/wp-content\/uploads\/2021\/12\/cropped-vazio-logo-topo.png","contentUrl":"https:\/\/blog.saocamilo-sp.br\/wp-content\/uploads\/2021\/12\/cropped-vazio-logo-topo.png","width":320,"height":240,"caption":"Blog S\u00e3o Camilo"},"image":{"@id":"https:\/\/blog.saocamilo-sp.br\/#\/schema\/logo\/image\/"},"sameAs":["https:\/\/www.facebook.com\/saocamilosp","https:\/\/x.com\/saocamilosp","https:\/\/www.linkedin.com\/school\/centro-universit-rio-s-o-camilo\/"]},{"@type":"Person","@id":"https:\/\/blog.saocamilo-sp.br\/#\/schema\/person\/7dce5f342af0848eb2f06778b2737904","name":"Christopher Oliveira dos Reis","image":{"@type":"ImageObject","inLanguage":"pt-BR","@id":"https:\/\/secure.gravatar.com\/avatar\/b09a1361215d06f22999124838358b6855376e2b7287de883b723960b0c03f82?s=96&d=mm&r=g","url":"https:\/\/secure.gravatar.com\/avatar\/b09a1361215d06f22999124838358b6855376e2b7287de883b723960b0c03f82?s=96&d=mm&r=g","contentUrl":"https:\/\/secure.gravatar.com\/avatar\/b09a1361215d06f22999124838358b6855376e2b7287de883b723960b0c03f82?s=96&d=mm&r=g","caption":"Christopher Oliveira dos Reis"},"url":"https:\/\/blog.saocamilo-sp.br\/index.php\/author\/christopher-reis\/"}]}},"_links":{"self":[{"href":"https:\/\/blog.saocamilo-sp.br\/index.php\/wp-json\/wp\/v2\/posts\/3083","targetHints":{"allow":["GET"]}}],"collection":[{"href":"https:\/\/blog.saocamilo-sp.br\/index.php\/wp-json\/wp\/v2\/posts"}],"about":[{"href":"https:\/\/blog.saocamilo-sp.br\/index.php\/wp-json\/wp\/v2\/types\/post"}],"author":[{"embeddable":true,"href":"https:\/\/blog.saocamilo-sp.br\/index.php\/wp-json\/wp\/v2\/users\/11"}],"replies":[{"embeddable":true,"href":"https:\/\/blog.saocamilo-sp.br\/index.php\/wp-json\/wp\/v2\/comments?post=3083"}],"version-history":[{"count":4,"href":"https:\/\/blog.saocamilo-sp.br\/index.php\/wp-json\/wp\/v2\/posts\/3083\/revisions"}],"predecessor-version":[{"id":3096,"href":"https:\/\/blog.saocamilo-sp.br\/index.php\/wp-json\/wp\/v2\/posts\/3083\/revisions\/3096"}],"wp:featuredmedia":[{"embeddable":true,"href":"https:\/\/blog.saocamilo-sp.br\/index.php\/wp-json\/wp\/v2\/media\/3095"}],"wp:attachment":[{"href":"https:\/\/blog.saocamilo-sp.br\/index.php\/wp-json\/wp\/v2\/media?parent=3083"}],"wp:term":[{"taxonomy":"category","embeddable":true,"href":"https:\/\/blog.saocamilo-sp.br\/index.php\/wp-json\/wp\/v2\/categories?post=3083"},{"taxonomy":"post_tag","embeddable":true,"href":"https:\/\/blog.saocamilo-sp.br\/index.php\/wp-json\/wp\/v2\/tags?post=3083"}],"curies":[{"name":"wp","href":"https:\/\/api.w.org\/{rel}","templated":true}]}}