{"id":3109,"date":"2024-10-11T11:54:21","date_gmt":"2024-10-11T14:54:21","guid":{"rendered":"https:\/\/blog.saocamilo-sp.br\/?p=3109"},"modified":"2024-10-11T11:54:23","modified_gmt":"2024-10-11T14:54:23","slug":"sao-camilo-abre-inscricoes-para-vestibular-de-cursos-a-distancia","status":"publish","type":"post","link":"https:\/\/blog.saocamilo-sp.br\/index.php\/2024\/10\/11\/sao-camilo-abre-inscricoes-para-vestibular-de-cursos-a-distancia\/","title":{"rendered":"S\u00e3o Camilo abre inscri\u00e7\u00f5es para vestibular de cursos a dist\u00e2ncia"},"content":{"rendered":"\n<h3 class=\"wp-block-heading\"><strong>S\u00e3o oferecidos 6 cursos em 14 polos presenciais<\/strong><\/h3>\n\n\n\n<p>S\u00e3o oferecidos 6 cursos em 14 polos presenciais. Na modalidade EAD, o MEC avaliou os cursos de gradua\u00e7\u00e3o da institui\u00e7\u00e3o com nota 5, o mais alto \u00edndice de qualidade. As gradua\u00e7\u00f5es dispon\u00edveis incluem Administra\u00e7\u00e3o, Gest\u00e3o Comercial, Gest\u00e3o Hospitalar, Marketing, Gest\u00e3o de Recursos Humanos e Pedagogia. Os estudantes t\u00eam acesso a 14 polos de apoio presencial, localizados em Macap\u00e1 (AP), Fortaleza (CE), Itapipoca (CE), Juazeiro (CE), Tau\u00e1 (CE), Tingu\u00e1 (CE), Crate\u00fas (CE), Cachoeiro do Itapemirim (ES), Santar\u00e9m (PA), Encantado (RS) e na Grande S\u00e3o Paulo, incluindo ABC, Ipiranga, Pompeia e Tatuap\u00e9.<\/p>\n\n\n\n<h3 class=\"wp-block-heading\"><strong>Inscri\u00e7\u00f5es<\/strong><\/h3>\n\n\n\n<p>As inscri\u00e7\u00f5es ocorrem de 1\u00ba de outubro de 2024 a 28 de fevereiro de 2025 pelo site <a href=\"https:\/\/saocamilo-sp.br\/vestibular\">https:\/\/saocamilo-sp.br\/vestibular<\/a>.<\/p>\n\n\n\n<h3 class=\"wp-block-heading\"><strong>Crit\u00e9rios de Sele\u00e7\u00e3o<\/strong><\/h3>\n\n\n\n<p>Os candidatos ser\u00e3o admitidos por meio de quatro crit\u00e9rios:<\/p>\n\n\n\n<ol class=\"wp-block-list\">\n<li><strong>Aproveitamento da Nota do ENEM<\/strong>: Para bacharelados, \u00e9 necess\u00e1rio ter no m\u00ednimo 450 pontos na m\u00e9dia das quatro notas da prova objetiva e n\u00e3o ter zerado a reda\u00e7\u00e3o. Para cursos tecnol\u00f3gicos e licenciaturas (presenciais e EAD), a m\u00e9dia m\u00ednima \u00e9 de 400 pontos, tamb\u00e9m sem reda\u00e7\u00e3o zerada.<\/li>\n\n\n\n<li><strong>Reda\u00e7\u00e3o Agendada<\/strong>: Os candidatos que optarem por essa modalidade far\u00e3o uma reda\u00e7\u00e3o presencial em um dos campi ou polos, em data escolhida dentre as op\u00e7\u00f5es dispon\u00edveis.<\/li>\n\n\n\n<li><strong>Aproveitamento de Processos Seletivos Anteriores<\/strong>: Essa op\u00e7\u00e3o \u00e9 exclusiva para quem participou das edi\u00e7\u00f5es de 2024\/1 e 2024\/2, permitindo usar o resultado final sem realizar nova prova.<\/li>\n\n\n\n<li><strong>Processo Seletivo Internacional<\/strong>: As notas do IB \u2013 International Baccalaureate Diploma obtidas desde 2017 ser\u00e3o aceitas, com \u00edndice igual ou superior a 24 pontos. O candidato deve inscrever-se conforme os prazos estabelecidos e, ap\u00f3s o pagamento da taxa, enviar a c\u00f3pia do sum\u00e1rio dos resultados para o e-mail <a>sg@saocamilosp.br<\/a>.<\/li>\n<\/ol>\n\n\n\n<h3 class=\"wp-block-heading\"><strong>Inscri\u00e7\u00f5es Online<\/strong><\/h3>\n\n\n\n<p>Para todas as modalidades, as inscri\u00e7\u00f5es s\u00e3o feitas pela internet no site <a href=\"https:\/\/saocamilo-sp.br\/vestibular\">https:\/\/saocamilo-sp.br\/vestibular<\/a>. O candidato deve preencher o formul\u00e1rio e emitir o boleto banc\u00e1rio para pagamento da taxa.<\/p>\n\n\n\n<h3 class=\"wp-block-heading\"><strong>Taxas de Inscri\u00e7\u00e3o<\/strong><\/h3>\n\n\n\n<p>N\u00e3o h\u00e1 taxa de inscri\u00e7\u00e3o para candidatos que utilizam a nota do ENEM ou aproveitam processos seletivos anteriores. No entanto, os que optarem pela sele\u00e7\u00e3o agendada ou internacional devem pagar uma taxa de R$ 40,00.<\/p>\n\n\n\n<h3 class=\"wp-block-heading\"><strong>Sobre o Centro Universit\u00e1rio S\u00e3o Camilo<\/strong><\/h3>\n\n\n\n<p>Fundado em 1975, o <a href=\"https:\/\/saocamilo-sp.br\/\">Centro Universit\u00e1rio S\u00e3o Camilo<\/a> come\u00e7ou com cursos t\u00e9cnicos na \u00e1rea da Sa\u00fade. Em 1976, lan\u00e7ou os primeiros cursos superiores, como a Faculdade de Nutri\u00e7\u00e3o, a primeira do g\u00eanero na cidade de S\u00e3o Paulo. Desde ent\u00e3o, a institui\u00e7\u00e3o ampliou sua oferta de cursos. Atualmente, conta com dois campi em S\u00e3o Paulo e 14 polos de ensino a dist\u00e2ncia, promovendo educa\u00e7\u00e3o de excel\u00eancia em todo o Brasil.<\/p>\n\n\n\n<p><strong>Mais Informa\u00e7\u00f5es<\/strong><\/p>\n\n\n\n<p>Site: <a href=\"http:\/\/www.saocamilo-sp.br\">www.saocamilo-sp.br<\/a><br>Telefone: 0300 017 8585.<\/p>\n\n\n\n<p><strong>Veja tamb\u00e9m<\/strong>:<\/p>\n\n\n\n<ul class=\"wp-block-list\">\n<li><a href=\"https:\/\/blog.saocamilo-sp.br\/index.php\/2024\/10\/03\/sao-camilo-abre-inscricoes-para-vestibular-de-cursos-presenciais\/\">S\u00e3o Camilo abre inscri\u00e7\u00f5es para Vestibular de cursos presenciais<\/a><\/li>\n\n\n\n<li><a href=\"https:\/\/blog.saocamilo-sp.br\/index.php\/2024\/05\/24\/centro-universitario-sao-camilo-conquista-o-selo-ies-amiga-da-iniciacao-cientifica-do-semesp\/\">Centro Universit\u00e1rio S\u00e3o Camilo Conquista o Selo \u201cIES Amiga da Inicia\u00e7\u00e3o Cient\u00edfica\u201d do SEMESP<\/a><\/li>\n\n\n\n<li><a href=\"https:\/\/blog.saocamilo-sp.br\/index.php\/2024\/09\/27\/ipiranga-tradicao-historia-e-modernidade\/\">Ipiranga: tradi\u00e7\u00e3o, hist\u00f3ria e modernidade<\/a><\/li>\n<\/ul>\n\n\n\n<p><\/p>\n\n\n\n<p>Saiba mais sobre nossos cursos:<\/p>\n\n\n\n<iframe loading=\"lazy\" src=\"https:\/\/saocamilo.apprbs.com.br\/tenho-interesse-blog\" height=\"530px\" width=\"100%\" frameborder=\"0\"><\/iframe>\n","protected":false},"excerpt":{"rendered":"<p>Centro Universit\u00e1rio S\u00e3o Camilo oferece 6 cursos de gradua\u00e7\u00e3o em 14 polos e EAD. Inscri\u00e7\u00f5es ate 28 de fevereiro de 2025. Confira!<\/p>\n","protected":false},"author":11,"featured_media":3112,"comment_status":"open","ping_status":"open","sticky":false,"template":"","format":"standard","meta":{"cybocfi_hide_featured_image":"","footnotes":""},"categories":[1],"tags":[],"class_list":["post-3109","post","type-post","status-publish","format-standard","has-post-thumbnail","hentry","category-cursos"],"yoast_head":"<!-- This site is optimized with the Yoast SEO plugin v27.5 - https:\/\/yoast.com\/product\/yoast-seo-wordpress\/ -->\n<title>S\u00e3o Camilo abre inscri\u00e7\u00f5es para vestibular de cursos a dist\u00e2ncia - Blog S\u00e3o Camilo<\/title>\n<meta name=\"description\" content=\"Centro Universit\u00e1rio S\u00e3o Camilo oferece 6 cursos de gradua\u00e7\u00e3o em 14 polos e EAD. Inscri\u00e7\u00f5es ate 28 de fevereiro de 2025. Confira!\" \/>\n<meta name=\"robots\" content=\"index, follow, max-snippet:-1, max-image-preview:large, max-video-preview:-1\" \/>\n<link rel=\"canonical\" href=\"https:\/\/blog.saocamilo-sp.br\/index.php\/2024\/10\/11\/sao-camilo-abre-inscricoes-para-vestibular-de-cursos-a-distancia\/\" \/>\n<meta property=\"og:locale\" content=\"pt_BR\" \/>\n<meta property=\"og:type\" content=\"article\" \/>\n<meta property=\"og:title\" content=\"S\u00e3o Camilo abre inscri\u00e7\u00f5es para vestibular de cursos a dist\u00e2ncia - Blog S\u00e3o Camilo\" \/>\n<meta property=\"og:description\" content=\"Centro Universit\u00e1rio S\u00e3o Camilo oferece 6 cursos de gradua\u00e7\u00e3o em 14 polos e EAD. Inscri\u00e7\u00f5es ate 28 de fevereiro de 2025. Confira!\" \/>\n<meta property=\"og:url\" content=\"https:\/\/blog.saocamilo-sp.br\/index.php\/2024\/10\/11\/sao-camilo-abre-inscricoes-para-vestibular-de-cursos-a-distancia\/\" \/>\n<meta property=\"og:site_name\" content=\"Blog S\u00e3o Camilo\" \/>\n<meta property=\"article:publisher\" content=\"https:\/\/www.facebook.com\/saocamilosp\" \/>\n<meta property=\"article:published_time\" content=\"2024-10-11T14:54:21+00:00\" \/>\n<meta property=\"article:modified_time\" content=\"2024-10-11T14:54:23+00:00\" \/>\n<meta property=\"og:image\" content=\"https:\/\/blog.saocamilo-sp.br\/wp-content\/uploads\/2024\/10\/1106.24_Banner_300x250_CAMPANHA_EAD_v1.png\" \/>\n\t<meta property=\"og:image:width\" content=\"300\" \/>\n\t<meta property=\"og:image:height\" content=\"250\" \/>\n\t<meta property=\"og:image:type\" content=\"image\/png\" \/>\n<meta name=\"author\" content=\"Christopher Oliveira dos Reis\" \/>\n<meta name=\"twitter:card\" content=\"summary_large_image\" \/>\n<meta name=\"twitter:creator\" content=\"@saocamilosp\" \/>\n<meta name=\"twitter:site\" content=\"@saocamilosp\" \/>\n<meta name=\"twitter:label1\" content=\"Escrito por\" \/>\n\t<meta name=\"twitter:data1\" content=\"Christopher Oliveira dos Reis\" \/>\n\t<meta name=\"twitter:label2\" content=\"Est. tempo de leitura\" \/>\n\t<meta name=\"twitter:data2\" content=\"3 minutos\" \/>\n<script type=\"application\/ld+json\" class=\"yoast-schema-graph\">{\"@context\":\"https:\\\/\\\/schema.org\",\"@graph\":[{\"@type\":\"Article\",\"@id\":\"https:\\\/\\\/blog.saocamilo-sp.br\\\/index.php\\\/2024\\\/10\\\/11\\\/sao-camilo-abre-inscricoes-para-vestibular-de-cursos-a-distancia\\\/#article\",\"isPartOf\":{\"@id\":\"https:\\\/\\\/blog.saocamilo-sp.br\\\/index.php\\\/2024\\\/10\\\/11\\\/sao-camilo-abre-inscricoes-para-vestibular-de-cursos-a-distancia\\\/\"},\"author\":{\"name\":\"Christopher Oliveira dos Reis\",\"@id\":\"https:\\\/\\\/blog.saocamilo-sp.br\\\/#\\\/schema\\\/person\\\/7dce5f342af0848eb2f06778b2737904\"},\"headline\":\"S\u00e3o Camilo abre inscri\u00e7\u00f5es para vestibular de cursos a dist\u00e2ncia\",\"datePublished\":\"2024-10-11T14:54:21+00:00\",\"dateModified\":\"2024-10-11T14:54:23+00:00\",\"mainEntityOfPage\":{\"@id\":\"https:\\\/\\\/blog.saocamilo-sp.br\\\/index.php\\\/2024\\\/10\\\/11\\\/sao-camilo-abre-inscricoes-para-vestibular-de-cursos-a-distancia\\\/\"},\"wordCount\":537,\"commentCount\":0,\"publisher\":{\"@id\":\"https:\\\/\\\/blog.saocamilo-sp.br\\\/#organization\"},\"image\":{\"@id\":\"https:\\\/\\\/blog.saocamilo-sp.br\\\/index.php\\\/2024\\\/10\\\/11\\\/sao-camilo-abre-inscricoes-para-vestibular-de-cursos-a-distancia\\\/#primaryimage\"},\"thumbnailUrl\":\"https:\\\/\\\/blog.saocamilo-sp.br\\\/wp-content\\\/uploads\\\/2024\\\/10\\\/1106.24_Banner_300x250_CAMPANHA_EAD_v1.png\",\"articleSection\":[\"Cursos\"],\"inLanguage\":\"pt-BR\",\"potentialAction\":[{\"@type\":\"CommentAction\",\"name\":\"Comment\",\"target\":[\"https:\\\/\\\/blog.saocamilo-sp.br\\\/index.php\\\/2024\\\/10\\\/11\\\/sao-camilo-abre-inscricoes-para-vestibular-de-cursos-a-distancia\\\/#respond\"]}]},{\"@type\":\"WebPage\",\"@id\":\"https:\\\/\\\/blog.saocamilo-sp.br\\\/index.php\\\/2024\\\/10\\\/11\\\/sao-camilo-abre-inscricoes-para-vestibular-de-cursos-a-distancia\\\/\",\"url\":\"https:\\\/\\\/blog.saocamilo-sp.br\\\/index.php\\\/2024\\\/10\\\/11\\\/sao-camilo-abre-inscricoes-para-vestibular-de-cursos-a-distancia\\\/\",\"name\":\"S\u00e3o Camilo abre inscri\u00e7\u00f5es para vestibular de cursos a dist\u00e2ncia - Blog S\u00e3o Camilo\",\"isPartOf\":{\"@id\":\"https:\\\/\\\/blog.saocamilo-sp.br\\\/#website\"},\"primaryImageOfPage\":{\"@id\":\"https:\\\/\\\/blog.saocamilo-sp.br\\\/index.php\\\/2024\\\/10\\\/11\\\/sao-camilo-abre-inscricoes-para-vestibular-de-cursos-a-distancia\\\/#primaryimage\"},\"image\":{\"@id\":\"https:\\\/\\\/blog.saocamilo-sp.br\\\/index.php\\\/2024\\\/10\\\/11\\\/sao-camilo-abre-inscricoes-para-vestibular-de-cursos-a-distancia\\\/#primaryimage\"},\"thumbnailUrl\":\"https:\\\/\\\/blog.saocamilo-sp.br\\\/wp-content\\\/uploads\\\/2024\\\/10\\\/1106.24_Banner_300x250_CAMPANHA_EAD_v1.png\",\"datePublished\":\"2024-10-11T14:54:21+00:00\",\"dateModified\":\"2024-10-11T14:54:23+00:00\",\"description\":\"Centro Universit\u00e1rio S\u00e3o Camilo oferece 6 cursos de gradua\u00e7\u00e3o em 14 polos e EAD. Inscri\u00e7\u00f5es ate 28 de fevereiro de 2025. Confira!\",\"breadcrumb\":{\"@id\":\"https:\\\/\\\/blog.saocamilo-sp.br\\\/index.php\\\/2024\\\/10\\\/11\\\/sao-camilo-abre-inscricoes-para-vestibular-de-cursos-a-distancia\\\/#breadcrumb\"},\"inLanguage\":\"pt-BR\",\"potentialAction\":[{\"@type\":\"ReadAction\",\"target\":[\"https:\\\/\\\/blog.saocamilo-sp.br\\\/index.php\\\/2024\\\/10\\\/11\\\/sao-camilo-abre-inscricoes-para-vestibular-de-cursos-a-distancia\\\/\"]}]},{\"@type\":\"ImageObject\",\"inLanguage\":\"pt-BR\",\"@id\":\"https:\\\/\\\/blog.saocamilo-sp.br\\\/index.php\\\/2024\\\/10\\\/11\\\/sao-camilo-abre-inscricoes-para-vestibular-de-cursos-a-distancia\\\/#primaryimage\",\"url\":\"https:\\\/\\\/blog.saocamilo-sp.br\\\/wp-content\\\/uploads\\\/2024\\\/10\\\/1106.24_Banner_300x250_CAMPANHA_EAD_v1.png\",\"contentUrl\":\"https:\\\/\\\/blog.saocamilo-sp.br\\\/wp-content\\\/uploads\\\/2024\\\/10\\\/1106.24_Banner_300x250_CAMPANHA_EAD_v1.png\",\"width\":300,\"height\":250},{\"@type\":\"BreadcrumbList\",\"@id\":\"https:\\\/\\\/blog.saocamilo-sp.br\\\/index.php\\\/2024\\\/10\\\/11\\\/sao-camilo-abre-inscricoes-para-vestibular-de-cursos-a-distancia\\\/#breadcrumb\",\"itemListElement\":[{\"@type\":\"ListItem\",\"position\":1,\"name\":\"In\u00edcio\",\"item\":\"https:\\\/\\\/blog.saocamilo-sp.br\\\/\"},{\"@type\":\"ListItem\",\"position\":2,\"name\":\"S\u00e3o Camilo abre inscri\u00e7\u00f5es para vestibular de cursos a dist\u00e2ncia\"}]},{\"@type\":\"WebSite\",\"@id\":\"https:\\\/\\\/blog.saocamilo-sp.br\\\/#website\",\"url\":\"https:\\\/\\\/blog.saocamilo-sp.br\\\/\",\"name\":\"Blog S\u00e3o Camilo\",\"description\":\"Blog do Centro Universit\u00e1rio S\u00e3o Camilo\",\"publisher\":{\"@id\":\"https:\\\/\\\/blog.saocamilo-sp.br\\\/#organization\"},\"potentialAction\":[{\"@type\":\"SearchAction\",\"target\":{\"@type\":\"EntryPoint\",\"urlTemplate\":\"https:\\\/\\\/blog.saocamilo-sp.br\\\/?s={search_term_string}\"},\"query-input\":{\"@type\":\"PropertyValueSpecification\",\"valueRequired\":true,\"valueName\":\"search_term_string\"}}],\"inLanguage\":\"pt-BR\"},{\"@type\":\"Organization\",\"@id\":\"https:\\\/\\\/blog.saocamilo-sp.br\\\/#organization\",\"name\":\"Blog S\u00e3o Camilo\",\"url\":\"https:\\\/\\\/blog.saocamilo-sp.br\\\/\",\"logo\":{\"@type\":\"ImageObject\",\"inLanguage\":\"pt-BR\",\"@id\":\"https:\\\/\\\/blog.saocamilo-sp.br\\\/#\\\/schema\\\/logo\\\/image\\\/\",\"url\":\"https:\\\/\\\/blog.saocamilo-sp.br\\\/wp-content\\\/uploads\\\/2021\\\/12\\\/cropped-vazio-logo-topo.png\",\"contentUrl\":\"https:\\\/\\\/blog.saocamilo-sp.br\\\/wp-content\\\/uploads\\\/2021\\\/12\\\/cropped-vazio-logo-topo.png\",\"width\":320,\"height\":240,\"caption\":\"Blog S\u00e3o Camilo\"},\"image\":{\"@id\":\"https:\\\/\\\/blog.saocamilo-sp.br\\\/#\\\/schema\\\/logo\\\/image\\\/\"},\"sameAs\":[\"https:\\\/\\\/www.facebook.com\\\/saocamilosp\",\"https:\\\/\\\/x.com\\\/saocamilosp\",\"https:\\\/\\\/www.linkedin.com\\\/school\\\/centro-universit-rio-s-o-camilo\\\/\"]},{\"@type\":\"Person\",\"@id\":\"https:\\\/\\\/blog.saocamilo-sp.br\\\/#\\\/schema\\\/person\\\/7dce5f342af0848eb2f06778b2737904\",\"name\":\"Christopher Oliveira dos Reis\",\"image\":{\"@type\":\"ImageObject\",\"inLanguage\":\"pt-BR\",\"@id\":\"https:\\\/\\\/secure.gravatar.com\\\/avatar\\\/b09a1361215d06f22999124838358b6855376e2b7287de883b723960b0c03f82?s=96&d=mm&r=g\",\"url\":\"https:\\\/\\\/secure.gravatar.com\\\/avatar\\\/b09a1361215d06f22999124838358b6855376e2b7287de883b723960b0c03f82?s=96&d=mm&r=g\",\"contentUrl\":\"https:\\\/\\\/secure.gravatar.com\\\/avatar\\\/b09a1361215d06f22999124838358b6855376e2b7287de883b723960b0c03f82?s=96&d=mm&r=g\",\"caption\":\"Christopher Oliveira dos Reis\"},\"url\":\"https:\\\/\\\/blog.saocamilo-sp.br\\\/index.php\\\/author\\\/christopher-reis\\\/\"}]}<\/script>\n<!-- \/ Yoast SEO plugin. -->","yoast_head_json":{"title":"S\u00e3o Camilo abre inscri\u00e7\u00f5es para vestibular de cursos a dist\u00e2ncia - Blog S\u00e3o Camilo","description":"Centro Universit\u00e1rio S\u00e3o Camilo oferece 6 cursos de gradua\u00e7\u00e3o em 14 polos e EAD. Inscri\u00e7\u00f5es ate 28 de fevereiro de 2025. Confira!","robots":{"index":"index","follow":"follow","max-snippet":"max-snippet:-1","max-image-preview":"max-image-preview:large","max-video-preview":"max-video-preview:-1"},"canonical":"https:\/\/blog.saocamilo-sp.br\/index.php\/2024\/10\/11\/sao-camilo-abre-inscricoes-para-vestibular-de-cursos-a-distancia\/","og_locale":"pt_BR","og_type":"article","og_title":"S\u00e3o Camilo abre inscri\u00e7\u00f5es para vestibular de cursos a dist\u00e2ncia - Blog S\u00e3o Camilo","og_description":"Centro Universit\u00e1rio S\u00e3o Camilo oferece 6 cursos de gradua\u00e7\u00e3o em 14 polos e EAD. Inscri\u00e7\u00f5es ate 28 de fevereiro de 2025. Confira!","og_url":"https:\/\/blog.saocamilo-sp.br\/index.php\/2024\/10\/11\/sao-camilo-abre-inscricoes-para-vestibular-de-cursos-a-distancia\/","og_site_name":"Blog S\u00e3o Camilo","article_publisher":"https:\/\/www.facebook.com\/saocamilosp","article_published_time":"2024-10-11T14:54:21+00:00","article_modified_time":"2024-10-11T14:54:23+00:00","og_image":[{"width":300,"height":250,"url":"https:\/\/blog.saocamilo-sp.br\/wp-content\/uploads\/2024\/10\/1106.24_Banner_300x250_CAMPANHA_EAD_v1.png","type":"image\/png"}],"author":"Christopher Oliveira dos Reis","twitter_card":"summary_large_image","twitter_creator":"@saocamilosp","twitter_site":"@saocamilosp","twitter_misc":{"Escrito por":"Christopher Oliveira dos Reis","Est. tempo de leitura":"3 minutos"},"schema":{"@context":"https:\/\/schema.org","@graph":[{"@type":"Article","@id":"https:\/\/blog.saocamilo-sp.br\/index.php\/2024\/10\/11\/sao-camilo-abre-inscricoes-para-vestibular-de-cursos-a-distancia\/#article","isPartOf":{"@id":"https:\/\/blog.saocamilo-sp.br\/index.php\/2024\/10\/11\/sao-camilo-abre-inscricoes-para-vestibular-de-cursos-a-distancia\/"},"author":{"name":"Christopher Oliveira dos Reis","@id":"https:\/\/blog.saocamilo-sp.br\/#\/schema\/person\/7dce5f342af0848eb2f06778b2737904"},"headline":"S\u00e3o Camilo abre inscri\u00e7\u00f5es para vestibular de cursos a dist\u00e2ncia","datePublished":"2024-10-11T14:54:21+00:00","dateModified":"2024-10-11T14:54:23+00:00","mainEntityOfPage":{"@id":"https:\/\/blog.saocamilo-sp.br\/index.php\/2024\/10\/11\/sao-camilo-abre-inscricoes-para-vestibular-de-cursos-a-distancia\/"},"wordCount":537,"commentCount":0,"publisher":{"@id":"https:\/\/blog.saocamilo-sp.br\/#organization"},"image":{"@id":"https:\/\/blog.saocamilo-sp.br\/index.php\/2024\/10\/11\/sao-camilo-abre-inscricoes-para-vestibular-de-cursos-a-distancia\/#primaryimage"},"thumbnailUrl":"https:\/\/blog.saocamilo-sp.br\/wp-content\/uploads\/2024\/10\/1106.24_Banner_300x250_CAMPANHA_EAD_v1.png","articleSection":["Cursos"],"inLanguage":"pt-BR","potentialAction":[{"@type":"CommentAction","name":"Comment","target":["https:\/\/blog.saocamilo-sp.br\/index.php\/2024\/10\/11\/sao-camilo-abre-inscricoes-para-vestibular-de-cursos-a-distancia\/#respond"]}]},{"@type":"WebPage","@id":"https:\/\/blog.saocamilo-sp.br\/index.php\/2024\/10\/11\/sao-camilo-abre-inscricoes-para-vestibular-de-cursos-a-distancia\/","url":"https:\/\/blog.saocamilo-sp.br\/index.php\/2024\/10\/11\/sao-camilo-abre-inscricoes-para-vestibular-de-cursos-a-distancia\/","name":"S\u00e3o Camilo abre inscri\u00e7\u00f5es para vestibular de cursos a dist\u00e2ncia - Blog S\u00e3o Camilo","isPartOf":{"@id":"https:\/\/blog.saocamilo-sp.br\/#website"},"primaryImageOfPage":{"@id":"https:\/\/blog.saocamilo-sp.br\/index.php\/2024\/10\/11\/sao-camilo-abre-inscricoes-para-vestibular-de-cursos-a-distancia\/#primaryimage"},"image":{"@id":"https:\/\/blog.saocamilo-sp.br\/index.php\/2024\/10\/11\/sao-camilo-abre-inscricoes-para-vestibular-de-cursos-a-distancia\/#primaryimage"},"thumbnailUrl":"https:\/\/blog.saocamilo-sp.br\/wp-content\/uploads\/2024\/10\/1106.24_Banner_300x250_CAMPANHA_EAD_v1.png","datePublished":"2024-10-11T14:54:21+00:00","dateModified":"2024-10-11T14:54:23+00:00","description":"Centro Universit\u00e1rio S\u00e3o Camilo oferece 6 cursos de gradua\u00e7\u00e3o em 14 polos e EAD. Inscri\u00e7\u00f5es ate 28 de fevereiro de 2025. Confira!","breadcrumb":{"@id":"https:\/\/blog.saocamilo-sp.br\/index.php\/2024\/10\/11\/sao-camilo-abre-inscricoes-para-vestibular-de-cursos-a-distancia\/#breadcrumb"},"inLanguage":"pt-BR","potentialAction":[{"@type":"ReadAction","target":["https:\/\/blog.saocamilo-sp.br\/index.php\/2024\/10\/11\/sao-camilo-abre-inscricoes-para-vestibular-de-cursos-a-distancia\/"]}]},{"@type":"ImageObject","inLanguage":"pt-BR","@id":"https:\/\/blog.saocamilo-sp.br\/index.php\/2024\/10\/11\/sao-camilo-abre-inscricoes-para-vestibular-de-cursos-a-distancia\/#primaryimage","url":"https:\/\/blog.saocamilo-sp.br\/wp-content\/uploads\/2024\/10\/1106.24_Banner_300x250_CAMPANHA_EAD_v1.png","contentUrl":"https:\/\/blog.saocamilo-sp.br\/wp-content\/uploads\/2024\/10\/1106.24_Banner_300x250_CAMPANHA_EAD_v1.png","width":300,"height":250},{"@type":"BreadcrumbList","@id":"https:\/\/blog.saocamilo-sp.br\/index.php\/2024\/10\/11\/sao-camilo-abre-inscricoes-para-vestibular-de-cursos-a-distancia\/#breadcrumb","itemListElement":[{"@type":"ListItem","position":1,"name":"In\u00edcio","item":"https:\/\/blog.saocamilo-sp.br\/"},{"@type":"ListItem","position":2,"name":"S\u00e3o Camilo abre inscri\u00e7\u00f5es para vestibular de cursos a dist\u00e2ncia"}]},{"@type":"WebSite","@id":"https:\/\/blog.saocamilo-sp.br\/#website","url":"https:\/\/blog.saocamilo-sp.br\/","name":"Blog S\u00e3o Camilo","description":"Blog do Centro Universit\u00e1rio S\u00e3o Camilo","publisher":{"@id":"https:\/\/blog.saocamilo-sp.br\/#organization"},"potentialAction":[{"@type":"SearchAction","target":{"@type":"EntryPoint","urlTemplate":"https:\/\/blog.saocamilo-sp.br\/?s={search_term_string}"},"query-input":{"@type":"PropertyValueSpecification","valueRequired":true,"valueName":"search_term_string"}}],"inLanguage":"pt-BR"},{"@type":"Organization","@id":"https:\/\/blog.saocamilo-sp.br\/#organization","name":"Blog S\u00e3o Camilo","url":"https:\/\/blog.saocamilo-sp.br\/","logo":{"@type":"ImageObject","inLanguage":"pt-BR","@id":"https:\/\/blog.saocamilo-sp.br\/#\/schema\/logo\/image\/","url":"https:\/\/blog.saocamilo-sp.br\/wp-content\/uploads\/2021\/12\/cropped-vazio-logo-topo.png","contentUrl":"https:\/\/blog.saocamilo-sp.br\/wp-content\/uploads\/2021\/12\/cropped-vazio-logo-topo.png","width":320,"height":240,"caption":"Blog S\u00e3o Camilo"},"image":{"@id":"https:\/\/blog.saocamilo-sp.br\/#\/schema\/logo\/image\/"},"sameAs":["https:\/\/www.facebook.com\/saocamilosp","https:\/\/x.com\/saocamilosp","https:\/\/www.linkedin.com\/school\/centro-universit-rio-s-o-camilo\/"]},{"@type":"Person","@id":"https:\/\/blog.saocamilo-sp.br\/#\/schema\/person\/7dce5f342af0848eb2f06778b2737904","name":"Christopher Oliveira dos Reis","image":{"@type":"ImageObject","inLanguage":"pt-BR","@id":"https:\/\/secure.gravatar.com\/avatar\/b09a1361215d06f22999124838358b6855376e2b7287de883b723960b0c03f82?s=96&d=mm&r=g","url":"https:\/\/secure.gravatar.com\/avatar\/b09a1361215d06f22999124838358b6855376e2b7287de883b723960b0c03f82?s=96&d=mm&r=g","contentUrl":"https:\/\/secure.gravatar.com\/avatar\/b09a1361215d06f22999124838358b6855376e2b7287de883b723960b0c03f82?s=96&d=mm&r=g","caption":"Christopher Oliveira dos Reis"},"url":"https:\/\/blog.saocamilo-sp.br\/index.php\/author\/christopher-reis\/"}]}},"_links":{"self":[{"href":"https:\/\/blog.saocamilo-sp.br\/index.php\/wp-json\/wp\/v2\/posts\/3109","targetHints":{"allow":["GET"]}}],"collection":[{"href":"https:\/\/blog.saocamilo-sp.br\/index.php\/wp-json\/wp\/v2\/posts"}],"about":[{"href":"https:\/\/blog.saocamilo-sp.br\/index.php\/wp-json\/wp\/v2\/types\/post"}],"author":[{"embeddable":true,"href":"https:\/\/blog.saocamilo-sp.br\/index.php\/wp-json\/wp\/v2\/users\/11"}],"replies":[{"embeddable":true,"href":"https:\/\/blog.saocamilo-sp.br\/index.php\/wp-json\/wp\/v2\/comments?post=3109"}],"version-history":[{"count":4,"href":"https:\/\/blog.saocamilo-sp.br\/index.php\/wp-json\/wp\/v2\/posts\/3109\/revisions"}],"predecessor-version":[{"id":3116,"href":"https:\/\/blog.saocamilo-sp.br\/index.php\/wp-json\/wp\/v2\/posts\/3109\/revisions\/3116"}],"wp:featuredmedia":[{"embeddable":true,"href":"https:\/\/blog.saocamilo-sp.br\/index.php\/wp-json\/wp\/v2\/media\/3112"}],"wp:attachment":[{"href":"https:\/\/blog.saocamilo-sp.br\/index.php\/wp-json\/wp\/v2\/media?parent=3109"}],"wp:term":[{"taxonomy":"category","embeddable":true,"href":"https:\/\/blog.saocamilo-sp.br\/index.php\/wp-json\/wp\/v2\/categories?post=3109"},{"taxonomy":"post_tag","embeddable":true,"href":"https:\/\/blog.saocamilo-sp.br\/index.php\/wp-json\/wp\/v2\/tags?post=3109"}],"curies":[{"name":"wp","href":"https:\/\/api.w.org\/{rel}","templated":true}]}}