{"id":3126,"date":"2024-10-16T18:49:16","date_gmt":"2024-10-16T21:49:16","guid":{"rendered":"https:\/\/blog.saocamilo-sp.br\/?p=3126"},"modified":"2024-10-17T12:28:58","modified_gmt":"2024-10-17T15:28:58","slug":"dia-mundial-da-alimentacao-confira-alguns-ebooks-da-sao-camilo","status":"publish","type":"post","link":"https:\/\/blog.saocamilo-sp.br\/index.php\/2024\/10\/16\/dia-mundial-da-alimentacao-confira-alguns-ebooks-da-sao-camilo\/","title":{"rendered":"Dia Mundial da Alimenta\u00e7\u00e3o: confira alguns e-books da S\u00e3o Camilo!"},"content":{"rendered":"\n<p>No dia 16 de outubro, celebramos o <strong>Dia Mundial da Alimenta\u00e7\u00e3o<\/strong>, uma data que nos convida a refletir sobre a import\u00e2ncia de uma alimenta\u00e7\u00e3o saud\u00e1vel e sustent\u00e1vel para o bem-estar individual e coletivo. Neste contexto, o <a href=\"https:\/\/saocamilo-sp.br\/graduacao\/a_distancia\">Centro Universit\u00e1rio S\u00e3o Camilo<\/a> se destaca ao oferecer uma variedade de eBooks que abordam temas relevantes sobre nutri\u00e7\u00e3o, sa\u00fade e alimenta\u00e7\u00e3o consciente.<\/p>\n\n\n\n<h3 class=\"wp-block-heading\">Por que a Alimenta\u00e7\u00e3o \u00e9 Importante?<\/h3>\n\n\n\n<p>A alimenta\u00e7\u00e3o \u00e9 um dos pilares fundamentais da nossa sa\u00fade. Ela influencia n\u00e3o apenas o nosso corpo, mas tamb\u00e9m a nossa mente e o nosso desempenho no dia a dia. <strong>Al\u00e9m disso<\/strong>, a crescente preocupa\u00e7\u00e3o sobre a qualidade dos alimentos que consumimos e os impactos da produ\u00e7\u00e3o alimentar no meio ambiente tornam essencial estar bem informado.<\/p>\n\n\n\n<h3 class=\"wp-block-heading\">Conhe\u00e7a alguns ebooks da S\u00e3o Camilo sobre o tema<\/h3>\n\n\n<div class=\"wp-block-image\">\n<figure class=\"aligncenter size-full is-resized\" id=\"https:\/\/saocamilo-sp.br\/_app\/views\/publicacoes\/outraspublicacoes\/E-book%20-%20Alimenta%C3%A7%C3%A3o%20do%20Adolescente.pdf\"><a href=\"https:\/\/saocamilo-sp.br\/_app\/views\/publicacoes\/outraspublicacoes\/E-book%20-%20Alimenta%C3%A7%C3%A3o%20do%20Adolescente.pdf\" target=\"_blank\" rel=\"noreferrer noopener\"><img loading=\"lazy\" decoding=\"async\" width=\"656\" height=\"459\" src=\"https:\/\/blog.saocamilo-sp.br\/wp-content\/uploads\/2024\/10\/Captura-de-tela-2024-10-17-095412-1.png\" alt=\"Clique aqui para ler\" class=\"wp-image-3137\" style=\"width:260px;height:auto\" srcset=\"https:\/\/blog.saocamilo-sp.br\/wp-content\/uploads\/2024\/10\/Captura-de-tela-2024-10-17-095412-1.png 656w, https:\/\/blog.saocamilo-sp.br\/wp-content\/uploads\/2024\/10\/Captura-de-tela-2024-10-17-095412-1-300x210.png 300w, https:\/\/blog.saocamilo-sp.br\/wp-content\/uploads\/2024\/10\/Captura-de-tela-2024-10-17-095412-1-600x420.png 600w\" sizes=\"auto, (max-width: 656px) 100vw, 656px\" \/><\/a><figcaption class=\"wp-element-caption\"><a href=\"https:\/\/saocamilo-sp.br\/_app\/views\/publicacoes\/outraspublicacoes\/E-book%20-%20Alimenta%C3%A7%C3%A3o%20do%20Adolescente.pdf\">Clique aqui para baixar!<\/a><\/figcaption><\/figure>\n<\/div>\n\n\n<p><strong>1.<\/strong>O ebook &#8220;Alimenta\u00e7\u00e3o do Adolescente&#8221; aborda a import\u00e2ncia da nutri\u00e7\u00e3o durante a adolesc\u00eancia, fase cr\u00edtica para o desenvolvimento f\u00edsico e mental. O material destaca que a alimenta\u00e7\u00e3o inadequada pode levar a problemas como obesidade e defici\u00eancias nutricionais, o que impacta a sa\u00fade e o desempenho escolar dos jovens.<\/p>\n\n\n<div class=\"wp-block-image\">\n<figure class=\"aligncenter size-full is-resized\"><a href=\"https:\/\/saocamilo-sp.br\/_app\/views\/publicacoes\/outraspublicacoes\/Nutri%C3%A7%C3%A3o%20das%20gestantes%20do%20munic%C3%ADpio%20de%20S%C3%A3o%20Paulo.pdf\" target=\"_blank\" rel=\"noreferrer noopener\"><img loading=\"lazy\" decoding=\"async\" width=\"540\" height=\"795\" src=\"https:\/\/blog.saocamilo-sp.br\/wp-content\/uploads\/2024\/10\/Captura-de-tela-2024-10-17-095339.png\" alt=\"\" class=\"wp-image-3136\" style=\"width:153px;height:auto\" srcset=\"https:\/\/blog.saocamilo-sp.br\/wp-content\/uploads\/2024\/10\/Captura-de-tela-2024-10-17-095339.png 540w, https:\/\/blog.saocamilo-sp.br\/wp-content\/uploads\/2024\/10\/Captura-de-tela-2024-10-17-095339-204x300.png 204w\" sizes=\"auto, (max-width: 540px) 100vw, 540px\" \/><\/a><figcaption class=\"wp-element-caption\"><a href=\"https:\/\/saocamilo-sp.br\/_app\/views\/publicacoes\/outraspublicacoes\/Nutri%C3%A7%C3%A3o%20das%20gestantes%20do%20munic%C3%ADpio%20de%20S%C3%A3o%20Paulo.pdf\">clique aqui para baixar<\/a><\/figcaption><\/figure>\n<\/div>\n\n\n<p><strong>2.<\/strong>O eBook<a href=\"https:\/\/saocamilo-sp.br\/_app\/views\/publicacoes\/outraspublicacoes\/Nutri%C3%A7%C3%A3o%20das%20gestantes%20do%20munic%C3%ADpio%20de%20S%C3%A3o%20Paulo.pdf\"> <\/a>&#8220;Nutri\u00e7\u00e3o das Gestantes do Munic\u00edpio de S\u00e3o Paulo&#8221; destaca a import\u00e2ncia de uma alimenta\u00e7\u00e3o adequada durante a gesta\u00e7\u00e3o para a sa\u00fade da m\u00e3e e do beb\u00ea. Ele aborda nutrientes essenciais, como \u00e1cido f\u00f3lico, ferro e c\u00e1lcio, e as consequ\u00eancias de uma nutri\u00e7\u00e3o inadequada, como complica\u00e7\u00f5es gestacionais. O documento enfatiza a necessidade de pol\u00edticas p\u00fablicas que garantam acesso a alimentos saud\u00e1veis e sugere a atua\u00e7\u00e3o de profissionais de sa\u00fade, como nutricionistas e enfermeiros, para oferecer suporte nutricional \u00e0s gestantes, promovendo assim o bem-estar da popula\u00e7\u00e3o. Acesso aos eBooks<\/p>\n\n\n\n<p><\/p>\n\n\n\n<h3 class=\"wp-block-heading\"><strong>Veja tamb\u00e9m:<\/strong><\/h3>\n\n\n\n<ul class=\"wp-block-list\">\n<li><a href=\"https:\/\/blog.saocamilo-sp.br\/index.php\/2024\/06\/18\/inhame\/\">Inhame: Docente fala sobre os benef\u00edcios do alimento<\/a><\/li>\n\n\n\n<li><a href=\"https:\/\/blog.saocamilo-sp.br\/index.php\/2024\/05\/22\/alimentar\/\">Programa Educa\u00e7\u00e3o Alimentar \u2013 Integrando Ci\u00eancia, Escola e Sa\u00fade<\/a><\/li>\n\n\n\n<li><a href=\"https:\/\/blog.saocamilo-sp.br\/index.php\/2024\/07\/25\/veja-6-vegetais-que-ficam-ainda-mais-nutritivos-na-airfryer\/\">Veja 6 vegetais que ficam ainda mais nutritivos na AirFryer<\/a><\/li>\n<\/ul>\n\n\n\n<p><\/p>\n\n\n\n<p>Saiba mais sobre nossos cursos:<\/p>\n\n\n\n<iframe loading=\"lazy\" src=\"https:\/\/saocamilo.apprbs.com.br\/tenho-interesse-blog\" height=\"530px\" width=\"100%\" frameborder=\"0\"><\/iframe>\n\n\n\n<h3 class=\"wp-block-heading\"><\/h3>\n","protected":false},"excerpt":{"rendered":"<p>Conhe\u00e7a e baixe alguns eBooks que abordam temas relevantes sobre nutri\u00e7\u00e3o, sa\u00fade e alimenta\u00e7\u00e3o consciente.<\/p>\n","protected":false},"author":11,"featured_media":3131,"comment_status":"open","ping_status":"open","sticky":false,"template":"","format":"standard","meta":{"cybocfi_hide_featured_image":"","footnotes":""},"categories":[24],"tags":[],"class_list":["post-3126","post","type-post","status-publish","format-standard","has-post-thumbnail","hentry","category-nutricao"],"yoast_head":"<!-- This site is optimized with the Yoast SEO plugin v27.5 - https:\/\/yoast.com\/product\/yoast-seo-wordpress\/ -->\n<title>Dia Mundial da Alimenta\u00e7\u00e3o: confira alguns e-books da S\u00e3o Camilo!<\/title>\n<meta name=\"description\" content=\"Conhe\u00e7a e baixe alguns eBooks que abordam temas relevantes sobre nutri\u00e7\u00e3o, sa\u00fade e alimenta\u00e7\u00e3o consciente.\" \/>\n<meta name=\"robots\" content=\"index, follow, max-snippet:-1, max-image-preview:large, max-video-preview:-1\" \/>\n<link rel=\"canonical\" href=\"https:\/\/blog.saocamilo-sp.br\/index.php\/2024\/10\/16\/dia-mundial-da-alimentacao-confira-alguns-ebooks-da-sao-camilo\/\" \/>\n<meta property=\"og:locale\" content=\"pt_BR\" \/>\n<meta property=\"og:type\" content=\"article\" \/>\n<meta property=\"og:title\" content=\"Dia Mundial da Alimenta\u00e7\u00e3o: confira alguns e-books da S\u00e3o Camilo!\" \/>\n<meta property=\"og:description\" content=\"Conhe\u00e7a e baixe alguns eBooks que abordam temas relevantes sobre nutri\u00e7\u00e3o, sa\u00fade e alimenta\u00e7\u00e3o consciente.\" \/>\n<meta property=\"og:url\" content=\"https:\/\/blog.saocamilo-sp.br\/index.php\/2024\/10\/16\/dia-mundial-da-alimentacao-confira-alguns-ebooks-da-sao-camilo\/\" \/>\n<meta property=\"og:site_name\" content=\"Blog S\u00e3o Camilo\" \/>\n<meta property=\"article:publisher\" content=\"https:\/\/www.facebook.com\/saocamilosp\" \/>\n<meta property=\"article:published_time\" content=\"2024-10-16T21:49:16+00:00\" \/>\n<meta property=\"article:modified_time\" content=\"2024-10-17T15:28:58+00:00\" \/>\n<meta property=\"og:image\" content=\"https:\/\/blog.saocamilo-sp.br\/wp-content\/uploads\/2024\/10\/Dia-Mundial-da-Alimentacao.png\" \/>\n\t<meta property=\"og:image:width\" content=\"768\" \/>\n\t<meta property=\"og:image:height\" content=\"512\" \/>\n\t<meta property=\"og:image:type\" content=\"image\/png\" \/>\n<meta name=\"author\" content=\"Christopher Oliveira dos Reis\" \/>\n<meta name=\"twitter:card\" content=\"summary_large_image\" \/>\n<meta name=\"twitter:creator\" content=\"@saocamilosp\" \/>\n<meta name=\"twitter:site\" content=\"@saocamilosp\" \/>\n<meta name=\"twitter:label1\" content=\"Escrito por\" \/>\n\t<meta name=\"twitter:data1\" content=\"Christopher Oliveira dos Reis\" \/>\n\t<meta name=\"twitter:label2\" content=\"Est. tempo de leitura\" \/>\n\t<meta name=\"twitter:data2\" content=\"3 minutos\" \/>\n<script type=\"application\/ld+json\" class=\"yoast-schema-graph\">{\"@context\":\"https:\\\/\\\/schema.org\",\"@graph\":[{\"@type\":\"Article\",\"@id\":\"https:\\\/\\\/blog.saocamilo-sp.br\\\/index.php\\\/2024\\\/10\\\/16\\\/dia-mundial-da-alimentacao-confira-alguns-ebooks-da-sao-camilo\\\/#article\",\"isPartOf\":{\"@id\":\"https:\\\/\\\/blog.saocamilo-sp.br\\\/index.php\\\/2024\\\/10\\\/16\\\/dia-mundial-da-alimentacao-confira-alguns-ebooks-da-sao-camilo\\\/\"},\"author\":{\"name\":\"Christopher Oliveira dos Reis\",\"@id\":\"https:\\\/\\\/blog.saocamilo-sp.br\\\/#\\\/schema\\\/person\\\/7dce5f342af0848eb2f06778b2737904\"},\"headline\":\"Dia Mundial da Alimenta\u00e7\u00e3o: confira alguns e-books da S\u00e3o Camilo!\",\"datePublished\":\"2024-10-16T21:49:16+00:00\",\"dateModified\":\"2024-10-17T15:28:58+00:00\",\"mainEntityOfPage\":{\"@id\":\"https:\\\/\\\/blog.saocamilo-sp.br\\\/index.php\\\/2024\\\/10\\\/16\\\/dia-mundial-da-alimentacao-confira-alguns-ebooks-da-sao-camilo\\\/\"},\"wordCount\":368,\"commentCount\":0,\"publisher\":{\"@id\":\"https:\\\/\\\/blog.saocamilo-sp.br\\\/#organization\"},\"image\":{\"@id\":\"https:\\\/\\\/blog.saocamilo-sp.br\\\/index.php\\\/2024\\\/10\\\/16\\\/dia-mundial-da-alimentacao-confira-alguns-ebooks-da-sao-camilo\\\/#primaryimage\"},\"thumbnailUrl\":\"https:\\\/\\\/blog.saocamilo-sp.br\\\/wp-content\\\/uploads\\\/2024\\\/10\\\/Dia-Mundial-da-Alimentacao.png\",\"articleSection\":[\"Nutri\u00e7\u00e3o\"],\"inLanguage\":\"pt-BR\",\"potentialAction\":[{\"@type\":\"CommentAction\",\"name\":\"Comment\",\"target\":[\"https:\\\/\\\/blog.saocamilo-sp.br\\\/index.php\\\/2024\\\/10\\\/16\\\/dia-mundial-da-alimentacao-confira-alguns-ebooks-da-sao-camilo\\\/#respond\"]}]},{\"@type\":\"WebPage\",\"@id\":\"https:\\\/\\\/blog.saocamilo-sp.br\\\/index.php\\\/2024\\\/10\\\/16\\\/dia-mundial-da-alimentacao-confira-alguns-ebooks-da-sao-camilo\\\/\",\"url\":\"https:\\\/\\\/blog.saocamilo-sp.br\\\/index.php\\\/2024\\\/10\\\/16\\\/dia-mundial-da-alimentacao-confira-alguns-ebooks-da-sao-camilo\\\/\",\"name\":\"Dia Mundial da Alimenta\u00e7\u00e3o: confira alguns e-books da S\u00e3o Camilo!\",\"isPartOf\":{\"@id\":\"https:\\\/\\\/blog.saocamilo-sp.br\\\/#website\"},\"primaryImageOfPage\":{\"@id\":\"https:\\\/\\\/blog.saocamilo-sp.br\\\/index.php\\\/2024\\\/10\\\/16\\\/dia-mundial-da-alimentacao-confira-alguns-ebooks-da-sao-camilo\\\/#primaryimage\"},\"image\":{\"@id\":\"https:\\\/\\\/blog.saocamilo-sp.br\\\/index.php\\\/2024\\\/10\\\/16\\\/dia-mundial-da-alimentacao-confira-alguns-ebooks-da-sao-camilo\\\/#primaryimage\"},\"thumbnailUrl\":\"https:\\\/\\\/blog.saocamilo-sp.br\\\/wp-content\\\/uploads\\\/2024\\\/10\\\/Dia-Mundial-da-Alimentacao.png\",\"datePublished\":\"2024-10-16T21:49:16+00:00\",\"dateModified\":\"2024-10-17T15:28:58+00:00\",\"description\":\"Conhe\u00e7a e baixe alguns eBooks que abordam temas relevantes sobre nutri\u00e7\u00e3o, sa\u00fade e alimenta\u00e7\u00e3o consciente.\",\"breadcrumb\":{\"@id\":\"https:\\\/\\\/blog.saocamilo-sp.br\\\/index.php\\\/2024\\\/10\\\/16\\\/dia-mundial-da-alimentacao-confira-alguns-ebooks-da-sao-camilo\\\/#breadcrumb\"},\"inLanguage\":\"pt-BR\",\"potentialAction\":[{\"@type\":\"ReadAction\",\"target\":[\"https:\\\/\\\/blog.saocamilo-sp.br\\\/index.php\\\/2024\\\/10\\\/16\\\/dia-mundial-da-alimentacao-confira-alguns-ebooks-da-sao-camilo\\\/\"]}]},{\"@type\":\"ImageObject\",\"inLanguage\":\"pt-BR\",\"@id\":\"https:\\\/\\\/blog.saocamilo-sp.br\\\/index.php\\\/2024\\\/10\\\/16\\\/dia-mundial-da-alimentacao-confira-alguns-ebooks-da-sao-camilo\\\/#primaryimage\",\"url\":\"https:\\\/\\\/blog.saocamilo-sp.br\\\/wp-content\\\/uploads\\\/2024\\\/10\\\/Dia-Mundial-da-Alimentacao.png\",\"contentUrl\":\"https:\\\/\\\/blog.saocamilo-sp.br\\\/wp-content\\\/uploads\\\/2024\\\/10\\\/Dia-Mundial-da-Alimentacao.png\",\"width\":768,\"height\":512,\"caption\":\"Dia Mundial da Alimenta\u00e7\u00e3o\"},{\"@type\":\"BreadcrumbList\",\"@id\":\"https:\\\/\\\/blog.saocamilo-sp.br\\\/index.php\\\/2024\\\/10\\\/16\\\/dia-mundial-da-alimentacao-confira-alguns-ebooks-da-sao-camilo\\\/#breadcrumb\",\"itemListElement\":[{\"@type\":\"ListItem\",\"position\":1,\"name\":\"In\u00edcio\",\"item\":\"https:\\\/\\\/blog.saocamilo-sp.br\\\/\"},{\"@type\":\"ListItem\",\"position\":2,\"name\":\"Dia Mundial da Alimenta\u00e7\u00e3o: confira alguns e-books da S\u00e3o Camilo!\"}]},{\"@type\":\"WebSite\",\"@id\":\"https:\\\/\\\/blog.saocamilo-sp.br\\\/#website\",\"url\":\"https:\\\/\\\/blog.saocamilo-sp.br\\\/\",\"name\":\"Blog S\u00e3o Camilo\",\"description\":\"Blog do Centro Universit\u00e1rio S\u00e3o Camilo\",\"publisher\":{\"@id\":\"https:\\\/\\\/blog.saocamilo-sp.br\\\/#organization\"},\"potentialAction\":[{\"@type\":\"SearchAction\",\"target\":{\"@type\":\"EntryPoint\",\"urlTemplate\":\"https:\\\/\\\/blog.saocamilo-sp.br\\\/?s={search_term_string}\"},\"query-input\":{\"@type\":\"PropertyValueSpecification\",\"valueRequired\":true,\"valueName\":\"search_term_string\"}}],\"inLanguage\":\"pt-BR\"},{\"@type\":\"Organization\",\"@id\":\"https:\\\/\\\/blog.saocamilo-sp.br\\\/#organization\",\"name\":\"Blog S\u00e3o Camilo\",\"url\":\"https:\\\/\\\/blog.saocamilo-sp.br\\\/\",\"logo\":{\"@type\":\"ImageObject\",\"inLanguage\":\"pt-BR\",\"@id\":\"https:\\\/\\\/blog.saocamilo-sp.br\\\/#\\\/schema\\\/logo\\\/image\\\/\",\"url\":\"https:\\\/\\\/blog.saocamilo-sp.br\\\/wp-content\\\/uploads\\\/2021\\\/12\\\/cropped-vazio-logo-topo.png\",\"contentUrl\":\"https:\\\/\\\/blog.saocamilo-sp.br\\\/wp-content\\\/uploads\\\/2021\\\/12\\\/cropped-vazio-logo-topo.png\",\"width\":320,\"height\":240,\"caption\":\"Blog S\u00e3o Camilo\"},\"image\":{\"@id\":\"https:\\\/\\\/blog.saocamilo-sp.br\\\/#\\\/schema\\\/logo\\\/image\\\/\"},\"sameAs\":[\"https:\\\/\\\/www.facebook.com\\\/saocamilosp\",\"https:\\\/\\\/x.com\\\/saocamilosp\",\"https:\\\/\\\/www.linkedin.com\\\/school\\\/centro-universit-rio-s-o-camilo\\\/\"]},{\"@type\":\"Person\",\"@id\":\"https:\\\/\\\/blog.saocamilo-sp.br\\\/#\\\/schema\\\/person\\\/7dce5f342af0848eb2f06778b2737904\",\"name\":\"Christopher Oliveira dos Reis\",\"image\":{\"@type\":\"ImageObject\",\"inLanguage\":\"pt-BR\",\"@id\":\"https:\\\/\\\/secure.gravatar.com\\\/avatar\\\/b09a1361215d06f22999124838358b6855376e2b7287de883b723960b0c03f82?s=96&d=mm&r=g\",\"url\":\"https:\\\/\\\/secure.gravatar.com\\\/avatar\\\/b09a1361215d06f22999124838358b6855376e2b7287de883b723960b0c03f82?s=96&d=mm&r=g\",\"contentUrl\":\"https:\\\/\\\/secure.gravatar.com\\\/avatar\\\/b09a1361215d06f22999124838358b6855376e2b7287de883b723960b0c03f82?s=96&d=mm&r=g\",\"caption\":\"Christopher Oliveira dos Reis\"},\"url\":\"https:\\\/\\\/blog.saocamilo-sp.br\\\/index.php\\\/author\\\/christopher-reis\\\/\"}]}<\/script>\n<!-- \/ Yoast SEO plugin. -->","yoast_head_json":{"title":"Dia Mundial da Alimenta\u00e7\u00e3o: confira alguns e-books da S\u00e3o Camilo!","description":"Conhe\u00e7a e baixe alguns eBooks que abordam temas relevantes sobre nutri\u00e7\u00e3o, sa\u00fade e alimenta\u00e7\u00e3o consciente.","robots":{"index":"index","follow":"follow","max-snippet":"max-snippet:-1","max-image-preview":"max-image-preview:large","max-video-preview":"max-video-preview:-1"},"canonical":"https:\/\/blog.saocamilo-sp.br\/index.php\/2024\/10\/16\/dia-mundial-da-alimentacao-confira-alguns-ebooks-da-sao-camilo\/","og_locale":"pt_BR","og_type":"article","og_title":"Dia Mundial da Alimenta\u00e7\u00e3o: confira alguns e-books da S\u00e3o Camilo!","og_description":"Conhe\u00e7a e baixe alguns eBooks que abordam temas relevantes sobre nutri\u00e7\u00e3o, sa\u00fade e alimenta\u00e7\u00e3o consciente.","og_url":"https:\/\/blog.saocamilo-sp.br\/index.php\/2024\/10\/16\/dia-mundial-da-alimentacao-confira-alguns-ebooks-da-sao-camilo\/","og_site_name":"Blog S\u00e3o Camilo","article_publisher":"https:\/\/www.facebook.com\/saocamilosp","article_published_time":"2024-10-16T21:49:16+00:00","article_modified_time":"2024-10-17T15:28:58+00:00","og_image":[{"width":768,"height":512,"url":"https:\/\/blog.saocamilo-sp.br\/wp-content\/uploads\/2024\/10\/Dia-Mundial-da-Alimentacao.png","type":"image\/png"}],"author":"Christopher Oliveira dos Reis","twitter_card":"summary_large_image","twitter_creator":"@saocamilosp","twitter_site":"@saocamilosp","twitter_misc":{"Escrito por":"Christopher Oliveira dos Reis","Est. tempo de leitura":"3 minutos"},"schema":{"@context":"https:\/\/schema.org","@graph":[{"@type":"Article","@id":"https:\/\/blog.saocamilo-sp.br\/index.php\/2024\/10\/16\/dia-mundial-da-alimentacao-confira-alguns-ebooks-da-sao-camilo\/#article","isPartOf":{"@id":"https:\/\/blog.saocamilo-sp.br\/index.php\/2024\/10\/16\/dia-mundial-da-alimentacao-confira-alguns-ebooks-da-sao-camilo\/"},"author":{"name":"Christopher Oliveira dos Reis","@id":"https:\/\/blog.saocamilo-sp.br\/#\/schema\/person\/7dce5f342af0848eb2f06778b2737904"},"headline":"Dia Mundial da Alimenta\u00e7\u00e3o: confira alguns e-books da S\u00e3o Camilo!","datePublished":"2024-10-16T21:49:16+00:00","dateModified":"2024-10-17T15:28:58+00:00","mainEntityOfPage":{"@id":"https:\/\/blog.saocamilo-sp.br\/index.php\/2024\/10\/16\/dia-mundial-da-alimentacao-confira-alguns-ebooks-da-sao-camilo\/"},"wordCount":368,"commentCount":0,"publisher":{"@id":"https:\/\/blog.saocamilo-sp.br\/#organization"},"image":{"@id":"https:\/\/blog.saocamilo-sp.br\/index.php\/2024\/10\/16\/dia-mundial-da-alimentacao-confira-alguns-ebooks-da-sao-camilo\/#primaryimage"},"thumbnailUrl":"https:\/\/blog.saocamilo-sp.br\/wp-content\/uploads\/2024\/10\/Dia-Mundial-da-Alimentacao.png","articleSection":["Nutri\u00e7\u00e3o"],"inLanguage":"pt-BR","potentialAction":[{"@type":"CommentAction","name":"Comment","target":["https:\/\/blog.saocamilo-sp.br\/index.php\/2024\/10\/16\/dia-mundial-da-alimentacao-confira-alguns-ebooks-da-sao-camilo\/#respond"]}]},{"@type":"WebPage","@id":"https:\/\/blog.saocamilo-sp.br\/index.php\/2024\/10\/16\/dia-mundial-da-alimentacao-confira-alguns-ebooks-da-sao-camilo\/","url":"https:\/\/blog.saocamilo-sp.br\/index.php\/2024\/10\/16\/dia-mundial-da-alimentacao-confira-alguns-ebooks-da-sao-camilo\/","name":"Dia Mundial da Alimenta\u00e7\u00e3o: confira alguns e-books da S\u00e3o Camilo!","isPartOf":{"@id":"https:\/\/blog.saocamilo-sp.br\/#website"},"primaryImageOfPage":{"@id":"https:\/\/blog.saocamilo-sp.br\/index.php\/2024\/10\/16\/dia-mundial-da-alimentacao-confira-alguns-ebooks-da-sao-camilo\/#primaryimage"},"image":{"@id":"https:\/\/blog.saocamilo-sp.br\/index.php\/2024\/10\/16\/dia-mundial-da-alimentacao-confira-alguns-ebooks-da-sao-camilo\/#primaryimage"},"thumbnailUrl":"https:\/\/blog.saocamilo-sp.br\/wp-content\/uploads\/2024\/10\/Dia-Mundial-da-Alimentacao.png","datePublished":"2024-10-16T21:49:16+00:00","dateModified":"2024-10-17T15:28:58+00:00","description":"Conhe\u00e7a e baixe alguns eBooks que abordam temas relevantes sobre nutri\u00e7\u00e3o, sa\u00fade e alimenta\u00e7\u00e3o consciente.","breadcrumb":{"@id":"https:\/\/blog.saocamilo-sp.br\/index.php\/2024\/10\/16\/dia-mundial-da-alimentacao-confira-alguns-ebooks-da-sao-camilo\/#breadcrumb"},"inLanguage":"pt-BR","potentialAction":[{"@type":"ReadAction","target":["https:\/\/blog.saocamilo-sp.br\/index.php\/2024\/10\/16\/dia-mundial-da-alimentacao-confira-alguns-ebooks-da-sao-camilo\/"]}]},{"@type":"ImageObject","inLanguage":"pt-BR","@id":"https:\/\/blog.saocamilo-sp.br\/index.php\/2024\/10\/16\/dia-mundial-da-alimentacao-confira-alguns-ebooks-da-sao-camilo\/#primaryimage","url":"https:\/\/blog.saocamilo-sp.br\/wp-content\/uploads\/2024\/10\/Dia-Mundial-da-Alimentacao.png","contentUrl":"https:\/\/blog.saocamilo-sp.br\/wp-content\/uploads\/2024\/10\/Dia-Mundial-da-Alimentacao.png","width":768,"height":512,"caption":"Dia Mundial da Alimenta\u00e7\u00e3o"},{"@type":"BreadcrumbList","@id":"https:\/\/blog.saocamilo-sp.br\/index.php\/2024\/10\/16\/dia-mundial-da-alimentacao-confira-alguns-ebooks-da-sao-camilo\/#breadcrumb","itemListElement":[{"@type":"ListItem","position":1,"name":"In\u00edcio","item":"https:\/\/blog.saocamilo-sp.br\/"},{"@type":"ListItem","position":2,"name":"Dia Mundial da Alimenta\u00e7\u00e3o: confira alguns e-books da S\u00e3o Camilo!"}]},{"@type":"WebSite","@id":"https:\/\/blog.saocamilo-sp.br\/#website","url":"https:\/\/blog.saocamilo-sp.br\/","name":"Blog S\u00e3o Camilo","description":"Blog do Centro Universit\u00e1rio S\u00e3o Camilo","publisher":{"@id":"https:\/\/blog.saocamilo-sp.br\/#organization"},"potentialAction":[{"@type":"SearchAction","target":{"@type":"EntryPoint","urlTemplate":"https:\/\/blog.saocamilo-sp.br\/?s={search_term_string}"},"query-input":{"@type":"PropertyValueSpecification","valueRequired":true,"valueName":"search_term_string"}}],"inLanguage":"pt-BR"},{"@type":"Organization","@id":"https:\/\/blog.saocamilo-sp.br\/#organization","name":"Blog S\u00e3o Camilo","url":"https:\/\/blog.saocamilo-sp.br\/","logo":{"@type":"ImageObject","inLanguage":"pt-BR","@id":"https:\/\/blog.saocamilo-sp.br\/#\/schema\/logo\/image\/","url":"https:\/\/blog.saocamilo-sp.br\/wp-content\/uploads\/2021\/12\/cropped-vazio-logo-topo.png","contentUrl":"https:\/\/blog.saocamilo-sp.br\/wp-content\/uploads\/2021\/12\/cropped-vazio-logo-topo.png","width":320,"height":240,"caption":"Blog S\u00e3o Camilo"},"image":{"@id":"https:\/\/blog.saocamilo-sp.br\/#\/schema\/logo\/image\/"},"sameAs":["https:\/\/www.facebook.com\/saocamilosp","https:\/\/x.com\/saocamilosp","https:\/\/www.linkedin.com\/school\/centro-universit-rio-s-o-camilo\/"]},{"@type":"Person","@id":"https:\/\/blog.saocamilo-sp.br\/#\/schema\/person\/7dce5f342af0848eb2f06778b2737904","name":"Christopher Oliveira dos Reis","image":{"@type":"ImageObject","inLanguage":"pt-BR","@id":"https:\/\/secure.gravatar.com\/avatar\/b09a1361215d06f22999124838358b6855376e2b7287de883b723960b0c03f82?s=96&d=mm&r=g","url":"https:\/\/secure.gravatar.com\/avatar\/b09a1361215d06f22999124838358b6855376e2b7287de883b723960b0c03f82?s=96&d=mm&r=g","contentUrl":"https:\/\/secure.gravatar.com\/avatar\/b09a1361215d06f22999124838358b6855376e2b7287de883b723960b0c03f82?s=96&d=mm&r=g","caption":"Christopher Oliveira dos Reis"},"url":"https:\/\/blog.saocamilo-sp.br\/index.php\/author\/christopher-reis\/"}]}},"_links":{"self":[{"href":"https:\/\/blog.saocamilo-sp.br\/index.php\/wp-json\/wp\/v2\/posts\/3126","targetHints":{"allow":["GET"]}}],"collection":[{"href":"https:\/\/blog.saocamilo-sp.br\/index.php\/wp-json\/wp\/v2\/posts"}],"about":[{"href":"https:\/\/blog.saocamilo-sp.br\/index.php\/wp-json\/wp\/v2\/types\/post"}],"author":[{"embeddable":true,"href":"https:\/\/blog.saocamilo-sp.br\/index.php\/wp-json\/wp\/v2\/users\/11"}],"replies":[{"embeddable":true,"href":"https:\/\/blog.saocamilo-sp.br\/index.php\/wp-json\/wp\/v2\/comments?post=3126"}],"version-history":[{"count":10,"href":"https:\/\/blog.saocamilo-sp.br\/index.php\/wp-json\/wp\/v2\/posts\/3126\/revisions"}],"predecessor-version":[{"id":3151,"href":"https:\/\/blog.saocamilo-sp.br\/index.php\/wp-json\/wp\/v2\/posts\/3126\/revisions\/3151"}],"wp:featuredmedia":[{"embeddable":true,"href":"https:\/\/blog.saocamilo-sp.br\/index.php\/wp-json\/wp\/v2\/media\/3131"}],"wp:attachment":[{"href":"https:\/\/blog.saocamilo-sp.br\/index.php\/wp-json\/wp\/v2\/media?parent=3126"}],"wp:term":[{"taxonomy":"category","embeddable":true,"href":"https:\/\/blog.saocamilo-sp.br\/index.php\/wp-json\/wp\/v2\/categories?post=3126"},{"taxonomy":"post_tag","embeddable":true,"href":"https:\/\/blog.saocamilo-sp.br\/index.php\/wp-json\/wp\/v2\/tags?post=3126"}],"curies":[{"name":"wp","href":"https:\/\/api.w.org\/{rel}","templated":true}]}}