{"id":3153,"date":"2025-04-01T17:26:07","date_gmt":"2025-04-01T20:26:07","guid":{"rendered":"https:\/\/blog.saocamilo-sp.br\/?p=3153"},"modified":"2025-04-04T10:28:15","modified_gmt":"2025-04-04T13:28:15","slug":"entenda-a-sarcopenia-como-a-perda-muscular-relacionada-a-idade-pode-impactar-sua-vida","status":"publish","type":"post","link":"https:\/\/blog.saocamilo-sp.br\/index.php\/2025\/04\/01\/entenda-a-sarcopenia-como-a-perda-muscular-relacionada-a-idade-pode-impactar-sua-vida\/","title":{"rendered":"Sarcopenia: como a perda muscular relacionada \u00e0 Idade pode impactar sua vida"},"content":{"rendered":"\n<p>Sarcopenia \u00e9 a redu\u00e7\u00e3o da massa muscular, um termo que deriva do grego, onde &#8220;sarx&#8221; significa carne e &#8220;penia&#8221; significa diminui\u00e7\u00e3o. Essa condi\u00e7\u00e3o \u00e9 classificada como uma doen\u00e7a muscular, caracterizada por baixa massa e for\u00e7a muscular.<\/p>\n\n\n\n<h3 class=\"wp-block-heading\">Impactos da Sarcopenia<\/h3>\n\n\n\n<p>A sarcopenia \u00e9 significativa porque indiv\u00edduos que a apresentam t\u00eam maior propens\u00e3o a cair, fraturar ossos e perder a capacidade de realizar atividades cotidianas, como tarefas dom\u00e9sticas e caminhadas. Isso resulta em uma mobilidade reduzida e aumenta o risco de morte. Al\u00e9m disso, as pessoas afetadas pela sarcopenia t\u00eam mais chances de serem hospitalizadas e de necessitar de institui\u00e7\u00f5es de longa perman\u00eancia.<\/p>\n\n\n\n<h3 class=\"wp-block-heading\">Causas da Sarcopenia<\/h3>\n\n\n\n<p>Muitos fatores podem contribuir para o desenvolvimento da sarcopenia, incluindo:<\/p>\n\n\n\n<ul class=\"wp-block-list\">\n<li>Imobilidade<\/li>\n\n\n\n<li>Desnutri\u00e7\u00e3o<\/li>\n\n\n\n<li>Interna\u00e7\u00e3o hospitalar<\/li>\n\n\n\n<li>Sedentarismo<\/li>\n\n\n\n<li>Doen\u00e7as cardiorrespirat\u00f3rias, neurol\u00f3gicas e osteoarticulares<\/li>\n<\/ul>\n\n\n\n<h3 class=\"wp-block-heading\">O Envelhecimento e a Perda Muscular<\/h3>\n\n\n\n<p>Com o envelhecimento, os mi\u00f3citos, c\u00e9lulas que comp\u00f5em os m\u00fasculos, passam por um processo de apoptose, resultando em uma perda de 1-2% da massa muscular a cada ano a partir dos 50 anos. O n\u00famero e o tamanho das fibras musculares diminuem, especialmente as fibras do tipo II, que s\u00e3o respons\u00e1veis pela velocidade.<\/p>\n\n\n\n<h3 class=\"wp-block-heading\">Fatores que Influenciam a Massa Muscular<\/h3>\n\n\n\n<p>Embora o mecanismo exato da sarcopenia ainda n\u00e3o esteja totalmente claro, sabe-se que horm\u00f4nios como testosterona, estr\u00f3geno, horm\u00f4nio de crescimento e vitamina D desempenham um papel importante na manuten\u00e7\u00e3o da massa muscular. A nutri\u00e7\u00e3o inadequada e problemas dent\u00e1rios tamb\u00e9m podem afetar essa forma\u00e7\u00e3o.<\/p>\n\n\n\n<h3 class=\"wp-block-heading\">Sarcopenia em Jovens<\/h3>\n\n\n\n<p>Embora a sarcopenia seja mais comum em idosos, pessoas mais jovens tamb\u00e9m podem sofrer com essa condi\u00e7\u00e3o. Isso sugere a exist\u00eancia de mecanismos gen\u00e9ticos que influenciam a sarcopenia em diferentes idades.<\/p>\n\n\n\n<h3 class=\"wp-block-heading\">Diagn\u00f3stico da Sarcopenia<\/h3>\n\n\n\n<p>Para identificar a sarcopenia, existem diversos testes e exames dispon\u00edveis:<\/p>\n\n\n\n<ul class=\"wp-block-list\">\n<li><strong>Densitometria de corpo inteiro<\/strong>: mede a massa \u00f3ssea, muscular e de gordura.<\/li>\n\n\n\n<li><strong>Tomografia computadorizada<\/strong>: avalia a massa muscular apendicular.<\/li>\n\n\n\n<li><strong>Bioimped\u00e2ncia<\/strong> e <strong>medidas da circunfer\u00eancia muscular<\/strong>: embora menos sens\u00edveis, podem ser \u00fateis.<\/li>\n\n\n\n<li><strong>Testes de marcha<\/strong>: avaliam a velocidade de caminhada e a capacidade de levantar e sentar.<\/li>\n<\/ul>\n\n\n\n<h3 class=\"wp-block-heading\">A Import\u00e2ncia de Estudos Locais<\/h3>\n\n\n\n<p>\u00c9 necess\u00e1rio realizar mais estudos brasileiros sobre sarcopenia, uma vez que a maioria das pesquisas dispon\u00edveis s\u00e3o de popula\u00e7\u00f5es europeias. Esses estudos podem ajudar na identifica\u00e7\u00e3o precoce da condi\u00e7\u00e3o, evitando complica\u00e7\u00f5es e promovendo a independ\u00eancia dos idosos.<\/p>\n\n\n\n<h3 class=\"wp-block-heading\">Participa\u00e7\u00e3o na Pesquisa<\/h3>\n\n\n\n<p>A Cl\u00ednica-Escola Promove do <a href=\"https:\/\/saocamilo-sp.br\/\">Centro Universit\u00e1rio S\u00e3o Camilo<\/a> est\u00e1 realizando uma importante pesquisa voltada para a sa\u00fade dos ossos e m\u00fasculos em pessoas acima de 65 anos. Este estudo tem como objetivo entender melhor as necessidades dessa popula\u00e7\u00e3o e buscar formas de melhorar a qualidade de vida.<\/p>\n\n\n\n<p>Se voc\u00ea ou algu\u00e9m que voc\u00ea conhece est\u00e1 interessado em participar, entre em contato conosco! Sua contribui\u00e7\u00e3o \u00e9 valiosa para avan\u00e7armos na pesquisa e desenvolvimento de estrat\u00e9gias que promovam sa\u00fade e bem-estar na terceira idade.<\/p>\n\n\n\n<p>\ud83d\udcde <strong>Telefone para contato<\/strong>: (11) 3206-9600<\/p>\n\n\n\n<h3 class=\"wp-block-heading\">Avalia\u00e7\u00e3o com o SARC-CalF<\/h3>\n\n\n\n<figure class=\"wp-block-table\"><table class=\"has-fixed-layout\"><tbody><tr><td>Componentes<\/td><td>Perguntas<\/td><td>Pontua\u00e7\u00e3o<\/td><\/tr><tr><td>For\u00e7a<\/td><td>O quanto de dificuldade voc\u00ea tem para levantar e carregar 5 kg?<\/td><td>Nenhuma = 0 Alguma = 1 Muita ou n\u00e3o consegue = 2<\/td><\/tr><tr><td>Ajuda para caminhar<\/td><td>O quanto de dificuldade voc\u00ea tem para atravessar um c\u00f4modo?<\/td><td>Nenhuma = 0 Alguma = 1 Muita, usa apoios ou \u00e9 incapaz = 2<\/td><\/tr><tr><td>Levantar-se da cadeira<\/td><td>O quanto de dificuldade voc\u00ea tem para levantar de uma cama ou cadeira?<\/td><td>Nenhuma = 0 Alguma = 1 Muita ou n\u00e3o consegue sem ajuda = 2<\/td><\/tr><tr><td>Subir escadas<\/td><td>O quanto de dificuldade voc\u00ea tem para subir um lance de escadas de 10 degraus?<\/td><td>Nenhuma = 0 Alguma = 1 Muita ou n\u00e3o consegue sem ajuda = 2<\/td><\/tr><tr><td>Quedas<\/td><td>Quantas vezes voc\u00ea caiu no \u00faltimo ano?<\/td><td>Nenhuma = 0 &nbsp; 1-3 quedas = 1 4 ou mais quedas = 2<\/td><\/tr><tr><td>Circunfer\u00eancia da Panturrilha<\/td><td>Medir CP da perna direita com paciente em p\u00e9, com os p\u00e9s afastados 20 cm e com as pernas relaxadas<\/td><td>Mulheres CP &gt; 33 cm = 0, CP \u2264 33 cm = 10 Homens CP &gt; 34 cm = 0 CP \u2264 34 cm = 10<\/td><\/tr><\/tbody><\/table><\/figure>\n\n\n\n<p>Interpreta\u00e7\u00e3o SARC-CalF: \u2265 11 pontos sugestivo de sarcopenia<\/p>\n\n\n\n<p>Fonte: Sociedade Brasileira de Geriatria e Gerontologia.<\/p>\n\n\n\n<p><strong>Veja tamb\u00e9m:<\/strong><\/p>\n\n\n\n<ul class=\"wp-block-list\">\n<li><a href=\"https:\/\/blog.saocamilo-sp.br\/index.php\/2023\/05\/25\/plastinado-von-hagens-sao-camilo-revoluciona-no-ensino\/\"><\/a><a href=\"https:\/\/blog.saocamilo-sp.br\/index.php\/2023\/07\/07\/a-pesquisa-cientifica-no-centro-universitario-sao-camilo\/\" target=\"_blank\" rel=\"noreferrer noopener\"><strong>A valoriza\u00e7\u00e3o da pesquisa cient\u00edfica no Centro Universit\u00e1rio S\u00e3o Camilo<\/strong><\/a><\/li>\n\n\n\n<li><a href=\"https:\/\/blog.saocamilo-sp.br\/index.php\/2024\/03\/25\/clinica-escola\/\" target=\"_blank\" rel=\"noreferrer noopener\"><strong>Pesquisadores da cl\u00ednica-escola PROMOVE publicam artigo em per\u00edodo cient\u00edfico<\/strong><\/a><\/li>\n\n\n\n<li><a href=\"https:\/\/blog.saocamilo-sp.br\/index.php\/2023\/11\/22\/viii-congresso-multiprofissional-da-sao-camilo-uma-celebracao-da-pesquisa\/\" target=\"_blank\" rel=\"noreferrer noopener\"><strong>Cl\u00ednica-escola PROMOVE: 21 anos de excel\u00eancia em sa\u00fade, pesquisa, extens\u00e3o e educa\u00e7\u00e3o<\/strong><\/a><\/li>\n<\/ul>\n\n\n\n<p><\/p>\n","protected":false},"excerpt":{"rendered":"<p>A Cl\u00ednica-Escola Promove realiza pesquisa para entender melhor essa condi\u00e7\u00e3o e melhorar a qualidade de vida dos idosos.<\/p>\n","protected":false},"author":11,"featured_media":3493,"comment_status":"open","ping_status":"open","sticky":false,"template":"","format":"standard","meta":{"cybocfi_hide_featured_image":"","footnotes":""},"categories":[106,91,79],"tags":[93,181],"class_list":["post-3153","post","type-post","status-publish","format-standard","has-post-thumbnail","hentry","category-clinica-escola","category-institucional","category-saude","tag-clinica-escola","tag-sarcopenia"],"yoast_head":"<!-- This site is optimized with the Yoast SEO plugin v27.4 - https:\/\/yoast.com\/product\/yoast-seo-wordpress\/ -->\n<title>Sarcopenia: como a perda muscular relacionada \u00e0 Idade pode impactar sua vida - Blog S\u00e3o Camilo<\/title>\n<meta name=\"description\" content=\"A Cl\u00ednica-Escola Promove do Centro Universit\u00e1rio S\u00e3o Camilo est\u00e1 realizando uma pesquisa para entender melhor essa condi\u00e7\u00e3o e melhorar a qualidade de vida dos idosos.\" \/>\n<meta name=\"robots\" content=\"index, follow, max-snippet:-1, max-image-preview:large, max-video-preview:-1\" \/>\n<link rel=\"canonical\" href=\"https:\/\/blog.saocamilo-sp.br\/index.php\/2025\/04\/01\/entenda-a-sarcopenia-como-a-perda-muscular-relacionada-a-idade-pode-impactar-sua-vida\/\" \/>\n<meta property=\"og:locale\" content=\"pt_BR\" \/>\n<meta property=\"og:type\" content=\"article\" \/>\n<meta property=\"og:title\" content=\"Sarcopenia: como a perda muscular relacionada \u00e0 Idade pode impactar sua vida - Blog S\u00e3o Camilo\" \/>\n<meta property=\"og:description\" content=\"A Cl\u00ednica-Escola Promove do Centro Universit\u00e1rio S\u00e3o Camilo est\u00e1 realizando uma pesquisa para entender melhor essa condi\u00e7\u00e3o e melhorar a qualidade de vida dos idosos.\" \/>\n<meta property=\"og:url\" content=\"https:\/\/blog.saocamilo-sp.br\/index.php\/2025\/04\/01\/entenda-a-sarcopenia-como-a-perda-muscular-relacionada-a-idade-pode-impactar-sua-vida\/\" \/>\n<meta property=\"og:site_name\" content=\"Blog S\u00e3o Camilo\" \/>\n<meta property=\"article:publisher\" content=\"https:\/\/www.facebook.com\/saocamilosp\" \/>\n<meta property=\"article:published_time\" content=\"2025-04-01T20:26:07+00:00\" \/>\n<meta property=\"article:modified_time\" content=\"2025-04-04T13:28:15+00:00\" \/>\n<meta property=\"og:image\" content=\"https:\/\/blog.saocamilo-sp.br\/wp-content\/uploads\/2025\/04\/Pesquisa-Sarcopenia-Promove.png\" \/>\n\t<meta property=\"og:image:width\" content=\"600\" \/>\n\t<meta property=\"og:image:height\" content=\"435\" \/>\n\t<meta property=\"og:image:type\" content=\"image\/png\" \/>\n<meta name=\"author\" content=\"Christopher Oliveira dos Reis\" \/>\n<meta name=\"twitter:card\" content=\"summary_large_image\" \/>\n<meta name=\"twitter:creator\" content=\"@saocamilosp\" \/>\n<meta name=\"twitter:site\" content=\"@saocamilosp\" \/>\n<meta name=\"twitter:label1\" content=\"Escrito por\" \/>\n\t<meta name=\"twitter:data1\" content=\"Christopher Oliveira dos Reis\" \/>\n\t<meta name=\"twitter:label2\" content=\"Est. tempo de leitura\" \/>\n\t<meta name=\"twitter:data2\" content=\"5 minutos\" \/>\n<script type=\"application\/ld+json\" class=\"yoast-schema-graph\">{\"@context\":\"https:\\\/\\\/schema.org\",\"@graph\":[{\"@type\":\"Article\",\"@id\":\"https:\\\/\\\/blog.saocamilo-sp.br\\\/index.php\\\/2025\\\/04\\\/01\\\/entenda-a-sarcopenia-como-a-perda-muscular-relacionada-a-idade-pode-impactar-sua-vida\\\/#article\",\"isPartOf\":{\"@id\":\"https:\\\/\\\/blog.saocamilo-sp.br\\\/index.php\\\/2025\\\/04\\\/01\\\/entenda-a-sarcopenia-como-a-perda-muscular-relacionada-a-idade-pode-impactar-sua-vida\\\/\"},\"author\":{\"name\":\"Christopher Oliveira dos Reis\",\"@id\":\"https:\\\/\\\/blog.saocamilo-sp.br\\\/#\\\/schema\\\/person\\\/7dce5f342af0848eb2f06778b2737904\"},\"headline\":\"Sarcopenia: como a perda muscular relacionada \u00e0 Idade pode impactar sua vida\",\"datePublished\":\"2025-04-01T20:26:07+00:00\",\"dateModified\":\"2025-04-04T13:28:15+00:00\",\"mainEntityOfPage\":{\"@id\":\"https:\\\/\\\/blog.saocamilo-sp.br\\\/index.php\\\/2025\\\/04\\\/01\\\/entenda-a-sarcopenia-como-a-perda-muscular-relacionada-a-idade-pode-impactar-sua-vida\\\/\"},\"wordCount\":734,\"commentCount\":0,\"publisher\":{\"@id\":\"https:\\\/\\\/blog.saocamilo-sp.br\\\/#organization\"},\"image\":{\"@id\":\"https:\\\/\\\/blog.saocamilo-sp.br\\\/index.php\\\/2025\\\/04\\\/01\\\/entenda-a-sarcopenia-como-a-perda-muscular-relacionada-a-idade-pode-impactar-sua-vida\\\/#primaryimage\"},\"thumbnailUrl\":\"https:\\\/\\\/blog.saocamilo-sp.br\\\/wp-content\\\/uploads\\\/2025\\\/04\\\/Pesquisa-Sarcopenia-Promove.png\",\"keywords\":[\"cl\u00ednica-escola\",\"sarcopenia\"],\"articleSection\":[\"Cl\u00ednica-escola\",\"Institucional\",\"Sa\u00fade\"],\"inLanguage\":\"pt-BR\",\"potentialAction\":[{\"@type\":\"CommentAction\",\"name\":\"Comment\",\"target\":[\"https:\\\/\\\/blog.saocamilo-sp.br\\\/index.php\\\/2025\\\/04\\\/01\\\/entenda-a-sarcopenia-como-a-perda-muscular-relacionada-a-idade-pode-impactar-sua-vida\\\/#respond\"]}]},{\"@type\":\"WebPage\",\"@id\":\"https:\\\/\\\/blog.saocamilo-sp.br\\\/index.php\\\/2025\\\/04\\\/01\\\/entenda-a-sarcopenia-como-a-perda-muscular-relacionada-a-idade-pode-impactar-sua-vida\\\/\",\"url\":\"https:\\\/\\\/blog.saocamilo-sp.br\\\/index.php\\\/2025\\\/04\\\/01\\\/entenda-a-sarcopenia-como-a-perda-muscular-relacionada-a-idade-pode-impactar-sua-vida\\\/\",\"name\":\"Sarcopenia: como a perda muscular relacionada \u00e0 Idade pode impactar sua vida - Blog S\u00e3o Camilo\",\"isPartOf\":{\"@id\":\"https:\\\/\\\/blog.saocamilo-sp.br\\\/#website\"},\"primaryImageOfPage\":{\"@id\":\"https:\\\/\\\/blog.saocamilo-sp.br\\\/index.php\\\/2025\\\/04\\\/01\\\/entenda-a-sarcopenia-como-a-perda-muscular-relacionada-a-idade-pode-impactar-sua-vida\\\/#primaryimage\"},\"image\":{\"@id\":\"https:\\\/\\\/blog.saocamilo-sp.br\\\/index.php\\\/2025\\\/04\\\/01\\\/entenda-a-sarcopenia-como-a-perda-muscular-relacionada-a-idade-pode-impactar-sua-vida\\\/#primaryimage\"},\"thumbnailUrl\":\"https:\\\/\\\/blog.saocamilo-sp.br\\\/wp-content\\\/uploads\\\/2025\\\/04\\\/Pesquisa-Sarcopenia-Promove.png\",\"datePublished\":\"2025-04-01T20:26:07+00:00\",\"dateModified\":\"2025-04-04T13:28:15+00:00\",\"description\":\"A Cl\u00ednica-Escola Promove do Centro Universit\u00e1rio S\u00e3o Camilo est\u00e1 realizando uma pesquisa para entender melhor essa condi\u00e7\u00e3o e melhorar a qualidade de vida dos idosos.\",\"breadcrumb\":{\"@id\":\"https:\\\/\\\/blog.saocamilo-sp.br\\\/index.php\\\/2025\\\/04\\\/01\\\/entenda-a-sarcopenia-como-a-perda-muscular-relacionada-a-idade-pode-impactar-sua-vida\\\/#breadcrumb\"},\"inLanguage\":\"pt-BR\",\"potentialAction\":[{\"@type\":\"ReadAction\",\"target\":[\"https:\\\/\\\/blog.saocamilo-sp.br\\\/index.php\\\/2025\\\/04\\\/01\\\/entenda-a-sarcopenia-como-a-perda-muscular-relacionada-a-idade-pode-impactar-sua-vida\\\/\"]}]},{\"@type\":\"ImageObject\",\"inLanguage\":\"pt-BR\",\"@id\":\"https:\\\/\\\/blog.saocamilo-sp.br\\\/index.php\\\/2025\\\/04\\\/01\\\/entenda-a-sarcopenia-como-a-perda-muscular-relacionada-a-idade-pode-impactar-sua-vida\\\/#primaryimage\",\"url\":\"https:\\\/\\\/blog.saocamilo-sp.br\\\/wp-content\\\/uploads\\\/2025\\\/04\\\/Pesquisa-Sarcopenia-Promove.png\",\"contentUrl\":\"https:\\\/\\\/blog.saocamilo-sp.br\\\/wp-content\\\/uploads\\\/2025\\\/04\\\/Pesquisa-Sarcopenia-Promove.png\",\"width\":600,\"height\":435,\"caption\":\"Pesquisa Sarcopenia\"},{\"@type\":\"BreadcrumbList\",\"@id\":\"https:\\\/\\\/blog.saocamilo-sp.br\\\/index.php\\\/2025\\\/04\\\/01\\\/entenda-a-sarcopenia-como-a-perda-muscular-relacionada-a-idade-pode-impactar-sua-vida\\\/#breadcrumb\",\"itemListElement\":[{\"@type\":\"ListItem\",\"position\":1,\"name\":\"In\u00edcio\",\"item\":\"https:\\\/\\\/blog.saocamilo-sp.br\\\/\"},{\"@type\":\"ListItem\",\"position\":2,\"name\":\"Sarcopenia: como a perda muscular relacionada \u00e0 Idade pode impactar sua vida\"}]},{\"@type\":\"WebSite\",\"@id\":\"https:\\\/\\\/blog.saocamilo-sp.br\\\/#website\",\"url\":\"https:\\\/\\\/blog.saocamilo-sp.br\\\/\",\"name\":\"Blog S\u00e3o Camilo\",\"description\":\"Blog do Centro Universit\u00e1rio S\u00e3o Camilo\",\"publisher\":{\"@id\":\"https:\\\/\\\/blog.saocamilo-sp.br\\\/#organization\"},\"potentialAction\":[{\"@type\":\"SearchAction\",\"target\":{\"@type\":\"EntryPoint\",\"urlTemplate\":\"https:\\\/\\\/blog.saocamilo-sp.br\\\/?s={search_term_string}\"},\"query-input\":{\"@type\":\"PropertyValueSpecification\",\"valueRequired\":true,\"valueName\":\"search_term_string\"}}],\"inLanguage\":\"pt-BR\"},{\"@type\":\"Organization\",\"@id\":\"https:\\\/\\\/blog.saocamilo-sp.br\\\/#organization\",\"name\":\"Blog S\u00e3o Camilo\",\"url\":\"https:\\\/\\\/blog.saocamilo-sp.br\\\/\",\"logo\":{\"@type\":\"ImageObject\",\"inLanguage\":\"pt-BR\",\"@id\":\"https:\\\/\\\/blog.saocamilo-sp.br\\\/#\\\/schema\\\/logo\\\/image\\\/\",\"url\":\"https:\\\/\\\/blog.saocamilo-sp.br\\\/wp-content\\\/uploads\\\/2021\\\/12\\\/cropped-vazio-logo-topo.png\",\"contentUrl\":\"https:\\\/\\\/blog.saocamilo-sp.br\\\/wp-content\\\/uploads\\\/2021\\\/12\\\/cropped-vazio-logo-topo.png\",\"width\":320,\"height\":240,\"caption\":\"Blog S\u00e3o Camilo\"},\"image\":{\"@id\":\"https:\\\/\\\/blog.saocamilo-sp.br\\\/#\\\/schema\\\/logo\\\/image\\\/\"},\"sameAs\":[\"https:\\\/\\\/www.facebook.com\\\/saocamilosp\",\"https:\\\/\\\/x.com\\\/saocamilosp\",\"https:\\\/\\\/www.linkedin.com\\\/school\\\/centro-universit-rio-s-o-camilo\\\/\"]},{\"@type\":\"Person\",\"@id\":\"https:\\\/\\\/blog.saocamilo-sp.br\\\/#\\\/schema\\\/person\\\/7dce5f342af0848eb2f06778b2737904\",\"name\":\"Christopher Oliveira dos Reis\",\"image\":{\"@type\":\"ImageObject\",\"inLanguage\":\"pt-BR\",\"@id\":\"https:\\\/\\\/secure.gravatar.com\\\/avatar\\\/b09a1361215d06f22999124838358b6855376e2b7287de883b723960b0c03f82?s=96&d=mm&r=g\",\"url\":\"https:\\\/\\\/secure.gravatar.com\\\/avatar\\\/b09a1361215d06f22999124838358b6855376e2b7287de883b723960b0c03f82?s=96&d=mm&r=g\",\"contentUrl\":\"https:\\\/\\\/secure.gravatar.com\\\/avatar\\\/b09a1361215d06f22999124838358b6855376e2b7287de883b723960b0c03f82?s=96&d=mm&r=g\",\"caption\":\"Christopher Oliveira dos Reis\"},\"url\":\"https:\\\/\\\/blog.saocamilo-sp.br\\\/index.php\\\/author\\\/christopher-reis\\\/\"}]}<\/script>\n<!-- \/ Yoast SEO plugin. -->","yoast_head_json":{"title":"Sarcopenia: como a perda muscular relacionada \u00e0 Idade pode impactar sua vida - Blog S\u00e3o Camilo","description":"A Cl\u00ednica-Escola Promove do Centro Universit\u00e1rio S\u00e3o Camilo est\u00e1 realizando uma pesquisa para entender melhor essa condi\u00e7\u00e3o e melhorar a qualidade de vida dos idosos.","robots":{"index":"index","follow":"follow","max-snippet":"max-snippet:-1","max-image-preview":"max-image-preview:large","max-video-preview":"max-video-preview:-1"},"canonical":"https:\/\/blog.saocamilo-sp.br\/index.php\/2025\/04\/01\/entenda-a-sarcopenia-como-a-perda-muscular-relacionada-a-idade-pode-impactar-sua-vida\/","og_locale":"pt_BR","og_type":"article","og_title":"Sarcopenia: como a perda muscular relacionada \u00e0 Idade pode impactar sua vida - Blog S\u00e3o Camilo","og_description":"A Cl\u00ednica-Escola Promove do Centro Universit\u00e1rio S\u00e3o Camilo est\u00e1 realizando uma pesquisa para entender melhor essa condi\u00e7\u00e3o e melhorar a qualidade de vida dos idosos.","og_url":"https:\/\/blog.saocamilo-sp.br\/index.php\/2025\/04\/01\/entenda-a-sarcopenia-como-a-perda-muscular-relacionada-a-idade-pode-impactar-sua-vida\/","og_site_name":"Blog S\u00e3o Camilo","article_publisher":"https:\/\/www.facebook.com\/saocamilosp","article_published_time":"2025-04-01T20:26:07+00:00","article_modified_time":"2025-04-04T13:28:15+00:00","og_image":[{"width":600,"height":435,"url":"https:\/\/blog.saocamilo-sp.br\/wp-content\/uploads\/2025\/04\/Pesquisa-Sarcopenia-Promove.png","type":"image\/png"}],"author":"Christopher Oliveira dos Reis","twitter_card":"summary_large_image","twitter_creator":"@saocamilosp","twitter_site":"@saocamilosp","twitter_misc":{"Escrito por":"Christopher Oliveira dos Reis","Est. tempo de leitura":"5 minutos"},"schema":{"@context":"https:\/\/schema.org","@graph":[{"@type":"Article","@id":"https:\/\/blog.saocamilo-sp.br\/index.php\/2025\/04\/01\/entenda-a-sarcopenia-como-a-perda-muscular-relacionada-a-idade-pode-impactar-sua-vida\/#article","isPartOf":{"@id":"https:\/\/blog.saocamilo-sp.br\/index.php\/2025\/04\/01\/entenda-a-sarcopenia-como-a-perda-muscular-relacionada-a-idade-pode-impactar-sua-vida\/"},"author":{"name":"Christopher Oliveira dos Reis","@id":"https:\/\/blog.saocamilo-sp.br\/#\/schema\/person\/7dce5f342af0848eb2f06778b2737904"},"headline":"Sarcopenia: como a perda muscular relacionada \u00e0 Idade pode impactar sua vida","datePublished":"2025-04-01T20:26:07+00:00","dateModified":"2025-04-04T13:28:15+00:00","mainEntityOfPage":{"@id":"https:\/\/blog.saocamilo-sp.br\/index.php\/2025\/04\/01\/entenda-a-sarcopenia-como-a-perda-muscular-relacionada-a-idade-pode-impactar-sua-vida\/"},"wordCount":734,"commentCount":0,"publisher":{"@id":"https:\/\/blog.saocamilo-sp.br\/#organization"},"image":{"@id":"https:\/\/blog.saocamilo-sp.br\/index.php\/2025\/04\/01\/entenda-a-sarcopenia-como-a-perda-muscular-relacionada-a-idade-pode-impactar-sua-vida\/#primaryimage"},"thumbnailUrl":"https:\/\/blog.saocamilo-sp.br\/wp-content\/uploads\/2025\/04\/Pesquisa-Sarcopenia-Promove.png","keywords":["cl\u00ednica-escola","sarcopenia"],"articleSection":["Cl\u00ednica-escola","Institucional","Sa\u00fade"],"inLanguage":"pt-BR","potentialAction":[{"@type":"CommentAction","name":"Comment","target":["https:\/\/blog.saocamilo-sp.br\/index.php\/2025\/04\/01\/entenda-a-sarcopenia-como-a-perda-muscular-relacionada-a-idade-pode-impactar-sua-vida\/#respond"]}]},{"@type":"WebPage","@id":"https:\/\/blog.saocamilo-sp.br\/index.php\/2025\/04\/01\/entenda-a-sarcopenia-como-a-perda-muscular-relacionada-a-idade-pode-impactar-sua-vida\/","url":"https:\/\/blog.saocamilo-sp.br\/index.php\/2025\/04\/01\/entenda-a-sarcopenia-como-a-perda-muscular-relacionada-a-idade-pode-impactar-sua-vida\/","name":"Sarcopenia: como a perda muscular relacionada \u00e0 Idade pode impactar sua vida - Blog S\u00e3o Camilo","isPartOf":{"@id":"https:\/\/blog.saocamilo-sp.br\/#website"},"primaryImageOfPage":{"@id":"https:\/\/blog.saocamilo-sp.br\/index.php\/2025\/04\/01\/entenda-a-sarcopenia-como-a-perda-muscular-relacionada-a-idade-pode-impactar-sua-vida\/#primaryimage"},"image":{"@id":"https:\/\/blog.saocamilo-sp.br\/index.php\/2025\/04\/01\/entenda-a-sarcopenia-como-a-perda-muscular-relacionada-a-idade-pode-impactar-sua-vida\/#primaryimage"},"thumbnailUrl":"https:\/\/blog.saocamilo-sp.br\/wp-content\/uploads\/2025\/04\/Pesquisa-Sarcopenia-Promove.png","datePublished":"2025-04-01T20:26:07+00:00","dateModified":"2025-04-04T13:28:15+00:00","description":"A Cl\u00ednica-Escola Promove do Centro Universit\u00e1rio S\u00e3o Camilo est\u00e1 realizando uma pesquisa para entender melhor essa condi\u00e7\u00e3o e melhorar a qualidade de vida dos idosos.","breadcrumb":{"@id":"https:\/\/blog.saocamilo-sp.br\/index.php\/2025\/04\/01\/entenda-a-sarcopenia-como-a-perda-muscular-relacionada-a-idade-pode-impactar-sua-vida\/#breadcrumb"},"inLanguage":"pt-BR","potentialAction":[{"@type":"ReadAction","target":["https:\/\/blog.saocamilo-sp.br\/index.php\/2025\/04\/01\/entenda-a-sarcopenia-como-a-perda-muscular-relacionada-a-idade-pode-impactar-sua-vida\/"]}]},{"@type":"ImageObject","inLanguage":"pt-BR","@id":"https:\/\/blog.saocamilo-sp.br\/index.php\/2025\/04\/01\/entenda-a-sarcopenia-como-a-perda-muscular-relacionada-a-idade-pode-impactar-sua-vida\/#primaryimage","url":"https:\/\/blog.saocamilo-sp.br\/wp-content\/uploads\/2025\/04\/Pesquisa-Sarcopenia-Promove.png","contentUrl":"https:\/\/blog.saocamilo-sp.br\/wp-content\/uploads\/2025\/04\/Pesquisa-Sarcopenia-Promove.png","width":600,"height":435,"caption":"Pesquisa Sarcopenia"},{"@type":"BreadcrumbList","@id":"https:\/\/blog.saocamilo-sp.br\/index.php\/2025\/04\/01\/entenda-a-sarcopenia-como-a-perda-muscular-relacionada-a-idade-pode-impactar-sua-vida\/#breadcrumb","itemListElement":[{"@type":"ListItem","position":1,"name":"In\u00edcio","item":"https:\/\/blog.saocamilo-sp.br\/"},{"@type":"ListItem","position":2,"name":"Sarcopenia: como a perda muscular relacionada \u00e0 Idade pode impactar sua vida"}]},{"@type":"WebSite","@id":"https:\/\/blog.saocamilo-sp.br\/#website","url":"https:\/\/blog.saocamilo-sp.br\/","name":"Blog S\u00e3o Camilo","description":"Blog do Centro Universit\u00e1rio S\u00e3o Camilo","publisher":{"@id":"https:\/\/blog.saocamilo-sp.br\/#organization"},"potentialAction":[{"@type":"SearchAction","target":{"@type":"EntryPoint","urlTemplate":"https:\/\/blog.saocamilo-sp.br\/?s={search_term_string}"},"query-input":{"@type":"PropertyValueSpecification","valueRequired":true,"valueName":"search_term_string"}}],"inLanguage":"pt-BR"},{"@type":"Organization","@id":"https:\/\/blog.saocamilo-sp.br\/#organization","name":"Blog S\u00e3o Camilo","url":"https:\/\/blog.saocamilo-sp.br\/","logo":{"@type":"ImageObject","inLanguage":"pt-BR","@id":"https:\/\/blog.saocamilo-sp.br\/#\/schema\/logo\/image\/","url":"https:\/\/blog.saocamilo-sp.br\/wp-content\/uploads\/2021\/12\/cropped-vazio-logo-topo.png","contentUrl":"https:\/\/blog.saocamilo-sp.br\/wp-content\/uploads\/2021\/12\/cropped-vazio-logo-topo.png","width":320,"height":240,"caption":"Blog S\u00e3o Camilo"},"image":{"@id":"https:\/\/blog.saocamilo-sp.br\/#\/schema\/logo\/image\/"},"sameAs":["https:\/\/www.facebook.com\/saocamilosp","https:\/\/x.com\/saocamilosp","https:\/\/www.linkedin.com\/school\/centro-universit-rio-s-o-camilo\/"]},{"@type":"Person","@id":"https:\/\/blog.saocamilo-sp.br\/#\/schema\/person\/7dce5f342af0848eb2f06778b2737904","name":"Christopher Oliveira dos Reis","image":{"@type":"ImageObject","inLanguage":"pt-BR","@id":"https:\/\/secure.gravatar.com\/avatar\/b09a1361215d06f22999124838358b6855376e2b7287de883b723960b0c03f82?s=96&d=mm&r=g","url":"https:\/\/secure.gravatar.com\/avatar\/b09a1361215d06f22999124838358b6855376e2b7287de883b723960b0c03f82?s=96&d=mm&r=g","contentUrl":"https:\/\/secure.gravatar.com\/avatar\/b09a1361215d06f22999124838358b6855376e2b7287de883b723960b0c03f82?s=96&d=mm&r=g","caption":"Christopher Oliveira dos Reis"},"url":"https:\/\/blog.saocamilo-sp.br\/index.php\/author\/christopher-reis\/"}]}},"_links":{"self":[{"href":"https:\/\/blog.saocamilo-sp.br\/index.php\/wp-json\/wp\/v2\/posts\/3153","targetHints":{"allow":["GET"]}}],"collection":[{"href":"https:\/\/blog.saocamilo-sp.br\/index.php\/wp-json\/wp\/v2\/posts"}],"about":[{"href":"https:\/\/blog.saocamilo-sp.br\/index.php\/wp-json\/wp\/v2\/types\/post"}],"author":[{"embeddable":true,"href":"https:\/\/blog.saocamilo-sp.br\/index.php\/wp-json\/wp\/v2\/users\/11"}],"replies":[{"embeddable":true,"href":"https:\/\/blog.saocamilo-sp.br\/index.php\/wp-json\/wp\/v2\/comments?post=3153"}],"version-history":[{"count":7,"href":"https:\/\/blog.saocamilo-sp.br\/index.php\/wp-json\/wp\/v2\/posts\/3153\/revisions"}],"predecessor-version":[{"id":3498,"href":"https:\/\/blog.saocamilo-sp.br\/index.php\/wp-json\/wp\/v2\/posts\/3153\/revisions\/3498"}],"wp:featuredmedia":[{"embeddable":true,"href":"https:\/\/blog.saocamilo-sp.br\/index.php\/wp-json\/wp\/v2\/media\/3493"}],"wp:attachment":[{"href":"https:\/\/blog.saocamilo-sp.br\/index.php\/wp-json\/wp\/v2\/media?parent=3153"}],"wp:term":[{"taxonomy":"category","embeddable":true,"href":"https:\/\/blog.saocamilo-sp.br\/index.php\/wp-json\/wp\/v2\/categories?post=3153"},{"taxonomy":"post_tag","embeddable":true,"href":"https:\/\/blog.saocamilo-sp.br\/index.php\/wp-json\/wp\/v2\/tags?post=3153"}],"curies":[{"name":"wp","href":"https:\/\/api.w.org\/{rel}","templated":true}]}}