{"id":3166,"date":"2024-10-22T15:42:55","date_gmt":"2024-10-22T18:42:55","guid":{"rendered":"https:\/\/blog.saocamilo-sp.br\/?p=3166"},"modified":"2024-10-23T09:45:21","modified_gmt":"2024-10-23T12:45:21","slug":"transgenero","status":"publish","type":"post","link":"https:\/\/blog.saocamilo-sp.br\/index.php\/2024\/10\/22\/transgenero\/","title":{"rendered":"C\u00e2ncer de mama em pessoas transg\u00eanero: entenda!"},"content":{"rendered":"\n<p>O c\u00e2ncer de mama \u00e9 um dos tipos de c\u00e2ncer mais comuns em mulheres cisg\u00eanero. Com a maior busca de pessoas transg\u00eanero por servi\u00e7os de sa\u00fade com fins do uso de horm\u00f4nios para afirma\u00e7\u00e3o de g\u00eanero, surge a d\u00favida sobre o risco dessa doen\u00e7a em mulheres trans em uso de estr\u00f3geno e homens trans em uso de testosterona. Entender as particularidades da intera\u00e7\u00e3o entre as caracter\u00edsticas biol\u00f3gicas e o uso de horm\u00f4nios \u00e9 essencial para garantir a sa\u00fade e a preven\u00e7\u00e3o adequada de todos<\/p>\n\n\n\n<p>\u00c9 fundamental que profissionais da sa\u00fade estejam preparados para oferecer um atendimento inclusivo e embasado nas necessidades espec\u00edficas das pessoas transg\u00eanero. Assim, \u00e9 poss\u00edvel promover uma abordagem de sa\u00fade mais humana, eficaz e adequada a cada indiv\u00edduo.<\/p>\n\n\n\n<h3 class=\"wp-block-heading\">Mulheres Trans e o Risco de C\u00e2ncer de Mama<\/h3>\n\n\n\n<p>H\u00e1 grande preocupa\u00e7\u00e3o com mulheres transg\u00eanero em uso de estr\u00f3geno para afirma\u00e7\u00e3o de g\u00eanero, fundamental para desenvolvimentos dos caracteres corporais femininos. Por\u00e9m, como explicou o Dr. Leonardo Azevedo Mobilia Alvares, professor de Medicina do Centro Universit\u00e1rio S\u00e3o Camilo conforme publica\u00e7\u00f5es de estudos internacionais:<\/p>\n\n\n\n<blockquote class=\"wp-block-quote is-layout-flow wp-block-quote-is-layout-flow\">\n<p>&#8220;Mulheres trans em uso de estrog\u00eanio possuem risco de c\u00e2ncer de mama menor do que mulheres cisg\u00eanero, por\u00e9m maior do que homens cisg\u00eanero&#8221;<\/p>\n<\/blockquote>\n\n\n\n<h3 class=\"wp-block-heading\">Homens Trans e C\u00e2ncer de Mama<\/h3>\n\n\n\n<p>Homens transg\u00eanero, por outro lado, apresentam um cen\u00e1rio distinto. Aqueles que fazem uso de testosterona t\u00eam um risco de c\u00e2ncer de mama significativamente menor do que mulheres cisg\u00eanero, como refor\u00e7a o Dr. Leonardo. Ele explica que,<\/p>\n\n\n\n<blockquote class=\"wp-block-quote is-layout-flow wp-block-quote-is-layout-flow\">\n<p>&#8220;Homens trans em uso de testosterona possuem risco de c\u00e2ncer de mama menor do que mulheres cisg\u00eanero, ou seja, n\u00e3o h\u00e1 riscos de aumento de taxas de c\u00e2ncer de mama.&#8221;<\/p>\n<\/blockquote>\n\n\n\n<h3 class=\"wp-block-heading\">Preven\u00e7\u00e3o de C\u00e2ncer de Mama em Mulheres e Homens transg\u00eanero<\/h3>\n\n\n\n<p>A detec\u00e7\u00e3o precoce \u00e9 um dos fatores mais importantes para garantir um tratamento eficaz, menos invasivo e com maior chance de cura.<br>A realiza\u00e7\u00e3o de exames peri\u00f3dicos \u00e9 importante em mulheres trans em uso de estr\u00f3genos e homens trans que n\u00e3o realizaram mastectomia. A <a href=\"https:\/\/www.wpath.org\/\">WPATH (World Professional Association for Transgender Health)<\/a> sugere que o rastreio da doen\u00e7a na popula\u00e7\u00e3o trans siga os mesmos guidelines da popula\u00e7\u00e3o cis no pa\u00eds de origem.<br>Em mulheres trans em que haja fatores de risco pessoais que aumentem a chance de c\u00e2ncer mama, o rastreio pode ser feito a partir do quinto ano do uso de horm\u00f4nios.<\/p>\n\n\n\n<p>Independentemente do g\u00eanero ou da terapia hormonal utilizada, cuidar da sa\u00fade \u00e9 um ato essencial para todos. Ao compreender o cen\u00e1rio de c\u00e2ncer de mama em homens e mulheres trans, fica claro que o acompanhamento m\u00e9dico e a preven\u00e7\u00e3o devem ser dirigidos tamb\u00e9m a esta popula\u00e7\u00e3o.<\/p>\n\n\n\n<p>Veja mais:<\/p>\n\n\n\n<ul class=\"wp-block-list\">\n<li><a href=\"https:\/\/blog.saocamilo-sp.br\/index.php\/2024\/04\/12\/docentes-da-sao-camilo-sao-selecionados-para-o-programa-de-global-summer-da-upaep\/\">Atletas trans e cis s\u00e3o t\u00e3o diferentes assim? Pesquisa brasileira investiga<\/a><\/li>\n\n\n\n<li><a href=\"https:\/\/blog.saocamilo-sp.br\/index.php\/2023\/09\/21\/o-nucleo-de-acessibilidade-pedagogica-nape-e-a-educacao-inclusiva-no-centro-universitario-sao-camilo\/\">O N\u00facleo de Acessibilidade Pedag\u00f3gica e a Educa\u00e7\u00e3o Inclusiva na S\u00e3o Camilo<\/a><\/li>\n<\/ul>\n\n\n\n<iframe loading=\"lazy\" src=\"https:\/\/saocamilo.apprbs.com.br\/tenho-interesse-blog\" height=\"530px\" width=\"100%\" frameborder=\"0\"><\/iframe>\n","protected":false},"excerpt":{"rendered":"<p>O c\u00e2ncer de mama \u00e9 um dos tipos de c\u00e2ncer mais comuns em mulheres cisg\u00eanero. Com a maior busca de pessoas transg\u00eanero por servi\u00e7os de sa\u00fade.<\/p>\n","protected":false},"author":4,"featured_media":3167,"comment_status":"open","ping_status":"open","sticky":false,"template":"","format":"standard","meta":{"cybocfi_hide_featured_image":"","footnotes":""},"categories":[1],"tags":[],"class_list":["post-3166","post","type-post","status-publish","format-standard","has-post-thumbnail","hentry","category-cursos"],"yoast_head":"<!-- This site is optimized with the Yoast SEO plugin v27.5 - https:\/\/yoast.com\/product\/yoast-seo-wordpress\/ -->\n<title>C\u00e2ncer de mama em pessoas transg\u00eanero: entenda! - Blog S\u00e3o Camilo<\/title>\n<meta name=\"description\" content=\"O c\u00e2ncer de mama \u00e9 um dos tipos de c\u00e2ncer mais comuns em mulheres cisg\u00eanero. Com a maior busca de pessoas transg\u00eanero por servi\u00e7os de sa\u00fade.\" \/>\n<meta name=\"robots\" content=\"index, follow, max-snippet:-1, max-image-preview:large, max-video-preview:-1\" \/>\n<link rel=\"canonical\" href=\"https:\/\/blog.saocamilo-sp.br\/index.php\/2024\/10\/22\/transgenero\/\" \/>\n<meta property=\"og:locale\" content=\"pt_BR\" \/>\n<meta property=\"og:type\" content=\"article\" \/>\n<meta property=\"og:title\" content=\"C\u00e2ncer de mama em pessoas transg\u00eanero: entenda! - Blog S\u00e3o Camilo\" \/>\n<meta property=\"og:description\" content=\"O c\u00e2ncer de mama \u00e9 um dos tipos de c\u00e2ncer mais comuns em mulheres cisg\u00eanero. Com a maior busca de pessoas transg\u00eanero por servi\u00e7os de sa\u00fade.\" \/>\n<meta property=\"og:url\" content=\"https:\/\/blog.saocamilo-sp.br\/index.php\/2024\/10\/22\/transgenero\/\" \/>\n<meta property=\"og:site_name\" content=\"Blog S\u00e3o Camilo\" \/>\n<meta property=\"article:publisher\" content=\"https:\/\/www.facebook.com\/saocamilosp\" \/>\n<meta property=\"article:published_time\" content=\"2024-10-22T18:42:55+00:00\" \/>\n<meta property=\"article:modified_time\" content=\"2024-10-23T12:45:21+00:00\" \/>\n<meta property=\"og:image\" content=\"https:\/\/blog.saocamilo-sp.br\/wp-content\/uploads\/2024\/10\/Design-sem-nome-4.png\" \/>\n\t<meta property=\"og:image:width\" content=\"1920\" \/>\n\t<meta property=\"og:image:height\" content=\"1080\" \/>\n\t<meta property=\"og:image:type\" content=\"image\/png\" \/>\n<meta name=\"author\" content=\"Lucas Soares Gon\u00e7alves\" \/>\n<meta name=\"twitter:card\" content=\"summary_large_image\" \/>\n<meta name=\"twitter:creator\" content=\"@saocamilosp\" \/>\n<meta name=\"twitter:site\" content=\"@saocamilosp\" \/>\n<meta name=\"twitter:label1\" content=\"Escrito por\" \/>\n\t<meta name=\"twitter:data1\" content=\"Lucas Soares Gon\u00e7alves\" \/>\n\t<meta name=\"twitter:label2\" content=\"Est. tempo de leitura\" \/>\n\t<meta name=\"twitter:data2\" content=\"3 minutos\" \/>\n<script type=\"application\/ld+json\" class=\"yoast-schema-graph\">{\"@context\":\"https:\\\/\\\/schema.org\",\"@graph\":[{\"@type\":\"Article\",\"@id\":\"https:\\\/\\\/blog.saocamilo-sp.br\\\/index.php\\\/2024\\\/10\\\/22\\\/transgenero\\\/#article\",\"isPartOf\":{\"@id\":\"https:\\\/\\\/blog.saocamilo-sp.br\\\/index.php\\\/2024\\\/10\\\/22\\\/transgenero\\\/\"},\"author\":{\"name\":\"Lucas Soares Gon\u00e7alves\",\"@id\":\"https:\\\/\\\/blog.saocamilo-sp.br\\\/#\\\/schema\\\/person\\\/781135418152912d4b58f2db13a2eaf0\"},\"headline\":\"C\u00e2ncer de mama em pessoas transg\u00eanero: entenda!\",\"datePublished\":\"2024-10-22T18:42:55+00:00\",\"dateModified\":\"2024-10-23T12:45:21+00:00\",\"mainEntityOfPage\":{\"@id\":\"https:\\\/\\\/blog.saocamilo-sp.br\\\/index.php\\\/2024\\\/10\\\/22\\\/transgenero\\\/\"},\"wordCount\":531,\"commentCount\":0,\"publisher\":{\"@id\":\"https:\\\/\\\/blog.saocamilo-sp.br\\\/#organization\"},\"image\":{\"@id\":\"https:\\\/\\\/blog.saocamilo-sp.br\\\/index.php\\\/2024\\\/10\\\/22\\\/transgenero\\\/#primaryimage\"},\"thumbnailUrl\":\"https:\\\/\\\/blog.saocamilo-sp.br\\\/wp-content\\\/uploads\\\/2024\\\/10\\\/Design-sem-nome-4.png\",\"articleSection\":[\"Cursos\"],\"inLanguage\":\"pt-BR\",\"potentialAction\":[{\"@type\":\"CommentAction\",\"name\":\"Comment\",\"target\":[\"https:\\\/\\\/blog.saocamilo-sp.br\\\/index.php\\\/2024\\\/10\\\/22\\\/transgenero\\\/#respond\"]}]},{\"@type\":\"WebPage\",\"@id\":\"https:\\\/\\\/blog.saocamilo-sp.br\\\/index.php\\\/2024\\\/10\\\/22\\\/transgenero\\\/\",\"url\":\"https:\\\/\\\/blog.saocamilo-sp.br\\\/index.php\\\/2024\\\/10\\\/22\\\/transgenero\\\/\",\"name\":\"C\u00e2ncer de mama em pessoas transg\u00eanero: entenda! - Blog S\u00e3o Camilo\",\"isPartOf\":{\"@id\":\"https:\\\/\\\/blog.saocamilo-sp.br\\\/#website\"},\"primaryImageOfPage\":{\"@id\":\"https:\\\/\\\/blog.saocamilo-sp.br\\\/index.php\\\/2024\\\/10\\\/22\\\/transgenero\\\/#primaryimage\"},\"image\":{\"@id\":\"https:\\\/\\\/blog.saocamilo-sp.br\\\/index.php\\\/2024\\\/10\\\/22\\\/transgenero\\\/#primaryimage\"},\"thumbnailUrl\":\"https:\\\/\\\/blog.saocamilo-sp.br\\\/wp-content\\\/uploads\\\/2024\\\/10\\\/Design-sem-nome-4.png\",\"datePublished\":\"2024-10-22T18:42:55+00:00\",\"dateModified\":\"2024-10-23T12:45:21+00:00\",\"description\":\"O c\u00e2ncer de mama \u00e9 um dos tipos de c\u00e2ncer mais comuns em mulheres cisg\u00eanero. Com a maior busca de pessoas transg\u00eanero por servi\u00e7os de sa\u00fade.\",\"breadcrumb\":{\"@id\":\"https:\\\/\\\/blog.saocamilo-sp.br\\\/index.php\\\/2024\\\/10\\\/22\\\/transgenero\\\/#breadcrumb\"},\"inLanguage\":\"pt-BR\",\"potentialAction\":[{\"@type\":\"ReadAction\",\"target\":[\"https:\\\/\\\/blog.saocamilo-sp.br\\\/index.php\\\/2024\\\/10\\\/22\\\/transgenero\\\/\"]}]},{\"@type\":\"ImageObject\",\"inLanguage\":\"pt-BR\",\"@id\":\"https:\\\/\\\/blog.saocamilo-sp.br\\\/index.php\\\/2024\\\/10\\\/22\\\/transgenero\\\/#primaryimage\",\"url\":\"https:\\\/\\\/blog.saocamilo-sp.br\\\/wp-content\\\/uploads\\\/2024\\\/10\\\/Design-sem-nome-4.png\",\"contentUrl\":\"https:\\\/\\\/blog.saocamilo-sp.br\\\/wp-content\\\/uploads\\\/2024\\\/10\\\/Design-sem-nome-4.png\",\"width\":1920,\"height\":1080},{\"@type\":\"BreadcrumbList\",\"@id\":\"https:\\\/\\\/blog.saocamilo-sp.br\\\/index.php\\\/2024\\\/10\\\/22\\\/transgenero\\\/#breadcrumb\",\"itemListElement\":[{\"@type\":\"ListItem\",\"position\":1,\"name\":\"In\u00edcio\",\"item\":\"https:\\\/\\\/blog.saocamilo-sp.br\\\/\"},{\"@type\":\"ListItem\",\"position\":2,\"name\":\"C\u00e2ncer de mama em pessoas transg\u00eanero: entenda!\"}]},{\"@type\":\"WebSite\",\"@id\":\"https:\\\/\\\/blog.saocamilo-sp.br\\\/#website\",\"url\":\"https:\\\/\\\/blog.saocamilo-sp.br\\\/\",\"name\":\"Blog S\u00e3o Camilo\",\"description\":\"Blog do Centro Universit\u00e1rio S\u00e3o Camilo\",\"publisher\":{\"@id\":\"https:\\\/\\\/blog.saocamilo-sp.br\\\/#organization\"},\"potentialAction\":[{\"@type\":\"SearchAction\",\"target\":{\"@type\":\"EntryPoint\",\"urlTemplate\":\"https:\\\/\\\/blog.saocamilo-sp.br\\\/?s={search_term_string}\"},\"query-input\":{\"@type\":\"PropertyValueSpecification\",\"valueRequired\":true,\"valueName\":\"search_term_string\"}}],\"inLanguage\":\"pt-BR\"},{\"@type\":\"Organization\",\"@id\":\"https:\\\/\\\/blog.saocamilo-sp.br\\\/#organization\",\"name\":\"Blog S\u00e3o Camilo\",\"url\":\"https:\\\/\\\/blog.saocamilo-sp.br\\\/\",\"logo\":{\"@type\":\"ImageObject\",\"inLanguage\":\"pt-BR\",\"@id\":\"https:\\\/\\\/blog.saocamilo-sp.br\\\/#\\\/schema\\\/logo\\\/image\\\/\",\"url\":\"https:\\\/\\\/blog.saocamilo-sp.br\\\/wp-content\\\/uploads\\\/2021\\\/12\\\/cropped-vazio-logo-topo.png\",\"contentUrl\":\"https:\\\/\\\/blog.saocamilo-sp.br\\\/wp-content\\\/uploads\\\/2021\\\/12\\\/cropped-vazio-logo-topo.png\",\"width\":320,\"height\":240,\"caption\":\"Blog S\u00e3o Camilo\"},\"image\":{\"@id\":\"https:\\\/\\\/blog.saocamilo-sp.br\\\/#\\\/schema\\\/logo\\\/image\\\/\"},\"sameAs\":[\"https:\\\/\\\/www.facebook.com\\\/saocamilosp\",\"https:\\\/\\\/x.com\\\/saocamilosp\",\"https:\\\/\\\/www.linkedin.com\\\/school\\\/centro-universit-rio-s-o-camilo\\\/\"]},{\"@type\":\"Person\",\"@id\":\"https:\\\/\\\/blog.saocamilo-sp.br\\\/#\\\/schema\\\/person\\\/781135418152912d4b58f2db13a2eaf0\",\"name\":\"Lucas Soares Gon\u00e7alves\",\"image\":{\"@type\":\"ImageObject\",\"inLanguage\":\"pt-BR\",\"@id\":\"https:\\\/\\\/secure.gravatar.com\\\/avatar\\\/bcd2d703cbb48116eaac2cac8643792535238ff30b2d7ce9e16f9254ec9cae83?s=96&d=mm&r=g\",\"url\":\"https:\\\/\\\/secure.gravatar.com\\\/avatar\\\/bcd2d703cbb48116eaac2cac8643792535238ff30b2d7ce9e16f9254ec9cae83?s=96&d=mm&r=g\",\"contentUrl\":\"https:\\\/\\\/secure.gravatar.com\\\/avatar\\\/bcd2d703cbb48116eaac2cac8643792535238ff30b2d7ce9e16f9254ec9cae83?s=96&d=mm&r=g\",\"caption\":\"Lucas Soares Gon\u00e7alves\"},\"url\":\"https:\\\/\\\/blog.saocamilo-sp.br\\\/index.php\\\/author\\\/lucas-soares-goncalves\\\/\"}]}<\/script>\n<!-- \/ Yoast SEO plugin. -->","yoast_head_json":{"title":"C\u00e2ncer de mama em pessoas transg\u00eanero: entenda! - Blog S\u00e3o Camilo","description":"O c\u00e2ncer de mama \u00e9 um dos tipos de c\u00e2ncer mais comuns em mulheres cisg\u00eanero. Com a maior busca de pessoas transg\u00eanero por servi\u00e7os de sa\u00fade.","robots":{"index":"index","follow":"follow","max-snippet":"max-snippet:-1","max-image-preview":"max-image-preview:large","max-video-preview":"max-video-preview:-1"},"canonical":"https:\/\/blog.saocamilo-sp.br\/index.php\/2024\/10\/22\/transgenero\/","og_locale":"pt_BR","og_type":"article","og_title":"C\u00e2ncer de mama em pessoas transg\u00eanero: entenda! - Blog S\u00e3o Camilo","og_description":"O c\u00e2ncer de mama \u00e9 um dos tipos de c\u00e2ncer mais comuns em mulheres cisg\u00eanero. Com a maior busca de pessoas transg\u00eanero por servi\u00e7os de sa\u00fade.","og_url":"https:\/\/blog.saocamilo-sp.br\/index.php\/2024\/10\/22\/transgenero\/","og_site_name":"Blog S\u00e3o Camilo","article_publisher":"https:\/\/www.facebook.com\/saocamilosp","article_published_time":"2024-10-22T18:42:55+00:00","article_modified_time":"2024-10-23T12:45:21+00:00","og_image":[{"width":1920,"height":1080,"url":"https:\/\/blog.saocamilo-sp.br\/wp-content\/uploads\/2024\/10\/Design-sem-nome-4.png","type":"image\/png"}],"author":"Lucas Soares Gon\u00e7alves","twitter_card":"summary_large_image","twitter_creator":"@saocamilosp","twitter_site":"@saocamilosp","twitter_misc":{"Escrito por":"Lucas Soares Gon\u00e7alves","Est. tempo de leitura":"3 minutos"},"schema":{"@context":"https:\/\/schema.org","@graph":[{"@type":"Article","@id":"https:\/\/blog.saocamilo-sp.br\/index.php\/2024\/10\/22\/transgenero\/#article","isPartOf":{"@id":"https:\/\/blog.saocamilo-sp.br\/index.php\/2024\/10\/22\/transgenero\/"},"author":{"name":"Lucas Soares Gon\u00e7alves","@id":"https:\/\/blog.saocamilo-sp.br\/#\/schema\/person\/781135418152912d4b58f2db13a2eaf0"},"headline":"C\u00e2ncer de mama em pessoas transg\u00eanero: entenda!","datePublished":"2024-10-22T18:42:55+00:00","dateModified":"2024-10-23T12:45:21+00:00","mainEntityOfPage":{"@id":"https:\/\/blog.saocamilo-sp.br\/index.php\/2024\/10\/22\/transgenero\/"},"wordCount":531,"commentCount":0,"publisher":{"@id":"https:\/\/blog.saocamilo-sp.br\/#organization"},"image":{"@id":"https:\/\/blog.saocamilo-sp.br\/index.php\/2024\/10\/22\/transgenero\/#primaryimage"},"thumbnailUrl":"https:\/\/blog.saocamilo-sp.br\/wp-content\/uploads\/2024\/10\/Design-sem-nome-4.png","articleSection":["Cursos"],"inLanguage":"pt-BR","potentialAction":[{"@type":"CommentAction","name":"Comment","target":["https:\/\/blog.saocamilo-sp.br\/index.php\/2024\/10\/22\/transgenero\/#respond"]}]},{"@type":"WebPage","@id":"https:\/\/blog.saocamilo-sp.br\/index.php\/2024\/10\/22\/transgenero\/","url":"https:\/\/blog.saocamilo-sp.br\/index.php\/2024\/10\/22\/transgenero\/","name":"C\u00e2ncer de mama em pessoas transg\u00eanero: entenda! - Blog S\u00e3o Camilo","isPartOf":{"@id":"https:\/\/blog.saocamilo-sp.br\/#website"},"primaryImageOfPage":{"@id":"https:\/\/blog.saocamilo-sp.br\/index.php\/2024\/10\/22\/transgenero\/#primaryimage"},"image":{"@id":"https:\/\/blog.saocamilo-sp.br\/index.php\/2024\/10\/22\/transgenero\/#primaryimage"},"thumbnailUrl":"https:\/\/blog.saocamilo-sp.br\/wp-content\/uploads\/2024\/10\/Design-sem-nome-4.png","datePublished":"2024-10-22T18:42:55+00:00","dateModified":"2024-10-23T12:45:21+00:00","description":"O c\u00e2ncer de mama \u00e9 um dos tipos de c\u00e2ncer mais comuns em mulheres cisg\u00eanero. Com a maior busca de pessoas transg\u00eanero por servi\u00e7os de sa\u00fade.","breadcrumb":{"@id":"https:\/\/blog.saocamilo-sp.br\/index.php\/2024\/10\/22\/transgenero\/#breadcrumb"},"inLanguage":"pt-BR","potentialAction":[{"@type":"ReadAction","target":["https:\/\/blog.saocamilo-sp.br\/index.php\/2024\/10\/22\/transgenero\/"]}]},{"@type":"ImageObject","inLanguage":"pt-BR","@id":"https:\/\/blog.saocamilo-sp.br\/index.php\/2024\/10\/22\/transgenero\/#primaryimage","url":"https:\/\/blog.saocamilo-sp.br\/wp-content\/uploads\/2024\/10\/Design-sem-nome-4.png","contentUrl":"https:\/\/blog.saocamilo-sp.br\/wp-content\/uploads\/2024\/10\/Design-sem-nome-4.png","width":1920,"height":1080},{"@type":"BreadcrumbList","@id":"https:\/\/blog.saocamilo-sp.br\/index.php\/2024\/10\/22\/transgenero\/#breadcrumb","itemListElement":[{"@type":"ListItem","position":1,"name":"In\u00edcio","item":"https:\/\/blog.saocamilo-sp.br\/"},{"@type":"ListItem","position":2,"name":"C\u00e2ncer de mama em pessoas transg\u00eanero: entenda!"}]},{"@type":"WebSite","@id":"https:\/\/blog.saocamilo-sp.br\/#website","url":"https:\/\/blog.saocamilo-sp.br\/","name":"Blog S\u00e3o Camilo","description":"Blog do Centro Universit\u00e1rio S\u00e3o Camilo","publisher":{"@id":"https:\/\/blog.saocamilo-sp.br\/#organization"},"potentialAction":[{"@type":"SearchAction","target":{"@type":"EntryPoint","urlTemplate":"https:\/\/blog.saocamilo-sp.br\/?s={search_term_string}"},"query-input":{"@type":"PropertyValueSpecification","valueRequired":true,"valueName":"search_term_string"}}],"inLanguage":"pt-BR"},{"@type":"Organization","@id":"https:\/\/blog.saocamilo-sp.br\/#organization","name":"Blog S\u00e3o Camilo","url":"https:\/\/blog.saocamilo-sp.br\/","logo":{"@type":"ImageObject","inLanguage":"pt-BR","@id":"https:\/\/blog.saocamilo-sp.br\/#\/schema\/logo\/image\/","url":"https:\/\/blog.saocamilo-sp.br\/wp-content\/uploads\/2021\/12\/cropped-vazio-logo-topo.png","contentUrl":"https:\/\/blog.saocamilo-sp.br\/wp-content\/uploads\/2021\/12\/cropped-vazio-logo-topo.png","width":320,"height":240,"caption":"Blog S\u00e3o Camilo"},"image":{"@id":"https:\/\/blog.saocamilo-sp.br\/#\/schema\/logo\/image\/"},"sameAs":["https:\/\/www.facebook.com\/saocamilosp","https:\/\/x.com\/saocamilosp","https:\/\/www.linkedin.com\/school\/centro-universit-rio-s-o-camilo\/"]},{"@type":"Person","@id":"https:\/\/blog.saocamilo-sp.br\/#\/schema\/person\/781135418152912d4b58f2db13a2eaf0","name":"Lucas Soares Gon\u00e7alves","image":{"@type":"ImageObject","inLanguage":"pt-BR","@id":"https:\/\/secure.gravatar.com\/avatar\/bcd2d703cbb48116eaac2cac8643792535238ff30b2d7ce9e16f9254ec9cae83?s=96&d=mm&r=g","url":"https:\/\/secure.gravatar.com\/avatar\/bcd2d703cbb48116eaac2cac8643792535238ff30b2d7ce9e16f9254ec9cae83?s=96&d=mm&r=g","contentUrl":"https:\/\/secure.gravatar.com\/avatar\/bcd2d703cbb48116eaac2cac8643792535238ff30b2d7ce9e16f9254ec9cae83?s=96&d=mm&r=g","caption":"Lucas Soares Gon\u00e7alves"},"url":"https:\/\/blog.saocamilo-sp.br\/index.php\/author\/lucas-soares-goncalves\/"}]}},"_links":{"self":[{"href":"https:\/\/blog.saocamilo-sp.br\/index.php\/wp-json\/wp\/v2\/posts\/3166","targetHints":{"allow":["GET"]}}],"collection":[{"href":"https:\/\/blog.saocamilo-sp.br\/index.php\/wp-json\/wp\/v2\/posts"}],"about":[{"href":"https:\/\/blog.saocamilo-sp.br\/index.php\/wp-json\/wp\/v2\/types\/post"}],"author":[{"embeddable":true,"href":"https:\/\/blog.saocamilo-sp.br\/index.php\/wp-json\/wp\/v2\/users\/4"}],"replies":[{"embeddable":true,"href":"https:\/\/blog.saocamilo-sp.br\/index.php\/wp-json\/wp\/v2\/comments?post=3166"}],"version-history":[{"count":5,"href":"https:\/\/blog.saocamilo-sp.br\/index.php\/wp-json\/wp\/v2\/posts\/3166\/revisions"}],"predecessor-version":[{"id":3188,"href":"https:\/\/blog.saocamilo-sp.br\/index.php\/wp-json\/wp\/v2\/posts\/3166\/revisions\/3188"}],"wp:featuredmedia":[{"embeddable":true,"href":"https:\/\/blog.saocamilo-sp.br\/index.php\/wp-json\/wp\/v2\/media\/3167"}],"wp:attachment":[{"href":"https:\/\/blog.saocamilo-sp.br\/index.php\/wp-json\/wp\/v2\/media?parent=3166"}],"wp:term":[{"taxonomy":"category","embeddable":true,"href":"https:\/\/blog.saocamilo-sp.br\/index.php\/wp-json\/wp\/v2\/categories?post=3166"},{"taxonomy":"post_tag","embeddable":true,"href":"https:\/\/blog.saocamilo-sp.br\/index.php\/wp-json\/wp\/v2\/tags?post=3166"}],"curies":[{"name":"wp","href":"https:\/\/api.w.org\/{rel}","templated":true}]}}