{"id":3195,"date":"2024-10-24T11:09:07","date_gmt":"2024-10-24T14:09:07","guid":{"rendered":"https:\/\/blog.saocamilo-sp.br\/?p=3195"},"modified":"2024-10-24T11:17:42","modified_gmt":"2024-10-24T14:17:42","slug":"pesquisa-cientifica-impacto-do-atendimento-humanizado-em-pacientes-de-radioterapia","status":"publish","type":"post","link":"https:\/\/blog.saocamilo-sp.br\/index.php\/2024\/10\/24\/pesquisa-cientifica-impacto-do-atendimento-humanizado-em-pacientes-de-radioterapia\/","title":{"rendered":"O impacto do atendimento humanizado em pacientes de radioterapia"},"content":{"rendered":"\n<p>Os estudantes Giovanna Garcia e Guilherme de Oliveira, do curso Superior de Tecnologia em <a href=\"https:\/\/saocamilo-sp.br\/graduacao\/presencial\/radiologia\" target=\"_blank\" rel=\"noreferrer noopener\">Radiolo<\/a><a href=\"https:\/\/saocamilo-sp.br\/graduacao\/presencial\/radiologia\">gia<\/a> do Centro Universit\u00e1rio S\u00e3o Camilo, publicaram seu segundo artigo cient\u00edfico em 2024. A pesquisa, orientada pelo <a href=\"http:\/\/lattes.cnpq.br\/1591849789678741\">Prof.<\/a><a href=\"http:\/\/lattes.cnpq.br\/1591849789678741\" target=\"_blank\" rel=\"noreferrer noopener\"> Dr. Guilherme Oberto<\/a>, focou em um tema de extrema relev\u00e2ncia para a \u00e1rea da sa\u00fade: a avalia\u00e7\u00e3o dos diferentes atendimentos em pacientes submetidos a tratamentos de radioterapia, com \u00eanfase na humaniza\u00e7\u00e3o do atendimento.<\/p>\n\n\n\n<h3 class=\"wp-block-heading\">Objetivo do estudo<\/h3>\n\n\n\n<p>O principal objetivo deste estudo foi avaliar os resultados dos diferentes atendimentos oferecidos a pacientes durante o tratamento radioter\u00e1pico, destacando a import\u00e2ncia de pr\u00e1ticas humanizadas no processo. A humaniza\u00e7\u00e3o no atendimento \u00e9 um aspecto essencial para melhorar a qualidade de vida dos pacientes com c\u00e2ncer, contribuindo para a efic\u00e1cia do tratamento e o bem-estar emocional dos envolvidos.<\/p>\n\n\n\n<h3 class=\"wp-block-heading\">O Impacto do C\u00e2ncer na Vida dos Pacientes<\/h3>\n\n\n\n<p>O c\u00e2ncer \u00e9 uma das condi\u00e7\u00f5es mais graves e letais enfrentadas pela popula\u00e7\u00e3o mundial. Caracterizado pelo crescimento desordenado de c\u00e9lulas que rapidamente invadem tecidos e \u00f3rg\u00e3os, o c\u00e2ncer \u00e9 uma das principais causas de morte global. Segundo a Organiza\u00e7\u00e3o Mundial da Sa\u00fade (OMS), at\u00e9 2030 espera-se que surjam 27 milh\u00f5es de novos casos de c\u00e2ncer e que aproximadamente 17 milh\u00f5es de mortes sejam atribu\u00eddas \u00e0 doen\u00e7a.<\/p>\n\n\n\n<h3 class=\"wp-block-heading\">O Impacto do c\u00e2ncer na vida dos pacientes<\/h3>\n\n\n\n<p>O artigo analisou que o diagn\u00f3stico de c\u00e2ncer provoca n\u00e3o apenas mudan\u00e7as f\u00edsicas, mas tamb\u00e9m profundas transforma\u00e7\u00f5es emocionais na vida dos pacientes e de suas fam\u00edlias. Por isso, a humaniza\u00e7\u00e3o do atendimento nos tratamentos oncol\u00f3gicos, como a radioterapia, \u00e9 essencial. Esse tipo de abordagem n\u00e3o apenas melhora a rela\u00e7\u00e3o entre pacientes e profissionais de sa\u00fade, mas tamb\u00e9m pode influenciar diretamente a resposta ao tratamento, proporcionando um impacto positivo na recupera\u00e7\u00e3o do paciente.<\/p>\n\n\n\n<h3 class=\"wp-block-heading\">Metodologia: Revis\u00e3o Bibliogr\u00e1fica com \u00canfase no Atendimento Humanizado<\/h3>\n\n\n\n<p>Para alcan\u00e7ar os resultados propostos, os acad\u00eamicos realizaram uma <strong>revis\u00e3o bibliogr\u00e1fica<\/strong> utilizando as bases de dados do Centro Nacional de Informa\u00e7\u00f5es sobre Biotecnologia (NCBI), que inclui renomadas plataformas cient\u00edficas como PubMed, PMC e OMIM. A metodologia foi estruturada de forma a analisar detalhadamente os diferentes tipos de atendimento prestados durante os tratamentos radioter\u00e1picos, focando na humaniza\u00e7\u00e3o como fator determinante para o sucesso terap\u00eautico.<\/p>\n\n\n\n<p>A revis\u00e3o de literatura abordou diversos estudos que discutem a efic\u00e1cia de um atendimento humanizado no tratamento do c\u00e2ncer, destacando como a abordagem centrada no paciente pode n\u00e3o apenas melhorar a experi\u00eancia do paciente durante o tratamento, mas tamb\u00e9m potencializar os resultados cl\u00ednicos.<\/p>\n\n\n\n<h3 class=\"wp-block-heading\">Resultados e Import\u00e2ncia do Atendimento Humanizado<\/h3>\n\n\n\n<p>Os resultados indicam que os pacientes submetidos a tratamentos de radioterapia com um atendimento mais humanizado apresentaram melhores respostas ao tratamento. A intera\u00e7\u00e3o cuidadosa e emp\u00e1tica entre os profissionais e os pacientes contribuiu para uma diminui\u00e7\u00e3o do estresse e ansiedade, fatores que podem influenciar diretamente a efic\u00e1cia do tratamento oncol\u00f3gico.<\/p>\n\n\n\n<p>Al\u00e9m disso, o estudo refor\u00e7a a necessidade de os profissionais de sa\u00fade n\u00e3o apenas focarem nos aspectos t\u00e9cnicos do tratamento, mas tamb\u00e9m no cuidado emocional e psicol\u00f3gico dos pacientes. A humaniza\u00e7\u00e3o do atendimento \u00e9, portanto, um elemento-chave para uma abordagem terap\u00eautica mais eficaz e humanista.<\/p>\n\n\n\n<h3 class=\"wp-block-heading\">Acesso ao Artigo Completo<\/h3>\n\n\n\n<p>O artigo completo, que detalha os achados da pesquisa, est\u00e1 dispon\u00edvel para consulta e pode ser acessado por meio do DOI: <a href=\"https:\/\/doi.org\/10.56083\/RCV4N10-050\">https:\/\/doi.org\/10.56083\/RCV4N10-050<\/a>. <\/p>\n\n\n\n<h3 class=\"wp-block-heading\">Compromisso da S\u00e3o Camilo com a Pesquisa Cient\u00edfica<\/h3>\n\n\n\n<p>O Centro Universit\u00e1rio S\u00e3o Camilo valoriza e incentiva a pesquisa cient\u00edfica como um pilar fundamental da forma\u00e7\u00e3o acad\u00eamica. A institui\u00e7\u00e3o se orgulha de ver seus discentes e docentes envolvidos em projetos que promovem o avan\u00e7o da ci\u00eancia e contribuem para melhorias nas pr\u00e1ticas de sa\u00fade. Essa dedica\u00e7\u00e3o reafirma o compromisso da S\u00e3o Camilo com a excel\u00eancia acad\u00eamica e com o desenvolvimento de profissionais capacitados a impactar positivamente a sociedade.<\/p>\n\n\n\n<p><strong>Veja tamb\u00e9m<\/strong>:<\/p>\n\n\n\n<ul class=\"wp-block-list\">\n<li><a href=\"https:\/\/blog.saocamilo-sp.br\/index.php\/2023\/07\/07\/a-pesquisa-cientifica-no-centro-universitario-sao-camilo\/\">A valoriza\u00e7\u00e3o da pesquisa cient\u00edfica no Centro Universit\u00e1rio S\u00e3o Camilo<\/a><\/li>\n\n\n\n<li><a href=\"https:\/\/blog.saocamilo-sp.br\/index.php\/2024\/10\/11\/sao-camilo-abre-inscricoes-para-vestibular-de-cursos-a-distancia\/\">Intelig\u00eancia Emocional\u00a0\u00e9 tema central do 9\u00ba Congresso Multiprofissional da S\u00e3o Camilo<\/a><\/li>\n\n\n\n<li><a href=\"https:\/\/blog.saocamilo-sp.br\/index.php\/2024\/09\/27\/ipiranga-tradicao-historia-e-modernidade\/\">Resist\u00eancia bacteriana: docentes e alunos de farm\u00e1cia realizam pesquisa sobre novas abordagens terap\u00eauticas<\/a><\/li>\n<\/ul>\n\n\n\n<p><\/p>\n\n\n\n<p>Saiba mais sobre nossos cursos:<\/p>\n\n\n\n<iframe loading=\"lazy\" src=\"https:\/\/saocamilo.apprbs.com.br\/tenho-interesse-blog\" height=\"530px\" width=\"100%\" frameborder=\"0\"><\/iframe>\n","protected":false},"excerpt":{"rendered":"<p>Orientados pelo Dr. Guilherme Oberto, estudantes de Radiologia, Giovanna Garcia e Guilherme de Oliveira, publicam artigo sobre resultados de atendimentos a pacientes em radioterapia.<\/p>\n","protected":false},"author":13,"featured_media":3198,"comment_status":"open","ping_status":"open","sticky":false,"template":"","format":"standard","meta":{"cybocfi_hide_featured_image":"","footnotes":""},"categories":[1],"tags":[],"class_list":["post-3195","post","type-post","status-publish","format-standard","has-post-thumbnail","hentry","category-cursos"],"yoast_head":"<!-- This site is optimized with the Yoast SEO plugin v27.5 - https:\/\/yoast.com\/product\/yoast-seo-wordpress\/ -->\n<title>O impacto do atendimento humanizado em pacientes de radioterapia<\/title>\n<meta name=\"description\" content=\"Estudantes de Radiologia, Giovanna Garcia e Guilherme de Oliveira, publicam artigo sobre resultados de atendimentos a pacientes em radioterapia.\" \/>\n<meta name=\"robots\" content=\"index, follow, max-snippet:-1, max-image-preview:large, max-video-preview:-1\" \/>\n<link rel=\"canonical\" href=\"https:\/\/blog.saocamilo-sp.br\/index.php\/2024\/10\/24\/pesquisa-cientifica-impacto-do-atendimento-humanizado-em-pacientes-de-radioterapia\/\" \/>\n<meta property=\"og:locale\" content=\"pt_BR\" \/>\n<meta property=\"og:type\" content=\"article\" \/>\n<meta property=\"og:title\" content=\"O impacto do atendimento humanizado em pacientes de radioterapia\" \/>\n<meta property=\"og:description\" content=\"Estudantes de Radiologia, Giovanna Garcia e Guilherme de Oliveira, publicam artigo sobre resultados de atendimentos a pacientes em radioterapia.\" \/>\n<meta property=\"og:url\" content=\"https:\/\/blog.saocamilo-sp.br\/index.php\/2024\/10\/24\/pesquisa-cientifica-impacto-do-atendimento-humanizado-em-pacientes-de-radioterapia\/\" \/>\n<meta property=\"og:site_name\" content=\"Blog S\u00e3o Camilo\" \/>\n<meta property=\"article:publisher\" content=\"https:\/\/www.facebook.com\/saocamilosp\" \/>\n<meta property=\"article:published_time\" content=\"2024-10-24T14:09:07+00:00\" \/>\n<meta property=\"article:modified_time\" content=\"2024-10-24T14:17:42+00:00\" \/>\n<meta property=\"og:image\" content=\"https:\/\/blog.saocamilo-sp.br\/wp-content\/uploads\/2024\/10\/Imagem-do-WhatsApp-de-2024-09-28-as-12.10.00_486f2016-1.jpg\" \/>\n\t<meta property=\"og:image:width\" content=\"1600\" \/>\n\t<meta property=\"og:image:height\" content=\"1200\" \/>\n\t<meta property=\"og:image:type\" content=\"image\/jpeg\" \/>\n<meta name=\"author\" content=\"Leandro Lafr\u00e1gola\" \/>\n<meta name=\"twitter:card\" content=\"summary_large_image\" \/>\n<meta name=\"twitter:creator\" content=\"@saocamilosp\" \/>\n<meta name=\"twitter:site\" content=\"@saocamilosp\" \/>\n<meta name=\"twitter:label1\" content=\"Escrito por\" \/>\n\t<meta name=\"twitter:data1\" content=\"Leandro Lafr\u00e1gola\" \/>\n\t<meta name=\"twitter:label2\" content=\"Est. tempo de leitura\" \/>\n\t<meta name=\"twitter:data2\" content=\"4 minutos\" \/>\n<script type=\"application\/ld+json\" class=\"yoast-schema-graph\">{\"@context\":\"https:\\\/\\\/schema.org\",\"@graph\":[{\"@type\":\"Article\",\"@id\":\"https:\\\/\\\/blog.saocamilo-sp.br\\\/index.php\\\/2024\\\/10\\\/24\\\/pesquisa-cientifica-impacto-do-atendimento-humanizado-em-pacientes-de-radioterapia\\\/#article\",\"isPartOf\":{\"@id\":\"https:\\\/\\\/blog.saocamilo-sp.br\\\/index.php\\\/2024\\\/10\\\/24\\\/pesquisa-cientifica-impacto-do-atendimento-humanizado-em-pacientes-de-radioterapia\\\/\"},\"author\":{\"name\":\"Leandro Lafr\u00e1gola\",\"@id\":\"https:\\\/\\\/blog.saocamilo-sp.br\\\/#\\\/schema\\\/person\\\/1a99645faaab0bb55105f817e866e19b\"},\"headline\":\"O impacto do atendimento humanizado em pacientes de radioterapia\",\"datePublished\":\"2024-10-24T14:09:07+00:00\",\"dateModified\":\"2024-10-24T14:17:42+00:00\",\"mainEntityOfPage\":{\"@id\":\"https:\\\/\\\/blog.saocamilo-sp.br\\\/index.php\\\/2024\\\/10\\\/24\\\/pesquisa-cientifica-impacto-do-atendimento-humanizado-em-pacientes-de-radioterapia\\\/\"},\"wordCount\":745,\"commentCount\":0,\"publisher\":{\"@id\":\"https:\\\/\\\/blog.saocamilo-sp.br\\\/#organization\"},\"image\":{\"@id\":\"https:\\\/\\\/blog.saocamilo-sp.br\\\/index.php\\\/2024\\\/10\\\/24\\\/pesquisa-cientifica-impacto-do-atendimento-humanizado-em-pacientes-de-radioterapia\\\/#primaryimage\"},\"thumbnailUrl\":\"https:\\\/\\\/blog.saocamilo-sp.br\\\/wp-content\\\/uploads\\\/2024\\\/10\\\/Imagem-do-WhatsApp-de-2024-09-28-as-12.10.00_486f2016-1.jpg\",\"articleSection\":[\"Cursos\"],\"inLanguage\":\"pt-BR\",\"potentialAction\":[{\"@type\":\"CommentAction\",\"name\":\"Comment\",\"target\":[\"https:\\\/\\\/blog.saocamilo-sp.br\\\/index.php\\\/2024\\\/10\\\/24\\\/pesquisa-cientifica-impacto-do-atendimento-humanizado-em-pacientes-de-radioterapia\\\/#respond\"]}]},{\"@type\":\"WebPage\",\"@id\":\"https:\\\/\\\/blog.saocamilo-sp.br\\\/index.php\\\/2024\\\/10\\\/24\\\/pesquisa-cientifica-impacto-do-atendimento-humanizado-em-pacientes-de-radioterapia\\\/\",\"url\":\"https:\\\/\\\/blog.saocamilo-sp.br\\\/index.php\\\/2024\\\/10\\\/24\\\/pesquisa-cientifica-impacto-do-atendimento-humanizado-em-pacientes-de-radioterapia\\\/\",\"name\":\"O impacto do atendimento humanizado em pacientes de radioterapia\",\"isPartOf\":{\"@id\":\"https:\\\/\\\/blog.saocamilo-sp.br\\\/#website\"},\"primaryImageOfPage\":{\"@id\":\"https:\\\/\\\/blog.saocamilo-sp.br\\\/index.php\\\/2024\\\/10\\\/24\\\/pesquisa-cientifica-impacto-do-atendimento-humanizado-em-pacientes-de-radioterapia\\\/#primaryimage\"},\"image\":{\"@id\":\"https:\\\/\\\/blog.saocamilo-sp.br\\\/index.php\\\/2024\\\/10\\\/24\\\/pesquisa-cientifica-impacto-do-atendimento-humanizado-em-pacientes-de-radioterapia\\\/#primaryimage\"},\"thumbnailUrl\":\"https:\\\/\\\/blog.saocamilo-sp.br\\\/wp-content\\\/uploads\\\/2024\\\/10\\\/Imagem-do-WhatsApp-de-2024-09-28-as-12.10.00_486f2016-1.jpg\",\"datePublished\":\"2024-10-24T14:09:07+00:00\",\"dateModified\":\"2024-10-24T14:17:42+00:00\",\"description\":\"Estudantes de Radiologia, Giovanna Garcia e Guilherme de Oliveira, publicam artigo sobre resultados de atendimentos a pacientes em radioterapia.\",\"breadcrumb\":{\"@id\":\"https:\\\/\\\/blog.saocamilo-sp.br\\\/index.php\\\/2024\\\/10\\\/24\\\/pesquisa-cientifica-impacto-do-atendimento-humanizado-em-pacientes-de-radioterapia\\\/#breadcrumb\"},\"inLanguage\":\"pt-BR\",\"potentialAction\":[{\"@type\":\"ReadAction\",\"target\":[\"https:\\\/\\\/blog.saocamilo-sp.br\\\/index.php\\\/2024\\\/10\\\/24\\\/pesquisa-cientifica-impacto-do-atendimento-humanizado-em-pacientes-de-radioterapia\\\/\"]}]},{\"@type\":\"ImageObject\",\"inLanguage\":\"pt-BR\",\"@id\":\"https:\\\/\\\/blog.saocamilo-sp.br\\\/index.php\\\/2024\\\/10\\\/24\\\/pesquisa-cientifica-impacto-do-atendimento-humanizado-em-pacientes-de-radioterapia\\\/#primaryimage\",\"url\":\"https:\\\/\\\/blog.saocamilo-sp.br\\\/wp-content\\\/uploads\\\/2024\\\/10\\\/Imagem-do-WhatsApp-de-2024-09-28-as-12.10.00_486f2016-1.jpg\",\"contentUrl\":\"https:\\\/\\\/blog.saocamilo-sp.br\\\/wp-content\\\/uploads\\\/2024\\\/10\\\/Imagem-do-WhatsApp-de-2024-09-28-as-12.10.00_486f2016-1.jpg\",\"width\":1600,\"height\":1200,\"caption\":\"impacto do atendimento humanizado em pacientes de radioterapia\"},{\"@type\":\"BreadcrumbList\",\"@id\":\"https:\\\/\\\/blog.saocamilo-sp.br\\\/index.php\\\/2024\\\/10\\\/24\\\/pesquisa-cientifica-impacto-do-atendimento-humanizado-em-pacientes-de-radioterapia\\\/#breadcrumb\",\"itemListElement\":[{\"@type\":\"ListItem\",\"position\":1,\"name\":\"In\u00edcio\",\"item\":\"https:\\\/\\\/blog.saocamilo-sp.br\\\/\"},{\"@type\":\"ListItem\",\"position\":2,\"name\":\"O impacto do atendimento humanizado em pacientes de radioterapia\"}]},{\"@type\":\"WebSite\",\"@id\":\"https:\\\/\\\/blog.saocamilo-sp.br\\\/#website\",\"url\":\"https:\\\/\\\/blog.saocamilo-sp.br\\\/\",\"name\":\"Blog S\u00e3o Camilo\",\"description\":\"Blog do Centro Universit\u00e1rio S\u00e3o Camilo\",\"publisher\":{\"@id\":\"https:\\\/\\\/blog.saocamilo-sp.br\\\/#organization\"},\"potentialAction\":[{\"@type\":\"SearchAction\",\"target\":{\"@type\":\"EntryPoint\",\"urlTemplate\":\"https:\\\/\\\/blog.saocamilo-sp.br\\\/?s={search_term_string}\"},\"query-input\":{\"@type\":\"PropertyValueSpecification\",\"valueRequired\":true,\"valueName\":\"search_term_string\"}}],\"inLanguage\":\"pt-BR\"},{\"@type\":\"Organization\",\"@id\":\"https:\\\/\\\/blog.saocamilo-sp.br\\\/#organization\",\"name\":\"Blog S\u00e3o Camilo\",\"url\":\"https:\\\/\\\/blog.saocamilo-sp.br\\\/\",\"logo\":{\"@type\":\"ImageObject\",\"inLanguage\":\"pt-BR\",\"@id\":\"https:\\\/\\\/blog.saocamilo-sp.br\\\/#\\\/schema\\\/logo\\\/image\\\/\",\"url\":\"https:\\\/\\\/blog.saocamilo-sp.br\\\/wp-content\\\/uploads\\\/2021\\\/12\\\/cropped-vazio-logo-topo.png\",\"contentUrl\":\"https:\\\/\\\/blog.saocamilo-sp.br\\\/wp-content\\\/uploads\\\/2021\\\/12\\\/cropped-vazio-logo-topo.png\",\"width\":320,\"height\":240,\"caption\":\"Blog S\u00e3o Camilo\"},\"image\":{\"@id\":\"https:\\\/\\\/blog.saocamilo-sp.br\\\/#\\\/schema\\\/logo\\\/image\\\/\"},\"sameAs\":[\"https:\\\/\\\/www.facebook.com\\\/saocamilosp\",\"https:\\\/\\\/x.com\\\/saocamilosp\",\"https:\\\/\\\/www.linkedin.com\\\/school\\\/centro-universit-rio-s-o-camilo\\\/\"]},{\"@type\":\"Person\",\"@id\":\"https:\\\/\\\/blog.saocamilo-sp.br\\\/#\\\/schema\\\/person\\\/1a99645faaab0bb55105f817e866e19b\",\"name\":\"Leandro Lafr\u00e1gola\",\"image\":{\"@type\":\"ImageObject\",\"inLanguage\":\"pt-BR\",\"@id\":\"https:\\\/\\\/secure.gravatar.com\\\/avatar\\\/ec4232fb8d50d80f1c672353dc4c2876490e6a0a2a33d6572c0ba1fb78f115cf?s=96&d=mm&r=g\",\"url\":\"https:\\\/\\\/secure.gravatar.com\\\/avatar\\\/ec4232fb8d50d80f1c672353dc4c2876490e6a0a2a33d6572c0ba1fb78f115cf?s=96&d=mm&r=g\",\"contentUrl\":\"https:\\\/\\\/secure.gravatar.com\\\/avatar\\\/ec4232fb8d50d80f1c672353dc4c2876490e6a0a2a33d6572c0ba1fb78f115cf?s=96&d=mm&r=g\",\"caption\":\"Leandro Lafr\u00e1gola\"},\"url\":\"https:\\\/\\\/blog.saocamilo-sp.br\\\/index.php\\\/author\\\/llafragola\\\/\"}]}<\/script>\n<!-- \/ Yoast SEO plugin. -->","yoast_head_json":{"title":"O impacto do atendimento humanizado em pacientes de radioterapia","description":"Estudantes de Radiologia, Giovanna Garcia e Guilherme de Oliveira, publicam artigo sobre resultados de atendimentos a pacientes em radioterapia.","robots":{"index":"index","follow":"follow","max-snippet":"max-snippet:-1","max-image-preview":"max-image-preview:large","max-video-preview":"max-video-preview:-1"},"canonical":"https:\/\/blog.saocamilo-sp.br\/index.php\/2024\/10\/24\/pesquisa-cientifica-impacto-do-atendimento-humanizado-em-pacientes-de-radioterapia\/","og_locale":"pt_BR","og_type":"article","og_title":"O impacto do atendimento humanizado em pacientes de radioterapia","og_description":"Estudantes de Radiologia, Giovanna Garcia e Guilherme de Oliveira, publicam artigo sobre resultados de atendimentos a pacientes em radioterapia.","og_url":"https:\/\/blog.saocamilo-sp.br\/index.php\/2024\/10\/24\/pesquisa-cientifica-impacto-do-atendimento-humanizado-em-pacientes-de-radioterapia\/","og_site_name":"Blog S\u00e3o Camilo","article_publisher":"https:\/\/www.facebook.com\/saocamilosp","article_published_time":"2024-10-24T14:09:07+00:00","article_modified_time":"2024-10-24T14:17:42+00:00","og_image":[{"width":1600,"height":1200,"url":"https:\/\/blog.saocamilo-sp.br\/wp-content\/uploads\/2024\/10\/Imagem-do-WhatsApp-de-2024-09-28-as-12.10.00_486f2016-1.jpg","type":"image\/jpeg"}],"author":"Leandro Lafr\u00e1gola","twitter_card":"summary_large_image","twitter_creator":"@saocamilosp","twitter_site":"@saocamilosp","twitter_misc":{"Escrito por":"Leandro Lafr\u00e1gola","Est. tempo de leitura":"4 minutos"},"schema":{"@context":"https:\/\/schema.org","@graph":[{"@type":"Article","@id":"https:\/\/blog.saocamilo-sp.br\/index.php\/2024\/10\/24\/pesquisa-cientifica-impacto-do-atendimento-humanizado-em-pacientes-de-radioterapia\/#article","isPartOf":{"@id":"https:\/\/blog.saocamilo-sp.br\/index.php\/2024\/10\/24\/pesquisa-cientifica-impacto-do-atendimento-humanizado-em-pacientes-de-radioterapia\/"},"author":{"name":"Leandro Lafr\u00e1gola","@id":"https:\/\/blog.saocamilo-sp.br\/#\/schema\/person\/1a99645faaab0bb55105f817e866e19b"},"headline":"O impacto do atendimento humanizado em pacientes de radioterapia","datePublished":"2024-10-24T14:09:07+00:00","dateModified":"2024-10-24T14:17:42+00:00","mainEntityOfPage":{"@id":"https:\/\/blog.saocamilo-sp.br\/index.php\/2024\/10\/24\/pesquisa-cientifica-impacto-do-atendimento-humanizado-em-pacientes-de-radioterapia\/"},"wordCount":745,"commentCount":0,"publisher":{"@id":"https:\/\/blog.saocamilo-sp.br\/#organization"},"image":{"@id":"https:\/\/blog.saocamilo-sp.br\/index.php\/2024\/10\/24\/pesquisa-cientifica-impacto-do-atendimento-humanizado-em-pacientes-de-radioterapia\/#primaryimage"},"thumbnailUrl":"https:\/\/blog.saocamilo-sp.br\/wp-content\/uploads\/2024\/10\/Imagem-do-WhatsApp-de-2024-09-28-as-12.10.00_486f2016-1.jpg","articleSection":["Cursos"],"inLanguage":"pt-BR","potentialAction":[{"@type":"CommentAction","name":"Comment","target":["https:\/\/blog.saocamilo-sp.br\/index.php\/2024\/10\/24\/pesquisa-cientifica-impacto-do-atendimento-humanizado-em-pacientes-de-radioterapia\/#respond"]}]},{"@type":"WebPage","@id":"https:\/\/blog.saocamilo-sp.br\/index.php\/2024\/10\/24\/pesquisa-cientifica-impacto-do-atendimento-humanizado-em-pacientes-de-radioterapia\/","url":"https:\/\/blog.saocamilo-sp.br\/index.php\/2024\/10\/24\/pesquisa-cientifica-impacto-do-atendimento-humanizado-em-pacientes-de-radioterapia\/","name":"O impacto do atendimento humanizado em pacientes de radioterapia","isPartOf":{"@id":"https:\/\/blog.saocamilo-sp.br\/#website"},"primaryImageOfPage":{"@id":"https:\/\/blog.saocamilo-sp.br\/index.php\/2024\/10\/24\/pesquisa-cientifica-impacto-do-atendimento-humanizado-em-pacientes-de-radioterapia\/#primaryimage"},"image":{"@id":"https:\/\/blog.saocamilo-sp.br\/index.php\/2024\/10\/24\/pesquisa-cientifica-impacto-do-atendimento-humanizado-em-pacientes-de-radioterapia\/#primaryimage"},"thumbnailUrl":"https:\/\/blog.saocamilo-sp.br\/wp-content\/uploads\/2024\/10\/Imagem-do-WhatsApp-de-2024-09-28-as-12.10.00_486f2016-1.jpg","datePublished":"2024-10-24T14:09:07+00:00","dateModified":"2024-10-24T14:17:42+00:00","description":"Estudantes de Radiologia, Giovanna Garcia e Guilherme de Oliveira, publicam artigo sobre resultados de atendimentos a pacientes em radioterapia.","breadcrumb":{"@id":"https:\/\/blog.saocamilo-sp.br\/index.php\/2024\/10\/24\/pesquisa-cientifica-impacto-do-atendimento-humanizado-em-pacientes-de-radioterapia\/#breadcrumb"},"inLanguage":"pt-BR","potentialAction":[{"@type":"ReadAction","target":["https:\/\/blog.saocamilo-sp.br\/index.php\/2024\/10\/24\/pesquisa-cientifica-impacto-do-atendimento-humanizado-em-pacientes-de-radioterapia\/"]}]},{"@type":"ImageObject","inLanguage":"pt-BR","@id":"https:\/\/blog.saocamilo-sp.br\/index.php\/2024\/10\/24\/pesquisa-cientifica-impacto-do-atendimento-humanizado-em-pacientes-de-radioterapia\/#primaryimage","url":"https:\/\/blog.saocamilo-sp.br\/wp-content\/uploads\/2024\/10\/Imagem-do-WhatsApp-de-2024-09-28-as-12.10.00_486f2016-1.jpg","contentUrl":"https:\/\/blog.saocamilo-sp.br\/wp-content\/uploads\/2024\/10\/Imagem-do-WhatsApp-de-2024-09-28-as-12.10.00_486f2016-1.jpg","width":1600,"height":1200,"caption":"impacto do atendimento humanizado em pacientes de radioterapia"},{"@type":"BreadcrumbList","@id":"https:\/\/blog.saocamilo-sp.br\/index.php\/2024\/10\/24\/pesquisa-cientifica-impacto-do-atendimento-humanizado-em-pacientes-de-radioterapia\/#breadcrumb","itemListElement":[{"@type":"ListItem","position":1,"name":"In\u00edcio","item":"https:\/\/blog.saocamilo-sp.br\/"},{"@type":"ListItem","position":2,"name":"O impacto do atendimento humanizado em pacientes de radioterapia"}]},{"@type":"WebSite","@id":"https:\/\/blog.saocamilo-sp.br\/#website","url":"https:\/\/blog.saocamilo-sp.br\/","name":"Blog S\u00e3o Camilo","description":"Blog do Centro Universit\u00e1rio S\u00e3o Camilo","publisher":{"@id":"https:\/\/blog.saocamilo-sp.br\/#organization"},"potentialAction":[{"@type":"SearchAction","target":{"@type":"EntryPoint","urlTemplate":"https:\/\/blog.saocamilo-sp.br\/?s={search_term_string}"},"query-input":{"@type":"PropertyValueSpecification","valueRequired":true,"valueName":"search_term_string"}}],"inLanguage":"pt-BR"},{"@type":"Organization","@id":"https:\/\/blog.saocamilo-sp.br\/#organization","name":"Blog S\u00e3o Camilo","url":"https:\/\/blog.saocamilo-sp.br\/","logo":{"@type":"ImageObject","inLanguage":"pt-BR","@id":"https:\/\/blog.saocamilo-sp.br\/#\/schema\/logo\/image\/","url":"https:\/\/blog.saocamilo-sp.br\/wp-content\/uploads\/2021\/12\/cropped-vazio-logo-topo.png","contentUrl":"https:\/\/blog.saocamilo-sp.br\/wp-content\/uploads\/2021\/12\/cropped-vazio-logo-topo.png","width":320,"height":240,"caption":"Blog S\u00e3o Camilo"},"image":{"@id":"https:\/\/blog.saocamilo-sp.br\/#\/schema\/logo\/image\/"},"sameAs":["https:\/\/www.facebook.com\/saocamilosp","https:\/\/x.com\/saocamilosp","https:\/\/www.linkedin.com\/school\/centro-universit-rio-s-o-camilo\/"]},{"@type":"Person","@id":"https:\/\/blog.saocamilo-sp.br\/#\/schema\/person\/1a99645faaab0bb55105f817e866e19b","name":"Leandro Lafr\u00e1gola","image":{"@type":"ImageObject","inLanguage":"pt-BR","@id":"https:\/\/secure.gravatar.com\/avatar\/ec4232fb8d50d80f1c672353dc4c2876490e6a0a2a33d6572c0ba1fb78f115cf?s=96&d=mm&r=g","url":"https:\/\/secure.gravatar.com\/avatar\/ec4232fb8d50d80f1c672353dc4c2876490e6a0a2a33d6572c0ba1fb78f115cf?s=96&d=mm&r=g","contentUrl":"https:\/\/secure.gravatar.com\/avatar\/ec4232fb8d50d80f1c672353dc4c2876490e6a0a2a33d6572c0ba1fb78f115cf?s=96&d=mm&r=g","caption":"Leandro Lafr\u00e1gola"},"url":"https:\/\/blog.saocamilo-sp.br\/index.php\/author\/llafragola\/"}]}},"_links":{"self":[{"href":"https:\/\/blog.saocamilo-sp.br\/index.php\/wp-json\/wp\/v2\/posts\/3195","targetHints":{"allow":["GET"]}}],"collection":[{"href":"https:\/\/blog.saocamilo-sp.br\/index.php\/wp-json\/wp\/v2\/posts"}],"about":[{"href":"https:\/\/blog.saocamilo-sp.br\/index.php\/wp-json\/wp\/v2\/types\/post"}],"author":[{"embeddable":true,"href":"https:\/\/blog.saocamilo-sp.br\/index.php\/wp-json\/wp\/v2\/users\/13"}],"replies":[{"embeddable":true,"href":"https:\/\/blog.saocamilo-sp.br\/index.php\/wp-json\/wp\/v2\/comments?post=3195"}],"version-history":[{"count":2,"href":"https:\/\/blog.saocamilo-sp.br\/index.php\/wp-json\/wp\/v2\/posts\/3195\/revisions"}],"predecessor-version":[{"id":3199,"href":"https:\/\/blog.saocamilo-sp.br\/index.php\/wp-json\/wp\/v2\/posts\/3195\/revisions\/3199"}],"wp:featuredmedia":[{"embeddable":true,"href":"https:\/\/blog.saocamilo-sp.br\/index.php\/wp-json\/wp\/v2\/media\/3198"}],"wp:attachment":[{"href":"https:\/\/blog.saocamilo-sp.br\/index.php\/wp-json\/wp\/v2\/media?parent=3195"}],"wp:term":[{"taxonomy":"category","embeddable":true,"href":"https:\/\/blog.saocamilo-sp.br\/index.php\/wp-json\/wp\/v2\/categories?post=3195"},{"taxonomy":"post_tag","embeddable":true,"href":"https:\/\/blog.saocamilo-sp.br\/index.php\/wp-json\/wp\/v2\/tags?post=3195"}],"curies":[{"name":"wp","href":"https:\/\/api.w.org\/{rel}","templated":true}]}}