{"id":3200,"date":"2024-10-24T17:04:37","date_gmt":"2024-10-24T20:04:37","guid":{"rendered":"https:\/\/blog.saocamilo-sp.br\/?p=3200"},"modified":"2024-10-24T17:47:14","modified_gmt":"2024-10-24T20:47:14","slug":"obesidade-infantil-docente-de-nutricao-conquista-premio-por-projeto-inovador","status":"publish","type":"post","link":"https:\/\/blog.saocamilo-sp.br\/index.php\/2024\/10\/24\/obesidade-infantil-docente-de-nutricao-conquista-premio-por-projeto-inovador\/","title":{"rendered":"Obesidade infantil: docente de Nutri\u00e7\u00e3o conquista pr\u00eamio por projeto inovador"},"content":{"rendered":"\n<p>A professora e pesquisadora do <a href=\"https:\/\/saocamilo-sp.br\/\">Centro Universit\u00e1rio S\u00e3o Camilo<\/a>,  Ana Paula de Queiroz Mello, foi reconhecida por sua iniciativa inovadora para combater a obesidade infantil nas escolas estaduais de S\u00e3o Paulo. O Programa de Educa\u00e7\u00e3o Alimentar \u2013 integrando Ci\u00eancia, Escola e Sa\u00fade (PEDUCA), desenvolvido por Ana Paula em colabora\u00e7\u00e3o com a Profa. Dra. N\u00e1gila R. T. Damasceno da USP,  visa promover alimenta\u00e7\u00e3o adequada e saud\u00e1vel entre os alunos. <\/p>\n\n\n\n<h3 class=\"wp-block-heading\">Impacto nas Escolas Estaduais<\/h3>\n\n\n\n<p>O <strong>PEDUCA<\/strong> impacta mais de <strong>2.000 escolas estaduais<\/strong> em S\u00e3o Paulo. Criado em parceria com o Instituto de Ci\u00eancia e Tecnologia (INCT-FCx), a Sociedade de Cardiologia do Estado de S\u00e3o Paulo (SOCESP) e a Secretaria da Educa\u00e7\u00e3o do Estado de S\u00e3o Paulo (SEDUC), o programa foca em capacitar professores e servidores da educa\u00e7\u00e3o para promover h\u00e1bitos alimentares saud\u00e1veis nas escolas.<\/p>\n\n\n\n<h3 class=\"wp-block-heading\">Estrutura do Programa<\/h3>\n\n\n\n<p>O <strong>PEDUCA<\/strong> \u00e9 um curso totalmente online, com dura\u00e7\u00e3o de <strong>110 horas<\/strong>, oferecendo forma\u00e7\u00e3o para servidores da SEDUC. O objetivo \u00e9 facilitar a cria\u00e7\u00e3o de propostas pedag\u00f3gicas sobre educa\u00e7\u00e3o alimentar e nutricional no ambiente escolar. A primeira edi\u00e7\u00e3o de 2024 j\u00e1 est\u00e1 em andamento, com ampla participa\u00e7\u00e3o.<\/p>\n\n\n\n<h3 class=\"wp-block-heading\">Resultados e Reconhecimento<\/h3>\n\n\n\n<p>Desde sua primeira edi\u00e7\u00e3o em 2020, o programa capacitou mais de 5.350 servidores, abrangendo 85% das Diretorias de Ensino e impactando mais de 2.000 escolas. Esse sucesso levou o programa a ser premiado com o Pr\u00eamio Josu\u00e9 de Castro de Combate \u00e0 Fome e \u00e0 Desnutri\u00e7\u00e3o,  consolidando seu papel na luta contra a fome e a desnutri\u00e7\u00e3o. O pr\u00eamio \u00e9 uma iniciativa do Governo do Estado de S\u00e3o Paulo, por meio do Conselho Estadual de Seguran\u00e7a Alimentar e Nutricional Sustent\u00e1vel &#8211; Consea\/SP.<br><\/p>\n\n\n\n<h3 class=\"wp-block-heading\">A Import\u00e2ncia da Educa\u00e7\u00e3o Alimentar<\/h3>\n\n\n\n<p>A professora Ana Paula enfatiza a import\u00e2ncia de subsidiar a\u00e7\u00f5es intersetoriais nas escolas. &#8220;O PEDUCA promove o autocuidado e a autonomia por meio da educa\u00e7\u00e3o alimentar, trazendo um impacto direto na sa\u00fade da comunidade escolar,&#8221; explica ela.<\/p>\n\n\n\n<p>Por meio do PEDUCA, a S\u00e3o Camilo e seus parceiros demonstram que \u00e9 poss\u00edvel combater a obesidade infantil e promover uma gera\u00e7\u00e3o mais saud\u00e1vel.<\/p>\n\n\n\n<p><strong>Veja tamb\u00e9m:<\/strong><\/p>\n\n\n\n<ul class=\"wp-block-list\">\n<li><a href=\"https:\/\/blog.saocamilo-sp.br\/index.php\/2023\/05\/25\/plastinado-von-hagens-sao-camilo-revoluciona-no-ensino\/\"><\/a><a href=\"https:\/\/blog.saocamilo-sp.br\/index.php\/2023\/07\/07\/a-pesquisa-cientifica-no-centro-universitario-sao-camilo\/\" target=\"_blank\" rel=\"noreferrer noopener\">A valoriza\u00e7\u00e3o da pesquisa cient\u00edfica no Centro Universit\u00e1rio S\u00e3o Camilo<\/a><\/li>\n\n\n\n<li><a href=\"https:\/\/blog.saocamilo-sp.br\/index.php\/2024\/03\/25\/clinica-escola\/\" target=\"_blank\" rel=\"noreferrer noopener\">Dia Mundial da Alimenta\u00e7\u00e3o: confira alguns e-books da S\u00e3o Camilo!<\/a><\/li>\n\n\n\n<li><a href=\"https:\/\/blog.saocamilo-sp.br\/index.php\/2024\/05\/29\/peduca\/\">PEDUCA 2024: Atividades de Ensino, Pesquisa e Extens\u00e3o no controle da Obesidade Infantil na Escola<\/a><\/li>\n<\/ul>\n\n\n\n<iframe loading=\"lazy\" src=\"https:\/\/saocamilo.apprbs.com.br\/tenho-interesse-blog\" height=\"530px\" width=\"100%\" frameborder=\"0\"><\/iframe>\n","protected":false},"excerpt":{"rendered":"<p>Profa.  Ana Paula de Queiroz Mello recebeu o Pr\u00eamio Josu\u00e9 de Castro por seu programa PEDUCA.<\/p>\n","protected":false},"author":11,"featured_media":3209,"comment_status":"open","ping_status":"open","sticky":false,"template":"","format":"standard","meta":{"cybocfi_hide_featured_image":"","footnotes":""},"categories":[1],"tags":[],"class_list":["post-3200","post","type-post","status-publish","format-standard","has-post-thumbnail","hentry","category-cursos"],"yoast_head":"<!-- This site is optimized with the Yoast SEO plugin v27.5 - https:\/\/yoast.com\/product\/yoast-seo-wordpress\/ -->\n<title>Obesidade infantil: docente de Nutri\u00e7\u00e3o conquista pr\u00eamio por projeto inovador<\/title>\n<meta name=\"description\" content=\"Profa. Ana Paula de Queiroz Mello recebeu o Pr\u00eamio Josu\u00e9 de Castro por seu programa PEDUCA.\" \/>\n<meta name=\"robots\" content=\"index, follow, max-snippet:-1, max-image-preview:large, max-video-preview:-1\" \/>\n<link rel=\"canonical\" href=\"https:\/\/blog.saocamilo-sp.br\/index.php\/2024\/10\/24\/obesidade-infantil-docente-de-nutricao-conquista-premio-por-projeto-inovador\/\" \/>\n<meta property=\"og:locale\" content=\"pt_BR\" \/>\n<meta property=\"og:type\" content=\"article\" \/>\n<meta property=\"og:title\" content=\"Obesidade infantil: docente de Nutri\u00e7\u00e3o conquista pr\u00eamio por projeto inovador\" \/>\n<meta property=\"og:description\" content=\"Profa. Ana Paula de Queiroz Mello recebeu o Pr\u00eamio Josu\u00e9 de Castro por seu programa PEDUCA.\" \/>\n<meta property=\"og:url\" content=\"https:\/\/blog.saocamilo-sp.br\/index.php\/2024\/10\/24\/obesidade-infantil-docente-de-nutricao-conquista-premio-por-projeto-inovador\/\" \/>\n<meta property=\"og:site_name\" content=\"Blog S\u00e3o Camilo\" \/>\n<meta property=\"article:publisher\" content=\"https:\/\/www.facebook.com\/saocamilosp\" \/>\n<meta property=\"article:published_time\" content=\"2024-10-24T20:04:37+00:00\" \/>\n<meta property=\"article:modified_time\" content=\"2024-10-24T20:47:14+00:00\" \/>\n<meta property=\"og:image\" content=\"https:\/\/blog.saocamilo-sp.br\/wp-content\/uploads\/2024\/10\/Profa_Ana_Paula.png\" \/>\n\t<meta property=\"og:image:width\" content=\"600\" \/>\n\t<meta property=\"og:image:height\" content=\"450\" \/>\n\t<meta property=\"og:image:type\" content=\"image\/png\" \/>\n<meta name=\"author\" content=\"Christopher Oliveira dos Reis\" \/>\n<meta name=\"twitter:card\" content=\"summary_large_image\" \/>\n<meta name=\"twitter:creator\" content=\"@saocamilosp\" \/>\n<meta name=\"twitter:site\" content=\"@saocamilosp\" \/>\n<meta name=\"twitter:label1\" content=\"Escrito por\" \/>\n\t<meta name=\"twitter:data1\" content=\"Christopher Oliveira dos Reis\" \/>\n\t<meta name=\"twitter:label2\" content=\"Est. tempo de leitura\" \/>\n\t<meta name=\"twitter:data2\" content=\"3 minutos\" \/>\n<script type=\"application\/ld+json\" class=\"yoast-schema-graph\">{\"@context\":\"https:\\\/\\\/schema.org\",\"@graph\":[{\"@type\":\"Article\",\"@id\":\"https:\\\/\\\/blog.saocamilo-sp.br\\\/index.php\\\/2024\\\/10\\\/24\\\/obesidade-infantil-docente-de-nutricao-conquista-premio-por-projeto-inovador\\\/#article\",\"isPartOf\":{\"@id\":\"https:\\\/\\\/blog.saocamilo-sp.br\\\/index.php\\\/2024\\\/10\\\/24\\\/obesidade-infantil-docente-de-nutricao-conquista-premio-por-projeto-inovador\\\/\"},\"author\":{\"name\":\"Christopher Oliveira dos Reis\",\"@id\":\"https:\\\/\\\/blog.saocamilo-sp.br\\\/#\\\/schema\\\/person\\\/7dce5f342af0848eb2f06778b2737904\"},\"headline\":\"Obesidade infantil: docente de Nutri\u00e7\u00e3o conquista pr\u00eamio por projeto inovador\",\"datePublished\":\"2024-10-24T20:04:37+00:00\",\"dateModified\":\"2024-10-24T20:47:14+00:00\",\"mainEntityOfPage\":{\"@id\":\"https:\\\/\\\/blog.saocamilo-sp.br\\\/index.php\\\/2024\\\/10\\\/24\\\/obesidade-infantil-docente-de-nutricao-conquista-premio-por-projeto-inovador\\\/\"},\"wordCount\":419,\"commentCount\":0,\"publisher\":{\"@id\":\"https:\\\/\\\/blog.saocamilo-sp.br\\\/#organization\"},\"image\":{\"@id\":\"https:\\\/\\\/blog.saocamilo-sp.br\\\/index.php\\\/2024\\\/10\\\/24\\\/obesidade-infantil-docente-de-nutricao-conquista-premio-por-projeto-inovador\\\/#primaryimage\"},\"thumbnailUrl\":\"https:\\\/\\\/blog.saocamilo-sp.br\\\/wp-content\\\/uploads\\\/2024\\\/10\\\/Profa_Ana_Paula.png\",\"articleSection\":[\"Cursos\"],\"inLanguage\":\"pt-BR\",\"potentialAction\":[{\"@type\":\"CommentAction\",\"name\":\"Comment\",\"target\":[\"https:\\\/\\\/blog.saocamilo-sp.br\\\/index.php\\\/2024\\\/10\\\/24\\\/obesidade-infantil-docente-de-nutricao-conquista-premio-por-projeto-inovador\\\/#respond\"]}]},{\"@type\":\"WebPage\",\"@id\":\"https:\\\/\\\/blog.saocamilo-sp.br\\\/index.php\\\/2024\\\/10\\\/24\\\/obesidade-infantil-docente-de-nutricao-conquista-premio-por-projeto-inovador\\\/\",\"url\":\"https:\\\/\\\/blog.saocamilo-sp.br\\\/index.php\\\/2024\\\/10\\\/24\\\/obesidade-infantil-docente-de-nutricao-conquista-premio-por-projeto-inovador\\\/\",\"name\":\"Obesidade infantil: docente de Nutri\u00e7\u00e3o conquista pr\u00eamio por projeto inovador\",\"isPartOf\":{\"@id\":\"https:\\\/\\\/blog.saocamilo-sp.br\\\/#website\"},\"primaryImageOfPage\":{\"@id\":\"https:\\\/\\\/blog.saocamilo-sp.br\\\/index.php\\\/2024\\\/10\\\/24\\\/obesidade-infantil-docente-de-nutricao-conquista-premio-por-projeto-inovador\\\/#primaryimage\"},\"image\":{\"@id\":\"https:\\\/\\\/blog.saocamilo-sp.br\\\/index.php\\\/2024\\\/10\\\/24\\\/obesidade-infantil-docente-de-nutricao-conquista-premio-por-projeto-inovador\\\/#primaryimage\"},\"thumbnailUrl\":\"https:\\\/\\\/blog.saocamilo-sp.br\\\/wp-content\\\/uploads\\\/2024\\\/10\\\/Profa_Ana_Paula.png\",\"datePublished\":\"2024-10-24T20:04:37+00:00\",\"dateModified\":\"2024-10-24T20:47:14+00:00\",\"description\":\"Profa. Ana Paula de Queiroz Mello recebeu o Pr\u00eamio Josu\u00e9 de Castro por seu programa PEDUCA.\",\"breadcrumb\":{\"@id\":\"https:\\\/\\\/blog.saocamilo-sp.br\\\/index.php\\\/2024\\\/10\\\/24\\\/obesidade-infantil-docente-de-nutricao-conquista-premio-por-projeto-inovador\\\/#breadcrumb\"},\"inLanguage\":\"pt-BR\",\"potentialAction\":[{\"@type\":\"ReadAction\",\"target\":[\"https:\\\/\\\/blog.saocamilo-sp.br\\\/index.php\\\/2024\\\/10\\\/24\\\/obesidade-infantil-docente-de-nutricao-conquista-premio-por-projeto-inovador\\\/\"]}]},{\"@type\":\"ImageObject\",\"inLanguage\":\"pt-BR\",\"@id\":\"https:\\\/\\\/blog.saocamilo-sp.br\\\/index.php\\\/2024\\\/10\\\/24\\\/obesidade-infantil-docente-de-nutricao-conquista-premio-por-projeto-inovador\\\/#primaryimage\",\"url\":\"https:\\\/\\\/blog.saocamilo-sp.br\\\/wp-content\\\/uploads\\\/2024\\\/10\\\/Profa_Ana_Paula.png\",\"contentUrl\":\"https:\\\/\\\/blog.saocamilo-sp.br\\\/wp-content\\\/uploads\\\/2024\\\/10\\\/Profa_Ana_Paula.png\",\"width\":600,\"height\":450,\"caption\":\"docente de Nutri\u00e7\u00e3o conquista pr\u00eamio por projeto inovador\"},{\"@type\":\"BreadcrumbList\",\"@id\":\"https:\\\/\\\/blog.saocamilo-sp.br\\\/index.php\\\/2024\\\/10\\\/24\\\/obesidade-infantil-docente-de-nutricao-conquista-premio-por-projeto-inovador\\\/#breadcrumb\",\"itemListElement\":[{\"@type\":\"ListItem\",\"position\":1,\"name\":\"In\u00edcio\",\"item\":\"https:\\\/\\\/blog.saocamilo-sp.br\\\/\"},{\"@type\":\"ListItem\",\"position\":2,\"name\":\"Obesidade infantil: docente de Nutri\u00e7\u00e3o conquista pr\u00eamio por projeto inovador\"}]},{\"@type\":\"WebSite\",\"@id\":\"https:\\\/\\\/blog.saocamilo-sp.br\\\/#website\",\"url\":\"https:\\\/\\\/blog.saocamilo-sp.br\\\/\",\"name\":\"Blog S\u00e3o Camilo\",\"description\":\"Blog do Centro Universit\u00e1rio S\u00e3o Camilo\",\"publisher\":{\"@id\":\"https:\\\/\\\/blog.saocamilo-sp.br\\\/#organization\"},\"potentialAction\":[{\"@type\":\"SearchAction\",\"target\":{\"@type\":\"EntryPoint\",\"urlTemplate\":\"https:\\\/\\\/blog.saocamilo-sp.br\\\/?s={search_term_string}\"},\"query-input\":{\"@type\":\"PropertyValueSpecification\",\"valueRequired\":true,\"valueName\":\"search_term_string\"}}],\"inLanguage\":\"pt-BR\"},{\"@type\":\"Organization\",\"@id\":\"https:\\\/\\\/blog.saocamilo-sp.br\\\/#organization\",\"name\":\"Blog S\u00e3o Camilo\",\"url\":\"https:\\\/\\\/blog.saocamilo-sp.br\\\/\",\"logo\":{\"@type\":\"ImageObject\",\"inLanguage\":\"pt-BR\",\"@id\":\"https:\\\/\\\/blog.saocamilo-sp.br\\\/#\\\/schema\\\/logo\\\/image\\\/\",\"url\":\"https:\\\/\\\/blog.saocamilo-sp.br\\\/wp-content\\\/uploads\\\/2021\\\/12\\\/cropped-vazio-logo-topo.png\",\"contentUrl\":\"https:\\\/\\\/blog.saocamilo-sp.br\\\/wp-content\\\/uploads\\\/2021\\\/12\\\/cropped-vazio-logo-topo.png\",\"width\":320,\"height\":240,\"caption\":\"Blog S\u00e3o Camilo\"},\"image\":{\"@id\":\"https:\\\/\\\/blog.saocamilo-sp.br\\\/#\\\/schema\\\/logo\\\/image\\\/\"},\"sameAs\":[\"https:\\\/\\\/www.facebook.com\\\/saocamilosp\",\"https:\\\/\\\/x.com\\\/saocamilosp\",\"https:\\\/\\\/www.linkedin.com\\\/school\\\/centro-universit-rio-s-o-camilo\\\/\"]},{\"@type\":\"Person\",\"@id\":\"https:\\\/\\\/blog.saocamilo-sp.br\\\/#\\\/schema\\\/person\\\/7dce5f342af0848eb2f06778b2737904\",\"name\":\"Christopher Oliveira dos Reis\",\"image\":{\"@type\":\"ImageObject\",\"inLanguage\":\"pt-BR\",\"@id\":\"https:\\\/\\\/secure.gravatar.com\\\/avatar\\\/b09a1361215d06f22999124838358b6855376e2b7287de883b723960b0c03f82?s=96&d=mm&r=g\",\"url\":\"https:\\\/\\\/secure.gravatar.com\\\/avatar\\\/b09a1361215d06f22999124838358b6855376e2b7287de883b723960b0c03f82?s=96&d=mm&r=g\",\"contentUrl\":\"https:\\\/\\\/secure.gravatar.com\\\/avatar\\\/b09a1361215d06f22999124838358b6855376e2b7287de883b723960b0c03f82?s=96&d=mm&r=g\",\"caption\":\"Christopher Oliveira dos Reis\"},\"url\":\"https:\\\/\\\/blog.saocamilo-sp.br\\\/index.php\\\/author\\\/christopher-reis\\\/\"}]}<\/script>\n<!-- \/ Yoast SEO plugin. -->","yoast_head_json":{"title":"Obesidade infantil: docente de Nutri\u00e7\u00e3o conquista pr\u00eamio por projeto inovador","description":"Profa. Ana Paula de Queiroz Mello recebeu o Pr\u00eamio Josu\u00e9 de Castro por seu programa PEDUCA.","robots":{"index":"index","follow":"follow","max-snippet":"max-snippet:-1","max-image-preview":"max-image-preview:large","max-video-preview":"max-video-preview:-1"},"canonical":"https:\/\/blog.saocamilo-sp.br\/index.php\/2024\/10\/24\/obesidade-infantil-docente-de-nutricao-conquista-premio-por-projeto-inovador\/","og_locale":"pt_BR","og_type":"article","og_title":"Obesidade infantil: docente de Nutri\u00e7\u00e3o conquista pr\u00eamio por projeto inovador","og_description":"Profa. Ana Paula de Queiroz Mello recebeu o Pr\u00eamio Josu\u00e9 de Castro por seu programa PEDUCA.","og_url":"https:\/\/blog.saocamilo-sp.br\/index.php\/2024\/10\/24\/obesidade-infantil-docente-de-nutricao-conquista-premio-por-projeto-inovador\/","og_site_name":"Blog S\u00e3o Camilo","article_publisher":"https:\/\/www.facebook.com\/saocamilosp","article_published_time":"2024-10-24T20:04:37+00:00","article_modified_time":"2024-10-24T20:47:14+00:00","og_image":[{"width":600,"height":450,"url":"https:\/\/blog.saocamilo-sp.br\/wp-content\/uploads\/2024\/10\/Profa_Ana_Paula.png","type":"image\/png"}],"author":"Christopher Oliveira dos Reis","twitter_card":"summary_large_image","twitter_creator":"@saocamilosp","twitter_site":"@saocamilosp","twitter_misc":{"Escrito por":"Christopher Oliveira dos Reis","Est. tempo de leitura":"3 minutos"},"schema":{"@context":"https:\/\/schema.org","@graph":[{"@type":"Article","@id":"https:\/\/blog.saocamilo-sp.br\/index.php\/2024\/10\/24\/obesidade-infantil-docente-de-nutricao-conquista-premio-por-projeto-inovador\/#article","isPartOf":{"@id":"https:\/\/blog.saocamilo-sp.br\/index.php\/2024\/10\/24\/obesidade-infantil-docente-de-nutricao-conquista-premio-por-projeto-inovador\/"},"author":{"name":"Christopher Oliveira dos Reis","@id":"https:\/\/blog.saocamilo-sp.br\/#\/schema\/person\/7dce5f342af0848eb2f06778b2737904"},"headline":"Obesidade infantil: docente de Nutri\u00e7\u00e3o conquista pr\u00eamio por projeto inovador","datePublished":"2024-10-24T20:04:37+00:00","dateModified":"2024-10-24T20:47:14+00:00","mainEntityOfPage":{"@id":"https:\/\/blog.saocamilo-sp.br\/index.php\/2024\/10\/24\/obesidade-infantil-docente-de-nutricao-conquista-premio-por-projeto-inovador\/"},"wordCount":419,"commentCount":0,"publisher":{"@id":"https:\/\/blog.saocamilo-sp.br\/#organization"},"image":{"@id":"https:\/\/blog.saocamilo-sp.br\/index.php\/2024\/10\/24\/obesidade-infantil-docente-de-nutricao-conquista-premio-por-projeto-inovador\/#primaryimage"},"thumbnailUrl":"https:\/\/blog.saocamilo-sp.br\/wp-content\/uploads\/2024\/10\/Profa_Ana_Paula.png","articleSection":["Cursos"],"inLanguage":"pt-BR","potentialAction":[{"@type":"CommentAction","name":"Comment","target":["https:\/\/blog.saocamilo-sp.br\/index.php\/2024\/10\/24\/obesidade-infantil-docente-de-nutricao-conquista-premio-por-projeto-inovador\/#respond"]}]},{"@type":"WebPage","@id":"https:\/\/blog.saocamilo-sp.br\/index.php\/2024\/10\/24\/obesidade-infantil-docente-de-nutricao-conquista-premio-por-projeto-inovador\/","url":"https:\/\/blog.saocamilo-sp.br\/index.php\/2024\/10\/24\/obesidade-infantil-docente-de-nutricao-conquista-premio-por-projeto-inovador\/","name":"Obesidade infantil: docente de Nutri\u00e7\u00e3o conquista pr\u00eamio por projeto inovador","isPartOf":{"@id":"https:\/\/blog.saocamilo-sp.br\/#website"},"primaryImageOfPage":{"@id":"https:\/\/blog.saocamilo-sp.br\/index.php\/2024\/10\/24\/obesidade-infantil-docente-de-nutricao-conquista-premio-por-projeto-inovador\/#primaryimage"},"image":{"@id":"https:\/\/blog.saocamilo-sp.br\/index.php\/2024\/10\/24\/obesidade-infantil-docente-de-nutricao-conquista-premio-por-projeto-inovador\/#primaryimage"},"thumbnailUrl":"https:\/\/blog.saocamilo-sp.br\/wp-content\/uploads\/2024\/10\/Profa_Ana_Paula.png","datePublished":"2024-10-24T20:04:37+00:00","dateModified":"2024-10-24T20:47:14+00:00","description":"Profa. Ana Paula de Queiroz Mello recebeu o Pr\u00eamio Josu\u00e9 de Castro por seu programa PEDUCA.","breadcrumb":{"@id":"https:\/\/blog.saocamilo-sp.br\/index.php\/2024\/10\/24\/obesidade-infantil-docente-de-nutricao-conquista-premio-por-projeto-inovador\/#breadcrumb"},"inLanguage":"pt-BR","potentialAction":[{"@type":"ReadAction","target":["https:\/\/blog.saocamilo-sp.br\/index.php\/2024\/10\/24\/obesidade-infantil-docente-de-nutricao-conquista-premio-por-projeto-inovador\/"]}]},{"@type":"ImageObject","inLanguage":"pt-BR","@id":"https:\/\/blog.saocamilo-sp.br\/index.php\/2024\/10\/24\/obesidade-infantil-docente-de-nutricao-conquista-premio-por-projeto-inovador\/#primaryimage","url":"https:\/\/blog.saocamilo-sp.br\/wp-content\/uploads\/2024\/10\/Profa_Ana_Paula.png","contentUrl":"https:\/\/blog.saocamilo-sp.br\/wp-content\/uploads\/2024\/10\/Profa_Ana_Paula.png","width":600,"height":450,"caption":"docente de Nutri\u00e7\u00e3o conquista pr\u00eamio por projeto inovador"},{"@type":"BreadcrumbList","@id":"https:\/\/blog.saocamilo-sp.br\/index.php\/2024\/10\/24\/obesidade-infantil-docente-de-nutricao-conquista-premio-por-projeto-inovador\/#breadcrumb","itemListElement":[{"@type":"ListItem","position":1,"name":"In\u00edcio","item":"https:\/\/blog.saocamilo-sp.br\/"},{"@type":"ListItem","position":2,"name":"Obesidade infantil: docente de Nutri\u00e7\u00e3o conquista pr\u00eamio por projeto inovador"}]},{"@type":"WebSite","@id":"https:\/\/blog.saocamilo-sp.br\/#website","url":"https:\/\/blog.saocamilo-sp.br\/","name":"Blog S\u00e3o Camilo","description":"Blog do Centro Universit\u00e1rio S\u00e3o Camilo","publisher":{"@id":"https:\/\/blog.saocamilo-sp.br\/#organization"},"potentialAction":[{"@type":"SearchAction","target":{"@type":"EntryPoint","urlTemplate":"https:\/\/blog.saocamilo-sp.br\/?s={search_term_string}"},"query-input":{"@type":"PropertyValueSpecification","valueRequired":true,"valueName":"search_term_string"}}],"inLanguage":"pt-BR"},{"@type":"Organization","@id":"https:\/\/blog.saocamilo-sp.br\/#organization","name":"Blog S\u00e3o Camilo","url":"https:\/\/blog.saocamilo-sp.br\/","logo":{"@type":"ImageObject","inLanguage":"pt-BR","@id":"https:\/\/blog.saocamilo-sp.br\/#\/schema\/logo\/image\/","url":"https:\/\/blog.saocamilo-sp.br\/wp-content\/uploads\/2021\/12\/cropped-vazio-logo-topo.png","contentUrl":"https:\/\/blog.saocamilo-sp.br\/wp-content\/uploads\/2021\/12\/cropped-vazio-logo-topo.png","width":320,"height":240,"caption":"Blog S\u00e3o Camilo"},"image":{"@id":"https:\/\/blog.saocamilo-sp.br\/#\/schema\/logo\/image\/"},"sameAs":["https:\/\/www.facebook.com\/saocamilosp","https:\/\/x.com\/saocamilosp","https:\/\/www.linkedin.com\/school\/centro-universit-rio-s-o-camilo\/"]},{"@type":"Person","@id":"https:\/\/blog.saocamilo-sp.br\/#\/schema\/person\/7dce5f342af0848eb2f06778b2737904","name":"Christopher Oliveira dos Reis","image":{"@type":"ImageObject","inLanguage":"pt-BR","@id":"https:\/\/secure.gravatar.com\/avatar\/b09a1361215d06f22999124838358b6855376e2b7287de883b723960b0c03f82?s=96&d=mm&r=g","url":"https:\/\/secure.gravatar.com\/avatar\/b09a1361215d06f22999124838358b6855376e2b7287de883b723960b0c03f82?s=96&d=mm&r=g","contentUrl":"https:\/\/secure.gravatar.com\/avatar\/b09a1361215d06f22999124838358b6855376e2b7287de883b723960b0c03f82?s=96&d=mm&r=g","caption":"Christopher Oliveira dos Reis"},"url":"https:\/\/blog.saocamilo-sp.br\/index.php\/author\/christopher-reis\/"}]}},"_links":{"self":[{"href":"https:\/\/blog.saocamilo-sp.br\/index.php\/wp-json\/wp\/v2\/posts\/3200","targetHints":{"allow":["GET"]}}],"collection":[{"href":"https:\/\/blog.saocamilo-sp.br\/index.php\/wp-json\/wp\/v2\/posts"}],"about":[{"href":"https:\/\/blog.saocamilo-sp.br\/index.php\/wp-json\/wp\/v2\/types\/post"}],"author":[{"embeddable":true,"href":"https:\/\/blog.saocamilo-sp.br\/index.php\/wp-json\/wp\/v2\/users\/11"}],"replies":[{"embeddable":true,"href":"https:\/\/blog.saocamilo-sp.br\/index.php\/wp-json\/wp\/v2\/comments?post=3200"}],"version-history":[{"count":5,"href":"https:\/\/blog.saocamilo-sp.br\/index.php\/wp-json\/wp\/v2\/posts\/3200\/revisions"}],"predecessor-version":[{"id":3211,"href":"https:\/\/blog.saocamilo-sp.br\/index.php\/wp-json\/wp\/v2\/posts\/3200\/revisions\/3211"}],"wp:featuredmedia":[{"embeddable":true,"href":"https:\/\/blog.saocamilo-sp.br\/index.php\/wp-json\/wp\/v2\/media\/3209"}],"wp:attachment":[{"href":"https:\/\/blog.saocamilo-sp.br\/index.php\/wp-json\/wp\/v2\/media?parent=3200"}],"wp:term":[{"taxonomy":"category","embeddable":true,"href":"https:\/\/blog.saocamilo-sp.br\/index.php\/wp-json\/wp\/v2\/categories?post=3200"},{"taxonomy":"post_tag","embeddable":true,"href":"https:\/\/blog.saocamilo-sp.br\/index.php\/wp-json\/wp\/v2\/tags?post=3200"}],"curies":[{"name":"wp","href":"https:\/\/api.w.org\/{rel}","templated":true}]}}