{"id":3234,"date":"2024-11-29T10:53:39","date_gmt":"2024-11-29T13:53:39","guid":{"rendered":"https:\/\/blog.saocamilo-sp.br\/?p=3234"},"modified":"2024-11-29T10:53:40","modified_gmt":"2024-11-29T13:53:40","slug":"alunos-da-sao-camilo-analisam-lesoes-por-arma-de-fogo-na-medicina-forense","status":"publish","type":"post","link":"https:\/\/blog.saocamilo-sp.br\/index.php\/2024\/11\/29\/alunos-da-sao-camilo-analisam-lesoes-por-arma-de-fogo-na-medicina-forense\/","title":{"rendered":"Alunos da S\u00e3o Camilo Analisam Les\u00f5es por Arma de Fogo na Medicina Forense"},"content":{"rendered":"\n<p>Os estudantes <strong>Maiara Monique da Silva Heleno<\/strong> e <strong>Victor Moraes de Souza<\/strong>, do curso Superior de <a href=\"https:\/\/saocamilo-sp.br\/graduacao\/presencial\/radiologia\">Tecnologia em Radiologia<\/a> do <a href=\"https:\/\/saocamilo-sp.br\/\">Centro Universit\u00e1rio S\u00e3o Camilo<\/a>, consequentemente<strong> <\/strong>celebraram a publica\u00e7\u00e3o de seu segundo artigo cient\u00edfico em 2024. A pesquisa, que foi orientada pelo <strong>Prof. Dr. Guilherme Oberto<\/strong>, claramente abordou um tema de grande relev\u00e2ncia para a \u00e1rea da sa\u00fade: a Medicina Forense.<\/p>\n\n\n\n<h3 class=\"wp-block-heading\">Objetivo do Estudo<\/h3>\n\n\n\n<p>O estudo teve como principal objetivo analisar os resultados dos procedimentos com radiografias na medicina forense. Portanto, destacou-se a import\u00e2ncia desse recurso nas investiga\u00e7\u00f5es.<\/p>\n\n\n\n<h3 class=\"wp-block-heading\">O Diagn\u00f3stico por Imagem na \u00c1rea Forense<\/h3>\n\n\n\n<p>A an\u00e1lise de les\u00f5es causadas por arma de fogo, realizada atrav\u00e9s de radiografias, desempenha um papel essencial nas investiga\u00e7\u00f5es criminais. De fato, esses exames fornecem uma vis\u00e3o detalhada dos eventos violentos. Embora tenham sido inicialmente desenvolvidas para fins m\u00e9dicos, as radiografias se tornaram indispens\u00e1veis na investiga\u00e7\u00e3o forense. Al\u00e9m disso, elas permitem identificar proj\u00e9teis, determinar trajet\u00f3rias e avaliar danos ao tecido humano, o que, por sua vez, aprimora as investiga\u00e7\u00f5es.<\/p>\n\n\n\n<h3 class=\"wp-block-heading\">Metodologia da Pesquisa<\/h3>\n\n\n\n<p>Para realizar esta revis\u00e3o bibliogr\u00e1fica, utilizou-se a base de dados do <a href=\"https:\/\/www.ncbi.nlm.nih.gov\/\">Centro Nacional de Informa\u00e7\u00f5es sobre Biotecnologia (NCBI)<\/a>, que inclui plataformas como PubMed, PMC e OMIM. Assim, a pesquisa foi realizada utilizando palavras-chave como radiografia, medicina forense e radiologia forense, al\u00e9m de operadores booleanos OR e AND. O per\u00edodo de busca abrangeu os anos de 2013 a 2024. Ademais, apenas artigos em ingl\u00eas foram selecionados.<\/p>\n\n\n\n<h3 class=\"wp-block-heading\">Discuss\u00e3o dos Resultados<\/h3>\n\n\n\n<p>A an\u00e1lise dos dois artigos revelou que a radiologia forense \u00e9 fundamental para esclarecer casos judiciais. Logo, conclui-se que o campo tem evolu\u00eddo \u00e0 medida que novas tecnologias surgem. Dessa forma, a integra\u00e7\u00e3o de diferentes \u00e1reas do conhecimento, combinada com forma\u00e7\u00e3o especializada e t\u00e9cnicas avan\u00e7adas, tem aprimorado significativamente a efic\u00e1cia das investiga\u00e7\u00f5es. Assim sendo, a radiologia forense se consolida como uma ferramenta indispens\u00e1vel na busca pela verdade em processos legais.<\/p>\n\n\n\n<h3 class=\"wp-block-heading\">Acesso ao Artigo Completo<\/h3>\n\n\n\n<p>O artigo completo, que detalha os achados da pesquisa, pode ser consultado pelo DOI: <a href=\"https:\/\/doi.org\/10.56083\/RCV4N10-212\">https:\/\/doi.org\/10.56083\/RCV4N10-212<\/a>.<\/p>\n\n\n\n<h3 class=\"wp-block-heading\">Compromisso com a Pesquisa Cient\u00edfica<\/h3>\n\n\n\n<p>O <a href=\"https:\/\/saocamilo-sp.br\/\">Centro Universit\u00e1rio S\u00e3o Camilo<\/a> valoriza e incentiva a pesquisa cient\u00edfica como pilar fundamental na forma\u00e7\u00e3o acad\u00eamica. Portanto, a institui\u00e7\u00e3o se orgulha dos projetos de seus discentes e docentes. Com<strong> isso<\/strong>, contribui para o avan\u00e7o da ci\u00eancia e para a melhoria das pr\u00e1ticas de sa\u00fade. Em resumo, isso reflete o compromisso da S\u00e3o Camilo com a excel\u00eancia acad\u00eamica e a forma\u00e7\u00e3o de profissionais capacitados a impactar positivamente a sociedade.<\/p>\n\n\n\n<p><strong>Veja tamb\u00e9m<\/strong>:<\/p>\n\n\n\n<ul class=\"wp-block-list\">\n<li><a href=\"https:\/\/blog.saocamilo-sp.br\/index.php\/2023\/07\/07\/a-pesquisa-cientifica-no-centro-universitario-sao-camilo\/\" target=\"_blank\" rel=\"noreferrer noopener\">A valoriza\u00e7\u00e3o da pesquisa cient\u00edfica no Centro Universit\u00e1rio S\u00e3o Camilo<\/a><\/li>\n\n\n\n<li><a href=\"https:\/\/blog.saocamilo-sp.br\/index.php\/2024\/10\/11\/sao-camilo-abre-inscricoes-para-vestibular-de-cursos-a-distancia\/\" target=\"_blank\" rel=\"noreferrer noopener\">Intelig\u00eancia Emocional&nbsp;\u00e9 tema central do 9\u00ba Congresso Multiprofissional da S\u00e3o Camilo<\/a><\/li>\n\n\n\n<li><a href=\"https:\/\/blog.saocamilo-sp.br\/index.php\/2024\/09\/27\/ipiranga-tradicao-historia-e-modernidade\/\" target=\"_blank\" rel=\"noreferrer noopener\">Resist\u00eancia bacteriana: docentes e alunos de farm\u00e1cia realizam pesquisa sobre novas abordagens terap\u00eauticas<\/a><\/li>\n\n\n\n<li><\/li>\n<\/ul>\n","protected":false},"excerpt":{"rendered":"<p>Os estudantes Maiara Monique da Silva Heleno e Victor Moraes de Souza, do curso Superior de Tecnologia em Radiologia do Centro Universit\u00e1rio S\u00e3o Camilo, consequentemente celebraram a publica\u00e7\u00e3o de seu segundo artigo cient\u00edfico em 2024. A pesquisa, que foi orientada&#8230; <a class=\"more-link\" href=\"https:\/\/blog.saocamilo-sp.br\/index.php\/2024\/11\/29\/alunos-da-sao-camilo-analisam-lesoes-por-arma-de-fogo-na-medicina-forense\/\">Continue Reading &rarr;<\/a><\/p>\n","protected":false},"author":11,"featured_media":3294,"comment_status":"open","ping_status":"open","sticky":false,"template":"","format":"standard","meta":{"cybocfi_hide_featured_image":"","footnotes":""},"categories":[1],"tags":[],"class_list":["post-3234","post","type-post","status-publish","format-standard","has-post-thumbnail","hentry","category-cursos"],"yoast_head":"<!-- This site is optimized with the Yoast SEO plugin v27.5 - https:\/\/yoast.com\/product\/yoast-seo-wordpress\/ -->\n<title>Alunos da S\u00e3o Camilo Analisam Les\u00f5es por Arma de Fogo na Medicina Forense - Blog S\u00e3o Camilo<\/title>\n<meta name=\"description\" content=\"Medicina Forense: Os estudantes Maiara Monique da Silva Heleno e Victor Moraes de Souza, do curso Superior de Tecnologia em Radiologia...\" \/>\n<meta name=\"robots\" content=\"index, follow, max-snippet:-1, max-image-preview:large, max-video-preview:-1\" \/>\n<link rel=\"canonical\" href=\"https:\/\/blog.saocamilo-sp.br\/index.php\/2024\/11\/29\/alunos-da-sao-camilo-analisam-lesoes-por-arma-de-fogo-na-medicina-forense\/\" \/>\n<meta property=\"og:locale\" content=\"pt_BR\" \/>\n<meta property=\"og:type\" content=\"article\" \/>\n<meta property=\"og:title\" content=\"Alunos da S\u00e3o Camilo Analisam Les\u00f5es por Arma de Fogo na Medicina Forense - Blog S\u00e3o Camilo\" \/>\n<meta property=\"og:description\" content=\"Medicina Forense: Os estudantes Maiara Monique da Silva Heleno e Victor Moraes de Souza, do curso Superior de Tecnologia em Radiologia...\" \/>\n<meta property=\"og:url\" content=\"https:\/\/blog.saocamilo-sp.br\/index.php\/2024\/11\/29\/alunos-da-sao-camilo-analisam-lesoes-por-arma-de-fogo-na-medicina-forense\/\" \/>\n<meta property=\"og:site_name\" content=\"Blog S\u00e3o Camilo\" \/>\n<meta property=\"article:publisher\" content=\"https:\/\/www.facebook.com\/saocamilosp\" \/>\n<meta property=\"article:published_time\" content=\"2024-11-29T13:53:39+00:00\" \/>\n<meta property=\"article:modified_time\" content=\"2024-11-29T13:53:40+00:00\" \/>\n<meta property=\"og:image\" content=\"https:\/\/blog.saocamilo-sp.br\/wp-content\/uploads\/2024\/11\/Imagem-do-WhatsApp-de-2024-10-26-as-14.05.18_c2514018-1-1.jpg\" \/>\n\t<meta property=\"og:image:width\" content=\"1600\" \/>\n\t<meta property=\"og:image:height\" content=\"1200\" \/>\n\t<meta property=\"og:image:type\" content=\"image\/jpeg\" \/>\n<meta name=\"author\" content=\"Christopher Oliveira dos Reis\" \/>\n<meta name=\"twitter:card\" content=\"summary_large_image\" \/>\n<meta name=\"twitter:creator\" content=\"@saocamilosp\" \/>\n<meta name=\"twitter:site\" content=\"@saocamilosp\" \/>\n<meta name=\"twitter:label1\" content=\"Escrito por\" \/>\n\t<meta name=\"twitter:data1\" content=\"Christopher Oliveira dos Reis\" \/>\n\t<meta name=\"twitter:label2\" content=\"Est. tempo de leitura\" \/>\n\t<meta name=\"twitter:data2\" content=\"3 minutos\" \/>\n<script type=\"application\/ld+json\" class=\"yoast-schema-graph\">{\"@context\":\"https:\\\/\\\/schema.org\",\"@graph\":[{\"@type\":\"Article\",\"@id\":\"https:\\\/\\\/blog.saocamilo-sp.br\\\/index.php\\\/2024\\\/11\\\/29\\\/alunos-da-sao-camilo-analisam-lesoes-por-arma-de-fogo-na-medicina-forense\\\/#article\",\"isPartOf\":{\"@id\":\"https:\\\/\\\/blog.saocamilo-sp.br\\\/index.php\\\/2024\\\/11\\\/29\\\/alunos-da-sao-camilo-analisam-lesoes-por-arma-de-fogo-na-medicina-forense\\\/\"},\"author\":{\"name\":\"Christopher Oliveira dos Reis\",\"@id\":\"https:\\\/\\\/blog.saocamilo-sp.br\\\/#\\\/schema\\\/person\\\/7dce5f342af0848eb2f06778b2737904\"},\"headline\":\"Alunos da S\u00e3o Camilo Analisam Les\u00f5es por Arma de Fogo na Medicina Forense\",\"datePublished\":\"2024-11-29T13:53:39+00:00\",\"dateModified\":\"2024-11-29T13:53:40+00:00\",\"mainEntityOfPage\":{\"@id\":\"https:\\\/\\\/blog.saocamilo-sp.br\\\/index.php\\\/2024\\\/11\\\/29\\\/alunos-da-sao-camilo-analisam-lesoes-por-arma-de-fogo-na-medicina-forense\\\/\"},\"wordCount\":510,\"commentCount\":0,\"publisher\":{\"@id\":\"https:\\\/\\\/blog.saocamilo-sp.br\\\/#organization\"},\"image\":{\"@id\":\"https:\\\/\\\/blog.saocamilo-sp.br\\\/index.php\\\/2024\\\/11\\\/29\\\/alunos-da-sao-camilo-analisam-lesoes-por-arma-de-fogo-na-medicina-forense\\\/#primaryimage\"},\"thumbnailUrl\":\"https:\\\/\\\/blog.saocamilo-sp.br\\\/wp-content\\\/uploads\\\/2024\\\/11\\\/Imagem-do-WhatsApp-de-2024-10-26-as-14.05.18_c2514018-1-1.jpg\",\"articleSection\":[\"Cursos\"],\"inLanguage\":\"pt-BR\",\"potentialAction\":[{\"@type\":\"CommentAction\",\"name\":\"Comment\",\"target\":[\"https:\\\/\\\/blog.saocamilo-sp.br\\\/index.php\\\/2024\\\/11\\\/29\\\/alunos-da-sao-camilo-analisam-lesoes-por-arma-de-fogo-na-medicina-forense\\\/#respond\"]}]},{\"@type\":\"WebPage\",\"@id\":\"https:\\\/\\\/blog.saocamilo-sp.br\\\/index.php\\\/2024\\\/11\\\/29\\\/alunos-da-sao-camilo-analisam-lesoes-por-arma-de-fogo-na-medicina-forense\\\/\",\"url\":\"https:\\\/\\\/blog.saocamilo-sp.br\\\/index.php\\\/2024\\\/11\\\/29\\\/alunos-da-sao-camilo-analisam-lesoes-por-arma-de-fogo-na-medicina-forense\\\/\",\"name\":\"Alunos da S\u00e3o Camilo Analisam Les\u00f5es por Arma de Fogo na Medicina Forense - Blog S\u00e3o Camilo\",\"isPartOf\":{\"@id\":\"https:\\\/\\\/blog.saocamilo-sp.br\\\/#website\"},\"primaryImageOfPage\":{\"@id\":\"https:\\\/\\\/blog.saocamilo-sp.br\\\/index.php\\\/2024\\\/11\\\/29\\\/alunos-da-sao-camilo-analisam-lesoes-por-arma-de-fogo-na-medicina-forense\\\/#primaryimage\"},\"image\":{\"@id\":\"https:\\\/\\\/blog.saocamilo-sp.br\\\/index.php\\\/2024\\\/11\\\/29\\\/alunos-da-sao-camilo-analisam-lesoes-por-arma-de-fogo-na-medicina-forense\\\/#primaryimage\"},\"thumbnailUrl\":\"https:\\\/\\\/blog.saocamilo-sp.br\\\/wp-content\\\/uploads\\\/2024\\\/11\\\/Imagem-do-WhatsApp-de-2024-10-26-as-14.05.18_c2514018-1-1.jpg\",\"datePublished\":\"2024-11-29T13:53:39+00:00\",\"dateModified\":\"2024-11-29T13:53:40+00:00\",\"description\":\"Medicina Forense: Os estudantes Maiara Monique da Silva Heleno e Victor Moraes de Souza, do curso Superior de Tecnologia em Radiologia...\",\"breadcrumb\":{\"@id\":\"https:\\\/\\\/blog.saocamilo-sp.br\\\/index.php\\\/2024\\\/11\\\/29\\\/alunos-da-sao-camilo-analisam-lesoes-por-arma-de-fogo-na-medicina-forense\\\/#breadcrumb\"},\"inLanguage\":\"pt-BR\",\"potentialAction\":[{\"@type\":\"ReadAction\",\"target\":[\"https:\\\/\\\/blog.saocamilo-sp.br\\\/index.php\\\/2024\\\/11\\\/29\\\/alunos-da-sao-camilo-analisam-lesoes-por-arma-de-fogo-na-medicina-forense\\\/\"]}]},{\"@type\":\"ImageObject\",\"inLanguage\":\"pt-BR\",\"@id\":\"https:\\\/\\\/blog.saocamilo-sp.br\\\/index.php\\\/2024\\\/11\\\/29\\\/alunos-da-sao-camilo-analisam-lesoes-por-arma-de-fogo-na-medicina-forense\\\/#primaryimage\",\"url\":\"https:\\\/\\\/blog.saocamilo-sp.br\\\/wp-content\\\/uploads\\\/2024\\\/11\\\/Imagem-do-WhatsApp-de-2024-10-26-as-14.05.18_c2514018-1-1.jpg\",\"contentUrl\":\"https:\\\/\\\/blog.saocamilo-sp.br\\\/wp-content\\\/uploads\\\/2024\\\/11\\\/Imagem-do-WhatsApp-de-2024-10-26-as-14.05.18_c2514018-1-1.jpg\",\"width\":1600,\"height\":1200,\"caption\":\"Medicina Forense: Os estudantes Maiara Monique da Silva Heleno e Victor Moraes de Souza, do curso Superior de Tecnologia em Radiologia...\"},{\"@type\":\"BreadcrumbList\",\"@id\":\"https:\\\/\\\/blog.saocamilo-sp.br\\\/index.php\\\/2024\\\/11\\\/29\\\/alunos-da-sao-camilo-analisam-lesoes-por-arma-de-fogo-na-medicina-forense\\\/#breadcrumb\",\"itemListElement\":[{\"@type\":\"ListItem\",\"position\":1,\"name\":\"In\u00edcio\",\"item\":\"https:\\\/\\\/blog.saocamilo-sp.br\\\/\"},{\"@type\":\"ListItem\",\"position\":2,\"name\":\"Alunos da S\u00e3o Camilo Analisam Les\u00f5es por Arma de Fogo na Medicina Forense\"}]},{\"@type\":\"WebSite\",\"@id\":\"https:\\\/\\\/blog.saocamilo-sp.br\\\/#website\",\"url\":\"https:\\\/\\\/blog.saocamilo-sp.br\\\/\",\"name\":\"Blog S\u00e3o Camilo\",\"description\":\"Blog do Centro Universit\u00e1rio S\u00e3o Camilo\",\"publisher\":{\"@id\":\"https:\\\/\\\/blog.saocamilo-sp.br\\\/#organization\"},\"potentialAction\":[{\"@type\":\"SearchAction\",\"target\":{\"@type\":\"EntryPoint\",\"urlTemplate\":\"https:\\\/\\\/blog.saocamilo-sp.br\\\/?s={search_term_string}\"},\"query-input\":{\"@type\":\"PropertyValueSpecification\",\"valueRequired\":true,\"valueName\":\"search_term_string\"}}],\"inLanguage\":\"pt-BR\"},{\"@type\":\"Organization\",\"@id\":\"https:\\\/\\\/blog.saocamilo-sp.br\\\/#organization\",\"name\":\"Blog S\u00e3o Camilo\",\"url\":\"https:\\\/\\\/blog.saocamilo-sp.br\\\/\",\"logo\":{\"@type\":\"ImageObject\",\"inLanguage\":\"pt-BR\",\"@id\":\"https:\\\/\\\/blog.saocamilo-sp.br\\\/#\\\/schema\\\/logo\\\/image\\\/\",\"url\":\"https:\\\/\\\/blog.saocamilo-sp.br\\\/wp-content\\\/uploads\\\/2021\\\/12\\\/cropped-vazio-logo-topo.png\",\"contentUrl\":\"https:\\\/\\\/blog.saocamilo-sp.br\\\/wp-content\\\/uploads\\\/2021\\\/12\\\/cropped-vazio-logo-topo.png\",\"width\":320,\"height\":240,\"caption\":\"Blog S\u00e3o Camilo\"},\"image\":{\"@id\":\"https:\\\/\\\/blog.saocamilo-sp.br\\\/#\\\/schema\\\/logo\\\/image\\\/\"},\"sameAs\":[\"https:\\\/\\\/www.facebook.com\\\/saocamilosp\",\"https:\\\/\\\/x.com\\\/saocamilosp\",\"https:\\\/\\\/www.linkedin.com\\\/school\\\/centro-universit-rio-s-o-camilo\\\/\"]},{\"@type\":\"Person\",\"@id\":\"https:\\\/\\\/blog.saocamilo-sp.br\\\/#\\\/schema\\\/person\\\/7dce5f342af0848eb2f06778b2737904\",\"name\":\"Christopher Oliveira dos Reis\",\"image\":{\"@type\":\"ImageObject\",\"inLanguage\":\"pt-BR\",\"@id\":\"https:\\\/\\\/secure.gravatar.com\\\/avatar\\\/b09a1361215d06f22999124838358b6855376e2b7287de883b723960b0c03f82?s=96&d=mm&r=g\",\"url\":\"https:\\\/\\\/secure.gravatar.com\\\/avatar\\\/b09a1361215d06f22999124838358b6855376e2b7287de883b723960b0c03f82?s=96&d=mm&r=g\",\"contentUrl\":\"https:\\\/\\\/secure.gravatar.com\\\/avatar\\\/b09a1361215d06f22999124838358b6855376e2b7287de883b723960b0c03f82?s=96&d=mm&r=g\",\"caption\":\"Christopher Oliveira dos Reis\"},\"url\":\"https:\\\/\\\/blog.saocamilo-sp.br\\\/index.php\\\/author\\\/christopher-reis\\\/\"}]}<\/script>\n<!-- \/ Yoast SEO plugin. -->","yoast_head_json":{"title":"Alunos da S\u00e3o Camilo Analisam Les\u00f5es por Arma de Fogo na Medicina Forense - Blog S\u00e3o Camilo","description":"Medicina Forense: Os estudantes Maiara Monique da Silva Heleno e Victor Moraes de Souza, do curso Superior de Tecnologia em Radiologia...","robots":{"index":"index","follow":"follow","max-snippet":"max-snippet:-1","max-image-preview":"max-image-preview:large","max-video-preview":"max-video-preview:-1"},"canonical":"https:\/\/blog.saocamilo-sp.br\/index.php\/2024\/11\/29\/alunos-da-sao-camilo-analisam-lesoes-por-arma-de-fogo-na-medicina-forense\/","og_locale":"pt_BR","og_type":"article","og_title":"Alunos da S\u00e3o Camilo Analisam Les\u00f5es por Arma de Fogo na Medicina Forense - Blog S\u00e3o Camilo","og_description":"Medicina Forense: Os estudantes Maiara Monique da Silva Heleno e Victor Moraes de Souza, do curso Superior de Tecnologia em Radiologia...","og_url":"https:\/\/blog.saocamilo-sp.br\/index.php\/2024\/11\/29\/alunos-da-sao-camilo-analisam-lesoes-por-arma-de-fogo-na-medicina-forense\/","og_site_name":"Blog S\u00e3o Camilo","article_publisher":"https:\/\/www.facebook.com\/saocamilosp","article_published_time":"2024-11-29T13:53:39+00:00","article_modified_time":"2024-11-29T13:53:40+00:00","og_image":[{"width":1600,"height":1200,"url":"https:\/\/blog.saocamilo-sp.br\/wp-content\/uploads\/2024\/11\/Imagem-do-WhatsApp-de-2024-10-26-as-14.05.18_c2514018-1-1.jpg","type":"image\/jpeg"}],"author":"Christopher Oliveira dos Reis","twitter_card":"summary_large_image","twitter_creator":"@saocamilosp","twitter_site":"@saocamilosp","twitter_misc":{"Escrito por":"Christopher Oliveira dos Reis","Est. tempo de leitura":"3 minutos"},"schema":{"@context":"https:\/\/schema.org","@graph":[{"@type":"Article","@id":"https:\/\/blog.saocamilo-sp.br\/index.php\/2024\/11\/29\/alunos-da-sao-camilo-analisam-lesoes-por-arma-de-fogo-na-medicina-forense\/#article","isPartOf":{"@id":"https:\/\/blog.saocamilo-sp.br\/index.php\/2024\/11\/29\/alunos-da-sao-camilo-analisam-lesoes-por-arma-de-fogo-na-medicina-forense\/"},"author":{"name":"Christopher Oliveira dos Reis","@id":"https:\/\/blog.saocamilo-sp.br\/#\/schema\/person\/7dce5f342af0848eb2f06778b2737904"},"headline":"Alunos da S\u00e3o Camilo Analisam Les\u00f5es por Arma de Fogo na Medicina Forense","datePublished":"2024-11-29T13:53:39+00:00","dateModified":"2024-11-29T13:53:40+00:00","mainEntityOfPage":{"@id":"https:\/\/blog.saocamilo-sp.br\/index.php\/2024\/11\/29\/alunos-da-sao-camilo-analisam-lesoes-por-arma-de-fogo-na-medicina-forense\/"},"wordCount":510,"commentCount":0,"publisher":{"@id":"https:\/\/blog.saocamilo-sp.br\/#organization"},"image":{"@id":"https:\/\/blog.saocamilo-sp.br\/index.php\/2024\/11\/29\/alunos-da-sao-camilo-analisam-lesoes-por-arma-de-fogo-na-medicina-forense\/#primaryimage"},"thumbnailUrl":"https:\/\/blog.saocamilo-sp.br\/wp-content\/uploads\/2024\/11\/Imagem-do-WhatsApp-de-2024-10-26-as-14.05.18_c2514018-1-1.jpg","articleSection":["Cursos"],"inLanguage":"pt-BR","potentialAction":[{"@type":"CommentAction","name":"Comment","target":["https:\/\/blog.saocamilo-sp.br\/index.php\/2024\/11\/29\/alunos-da-sao-camilo-analisam-lesoes-por-arma-de-fogo-na-medicina-forense\/#respond"]}]},{"@type":"WebPage","@id":"https:\/\/blog.saocamilo-sp.br\/index.php\/2024\/11\/29\/alunos-da-sao-camilo-analisam-lesoes-por-arma-de-fogo-na-medicina-forense\/","url":"https:\/\/blog.saocamilo-sp.br\/index.php\/2024\/11\/29\/alunos-da-sao-camilo-analisam-lesoes-por-arma-de-fogo-na-medicina-forense\/","name":"Alunos da S\u00e3o Camilo Analisam Les\u00f5es por Arma de Fogo na Medicina Forense - Blog S\u00e3o Camilo","isPartOf":{"@id":"https:\/\/blog.saocamilo-sp.br\/#website"},"primaryImageOfPage":{"@id":"https:\/\/blog.saocamilo-sp.br\/index.php\/2024\/11\/29\/alunos-da-sao-camilo-analisam-lesoes-por-arma-de-fogo-na-medicina-forense\/#primaryimage"},"image":{"@id":"https:\/\/blog.saocamilo-sp.br\/index.php\/2024\/11\/29\/alunos-da-sao-camilo-analisam-lesoes-por-arma-de-fogo-na-medicina-forense\/#primaryimage"},"thumbnailUrl":"https:\/\/blog.saocamilo-sp.br\/wp-content\/uploads\/2024\/11\/Imagem-do-WhatsApp-de-2024-10-26-as-14.05.18_c2514018-1-1.jpg","datePublished":"2024-11-29T13:53:39+00:00","dateModified":"2024-11-29T13:53:40+00:00","description":"Medicina Forense: Os estudantes Maiara Monique da Silva Heleno e Victor Moraes de Souza, do curso Superior de Tecnologia em Radiologia...","breadcrumb":{"@id":"https:\/\/blog.saocamilo-sp.br\/index.php\/2024\/11\/29\/alunos-da-sao-camilo-analisam-lesoes-por-arma-de-fogo-na-medicina-forense\/#breadcrumb"},"inLanguage":"pt-BR","potentialAction":[{"@type":"ReadAction","target":["https:\/\/blog.saocamilo-sp.br\/index.php\/2024\/11\/29\/alunos-da-sao-camilo-analisam-lesoes-por-arma-de-fogo-na-medicina-forense\/"]}]},{"@type":"ImageObject","inLanguage":"pt-BR","@id":"https:\/\/blog.saocamilo-sp.br\/index.php\/2024\/11\/29\/alunos-da-sao-camilo-analisam-lesoes-por-arma-de-fogo-na-medicina-forense\/#primaryimage","url":"https:\/\/blog.saocamilo-sp.br\/wp-content\/uploads\/2024\/11\/Imagem-do-WhatsApp-de-2024-10-26-as-14.05.18_c2514018-1-1.jpg","contentUrl":"https:\/\/blog.saocamilo-sp.br\/wp-content\/uploads\/2024\/11\/Imagem-do-WhatsApp-de-2024-10-26-as-14.05.18_c2514018-1-1.jpg","width":1600,"height":1200,"caption":"Medicina Forense: Os estudantes Maiara Monique da Silva Heleno e Victor Moraes de Souza, do curso Superior de Tecnologia em Radiologia..."},{"@type":"BreadcrumbList","@id":"https:\/\/blog.saocamilo-sp.br\/index.php\/2024\/11\/29\/alunos-da-sao-camilo-analisam-lesoes-por-arma-de-fogo-na-medicina-forense\/#breadcrumb","itemListElement":[{"@type":"ListItem","position":1,"name":"In\u00edcio","item":"https:\/\/blog.saocamilo-sp.br\/"},{"@type":"ListItem","position":2,"name":"Alunos da S\u00e3o Camilo Analisam Les\u00f5es por Arma de Fogo na Medicina Forense"}]},{"@type":"WebSite","@id":"https:\/\/blog.saocamilo-sp.br\/#website","url":"https:\/\/blog.saocamilo-sp.br\/","name":"Blog S\u00e3o Camilo","description":"Blog do Centro Universit\u00e1rio S\u00e3o Camilo","publisher":{"@id":"https:\/\/blog.saocamilo-sp.br\/#organization"},"potentialAction":[{"@type":"SearchAction","target":{"@type":"EntryPoint","urlTemplate":"https:\/\/blog.saocamilo-sp.br\/?s={search_term_string}"},"query-input":{"@type":"PropertyValueSpecification","valueRequired":true,"valueName":"search_term_string"}}],"inLanguage":"pt-BR"},{"@type":"Organization","@id":"https:\/\/blog.saocamilo-sp.br\/#organization","name":"Blog S\u00e3o Camilo","url":"https:\/\/blog.saocamilo-sp.br\/","logo":{"@type":"ImageObject","inLanguage":"pt-BR","@id":"https:\/\/blog.saocamilo-sp.br\/#\/schema\/logo\/image\/","url":"https:\/\/blog.saocamilo-sp.br\/wp-content\/uploads\/2021\/12\/cropped-vazio-logo-topo.png","contentUrl":"https:\/\/blog.saocamilo-sp.br\/wp-content\/uploads\/2021\/12\/cropped-vazio-logo-topo.png","width":320,"height":240,"caption":"Blog S\u00e3o Camilo"},"image":{"@id":"https:\/\/blog.saocamilo-sp.br\/#\/schema\/logo\/image\/"},"sameAs":["https:\/\/www.facebook.com\/saocamilosp","https:\/\/x.com\/saocamilosp","https:\/\/www.linkedin.com\/school\/centro-universit-rio-s-o-camilo\/"]},{"@type":"Person","@id":"https:\/\/blog.saocamilo-sp.br\/#\/schema\/person\/7dce5f342af0848eb2f06778b2737904","name":"Christopher Oliveira dos Reis","image":{"@type":"ImageObject","inLanguage":"pt-BR","@id":"https:\/\/secure.gravatar.com\/avatar\/b09a1361215d06f22999124838358b6855376e2b7287de883b723960b0c03f82?s=96&d=mm&r=g","url":"https:\/\/secure.gravatar.com\/avatar\/b09a1361215d06f22999124838358b6855376e2b7287de883b723960b0c03f82?s=96&d=mm&r=g","contentUrl":"https:\/\/secure.gravatar.com\/avatar\/b09a1361215d06f22999124838358b6855376e2b7287de883b723960b0c03f82?s=96&d=mm&r=g","caption":"Christopher Oliveira dos Reis"},"url":"https:\/\/blog.saocamilo-sp.br\/index.php\/author\/christopher-reis\/"}]}},"_links":{"self":[{"href":"https:\/\/blog.saocamilo-sp.br\/index.php\/wp-json\/wp\/v2\/posts\/3234","targetHints":{"allow":["GET"]}}],"collection":[{"href":"https:\/\/blog.saocamilo-sp.br\/index.php\/wp-json\/wp\/v2\/posts"}],"about":[{"href":"https:\/\/blog.saocamilo-sp.br\/index.php\/wp-json\/wp\/v2\/types\/post"}],"author":[{"embeddable":true,"href":"https:\/\/blog.saocamilo-sp.br\/index.php\/wp-json\/wp\/v2\/users\/11"}],"replies":[{"embeddable":true,"href":"https:\/\/blog.saocamilo-sp.br\/index.php\/wp-json\/wp\/v2\/comments?post=3234"}],"version-history":[{"count":2,"href":"https:\/\/blog.saocamilo-sp.br\/index.php\/wp-json\/wp\/v2\/posts\/3234\/revisions"}],"predecessor-version":[{"id":3295,"href":"https:\/\/blog.saocamilo-sp.br\/index.php\/wp-json\/wp\/v2\/posts\/3234\/revisions\/3295"}],"wp:featuredmedia":[{"embeddable":true,"href":"https:\/\/blog.saocamilo-sp.br\/index.php\/wp-json\/wp\/v2\/media\/3294"}],"wp:attachment":[{"href":"https:\/\/blog.saocamilo-sp.br\/index.php\/wp-json\/wp\/v2\/media?parent=3234"}],"wp:term":[{"taxonomy":"category","embeddable":true,"href":"https:\/\/blog.saocamilo-sp.br\/index.php\/wp-json\/wp\/v2\/categories?post=3234"},{"taxonomy":"post_tag","embeddable":true,"href":"https:\/\/blog.saocamilo-sp.br\/index.php\/wp-json\/wp\/v2\/tags?post=3234"}],"curies":[{"name":"wp","href":"https:\/\/api.w.org\/{rel}","templated":true}]}}