{"id":3236,"date":"2024-11-14T11:49:38","date_gmt":"2024-11-14T14:49:38","guid":{"rendered":"https:\/\/blog.saocamilo-sp.br\/?p=3236"},"modified":"2024-11-14T11:50:40","modified_gmt":"2024-11-14T14:50:40","slug":"dia-mundial-do-diabetes","status":"publish","type":"post","link":"https:\/\/blog.saocamilo-sp.br\/index.php\/2024\/11\/14\/dia-mundial-do-diabetes\/","title":{"rendered":"Dia Mundial do Diabetes: a import\u00e2ncia da conscientiza\u00e7\u00e3o e do cuidado"},"content":{"rendered":"\n<p>A diabetes \u00e9 uma condi\u00e7\u00e3o cr\u00f4nica que afeta milh\u00f5es de pessoas em todo o mundo. No Brasil, os n\u00fameros s\u00e3o alarmantes e crescem rapidamente, tornando-se uma quest\u00e3o de sa\u00fade p\u00fablica significativa. A conscientiza\u00e7\u00e3o sobre os riscos e a ado\u00e7\u00e3o de medidas preventivas s\u00e3o essenciais para reduzir o impacto dessa condi\u00e7\u00e3o. Com informa\u00e7\u00f5es adequadas e mudan\u00e7as no estilo de vida, \u00e9 poss\u00edvel controlar e at\u00e9 prevenir muitos dos riscos associados ao diabetes.\u200b<\/p>\n\n\n\n<h3 class=\"wp-block-heading\">O Que \u00e9 Diabetes?<\/h3>\n\n\n\n<p>Diabetes \u00e9 uma doen\u00e7a que altera o modo como o corpo utiliza a glicose, que \u00e9 a principal fonte de energia para as c\u00e9lulas. A condi\u00e7\u00e3o se divide principalmente em dois tipos: diabetes tipo 1 e tipo 2. No tipo 1, o corpo n\u00e3o produz insulina, enquanto no tipo 2, o organismo n\u00e3o a utiliza adequadamente. Ambos os tipos, se n\u00e3o tratados, podem levar a complica\u00e7\u00f5es graves, como doen\u00e7as cardiovasculares, problemas renais e danos \u00e0 vis\u00e3o\u200b<\/p>\n\n\n\n<h3 class=\"wp-block-heading\">A import\u00e2ncia da conscientiza\u00e7\u00e3o<\/h3>\n\n\n\n<p>Conscientizar-se sobre o diabetes e suas complica\u00e7\u00f5es \u00e9 um passo fundamental. Para prevenir a diabetes tipo 2, por exemplo, adotar uma dieta equilibrada e rica em nutrientes \u00e9 essencial. Evitar o consumo excessivo de a\u00e7\u00facar e alimentos processados tamb\u00e9m ajuda a reduzir os riscos. Al\u00e9m disso, manter-se fisicamente ativo \u00e9 fundamental, pois a pr\u00e1tica de exerc\u00edcios regulares controla o peso corporal e regula os n\u00edveis de glicose no sangue\u200b<\/p>\n\n\n\n<h3 class=\"wp-block-heading\">Cuidados preventivos<\/h3>\n\n\n\n<p>Al\u00e9m de uma alimenta\u00e7\u00e3o saud\u00e1vel e exerc\u00edcios f\u00edsicos, realizar exames regulares \u00e9 uma maneira eficaz de detectar o diabetes precocemente. Pessoas com hist\u00f3rico familiar de diabetes devem estar ainda mais atentas, pois possuem um risco elevado de desenvolver a condi\u00e7\u00e3o. O diagn\u00f3stico precoce pode reduzir significativamente as chances de complica\u00e7\u00f5es graves.<\/p>\n\n\n\n<p>A educa\u00e7\u00e3o em sa\u00fade \u00e9 essencial para enfrentar o diabetes. Campanhas de conscientiza\u00e7\u00e3o e informa\u00e7\u00f5es adequadas sobre a doen\u00e7a s\u00e3o passos fundamentais para garantir uma popula\u00e7\u00e3o mais saud\u00e1vel e informada. Com disciplina e o suporte m\u00e9dico necess\u00e1rio, muitas pessoas conseguem viver bem com a doen\u00e7a e manter uma boa qualidade de vida\u200b<\/p>\n\n\n\n<h3 class=\"wp-block-heading\">Viver bem com diabetes<\/h3>\n\n\n\n<p>Controlar o diabetes \u00e9 poss\u00edvel com dedica\u00e7\u00e3o e acompanhamento m\u00e9dico. A ado\u00e7\u00e3o de h\u00e1bitos saud\u00e1veis e o uso de medicamentos indicados podem garantir que o paciente leve uma vida normal. Mais do que uma condi\u00e7\u00e3o de sa\u00fade, o diabetes representa um chamado para adotar um estilo de vida equilibrado e focado no bem-estar geral.<\/p>\n\n\n\n<p>Assim, a conscientiza\u00e7\u00e3o e os cuidados preventivos s\u00e3o passos importantes para manter a diabetes sob controle e assegurar uma vida mais longa e saud\u00e1vel.<\/p>\n\n\n\n<h3 class=\"wp-block-heading\">Promove e o cuidado com a Diabetes<\/h3>\n\n\n\n<p>A <a href=\"https:\/\/saocamilo-sp.br\/institucional\/servicos_comunidade\/clnica_escola_promove\">Cl\u00ednica Escola Promove<\/a>, do <a href=\"https:\/\/saocamilo-sp.br\/\">Centro Universit\u00e1rio S\u00e3o Camilo<\/a>, oferece um atendimento gratuito e especializado para pessoas com diversas comorbidades, inclusive diabetes.<\/p>\n\n\n\n<p>Os atendimentos s\u00e3o realizados por alunos da institui\u00e7\u00e3o, garantindo uma pr\u00e1tica supervisionada e enriquecedora. Portanto, cada consulta \u00e9 acompanhada por professores e preceptores experientes, assegurando que os pacientes recebam um cuidado completo e de qualidade. Para o agendamento da  consulta gratuita, basta entrar em contato com a Cl\u00ednica Escola Promove pelo telefone: (11) 3206 9600 e aproveitar essa oportunidade de atendimento especializado com suporte acad\u00eamico.<\/p>\n\n\n\n<p><strong>Veja tamb\u00e9m<\/strong>:<\/p>\n\n\n\n<ul class=\"wp-block-list\">\n<li><a href=\"https:\/\/blog.saocamilo-sp.br\/index.php\/2024\/10\/03\/sao-camilo-abre-inscricoes-para-vestibular-de-cursos-presenciais\/\">S\u00e3o Camilo abre inscri\u00e7\u00f5es para Vestibular de cursos presenciais<\/a><\/li>\n\n\n\n<li><a href=\"https:\/\/blog.saocamilo-sp.br\/index.php\/2024\/10\/11\/sao-camilo-abre-inscricoes-para-vestibular-de-cursos-a-distancia\/\">S\u00e3o Camilo abre inscri\u00e7\u00f5es para vestibular de cursos a dist\u00e2ncia<\/a><\/li>\n\n\n\n<li><a href=\"https:\/\/blog.saocamilo-sp.br\/wp-admin\/post.php?post=1737&amp;action=edit\">Como o \u00f3leo de abacate pode beneficiar adolescentes com s\u00edndrome metab\u00f3lica<\/a><\/li>\n<\/ul>\n\n\n\n<p><\/p>\n\n\n\n<p>Saiba mais sobre nossos cursos:<\/p>\n\n\n\n<iframe loading=\"lazy\" src=\"https:\/\/saocamilo.apprbs.com.br\/tenho-interesse-blog\" height=\"530px\" width=\"100%\" frameborder=\"0\"><\/iframe>\n\n\n\n<p><\/p>\n","protected":false},"excerpt":{"rendered":"<p>A diabetes \u00e9 uma condi\u00e7\u00e3o cr\u00f4nica que afeta milh\u00f5es de pessoas em todo o mundo. No Brasil, os n\u00fameros s\u00e3o alarmantes e crescem rapidamente.<\/p>\n","protected":false},"author":4,"featured_media":3244,"comment_status":"open","ping_status":"open","sticky":false,"template":"","format":"standard","meta":{"cybocfi_hide_featured_image":"","footnotes":""},"categories":[1],"tags":[],"class_list":["post-3236","post","type-post","status-publish","format-standard","has-post-thumbnail","hentry","category-cursos"],"yoast_head":"<!-- This site is optimized with the Yoast SEO plugin v27.5 - https:\/\/yoast.com\/product\/yoast-seo-wordpress\/ -->\n<title>Dia Mundial do Diabetes: a import\u00e2ncia da conscientiza\u00e7\u00e3o e do cuidado<\/title>\n<meta name=\"description\" content=\"A diabetes \u00e9 uma condi\u00e7\u00e3o cr\u00f4nica que afeta milh\u00f5es de pessoas em todo o mundo. No Brasil, os n\u00fameros s\u00e3o alarmantes e crescem rapidamente.\" \/>\n<meta name=\"robots\" content=\"index, follow, max-snippet:-1, max-image-preview:large, max-video-preview:-1\" \/>\n<link rel=\"canonical\" href=\"https:\/\/blog.saocamilo-sp.br\/index.php\/2024\/11\/14\/dia-mundial-do-diabetes\/\" \/>\n<meta property=\"og:locale\" content=\"pt_BR\" \/>\n<meta property=\"og:type\" content=\"article\" \/>\n<meta property=\"og:title\" content=\"Dia Mundial do Diabetes: a import\u00e2ncia da conscientiza\u00e7\u00e3o e do cuidado\" \/>\n<meta property=\"og:description\" content=\"A diabetes \u00e9 uma condi\u00e7\u00e3o cr\u00f4nica que afeta milh\u00f5es de pessoas em todo o mundo. No Brasil, os n\u00fameros s\u00e3o alarmantes e crescem rapidamente.\" \/>\n<meta property=\"og:url\" content=\"https:\/\/blog.saocamilo-sp.br\/index.php\/2024\/11\/14\/dia-mundial-do-diabetes\/\" \/>\n<meta property=\"og:site_name\" content=\"Blog S\u00e3o Camilo\" \/>\n<meta property=\"article:publisher\" content=\"https:\/\/www.facebook.com\/saocamilosp\" \/>\n<meta property=\"article:published_time\" content=\"2024-11-14T14:49:38+00:00\" \/>\n<meta property=\"article:modified_time\" content=\"2024-11-14T14:50:40+00:00\" \/>\n<meta property=\"og:image\" content=\"https:\/\/blog.saocamilo-sp.br\/wp-content\/uploads\/2024\/11\/Blog-Novembro_Topo-Dia-mundial-do-Diabetes.jpg\" \/>\n\t<meta property=\"og:image:width\" content=\"789\" \/>\n\t<meta property=\"og:image:height\" content=\"532\" \/>\n\t<meta property=\"og:image:type\" content=\"image\/jpeg\" \/>\n<meta name=\"author\" content=\"Lucas Soares Gon\u00e7alves\" \/>\n<meta name=\"twitter:card\" content=\"summary_large_image\" \/>\n<meta name=\"twitter:creator\" content=\"@saocamilosp\" \/>\n<meta name=\"twitter:site\" content=\"@saocamilosp\" \/>\n<meta name=\"twitter:label1\" content=\"Escrito por\" \/>\n\t<meta name=\"twitter:data1\" content=\"Lucas Soares Gon\u00e7alves\" \/>\n\t<meta name=\"twitter:label2\" content=\"Est. tempo de leitura\" \/>\n\t<meta name=\"twitter:data2\" content=\"4 minutos\" \/>\n<script type=\"application\/ld+json\" class=\"yoast-schema-graph\">{\"@context\":\"https:\\\/\\\/schema.org\",\"@graph\":[{\"@type\":\"Article\",\"@id\":\"https:\\\/\\\/blog.saocamilo-sp.br\\\/index.php\\\/2024\\\/11\\\/14\\\/dia-mundial-do-diabetes\\\/#article\",\"isPartOf\":{\"@id\":\"https:\\\/\\\/blog.saocamilo-sp.br\\\/index.php\\\/2024\\\/11\\\/14\\\/dia-mundial-do-diabetes\\\/\"},\"author\":{\"name\":\"Lucas Soares Gon\u00e7alves\",\"@id\":\"https:\\\/\\\/blog.saocamilo-sp.br\\\/#\\\/schema\\\/person\\\/781135418152912d4b58f2db13a2eaf0\"},\"headline\":\"Dia Mundial do Diabetes: a import\u00e2ncia da conscientiza\u00e7\u00e3o e do cuidado\",\"datePublished\":\"2024-11-14T14:49:38+00:00\",\"dateModified\":\"2024-11-14T14:50:40+00:00\",\"mainEntityOfPage\":{\"@id\":\"https:\\\/\\\/blog.saocamilo-sp.br\\\/index.php\\\/2024\\\/11\\\/14\\\/dia-mundial-do-diabetes\\\/\"},\"wordCount\":614,\"commentCount\":0,\"publisher\":{\"@id\":\"https:\\\/\\\/blog.saocamilo-sp.br\\\/#organization\"},\"image\":{\"@id\":\"https:\\\/\\\/blog.saocamilo-sp.br\\\/index.php\\\/2024\\\/11\\\/14\\\/dia-mundial-do-diabetes\\\/#primaryimage\"},\"thumbnailUrl\":\"https:\\\/\\\/blog.saocamilo-sp.br\\\/wp-content\\\/uploads\\\/2024\\\/11\\\/Blog-Novembro_Topo-Dia-mundial-do-Diabetes.jpg\",\"articleSection\":[\"Cursos\"],\"inLanguage\":\"pt-BR\",\"potentialAction\":[{\"@type\":\"CommentAction\",\"name\":\"Comment\",\"target\":[\"https:\\\/\\\/blog.saocamilo-sp.br\\\/index.php\\\/2024\\\/11\\\/14\\\/dia-mundial-do-diabetes\\\/#respond\"]}]},{\"@type\":\"WebPage\",\"@id\":\"https:\\\/\\\/blog.saocamilo-sp.br\\\/index.php\\\/2024\\\/11\\\/14\\\/dia-mundial-do-diabetes\\\/\",\"url\":\"https:\\\/\\\/blog.saocamilo-sp.br\\\/index.php\\\/2024\\\/11\\\/14\\\/dia-mundial-do-diabetes\\\/\",\"name\":\"Dia Mundial do Diabetes: a import\u00e2ncia da conscientiza\u00e7\u00e3o e do cuidado\",\"isPartOf\":{\"@id\":\"https:\\\/\\\/blog.saocamilo-sp.br\\\/#website\"},\"primaryImageOfPage\":{\"@id\":\"https:\\\/\\\/blog.saocamilo-sp.br\\\/index.php\\\/2024\\\/11\\\/14\\\/dia-mundial-do-diabetes\\\/#primaryimage\"},\"image\":{\"@id\":\"https:\\\/\\\/blog.saocamilo-sp.br\\\/index.php\\\/2024\\\/11\\\/14\\\/dia-mundial-do-diabetes\\\/#primaryimage\"},\"thumbnailUrl\":\"https:\\\/\\\/blog.saocamilo-sp.br\\\/wp-content\\\/uploads\\\/2024\\\/11\\\/Blog-Novembro_Topo-Dia-mundial-do-Diabetes.jpg\",\"datePublished\":\"2024-11-14T14:49:38+00:00\",\"dateModified\":\"2024-11-14T14:50:40+00:00\",\"description\":\"A diabetes \u00e9 uma condi\u00e7\u00e3o cr\u00f4nica que afeta milh\u00f5es de pessoas em todo o mundo. No Brasil, os n\u00fameros s\u00e3o alarmantes e crescem rapidamente.\",\"breadcrumb\":{\"@id\":\"https:\\\/\\\/blog.saocamilo-sp.br\\\/index.php\\\/2024\\\/11\\\/14\\\/dia-mundial-do-diabetes\\\/#breadcrumb\"},\"inLanguage\":\"pt-BR\",\"potentialAction\":[{\"@type\":\"ReadAction\",\"target\":[\"https:\\\/\\\/blog.saocamilo-sp.br\\\/index.php\\\/2024\\\/11\\\/14\\\/dia-mundial-do-diabetes\\\/\"]}]},{\"@type\":\"ImageObject\",\"inLanguage\":\"pt-BR\",\"@id\":\"https:\\\/\\\/blog.saocamilo-sp.br\\\/index.php\\\/2024\\\/11\\\/14\\\/dia-mundial-do-diabetes\\\/#primaryimage\",\"url\":\"https:\\\/\\\/blog.saocamilo-sp.br\\\/wp-content\\\/uploads\\\/2024\\\/11\\\/Blog-Novembro_Topo-Dia-mundial-do-Diabetes.jpg\",\"contentUrl\":\"https:\\\/\\\/blog.saocamilo-sp.br\\\/wp-content\\\/uploads\\\/2024\\\/11\\\/Blog-Novembro_Topo-Dia-mundial-do-Diabetes.jpg\",\"width\":789,\"height\":532},{\"@type\":\"BreadcrumbList\",\"@id\":\"https:\\\/\\\/blog.saocamilo-sp.br\\\/index.php\\\/2024\\\/11\\\/14\\\/dia-mundial-do-diabetes\\\/#breadcrumb\",\"itemListElement\":[{\"@type\":\"ListItem\",\"position\":1,\"name\":\"In\u00edcio\",\"item\":\"https:\\\/\\\/blog.saocamilo-sp.br\\\/\"},{\"@type\":\"ListItem\",\"position\":2,\"name\":\"Dia Mundial do Diabetes: a import\u00e2ncia da conscientiza\u00e7\u00e3o e do cuidado\"}]},{\"@type\":\"WebSite\",\"@id\":\"https:\\\/\\\/blog.saocamilo-sp.br\\\/#website\",\"url\":\"https:\\\/\\\/blog.saocamilo-sp.br\\\/\",\"name\":\"Blog S\u00e3o Camilo\",\"description\":\"Blog do Centro Universit\u00e1rio S\u00e3o Camilo\",\"publisher\":{\"@id\":\"https:\\\/\\\/blog.saocamilo-sp.br\\\/#organization\"},\"potentialAction\":[{\"@type\":\"SearchAction\",\"target\":{\"@type\":\"EntryPoint\",\"urlTemplate\":\"https:\\\/\\\/blog.saocamilo-sp.br\\\/?s={search_term_string}\"},\"query-input\":{\"@type\":\"PropertyValueSpecification\",\"valueRequired\":true,\"valueName\":\"search_term_string\"}}],\"inLanguage\":\"pt-BR\"},{\"@type\":\"Organization\",\"@id\":\"https:\\\/\\\/blog.saocamilo-sp.br\\\/#organization\",\"name\":\"Blog S\u00e3o Camilo\",\"url\":\"https:\\\/\\\/blog.saocamilo-sp.br\\\/\",\"logo\":{\"@type\":\"ImageObject\",\"inLanguage\":\"pt-BR\",\"@id\":\"https:\\\/\\\/blog.saocamilo-sp.br\\\/#\\\/schema\\\/logo\\\/image\\\/\",\"url\":\"https:\\\/\\\/blog.saocamilo-sp.br\\\/wp-content\\\/uploads\\\/2021\\\/12\\\/cropped-vazio-logo-topo.png\",\"contentUrl\":\"https:\\\/\\\/blog.saocamilo-sp.br\\\/wp-content\\\/uploads\\\/2021\\\/12\\\/cropped-vazio-logo-topo.png\",\"width\":320,\"height\":240,\"caption\":\"Blog S\u00e3o Camilo\"},\"image\":{\"@id\":\"https:\\\/\\\/blog.saocamilo-sp.br\\\/#\\\/schema\\\/logo\\\/image\\\/\"},\"sameAs\":[\"https:\\\/\\\/www.facebook.com\\\/saocamilosp\",\"https:\\\/\\\/x.com\\\/saocamilosp\",\"https:\\\/\\\/www.linkedin.com\\\/school\\\/centro-universit-rio-s-o-camilo\\\/\"]},{\"@type\":\"Person\",\"@id\":\"https:\\\/\\\/blog.saocamilo-sp.br\\\/#\\\/schema\\\/person\\\/781135418152912d4b58f2db13a2eaf0\",\"name\":\"Lucas Soares Gon\u00e7alves\",\"image\":{\"@type\":\"ImageObject\",\"inLanguage\":\"pt-BR\",\"@id\":\"https:\\\/\\\/secure.gravatar.com\\\/avatar\\\/bcd2d703cbb48116eaac2cac8643792535238ff30b2d7ce9e16f9254ec9cae83?s=96&d=mm&r=g\",\"url\":\"https:\\\/\\\/secure.gravatar.com\\\/avatar\\\/bcd2d703cbb48116eaac2cac8643792535238ff30b2d7ce9e16f9254ec9cae83?s=96&d=mm&r=g\",\"contentUrl\":\"https:\\\/\\\/secure.gravatar.com\\\/avatar\\\/bcd2d703cbb48116eaac2cac8643792535238ff30b2d7ce9e16f9254ec9cae83?s=96&d=mm&r=g\",\"caption\":\"Lucas Soares Gon\u00e7alves\"},\"url\":\"https:\\\/\\\/blog.saocamilo-sp.br\\\/index.php\\\/author\\\/lucas-soares-goncalves\\\/\"}]}<\/script>\n<!-- \/ Yoast SEO plugin. -->","yoast_head_json":{"title":"Dia Mundial do Diabetes: a import\u00e2ncia da conscientiza\u00e7\u00e3o e do cuidado","description":"A diabetes \u00e9 uma condi\u00e7\u00e3o cr\u00f4nica que afeta milh\u00f5es de pessoas em todo o mundo. No Brasil, os n\u00fameros s\u00e3o alarmantes e crescem rapidamente.","robots":{"index":"index","follow":"follow","max-snippet":"max-snippet:-1","max-image-preview":"max-image-preview:large","max-video-preview":"max-video-preview:-1"},"canonical":"https:\/\/blog.saocamilo-sp.br\/index.php\/2024\/11\/14\/dia-mundial-do-diabetes\/","og_locale":"pt_BR","og_type":"article","og_title":"Dia Mundial do Diabetes: a import\u00e2ncia da conscientiza\u00e7\u00e3o e do cuidado","og_description":"A diabetes \u00e9 uma condi\u00e7\u00e3o cr\u00f4nica que afeta milh\u00f5es de pessoas em todo o mundo. No Brasil, os n\u00fameros s\u00e3o alarmantes e crescem rapidamente.","og_url":"https:\/\/blog.saocamilo-sp.br\/index.php\/2024\/11\/14\/dia-mundial-do-diabetes\/","og_site_name":"Blog S\u00e3o Camilo","article_publisher":"https:\/\/www.facebook.com\/saocamilosp","article_published_time":"2024-11-14T14:49:38+00:00","article_modified_time":"2024-11-14T14:50:40+00:00","og_image":[{"width":789,"height":532,"url":"https:\/\/blog.saocamilo-sp.br\/wp-content\/uploads\/2024\/11\/Blog-Novembro_Topo-Dia-mundial-do-Diabetes.jpg","type":"image\/jpeg"}],"author":"Lucas Soares Gon\u00e7alves","twitter_card":"summary_large_image","twitter_creator":"@saocamilosp","twitter_site":"@saocamilosp","twitter_misc":{"Escrito por":"Lucas Soares Gon\u00e7alves","Est. tempo de leitura":"4 minutos"},"schema":{"@context":"https:\/\/schema.org","@graph":[{"@type":"Article","@id":"https:\/\/blog.saocamilo-sp.br\/index.php\/2024\/11\/14\/dia-mundial-do-diabetes\/#article","isPartOf":{"@id":"https:\/\/blog.saocamilo-sp.br\/index.php\/2024\/11\/14\/dia-mundial-do-diabetes\/"},"author":{"name":"Lucas Soares Gon\u00e7alves","@id":"https:\/\/blog.saocamilo-sp.br\/#\/schema\/person\/781135418152912d4b58f2db13a2eaf0"},"headline":"Dia Mundial do Diabetes: a import\u00e2ncia da conscientiza\u00e7\u00e3o e do cuidado","datePublished":"2024-11-14T14:49:38+00:00","dateModified":"2024-11-14T14:50:40+00:00","mainEntityOfPage":{"@id":"https:\/\/blog.saocamilo-sp.br\/index.php\/2024\/11\/14\/dia-mundial-do-diabetes\/"},"wordCount":614,"commentCount":0,"publisher":{"@id":"https:\/\/blog.saocamilo-sp.br\/#organization"},"image":{"@id":"https:\/\/blog.saocamilo-sp.br\/index.php\/2024\/11\/14\/dia-mundial-do-diabetes\/#primaryimage"},"thumbnailUrl":"https:\/\/blog.saocamilo-sp.br\/wp-content\/uploads\/2024\/11\/Blog-Novembro_Topo-Dia-mundial-do-Diabetes.jpg","articleSection":["Cursos"],"inLanguage":"pt-BR","potentialAction":[{"@type":"CommentAction","name":"Comment","target":["https:\/\/blog.saocamilo-sp.br\/index.php\/2024\/11\/14\/dia-mundial-do-diabetes\/#respond"]}]},{"@type":"WebPage","@id":"https:\/\/blog.saocamilo-sp.br\/index.php\/2024\/11\/14\/dia-mundial-do-diabetes\/","url":"https:\/\/blog.saocamilo-sp.br\/index.php\/2024\/11\/14\/dia-mundial-do-diabetes\/","name":"Dia Mundial do Diabetes: a import\u00e2ncia da conscientiza\u00e7\u00e3o e do cuidado","isPartOf":{"@id":"https:\/\/blog.saocamilo-sp.br\/#website"},"primaryImageOfPage":{"@id":"https:\/\/blog.saocamilo-sp.br\/index.php\/2024\/11\/14\/dia-mundial-do-diabetes\/#primaryimage"},"image":{"@id":"https:\/\/blog.saocamilo-sp.br\/index.php\/2024\/11\/14\/dia-mundial-do-diabetes\/#primaryimage"},"thumbnailUrl":"https:\/\/blog.saocamilo-sp.br\/wp-content\/uploads\/2024\/11\/Blog-Novembro_Topo-Dia-mundial-do-Diabetes.jpg","datePublished":"2024-11-14T14:49:38+00:00","dateModified":"2024-11-14T14:50:40+00:00","description":"A diabetes \u00e9 uma condi\u00e7\u00e3o cr\u00f4nica que afeta milh\u00f5es de pessoas em todo o mundo. No Brasil, os n\u00fameros s\u00e3o alarmantes e crescem rapidamente.","breadcrumb":{"@id":"https:\/\/blog.saocamilo-sp.br\/index.php\/2024\/11\/14\/dia-mundial-do-diabetes\/#breadcrumb"},"inLanguage":"pt-BR","potentialAction":[{"@type":"ReadAction","target":["https:\/\/blog.saocamilo-sp.br\/index.php\/2024\/11\/14\/dia-mundial-do-diabetes\/"]}]},{"@type":"ImageObject","inLanguage":"pt-BR","@id":"https:\/\/blog.saocamilo-sp.br\/index.php\/2024\/11\/14\/dia-mundial-do-diabetes\/#primaryimage","url":"https:\/\/blog.saocamilo-sp.br\/wp-content\/uploads\/2024\/11\/Blog-Novembro_Topo-Dia-mundial-do-Diabetes.jpg","contentUrl":"https:\/\/blog.saocamilo-sp.br\/wp-content\/uploads\/2024\/11\/Blog-Novembro_Topo-Dia-mundial-do-Diabetes.jpg","width":789,"height":532},{"@type":"BreadcrumbList","@id":"https:\/\/blog.saocamilo-sp.br\/index.php\/2024\/11\/14\/dia-mundial-do-diabetes\/#breadcrumb","itemListElement":[{"@type":"ListItem","position":1,"name":"In\u00edcio","item":"https:\/\/blog.saocamilo-sp.br\/"},{"@type":"ListItem","position":2,"name":"Dia Mundial do Diabetes: a import\u00e2ncia da conscientiza\u00e7\u00e3o e do cuidado"}]},{"@type":"WebSite","@id":"https:\/\/blog.saocamilo-sp.br\/#website","url":"https:\/\/blog.saocamilo-sp.br\/","name":"Blog S\u00e3o Camilo","description":"Blog do Centro Universit\u00e1rio S\u00e3o Camilo","publisher":{"@id":"https:\/\/blog.saocamilo-sp.br\/#organization"},"potentialAction":[{"@type":"SearchAction","target":{"@type":"EntryPoint","urlTemplate":"https:\/\/blog.saocamilo-sp.br\/?s={search_term_string}"},"query-input":{"@type":"PropertyValueSpecification","valueRequired":true,"valueName":"search_term_string"}}],"inLanguage":"pt-BR"},{"@type":"Organization","@id":"https:\/\/blog.saocamilo-sp.br\/#organization","name":"Blog S\u00e3o Camilo","url":"https:\/\/blog.saocamilo-sp.br\/","logo":{"@type":"ImageObject","inLanguage":"pt-BR","@id":"https:\/\/blog.saocamilo-sp.br\/#\/schema\/logo\/image\/","url":"https:\/\/blog.saocamilo-sp.br\/wp-content\/uploads\/2021\/12\/cropped-vazio-logo-topo.png","contentUrl":"https:\/\/blog.saocamilo-sp.br\/wp-content\/uploads\/2021\/12\/cropped-vazio-logo-topo.png","width":320,"height":240,"caption":"Blog S\u00e3o Camilo"},"image":{"@id":"https:\/\/blog.saocamilo-sp.br\/#\/schema\/logo\/image\/"},"sameAs":["https:\/\/www.facebook.com\/saocamilosp","https:\/\/x.com\/saocamilosp","https:\/\/www.linkedin.com\/school\/centro-universit-rio-s-o-camilo\/"]},{"@type":"Person","@id":"https:\/\/blog.saocamilo-sp.br\/#\/schema\/person\/781135418152912d4b58f2db13a2eaf0","name":"Lucas Soares Gon\u00e7alves","image":{"@type":"ImageObject","inLanguage":"pt-BR","@id":"https:\/\/secure.gravatar.com\/avatar\/bcd2d703cbb48116eaac2cac8643792535238ff30b2d7ce9e16f9254ec9cae83?s=96&d=mm&r=g","url":"https:\/\/secure.gravatar.com\/avatar\/bcd2d703cbb48116eaac2cac8643792535238ff30b2d7ce9e16f9254ec9cae83?s=96&d=mm&r=g","contentUrl":"https:\/\/secure.gravatar.com\/avatar\/bcd2d703cbb48116eaac2cac8643792535238ff30b2d7ce9e16f9254ec9cae83?s=96&d=mm&r=g","caption":"Lucas Soares Gon\u00e7alves"},"url":"https:\/\/blog.saocamilo-sp.br\/index.php\/author\/lucas-soares-goncalves\/"}]}},"_links":{"self":[{"href":"https:\/\/blog.saocamilo-sp.br\/index.php\/wp-json\/wp\/v2\/posts\/3236","targetHints":{"allow":["GET"]}}],"collection":[{"href":"https:\/\/blog.saocamilo-sp.br\/index.php\/wp-json\/wp\/v2\/posts"}],"about":[{"href":"https:\/\/blog.saocamilo-sp.br\/index.php\/wp-json\/wp\/v2\/types\/post"}],"author":[{"embeddable":true,"href":"https:\/\/blog.saocamilo-sp.br\/index.php\/wp-json\/wp\/v2\/users\/4"}],"replies":[{"embeddable":true,"href":"https:\/\/blog.saocamilo-sp.br\/index.php\/wp-json\/wp\/v2\/comments?post=3236"}],"version-history":[{"count":3,"href":"https:\/\/blog.saocamilo-sp.br\/index.php\/wp-json\/wp\/v2\/posts\/3236\/revisions"}],"predecessor-version":[{"id":3250,"href":"https:\/\/blog.saocamilo-sp.br\/index.php\/wp-json\/wp\/v2\/posts\/3236\/revisions\/3250"}],"wp:featuredmedia":[{"embeddable":true,"href":"https:\/\/blog.saocamilo-sp.br\/index.php\/wp-json\/wp\/v2\/media\/3244"}],"wp:attachment":[{"href":"https:\/\/blog.saocamilo-sp.br\/index.php\/wp-json\/wp\/v2\/media?parent=3236"}],"wp:term":[{"taxonomy":"category","embeddable":true,"href":"https:\/\/blog.saocamilo-sp.br\/index.php\/wp-json\/wp\/v2\/categories?post=3236"},{"taxonomy":"post_tag","embeddable":true,"href":"https:\/\/blog.saocamilo-sp.br\/index.php\/wp-json\/wp\/v2\/tags?post=3236"}],"curies":[{"name":"wp","href":"https:\/\/api.w.org\/{rel}","templated":true}]}}