{"id":3238,"date":"2024-11-12T11:33:48","date_gmt":"2024-11-12T14:33:48","guid":{"rendered":"https:\/\/blog.saocamilo-sp.br\/?p=3238"},"modified":"2024-11-12T11:33:49","modified_gmt":"2024-11-12T14:33:49","slug":"1211-dia-do-psicopedagogo-docente-fala-mais-sobre-o-curso-que-ganha-forca-na-educacao","status":"publish","type":"post","link":"https:\/\/blog.saocamilo-sp.br\/index.php\/2024\/11\/12\/1211-dia-do-psicopedagogo-docente-fala-mais-sobre-o-curso-que-ganha-forca-na-educacao\/","title":{"rendered":"12|11\u00a0 &#8211; Dia do Psicopedagogo: docente fala mais sobre o curso que ganha for\u00e7a na educa\u00e7\u00e3o"},"content":{"rendered":"\n<p>No dia 12 de novembro, celebramos o Dia do Psicopedagogo , uma data para reconhecer o papel fundamental desses profissionais na cria\u00e7\u00e3o de uma educa\u00e7\u00e3o mais inclusiva e acolhedora. Assim como descreve a professora Luciane Pedro.<\/p>\n\n\n\n<blockquote class=\"wp-block-quote is-layout-flow wp-block-quote-is-layout-flow\">\n<p> &#8220;O psicopedagogo\/a psicopedagoga \u00e9 um facilitador\/uma facilitadora do conhecimento, utilizando instrumentos de avalia\u00e7\u00e3o e interven\u00e7\u00e3o para apoiar aqueles que, por alguma raz\u00e3o, n\u00e3o encontram no aprendizado um caminho natural e acess\u00edvel. Assim, sua atua\u00e7\u00e3o vai al\u00e9m da escola, abrangendo tamb\u00e9m a fam\u00edlia e o contexto social do aluno, o que permite uma compreens\u00e3o integral das dificuldades e potencialidades de cada indiv\u00edduo no processo de aprendizagem.<\/p>\n<\/blockquote>\n\n\n\n<h2 class=\"wp-block-heading\">Aspectos da Psicopedagogia<\/h2>\n\n\n\n<p>A psicopedagogia \u00e9 uma \u00e1rea de estudo e atua\u00e7\u00e3o que combina conhecimentos de pedagogia e psicologia para entender e intervir em processos de aprendizagem. O foco do psicopedagogo \u00e9 identificar dificuldades no aprendizado, propor estrat\u00e9gias de apoio e colaborar para que o processo educacional seja inclusivo e eficaz para pessoas de todas as idades.<\/p>\n\n\n\n<p>Aqui est\u00e3o alguns dos principais aspectos da psicopedagogia:<\/p>\n\n\n\n<h3 class=\"wp-block-heading\">1. <strong>Preven\u00e7\u00e3o e Diagn\u00f3stico<\/strong><\/h3>\n\n\n\n<p>O psicopedagogo trabalha para prevenir dificuldades de aprendizagem e, quando necess\u00e1rio, realiza diagn\u00f3sticos que ajudam a entender as causas dessas dificuldades. Ele considera o contexto escolar e familiar, bem como aspectos emocionais e sociais que podem influenciar o aprendizado.<\/p>\n\n\n\n<h3 class=\"wp-block-heading\">2. <strong>Interven\u00e7\u00e3o Educacional<\/strong><\/h3>\n\n\n\n<p>Ap\u00f3s identificar as necessidades de cada estudante, o psicopedagogo desenvolve estrat\u00e9gias espec\u00edficas para ajud\u00e1-lo a superar obst\u00e1culos. Essas interven\u00e7\u00f5es podem ser individuais, em grupos ou at\u00e9 em n\u00edvel institucional, promovendo pr\u00e1ticas educacionais que facilitam o aprendizado.<\/p>\n\n\n\n<h3 class=\"wp-block-heading\">3. <strong>Aten\u00e7\u00e3o a Fatores Emocionais e Sociais<\/strong><\/h3>\n\n\n\n<p>Quest\u00f5es emocionais e sociais podem ter um grande impacto na capacidade de uma pessoa aprender. O psicopedagogo, portanto, aborda o aluno como um ser integral, considerando como suas emo\u00e7\u00f5es, relacionamentos e contexto social afetam seu desempenho e desenvolvimento.<\/p>\n\n\n\n<h3 class=\"wp-block-heading\">4. <strong>Apoio a Educadores e Fam\u00edlias<\/strong><\/h3>\n\n\n\n<p>Psicopedagogos n\u00e3o atuam apenas com os alunos. Eles tamb\u00e9m trabalham com educadores e fam\u00edlias, orientando-os sobre como criar ambientes de aprendizagem mais inclusivos e acolhedores. Esse trabalho conjunto \u00e9 fundamental para uma educa\u00e7\u00e3o mais eficiente e compreensiva.<\/p>\n\n\n\n<h3 class=\"wp-block-heading\">5. <strong>Aplica\u00e7\u00e3o em Diversos Contextos<\/strong><\/h3>\n\n\n\n<p>A atua\u00e7\u00e3o do psicopedagogo n\u00e3o se restringe ao ambiente escolar. Ele pode atuar em cl\u00ednicas, hospitais, ONGs, empresas e at\u00e9 na elabora\u00e7\u00e3o de pol\u00edticas p\u00fablicas voltadas para a educa\u00e7\u00e3o. Sua presen\u00e7a em espa\u00e7os diversos permite uma abordagem ampla, capaz de tocar diferentes aspectos da aprendizagem ao longo da vida.<\/p>\n\n\n\n<h3 class=\"wp-block-heading\">6. <strong>Psicopedagogia Cl\u00ednica e Institucional<\/strong><\/h3>\n\n\n\n<ul class=\"wp-block-list\">\n<li><strong>Cl\u00ednica<\/strong>: Trabalha com o indiv\u00edduo, focando nas dificuldades espec\u00edficas de cada pessoa e elaborando um plano de interven\u00e7\u00e3o personalizado.<\/li>\n\n\n\n<li><strong>Institucional<\/strong>: Foca na coletividade, atuando em escolas ou empresas para desenvolver pr\u00e1ticas educativas que beneficiem o grupo.<\/li>\n<\/ul>\n\n\n\n<h2 class=\"wp-block-heading\">S\u00e3o Camilo e o curso de Psicopedagogia<\/h2>\n\n\n\n<p>O <a href=\"https:\/\/saocamilo-sp.br\/\">Centro Universit\u00e1rio S\u00e3o Camilo<\/a>, ciente da import\u00e2ncia da <a href=\"https:\/\/saocamilo-sp.br\/pos_graduacao\/lato_sensu\/psicopedagogia_clinica_institucional\">psicopedagogia cl\u00ednica e Institucional<\/a> para a transforma\u00e7\u00e3o educacional, oferece um curso de Psicopedagogia com uma abordagem pr\u00e1tica e te\u00f3rica, estruturada para capacitar psicopedagogos a atuarem em diferentes contextos, sejam individuais, grupais ou institucionais. Essa forma\u00e7\u00e3o inclui aulas online e encontros presenciais, permitindo que os estudantes vivenciem na pr\u00e1tica o conte\u00fado te\u00f3rico abordado, preparando-os n\u00e3o s\u00f3 para o atendimento cl\u00ednico, mas tamb\u00e9m para atuar junto a educadores e gestores escolares, visando a preven\u00e7\u00e3o do fracasso escolar.<\/p>\n\n\n\n<h2 class=\"wp-block-heading\">Psicopedagogo e o compromisso<\/h2>\n\n\n\n<p>Hoje, celebramos o compromisso dos psicopedagogos, especialmente os formados por nosso curso, que t\u00eam a miss\u00e3o de tornar a educa\u00e7\u00e3o mais inclusiva e significativa. Parab\u00e9ns a todos os psicopedagogos e psicopedagogas por sua dedica\u00e7\u00e3o em transformar o aprendizado em uma experi\u00eancia enriquecedora e acess\u00edvel para todos!<\/p>\n\n\n\n<p><strong>Veja tamb\u00e9m<\/strong>:<\/p>\n\n\n\n<ul class=\"wp-block-list\">\n<li><a href=\"https:\/\/blog.saocamilo-sp.br\/index.php\/2024\/10\/03\/sao-camilo-abre-inscricoes-para-vestibular-de-cursos-presenciais\/\">S\u00e3o Camilo abre inscri\u00e7\u00f5es para Vestibular de cursos presenciais<\/a><\/li>\n\n\n\n<li><a href=\"https:\/\/blog.saocamilo-sp.br\/index.php\/2024\/10\/11\/sao-camilo-abre-inscricoes-para-vestibular-de-cursos-a-distancia\/\">S\u00e3o Camilo abre inscri\u00e7\u00f5es para vestibular de cursos a dist\u00e2ncia<\/a><\/li>\n\n\n\n<li><a href=\"https:\/\/blog.saocamilo-sp.br\/wp-admin\/post.php?post=1737&amp;action=edit\">Como o \u00f3leo de abacate pode beneficiar adolescentes com s\u00edndrome metab\u00f3lica<\/a><\/li>\n<\/ul>\n\n\n\n<p><\/p>\n\n\n\n<p>Saiba mais sobre nossos cursos:<\/p>\n\n\n\n<iframe loading=\"lazy\" src=\"https:\/\/saocamilo.apprbs.com.br\/tenho-interesse-blog\" height=\"530px\" width=\"100%\" frameborder=\"0\"><\/iframe>\n","protected":false},"excerpt":{"rendered":"<p>No Dia do Psicopedagogo, a professora Luciane Pedro, coordenadora do curso, fala sobre a atua\u00e7\u00e3o desse profissional.<\/p>\n","protected":false},"author":4,"featured_media":3241,"comment_status":"open","ping_status":"open","sticky":false,"template":"","format":"standard","meta":{"cybocfi_hide_featured_image":"","footnotes":""},"categories":[1],"tags":[],"class_list":["post-3238","post","type-post","status-publish","format-standard","has-post-thumbnail","hentry","category-cursos"],"yoast_head":"<!-- This site is optimized with the Yoast SEO plugin v27.5 - https:\/\/yoast.com\/product\/yoast-seo-wordpress\/ -->\n<title>12|11\u00a0 - Dia do Psicopedagogo: docente fala mais sobre o curso que ganha for\u00e7a na educa\u00e7\u00e3o - Blog S\u00e3o Camilo<\/title>\n<meta name=\"description\" content=\"No Dia do Psicopedagogo, a professora Luciane Pedro, coordenadora do curso, fala sobre a atua\u00e7\u00e3o desse profissional.\" \/>\n<meta name=\"robots\" content=\"index, follow, max-snippet:-1, max-image-preview:large, max-video-preview:-1\" \/>\n<link rel=\"canonical\" href=\"https:\/\/blog.saocamilo-sp.br\/index.php\/2024\/11\/12\/1211-dia-do-psicopedagogo-docente-fala-mais-sobre-o-curso-que-ganha-forca-na-educacao\/\" \/>\n<meta property=\"og:locale\" content=\"pt_BR\" \/>\n<meta property=\"og:type\" content=\"article\" \/>\n<meta property=\"og:title\" content=\"12|11\u00a0 - Dia do Psicopedagogo: docente fala mais sobre o curso que ganha for\u00e7a na educa\u00e7\u00e3o - Blog S\u00e3o Camilo\" \/>\n<meta property=\"og:description\" content=\"No Dia do Psicopedagogo, a professora Luciane Pedro, coordenadora do curso, fala sobre a atua\u00e7\u00e3o desse profissional.\" \/>\n<meta property=\"og:url\" content=\"https:\/\/blog.saocamilo-sp.br\/index.php\/2024\/11\/12\/1211-dia-do-psicopedagogo-docente-fala-mais-sobre-o-curso-que-ganha-forca-na-educacao\/\" \/>\n<meta property=\"og:site_name\" content=\"Blog S\u00e3o Camilo\" \/>\n<meta property=\"article:publisher\" content=\"https:\/\/www.facebook.com\/saocamilosp\" \/>\n<meta property=\"article:published_time\" content=\"2024-11-12T14:33:48+00:00\" \/>\n<meta property=\"article:modified_time\" content=\"2024-11-12T14:33:49+00:00\" \/>\n<meta property=\"og:image\" content=\"https:\/\/blog.saocamilo-sp.br\/wp-content\/uploads\/2024\/11\/dia-do-piscopedagogo.png\" \/>\n\t<meta property=\"og:image:width\" content=\"789\" \/>\n\t<meta property=\"og:image:height\" content=\"538\" \/>\n\t<meta property=\"og:image:type\" content=\"image\/png\" \/>\n<meta name=\"author\" content=\"Lucas Soares Gon\u00e7alves\" \/>\n<meta name=\"twitter:card\" content=\"summary_large_image\" \/>\n<meta name=\"twitter:creator\" content=\"@saocamilosp\" \/>\n<meta name=\"twitter:site\" content=\"@saocamilosp\" \/>\n<meta name=\"twitter:label1\" content=\"Escrito por\" \/>\n\t<meta name=\"twitter:data1\" content=\"Lucas Soares Gon\u00e7alves\" \/>\n\t<meta name=\"twitter:label2\" content=\"Est. tempo de leitura\" \/>\n\t<meta name=\"twitter:data2\" content=\"4 minutos\" \/>\n<script type=\"application\/ld+json\" class=\"yoast-schema-graph\">{\"@context\":\"https:\\\/\\\/schema.org\",\"@graph\":[{\"@type\":\"Article\",\"@id\":\"https:\\\/\\\/blog.saocamilo-sp.br\\\/index.php\\\/2024\\\/11\\\/12\\\/1211-dia-do-psicopedagogo-docente-fala-mais-sobre-o-curso-que-ganha-forca-na-educacao\\\/#article\",\"isPartOf\":{\"@id\":\"https:\\\/\\\/blog.saocamilo-sp.br\\\/index.php\\\/2024\\\/11\\\/12\\\/1211-dia-do-psicopedagogo-docente-fala-mais-sobre-o-curso-que-ganha-forca-na-educacao\\\/\"},\"author\":{\"name\":\"Lucas Soares Gon\u00e7alves\",\"@id\":\"https:\\\/\\\/blog.saocamilo-sp.br\\\/#\\\/schema\\\/person\\\/781135418152912d4b58f2db13a2eaf0\"},\"headline\":\"12|11\u00a0 &#8211; Dia do Psicopedagogo: docente fala mais sobre o curso que ganha for\u00e7a na educa\u00e7\u00e3o\",\"datePublished\":\"2024-11-12T14:33:48+00:00\",\"dateModified\":\"2024-11-12T14:33:49+00:00\",\"mainEntityOfPage\":{\"@id\":\"https:\\\/\\\/blog.saocamilo-sp.br\\\/index.php\\\/2024\\\/11\\\/12\\\/1211-dia-do-psicopedagogo-docente-fala-mais-sobre-o-curso-que-ganha-forca-na-educacao\\\/\"},\"wordCount\":700,\"commentCount\":0,\"publisher\":{\"@id\":\"https:\\\/\\\/blog.saocamilo-sp.br\\\/#organization\"},\"image\":{\"@id\":\"https:\\\/\\\/blog.saocamilo-sp.br\\\/index.php\\\/2024\\\/11\\\/12\\\/1211-dia-do-psicopedagogo-docente-fala-mais-sobre-o-curso-que-ganha-forca-na-educacao\\\/#primaryimage\"},\"thumbnailUrl\":\"https:\\\/\\\/blog.saocamilo-sp.br\\\/wp-content\\\/uploads\\\/2024\\\/11\\\/dia-do-piscopedagogo.png\",\"articleSection\":[\"Cursos\"],\"inLanguage\":\"pt-BR\",\"potentialAction\":[{\"@type\":\"CommentAction\",\"name\":\"Comment\",\"target\":[\"https:\\\/\\\/blog.saocamilo-sp.br\\\/index.php\\\/2024\\\/11\\\/12\\\/1211-dia-do-psicopedagogo-docente-fala-mais-sobre-o-curso-que-ganha-forca-na-educacao\\\/#respond\"]}]},{\"@type\":\"WebPage\",\"@id\":\"https:\\\/\\\/blog.saocamilo-sp.br\\\/index.php\\\/2024\\\/11\\\/12\\\/1211-dia-do-psicopedagogo-docente-fala-mais-sobre-o-curso-que-ganha-forca-na-educacao\\\/\",\"url\":\"https:\\\/\\\/blog.saocamilo-sp.br\\\/index.php\\\/2024\\\/11\\\/12\\\/1211-dia-do-psicopedagogo-docente-fala-mais-sobre-o-curso-que-ganha-forca-na-educacao\\\/\",\"name\":\"12|11\u00a0 - Dia do Psicopedagogo: docente fala mais sobre o curso que ganha for\u00e7a na educa\u00e7\u00e3o - Blog S\u00e3o Camilo\",\"isPartOf\":{\"@id\":\"https:\\\/\\\/blog.saocamilo-sp.br\\\/#website\"},\"primaryImageOfPage\":{\"@id\":\"https:\\\/\\\/blog.saocamilo-sp.br\\\/index.php\\\/2024\\\/11\\\/12\\\/1211-dia-do-psicopedagogo-docente-fala-mais-sobre-o-curso-que-ganha-forca-na-educacao\\\/#primaryimage\"},\"image\":{\"@id\":\"https:\\\/\\\/blog.saocamilo-sp.br\\\/index.php\\\/2024\\\/11\\\/12\\\/1211-dia-do-psicopedagogo-docente-fala-mais-sobre-o-curso-que-ganha-forca-na-educacao\\\/#primaryimage\"},\"thumbnailUrl\":\"https:\\\/\\\/blog.saocamilo-sp.br\\\/wp-content\\\/uploads\\\/2024\\\/11\\\/dia-do-piscopedagogo.png\",\"datePublished\":\"2024-11-12T14:33:48+00:00\",\"dateModified\":\"2024-11-12T14:33:49+00:00\",\"description\":\"No Dia do Psicopedagogo, a professora Luciane Pedro, coordenadora do curso, fala sobre a atua\u00e7\u00e3o desse profissional.\",\"breadcrumb\":{\"@id\":\"https:\\\/\\\/blog.saocamilo-sp.br\\\/index.php\\\/2024\\\/11\\\/12\\\/1211-dia-do-psicopedagogo-docente-fala-mais-sobre-o-curso-que-ganha-forca-na-educacao\\\/#breadcrumb\"},\"inLanguage\":\"pt-BR\",\"potentialAction\":[{\"@type\":\"ReadAction\",\"target\":[\"https:\\\/\\\/blog.saocamilo-sp.br\\\/index.php\\\/2024\\\/11\\\/12\\\/1211-dia-do-psicopedagogo-docente-fala-mais-sobre-o-curso-que-ganha-forca-na-educacao\\\/\"]}]},{\"@type\":\"ImageObject\",\"inLanguage\":\"pt-BR\",\"@id\":\"https:\\\/\\\/blog.saocamilo-sp.br\\\/index.php\\\/2024\\\/11\\\/12\\\/1211-dia-do-psicopedagogo-docente-fala-mais-sobre-o-curso-que-ganha-forca-na-educacao\\\/#primaryimage\",\"url\":\"https:\\\/\\\/blog.saocamilo-sp.br\\\/wp-content\\\/uploads\\\/2024\\\/11\\\/dia-do-piscopedagogo.png\",\"contentUrl\":\"https:\\\/\\\/blog.saocamilo-sp.br\\\/wp-content\\\/uploads\\\/2024\\\/11\\\/dia-do-piscopedagogo.png\",\"width\":789,\"height\":538},{\"@type\":\"BreadcrumbList\",\"@id\":\"https:\\\/\\\/blog.saocamilo-sp.br\\\/index.php\\\/2024\\\/11\\\/12\\\/1211-dia-do-psicopedagogo-docente-fala-mais-sobre-o-curso-que-ganha-forca-na-educacao\\\/#breadcrumb\",\"itemListElement\":[{\"@type\":\"ListItem\",\"position\":1,\"name\":\"In\u00edcio\",\"item\":\"https:\\\/\\\/blog.saocamilo-sp.br\\\/\"},{\"@type\":\"ListItem\",\"position\":2,\"name\":\"12|11\u00a0 &#8211; Dia do Psicopedagogo: docente fala mais sobre o curso que ganha for\u00e7a na educa\u00e7\u00e3o\"}]},{\"@type\":\"WebSite\",\"@id\":\"https:\\\/\\\/blog.saocamilo-sp.br\\\/#website\",\"url\":\"https:\\\/\\\/blog.saocamilo-sp.br\\\/\",\"name\":\"Blog S\u00e3o Camilo\",\"description\":\"Blog do Centro Universit\u00e1rio S\u00e3o Camilo\",\"publisher\":{\"@id\":\"https:\\\/\\\/blog.saocamilo-sp.br\\\/#organization\"},\"potentialAction\":[{\"@type\":\"SearchAction\",\"target\":{\"@type\":\"EntryPoint\",\"urlTemplate\":\"https:\\\/\\\/blog.saocamilo-sp.br\\\/?s={search_term_string}\"},\"query-input\":{\"@type\":\"PropertyValueSpecification\",\"valueRequired\":true,\"valueName\":\"search_term_string\"}}],\"inLanguage\":\"pt-BR\"},{\"@type\":\"Organization\",\"@id\":\"https:\\\/\\\/blog.saocamilo-sp.br\\\/#organization\",\"name\":\"Blog S\u00e3o Camilo\",\"url\":\"https:\\\/\\\/blog.saocamilo-sp.br\\\/\",\"logo\":{\"@type\":\"ImageObject\",\"inLanguage\":\"pt-BR\",\"@id\":\"https:\\\/\\\/blog.saocamilo-sp.br\\\/#\\\/schema\\\/logo\\\/image\\\/\",\"url\":\"https:\\\/\\\/blog.saocamilo-sp.br\\\/wp-content\\\/uploads\\\/2021\\\/12\\\/cropped-vazio-logo-topo.png\",\"contentUrl\":\"https:\\\/\\\/blog.saocamilo-sp.br\\\/wp-content\\\/uploads\\\/2021\\\/12\\\/cropped-vazio-logo-topo.png\",\"width\":320,\"height\":240,\"caption\":\"Blog S\u00e3o Camilo\"},\"image\":{\"@id\":\"https:\\\/\\\/blog.saocamilo-sp.br\\\/#\\\/schema\\\/logo\\\/image\\\/\"},\"sameAs\":[\"https:\\\/\\\/www.facebook.com\\\/saocamilosp\",\"https:\\\/\\\/x.com\\\/saocamilosp\",\"https:\\\/\\\/www.linkedin.com\\\/school\\\/centro-universit-rio-s-o-camilo\\\/\"]},{\"@type\":\"Person\",\"@id\":\"https:\\\/\\\/blog.saocamilo-sp.br\\\/#\\\/schema\\\/person\\\/781135418152912d4b58f2db13a2eaf0\",\"name\":\"Lucas Soares Gon\u00e7alves\",\"image\":{\"@type\":\"ImageObject\",\"inLanguage\":\"pt-BR\",\"@id\":\"https:\\\/\\\/secure.gravatar.com\\\/avatar\\\/bcd2d703cbb48116eaac2cac8643792535238ff30b2d7ce9e16f9254ec9cae83?s=96&d=mm&r=g\",\"url\":\"https:\\\/\\\/secure.gravatar.com\\\/avatar\\\/bcd2d703cbb48116eaac2cac8643792535238ff30b2d7ce9e16f9254ec9cae83?s=96&d=mm&r=g\",\"contentUrl\":\"https:\\\/\\\/secure.gravatar.com\\\/avatar\\\/bcd2d703cbb48116eaac2cac8643792535238ff30b2d7ce9e16f9254ec9cae83?s=96&d=mm&r=g\",\"caption\":\"Lucas Soares Gon\u00e7alves\"},\"url\":\"https:\\\/\\\/blog.saocamilo-sp.br\\\/index.php\\\/author\\\/lucas-soares-goncalves\\\/\"}]}<\/script>\n<!-- \/ Yoast SEO plugin. -->","yoast_head_json":{"title":"12|11\u00a0 - Dia do Psicopedagogo: docente fala mais sobre o curso que ganha for\u00e7a na educa\u00e7\u00e3o - Blog S\u00e3o Camilo","description":"No Dia do Psicopedagogo, a professora Luciane Pedro, coordenadora do curso, fala sobre a atua\u00e7\u00e3o desse profissional.","robots":{"index":"index","follow":"follow","max-snippet":"max-snippet:-1","max-image-preview":"max-image-preview:large","max-video-preview":"max-video-preview:-1"},"canonical":"https:\/\/blog.saocamilo-sp.br\/index.php\/2024\/11\/12\/1211-dia-do-psicopedagogo-docente-fala-mais-sobre-o-curso-que-ganha-forca-na-educacao\/","og_locale":"pt_BR","og_type":"article","og_title":"12|11\u00a0 - Dia do Psicopedagogo: docente fala mais sobre o curso que ganha for\u00e7a na educa\u00e7\u00e3o - Blog S\u00e3o Camilo","og_description":"No Dia do Psicopedagogo, a professora Luciane Pedro, coordenadora do curso, fala sobre a atua\u00e7\u00e3o desse profissional.","og_url":"https:\/\/blog.saocamilo-sp.br\/index.php\/2024\/11\/12\/1211-dia-do-psicopedagogo-docente-fala-mais-sobre-o-curso-que-ganha-forca-na-educacao\/","og_site_name":"Blog S\u00e3o Camilo","article_publisher":"https:\/\/www.facebook.com\/saocamilosp","article_published_time":"2024-11-12T14:33:48+00:00","article_modified_time":"2024-11-12T14:33:49+00:00","og_image":[{"width":789,"height":538,"url":"https:\/\/blog.saocamilo-sp.br\/wp-content\/uploads\/2024\/11\/dia-do-piscopedagogo.png","type":"image\/png"}],"author":"Lucas Soares Gon\u00e7alves","twitter_card":"summary_large_image","twitter_creator":"@saocamilosp","twitter_site":"@saocamilosp","twitter_misc":{"Escrito por":"Lucas Soares Gon\u00e7alves","Est. tempo de leitura":"4 minutos"},"schema":{"@context":"https:\/\/schema.org","@graph":[{"@type":"Article","@id":"https:\/\/blog.saocamilo-sp.br\/index.php\/2024\/11\/12\/1211-dia-do-psicopedagogo-docente-fala-mais-sobre-o-curso-que-ganha-forca-na-educacao\/#article","isPartOf":{"@id":"https:\/\/blog.saocamilo-sp.br\/index.php\/2024\/11\/12\/1211-dia-do-psicopedagogo-docente-fala-mais-sobre-o-curso-que-ganha-forca-na-educacao\/"},"author":{"name":"Lucas Soares Gon\u00e7alves","@id":"https:\/\/blog.saocamilo-sp.br\/#\/schema\/person\/781135418152912d4b58f2db13a2eaf0"},"headline":"12|11\u00a0 &#8211; Dia do Psicopedagogo: docente fala mais sobre o curso que ganha for\u00e7a na educa\u00e7\u00e3o","datePublished":"2024-11-12T14:33:48+00:00","dateModified":"2024-11-12T14:33:49+00:00","mainEntityOfPage":{"@id":"https:\/\/blog.saocamilo-sp.br\/index.php\/2024\/11\/12\/1211-dia-do-psicopedagogo-docente-fala-mais-sobre-o-curso-que-ganha-forca-na-educacao\/"},"wordCount":700,"commentCount":0,"publisher":{"@id":"https:\/\/blog.saocamilo-sp.br\/#organization"},"image":{"@id":"https:\/\/blog.saocamilo-sp.br\/index.php\/2024\/11\/12\/1211-dia-do-psicopedagogo-docente-fala-mais-sobre-o-curso-que-ganha-forca-na-educacao\/#primaryimage"},"thumbnailUrl":"https:\/\/blog.saocamilo-sp.br\/wp-content\/uploads\/2024\/11\/dia-do-piscopedagogo.png","articleSection":["Cursos"],"inLanguage":"pt-BR","potentialAction":[{"@type":"CommentAction","name":"Comment","target":["https:\/\/blog.saocamilo-sp.br\/index.php\/2024\/11\/12\/1211-dia-do-psicopedagogo-docente-fala-mais-sobre-o-curso-que-ganha-forca-na-educacao\/#respond"]}]},{"@type":"WebPage","@id":"https:\/\/blog.saocamilo-sp.br\/index.php\/2024\/11\/12\/1211-dia-do-psicopedagogo-docente-fala-mais-sobre-o-curso-que-ganha-forca-na-educacao\/","url":"https:\/\/blog.saocamilo-sp.br\/index.php\/2024\/11\/12\/1211-dia-do-psicopedagogo-docente-fala-mais-sobre-o-curso-que-ganha-forca-na-educacao\/","name":"12|11\u00a0 - Dia do Psicopedagogo: docente fala mais sobre o curso que ganha for\u00e7a na educa\u00e7\u00e3o - Blog S\u00e3o Camilo","isPartOf":{"@id":"https:\/\/blog.saocamilo-sp.br\/#website"},"primaryImageOfPage":{"@id":"https:\/\/blog.saocamilo-sp.br\/index.php\/2024\/11\/12\/1211-dia-do-psicopedagogo-docente-fala-mais-sobre-o-curso-que-ganha-forca-na-educacao\/#primaryimage"},"image":{"@id":"https:\/\/blog.saocamilo-sp.br\/index.php\/2024\/11\/12\/1211-dia-do-psicopedagogo-docente-fala-mais-sobre-o-curso-que-ganha-forca-na-educacao\/#primaryimage"},"thumbnailUrl":"https:\/\/blog.saocamilo-sp.br\/wp-content\/uploads\/2024\/11\/dia-do-piscopedagogo.png","datePublished":"2024-11-12T14:33:48+00:00","dateModified":"2024-11-12T14:33:49+00:00","description":"No Dia do Psicopedagogo, a professora Luciane Pedro, coordenadora do curso, fala sobre a atua\u00e7\u00e3o desse profissional.","breadcrumb":{"@id":"https:\/\/blog.saocamilo-sp.br\/index.php\/2024\/11\/12\/1211-dia-do-psicopedagogo-docente-fala-mais-sobre-o-curso-que-ganha-forca-na-educacao\/#breadcrumb"},"inLanguage":"pt-BR","potentialAction":[{"@type":"ReadAction","target":["https:\/\/blog.saocamilo-sp.br\/index.php\/2024\/11\/12\/1211-dia-do-psicopedagogo-docente-fala-mais-sobre-o-curso-que-ganha-forca-na-educacao\/"]}]},{"@type":"ImageObject","inLanguage":"pt-BR","@id":"https:\/\/blog.saocamilo-sp.br\/index.php\/2024\/11\/12\/1211-dia-do-psicopedagogo-docente-fala-mais-sobre-o-curso-que-ganha-forca-na-educacao\/#primaryimage","url":"https:\/\/blog.saocamilo-sp.br\/wp-content\/uploads\/2024\/11\/dia-do-piscopedagogo.png","contentUrl":"https:\/\/blog.saocamilo-sp.br\/wp-content\/uploads\/2024\/11\/dia-do-piscopedagogo.png","width":789,"height":538},{"@type":"BreadcrumbList","@id":"https:\/\/blog.saocamilo-sp.br\/index.php\/2024\/11\/12\/1211-dia-do-psicopedagogo-docente-fala-mais-sobre-o-curso-que-ganha-forca-na-educacao\/#breadcrumb","itemListElement":[{"@type":"ListItem","position":1,"name":"In\u00edcio","item":"https:\/\/blog.saocamilo-sp.br\/"},{"@type":"ListItem","position":2,"name":"12|11\u00a0 &#8211; Dia do Psicopedagogo: docente fala mais sobre o curso que ganha for\u00e7a na educa\u00e7\u00e3o"}]},{"@type":"WebSite","@id":"https:\/\/blog.saocamilo-sp.br\/#website","url":"https:\/\/blog.saocamilo-sp.br\/","name":"Blog S\u00e3o Camilo","description":"Blog do Centro Universit\u00e1rio S\u00e3o Camilo","publisher":{"@id":"https:\/\/blog.saocamilo-sp.br\/#organization"},"potentialAction":[{"@type":"SearchAction","target":{"@type":"EntryPoint","urlTemplate":"https:\/\/blog.saocamilo-sp.br\/?s={search_term_string}"},"query-input":{"@type":"PropertyValueSpecification","valueRequired":true,"valueName":"search_term_string"}}],"inLanguage":"pt-BR"},{"@type":"Organization","@id":"https:\/\/blog.saocamilo-sp.br\/#organization","name":"Blog S\u00e3o Camilo","url":"https:\/\/blog.saocamilo-sp.br\/","logo":{"@type":"ImageObject","inLanguage":"pt-BR","@id":"https:\/\/blog.saocamilo-sp.br\/#\/schema\/logo\/image\/","url":"https:\/\/blog.saocamilo-sp.br\/wp-content\/uploads\/2021\/12\/cropped-vazio-logo-topo.png","contentUrl":"https:\/\/blog.saocamilo-sp.br\/wp-content\/uploads\/2021\/12\/cropped-vazio-logo-topo.png","width":320,"height":240,"caption":"Blog S\u00e3o Camilo"},"image":{"@id":"https:\/\/blog.saocamilo-sp.br\/#\/schema\/logo\/image\/"},"sameAs":["https:\/\/www.facebook.com\/saocamilosp","https:\/\/x.com\/saocamilosp","https:\/\/www.linkedin.com\/school\/centro-universit-rio-s-o-camilo\/"]},{"@type":"Person","@id":"https:\/\/blog.saocamilo-sp.br\/#\/schema\/person\/781135418152912d4b58f2db13a2eaf0","name":"Lucas Soares Gon\u00e7alves","image":{"@type":"ImageObject","inLanguage":"pt-BR","@id":"https:\/\/secure.gravatar.com\/avatar\/bcd2d703cbb48116eaac2cac8643792535238ff30b2d7ce9e16f9254ec9cae83?s=96&d=mm&r=g","url":"https:\/\/secure.gravatar.com\/avatar\/bcd2d703cbb48116eaac2cac8643792535238ff30b2d7ce9e16f9254ec9cae83?s=96&d=mm&r=g","contentUrl":"https:\/\/secure.gravatar.com\/avatar\/bcd2d703cbb48116eaac2cac8643792535238ff30b2d7ce9e16f9254ec9cae83?s=96&d=mm&r=g","caption":"Lucas Soares Gon\u00e7alves"},"url":"https:\/\/blog.saocamilo-sp.br\/index.php\/author\/lucas-soares-goncalves\/"}]}},"_links":{"self":[{"href":"https:\/\/blog.saocamilo-sp.br\/index.php\/wp-json\/wp\/v2\/posts\/3238","targetHints":{"allow":["GET"]}}],"collection":[{"href":"https:\/\/blog.saocamilo-sp.br\/index.php\/wp-json\/wp\/v2\/posts"}],"about":[{"href":"https:\/\/blog.saocamilo-sp.br\/index.php\/wp-json\/wp\/v2\/types\/post"}],"author":[{"embeddable":true,"href":"https:\/\/blog.saocamilo-sp.br\/index.php\/wp-json\/wp\/v2\/users\/4"}],"replies":[{"embeddable":true,"href":"https:\/\/blog.saocamilo-sp.br\/index.php\/wp-json\/wp\/v2\/comments?post=3238"}],"version-history":[{"count":1,"href":"https:\/\/blog.saocamilo-sp.br\/index.php\/wp-json\/wp\/v2\/posts\/3238\/revisions"}],"predecessor-version":[{"id":3243,"href":"https:\/\/blog.saocamilo-sp.br\/index.php\/wp-json\/wp\/v2\/posts\/3238\/revisions\/3243"}],"wp:featuredmedia":[{"embeddable":true,"href":"https:\/\/blog.saocamilo-sp.br\/index.php\/wp-json\/wp\/v2\/media\/3241"}],"wp:attachment":[{"href":"https:\/\/blog.saocamilo-sp.br\/index.php\/wp-json\/wp\/v2\/media?parent=3238"}],"wp:term":[{"taxonomy":"category","embeddable":true,"href":"https:\/\/blog.saocamilo-sp.br\/index.php\/wp-json\/wp\/v2\/categories?post=3238"},{"taxonomy":"post_tag","embeddable":true,"href":"https:\/\/blog.saocamilo-sp.br\/index.php\/wp-json\/wp\/v2\/tags?post=3238"}],"curies":[{"name":"wp","href":"https:\/\/api.w.org\/{rel}","templated":true}]}}