{"id":3280,"date":"2024-11-30T10:00:00","date_gmt":"2024-11-30T13:00:00","guid":{"rendered":"https:\/\/blog.saocamilo-sp.br\/?p=3280"},"modified":"2024-12-11T17:37:53","modified_gmt":"2024-12-11T20:37:53","slug":"dia-mundial-de-luta-contra-a-aids-conscientizacao-e-prevencao","status":"publish","type":"post","link":"https:\/\/blog.saocamilo-sp.br\/index.php\/2024\/11\/30\/dia-mundial-de-luta-contra-a-aids-conscientizacao-e-prevencao\/","title":{"rendered":"Dia Mundial de Luta contra a AIDS: Conscientiza\u00e7\u00e3o e Preven\u00e7\u00e3o"},"content":{"rendered":"\n<p>O <strong>Dia Mundial de Luta contra a AIDS<\/strong>, celebrado em 1\u00ba de dezembro, \u00e9 uma data fundamental para promover a conscientiza\u00e7\u00e3o sobre o HIV\/AIDS, combater o estigma e incentivar a solidariedade global. Criada em 1988 pela <a href=\"https:\/\/www.who.int\/pt\/about\">Organiza\u00e7\u00e3o Mundial da Sa\u00fade (OMS)<\/a>, al\u00e9m disso, essa campanha busca lembrar a import\u00e2ncia da preven\u00e7\u00e3o e do tratamento para milh\u00f5es de pessoas afetadas pelo v\u00edrus.<\/p>\n\n\n\n<h3 class=\"wp-block-heading\">O que \u00e9 o HIV\/AIDS?<\/h3>\n\n\n\n<p>O <strong>HIV<\/strong> (V\u00edrus da Imunodefici\u00eancia Humana) ataca o sistema imunol\u00f3gico, enfraquecendo as defesas naturais do corpo. Assim, quando n\u00e3o tratado, pode evoluir para a <strong>AIDS<\/strong> (S\u00edndrome da Imunodefici\u00eancia Adquirida), uma condi\u00e7\u00e3o em que o organismo fica vulner\u00e1vel a infec\u00e7\u00f5es e doen\u00e7as oportunistas.<\/p>\n\n\n\n<p>Embora n\u00e3o exista cura, tratamentos como a terapia antirretroviral (TARV) ajudam a controlar o v\u00edrus, melhorando a qualidade de vida dos pacientes e prevenindo sua transmiss\u00e3o.<\/p>\n\n\n\n<h3 class=\"wp-block-heading\">A import\u00e2ncia da preven\u00e7\u00e3o<\/h3>\n\n\n\n<p>A preven\u00e7\u00e3o continua sendo a principal ferramenta na luta contra o HIV\/AIDS. Entre as estrat\u00e9gias mais eficazes est\u00e3o:<\/p>\n\n\n\n<ul class=\"wp-block-list\">\n<li>Uso de preservativos em todas as rela\u00e7\u00f5es sexuais.<\/li>\n\n\n\n<li>Realiza\u00e7\u00e3o de testes regulares de HIV, especialmente para popula\u00e7\u00f5es de risco.<\/li>\n\n\n\n<li>A profilaxia pr\u00e9-exposi\u00e7\u00e3o (PrEP) e p\u00f3s-exposi\u00e7\u00e3o (PEP), dispon\u00edveis no SUS.<\/li>\n\n\n\n<li>Campanhas educativas que promovam pr\u00e1ticas seguras e informem sobre o v\u00edrus.<\/li>\n<\/ul>\n\n\n\n<p>Por isso, promover essas a\u00e7\u00f5es \u00e9 essencial para reduzir novos casos e desmistificar a doen\u00e7a.<\/p>\n\n\n\n<h3 class=\"wp-block-heading\">Combate ao estigma e \u00e0 discrimina\u00e7\u00e3o<\/h3>\n\n\n\n<p>Ainda hoje, muitas pessoas vivendo com HIV\/AIDS enfrentam preconceito, o que afeta seu bem-estar emocional e acesso ao tratamento. Para mudar essa realidade, \u00e9 crucial:<\/p>\n\n\n\n<ol class=\"wp-block-list\">\n<li>Disseminar informa\u00e7\u00f5es corretas sobre o v\u00edrus e as formas de transmiss\u00e3o.<\/li>\n\n\n\n<li>Garantir a inclus\u00e3o social dos pacientes, com apoio das comunidades e empresas.<\/li>\n\n\n\n<li>Incentivar o uso de linguagem respeitosa ao abordar o tema.<\/li>\n<\/ol>\n\n\n\n<h3 class=\"wp-block-heading\">Qual \u00e9 o papel da sociedade no enfrentamento do HIV\/AIDS?<\/h3>\n\n\n\n<p>A luta contra a AIDS \u00e9 uma responsabilidade coletiva. Governos, organiza\u00e7\u00f5es n\u00e3o-governamentais (ONGs), profissionais de sa\u00fade e cidad\u00e3os podem contribuir ao:<\/p>\n\n\n\n<ul class=\"wp-block-list\">\n<li>Apoiar campanhas p\u00fablicas de conscientiza\u00e7\u00e3o.<\/li>\n\n\n\n<li>Participar de eventos solid\u00e1rios, como palestras e a\u00e7\u00f5es educativas.<\/li>\n\n\n\n<li>Defender pol\u00edticas p\u00fablicas que garantam o acesso universal ao tratamento.<\/li>\n<\/ul>\n\n\n\n<p>Com esses esfor\u00e7os, torna-se poss\u00edvel reduzir o impacto do HIV\/AIDS e melhorar a vida dos pacientes.<\/p>\n\n\n\n<h3 class=\"wp-block-heading\">Avan\u00e7os no tratamento e esperan\u00e7a para o futuro<\/h3>\n\n\n\n<p>Nas \u00faltimas d\u00e9cadas, avan\u00e7os cient\u00edficos revolucionaram o tratamento do HIV\/AIDS. A introdu\u00e7\u00e3o da TARV, por exemplo, transformou a condi\u00e7\u00e3o em uma doen\u00e7a cr\u00f4nica gerenci\u00e1vel. Al\u00e9m disso, estudos promissores sobre vacinas e curas oferecem esperan\u00e7a para milh\u00f5es de pessoas ao redor do mundo.<\/p>\n\n\n\n<p>O <strong>Dia Mundial de Luta contra a AIDS<\/strong> nos lembra que a informa\u00e7\u00e3o, a empatia e o esfor\u00e7o conjunto s\u00e3o fundamentais para enfrentar essa epidemia. Por isso, apesar dos desafios, o progresso alcan\u00e7ado at\u00e9 hoje mostra que \u00e9 poss\u00edvel vencer o preconceito e oferecer uma vida digna e saud\u00e1vel \u00e0s pessoas vivendo com HIV.<\/p>\n\n\n\n<p>Prevenir, conscientizar e acolher s\u00e3o os passos necess\u00e1rios para construir um futuro livre do HIV\/AIDS.<\/p>\n\n\n\n<p><strong>Veja tamb\u00e9m<\/strong>:<br><a href=\"https:\/\/blog.saocamilo-sp.br\/index.php\/2024\/02\/10\/madri-bolsas-de-estudo-sao-camilo\/\">Internacional: S\u00e3o Camilo oferece bolsas de estudo e hospedagem em Madri<\/a><br><a href=\"https:\/\/blog.saocamilo-sp.br\/index.php\/2023\/05\/10\/pe-joao-batista-participa-do-v-encontro-internacional-de-reitores-universia\/\">Pe. Jo\u00e3o Batista participa do V Encontro Internacional de Reitores Universia em Val\u00eancia<\/a><br><a href=\"https:\/\/blog.saocamilo-sp.br\/index.php\/2023\/11\/28\/sao-camilo-oducal\/\">Internacional: S\u00e3o Camilo participa de eventos da ODUCAL na Argentina<\/a><\/p>\n\n\n\n<p><\/p>\n","protected":false},"excerpt":{"rendered":"<p>Celebrado em 1\u00ba de dezembro, a data \u00e9 fundamental para promover a conscientiza\u00e7\u00e3o sobre o HIV<\/p>\n","protected":false},"author":4,"featured_media":3302,"comment_status":"open","ping_status":"open","sticky":false,"template":"","format":"standard","meta":{"cybocfi_hide_featured_image":"","footnotes":""},"categories":[1],"tags":[],"class_list":["post-3280","post","type-post","status-publish","format-standard","has-post-thumbnail","hentry","category-cursos"],"yoast_head":"<!-- This site is optimized with the Yoast SEO plugin v27.5 - https:\/\/yoast.com\/product\/yoast-seo-wordpress\/ -->\n<title>Dia Mundial de Luta contra a AIDS: Conscientiza\u00e7\u00e3o e Preven\u00e7\u00e3o - Blog S\u00e3o Camilo<\/title>\n<meta name=\"description\" content=\"O Dia Mundial de Luta contra a AIDS, celebrado em 1\u00ba de dezembro, \u00e9 uma data fundamental para promover a conscientiza\u00e7\u00e3o sobre o HIV\/AIDS, combater o estigma e incentivar a solidariedade global.\" \/>\n<meta name=\"robots\" content=\"index, follow, max-snippet:-1, max-image-preview:large, max-video-preview:-1\" \/>\n<link rel=\"canonical\" href=\"https:\/\/blog.saocamilo-sp.br\/index.php\/2024\/11\/30\/dia-mundial-de-luta-contra-a-aids-conscientizacao-e-prevencao\/\" \/>\n<meta property=\"og:locale\" content=\"pt_BR\" \/>\n<meta property=\"og:type\" content=\"article\" \/>\n<meta property=\"og:title\" content=\"Dia Mundial de Luta contra a AIDS: Conscientiza\u00e7\u00e3o e Preven\u00e7\u00e3o - Blog S\u00e3o Camilo\" \/>\n<meta property=\"og:description\" content=\"O Dia Mundial de Luta contra a AIDS, celebrado em 1\u00ba de dezembro, \u00e9 uma data fundamental para promover a conscientiza\u00e7\u00e3o sobre o HIV\/AIDS, combater o estigma e incentivar a solidariedade global.\" \/>\n<meta property=\"og:url\" content=\"https:\/\/blog.saocamilo-sp.br\/index.php\/2024\/11\/30\/dia-mundial-de-luta-contra-a-aids-conscientizacao-e-prevencao\/\" \/>\n<meta property=\"og:site_name\" content=\"Blog S\u00e3o Camilo\" \/>\n<meta property=\"article:publisher\" content=\"https:\/\/www.facebook.com\/saocamilosp\" \/>\n<meta property=\"article:published_time\" content=\"2024-11-30T13:00:00+00:00\" \/>\n<meta property=\"article:modified_time\" content=\"2024-12-11T20:37:53+00:00\" \/>\n<meta property=\"og:image\" content=\"https:\/\/blog.saocamilo-sp.br\/wp-content\/uploads\/2024\/12\/Blog-Dezembro-AIDS.jpg\" \/>\n\t<meta property=\"og:image:width\" content=\"525\" \/>\n\t<meta property=\"og:image:height\" content=\"392\" \/>\n\t<meta property=\"og:image:type\" content=\"image\/jpeg\" \/>\n<meta name=\"author\" content=\"Lucas Soares Gon\u00e7alves\" \/>\n<meta name=\"twitter:card\" content=\"summary_large_image\" \/>\n<meta name=\"twitter:creator\" content=\"@saocamilosp\" \/>\n<meta name=\"twitter:site\" content=\"@saocamilosp\" \/>\n<meta name=\"twitter:label1\" content=\"Escrito por\" \/>\n\t<meta name=\"twitter:data1\" content=\"Lucas Soares Gon\u00e7alves\" \/>\n\t<meta name=\"twitter:label2\" content=\"Est. tempo de leitura\" \/>\n\t<meta name=\"twitter:data2\" content=\"3 minutos\" \/>\n<script type=\"application\/ld+json\" class=\"yoast-schema-graph\">{\"@context\":\"https:\\\/\\\/schema.org\",\"@graph\":[{\"@type\":\"Article\",\"@id\":\"https:\\\/\\\/blog.saocamilo-sp.br\\\/index.php\\\/2024\\\/11\\\/30\\\/dia-mundial-de-luta-contra-a-aids-conscientizacao-e-prevencao\\\/#article\",\"isPartOf\":{\"@id\":\"https:\\\/\\\/blog.saocamilo-sp.br\\\/index.php\\\/2024\\\/11\\\/30\\\/dia-mundial-de-luta-contra-a-aids-conscientizacao-e-prevencao\\\/\"},\"author\":{\"name\":\"Lucas Soares Gon\u00e7alves\",\"@id\":\"https:\\\/\\\/blog.saocamilo-sp.br\\\/#\\\/schema\\\/person\\\/781135418152912d4b58f2db13a2eaf0\"},\"headline\":\"Dia Mundial de Luta contra a AIDS: Conscientiza\u00e7\u00e3o e Preven\u00e7\u00e3o\",\"datePublished\":\"2024-11-30T13:00:00+00:00\",\"dateModified\":\"2024-12-11T20:37:53+00:00\",\"mainEntityOfPage\":{\"@id\":\"https:\\\/\\\/blog.saocamilo-sp.br\\\/index.php\\\/2024\\\/11\\\/30\\\/dia-mundial-de-luta-contra-a-aids-conscientizacao-e-prevencao\\\/\"},\"wordCount\":592,\"commentCount\":0,\"publisher\":{\"@id\":\"https:\\\/\\\/blog.saocamilo-sp.br\\\/#organization\"},\"image\":{\"@id\":\"https:\\\/\\\/blog.saocamilo-sp.br\\\/index.php\\\/2024\\\/11\\\/30\\\/dia-mundial-de-luta-contra-a-aids-conscientizacao-e-prevencao\\\/#primaryimage\"},\"thumbnailUrl\":\"https:\\\/\\\/blog.saocamilo-sp.br\\\/wp-content\\\/uploads\\\/2024\\\/12\\\/Blog-Dezembro-AIDS.jpg\",\"articleSection\":[\"Cursos\"],\"inLanguage\":\"pt-BR\",\"potentialAction\":[{\"@type\":\"CommentAction\",\"name\":\"Comment\",\"target\":[\"https:\\\/\\\/blog.saocamilo-sp.br\\\/index.php\\\/2024\\\/11\\\/30\\\/dia-mundial-de-luta-contra-a-aids-conscientizacao-e-prevencao\\\/#respond\"]}]},{\"@type\":\"WebPage\",\"@id\":\"https:\\\/\\\/blog.saocamilo-sp.br\\\/index.php\\\/2024\\\/11\\\/30\\\/dia-mundial-de-luta-contra-a-aids-conscientizacao-e-prevencao\\\/\",\"url\":\"https:\\\/\\\/blog.saocamilo-sp.br\\\/index.php\\\/2024\\\/11\\\/30\\\/dia-mundial-de-luta-contra-a-aids-conscientizacao-e-prevencao\\\/\",\"name\":\"Dia Mundial de Luta contra a AIDS: Conscientiza\u00e7\u00e3o e Preven\u00e7\u00e3o - Blog S\u00e3o Camilo\",\"isPartOf\":{\"@id\":\"https:\\\/\\\/blog.saocamilo-sp.br\\\/#website\"},\"primaryImageOfPage\":{\"@id\":\"https:\\\/\\\/blog.saocamilo-sp.br\\\/index.php\\\/2024\\\/11\\\/30\\\/dia-mundial-de-luta-contra-a-aids-conscientizacao-e-prevencao\\\/#primaryimage\"},\"image\":{\"@id\":\"https:\\\/\\\/blog.saocamilo-sp.br\\\/index.php\\\/2024\\\/11\\\/30\\\/dia-mundial-de-luta-contra-a-aids-conscientizacao-e-prevencao\\\/#primaryimage\"},\"thumbnailUrl\":\"https:\\\/\\\/blog.saocamilo-sp.br\\\/wp-content\\\/uploads\\\/2024\\\/12\\\/Blog-Dezembro-AIDS.jpg\",\"datePublished\":\"2024-11-30T13:00:00+00:00\",\"dateModified\":\"2024-12-11T20:37:53+00:00\",\"description\":\"O Dia Mundial de Luta contra a AIDS, celebrado em 1\u00ba de dezembro, \u00e9 uma data fundamental para promover a conscientiza\u00e7\u00e3o sobre o HIV\\\/AIDS, combater o estigma e incentivar a solidariedade global.\",\"breadcrumb\":{\"@id\":\"https:\\\/\\\/blog.saocamilo-sp.br\\\/index.php\\\/2024\\\/11\\\/30\\\/dia-mundial-de-luta-contra-a-aids-conscientizacao-e-prevencao\\\/#breadcrumb\"},\"inLanguage\":\"pt-BR\",\"potentialAction\":[{\"@type\":\"ReadAction\",\"target\":[\"https:\\\/\\\/blog.saocamilo-sp.br\\\/index.php\\\/2024\\\/11\\\/30\\\/dia-mundial-de-luta-contra-a-aids-conscientizacao-e-prevencao\\\/\"]}]},{\"@type\":\"ImageObject\",\"inLanguage\":\"pt-BR\",\"@id\":\"https:\\\/\\\/blog.saocamilo-sp.br\\\/index.php\\\/2024\\\/11\\\/30\\\/dia-mundial-de-luta-contra-a-aids-conscientizacao-e-prevencao\\\/#primaryimage\",\"url\":\"https:\\\/\\\/blog.saocamilo-sp.br\\\/wp-content\\\/uploads\\\/2024\\\/12\\\/Blog-Dezembro-AIDS.jpg\",\"contentUrl\":\"https:\\\/\\\/blog.saocamilo-sp.br\\\/wp-content\\\/uploads\\\/2024\\\/12\\\/Blog-Dezembro-AIDS.jpg\",\"width\":525,\"height\":392},{\"@type\":\"BreadcrumbList\",\"@id\":\"https:\\\/\\\/blog.saocamilo-sp.br\\\/index.php\\\/2024\\\/11\\\/30\\\/dia-mundial-de-luta-contra-a-aids-conscientizacao-e-prevencao\\\/#breadcrumb\",\"itemListElement\":[{\"@type\":\"ListItem\",\"position\":1,\"name\":\"In\u00edcio\",\"item\":\"https:\\\/\\\/blog.saocamilo-sp.br\\\/\"},{\"@type\":\"ListItem\",\"position\":2,\"name\":\"Dia Mundial de Luta contra a AIDS: Conscientiza\u00e7\u00e3o e Preven\u00e7\u00e3o\"}]},{\"@type\":\"WebSite\",\"@id\":\"https:\\\/\\\/blog.saocamilo-sp.br\\\/#website\",\"url\":\"https:\\\/\\\/blog.saocamilo-sp.br\\\/\",\"name\":\"Blog S\u00e3o Camilo\",\"description\":\"Blog do Centro Universit\u00e1rio S\u00e3o Camilo\",\"publisher\":{\"@id\":\"https:\\\/\\\/blog.saocamilo-sp.br\\\/#organization\"},\"potentialAction\":[{\"@type\":\"SearchAction\",\"target\":{\"@type\":\"EntryPoint\",\"urlTemplate\":\"https:\\\/\\\/blog.saocamilo-sp.br\\\/?s={search_term_string}\"},\"query-input\":{\"@type\":\"PropertyValueSpecification\",\"valueRequired\":true,\"valueName\":\"search_term_string\"}}],\"inLanguage\":\"pt-BR\"},{\"@type\":\"Organization\",\"@id\":\"https:\\\/\\\/blog.saocamilo-sp.br\\\/#organization\",\"name\":\"Blog S\u00e3o Camilo\",\"url\":\"https:\\\/\\\/blog.saocamilo-sp.br\\\/\",\"logo\":{\"@type\":\"ImageObject\",\"inLanguage\":\"pt-BR\",\"@id\":\"https:\\\/\\\/blog.saocamilo-sp.br\\\/#\\\/schema\\\/logo\\\/image\\\/\",\"url\":\"https:\\\/\\\/blog.saocamilo-sp.br\\\/wp-content\\\/uploads\\\/2021\\\/12\\\/cropped-vazio-logo-topo.png\",\"contentUrl\":\"https:\\\/\\\/blog.saocamilo-sp.br\\\/wp-content\\\/uploads\\\/2021\\\/12\\\/cropped-vazio-logo-topo.png\",\"width\":320,\"height\":240,\"caption\":\"Blog S\u00e3o Camilo\"},\"image\":{\"@id\":\"https:\\\/\\\/blog.saocamilo-sp.br\\\/#\\\/schema\\\/logo\\\/image\\\/\"},\"sameAs\":[\"https:\\\/\\\/www.facebook.com\\\/saocamilosp\",\"https:\\\/\\\/x.com\\\/saocamilosp\",\"https:\\\/\\\/www.linkedin.com\\\/school\\\/centro-universit-rio-s-o-camilo\\\/\"]},{\"@type\":\"Person\",\"@id\":\"https:\\\/\\\/blog.saocamilo-sp.br\\\/#\\\/schema\\\/person\\\/781135418152912d4b58f2db13a2eaf0\",\"name\":\"Lucas Soares Gon\u00e7alves\",\"image\":{\"@type\":\"ImageObject\",\"inLanguage\":\"pt-BR\",\"@id\":\"https:\\\/\\\/secure.gravatar.com\\\/avatar\\\/bcd2d703cbb48116eaac2cac8643792535238ff30b2d7ce9e16f9254ec9cae83?s=96&d=mm&r=g\",\"url\":\"https:\\\/\\\/secure.gravatar.com\\\/avatar\\\/bcd2d703cbb48116eaac2cac8643792535238ff30b2d7ce9e16f9254ec9cae83?s=96&d=mm&r=g\",\"contentUrl\":\"https:\\\/\\\/secure.gravatar.com\\\/avatar\\\/bcd2d703cbb48116eaac2cac8643792535238ff30b2d7ce9e16f9254ec9cae83?s=96&d=mm&r=g\",\"caption\":\"Lucas Soares Gon\u00e7alves\"},\"url\":\"https:\\\/\\\/blog.saocamilo-sp.br\\\/index.php\\\/author\\\/lucas-soares-goncalves\\\/\"}]}<\/script>\n<!-- \/ Yoast SEO plugin. -->","yoast_head_json":{"title":"Dia Mundial de Luta contra a AIDS: Conscientiza\u00e7\u00e3o e Preven\u00e7\u00e3o - Blog S\u00e3o Camilo","description":"O Dia Mundial de Luta contra a AIDS, celebrado em 1\u00ba de dezembro, \u00e9 uma data fundamental para promover a conscientiza\u00e7\u00e3o sobre o HIV\/AIDS, combater o estigma e incentivar a solidariedade global.","robots":{"index":"index","follow":"follow","max-snippet":"max-snippet:-1","max-image-preview":"max-image-preview:large","max-video-preview":"max-video-preview:-1"},"canonical":"https:\/\/blog.saocamilo-sp.br\/index.php\/2024\/11\/30\/dia-mundial-de-luta-contra-a-aids-conscientizacao-e-prevencao\/","og_locale":"pt_BR","og_type":"article","og_title":"Dia Mundial de Luta contra a AIDS: Conscientiza\u00e7\u00e3o e Preven\u00e7\u00e3o - Blog S\u00e3o Camilo","og_description":"O Dia Mundial de Luta contra a AIDS, celebrado em 1\u00ba de dezembro, \u00e9 uma data fundamental para promover a conscientiza\u00e7\u00e3o sobre o HIV\/AIDS, combater o estigma e incentivar a solidariedade global.","og_url":"https:\/\/blog.saocamilo-sp.br\/index.php\/2024\/11\/30\/dia-mundial-de-luta-contra-a-aids-conscientizacao-e-prevencao\/","og_site_name":"Blog S\u00e3o Camilo","article_publisher":"https:\/\/www.facebook.com\/saocamilosp","article_published_time":"2024-11-30T13:00:00+00:00","article_modified_time":"2024-12-11T20:37:53+00:00","og_image":[{"width":525,"height":392,"url":"https:\/\/blog.saocamilo-sp.br\/wp-content\/uploads\/2024\/12\/Blog-Dezembro-AIDS.jpg","type":"image\/jpeg"}],"author":"Lucas Soares Gon\u00e7alves","twitter_card":"summary_large_image","twitter_creator":"@saocamilosp","twitter_site":"@saocamilosp","twitter_misc":{"Escrito por":"Lucas Soares Gon\u00e7alves","Est. tempo de leitura":"3 minutos"},"schema":{"@context":"https:\/\/schema.org","@graph":[{"@type":"Article","@id":"https:\/\/blog.saocamilo-sp.br\/index.php\/2024\/11\/30\/dia-mundial-de-luta-contra-a-aids-conscientizacao-e-prevencao\/#article","isPartOf":{"@id":"https:\/\/blog.saocamilo-sp.br\/index.php\/2024\/11\/30\/dia-mundial-de-luta-contra-a-aids-conscientizacao-e-prevencao\/"},"author":{"name":"Lucas Soares Gon\u00e7alves","@id":"https:\/\/blog.saocamilo-sp.br\/#\/schema\/person\/781135418152912d4b58f2db13a2eaf0"},"headline":"Dia Mundial de Luta contra a AIDS: Conscientiza\u00e7\u00e3o e Preven\u00e7\u00e3o","datePublished":"2024-11-30T13:00:00+00:00","dateModified":"2024-12-11T20:37:53+00:00","mainEntityOfPage":{"@id":"https:\/\/blog.saocamilo-sp.br\/index.php\/2024\/11\/30\/dia-mundial-de-luta-contra-a-aids-conscientizacao-e-prevencao\/"},"wordCount":592,"commentCount":0,"publisher":{"@id":"https:\/\/blog.saocamilo-sp.br\/#organization"},"image":{"@id":"https:\/\/blog.saocamilo-sp.br\/index.php\/2024\/11\/30\/dia-mundial-de-luta-contra-a-aids-conscientizacao-e-prevencao\/#primaryimage"},"thumbnailUrl":"https:\/\/blog.saocamilo-sp.br\/wp-content\/uploads\/2024\/12\/Blog-Dezembro-AIDS.jpg","articleSection":["Cursos"],"inLanguage":"pt-BR","potentialAction":[{"@type":"CommentAction","name":"Comment","target":["https:\/\/blog.saocamilo-sp.br\/index.php\/2024\/11\/30\/dia-mundial-de-luta-contra-a-aids-conscientizacao-e-prevencao\/#respond"]}]},{"@type":"WebPage","@id":"https:\/\/blog.saocamilo-sp.br\/index.php\/2024\/11\/30\/dia-mundial-de-luta-contra-a-aids-conscientizacao-e-prevencao\/","url":"https:\/\/blog.saocamilo-sp.br\/index.php\/2024\/11\/30\/dia-mundial-de-luta-contra-a-aids-conscientizacao-e-prevencao\/","name":"Dia Mundial de Luta contra a AIDS: Conscientiza\u00e7\u00e3o e Preven\u00e7\u00e3o - Blog S\u00e3o Camilo","isPartOf":{"@id":"https:\/\/blog.saocamilo-sp.br\/#website"},"primaryImageOfPage":{"@id":"https:\/\/blog.saocamilo-sp.br\/index.php\/2024\/11\/30\/dia-mundial-de-luta-contra-a-aids-conscientizacao-e-prevencao\/#primaryimage"},"image":{"@id":"https:\/\/blog.saocamilo-sp.br\/index.php\/2024\/11\/30\/dia-mundial-de-luta-contra-a-aids-conscientizacao-e-prevencao\/#primaryimage"},"thumbnailUrl":"https:\/\/blog.saocamilo-sp.br\/wp-content\/uploads\/2024\/12\/Blog-Dezembro-AIDS.jpg","datePublished":"2024-11-30T13:00:00+00:00","dateModified":"2024-12-11T20:37:53+00:00","description":"O Dia Mundial de Luta contra a AIDS, celebrado em 1\u00ba de dezembro, \u00e9 uma data fundamental para promover a conscientiza\u00e7\u00e3o sobre o HIV\/AIDS, combater o estigma e incentivar a solidariedade global.","breadcrumb":{"@id":"https:\/\/blog.saocamilo-sp.br\/index.php\/2024\/11\/30\/dia-mundial-de-luta-contra-a-aids-conscientizacao-e-prevencao\/#breadcrumb"},"inLanguage":"pt-BR","potentialAction":[{"@type":"ReadAction","target":["https:\/\/blog.saocamilo-sp.br\/index.php\/2024\/11\/30\/dia-mundial-de-luta-contra-a-aids-conscientizacao-e-prevencao\/"]}]},{"@type":"ImageObject","inLanguage":"pt-BR","@id":"https:\/\/blog.saocamilo-sp.br\/index.php\/2024\/11\/30\/dia-mundial-de-luta-contra-a-aids-conscientizacao-e-prevencao\/#primaryimage","url":"https:\/\/blog.saocamilo-sp.br\/wp-content\/uploads\/2024\/12\/Blog-Dezembro-AIDS.jpg","contentUrl":"https:\/\/blog.saocamilo-sp.br\/wp-content\/uploads\/2024\/12\/Blog-Dezembro-AIDS.jpg","width":525,"height":392},{"@type":"BreadcrumbList","@id":"https:\/\/blog.saocamilo-sp.br\/index.php\/2024\/11\/30\/dia-mundial-de-luta-contra-a-aids-conscientizacao-e-prevencao\/#breadcrumb","itemListElement":[{"@type":"ListItem","position":1,"name":"In\u00edcio","item":"https:\/\/blog.saocamilo-sp.br\/"},{"@type":"ListItem","position":2,"name":"Dia Mundial de Luta contra a AIDS: Conscientiza\u00e7\u00e3o e Preven\u00e7\u00e3o"}]},{"@type":"WebSite","@id":"https:\/\/blog.saocamilo-sp.br\/#website","url":"https:\/\/blog.saocamilo-sp.br\/","name":"Blog S\u00e3o Camilo","description":"Blog do Centro Universit\u00e1rio S\u00e3o Camilo","publisher":{"@id":"https:\/\/blog.saocamilo-sp.br\/#organization"},"potentialAction":[{"@type":"SearchAction","target":{"@type":"EntryPoint","urlTemplate":"https:\/\/blog.saocamilo-sp.br\/?s={search_term_string}"},"query-input":{"@type":"PropertyValueSpecification","valueRequired":true,"valueName":"search_term_string"}}],"inLanguage":"pt-BR"},{"@type":"Organization","@id":"https:\/\/blog.saocamilo-sp.br\/#organization","name":"Blog S\u00e3o Camilo","url":"https:\/\/blog.saocamilo-sp.br\/","logo":{"@type":"ImageObject","inLanguage":"pt-BR","@id":"https:\/\/blog.saocamilo-sp.br\/#\/schema\/logo\/image\/","url":"https:\/\/blog.saocamilo-sp.br\/wp-content\/uploads\/2021\/12\/cropped-vazio-logo-topo.png","contentUrl":"https:\/\/blog.saocamilo-sp.br\/wp-content\/uploads\/2021\/12\/cropped-vazio-logo-topo.png","width":320,"height":240,"caption":"Blog S\u00e3o Camilo"},"image":{"@id":"https:\/\/blog.saocamilo-sp.br\/#\/schema\/logo\/image\/"},"sameAs":["https:\/\/www.facebook.com\/saocamilosp","https:\/\/x.com\/saocamilosp","https:\/\/www.linkedin.com\/school\/centro-universit-rio-s-o-camilo\/"]},{"@type":"Person","@id":"https:\/\/blog.saocamilo-sp.br\/#\/schema\/person\/781135418152912d4b58f2db13a2eaf0","name":"Lucas Soares Gon\u00e7alves","image":{"@type":"ImageObject","inLanguage":"pt-BR","@id":"https:\/\/secure.gravatar.com\/avatar\/bcd2d703cbb48116eaac2cac8643792535238ff30b2d7ce9e16f9254ec9cae83?s=96&d=mm&r=g","url":"https:\/\/secure.gravatar.com\/avatar\/bcd2d703cbb48116eaac2cac8643792535238ff30b2d7ce9e16f9254ec9cae83?s=96&d=mm&r=g","contentUrl":"https:\/\/secure.gravatar.com\/avatar\/bcd2d703cbb48116eaac2cac8643792535238ff30b2d7ce9e16f9254ec9cae83?s=96&d=mm&r=g","caption":"Lucas Soares Gon\u00e7alves"},"url":"https:\/\/blog.saocamilo-sp.br\/index.php\/author\/lucas-soares-goncalves\/"}]}},"_links":{"self":[{"href":"https:\/\/blog.saocamilo-sp.br\/index.php\/wp-json\/wp\/v2\/posts\/3280","targetHints":{"allow":["GET"]}}],"collection":[{"href":"https:\/\/blog.saocamilo-sp.br\/index.php\/wp-json\/wp\/v2\/posts"}],"about":[{"href":"https:\/\/blog.saocamilo-sp.br\/index.php\/wp-json\/wp\/v2\/types\/post"}],"author":[{"embeddable":true,"href":"https:\/\/blog.saocamilo-sp.br\/index.php\/wp-json\/wp\/v2\/users\/4"}],"replies":[{"embeddable":true,"href":"https:\/\/blog.saocamilo-sp.br\/index.php\/wp-json\/wp\/v2\/comments?post=3280"}],"version-history":[{"count":4,"href":"https:\/\/blog.saocamilo-sp.br\/index.php\/wp-json\/wp\/v2\/posts\/3280\/revisions"}],"predecessor-version":[{"id":3334,"href":"https:\/\/blog.saocamilo-sp.br\/index.php\/wp-json\/wp\/v2\/posts\/3280\/revisions\/3334"}],"wp:featuredmedia":[{"embeddable":true,"href":"https:\/\/blog.saocamilo-sp.br\/index.php\/wp-json\/wp\/v2\/media\/3302"}],"wp:attachment":[{"href":"https:\/\/blog.saocamilo-sp.br\/index.php\/wp-json\/wp\/v2\/media?parent=3280"}],"wp:term":[{"taxonomy":"category","embeddable":true,"href":"https:\/\/blog.saocamilo-sp.br\/index.php\/wp-json\/wp\/v2\/categories?post=3280"},{"taxonomy":"post_tag","embeddable":true,"href":"https:\/\/blog.saocamilo-sp.br\/index.php\/wp-json\/wp\/v2\/tags?post=3280"}],"curies":[{"name":"wp","href":"https:\/\/api.w.org\/{rel}","templated":true}]}}