{"id":3296,"date":"2024-12-02T11:28:32","date_gmt":"2024-12-02T14:28:32","guid":{"rendered":"https:\/\/blog.saocamilo-sp.br\/?p=3296"},"modified":"2024-12-11T17:36:11","modified_gmt":"2024-12-11T20:36:11","slug":"639-pesquisadores-brasileiros-mais-influentes-do-mundo","status":"publish","type":"post","link":"https:\/\/blog.saocamilo-sp.br\/index.php\/2024\/12\/02\/639-pesquisadores-brasileiros-mais-influentes-do-mundo\/","title":{"rendered":"Pesquisadores influentes: editor da Revista &#8220;O Mundo da Sa\u00fade&#8221; da S\u00e3o Camilo \u00e9 destaque em livro"},"content":{"rendered":"\n<p>O Brasil continua a ser um protagonista no cen\u00e1rio cient\u00edfico mundial. Recentemente, o Dr. Edison Barbieri, pesquisador do N\u00facleo Regional de Pesquisa do Litoral Sul do Instituto de Pesca &#8211; APTA e editor da <em>Revista O Mundo da Sa\u00fade<\/em> do <a href=\"https:\/\/saocamilo-sp.br\/\">Centro Universit\u00e1rio S\u00e3o Camilo<\/a>, recebeu uma grande homenagem. Ele foi reconhecido como um dos cientistas mais influentes do mundo no livro <em>A Ci\u00eancia Brasileira segundo o ranking PLOS 2021: Um estudo de caso<\/em>.<\/p>\n\n\n\n<h3 class=\"wp-block-heading\">Lan\u00e7amento do Livro e Reconhecimento dos Pesquisadores<\/h3>\n\n\n\n<p>O livro foi lan\u00e7ado em 26 de novembro de 2024, no audit\u00f3rio do INPI (Instituto Nacional da Propriedade Industrial) no Rio de Janeiro. O evento tamb\u00e9m foi transmitido ao vivo pelo YouTube. O livro analisa os 639 cientistas brasileiros que est\u00e3o entre os 100 mil mais influentes do mundo, de acordo com o ranking da PLOS Biology de 2021. Dr. Barbieri, com sua brilhante carreira em oceanografia, biodiversidade e ecotoxicologia, \u00e9 um dos destaques.<\/p>\n\n\n\n<p>\ud83d\udcf9 <strong>Assista no YouTube o v\u00eddeo de lan\u00e7amento:<\/strong> <a href=\"https:\/\/www.youtube.com\/live\/aL4mV0Aeg6s\">https:\/\/www.youtube.com\/live\/aL4mV0Aeg6s<\/a><\/p>\n\n\n\n<h3 class=\"wp-block-heading\">Contribui\u00e7\u00f5es e Impacto Cient\u00edfico<\/h3>\n\n\n\n<p>No pref\u00e1cio, Rita Pinheiro-Machado e Adelaide Antunes, as organizadoras, celebram o impacto global da ci\u00eancia brasileira. Elas destacam a relev\u00e2ncia das pesquisas de Dr. Barbieri em sustentabilidade e ecologia global. Suas publica\u00e7\u00f5es t\u00eam grande impacto e s\u00e3o amplamente citadas em peri\u00f3dicos de prest\u00edgio. Como mencionam no livro, suas contribui\u00e7\u00f5es s\u00e3o essenciais para a preserva\u00e7\u00e3o ambiental e para a gest\u00e3o de ecossistemas marinhos.<\/p>\n\n\n\n<h3 class=\"wp-block-heading\">Reflex\u00f5es do Dr. Edison Barbieri<\/h3>\n\n\n\n<blockquote class=\"wp-block-quote is-layout-flow wp-block-quote-is-layout-flow\">\n<p>&#8220;Este pr\u00eamio \u00e9 o reflexo n\u00e3o apenas do meu trabalho, mas tamb\u00e9m do esfor\u00e7o coletivo da minha equipe e das institui\u00e7\u00f5es com as quais colaboramos. Nosso objetivo sempre foi produzir conhecimento de qualidade, que avance a ci\u00eancia e impacte positivamente as pol\u00edticas p\u00fablicas e a sociedade.&#8221;<\/p>\n\n\n\n<p>Prof. Dr. Edison Barbieri<\/p>\n<\/blockquote>\n\n\n\n<h3 class=\"wp-block-heading\">A Resili\u00eancia da Ci\u00eancia Brasileira<\/h3>\n\n\n\n<p>Embora a ci\u00eancia brasileira enfrente desafios como a falta de recursos e um cen\u00e1rio pol\u00edtico inst\u00e1vel, ela continua a gerar resultados de excel\u00eancia. Segundo as organizadoras, o livro n\u00e3o s\u00f3 reconhece indiv\u00edduos, mas tamb\u00e9m celebra a coletividade da ci\u00eancia brasileira. Ele mostra que, mesmo em tempos dif\u00edceis, o Brasil consegue produzir ci\u00eancia de classe mundial.<\/p>\n\n\n\n<h3 class=\"wp-block-heading\">Uma Celebra\u00e7\u00e3o \u00e0 Excel\u00eancia Cient\u00edfica<\/h3>\n\n\n\n<p>O lan\u00e7amento de <em>A Ci\u00eancia Brasileira segundo o ranking PLOS 2021<\/em> \u00e9 um marco importante. Ele reconhece cientistas como o Dr. Barbieri, que, com dedica\u00e7\u00e3o e excel\u00eancia, elevam a ci\u00eancia brasileira a novos patamares de reconhecimento internacional.<\/p>\n\n\n\n<p>Leia mais:<\/p>\n\n\n\n<ul class=\"wp-block-list\">\n<li><a href=\"https:\/\/blog.saocamilo-sp.br\/index.php\/2024\/05\/24\/centro-universitario-sao-camilo-conquista-o-selo-ies-amiga-da-iniciacao-cientifica-do-semesp\/\" target=\"_blank\" rel=\"noreferrer noopener\">Centro Universit\u00e1rio S\u00e3o Camilo conquista o selo &#8220;IES Amiga da Inicia\u00e7\u00e3o Cient\u00edfica&#8221; do SEMESP<\/a><\/li>\n\n\n\n<li><a href=\"https:\/\/blog.saocamilo-sp.br\/index.php\/2024\/04\/12\/sao-camilo\/\" target=\"_blank\" rel=\"noreferrer noopener\">Camilianos iniciam jornada de estudos e pr\u00e1ticas na Espanha<\/a><\/li>\n\n\n\n<li><a href=\"https:\/\/blog.saocamilo-sp.br\/index.php\/2024\/07\/08\/membro-da-coordenacao-de-pesquisa-que-ja-foi-ao-mit-fala-sobre-o-dia-internacional-do-pesquisador-cientifico\/\">Dia Nacional da Ci\u00eancia e do Pesquisador Cient\u00edfico \u2013 Membro da Coordena\u00e7\u00e3o de Pesquisa fala sobre a data&nbsp;<\/a><\/li>\n<\/ul>\n","protected":false},"excerpt":{"rendered":"<p>Dr. Edison Barbieri \u00e9 destaque no livro &#8220;A Ci\u00eancia Brasileira segundo o ranking PLOS 2021&#8221;<\/p>\n","protected":false},"author":4,"featured_media":3330,"comment_status":"open","ping_status":"open","sticky":false,"template":"","format":"standard","meta":{"cybocfi_hide_featured_image":"yes","footnotes":""},"categories":[1],"tags":[],"class_list":["post-3296","post","type-post","status-publish","format-standard","has-post-thumbnail","hentry","category-cursos"],"yoast_head":"<!-- This site is optimized with the Yoast SEO plugin v27.5 - https:\/\/yoast.com\/product\/yoast-seo-wordpress\/ -->\n<title>Pesquisadores influentes: editor da Revista &quot;O Mundo da Sa\u00fade&quot; da S\u00e3o Camilo \u00e9 destaque em livro - Blog S\u00e3o Camilo<\/title>\n<meta name=\"description\" content=\"Dr. Edison Barbieri, Editor da Revista &quot;O Mundo da Sa\u00fade&quot; do Centro Universit\u00e1rio S\u00e3o Camilo, \u00e9 Destaque em Livro que Homenageia os Pesquisadores Brasileiros Mais Influentes do Mundo\u00a0\" \/>\n<meta name=\"robots\" content=\"index, follow, max-snippet:-1, max-image-preview:large, max-video-preview:-1\" \/>\n<link rel=\"canonical\" href=\"https:\/\/blog.saocamilo-sp.br\/index.php\/2024\/12\/02\/639-pesquisadores-brasileiros-mais-influentes-do-mundo\/\" \/>\n<meta property=\"og:locale\" content=\"pt_BR\" \/>\n<meta property=\"og:type\" content=\"article\" \/>\n<meta property=\"og:title\" content=\"Pesquisadores influentes: editor da Revista &quot;O Mundo da Sa\u00fade&quot; da S\u00e3o Camilo \u00e9 destaque em livro - Blog S\u00e3o Camilo\" \/>\n<meta property=\"og:description\" content=\"Dr. Edison Barbieri, Editor da Revista &quot;O Mundo da Sa\u00fade&quot; do Centro Universit\u00e1rio S\u00e3o Camilo, \u00e9 Destaque em Livro que Homenageia os Pesquisadores Brasileiros Mais Influentes do Mundo\u00a0\" \/>\n<meta property=\"og:url\" content=\"https:\/\/blog.saocamilo-sp.br\/index.php\/2024\/12\/02\/639-pesquisadores-brasileiros-mais-influentes-do-mundo\/\" \/>\n<meta property=\"og:site_name\" content=\"Blog S\u00e3o Camilo\" \/>\n<meta property=\"article:publisher\" content=\"https:\/\/www.facebook.com\/saocamilosp\" \/>\n<meta property=\"article:published_time\" content=\"2024-12-02T14:28:32+00:00\" \/>\n<meta property=\"article:modified_time\" content=\"2024-12-11T20:36:11+00:00\" \/>\n<meta property=\"og:image\" content=\"https:\/\/blog.saocamilo-sp.br\/wp-content\/uploads\/2024\/12\/Edison-Barbieri.png\" \/>\n\t<meta property=\"og:image:width\" content=\"945\" \/>\n\t<meta property=\"og:image:height\" content=\"709\" \/>\n\t<meta property=\"og:image:type\" content=\"image\/png\" \/>\n<meta name=\"author\" content=\"Lucas Soares Gon\u00e7alves\" \/>\n<meta name=\"twitter:card\" content=\"summary_large_image\" \/>\n<meta name=\"twitter:creator\" content=\"@saocamilosp\" \/>\n<meta name=\"twitter:site\" content=\"@saocamilosp\" \/>\n<meta name=\"twitter:label1\" content=\"Escrito por\" \/>\n\t<meta name=\"twitter:data1\" content=\"Lucas Soares Gon\u00e7alves\" \/>\n\t<meta name=\"twitter:label2\" content=\"Est. tempo de leitura\" \/>\n\t<meta name=\"twitter:data2\" content=\"3 minutos\" \/>\n<script type=\"application\/ld+json\" class=\"yoast-schema-graph\">{\"@context\":\"https:\\\/\\\/schema.org\",\"@graph\":[{\"@type\":\"Article\",\"@id\":\"https:\\\/\\\/blog.saocamilo-sp.br\\\/index.php\\\/2024\\\/12\\\/02\\\/639-pesquisadores-brasileiros-mais-influentes-do-mundo\\\/#article\",\"isPartOf\":{\"@id\":\"https:\\\/\\\/blog.saocamilo-sp.br\\\/index.php\\\/2024\\\/12\\\/02\\\/639-pesquisadores-brasileiros-mais-influentes-do-mundo\\\/\"},\"author\":{\"name\":\"Lucas Soares Gon\u00e7alves\",\"@id\":\"https:\\\/\\\/blog.saocamilo-sp.br\\\/#\\\/schema\\\/person\\\/781135418152912d4b58f2db13a2eaf0\"},\"headline\":\"Pesquisadores influentes: editor da Revista &#8220;O Mundo da Sa\u00fade&#8221; da S\u00e3o Camilo \u00e9 destaque em livro\",\"datePublished\":\"2024-12-02T14:28:32+00:00\",\"dateModified\":\"2024-12-11T20:36:11+00:00\",\"mainEntityOfPage\":{\"@id\":\"https:\\\/\\\/blog.saocamilo-sp.br\\\/index.php\\\/2024\\\/12\\\/02\\\/639-pesquisadores-brasileiros-mais-influentes-do-mundo\\\/\"},\"wordCount\":508,\"commentCount\":0,\"publisher\":{\"@id\":\"https:\\\/\\\/blog.saocamilo-sp.br\\\/#organization\"},\"image\":{\"@id\":\"https:\\\/\\\/blog.saocamilo-sp.br\\\/index.php\\\/2024\\\/12\\\/02\\\/639-pesquisadores-brasileiros-mais-influentes-do-mundo\\\/#primaryimage\"},\"thumbnailUrl\":\"https:\\\/\\\/blog.saocamilo-sp.br\\\/wp-content\\\/uploads\\\/2024\\\/12\\\/Edison-Barbieri.png\",\"articleSection\":[\"Cursos\"],\"inLanguage\":\"pt-BR\",\"potentialAction\":[{\"@type\":\"CommentAction\",\"name\":\"Comment\",\"target\":[\"https:\\\/\\\/blog.saocamilo-sp.br\\\/index.php\\\/2024\\\/12\\\/02\\\/639-pesquisadores-brasileiros-mais-influentes-do-mundo\\\/#respond\"]}]},{\"@type\":\"WebPage\",\"@id\":\"https:\\\/\\\/blog.saocamilo-sp.br\\\/index.php\\\/2024\\\/12\\\/02\\\/639-pesquisadores-brasileiros-mais-influentes-do-mundo\\\/\",\"url\":\"https:\\\/\\\/blog.saocamilo-sp.br\\\/index.php\\\/2024\\\/12\\\/02\\\/639-pesquisadores-brasileiros-mais-influentes-do-mundo\\\/\",\"name\":\"Pesquisadores influentes: editor da Revista \\\"O Mundo da Sa\u00fade\\\" da S\u00e3o Camilo \u00e9 destaque em livro - Blog S\u00e3o Camilo\",\"isPartOf\":{\"@id\":\"https:\\\/\\\/blog.saocamilo-sp.br\\\/#website\"},\"primaryImageOfPage\":{\"@id\":\"https:\\\/\\\/blog.saocamilo-sp.br\\\/index.php\\\/2024\\\/12\\\/02\\\/639-pesquisadores-brasileiros-mais-influentes-do-mundo\\\/#primaryimage\"},\"image\":{\"@id\":\"https:\\\/\\\/blog.saocamilo-sp.br\\\/index.php\\\/2024\\\/12\\\/02\\\/639-pesquisadores-brasileiros-mais-influentes-do-mundo\\\/#primaryimage\"},\"thumbnailUrl\":\"https:\\\/\\\/blog.saocamilo-sp.br\\\/wp-content\\\/uploads\\\/2024\\\/12\\\/Edison-Barbieri.png\",\"datePublished\":\"2024-12-02T14:28:32+00:00\",\"dateModified\":\"2024-12-11T20:36:11+00:00\",\"description\":\"Dr. Edison Barbieri, Editor da Revista \\\"O Mundo da Sa\u00fade\\\" do Centro Universit\u00e1rio S\u00e3o Camilo, \u00e9 Destaque em Livro que Homenageia os Pesquisadores Brasileiros Mais Influentes do Mundo\u00a0\",\"breadcrumb\":{\"@id\":\"https:\\\/\\\/blog.saocamilo-sp.br\\\/index.php\\\/2024\\\/12\\\/02\\\/639-pesquisadores-brasileiros-mais-influentes-do-mundo\\\/#breadcrumb\"},\"inLanguage\":\"pt-BR\",\"potentialAction\":[{\"@type\":\"ReadAction\",\"target\":[\"https:\\\/\\\/blog.saocamilo-sp.br\\\/index.php\\\/2024\\\/12\\\/02\\\/639-pesquisadores-brasileiros-mais-influentes-do-mundo\\\/\"]}]},{\"@type\":\"BreadcrumbList\",\"@id\":\"https:\\\/\\\/blog.saocamilo-sp.br\\\/index.php\\\/2024\\\/12\\\/02\\\/639-pesquisadores-brasileiros-mais-influentes-do-mundo\\\/#breadcrumb\",\"itemListElement\":[{\"@type\":\"ListItem\",\"position\":1,\"name\":\"In\u00edcio\",\"item\":\"https:\\\/\\\/blog.saocamilo-sp.br\\\/\"},{\"@type\":\"ListItem\",\"position\":2,\"name\":\"Pesquisadores influentes: editor da Revista &#8220;O Mundo da Sa\u00fade&#8221; da S\u00e3o Camilo \u00e9 destaque em livro\"}]},{\"@type\":\"WebSite\",\"@id\":\"https:\\\/\\\/blog.saocamilo-sp.br\\\/#website\",\"url\":\"https:\\\/\\\/blog.saocamilo-sp.br\\\/\",\"name\":\"Blog S\u00e3o Camilo\",\"description\":\"Blog do Centro Universit\u00e1rio S\u00e3o Camilo\",\"publisher\":{\"@id\":\"https:\\\/\\\/blog.saocamilo-sp.br\\\/#organization\"},\"potentialAction\":[{\"@type\":\"SearchAction\",\"target\":{\"@type\":\"EntryPoint\",\"urlTemplate\":\"https:\\\/\\\/blog.saocamilo-sp.br\\\/?s={search_term_string}\"},\"query-input\":{\"@type\":\"PropertyValueSpecification\",\"valueRequired\":true,\"valueName\":\"search_term_string\"}}],\"inLanguage\":\"pt-BR\"},{\"@type\":\"Organization\",\"@id\":\"https:\\\/\\\/blog.saocamilo-sp.br\\\/#organization\",\"name\":\"Blog S\u00e3o Camilo\",\"url\":\"https:\\\/\\\/blog.saocamilo-sp.br\\\/\",\"logo\":{\"@type\":\"ImageObject\",\"inLanguage\":\"pt-BR\",\"@id\":\"https:\\\/\\\/blog.saocamilo-sp.br\\\/#\\\/schema\\\/logo\\\/image\\\/\",\"url\":\"https:\\\/\\\/blog.saocamilo-sp.br\\\/wp-content\\\/uploads\\\/2021\\\/12\\\/cropped-vazio-logo-topo.png\",\"contentUrl\":\"https:\\\/\\\/blog.saocamilo-sp.br\\\/wp-content\\\/uploads\\\/2021\\\/12\\\/cropped-vazio-logo-topo.png\",\"width\":320,\"height\":240,\"caption\":\"Blog S\u00e3o Camilo\"},\"image\":{\"@id\":\"https:\\\/\\\/blog.saocamilo-sp.br\\\/#\\\/schema\\\/logo\\\/image\\\/\"},\"sameAs\":[\"https:\\\/\\\/www.facebook.com\\\/saocamilosp\",\"https:\\\/\\\/x.com\\\/saocamilosp\",\"https:\\\/\\\/www.linkedin.com\\\/school\\\/centro-universit-rio-s-o-camilo\\\/\"]},{\"@type\":\"Person\",\"@id\":\"https:\\\/\\\/blog.saocamilo-sp.br\\\/#\\\/schema\\\/person\\\/781135418152912d4b58f2db13a2eaf0\",\"name\":\"Lucas Soares Gon\u00e7alves\",\"image\":{\"@type\":\"ImageObject\",\"inLanguage\":\"pt-BR\",\"@id\":\"https:\\\/\\\/secure.gravatar.com\\\/avatar\\\/bcd2d703cbb48116eaac2cac8643792535238ff30b2d7ce9e16f9254ec9cae83?s=96&d=mm&r=g\",\"url\":\"https:\\\/\\\/secure.gravatar.com\\\/avatar\\\/bcd2d703cbb48116eaac2cac8643792535238ff30b2d7ce9e16f9254ec9cae83?s=96&d=mm&r=g\",\"contentUrl\":\"https:\\\/\\\/secure.gravatar.com\\\/avatar\\\/bcd2d703cbb48116eaac2cac8643792535238ff30b2d7ce9e16f9254ec9cae83?s=96&d=mm&r=g\",\"caption\":\"Lucas Soares Gon\u00e7alves\"},\"url\":\"https:\\\/\\\/blog.saocamilo-sp.br\\\/index.php\\\/author\\\/lucas-soares-goncalves\\\/\"}]}<\/script>\n<!-- \/ Yoast SEO plugin. -->","yoast_head_json":{"title":"Pesquisadores influentes: editor da Revista \"O Mundo da Sa\u00fade\" da S\u00e3o Camilo \u00e9 destaque em livro - Blog S\u00e3o Camilo","description":"Dr. Edison Barbieri, Editor da Revista \"O Mundo da Sa\u00fade\" do Centro Universit\u00e1rio S\u00e3o Camilo, \u00e9 Destaque em Livro que Homenageia os Pesquisadores Brasileiros Mais Influentes do Mundo\u00a0","robots":{"index":"index","follow":"follow","max-snippet":"max-snippet:-1","max-image-preview":"max-image-preview:large","max-video-preview":"max-video-preview:-1"},"canonical":"https:\/\/blog.saocamilo-sp.br\/index.php\/2024\/12\/02\/639-pesquisadores-brasileiros-mais-influentes-do-mundo\/","og_locale":"pt_BR","og_type":"article","og_title":"Pesquisadores influentes: editor da Revista \"O Mundo da Sa\u00fade\" da S\u00e3o Camilo \u00e9 destaque em livro - Blog S\u00e3o Camilo","og_description":"Dr. Edison Barbieri, Editor da Revista \"O Mundo da Sa\u00fade\" do Centro Universit\u00e1rio S\u00e3o Camilo, \u00e9 Destaque em Livro que Homenageia os Pesquisadores Brasileiros Mais Influentes do Mundo\u00a0","og_url":"https:\/\/blog.saocamilo-sp.br\/index.php\/2024\/12\/02\/639-pesquisadores-brasileiros-mais-influentes-do-mundo\/","og_site_name":"Blog S\u00e3o Camilo","article_publisher":"https:\/\/www.facebook.com\/saocamilosp","article_published_time":"2024-12-02T14:28:32+00:00","article_modified_time":"2024-12-11T20:36:11+00:00","og_image":[{"width":945,"height":709,"url":"https:\/\/blog.saocamilo-sp.br\/wp-content\/uploads\/2024\/12\/Edison-Barbieri.png","type":"image\/png"}],"author":"Lucas Soares Gon\u00e7alves","twitter_card":"summary_large_image","twitter_creator":"@saocamilosp","twitter_site":"@saocamilosp","twitter_misc":{"Escrito por":"Lucas Soares Gon\u00e7alves","Est. tempo de leitura":"3 minutos"},"schema":{"@context":"https:\/\/schema.org","@graph":[{"@type":"Article","@id":"https:\/\/blog.saocamilo-sp.br\/index.php\/2024\/12\/02\/639-pesquisadores-brasileiros-mais-influentes-do-mundo\/#article","isPartOf":{"@id":"https:\/\/blog.saocamilo-sp.br\/index.php\/2024\/12\/02\/639-pesquisadores-brasileiros-mais-influentes-do-mundo\/"},"author":{"name":"Lucas Soares Gon\u00e7alves","@id":"https:\/\/blog.saocamilo-sp.br\/#\/schema\/person\/781135418152912d4b58f2db13a2eaf0"},"headline":"Pesquisadores influentes: editor da Revista &#8220;O Mundo da Sa\u00fade&#8221; da S\u00e3o Camilo \u00e9 destaque em livro","datePublished":"2024-12-02T14:28:32+00:00","dateModified":"2024-12-11T20:36:11+00:00","mainEntityOfPage":{"@id":"https:\/\/blog.saocamilo-sp.br\/index.php\/2024\/12\/02\/639-pesquisadores-brasileiros-mais-influentes-do-mundo\/"},"wordCount":508,"commentCount":0,"publisher":{"@id":"https:\/\/blog.saocamilo-sp.br\/#organization"},"image":{"@id":"https:\/\/blog.saocamilo-sp.br\/index.php\/2024\/12\/02\/639-pesquisadores-brasileiros-mais-influentes-do-mundo\/#primaryimage"},"thumbnailUrl":"https:\/\/blog.saocamilo-sp.br\/wp-content\/uploads\/2024\/12\/Edison-Barbieri.png","articleSection":["Cursos"],"inLanguage":"pt-BR","potentialAction":[{"@type":"CommentAction","name":"Comment","target":["https:\/\/blog.saocamilo-sp.br\/index.php\/2024\/12\/02\/639-pesquisadores-brasileiros-mais-influentes-do-mundo\/#respond"]}]},{"@type":"WebPage","@id":"https:\/\/blog.saocamilo-sp.br\/index.php\/2024\/12\/02\/639-pesquisadores-brasileiros-mais-influentes-do-mundo\/","url":"https:\/\/blog.saocamilo-sp.br\/index.php\/2024\/12\/02\/639-pesquisadores-brasileiros-mais-influentes-do-mundo\/","name":"Pesquisadores influentes: editor da Revista \"O Mundo da Sa\u00fade\" da S\u00e3o Camilo \u00e9 destaque em livro - Blog S\u00e3o Camilo","isPartOf":{"@id":"https:\/\/blog.saocamilo-sp.br\/#website"},"primaryImageOfPage":{"@id":"https:\/\/blog.saocamilo-sp.br\/index.php\/2024\/12\/02\/639-pesquisadores-brasileiros-mais-influentes-do-mundo\/#primaryimage"},"image":{"@id":"https:\/\/blog.saocamilo-sp.br\/index.php\/2024\/12\/02\/639-pesquisadores-brasileiros-mais-influentes-do-mundo\/#primaryimage"},"thumbnailUrl":"https:\/\/blog.saocamilo-sp.br\/wp-content\/uploads\/2024\/12\/Edison-Barbieri.png","datePublished":"2024-12-02T14:28:32+00:00","dateModified":"2024-12-11T20:36:11+00:00","description":"Dr. Edison Barbieri, Editor da Revista \"O Mundo da Sa\u00fade\" do Centro Universit\u00e1rio S\u00e3o Camilo, \u00e9 Destaque em Livro que Homenageia os Pesquisadores Brasileiros Mais Influentes do Mundo\u00a0","breadcrumb":{"@id":"https:\/\/blog.saocamilo-sp.br\/index.php\/2024\/12\/02\/639-pesquisadores-brasileiros-mais-influentes-do-mundo\/#breadcrumb"},"inLanguage":"pt-BR","potentialAction":[{"@type":"ReadAction","target":["https:\/\/blog.saocamilo-sp.br\/index.php\/2024\/12\/02\/639-pesquisadores-brasileiros-mais-influentes-do-mundo\/"]}]},{"@type":"BreadcrumbList","@id":"https:\/\/blog.saocamilo-sp.br\/index.php\/2024\/12\/02\/639-pesquisadores-brasileiros-mais-influentes-do-mundo\/#breadcrumb","itemListElement":[{"@type":"ListItem","position":1,"name":"In\u00edcio","item":"https:\/\/blog.saocamilo-sp.br\/"},{"@type":"ListItem","position":2,"name":"Pesquisadores influentes: editor da Revista &#8220;O Mundo da Sa\u00fade&#8221; da S\u00e3o Camilo \u00e9 destaque em livro"}]},{"@type":"WebSite","@id":"https:\/\/blog.saocamilo-sp.br\/#website","url":"https:\/\/blog.saocamilo-sp.br\/","name":"Blog S\u00e3o Camilo","description":"Blog do Centro Universit\u00e1rio S\u00e3o Camilo","publisher":{"@id":"https:\/\/blog.saocamilo-sp.br\/#organization"},"potentialAction":[{"@type":"SearchAction","target":{"@type":"EntryPoint","urlTemplate":"https:\/\/blog.saocamilo-sp.br\/?s={search_term_string}"},"query-input":{"@type":"PropertyValueSpecification","valueRequired":true,"valueName":"search_term_string"}}],"inLanguage":"pt-BR"},{"@type":"Organization","@id":"https:\/\/blog.saocamilo-sp.br\/#organization","name":"Blog S\u00e3o Camilo","url":"https:\/\/blog.saocamilo-sp.br\/","logo":{"@type":"ImageObject","inLanguage":"pt-BR","@id":"https:\/\/blog.saocamilo-sp.br\/#\/schema\/logo\/image\/","url":"https:\/\/blog.saocamilo-sp.br\/wp-content\/uploads\/2021\/12\/cropped-vazio-logo-topo.png","contentUrl":"https:\/\/blog.saocamilo-sp.br\/wp-content\/uploads\/2021\/12\/cropped-vazio-logo-topo.png","width":320,"height":240,"caption":"Blog S\u00e3o Camilo"},"image":{"@id":"https:\/\/blog.saocamilo-sp.br\/#\/schema\/logo\/image\/"},"sameAs":["https:\/\/www.facebook.com\/saocamilosp","https:\/\/x.com\/saocamilosp","https:\/\/www.linkedin.com\/school\/centro-universit-rio-s-o-camilo\/"]},{"@type":"Person","@id":"https:\/\/blog.saocamilo-sp.br\/#\/schema\/person\/781135418152912d4b58f2db13a2eaf0","name":"Lucas Soares Gon\u00e7alves","image":{"@type":"ImageObject","inLanguage":"pt-BR","@id":"https:\/\/secure.gravatar.com\/avatar\/bcd2d703cbb48116eaac2cac8643792535238ff30b2d7ce9e16f9254ec9cae83?s=96&d=mm&r=g","url":"https:\/\/secure.gravatar.com\/avatar\/bcd2d703cbb48116eaac2cac8643792535238ff30b2d7ce9e16f9254ec9cae83?s=96&d=mm&r=g","contentUrl":"https:\/\/secure.gravatar.com\/avatar\/bcd2d703cbb48116eaac2cac8643792535238ff30b2d7ce9e16f9254ec9cae83?s=96&d=mm&r=g","caption":"Lucas Soares Gon\u00e7alves"},"url":"https:\/\/blog.saocamilo-sp.br\/index.php\/author\/lucas-soares-goncalves\/"}]}},"_links":{"self":[{"href":"https:\/\/blog.saocamilo-sp.br\/index.php\/wp-json\/wp\/v2\/posts\/3296","targetHints":{"allow":["GET"]}}],"collection":[{"href":"https:\/\/blog.saocamilo-sp.br\/index.php\/wp-json\/wp\/v2\/posts"}],"about":[{"href":"https:\/\/blog.saocamilo-sp.br\/index.php\/wp-json\/wp\/v2\/types\/post"}],"author":[{"embeddable":true,"href":"https:\/\/blog.saocamilo-sp.br\/index.php\/wp-json\/wp\/v2\/users\/4"}],"replies":[{"embeddable":true,"href":"https:\/\/blog.saocamilo-sp.br\/index.php\/wp-json\/wp\/v2\/comments?post=3296"}],"version-history":[{"count":10,"href":"https:\/\/blog.saocamilo-sp.br\/index.php\/wp-json\/wp\/v2\/posts\/3296\/revisions"}],"predecessor-version":[{"id":3333,"href":"https:\/\/blog.saocamilo-sp.br\/index.php\/wp-json\/wp\/v2\/posts\/3296\/revisions\/3333"}],"wp:featuredmedia":[{"embeddable":true,"href":"https:\/\/blog.saocamilo-sp.br\/index.php\/wp-json\/wp\/v2\/media\/3330"}],"wp:attachment":[{"href":"https:\/\/blog.saocamilo-sp.br\/index.php\/wp-json\/wp\/v2\/media?parent=3296"}],"wp:term":[{"taxonomy":"category","embeddable":true,"href":"https:\/\/blog.saocamilo-sp.br\/index.php\/wp-json\/wp\/v2\/categories?post=3296"},{"taxonomy":"post_tag","embeddable":true,"href":"https:\/\/blog.saocamilo-sp.br\/index.php\/wp-json\/wp\/v2\/tags?post=3296"}],"curies":[{"name":"wp","href":"https:\/\/api.w.org\/{rel}","templated":true}]}}