{"id":3343,"date":"2024-12-21T09:00:00","date_gmt":"2024-12-21T12:00:00","guid":{"rendered":"https:\/\/blog.saocamilo-sp.br\/?p=3343"},"modified":"2025-01-02T18:23:03","modified_gmt":"2025-01-02T21:23:03","slug":"verao-2","status":"publish","type":"post","link":"https:\/\/blog.saocamilo-sp.br\/index.php\/2024\/12\/21\/verao-2\/","title":{"rendered":"Bem-vindo, Ver\u00e3o! Celebrando o Primeiro Dia da Esta\u00e7\u00e3o com Cuidados"},"content":{"rendered":"\n<p>O ver\u00e3o chegou, trazendo dias mais longos, temperaturas mais altas e a oportunidade perfeita para aproveitar o sol. No entanto, para curtir essa esta\u00e7\u00e3o ao m\u00e1ximo, \u00e9 essencial tomar alguns cuidados importantes com a sa\u00fade e o bem-estar. Confira as dicas do <a href=\"https:\/\/saocamilo-sp.br\/\">Centro Universit\u00e1rio S\u00e3o Camilo<\/a> para receber o ver\u00e3o de bra\u00e7os abertos!<\/p>\n\n\n\n<hr class=\"wp-block-separator has-alpha-channel-opacity\"\/>\n\n\n\n<h3 class=\"wp-block-heading\"><strong>A Import\u00e2ncia dos Cuidados no Ver\u00e3o<\/strong><\/h3>\n\n\n\n<p>Com a chegada do ver\u00e3o, nossa exposi\u00e7\u00e3o ao sol e ao calor aumenta consideravelmente. Embora seja uma \u00e9poca repleta de divers\u00e3o, \u00e9 importante estar atento \u00e0s suas necessidades f\u00edsicas e de hidrata\u00e7\u00e3o. Isso garante uma esta\u00e7\u00e3o segura e confort\u00e1vel.<\/p>\n\n\n\n<p>Palavras-chave como \u201cprote\u00e7\u00e3o solar\u201d, \u201chidrata\u00e7\u00e3o\u201d e \u201ctemperatura elevada\u201d fazem parte das preocupa\u00e7\u00f5es comuns dessa \u00e9poca. Adotar pequenas mudan\u00e7as na rotina pode ser o segredo para um ver\u00e3o sem sustos!<\/p>\n\n\n\n<hr class=\"wp-block-separator has-alpha-channel-opacity\"\/>\n\n\n\n<h3 class=\"wp-block-heading\"><strong>1. Mantenha-se Hidratado o Dia Inteiro<\/strong> no ver\u00e3o<\/h3>\n\n\n\n<p>A hidrata\u00e7\u00e3o \u00e9 um dos principais cuidados no ver\u00e3o. Com o calor intenso, o corpo perde \u00e1gua mais rapidamente atrav\u00e9s do suor. Portanto:<\/p>\n\n\n\n<ul class=\"wp-block-list\">\n<li>Beba pelo menos <strong>2 litros de \u00e1gua<\/strong> por dia.<\/li>\n\n\n\n<li>Consuma sucos naturais e \u00e1gua de coco para repor os minerais perdidos.<\/li>\n\n\n\n<li>Evite bebidas alco\u00f3licas em excesso, pois podem causar desidrata\u00e7\u00e3o.<\/li>\n<\/ul>\n\n\n\n<p>Lembre-se: o uso de garrafas t\u00e9rmicas pode ajudar a manter a \u00e1gua fresca durante o dia.<\/p>\n\n\n\n<hr class=\"wp-block-separator has-alpha-channel-opacity\"\/>\n\n\n\n<h3 class=\"wp-block-heading\"><strong>2. Use Protetor Solar Todos os Dias<\/strong><\/h3>\n\n\n\n<p>O sol \u00e9 um dos maiores s\u00edmbolos do ver\u00e3o, mas tamb\u00e9m exige cautela. A exposi\u00e7\u00e3o prolongada sem prote\u00e7\u00e3o pode resultar em queimaduras, envelhecimento precoce e at\u00e9 doen\u00e7as de pele.<\/p>\n\n\n\n<ul class=\"wp-block-list\">\n<li>Escolha um <strong>protetor solar com FPS 30 ou mais<\/strong>.<\/li>\n\n\n\n<li>Reaplique o produto a cada 2 horas, principalmente ap\u00f3s nadar.<\/li>\n\n\n\n<li>Utilize acess\u00f3rios como chap\u00e9us e \u00f3culos escuros para proteger o rosto e os olhos.<\/li>\n<\/ul>\n\n\n\n<p>Com esses cuidados, voc\u00ea estar\u00e1 mais protegido para curtir os dias de sol!<\/p>\n\n\n\n<hr class=\"wp-block-separator has-alpha-channel-opacity\"\/>\n\n\n\n<h3 class=\"wp-block-heading\"><strong>3. Alimente-se de Forma Leve e Saud\u00e1vel<\/strong><\/h3>\n\n\n\n<p>No ver\u00e3o, comidas pesadas podem causar desconforto, al\u00e9m de dificultarem a digest\u00e3o. Prefira alimentos frescos e naturais:<\/p>\n\n\n\n<ul class=\"wp-block-list\">\n<li>Saladas com folhas verdes e legumes coloridos.<\/li>\n\n\n\n<li>Frutas como melancia, abacaxi e mel\u00e3o, que s\u00e3o ricas em \u00e1gua.<\/li>\n\n\n\n<li>Prote\u00ednas magras como frango grelhado e peixe.<\/li>\n<\/ul>\n\n\n\n<p>Esses h\u00e1bitos ajudam a manter a energia e facilitam o equil\u00edbrio do organismo.<\/p>\n\n\n\n<hr class=\"wp-block-separator has-alpha-channel-opacity\"\/>\n\n\n\n<h3 class=\"wp-block-heading\"><strong>4. Vista-se com Roupas Adequadas<\/strong><\/h3>\n\n\n\n<p>Optar por roupas leves e confort\u00e1veis \u00e9 essencial durante o ver\u00e3o. Materiais como algod\u00e3o e linho permitem que a pele respire melhor. Al\u00e9m disso, cores claras ajudam a refletir a luz do sol, mantendo o corpo fresco.<\/p>\n\n\n\n<p>N\u00e3o se esque\u00e7a do cal\u00e7ado: sand\u00e1lias e t\u00eanis abertos s\u00e3o \u00f3timos para evitar o superaquecimento dos p\u00e9s.<\/p>\n\n\n\n<hr class=\"wp-block-separator has-alpha-channel-opacity\"\/>\n\n\n\n<h3 class=\"wp-block-heading\"><strong>5. Cuide da Pele e do Cabelo<\/strong><\/h3>\n\n\n\n<p>A pele e o cabelo sofrem bastante com o calor e os raios solares. Por isso:<\/p>\n\n\n\n<ul class=\"wp-block-list\">\n<li>Aplique <strong>hidratantes corporais<\/strong> ap\u00f3s o banho.<\/li>\n\n\n\n<li>Use produtos capilares com <strong>prote\u00e7\u00e3o UV<\/strong> para evitar ressecamento.<\/li>\n\n\n\n<li>Evite lavagens excessivas do cabelo, pois isso pode tirar a oleosidade natural necess\u00e1ria.<\/li>\n<\/ul>\n\n\n\n<p>Com esses cuidados, sua pele e cabelo ficar\u00e3o radiantes durante toda a esta\u00e7\u00e3o.<\/p>\n\n\n\n<hr class=\"wp-block-separator has-alpha-channel-opacity\"\/>\n\n\n\n<h3 class=\"wp-block-heading\"><strong>6. Pratique Atividades F\u00edsicas nos Hor\u00e1rios Certos<\/strong><\/h3>\n\n\n\n<p>Exerc\u00edcios ao ar livre s\u00e3o comuns no ver\u00e3o, mas devem ser realizados com aten\u00e7\u00e3o ao hor\u00e1rio:<\/p>\n\n\n\n<ul class=\"wp-block-list\">\n<li>Evite praticar atividades entre <strong>10h e 16h<\/strong>, per\u00edodo em que o sol est\u00e1 mais forte.<\/li>\n\n\n\n<li>Prefira o in\u00edcio da manh\u00e3 ou o fim da tarde.<\/li>\n\n\n\n<li>Use roupas apropriadas e mantenha uma garrafa de \u00e1gua sempre \u00e0 m\u00e3o.<\/li>\n<\/ul>\n\n\n\n<p>Al\u00e9m de manter o corpo ativo, essas pr\u00e1ticas ajudam a melhorar o humor e o bem-estar.<\/p>\n\n\n\n<hr class=\"wp-block-separator has-alpha-channel-opacity\"\/>\n\n\n\n<h3 class=\"wp-block-heading\"><strong>Celebre o Ver\u00e3o com Seguran\u00e7a e Sa\u00fade<\/strong><\/h3>\n\n\n\n<p>O ver\u00e3o \u00e9 uma esta\u00e7\u00e3o repleta de vida, calor e divers\u00e3o. No entanto, \u00e9 fundamental adotar h\u00e1bitos saud\u00e1veis para aproveit\u00e1-lo com tranquilidade. Com hidrata\u00e7\u00e3o, prote\u00e7\u00e3o solar e uma alimenta\u00e7\u00e3o balanceada, voc\u00ea estar\u00e1 pronto para curtir cada dia com muita energia.<\/p>\n\n\n\n<p>Siga essas dicas e aproveite ao m\u00e1ximo a esta\u00e7\u00e3o mais vibrante do ano. <strong>Bem-vindo, ver\u00e3o!<\/strong><\/p>\n\n\n\n<p><strong>Leia tamb\u00e9m:<\/strong><br><br><a href=\"https:\/\/blog.saocamilo-sp.br\/index.php\/2024\/11\/29\/alunos-da-sao-camilo-analisam-lesoes-por-arma-de-fogo-na-medicina-forense\/\">Alunos da S\u00e3o Camilo Analisam Les\u00f5es por Arma de Fogo na Medicina Forense<\/a><\/p>\n\n\n\n<p><a href=\"https:\/\/blog.saocamilo-sp.br\/index.php\/2023\/07\/07\/a-pesquisa-cientifica-no-centro-universitario-sao-camilo\/\" target=\"_blank\" rel=\"noreferrer noopener\"><\/a><a href=\"https:\/\/blog.saocamilo-sp.br\/index.php\/2023\/07\/07\/a-pesquisa-cientifica-no-centro-universitario-sao-camilo\/\" target=\"_blank\" rel=\"noreferrer noopener\"> impacto do atendimento humanizado em pacientes de radioterapia<\/a><\/p>\n\n\n\n<p><a href=\"https:\/\/blog.saocamilo-sp.br\/index.php\/2024\/09\/27\/ipiranga-tradicao-historia-e-modernidade\/\">Resist\u00eancia bacteriana: docentes e alunos de farm\u00e1cia realizam pesquisa sobre novas abordagens terap\u00eauticas<\/a><\/p>\n","protected":false},"excerpt":{"rendered":"<p>O ver\u00e3o chegou, trazendo dias mais longos, temperaturas mais altas e a oportunidade perfeita para aproveitar o sol.<\/p>\n","protected":false},"author":4,"featured_media":3344,"comment_status":"open","ping_status":"open","sticky":false,"template":"","format":"standard","meta":{"cybocfi_hide_featured_image":"","footnotes":""},"categories":[1],"tags":[],"class_list":["post-3343","post","type-post","status-publish","format-standard","has-post-thumbnail","hentry","category-cursos"],"yoast_head":"<!-- This site is optimized with the Yoast SEO plugin v27.5 - https:\/\/yoast.com\/product\/yoast-seo-wordpress\/ -->\n<title>Bem-vindo, Ver\u00e3o! Celebrando o Primeiro Dia da Esta\u00e7\u00e3o com Cuidados - Blog S\u00e3o Camilo<\/title>\n<meta name=\"description\" content=\"O ver\u00e3o chegou, trazendo dias mais longos, temperaturas mais altas e a oportunidade perfeita para aproveitar o sol.\" \/>\n<meta name=\"robots\" content=\"index, follow, max-snippet:-1, max-image-preview:large, max-video-preview:-1\" \/>\n<link rel=\"canonical\" href=\"https:\/\/blog.saocamilo-sp.br\/index.php\/2024\/12\/21\/verao-2\/\" \/>\n<meta property=\"og:locale\" content=\"pt_BR\" \/>\n<meta property=\"og:type\" content=\"article\" \/>\n<meta property=\"og:title\" content=\"Bem-vindo, Ver\u00e3o! Celebrando o Primeiro Dia da Esta\u00e7\u00e3o com Cuidados - Blog S\u00e3o Camilo\" \/>\n<meta property=\"og:description\" content=\"O ver\u00e3o chegou, trazendo dias mais longos, temperaturas mais altas e a oportunidade perfeita para aproveitar o sol.\" \/>\n<meta property=\"og:url\" content=\"https:\/\/blog.saocamilo-sp.br\/index.php\/2024\/12\/21\/verao-2\/\" \/>\n<meta property=\"og:site_name\" content=\"Blog S\u00e3o Camilo\" \/>\n<meta property=\"article:publisher\" content=\"https:\/\/www.facebook.com\/saocamilosp\" \/>\n<meta property=\"article:published_time\" content=\"2024-12-21T12:00:00+00:00\" \/>\n<meta property=\"article:modified_time\" content=\"2025-01-02T21:23:03+00:00\" \/>\n<meta property=\"og:image\" content=\"https:\/\/blog.saocamilo-sp.br\/wp-content\/uploads\/2024\/12\/Blog-Dezembro_Topo-Verao-1.jpg\" \/>\n\t<meta property=\"og:image:width\" content=\"2188\" \/>\n\t<meta property=\"og:image:height\" content=\"1633\" \/>\n\t<meta property=\"og:image:type\" content=\"image\/jpeg\" \/>\n<meta name=\"author\" content=\"Lucas Soares Gon\u00e7alves\" \/>\n<meta name=\"twitter:card\" content=\"summary_large_image\" \/>\n<meta name=\"twitter:creator\" content=\"@saocamilosp\" \/>\n<meta name=\"twitter:site\" content=\"@saocamilosp\" \/>\n<meta name=\"twitter:label1\" content=\"Escrito por\" \/>\n\t<meta name=\"twitter:data1\" content=\"Lucas Soares Gon\u00e7alves\" \/>\n\t<meta name=\"twitter:label2\" content=\"Est. tempo de leitura\" \/>\n\t<meta name=\"twitter:data2\" content=\"4 minutos\" \/>\n<script type=\"application\/ld+json\" class=\"yoast-schema-graph\">{\"@context\":\"https:\\\/\\\/schema.org\",\"@graph\":[{\"@type\":\"Article\",\"@id\":\"https:\\\/\\\/blog.saocamilo-sp.br\\\/index.php\\\/2024\\\/12\\\/21\\\/verao-2\\\/#article\",\"isPartOf\":{\"@id\":\"https:\\\/\\\/blog.saocamilo-sp.br\\\/index.php\\\/2024\\\/12\\\/21\\\/verao-2\\\/\"},\"author\":{\"name\":\"Lucas Soares Gon\u00e7alves\",\"@id\":\"https:\\\/\\\/blog.saocamilo-sp.br\\\/#\\\/schema\\\/person\\\/781135418152912d4b58f2db13a2eaf0\"},\"headline\":\"Bem-vindo, Ver\u00e3o! Celebrando o Primeiro Dia da Esta\u00e7\u00e3o com Cuidados\",\"datePublished\":\"2024-12-21T12:00:00+00:00\",\"dateModified\":\"2025-01-02T21:23:03+00:00\",\"mainEntityOfPage\":{\"@id\":\"https:\\\/\\\/blog.saocamilo-sp.br\\\/index.php\\\/2024\\\/12\\\/21\\\/verao-2\\\/\"},\"wordCount\":736,\"commentCount\":0,\"publisher\":{\"@id\":\"https:\\\/\\\/blog.saocamilo-sp.br\\\/#organization\"},\"image\":{\"@id\":\"https:\\\/\\\/blog.saocamilo-sp.br\\\/index.php\\\/2024\\\/12\\\/21\\\/verao-2\\\/#primaryimage\"},\"thumbnailUrl\":\"https:\\\/\\\/blog.saocamilo-sp.br\\\/wp-content\\\/uploads\\\/2024\\\/12\\\/Blog-Dezembro_Topo-Verao-1.jpg\",\"articleSection\":[\"Cursos\"],\"inLanguage\":\"pt-BR\",\"potentialAction\":[{\"@type\":\"CommentAction\",\"name\":\"Comment\",\"target\":[\"https:\\\/\\\/blog.saocamilo-sp.br\\\/index.php\\\/2024\\\/12\\\/21\\\/verao-2\\\/#respond\"]}]},{\"@type\":\"WebPage\",\"@id\":\"https:\\\/\\\/blog.saocamilo-sp.br\\\/index.php\\\/2024\\\/12\\\/21\\\/verao-2\\\/\",\"url\":\"https:\\\/\\\/blog.saocamilo-sp.br\\\/index.php\\\/2024\\\/12\\\/21\\\/verao-2\\\/\",\"name\":\"Bem-vindo, Ver\u00e3o! Celebrando o Primeiro Dia da Esta\u00e7\u00e3o com Cuidados - Blog S\u00e3o Camilo\",\"isPartOf\":{\"@id\":\"https:\\\/\\\/blog.saocamilo-sp.br\\\/#website\"},\"primaryImageOfPage\":{\"@id\":\"https:\\\/\\\/blog.saocamilo-sp.br\\\/index.php\\\/2024\\\/12\\\/21\\\/verao-2\\\/#primaryimage\"},\"image\":{\"@id\":\"https:\\\/\\\/blog.saocamilo-sp.br\\\/index.php\\\/2024\\\/12\\\/21\\\/verao-2\\\/#primaryimage\"},\"thumbnailUrl\":\"https:\\\/\\\/blog.saocamilo-sp.br\\\/wp-content\\\/uploads\\\/2024\\\/12\\\/Blog-Dezembro_Topo-Verao-1.jpg\",\"datePublished\":\"2024-12-21T12:00:00+00:00\",\"dateModified\":\"2025-01-02T21:23:03+00:00\",\"description\":\"O ver\u00e3o chegou, trazendo dias mais longos, temperaturas mais altas e a oportunidade perfeita para aproveitar o sol.\",\"breadcrumb\":{\"@id\":\"https:\\\/\\\/blog.saocamilo-sp.br\\\/index.php\\\/2024\\\/12\\\/21\\\/verao-2\\\/#breadcrumb\"},\"inLanguage\":\"pt-BR\",\"potentialAction\":[{\"@type\":\"ReadAction\",\"target\":[\"https:\\\/\\\/blog.saocamilo-sp.br\\\/index.php\\\/2024\\\/12\\\/21\\\/verao-2\\\/\"]}]},{\"@type\":\"ImageObject\",\"inLanguage\":\"pt-BR\",\"@id\":\"https:\\\/\\\/blog.saocamilo-sp.br\\\/index.php\\\/2024\\\/12\\\/21\\\/verao-2\\\/#primaryimage\",\"url\":\"https:\\\/\\\/blog.saocamilo-sp.br\\\/wp-content\\\/uploads\\\/2024\\\/12\\\/Blog-Dezembro_Topo-Verao-1.jpg\",\"contentUrl\":\"https:\\\/\\\/blog.saocamilo-sp.br\\\/wp-content\\\/uploads\\\/2024\\\/12\\\/Blog-Dezembro_Topo-Verao-1.jpg\",\"width\":2188,\"height\":1633,\"caption\":\"O ver\u00e3o chegou, trazendo dias mais longos, temperaturas mais altas e a oportunidade perfeita para aproveitar o sol.\"},{\"@type\":\"BreadcrumbList\",\"@id\":\"https:\\\/\\\/blog.saocamilo-sp.br\\\/index.php\\\/2024\\\/12\\\/21\\\/verao-2\\\/#breadcrumb\",\"itemListElement\":[{\"@type\":\"ListItem\",\"position\":1,\"name\":\"In\u00edcio\",\"item\":\"https:\\\/\\\/blog.saocamilo-sp.br\\\/\"},{\"@type\":\"ListItem\",\"position\":2,\"name\":\"Bem-vindo, Ver\u00e3o! Celebrando o Primeiro Dia da Esta\u00e7\u00e3o com Cuidados\"}]},{\"@type\":\"WebSite\",\"@id\":\"https:\\\/\\\/blog.saocamilo-sp.br\\\/#website\",\"url\":\"https:\\\/\\\/blog.saocamilo-sp.br\\\/\",\"name\":\"Blog S\u00e3o Camilo\",\"description\":\"Blog do Centro Universit\u00e1rio S\u00e3o Camilo\",\"publisher\":{\"@id\":\"https:\\\/\\\/blog.saocamilo-sp.br\\\/#organization\"},\"potentialAction\":[{\"@type\":\"SearchAction\",\"target\":{\"@type\":\"EntryPoint\",\"urlTemplate\":\"https:\\\/\\\/blog.saocamilo-sp.br\\\/?s={search_term_string}\"},\"query-input\":{\"@type\":\"PropertyValueSpecification\",\"valueRequired\":true,\"valueName\":\"search_term_string\"}}],\"inLanguage\":\"pt-BR\"},{\"@type\":\"Organization\",\"@id\":\"https:\\\/\\\/blog.saocamilo-sp.br\\\/#organization\",\"name\":\"Blog S\u00e3o Camilo\",\"url\":\"https:\\\/\\\/blog.saocamilo-sp.br\\\/\",\"logo\":{\"@type\":\"ImageObject\",\"inLanguage\":\"pt-BR\",\"@id\":\"https:\\\/\\\/blog.saocamilo-sp.br\\\/#\\\/schema\\\/logo\\\/image\\\/\",\"url\":\"https:\\\/\\\/blog.saocamilo-sp.br\\\/wp-content\\\/uploads\\\/2021\\\/12\\\/cropped-vazio-logo-topo.png\",\"contentUrl\":\"https:\\\/\\\/blog.saocamilo-sp.br\\\/wp-content\\\/uploads\\\/2021\\\/12\\\/cropped-vazio-logo-topo.png\",\"width\":320,\"height\":240,\"caption\":\"Blog S\u00e3o Camilo\"},\"image\":{\"@id\":\"https:\\\/\\\/blog.saocamilo-sp.br\\\/#\\\/schema\\\/logo\\\/image\\\/\"},\"sameAs\":[\"https:\\\/\\\/www.facebook.com\\\/saocamilosp\",\"https:\\\/\\\/x.com\\\/saocamilosp\",\"https:\\\/\\\/www.linkedin.com\\\/school\\\/centro-universit-rio-s-o-camilo\\\/\"]},{\"@type\":\"Person\",\"@id\":\"https:\\\/\\\/blog.saocamilo-sp.br\\\/#\\\/schema\\\/person\\\/781135418152912d4b58f2db13a2eaf0\",\"name\":\"Lucas Soares Gon\u00e7alves\",\"image\":{\"@type\":\"ImageObject\",\"inLanguage\":\"pt-BR\",\"@id\":\"https:\\\/\\\/secure.gravatar.com\\\/avatar\\\/bcd2d703cbb48116eaac2cac8643792535238ff30b2d7ce9e16f9254ec9cae83?s=96&d=mm&r=g\",\"url\":\"https:\\\/\\\/secure.gravatar.com\\\/avatar\\\/bcd2d703cbb48116eaac2cac8643792535238ff30b2d7ce9e16f9254ec9cae83?s=96&d=mm&r=g\",\"contentUrl\":\"https:\\\/\\\/secure.gravatar.com\\\/avatar\\\/bcd2d703cbb48116eaac2cac8643792535238ff30b2d7ce9e16f9254ec9cae83?s=96&d=mm&r=g\",\"caption\":\"Lucas Soares Gon\u00e7alves\"},\"url\":\"https:\\\/\\\/blog.saocamilo-sp.br\\\/index.php\\\/author\\\/lucas-soares-goncalves\\\/\"}]}<\/script>\n<!-- \/ Yoast SEO plugin. -->","yoast_head_json":{"title":"Bem-vindo, Ver\u00e3o! Celebrando o Primeiro Dia da Esta\u00e7\u00e3o com Cuidados - Blog S\u00e3o Camilo","description":"O ver\u00e3o chegou, trazendo dias mais longos, temperaturas mais altas e a oportunidade perfeita para aproveitar o sol.","robots":{"index":"index","follow":"follow","max-snippet":"max-snippet:-1","max-image-preview":"max-image-preview:large","max-video-preview":"max-video-preview:-1"},"canonical":"https:\/\/blog.saocamilo-sp.br\/index.php\/2024\/12\/21\/verao-2\/","og_locale":"pt_BR","og_type":"article","og_title":"Bem-vindo, Ver\u00e3o! Celebrando o Primeiro Dia da Esta\u00e7\u00e3o com Cuidados - Blog S\u00e3o Camilo","og_description":"O ver\u00e3o chegou, trazendo dias mais longos, temperaturas mais altas e a oportunidade perfeita para aproveitar o sol.","og_url":"https:\/\/blog.saocamilo-sp.br\/index.php\/2024\/12\/21\/verao-2\/","og_site_name":"Blog S\u00e3o Camilo","article_publisher":"https:\/\/www.facebook.com\/saocamilosp","article_published_time":"2024-12-21T12:00:00+00:00","article_modified_time":"2025-01-02T21:23:03+00:00","og_image":[{"width":2188,"height":1633,"url":"https:\/\/blog.saocamilo-sp.br\/wp-content\/uploads\/2024\/12\/Blog-Dezembro_Topo-Verao-1.jpg","type":"image\/jpeg"}],"author":"Lucas Soares Gon\u00e7alves","twitter_card":"summary_large_image","twitter_creator":"@saocamilosp","twitter_site":"@saocamilosp","twitter_misc":{"Escrito por":"Lucas Soares Gon\u00e7alves","Est. tempo de leitura":"4 minutos"},"schema":{"@context":"https:\/\/schema.org","@graph":[{"@type":"Article","@id":"https:\/\/blog.saocamilo-sp.br\/index.php\/2024\/12\/21\/verao-2\/#article","isPartOf":{"@id":"https:\/\/blog.saocamilo-sp.br\/index.php\/2024\/12\/21\/verao-2\/"},"author":{"name":"Lucas Soares Gon\u00e7alves","@id":"https:\/\/blog.saocamilo-sp.br\/#\/schema\/person\/781135418152912d4b58f2db13a2eaf0"},"headline":"Bem-vindo, Ver\u00e3o! Celebrando o Primeiro Dia da Esta\u00e7\u00e3o com Cuidados","datePublished":"2024-12-21T12:00:00+00:00","dateModified":"2025-01-02T21:23:03+00:00","mainEntityOfPage":{"@id":"https:\/\/blog.saocamilo-sp.br\/index.php\/2024\/12\/21\/verao-2\/"},"wordCount":736,"commentCount":0,"publisher":{"@id":"https:\/\/blog.saocamilo-sp.br\/#organization"},"image":{"@id":"https:\/\/blog.saocamilo-sp.br\/index.php\/2024\/12\/21\/verao-2\/#primaryimage"},"thumbnailUrl":"https:\/\/blog.saocamilo-sp.br\/wp-content\/uploads\/2024\/12\/Blog-Dezembro_Topo-Verao-1.jpg","articleSection":["Cursos"],"inLanguage":"pt-BR","potentialAction":[{"@type":"CommentAction","name":"Comment","target":["https:\/\/blog.saocamilo-sp.br\/index.php\/2024\/12\/21\/verao-2\/#respond"]}]},{"@type":"WebPage","@id":"https:\/\/blog.saocamilo-sp.br\/index.php\/2024\/12\/21\/verao-2\/","url":"https:\/\/blog.saocamilo-sp.br\/index.php\/2024\/12\/21\/verao-2\/","name":"Bem-vindo, Ver\u00e3o! Celebrando o Primeiro Dia da Esta\u00e7\u00e3o com Cuidados - Blog S\u00e3o Camilo","isPartOf":{"@id":"https:\/\/blog.saocamilo-sp.br\/#website"},"primaryImageOfPage":{"@id":"https:\/\/blog.saocamilo-sp.br\/index.php\/2024\/12\/21\/verao-2\/#primaryimage"},"image":{"@id":"https:\/\/blog.saocamilo-sp.br\/index.php\/2024\/12\/21\/verao-2\/#primaryimage"},"thumbnailUrl":"https:\/\/blog.saocamilo-sp.br\/wp-content\/uploads\/2024\/12\/Blog-Dezembro_Topo-Verao-1.jpg","datePublished":"2024-12-21T12:00:00+00:00","dateModified":"2025-01-02T21:23:03+00:00","description":"O ver\u00e3o chegou, trazendo dias mais longos, temperaturas mais altas e a oportunidade perfeita para aproveitar o sol.","breadcrumb":{"@id":"https:\/\/blog.saocamilo-sp.br\/index.php\/2024\/12\/21\/verao-2\/#breadcrumb"},"inLanguage":"pt-BR","potentialAction":[{"@type":"ReadAction","target":["https:\/\/blog.saocamilo-sp.br\/index.php\/2024\/12\/21\/verao-2\/"]}]},{"@type":"ImageObject","inLanguage":"pt-BR","@id":"https:\/\/blog.saocamilo-sp.br\/index.php\/2024\/12\/21\/verao-2\/#primaryimage","url":"https:\/\/blog.saocamilo-sp.br\/wp-content\/uploads\/2024\/12\/Blog-Dezembro_Topo-Verao-1.jpg","contentUrl":"https:\/\/blog.saocamilo-sp.br\/wp-content\/uploads\/2024\/12\/Blog-Dezembro_Topo-Verao-1.jpg","width":2188,"height":1633,"caption":"O ver\u00e3o chegou, trazendo dias mais longos, temperaturas mais altas e a oportunidade perfeita para aproveitar o sol."},{"@type":"BreadcrumbList","@id":"https:\/\/blog.saocamilo-sp.br\/index.php\/2024\/12\/21\/verao-2\/#breadcrumb","itemListElement":[{"@type":"ListItem","position":1,"name":"In\u00edcio","item":"https:\/\/blog.saocamilo-sp.br\/"},{"@type":"ListItem","position":2,"name":"Bem-vindo, Ver\u00e3o! Celebrando o Primeiro Dia da Esta\u00e7\u00e3o com Cuidados"}]},{"@type":"WebSite","@id":"https:\/\/blog.saocamilo-sp.br\/#website","url":"https:\/\/blog.saocamilo-sp.br\/","name":"Blog S\u00e3o Camilo","description":"Blog do Centro Universit\u00e1rio S\u00e3o Camilo","publisher":{"@id":"https:\/\/blog.saocamilo-sp.br\/#organization"},"potentialAction":[{"@type":"SearchAction","target":{"@type":"EntryPoint","urlTemplate":"https:\/\/blog.saocamilo-sp.br\/?s={search_term_string}"},"query-input":{"@type":"PropertyValueSpecification","valueRequired":true,"valueName":"search_term_string"}}],"inLanguage":"pt-BR"},{"@type":"Organization","@id":"https:\/\/blog.saocamilo-sp.br\/#organization","name":"Blog S\u00e3o Camilo","url":"https:\/\/blog.saocamilo-sp.br\/","logo":{"@type":"ImageObject","inLanguage":"pt-BR","@id":"https:\/\/blog.saocamilo-sp.br\/#\/schema\/logo\/image\/","url":"https:\/\/blog.saocamilo-sp.br\/wp-content\/uploads\/2021\/12\/cropped-vazio-logo-topo.png","contentUrl":"https:\/\/blog.saocamilo-sp.br\/wp-content\/uploads\/2021\/12\/cropped-vazio-logo-topo.png","width":320,"height":240,"caption":"Blog S\u00e3o Camilo"},"image":{"@id":"https:\/\/blog.saocamilo-sp.br\/#\/schema\/logo\/image\/"},"sameAs":["https:\/\/www.facebook.com\/saocamilosp","https:\/\/x.com\/saocamilosp","https:\/\/www.linkedin.com\/school\/centro-universit-rio-s-o-camilo\/"]},{"@type":"Person","@id":"https:\/\/blog.saocamilo-sp.br\/#\/schema\/person\/781135418152912d4b58f2db13a2eaf0","name":"Lucas Soares Gon\u00e7alves","image":{"@type":"ImageObject","inLanguage":"pt-BR","@id":"https:\/\/secure.gravatar.com\/avatar\/bcd2d703cbb48116eaac2cac8643792535238ff30b2d7ce9e16f9254ec9cae83?s=96&d=mm&r=g","url":"https:\/\/secure.gravatar.com\/avatar\/bcd2d703cbb48116eaac2cac8643792535238ff30b2d7ce9e16f9254ec9cae83?s=96&d=mm&r=g","contentUrl":"https:\/\/secure.gravatar.com\/avatar\/bcd2d703cbb48116eaac2cac8643792535238ff30b2d7ce9e16f9254ec9cae83?s=96&d=mm&r=g","caption":"Lucas Soares Gon\u00e7alves"},"url":"https:\/\/blog.saocamilo-sp.br\/index.php\/author\/lucas-soares-goncalves\/"}]}},"_links":{"self":[{"href":"https:\/\/blog.saocamilo-sp.br\/index.php\/wp-json\/wp\/v2\/posts\/3343","targetHints":{"allow":["GET"]}}],"collection":[{"href":"https:\/\/blog.saocamilo-sp.br\/index.php\/wp-json\/wp\/v2\/posts"}],"about":[{"href":"https:\/\/blog.saocamilo-sp.br\/index.php\/wp-json\/wp\/v2\/types\/post"}],"author":[{"embeddable":true,"href":"https:\/\/blog.saocamilo-sp.br\/index.php\/wp-json\/wp\/v2\/users\/4"}],"replies":[{"embeddable":true,"href":"https:\/\/blog.saocamilo-sp.br\/index.php\/wp-json\/wp\/v2\/comments?post=3343"}],"version-history":[{"count":4,"href":"https:\/\/blog.saocamilo-sp.br\/index.php\/wp-json\/wp\/v2\/posts\/3343\/revisions"}],"predecessor-version":[{"id":3395,"href":"https:\/\/blog.saocamilo-sp.br\/index.php\/wp-json\/wp\/v2\/posts\/3343\/revisions\/3395"}],"wp:featuredmedia":[{"embeddable":true,"href":"https:\/\/blog.saocamilo-sp.br\/index.php\/wp-json\/wp\/v2\/media\/3344"}],"wp:attachment":[{"href":"https:\/\/blog.saocamilo-sp.br\/index.php\/wp-json\/wp\/v2\/media?parent=3343"}],"wp:term":[{"taxonomy":"category","embeddable":true,"href":"https:\/\/blog.saocamilo-sp.br\/index.php\/wp-json\/wp\/v2\/categories?post=3343"},{"taxonomy":"post_tag","embeddable":true,"href":"https:\/\/blog.saocamilo-sp.br\/index.php\/wp-json\/wp\/v2\/tags?post=3343"}],"curies":[{"name":"wp","href":"https:\/\/api.w.org\/{rel}","templated":true}]}}