{"id":3359,"date":"2025-01-25T09:00:00","date_gmt":"2025-01-25T12:00:00","guid":{"rendered":"https:\/\/blog.saocamilo-sp.br\/?p=3359"},"modified":"2025-02-13T10:45:50","modified_gmt":"2025-02-13T13:45:50","slug":"aniversario-de-sao-paulo-descubra-os-melhores-lugares-para-curtir-o-dia-na-maior-metropole-do-brasil","status":"publish","type":"post","link":"https:\/\/blog.saocamilo-sp.br\/index.php\/2025\/01\/25\/aniversario-de-sao-paulo-descubra-os-melhores-lugares-para-curtir-o-dia-na-maior-metropole-do-brasil\/","title":{"rendered":"Anivers\u00e1rio de S\u00e3o Paulo: descubra os melhores lugares para curtir a maior metr\u00f3pole do Brasil"},"content":{"rendered":"\n<p>No dia 25 de janeiro, S\u00e3o Paulo celebra mais um ano de hist\u00f3ria, diversidade e cultura. Conhecida como a maior metr\u00f3pole do Brasil, a cidade oferece uma infinidade de op\u00e7\u00f5es para quem deseja aproveitar o feriado de maneira especial. Conhe\u00e7a os melhores lugares para explorar na data e garantir momentos inesquec\u00edveis.<\/p>\n\n\n\n<hr class=\"wp-block-separator has-alpha-channel-opacity\"\/>\n\n\n\n<h3 class=\"wp-block-heading\"><strong>Avenida Paulista: O Cora\u00e7\u00e3o da Cidade em Festa<\/strong><\/h3>\n\n\n<div class=\"wp-block-image\">\n<figure class=\"alignright size-large is-resized\"><img loading=\"lazy\" decoding=\"async\" width=\"1024\" height=\"683\" src=\"https:\/\/blog.saocamilo-sp.br\/wp-content\/uploads\/2025\/01\/image-1024x683.png\" alt=\"\" class=\"wp-image-3360\" style=\"width:369px;height:auto\" srcset=\"https:\/\/blog.saocamilo-sp.br\/wp-content\/uploads\/2025\/01\/image-1024x683.png 1024w, https:\/\/blog.saocamilo-sp.br\/wp-content\/uploads\/2025\/01\/image-300x200.png 300w, https:\/\/blog.saocamilo-sp.br\/wp-content\/uploads\/2025\/01\/image-768x512.png 768w, https:\/\/blog.saocamilo-sp.br\/wp-content\/uploads\/2025\/01\/image-600x400.png 600w, https:\/\/blog.saocamilo-sp.br\/wp-content\/uploads\/2025\/01\/image-945x630.png 945w, https:\/\/blog.saocamilo-sp.br\/wp-content\/uploads\/2025\/01\/image.png 1080w\" sizes=\"auto, (max-width: 1024px) 100vw, 1024px\" \/><figcaption class=\"wp-element-caption\">Avenida Paulista<\/figcaption><\/figure>\n<\/div>\n\n\n<p>A Avenida Paulista \u00e9, sem d\u00favida, um dos pontos mais ic\u00f4nicos da cidade. No anivers\u00e1rio de S\u00e3o Paulo, a via se transforma em um verdadeiro palco para apresenta\u00e7\u00f5es art\u00edsticas, feiras e atividades culturais. Al\u00e9m disso, voc\u00ea pode visitar o MASP, um dos museus mais renomados do Brasil, ou subir ao terra\u00e7o do Sesc Avenida Paulista para ter uma vista panor\u00e2mica da cidade.<\/p>\n\n\n\n<blockquote class=\"wp-block-quote is-style-plain is-layout-flow wp-block-quote-is-layout-flow\">\n<p><em>Dica: Chegue cedo para aproveitar o dia com tranquilidade e explore as feiras gastron\u00f4micas espalhadas ao longo da avenida.<\/em><\/p>\n<\/blockquote>\n\n\n\n<hr class=\"wp-block-separator has-alpha-channel-opacity\"\/>\n\n\n\n<h3 class=\"wp-block-heading\"><strong>Parque Ibirapuera: Natureza e Cultura em Um S\u00f3 Lugar<\/strong><\/h3>\n\n\n<div class=\"wp-block-image\">\n<figure class=\"alignleft size-full is-resized\"><img loading=\"lazy\" decoding=\"async\" width=\"820\" height=\"430\" src=\"https:\/\/blog.saocamilo-sp.br\/wp-content\/uploads\/2025\/01\/image-1.png\" alt=\"\" class=\"wp-image-3361\" style=\"width:515px;height:auto\" srcset=\"https:\/\/blog.saocamilo-sp.br\/wp-content\/uploads\/2025\/01\/image-1.png 820w, https:\/\/blog.saocamilo-sp.br\/wp-content\/uploads\/2025\/01\/image-1-300x157.png 300w, https:\/\/blog.saocamilo-sp.br\/wp-content\/uploads\/2025\/01\/image-1-768x403.png 768w, https:\/\/blog.saocamilo-sp.br\/wp-content\/uploads\/2025\/01\/image-1-600x315.png 600w\" sizes=\"auto, (max-width: 820px) 100vw, 820px\" \/><figcaption class=\"wp-element-caption\">Parque Ibirapuera<\/figcaption><\/figure>\n<\/div>\n\n\n<p>Para quem busca um equil\u00edbrio entre lazer e cultura, o Parque Ibirapuera \u00e9 uma excelente escolha. Com museus como o Museu Afro Brasil e a Oca, o espa\u00e7o oferece atra\u00e7\u00f5es para todos os gostos. Al\u00e9m disso, o parque \u00e9 perfeito para um piquenique ou para praticar esportes ao ar livre.<\/p>\n\n\n\n<blockquote class=\"wp-block-quote is-layout-flow wp-block-quote-is-layout-flow\">\n<p><em>Curiosidade: O Parque Ibirapuera \u00e9 um dos lugares mais fotografados de S\u00e3o Paulo, principalmente ao p\u00f4r do sol.<\/em><\/p>\n<\/blockquote>\n\n\n\n<hr class=\"wp-block-separator has-alpha-channel-opacity\"\/>\n\n\n\n<h3 class=\"wp-block-heading\"><strong>Centro Hist\u00f3rico: Um Mergulho na Hist\u00f3ria de S\u00e3o Paulo<\/strong><\/h3>\n\n\n<div class=\"wp-block-image\">\n<figure class=\"alignright size-large is-resized\"><img loading=\"lazy\" decoding=\"async\" width=\"1024\" height=\"683\" src=\"https:\/\/blog.saocamilo-sp.br\/wp-content\/uploads\/2025\/01\/image-2-1024x683.png\" alt=\"\" class=\"wp-image-3362\" style=\"width:429px;height:auto\" srcset=\"https:\/\/blog.saocamilo-sp.br\/wp-content\/uploads\/2025\/01\/image-2-1024x683.png 1024w, https:\/\/blog.saocamilo-sp.br\/wp-content\/uploads\/2025\/01\/image-2-300x200.png 300w, https:\/\/blog.saocamilo-sp.br\/wp-content\/uploads\/2025\/01\/image-2-768x512.png 768w, https:\/\/blog.saocamilo-sp.br\/wp-content\/uploads\/2025\/01\/image-2-600x400.png 600w, https:\/\/blog.saocamilo-sp.br\/wp-content\/uploads\/2025\/01\/image-2-945x630.png 945w, https:\/\/blog.saocamilo-sp.br\/wp-content\/uploads\/2025\/01\/image-2.png 1200w\" sizes=\"auto, (max-width: 1024px) 100vw, 1024px\" \/><figcaption class=\"wp-element-caption\">Edif\u00edcio Martinelli<\/figcaption><\/figure>\n<\/div>\n\n\n<p>Se a ideia \u00e9 revisitar o passado, o Centro Hist\u00f3rico \u00e9 o lugar certo. Voc\u00ea pode come\u00e7ar pela Catedral da S\u00e9, seguir para o P\u00e1tio do Col\u00e9gio e finalizar com uma visita ao Theatro Municipal. Durante o feriado, a regi\u00e3o costuma receber eventos gratuitos, como shows e exposi\u00e7\u00f5es.<\/p>\n\n\n\n<blockquote class=\"wp-block-quote is-layout-flow wp-block-quote-is-layout-flow\">\n<p><em>Dica: Suba ao Mirante do Edif\u00edcio Martinelli ou do Farol Santander para ter uma vista privilegiada da cidade.<\/em><\/p>\n<\/blockquote>\n\n\n\n<hr class=\"wp-block-separator has-alpha-channel-opacity\"\/>\n\n\n\n<h3 class=\"wp-block-heading\"><strong>Beco do Batman e Vila Madalena: Arte e Gastronomia em Harmonia<\/strong><br><\/h3>\n\n\n<div class=\"wp-block-image\">\n<figure class=\"alignleft size-large is-resized\"><img loading=\"lazy\" decoding=\"async\" width=\"1024\" height=\"575\" src=\"https:\/\/blog.saocamilo-sp.br\/wp-content\/uploads\/2025\/01\/image-4-1024x575.png\" alt=\"\" class=\"wp-image-3364\" style=\"width:504px;height:auto\" srcset=\"https:\/\/blog.saocamilo-sp.br\/wp-content\/uploads\/2025\/01\/image-4-1024x575.png 1024w, https:\/\/blog.saocamilo-sp.br\/wp-content\/uploads\/2025\/01\/image-4-300x169.png 300w, https:\/\/blog.saocamilo-sp.br\/wp-content\/uploads\/2025\/01\/image-4-768x431.png 768w, https:\/\/blog.saocamilo-sp.br\/wp-content\/uploads\/2025\/01\/image-4-600x337.png 600w, https:\/\/blog.saocamilo-sp.br\/wp-content\/uploads\/2025\/01\/image-4-945x531.png 945w, https:\/\/blog.saocamilo-sp.br\/wp-content\/uploads\/2025\/01\/image-4.png 1200w\" sizes=\"auto, (max-width: 1024px) 100vw, 1024px\" \/><figcaption class=\"wp-element-caption\">Beco do Batman<\/figcaption><\/figure>\n<\/div>\n\n\n<p>A Vila Madalena \u00e9 o bairro ideal para quem gosta de arte de rua, bares e restaurantes descolados. O famoso Beco do Batman atrai turistas e moradores com seus murais coloridos e cheios de personalidade.<\/p>\n\n\n\n<blockquote class=\"wp-block-quote is-layout-flow wp-block-quote-is-layout-flow\">\n<p><em>Proposta: Ap\u00f3s tirar fotos no Beco, explore os caf\u00e9s e galerias de arte que est\u00e3o por perto.<\/em><\/p>\n<\/blockquote>\n\n\n\n<hr class=\"wp-block-separator has-alpha-channel-opacity\"\/>\n\n\n\n<h3 class=\"wp-block-heading\"><strong>Mercado Municipal: Sabores Tradicionais de S\u00e3o Paulo<\/strong><br><\/h3>\n\n\n<div class=\"wp-block-image\">\n<figure class=\"alignright size-full is-resized\"><img loading=\"lazy\" decoding=\"async\" width=\"685\" height=\"450\" src=\"https:\/\/blog.saocamilo-sp.br\/wp-content\/uploads\/2025\/01\/image-5.png\" alt=\"\" class=\"wp-image-3365\" style=\"width:458px;height:auto\" srcset=\"https:\/\/blog.saocamilo-sp.br\/wp-content\/uploads\/2025\/01\/image-5.png 685w, https:\/\/blog.saocamilo-sp.br\/wp-content\/uploads\/2025\/01\/image-5-300x197.png 300w, https:\/\/blog.saocamilo-sp.br\/wp-content\/uploads\/2025\/01\/image-5-600x394.png 600w\" sizes=\"auto, (max-width: 685px) 100vw, 685px\" \/><figcaption class=\"wp-element-caption\">Mercado Municipal<\/figcaption><\/figure>\n<\/div>\n\n\n<p>Uma visita ao Mercado Municipal \u00e9 indispens\u00e1vel, especialmente para os amantes de gastronomia. Experimente o tradicional sandu\u00edche de mortadela ou o pastel de bacalhau enquanto explora as barracas repletas de ingredientes \u00fanicos.<\/p>\n\n\n\n<blockquote class=\"wp-block-quote is-layout-flow wp-block-quote-is-layout-flow\">\n<p><em>Dica: Prefira hor\u00e1rios menos movimentados para aproveitar melhor o ambiente e fazer boas compras.<\/em><\/p>\n<\/blockquote>\n\n\n\n<hr class=\"wp-block-separator has-alpha-channel-opacity\"\/>\n\n\n\n<h3 class=\"wp-block-heading\"><strong>Museu do Futebol: Paix\u00e3o Nacional em Exposi\u00e7\u00e3o<\/strong><br><\/h3>\n\n\n<div class=\"wp-block-image\">\n<figure class=\"alignleft size-full is-resized\"><img loading=\"lazy\" decoding=\"async\" width=\"800\" height=\"414\" src=\"https:\/\/blog.saocamilo-sp.br\/wp-content\/uploads\/2025\/01\/image-6.png\" alt=\"\" class=\"wp-image-3366\" style=\"width:513px;height:auto\" srcset=\"https:\/\/blog.saocamilo-sp.br\/wp-content\/uploads\/2025\/01\/image-6.png 800w, https:\/\/blog.saocamilo-sp.br\/wp-content\/uploads\/2025\/01\/image-6-300x155.png 300w, https:\/\/blog.saocamilo-sp.br\/wp-content\/uploads\/2025\/01\/image-6-768x397.png 768w, https:\/\/blog.saocamilo-sp.br\/wp-content\/uploads\/2025\/01\/image-6-600x311.png 600w\" sizes=\"auto, (max-width: 800px) 100vw, 800px\" \/><figcaption class=\"wp-element-caption\">Est\u00e1dio Municipal- Paulo Machado de Carvalho<\/figcaption><\/figure>\n<\/div>\n\n\n<p>Localizado no Est\u00e1dio do Pacaembu, o Museu do Futebol \u00e9 uma atra\u00e7\u00e3o que mistura esporte e cultura de maneira interativa. Ele \u00e9 perfeito para visitantes de todas as idades.<\/p>\n\n\n\n<blockquote class=\"wp-block-quote is-layout-flow wp-block-quote-is-layout-flow\">\n<p><em>Curiosidade: O museu conta com \u00e1reas interativas que fazem voc\u00ea se sentir parte do jogo.<\/em><\/p>\n<\/blockquote>\n\n\n\n<hr class=\"wp-block-separator has-alpha-channel-opacity\"\/>\n\n\n\n<h3 class=\"wp-block-heading\"><strong>Rua 25 de Mar\u00e7o: Compras e Divers\u00e3o no Maior Centro Comercial do Brasil<\/strong><\/h3>\n\n\n<div class=\"wp-block-image\">\n<figure class=\"alignright size-full is-resized\"><img loading=\"lazy\" decoding=\"async\" width=\"600\" height=\"315\" src=\"https:\/\/blog.saocamilo-sp.br\/wp-content\/uploads\/2025\/01\/image-7.png\" alt=\"\" class=\"wp-image-3367\" style=\"width:424px;height:auto\" srcset=\"https:\/\/blog.saocamilo-sp.br\/wp-content\/uploads\/2025\/01\/image-7.png 600w, https:\/\/blog.saocamilo-sp.br\/wp-content\/uploads\/2025\/01\/image-7-300x158.png 300w\" sizes=\"auto, (max-width: 600px) 100vw, 600px\" \/><figcaption class=\"wp-element-caption\">Rua 25 de Mar\u00e7o<\/figcaption><\/figure>\n<\/div>\n\n\n<p>Para quem ama compras, a Rua 25 de Mar\u00e7o \u00e9 um destino indispens\u00e1vel. Durante o anivers\u00e1rio da cidade, a regi\u00e3o fica ainda mais vibrante, com promo\u00e7\u00f5es e novidades.<\/p>\n\n\n\n<blockquote class=\"wp-block-quote is-layout-flow wp-block-quote-is-layout-flow\">\n<p><em>Aviso: V\u00e1 com roupas confort\u00e1veis e fique atento \u00e0s multid\u00f5es para garantir uma experi\u00eancia agrad\u00e1vel.<\/em><\/p>\n<\/blockquote>\n\n\n\n<hr class=\"wp-block-separator has-alpha-channel-opacity\"\/>\n\n\n\n<h3 class=\"wp-block-heading\"><strong>S\u00e3o Paulo, Uma Cidade Para Todos os Gostos<\/strong><\/h3>\n\n\n\n<p>O anivers\u00e1rio de S\u00e3o Paulo \u00e9 a oportunidade perfeita para redescobrir a cidade e tudo o que ela tem a oferecer. Desde seus parques e museus at\u00e9 a gastronomia e a arte urbana, h\u00e1 algo para todos os perfis. Ent\u00e3o, escolha seus destinos favoritos e aproveite este dia especial para explorar cada canto da maior metr\u00f3pole do Brasil.<\/p>\n\n\n\n<blockquote class=\"wp-block-quote is-layout-flow wp-block-quote-is-layout-flow\">\n<p><em>Aproveite tamb\u00e9m para compartilhar suas experi\u00eancias e marcar a cidade em suas redes sociais. Afinal, S\u00e3o Paulo \u00e9 feita de hist\u00f3rias, e a sua pode ser uma delas!<\/em><\/p>\n<\/blockquote>\n\n\n\n<p>Veja tamb\u00e9m:<br><a href=\"https:\/\/blog.saocamilo-sp.br\/index.php\/2024\/12\/21\/verao-2\/\">Bem-vindo, Ver\u00e3o! Celebrando o Primeiro Dia da Esta\u00e7\u00e3o com Cuidados<\/a><\/p>\n\n\n\n<p><a href=\"https:\/\/blog.saocamilo-sp.br\/index.php\/2023\/07\/07\/a-pesquisa-cientifica-no-centro-universitario-sao-camilo\/\" target=\"_blank\" rel=\"noreferrer noopener\"><\/a><a href=\"https:\/\/blog.saocamilo-sp.br\/index.php\/2023\/07\/07\/a-pesquisa-cientifica-no-centro-universitario-sao-camilo\/\" target=\"_blank\" rel=\"noreferrer noopener\"> impacto do atendimento humanizado em pacientes de radioterapia<\/a><\/p>\n\n\n\n<p><a href=\"https:\/\/blog.saocamilo-sp.br\/index.php\/2024\/09\/27\/ipiranga-tradicao-historia-e-modernidade\/\">Resist\u00eancia bacteriana: docentes e alunos de farm\u00e1cia realizam pesquisa sobre novas abordagens terap\u00eauticas<\/a><\/p>\n","protected":false},"excerpt":{"rendered":"<p>Conhecida como a maior metr\u00f3pole do Brasil, a cidade oferece uma infinidade de op\u00e7\u00f5es para quem deseja aproveitar o feriado de maneira especial. <\/p>\n","protected":false},"author":4,"featured_media":3400,"comment_status":"open","ping_status":"open","sticky":false,"template":"","format":"standard","meta":{"cybocfi_hide_featured_image":"","footnotes":""},"categories":[1],"tags":[],"class_list":["post-3359","post","type-post","status-publish","format-standard","has-post-thumbnail","hentry","category-cursos"],"yoast_head":"<!-- This site is optimized with the Yoast SEO plugin v27.5 - https:\/\/yoast.com\/product\/yoast-seo-wordpress\/ -->\n<title>Anivers\u00e1rio de S\u00e3o Paulo: descubra os melhores lugares para curtir a maior metr\u00f3pole do Brasil - Blog S\u00e3o Camilo<\/title>\n<meta name=\"description\" content=\"No dia 25 de janeiro, S\u00e3o Paulo celebra mais um ano de hist\u00f3ria, diversidade e cultura. Conhecida como a maior metr\u00f3pole do Brasil...\" \/>\n<meta name=\"robots\" content=\"index, follow, max-snippet:-1, max-image-preview:large, max-video-preview:-1\" \/>\n<link rel=\"canonical\" href=\"https:\/\/blog.saocamilo-sp.br\/index.php\/2025\/01\/25\/aniversario-de-sao-paulo-descubra-os-melhores-lugares-para-curtir-o-dia-na-maior-metropole-do-brasil\/\" \/>\n<meta property=\"og:locale\" content=\"pt_BR\" \/>\n<meta property=\"og:type\" content=\"article\" \/>\n<meta property=\"og:title\" content=\"Anivers\u00e1rio de S\u00e3o Paulo: descubra os melhores lugares para curtir a maior metr\u00f3pole do Brasil - Blog S\u00e3o Camilo\" \/>\n<meta property=\"og:description\" content=\"No dia 25 de janeiro, S\u00e3o Paulo celebra mais um ano de hist\u00f3ria, diversidade e cultura. Conhecida como a maior metr\u00f3pole do Brasil...\" \/>\n<meta property=\"og:url\" content=\"https:\/\/blog.saocamilo-sp.br\/index.php\/2025\/01\/25\/aniversario-de-sao-paulo-descubra-os-melhores-lugares-para-curtir-o-dia-na-maior-metropole-do-brasil\/\" \/>\n<meta property=\"og:site_name\" content=\"Blog S\u00e3o Camilo\" \/>\n<meta property=\"article:publisher\" content=\"https:\/\/www.facebook.com\/saocamilosp\" \/>\n<meta property=\"article:published_time\" content=\"2025-01-25T12:00:00+00:00\" \/>\n<meta property=\"article:modified_time\" content=\"2025-02-13T13:45:50+00:00\" \/>\n<meta property=\"og:image\" content=\"https:\/\/blog.saocamilo-sp.br\/wp-content\/uploads\/2025\/01\/Blog-Janeiro_Topo-Aniversario-de-Sao-Paulo.jpg\" \/>\n\t<meta property=\"og:image:width\" content=\"525\" \/>\n\t<meta property=\"og:image:height\" content=\"392\" \/>\n\t<meta property=\"og:image:type\" content=\"image\/jpeg\" \/>\n<meta name=\"author\" content=\"Lucas Soares Gon\u00e7alves\" \/>\n<meta name=\"twitter:card\" content=\"summary_large_image\" \/>\n<meta name=\"twitter:creator\" content=\"@saocamilosp\" \/>\n<meta name=\"twitter:site\" content=\"@saocamilosp\" \/>\n<meta name=\"twitter:label1\" content=\"Escrito por\" \/>\n\t<meta name=\"twitter:data1\" content=\"Lucas Soares Gon\u00e7alves\" \/>\n\t<meta name=\"twitter:label2\" content=\"Est. tempo de leitura\" \/>\n\t<meta name=\"twitter:data2\" content=\"5 minutos\" \/>\n<script type=\"application\/ld+json\" class=\"yoast-schema-graph\">{\"@context\":\"https:\\\/\\\/schema.org\",\"@graph\":[{\"@type\":\"Article\",\"@id\":\"https:\\\/\\\/blog.saocamilo-sp.br\\\/index.php\\\/2025\\\/01\\\/25\\\/aniversario-de-sao-paulo-descubra-os-melhores-lugares-para-curtir-o-dia-na-maior-metropole-do-brasil\\\/#article\",\"isPartOf\":{\"@id\":\"https:\\\/\\\/blog.saocamilo-sp.br\\\/index.php\\\/2025\\\/01\\\/25\\\/aniversario-de-sao-paulo-descubra-os-melhores-lugares-para-curtir-o-dia-na-maior-metropole-do-brasil\\\/\"},\"author\":{\"name\":\"Lucas Soares Gon\u00e7alves\",\"@id\":\"https:\\\/\\\/blog.saocamilo-sp.br\\\/#\\\/schema\\\/person\\\/781135418152912d4b58f2db13a2eaf0\"},\"headline\":\"Anivers\u00e1rio de S\u00e3o Paulo: descubra os melhores lugares para curtir a maior metr\u00f3pole do Brasil\",\"datePublished\":\"2025-01-25T12:00:00+00:00\",\"dateModified\":\"2025-02-13T13:45:50+00:00\",\"mainEntityOfPage\":{\"@id\":\"https:\\\/\\\/blog.saocamilo-sp.br\\\/index.php\\\/2025\\\/01\\\/25\\\/aniversario-de-sao-paulo-descubra-os-melhores-lugares-para-curtir-o-dia-na-maior-metropole-do-brasil\\\/\"},\"wordCount\":737,\"commentCount\":0,\"publisher\":{\"@id\":\"https:\\\/\\\/blog.saocamilo-sp.br\\\/#organization\"},\"image\":{\"@id\":\"https:\\\/\\\/blog.saocamilo-sp.br\\\/index.php\\\/2025\\\/01\\\/25\\\/aniversario-de-sao-paulo-descubra-os-melhores-lugares-para-curtir-o-dia-na-maior-metropole-do-brasil\\\/#primaryimage\"},\"thumbnailUrl\":\"https:\\\/\\\/blog.saocamilo-sp.br\\\/wp-content\\\/uploads\\\/2025\\\/01\\\/Blog-Janeiro_Topo-Aniversario-de-Sao-Paulo.jpg\",\"articleSection\":[\"Cursos\"],\"inLanguage\":\"pt-BR\",\"potentialAction\":[{\"@type\":\"CommentAction\",\"name\":\"Comment\",\"target\":[\"https:\\\/\\\/blog.saocamilo-sp.br\\\/index.php\\\/2025\\\/01\\\/25\\\/aniversario-de-sao-paulo-descubra-os-melhores-lugares-para-curtir-o-dia-na-maior-metropole-do-brasil\\\/#respond\"]}]},{\"@type\":\"WebPage\",\"@id\":\"https:\\\/\\\/blog.saocamilo-sp.br\\\/index.php\\\/2025\\\/01\\\/25\\\/aniversario-de-sao-paulo-descubra-os-melhores-lugares-para-curtir-o-dia-na-maior-metropole-do-brasil\\\/\",\"url\":\"https:\\\/\\\/blog.saocamilo-sp.br\\\/index.php\\\/2025\\\/01\\\/25\\\/aniversario-de-sao-paulo-descubra-os-melhores-lugares-para-curtir-o-dia-na-maior-metropole-do-brasil\\\/\",\"name\":\"Anivers\u00e1rio de S\u00e3o Paulo: descubra os melhores lugares para curtir a maior metr\u00f3pole do Brasil - Blog S\u00e3o Camilo\",\"isPartOf\":{\"@id\":\"https:\\\/\\\/blog.saocamilo-sp.br\\\/#website\"},\"primaryImageOfPage\":{\"@id\":\"https:\\\/\\\/blog.saocamilo-sp.br\\\/index.php\\\/2025\\\/01\\\/25\\\/aniversario-de-sao-paulo-descubra-os-melhores-lugares-para-curtir-o-dia-na-maior-metropole-do-brasil\\\/#primaryimage\"},\"image\":{\"@id\":\"https:\\\/\\\/blog.saocamilo-sp.br\\\/index.php\\\/2025\\\/01\\\/25\\\/aniversario-de-sao-paulo-descubra-os-melhores-lugares-para-curtir-o-dia-na-maior-metropole-do-brasil\\\/#primaryimage\"},\"thumbnailUrl\":\"https:\\\/\\\/blog.saocamilo-sp.br\\\/wp-content\\\/uploads\\\/2025\\\/01\\\/Blog-Janeiro_Topo-Aniversario-de-Sao-Paulo.jpg\",\"datePublished\":\"2025-01-25T12:00:00+00:00\",\"dateModified\":\"2025-02-13T13:45:50+00:00\",\"description\":\"No dia 25 de janeiro, S\u00e3o Paulo celebra mais um ano de hist\u00f3ria, diversidade e cultura. Conhecida como a maior metr\u00f3pole do Brasil...\",\"breadcrumb\":{\"@id\":\"https:\\\/\\\/blog.saocamilo-sp.br\\\/index.php\\\/2025\\\/01\\\/25\\\/aniversario-de-sao-paulo-descubra-os-melhores-lugares-para-curtir-o-dia-na-maior-metropole-do-brasil\\\/#breadcrumb\"},\"inLanguage\":\"pt-BR\",\"potentialAction\":[{\"@type\":\"ReadAction\",\"target\":[\"https:\\\/\\\/blog.saocamilo-sp.br\\\/index.php\\\/2025\\\/01\\\/25\\\/aniversario-de-sao-paulo-descubra-os-melhores-lugares-para-curtir-o-dia-na-maior-metropole-do-brasil\\\/\"]}]},{\"@type\":\"ImageObject\",\"inLanguage\":\"pt-BR\",\"@id\":\"https:\\\/\\\/blog.saocamilo-sp.br\\\/index.php\\\/2025\\\/01\\\/25\\\/aniversario-de-sao-paulo-descubra-os-melhores-lugares-para-curtir-o-dia-na-maior-metropole-do-brasil\\\/#primaryimage\",\"url\":\"https:\\\/\\\/blog.saocamilo-sp.br\\\/wp-content\\\/uploads\\\/2025\\\/01\\\/Blog-Janeiro_Topo-Aniversario-de-Sao-Paulo.jpg\",\"contentUrl\":\"https:\\\/\\\/blog.saocamilo-sp.br\\\/wp-content\\\/uploads\\\/2025\\\/01\\\/Blog-Janeiro_Topo-Aniversario-de-Sao-Paulo.jpg\",\"width\":525,\"height\":392,\"caption\":\"No dia 25 de janeiro, S\u00e3o Paulo celebra mais um ano de hist\u00f3ria, diversidade e cultura. Conhecida como a maior metr\u00f3pole do Brasil...\"},{\"@type\":\"BreadcrumbList\",\"@id\":\"https:\\\/\\\/blog.saocamilo-sp.br\\\/index.php\\\/2025\\\/01\\\/25\\\/aniversario-de-sao-paulo-descubra-os-melhores-lugares-para-curtir-o-dia-na-maior-metropole-do-brasil\\\/#breadcrumb\",\"itemListElement\":[{\"@type\":\"ListItem\",\"position\":1,\"name\":\"In\u00edcio\",\"item\":\"https:\\\/\\\/blog.saocamilo-sp.br\\\/\"},{\"@type\":\"ListItem\",\"position\":2,\"name\":\"Anivers\u00e1rio de S\u00e3o Paulo: descubra os melhores lugares para curtir a maior metr\u00f3pole do Brasil\"}]},{\"@type\":\"WebSite\",\"@id\":\"https:\\\/\\\/blog.saocamilo-sp.br\\\/#website\",\"url\":\"https:\\\/\\\/blog.saocamilo-sp.br\\\/\",\"name\":\"Blog S\u00e3o Camilo\",\"description\":\"Blog do Centro Universit\u00e1rio S\u00e3o Camilo\",\"publisher\":{\"@id\":\"https:\\\/\\\/blog.saocamilo-sp.br\\\/#organization\"},\"potentialAction\":[{\"@type\":\"SearchAction\",\"target\":{\"@type\":\"EntryPoint\",\"urlTemplate\":\"https:\\\/\\\/blog.saocamilo-sp.br\\\/?s={search_term_string}\"},\"query-input\":{\"@type\":\"PropertyValueSpecification\",\"valueRequired\":true,\"valueName\":\"search_term_string\"}}],\"inLanguage\":\"pt-BR\"},{\"@type\":\"Organization\",\"@id\":\"https:\\\/\\\/blog.saocamilo-sp.br\\\/#organization\",\"name\":\"Blog S\u00e3o Camilo\",\"url\":\"https:\\\/\\\/blog.saocamilo-sp.br\\\/\",\"logo\":{\"@type\":\"ImageObject\",\"inLanguage\":\"pt-BR\",\"@id\":\"https:\\\/\\\/blog.saocamilo-sp.br\\\/#\\\/schema\\\/logo\\\/image\\\/\",\"url\":\"https:\\\/\\\/blog.saocamilo-sp.br\\\/wp-content\\\/uploads\\\/2021\\\/12\\\/cropped-vazio-logo-topo.png\",\"contentUrl\":\"https:\\\/\\\/blog.saocamilo-sp.br\\\/wp-content\\\/uploads\\\/2021\\\/12\\\/cropped-vazio-logo-topo.png\",\"width\":320,\"height\":240,\"caption\":\"Blog S\u00e3o Camilo\"},\"image\":{\"@id\":\"https:\\\/\\\/blog.saocamilo-sp.br\\\/#\\\/schema\\\/logo\\\/image\\\/\"},\"sameAs\":[\"https:\\\/\\\/www.facebook.com\\\/saocamilosp\",\"https:\\\/\\\/x.com\\\/saocamilosp\",\"https:\\\/\\\/www.linkedin.com\\\/school\\\/centro-universit-rio-s-o-camilo\\\/\"]},{\"@type\":\"Person\",\"@id\":\"https:\\\/\\\/blog.saocamilo-sp.br\\\/#\\\/schema\\\/person\\\/781135418152912d4b58f2db13a2eaf0\",\"name\":\"Lucas Soares Gon\u00e7alves\",\"image\":{\"@type\":\"ImageObject\",\"inLanguage\":\"pt-BR\",\"@id\":\"https:\\\/\\\/secure.gravatar.com\\\/avatar\\\/bcd2d703cbb48116eaac2cac8643792535238ff30b2d7ce9e16f9254ec9cae83?s=96&d=mm&r=g\",\"url\":\"https:\\\/\\\/secure.gravatar.com\\\/avatar\\\/bcd2d703cbb48116eaac2cac8643792535238ff30b2d7ce9e16f9254ec9cae83?s=96&d=mm&r=g\",\"contentUrl\":\"https:\\\/\\\/secure.gravatar.com\\\/avatar\\\/bcd2d703cbb48116eaac2cac8643792535238ff30b2d7ce9e16f9254ec9cae83?s=96&d=mm&r=g\",\"caption\":\"Lucas Soares Gon\u00e7alves\"},\"url\":\"https:\\\/\\\/blog.saocamilo-sp.br\\\/index.php\\\/author\\\/lucas-soares-goncalves\\\/\"}]}<\/script>\n<!-- \/ Yoast SEO plugin. -->","yoast_head_json":{"title":"Anivers\u00e1rio de S\u00e3o Paulo: descubra os melhores lugares para curtir a maior metr\u00f3pole do Brasil - Blog S\u00e3o Camilo","description":"No dia 25 de janeiro, S\u00e3o Paulo celebra mais um ano de hist\u00f3ria, diversidade e cultura. Conhecida como a maior metr\u00f3pole do Brasil...","robots":{"index":"index","follow":"follow","max-snippet":"max-snippet:-1","max-image-preview":"max-image-preview:large","max-video-preview":"max-video-preview:-1"},"canonical":"https:\/\/blog.saocamilo-sp.br\/index.php\/2025\/01\/25\/aniversario-de-sao-paulo-descubra-os-melhores-lugares-para-curtir-o-dia-na-maior-metropole-do-brasil\/","og_locale":"pt_BR","og_type":"article","og_title":"Anivers\u00e1rio de S\u00e3o Paulo: descubra os melhores lugares para curtir a maior metr\u00f3pole do Brasil - Blog S\u00e3o Camilo","og_description":"No dia 25 de janeiro, S\u00e3o Paulo celebra mais um ano de hist\u00f3ria, diversidade e cultura. Conhecida como a maior metr\u00f3pole do Brasil...","og_url":"https:\/\/blog.saocamilo-sp.br\/index.php\/2025\/01\/25\/aniversario-de-sao-paulo-descubra-os-melhores-lugares-para-curtir-o-dia-na-maior-metropole-do-brasil\/","og_site_name":"Blog S\u00e3o Camilo","article_publisher":"https:\/\/www.facebook.com\/saocamilosp","article_published_time":"2025-01-25T12:00:00+00:00","article_modified_time":"2025-02-13T13:45:50+00:00","og_image":[{"width":525,"height":392,"url":"https:\/\/blog.saocamilo-sp.br\/wp-content\/uploads\/2025\/01\/Blog-Janeiro_Topo-Aniversario-de-Sao-Paulo.jpg","type":"image\/jpeg"}],"author":"Lucas Soares Gon\u00e7alves","twitter_card":"summary_large_image","twitter_creator":"@saocamilosp","twitter_site":"@saocamilosp","twitter_misc":{"Escrito por":"Lucas Soares Gon\u00e7alves","Est. tempo de leitura":"5 minutos"},"schema":{"@context":"https:\/\/schema.org","@graph":[{"@type":"Article","@id":"https:\/\/blog.saocamilo-sp.br\/index.php\/2025\/01\/25\/aniversario-de-sao-paulo-descubra-os-melhores-lugares-para-curtir-o-dia-na-maior-metropole-do-brasil\/#article","isPartOf":{"@id":"https:\/\/blog.saocamilo-sp.br\/index.php\/2025\/01\/25\/aniversario-de-sao-paulo-descubra-os-melhores-lugares-para-curtir-o-dia-na-maior-metropole-do-brasil\/"},"author":{"name":"Lucas Soares Gon\u00e7alves","@id":"https:\/\/blog.saocamilo-sp.br\/#\/schema\/person\/781135418152912d4b58f2db13a2eaf0"},"headline":"Anivers\u00e1rio de S\u00e3o Paulo: descubra os melhores lugares para curtir a maior metr\u00f3pole do Brasil","datePublished":"2025-01-25T12:00:00+00:00","dateModified":"2025-02-13T13:45:50+00:00","mainEntityOfPage":{"@id":"https:\/\/blog.saocamilo-sp.br\/index.php\/2025\/01\/25\/aniversario-de-sao-paulo-descubra-os-melhores-lugares-para-curtir-o-dia-na-maior-metropole-do-brasil\/"},"wordCount":737,"commentCount":0,"publisher":{"@id":"https:\/\/blog.saocamilo-sp.br\/#organization"},"image":{"@id":"https:\/\/blog.saocamilo-sp.br\/index.php\/2025\/01\/25\/aniversario-de-sao-paulo-descubra-os-melhores-lugares-para-curtir-o-dia-na-maior-metropole-do-brasil\/#primaryimage"},"thumbnailUrl":"https:\/\/blog.saocamilo-sp.br\/wp-content\/uploads\/2025\/01\/Blog-Janeiro_Topo-Aniversario-de-Sao-Paulo.jpg","articleSection":["Cursos"],"inLanguage":"pt-BR","potentialAction":[{"@type":"CommentAction","name":"Comment","target":["https:\/\/blog.saocamilo-sp.br\/index.php\/2025\/01\/25\/aniversario-de-sao-paulo-descubra-os-melhores-lugares-para-curtir-o-dia-na-maior-metropole-do-brasil\/#respond"]}]},{"@type":"WebPage","@id":"https:\/\/blog.saocamilo-sp.br\/index.php\/2025\/01\/25\/aniversario-de-sao-paulo-descubra-os-melhores-lugares-para-curtir-o-dia-na-maior-metropole-do-brasil\/","url":"https:\/\/blog.saocamilo-sp.br\/index.php\/2025\/01\/25\/aniversario-de-sao-paulo-descubra-os-melhores-lugares-para-curtir-o-dia-na-maior-metropole-do-brasil\/","name":"Anivers\u00e1rio de S\u00e3o Paulo: descubra os melhores lugares para curtir a maior metr\u00f3pole do Brasil - Blog S\u00e3o Camilo","isPartOf":{"@id":"https:\/\/blog.saocamilo-sp.br\/#website"},"primaryImageOfPage":{"@id":"https:\/\/blog.saocamilo-sp.br\/index.php\/2025\/01\/25\/aniversario-de-sao-paulo-descubra-os-melhores-lugares-para-curtir-o-dia-na-maior-metropole-do-brasil\/#primaryimage"},"image":{"@id":"https:\/\/blog.saocamilo-sp.br\/index.php\/2025\/01\/25\/aniversario-de-sao-paulo-descubra-os-melhores-lugares-para-curtir-o-dia-na-maior-metropole-do-brasil\/#primaryimage"},"thumbnailUrl":"https:\/\/blog.saocamilo-sp.br\/wp-content\/uploads\/2025\/01\/Blog-Janeiro_Topo-Aniversario-de-Sao-Paulo.jpg","datePublished":"2025-01-25T12:00:00+00:00","dateModified":"2025-02-13T13:45:50+00:00","description":"No dia 25 de janeiro, S\u00e3o Paulo celebra mais um ano de hist\u00f3ria, diversidade e cultura. Conhecida como a maior metr\u00f3pole do Brasil...","breadcrumb":{"@id":"https:\/\/blog.saocamilo-sp.br\/index.php\/2025\/01\/25\/aniversario-de-sao-paulo-descubra-os-melhores-lugares-para-curtir-o-dia-na-maior-metropole-do-brasil\/#breadcrumb"},"inLanguage":"pt-BR","potentialAction":[{"@type":"ReadAction","target":["https:\/\/blog.saocamilo-sp.br\/index.php\/2025\/01\/25\/aniversario-de-sao-paulo-descubra-os-melhores-lugares-para-curtir-o-dia-na-maior-metropole-do-brasil\/"]}]},{"@type":"ImageObject","inLanguage":"pt-BR","@id":"https:\/\/blog.saocamilo-sp.br\/index.php\/2025\/01\/25\/aniversario-de-sao-paulo-descubra-os-melhores-lugares-para-curtir-o-dia-na-maior-metropole-do-brasil\/#primaryimage","url":"https:\/\/blog.saocamilo-sp.br\/wp-content\/uploads\/2025\/01\/Blog-Janeiro_Topo-Aniversario-de-Sao-Paulo.jpg","contentUrl":"https:\/\/blog.saocamilo-sp.br\/wp-content\/uploads\/2025\/01\/Blog-Janeiro_Topo-Aniversario-de-Sao-Paulo.jpg","width":525,"height":392,"caption":"No dia 25 de janeiro, S\u00e3o Paulo celebra mais um ano de hist\u00f3ria, diversidade e cultura. Conhecida como a maior metr\u00f3pole do Brasil..."},{"@type":"BreadcrumbList","@id":"https:\/\/blog.saocamilo-sp.br\/index.php\/2025\/01\/25\/aniversario-de-sao-paulo-descubra-os-melhores-lugares-para-curtir-o-dia-na-maior-metropole-do-brasil\/#breadcrumb","itemListElement":[{"@type":"ListItem","position":1,"name":"In\u00edcio","item":"https:\/\/blog.saocamilo-sp.br\/"},{"@type":"ListItem","position":2,"name":"Anivers\u00e1rio de S\u00e3o Paulo: descubra os melhores lugares para curtir a maior metr\u00f3pole do Brasil"}]},{"@type":"WebSite","@id":"https:\/\/blog.saocamilo-sp.br\/#website","url":"https:\/\/blog.saocamilo-sp.br\/","name":"Blog S\u00e3o Camilo","description":"Blog do Centro Universit\u00e1rio S\u00e3o Camilo","publisher":{"@id":"https:\/\/blog.saocamilo-sp.br\/#organization"},"potentialAction":[{"@type":"SearchAction","target":{"@type":"EntryPoint","urlTemplate":"https:\/\/blog.saocamilo-sp.br\/?s={search_term_string}"},"query-input":{"@type":"PropertyValueSpecification","valueRequired":true,"valueName":"search_term_string"}}],"inLanguage":"pt-BR"},{"@type":"Organization","@id":"https:\/\/blog.saocamilo-sp.br\/#organization","name":"Blog S\u00e3o Camilo","url":"https:\/\/blog.saocamilo-sp.br\/","logo":{"@type":"ImageObject","inLanguage":"pt-BR","@id":"https:\/\/blog.saocamilo-sp.br\/#\/schema\/logo\/image\/","url":"https:\/\/blog.saocamilo-sp.br\/wp-content\/uploads\/2021\/12\/cropped-vazio-logo-topo.png","contentUrl":"https:\/\/blog.saocamilo-sp.br\/wp-content\/uploads\/2021\/12\/cropped-vazio-logo-topo.png","width":320,"height":240,"caption":"Blog S\u00e3o Camilo"},"image":{"@id":"https:\/\/blog.saocamilo-sp.br\/#\/schema\/logo\/image\/"},"sameAs":["https:\/\/www.facebook.com\/saocamilosp","https:\/\/x.com\/saocamilosp","https:\/\/www.linkedin.com\/school\/centro-universit-rio-s-o-camilo\/"]},{"@type":"Person","@id":"https:\/\/blog.saocamilo-sp.br\/#\/schema\/person\/781135418152912d4b58f2db13a2eaf0","name":"Lucas Soares Gon\u00e7alves","image":{"@type":"ImageObject","inLanguage":"pt-BR","@id":"https:\/\/secure.gravatar.com\/avatar\/bcd2d703cbb48116eaac2cac8643792535238ff30b2d7ce9e16f9254ec9cae83?s=96&d=mm&r=g","url":"https:\/\/secure.gravatar.com\/avatar\/bcd2d703cbb48116eaac2cac8643792535238ff30b2d7ce9e16f9254ec9cae83?s=96&d=mm&r=g","contentUrl":"https:\/\/secure.gravatar.com\/avatar\/bcd2d703cbb48116eaac2cac8643792535238ff30b2d7ce9e16f9254ec9cae83?s=96&d=mm&r=g","caption":"Lucas Soares Gon\u00e7alves"},"url":"https:\/\/blog.saocamilo-sp.br\/index.php\/author\/lucas-soares-goncalves\/"}]}},"_links":{"self":[{"href":"https:\/\/blog.saocamilo-sp.br\/index.php\/wp-json\/wp\/v2\/posts\/3359","targetHints":{"allow":["GET"]}}],"collection":[{"href":"https:\/\/blog.saocamilo-sp.br\/index.php\/wp-json\/wp\/v2\/posts"}],"about":[{"href":"https:\/\/blog.saocamilo-sp.br\/index.php\/wp-json\/wp\/v2\/types\/post"}],"author":[{"embeddable":true,"href":"https:\/\/blog.saocamilo-sp.br\/index.php\/wp-json\/wp\/v2\/users\/4"}],"replies":[{"embeddable":true,"href":"https:\/\/blog.saocamilo-sp.br\/index.php\/wp-json\/wp\/v2\/comments?post=3359"}],"version-history":[{"count":3,"href":"https:\/\/blog.saocamilo-sp.br\/index.php\/wp-json\/wp\/v2\/posts\/3359\/revisions"}],"predecessor-version":[{"id":3418,"href":"https:\/\/blog.saocamilo-sp.br\/index.php\/wp-json\/wp\/v2\/posts\/3359\/revisions\/3418"}],"wp:featuredmedia":[{"embeddable":true,"href":"https:\/\/blog.saocamilo-sp.br\/index.php\/wp-json\/wp\/v2\/media\/3400"}],"wp:attachment":[{"href":"https:\/\/blog.saocamilo-sp.br\/index.php\/wp-json\/wp\/v2\/media?parent=3359"}],"wp:term":[{"taxonomy":"category","embeddable":true,"href":"https:\/\/blog.saocamilo-sp.br\/index.php\/wp-json\/wp\/v2\/categories?post=3359"},{"taxonomy":"post_tag","embeddable":true,"href":"https:\/\/blog.saocamilo-sp.br\/index.php\/wp-json\/wp\/v2\/tags?post=3359"}],"curies":[{"name":"wp","href":"https:\/\/api.w.org\/{rel}","templated":true}]}}