{"id":3370,"date":"2025-01-22T14:26:01","date_gmt":"2025-01-22T17:26:01","guid":{"rendered":"https:\/\/blog.saocamilo-sp.br\/?p=3370"},"modified":"2025-02-13T09:31:17","modified_gmt":"2025-02-13T12:31:17","slug":"coordenadora-de-nutricao-fala-sobre-intoxicacao-alimentar-no-verao","status":"publish","type":"post","link":"https:\/\/blog.saocamilo-sp.br\/index.php\/2025\/01\/22\/coordenadora-de-nutricao-fala-sobre-intoxicacao-alimentar-no-verao\/","title":{"rendered":"Coordenadora de Nutri\u00e7\u00e3o fala sobre intoxica\u00e7\u00e3o alimentar no ver\u00e3o"},"content":{"rendered":"\n<p>Cuidados b\u00e1sicos na cozinha e cautela em rela\u00e7\u00e3o \u00e0 alimenta\u00e7\u00e3o fora de casa s\u00e3o essenciais para a<br>preven\u00e7\u00e3o do quadro.<\/p>\n\n\n\n<p>O calor t\u00edpico do ver\u00e3o torna dif\u00edcil conservar bem os alimentos, mesmo na geladeira, criando o ambiente ideal para a prolifera\u00e7\u00e3o de v\u00edrus e bact\u00e9rias. Isso aumenta os casos de intoxica\u00e7\u00e3o alimentar, especialmente nessa esta\u00e7\u00e3o. Os sintomas comuns incluem c\u00f3licas, n\u00e1useas, diarreia e desidrata\u00e7\u00e3o. A preven\u00e7\u00e3o est\u00e1 na aten\u00e7\u00e3o redobrada com o que ingerimos. A seguir, confira as recomenda\u00e7\u00f5es de especialistas em nutri\u00e7\u00e3o, infectologia e gastroenterologia, ouvidos pelo <em>Estad\u00e3o<\/em>.<\/p>\n\n\n\n<h3 class=\"wp-block-heading\">O Que \u00e9 Intoxica\u00e7\u00e3o Alimentar?<\/h3>\n\n\n\n<p>Intoxica\u00e7\u00e3o alimentar, tamb\u00e9m chamada de gastroenterite aguda, \u00e9 uma inflama\u00e7\u00e3o do est\u00f4mago e intestinos. Ela ocorre ap\u00f3s a ingest\u00e3o de alimentos ou bebidas contaminados por micro-organismos ou toxinas liberadas por eles. A gastroenterite pode ser viral, geralmente causada por rotav\u00edrus, ou bacteriana, envolvendo bact\u00e9rias como Salmonella e E. Coli.<\/p>\n\n\n\n<p>De acordo com o gastroenterologista Paulo Barros, cirurgi\u00e3o do aparelho digestivo no Hospital Alem\u00e3o Oswaldo Cruz, a intoxica\u00e7\u00e3o alimentar \u00e9 mais comum durante o ver\u00e3o, especialmente devido \u00e0s toxinas liberadas por bact\u00e9rias ap\u00f3s a prolifera\u00e7\u00e3o em alimentos mal armazenados.<\/p>\n\n\n\n<h3 class=\"wp-block-heading\">Sintomas e Riscos<\/h3>\n\n\n\n<p>Os principais sintomas incluem c\u00f3licas, n\u00e1useas, v\u00f4mito, fraqueza, febre e diarreia. Segundo a infectologista Maria Lu\u00edsa Moura, gerente m\u00e9dica do Hospital Vila Nova Star, os sintomas geralmente desaparecem em poucos dias. No entanto, a intoxica\u00e7\u00e3o alimentar causa a perda de l\u00edquidos e eletr\u00f3litos, podendo evoluir para desidrata\u00e7\u00e3o. Isso \u00e9 mais perigoso para crian\u00e7as, idosos e pessoas imunocomprometidas, destacando a import\u00e2ncia da preven\u00e7\u00e3o.<\/p>\n\n\n\n<h3 class=\"wp-block-heading\">Principais Causas e Formas de Contamina\u00e7\u00e3o<\/h3>\n\n\n\n<p>Sandra Chemin, nutricionista e coordenadora do curso de Nutri\u00e7\u00e3o do <a href=\"https:\/\/saocamilo-sp.br\/\">Centro Universit\u00e1rio S\u00e3o Camilo<\/a>, explica que a contamina\u00e7\u00e3o cruzada \u00e9 uma das principais causas de intoxica\u00e7\u00e3o alimentar. Isso ocorre quando bact\u00e9rias de alimentos in natura, utens\u00edlios ou superf\u00edcies contaminadas s\u00e3o transferidas para outros alimentos. Exemplos comuns incluem o uso de utens\u00edlios sujos para preparar alimentos crus ou a armazenagem inadequada de alimentos no mesmo recipiente.<\/p>\n\n\n\n<p>Outros erros frequentes incluem:<\/p>\n\n\n\n<ul class=\"wp-block-list\">\n<li>Armazenar alimentos de diferentes origens juntos.<\/li>\n\n\n\n<li>Colocar materiais contaminados sobre superf\u00edcies de preparo.<\/li>\n\n\n\n<li>Abrir a geladeira desnecessariamente e manter a porta aberta.<\/li>\n\n\n\n<li>Utilizar alimentos fora da validade ou n\u00e3o higienizar adequadamente a geladeira.<\/li>\n\n\n\n<li>Descongelar alimentos \u00e0 temperatura ambiente, em vez de na geladeira ou micro-ondas.<\/li>\n\n\n\n<li>N\u00e3o higienizar bem vegetais que ser\u00e3o consumidos crus.<\/li>\n<\/ul>\n\n\n\n<h3 class=\"wp-block-heading\">Como Evitar a Intoxica\u00e7\u00e3o Alimentar<\/h3>\n\n\n\n<p>Maria Lu\u00edsa destaca a import\u00e2ncia da higiene ao manusear alimentos, com lavagem das m\u00e3os, limpeza dos utens\u00edlios e aten\u00e7\u00e3o ao tempo que os alimentos ficam \u00e0 temperatura ambiente. A nutricionista Sandra Chemin ressalta que cozinhar bem os alimentos \u00e9 essencial, pois as bact\u00e9rias patog\u00eanicas se multiplicam em temperaturas acima de 45 \u00baC, enquanto mofos e leveduras n\u00e3o sobrevivem a temperaturas superiores a 37 \u00baC.<\/p>\n\n\n\n<p>Em locais fora de casa, evite consumir alimentos de origem duvidosa ou preparados em condi\u00e7\u00f5es prec\u00e1rias de higiene, especialmente frutos do mar. Al\u00e9m disso, carregar \u00e1lcool em gel \u00e9 uma \u00f3tima medida para higienizar as m\u00e3os quando n\u00e3o houver acesso a \u00e1gua ou sab\u00e3o.<\/p>\n\n\n\n<p><strong>Leia tamb\u00e9m:<\/strong><br><a href=\"https:\/\/blog.saocamilo-sp.br\/index.php\/2025\/01\/02\/6-frutas-que-podem-turbinar-a-sua-hidratacao-no-verao\/\">6 frutas que podem turbinar a sua hidrata\u00e7\u00e3o no ver\u00e3o<\/a><\/p>\n\n\n\n<p><a href=\"https:\/\/blog.saocamilo-sp.br\/index.php\/2023\/07\/07\/a-pesquisa-cientifica-no-centro-universitario-sao-camilo\/\" target=\"_blank\" rel=\"noreferrer noopener\"><\/a><a href=\"https:\/\/blog.saocamilo-sp.br\/index.php\/2023\/07\/07\/a-pesquisa-cientifica-no-centro-universitario-sao-camilo\/\" target=\"_blank\" rel=\"noreferrer noopener\"><a href=\"https:\/\/blog.saocamilo-sp.br\/index.php\/2024\/03\/28\/saude\/\">Dia Nacional da Sa\u00fade e Nutri\u00e7\u00e3o: 10 dicas para uma alimenta\u00e7\u00e3o saud\u00e1vel<\/a><\/a><\/p>\n\n\n\n<p><a href=\"https:\/\/blog.saocamilo-sp.br\/index.php\/2024\/09\/27\/ipiranga-tradicao-historia-e-modernidade\/\"><a href=\"https:\/\/blog.saocamilo-sp.br\/index.php\/2024\/10\/24\/obesidade-infantil-docente-de-nutricao-conquista-premio-por-projeto-inovador\/\">Obesidade infantil: docente de Nutri\u00e7\u00e3o conquista pr\u00eamio por projeto inovador<\/a><\/a><\/p>\n","protected":false},"excerpt":{"rendered":"<p>Profa. Sandra Chemin destaca a contamina\u00e7\u00e3o cruzada como uma das principais causas da intoxica\u00e7\u00e3o alimentar.<\/p>\n","protected":false},"author":11,"featured_media":3394,"comment_status":"open","ping_status":"open","sticky":false,"template":"","format":"standard","meta":{"cybocfi_hide_featured_image":"","footnotes":""},"categories":[24],"tags":[],"class_list":["post-3370","post","type-post","status-publish","format-standard","has-post-thumbnail","hentry","category-nutricao"],"yoast_head":"<!-- This site is optimized with the Yoast SEO plugin v27.5 - https:\/\/yoast.com\/product\/yoast-seo-wordpress\/ -->\n<title>Coordenadora de Nutri\u00e7\u00e3o fala sobre intoxica\u00e7\u00e3o alimentar no ver\u00e3o<\/title>\n<meta name=\"description\" content=\"A Profa. Sandra Chemin destaca a contamina\u00e7\u00e3o cruzada como uma das principais causas da intoxica\u00e7\u00e3o alimentar.\" \/>\n<meta name=\"robots\" content=\"index, follow, max-snippet:-1, max-image-preview:large, max-video-preview:-1\" \/>\n<link rel=\"canonical\" href=\"https:\/\/blog.saocamilo-sp.br\/index.php\/2025\/01\/22\/coordenadora-de-nutricao-fala-sobre-intoxicacao-alimentar-no-verao\/\" \/>\n<meta property=\"og:locale\" content=\"pt_BR\" \/>\n<meta property=\"og:type\" content=\"article\" \/>\n<meta property=\"og:title\" content=\"Coordenadora de Nutri\u00e7\u00e3o fala sobre intoxica\u00e7\u00e3o alimentar no ver\u00e3o\" \/>\n<meta property=\"og:description\" content=\"A Profa. Sandra Chemin destaca a contamina\u00e7\u00e3o cruzada como uma das principais causas da intoxica\u00e7\u00e3o alimentar.\" \/>\n<meta property=\"og:url\" content=\"https:\/\/blog.saocamilo-sp.br\/index.php\/2025\/01\/22\/coordenadora-de-nutricao-fala-sobre-intoxicacao-alimentar-no-verao\/\" \/>\n<meta property=\"og:site_name\" content=\"Blog S\u00e3o Camilo\" \/>\n<meta property=\"article:publisher\" content=\"https:\/\/www.facebook.com\/saocamilosp\" \/>\n<meta property=\"article:published_time\" content=\"2025-01-22T17:26:01+00:00\" \/>\n<meta property=\"article:modified_time\" content=\"2025-02-13T12:31:17+00:00\" \/>\n<meta property=\"og:image\" content=\"https:\/\/blog.saocamilo-sp.br\/wp-content\/uploads\/2025\/01\/shutterstock_1422733514.jpg\" \/>\n\t<meta property=\"og:image:width\" content=\"800\" \/>\n\t<meta property=\"og:image:height\" content=\"580\" \/>\n\t<meta property=\"og:image:type\" content=\"image\/jpeg\" \/>\n<meta name=\"author\" content=\"Christopher Oliveira dos Reis\" \/>\n<meta name=\"twitter:card\" content=\"summary_large_image\" \/>\n<meta name=\"twitter:creator\" content=\"@saocamilosp\" \/>\n<meta name=\"twitter:site\" content=\"@saocamilosp\" \/>\n<meta name=\"twitter:label1\" content=\"Escrito por\" \/>\n\t<meta name=\"twitter:data1\" content=\"Christopher Oliveira dos Reis\" \/>\n\t<meta name=\"twitter:label2\" content=\"Est. tempo de leitura\" \/>\n\t<meta name=\"twitter:data2\" content=\"4 minutos\" \/>\n<script type=\"application\/ld+json\" class=\"yoast-schema-graph\">{\"@context\":\"https:\\\/\\\/schema.org\",\"@graph\":[{\"@type\":\"Article\",\"@id\":\"https:\\\/\\\/blog.saocamilo-sp.br\\\/index.php\\\/2025\\\/01\\\/22\\\/coordenadora-de-nutricao-fala-sobre-intoxicacao-alimentar-no-verao\\\/#article\",\"isPartOf\":{\"@id\":\"https:\\\/\\\/blog.saocamilo-sp.br\\\/index.php\\\/2025\\\/01\\\/22\\\/coordenadora-de-nutricao-fala-sobre-intoxicacao-alimentar-no-verao\\\/\"},\"author\":{\"name\":\"Christopher Oliveira dos Reis\",\"@id\":\"https:\\\/\\\/blog.saocamilo-sp.br\\\/#\\\/schema\\\/person\\\/7dce5f342af0848eb2f06778b2737904\"},\"headline\":\"Coordenadora de Nutri\u00e7\u00e3o fala sobre intoxica\u00e7\u00e3o alimentar no ver\u00e3o\",\"datePublished\":\"2025-01-22T17:26:01+00:00\",\"dateModified\":\"2025-02-13T12:31:17+00:00\",\"mainEntityOfPage\":{\"@id\":\"https:\\\/\\\/blog.saocamilo-sp.br\\\/index.php\\\/2025\\\/01\\\/22\\\/coordenadora-de-nutricao-fala-sobre-intoxicacao-alimentar-no-verao\\\/\"},\"wordCount\":607,\"commentCount\":0,\"publisher\":{\"@id\":\"https:\\\/\\\/blog.saocamilo-sp.br\\\/#organization\"},\"image\":{\"@id\":\"https:\\\/\\\/blog.saocamilo-sp.br\\\/index.php\\\/2025\\\/01\\\/22\\\/coordenadora-de-nutricao-fala-sobre-intoxicacao-alimentar-no-verao\\\/#primaryimage\"},\"thumbnailUrl\":\"https:\\\/\\\/blog.saocamilo-sp.br\\\/wp-content\\\/uploads\\\/2025\\\/01\\\/shutterstock_1422733514.jpg\",\"articleSection\":[\"Nutri\u00e7\u00e3o\"],\"inLanguage\":\"pt-BR\",\"potentialAction\":[{\"@type\":\"CommentAction\",\"name\":\"Comment\",\"target\":[\"https:\\\/\\\/blog.saocamilo-sp.br\\\/index.php\\\/2025\\\/01\\\/22\\\/coordenadora-de-nutricao-fala-sobre-intoxicacao-alimentar-no-verao\\\/#respond\"]}]},{\"@type\":\"WebPage\",\"@id\":\"https:\\\/\\\/blog.saocamilo-sp.br\\\/index.php\\\/2025\\\/01\\\/22\\\/coordenadora-de-nutricao-fala-sobre-intoxicacao-alimentar-no-verao\\\/\",\"url\":\"https:\\\/\\\/blog.saocamilo-sp.br\\\/index.php\\\/2025\\\/01\\\/22\\\/coordenadora-de-nutricao-fala-sobre-intoxicacao-alimentar-no-verao\\\/\",\"name\":\"Coordenadora de Nutri\u00e7\u00e3o fala sobre intoxica\u00e7\u00e3o alimentar no ver\u00e3o\",\"isPartOf\":{\"@id\":\"https:\\\/\\\/blog.saocamilo-sp.br\\\/#website\"},\"primaryImageOfPage\":{\"@id\":\"https:\\\/\\\/blog.saocamilo-sp.br\\\/index.php\\\/2025\\\/01\\\/22\\\/coordenadora-de-nutricao-fala-sobre-intoxicacao-alimentar-no-verao\\\/#primaryimage\"},\"image\":{\"@id\":\"https:\\\/\\\/blog.saocamilo-sp.br\\\/index.php\\\/2025\\\/01\\\/22\\\/coordenadora-de-nutricao-fala-sobre-intoxicacao-alimentar-no-verao\\\/#primaryimage\"},\"thumbnailUrl\":\"https:\\\/\\\/blog.saocamilo-sp.br\\\/wp-content\\\/uploads\\\/2025\\\/01\\\/shutterstock_1422733514.jpg\",\"datePublished\":\"2025-01-22T17:26:01+00:00\",\"dateModified\":\"2025-02-13T12:31:17+00:00\",\"description\":\"A Profa. Sandra Chemin destaca a contamina\u00e7\u00e3o cruzada como uma das principais causas da intoxica\u00e7\u00e3o alimentar.\",\"breadcrumb\":{\"@id\":\"https:\\\/\\\/blog.saocamilo-sp.br\\\/index.php\\\/2025\\\/01\\\/22\\\/coordenadora-de-nutricao-fala-sobre-intoxicacao-alimentar-no-verao\\\/#breadcrumb\"},\"inLanguage\":\"pt-BR\",\"potentialAction\":[{\"@type\":\"ReadAction\",\"target\":[\"https:\\\/\\\/blog.saocamilo-sp.br\\\/index.php\\\/2025\\\/01\\\/22\\\/coordenadora-de-nutricao-fala-sobre-intoxicacao-alimentar-no-verao\\\/\"]}]},{\"@type\":\"ImageObject\",\"inLanguage\":\"pt-BR\",\"@id\":\"https:\\\/\\\/blog.saocamilo-sp.br\\\/index.php\\\/2025\\\/01\\\/22\\\/coordenadora-de-nutricao-fala-sobre-intoxicacao-alimentar-no-verao\\\/#primaryimage\",\"url\":\"https:\\\/\\\/blog.saocamilo-sp.br\\\/wp-content\\\/uploads\\\/2025\\\/01\\\/shutterstock_1422733514.jpg\",\"contentUrl\":\"https:\\\/\\\/blog.saocamilo-sp.br\\\/wp-content\\\/uploads\\\/2025\\\/01\\\/shutterstock_1422733514.jpg\",\"width\":800,\"height\":580},{\"@type\":\"BreadcrumbList\",\"@id\":\"https:\\\/\\\/blog.saocamilo-sp.br\\\/index.php\\\/2025\\\/01\\\/22\\\/coordenadora-de-nutricao-fala-sobre-intoxicacao-alimentar-no-verao\\\/#breadcrumb\",\"itemListElement\":[{\"@type\":\"ListItem\",\"position\":1,\"name\":\"In\u00edcio\",\"item\":\"https:\\\/\\\/blog.saocamilo-sp.br\\\/\"},{\"@type\":\"ListItem\",\"position\":2,\"name\":\"Coordenadora de Nutri\u00e7\u00e3o fala sobre intoxica\u00e7\u00e3o alimentar no ver\u00e3o\"}]},{\"@type\":\"WebSite\",\"@id\":\"https:\\\/\\\/blog.saocamilo-sp.br\\\/#website\",\"url\":\"https:\\\/\\\/blog.saocamilo-sp.br\\\/\",\"name\":\"Blog S\u00e3o Camilo\",\"description\":\"Blog do Centro Universit\u00e1rio S\u00e3o Camilo\",\"publisher\":{\"@id\":\"https:\\\/\\\/blog.saocamilo-sp.br\\\/#organization\"},\"potentialAction\":[{\"@type\":\"SearchAction\",\"target\":{\"@type\":\"EntryPoint\",\"urlTemplate\":\"https:\\\/\\\/blog.saocamilo-sp.br\\\/?s={search_term_string}\"},\"query-input\":{\"@type\":\"PropertyValueSpecification\",\"valueRequired\":true,\"valueName\":\"search_term_string\"}}],\"inLanguage\":\"pt-BR\"},{\"@type\":\"Organization\",\"@id\":\"https:\\\/\\\/blog.saocamilo-sp.br\\\/#organization\",\"name\":\"Blog S\u00e3o Camilo\",\"url\":\"https:\\\/\\\/blog.saocamilo-sp.br\\\/\",\"logo\":{\"@type\":\"ImageObject\",\"inLanguage\":\"pt-BR\",\"@id\":\"https:\\\/\\\/blog.saocamilo-sp.br\\\/#\\\/schema\\\/logo\\\/image\\\/\",\"url\":\"https:\\\/\\\/blog.saocamilo-sp.br\\\/wp-content\\\/uploads\\\/2021\\\/12\\\/cropped-vazio-logo-topo.png\",\"contentUrl\":\"https:\\\/\\\/blog.saocamilo-sp.br\\\/wp-content\\\/uploads\\\/2021\\\/12\\\/cropped-vazio-logo-topo.png\",\"width\":320,\"height\":240,\"caption\":\"Blog S\u00e3o Camilo\"},\"image\":{\"@id\":\"https:\\\/\\\/blog.saocamilo-sp.br\\\/#\\\/schema\\\/logo\\\/image\\\/\"},\"sameAs\":[\"https:\\\/\\\/www.facebook.com\\\/saocamilosp\",\"https:\\\/\\\/x.com\\\/saocamilosp\",\"https:\\\/\\\/www.linkedin.com\\\/school\\\/centro-universit-rio-s-o-camilo\\\/\"]},{\"@type\":\"Person\",\"@id\":\"https:\\\/\\\/blog.saocamilo-sp.br\\\/#\\\/schema\\\/person\\\/7dce5f342af0848eb2f06778b2737904\",\"name\":\"Christopher Oliveira dos Reis\",\"image\":{\"@type\":\"ImageObject\",\"inLanguage\":\"pt-BR\",\"@id\":\"https:\\\/\\\/secure.gravatar.com\\\/avatar\\\/b09a1361215d06f22999124838358b6855376e2b7287de883b723960b0c03f82?s=96&d=mm&r=g\",\"url\":\"https:\\\/\\\/secure.gravatar.com\\\/avatar\\\/b09a1361215d06f22999124838358b6855376e2b7287de883b723960b0c03f82?s=96&d=mm&r=g\",\"contentUrl\":\"https:\\\/\\\/secure.gravatar.com\\\/avatar\\\/b09a1361215d06f22999124838358b6855376e2b7287de883b723960b0c03f82?s=96&d=mm&r=g\",\"caption\":\"Christopher Oliveira dos Reis\"},\"url\":\"https:\\\/\\\/blog.saocamilo-sp.br\\\/index.php\\\/author\\\/christopher-reis\\\/\"}]}<\/script>\n<!-- \/ Yoast SEO plugin. -->","yoast_head_json":{"title":"Coordenadora de Nutri\u00e7\u00e3o fala sobre intoxica\u00e7\u00e3o alimentar no ver\u00e3o","description":"A Profa. Sandra Chemin destaca a contamina\u00e7\u00e3o cruzada como uma das principais causas da intoxica\u00e7\u00e3o alimentar.","robots":{"index":"index","follow":"follow","max-snippet":"max-snippet:-1","max-image-preview":"max-image-preview:large","max-video-preview":"max-video-preview:-1"},"canonical":"https:\/\/blog.saocamilo-sp.br\/index.php\/2025\/01\/22\/coordenadora-de-nutricao-fala-sobre-intoxicacao-alimentar-no-verao\/","og_locale":"pt_BR","og_type":"article","og_title":"Coordenadora de Nutri\u00e7\u00e3o fala sobre intoxica\u00e7\u00e3o alimentar no ver\u00e3o","og_description":"A Profa. Sandra Chemin destaca a contamina\u00e7\u00e3o cruzada como uma das principais causas da intoxica\u00e7\u00e3o alimentar.","og_url":"https:\/\/blog.saocamilo-sp.br\/index.php\/2025\/01\/22\/coordenadora-de-nutricao-fala-sobre-intoxicacao-alimentar-no-verao\/","og_site_name":"Blog S\u00e3o Camilo","article_publisher":"https:\/\/www.facebook.com\/saocamilosp","article_published_time":"2025-01-22T17:26:01+00:00","article_modified_time":"2025-02-13T12:31:17+00:00","og_image":[{"width":800,"height":580,"url":"https:\/\/blog.saocamilo-sp.br\/wp-content\/uploads\/2025\/01\/shutterstock_1422733514.jpg","type":"image\/jpeg"}],"author":"Christopher Oliveira dos Reis","twitter_card":"summary_large_image","twitter_creator":"@saocamilosp","twitter_site":"@saocamilosp","twitter_misc":{"Escrito por":"Christopher Oliveira dos Reis","Est. tempo de leitura":"4 minutos"},"schema":{"@context":"https:\/\/schema.org","@graph":[{"@type":"Article","@id":"https:\/\/blog.saocamilo-sp.br\/index.php\/2025\/01\/22\/coordenadora-de-nutricao-fala-sobre-intoxicacao-alimentar-no-verao\/#article","isPartOf":{"@id":"https:\/\/blog.saocamilo-sp.br\/index.php\/2025\/01\/22\/coordenadora-de-nutricao-fala-sobre-intoxicacao-alimentar-no-verao\/"},"author":{"name":"Christopher Oliveira dos Reis","@id":"https:\/\/blog.saocamilo-sp.br\/#\/schema\/person\/7dce5f342af0848eb2f06778b2737904"},"headline":"Coordenadora de Nutri\u00e7\u00e3o fala sobre intoxica\u00e7\u00e3o alimentar no ver\u00e3o","datePublished":"2025-01-22T17:26:01+00:00","dateModified":"2025-02-13T12:31:17+00:00","mainEntityOfPage":{"@id":"https:\/\/blog.saocamilo-sp.br\/index.php\/2025\/01\/22\/coordenadora-de-nutricao-fala-sobre-intoxicacao-alimentar-no-verao\/"},"wordCount":607,"commentCount":0,"publisher":{"@id":"https:\/\/blog.saocamilo-sp.br\/#organization"},"image":{"@id":"https:\/\/blog.saocamilo-sp.br\/index.php\/2025\/01\/22\/coordenadora-de-nutricao-fala-sobre-intoxicacao-alimentar-no-verao\/#primaryimage"},"thumbnailUrl":"https:\/\/blog.saocamilo-sp.br\/wp-content\/uploads\/2025\/01\/shutterstock_1422733514.jpg","articleSection":["Nutri\u00e7\u00e3o"],"inLanguage":"pt-BR","potentialAction":[{"@type":"CommentAction","name":"Comment","target":["https:\/\/blog.saocamilo-sp.br\/index.php\/2025\/01\/22\/coordenadora-de-nutricao-fala-sobre-intoxicacao-alimentar-no-verao\/#respond"]}]},{"@type":"WebPage","@id":"https:\/\/blog.saocamilo-sp.br\/index.php\/2025\/01\/22\/coordenadora-de-nutricao-fala-sobre-intoxicacao-alimentar-no-verao\/","url":"https:\/\/blog.saocamilo-sp.br\/index.php\/2025\/01\/22\/coordenadora-de-nutricao-fala-sobre-intoxicacao-alimentar-no-verao\/","name":"Coordenadora de Nutri\u00e7\u00e3o fala sobre intoxica\u00e7\u00e3o alimentar no ver\u00e3o","isPartOf":{"@id":"https:\/\/blog.saocamilo-sp.br\/#website"},"primaryImageOfPage":{"@id":"https:\/\/blog.saocamilo-sp.br\/index.php\/2025\/01\/22\/coordenadora-de-nutricao-fala-sobre-intoxicacao-alimentar-no-verao\/#primaryimage"},"image":{"@id":"https:\/\/blog.saocamilo-sp.br\/index.php\/2025\/01\/22\/coordenadora-de-nutricao-fala-sobre-intoxicacao-alimentar-no-verao\/#primaryimage"},"thumbnailUrl":"https:\/\/blog.saocamilo-sp.br\/wp-content\/uploads\/2025\/01\/shutterstock_1422733514.jpg","datePublished":"2025-01-22T17:26:01+00:00","dateModified":"2025-02-13T12:31:17+00:00","description":"A Profa. Sandra Chemin destaca a contamina\u00e7\u00e3o cruzada como uma das principais causas da intoxica\u00e7\u00e3o alimentar.","breadcrumb":{"@id":"https:\/\/blog.saocamilo-sp.br\/index.php\/2025\/01\/22\/coordenadora-de-nutricao-fala-sobre-intoxicacao-alimentar-no-verao\/#breadcrumb"},"inLanguage":"pt-BR","potentialAction":[{"@type":"ReadAction","target":["https:\/\/blog.saocamilo-sp.br\/index.php\/2025\/01\/22\/coordenadora-de-nutricao-fala-sobre-intoxicacao-alimentar-no-verao\/"]}]},{"@type":"ImageObject","inLanguage":"pt-BR","@id":"https:\/\/blog.saocamilo-sp.br\/index.php\/2025\/01\/22\/coordenadora-de-nutricao-fala-sobre-intoxicacao-alimentar-no-verao\/#primaryimage","url":"https:\/\/blog.saocamilo-sp.br\/wp-content\/uploads\/2025\/01\/shutterstock_1422733514.jpg","contentUrl":"https:\/\/blog.saocamilo-sp.br\/wp-content\/uploads\/2025\/01\/shutterstock_1422733514.jpg","width":800,"height":580},{"@type":"BreadcrumbList","@id":"https:\/\/blog.saocamilo-sp.br\/index.php\/2025\/01\/22\/coordenadora-de-nutricao-fala-sobre-intoxicacao-alimentar-no-verao\/#breadcrumb","itemListElement":[{"@type":"ListItem","position":1,"name":"In\u00edcio","item":"https:\/\/blog.saocamilo-sp.br\/"},{"@type":"ListItem","position":2,"name":"Coordenadora de Nutri\u00e7\u00e3o fala sobre intoxica\u00e7\u00e3o alimentar no ver\u00e3o"}]},{"@type":"WebSite","@id":"https:\/\/blog.saocamilo-sp.br\/#website","url":"https:\/\/blog.saocamilo-sp.br\/","name":"Blog S\u00e3o Camilo","description":"Blog do Centro Universit\u00e1rio S\u00e3o Camilo","publisher":{"@id":"https:\/\/blog.saocamilo-sp.br\/#organization"},"potentialAction":[{"@type":"SearchAction","target":{"@type":"EntryPoint","urlTemplate":"https:\/\/blog.saocamilo-sp.br\/?s={search_term_string}"},"query-input":{"@type":"PropertyValueSpecification","valueRequired":true,"valueName":"search_term_string"}}],"inLanguage":"pt-BR"},{"@type":"Organization","@id":"https:\/\/blog.saocamilo-sp.br\/#organization","name":"Blog S\u00e3o Camilo","url":"https:\/\/blog.saocamilo-sp.br\/","logo":{"@type":"ImageObject","inLanguage":"pt-BR","@id":"https:\/\/blog.saocamilo-sp.br\/#\/schema\/logo\/image\/","url":"https:\/\/blog.saocamilo-sp.br\/wp-content\/uploads\/2021\/12\/cropped-vazio-logo-topo.png","contentUrl":"https:\/\/blog.saocamilo-sp.br\/wp-content\/uploads\/2021\/12\/cropped-vazio-logo-topo.png","width":320,"height":240,"caption":"Blog S\u00e3o Camilo"},"image":{"@id":"https:\/\/blog.saocamilo-sp.br\/#\/schema\/logo\/image\/"},"sameAs":["https:\/\/www.facebook.com\/saocamilosp","https:\/\/x.com\/saocamilosp","https:\/\/www.linkedin.com\/school\/centro-universit-rio-s-o-camilo\/"]},{"@type":"Person","@id":"https:\/\/blog.saocamilo-sp.br\/#\/schema\/person\/7dce5f342af0848eb2f06778b2737904","name":"Christopher Oliveira dos Reis","image":{"@type":"ImageObject","inLanguage":"pt-BR","@id":"https:\/\/secure.gravatar.com\/avatar\/b09a1361215d06f22999124838358b6855376e2b7287de883b723960b0c03f82?s=96&d=mm&r=g","url":"https:\/\/secure.gravatar.com\/avatar\/b09a1361215d06f22999124838358b6855376e2b7287de883b723960b0c03f82?s=96&d=mm&r=g","contentUrl":"https:\/\/secure.gravatar.com\/avatar\/b09a1361215d06f22999124838358b6855376e2b7287de883b723960b0c03f82?s=96&d=mm&r=g","caption":"Christopher Oliveira dos Reis"},"url":"https:\/\/blog.saocamilo-sp.br\/index.php\/author\/christopher-reis\/"}]}},"_links":{"self":[{"href":"https:\/\/blog.saocamilo-sp.br\/index.php\/wp-json\/wp\/v2\/posts\/3370","targetHints":{"allow":["GET"]}}],"collection":[{"href":"https:\/\/blog.saocamilo-sp.br\/index.php\/wp-json\/wp\/v2\/posts"}],"about":[{"href":"https:\/\/blog.saocamilo-sp.br\/index.php\/wp-json\/wp\/v2\/types\/post"}],"author":[{"embeddable":true,"href":"https:\/\/blog.saocamilo-sp.br\/index.php\/wp-json\/wp\/v2\/users\/11"}],"replies":[{"embeddable":true,"href":"https:\/\/blog.saocamilo-sp.br\/index.php\/wp-json\/wp\/v2\/comments?post=3370"}],"version-history":[{"count":4,"href":"https:\/\/blog.saocamilo-sp.br\/index.php\/wp-json\/wp\/v2\/posts\/3370\/revisions"}],"predecessor-version":[{"id":3419,"href":"https:\/\/blog.saocamilo-sp.br\/index.php\/wp-json\/wp\/v2\/posts\/3370\/revisions\/3419"}],"wp:featuredmedia":[{"embeddable":true,"href":"https:\/\/blog.saocamilo-sp.br\/index.php\/wp-json\/wp\/v2\/media\/3394"}],"wp:attachment":[{"href":"https:\/\/blog.saocamilo-sp.br\/index.php\/wp-json\/wp\/v2\/media?parent=3370"}],"wp:term":[{"taxonomy":"category","embeddable":true,"href":"https:\/\/blog.saocamilo-sp.br\/index.php\/wp-json\/wp\/v2\/categories?post=3370"},{"taxonomy":"post_tag","embeddable":true,"href":"https:\/\/blog.saocamilo-sp.br\/index.php\/wp-json\/wp\/v2\/tags?post=3370"}],"curies":[{"name":"wp","href":"https:\/\/api.w.org\/{rel}","templated":true}]}}