{"id":3373,"date":"2025-02-05T15:56:31","date_gmt":"2025-02-05T18:56:31","guid":{"rendered":"https:\/\/blog.saocamilo-sp.br\/?p=3373"},"modified":"2025-02-13T09:28:21","modified_gmt":"2025-02-13T12:28:21","slug":"coordenadora-de-pedagogia-explica-como-implementar-a-politica-de-escolas-sem-celulares-sem-conflitos","status":"publish","type":"post","link":"https:\/\/blog.saocamilo-sp.br\/index.php\/2025\/02\/05\/coordenadora-de-pedagogia-explica-como-implementar-a-politica-de-escolas-sem-celulares-sem-conflitos\/","title":{"rendered":"Coordenadora de Pedagogia explica como implementar a proibi\u00e7\u00e3o de celulares nas escolas sem conflitos"},"content":{"rendered":"\n<p>Com a san\u00e7\u00e3o da Lei Federal n\u00ba 15.100\/2025, o uso de celulares em escolas p\u00fablicas e privadas de todo o Pa\u00eds est\u00e1 proibido para alunos da Educa\u00e7\u00e3o B\u00e1sica. Essa medida busca, acima de tudo, evitar conflitos e melhorar o ambiente de aprendizado.<\/p>\n\n\n\n<h3 class=\"wp-block-heading\">Desafios na implementa\u00e7\u00e3o da lei<\/h3>\n\n\n\n<p>Para a coordenadora do curso de Pedagogia do <a href=\"https:\/\/saocamilo-sp.br\/\">Centro Universit\u00e1rio S\u00e3o Camilo<\/a>, Luciane Pedro, a implementa\u00e7\u00e3o da lei representa um desafio. Em especial, nos anos finais do Ensino Fundamental e no Ensino M\u00e9dio. A restri\u00e7\u00e3o pode gerar resist\u00eancia e, se mal conduzida, comprometer o ambiente escolar.<\/p>\n\n\n\n<blockquote class=\"wp-block-quote is-layout-flow wp-block-quote-is-layout-flow\">\n<p>\u201cOs gestores escolares enfrentam o desafio de criar um consenso entre a equipe pedag\u00f3gica, os pais e os alunos. Al\u00e9m disso, os docentes precisam equilibrar a aplica\u00e7\u00e3o das normas com cuidado, para n\u00e3o gerar conflitos ou comprometer a rela\u00e7\u00e3o com os estudantes. Outro ponto cr\u00edtico \u00e9 lidar com situa\u00e7\u00f5es de exce\u00e7\u00e3o, como emerg\u00eancias ou necessidades de acessibilidade, que exigem sensibilidade e bom senso\u201d<\/p>\n\n\n\n<p>afirmou Luciane Pedro.<\/p>\n<\/blockquote>\n\n\n\n<h3 class=\"wp-block-heading\">Capacita\u00e7\u00e3o dos educadores<\/h3>\n\n\n\n<p>Luciane destacou, ainda, a import\u00e2ncia da capacita\u00e7\u00e3o cont\u00ednua dos educadores para lidar com a transi\u00e7\u00e3o de maneira eficaz nas escolas. Ela enfatiza que estrat\u00e9gias que promovam di\u00e1logo e evitem enfrentamentos s\u00e3o fundamentais. Al\u00e9m disso, o uso de ferramentas digitais, quando bem planejado, pode transformar os celulares em aliados pedag\u00f3gicos.<\/p>\n\n\n\n<h3 class=\"wp-block-heading\">Envolvimento dos alunos<\/h3>\n\n\n\n<p>Para reduzir a resist\u00eancia e aumentar a ades\u00e3o, a coordenadora aconselha que gestores e professores ou\u00e7am os alunos. Ademais, permitam sua participa\u00e7\u00e3o na cria\u00e7\u00e3o de regras. \u201cAbordar o tema em rodas de conversa pode ajudar os estudantes a compreenderem os benef\u00edcios da nova norma e refor\u00e7ar a cria\u00e7\u00e3o de um ambiente mais saud\u00e1vel e produtivo\u201d, sugeriu.<\/p>\n\n\n\n<h3 class=\"wp-block-heading\">Um convite \u00e0 reflex\u00e3o sobre tecnologia<\/h3>\n\n\n\n<p>Luciane Pedro acredita que a nova legisla\u00e7\u00e3o deve ser vista como um convite para repensar o papel da tecnologia no ambiente escolar. Por isso, ela afirma:<br><\/p>\n\n\n\n<blockquote class=\"wp-block-quote is-layout-flow wp-block-quote-is-layout-flow\">\n<p>\u201cA transi\u00e7\u00e3o para uma cultura de uso respons\u00e1vel dos dispositivos m\u00f3veis pode n\u00e3o apenas melhorar o desempenho acad\u00eamico, mas tamb\u00e9m fortalecer a sa\u00fade mental e as rela\u00e7\u00f5es interpessoais dos estudantes\u201d<br>Concluiu.<\/p>\n<\/blockquote>\n\n\n\n<h3 class=\"wp-block-heading\">Vig\u00eancia da lei<\/h3>\n\n\n\n<p>A Lei Federal n\u00ba 15.100\/2025 entra em vigor ap\u00f3s sua publica\u00e7\u00e3o no Di\u00e1rio Oficial da Uni\u00e3o. Al\u00e9m disso, haver\u00e1 um prazo de 30 dias para regulamenta\u00e7\u00e3o. A medida vale para todas as etapas da Educa\u00e7\u00e3o B\u00e1sica.<\/p>\n\n\n\n<p>Veja tamb\u00e9m:<br><a href=\"https:\/\/blog.saocamilo-sp.br\/index.php\/2024\/12\/21\/verao-2\/\">Bem-vindo, Ver\u00e3o! Celebrando o Primeiro Dia da Esta\u00e7\u00e3o com Cuidados<\/a><\/p>\n\n\n\n<p><a href=\"https:\/\/blog.saocamilo-sp.br\/index.php\/2023\/07\/07\/a-pesquisa-cientifica-no-centro-universitario-sao-camilo\/\" target=\"_blank\" rel=\"noreferrer noopener\"><\/a><a href=\"https:\/\/blog.saocamilo-sp.br\/index.php\/2023\/07\/07\/a-pesquisa-cientifica-no-centro-universitario-sao-camilo\/\" target=\"_blank\" rel=\"noreferrer noopener\"> impacto do atendimento humanizado em pacientes de radioterapia<\/a><\/p>\n\n\n\n<p><a href=\"https:\/\/blog.saocamilo-sp.br\/index.php\/2024\/09\/27\/ipiranga-tradicao-historia-e-modernidade\/\">Resist\u00eancia bacteriana: docentes e alunos de farm\u00e1cia realizam pesquisa sobre novas abordagens terap\u00eauticas<\/a><\/p>\n\n\n\n<p><\/p>\n","protected":false},"excerpt":{"rendered":"<p>Profa. Luciane Pedro destaca a import\u00e2ncia do planejamento estrat\u00e9gico na implementa\u00e7\u00e3o da restri\u00e7\u00e3o ao uso de celulares nas escolas.<\/p>\n","protected":false},"author":11,"featured_media":3405,"comment_status":"open","ping_status":"open","sticky":false,"template":"","format":"standard","meta":{"cybocfi_hide_featured_image":"","footnotes":""},"categories":[1,82],"tags":[177,176,83,20],"class_list":["post-3373","post","type-post","status-publish","format-standard","has-post-thumbnail","hentry","category-cursos","category-pedagogia","tag-celulares","tag-escolas","tag-pedagogia","tag-sao-camilo"],"yoast_head":"<!-- This site is optimized with the Yoast SEO plugin v27.5 - https:\/\/yoast.com\/product\/yoast-seo-wordpress\/ -->\n<title>Coordenadora de Pedagogia explica como implementar a proibi\u00e7\u00e3o de celulares nas escolas sem conflitos - Blog S\u00e3o Camilo<\/title>\n<meta name=\"description\" content=\"A professora Luciane Pedro, coordenadora do curso de Pedagogia do Centro Universit\u00e1rio S\u00e3o Camilo, destaca a import\u00e2ncia do planejamento estrat\u00e9gico na implementa\u00e7\u00e3o da restri\u00e7\u00e3o ao uso de celulares nas escolas\" \/>\n<meta name=\"robots\" content=\"index, follow, max-snippet:-1, max-image-preview:large, max-video-preview:-1\" \/>\n<link rel=\"canonical\" href=\"https:\/\/blog.saocamilo-sp.br\/index.php\/2025\/02\/05\/coordenadora-de-pedagogia-explica-como-implementar-a-politica-de-escolas-sem-celulares-sem-conflitos\/\" \/>\n<meta property=\"og:locale\" content=\"pt_BR\" \/>\n<meta property=\"og:type\" content=\"article\" \/>\n<meta property=\"og:title\" content=\"Coordenadora de Pedagogia explica como implementar a proibi\u00e7\u00e3o de celulares nas escolas sem conflitos - Blog S\u00e3o Camilo\" \/>\n<meta property=\"og:description\" content=\"A professora Luciane Pedro, coordenadora do curso de Pedagogia do Centro Universit\u00e1rio S\u00e3o Camilo, destaca a import\u00e2ncia do planejamento estrat\u00e9gico na implementa\u00e7\u00e3o da restri\u00e7\u00e3o ao uso de celulares nas escolas\" \/>\n<meta property=\"og:url\" content=\"https:\/\/blog.saocamilo-sp.br\/index.php\/2025\/02\/05\/coordenadora-de-pedagogia-explica-como-implementar-a-politica-de-escolas-sem-celulares-sem-conflitos\/\" \/>\n<meta property=\"og:site_name\" content=\"Blog S\u00e3o Camilo\" \/>\n<meta property=\"article:publisher\" content=\"https:\/\/www.facebook.com\/saocamilosp\" \/>\n<meta property=\"article:published_time\" content=\"2025-02-05T18:56:31+00:00\" \/>\n<meta property=\"article:modified_time\" content=\"2025-02-13T12:28:21+00:00\" \/>\n<meta property=\"og:image\" content=\"https:\/\/blog.saocamilo-sp.br\/wp-content\/uploads\/2025\/01\/shutterstock_1883781985.jpg\" \/>\n\t<meta property=\"og:image:width\" content=\"800\" \/>\n\t<meta property=\"og:image:height\" content=\"533\" \/>\n\t<meta property=\"og:image:type\" content=\"image\/jpeg\" \/>\n<meta name=\"author\" content=\"Christopher Oliveira dos Reis\" \/>\n<meta name=\"twitter:card\" content=\"summary_large_image\" \/>\n<meta name=\"twitter:creator\" content=\"@saocamilosp\" \/>\n<meta name=\"twitter:site\" content=\"@saocamilosp\" \/>\n<meta name=\"twitter:label1\" content=\"Escrito por\" \/>\n\t<meta name=\"twitter:data1\" content=\"Christopher Oliveira dos Reis\" \/>\n\t<meta name=\"twitter:label2\" content=\"Est. tempo de leitura\" \/>\n\t<meta name=\"twitter:data2\" content=\"2 minutos\" \/>\n<script type=\"application\/ld+json\" class=\"yoast-schema-graph\">{\"@context\":\"https:\\\/\\\/schema.org\",\"@graph\":[{\"@type\":\"Article\",\"@id\":\"https:\\\/\\\/blog.saocamilo-sp.br\\\/index.php\\\/2025\\\/02\\\/05\\\/coordenadora-de-pedagogia-explica-como-implementar-a-politica-de-escolas-sem-celulares-sem-conflitos\\\/#article\",\"isPartOf\":{\"@id\":\"https:\\\/\\\/blog.saocamilo-sp.br\\\/index.php\\\/2025\\\/02\\\/05\\\/coordenadora-de-pedagogia-explica-como-implementar-a-politica-de-escolas-sem-celulares-sem-conflitos\\\/\"},\"author\":{\"name\":\"Christopher Oliveira dos Reis\",\"@id\":\"https:\\\/\\\/blog.saocamilo-sp.br\\\/#\\\/schema\\\/person\\\/7dce5f342af0848eb2f06778b2737904\"},\"headline\":\"Coordenadora de Pedagogia explica como implementar a proibi\u00e7\u00e3o de celulares nas escolas sem conflitos\",\"datePublished\":\"2025-02-05T18:56:31+00:00\",\"dateModified\":\"2025-02-13T12:28:21+00:00\",\"mainEntityOfPage\":{\"@id\":\"https:\\\/\\\/blog.saocamilo-sp.br\\\/index.php\\\/2025\\\/02\\\/05\\\/coordenadora-de-pedagogia-explica-como-implementar-a-politica-de-escolas-sem-celulares-sem-conflitos\\\/\"},\"wordCount\":480,\"commentCount\":0,\"publisher\":{\"@id\":\"https:\\\/\\\/blog.saocamilo-sp.br\\\/#organization\"},\"image\":{\"@id\":\"https:\\\/\\\/blog.saocamilo-sp.br\\\/index.php\\\/2025\\\/02\\\/05\\\/coordenadora-de-pedagogia-explica-como-implementar-a-politica-de-escolas-sem-celulares-sem-conflitos\\\/#primaryimage\"},\"thumbnailUrl\":\"https:\\\/\\\/blog.saocamilo-sp.br\\\/wp-content\\\/uploads\\\/2025\\\/01\\\/shutterstock_1883781985.jpg\",\"keywords\":[\"celulares\",\"escolas\",\"pedagogia\",\"S\u00e3o Camilo\"],\"articleSection\":[\"Cursos\",\"Pedagogia\"],\"inLanguage\":\"pt-BR\",\"potentialAction\":[{\"@type\":\"CommentAction\",\"name\":\"Comment\",\"target\":[\"https:\\\/\\\/blog.saocamilo-sp.br\\\/index.php\\\/2025\\\/02\\\/05\\\/coordenadora-de-pedagogia-explica-como-implementar-a-politica-de-escolas-sem-celulares-sem-conflitos\\\/#respond\"]}]},{\"@type\":\"WebPage\",\"@id\":\"https:\\\/\\\/blog.saocamilo-sp.br\\\/index.php\\\/2025\\\/02\\\/05\\\/coordenadora-de-pedagogia-explica-como-implementar-a-politica-de-escolas-sem-celulares-sem-conflitos\\\/\",\"url\":\"https:\\\/\\\/blog.saocamilo-sp.br\\\/index.php\\\/2025\\\/02\\\/05\\\/coordenadora-de-pedagogia-explica-como-implementar-a-politica-de-escolas-sem-celulares-sem-conflitos\\\/\",\"name\":\"Coordenadora de Pedagogia explica como implementar a proibi\u00e7\u00e3o de celulares nas escolas sem conflitos - Blog S\u00e3o Camilo\",\"isPartOf\":{\"@id\":\"https:\\\/\\\/blog.saocamilo-sp.br\\\/#website\"},\"primaryImageOfPage\":{\"@id\":\"https:\\\/\\\/blog.saocamilo-sp.br\\\/index.php\\\/2025\\\/02\\\/05\\\/coordenadora-de-pedagogia-explica-como-implementar-a-politica-de-escolas-sem-celulares-sem-conflitos\\\/#primaryimage\"},\"image\":{\"@id\":\"https:\\\/\\\/blog.saocamilo-sp.br\\\/index.php\\\/2025\\\/02\\\/05\\\/coordenadora-de-pedagogia-explica-como-implementar-a-politica-de-escolas-sem-celulares-sem-conflitos\\\/#primaryimage\"},\"thumbnailUrl\":\"https:\\\/\\\/blog.saocamilo-sp.br\\\/wp-content\\\/uploads\\\/2025\\\/01\\\/shutterstock_1883781985.jpg\",\"datePublished\":\"2025-02-05T18:56:31+00:00\",\"dateModified\":\"2025-02-13T12:28:21+00:00\",\"description\":\"A professora Luciane Pedro, coordenadora do curso de Pedagogia do Centro Universit\u00e1rio S\u00e3o Camilo, destaca a import\u00e2ncia do planejamento estrat\u00e9gico na implementa\u00e7\u00e3o da restri\u00e7\u00e3o ao uso de celulares nas escolas\",\"breadcrumb\":{\"@id\":\"https:\\\/\\\/blog.saocamilo-sp.br\\\/index.php\\\/2025\\\/02\\\/05\\\/coordenadora-de-pedagogia-explica-como-implementar-a-politica-de-escolas-sem-celulares-sem-conflitos\\\/#breadcrumb\"},\"inLanguage\":\"pt-BR\",\"potentialAction\":[{\"@type\":\"ReadAction\",\"target\":[\"https:\\\/\\\/blog.saocamilo-sp.br\\\/index.php\\\/2025\\\/02\\\/05\\\/coordenadora-de-pedagogia-explica-como-implementar-a-politica-de-escolas-sem-celulares-sem-conflitos\\\/\"]}]},{\"@type\":\"ImageObject\",\"inLanguage\":\"pt-BR\",\"@id\":\"https:\\\/\\\/blog.saocamilo-sp.br\\\/index.php\\\/2025\\\/02\\\/05\\\/coordenadora-de-pedagogia-explica-como-implementar-a-politica-de-escolas-sem-celulares-sem-conflitos\\\/#primaryimage\",\"url\":\"https:\\\/\\\/blog.saocamilo-sp.br\\\/wp-content\\\/uploads\\\/2025\\\/01\\\/shutterstock_1883781985.jpg\",\"contentUrl\":\"https:\\\/\\\/blog.saocamilo-sp.br\\\/wp-content\\\/uploads\\\/2025\\\/01\\\/shutterstock_1883781985.jpg\",\"width\":800,\"height\":533,\"caption\":\"Com a san\u00e7\u00e3o da Lei Federal n\u00ba 15.100\\\/2025, o uso de celulares em escolas p\u00fablicas e privadas de todo o Pa\u00eds est\u00e1 proibido para alunos da Educa\u00e7\u00e3o B\u00e1sica. Essa medida busca, acima de tudo, evitar conflitos e melhorar o ambiente de aprendizado.\"},{\"@type\":\"BreadcrumbList\",\"@id\":\"https:\\\/\\\/blog.saocamilo-sp.br\\\/index.php\\\/2025\\\/02\\\/05\\\/coordenadora-de-pedagogia-explica-como-implementar-a-politica-de-escolas-sem-celulares-sem-conflitos\\\/#breadcrumb\",\"itemListElement\":[{\"@type\":\"ListItem\",\"position\":1,\"name\":\"In\u00edcio\",\"item\":\"https:\\\/\\\/blog.saocamilo-sp.br\\\/\"},{\"@type\":\"ListItem\",\"position\":2,\"name\":\"Coordenadora de Pedagogia explica como implementar a proibi\u00e7\u00e3o de celulares nas escolas sem conflitos\"}]},{\"@type\":\"WebSite\",\"@id\":\"https:\\\/\\\/blog.saocamilo-sp.br\\\/#website\",\"url\":\"https:\\\/\\\/blog.saocamilo-sp.br\\\/\",\"name\":\"Blog S\u00e3o Camilo\",\"description\":\"Blog do Centro Universit\u00e1rio S\u00e3o Camilo\",\"publisher\":{\"@id\":\"https:\\\/\\\/blog.saocamilo-sp.br\\\/#organization\"},\"potentialAction\":[{\"@type\":\"SearchAction\",\"target\":{\"@type\":\"EntryPoint\",\"urlTemplate\":\"https:\\\/\\\/blog.saocamilo-sp.br\\\/?s={search_term_string}\"},\"query-input\":{\"@type\":\"PropertyValueSpecification\",\"valueRequired\":true,\"valueName\":\"search_term_string\"}}],\"inLanguage\":\"pt-BR\"},{\"@type\":\"Organization\",\"@id\":\"https:\\\/\\\/blog.saocamilo-sp.br\\\/#organization\",\"name\":\"Blog S\u00e3o Camilo\",\"url\":\"https:\\\/\\\/blog.saocamilo-sp.br\\\/\",\"logo\":{\"@type\":\"ImageObject\",\"inLanguage\":\"pt-BR\",\"@id\":\"https:\\\/\\\/blog.saocamilo-sp.br\\\/#\\\/schema\\\/logo\\\/image\\\/\",\"url\":\"https:\\\/\\\/blog.saocamilo-sp.br\\\/wp-content\\\/uploads\\\/2021\\\/12\\\/cropped-vazio-logo-topo.png\",\"contentUrl\":\"https:\\\/\\\/blog.saocamilo-sp.br\\\/wp-content\\\/uploads\\\/2021\\\/12\\\/cropped-vazio-logo-topo.png\",\"width\":320,\"height\":240,\"caption\":\"Blog S\u00e3o Camilo\"},\"image\":{\"@id\":\"https:\\\/\\\/blog.saocamilo-sp.br\\\/#\\\/schema\\\/logo\\\/image\\\/\"},\"sameAs\":[\"https:\\\/\\\/www.facebook.com\\\/saocamilosp\",\"https:\\\/\\\/x.com\\\/saocamilosp\",\"https:\\\/\\\/www.linkedin.com\\\/school\\\/centro-universit-rio-s-o-camilo\\\/\"]},{\"@type\":\"Person\",\"@id\":\"https:\\\/\\\/blog.saocamilo-sp.br\\\/#\\\/schema\\\/person\\\/7dce5f342af0848eb2f06778b2737904\",\"name\":\"Christopher Oliveira dos Reis\",\"image\":{\"@type\":\"ImageObject\",\"inLanguage\":\"pt-BR\",\"@id\":\"https:\\\/\\\/secure.gravatar.com\\\/avatar\\\/b09a1361215d06f22999124838358b6855376e2b7287de883b723960b0c03f82?s=96&d=mm&r=g\",\"url\":\"https:\\\/\\\/secure.gravatar.com\\\/avatar\\\/b09a1361215d06f22999124838358b6855376e2b7287de883b723960b0c03f82?s=96&d=mm&r=g\",\"contentUrl\":\"https:\\\/\\\/secure.gravatar.com\\\/avatar\\\/b09a1361215d06f22999124838358b6855376e2b7287de883b723960b0c03f82?s=96&d=mm&r=g\",\"caption\":\"Christopher Oliveira dos Reis\"},\"url\":\"https:\\\/\\\/blog.saocamilo-sp.br\\\/index.php\\\/author\\\/christopher-reis\\\/\"}]}<\/script>\n<!-- \/ Yoast SEO plugin. -->","yoast_head_json":{"title":"Coordenadora de Pedagogia explica como implementar a proibi\u00e7\u00e3o de celulares nas escolas sem conflitos - Blog S\u00e3o Camilo","description":"A professora Luciane Pedro, coordenadora do curso de Pedagogia do Centro Universit\u00e1rio S\u00e3o Camilo, destaca a import\u00e2ncia do planejamento estrat\u00e9gico na implementa\u00e7\u00e3o da restri\u00e7\u00e3o ao uso de celulares nas escolas","robots":{"index":"index","follow":"follow","max-snippet":"max-snippet:-1","max-image-preview":"max-image-preview:large","max-video-preview":"max-video-preview:-1"},"canonical":"https:\/\/blog.saocamilo-sp.br\/index.php\/2025\/02\/05\/coordenadora-de-pedagogia-explica-como-implementar-a-politica-de-escolas-sem-celulares-sem-conflitos\/","og_locale":"pt_BR","og_type":"article","og_title":"Coordenadora de Pedagogia explica como implementar a proibi\u00e7\u00e3o de celulares nas escolas sem conflitos - Blog S\u00e3o Camilo","og_description":"A professora Luciane Pedro, coordenadora do curso de Pedagogia do Centro Universit\u00e1rio S\u00e3o Camilo, destaca a import\u00e2ncia do planejamento estrat\u00e9gico na implementa\u00e7\u00e3o da restri\u00e7\u00e3o ao uso de celulares nas escolas","og_url":"https:\/\/blog.saocamilo-sp.br\/index.php\/2025\/02\/05\/coordenadora-de-pedagogia-explica-como-implementar-a-politica-de-escolas-sem-celulares-sem-conflitos\/","og_site_name":"Blog S\u00e3o Camilo","article_publisher":"https:\/\/www.facebook.com\/saocamilosp","article_published_time":"2025-02-05T18:56:31+00:00","article_modified_time":"2025-02-13T12:28:21+00:00","og_image":[{"width":800,"height":533,"url":"https:\/\/blog.saocamilo-sp.br\/wp-content\/uploads\/2025\/01\/shutterstock_1883781985.jpg","type":"image\/jpeg"}],"author":"Christopher Oliveira dos Reis","twitter_card":"summary_large_image","twitter_creator":"@saocamilosp","twitter_site":"@saocamilosp","twitter_misc":{"Escrito por":"Christopher Oliveira dos Reis","Est. tempo de leitura":"2 minutos"},"schema":{"@context":"https:\/\/schema.org","@graph":[{"@type":"Article","@id":"https:\/\/blog.saocamilo-sp.br\/index.php\/2025\/02\/05\/coordenadora-de-pedagogia-explica-como-implementar-a-politica-de-escolas-sem-celulares-sem-conflitos\/#article","isPartOf":{"@id":"https:\/\/blog.saocamilo-sp.br\/index.php\/2025\/02\/05\/coordenadora-de-pedagogia-explica-como-implementar-a-politica-de-escolas-sem-celulares-sem-conflitos\/"},"author":{"name":"Christopher Oliveira dos Reis","@id":"https:\/\/blog.saocamilo-sp.br\/#\/schema\/person\/7dce5f342af0848eb2f06778b2737904"},"headline":"Coordenadora de Pedagogia explica como implementar a proibi\u00e7\u00e3o de celulares nas escolas sem conflitos","datePublished":"2025-02-05T18:56:31+00:00","dateModified":"2025-02-13T12:28:21+00:00","mainEntityOfPage":{"@id":"https:\/\/blog.saocamilo-sp.br\/index.php\/2025\/02\/05\/coordenadora-de-pedagogia-explica-como-implementar-a-politica-de-escolas-sem-celulares-sem-conflitos\/"},"wordCount":480,"commentCount":0,"publisher":{"@id":"https:\/\/blog.saocamilo-sp.br\/#organization"},"image":{"@id":"https:\/\/blog.saocamilo-sp.br\/index.php\/2025\/02\/05\/coordenadora-de-pedagogia-explica-como-implementar-a-politica-de-escolas-sem-celulares-sem-conflitos\/#primaryimage"},"thumbnailUrl":"https:\/\/blog.saocamilo-sp.br\/wp-content\/uploads\/2025\/01\/shutterstock_1883781985.jpg","keywords":["celulares","escolas","pedagogia","S\u00e3o Camilo"],"articleSection":["Cursos","Pedagogia"],"inLanguage":"pt-BR","potentialAction":[{"@type":"CommentAction","name":"Comment","target":["https:\/\/blog.saocamilo-sp.br\/index.php\/2025\/02\/05\/coordenadora-de-pedagogia-explica-como-implementar-a-politica-de-escolas-sem-celulares-sem-conflitos\/#respond"]}]},{"@type":"WebPage","@id":"https:\/\/blog.saocamilo-sp.br\/index.php\/2025\/02\/05\/coordenadora-de-pedagogia-explica-como-implementar-a-politica-de-escolas-sem-celulares-sem-conflitos\/","url":"https:\/\/blog.saocamilo-sp.br\/index.php\/2025\/02\/05\/coordenadora-de-pedagogia-explica-como-implementar-a-politica-de-escolas-sem-celulares-sem-conflitos\/","name":"Coordenadora de Pedagogia explica como implementar a proibi\u00e7\u00e3o de celulares nas escolas sem conflitos - Blog S\u00e3o Camilo","isPartOf":{"@id":"https:\/\/blog.saocamilo-sp.br\/#website"},"primaryImageOfPage":{"@id":"https:\/\/blog.saocamilo-sp.br\/index.php\/2025\/02\/05\/coordenadora-de-pedagogia-explica-como-implementar-a-politica-de-escolas-sem-celulares-sem-conflitos\/#primaryimage"},"image":{"@id":"https:\/\/blog.saocamilo-sp.br\/index.php\/2025\/02\/05\/coordenadora-de-pedagogia-explica-como-implementar-a-politica-de-escolas-sem-celulares-sem-conflitos\/#primaryimage"},"thumbnailUrl":"https:\/\/blog.saocamilo-sp.br\/wp-content\/uploads\/2025\/01\/shutterstock_1883781985.jpg","datePublished":"2025-02-05T18:56:31+00:00","dateModified":"2025-02-13T12:28:21+00:00","description":"A professora Luciane Pedro, coordenadora do curso de Pedagogia do Centro Universit\u00e1rio S\u00e3o Camilo, destaca a import\u00e2ncia do planejamento estrat\u00e9gico na implementa\u00e7\u00e3o da restri\u00e7\u00e3o ao uso de celulares nas escolas","breadcrumb":{"@id":"https:\/\/blog.saocamilo-sp.br\/index.php\/2025\/02\/05\/coordenadora-de-pedagogia-explica-como-implementar-a-politica-de-escolas-sem-celulares-sem-conflitos\/#breadcrumb"},"inLanguage":"pt-BR","potentialAction":[{"@type":"ReadAction","target":["https:\/\/blog.saocamilo-sp.br\/index.php\/2025\/02\/05\/coordenadora-de-pedagogia-explica-como-implementar-a-politica-de-escolas-sem-celulares-sem-conflitos\/"]}]},{"@type":"ImageObject","inLanguage":"pt-BR","@id":"https:\/\/blog.saocamilo-sp.br\/index.php\/2025\/02\/05\/coordenadora-de-pedagogia-explica-como-implementar-a-politica-de-escolas-sem-celulares-sem-conflitos\/#primaryimage","url":"https:\/\/blog.saocamilo-sp.br\/wp-content\/uploads\/2025\/01\/shutterstock_1883781985.jpg","contentUrl":"https:\/\/blog.saocamilo-sp.br\/wp-content\/uploads\/2025\/01\/shutterstock_1883781985.jpg","width":800,"height":533,"caption":"Com a san\u00e7\u00e3o da Lei Federal n\u00ba 15.100\/2025, o uso de celulares em escolas p\u00fablicas e privadas de todo o Pa\u00eds est\u00e1 proibido para alunos da Educa\u00e7\u00e3o B\u00e1sica. Essa medida busca, acima de tudo, evitar conflitos e melhorar o ambiente de aprendizado."},{"@type":"BreadcrumbList","@id":"https:\/\/blog.saocamilo-sp.br\/index.php\/2025\/02\/05\/coordenadora-de-pedagogia-explica-como-implementar-a-politica-de-escolas-sem-celulares-sem-conflitos\/#breadcrumb","itemListElement":[{"@type":"ListItem","position":1,"name":"In\u00edcio","item":"https:\/\/blog.saocamilo-sp.br\/"},{"@type":"ListItem","position":2,"name":"Coordenadora de Pedagogia explica como implementar a proibi\u00e7\u00e3o de celulares nas escolas sem conflitos"}]},{"@type":"WebSite","@id":"https:\/\/blog.saocamilo-sp.br\/#website","url":"https:\/\/blog.saocamilo-sp.br\/","name":"Blog S\u00e3o Camilo","description":"Blog do Centro Universit\u00e1rio S\u00e3o Camilo","publisher":{"@id":"https:\/\/blog.saocamilo-sp.br\/#organization"},"potentialAction":[{"@type":"SearchAction","target":{"@type":"EntryPoint","urlTemplate":"https:\/\/blog.saocamilo-sp.br\/?s={search_term_string}"},"query-input":{"@type":"PropertyValueSpecification","valueRequired":true,"valueName":"search_term_string"}}],"inLanguage":"pt-BR"},{"@type":"Organization","@id":"https:\/\/blog.saocamilo-sp.br\/#organization","name":"Blog S\u00e3o Camilo","url":"https:\/\/blog.saocamilo-sp.br\/","logo":{"@type":"ImageObject","inLanguage":"pt-BR","@id":"https:\/\/blog.saocamilo-sp.br\/#\/schema\/logo\/image\/","url":"https:\/\/blog.saocamilo-sp.br\/wp-content\/uploads\/2021\/12\/cropped-vazio-logo-topo.png","contentUrl":"https:\/\/blog.saocamilo-sp.br\/wp-content\/uploads\/2021\/12\/cropped-vazio-logo-topo.png","width":320,"height":240,"caption":"Blog S\u00e3o Camilo"},"image":{"@id":"https:\/\/blog.saocamilo-sp.br\/#\/schema\/logo\/image\/"},"sameAs":["https:\/\/www.facebook.com\/saocamilosp","https:\/\/x.com\/saocamilosp","https:\/\/www.linkedin.com\/school\/centro-universit-rio-s-o-camilo\/"]},{"@type":"Person","@id":"https:\/\/blog.saocamilo-sp.br\/#\/schema\/person\/7dce5f342af0848eb2f06778b2737904","name":"Christopher Oliveira dos Reis","image":{"@type":"ImageObject","inLanguage":"pt-BR","@id":"https:\/\/secure.gravatar.com\/avatar\/b09a1361215d06f22999124838358b6855376e2b7287de883b723960b0c03f82?s=96&d=mm&r=g","url":"https:\/\/secure.gravatar.com\/avatar\/b09a1361215d06f22999124838358b6855376e2b7287de883b723960b0c03f82?s=96&d=mm&r=g","contentUrl":"https:\/\/secure.gravatar.com\/avatar\/b09a1361215d06f22999124838358b6855376e2b7287de883b723960b0c03f82?s=96&d=mm&r=g","caption":"Christopher Oliveira dos Reis"},"url":"https:\/\/blog.saocamilo-sp.br\/index.php\/author\/christopher-reis\/"}]}},"_links":{"self":[{"href":"https:\/\/blog.saocamilo-sp.br\/index.php\/wp-json\/wp\/v2\/posts\/3373","targetHints":{"allow":["GET"]}}],"collection":[{"href":"https:\/\/blog.saocamilo-sp.br\/index.php\/wp-json\/wp\/v2\/posts"}],"about":[{"href":"https:\/\/blog.saocamilo-sp.br\/index.php\/wp-json\/wp\/v2\/types\/post"}],"author":[{"embeddable":true,"href":"https:\/\/blog.saocamilo-sp.br\/index.php\/wp-json\/wp\/v2\/users\/11"}],"replies":[{"embeddable":true,"href":"https:\/\/blog.saocamilo-sp.br\/index.php\/wp-json\/wp\/v2\/comments?post=3373"}],"version-history":[{"count":7,"href":"https:\/\/blog.saocamilo-sp.br\/index.php\/wp-json\/wp\/v2\/posts\/3373\/revisions"}],"predecessor-version":[{"id":3416,"href":"https:\/\/blog.saocamilo-sp.br\/index.php\/wp-json\/wp\/v2\/posts\/3373\/revisions\/3416"}],"wp:featuredmedia":[{"embeddable":true,"href":"https:\/\/blog.saocamilo-sp.br\/index.php\/wp-json\/wp\/v2\/media\/3405"}],"wp:attachment":[{"href":"https:\/\/blog.saocamilo-sp.br\/index.php\/wp-json\/wp\/v2\/media?parent=3373"}],"wp:term":[{"taxonomy":"category","embeddable":true,"href":"https:\/\/blog.saocamilo-sp.br\/index.php\/wp-json\/wp\/v2\/categories?post=3373"},{"taxonomy":"post_tag","embeddable":true,"href":"https:\/\/blog.saocamilo-sp.br\/index.php\/wp-json\/wp\/v2\/tags?post=3373"}],"curies":[{"name":"wp","href":"https:\/\/api.w.org\/{rel}","templated":true}]}}