{"id":3376,"date":"2025-01-20T16:21:15","date_gmt":"2025-01-20T19:21:15","guid":{"rendered":"https:\/\/blog.saocamilo-sp.br\/?p=3376"},"modified":"2025-02-26T15:53:52","modified_gmt":"2025-02-26T18:53:52","slug":"bbb-a-quantidade-de-ovos-que-a-gracyane-come-e-saudavel","status":"publish","type":"post","link":"https:\/\/blog.saocamilo-sp.br\/index.php\/2025\/01\/20\/bbb-a-quantidade-de-ovos-que-a-gracyane-come-e-saudavel\/","title":{"rendered":"BBB- A quantidade de ovos que a Gracyane consome, \u00e9 saud\u00e1vel?"},"content":{"rendered":"\n<p>A musa fitness Gracyane Barbosa, participante do BBB, gerou pol\u00eamica nas redes sociais ao revelar seu consumo di\u00e1rio de 40 ovos. Mas ser\u00e1 que isso \u00e9 saud\u00e1vel? Para responder essa quest\u00e3o cada vez mais comentada, convidamos a nutricionista Lyandra Rodrigues, da <a href=\"https:\/\/saocamilo-sp.br\/institucional\/servicos_comunidade\/clnica_escola_promove\">Cl\u00ednica-escola Promove S\u00e3o Camilo<\/a>, para esclarecer sobre os benef\u00edcios e cuidados ao consumir esse alimento.<\/p>\n\n\n\n<h3 class=\"wp-block-heading\">Quais os benef\u00edcios do ovo?<\/h3>\n\n\n\n<blockquote class=\"wp-block-quote is-layout-flow wp-block-quote-is-layout-flow\">\n<p>O ovo \u00e9 um alimento altamente nutritivo, oferecendo diversos benef\u00edcios para a sa\u00fade. Ele \u00e9 rico em vitaminas e minerais essenciais e \u00e9 uma excelente fonte de prote\u00edna de alta qualidade.<\/p>\n<\/blockquote>\n\n\n<div class=\"wp-block-image\">\n<figure class=\"aligncenter size-full is-resized\"><img loading=\"lazy\" decoding=\"async\" width=\"984\" height=\"552\" src=\"https:\/\/blog.saocamilo-sp.br\/wp-content\/uploads\/2025\/01\/image-8.png\" alt=\"\" class=\"wp-image-3378\" style=\"width:750px;height:auto\" srcset=\"https:\/\/blog.saocamilo-sp.br\/wp-content\/uploads\/2025\/01\/image-8.png 984w, https:\/\/blog.saocamilo-sp.br\/wp-content\/uploads\/2025\/01\/image-8-300x168.png 300w, https:\/\/blog.saocamilo-sp.br\/wp-content\/uploads\/2025\/01\/image-8-768x431.png 768w, https:\/\/blog.saocamilo-sp.br\/wp-content\/uploads\/2025\/01\/image-8-600x337.png 600w, https:\/\/blog.saocamilo-sp.br\/wp-content\/uploads\/2025\/01\/image-8-945x530.png 945w\" sizes=\"auto, (max-width: 984px) 100vw, 984px\" \/><figcaption class=\"wp-element-caption\">Imagem: Divulga\u00e7\u00e3o Rede Globo<\/figcaption><\/figure>\n<\/div>\n\n\n<h3 class=\"wp-block-heading\"><br>Como o consumo de ovos beneficia o organismo?<\/h3>\n\n\n\n<blockquote class=\"wp-block-quote is-layout-flow wp-block-quote-is-layout-flow\">\n<p>As prote\u00ednas presentes no ovo desempenham um papel fundamental na constru\u00e7\u00e3o e repara\u00e7\u00e3o dos m\u00fasculos, sendo especialmente importantes para quem pratica atividades f\u00edsicas. Sabe quando ficamos doloridos ap\u00f3s o treino? Isso acontece porque os m\u00fasculos est\u00e3o passando por um processo de &#8220;quebra&#8221; para serem reconstru\u00eddos mais fortes e saud\u00e1veis. Nesse processo, a prote\u00edna \u00e9 essencial para a recupera\u00e7\u00e3o.<\/p>\n<\/blockquote>\n\n\n\n<p>As prote\u00ednas do ovo t\u00eam um valor biol\u00f3gico elevado, o que significa que o corpo aproveita muito bem esse nutriente para a recupera\u00e7\u00e3o muscular. Para quem treina, isso \u00e9 essencial, pois ajuda na repara\u00e7\u00e3o das microles\u00f5es nos m\u00fasculos, otimizando a recupera\u00e7\u00e3o e os resultados do treino. Ela ainda mencionou que os benef\u00edcios das prote\u00ednas do ovo n\u00e3o param nos m\u00fasculos, mas s\u00e3o fundamentais para outros tecidos,como pele, unhas e cabelos. <\/p>\n\n\n\n<blockquote class=\"wp-block-quote is-layout-flow wp-block-quote-is-layout-flow\">\n<p>Al\u00e9m disso, o ovo cont\u00e9m subst\u00e2ncias como a colina&nbsp;e a lute\u00edna, que s\u00e3o importantes para a sa\u00fade cerebral e a fun\u00e7\u00e3o cognitiva. As vitaminas A e D presentes no ovo ajudam a fortalecer o sistema imunol\u00f3gico e a prevenir doen\u00e7as. Outro benef\u00edcio importante, \u00e9 que as prote\u00ednas e as gorduras saud\u00e1veis do ovo ajudam a manter a sensa\u00e7\u00e3o de saciedade por mais tempo, o que pode ser \u00fatil no controle do apetite.<\/p>\n<\/blockquote>\n\n\n\n<h3 class=\"wp-block-heading\">H\u00e1 limite para o consumo de ovos?<\/h3>\n\n\n\n<blockquote class=\"wp-block-quote is-layout-flow wp-block-quote-is-layout-flow\">\n<p>Embora o ovo seja um alimento muito nutritivo, a quantidade ideal a ser consumida pode variar de acordo com as necessidades cal\u00f3ricas, o n\u00edvel de atividade f\u00edsica e o estado de sa\u00fade de cada pessoa.<\/p>\n\n\n\n<p>Por isso, \u00e9 fundamental contar com o acompanhamento de um nutricionista, que poder\u00e1 orient\u00e1-lo sobre a quantidade de ovos e a melhor forma de inclu\u00ed-los em uma dieta equilibrada, personalizada para as suas necessidades.<\/p>\n<\/blockquote>\n\n\n\n<p>Em resumo, enquanto a rotina alimentar de Gracyane Barbosa pode gerar curiosidade, \u00e9 importante lembrar que a quantidade de ovos consumida por cada pessoa deve ser adaptada \u00e0s suas necessidades individuais, principalmente considerando o n\u00edvel de atividade f\u00edsica e a sa\u00fade geral. Para quem, assim como ela, busca performance e resultados, o acompanhamento de um nutricionista \u00e9 essencial para garantir que a alimenta\u00e7\u00e3o seja equilibrada e personalizada. Afinal, todos queremos manter o corpo saud\u00e1vel e bem-nutrido, mas sempre com responsabilidade e cuidado.<\/p>\n\n\n\n<p><strong>Leia tamb\u00e9m:<\/strong><br><br><a href=\"https:\/\/blog.saocamilo-sp.br\/index.php\/2024\/11\/29\/alunos-da-sao-camilo-analisam-lesoes-por-arma-de-fogo-na-medicina-forense\/\">Alunos da S\u00e3o Camilo Analisam Les\u00f5es por Arma de Fogo na Medicina Forense<\/a><\/p>\n\n\n\n<p><a href=\"https:\/\/blog.saocamilo-sp.br\/index.php\/2023\/07\/07\/a-pesquisa-cientifica-no-centro-universitario-sao-camilo\/\" target=\"_blank\" rel=\"noreferrer noopener\"><\/a><a href=\"https:\/\/blog.saocamilo-sp.br\/index.php\/2023\/07\/07\/a-pesquisa-cientifica-no-centro-universitario-sao-camilo\/\" target=\"_blank\" rel=\"noreferrer noopener\"> impacto do atendimento humanizado em pacientes de radioterapia<\/a><\/p>\n\n\n\n<p><a href=\"https:\/\/blog.saocamilo-sp.br\/index.php\/2024\/09\/27\/ipiranga-tradicao-historia-e-modernidade\/\">Resist\u00eancia bacteriana: docentes e alunos de farm\u00e1cia realizam pesquisa sobre novas abordagens terap\u00eauticas<\/a><\/p>\n","protected":false},"excerpt":{"rendered":"<p>Para responder essa quest\u00e3o cada vez mais comentada, convidamos a nutricionista Lyandra Rodrigues, da Cl\u00ednica-escola Promove S\u00e3o Camilo<\/p>\n","protected":false},"author":4,"featured_media":3384,"comment_status":"open","ping_status":"open","sticky":false,"template":"","format":"standard","meta":{"cybocfi_hide_featured_image":"","footnotes":""},"categories":[1],"tags":[],"class_list":["post-3376","post","type-post","status-publish","format-standard","has-post-thumbnail","hentry","category-cursos"],"yoast_head":"<!-- This site is optimized with the Yoast SEO plugin v27.5 - https:\/\/yoast.com\/product\/yoast-seo-wordpress\/ -->\n<title>BBB- A quantidade de ovos que a Gracyane consome, \u00e9 saud\u00e1vel?<\/title>\n<meta name=\"description\" content=\"Lyandra Rodrigues, nutricionista da Cl\u00ednica-escola PROMOVE explica os benef\u00edcios e cuidados desse h\u00e1bito para a sa\u00fade.\" \/>\n<meta name=\"robots\" content=\"index, follow, max-snippet:-1, max-image-preview:large, max-video-preview:-1\" \/>\n<link rel=\"canonical\" href=\"https:\/\/blog.saocamilo-sp.br\/index.php\/2025\/01\/20\/bbb-a-quantidade-de-ovos-que-a-gracyane-come-e-saudavel\/\" \/>\n<meta property=\"og:locale\" content=\"pt_BR\" \/>\n<meta property=\"og:type\" content=\"article\" \/>\n<meta property=\"og:title\" content=\"BBB- A quantidade de ovos que a Gracyane consome, \u00e9 saud\u00e1vel?\" \/>\n<meta property=\"og:description\" content=\"Lyandra Rodrigues, nutricionista da Cl\u00ednica-escola PROMOVE explica os benef\u00edcios e cuidados desse h\u00e1bito para a sa\u00fade.\" \/>\n<meta property=\"og:url\" content=\"https:\/\/blog.saocamilo-sp.br\/index.php\/2025\/01\/20\/bbb-a-quantidade-de-ovos-que-a-gracyane-come-e-saudavel\/\" \/>\n<meta property=\"og:site_name\" content=\"Blog S\u00e3o Camilo\" \/>\n<meta property=\"article:publisher\" content=\"https:\/\/www.facebook.com\/saocamilosp\" \/>\n<meta property=\"article:published_time\" content=\"2025-01-20T19:21:15+00:00\" \/>\n<meta property=\"article:modified_time\" content=\"2025-02-26T18:53:52+00:00\" \/>\n<meta property=\"og:image\" content=\"https:\/\/blog.saocamilo-sp.br\/wp-content\/uploads\/2025\/01\/erer-1.webp\" \/>\n\t<meta property=\"og:image:width\" content=\"1200\" \/>\n\t<meta property=\"og:image:height\" content=\"720\" \/>\n\t<meta property=\"og:image:type\" content=\"image\/webp\" \/>\n<meta name=\"author\" content=\"Lucas Soares Gon\u00e7alves\" \/>\n<meta name=\"twitter:card\" content=\"summary_large_image\" \/>\n<meta name=\"twitter:creator\" content=\"@saocamilosp\" \/>\n<meta name=\"twitter:site\" content=\"@saocamilosp\" \/>\n<meta name=\"twitter:label1\" content=\"Escrito por\" \/>\n\t<meta name=\"twitter:data1\" content=\"Lucas Soares Gon\u00e7alves\" \/>\n\t<meta name=\"twitter:label2\" content=\"Est. tempo de leitura\" \/>\n\t<meta name=\"twitter:data2\" content=\"2 minutos\" \/>\n<script type=\"application\/ld+json\" class=\"yoast-schema-graph\">{\"@context\":\"https:\\\/\\\/schema.org\",\"@graph\":[{\"@type\":\"Article\",\"@id\":\"https:\\\/\\\/blog.saocamilo-sp.br\\\/index.php\\\/2025\\\/01\\\/20\\\/bbb-a-quantidade-de-ovos-que-a-gracyane-come-e-saudavel\\\/#article\",\"isPartOf\":{\"@id\":\"https:\\\/\\\/blog.saocamilo-sp.br\\\/index.php\\\/2025\\\/01\\\/20\\\/bbb-a-quantidade-de-ovos-que-a-gracyane-come-e-saudavel\\\/\"},\"author\":{\"name\":\"Lucas Soares Gon\u00e7alves\",\"@id\":\"https:\\\/\\\/blog.saocamilo-sp.br\\\/#\\\/schema\\\/person\\\/781135418152912d4b58f2db13a2eaf0\"},\"headline\":\"BBB- A quantidade de ovos que a Gracyane consome, \u00e9 saud\u00e1vel?\",\"datePublished\":\"2025-01-20T19:21:15+00:00\",\"dateModified\":\"2025-02-26T18:53:52+00:00\",\"mainEntityOfPage\":{\"@id\":\"https:\\\/\\\/blog.saocamilo-sp.br\\\/index.php\\\/2025\\\/01\\\/20\\\/bbb-a-quantidade-de-ovos-que-a-gracyane-come-e-saudavel\\\/\"},\"wordCount\":568,\"commentCount\":0,\"publisher\":{\"@id\":\"https:\\\/\\\/blog.saocamilo-sp.br\\\/#organization\"},\"image\":{\"@id\":\"https:\\\/\\\/blog.saocamilo-sp.br\\\/index.php\\\/2025\\\/01\\\/20\\\/bbb-a-quantidade-de-ovos-que-a-gracyane-come-e-saudavel\\\/#primaryimage\"},\"thumbnailUrl\":\"https:\\\/\\\/blog.saocamilo-sp.br\\\/wp-content\\\/uploads\\\/2025\\\/01\\\/erer-1.webp\",\"articleSection\":[\"Cursos\"],\"inLanguage\":\"pt-BR\",\"potentialAction\":[{\"@type\":\"CommentAction\",\"name\":\"Comment\",\"target\":[\"https:\\\/\\\/blog.saocamilo-sp.br\\\/index.php\\\/2025\\\/01\\\/20\\\/bbb-a-quantidade-de-ovos-que-a-gracyane-come-e-saudavel\\\/#respond\"]}]},{\"@type\":\"WebPage\",\"@id\":\"https:\\\/\\\/blog.saocamilo-sp.br\\\/index.php\\\/2025\\\/01\\\/20\\\/bbb-a-quantidade-de-ovos-que-a-gracyane-come-e-saudavel\\\/\",\"url\":\"https:\\\/\\\/blog.saocamilo-sp.br\\\/index.php\\\/2025\\\/01\\\/20\\\/bbb-a-quantidade-de-ovos-que-a-gracyane-come-e-saudavel\\\/\",\"name\":\"BBB- A quantidade de ovos que a Gracyane consome, \u00e9 saud\u00e1vel?\",\"isPartOf\":{\"@id\":\"https:\\\/\\\/blog.saocamilo-sp.br\\\/#website\"},\"primaryImageOfPage\":{\"@id\":\"https:\\\/\\\/blog.saocamilo-sp.br\\\/index.php\\\/2025\\\/01\\\/20\\\/bbb-a-quantidade-de-ovos-que-a-gracyane-come-e-saudavel\\\/#primaryimage\"},\"image\":{\"@id\":\"https:\\\/\\\/blog.saocamilo-sp.br\\\/index.php\\\/2025\\\/01\\\/20\\\/bbb-a-quantidade-de-ovos-que-a-gracyane-come-e-saudavel\\\/#primaryimage\"},\"thumbnailUrl\":\"https:\\\/\\\/blog.saocamilo-sp.br\\\/wp-content\\\/uploads\\\/2025\\\/01\\\/erer-1.webp\",\"datePublished\":\"2025-01-20T19:21:15+00:00\",\"dateModified\":\"2025-02-26T18:53:52+00:00\",\"description\":\"Lyandra Rodrigues, nutricionista da Cl\u00ednica-escola PROMOVE explica os benef\u00edcios e cuidados desse h\u00e1bito para a sa\u00fade.\",\"breadcrumb\":{\"@id\":\"https:\\\/\\\/blog.saocamilo-sp.br\\\/index.php\\\/2025\\\/01\\\/20\\\/bbb-a-quantidade-de-ovos-que-a-gracyane-come-e-saudavel\\\/#breadcrumb\"},\"inLanguage\":\"pt-BR\",\"potentialAction\":[{\"@type\":\"ReadAction\",\"target\":[\"https:\\\/\\\/blog.saocamilo-sp.br\\\/index.php\\\/2025\\\/01\\\/20\\\/bbb-a-quantidade-de-ovos-que-a-gracyane-come-e-saudavel\\\/\"]}]},{\"@type\":\"ImageObject\",\"inLanguage\":\"pt-BR\",\"@id\":\"https:\\\/\\\/blog.saocamilo-sp.br\\\/index.php\\\/2025\\\/01\\\/20\\\/bbb-a-quantidade-de-ovos-que-a-gracyane-come-e-saudavel\\\/#primaryimage\",\"url\":\"https:\\\/\\\/blog.saocamilo-sp.br\\\/wp-content\\\/uploads\\\/2025\\\/01\\\/erer-1.webp\",\"contentUrl\":\"https:\\\/\\\/blog.saocamilo-sp.br\\\/wp-content\\\/uploads\\\/2025\\\/01\\\/erer-1.webp\",\"width\":1200,\"height\":720,\"caption\":\"A musa fitness Gracyane Barbosa, participante do BBB, chamou a aten\u00e7\u00e3o nas redes sociais e na televis\u00e3o ao revelar que consome uma grande quantidade de ovos diariamente.\"},{\"@type\":\"BreadcrumbList\",\"@id\":\"https:\\\/\\\/blog.saocamilo-sp.br\\\/index.php\\\/2025\\\/01\\\/20\\\/bbb-a-quantidade-de-ovos-que-a-gracyane-come-e-saudavel\\\/#breadcrumb\",\"itemListElement\":[{\"@type\":\"ListItem\",\"position\":1,\"name\":\"In\u00edcio\",\"item\":\"https:\\\/\\\/blog.saocamilo-sp.br\\\/\"},{\"@type\":\"ListItem\",\"position\":2,\"name\":\"BBB- A quantidade de ovos que a Gracyane consome, \u00e9 saud\u00e1vel?\"}]},{\"@type\":\"WebSite\",\"@id\":\"https:\\\/\\\/blog.saocamilo-sp.br\\\/#website\",\"url\":\"https:\\\/\\\/blog.saocamilo-sp.br\\\/\",\"name\":\"Blog S\u00e3o Camilo\",\"description\":\"Blog do Centro Universit\u00e1rio S\u00e3o Camilo\",\"publisher\":{\"@id\":\"https:\\\/\\\/blog.saocamilo-sp.br\\\/#organization\"},\"potentialAction\":[{\"@type\":\"SearchAction\",\"target\":{\"@type\":\"EntryPoint\",\"urlTemplate\":\"https:\\\/\\\/blog.saocamilo-sp.br\\\/?s={search_term_string}\"},\"query-input\":{\"@type\":\"PropertyValueSpecification\",\"valueRequired\":true,\"valueName\":\"search_term_string\"}}],\"inLanguage\":\"pt-BR\"},{\"@type\":\"Organization\",\"@id\":\"https:\\\/\\\/blog.saocamilo-sp.br\\\/#organization\",\"name\":\"Blog S\u00e3o Camilo\",\"url\":\"https:\\\/\\\/blog.saocamilo-sp.br\\\/\",\"logo\":{\"@type\":\"ImageObject\",\"inLanguage\":\"pt-BR\",\"@id\":\"https:\\\/\\\/blog.saocamilo-sp.br\\\/#\\\/schema\\\/logo\\\/image\\\/\",\"url\":\"https:\\\/\\\/blog.saocamilo-sp.br\\\/wp-content\\\/uploads\\\/2021\\\/12\\\/cropped-vazio-logo-topo.png\",\"contentUrl\":\"https:\\\/\\\/blog.saocamilo-sp.br\\\/wp-content\\\/uploads\\\/2021\\\/12\\\/cropped-vazio-logo-topo.png\",\"width\":320,\"height\":240,\"caption\":\"Blog S\u00e3o Camilo\"},\"image\":{\"@id\":\"https:\\\/\\\/blog.saocamilo-sp.br\\\/#\\\/schema\\\/logo\\\/image\\\/\"},\"sameAs\":[\"https:\\\/\\\/www.facebook.com\\\/saocamilosp\",\"https:\\\/\\\/x.com\\\/saocamilosp\",\"https:\\\/\\\/www.linkedin.com\\\/school\\\/centro-universit-rio-s-o-camilo\\\/\"]},{\"@type\":\"Person\",\"@id\":\"https:\\\/\\\/blog.saocamilo-sp.br\\\/#\\\/schema\\\/person\\\/781135418152912d4b58f2db13a2eaf0\",\"name\":\"Lucas Soares Gon\u00e7alves\",\"image\":{\"@type\":\"ImageObject\",\"inLanguage\":\"pt-BR\",\"@id\":\"https:\\\/\\\/secure.gravatar.com\\\/avatar\\\/bcd2d703cbb48116eaac2cac8643792535238ff30b2d7ce9e16f9254ec9cae83?s=96&d=mm&r=g\",\"url\":\"https:\\\/\\\/secure.gravatar.com\\\/avatar\\\/bcd2d703cbb48116eaac2cac8643792535238ff30b2d7ce9e16f9254ec9cae83?s=96&d=mm&r=g\",\"contentUrl\":\"https:\\\/\\\/secure.gravatar.com\\\/avatar\\\/bcd2d703cbb48116eaac2cac8643792535238ff30b2d7ce9e16f9254ec9cae83?s=96&d=mm&r=g\",\"caption\":\"Lucas Soares Gon\u00e7alves\"},\"url\":\"https:\\\/\\\/blog.saocamilo-sp.br\\\/index.php\\\/author\\\/lucas-soares-goncalves\\\/\"}]}<\/script>\n<!-- \/ Yoast SEO plugin. -->","yoast_head_json":{"title":"BBB- A quantidade de ovos que a Gracyane consome, \u00e9 saud\u00e1vel?","description":"Lyandra Rodrigues, nutricionista da Cl\u00ednica-escola PROMOVE explica os benef\u00edcios e cuidados desse h\u00e1bito para a sa\u00fade.","robots":{"index":"index","follow":"follow","max-snippet":"max-snippet:-1","max-image-preview":"max-image-preview:large","max-video-preview":"max-video-preview:-1"},"canonical":"https:\/\/blog.saocamilo-sp.br\/index.php\/2025\/01\/20\/bbb-a-quantidade-de-ovos-que-a-gracyane-come-e-saudavel\/","og_locale":"pt_BR","og_type":"article","og_title":"BBB- A quantidade de ovos que a Gracyane consome, \u00e9 saud\u00e1vel?","og_description":"Lyandra Rodrigues, nutricionista da Cl\u00ednica-escola PROMOVE explica os benef\u00edcios e cuidados desse h\u00e1bito para a sa\u00fade.","og_url":"https:\/\/blog.saocamilo-sp.br\/index.php\/2025\/01\/20\/bbb-a-quantidade-de-ovos-que-a-gracyane-come-e-saudavel\/","og_site_name":"Blog S\u00e3o Camilo","article_publisher":"https:\/\/www.facebook.com\/saocamilosp","article_published_time":"2025-01-20T19:21:15+00:00","article_modified_time":"2025-02-26T18:53:52+00:00","og_image":[{"width":1200,"height":720,"url":"https:\/\/blog.saocamilo-sp.br\/wp-content\/uploads\/2025\/01\/erer-1.webp","type":"image\/webp"}],"author":"Lucas Soares Gon\u00e7alves","twitter_card":"summary_large_image","twitter_creator":"@saocamilosp","twitter_site":"@saocamilosp","twitter_misc":{"Escrito por":"Lucas Soares Gon\u00e7alves","Est. tempo de leitura":"2 minutos"},"schema":{"@context":"https:\/\/schema.org","@graph":[{"@type":"Article","@id":"https:\/\/blog.saocamilo-sp.br\/index.php\/2025\/01\/20\/bbb-a-quantidade-de-ovos-que-a-gracyane-come-e-saudavel\/#article","isPartOf":{"@id":"https:\/\/blog.saocamilo-sp.br\/index.php\/2025\/01\/20\/bbb-a-quantidade-de-ovos-que-a-gracyane-come-e-saudavel\/"},"author":{"name":"Lucas Soares Gon\u00e7alves","@id":"https:\/\/blog.saocamilo-sp.br\/#\/schema\/person\/781135418152912d4b58f2db13a2eaf0"},"headline":"BBB- A quantidade de ovos que a Gracyane consome, \u00e9 saud\u00e1vel?","datePublished":"2025-01-20T19:21:15+00:00","dateModified":"2025-02-26T18:53:52+00:00","mainEntityOfPage":{"@id":"https:\/\/blog.saocamilo-sp.br\/index.php\/2025\/01\/20\/bbb-a-quantidade-de-ovos-que-a-gracyane-come-e-saudavel\/"},"wordCount":568,"commentCount":0,"publisher":{"@id":"https:\/\/blog.saocamilo-sp.br\/#organization"},"image":{"@id":"https:\/\/blog.saocamilo-sp.br\/index.php\/2025\/01\/20\/bbb-a-quantidade-de-ovos-que-a-gracyane-come-e-saudavel\/#primaryimage"},"thumbnailUrl":"https:\/\/blog.saocamilo-sp.br\/wp-content\/uploads\/2025\/01\/erer-1.webp","articleSection":["Cursos"],"inLanguage":"pt-BR","potentialAction":[{"@type":"CommentAction","name":"Comment","target":["https:\/\/blog.saocamilo-sp.br\/index.php\/2025\/01\/20\/bbb-a-quantidade-de-ovos-que-a-gracyane-come-e-saudavel\/#respond"]}]},{"@type":"WebPage","@id":"https:\/\/blog.saocamilo-sp.br\/index.php\/2025\/01\/20\/bbb-a-quantidade-de-ovos-que-a-gracyane-come-e-saudavel\/","url":"https:\/\/blog.saocamilo-sp.br\/index.php\/2025\/01\/20\/bbb-a-quantidade-de-ovos-que-a-gracyane-come-e-saudavel\/","name":"BBB- A quantidade de ovos que a Gracyane consome, \u00e9 saud\u00e1vel?","isPartOf":{"@id":"https:\/\/blog.saocamilo-sp.br\/#website"},"primaryImageOfPage":{"@id":"https:\/\/blog.saocamilo-sp.br\/index.php\/2025\/01\/20\/bbb-a-quantidade-de-ovos-que-a-gracyane-come-e-saudavel\/#primaryimage"},"image":{"@id":"https:\/\/blog.saocamilo-sp.br\/index.php\/2025\/01\/20\/bbb-a-quantidade-de-ovos-que-a-gracyane-come-e-saudavel\/#primaryimage"},"thumbnailUrl":"https:\/\/blog.saocamilo-sp.br\/wp-content\/uploads\/2025\/01\/erer-1.webp","datePublished":"2025-01-20T19:21:15+00:00","dateModified":"2025-02-26T18:53:52+00:00","description":"Lyandra Rodrigues, nutricionista da Cl\u00ednica-escola PROMOVE explica os benef\u00edcios e cuidados desse h\u00e1bito para a sa\u00fade.","breadcrumb":{"@id":"https:\/\/blog.saocamilo-sp.br\/index.php\/2025\/01\/20\/bbb-a-quantidade-de-ovos-que-a-gracyane-come-e-saudavel\/#breadcrumb"},"inLanguage":"pt-BR","potentialAction":[{"@type":"ReadAction","target":["https:\/\/blog.saocamilo-sp.br\/index.php\/2025\/01\/20\/bbb-a-quantidade-de-ovos-que-a-gracyane-come-e-saudavel\/"]}]},{"@type":"ImageObject","inLanguage":"pt-BR","@id":"https:\/\/blog.saocamilo-sp.br\/index.php\/2025\/01\/20\/bbb-a-quantidade-de-ovos-que-a-gracyane-come-e-saudavel\/#primaryimage","url":"https:\/\/blog.saocamilo-sp.br\/wp-content\/uploads\/2025\/01\/erer-1.webp","contentUrl":"https:\/\/blog.saocamilo-sp.br\/wp-content\/uploads\/2025\/01\/erer-1.webp","width":1200,"height":720,"caption":"A musa fitness Gracyane Barbosa, participante do BBB, chamou a aten\u00e7\u00e3o nas redes sociais e na televis\u00e3o ao revelar que consome uma grande quantidade de ovos diariamente."},{"@type":"BreadcrumbList","@id":"https:\/\/blog.saocamilo-sp.br\/index.php\/2025\/01\/20\/bbb-a-quantidade-de-ovos-que-a-gracyane-come-e-saudavel\/#breadcrumb","itemListElement":[{"@type":"ListItem","position":1,"name":"In\u00edcio","item":"https:\/\/blog.saocamilo-sp.br\/"},{"@type":"ListItem","position":2,"name":"BBB- A quantidade de ovos que a Gracyane consome, \u00e9 saud\u00e1vel?"}]},{"@type":"WebSite","@id":"https:\/\/blog.saocamilo-sp.br\/#website","url":"https:\/\/blog.saocamilo-sp.br\/","name":"Blog S\u00e3o Camilo","description":"Blog do Centro Universit\u00e1rio S\u00e3o Camilo","publisher":{"@id":"https:\/\/blog.saocamilo-sp.br\/#organization"},"potentialAction":[{"@type":"SearchAction","target":{"@type":"EntryPoint","urlTemplate":"https:\/\/blog.saocamilo-sp.br\/?s={search_term_string}"},"query-input":{"@type":"PropertyValueSpecification","valueRequired":true,"valueName":"search_term_string"}}],"inLanguage":"pt-BR"},{"@type":"Organization","@id":"https:\/\/blog.saocamilo-sp.br\/#organization","name":"Blog S\u00e3o Camilo","url":"https:\/\/blog.saocamilo-sp.br\/","logo":{"@type":"ImageObject","inLanguage":"pt-BR","@id":"https:\/\/blog.saocamilo-sp.br\/#\/schema\/logo\/image\/","url":"https:\/\/blog.saocamilo-sp.br\/wp-content\/uploads\/2021\/12\/cropped-vazio-logo-topo.png","contentUrl":"https:\/\/blog.saocamilo-sp.br\/wp-content\/uploads\/2021\/12\/cropped-vazio-logo-topo.png","width":320,"height":240,"caption":"Blog S\u00e3o Camilo"},"image":{"@id":"https:\/\/blog.saocamilo-sp.br\/#\/schema\/logo\/image\/"},"sameAs":["https:\/\/www.facebook.com\/saocamilosp","https:\/\/x.com\/saocamilosp","https:\/\/www.linkedin.com\/school\/centro-universit-rio-s-o-camilo\/"]},{"@type":"Person","@id":"https:\/\/blog.saocamilo-sp.br\/#\/schema\/person\/781135418152912d4b58f2db13a2eaf0","name":"Lucas Soares Gon\u00e7alves","image":{"@type":"ImageObject","inLanguage":"pt-BR","@id":"https:\/\/secure.gravatar.com\/avatar\/bcd2d703cbb48116eaac2cac8643792535238ff30b2d7ce9e16f9254ec9cae83?s=96&d=mm&r=g","url":"https:\/\/secure.gravatar.com\/avatar\/bcd2d703cbb48116eaac2cac8643792535238ff30b2d7ce9e16f9254ec9cae83?s=96&d=mm&r=g","contentUrl":"https:\/\/secure.gravatar.com\/avatar\/bcd2d703cbb48116eaac2cac8643792535238ff30b2d7ce9e16f9254ec9cae83?s=96&d=mm&r=g","caption":"Lucas Soares Gon\u00e7alves"},"url":"https:\/\/blog.saocamilo-sp.br\/index.php\/author\/lucas-soares-goncalves\/"}]}},"_links":{"self":[{"href":"https:\/\/blog.saocamilo-sp.br\/index.php\/wp-json\/wp\/v2\/posts\/3376","targetHints":{"allow":["GET"]}}],"collection":[{"href":"https:\/\/blog.saocamilo-sp.br\/index.php\/wp-json\/wp\/v2\/posts"}],"about":[{"href":"https:\/\/blog.saocamilo-sp.br\/index.php\/wp-json\/wp\/v2\/types\/post"}],"author":[{"embeddable":true,"href":"https:\/\/blog.saocamilo-sp.br\/index.php\/wp-json\/wp\/v2\/users\/4"}],"replies":[{"embeddable":true,"href":"https:\/\/blog.saocamilo-sp.br\/index.php\/wp-json\/wp\/v2\/comments?post=3376"}],"version-history":[{"count":7,"href":"https:\/\/blog.saocamilo-sp.br\/index.php\/wp-json\/wp\/v2\/posts\/3376\/revisions"}],"predecessor-version":[{"id":3445,"href":"https:\/\/blog.saocamilo-sp.br\/index.php\/wp-json\/wp\/v2\/posts\/3376\/revisions\/3445"}],"wp:featuredmedia":[{"embeddable":true,"href":"https:\/\/blog.saocamilo-sp.br\/index.php\/wp-json\/wp\/v2\/media\/3384"}],"wp:attachment":[{"href":"https:\/\/blog.saocamilo-sp.br\/index.php\/wp-json\/wp\/v2\/media?parent=3376"}],"wp:term":[{"taxonomy":"category","embeddable":true,"href":"https:\/\/blog.saocamilo-sp.br\/index.php\/wp-json\/wp\/v2\/categories?post=3376"},{"taxonomy":"post_tag","embeddable":true,"href":"https:\/\/blog.saocamilo-sp.br\/index.php\/wp-json\/wp\/v2\/tags?post=3376"}],"curies":[{"name":"wp","href":"https:\/\/api.w.org\/{rel}","templated":true}]}}