{"id":3397,"date":"2025-02-17T09:49:23","date_gmt":"2025-02-17T12:49:23","guid":{"rendered":"https:\/\/blog.saocamilo-sp.br\/?p=3397"},"modified":"2025-02-26T18:34:54","modified_gmt":"2025-02-26T21:34:54","slug":"corrida-e-nutricao-conheca-a-historia-da-aluna-thamires","status":"publish","type":"post","link":"https:\/\/blog.saocamilo-sp.br\/index.php\/2025\/02\/17\/corrida-e-nutricao-conheca-a-historia-da-aluna-thamires\/","title":{"rendered":"Corrida e Nutri\u00e7\u00e3o: conhe\u00e7a a hist\u00f3ria da aluna Thamires Silva"},"content":{"rendered":"\n<p>A vida tem o poder de nos surpreender de maneiras que nem imaginamos. Para Thamires Silva aluna do 3\u00b0 Semestre de Nutri\u00e7\u00e3o, a corrida e a Nutri\u00e7\u00e3o n\u00e3o apenas mudaram sua rotina, mas se tornaram a chave para sua verdadeira realiza\u00e7\u00e3o pessoal. Neste post, vamos entender mais sobre sua jornada, suas motiva\u00e7\u00f5es e como ela se conecta com a sa\u00fade e bem-estar.<\/p>\n\n\n\n<h3 class=\"wp-block-heading\">O come\u00e7o da corrida: um passo para a mudan\u00e7a<\/h3>\n\n\n\n<p>A corrida, para Thamires, n\u00e3o foi algo que surgiu de imediato. Por muitos anos, ela sonhou com o momento de come\u00e7ar a correr, mas a procrastina\u00e7\u00e3o sempre a impedia de agir. No entanto, em setembro de 2023, algo dentro dela mudou. Com uma determina\u00e7\u00e3o renovada, ela se dirigiu at\u00e9 a ciclofaixa perto de casa e deu seu primeiro passo, literalmente. A experi\u00eancia foi transformadora, e, em 2024, ela deu um grande passo ao se matricular em uma assessoria esportiva. Seu objetivo? Correr sua primeira meia maratona. E no dia 1\u00ba de dezembro, ela atingiu essa meta, um marco inesquec\u00edvel em sua vida.<\/p>\n\n\n\n<p>Esse ponto de virada, embora simples \u00e0 primeira vista, revelou a Thamires o poder que o esporte tem de transformar a vida de uma pessoa.<\/p>\n\n\n\n<h3 class=\"wp-block-heading\">A descoberta da nutri\u00e7\u00e3o: a jornada do autoconhecimento<\/h3>\n\n\n\n<p>Embora tenha se formado em Recursos Humanos e trabalhado na \u00e1rea por um tempo, Thamires nunca se sentiu plenamente realizada. Como ela mesma diz, era algo que ajudava a pagar as contas, mas n\u00e3o falava ao seu cora\u00e7\u00e3o. Foi durante um processo de reeduca\u00e7\u00e3o alimentar que ela percebeu a transforma\u00e7\u00e3o que a Nutri\u00e7\u00e3o poderia trazer para a vida de uma pessoa.<\/p>\n\n\n\n<blockquote class=\"wp-block-quote is-layout-flow wp-block-quote-is-layout-flow\">\n<p>Transformei minha vida atrav\u00e9s de uma alimenta\u00e7\u00e3o equilibrada e de treinos regulares. Isso me inspirou a seguir um caminho mais alinhado com o meu prop\u00f3sito<\/p>\n<\/blockquote>\n\n\n\n<p>-compartilha Thamires. Essa transforma\u00e7\u00e3o pessoal, somada a um processo terap\u00eautico que a fez se reconectar com sua ess\u00eancia, a levou a escolher a Nutri\u00e7\u00e3o como sua verdadeira paix\u00e3o.<\/p>\n\n\n\n<p>Hoje, Thamires est\u00e1 fazendo sua segunda gradua\u00e7\u00e3o, esta focada na Nutri\u00e7\u00e3o, e se sente no caminho certo para transformar vidas. &#8220;Quero fazer com os outros o que a Nutri\u00e7\u00e3o fez por mim&#8221;, diz ela, com um brilho no olhar.<\/p>\n\n\n\n<h3 class=\"wp-block-heading\">O esporte e a Nutri\u00e7\u00e3o: o equil\u00edbrio entre corpo e mente<\/h3>\n\n\n\n<p>Para Thamires, o esporte vai muito al\u00e9m de um simples exerc\u00edcio f\u00edsico. A corrida se tornou seu momento de reflex\u00e3o, um escape necess\u00e1rio para equilibrar corpo e mente.<\/p>\n\n\n\n<blockquote class=\"wp-block-quote is-layout-flow wp-block-quote-is-layout-flow\">\n<p>&#8220;Quando corro ou me exercito, \u00e9 o momento que dedico exclusivamente a mim mesma&#8221;<\/p>\n<\/blockquote>\n\n\n\n<p>-Revela ela. Esse equil\u00edbrio entre o corpo ativo e uma mente tranquila \u00e9 essencial para a sa\u00fade e o bem-estar.<\/p>\n\n\n\n<p>Assim como o esporte, a Nutri\u00e7\u00e3o \u00e9 fundamental nesse processo. A combina\u00e7\u00e3o de uma alimenta\u00e7\u00e3o balanceada com a pr\u00e1tica regular de atividades f\u00edsicas permite que Thamires viva com mais energia, foco e sa\u00fade.<\/p>\n\n\n\n<h3 class=\"wp-block-heading\">Como a nutri\u00e7\u00e3o pode transformar sua vida<\/h3>\n\n\n\n<p>Se voc\u00ea, assim como Thamires, busca uma transforma\u00e7\u00e3o em sua sa\u00fade e qualidade de vida, o curso de Nutri\u00e7\u00e3o da S\u00e3o Camilo pode ser o ponto de partida para a sua jornada. Na S\u00e3o Camilo, a forma\u00e7\u00e3o oferece uma abordagem integral da Nutri\u00e7\u00e3o, capacitando profissionais com conhecimentos que v\u00e3o desde a ci\u00eancia dos alimentos at\u00e9 a aplica\u00e7\u00e3o pr\u00e1tica em diversas \u00e1reas da sa\u00fade.<\/p>\n\n\n\n<p>Com um ensino de excel\u00eancia, o curso do <a href=\"https:\/\/saocamilo-sp.br\/\">Centro Universit\u00e1rio S\u00e3o Camilo<\/a> prepara seus alunos para promover mudan\u00e7as reais na vida das pessoas, seja por meio da reeduca\u00e7\u00e3o alimentar, da orienta\u00e7\u00e3o sobre a import\u00e2ncia de h\u00e1bitos saud\u00e1veis ou at\u00e9 mesmo no apoio a atletas, como Thamires, que combina corrida e Nutri\u00e7\u00e3o de forma harmoniosa.<\/p>\n\n\n\n<p>Se voc\u00ea se identifica com a hist\u00f3ria de Thamires e tem o desejo de transformar sua vida e a de outras pessoas, o curso de Nutri\u00e7\u00e3o da S\u00e3o Camilo \u00e9 a escolha certa para voc\u00ea. Invista no seu futuro e fa\u00e7a a diferen\u00e7a na sa\u00fade de muitos!<br><br><strong>Leia tamb\u00e9m:<\/strong><br><a href=\"https:\/\/blog.saocamilo-sp.br\/index.php\/2025\/01\/02\/6-frutas-que-podem-turbinar-a-sua-hidratacao-no-verao\/\">6 frutas que podem turbinar a sua hidrata\u00e7\u00e3o no ver\u00e3o<\/a><br><a href=\"https:\/\/blog.saocamilo-sp.br\/index.php\/2024\/03\/28\/saude\/\">Dia Nacional da Sa\u00fade e Nutri\u00e7\u00e3o: 10 dicas para uma alimenta\u00e7\u00e3o saud\u00e1vel<\/a><\/p>\n\n\n\n<p><a href=\"https:\/\/blog.saocamilo-sp.br\/index.php\/2024\/09\/27\/ipiranga-tradicao-historia-e-modernidade\/\"><\/a><a href=\"https:\/\/blog.saocamilo-sp.br\/index.php\/2024\/10\/24\/obesidade-infantil-docente-de-nutricao-conquista-premio-por-projeto-inovador\/\">Obesidade infantil: docente de Nutri\u00e7\u00e3o conquista pr\u00eamio por projeto inovador<\/a><\/p>\n","protected":false},"excerpt":{"rendered":"<p>Estudante de Nutri\u00e7\u00e3o fala como concilia seus hobbies com a rotina de estudos.<\/p>\n","protected":false},"author":4,"featured_media":3455,"comment_status":"open","ping_status":"open","sticky":false,"template":"","format":"standard","meta":{"cybocfi_hide_featured_image":"","footnotes":""},"categories":[24,79],"tags":[175,7,17],"class_list":["post-3397","post","type-post","status-publish","format-standard","has-post-thumbnail","hentry","category-nutricao","category-saude","tag-corrida","tag-nutricao","tag-saude"],"yoast_head":"<!-- This site is optimized with the Yoast SEO plugin v27.5 - https:\/\/yoast.com\/product\/yoast-seo-wordpress\/ -->\n<title>Corrida e Nutri\u00e7\u00e3o: conhe\u00e7a a hist\u00f3ria da aluna Thamires Silva<\/title>\n<meta name=\"description\" content=\"Estudante de Nutri\u00e7\u00e3o fala como concilia seus hobbies com a rotina de estudos.\" \/>\n<meta name=\"robots\" content=\"index, follow, max-snippet:-1, max-image-preview:large, max-video-preview:-1\" \/>\n<link rel=\"canonical\" href=\"https:\/\/blog.saocamilo-sp.br\/index.php\/2025\/02\/17\/corrida-e-nutricao-conheca-a-historia-da-aluna-thamires\/\" \/>\n<meta property=\"og:locale\" content=\"pt_BR\" \/>\n<meta property=\"og:type\" content=\"article\" \/>\n<meta property=\"og:title\" content=\"Corrida e Nutri\u00e7\u00e3o: conhe\u00e7a a hist\u00f3ria da aluna Thamires Silva\" \/>\n<meta property=\"og:description\" content=\"Estudante de Nutri\u00e7\u00e3o fala como concilia seus hobbies com a rotina de estudos.\" \/>\n<meta property=\"og:url\" content=\"https:\/\/blog.saocamilo-sp.br\/index.php\/2025\/02\/17\/corrida-e-nutricao-conheca-a-historia-da-aluna-thamires\/\" \/>\n<meta property=\"og:site_name\" content=\"Blog S\u00e3o Camilo\" \/>\n<meta property=\"article:publisher\" content=\"https:\/\/www.facebook.com\/saocamilosp\" \/>\n<meta property=\"article:published_time\" content=\"2025-02-17T12:49:23+00:00\" \/>\n<meta property=\"article:modified_time\" content=\"2025-02-26T21:34:54+00:00\" \/>\n<meta property=\"og:image\" content=\"https:\/\/blog.saocamilo-sp.br\/wp-content\/uploads\/2025\/02\/Corrida-e-Nutricao-conheca-a-historia-da-aluna-Thamires-Silva.png\" \/>\n\t<meta property=\"og:image:width\" content=\"525\" \/>\n\t<meta property=\"og:image:height\" content=\"392\" \/>\n\t<meta property=\"og:image:type\" content=\"image\/png\" \/>\n<meta name=\"author\" content=\"Lucas Soares Gon\u00e7alves\" \/>\n<meta name=\"twitter:card\" content=\"summary_large_image\" \/>\n<meta name=\"twitter:creator\" content=\"@saocamilosp\" \/>\n<meta name=\"twitter:site\" content=\"@saocamilosp\" \/>\n<meta name=\"twitter:label1\" content=\"Escrito por\" \/>\n\t<meta name=\"twitter:data1\" content=\"Lucas Soares Gon\u00e7alves\" \/>\n\t<meta name=\"twitter:label2\" content=\"Est. tempo de leitura\" \/>\n\t<meta name=\"twitter:data2\" content=\"4 minutos\" \/>\n<script type=\"application\/ld+json\" class=\"yoast-schema-graph\">{\"@context\":\"https:\\\/\\\/schema.org\",\"@graph\":[{\"@type\":\"Article\",\"@id\":\"https:\\\/\\\/blog.saocamilo-sp.br\\\/index.php\\\/2025\\\/02\\\/17\\\/corrida-e-nutricao-conheca-a-historia-da-aluna-thamires\\\/#article\",\"isPartOf\":{\"@id\":\"https:\\\/\\\/blog.saocamilo-sp.br\\\/index.php\\\/2025\\\/02\\\/17\\\/corrida-e-nutricao-conheca-a-historia-da-aluna-thamires\\\/\"},\"author\":{\"name\":\"Lucas Soares Gon\u00e7alves\",\"@id\":\"https:\\\/\\\/blog.saocamilo-sp.br\\\/#\\\/schema\\\/person\\\/781135418152912d4b58f2db13a2eaf0\"},\"headline\":\"Corrida e Nutri\u00e7\u00e3o: conhe\u00e7a a hist\u00f3ria da aluna Thamires Silva\",\"datePublished\":\"2025-02-17T12:49:23+00:00\",\"dateModified\":\"2025-02-26T21:34:54+00:00\",\"mainEntityOfPage\":{\"@id\":\"https:\\\/\\\/blog.saocamilo-sp.br\\\/index.php\\\/2025\\\/02\\\/17\\\/corrida-e-nutricao-conheca-a-historia-da-aluna-thamires\\\/\"},\"wordCount\":756,\"commentCount\":0,\"publisher\":{\"@id\":\"https:\\\/\\\/blog.saocamilo-sp.br\\\/#organization\"},\"image\":{\"@id\":\"https:\\\/\\\/blog.saocamilo-sp.br\\\/index.php\\\/2025\\\/02\\\/17\\\/corrida-e-nutricao-conheca-a-historia-da-aluna-thamires\\\/#primaryimage\"},\"thumbnailUrl\":\"https:\\\/\\\/blog.saocamilo-sp.br\\\/wp-content\\\/uploads\\\/2025\\\/02\\\/Corrida-e-Nutricao-conheca-a-historia-da-aluna-Thamires-Silva.png\",\"keywords\":[\"corrida\",\"Nutri\u00e7\u00e3o\",\"Sa\u00fade\"],\"articleSection\":[\"Nutri\u00e7\u00e3o\",\"Sa\u00fade\"],\"inLanguage\":\"pt-BR\",\"potentialAction\":[{\"@type\":\"CommentAction\",\"name\":\"Comment\",\"target\":[\"https:\\\/\\\/blog.saocamilo-sp.br\\\/index.php\\\/2025\\\/02\\\/17\\\/corrida-e-nutricao-conheca-a-historia-da-aluna-thamires\\\/#respond\"]}]},{\"@type\":\"WebPage\",\"@id\":\"https:\\\/\\\/blog.saocamilo-sp.br\\\/index.php\\\/2025\\\/02\\\/17\\\/corrida-e-nutricao-conheca-a-historia-da-aluna-thamires\\\/\",\"url\":\"https:\\\/\\\/blog.saocamilo-sp.br\\\/index.php\\\/2025\\\/02\\\/17\\\/corrida-e-nutricao-conheca-a-historia-da-aluna-thamires\\\/\",\"name\":\"Corrida e Nutri\u00e7\u00e3o: conhe\u00e7a a hist\u00f3ria da aluna Thamires Silva\",\"isPartOf\":{\"@id\":\"https:\\\/\\\/blog.saocamilo-sp.br\\\/#website\"},\"primaryImageOfPage\":{\"@id\":\"https:\\\/\\\/blog.saocamilo-sp.br\\\/index.php\\\/2025\\\/02\\\/17\\\/corrida-e-nutricao-conheca-a-historia-da-aluna-thamires\\\/#primaryimage\"},\"image\":{\"@id\":\"https:\\\/\\\/blog.saocamilo-sp.br\\\/index.php\\\/2025\\\/02\\\/17\\\/corrida-e-nutricao-conheca-a-historia-da-aluna-thamires\\\/#primaryimage\"},\"thumbnailUrl\":\"https:\\\/\\\/blog.saocamilo-sp.br\\\/wp-content\\\/uploads\\\/2025\\\/02\\\/Corrida-e-Nutricao-conheca-a-historia-da-aluna-Thamires-Silva.png\",\"datePublished\":\"2025-02-17T12:49:23+00:00\",\"dateModified\":\"2025-02-26T21:34:54+00:00\",\"description\":\"Estudante de Nutri\u00e7\u00e3o fala como concilia seus hobbies com a rotina de estudos.\",\"breadcrumb\":{\"@id\":\"https:\\\/\\\/blog.saocamilo-sp.br\\\/index.php\\\/2025\\\/02\\\/17\\\/corrida-e-nutricao-conheca-a-historia-da-aluna-thamires\\\/#breadcrumb\"},\"inLanguage\":\"pt-BR\",\"potentialAction\":[{\"@type\":\"ReadAction\",\"target\":[\"https:\\\/\\\/blog.saocamilo-sp.br\\\/index.php\\\/2025\\\/02\\\/17\\\/corrida-e-nutricao-conheca-a-historia-da-aluna-thamires\\\/\"]}]},{\"@type\":\"ImageObject\",\"inLanguage\":\"pt-BR\",\"@id\":\"https:\\\/\\\/blog.saocamilo-sp.br\\\/index.php\\\/2025\\\/02\\\/17\\\/corrida-e-nutricao-conheca-a-historia-da-aluna-thamires\\\/#primaryimage\",\"url\":\"https:\\\/\\\/blog.saocamilo-sp.br\\\/wp-content\\\/uploads\\\/2025\\\/02\\\/Corrida-e-Nutricao-conheca-a-historia-da-aluna-Thamires-Silva.png\",\"contentUrl\":\"https:\\\/\\\/blog.saocamilo-sp.br\\\/wp-content\\\/uploads\\\/2025\\\/02\\\/Corrida-e-Nutricao-conheca-a-historia-da-aluna-Thamires-Silva.png\",\"width\":525,\"height\":392,\"caption\":\"Corrida e Nutri\u00e7\u00e3o: conhe\u00e7a a hist\u00f3ria da aluna Thamires Silva\"},{\"@type\":\"BreadcrumbList\",\"@id\":\"https:\\\/\\\/blog.saocamilo-sp.br\\\/index.php\\\/2025\\\/02\\\/17\\\/corrida-e-nutricao-conheca-a-historia-da-aluna-thamires\\\/#breadcrumb\",\"itemListElement\":[{\"@type\":\"ListItem\",\"position\":1,\"name\":\"In\u00edcio\",\"item\":\"https:\\\/\\\/blog.saocamilo-sp.br\\\/\"},{\"@type\":\"ListItem\",\"position\":2,\"name\":\"Corrida e Nutri\u00e7\u00e3o: conhe\u00e7a a hist\u00f3ria da aluna Thamires Silva\"}]},{\"@type\":\"WebSite\",\"@id\":\"https:\\\/\\\/blog.saocamilo-sp.br\\\/#website\",\"url\":\"https:\\\/\\\/blog.saocamilo-sp.br\\\/\",\"name\":\"Blog S\u00e3o Camilo\",\"description\":\"Blog do Centro Universit\u00e1rio S\u00e3o Camilo\",\"publisher\":{\"@id\":\"https:\\\/\\\/blog.saocamilo-sp.br\\\/#organization\"},\"potentialAction\":[{\"@type\":\"SearchAction\",\"target\":{\"@type\":\"EntryPoint\",\"urlTemplate\":\"https:\\\/\\\/blog.saocamilo-sp.br\\\/?s={search_term_string}\"},\"query-input\":{\"@type\":\"PropertyValueSpecification\",\"valueRequired\":true,\"valueName\":\"search_term_string\"}}],\"inLanguage\":\"pt-BR\"},{\"@type\":\"Organization\",\"@id\":\"https:\\\/\\\/blog.saocamilo-sp.br\\\/#organization\",\"name\":\"Blog S\u00e3o Camilo\",\"url\":\"https:\\\/\\\/blog.saocamilo-sp.br\\\/\",\"logo\":{\"@type\":\"ImageObject\",\"inLanguage\":\"pt-BR\",\"@id\":\"https:\\\/\\\/blog.saocamilo-sp.br\\\/#\\\/schema\\\/logo\\\/image\\\/\",\"url\":\"https:\\\/\\\/blog.saocamilo-sp.br\\\/wp-content\\\/uploads\\\/2021\\\/12\\\/cropped-vazio-logo-topo.png\",\"contentUrl\":\"https:\\\/\\\/blog.saocamilo-sp.br\\\/wp-content\\\/uploads\\\/2021\\\/12\\\/cropped-vazio-logo-topo.png\",\"width\":320,\"height\":240,\"caption\":\"Blog S\u00e3o Camilo\"},\"image\":{\"@id\":\"https:\\\/\\\/blog.saocamilo-sp.br\\\/#\\\/schema\\\/logo\\\/image\\\/\"},\"sameAs\":[\"https:\\\/\\\/www.facebook.com\\\/saocamilosp\",\"https:\\\/\\\/x.com\\\/saocamilosp\",\"https:\\\/\\\/www.linkedin.com\\\/school\\\/centro-universit-rio-s-o-camilo\\\/\"]},{\"@type\":\"Person\",\"@id\":\"https:\\\/\\\/blog.saocamilo-sp.br\\\/#\\\/schema\\\/person\\\/781135418152912d4b58f2db13a2eaf0\",\"name\":\"Lucas Soares Gon\u00e7alves\",\"image\":{\"@type\":\"ImageObject\",\"inLanguage\":\"pt-BR\",\"@id\":\"https:\\\/\\\/secure.gravatar.com\\\/avatar\\\/bcd2d703cbb48116eaac2cac8643792535238ff30b2d7ce9e16f9254ec9cae83?s=96&d=mm&r=g\",\"url\":\"https:\\\/\\\/secure.gravatar.com\\\/avatar\\\/bcd2d703cbb48116eaac2cac8643792535238ff30b2d7ce9e16f9254ec9cae83?s=96&d=mm&r=g\",\"contentUrl\":\"https:\\\/\\\/secure.gravatar.com\\\/avatar\\\/bcd2d703cbb48116eaac2cac8643792535238ff30b2d7ce9e16f9254ec9cae83?s=96&d=mm&r=g\",\"caption\":\"Lucas Soares Gon\u00e7alves\"},\"url\":\"https:\\\/\\\/blog.saocamilo-sp.br\\\/index.php\\\/author\\\/lucas-soares-goncalves\\\/\"}]}<\/script>\n<!-- \/ Yoast SEO plugin. -->","yoast_head_json":{"title":"Corrida e Nutri\u00e7\u00e3o: conhe\u00e7a a hist\u00f3ria da aluna Thamires Silva","description":"Estudante de Nutri\u00e7\u00e3o fala como concilia seus hobbies com a rotina de estudos.","robots":{"index":"index","follow":"follow","max-snippet":"max-snippet:-1","max-image-preview":"max-image-preview:large","max-video-preview":"max-video-preview:-1"},"canonical":"https:\/\/blog.saocamilo-sp.br\/index.php\/2025\/02\/17\/corrida-e-nutricao-conheca-a-historia-da-aluna-thamires\/","og_locale":"pt_BR","og_type":"article","og_title":"Corrida e Nutri\u00e7\u00e3o: conhe\u00e7a a hist\u00f3ria da aluna Thamires Silva","og_description":"Estudante de Nutri\u00e7\u00e3o fala como concilia seus hobbies com a rotina de estudos.","og_url":"https:\/\/blog.saocamilo-sp.br\/index.php\/2025\/02\/17\/corrida-e-nutricao-conheca-a-historia-da-aluna-thamires\/","og_site_name":"Blog S\u00e3o Camilo","article_publisher":"https:\/\/www.facebook.com\/saocamilosp","article_published_time":"2025-02-17T12:49:23+00:00","article_modified_time":"2025-02-26T21:34:54+00:00","og_image":[{"width":525,"height":392,"url":"https:\/\/blog.saocamilo-sp.br\/wp-content\/uploads\/2025\/02\/Corrida-e-Nutricao-conheca-a-historia-da-aluna-Thamires-Silva.png","type":"image\/png"}],"author":"Lucas Soares Gon\u00e7alves","twitter_card":"summary_large_image","twitter_creator":"@saocamilosp","twitter_site":"@saocamilosp","twitter_misc":{"Escrito por":"Lucas Soares Gon\u00e7alves","Est. tempo de leitura":"4 minutos"},"schema":{"@context":"https:\/\/schema.org","@graph":[{"@type":"Article","@id":"https:\/\/blog.saocamilo-sp.br\/index.php\/2025\/02\/17\/corrida-e-nutricao-conheca-a-historia-da-aluna-thamires\/#article","isPartOf":{"@id":"https:\/\/blog.saocamilo-sp.br\/index.php\/2025\/02\/17\/corrida-e-nutricao-conheca-a-historia-da-aluna-thamires\/"},"author":{"name":"Lucas Soares Gon\u00e7alves","@id":"https:\/\/blog.saocamilo-sp.br\/#\/schema\/person\/781135418152912d4b58f2db13a2eaf0"},"headline":"Corrida e Nutri\u00e7\u00e3o: conhe\u00e7a a hist\u00f3ria da aluna Thamires Silva","datePublished":"2025-02-17T12:49:23+00:00","dateModified":"2025-02-26T21:34:54+00:00","mainEntityOfPage":{"@id":"https:\/\/blog.saocamilo-sp.br\/index.php\/2025\/02\/17\/corrida-e-nutricao-conheca-a-historia-da-aluna-thamires\/"},"wordCount":756,"commentCount":0,"publisher":{"@id":"https:\/\/blog.saocamilo-sp.br\/#organization"},"image":{"@id":"https:\/\/blog.saocamilo-sp.br\/index.php\/2025\/02\/17\/corrida-e-nutricao-conheca-a-historia-da-aluna-thamires\/#primaryimage"},"thumbnailUrl":"https:\/\/blog.saocamilo-sp.br\/wp-content\/uploads\/2025\/02\/Corrida-e-Nutricao-conheca-a-historia-da-aluna-Thamires-Silva.png","keywords":["corrida","Nutri\u00e7\u00e3o","Sa\u00fade"],"articleSection":["Nutri\u00e7\u00e3o","Sa\u00fade"],"inLanguage":"pt-BR","potentialAction":[{"@type":"CommentAction","name":"Comment","target":["https:\/\/blog.saocamilo-sp.br\/index.php\/2025\/02\/17\/corrida-e-nutricao-conheca-a-historia-da-aluna-thamires\/#respond"]}]},{"@type":"WebPage","@id":"https:\/\/blog.saocamilo-sp.br\/index.php\/2025\/02\/17\/corrida-e-nutricao-conheca-a-historia-da-aluna-thamires\/","url":"https:\/\/blog.saocamilo-sp.br\/index.php\/2025\/02\/17\/corrida-e-nutricao-conheca-a-historia-da-aluna-thamires\/","name":"Corrida e Nutri\u00e7\u00e3o: conhe\u00e7a a hist\u00f3ria da aluna Thamires Silva","isPartOf":{"@id":"https:\/\/blog.saocamilo-sp.br\/#website"},"primaryImageOfPage":{"@id":"https:\/\/blog.saocamilo-sp.br\/index.php\/2025\/02\/17\/corrida-e-nutricao-conheca-a-historia-da-aluna-thamires\/#primaryimage"},"image":{"@id":"https:\/\/blog.saocamilo-sp.br\/index.php\/2025\/02\/17\/corrida-e-nutricao-conheca-a-historia-da-aluna-thamires\/#primaryimage"},"thumbnailUrl":"https:\/\/blog.saocamilo-sp.br\/wp-content\/uploads\/2025\/02\/Corrida-e-Nutricao-conheca-a-historia-da-aluna-Thamires-Silva.png","datePublished":"2025-02-17T12:49:23+00:00","dateModified":"2025-02-26T21:34:54+00:00","description":"Estudante de Nutri\u00e7\u00e3o fala como concilia seus hobbies com a rotina de estudos.","breadcrumb":{"@id":"https:\/\/blog.saocamilo-sp.br\/index.php\/2025\/02\/17\/corrida-e-nutricao-conheca-a-historia-da-aluna-thamires\/#breadcrumb"},"inLanguage":"pt-BR","potentialAction":[{"@type":"ReadAction","target":["https:\/\/blog.saocamilo-sp.br\/index.php\/2025\/02\/17\/corrida-e-nutricao-conheca-a-historia-da-aluna-thamires\/"]}]},{"@type":"ImageObject","inLanguage":"pt-BR","@id":"https:\/\/blog.saocamilo-sp.br\/index.php\/2025\/02\/17\/corrida-e-nutricao-conheca-a-historia-da-aluna-thamires\/#primaryimage","url":"https:\/\/blog.saocamilo-sp.br\/wp-content\/uploads\/2025\/02\/Corrida-e-Nutricao-conheca-a-historia-da-aluna-Thamires-Silva.png","contentUrl":"https:\/\/blog.saocamilo-sp.br\/wp-content\/uploads\/2025\/02\/Corrida-e-Nutricao-conheca-a-historia-da-aluna-Thamires-Silva.png","width":525,"height":392,"caption":"Corrida e Nutri\u00e7\u00e3o: conhe\u00e7a a hist\u00f3ria da aluna Thamires Silva"},{"@type":"BreadcrumbList","@id":"https:\/\/blog.saocamilo-sp.br\/index.php\/2025\/02\/17\/corrida-e-nutricao-conheca-a-historia-da-aluna-thamires\/#breadcrumb","itemListElement":[{"@type":"ListItem","position":1,"name":"In\u00edcio","item":"https:\/\/blog.saocamilo-sp.br\/"},{"@type":"ListItem","position":2,"name":"Corrida e Nutri\u00e7\u00e3o: conhe\u00e7a a hist\u00f3ria da aluna Thamires Silva"}]},{"@type":"WebSite","@id":"https:\/\/blog.saocamilo-sp.br\/#website","url":"https:\/\/blog.saocamilo-sp.br\/","name":"Blog S\u00e3o Camilo","description":"Blog do Centro Universit\u00e1rio S\u00e3o Camilo","publisher":{"@id":"https:\/\/blog.saocamilo-sp.br\/#organization"},"potentialAction":[{"@type":"SearchAction","target":{"@type":"EntryPoint","urlTemplate":"https:\/\/blog.saocamilo-sp.br\/?s={search_term_string}"},"query-input":{"@type":"PropertyValueSpecification","valueRequired":true,"valueName":"search_term_string"}}],"inLanguage":"pt-BR"},{"@type":"Organization","@id":"https:\/\/blog.saocamilo-sp.br\/#organization","name":"Blog S\u00e3o Camilo","url":"https:\/\/blog.saocamilo-sp.br\/","logo":{"@type":"ImageObject","inLanguage":"pt-BR","@id":"https:\/\/blog.saocamilo-sp.br\/#\/schema\/logo\/image\/","url":"https:\/\/blog.saocamilo-sp.br\/wp-content\/uploads\/2021\/12\/cropped-vazio-logo-topo.png","contentUrl":"https:\/\/blog.saocamilo-sp.br\/wp-content\/uploads\/2021\/12\/cropped-vazio-logo-topo.png","width":320,"height":240,"caption":"Blog S\u00e3o Camilo"},"image":{"@id":"https:\/\/blog.saocamilo-sp.br\/#\/schema\/logo\/image\/"},"sameAs":["https:\/\/www.facebook.com\/saocamilosp","https:\/\/x.com\/saocamilosp","https:\/\/www.linkedin.com\/school\/centro-universit-rio-s-o-camilo\/"]},{"@type":"Person","@id":"https:\/\/blog.saocamilo-sp.br\/#\/schema\/person\/781135418152912d4b58f2db13a2eaf0","name":"Lucas Soares Gon\u00e7alves","image":{"@type":"ImageObject","inLanguage":"pt-BR","@id":"https:\/\/secure.gravatar.com\/avatar\/bcd2d703cbb48116eaac2cac8643792535238ff30b2d7ce9e16f9254ec9cae83?s=96&d=mm&r=g","url":"https:\/\/secure.gravatar.com\/avatar\/bcd2d703cbb48116eaac2cac8643792535238ff30b2d7ce9e16f9254ec9cae83?s=96&d=mm&r=g","contentUrl":"https:\/\/secure.gravatar.com\/avatar\/bcd2d703cbb48116eaac2cac8643792535238ff30b2d7ce9e16f9254ec9cae83?s=96&d=mm&r=g","caption":"Lucas Soares Gon\u00e7alves"},"url":"https:\/\/blog.saocamilo-sp.br\/index.php\/author\/lucas-soares-goncalves\/"}]}},"_links":{"self":[{"href":"https:\/\/blog.saocamilo-sp.br\/index.php\/wp-json\/wp\/v2\/posts\/3397","targetHints":{"allow":["GET"]}}],"collection":[{"href":"https:\/\/blog.saocamilo-sp.br\/index.php\/wp-json\/wp\/v2\/posts"}],"about":[{"href":"https:\/\/blog.saocamilo-sp.br\/index.php\/wp-json\/wp\/v2\/types\/post"}],"author":[{"embeddable":true,"href":"https:\/\/blog.saocamilo-sp.br\/index.php\/wp-json\/wp\/v2\/users\/4"}],"replies":[{"embeddable":true,"href":"https:\/\/blog.saocamilo-sp.br\/index.php\/wp-json\/wp\/v2\/comments?post=3397"}],"version-history":[{"count":5,"href":"https:\/\/blog.saocamilo-sp.br\/index.php\/wp-json\/wp\/v2\/posts\/3397\/revisions"}],"predecessor-version":[{"id":3448,"href":"https:\/\/blog.saocamilo-sp.br\/index.php\/wp-json\/wp\/v2\/posts\/3397\/revisions\/3448"}],"wp:featuredmedia":[{"embeddable":true,"href":"https:\/\/blog.saocamilo-sp.br\/index.php\/wp-json\/wp\/v2\/media\/3455"}],"wp:attachment":[{"href":"https:\/\/blog.saocamilo-sp.br\/index.php\/wp-json\/wp\/v2\/media?parent=3397"}],"wp:term":[{"taxonomy":"category","embeddable":true,"href":"https:\/\/blog.saocamilo-sp.br\/index.php\/wp-json\/wp\/v2\/categories?post=3397"},{"taxonomy":"post_tag","embeddable":true,"href":"https:\/\/blog.saocamilo-sp.br\/index.php\/wp-json\/wp\/v2\/tags?post=3397"}],"curies":[{"name":"wp","href":"https:\/\/api.w.org\/{rel}","templated":true}]}}