{"id":3429,"date":"2025-02-20T08:38:59","date_gmt":"2025-02-20T11:38:59","guid":{"rendered":"https:\/\/blog.saocamilo-sp.br\/?p=3429"},"modified":"2025-02-26T18:30:00","modified_gmt":"2025-02-26T21:30:00","slug":"idosos-verao","status":"publish","type":"post","link":"https:\/\/blog.saocamilo-sp.br\/index.php\/2025\/02\/20\/idosos-verao\/","title":{"rendered":"Especialista explica\u00a0porque idosos s\u00e3o mais vulner\u00e1veis ao calor"},"content":{"rendered":"\n<h3 class=\"wp-block-heading\">Idosos s\u00e3o os mais vulner\u00e1veis ao calor extremo<\/h3>\n\n\n\n<p>A onda de calor que atinge o Brasil j\u00e1 tem suas principais v\u00edtimas: os idosos, especialmente aqueles com doen\u00e7as preexistentes. De acordo com a Organiza\u00e7\u00e3o Mundial da Sa\u00fade (OMS), pessoas com mais de 65 anos est\u00e3o entre os grupos mais vulner\u00e1veis \u00e0s altas temperaturas. Como resultado, h\u00e1 riscos aumentados de desidrata\u00e7\u00e3o, insola\u00e7\u00e3o e at\u00e9 \u00f3bito.<\/p>\n\n\n\n<p>Segundo a geriatra e professora de Sa\u00fade Coletiva do <a href=\"https:\/\/saocamilo-sp.br\/\">Centro Universit\u00e1rio S\u00e3o Camilo<\/a>, Maria Elisa Manso, conforme a pessoa envelhece, ocorrem mudan\u00e7as fisiol\u00f3gicas naturais que aumentam a vulnerabilidade ao calor. Al\u00e9m disso, ela explica que h\u00e1 altera\u00e7\u00f5es na regula\u00e7\u00e3o da temperatura corporal, com menor resposta \u00e0 transpira\u00e7\u00e3o e redu\u00e7\u00e3o da capacidade de resfriamento. Outro fator relevante \u00e9 a mudan\u00e7a na composi\u00e7\u00e3o corporal, com diminui\u00e7\u00e3o da massa muscular e aumento da gordura, o que tamb\u00e9m interfere na resposta ao calor.<\/p>\n\n\n\n<p>Al\u00e9m dessas quest\u00f5es, a fun\u00e7\u00e3o renal dos idosos tende a estar reduzida, enquanto a percep\u00e7\u00e3o de sede diminui. Esse quadro pode levar facilmente \u00e0 desidrata\u00e7\u00e3o. Outro ponto importante \u00e9 o uso de medicamentos comuns nessa faixa et\u00e1ria, como sedativos, tranquilizantes e diur\u00e9ticos, que podem prejudicar a termorregula\u00e7\u00e3o e agravar os riscos.<\/p>\n\n\n\n<h3 class=\"wp-block-heading\">Dados mostram aumento de interna\u00e7\u00f5es em per\u00edodos de calor<\/h3>\n\n\n\n<p>Conforme dados do Minist\u00e9rio da Sa\u00fade, aproximadamente 70% das interna\u00e7\u00f5es por doen\u00e7as relacionadas ao calor no Brasil envolvem idosos. De modo semelhante, o Sistema de Informa\u00e7\u00f5es Hospitalares do SUS (SIH\/SUS) revela que, durante per\u00edodos de temperaturas extremas, as interna\u00e7\u00f5es de pessoas com 60 anos ou mais aumentam em at\u00e9 25%. As principais causas s\u00e3o doen\u00e7as cardiovasculares ou respirat\u00f3rias provocadas pelo calor excessivo.<\/p>\n\n\n\n<p>Nesse contexto, e considerando o agravamento das ondas de calor devido \u00e0s mudan\u00e7as clim\u00e1ticas, \u00e9 essencial redobrar os cuidados com esse grupo et\u00e1rio.<\/p>\n\n\n\n<h3 class=\"wp-block-heading\">Preven\u00e7\u00e3o \u00e9 a melhor estrat\u00e9gia<\/h3>\n\n\n\n<p>Como a preven\u00e7\u00e3o \u00e9 sempre a melhor op\u00e7\u00e3o, algumas medidas simples fazem toda a diferen\u00e7a para proteger os idosos. Entre as principais recomenda\u00e7\u00f5es est\u00e3o manter-se hidratado ao longo do dia, evitar exposi\u00e7\u00e3o ao sol nos hor\u00e1rios mais quentes (entre 10h e 16h) e usar roupas leves e confort\u00e1veis.<\/p>\n\n\n\n<h3 class=\"wp-block-heading\">Sinais e sintomas de insola\u00e7\u00e3o em idosos<\/h3>\n\n\n\n<p>Para identificar a insola\u00e7\u00e3o em idosos, \u00e9 essencial observar os seguintes sinais, conforme aponta a professora:<\/p>\n\n\n\n<ul class=\"wp-block-list\">\n<li><strong>Temperatura corporal elevada:<\/strong> pode ultrapassar 40\u00b0C.<\/li>\n\n\n\n<li><strong>Pele quente e seca:<\/strong> \u00e9 comum a vermelhid\u00e3o, o calor intenso e a aus\u00eancia de suor.<\/li>\n\n\n\n<li><strong>Confus\u00e3o mental:<\/strong> podem ocorrer desorienta\u00e7\u00e3o, agita\u00e7\u00e3o ou perda de consci\u00eancia.<\/li>\n\n\n\n<li><strong>N\u00e1usea, v\u00f4mito e tontura:<\/strong> a respira\u00e7\u00e3o pode tornar-se r\u00e1pida e superficial, enquanto o pulso fica r\u00e1pido e fraco.<\/li>\n\n\n\n<li><strong>Dor de cabe\u00e7a intensa e fraqueza muscular:<\/strong> c\u00e3ibras tamb\u00e9m s\u00e3o frequentes.<\/li>\n<\/ul>\n\n\n\n<h3 class=\"wp-block-heading\">Primeiros socorros em casos de insola\u00e7\u00e3o<\/h3>\n\n\n\n<p>Se um idoso apresentar sintomas de insola\u00e7\u00e3o, siga as seguintes recomenda\u00e7\u00f5es da especialista:<\/p>\n\n\n\n<ol start=\"1\" class=\"wp-block-list\">\n<li><strong>Mover o idoso para um local fresco:<\/strong> leve-o imediatamente para um ambiente com sombra ou ar-condicionado.<\/li>\n\n\n\n<li><strong>Resfriar o corpo:<\/strong> aplique compressas frias ou toalhas \u00famidas em regi\u00f5es como pesco\u00e7o, axilas e virilhas. Se poss\u00edvel, ofere\u00e7a um banho frio.<\/li>\n\n\n\n<li><strong>Hidratar:<\/strong> forne\u00e7a \u00e1gua ou bebidas isot\u00f4nicas, desde que a pessoa esteja consciente e consiga ingerir l\u00edquidos.<\/li>\n\n\n\n<li><strong>Monitorar sinais vitais:<\/strong> verifique regularmente a temperatura, o pulso e a respira\u00e7\u00e3o.<\/li>\n\n\n\n<li><strong>Buscar ajuda m\u00e9dica:<\/strong> se os sintomas persistirem ou houver perda de consci\u00eancia, procure atendimento m\u00e9dico imediatamente.<\/li>\n<\/ol>\n\n\n\n<p>Diante das ondas de calor cada vez mais frequentes, proteger os idosos \u00e9 uma prioridade. Al\u00e9m de seguir as medidas preventivas, \u00e9 fundamental saber identificar os sinais de insola\u00e7\u00e3o e agir rapidamente em caso de emerg\u00eancia. Dessa forma, \u00e9 poss\u00edvel reduzir os riscos e garantir mais seguran\u00e7a e qualidade de vida para essa popula\u00e7\u00e3o t\u00e3o vulner\u00e1vel.<\/p>\n\n\n\n<p><strong>Leia tamb\u00e9m:<\/strong><br><a href=\"https:\/\/blog.saocamilo-sp.br\/index.php\/2025\/01\/02\/6-frutas-que-podem-turbinar-a-sua-hidratacao-no-verao\/\">6 frutas que podem turbinar a sua hidrata\u00e7\u00e3o no ver\u00e3o<\/a><br><a href=\"https:\/\/blog.saocamilo-sp.br\/index.php\/2024\/03\/28\/saude\/\">Dia Nacional da Sa\u00fade e Nutri\u00e7\u00e3o: 10 dicas para uma alimenta\u00e7\u00e3o saud\u00e1vel<\/a><\/p>\n\n\n\n<p><a href=\"https:\/\/blog.saocamilo-sp.br\/index.php\/2024\/09\/27\/ipiranga-tradicao-historia-e-modernidade\/\"><\/a><a href=\"https:\/\/blog.saocamilo-sp.br\/index.php\/2024\/10\/24\/obesidade-infantil-docente-de-nutricao-conquista-premio-por-projeto-inovador\/\">Obesidade infantil: docente de Nutri\u00e7\u00e3o conquista pr\u00eamio por projeto inovador<\/a><\/p>\n","protected":false},"excerpt":{"rendered":"<p>De acordo com a Organiza\u00e7\u00e3o Mundial da Sa\u00fade (OMS), pessoas com mais de 65 anos est\u00e3o entre os grupos mais vulner\u00e1veis \u00e0s altas temperaturas.<\/p>\n","protected":false},"author":4,"featured_media":3454,"comment_status":"open","ping_status":"open","sticky":false,"template":"","format":"standard","meta":{"cybocfi_hide_featured_image":"","footnotes":""},"categories":[1],"tags":[],"class_list":["post-3429","post","type-post","status-publish","format-standard","has-post-thumbnail","hentry","category-cursos"],"yoast_head":"<!-- This site is optimized with the Yoast SEO plugin v27.5 - https:\/\/yoast.com\/product\/yoast-seo-wordpress\/ -->\n<title>Especialista explica\u00a0porque idosos s\u00e3o mais vulner\u00e1veis ao calor - Blog S\u00e3o Camilo<\/title>\n<meta name=\"description\" content=\"A onda de calor que atinge o Brasil j\u00e1 tem suas principais v\u00edtimas: os idosos, especialmente aqueles com doen\u00e7as preexistentes.\" \/>\n<meta name=\"robots\" content=\"index, follow, max-snippet:-1, max-image-preview:large, max-video-preview:-1\" \/>\n<link rel=\"canonical\" href=\"https:\/\/blog.saocamilo-sp.br\/index.php\/2025\/02\/20\/idosos-verao\/\" \/>\n<meta property=\"og:locale\" content=\"pt_BR\" \/>\n<meta property=\"og:type\" content=\"article\" \/>\n<meta property=\"og:title\" content=\"Especialista explica\u00a0porque idosos s\u00e3o mais vulner\u00e1veis ao calor - Blog S\u00e3o Camilo\" \/>\n<meta property=\"og:description\" content=\"A onda de calor que atinge o Brasil j\u00e1 tem suas principais v\u00edtimas: os idosos, especialmente aqueles com doen\u00e7as preexistentes.\" \/>\n<meta property=\"og:url\" content=\"https:\/\/blog.saocamilo-sp.br\/index.php\/2025\/02\/20\/idosos-verao\/\" \/>\n<meta property=\"og:site_name\" content=\"Blog S\u00e3o Camilo\" \/>\n<meta property=\"article:publisher\" content=\"https:\/\/www.facebook.com\/saocamilosp\" \/>\n<meta property=\"article:published_time\" content=\"2025-02-20T11:38:59+00:00\" \/>\n<meta property=\"article:modified_time\" content=\"2025-02-26T21:30:00+00:00\" \/>\n<meta property=\"og:image\" content=\"https:\/\/blog.saocamilo-sp.br\/wp-content\/uploads\/2025\/02\/Imagem-4.jpg\" \/>\n\t<meta property=\"og:image:width\" content=\"768\" \/>\n\t<meta property=\"og:image:height\" content=\"557\" \/>\n\t<meta property=\"og:image:type\" content=\"image\/jpeg\" \/>\n<meta name=\"author\" content=\"Lucas Soares Gon\u00e7alves\" \/>\n<meta name=\"twitter:card\" content=\"summary_large_image\" \/>\n<meta name=\"twitter:creator\" content=\"@saocamilosp\" \/>\n<meta name=\"twitter:site\" content=\"@saocamilosp\" \/>\n<meta name=\"twitter:label1\" content=\"Escrito por\" \/>\n\t<meta name=\"twitter:data1\" content=\"Lucas Soares Gon\u00e7alves\" \/>\n\t<meta name=\"twitter:label2\" content=\"Est. tempo de leitura\" \/>\n\t<meta name=\"twitter:data2\" content=\"4 minutos\" \/>\n<script type=\"application\/ld+json\" class=\"yoast-schema-graph\">{\"@context\":\"https:\\\/\\\/schema.org\",\"@graph\":[{\"@type\":\"Article\",\"@id\":\"https:\\\/\\\/blog.saocamilo-sp.br\\\/index.php\\\/2025\\\/02\\\/20\\\/idosos-verao\\\/#article\",\"isPartOf\":{\"@id\":\"https:\\\/\\\/blog.saocamilo-sp.br\\\/index.php\\\/2025\\\/02\\\/20\\\/idosos-verao\\\/\"},\"author\":{\"name\":\"Lucas Soares Gon\u00e7alves\",\"@id\":\"https:\\\/\\\/blog.saocamilo-sp.br\\\/#\\\/schema\\\/person\\\/781135418152912d4b58f2db13a2eaf0\"},\"headline\":\"Especialista explica\u00a0porque idosos s\u00e3o mais vulner\u00e1veis ao calor\",\"datePublished\":\"2025-02-20T11:38:59+00:00\",\"dateModified\":\"2025-02-26T21:30:00+00:00\",\"mainEntityOfPage\":{\"@id\":\"https:\\\/\\\/blog.saocamilo-sp.br\\\/index.php\\\/2025\\\/02\\\/20\\\/idosos-verao\\\/\"},\"wordCount\":714,\"commentCount\":0,\"publisher\":{\"@id\":\"https:\\\/\\\/blog.saocamilo-sp.br\\\/#organization\"},\"image\":{\"@id\":\"https:\\\/\\\/blog.saocamilo-sp.br\\\/index.php\\\/2025\\\/02\\\/20\\\/idosos-verao\\\/#primaryimage\"},\"thumbnailUrl\":\"https:\\\/\\\/blog.saocamilo-sp.br\\\/wp-content\\\/uploads\\\/2025\\\/02\\\/Imagem-4.jpg\",\"articleSection\":[\"Cursos\"],\"inLanguage\":\"pt-BR\",\"potentialAction\":[{\"@type\":\"CommentAction\",\"name\":\"Comment\",\"target\":[\"https:\\\/\\\/blog.saocamilo-sp.br\\\/index.php\\\/2025\\\/02\\\/20\\\/idosos-verao\\\/#respond\"]}]},{\"@type\":\"WebPage\",\"@id\":\"https:\\\/\\\/blog.saocamilo-sp.br\\\/index.php\\\/2025\\\/02\\\/20\\\/idosos-verao\\\/\",\"url\":\"https:\\\/\\\/blog.saocamilo-sp.br\\\/index.php\\\/2025\\\/02\\\/20\\\/idosos-verao\\\/\",\"name\":\"Especialista explica\u00a0porque idosos s\u00e3o mais vulner\u00e1veis ao calor - Blog S\u00e3o Camilo\",\"isPartOf\":{\"@id\":\"https:\\\/\\\/blog.saocamilo-sp.br\\\/#website\"},\"primaryImageOfPage\":{\"@id\":\"https:\\\/\\\/blog.saocamilo-sp.br\\\/index.php\\\/2025\\\/02\\\/20\\\/idosos-verao\\\/#primaryimage\"},\"image\":{\"@id\":\"https:\\\/\\\/blog.saocamilo-sp.br\\\/index.php\\\/2025\\\/02\\\/20\\\/idosos-verao\\\/#primaryimage\"},\"thumbnailUrl\":\"https:\\\/\\\/blog.saocamilo-sp.br\\\/wp-content\\\/uploads\\\/2025\\\/02\\\/Imagem-4.jpg\",\"datePublished\":\"2025-02-20T11:38:59+00:00\",\"dateModified\":\"2025-02-26T21:30:00+00:00\",\"description\":\"A onda de calor que atinge o Brasil j\u00e1 tem suas principais v\u00edtimas: os idosos, especialmente aqueles com doen\u00e7as preexistentes.\",\"breadcrumb\":{\"@id\":\"https:\\\/\\\/blog.saocamilo-sp.br\\\/index.php\\\/2025\\\/02\\\/20\\\/idosos-verao\\\/#breadcrumb\"},\"inLanguage\":\"pt-BR\",\"potentialAction\":[{\"@type\":\"ReadAction\",\"target\":[\"https:\\\/\\\/blog.saocamilo-sp.br\\\/index.php\\\/2025\\\/02\\\/20\\\/idosos-verao\\\/\"]}]},{\"@type\":\"ImageObject\",\"inLanguage\":\"pt-BR\",\"@id\":\"https:\\\/\\\/blog.saocamilo-sp.br\\\/index.php\\\/2025\\\/02\\\/20\\\/idosos-verao\\\/#primaryimage\",\"url\":\"https:\\\/\\\/blog.saocamilo-sp.br\\\/wp-content\\\/uploads\\\/2025\\\/02\\\/Imagem-4.jpg\",\"contentUrl\":\"https:\\\/\\\/blog.saocamilo-sp.br\\\/wp-content\\\/uploads\\\/2025\\\/02\\\/Imagem-4.jpg\",\"width\":768,\"height\":557,\"caption\":\"Especialista explica porque idosos s\u00e3o mais vulner\u00e1veis ao calor\"},{\"@type\":\"BreadcrumbList\",\"@id\":\"https:\\\/\\\/blog.saocamilo-sp.br\\\/index.php\\\/2025\\\/02\\\/20\\\/idosos-verao\\\/#breadcrumb\",\"itemListElement\":[{\"@type\":\"ListItem\",\"position\":1,\"name\":\"In\u00edcio\",\"item\":\"https:\\\/\\\/blog.saocamilo-sp.br\\\/\"},{\"@type\":\"ListItem\",\"position\":2,\"name\":\"Especialista explica\u00a0porque idosos s\u00e3o mais vulner\u00e1veis ao calor\"}]},{\"@type\":\"WebSite\",\"@id\":\"https:\\\/\\\/blog.saocamilo-sp.br\\\/#website\",\"url\":\"https:\\\/\\\/blog.saocamilo-sp.br\\\/\",\"name\":\"Blog S\u00e3o Camilo\",\"description\":\"Blog do Centro Universit\u00e1rio S\u00e3o Camilo\",\"publisher\":{\"@id\":\"https:\\\/\\\/blog.saocamilo-sp.br\\\/#organization\"},\"potentialAction\":[{\"@type\":\"SearchAction\",\"target\":{\"@type\":\"EntryPoint\",\"urlTemplate\":\"https:\\\/\\\/blog.saocamilo-sp.br\\\/?s={search_term_string}\"},\"query-input\":{\"@type\":\"PropertyValueSpecification\",\"valueRequired\":true,\"valueName\":\"search_term_string\"}}],\"inLanguage\":\"pt-BR\"},{\"@type\":\"Organization\",\"@id\":\"https:\\\/\\\/blog.saocamilo-sp.br\\\/#organization\",\"name\":\"Blog S\u00e3o Camilo\",\"url\":\"https:\\\/\\\/blog.saocamilo-sp.br\\\/\",\"logo\":{\"@type\":\"ImageObject\",\"inLanguage\":\"pt-BR\",\"@id\":\"https:\\\/\\\/blog.saocamilo-sp.br\\\/#\\\/schema\\\/logo\\\/image\\\/\",\"url\":\"https:\\\/\\\/blog.saocamilo-sp.br\\\/wp-content\\\/uploads\\\/2021\\\/12\\\/cropped-vazio-logo-topo.png\",\"contentUrl\":\"https:\\\/\\\/blog.saocamilo-sp.br\\\/wp-content\\\/uploads\\\/2021\\\/12\\\/cropped-vazio-logo-topo.png\",\"width\":320,\"height\":240,\"caption\":\"Blog S\u00e3o Camilo\"},\"image\":{\"@id\":\"https:\\\/\\\/blog.saocamilo-sp.br\\\/#\\\/schema\\\/logo\\\/image\\\/\"},\"sameAs\":[\"https:\\\/\\\/www.facebook.com\\\/saocamilosp\",\"https:\\\/\\\/x.com\\\/saocamilosp\",\"https:\\\/\\\/www.linkedin.com\\\/school\\\/centro-universit-rio-s-o-camilo\\\/\"]},{\"@type\":\"Person\",\"@id\":\"https:\\\/\\\/blog.saocamilo-sp.br\\\/#\\\/schema\\\/person\\\/781135418152912d4b58f2db13a2eaf0\",\"name\":\"Lucas Soares Gon\u00e7alves\",\"image\":{\"@type\":\"ImageObject\",\"inLanguage\":\"pt-BR\",\"@id\":\"https:\\\/\\\/secure.gravatar.com\\\/avatar\\\/bcd2d703cbb48116eaac2cac8643792535238ff30b2d7ce9e16f9254ec9cae83?s=96&d=mm&r=g\",\"url\":\"https:\\\/\\\/secure.gravatar.com\\\/avatar\\\/bcd2d703cbb48116eaac2cac8643792535238ff30b2d7ce9e16f9254ec9cae83?s=96&d=mm&r=g\",\"contentUrl\":\"https:\\\/\\\/secure.gravatar.com\\\/avatar\\\/bcd2d703cbb48116eaac2cac8643792535238ff30b2d7ce9e16f9254ec9cae83?s=96&d=mm&r=g\",\"caption\":\"Lucas Soares Gon\u00e7alves\"},\"url\":\"https:\\\/\\\/blog.saocamilo-sp.br\\\/index.php\\\/author\\\/lucas-soares-goncalves\\\/\"}]}<\/script>\n<!-- \/ Yoast SEO plugin. -->","yoast_head_json":{"title":"Especialista explica\u00a0porque idosos s\u00e3o mais vulner\u00e1veis ao calor - Blog S\u00e3o Camilo","description":"A onda de calor que atinge o Brasil j\u00e1 tem suas principais v\u00edtimas: os idosos, especialmente aqueles com doen\u00e7as preexistentes.","robots":{"index":"index","follow":"follow","max-snippet":"max-snippet:-1","max-image-preview":"max-image-preview:large","max-video-preview":"max-video-preview:-1"},"canonical":"https:\/\/blog.saocamilo-sp.br\/index.php\/2025\/02\/20\/idosos-verao\/","og_locale":"pt_BR","og_type":"article","og_title":"Especialista explica\u00a0porque idosos s\u00e3o mais vulner\u00e1veis ao calor - Blog S\u00e3o Camilo","og_description":"A onda de calor que atinge o Brasil j\u00e1 tem suas principais v\u00edtimas: os idosos, especialmente aqueles com doen\u00e7as preexistentes.","og_url":"https:\/\/blog.saocamilo-sp.br\/index.php\/2025\/02\/20\/idosos-verao\/","og_site_name":"Blog S\u00e3o Camilo","article_publisher":"https:\/\/www.facebook.com\/saocamilosp","article_published_time":"2025-02-20T11:38:59+00:00","article_modified_time":"2025-02-26T21:30:00+00:00","og_image":[{"width":768,"height":557,"url":"https:\/\/blog.saocamilo-sp.br\/wp-content\/uploads\/2025\/02\/Imagem-4.jpg","type":"image\/jpeg"}],"author":"Lucas Soares Gon\u00e7alves","twitter_card":"summary_large_image","twitter_creator":"@saocamilosp","twitter_site":"@saocamilosp","twitter_misc":{"Escrito por":"Lucas Soares Gon\u00e7alves","Est. tempo de leitura":"4 minutos"},"schema":{"@context":"https:\/\/schema.org","@graph":[{"@type":"Article","@id":"https:\/\/blog.saocamilo-sp.br\/index.php\/2025\/02\/20\/idosos-verao\/#article","isPartOf":{"@id":"https:\/\/blog.saocamilo-sp.br\/index.php\/2025\/02\/20\/idosos-verao\/"},"author":{"name":"Lucas Soares Gon\u00e7alves","@id":"https:\/\/blog.saocamilo-sp.br\/#\/schema\/person\/781135418152912d4b58f2db13a2eaf0"},"headline":"Especialista explica\u00a0porque idosos s\u00e3o mais vulner\u00e1veis ao calor","datePublished":"2025-02-20T11:38:59+00:00","dateModified":"2025-02-26T21:30:00+00:00","mainEntityOfPage":{"@id":"https:\/\/blog.saocamilo-sp.br\/index.php\/2025\/02\/20\/idosos-verao\/"},"wordCount":714,"commentCount":0,"publisher":{"@id":"https:\/\/blog.saocamilo-sp.br\/#organization"},"image":{"@id":"https:\/\/blog.saocamilo-sp.br\/index.php\/2025\/02\/20\/idosos-verao\/#primaryimage"},"thumbnailUrl":"https:\/\/blog.saocamilo-sp.br\/wp-content\/uploads\/2025\/02\/Imagem-4.jpg","articleSection":["Cursos"],"inLanguage":"pt-BR","potentialAction":[{"@type":"CommentAction","name":"Comment","target":["https:\/\/blog.saocamilo-sp.br\/index.php\/2025\/02\/20\/idosos-verao\/#respond"]}]},{"@type":"WebPage","@id":"https:\/\/blog.saocamilo-sp.br\/index.php\/2025\/02\/20\/idosos-verao\/","url":"https:\/\/blog.saocamilo-sp.br\/index.php\/2025\/02\/20\/idosos-verao\/","name":"Especialista explica\u00a0porque idosos s\u00e3o mais vulner\u00e1veis ao calor - Blog S\u00e3o Camilo","isPartOf":{"@id":"https:\/\/blog.saocamilo-sp.br\/#website"},"primaryImageOfPage":{"@id":"https:\/\/blog.saocamilo-sp.br\/index.php\/2025\/02\/20\/idosos-verao\/#primaryimage"},"image":{"@id":"https:\/\/blog.saocamilo-sp.br\/index.php\/2025\/02\/20\/idosos-verao\/#primaryimage"},"thumbnailUrl":"https:\/\/blog.saocamilo-sp.br\/wp-content\/uploads\/2025\/02\/Imagem-4.jpg","datePublished":"2025-02-20T11:38:59+00:00","dateModified":"2025-02-26T21:30:00+00:00","description":"A onda de calor que atinge o Brasil j\u00e1 tem suas principais v\u00edtimas: os idosos, especialmente aqueles com doen\u00e7as preexistentes.","breadcrumb":{"@id":"https:\/\/blog.saocamilo-sp.br\/index.php\/2025\/02\/20\/idosos-verao\/#breadcrumb"},"inLanguage":"pt-BR","potentialAction":[{"@type":"ReadAction","target":["https:\/\/blog.saocamilo-sp.br\/index.php\/2025\/02\/20\/idosos-verao\/"]}]},{"@type":"ImageObject","inLanguage":"pt-BR","@id":"https:\/\/blog.saocamilo-sp.br\/index.php\/2025\/02\/20\/idosos-verao\/#primaryimage","url":"https:\/\/blog.saocamilo-sp.br\/wp-content\/uploads\/2025\/02\/Imagem-4.jpg","contentUrl":"https:\/\/blog.saocamilo-sp.br\/wp-content\/uploads\/2025\/02\/Imagem-4.jpg","width":768,"height":557,"caption":"Especialista explica porque idosos s\u00e3o mais vulner\u00e1veis ao calor"},{"@type":"BreadcrumbList","@id":"https:\/\/blog.saocamilo-sp.br\/index.php\/2025\/02\/20\/idosos-verao\/#breadcrumb","itemListElement":[{"@type":"ListItem","position":1,"name":"In\u00edcio","item":"https:\/\/blog.saocamilo-sp.br\/"},{"@type":"ListItem","position":2,"name":"Especialista explica\u00a0porque idosos s\u00e3o mais vulner\u00e1veis ao calor"}]},{"@type":"WebSite","@id":"https:\/\/blog.saocamilo-sp.br\/#website","url":"https:\/\/blog.saocamilo-sp.br\/","name":"Blog S\u00e3o Camilo","description":"Blog do Centro Universit\u00e1rio S\u00e3o Camilo","publisher":{"@id":"https:\/\/blog.saocamilo-sp.br\/#organization"},"potentialAction":[{"@type":"SearchAction","target":{"@type":"EntryPoint","urlTemplate":"https:\/\/blog.saocamilo-sp.br\/?s={search_term_string}"},"query-input":{"@type":"PropertyValueSpecification","valueRequired":true,"valueName":"search_term_string"}}],"inLanguage":"pt-BR"},{"@type":"Organization","@id":"https:\/\/blog.saocamilo-sp.br\/#organization","name":"Blog S\u00e3o Camilo","url":"https:\/\/blog.saocamilo-sp.br\/","logo":{"@type":"ImageObject","inLanguage":"pt-BR","@id":"https:\/\/blog.saocamilo-sp.br\/#\/schema\/logo\/image\/","url":"https:\/\/blog.saocamilo-sp.br\/wp-content\/uploads\/2021\/12\/cropped-vazio-logo-topo.png","contentUrl":"https:\/\/blog.saocamilo-sp.br\/wp-content\/uploads\/2021\/12\/cropped-vazio-logo-topo.png","width":320,"height":240,"caption":"Blog S\u00e3o Camilo"},"image":{"@id":"https:\/\/blog.saocamilo-sp.br\/#\/schema\/logo\/image\/"},"sameAs":["https:\/\/www.facebook.com\/saocamilosp","https:\/\/x.com\/saocamilosp","https:\/\/www.linkedin.com\/school\/centro-universit-rio-s-o-camilo\/"]},{"@type":"Person","@id":"https:\/\/blog.saocamilo-sp.br\/#\/schema\/person\/781135418152912d4b58f2db13a2eaf0","name":"Lucas Soares Gon\u00e7alves","image":{"@type":"ImageObject","inLanguage":"pt-BR","@id":"https:\/\/secure.gravatar.com\/avatar\/bcd2d703cbb48116eaac2cac8643792535238ff30b2d7ce9e16f9254ec9cae83?s=96&d=mm&r=g","url":"https:\/\/secure.gravatar.com\/avatar\/bcd2d703cbb48116eaac2cac8643792535238ff30b2d7ce9e16f9254ec9cae83?s=96&d=mm&r=g","contentUrl":"https:\/\/secure.gravatar.com\/avatar\/bcd2d703cbb48116eaac2cac8643792535238ff30b2d7ce9e16f9254ec9cae83?s=96&d=mm&r=g","caption":"Lucas Soares Gon\u00e7alves"},"url":"https:\/\/blog.saocamilo-sp.br\/index.php\/author\/lucas-soares-goncalves\/"}]}},"_links":{"self":[{"href":"https:\/\/blog.saocamilo-sp.br\/index.php\/wp-json\/wp\/v2\/posts\/3429","targetHints":{"allow":["GET"]}}],"collection":[{"href":"https:\/\/blog.saocamilo-sp.br\/index.php\/wp-json\/wp\/v2\/posts"}],"about":[{"href":"https:\/\/blog.saocamilo-sp.br\/index.php\/wp-json\/wp\/v2\/types\/post"}],"author":[{"embeddable":true,"href":"https:\/\/blog.saocamilo-sp.br\/index.php\/wp-json\/wp\/v2\/users\/4"}],"replies":[{"embeddable":true,"href":"https:\/\/blog.saocamilo-sp.br\/index.php\/wp-json\/wp\/v2\/comments?post=3429"}],"version-history":[{"count":3,"href":"https:\/\/blog.saocamilo-sp.br\/index.php\/wp-json\/wp\/v2\/posts\/3429\/revisions"}],"predecessor-version":[{"id":3819,"href":"https:\/\/blog.saocamilo-sp.br\/index.php\/wp-json\/wp\/v2\/posts\/3429\/revisions\/3819"}],"wp:featuredmedia":[{"embeddable":true,"href":"https:\/\/blog.saocamilo-sp.br\/index.php\/wp-json\/wp\/v2\/media\/3454"}],"wp:attachment":[{"href":"https:\/\/blog.saocamilo-sp.br\/index.php\/wp-json\/wp\/v2\/media?parent=3429"}],"wp:term":[{"taxonomy":"category","embeddable":true,"href":"https:\/\/blog.saocamilo-sp.br\/index.php\/wp-json\/wp\/v2\/categories?post=3429"},{"taxonomy":"post_tag","embeddable":true,"href":"https:\/\/blog.saocamilo-sp.br\/index.php\/wp-json\/wp\/v2\/tags?post=3429"}],"curies":[{"name":"wp","href":"https:\/\/api.w.org\/{rel}","templated":true}]}}