{"id":3433,"date":"2025-02-24T10:42:19","date_gmt":"2025-02-24T13:42:19","guid":{"rendered":"https:\/\/blog.saocamilo-sp.br\/?p=3433"},"modified":"2025-02-26T15:51:21","modified_gmt":"2025-02-26T18:51:21","slug":"geriatria-residentes-estados-unidos","status":"publish","type":"post","link":"https:\/\/blog.saocamilo-sp.br\/index.php\/2025\/02\/24\/geriatria-residentes-estados-unidos\/","title":{"rendered":"Internacional: residentes de geriatria vivenciam est\u00e1gio nos EUA"},"content":{"rendered":"\n<p>A internacionaliza\u00e7\u00e3o na forma\u00e7\u00e3o m\u00e9dica \u00e9 um diferencial do <a href=\"https:\/\/saocamilo-sp.br\/\">Centro Universit\u00e1rio S\u00e3o Camilo<\/a>. Anualmente, m\u00e9dicos residentes de Geriatria t\u00eam a oportunidade de realizar um est\u00e1gio optativo em Milwaukee, nos Estados Unidos. O programa acontece no St. Camillus, uma comunidade de idosos que oferece cuidados a diferentes n\u00edveis de assist\u00eancia. A experi\u00eancia proporciona n\u00e3o apenas o desenvolvimento profissional, mas tamb\u00e9m o contato com uma nova cultura e idioma.<\/p>\n\n\n\n<h2 class=\"wp-block-heading\">Est\u00e1gio em Milwaukee: uma imers\u00e3o em cuidados geri\u00e1tricos<\/h2>\n\n\n\n<p>O St. Camillus \u00e9 uma institui\u00e7\u00e3o semelhante a uma ILPI (Institui\u00e7\u00e3o de Longa Perman\u00eancia para Idosos), mas com um modelo inovador chamado <em>life plan community<\/em>. Esse conceito integra assist\u00eancia m\u00e9dica, atividades recreativas e suporte para idosos independentes e fr\u00e1geis, incluindo aqueles com diagn\u00f3stico de dem\u00eancia.<\/p>\n\n\n\n<p>Durante o est\u00e1gio, os residentes acompanham o trabalho de m\u00e9dicos e enfermeiros, observando m\u00e9todos distintos dos praticados no Brasil. Essa viv\u00eancia amplia a vis\u00e3o profissional, permitindo compara\u00e7\u00f5es entre os sistemas de sa\u00fade dos dois pa\u00edses. Segundo <strong>Lucas Rondina<\/strong>, m\u00e9dico residente em Geriatria:<\/p>\n\n\n\n<blockquote class=\"wp-block-quote is-layout-flow wp-block-quote-is-layout-flow\">\n<p>&#8220;Ver um modelo de assist\u00eancia geri\u00e1trica como o que o S\u00e3o Camilo tem l\u00e1 nos Estados Unidos abre a nossa mente para diversas possibilidades.&#8221;<\/p>\n<\/blockquote>\n\n\n\n<h2 class=\"wp-block-heading\">Impacto na forma\u00e7\u00e3o profissional<\/h2>\n\n\n\n<p>Al\u00e9m da pr\u00e1tica cl\u00ednica, o est\u00e1gio contribui para o crescimento pessoal dos participantes. A viv\u00eancia internacional fortalece habilidades interculturais e amplia a rede de contatos profissionais. <strong>Amanda Pedr\u00e3o<\/strong>, tamb\u00e9m residente em Geriatria, destacou: <\/p>\n\n\n\n<blockquote class=\"wp-block-quote is-layout-flow wp-block-quote-is-layout-flow\">\n<p>&#8220;Como residente, foi uma experi\u00eancia \u00fanica e que agregou muito na minha forma\u00e7\u00e3o&#8221;<\/p>\n<\/blockquote>\n\n\n\n<p><br>A oportunidade de acompanhar os cuidados em diferentes n\u00edveis de depend\u00eancia refor\u00e7a o aprendizado e enriquece a pr\u00e1tica m\u00e9dica no Brasil.<\/p>\n\n\n\n<h2 class=\"wp-block-heading\">Parceria Internacional: v\u00ednculo com a delega\u00e7\u00e3o Camiliana dos EUA<\/h2>\n\n\n\n<p>O programa \u00e9 fruto da parceria entre a S\u00e3o Camilo e a delega\u00e7\u00e3o camiliana nos Estados Unidos. Esse v\u00ednculo fortalece o compromisso da institui\u00e7\u00e3o com a excel\u00eancia acad\u00eamica e abre portas para novas colabora\u00e7\u00f5es internacionais. De acordo com <strong>Lucas Rondina<\/strong>:<br><\/p>\n\n\n\n<blockquote class=\"wp-block-quote is-layout-flow wp-block-quote-is-layout-flow\">\n<p>&#8220;Existem muitos trabalhos e oportunidades que podem ser constru\u00eddos com a manuten\u00e7\u00e3o e explora\u00e7\u00e3o desse v\u00ednculo.&#8221;<\/p>\n<\/blockquote>\n\n\n\n<h2 class=\"wp-block-heading\">Oportunidade para novos residentes<\/h2>\n\n\n\n<p>A cada ano, novos residentes s\u00e3o selecionados para participar do est\u00e1gio, consolidando a forma\u00e7\u00e3o m\u00e9dica com uma vis\u00e3o global da Geriatria. Em setembro do \u00faltimo ano, dois residentes vivenciaram essa experi\u00eancia enriquecedora, e para este ano, outros m\u00e9dicos j\u00e1 est\u00e3o preparados para embarcar.<\/p>\n\n\n\n<p>Quer saber mais? Acesse a p\u00e1gina das <a href=\"https:\/\/saocamilo-sp.br\/internacional\/quem_somos\" target=\"_blank\" rel=\"noreferrer noopener\">Rela\u00e7\u00f5es Internacionais<\/a> no site da S\u00e3o Camilo.<\/p>\n\n\n\n<p>Veja tamb\u00e9m:<br><br><a href=\"https:\/\/blog.saocamilo-sp.br\/index.php\/2024\/12\/21\/verao-2\/\">Bem-vindo, Ver\u00e3o! Celebrando o Primeiro Dia da Esta\u00e7\u00e3o com Cuidados<\/a><\/p>\n\n\n\n<p><a href=\"https:\/\/blog.saocamilo-sp.br\/index.php\/2023\/07\/07\/a-pesquisa-cientifica-no-centro-universitario-sao-camilo\/\" target=\"_blank\" rel=\"noreferrer noopener\"><\/a><a href=\"https:\/\/blog.saocamilo-sp.br\/index.php\/2023\/07\/07\/a-pesquisa-cientifica-no-centro-universitario-sao-camilo\/\" target=\"_blank\" rel=\"noreferrer noopener\"> impacto do atendimento humanizado em pacientes de radioterapia<\/a><\/p>\n\n\n\n<p><a href=\"https:\/\/blog.saocamilo-sp.br\/index.php\/2024\/09\/27\/ipiranga-tradicao-historia-e-modernidade\/\">Resist\u00eancia bacteriana: docentes e alunos de farm\u00e1cia realizam pesquisa sobre novas abordagens terap\u00eauticas<\/a><\/p>\n\n\n\n<p><\/p>\n","protected":false},"excerpt":{"rendered":"<p>O programa acontece no St. Camillus, uma comunidade de idosos que oferece cuidados a diferentes n\u00edveis de assist\u00eancia. <\/p>\n","protected":false},"author":4,"featured_media":3443,"comment_status":"open","ping_status":"open","sticky":false,"template":"","format":"standard","meta":{"cybocfi_hide_featured_image":"yes","footnotes":""},"categories":[1,70,30,90],"tags":[72,12,178,17],"class_list":["post-3433","post","type-post","status-publish","format-standard","has-post-thumbnail","hentry","category-cursos","category-internacional","category-medicina","category-mercado-profissional","tag-internacional","tag-medicina","tag-residencia","tag-saude"],"yoast_head":"<!-- This site is optimized with the Yoast SEO plugin v27.4 - https:\/\/yoast.com\/product\/yoast-seo-wordpress\/ -->\n<title>Internacional: residentes de geriatria vivenciam est\u00e1gio nos EUA<\/title>\n<meta name=\"description\" content=\"O programa acontece no St. Camillus, uma comunidade de idosos que oferece cuidados a diferentes n\u00edveis de assist\u00eancia.\" \/>\n<meta name=\"robots\" content=\"index, follow, max-snippet:-1, max-image-preview:large, max-video-preview:-1\" \/>\n<link rel=\"canonical\" href=\"https:\/\/blog.saocamilo-sp.br\/index.php\/2025\/02\/24\/geriatria-residentes-estados-unidos\/\" \/>\n<meta property=\"og:locale\" content=\"pt_BR\" \/>\n<meta property=\"og:type\" content=\"article\" \/>\n<meta property=\"og:title\" content=\"Internacional: residentes de geriatria vivenciam est\u00e1gio nos EUA\" \/>\n<meta property=\"og:description\" content=\"O programa acontece no St. Camillus, uma comunidade de idosos que oferece cuidados a diferentes n\u00edveis de assist\u00eancia.\" \/>\n<meta property=\"og:url\" content=\"https:\/\/blog.saocamilo-sp.br\/index.php\/2025\/02\/24\/geriatria-residentes-estados-unidos\/\" \/>\n<meta property=\"og:site_name\" content=\"Blog S\u00e3o Camilo\" \/>\n<meta property=\"article:publisher\" content=\"https:\/\/www.facebook.com\/saocamilosp\" \/>\n<meta property=\"article:published_time\" content=\"2025-02-24T13:42:19+00:00\" \/>\n<meta property=\"article:modified_time\" content=\"2025-02-26T18:51:21+00:00\" \/>\n<meta property=\"og:image\" content=\"https:\/\/blog.saocamilo-sp.br\/wp-content\/uploads\/2025\/02\/Design-sem-nome-13-1.png\" \/>\n\t<meta property=\"og:image:width\" content=\"1920\" \/>\n\t<meta property=\"og:image:height\" content=\"1080\" \/>\n\t<meta property=\"og:image:type\" content=\"image\/png\" \/>\n<meta name=\"author\" content=\"Lucas Soares Gon\u00e7alves\" \/>\n<meta name=\"twitter:card\" content=\"summary_large_image\" \/>\n<meta name=\"twitter:title\" content=\"O programa acontece no St. Camillus, uma comunidade de idosos que oferece cuidados a diferentes n\u00edveis de assist\u00eancia.\" \/>\n<meta name=\"twitter:description\" content=\"O programa acontece no St. Camillus, uma comunidade de idosos que oferece cuidados a diferentes n\u00edveis de assist\u00eancia.\" \/>\n<meta name=\"twitter:image\" content=\"https:\/\/blog.saocamilo-sp.br\/wp-content\/uploads\/2025\/02\/Design-sem-nome-13-1.png\" \/>\n<meta name=\"twitter:creator\" content=\"@saocamilosp\" \/>\n<meta name=\"twitter:site\" content=\"@saocamilosp\" \/>\n<meta name=\"twitter:label1\" content=\"Escrito por\" \/>\n\t<meta name=\"twitter:data1\" content=\"Lucas Soares Gon\u00e7alves\" \/>\n\t<meta name=\"twitter:label2\" content=\"Est. tempo de leitura\" \/>\n\t<meta name=\"twitter:data2\" content=\"3 minutos\" \/>\n<script type=\"application\/ld+json\" class=\"yoast-schema-graph\">{\"@context\":\"https:\\\/\\\/schema.org\",\"@graph\":[{\"@type\":\"Article\",\"@id\":\"https:\\\/\\\/blog.saocamilo-sp.br\\\/index.php\\\/2025\\\/02\\\/24\\\/geriatria-residentes-estados-unidos\\\/#article\",\"isPartOf\":{\"@id\":\"https:\\\/\\\/blog.saocamilo-sp.br\\\/index.php\\\/2025\\\/02\\\/24\\\/geriatria-residentes-estados-unidos\\\/\"},\"author\":{\"name\":\"Lucas Soares Gon\u00e7alves\",\"@id\":\"https:\\\/\\\/blog.saocamilo-sp.br\\\/#\\\/schema\\\/person\\\/781135418152912d4b58f2db13a2eaf0\"},\"headline\":\"Internacional: residentes de geriatria vivenciam est\u00e1gio nos EUA\",\"datePublished\":\"2025-02-24T13:42:19+00:00\",\"dateModified\":\"2025-02-26T18:51:21+00:00\",\"mainEntityOfPage\":{\"@id\":\"https:\\\/\\\/blog.saocamilo-sp.br\\\/index.php\\\/2025\\\/02\\\/24\\\/geriatria-residentes-estados-unidos\\\/\"},\"wordCount\":503,\"commentCount\":0,\"publisher\":{\"@id\":\"https:\\\/\\\/blog.saocamilo-sp.br\\\/#organization\"},\"image\":{\"@id\":\"https:\\\/\\\/blog.saocamilo-sp.br\\\/index.php\\\/2025\\\/02\\\/24\\\/geriatria-residentes-estados-unidos\\\/#primaryimage\"},\"thumbnailUrl\":\"https:\\\/\\\/blog.saocamilo-sp.br\\\/wp-content\\\/uploads\\\/2025\\\/02\\\/Residentes-de-geriatria-vivenciam-estagio-nos-EUA.png\",\"keywords\":[\"internacional\",\"Medicina\",\"Resid\u00eancia\",\"Sa\u00fade\"],\"articleSection\":[\"Cursos\",\"Internacional\",\"Medicina\",\"Mercado Profissional\"],\"inLanguage\":\"pt-BR\",\"potentialAction\":[{\"@type\":\"CommentAction\",\"name\":\"Comment\",\"target\":[\"https:\\\/\\\/blog.saocamilo-sp.br\\\/index.php\\\/2025\\\/02\\\/24\\\/geriatria-residentes-estados-unidos\\\/#respond\"]}]},{\"@type\":\"WebPage\",\"@id\":\"https:\\\/\\\/blog.saocamilo-sp.br\\\/index.php\\\/2025\\\/02\\\/24\\\/geriatria-residentes-estados-unidos\\\/\",\"url\":\"https:\\\/\\\/blog.saocamilo-sp.br\\\/index.php\\\/2025\\\/02\\\/24\\\/geriatria-residentes-estados-unidos\\\/\",\"name\":\"Internacional: residentes de geriatria vivenciam est\u00e1gio nos EUA\",\"isPartOf\":{\"@id\":\"https:\\\/\\\/blog.saocamilo-sp.br\\\/#website\"},\"primaryImageOfPage\":{\"@id\":\"https:\\\/\\\/blog.saocamilo-sp.br\\\/index.php\\\/2025\\\/02\\\/24\\\/geriatria-residentes-estados-unidos\\\/#primaryimage\"},\"image\":{\"@id\":\"https:\\\/\\\/blog.saocamilo-sp.br\\\/index.php\\\/2025\\\/02\\\/24\\\/geriatria-residentes-estados-unidos\\\/#primaryimage\"},\"thumbnailUrl\":\"https:\\\/\\\/blog.saocamilo-sp.br\\\/wp-content\\\/uploads\\\/2025\\\/02\\\/Residentes-de-geriatria-vivenciam-estagio-nos-EUA.png\",\"datePublished\":\"2025-02-24T13:42:19+00:00\",\"dateModified\":\"2025-02-26T18:51:21+00:00\",\"description\":\"O programa acontece no St. Camillus, uma comunidade de idosos que oferece cuidados a diferentes n\u00edveis de assist\u00eancia.\",\"breadcrumb\":{\"@id\":\"https:\\\/\\\/blog.saocamilo-sp.br\\\/index.php\\\/2025\\\/02\\\/24\\\/geriatria-residentes-estados-unidos\\\/#breadcrumb\"},\"inLanguage\":\"pt-BR\",\"potentialAction\":[{\"@type\":\"ReadAction\",\"target\":[\"https:\\\/\\\/blog.saocamilo-sp.br\\\/index.php\\\/2025\\\/02\\\/24\\\/geriatria-residentes-estados-unidos\\\/\"]}]},{\"@type\":\"BreadcrumbList\",\"@id\":\"https:\\\/\\\/blog.saocamilo-sp.br\\\/index.php\\\/2025\\\/02\\\/24\\\/geriatria-residentes-estados-unidos\\\/#breadcrumb\",\"itemListElement\":[{\"@type\":\"ListItem\",\"position\":1,\"name\":\"In\u00edcio\",\"item\":\"https:\\\/\\\/blog.saocamilo-sp.br\\\/\"},{\"@type\":\"ListItem\",\"position\":2,\"name\":\"Internacional: residentes de geriatria vivenciam est\u00e1gio nos EUA\"}]},{\"@type\":\"WebSite\",\"@id\":\"https:\\\/\\\/blog.saocamilo-sp.br\\\/#website\",\"url\":\"https:\\\/\\\/blog.saocamilo-sp.br\\\/\",\"name\":\"Blog S\u00e3o Camilo\",\"description\":\"Blog do Centro Universit\u00e1rio S\u00e3o Camilo\",\"publisher\":{\"@id\":\"https:\\\/\\\/blog.saocamilo-sp.br\\\/#organization\"},\"potentialAction\":[{\"@type\":\"SearchAction\",\"target\":{\"@type\":\"EntryPoint\",\"urlTemplate\":\"https:\\\/\\\/blog.saocamilo-sp.br\\\/?s={search_term_string}\"},\"query-input\":{\"@type\":\"PropertyValueSpecification\",\"valueRequired\":true,\"valueName\":\"search_term_string\"}}],\"inLanguage\":\"pt-BR\"},{\"@type\":\"Organization\",\"@id\":\"https:\\\/\\\/blog.saocamilo-sp.br\\\/#organization\",\"name\":\"Blog S\u00e3o Camilo\",\"url\":\"https:\\\/\\\/blog.saocamilo-sp.br\\\/\",\"logo\":{\"@type\":\"ImageObject\",\"inLanguage\":\"pt-BR\",\"@id\":\"https:\\\/\\\/blog.saocamilo-sp.br\\\/#\\\/schema\\\/logo\\\/image\\\/\",\"url\":\"https:\\\/\\\/blog.saocamilo-sp.br\\\/wp-content\\\/uploads\\\/2021\\\/12\\\/cropped-vazio-logo-topo.png\",\"contentUrl\":\"https:\\\/\\\/blog.saocamilo-sp.br\\\/wp-content\\\/uploads\\\/2021\\\/12\\\/cropped-vazio-logo-topo.png\",\"width\":320,\"height\":240,\"caption\":\"Blog S\u00e3o Camilo\"},\"image\":{\"@id\":\"https:\\\/\\\/blog.saocamilo-sp.br\\\/#\\\/schema\\\/logo\\\/image\\\/\"},\"sameAs\":[\"https:\\\/\\\/www.facebook.com\\\/saocamilosp\",\"https:\\\/\\\/x.com\\\/saocamilosp\",\"https:\\\/\\\/www.linkedin.com\\\/school\\\/centro-universit-rio-s-o-camilo\\\/\"]},{\"@type\":\"Person\",\"@id\":\"https:\\\/\\\/blog.saocamilo-sp.br\\\/#\\\/schema\\\/person\\\/781135418152912d4b58f2db13a2eaf0\",\"name\":\"Lucas Soares Gon\u00e7alves\",\"image\":{\"@type\":\"ImageObject\",\"inLanguage\":\"pt-BR\",\"@id\":\"https:\\\/\\\/secure.gravatar.com\\\/avatar\\\/bcd2d703cbb48116eaac2cac8643792535238ff30b2d7ce9e16f9254ec9cae83?s=96&d=mm&r=g\",\"url\":\"https:\\\/\\\/secure.gravatar.com\\\/avatar\\\/bcd2d703cbb48116eaac2cac8643792535238ff30b2d7ce9e16f9254ec9cae83?s=96&d=mm&r=g\",\"contentUrl\":\"https:\\\/\\\/secure.gravatar.com\\\/avatar\\\/bcd2d703cbb48116eaac2cac8643792535238ff30b2d7ce9e16f9254ec9cae83?s=96&d=mm&r=g\",\"caption\":\"Lucas Soares Gon\u00e7alves\"},\"url\":\"https:\\\/\\\/blog.saocamilo-sp.br\\\/index.php\\\/author\\\/lucas-soares-goncalves\\\/\"}]}<\/script>\n<!-- \/ Yoast SEO plugin. -->","yoast_head_json":{"title":"Internacional: residentes de geriatria vivenciam est\u00e1gio nos EUA","description":"O programa acontece no St. Camillus, uma comunidade de idosos que oferece cuidados a diferentes n\u00edveis de assist\u00eancia.","robots":{"index":"index","follow":"follow","max-snippet":"max-snippet:-1","max-image-preview":"max-image-preview:large","max-video-preview":"max-video-preview:-1"},"canonical":"https:\/\/blog.saocamilo-sp.br\/index.php\/2025\/02\/24\/geriatria-residentes-estados-unidos\/","og_locale":"pt_BR","og_type":"article","og_title":"Internacional: residentes de geriatria vivenciam est\u00e1gio nos EUA","og_description":"O programa acontece no St. Camillus, uma comunidade de idosos que oferece cuidados a diferentes n\u00edveis de assist\u00eancia.","og_url":"https:\/\/blog.saocamilo-sp.br\/index.php\/2025\/02\/24\/geriatria-residentes-estados-unidos\/","og_site_name":"Blog S\u00e3o Camilo","article_publisher":"https:\/\/www.facebook.com\/saocamilosp","article_published_time":"2025-02-24T13:42:19+00:00","article_modified_time":"2025-02-26T18:51:21+00:00","og_image":[{"width":1920,"height":1080,"url":"https:\/\/blog.saocamilo-sp.br\/wp-content\/uploads\/2025\/02\/Design-sem-nome-13-1.png","type":"image\/png"}],"author":"Lucas Soares Gon\u00e7alves","twitter_card":"summary_large_image","twitter_title":"O programa acontece no St. Camillus, uma comunidade de idosos que oferece cuidados a diferentes n\u00edveis de assist\u00eancia.","twitter_description":"O programa acontece no St. Camillus, uma comunidade de idosos que oferece cuidados a diferentes n\u00edveis de assist\u00eancia.","twitter_image":"https:\/\/blog.saocamilo-sp.br\/wp-content\/uploads\/2025\/02\/Design-sem-nome-13-1.png","twitter_creator":"@saocamilosp","twitter_site":"@saocamilosp","twitter_misc":{"Escrito por":"Lucas Soares Gon\u00e7alves","Est. tempo de leitura":"3 minutos"},"schema":{"@context":"https:\/\/schema.org","@graph":[{"@type":"Article","@id":"https:\/\/blog.saocamilo-sp.br\/index.php\/2025\/02\/24\/geriatria-residentes-estados-unidos\/#article","isPartOf":{"@id":"https:\/\/blog.saocamilo-sp.br\/index.php\/2025\/02\/24\/geriatria-residentes-estados-unidos\/"},"author":{"name":"Lucas Soares Gon\u00e7alves","@id":"https:\/\/blog.saocamilo-sp.br\/#\/schema\/person\/781135418152912d4b58f2db13a2eaf0"},"headline":"Internacional: residentes de geriatria vivenciam est\u00e1gio nos EUA","datePublished":"2025-02-24T13:42:19+00:00","dateModified":"2025-02-26T18:51:21+00:00","mainEntityOfPage":{"@id":"https:\/\/blog.saocamilo-sp.br\/index.php\/2025\/02\/24\/geriatria-residentes-estados-unidos\/"},"wordCount":503,"commentCount":0,"publisher":{"@id":"https:\/\/blog.saocamilo-sp.br\/#organization"},"image":{"@id":"https:\/\/blog.saocamilo-sp.br\/index.php\/2025\/02\/24\/geriatria-residentes-estados-unidos\/#primaryimage"},"thumbnailUrl":"https:\/\/blog.saocamilo-sp.br\/wp-content\/uploads\/2025\/02\/Residentes-de-geriatria-vivenciam-estagio-nos-EUA.png","keywords":["internacional","Medicina","Resid\u00eancia","Sa\u00fade"],"articleSection":["Cursos","Internacional","Medicina","Mercado Profissional"],"inLanguage":"pt-BR","potentialAction":[{"@type":"CommentAction","name":"Comment","target":["https:\/\/blog.saocamilo-sp.br\/index.php\/2025\/02\/24\/geriatria-residentes-estados-unidos\/#respond"]}]},{"@type":"WebPage","@id":"https:\/\/blog.saocamilo-sp.br\/index.php\/2025\/02\/24\/geriatria-residentes-estados-unidos\/","url":"https:\/\/blog.saocamilo-sp.br\/index.php\/2025\/02\/24\/geriatria-residentes-estados-unidos\/","name":"Internacional: residentes de geriatria vivenciam est\u00e1gio nos EUA","isPartOf":{"@id":"https:\/\/blog.saocamilo-sp.br\/#website"},"primaryImageOfPage":{"@id":"https:\/\/blog.saocamilo-sp.br\/index.php\/2025\/02\/24\/geriatria-residentes-estados-unidos\/#primaryimage"},"image":{"@id":"https:\/\/blog.saocamilo-sp.br\/index.php\/2025\/02\/24\/geriatria-residentes-estados-unidos\/#primaryimage"},"thumbnailUrl":"https:\/\/blog.saocamilo-sp.br\/wp-content\/uploads\/2025\/02\/Residentes-de-geriatria-vivenciam-estagio-nos-EUA.png","datePublished":"2025-02-24T13:42:19+00:00","dateModified":"2025-02-26T18:51:21+00:00","description":"O programa acontece no St. Camillus, uma comunidade de idosos que oferece cuidados a diferentes n\u00edveis de assist\u00eancia.","breadcrumb":{"@id":"https:\/\/blog.saocamilo-sp.br\/index.php\/2025\/02\/24\/geriatria-residentes-estados-unidos\/#breadcrumb"},"inLanguage":"pt-BR","potentialAction":[{"@type":"ReadAction","target":["https:\/\/blog.saocamilo-sp.br\/index.php\/2025\/02\/24\/geriatria-residentes-estados-unidos\/"]}]},{"@type":"BreadcrumbList","@id":"https:\/\/blog.saocamilo-sp.br\/index.php\/2025\/02\/24\/geriatria-residentes-estados-unidos\/#breadcrumb","itemListElement":[{"@type":"ListItem","position":1,"name":"In\u00edcio","item":"https:\/\/blog.saocamilo-sp.br\/"},{"@type":"ListItem","position":2,"name":"Internacional: residentes de geriatria vivenciam est\u00e1gio nos EUA"}]},{"@type":"WebSite","@id":"https:\/\/blog.saocamilo-sp.br\/#website","url":"https:\/\/blog.saocamilo-sp.br\/","name":"Blog S\u00e3o Camilo","description":"Blog do Centro Universit\u00e1rio S\u00e3o Camilo","publisher":{"@id":"https:\/\/blog.saocamilo-sp.br\/#organization"},"potentialAction":[{"@type":"SearchAction","target":{"@type":"EntryPoint","urlTemplate":"https:\/\/blog.saocamilo-sp.br\/?s={search_term_string}"},"query-input":{"@type":"PropertyValueSpecification","valueRequired":true,"valueName":"search_term_string"}}],"inLanguage":"pt-BR"},{"@type":"Organization","@id":"https:\/\/blog.saocamilo-sp.br\/#organization","name":"Blog S\u00e3o Camilo","url":"https:\/\/blog.saocamilo-sp.br\/","logo":{"@type":"ImageObject","inLanguage":"pt-BR","@id":"https:\/\/blog.saocamilo-sp.br\/#\/schema\/logo\/image\/","url":"https:\/\/blog.saocamilo-sp.br\/wp-content\/uploads\/2021\/12\/cropped-vazio-logo-topo.png","contentUrl":"https:\/\/blog.saocamilo-sp.br\/wp-content\/uploads\/2021\/12\/cropped-vazio-logo-topo.png","width":320,"height":240,"caption":"Blog S\u00e3o Camilo"},"image":{"@id":"https:\/\/blog.saocamilo-sp.br\/#\/schema\/logo\/image\/"},"sameAs":["https:\/\/www.facebook.com\/saocamilosp","https:\/\/x.com\/saocamilosp","https:\/\/www.linkedin.com\/school\/centro-universit-rio-s-o-camilo\/"]},{"@type":"Person","@id":"https:\/\/blog.saocamilo-sp.br\/#\/schema\/person\/781135418152912d4b58f2db13a2eaf0","name":"Lucas Soares Gon\u00e7alves","image":{"@type":"ImageObject","inLanguage":"pt-BR","@id":"https:\/\/secure.gravatar.com\/avatar\/bcd2d703cbb48116eaac2cac8643792535238ff30b2d7ce9e16f9254ec9cae83?s=96&d=mm&r=g","url":"https:\/\/secure.gravatar.com\/avatar\/bcd2d703cbb48116eaac2cac8643792535238ff30b2d7ce9e16f9254ec9cae83?s=96&d=mm&r=g","contentUrl":"https:\/\/secure.gravatar.com\/avatar\/bcd2d703cbb48116eaac2cac8643792535238ff30b2d7ce9e16f9254ec9cae83?s=96&d=mm&r=g","caption":"Lucas Soares Gon\u00e7alves"},"url":"https:\/\/blog.saocamilo-sp.br\/index.php\/author\/lucas-soares-goncalves\/"}]}},"_links":{"self":[{"href":"https:\/\/blog.saocamilo-sp.br\/index.php\/wp-json\/wp\/v2\/posts\/3433","targetHints":{"allow":["GET"]}}],"collection":[{"href":"https:\/\/blog.saocamilo-sp.br\/index.php\/wp-json\/wp\/v2\/posts"}],"about":[{"href":"https:\/\/blog.saocamilo-sp.br\/index.php\/wp-json\/wp\/v2\/types\/post"}],"author":[{"embeddable":true,"href":"https:\/\/blog.saocamilo-sp.br\/index.php\/wp-json\/wp\/v2\/users\/4"}],"replies":[{"embeddable":true,"href":"https:\/\/blog.saocamilo-sp.br\/index.php\/wp-json\/wp\/v2\/comments?post=3433"}],"version-history":[{"count":3,"href":"https:\/\/blog.saocamilo-sp.br\/index.php\/wp-json\/wp\/v2\/posts\/3433\/revisions"}],"predecessor-version":[{"id":3444,"href":"https:\/\/blog.saocamilo-sp.br\/index.php\/wp-json\/wp\/v2\/posts\/3433\/revisions\/3444"}],"wp:featuredmedia":[{"embeddable":true,"href":"https:\/\/blog.saocamilo-sp.br\/index.php\/wp-json\/wp\/v2\/media\/3443"}],"wp:attachment":[{"href":"https:\/\/blog.saocamilo-sp.br\/index.php\/wp-json\/wp\/v2\/media?parent=3433"}],"wp:term":[{"taxonomy":"category","embeddable":true,"href":"https:\/\/blog.saocamilo-sp.br\/index.php\/wp-json\/wp\/v2\/categories?post=3433"},{"taxonomy":"post_tag","embeddable":true,"href":"https:\/\/blog.saocamilo-sp.br\/index.php\/wp-json\/wp\/v2\/tags?post=3433"}],"curies":[{"name":"wp","href":"https:\/\/api.w.org\/{rel}","templated":true}]}}