{"id":3456,"date":"2025-03-07T10:46:54","date_gmt":"2025-03-07T13:46:54","guid":{"rendered":"https:\/\/blog.saocamilo-sp.br\/?p=3456"},"modified":"2025-04-04T10:26:43","modified_gmt":"2025-04-04T13:26:43","slug":"inscricoes-medicina","status":"publish","type":"post","link":"https:\/\/blog.saocamilo-sp.br\/index.php\/2025\/03\/07\/inscricoes-medicina\/","title":{"rendered":"S\u00e3o Camilo abre inscri\u00e7\u00f5es para o Processo Seletivo 2025.2 do curso de Medicina\u00a0"},"content":{"rendered":"\n<p>As inscri\u00e7\u00f5es para o curso de <a href=\"https:\/\/saocamilo-sp.br\/graduacao\/presencial\/medicina\">Gradua\u00e7\u00e3o em Medicina<\/a> do Centro Universit\u00e1rio S\u00e3o Camilo estar\u00e3o abertas de <strong>7 de mar\u00e7o a 15 de maio de 2025<\/strong>. O edital, que oferece <strong>90 vagas<\/strong>, sendo duas reservadas para o Processo Seletivo \u2013 IB e duas para o ABITUR, j\u00e1 est\u00e1 dispon\u00edvel. O curso, com dura\u00e7\u00e3o m\u00ednima de 12 semestres, ter\u00e1 in\u00edcio no 2\u00ba semestre de 2025, em per\u00edodo integral. Podem se candidatar aqueles que possuem o Certificado de Conclus\u00e3o do Ensino M\u00e9dio, e a sele\u00e7\u00e3o ser\u00e1 baseada no desempenho no vestibular.\u00a0\u00a0\u00a0<\/p>\n\n\n\n<h2 class=\"wp-block-heading\">Como se inscrever em Medicina?<\/h2>\n\n\n\n<p>As inscri\u00e7\u00f5es devem ser feitas exclusivamente pelo site <a href=\"http:\/\/www.vunesp.com.br\">www.vunesp.com.br<\/a>. Os interessados precisam preencher a ficha de inscri\u00e7\u00e3o e pagar uma taxa de <strong>R$ 440,00<\/strong>, por meio de boleto banc\u00e1rio.&nbsp;&nbsp;&nbsp;<\/p>\n\n\n\n<h2 class=\"wp-block-heading\">Processo seletivo&nbsp;em Medicina<\/h2>\n\n\n\n<p>O exame ser\u00e1 em \u00fanica fase e a prova ser\u00e1 realizada em <strong>8 de junho de 2025, das 14h \u00e0s 19h<\/strong>, em unidades do Centro Universit\u00e1rio. Os resultados ser\u00e3o divulgados nos sites da Vunesp ( <a href=\"http:\/\/www.vunesp.com.br\">www.vunesp.com.br<\/a>)&nbsp; e do&nbsp; Centro Universit\u00e1rio S\u00e3o Camilo&nbsp; (<a href=\"http:\/\/www.saocamilo-sp.br\">www.saocamilo-sp.br<\/a>), conforme o seguinte cronograma:&nbsp;&nbsp;&nbsp;<\/p>\n\n\n\n<p><strong>1\u00aa chamada: 8 de julho de 2025, a partir das 16h.&nbsp;<\/strong>&nbsp;&nbsp;<\/p>\n\n\n\n<p><strong>2\u00aa chamada:&nbsp; 16 de julho de 2025, a partir das 16h.&nbsp;&nbsp;&nbsp;<\/strong><\/p>\n\n\n\n<p>Candidatos convocados na segunda chamada devem confirmar interesse em vagas remanescentes no site da Vunesp,<strong> entre 10h de 9 de julho e 18h de 11 de julho de 2025.&nbsp; <\/strong>&nbsp;<br>&nbsp;<br>A confirma\u00e7\u00e3o de interesse por eventuais vagas remanescentes ser\u00e1 considerada condi\u00e7\u00e3o obrigat\u00f3ria para os candidatos que n\u00e3o foram convocados para a 1\u00aa Chamada concorrerem \u00e0s chamadas subsequentes, obedecidos a ordem de classifica\u00e7\u00e3o e o termo de interesse de vaga.&nbsp;<\/p>\n\n\n\n<h2 class=\"wp-block-heading\">Sobre o curso de Medicina<\/h2>\n\n\n\n<p>O curso de Medicina do Centro Universit\u00e1rio S\u00e3o Camilo \u00e9 reconhecido pela excel\u00eancia na forma\u00e7\u00e3o m\u00e9dica. Com nota 4 no ENADE e conceito 4 no CC (segundo o MEC), o curso tamb\u00e9m foi acreditado pelo Sistema de Acredita\u00e7\u00e3o de Escolas M\u00e9dicas do Conselho Federal de Medicina (SAEME-CFM) , recebendo um selo de prest\u00edgio internacional. Essa acredita\u00e7\u00e3o, reconhecida pela World Federation of Medical Education, permite que os egressos se candidatem a resid\u00eancias m\u00e9dicas na Europa, EUA e Canad\u00e1.&nbsp;&nbsp;&nbsp;<\/p>\n\n\n\n<p>As aulas pr\u00e1ticas come\u00e7am j\u00e1 no 2\u00ba semestre, com atividades em laborat\u00f3rios de alta tecnologia e est\u00e1gios em Unidades B\u00e1sicas de Sa\u00fade, hospitais e centros de especialidades pr\u00f3prios e conveniados. Um dos destaques \u00e9 a Cl\u00ednica-escola PROMOVE S\u00e3o Camilo, que oferece assist\u00eancia \u00e0 popula\u00e7\u00e3o socioeconomicamente vulner\u00e1vel e promove forma\u00e7\u00e3o multiprofissional.&nbsp;&nbsp;&nbsp;<\/p>\n\n\n\n<h2 class=\"wp-block-heading\">Programas de Resid\u00eancia M\u00e9dica&nbsp;&nbsp;&nbsp;<\/h2>\n\n\n\n<p>Al\u00e9m da gradua\u00e7\u00e3o, o Centro Universit\u00e1rio S\u00e3o Camilo oferece programas de Resid\u00eancia M\u00e9dica em \u00e1reas como Anestesiologia, Cl\u00ednica M\u00e9dica, Geriatria, Cirurgia Geral, Radiologia, Terapia Intensiva, Mastologia, Oncologia, Medicina Paliativa e Dor. Esses programas s\u00e3o aprovados pelo Minist\u00e9rio da Educa\u00e7\u00e3o e incentivam a continuidade da forma\u00e7\u00e3o dos egressos sob a base Camiliana.&nbsp;&nbsp;&nbsp;<\/p>\n\n\n\n<p>Mais informa\u00e7\u00f5es&nbsp;&nbsp;&nbsp;<\/p>\n\n\n\n<p>Para consultar o edital completo e obter mais detalhes, acesse: <a href=\"https:\/\/saocamilo-sp.br\/graduacao\/presencial\/medicina\/vestibular-medicina\" target=\"_blank\" rel=\"noreferrer noopener\">https:\/\/saocamilo-sp.br\/graduacao\/presencial\/medicina\/vestibular-medicina<\/a>&nbsp;<\/p>\n\n\n\n<p>Saiba Mais:<br><br><a href=\"https:\/\/blog.saocamilo-sp.br\/index.php\/2025\/02\/24\/geriatria-residentes-estados-unidos\/\">Internacional: residentes de geriatria vivenciam est\u00e1gio nos EUA<\/a><br><a href=\"https:\/\/blog.saocamilo-sp.br\/index.php\/2024\/10\/07\/e-book-gratuito-explica-sobre-os-desafios-de-ser-futuro-medico-e-auxilia-os-vestibulandos-na-hora-de-escolher-a-instituicao-de-ensino-para-estudar-medicina\/\">E-book gratuito: desafios de ser futuro m\u00e9dico e dicas para escolher a institui\u00e7\u00e3o de ensino em Medicina.<\/a><br><a href=\"https:\/\/blog.saocamilo-sp.br\/index.php\/2024\/11\/29\/alunos-da-sao-camilo-analisam-lesoes-por-arma-de-fogo-na-medicina-forense\/\">Alunos da S\u00e3o Camilo Analisam Les\u00f5es por Arma de Fogo na Medicina Forense<\/a><\/p>\n","protected":false},"excerpt":{"rendered":"<p>As inscri\u00e7\u00f5es para o vestibular de Medicina da S\u00e3o Camilo v\u00e3o at\u00e9 15 de maio de 2025. Saiba como participar!<\/p>\n","protected":false},"author":4,"featured_media":3488,"comment_status":"open","ping_status":"open","sticky":false,"template":"","format":"standard","meta":{"cybocfi_hide_featured_image":"","footnotes":""},"categories":[1,141,30,111,79,85],"tags":[180,72,12,17,18,16],"class_list":["post-3456","post","type-post","status-publish","format-standard","has-post-thumbnail","hentry","category-cursos","category-enem","category-medicina","category-pesquisas","category-saude","category-vestibular","tag-2025-2","tag-internacional","tag-medicina","tag-saude","tag-vestibular","tag-vida-universitaria"],"yoast_head":"<!-- This site is optimized with the Yoast SEO plugin v27.4 - https:\/\/yoast.com\/product\/yoast-seo-wordpress\/ -->\n<title>S\u00e3o Camilo abre inscri\u00e7\u00f5es para o Processo Seletivo 2025.2 do curso de Medicina\u00a0 - Blog S\u00e3o Camilo<\/title>\n<meta name=\"description\" content=\"As inscri\u00e7\u00f5es para o curso de Gradua\u00e7\u00e3o em Medicina do Centro Universit\u00e1rio S\u00e3o Camilo estar\u00e3o abertas de 7 de mar\u00e7o a 15 de maio de 2025.\" \/>\n<meta name=\"robots\" content=\"index, follow, max-snippet:-1, max-image-preview:large, max-video-preview:-1\" \/>\n<link rel=\"canonical\" href=\"https:\/\/blog.saocamilo-sp.br\/index.php\/2025\/03\/07\/inscricoes-medicina\/\" \/>\n<meta property=\"og:locale\" content=\"pt_BR\" \/>\n<meta property=\"og:type\" content=\"article\" \/>\n<meta property=\"og:title\" content=\"S\u00e3o Camilo abre inscri\u00e7\u00f5es para o Processo Seletivo 2025.2 do curso de Medicina\u00a0 - Blog S\u00e3o Camilo\" \/>\n<meta property=\"og:description\" content=\"As inscri\u00e7\u00f5es para o curso de Gradua\u00e7\u00e3o em Medicina do Centro Universit\u00e1rio S\u00e3o Camilo estar\u00e3o abertas de 7 de mar\u00e7o a 15 de maio de 2025.\" \/>\n<meta property=\"og:url\" content=\"https:\/\/blog.saocamilo-sp.br\/index.php\/2025\/03\/07\/inscricoes-medicina\/\" \/>\n<meta property=\"og:site_name\" content=\"Blog S\u00e3o Camilo\" \/>\n<meta property=\"article:publisher\" content=\"https:\/\/www.facebook.com\/saocamilosp\" \/>\n<meta property=\"article:published_time\" content=\"2025-03-07T13:46:54+00:00\" \/>\n<meta property=\"article:modified_time\" content=\"2025-04-04T13:26:43+00:00\" \/>\n<meta property=\"og:image\" content=\"https:\/\/blog.saocamilo-sp.br\/wp-content\/uploads\/2025\/03\/Vestibular-Medicina2025-2.png\" \/>\n\t<meta property=\"og:image:width\" content=\"600\" \/>\n\t<meta property=\"og:image:height\" content=\"435\" \/>\n\t<meta property=\"og:image:type\" content=\"image\/png\" \/>\n<meta name=\"author\" content=\"Lucas Soares Gon\u00e7alves\" \/>\n<meta name=\"twitter:card\" content=\"summary_large_image\" \/>\n<meta name=\"twitter:creator\" content=\"@saocamilosp\" \/>\n<meta name=\"twitter:site\" content=\"@saocamilosp\" \/>\n<meta name=\"twitter:label1\" content=\"Escrito por\" \/>\n\t<meta name=\"twitter:data1\" content=\"Lucas Soares Gon\u00e7alves\" \/>\n\t<meta name=\"twitter:label2\" content=\"Est. tempo de leitura\" \/>\n\t<meta name=\"twitter:data2\" content=\"3 minutos\" \/>\n<script type=\"application\/ld+json\" class=\"yoast-schema-graph\">{\"@context\":\"https:\\\/\\\/schema.org\",\"@graph\":[{\"@type\":\"Article\",\"@id\":\"https:\\\/\\\/blog.saocamilo-sp.br\\\/index.php\\\/2025\\\/03\\\/07\\\/inscricoes-medicina\\\/#article\",\"isPartOf\":{\"@id\":\"https:\\\/\\\/blog.saocamilo-sp.br\\\/index.php\\\/2025\\\/03\\\/07\\\/inscricoes-medicina\\\/\"},\"author\":{\"name\":\"Lucas Soares Gon\u00e7alves\",\"@id\":\"https:\\\/\\\/blog.saocamilo-sp.br\\\/#\\\/schema\\\/person\\\/781135418152912d4b58f2db13a2eaf0\"},\"headline\":\"S\u00e3o Camilo abre inscri\u00e7\u00f5es para o Processo Seletivo 2025.2 do curso de Medicina\u00a0\",\"datePublished\":\"2025-03-07T13:46:54+00:00\",\"dateModified\":\"2025-04-04T13:26:43+00:00\",\"mainEntityOfPage\":{\"@id\":\"https:\\\/\\\/blog.saocamilo-sp.br\\\/index.php\\\/2025\\\/03\\\/07\\\/inscricoes-medicina\\\/\"},\"wordCount\":611,\"commentCount\":0,\"publisher\":{\"@id\":\"https:\\\/\\\/blog.saocamilo-sp.br\\\/#organization\"},\"image\":{\"@id\":\"https:\\\/\\\/blog.saocamilo-sp.br\\\/index.php\\\/2025\\\/03\\\/07\\\/inscricoes-medicina\\\/#primaryimage\"},\"thumbnailUrl\":\"https:\\\/\\\/blog.saocamilo-sp.br\\\/wp-content\\\/uploads\\\/2025\\\/03\\\/Vestibular-Medicina2025-2.png\",\"keywords\":[\"\u00b42025\",\"internacional\",\"Medicina\",\"Sa\u00fade\",\"Vestibular\",\"Vida Universit\u00e1ria\"],\"articleSection\":[\"Cursos\",\"ENEM\",\"Medicina\",\"Pesquisas\",\"Sa\u00fade\",\"Vestibular\"],\"inLanguage\":\"pt-BR\",\"potentialAction\":[{\"@type\":\"CommentAction\",\"name\":\"Comment\",\"target\":[\"https:\\\/\\\/blog.saocamilo-sp.br\\\/index.php\\\/2025\\\/03\\\/07\\\/inscricoes-medicina\\\/#respond\"]}]},{\"@type\":\"WebPage\",\"@id\":\"https:\\\/\\\/blog.saocamilo-sp.br\\\/index.php\\\/2025\\\/03\\\/07\\\/inscricoes-medicina\\\/\",\"url\":\"https:\\\/\\\/blog.saocamilo-sp.br\\\/index.php\\\/2025\\\/03\\\/07\\\/inscricoes-medicina\\\/\",\"name\":\"S\u00e3o Camilo abre inscri\u00e7\u00f5es para o Processo Seletivo 2025.2 do curso de Medicina\u00a0 - Blog S\u00e3o Camilo\",\"isPartOf\":{\"@id\":\"https:\\\/\\\/blog.saocamilo-sp.br\\\/#website\"},\"primaryImageOfPage\":{\"@id\":\"https:\\\/\\\/blog.saocamilo-sp.br\\\/index.php\\\/2025\\\/03\\\/07\\\/inscricoes-medicina\\\/#primaryimage\"},\"image\":{\"@id\":\"https:\\\/\\\/blog.saocamilo-sp.br\\\/index.php\\\/2025\\\/03\\\/07\\\/inscricoes-medicina\\\/#primaryimage\"},\"thumbnailUrl\":\"https:\\\/\\\/blog.saocamilo-sp.br\\\/wp-content\\\/uploads\\\/2025\\\/03\\\/Vestibular-Medicina2025-2.png\",\"datePublished\":\"2025-03-07T13:46:54+00:00\",\"dateModified\":\"2025-04-04T13:26:43+00:00\",\"description\":\"As inscri\u00e7\u00f5es para o curso de Gradua\u00e7\u00e3o em Medicina do Centro Universit\u00e1rio S\u00e3o Camilo estar\u00e3o abertas de 7 de mar\u00e7o a 15 de maio de 2025.\",\"breadcrumb\":{\"@id\":\"https:\\\/\\\/blog.saocamilo-sp.br\\\/index.php\\\/2025\\\/03\\\/07\\\/inscricoes-medicina\\\/#breadcrumb\"},\"inLanguage\":\"pt-BR\",\"potentialAction\":[{\"@type\":\"ReadAction\",\"target\":[\"https:\\\/\\\/blog.saocamilo-sp.br\\\/index.php\\\/2025\\\/03\\\/07\\\/inscricoes-medicina\\\/\"]}]},{\"@type\":\"ImageObject\",\"inLanguage\":\"pt-BR\",\"@id\":\"https:\\\/\\\/blog.saocamilo-sp.br\\\/index.php\\\/2025\\\/03\\\/07\\\/inscricoes-medicina\\\/#primaryimage\",\"url\":\"https:\\\/\\\/blog.saocamilo-sp.br\\\/wp-content\\\/uploads\\\/2025\\\/03\\\/Vestibular-Medicina2025-2.png\",\"contentUrl\":\"https:\\\/\\\/blog.saocamilo-sp.br\\\/wp-content\\\/uploads\\\/2025\\\/03\\\/Vestibular-Medicina2025-2.png\",\"width\":600,\"height\":435,\"caption\":\"Vestibular Medicina 2025-2\"},{\"@type\":\"BreadcrumbList\",\"@id\":\"https:\\\/\\\/blog.saocamilo-sp.br\\\/index.php\\\/2025\\\/03\\\/07\\\/inscricoes-medicina\\\/#breadcrumb\",\"itemListElement\":[{\"@type\":\"ListItem\",\"position\":1,\"name\":\"In\u00edcio\",\"item\":\"https:\\\/\\\/blog.saocamilo-sp.br\\\/\"},{\"@type\":\"ListItem\",\"position\":2,\"name\":\"S\u00e3o Camilo abre inscri\u00e7\u00f5es para o Processo Seletivo 2025.2 do curso de Medicina\u00a0\"}]},{\"@type\":\"WebSite\",\"@id\":\"https:\\\/\\\/blog.saocamilo-sp.br\\\/#website\",\"url\":\"https:\\\/\\\/blog.saocamilo-sp.br\\\/\",\"name\":\"Blog S\u00e3o Camilo\",\"description\":\"Blog do Centro Universit\u00e1rio S\u00e3o Camilo\",\"publisher\":{\"@id\":\"https:\\\/\\\/blog.saocamilo-sp.br\\\/#organization\"},\"potentialAction\":[{\"@type\":\"SearchAction\",\"target\":{\"@type\":\"EntryPoint\",\"urlTemplate\":\"https:\\\/\\\/blog.saocamilo-sp.br\\\/?s={search_term_string}\"},\"query-input\":{\"@type\":\"PropertyValueSpecification\",\"valueRequired\":true,\"valueName\":\"search_term_string\"}}],\"inLanguage\":\"pt-BR\"},{\"@type\":\"Organization\",\"@id\":\"https:\\\/\\\/blog.saocamilo-sp.br\\\/#organization\",\"name\":\"Blog S\u00e3o Camilo\",\"url\":\"https:\\\/\\\/blog.saocamilo-sp.br\\\/\",\"logo\":{\"@type\":\"ImageObject\",\"inLanguage\":\"pt-BR\",\"@id\":\"https:\\\/\\\/blog.saocamilo-sp.br\\\/#\\\/schema\\\/logo\\\/image\\\/\",\"url\":\"https:\\\/\\\/blog.saocamilo-sp.br\\\/wp-content\\\/uploads\\\/2021\\\/12\\\/cropped-vazio-logo-topo.png\",\"contentUrl\":\"https:\\\/\\\/blog.saocamilo-sp.br\\\/wp-content\\\/uploads\\\/2021\\\/12\\\/cropped-vazio-logo-topo.png\",\"width\":320,\"height\":240,\"caption\":\"Blog S\u00e3o Camilo\"},\"image\":{\"@id\":\"https:\\\/\\\/blog.saocamilo-sp.br\\\/#\\\/schema\\\/logo\\\/image\\\/\"},\"sameAs\":[\"https:\\\/\\\/www.facebook.com\\\/saocamilosp\",\"https:\\\/\\\/x.com\\\/saocamilosp\",\"https:\\\/\\\/www.linkedin.com\\\/school\\\/centro-universit-rio-s-o-camilo\\\/\"]},{\"@type\":\"Person\",\"@id\":\"https:\\\/\\\/blog.saocamilo-sp.br\\\/#\\\/schema\\\/person\\\/781135418152912d4b58f2db13a2eaf0\",\"name\":\"Lucas Soares Gon\u00e7alves\",\"image\":{\"@type\":\"ImageObject\",\"inLanguage\":\"pt-BR\",\"@id\":\"https:\\\/\\\/secure.gravatar.com\\\/avatar\\\/bcd2d703cbb48116eaac2cac8643792535238ff30b2d7ce9e16f9254ec9cae83?s=96&d=mm&r=g\",\"url\":\"https:\\\/\\\/secure.gravatar.com\\\/avatar\\\/bcd2d703cbb48116eaac2cac8643792535238ff30b2d7ce9e16f9254ec9cae83?s=96&d=mm&r=g\",\"contentUrl\":\"https:\\\/\\\/secure.gravatar.com\\\/avatar\\\/bcd2d703cbb48116eaac2cac8643792535238ff30b2d7ce9e16f9254ec9cae83?s=96&d=mm&r=g\",\"caption\":\"Lucas Soares Gon\u00e7alves\"},\"url\":\"https:\\\/\\\/blog.saocamilo-sp.br\\\/index.php\\\/author\\\/lucas-soares-goncalves\\\/\"}]}<\/script>\n<!-- \/ Yoast SEO plugin. -->","yoast_head_json":{"title":"S\u00e3o Camilo abre inscri\u00e7\u00f5es para o Processo Seletivo 2025.2 do curso de Medicina\u00a0 - Blog S\u00e3o Camilo","description":"As inscri\u00e7\u00f5es para o curso de Gradua\u00e7\u00e3o em Medicina do Centro Universit\u00e1rio S\u00e3o Camilo estar\u00e3o abertas de 7 de mar\u00e7o a 15 de maio de 2025.","robots":{"index":"index","follow":"follow","max-snippet":"max-snippet:-1","max-image-preview":"max-image-preview:large","max-video-preview":"max-video-preview:-1"},"canonical":"https:\/\/blog.saocamilo-sp.br\/index.php\/2025\/03\/07\/inscricoes-medicina\/","og_locale":"pt_BR","og_type":"article","og_title":"S\u00e3o Camilo abre inscri\u00e7\u00f5es para o Processo Seletivo 2025.2 do curso de Medicina\u00a0 - Blog S\u00e3o Camilo","og_description":"As inscri\u00e7\u00f5es para o curso de Gradua\u00e7\u00e3o em Medicina do Centro Universit\u00e1rio S\u00e3o Camilo estar\u00e3o abertas de 7 de mar\u00e7o a 15 de maio de 2025.","og_url":"https:\/\/blog.saocamilo-sp.br\/index.php\/2025\/03\/07\/inscricoes-medicina\/","og_site_name":"Blog S\u00e3o Camilo","article_publisher":"https:\/\/www.facebook.com\/saocamilosp","article_published_time":"2025-03-07T13:46:54+00:00","article_modified_time":"2025-04-04T13:26:43+00:00","og_image":[{"width":600,"height":435,"url":"https:\/\/blog.saocamilo-sp.br\/wp-content\/uploads\/2025\/03\/Vestibular-Medicina2025-2.png","type":"image\/png"}],"author":"Lucas Soares Gon\u00e7alves","twitter_card":"summary_large_image","twitter_creator":"@saocamilosp","twitter_site":"@saocamilosp","twitter_misc":{"Escrito por":"Lucas Soares Gon\u00e7alves","Est. tempo de leitura":"3 minutos"},"schema":{"@context":"https:\/\/schema.org","@graph":[{"@type":"Article","@id":"https:\/\/blog.saocamilo-sp.br\/index.php\/2025\/03\/07\/inscricoes-medicina\/#article","isPartOf":{"@id":"https:\/\/blog.saocamilo-sp.br\/index.php\/2025\/03\/07\/inscricoes-medicina\/"},"author":{"name":"Lucas Soares Gon\u00e7alves","@id":"https:\/\/blog.saocamilo-sp.br\/#\/schema\/person\/781135418152912d4b58f2db13a2eaf0"},"headline":"S\u00e3o Camilo abre inscri\u00e7\u00f5es para o Processo Seletivo 2025.2 do curso de Medicina\u00a0","datePublished":"2025-03-07T13:46:54+00:00","dateModified":"2025-04-04T13:26:43+00:00","mainEntityOfPage":{"@id":"https:\/\/blog.saocamilo-sp.br\/index.php\/2025\/03\/07\/inscricoes-medicina\/"},"wordCount":611,"commentCount":0,"publisher":{"@id":"https:\/\/blog.saocamilo-sp.br\/#organization"},"image":{"@id":"https:\/\/blog.saocamilo-sp.br\/index.php\/2025\/03\/07\/inscricoes-medicina\/#primaryimage"},"thumbnailUrl":"https:\/\/blog.saocamilo-sp.br\/wp-content\/uploads\/2025\/03\/Vestibular-Medicina2025-2.png","keywords":["\u00b42025","internacional","Medicina","Sa\u00fade","Vestibular","Vida Universit\u00e1ria"],"articleSection":["Cursos","ENEM","Medicina","Pesquisas","Sa\u00fade","Vestibular"],"inLanguage":"pt-BR","potentialAction":[{"@type":"CommentAction","name":"Comment","target":["https:\/\/blog.saocamilo-sp.br\/index.php\/2025\/03\/07\/inscricoes-medicina\/#respond"]}]},{"@type":"WebPage","@id":"https:\/\/blog.saocamilo-sp.br\/index.php\/2025\/03\/07\/inscricoes-medicina\/","url":"https:\/\/blog.saocamilo-sp.br\/index.php\/2025\/03\/07\/inscricoes-medicina\/","name":"S\u00e3o Camilo abre inscri\u00e7\u00f5es para o Processo Seletivo 2025.2 do curso de Medicina\u00a0 - Blog S\u00e3o Camilo","isPartOf":{"@id":"https:\/\/blog.saocamilo-sp.br\/#website"},"primaryImageOfPage":{"@id":"https:\/\/blog.saocamilo-sp.br\/index.php\/2025\/03\/07\/inscricoes-medicina\/#primaryimage"},"image":{"@id":"https:\/\/blog.saocamilo-sp.br\/index.php\/2025\/03\/07\/inscricoes-medicina\/#primaryimage"},"thumbnailUrl":"https:\/\/blog.saocamilo-sp.br\/wp-content\/uploads\/2025\/03\/Vestibular-Medicina2025-2.png","datePublished":"2025-03-07T13:46:54+00:00","dateModified":"2025-04-04T13:26:43+00:00","description":"As inscri\u00e7\u00f5es para o curso de Gradua\u00e7\u00e3o em Medicina do Centro Universit\u00e1rio S\u00e3o Camilo estar\u00e3o abertas de 7 de mar\u00e7o a 15 de maio de 2025.","breadcrumb":{"@id":"https:\/\/blog.saocamilo-sp.br\/index.php\/2025\/03\/07\/inscricoes-medicina\/#breadcrumb"},"inLanguage":"pt-BR","potentialAction":[{"@type":"ReadAction","target":["https:\/\/blog.saocamilo-sp.br\/index.php\/2025\/03\/07\/inscricoes-medicina\/"]}]},{"@type":"ImageObject","inLanguage":"pt-BR","@id":"https:\/\/blog.saocamilo-sp.br\/index.php\/2025\/03\/07\/inscricoes-medicina\/#primaryimage","url":"https:\/\/blog.saocamilo-sp.br\/wp-content\/uploads\/2025\/03\/Vestibular-Medicina2025-2.png","contentUrl":"https:\/\/blog.saocamilo-sp.br\/wp-content\/uploads\/2025\/03\/Vestibular-Medicina2025-2.png","width":600,"height":435,"caption":"Vestibular Medicina 2025-2"},{"@type":"BreadcrumbList","@id":"https:\/\/blog.saocamilo-sp.br\/index.php\/2025\/03\/07\/inscricoes-medicina\/#breadcrumb","itemListElement":[{"@type":"ListItem","position":1,"name":"In\u00edcio","item":"https:\/\/blog.saocamilo-sp.br\/"},{"@type":"ListItem","position":2,"name":"S\u00e3o Camilo abre inscri\u00e7\u00f5es para o Processo Seletivo 2025.2 do curso de Medicina\u00a0"}]},{"@type":"WebSite","@id":"https:\/\/blog.saocamilo-sp.br\/#website","url":"https:\/\/blog.saocamilo-sp.br\/","name":"Blog S\u00e3o Camilo","description":"Blog do Centro Universit\u00e1rio S\u00e3o Camilo","publisher":{"@id":"https:\/\/blog.saocamilo-sp.br\/#organization"},"potentialAction":[{"@type":"SearchAction","target":{"@type":"EntryPoint","urlTemplate":"https:\/\/blog.saocamilo-sp.br\/?s={search_term_string}"},"query-input":{"@type":"PropertyValueSpecification","valueRequired":true,"valueName":"search_term_string"}}],"inLanguage":"pt-BR"},{"@type":"Organization","@id":"https:\/\/blog.saocamilo-sp.br\/#organization","name":"Blog S\u00e3o Camilo","url":"https:\/\/blog.saocamilo-sp.br\/","logo":{"@type":"ImageObject","inLanguage":"pt-BR","@id":"https:\/\/blog.saocamilo-sp.br\/#\/schema\/logo\/image\/","url":"https:\/\/blog.saocamilo-sp.br\/wp-content\/uploads\/2021\/12\/cropped-vazio-logo-topo.png","contentUrl":"https:\/\/blog.saocamilo-sp.br\/wp-content\/uploads\/2021\/12\/cropped-vazio-logo-topo.png","width":320,"height":240,"caption":"Blog S\u00e3o Camilo"},"image":{"@id":"https:\/\/blog.saocamilo-sp.br\/#\/schema\/logo\/image\/"},"sameAs":["https:\/\/www.facebook.com\/saocamilosp","https:\/\/x.com\/saocamilosp","https:\/\/www.linkedin.com\/school\/centro-universit-rio-s-o-camilo\/"]},{"@type":"Person","@id":"https:\/\/blog.saocamilo-sp.br\/#\/schema\/person\/781135418152912d4b58f2db13a2eaf0","name":"Lucas Soares Gon\u00e7alves","image":{"@type":"ImageObject","inLanguage":"pt-BR","@id":"https:\/\/secure.gravatar.com\/avatar\/bcd2d703cbb48116eaac2cac8643792535238ff30b2d7ce9e16f9254ec9cae83?s=96&d=mm&r=g","url":"https:\/\/secure.gravatar.com\/avatar\/bcd2d703cbb48116eaac2cac8643792535238ff30b2d7ce9e16f9254ec9cae83?s=96&d=mm&r=g","contentUrl":"https:\/\/secure.gravatar.com\/avatar\/bcd2d703cbb48116eaac2cac8643792535238ff30b2d7ce9e16f9254ec9cae83?s=96&d=mm&r=g","caption":"Lucas Soares Gon\u00e7alves"},"url":"https:\/\/blog.saocamilo-sp.br\/index.php\/author\/lucas-soares-goncalves\/"}]}},"_links":{"self":[{"href":"https:\/\/blog.saocamilo-sp.br\/index.php\/wp-json\/wp\/v2\/posts\/3456","targetHints":{"allow":["GET"]}}],"collection":[{"href":"https:\/\/blog.saocamilo-sp.br\/index.php\/wp-json\/wp\/v2\/posts"}],"about":[{"href":"https:\/\/blog.saocamilo-sp.br\/index.php\/wp-json\/wp\/v2\/types\/post"}],"author":[{"embeddable":true,"href":"https:\/\/blog.saocamilo-sp.br\/index.php\/wp-json\/wp\/v2\/users\/4"}],"replies":[{"embeddable":true,"href":"https:\/\/blog.saocamilo-sp.br\/index.php\/wp-json\/wp\/v2\/comments?post=3456"}],"version-history":[{"count":4,"href":"https:\/\/blog.saocamilo-sp.br\/index.php\/wp-json\/wp\/v2\/posts\/3456\/revisions"}],"predecessor-version":[{"id":3496,"href":"https:\/\/blog.saocamilo-sp.br\/index.php\/wp-json\/wp\/v2\/posts\/3456\/revisions\/3496"}],"wp:featuredmedia":[{"embeddable":true,"href":"https:\/\/blog.saocamilo-sp.br\/index.php\/wp-json\/wp\/v2\/media\/3488"}],"wp:attachment":[{"href":"https:\/\/blog.saocamilo-sp.br\/index.php\/wp-json\/wp\/v2\/media?parent=3456"}],"wp:term":[{"taxonomy":"category","embeddable":true,"href":"https:\/\/blog.saocamilo-sp.br\/index.php\/wp-json\/wp\/v2\/categories?post=3456"},{"taxonomy":"post_tag","embeddable":true,"href":"https:\/\/blog.saocamilo-sp.br\/index.php\/wp-json\/wp\/v2\/tags?post=3456"}],"curies":[{"name":"wp","href":"https:\/\/api.w.org\/{rel}","templated":true}]}}