{"id":3468,"date":"2025-04-09T09:15:04","date_gmt":"2025-04-09T12:15:04","guid":{"rendered":"https:\/\/blog.saocamilo-sp.br\/?p=3468"},"modified":"2026-04-10T12:01:15","modified_gmt":"2026-04-10T15:01:15","slug":"venha-conhecer-a-clinica-escola-promove-no-ipiranga","status":"publish","type":"post","link":"https:\/\/blog.saocamilo-sp.br\/index.php\/2025\/04\/09\/venha-conhecer-a-clinica-escola-promove-no-ipiranga\/","title":{"rendered":"Cl\u00ednica-escola PROMOVE oferece servi\u00e7os gratuitos \u00e0 popula\u00e7\u00e3o"},"content":{"rendered":"\n<p>Inaugurada em 2002, a <a href=\"https:\/\/saocamilo-sp.br\/institucional\/servicos_comunidade\/clnica_escola_promove\"><strong>Cl\u00ednica-Escola PROMOVE<\/strong><\/a>, do Centro Universit\u00e1rio S\u00e3o Camilo, oferece uma ampla gama de servi\u00e7os gratuitos para a comunidade. Tendo por objetivo a promo\u00e7\u00e3o da qualidade de vida e do bem-estar do pacientes o espa\u00e7o, localizado no bairro do Ipiranga, realiza atendimentos especializados em diversas \u00e1reas da sa\u00fade.<\/p>\n\n\n\n<p>Confira os servi\u00e7os dispon\u00edveis e agende seu atendimento:<\/p>\n\n\n\n<h3 class=\"wp-block-heading\"><strong>Farm\u00e1cia<\/strong> Cl\u00ednica<\/h3>\n\n\n\n<p>O servi\u00e7o tem o intuito de acompanhar e orientar o uso racional de medicamentos. Nesse servi\u00e7o, pacientes recebem informa\u00e7\u00f5es importantes para garantir a m\u00e1xima a\u00e7\u00e3o ben\u00e9fica do medicamento, al\u00e9m de orienta\u00e7\u00f5es sobre efeitos colaterais, rea\u00e7\u00f5es adversas, intera\u00e7\u00f5es medicamentosas e de medicamentos com alimentos. S\u00e3o esclarecidas in\u00fameras d\u00favidas n\u00e3o apenas sobre o uso dos medicamentos, mas tamb\u00e9m sobre o uso de ch\u00e1s medicinais, fitoter\u00e1picos entre outros.<br><br>Obs.: N\u00e3o \u00e9 realizado servi\u00e7o de fornecimento de medica\u00e7\u00f5es, apenas consultas.<\/p>\n\n\n<div class=\"wp-block-image\">\n<figure class=\"aligncenter size-large is-resized\"><img loading=\"lazy\" decoding=\"async\" width=\"1024\" height=\"681\" src=\"https:\/\/blog.saocamilo-sp.br\/wp-content\/uploads\/2025\/03\/Captura-de-tela-2025-03-18-155141-1024x681.png\" alt=\"\" class=\"wp-image-3475\" style=\"width:530px;height:auto\" srcset=\"https:\/\/blog.saocamilo-sp.br\/wp-content\/uploads\/2025\/03\/Captura-de-tela-2025-03-18-155141-1024x681.png 1024w, https:\/\/blog.saocamilo-sp.br\/wp-content\/uploads\/2025\/03\/Captura-de-tela-2025-03-18-155141-300x200.png 300w, https:\/\/blog.saocamilo-sp.br\/wp-content\/uploads\/2025\/03\/Captura-de-tela-2025-03-18-155141-768x511.png 768w, https:\/\/blog.saocamilo-sp.br\/wp-content\/uploads\/2025\/03\/Captura-de-tela-2025-03-18-155141-600x399.png 600w, https:\/\/blog.saocamilo-sp.br\/wp-content\/uploads\/2025\/03\/Captura-de-tela-2025-03-18-155141-945x629.png 945w, https:\/\/blog.saocamilo-sp.br\/wp-content\/uploads\/2025\/03\/Captura-de-tela-2025-03-18-155141.png 1219w\" sizes=\"auto, (max-width: 1024px) 100vw, 1024px\" \/><\/figure>\n<\/div>\n\n\n<h3 class=\"wp-block-heading\"><strong>Reabilita\u00e7\u00e3o Cardio<\/strong>pulmonar<\/h3>\n\n\n\n<p>Na \u00e1rea de Fisioterapia da cl\u00ednica-escola Proomve, o setor de Reabilita\u00e7\u00e3o Cardiopulmonar \u00e9 dedicado ao cuidado integral de pacientes com doen\u00e7as card\u00edacas e respirat\u00f3rias, al\u00e9m daqueles que est\u00e3o no per\u00edodo pr\u00e9 ou p\u00f3s-operat\u00f3rio de cirurgias tor\u00e1cicas, card\u00edacas e abdominais. Dessa forma a cl\u00ednica oferece suporte para a recupera\u00e7\u00e3o funcional, al\u00edvio de sintomas e melhora da qualidade de vida, sempre com foco na seguran\u00e7a e no bem-estar de cada paciente com acompanhamento especializado e planos de tratamento personalizados. Confira as \u00e1reas de atendimento:<\/p>\n\n\n\n<ul class=\"wp-block-list\">\n<li><strong>Reabilita\u00e7\u00e3o Card\u00edaca<\/strong> \u2013 Programa direcionado para pessoas que apresentam doen\u00e7as cardiovasculares e fatores de risco como: infarto agudo do mioc\u00e1rdio, insufici\u00eancia card\u00edaca, doen\u00e7a arterial coronariana, hipertens\u00e3o arterial e sedentarismo.<\/li>\n\n\n\n<li><strong>Reabilita\u00e7\u00e3o Pulmonar<\/strong> \u2013 Direcionada para indiv\u00edduos com DPOC, asma, fibrose pulmonar, bronquiectasia, P\u00f3s-COVID.<\/li>\n\n\n\n<li> <strong>Pr\u00e9 e P\u00f3s-Operat\u00f3rio<\/strong> \u2013 Direcionado para cirurgias card\u00edacas, tor\u00e1cicas e abdominais, assim como transplantes.<\/li>\n<\/ul>\n\n\n\n<h3 class=\"wp-block-heading\"><strong>Atendimento de Enfermagem<\/strong><\/h3>\n\n\n\n<p>Assist\u00eancia de <strong>emerg\u00eancia gratuita<\/strong> para a popula\u00e7\u00e3o.<\/p>\n\n\n\n<h3 class=\"wp-block-heading\"><strong>Nutri\u00e7\u00e3o Esportiva<\/strong><\/h3>\n\n\n\n<p>Atendimentos na \u00e1rea da Sa\u00fade do Esporte, relacionados \u00e0 <strong>alimenta\u00e7\u00e3o e desempenho f\u00edsico<\/strong>.<\/p>\n\n\n<div class=\"wp-block-image\">\n<figure class=\"aligncenter size-large is-resized\"><img loading=\"lazy\" decoding=\"async\" width=\"1024\" height=\"682\" src=\"https:\/\/blog.saocamilo-sp.br\/wp-content\/uploads\/2025\/03\/Captura-de-tela-2025-03-18-155430-1024x682.png\" alt=\"\" class=\"wp-image-3476\" style=\"width:616px;height:auto\" srcset=\"https:\/\/blog.saocamilo-sp.br\/wp-content\/uploads\/2025\/03\/Captura-de-tela-2025-03-18-155430-1024x682.png 1024w, https:\/\/blog.saocamilo-sp.br\/wp-content\/uploads\/2025\/03\/Captura-de-tela-2025-03-18-155430-300x200.png 300w, https:\/\/blog.saocamilo-sp.br\/wp-content\/uploads\/2025\/03\/Captura-de-tela-2025-03-18-155430-768x512.png 768w, https:\/\/blog.saocamilo-sp.br\/wp-content\/uploads\/2025\/03\/Captura-de-tela-2025-03-18-155430-600x400.png 600w, https:\/\/blog.saocamilo-sp.br\/wp-content\/uploads\/2025\/03\/Captura-de-tela-2025-03-18-155430-945x629.png 945w, https:\/\/blog.saocamilo-sp.br\/wp-content\/uploads\/2025\/03\/Captura-de-tela-2025-03-18-155430.png 1216w\" sizes=\"auto, (max-width: 1024px) 100vw, 1024px\" \/><\/figure>\n<\/div>\n\n\n<h3 class=\"wp-block-heading\"><strong>Pesquisa em Nutri\u00e7\u00e3o<\/strong><\/h3>\n\n\n\n<p>Estudo nutricional com crian\u00e7as de 7 a 15 anos que possuem obesidade, sem altera\u00e7\u00f5es cognitivas ou dificuldades de comunica\u00e7\u00e3o,<\/p>\n\n\n<div class=\"wp-block-image\">\n<figure class=\"aligncenter size-large is-resized\"><img loading=\"lazy\" decoding=\"async\" width=\"1024\" height=\"686\" src=\"https:\/\/blog.saocamilo-sp.br\/wp-content\/uploads\/2025\/03\/Captura-de-tela-2025-03-18-145020-1024x686.png\" alt=\"\" class=\"wp-image-3474\" style=\"width:557px;height:auto\" srcset=\"https:\/\/blog.saocamilo-sp.br\/wp-content\/uploads\/2025\/03\/Captura-de-tela-2025-03-18-145020-1024x686.png 1024w, https:\/\/blog.saocamilo-sp.br\/wp-content\/uploads\/2025\/03\/Captura-de-tela-2025-03-18-145020-300x201.png 300w, https:\/\/blog.saocamilo-sp.br\/wp-content\/uploads\/2025\/03\/Captura-de-tela-2025-03-18-145020-768x515.png 768w, https:\/\/blog.saocamilo-sp.br\/wp-content\/uploads\/2025\/03\/Captura-de-tela-2025-03-18-145020-600x402.png 600w, https:\/\/blog.saocamilo-sp.br\/wp-content\/uploads\/2025\/03\/Captura-de-tela-2025-03-18-145020-945x633.png 945w, https:\/\/blog.saocamilo-sp.br\/wp-content\/uploads\/2025\/03\/Captura-de-tela-2025-03-18-145020.png 1212w\" sizes=\"auto, (max-width: 1024px) 100vw, 1024px\" \/><\/figure>\n<\/div>\n\n\n<h3 class=\"wp-block-heading\"><strong>Pediatria e Puericultura<\/strong><\/h3>\n\n\n\n<p><strong>Puericultura<\/strong>: Atendimento especializado para beb\u00eas de 0 a 4 anos<br><strong>Pediatria<\/strong>: Crian\u00e7as de 2 a 8 anos, 11 meses e 29 dias<\/p>\n\n\n\n<h3 class=\"wp-block-heading\">Fisioterapia <strong>Dermatofuncional<\/strong><\/h3>\n\n\n\n<p>Na Cl\u00ednica de Fisioterapia, tamb\u00e9m oferecemos atendimento especializado para pacientes em reabilita\u00e7\u00e3o est\u00e9tica, vascular e oncol\u00f3gica, com foco no al\u00edvio de sintomas, recupera\u00e7\u00e3o funcional e melhora da qualidade de vida. O setor trata de:<\/p>\n\n\n\n<ul class=\"wp-block-list\">\n<li>Lipedemas e adiposidades dolorosas.<\/li>\n\n\n\n<li>Queimados: fisioterapia ambulatorial em indiv\u00edduos com sequelas de queimaduras.<\/li>\n\n\n\n<li>Pr\u00e9 e P\u00f3s-operat\u00f3rios de Cirurgias Pl\u00e1sticas, Reparadoras e Est\u00e9ticas.<\/li>\n\n\n\n<li>Mastectomizadas (P\u00f3s-operat\u00f3rio de CA de Mama).<\/li>\n\n\n\n<li>P\u00f3s-operat\u00f3rio de Cabe\u00e7a e Pesco\u00e7o.<\/li>\n\n\n\n<li>Dist\u00farbios\/Doen\u00e7as venosas cr\u00f4nicas.<\/li>\n<\/ul>\n\n\n\n<h3 class=\"wp-block-heading\"><strong>Pesquisa sobre Sarcopenia<\/strong><\/h3>\n\n\n\n<p>Servi\u00e7o voltado para pessoas com mais de 65 anos que apresentam sintomas como pernas fracas, tontura, cansa\u00e7o ao se movimentar, dificuldade para subir escadas, levantar-se de cadeiras ou medo de cair.<\/p>\n\n\n\n<p>A pesquisa busca oferecer apoio a indiv\u00edduos com <strong>sarcopenia<\/strong> \u2014 condi\u00e7\u00e3o que compromete a for\u00e7a e a mobilidade muscular com o objetivo de promover melhorias na sa\u00fade, autonomia e qualidade de vida.<\/p>\n\n\n\n<h3 class=\"wp-block-heading\"><br>Avalia\u00e7\u00e3o Neuropsicol\u00f3gica<\/h3>\n\n\n\n<p>Voltado para adolescentes com mais de 16 anos, adultos e idosos que possuem dificuldades de mem\u00f3ria, aten\u00e7\u00e3o ou aprendizagem.<\/p>\n\n\n\n<h3 class=\"wp-block-heading\">Ambulat\u00f3rio de Perdas e Luto<\/h3>\n\n\n\n<p>Criado para oferecer acolhimento especializado em sa\u00fade emocional, o Laborat\u00f3rio do Luto da Cl\u00ednica-Escola PROMOVE S\u00e3o Camilo foi desenvolvido para apoiar pessoas que enfrentam processos de perda, morte e luto. <br><br>O servi\u00e7o \u00e9 gratuito e destinado a adolescentes, adultos e idosos que precisam de acompanhamento profissional para compreender, elaborar e atravessar momentos de profunda fragilidade emocional. <br><br>Com atendimento psicol\u00f3gico qualificado, o Laborat\u00f3rio do Luto proporciona um espa\u00e7o seguro de escuta, cuidado e reconstru\u00e7\u00e3o, refor\u00e7ando o compromisso da S\u00e3o Camilo com a promo\u00e7\u00e3o da sa\u00fade integral.<\/p>\n\n\n\n<h3 class=\"wp-block-heading\">Ambulat\u00f3rio de Infectologia<\/h3>\n\n\n\n<p>Atendimento gratuito e especializado para diversas <strong>doen\u00e7as infecciosas<\/strong>, incluindo:<\/p>\n\n\n\n<ul class=\"wp-block-list\">\n<li>HIV\/AIDS<\/li>\n\n\n\n<li>Tuberculose<\/li>\n\n\n\n<li>Hepatites A, B e C<\/li>\n\n\n\n<li>Dengue, Zika e Chikungunya<\/li>\n\n\n\n<li>Infec\u00e7\u00f5es urin\u00e1rias<\/li>\n\n\n\n<li>Coqueluche, leptospirose e muito mais!<\/li>\n<\/ul>\n\n\n\n<h3 class=\"wp-block-heading\">Atendimento Psciol\u00f3gico<\/h3>\n\n\n\n<p>Assim, nosso atendimento de psicologia \u00e9 voltado para pessoas que possuem encaminhamentos de sa\u00fade mental, como atendimentos infantil, adolescente e adulto.<\/p>\n\n\n<div class=\"wp-block-image\">\n<figure class=\"aligncenter size-large is-resized\"><img loading=\"lazy\" decoding=\"async\" width=\"1024\" height=\"685\" src=\"https:\/\/blog.saocamilo-sp.br\/wp-content\/uploads\/2025\/03\/Captura-de-tela-2025-03-18-161057-1024x685.png\" alt=\"\" class=\"wp-image-3477\" style=\"width:502px;height:auto\" srcset=\"https:\/\/blog.saocamilo-sp.br\/wp-content\/uploads\/2025\/03\/Captura-de-tela-2025-03-18-161057-1024x685.png 1024w, https:\/\/blog.saocamilo-sp.br\/wp-content\/uploads\/2025\/03\/Captura-de-tela-2025-03-18-161057-300x201.png 300w, https:\/\/blog.saocamilo-sp.br\/wp-content\/uploads\/2025\/03\/Captura-de-tela-2025-03-18-161057-768x514.png 768w, https:\/\/blog.saocamilo-sp.br\/wp-content\/uploads\/2025\/03\/Captura-de-tela-2025-03-18-161057-600x401.png 600w, https:\/\/blog.saocamilo-sp.br\/wp-content\/uploads\/2025\/03\/Captura-de-tela-2025-03-18-161057-945x632.png 945w, https:\/\/blog.saocamilo-sp.br\/wp-content\/uploads\/2025\/03\/Captura-de-tela-2025-03-18-161057.png 1212w\" sizes=\"auto, (max-width: 1024px) 100vw, 1024px\" \/><\/figure>\n<\/div>\n\n\n<h3 class=\"wp-block-heading\"><strong>Fisioterapia Uroginecofuncional e para Gestantes e Pu\u00e9rperas<\/strong><\/h3>\n\n\n\n<p>Oferecemos suporte especializado para gestantes de risco habitual (a partir de 20 semanas), com foco em:<\/p>\n\n\n\n<ul class=\"wp-block-list\">\n<li>Preparo do per\u00edneo para o parto normal<\/li>\n\n\n\n<li>Disfun\u00e7\u00f5es musculoesquel\u00e9ticas<\/li>\n\n\n\n<li>Incontin\u00eancia urin\u00e1ria e fecal<\/li>\n\n\n\n<li>Amamenta\u00e7\u00e3o<\/li>\n<\/ul>\n\n\n\n<p>No p\u00f3s-parto (40 dias a 1 ano):<\/p>\n\n\n\n<ul class=\"wp-block-list\">\n<li>Tratamento da di\u00e1stase abdominal<\/li>\n\n\n\n<li>Disfun\u00e7\u00f5es do assoalho p\u00e9lvico<\/li>\n\n\n\n<li>Dores na rela\u00e7\u00e3o sexual<\/li>\n<\/ul>\n\n\n\n<p>Importante: \u00c9 necess\u00e1rio apresentar encaminhamento m\u00e9dico informando a idade gestacional e a classifica\u00e7\u00e3o como gesta\u00e7\u00e3o de risco habitual.<\/p>\n\n\n\n<h2 class=\"wp-block-heading\">Atendimento em infectologia com especialistas<\/h2>\n\n\n\n<p>O ambulat\u00f3rio de infectologia da Cl\u00ednica-escola PROMOVE S\u00e3o Camilo est\u00e1 pronto para cuidar de voc\u00ea com excel\u00eancia e aten\u00e7\u00e3o, oferecendo suporte para diversas infec\u00e7\u00f5es comunit\u00e1rias. N\u00e3o realizamos pronto-atendimento<\/p>\n\n\n\n<h3 class=\"wp-block-heading\">Perfil de atendimentos (infec\u00e7\u00f5es comunit\u00e1rias)<\/h3>\n\n\n\n<ul class=\"wp-block-list\">\n<li>Ameb\u00edase<\/li>\n\n\n\n<li>Celulite<\/li>\n\n\n\n<li>Chikungunya<\/li>\n\n\n\n<li>Coqueluche<\/li>\n\n\n\n<li>Criptococose<\/li>\n\n\n\n<li>Dengue<\/li>\n\n\n\n<li>Erisipela<\/li>\n\n\n\n<li>Esporotricose<\/li>\n\n\n\n<li>Febre amarela<\/li>\n\n\n\n<li>Febre de origem indeterminada<\/li>\n\n\n\n<li>Giard\u00edase<\/li>\n\n\n\n<li>Hepatite A, Hepatite B, Hepatite C<\/li>\n\n\n\n<li>Herpes simples labial e genital<\/li>\n\n\n\n<li>Infec\u00e7\u00e3o por HIV e aids<\/li>\n\n\n\n<li>Infec\u00e7\u00e3o por HTLV<\/li>\n\n\n\n<li>Infec\u00e7\u00f5es do trato urin\u00e1rio<\/li>\n\n\n\n<li>Leishmaniose visceral<\/li>\n\n\n\n<li>Leptospirose<\/li>\n\n\n\n<li>Micobacterioses at\u00edpicas<\/li>\n\n\n\n<li>Paracoccidioidomicose<\/li>\n\n\n\n<li>Pneumonia<\/li>\n\n\n\n<li>Profilaxia Pr\u00e9-Exposi\u00e7\u00e3o (PrEP) \u00e0 Infec\u00e7\u00e3o por HIV<\/li>\n\n\n\n<li>S\u00edfilis Adquirida<\/li>\n\n\n\n<li>S\u00edndrome do corrimento uretral<\/li>\n\n\n\n<li>Tuberculose<\/li>\n\n\n\n<li>Zika<\/li>\n<\/ul>\n\n\n\n<p><br><br>Conhe\u00e7a mais sobre a cl\u00ednica-escola PROMOVE no document\u00e1rio: <a href=\"http:\/\/Al\u00e9m do Cuidado: hist\u00f3rias reais vividas na Cl\u00ednica-Escola PROMOVE S\u00e3o Camilo\">Al\u00e9m do Cuidado<\/a>.<\/p>\n\n\n\n<h3 class=\"wp-block-heading\"><strong>Servi\u00e7o<\/strong><\/h3>\n\n\n\n<p>Clinica-escola PROMOVE S\u00e3o Camilo<br>Endere\u00e7o: <strong><a href=\"https:\/\/www.google.com\/maps\/place\/R.+Eng.+Ranulfo+Pinheiro+Lima+-+Vila+Monumento,+S%C3%A3o+Paulo+-+SP,+04264-030\/@-23.5839636,-46.6124909,3a,75y,166.43h,119.44t\/data=!3m7!1e1!3m5!1svO1GfrAbOgOm6cCRJxwEug!2e0!6shttps:%2F%2Fstreetviewpixels-pa.googleapis.com%2Fv1%2Fthumbnail%3Fcb_client%3Dmaps_sv.tactile%26w%3D900%26h%3D600%26pitch%3D-29.44153737164399%26panoid%3DvO1GfrAbOgOm6cCRJxwEug%26yaw%3D166.42922957624862!7i16384!8i8192!4m15!1m8!3m7!1s0x94ce5bddf860bf79:0x9d09bd6ca7ed6f0c!2sR.+Eng.+Ranulfo+Pinheiro+Lima+-+Vila+Monumento,+S%C3%A3o+Paulo+-+SP,+04264-030!3b1!8m2!3d-23.5839962!4d-46.6128395!16s%2Fg%2F1ymxhp4bw!3m5!1s0x94ce5bddf860bf79:0x9d09bd6ca7ed6f0c!8m2!3d-23.5839962!4d-46.6128395!16s%2Fg%2F1ymxhp4bw?entry=ttu&amp;g_ep=EgoyMDI1MDMxMi4wIKXMDSoJLDEwMjExNDUzSAFQAw%3D%3D\">Rua Engenheiro Ranulfo Pinheiro de Lima<\/a><\/strong>, 200 &#8211; Vila Monumento, S\u00e3o Paulo &#8211; SP. <br>CEP: 04264-030<\/p>\n\n\n\n<p>\ud83d\udccc <strong>Informa\u00e7\u00f5es e agendamentos:<\/strong><br>\ud83d\udcde <strong>(11) 3206-9600<\/strong><\/p>\n\n\n\n<p>N\u00e3o perca essa chance! Compartilhe essa informa\u00e7\u00e3o com quem precisa. \ud83d\udc99<br><br><strong>Veja tamb\u00e9m:<\/strong><\/p>\n\n\n\n<p><a href=\"https:\/\/blog.saocamilo-sp.br\/index.php\/2024\/12\/21\/verao-2\/\"><a href=\"https:\/\/blog.saocamilo-sp.br\/index.php\/2023\/09\/06\/clinica-escola-promove-sao-camilo-comemora-21-anos-de-excelencia-em-saude-pesquisa-extensao-e-educacao\/\">Cl\u00ednica-escola PROMOVE: 21 anos de excel\u00eancia em sa\u00fade, pesquisa, extens\u00e3o e educa\u00e7\u00e3o<\/a><\/a><br><a href=\"https:\/\/blog.saocamilo-sp.br\/index.php\/2023\/07\/07\/a-pesquisa-cientifica-no-centro-universitario-sao-camilo\/\" target=\"_blank\" rel=\"noreferrer noopener\"><a href=\"https:\/\/blog.saocamilo-sp.br\/index.php\/2025\/04\/08\/novo-site\/\">Conhe\u00e7a o novo site do Centro Universit\u00e1rio S\u00e3o Camilo: moderno, intuitivo e responsivo!<\/a><\/a><br><a href=\"https:\/\/blog.saocamilo-sp.br\/index.php\/2024\/09\/27\/ipiranga-tradicao-historia-e-modernidade\/\"><a href=\"https:\/\/blog.saocamilo-sp.br\/index.php\/2024\/05\/24\/centro-universitario-sao-camilo-conquista-o-selo-ies-amiga-da-iniciacao-cientifica-do-semesp\/\">Centro Universit\u00e1rio S\u00e3o Camilo Conquista o Selo \u201cIES Amiga da Inicia\u00e7\u00e3o Cient\u00edfica\u201d do SEMESP<\/a><\/a><\/p>\n\n\n\n<p><\/p>\n","protected":false},"excerpt":{"rendered":"<p>Os servi\u00e7os envolvem diversas especialidades da \u00e1rea da sa\u00fade, visando a qualidade de vida e o bem-estar dos pacientes<\/p>\n","protected":false},"author":11,"featured_media":3522,"comment_status":"open","ping_status":"open","sticky":false,"template":"","format":"standard","meta":{"cybocfi_hide_featured_image":"yes","footnotes":""},"categories":[106,182],"tags":[93,105,183],"class_list":["post-3468","post","type-post","status-publish","format-standard","has-post-thumbnail","hentry","category-clinica-escola","category-promove","tag-clinica-escola","tag-promove","tag-utilizade-publica"],"yoast_head":"<!-- This site is optimized with the Yoast SEO plugin v27.4 - https:\/\/yoast.com\/product\/yoast-seo-wordpress\/ -->\n<title>Cl\u00ednica-escola PROMOVE oferece servi\u00e7os gratuitos \u00e0 popula\u00e7\u00e3o<\/title>\n<meta name=\"description\" content=\"A Cl\u00ednica-Escola PROMOVE oferece atendimentos gratuitos diversas \u00e1reas sao oportunidade de cuidar da sua sa\u00fade com qualidade! Informa\u00e7\u00f5es: (11) 3206-9600\" \/>\n<meta name=\"robots\" content=\"index, follow, max-snippet:-1, max-image-preview:large, max-video-preview:-1\" \/>\n<link rel=\"canonical\" href=\"https:\/\/blog.saocamilo-sp.br\/index.php\/2025\/04\/09\/venha-conhecer-a-clinica-escola-promove-no-ipiranga\/\" \/>\n<meta property=\"og:locale\" content=\"pt_BR\" \/>\n<meta property=\"og:type\" content=\"article\" \/>\n<meta property=\"og:title\" content=\"Cl\u00ednica-escola PROMOVE oferece servi\u00e7os gratuitos \u00e0 popula\u00e7\u00e3o\" \/>\n<meta property=\"og:description\" content=\"A Cl\u00ednica-Escola PROMOVE oferece atendimentos gratuitos diversas \u00e1reas sao oportunidade de cuidar da sua sa\u00fade com qualidade! Informa\u00e7\u00f5es: (11) 3206-9600\" \/>\n<meta property=\"og:url\" content=\"https:\/\/blog.saocamilo-sp.br\/index.php\/2025\/04\/09\/venha-conhecer-a-clinica-escola-promove-no-ipiranga\/\" \/>\n<meta property=\"og:site_name\" content=\"Blog S\u00e3o Camilo\" \/>\n<meta property=\"article:publisher\" content=\"https:\/\/www.facebook.com\/saocamilosp\" \/>\n<meta property=\"article:published_time\" content=\"2025-04-09T12:15:04+00:00\" \/>\n<meta property=\"article:modified_time\" content=\"2026-04-10T15:01:15+00:00\" \/>\n<meta property=\"og:image\" content=\"https:\/\/blog.saocamilo-sp.br\/wp-content\/uploads\/2025\/04\/Clinica-escola-Promove.png\" \/>\n\t<meta property=\"og:image:width\" content=\"600\" \/>\n\t<meta property=\"og:image:height\" content=\"435\" \/>\n\t<meta property=\"og:image:type\" content=\"image\/png\" \/>\n<meta name=\"author\" content=\"Christopher Oliveira dos Reis\" \/>\n<meta name=\"twitter:card\" content=\"summary_large_image\" \/>\n<meta name=\"twitter:creator\" content=\"@saocamilosp\" \/>\n<meta name=\"twitter:site\" content=\"@saocamilosp\" \/>\n<meta name=\"twitter:label1\" content=\"Escrito por\" \/>\n\t<meta name=\"twitter:data1\" content=\"Christopher Oliveira dos Reis\" \/>\n\t<meta name=\"twitter:label2\" content=\"Est. tempo de leitura\" \/>\n\t<meta name=\"twitter:data2\" content=\"7 minutos\" \/>\n<script type=\"application\/ld+json\" class=\"yoast-schema-graph\">{\"@context\":\"https:\\\/\\\/schema.org\",\"@graph\":[{\"@type\":\"Article\",\"@id\":\"https:\\\/\\\/blog.saocamilo-sp.br\\\/index.php\\\/2025\\\/04\\\/09\\\/venha-conhecer-a-clinica-escola-promove-no-ipiranga\\\/#article\",\"isPartOf\":{\"@id\":\"https:\\\/\\\/blog.saocamilo-sp.br\\\/index.php\\\/2025\\\/04\\\/09\\\/venha-conhecer-a-clinica-escola-promove-no-ipiranga\\\/\"},\"author\":{\"name\":\"Christopher Oliveira dos Reis\",\"@id\":\"https:\\\/\\\/blog.saocamilo-sp.br\\\/#\\\/schema\\\/person\\\/7dce5f342af0848eb2f06778b2737904\"},\"headline\":\"Cl\u00ednica-escola PROMOVE oferece servi\u00e7os gratuitos \u00e0 popula\u00e7\u00e3o\",\"datePublished\":\"2025-04-09T12:15:04+00:00\",\"dateModified\":\"2026-04-10T15:01:15+00:00\",\"mainEntityOfPage\":{\"@id\":\"https:\\\/\\\/blog.saocamilo-sp.br\\\/index.php\\\/2025\\\/04\\\/09\\\/venha-conhecer-a-clinica-escola-promove-no-ipiranga\\\/\"},\"wordCount\":1082,\"commentCount\":12,\"publisher\":{\"@id\":\"https:\\\/\\\/blog.saocamilo-sp.br\\\/#organization\"},\"image\":{\"@id\":\"https:\\\/\\\/blog.saocamilo-sp.br\\\/index.php\\\/2025\\\/04\\\/09\\\/venha-conhecer-a-clinica-escola-promove-no-ipiranga\\\/#primaryimage\"},\"thumbnailUrl\":\"https:\\\/\\\/blog.saocamilo-sp.br\\\/wp-content\\\/uploads\\\/2025\\\/04\\\/Clinica-escola-Promove.png\",\"keywords\":[\"cl\u00ednica-escola\",\"Promove\",\"utilizade p\u00fablica\"],\"articleSection\":[\"Cl\u00ednica-escola\",\"Promove\"],\"inLanguage\":\"pt-BR\",\"potentialAction\":[{\"@type\":\"CommentAction\",\"name\":\"Comment\",\"target\":[\"https:\\\/\\\/blog.saocamilo-sp.br\\\/index.php\\\/2025\\\/04\\\/09\\\/venha-conhecer-a-clinica-escola-promove-no-ipiranga\\\/#respond\"]}]},{\"@type\":\"WebPage\",\"@id\":\"https:\\\/\\\/blog.saocamilo-sp.br\\\/index.php\\\/2025\\\/04\\\/09\\\/venha-conhecer-a-clinica-escola-promove-no-ipiranga\\\/\",\"url\":\"https:\\\/\\\/blog.saocamilo-sp.br\\\/index.php\\\/2025\\\/04\\\/09\\\/venha-conhecer-a-clinica-escola-promove-no-ipiranga\\\/\",\"name\":\"Cl\u00ednica-escola PROMOVE oferece servi\u00e7os gratuitos \u00e0 popula\u00e7\u00e3o\",\"isPartOf\":{\"@id\":\"https:\\\/\\\/blog.saocamilo-sp.br\\\/#website\"},\"primaryImageOfPage\":{\"@id\":\"https:\\\/\\\/blog.saocamilo-sp.br\\\/index.php\\\/2025\\\/04\\\/09\\\/venha-conhecer-a-clinica-escola-promove-no-ipiranga\\\/#primaryimage\"},\"image\":{\"@id\":\"https:\\\/\\\/blog.saocamilo-sp.br\\\/index.php\\\/2025\\\/04\\\/09\\\/venha-conhecer-a-clinica-escola-promove-no-ipiranga\\\/#primaryimage\"},\"thumbnailUrl\":\"https:\\\/\\\/blog.saocamilo-sp.br\\\/wp-content\\\/uploads\\\/2025\\\/04\\\/Clinica-escola-Promove.png\",\"datePublished\":\"2025-04-09T12:15:04+00:00\",\"dateModified\":\"2026-04-10T15:01:15+00:00\",\"description\":\"A Cl\u00ednica-Escola PROMOVE oferece atendimentos gratuitos diversas \u00e1reas sao oportunidade de cuidar da sua sa\u00fade com qualidade! Informa\u00e7\u00f5es: (11) 3206-9600\",\"breadcrumb\":{\"@id\":\"https:\\\/\\\/blog.saocamilo-sp.br\\\/index.php\\\/2025\\\/04\\\/09\\\/venha-conhecer-a-clinica-escola-promove-no-ipiranga\\\/#breadcrumb\"},\"inLanguage\":\"pt-BR\",\"potentialAction\":[{\"@type\":\"ReadAction\",\"target\":[\"https:\\\/\\\/blog.saocamilo-sp.br\\\/index.php\\\/2025\\\/04\\\/09\\\/venha-conhecer-a-clinica-escola-promove-no-ipiranga\\\/\"]}]},{\"@type\":\"BreadcrumbList\",\"@id\":\"https:\\\/\\\/blog.saocamilo-sp.br\\\/index.php\\\/2025\\\/04\\\/09\\\/venha-conhecer-a-clinica-escola-promove-no-ipiranga\\\/#breadcrumb\",\"itemListElement\":[{\"@type\":\"ListItem\",\"position\":1,\"name\":\"In\u00edcio\",\"item\":\"https:\\\/\\\/blog.saocamilo-sp.br\\\/\"},{\"@type\":\"ListItem\",\"position\":2,\"name\":\"Cl\u00ednica-escola PROMOVE oferece servi\u00e7os gratuitos \u00e0 popula\u00e7\u00e3o\"}]},{\"@type\":\"WebSite\",\"@id\":\"https:\\\/\\\/blog.saocamilo-sp.br\\\/#website\",\"url\":\"https:\\\/\\\/blog.saocamilo-sp.br\\\/\",\"name\":\"Blog S\u00e3o Camilo\",\"description\":\"Blog do Centro Universit\u00e1rio S\u00e3o Camilo\",\"publisher\":{\"@id\":\"https:\\\/\\\/blog.saocamilo-sp.br\\\/#organization\"},\"potentialAction\":[{\"@type\":\"SearchAction\",\"target\":{\"@type\":\"EntryPoint\",\"urlTemplate\":\"https:\\\/\\\/blog.saocamilo-sp.br\\\/?s={search_term_string}\"},\"query-input\":{\"@type\":\"PropertyValueSpecification\",\"valueRequired\":true,\"valueName\":\"search_term_string\"}}],\"inLanguage\":\"pt-BR\"},{\"@type\":\"Organization\",\"@id\":\"https:\\\/\\\/blog.saocamilo-sp.br\\\/#organization\",\"name\":\"Blog S\u00e3o Camilo\",\"url\":\"https:\\\/\\\/blog.saocamilo-sp.br\\\/\",\"logo\":{\"@type\":\"ImageObject\",\"inLanguage\":\"pt-BR\",\"@id\":\"https:\\\/\\\/blog.saocamilo-sp.br\\\/#\\\/schema\\\/logo\\\/image\\\/\",\"url\":\"https:\\\/\\\/blog.saocamilo-sp.br\\\/wp-content\\\/uploads\\\/2021\\\/12\\\/cropped-vazio-logo-topo.png\",\"contentUrl\":\"https:\\\/\\\/blog.saocamilo-sp.br\\\/wp-content\\\/uploads\\\/2021\\\/12\\\/cropped-vazio-logo-topo.png\",\"width\":320,\"height\":240,\"caption\":\"Blog S\u00e3o Camilo\"},\"image\":{\"@id\":\"https:\\\/\\\/blog.saocamilo-sp.br\\\/#\\\/schema\\\/logo\\\/image\\\/\"},\"sameAs\":[\"https:\\\/\\\/www.facebook.com\\\/saocamilosp\",\"https:\\\/\\\/x.com\\\/saocamilosp\",\"https:\\\/\\\/www.linkedin.com\\\/school\\\/centro-universit-rio-s-o-camilo\\\/\"]},{\"@type\":\"Person\",\"@id\":\"https:\\\/\\\/blog.saocamilo-sp.br\\\/#\\\/schema\\\/person\\\/7dce5f342af0848eb2f06778b2737904\",\"name\":\"Christopher Oliveira dos Reis\",\"image\":{\"@type\":\"ImageObject\",\"inLanguage\":\"pt-BR\",\"@id\":\"https:\\\/\\\/secure.gravatar.com\\\/avatar\\\/b09a1361215d06f22999124838358b6855376e2b7287de883b723960b0c03f82?s=96&d=mm&r=g\",\"url\":\"https:\\\/\\\/secure.gravatar.com\\\/avatar\\\/b09a1361215d06f22999124838358b6855376e2b7287de883b723960b0c03f82?s=96&d=mm&r=g\",\"contentUrl\":\"https:\\\/\\\/secure.gravatar.com\\\/avatar\\\/b09a1361215d06f22999124838358b6855376e2b7287de883b723960b0c03f82?s=96&d=mm&r=g\",\"caption\":\"Christopher Oliveira dos Reis\"},\"url\":\"https:\\\/\\\/blog.saocamilo-sp.br\\\/index.php\\\/author\\\/christopher-reis\\\/\"}]}<\/script>\n<!-- \/ Yoast SEO plugin. -->","yoast_head_json":{"title":"Cl\u00ednica-escola PROMOVE oferece servi\u00e7os gratuitos \u00e0 popula\u00e7\u00e3o","description":"A Cl\u00ednica-Escola PROMOVE oferece atendimentos gratuitos diversas \u00e1reas sao oportunidade de cuidar da sua sa\u00fade com qualidade! Informa\u00e7\u00f5es: (11) 3206-9600","robots":{"index":"index","follow":"follow","max-snippet":"max-snippet:-1","max-image-preview":"max-image-preview:large","max-video-preview":"max-video-preview:-1"},"canonical":"https:\/\/blog.saocamilo-sp.br\/index.php\/2025\/04\/09\/venha-conhecer-a-clinica-escola-promove-no-ipiranga\/","og_locale":"pt_BR","og_type":"article","og_title":"Cl\u00ednica-escola PROMOVE oferece servi\u00e7os gratuitos \u00e0 popula\u00e7\u00e3o","og_description":"A Cl\u00ednica-Escola PROMOVE oferece atendimentos gratuitos diversas \u00e1reas sao oportunidade de cuidar da sua sa\u00fade com qualidade! Informa\u00e7\u00f5es: (11) 3206-9600","og_url":"https:\/\/blog.saocamilo-sp.br\/index.php\/2025\/04\/09\/venha-conhecer-a-clinica-escola-promove-no-ipiranga\/","og_site_name":"Blog S\u00e3o Camilo","article_publisher":"https:\/\/www.facebook.com\/saocamilosp","article_published_time":"2025-04-09T12:15:04+00:00","article_modified_time":"2026-04-10T15:01:15+00:00","og_image":[{"width":600,"height":435,"url":"https:\/\/blog.saocamilo-sp.br\/wp-content\/uploads\/2025\/04\/Clinica-escola-Promove.png","type":"image\/png"}],"author":"Christopher Oliveira dos Reis","twitter_card":"summary_large_image","twitter_creator":"@saocamilosp","twitter_site":"@saocamilosp","twitter_misc":{"Escrito por":"Christopher Oliveira dos Reis","Est. tempo de leitura":"7 minutos"},"schema":{"@context":"https:\/\/schema.org","@graph":[{"@type":"Article","@id":"https:\/\/blog.saocamilo-sp.br\/index.php\/2025\/04\/09\/venha-conhecer-a-clinica-escola-promove-no-ipiranga\/#article","isPartOf":{"@id":"https:\/\/blog.saocamilo-sp.br\/index.php\/2025\/04\/09\/venha-conhecer-a-clinica-escola-promove-no-ipiranga\/"},"author":{"name":"Christopher Oliveira dos Reis","@id":"https:\/\/blog.saocamilo-sp.br\/#\/schema\/person\/7dce5f342af0848eb2f06778b2737904"},"headline":"Cl\u00ednica-escola PROMOVE oferece servi\u00e7os gratuitos \u00e0 popula\u00e7\u00e3o","datePublished":"2025-04-09T12:15:04+00:00","dateModified":"2026-04-10T15:01:15+00:00","mainEntityOfPage":{"@id":"https:\/\/blog.saocamilo-sp.br\/index.php\/2025\/04\/09\/venha-conhecer-a-clinica-escola-promove-no-ipiranga\/"},"wordCount":1082,"commentCount":12,"publisher":{"@id":"https:\/\/blog.saocamilo-sp.br\/#organization"},"image":{"@id":"https:\/\/blog.saocamilo-sp.br\/index.php\/2025\/04\/09\/venha-conhecer-a-clinica-escola-promove-no-ipiranga\/#primaryimage"},"thumbnailUrl":"https:\/\/blog.saocamilo-sp.br\/wp-content\/uploads\/2025\/04\/Clinica-escola-Promove.png","keywords":["cl\u00ednica-escola","Promove","utilizade p\u00fablica"],"articleSection":["Cl\u00ednica-escola","Promove"],"inLanguage":"pt-BR","potentialAction":[{"@type":"CommentAction","name":"Comment","target":["https:\/\/blog.saocamilo-sp.br\/index.php\/2025\/04\/09\/venha-conhecer-a-clinica-escola-promove-no-ipiranga\/#respond"]}]},{"@type":"WebPage","@id":"https:\/\/blog.saocamilo-sp.br\/index.php\/2025\/04\/09\/venha-conhecer-a-clinica-escola-promove-no-ipiranga\/","url":"https:\/\/blog.saocamilo-sp.br\/index.php\/2025\/04\/09\/venha-conhecer-a-clinica-escola-promove-no-ipiranga\/","name":"Cl\u00ednica-escola PROMOVE oferece servi\u00e7os gratuitos \u00e0 popula\u00e7\u00e3o","isPartOf":{"@id":"https:\/\/blog.saocamilo-sp.br\/#website"},"primaryImageOfPage":{"@id":"https:\/\/blog.saocamilo-sp.br\/index.php\/2025\/04\/09\/venha-conhecer-a-clinica-escola-promove-no-ipiranga\/#primaryimage"},"image":{"@id":"https:\/\/blog.saocamilo-sp.br\/index.php\/2025\/04\/09\/venha-conhecer-a-clinica-escola-promove-no-ipiranga\/#primaryimage"},"thumbnailUrl":"https:\/\/blog.saocamilo-sp.br\/wp-content\/uploads\/2025\/04\/Clinica-escola-Promove.png","datePublished":"2025-04-09T12:15:04+00:00","dateModified":"2026-04-10T15:01:15+00:00","description":"A Cl\u00ednica-Escola PROMOVE oferece atendimentos gratuitos diversas \u00e1reas sao oportunidade de cuidar da sua sa\u00fade com qualidade! Informa\u00e7\u00f5es: (11) 3206-9600","breadcrumb":{"@id":"https:\/\/blog.saocamilo-sp.br\/index.php\/2025\/04\/09\/venha-conhecer-a-clinica-escola-promove-no-ipiranga\/#breadcrumb"},"inLanguage":"pt-BR","potentialAction":[{"@type":"ReadAction","target":["https:\/\/blog.saocamilo-sp.br\/index.php\/2025\/04\/09\/venha-conhecer-a-clinica-escola-promove-no-ipiranga\/"]}]},{"@type":"BreadcrumbList","@id":"https:\/\/blog.saocamilo-sp.br\/index.php\/2025\/04\/09\/venha-conhecer-a-clinica-escola-promove-no-ipiranga\/#breadcrumb","itemListElement":[{"@type":"ListItem","position":1,"name":"In\u00edcio","item":"https:\/\/blog.saocamilo-sp.br\/"},{"@type":"ListItem","position":2,"name":"Cl\u00ednica-escola PROMOVE oferece servi\u00e7os gratuitos \u00e0 popula\u00e7\u00e3o"}]},{"@type":"WebSite","@id":"https:\/\/blog.saocamilo-sp.br\/#website","url":"https:\/\/blog.saocamilo-sp.br\/","name":"Blog S\u00e3o Camilo","description":"Blog do Centro Universit\u00e1rio S\u00e3o Camilo","publisher":{"@id":"https:\/\/blog.saocamilo-sp.br\/#organization"},"potentialAction":[{"@type":"SearchAction","target":{"@type":"EntryPoint","urlTemplate":"https:\/\/blog.saocamilo-sp.br\/?s={search_term_string}"},"query-input":{"@type":"PropertyValueSpecification","valueRequired":true,"valueName":"search_term_string"}}],"inLanguage":"pt-BR"},{"@type":"Organization","@id":"https:\/\/blog.saocamilo-sp.br\/#organization","name":"Blog S\u00e3o Camilo","url":"https:\/\/blog.saocamilo-sp.br\/","logo":{"@type":"ImageObject","inLanguage":"pt-BR","@id":"https:\/\/blog.saocamilo-sp.br\/#\/schema\/logo\/image\/","url":"https:\/\/blog.saocamilo-sp.br\/wp-content\/uploads\/2021\/12\/cropped-vazio-logo-topo.png","contentUrl":"https:\/\/blog.saocamilo-sp.br\/wp-content\/uploads\/2021\/12\/cropped-vazio-logo-topo.png","width":320,"height":240,"caption":"Blog S\u00e3o Camilo"},"image":{"@id":"https:\/\/blog.saocamilo-sp.br\/#\/schema\/logo\/image\/"},"sameAs":["https:\/\/www.facebook.com\/saocamilosp","https:\/\/x.com\/saocamilosp","https:\/\/www.linkedin.com\/school\/centro-universit-rio-s-o-camilo\/"]},{"@type":"Person","@id":"https:\/\/blog.saocamilo-sp.br\/#\/schema\/person\/7dce5f342af0848eb2f06778b2737904","name":"Christopher Oliveira dos Reis","image":{"@type":"ImageObject","inLanguage":"pt-BR","@id":"https:\/\/secure.gravatar.com\/avatar\/b09a1361215d06f22999124838358b6855376e2b7287de883b723960b0c03f82?s=96&d=mm&r=g","url":"https:\/\/secure.gravatar.com\/avatar\/b09a1361215d06f22999124838358b6855376e2b7287de883b723960b0c03f82?s=96&d=mm&r=g","contentUrl":"https:\/\/secure.gravatar.com\/avatar\/b09a1361215d06f22999124838358b6855376e2b7287de883b723960b0c03f82?s=96&d=mm&r=g","caption":"Christopher Oliveira dos Reis"},"url":"https:\/\/blog.saocamilo-sp.br\/index.php\/author\/christopher-reis\/"}]}},"_links":{"self":[{"href":"https:\/\/blog.saocamilo-sp.br\/index.php\/wp-json\/wp\/v2\/posts\/3468","targetHints":{"allow":["GET"]}}],"collection":[{"href":"https:\/\/blog.saocamilo-sp.br\/index.php\/wp-json\/wp\/v2\/posts"}],"about":[{"href":"https:\/\/blog.saocamilo-sp.br\/index.php\/wp-json\/wp\/v2\/types\/post"}],"author":[{"embeddable":true,"href":"https:\/\/blog.saocamilo-sp.br\/index.php\/wp-json\/wp\/v2\/users\/11"}],"replies":[{"embeddable":true,"href":"https:\/\/blog.saocamilo-sp.br\/index.php\/wp-json\/wp\/v2\/comments?post=3468"}],"version-history":[{"count":33,"href":"https:\/\/blog.saocamilo-sp.br\/index.php\/wp-json\/wp\/v2\/posts\/3468\/revisions"}],"predecessor-version":[{"id":5033,"href":"https:\/\/blog.saocamilo-sp.br\/index.php\/wp-json\/wp\/v2\/posts\/3468\/revisions\/5033"}],"wp:featuredmedia":[{"embeddable":true,"href":"https:\/\/blog.saocamilo-sp.br\/index.php\/wp-json\/wp\/v2\/media\/3522"}],"wp:attachment":[{"href":"https:\/\/blog.saocamilo-sp.br\/index.php\/wp-json\/wp\/v2\/media?parent=3468"}],"wp:term":[{"taxonomy":"category","embeddable":true,"href":"https:\/\/blog.saocamilo-sp.br\/index.php\/wp-json\/wp\/v2\/categories?post=3468"},{"taxonomy":"post_tag","embeddable":true,"href":"https:\/\/blog.saocamilo-sp.br\/index.php\/wp-json\/wp\/v2\/tags?post=3468"}],"curies":[{"name":"wp","href":"https:\/\/api.w.org\/{rel}","templated":true}]}}