{"id":3545,"date":"2025-04-09T16:07:48","date_gmt":"2025-04-09T19:07:48","guid":{"rendered":"https:\/\/blog.saocamilo-sp.br\/?p=3545"},"modified":"2025-04-10T11:31:07","modified_gmt":"2025-04-10T14:31:07","slug":"autista","status":"publish","type":"post","link":"https:\/\/blog.saocamilo-sp.br\/index.php\/2025\/04\/09\/autista\/","title":{"rendered":"Abril Azul: m\u00eas de conscientiza\u00e7\u00e3o sobre o autismo"},"content":{"rendered":"\n<p>Abril \u00e9 um m\u00eas especial para a conscientiza\u00e7\u00e3o sobre o Transtorno do Espectro Autista (TEA). Conhecido como <strong>Abril Azul<\/strong>, esse per\u00edodo tem como principal objetivo promover <strong>informa\u00e7\u00e3o, respeito, inclus\u00e3o e acolhimento<\/strong> das pessoas autistas na sociedade. A campanha \u00e9 fundamental para derrubar estigmas, valorizar as potencialidades de cada indiv\u00edduo e refor\u00e7ar a import\u00e2ncia do diagn\u00f3stico precoce e do acompanhamento multiprofissional.<\/p>\n\n\n\n<h2 class=\"wp-block-heading\">O que \u00e9 o Transtorno do Espectro Autista?<\/h2>\n\n\n\n<p>O TEA \u00e9 um transtorno do neurodesenvolvimento que afeta a comunica\u00e7\u00e3o, a intera\u00e7\u00e3o social e o comportamento. Cada pessoa autista \u00e9 \u00fanica e pode apresentar diferentes n\u00edveis de suporte e caracter\u00edsticas. Por isso, o acompanhamento especializado \u00e9 essencial para garantir qualidade de vida e autonomia.<\/p>\n\n\n\n<h2 class=\"wp-block-heading\">Cl\u00ednica-Escola Promove: acolhimento e desenvolvimento para pessoas autistas<\/h2>\n\n\n\n<p>No <a href=\"https:\/\/saocamilo-sp.br\/\">Centro Universit\u00e1rio S\u00e3o Camilo<\/a>, a <strong>Cl\u00ednica-Escola Promove<\/strong> se destaca como um espa\u00e7o de cuidado, acolhimento e transforma\u00e7\u00e3o. Ela oferece atendimentos multidisciplinares que auxiliam diretamente no desenvolvimento de crian\u00e7as, adolescentes e adultos com TEA, promovendo avan\u00e7os significativos em aspectos como linguagem, comportamento, habilidades sociais e emocionais.<\/p>\n\n\n\n<h3 class=\"wp-block-heading\">Atendimento multidisciplinar com foco na evolu\u00e7\u00e3o<\/h3>\n\n\n\n<p>Na Cl\u00ednica-Escola Promove, os atendimentos s\u00e3o realizados por estudantes de cursos da \u00e1rea da sa\u00fade, sempre supervisionados por profissionais altamente qualificados. Isso proporciona n\u00e3o apenas um servi\u00e7o humanizado e acess\u00edvel para a comunidade, mas tamb\u00e9m uma <strong>forma\u00e7\u00e3o pr\u00e1tica e sens\u00edvel<\/strong> para os futuros profissionais da sa\u00fade.<\/p>\n\n\n\n<p>Entre as especialidades oferecidas, est\u00e3o:<\/p>\n\n\n\n<ul class=\"wp-block-list\">\n<li>Psicologia<\/li>\n\n\n\n<li>Fonoaudiologia<\/li>\n\n\n\n<li>Terapia Ocupacional<\/li>\n\n\n\n<li>Fisioterapia<\/li>\n\n\n\n<li>Nutri\u00e7\u00e3o<\/li>\n\n\n\n<li>Pedagogia<\/li>\n<\/ul>\n\n\n\n<p>Esse cuidado integral \u00e9 essencial para o <strong>desenvolvimento global da pessoa autista<\/strong>, respeitando suas individualidades e potencializando suas habilidades.<\/p>\n\n\n\n<h2 class=\"wp-block-heading\">A import\u00e2ncia da inclus\u00e3o e da informa\u00e7\u00e3o<\/h2>\n\n\n\n<p>Campanhas como o Abril Azul s\u00e3o fundamentais para <strong>conscientizar a sociedade sobre a import\u00e2ncia da inclus\u00e3o<\/strong>, do respeito e da empatia. Mas al\u00e9m da conscientiza\u00e7\u00e3o, \u00e9 preciso garantir espa\u00e7os de acolhimento, escuta e desenvolvimento cont\u00ednuo \u2014 como \u00e9 o caso da Cl\u00ednica-Escola Promove.<\/p>\n\n\n\n<h2 class=\"wp-block-heading\">Como agendar atendimentos na Cl\u00ednica-Escola Promove?<\/h2>\n\n\n\n<p>Se voc\u00ea \u00e9 familiar ou respons\u00e1vel por uma pessoa autista e deseja um acompanhamento especializado e humanizado, a Cl\u00ednica-Escola Promove est\u00e1 de portas abertas. Para mais informa\u00e7\u00f5es sobre os servi\u00e7os, disponibilidade de atendimentos e agendamentos, basta entrar em contato com a institui\u00e7\u00e3o.<\/p>\n\n\n\n<hr class=\"wp-block-separator has-alpha-channel-opacity\"\/>\n\n\n\n<p><strong>Em abril e durante todo o ano, \u00e9 preciso falar sobre o autismo com responsabilidade e empatia.<\/strong> A S\u00e3o Camilo se orgulha de fazer parte dessa rede de apoio, contribuindo para o crescimento e a inclus\u00e3o de tantas pessoas que merecem ser vistas em sua totalidade.<br><br>Veja mais:<\/p>\n\n\n\n<p><a href=\"https:\/\/blog.saocamilo-sp.br\/index.php\/2023\/09\/06\/clinica-escola-promove-sao-camilo-comemora-21-anos-de-excelencia-em-saude-pesquisa-extensao-e-educacao\/\">Cl\u00ednica-escola PROMOVE: 21 anos de excel\u00eancia em sa\u00fade, pesquisa, extens\u00e3o e educa\u00e7\u00e3o<\/a><br><a href=\"https:\/\/blog.saocamilo-sp.br\/index.php\/2023\/07\/07\/a-pesquisa-cientifica-no-centro-universitario-sao-camilo\/\" target=\"_blank\" rel=\"noreferrer noopener\"><\/a><a href=\"https:\/\/blog.saocamilo-sp.br\/index.php\/2025\/04\/08\/novo-site\/\">Conhe\u00e7a o novo site do Centro Universit\u00e1rio S\u00e3o Camilo: moderno, intuitivo e responsivo!<\/a><br><a href=\"https:\/\/blog.saocamilo-sp.br\/index.php\/2024\/09\/27\/ipiranga-tradicao-historia-e-modernidade\/\"><\/a><a href=\"https:\/\/blog.saocamilo-sp.br\/index.php\/2024\/05\/24\/centro-universitario-sao-camilo-conquista-o-selo-ies-amiga-da-iniciacao-cientifica-do-semesp\/\">Centro Universit\u00e1rio S\u00e3o Camilo Conquista o Selo \u201cIES Amiga da Inicia\u00e7\u00e3o Cient\u00edfica\u201d do SEMESP<\/a><\/p>\n\n\n\n<p><\/p>\n","protected":false},"excerpt":{"rendered":"<p>O TEA \u00e9 um transtorno do neurodesenvolvimento que afeta a comunica\u00e7\u00e3o, a intera\u00e7\u00e3o social e o comportamento. <\/p>\n","protected":false},"author":13,"featured_media":3546,"comment_status":"open","ping_status":"open","sticky":false,"template":"","format":"standard","meta":{"cybocfi_hide_featured_image":"","footnotes":""},"categories":[1,26,30,24,182,31],"tags":[184,105,17],"class_list":["post-3545","post","type-post","status-publish","format-standard","has-post-thumbnail","hentry","category-cursos","category-enfermagem","category-medicina","category-nutricao","category-promove","category-psicologia","tag-autismo","tag-promove","tag-saude"],"yoast_head":"<!-- This site is optimized with the Yoast SEO plugin v27.4 - https:\/\/yoast.com\/product\/yoast-seo-wordpress\/ -->\n<title>Abril Azul: m\u00eas de conscientiza\u00e7\u00e3o sobre o autismo - Blog S\u00e3o Camilo<\/title>\n<meta name=\"description\" content=\"Abril \u00e9 um m\u00eas especial para a conscientiza\u00e7\u00e3o sobre o Transtorno do Espectro Autista (TEA). Conhecido como Abril Azul\" \/>\n<meta name=\"robots\" content=\"index, follow, max-snippet:-1, max-image-preview:large, max-video-preview:-1\" \/>\n<link rel=\"canonical\" href=\"https:\/\/blog.saocamilo-sp.br\/index.php\/2025\/04\/09\/autista\/\" \/>\n<meta property=\"og:locale\" content=\"pt_BR\" \/>\n<meta property=\"og:type\" content=\"article\" \/>\n<meta property=\"og:title\" content=\"Abril Azul: m\u00eas de conscientiza\u00e7\u00e3o sobre o autismo - Blog S\u00e3o Camilo\" \/>\n<meta property=\"og:description\" content=\"Abril \u00e9 um m\u00eas especial para a conscientiza\u00e7\u00e3o sobre o Transtorno do Espectro Autista (TEA). Conhecido como Abril Azul\" \/>\n<meta property=\"og:url\" content=\"https:\/\/blog.saocamilo-sp.br\/index.php\/2025\/04\/09\/autista\/\" \/>\n<meta property=\"og:site_name\" content=\"Blog S\u00e3o Camilo\" \/>\n<meta property=\"article:publisher\" content=\"https:\/\/www.facebook.com\/saocamilosp\" \/>\n<meta property=\"article:published_time\" content=\"2025-04-09T19:07:48+00:00\" \/>\n<meta property=\"article:modified_time\" content=\"2025-04-10T14:31:07+00:00\" \/>\n<meta property=\"og:image\" content=\"https:\/\/blog.saocamilo-sp.br\/wp-content\/uploads\/2025\/04\/Topo-blog.jpg\" \/>\n\t<meta property=\"og:image:width\" content=\"769\" \/>\n\t<meta property=\"og:image:height\" content=\"520\" \/>\n\t<meta property=\"og:image:type\" content=\"image\/jpeg\" \/>\n<meta name=\"author\" content=\"Leandro Lafr\u00e1gola\" \/>\n<meta name=\"twitter:card\" content=\"summary_large_image\" \/>\n<meta name=\"twitter:creator\" content=\"@saocamilosp\" \/>\n<meta name=\"twitter:site\" content=\"@saocamilosp\" \/>\n<meta name=\"twitter:label1\" content=\"Escrito por\" \/>\n\t<meta name=\"twitter:data1\" content=\"Leandro Lafr\u00e1gola\" \/>\n\t<meta name=\"twitter:label2\" content=\"Est. tempo de leitura\" \/>\n\t<meta name=\"twitter:data2\" content=\"3 minutos\" \/>\n<script type=\"application\/ld+json\" class=\"yoast-schema-graph\">{\"@context\":\"https:\\\/\\\/schema.org\",\"@graph\":[{\"@type\":\"Article\",\"@id\":\"https:\\\/\\\/blog.saocamilo-sp.br\\\/index.php\\\/2025\\\/04\\\/09\\\/autista\\\/#article\",\"isPartOf\":{\"@id\":\"https:\\\/\\\/blog.saocamilo-sp.br\\\/index.php\\\/2025\\\/04\\\/09\\\/autista\\\/\"},\"author\":{\"name\":\"Leandro Lafr\u00e1gola\",\"@id\":\"https:\\\/\\\/blog.saocamilo-sp.br\\\/#\\\/schema\\\/person\\\/1a99645faaab0bb55105f817e866e19b\"},\"headline\":\"Abril Azul: m\u00eas de conscientiza\u00e7\u00e3o sobre o autismo\",\"datePublished\":\"2025-04-09T19:07:48+00:00\",\"dateModified\":\"2025-04-10T14:31:07+00:00\",\"mainEntityOfPage\":{\"@id\":\"https:\\\/\\\/blog.saocamilo-sp.br\\\/index.php\\\/2025\\\/04\\\/09\\\/autista\\\/\"},\"wordCount\":498,\"commentCount\":0,\"publisher\":{\"@id\":\"https:\\\/\\\/blog.saocamilo-sp.br\\\/#organization\"},\"image\":{\"@id\":\"https:\\\/\\\/blog.saocamilo-sp.br\\\/index.php\\\/2025\\\/04\\\/09\\\/autista\\\/#primaryimage\"},\"thumbnailUrl\":\"https:\\\/\\\/blog.saocamilo-sp.br\\\/wp-content\\\/uploads\\\/2025\\\/04\\\/Topo-blog.jpg\",\"keywords\":[\"autismo\",\"Promove\",\"Sa\u00fade\"],\"articleSection\":[\"Cursos\",\"Enfermagem\",\"Medicina\",\"Nutri\u00e7\u00e3o\",\"Promove\",\"Psicologia\"],\"inLanguage\":\"pt-BR\",\"potentialAction\":[{\"@type\":\"CommentAction\",\"name\":\"Comment\",\"target\":[\"https:\\\/\\\/blog.saocamilo-sp.br\\\/index.php\\\/2025\\\/04\\\/09\\\/autista\\\/#respond\"]}]},{\"@type\":\"WebPage\",\"@id\":\"https:\\\/\\\/blog.saocamilo-sp.br\\\/index.php\\\/2025\\\/04\\\/09\\\/autista\\\/\",\"url\":\"https:\\\/\\\/blog.saocamilo-sp.br\\\/index.php\\\/2025\\\/04\\\/09\\\/autista\\\/\",\"name\":\"Abril Azul: m\u00eas de conscientiza\u00e7\u00e3o sobre o autismo - Blog S\u00e3o Camilo\",\"isPartOf\":{\"@id\":\"https:\\\/\\\/blog.saocamilo-sp.br\\\/#website\"},\"primaryImageOfPage\":{\"@id\":\"https:\\\/\\\/blog.saocamilo-sp.br\\\/index.php\\\/2025\\\/04\\\/09\\\/autista\\\/#primaryimage\"},\"image\":{\"@id\":\"https:\\\/\\\/blog.saocamilo-sp.br\\\/index.php\\\/2025\\\/04\\\/09\\\/autista\\\/#primaryimage\"},\"thumbnailUrl\":\"https:\\\/\\\/blog.saocamilo-sp.br\\\/wp-content\\\/uploads\\\/2025\\\/04\\\/Topo-blog.jpg\",\"datePublished\":\"2025-04-09T19:07:48+00:00\",\"dateModified\":\"2025-04-10T14:31:07+00:00\",\"description\":\"Abril \u00e9 um m\u00eas especial para a conscientiza\u00e7\u00e3o sobre o Transtorno do Espectro Autista (TEA). Conhecido como Abril Azul\",\"breadcrumb\":{\"@id\":\"https:\\\/\\\/blog.saocamilo-sp.br\\\/index.php\\\/2025\\\/04\\\/09\\\/autista\\\/#breadcrumb\"},\"inLanguage\":\"pt-BR\",\"potentialAction\":[{\"@type\":\"ReadAction\",\"target\":[\"https:\\\/\\\/blog.saocamilo-sp.br\\\/index.php\\\/2025\\\/04\\\/09\\\/autista\\\/\"]}]},{\"@type\":\"ImageObject\",\"inLanguage\":\"pt-BR\",\"@id\":\"https:\\\/\\\/blog.saocamilo-sp.br\\\/index.php\\\/2025\\\/04\\\/09\\\/autista\\\/#primaryimage\",\"url\":\"https:\\\/\\\/blog.saocamilo-sp.br\\\/wp-content\\\/uploads\\\/2025\\\/04\\\/Topo-blog.jpg\",\"contentUrl\":\"https:\\\/\\\/blog.saocamilo-sp.br\\\/wp-content\\\/uploads\\\/2025\\\/04\\\/Topo-blog.jpg\",\"width\":769,\"height\":520,\"caption\":\"Abril \u00e9 um m\u00eas especial para a conscientiza\u00e7\u00e3o sobre o Transtorno do Espectro Autista (TEA). Conhecido como Abril Azul\"},{\"@type\":\"BreadcrumbList\",\"@id\":\"https:\\\/\\\/blog.saocamilo-sp.br\\\/index.php\\\/2025\\\/04\\\/09\\\/autista\\\/#breadcrumb\",\"itemListElement\":[{\"@type\":\"ListItem\",\"position\":1,\"name\":\"In\u00edcio\",\"item\":\"https:\\\/\\\/blog.saocamilo-sp.br\\\/\"},{\"@type\":\"ListItem\",\"position\":2,\"name\":\"Abril Azul: m\u00eas de conscientiza\u00e7\u00e3o sobre o autismo\"}]},{\"@type\":\"WebSite\",\"@id\":\"https:\\\/\\\/blog.saocamilo-sp.br\\\/#website\",\"url\":\"https:\\\/\\\/blog.saocamilo-sp.br\\\/\",\"name\":\"Blog S\u00e3o Camilo\",\"description\":\"Blog do Centro Universit\u00e1rio S\u00e3o Camilo\",\"publisher\":{\"@id\":\"https:\\\/\\\/blog.saocamilo-sp.br\\\/#organization\"},\"potentialAction\":[{\"@type\":\"SearchAction\",\"target\":{\"@type\":\"EntryPoint\",\"urlTemplate\":\"https:\\\/\\\/blog.saocamilo-sp.br\\\/?s={search_term_string}\"},\"query-input\":{\"@type\":\"PropertyValueSpecification\",\"valueRequired\":true,\"valueName\":\"search_term_string\"}}],\"inLanguage\":\"pt-BR\"},{\"@type\":\"Organization\",\"@id\":\"https:\\\/\\\/blog.saocamilo-sp.br\\\/#organization\",\"name\":\"Blog S\u00e3o Camilo\",\"url\":\"https:\\\/\\\/blog.saocamilo-sp.br\\\/\",\"logo\":{\"@type\":\"ImageObject\",\"inLanguage\":\"pt-BR\",\"@id\":\"https:\\\/\\\/blog.saocamilo-sp.br\\\/#\\\/schema\\\/logo\\\/image\\\/\",\"url\":\"https:\\\/\\\/blog.saocamilo-sp.br\\\/wp-content\\\/uploads\\\/2021\\\/12\\\/cropped-vazio-logo-topo.png\",\"contentUrl\":\"https:\\\/\\\/blog.saocamilo-sp.br\\\/wp-content\\\/uploads\\\/2021\\\/12\\\/cropped-vazio-logo-topo.png\",\"width\":320,\"height\":240,\"caption\":\"Blog S\u00e3o Camilo\"},\"image\":{\"@id\":\"https:\\\/\\\/blog.saocamilo-sp.br\\\/#\\\/schema\\\/logo\\\/image\\\/\"},\"sameAs\":[\"https:\\\/\\\/www.facebook.com\\\/saocamilosp\",\"https:\\\/\\\/x.com\\\/saocamilosp\",\"https:\\\/\\\/www.linkedin.com\\\/school\\\/centro-universit-rio-s-o-camilo\\\/\"]},{\"@type\":\"Person\",\"@id\":\"https:\\\/\\\/blog.saocamilo-sp.br\\\/#\\\/schema\\\/person\\\/1a99645faaab0bb55105f817e866e19b\",\"name\":\"Leandro Lafr\u00e1gola\",\"image\":{\"@type\":\"ImageObject\",\"inLanguage\":\"pt-BR\",\"@id\":\"https:\\\/\\\/secure.gravatar.com\\\/avatar\\\/ec4232fb8d50d80f1c672353dc4c2876490e6a0a2a33d6572c0ba1fb78f115cf?s=96&d=mm&r=g\",\"url\":\"https:\\\/\\\/secure.gravatar.com\\\/avatar\\\/ec4232fb8d50d80f1c672353dc4c2876490e6a0a2a33d6572c0ba1fb78f115cf?s=96&d=mm&r=g\",\"contentUrl\":\"https:\\\/\\\/secure.gravatar.com\\\/avatar\\\/ec4232fb8d50d80f1c672353dc4c2876490e6a0a2a33d6572c0ba1fb78f115cf?s=96&d=mm&r=g\",\"caption\":\"Leandro Lafr\u00e1gola\"},\"url\":\"https:\\\/\\\/blog.saocamilo-sp.br\\\/index.php\\\/author\\\/llafragola\\\/\"}]}<\/script>\n<!-- \/ Yoast SEO plugin. -->","yoast_head_json":{"title":"Abril Azul: m\u00eas de conscientiza\u00e7\u00e3o sobre o autismo - Blog S\u00e3o Camilo","description":"Abril \u00e9 um m\u00eas especial para a conscientiza\u00e7\u00e3o sobre o Transtorno do Espectro Autista (TEA). Conhecido como Abril Azul","robots":{"index":"index","follow":"follow","max-snippet":"max-snippet:-1","max-image-preview":"max-image-preview:large","max-video-preview":"max-video-preview:-1"},"canonical":"https:\/\/blog.saocamilo-sp.br\/index.php\/2025\/04\/09\/autista\/","og_locale":"pt_BR","og_type":"article","og_title":"Abril Azul: m\u00eas de conscientiza\u00e7\u00e3o sobre o autismo - Blog S\u00e3o Camilo","og_description":"Abril \u00e9 um m\u00eas especial para a conscientiza\u00e7\u00e3o sobre o Transtorno do Espectro Autista (TEA). Conhecido como Abril Azul","og_url":"https:\/\/blog.saocamilo-sp.br\/index.php\/2025\/04\/09\/autista\/","og_site_name":"Blog S\u00e3o Camilo","article_publisher":"https:\/\/www.facebook.com\/saocamilosp","article_published_time":"2025-04-09T19:07:48+00:00","article_modified_time":"2025-04-10T14:31:07+00:00","og_image":[{"width":769,"height":520,"url":"https:\/\/blog.saocamilo-sp.br\/wp-content\/uploads\/2025\/04\/Topo-blog.jpg","type":"image\/jpeg"}],"author":"Leandro Lafr\u00e1gola","twitter_card":"summary_large_image","twitter_creator":"@saocamilosp","twitter_site":"@saocamilosp","twitter_misc":{"Escrito por":"Leandro Lafr\u00e1gola","Est. tempo de leitura":"3 minutos"},"schema":{"@context":"https:\/\/schema.org","@graph":[{"@type":"Article","@id":"https:\/\/blog.saocamilo-sp.br\/index.php\/2025\/04\/09\/autista\/#article","isPartOf":{"@id":"https:\/\/blog.saocamilo-sp.br\/index.php\/2025\/04\/09\/autista\/"},"author":{"name":"Leandro Lafr\u00e1gola","@id":"https:\/\/blog.saocamilo-sp.br\/#\/schema\/person\/1a99645faaab0bb55105f817e866e19b"},"headline":"Abril Azul: m\u00eas de conscientiza\u00e7\u00e3o sobre o autismo","datePublished":"2025-04-09T19:07:48+00:00","dateModified":"2025-04-10T14:31:07+00:00","mainEntityOfPage":{"@id":"https:\/\/blog.saocamilo-sp.br\/index.php\/2025\/04\/09\/autista\/"},"wordCount":498,"commentCount":0,"publisher":{"@id":"https:\/\/blog.saocamilo-sp.br\/#organization"},"image":{"@id":"https:\/\/blog.saocamilo-sp.br\/index.php\/2025\/04\/09\/autista\/#primaryimage"},"thumbnailUrl":"https:\/\/blog.saocamilo-sp.br\/wp-content\/uploads\/2025\/04\/Topo-blog.jpg","keywords":["autismo","Promove","Sa\u00fade"],"articleSection":["Cursos","Enfermagem","Medicina","Nutri\u00e7\u00e3o","Promove","Psicologia"],"inLanguage":"pt-BR","potentialAction":[{"@type":"CommentAction","name":"Comment","target":["https:\/\/blog.saocamilo-sp.br\/index.php\/2025\/04\/09\/autista\/#respond"]}]},{"@type":"WebPage","@id":"https:\/\/blog.saocamilo-sp.br\/index.php\/2025\/04\/09\/autista\/","url":"https:\/\/blog.saocamilo-sp.br\/index.php\/2025\/04\/09\/autista\/","name":"Abril Azul: m\u00eas de conscientiza\u00e7\u00e3o sobre o autismo - Blog S\u00e3o Camilo","isPartOf":{"@id":"https:\/\/blog.saocamilo-sp.br\/#website"},"primaryImageOfPage":{"@id":"https:\/\/blog.saocamilo-sp.br\/index.php\/2025\/04\/09\/autista\/#primaryimage"},"image":{"@id":"https:\/\/blog.saocamilo-sp.br\/index.php\/2025\/04\/09\/autista\/#primaryimage"},"thumbnailUrl":"https:\/\/blog.saocamilo-sp.br\/wp-content\/uploads\/2025\/04\/Topo-blog.jpg","datePublished":"2025-04-09T19:07:48+00:00","dateModified":"2025-04-10T14:31:07+00:00","description":"Abril \u00e9 um m\u00eas especial para a conscientiza\u00e7\u00e3o sobre o Transtorno do Espectro Autista (TEA). Conhecido como Abril Azul","breadcrumb":{"@id":"https:\/\/blog.saocamilo-sp.br\/index.php\/2025\/04\/09\/autista\/#breadcrumb"},"inLanguage":"pt-BR","potentialAction":[{"@type":"ReadAction","target":["https:\/\/blog.saocamilo-sp.br\/index.php\/2025\/04\/09\/autista\/"]}]},{"@type":"ImageObject","inLanguage":"pt-BR","@id":"https:\/\/blog.saocamilo-sp.br\/index.php\/2025\/04\/09\/autista\/#primaryimage","url":"https:\/\/blog.saocamilo-sp.br\/wp-content\/uploads\/2025\/04\/Topo-blog.jpg","contentUrl":"https:\/\/blog.saocamilo-sp.br\/wp-content\/uploads\/2025\/04\/Topo-blog.jpg","width":769,"height":520,"caption":"Abril \u00e9 um m\u00eas especial para a conscientiza\u00e7\u00e3o sobre o Transtorno do Espectro Autista (TEA). Conhecido como Abril Azul"},{"@type":"BreadcrumbList","@id":"https:\/\/blog.saocamilo-sp.br\/index.php\/2025\/04\/09\/autista\/#breadcrumb","itemListElement":[{"@type":"ListItem","position":1,"name":"In\u00edcio","item":"https:\/\/blog.saocamilo-sp.br\/"},{"@type":"ListItem","position":2,"name":"Abril Azul: m\u00eas de conscientiza\u00e7\u00e3o sobre o autismo"}]},{"@type":"WebSite","@id":"https:\/\/blog.saocamilo-sp.br\/#website","url":"https:\/\/blog.saocamilo-sp.br\/","name":"Blog S\u00e3o Camilo","description":"Blog do Centro Universit\u00e1rio S\u00e3o Camilo","publisher":{"@id":"https:\/\/blog.saocamilo-sp.br\/#organization"},"potentialAction":[{"@type":"SearchAction","target":{"@type":"EntryPoint","urlTemplate":"https:\/\/blog.saocamilo-sp.br\/?s={search_term_string}"},"query-input":{"@type":"PropertyValueSpecification","valueRequired":true,"valueName":"search_term_string"}}],"inLanguage":"pt-BR"},{"@type":"Organization","@id":"https:\/\/blog.saocamilo-sp.br\/#organization","name":"Blog S\u00e3o Camilo","url":"https:\/\/blog.saocamilo-sp.br\/","logo":{"@type":"ImageObject","inLanguage":"pt-BR","@id":"https:\/\/blog.saocamilo-sp.br\/#\/schema\/logo\/image\/","url":"https:\/\/blog.saocamilo-sp.br\/wp-content\/uploads\/2021\/12\/cropped-vazio-logo-topo.png","contentUrl":"https:\/\/blog.saocamilo-sp.br\/wp-content\/uploads\/2021\/12\/cropped-vazio-logo-topo.png","width":320,"height":240,"caption":"Blog S\u00e3o Camilo"},"image":{"@id":"https:\/\/blog.saocamilo-sp.br\/#\/schema\/logo\/image\/"},"sameAs":["https:\/\/www.facebook.com\/saocamilosp","https:\/\/x.com\/saocamilosp","https:\/\/www.linkedin.com\/school\/centro-universit-rio-s-o-camilo\/"]},{"@type":"Person","@id":"https:\/\/blog.saocamilo-sp.br\/#\/schema\/person\/1a99645faaab0bb55105f817e866e19b","name":"Leandro Lafr\u00e1gola","image":{"@type":"ImageObject","inLanguage":"pt-BR","@id":"https:\/\/secure.gravatar.com\/avatar\/ec4232fb8d50d80f1c672353dc4c2876490e6a0a2a33d6572c0ba1fb78f115cf?s=96&d=mm&r=g","url":"https:\/\/secure.gravatar.com\/avatar\/ec4232fb8d50d80f1c672353dc4c2876490e6a0a2a33d6572c0ba1fb78f115cf?s=96&d=mm&r=g","contentUrl":"https:\/\/secure.gravatar.com\/avatar\/ec4232fb8d50d80f1c672353dc4c2876490e6a0a2a33d6572c0ba1fb78f115cf?s=96&d=mm&r=g","caption":"Leandro Lafr\u00e1gola"},"url":"https:\/\/blog.saocamilo-sp.br\/index.php\/author\/llafragola\/"}]}},"_links":{"self":[{"href":"https:\/\/blog.saocamilo-sp.br\/index.php\/wp-json\/wp\/v2\/posts\/3545","targetHints":{"allow":["GET"]}}],"collection":[{"href":"https:\/\/blog.saocamilo-sp.br\/index.php\/wp-json\/wp\/v2\/posts"}],"about":[{"href":"https:\/\/blog.saocamilo-sp.br\/index.php\/wp-json\/wp\/v2\/types\/post"}],"author":[{"embeddable":true,"href":"https:\/\/blog.saocamilo-sp.br\/index.php\/wp-json\/wp\/v2\/users\/13"}],"replies":[{"embeddable":true,"href":"https:\/\/blog.saocamilo-sp.br\/index.php\/wp-json\/wp\/v2\/comments?post=3545"}],"version-history":[{"count":3,"href":"https:\/\/blog.saocamilo-sp.br\/index.php\/wp-json\/wp\/v2\/posts\/3545\/revisions"}],"predecessor-version":[{"id":3566,"href":"https:\/\/blog.saocamilo-sp.br\/index.php\/wp-json\/wp\/v2\/posts\/3545\/revisions\/3566"}],"wp:featuredmedia":[{"embeddable":true,"href":"https:\/\/blog.saocamilo-sp.br\/index.php\/wp-json\/wp\/v2\/media\/3546"}],"wp:attachment":[{"href":"https:\/\/blog.saocamilo-sp.br\/index.php\/wp-json\/wp\/v2\/media?parent=3545"}],"wp:term":[{"taxonomy":"category","embeddable":true,"href":"https:\/\/blog.saocamilo-sp.br\/index.php\/wp-json\/wp\/v2\/categories?post=3545"},{"taxonomy":"post_tag","embeddable":true,"href":"https:\/\/blog.saocamilo-sp.br\/index.php\/wp-json\/wp\/v2\/tags?post=3545"}],"curies":[{"name":"wp","href":"https:\/\/api.w.org\/{rel}","templated":true}]}}