{"id":3568,"date":"2025-04-11T10:25:16","date_gmt":"2025-04-11T13:25:16","guid":{"rendered":"https:\/\/blog.saocamilo-sp.br\/?p=3568"},"modified":"2025-04-14T16:08:59","modified_gmt":"2025-04-14T19:08:59","slug":"mulheres","status":"publish","type":"post","link":"https:\/\/blog.saocamilo-sp.br\/index.php\/2025\/04\/11\/mulheres\/","title":{"rendered":"S\u00e3o Camilo vence pr\u00eamio nacional por projeto social voltado a mulheres"},"content":{"rendered":"\n<p>Projeto que atende mulheres em situa\u00e7\u00e3o de vulnerabilidade social ganha pr\u00eamio nacional<br>Iniciativa envolveu professores e alunos do<a href=\"https:\/\/saocamilo-sp.br\/\"> Centro Universit\u00e1rio S\u00e3o Camilo<\/a>.<br><br>Os altos \u00edndices de viol\u00eancia contra mulheres na regi\u00e3o do Ipiranga e Pompeia, onde ficam localizados os campi do Centro Universit\u00e1rio S\u00e3o Camilo, em S\u00e3o Paulo,\u00a0 inspirou jovens a se envolver com causas sociais e compreender o papel da comunidade acad\u00eamica para o resgate da cidadania de mulheres vulner\u00e1veis da regi\u00e3o.\u00a0<br><br>Para minimizar a situa\u00e7\u00e3o dessas mulheres, alunos e professores da\u00a0 Escola de Direitos Humanos do S\u00e3o Camilo, do Centro Universit\u00e1rio S\u00e3o Camilo, colocaram em pr\u00e1tica quatro subprojetos para atuar\u00a0 contra a viol\u00eancia de g\u00eanero, pela dignidade menstrual e pelo bem-estar e empoderamento feminino.\u00a0\u00a0<br>Com essa a\u00e7\u00e3o, a Institui\u00e7\u00e3o ganhou o <a href=\"https:\/\/www.geducoficial.com.br\/pnge-regulamento\">Pr\u00eamio Nacional de Gest\u00e3o Educacional<\/a>, na categoria Responsabilidade Social considerado o maior reconhecimento do setor e promovido pela Federa\u00e7\u00e3o Nacional das Escolas Particulares, Associa\u00e7\u00e3o Brasileira de Mantenedoras de Ensino Superior, Associa\u00e7\u00e3o Nacional dos Centros Universit\u00e1rios, Associa\u00e7\u00e3o Nacional de Educa\u00e7\u00e3o Cat\u00f3lica do Brasil e pela HUMUS.<br><br><strong>Resultados:<\/strong><br>O projeto <a href=\"https:\/\/www.bing.com\/search?pglt=43&amp;q=Promotoras+Legais+Populares&amp;cvid=6eac21c6373c41d0bba499d89de78109&amp;gs_lcrp=EgRlZGdlKgYIABBFGDkyBggAEEUYOTIICAEQ6QcY_FXSAQgxMDQ2ajBqMagCALACAA&amp;FORM=ANNAB1&amp;PC=U531\">\u201cPromotoras Legais Populares&#8221;<\/a> capacitou 68 pessoas entre 2022 e 2025 para atuar na defesa dos direitos femininos e no combate \u00e0 viol\u00eancia de g\u00eanero. J\u00e1 o projeto &#8220;Amor em Mechas&#8221; arrecadou mechas de cabelo, len\u00e7os e bijuterias para confec\u00e7\u00e3o de perucas artesanais, beneficiando mulheres com c\u00e2ncer ou alopecia. Tamb\u00e9m foram realizadas a\u00e7\u00f5es educativas sobre autoestima e cuidados durante o tratamento oncol\u00f3gico. Uma outra iniciativa, chamada &#8220;Dignidade Menstrual&#8221;, arrecadou e distribuiu 3.686 itens de higiene entre 2022 e 2024, al\u00e9m de promover palestras sobre sa\u00fade feminina para mulheres em situa\u00e7\u00e3o de vulnerabilidade social.<br><br>Por fim, o projeto &#8220;ECDH com Elas&#8221; parceria com o Instituto Ela &#8211; educadoras do Brasil capacitou mulheres da comunidade de Parais\u00f3polis, em 2024, com aulas telepresenciais interativas sobre viol\u00eancia de g\u00eanero e dignidade menstrual, transformando-as em multiplicadoras de conhecimento.<br>Esses projetos demonstram o impacto positivo que a\u00e7\u00f5es de responsabilidade social podem ter na constru\u00e7\u00e3o de uma sociedade mais justa, inclusiva e solid\u00e1ria. A coordenadora de Extens\u00e3o do Centro Universit\u00e1rio S\u00e3o Camilo M\u00e1rcia Gimenez afirma que o fato da institui\u00e7\u00e3o ter ganho este pr\u00eamio em primeiro lugar \u00e9 uma alegria e resultado de um trabalho de equipe. <\/p>\n\n\n\n<blockquote class=\"wp-block-quote is-layout-flow wp-block-quote-is-layout-flow\">\n<p><em>&#8220;A extens\u00e3o nos motiva e motiva o aluno a ter um olhar pelo coletivo. Com isso, buscamos sempre que o nosso trabalho traga o nosso objetivo que \u00e9 um mundo equ\u00e2nime,\u00a0 que n\u00e3o tenha diferen\u00e7as de g\u00eanero nem viol\u00eancia\u201d<\/em>, afirmou.<\/p>\n<\/blockquote>\n\n\n\n<p>Veja mais:<\/p>\n\n\n\n<p><a href=\"https:\/\/blog.saocamilo-sp.br\/index.php\/2023\/09\/06\/clinica-escola-promove-sao-camilo-comemora-21-anos-de-excelencia-em-saude-pesquisa-extensao-e-educacao\/\">Cl\u00ednica-escola PROMOVE: 21 anos de excel\u00eancia em sa\u00fade, pesquisa, extens\u00e3o e educa\u00e7\u00e3o<\/a><br><a href=\"https:\/\/blog.saocamilo-sp.br\/index.php\/2023\/07\/07\/a-pesquisa-cientifica-no-centro-universitario-sao-camilo\/\" target=\"_blank\" rel=\"noreferrer noopener\"><\/a><a href=\"https:\/\/blog.saocamilo-sp.br\/index.php\/2025\/04\/08\/novo-site\/\">Conhe\u00e7a o novo site do Centro Universit\u00e1rio S\u00e3o Camilo: moderno, intuitivo e responsivo!<\/a><br><a href=\"https:\/\/blog.saocamilo-sp.br\/index.php\/2024\/09\/27\/ipiranga-tradicao-historia-e-modernidade\/\"><\/a><a href=\"https:\/\/blog.saocamilo-sp.br\/index.php\/2024\/05\/24\/centro-universitario-sao-camilo-conquista-o-selo-ies-amiga-da-iniciacao-cientifica-do-semesp\/\">Centro Universit\u00e1rio S\u00e3o Camilo Conquista o Selo \u201cIES Amiga da Inicia\u00e7\u00e3o Cient\u00edfica\u201d do SEMESP<\/a><\/p>\n\n\n\n<p><\/p>\n","protected":false},"excerpt":{"rendered":"<p>Projeto que atende mulheres em vulnerabilidade social recebe pr\u00eamio nacional, com participa\u00e7\u00e3o de professores e alunos.<\/p>\n","protected":false},"author":4,"featured_media":3608,"comment_status":"open","ping_status":"open","sticky":false,"template":"","format":"standard","meta":{"cybocfi_hide_featured_image":"","footnotes":""},"categories":[1],"tags":[],"class_list":["post-3568","post","type-post","status-publish","format-standard","has-post-thumbnail","hentry","category-cursos"],"yoast_head":"<!-- This site is optimized with the Yoast SEO plugin v27.5 - https:\/\/yoast.com\/product\/yoast-seo-wordpress\/ -->\n<title>S\u00e3o Camilo vence pr\u00eamio nacional por projeto social voltado a mulheres - Blog S\u00e3o Camilo<\/title>\n<meta name=\"description\" content=\"Os altos \u00edndices de\u00a0viol\u00eancia contra mulheres\u00a0nas regi\u00f5es do\u00a0Ipiranga e Pomp\u00e9ia, onde ficam localizados os campi do\u00a0Centro Universit\u00e1rio...\" \/>\n<meta name=\"robots\" content=\"index, follow, max-snippet:-1, max-image-preview:large, max-video-preview:-1\" \/>\n<link rel=\"canonical\" href=\"https:\/\/blog.saocamilo-sp.br\/index.php\/2025\/04\/11\/mulheres\/\" \/>\n<meta property=\"og:locale\" content=\"pt_BR\" \/>\n<meta property=\"og:type\" content=\"article\" \/>\n<meta property=\"og:title\" content=\"S\u00e3o Camilo vence pr\u00eamio nacional por projeto social voltado a mulheres - Blog S\u00e3o Camilo\" \/>\n<meta property=\"og:description\" content=\"Os altos \u00edndices de\u00a0viol\u00eancia contra mulheres\u00a0nas regi\u00f5es do\u00a0Ipiranga e Pomp\u00e9ia, onde ficam localizados os campi do\u00a0Centro Universit\u00e1rio...\" \/>\n<meta property=\"og:url\" content=\"https:\/\/blog.saocamilo-sp.br\/index.php\/2025\/04\/11\/mulheres\/\" \/>\n<meta property=\"og:site_name\" content=\"Blog S\u00e3o Camilo\" \/>\n<meta property=\"article:publisher\" content=\"https:\/\/www.facebook.com\/saocamilosp\" \/>\n<meta property=\"article:published_time\" content=\"2025-04-11T13:25:16+00:00\" \/>\n<meta property=\"article:modified_time\" content=\"2025-04-14T19:08:59+00:00\" \/>\n<meta property=\"og:image\" content=\"https:\/\/blog.saocamilo-sp.br\/wp-content\/uploads\/2025\/04\/Premio_PNGE.png\" \/>\n\t<meta property=\"og:image:width\" content=\"622\" \/>\n\t<meta property=\"og:image:height\" content=\"424\" \/>\n\t<meta property=\"og:image:type\" content=\"image\/png\" \/>\n<meta name=\"author\" content=\"Lucas Soares Gon\u00e7alves\" \/>\n<meta name=\"twitter:card\" content=\"summary_large_image\" \/>\n<meta name=\"twitter:creator\" content=\"@saocamilosp\" \/>\n<meta name=\"twitter:site\" content=\"@saocamilosp\" \/>\n<meta name=\"twitter:label1\" content=\"Escrito por\" \/>\n\t<meta name=\"twitter:data1\" content=\"Lucas Soares Gon\u00e7alves\" \/>\n\t<meta name=\"twitter:label2\" content=\"Est. tempo de leitura\" \/>\n\t<meta name=\"twitter:data2\" content=\"3 minutos\" \/>\n<script type=\"application\/ld+json\" class=\"yoast-schema-graph\">{\"@context\":\"https:\\\/\\\/schema.org\",\"@graph\":[{\"@type\":\"Article\",\"@id\":\"https:\\\/\\\/blog.saocamilo-sp.br\\\/index.php\\\/2025\\\/04\\\/11\\\/mulheres\\\/#article\",\"isPartOf\":{\"@id\":\"https:\\\/\\\/blog.saocamilo-sp.br\\\/index.php\\\/2025\\\/04\\\/11\\\/mulheres\\\/\"},\"author\":{\"name\":\"Lucas Soares Gon\u00e7alves\",\"@id\":\"https:\\\/\\\/blog.saocamilo-sp.br\\\/#\\\/schema\\\/person\\\/781135418152912d4b58f2db13a2eaf0\"},\"headline\":\"S\u00e3o Camilo vence pr\u00eamio nacional por projeto social voltado a mulheres\",\"datePublished\":\"2025-04-11T13:25:16+00:00\",\"dateModified\":\"2025-04-14T19:08:59+00:00\",\"mainEntityOfPage\":{\"@id\":\"https:\\\/\\\/blog.saocamilo-sp.br\\\/index.php\\\/2025\\\/04\\\/11\\\/mulheres\\\/\"},\"wordCount\":513,\"commentCount\":0,\"publisher\":{\"@id\":\"https:\\\/\\\/blog.saocamilo-sp.br\\\/#organization\"},\"image\":{\"@id\":\"https:\\\/\\\/blog.saocamilo-sp.br\\\/index.php\\\/2025\\\/04\\\/11\\\/mulheres\\\/#primaryimage\"},\"thumbnailUrl\":\"https:\\\/\\\/blog.saocamilo-sp.br\\\/wp-content\\\/uploads\\\/2025\\\/04\\\/Premio_PNGE.png\",\"articleSection\":[\"Cursos\"],\"inLanguage\":\"pt-BR\",\"potentialAction\":[{\"@type\":\"CommentAction\",\"name\":\"Comment\",\"target\":[\"https:\\\/\\\/blog.saocamilo-sp.br\\\/index.php\\\/2025\\\/04\\\/11\\\/mulheres\\\/#respond\"]}]},{\"@type\":\"WebPage\",\"@id\":\"https:\\\/\\\/blog.saocamilo-sp.br\\\/index.php\\\/2025\\\/04\\\/11\\\/mulheres\\\/\",\"url\":\"https:\\\/\\\/blog.saocamilo-sp.br\\\/index.php\\\/2025\\\/04\\\/11\\\/mulheres\\\/\",\"name\":\"S\u00e3o Camilo vence pr\u00eamio nacional por projeto social voltado a mulheres - Blog S\u00e3o Camilo\",\"isPartOf\":{\"@id\":\"https:\\\/\\\/blog.saocamilo-sp.br\\\/#website\"},\"primaryImageOfPage\":{\"@id\":\"https:\\\/\\\/blog.saocamilo-sp.br\\\/index.php\\\/2025\\\/04\\\/11\\\/mulheres\\\/#primaryimage\"},\"image\":{\"@id\":\"https:\\\/\\\/blog.saocamilo-sp.br\\\/index.php\\\/2025\\\/04\\\/11\\\/mulheres\\\/#primaryimage\"},\"thumbnailUrl\":\"https:\\\/\\\/blog.saocamilo-sp.br\\\/wp-content\\\/uploads\\\/2025\\\/04\\\/Premio_PNGE.png\",\"datePublished\":\"2025-04-11T13:25:16+00:00\",\"dateModified\":\"2025-04-14T19:08:59+00:00\",\"description\":\"Os altos \u00edndices de\u00a0viol\u00eancia contra mulheres\u00a0nas regi\u00f5es do\u00a0Ipiranga e Pomp\u00e9ia, onde ficam localizados os campi do\u00a0Centro Universit\u00e1rio...\",\"breadcrumb\":{\"@id\":\"https:\\\/\\\/blog.saocamilo-sp.br\\\/index.php\\\/2025\\\/04\\\/11\\\/mulheres\\\/#breadcrumb\"},\"inLanguage\":\"pt-BR\",\"potentialAction\":[{\"@type\":\"ReadAction\",\"target\":[\"https:\\\/\\\/blog.saocamilo-sp.br\\\/index.php\\\/2025\\\/04\\\/11\\\/mulheres\\\/\"]}]},{\"@type\":\"ImageObject\",\"inLanguage\":\"pt-BR\",\"@id\":\"https:\\\/\\\/blog.saocamilo-sp.br\\\/index.php\\\/2025\\\/04\\\/11\\\/mulheres\\\/#primaryimage\",\"url\":\"https:\\\/\\\/blog.saocamilo-sp.br\\\/wp-content\\\/uploads\\\/2025\\\/04\\\/Premio_PNGE.png\",\"contentUrl\":\"https:\\\/\\\/blog.saocamilo-sp.br\\\/wp-content\\\/uploads\\\/2025\\\/04\\\/Premio_PNGE.png\",\"width\":622,\"height\":424},{\"@type\":\"BreadcrumbList\",\"@id\":\"https:\\\/\\\/blog.saocamilo-sp.br\\\/index.php\\\/2025\\\/04\\\/11\\\/mulheres\\\/#breadcrumb\",\"itemListElement\":[{\"@type\":\"ListItem\",\"position\":1,\"name\":\"In\u00edcio\",\"item\":\"https:\\\/\\\/blog.saocamilo-sp.br\\\/\"},{\"@type\":\"ListItem\",\"position\":2,\"name\":\"S\u00e3o Camilo vence pr\u00eamio nacional por projeto social voltado a mulheres\"}]},{\"@type\":\"WebSite\",\"@id\":\"https:\\\/\\\/blog.saocamilo-sp.br\\\/#website\",\"url\":\"https:\\\/\\\/blog.saocamilo-sp.br\\\/\",\"name\":\"Blog S\u00e3o Camilo\",\"description\":\"Blog do Centro Universit\u00e1rio S\u00e3o Camilo\",\"publisher\":{\"@id\":\"https:\\\/\\\/blog.saocamilo-sp.br\\\/#organization\"},\"potentialAction\":[{\"@type\":\"SearchAction\",\"target\":{\"@type\":\"EntryPoint\",\"urlTemplate\":\"https:\\\/\\\/blog.saocamilo-sp.br\\\/?s={search_term_string}\"},\"query-input\":{\"@type\":\"PropertyValueSpecification\",\"valueRequired\":true,\"valueName\":\"search_term_string\"}}],\"inLanguage\":\"pt-BR\"},{\"@type\":\"Organization\",\"@id\":\"https:\\\/\\\/blog.saocamilo-sp.br\\\/#organization\",\"name\":\"Blog S\u00e3o Camilo\",\"url\":\"https:\\\/\\\/blog.saocamilo-sp.br\\\/\",\"logo\":{\"@type\":\"ImageObject\",\"inLanguage\":\"pt-BR\",\"@id\":\"https:\\\/\\\/blog.saocamilo-sp.br\\\/#\\\/schema\\\/logo\\\/image\\\/\",\"url\":\"https:\\\/\\\/blog.saocamilo-sp.br\\\/wp-content\\\/uploads\\\/2021\\\/12\\\/cropped-vazio-logo-topo.png\",\"contentUrl\":\"https:\\\/\\\/blog.saocamilo-sp.br\\\/wp-content\\\/uploads\\\/2021\\\/12\\\/cropped-vazio-logo-topo.png\",\"width\":320,\"height\":240,\"caption\":\"Blog S\u00e3o Camilo\"},\"image\":{\"@id\":\"https:\\\/\\\/blog.saocamilo-sp.br\\\/#\\\/schema\\\/logo\\\/image\\\/\"},\"sameAs\":[\"https:\\\/\\\/www.facebook.com\\\/saocamilosp\",\"https:\\\/\\\/x.com\\\/saocamilosp\",\"https:\\\/\\\/www.linkedin.com\\\/school\\\/centro-universit-rio-s-o-camilo\\\/\"]},{\"@type\":\"Person\",\"@id\":\"https:\\\/\\\/blog.saocamilo-sp.br\\\/#\\\/schema\\\/person\\\/781135418152912d4b58f2db13a2eaf0\",\"name\":\"Lucas Soares Gon\u00e7alves\",\"image\":{\"@type\":\"ImageObject\",\"inLanguage\":\"pt-BR\",\"@id\":\"https:\\\/\\\/secure.gravatar.com\\\/avatar\\\/bcd2d703cbb48116eaac2cac8643792535238ff30b2d7ce9e16f9254ec9cae83?s=96&d=mm&r=g\",\"url\":\"https:\\\/\\\/secure.gravatar.com\\\/avatar\\\/bcd2d703cbb48116eaac2cac8643792535238ff30b2d7ce9e16f9254ec9cae83?s=96&d=mm&r=g\",\"contentUrl\":\"https:\\\/\\\/secure.gravatar.com\\\/avatar\\\/bcd2d703cbb48116eaac2cac8643792535238ff30b2d7ce9e16f9254ec9cae83?s=96&d=mm&r=g\",\"caption\":\"Lucas Soares Gon\u00e7alves\"},\"url\":\"https:\\\/\\\/blog.saocamilo-sp.br\\\/index.php\\\/author\\\/lucas-soares-goncalves\\\/\"}]}<\/script>\n<!-- \/ Yoast SEO plugin. -->","yoast_head_json":{"title":"S\u00e3o Camilo vence pr\u00eamio nacional por projeto social voltado a mulheres - Blog S\u00e3o Camilo","description":"Os altos \u00edndices de\u00a0viol\u00eancia contra mulheres\u00a0nas regi\u00f5es do\u00a0Ipiranga e Pomp\u00e9ia, onde ficam localizados os campi do\u00a0Centro Universit\u00e1rio...","robots":{"index":"index","follow":"follow","max-snippet":"max-snippet:-1","max-image-preview":"max-image-preview:large","max-video-preview":"max-video-preview:-1"},"canonical":"https:\/\/blog.saocamilo-sp.br\/index.php\/2025\/04\/11\/mulheres\/","og_locale":"pt_BR","og_type":"article","og_title":"S\u00e3o Camilo vence pr\u00eamio nacional por projeto social voltado a mulheres - Blog S\u00e3o Camilo","og_description":"Os altos \u00edndices de\u00a0viol\u00eancia contra mulheres\u00a0nas regi\u00f5es do\u00a0Ipiranga e Pomp\u00e9ia, onde ficam localizados os campi do\u00a0Centro Universit\u00e1rio...","og_url":"https:\/\/blog.saocamilo-sp.br\/index.php\/2025\/04\/11\/mulheres\/","og_site_name":"Blog S\u00e3o Camilo","article_publisher":"https:\/\/www.facebook.com\/saocamilosp","article_published_time":"2025-04-11T13:25:16+00:00","article_modified_time":"2025-04-14T19:08:59+00:00","og_image":[{"width":622,"height":424,"url":"https:\/\/blog.saocamilo-sp.br\/wp-content\/uploads\/2025\/04\/Premio_PNGE.png","type":"image\/png"}],"author":"Lucas Soares Gon\u00e7alves","twitter_card":"summary_large_image","twitter_creator":"@saocamilosp","twitter_site":"@saocamilosp","twitter_misc":{"Escrito por":"Lucas Soares Gon\u00e7alves","Est. tempo de leitura":"3 minutos"},"schema":{"@context":"https:\/\/schema.org","@graph":[{"@type":"Article","@id":"https:\/\/blog.saocamilo-sp.br\/index.php\/2025\/04\/11\/mulheres\/#article","isPartOf":{"@id":"https:\/\/blog.saocamilo-sp.br\/index.php\/2025\/04\/11\/mulheres\/"},"author":{"name":"Lucas Soares Gon\u00e7alves","@id":"https:\/\/blog.saocamilo-sp.br\/#\/schema\/person\/781135418152912d4b58f2db13a2eaf0"},"headline":"S\u00e3o Camilo vence pr\u00eamio nacional por projeto social voltado a mulheres","datePublished":"2025-04-11T13:25:16+00:00","dateModified":"2025-04-14T19:08:59+00:00","mainEntityOfPage":{"@id":"https:\/\/blog.saocamilo-sp.br\/index.php\/2025\/04\/11\/mulheres\/"},"wordCount":513,"commentCount":0,"publisher":{"@id":"https:\/\/blog.saocamilo-sp.br\/#organization"},"image":{"@id":"https:\/\/blog.saocamilo-sp.br\/index.php\/2025\/04\/11\/mulheres\/#primaryimage"},"thumbnailUrl":"https:\/\/blog.saocamilo-sp.br\/wp-content\/uploads\/2025\/04\/Premio_PNGE.png","articleSection":["Cursos"],"inLanguage":"pt-BR","potentialAction":[{"@type":"CommentAction","name":"Comment","target":["https:\/\/blog.saocamilo-sp.br\/index.php\/2025\/04\/11\/mulheres\/#respond"]}]},{"@type":"WebPage","@id":"https:\/\/blog.saocamilo-sp.br\/index.php\/2025\/04\/11\/mulheres\/","url":"https:\/\/blog.saocamilo-sp.br\/index.php\/2025\/04\/11\/mulheres\/","name":"S\u00e3o Camilo vence pr\u00eamio nacional por projeto social voltado a mulheres - Blog S\u00e3o Camilo","isPartOf":{"@id":"https:\/\/blog.saocamilo-sp.br\/#website"},"primaryImageOfPage":{"@id":"https:\/\/blog.saocamilo-sp.br\/index.php\/2025\/04\/11\/mulheres\/#primaryimage"},"image":{"@id":"https:\/\/blog.saocamilo-sp.br\/index.php\/2025\/04\/11\/mulheres\/#primaryimage"},"thumbnailUrl":"https:\/\/blog.saocamilo-sp.br\/wp-content\/uploads\/2025\/04\/Premio_PNGE.png","datePublished":"2025-04-11T13:25:16+00:00","dateModified":"2025-04-14T19:08:59+00:00","description":"Os altos \u00edndices de\u00a0viol\u00eancia contra mulheres\u00a0nas regi\u00f5es do\u00a0Ipiranga e Pomp\u00e9ia, onde ficam localizados os campi do\u00a0Centro Universit\u00e1rio...","breadcrumb":{"@id":"https:\/\/blog.saocamilo-sp.br\/index.php\/2025\/04\/11\/mulheres\/#breadcrumb"},"inLanguage":"pt-BR","potentialAction":[{"@type":"ReadAction","target":["https:\/\/blog.saocamilo-sp.br\/index.php\/2025\/04\/11\/mulheres\/"]}]},{"@type":"ImageObject","inLanguage":"pt-BR","@id":"https:\/\/blog.saocamilo-sp.br\/index.php\/2025\/04\/11\/mulheres\/#primaryimage","url":"https:\/\/blog.saocamilo-sp.br\/wp-content\/uploads\/2025\/04\/Premio_PNGE.png","contentUrl":"https:\/\/blog.saocamilo-sp.br\/wp-content\/uploads\/2025\/04\/Premio_PNGE.png","width":622,"height":424},{"@type":"BreadcrumbList","@id":"https:\/\/blog.saocamilo-sp.br\/index.php\/2025\/04\/11\/mulheres\/#breadcrumb","itemListElement":[{"@type":"ListItem","position":1,"name":"In\u00edcio","item":"https:\/\/blog.saocamilo-sp.br\/"},{"@type":"ListItem","position":2,"name":"S\u00e3o Camilo vence pr\u00eamio nacional por projeto social voltado a mulheres"}]},{"@type":"WebSite","@id":"https:\/\/blog.saocamilo-sp.br\/#website","url":"https:\/\/blog.saocamilo-sp.br\/","name":"Blog S\u00e3o Camilo","description":"Blog do Centro Universit\u00e1rio S\u00e3o Camilo","publisher":{"@id":"https:\/\/blog.saocamilo-sp.br\/#organization"},"potentialAction":[{"@type":"SearchAction","target":{"@type":"EntryPoint","urlTemplate":"https:\/\/blog.saocamilo-sp.br\/?s={search_term_string}"},"query-input":{"@type":"PropertyValueSpecification","valueRequired":true,"valueName":"search_term_string"}}],"inLanguage":"pt-BR"},{"@type":"Organization","@id":"https:\/\/blog.saocamilo-sp.br\/#organization","name":"Blog S\u00e3o Camilo","url":"https:\/\/blog.saocamilo-sp.br\/","logo":{"@type":"ImageObject","inLanguage":"pt-BR","@id":"https:\/\/blog.saocamilo-sp.br\/#\/schema\/logo\/image\/","url":"https:\/\/blog.saocamilo-sp.br\/wp-content\/uploads\/2021\/12\/cropped-vazio-logo-topo.png","contentUrl":"https:\/\/blog.saocamilo-sp.br\/wp-content\/uploads\/2021\/12\/cropped-vazio-logo-topo.png","width":320,"height":240,"caption":"Blog S\u00e3o Camilo"},"image":{"@id":"https:\/\/blog.saocamilo-sp.br\/#\/schema\/logo\/image\/"},"sameAs":["https:\/\/www.facebook.com\/saocamilosp","https:\/\/x.com\/saocamilosp","https:\/\/www.linkedin.com\/school\/centro-universit-rio-s-o-camilo\/"]},{"@type":"Person","@id":"https:\/\/blog.saocamilo-sp.br\/#\/schema\/person\/781135418152912d4b58f2db13a2eaf0","name":"Lucas Soares Gon\u00e7alves","image":{"@type":"ImageObject","inLanguage":"pt-BR","@id":"https:\/\/secure.gravatar.com\/avatar\/bcd2d703cbb48116eaac2cac8643792535238ff30b2d7ce9e16f9254ec9cae83?s=96&d=mm&r=g","url":"https:\/\/secure.gravatar.com\/avatar\/bcd2d703cbb48116eaac2cac8643792535238ff30b2d7ce9e16f9254ec9cae83?s=96&d=mm&r=g","contentUrl":"https:\/\/secure.gravatar.com\/avatar\/bcd2d703cbb48116eaac2cac8643792535238ff30b2d7ce9e16f9254ec9cae83?s=96&d=mm&r=g","caption":"Lucas Soares Gon\u00e7alves"},"url":"https:\/\/blog.saocamilo-sp.br\/index.php\/author\/lucas-soares-goncalves\/"}]}},"_links":{"self":[{"href":"https:\/\/blog.saocamilo-sp.br\/index.php\/wp-json\/wp\/v2\/posts\/3568","targetHints":{"allow":["GET"]}}],"collection":[{"href":"https:\/\/blog.saocamilo-sp.br\/index.php\/wp-json\/wp\/v2\/posts"}],"about":[{"href":"https:\/\/blog.saocamilo-sp.br\/index.php\/wp-json\/wp\/v2\/types\/post"}],"author":[{"embeddable":true,"href":"https:\/\/blog.saocamilo-sp.br\/index.php\/wp-json\/wp\/v2\/users\/4"}],"replies":[{"embeddable":true,"href":"https:\/\/blog.saocamilo-sp.br\/index.php\/wp-json\/wp\/v2\/comments?post=3568"}],"version-history":[{"count":4,"href":"https:\/\/blog.saocamilo-sp.br\/index.php\/wp-json\/wp\/v2\/posts\/3568\/revisions"}],"predecessor-version":[{"id":3610,"href":"https:\/\/blog.saocamilo-sp.br\/index.php\/wp-json\/wp\/v2\/posts\/3568\/revisions\/3610"}],"wp:featuredmedia":[{"embeddable":true,"href":"https:\/\/blog.saocamilo-sp.br\/index.php\/wp-json\/wp\/v2\/media\/3608"}],"wp:attachment":[{"href":"https:\/\/blog.saocamilo-sp.br\/index.php\/wp-json\/wp\/v2\/media?parent=3568"}],"wp:term":[{"taxonomy":"category","embeddable":true,"href":"https:\/\/blog.saocamilo-sp.br\/index.php\/wp-json\/wp\/v2\/categories?post=3568"},{"taxonomy":"post_tag","embeddable":true,"href":"https:\/\/blog.saocamilo-sp.br\/index.php\/wp-json\/wp\/v2\/tags?post=3568"}],"curies":[{"name":"wp","href":"https:\/\/api.w.org\/{rel}","templated":true}]}}