{"id":3586,"date":"2025-04-14T11:42:46","date_gmt":"2025-04-14T14:42:46","guid":{"rendered":"https:\/\/blog.saocamilo-sp.br\/?p=3586"},"modified":"2025-04-14T15:41:47","modified_gmt":"2025-04-14T18:41:47","slug":"vsr","status":"publish","type":"post","link":"https:\/\/blog.saocamilo-sp.br\/index.php\/2025\/04\/14\/vsr\/","title":{"rendered":"Outono: risco de V\u00edrus Sincicial Respirat\u00f3rio (VSR) em idosos"},"content":{"rendered":"\n<p>O outono traz n\u00e3o apenas o frio, mas tamb\u00e9m um cen\u00e1rio preocupante para a sa\u00fade respirat\u00f3ria dos idosos. Dados do InfoGripe revelam que, nesta \u00e9poca do ano, o V\u00edrus Sincicial Respirat\u00f3rio (VSR) circula com mais intensidade no Pa\u00eds, representando entre 5% e 10% das detec\u00e7\u00f5es em surtos sazonais. Embora conhecido por afetar crian\u00e7as, o pat\u00f3geno preocupa pela alta letalidade em idosos \u2013 nos Estados Unidos, por exemplo, causa at\u00e9 10 mil mortes anuais nessa faixa et\u00e1ria.<\/p>\n\n\n\n<h2 class=\"wp-block-heading\">O que \u00e9 o V\u00edrus Sincicial Respirat\u00f3rio (VSR)?<\/h2>\n\n\n\n<p>O VSR \u00e9 um agente infeccioso que ataca os pulm\u00f5es e as vias respirat\u00f3rias. Ele \u00e9 especialmente comum em beb\u00eas e crian\u00e7as pequenas, mas pode afetar pessoas de qualquer idade. O VSR se espalha facilmente, sendo transmitido de uma pessoa para outra quando algu\u00e9m tosse ou espirra, ou ao tocar superf\u00edcies e objetos contaminados.<\/p>\n\n\n\n<h2 class=\"wp-block-heading\">Formas de transmiss\u00e3o e impacto do VSR<\/h2>\n\n\n\n<p>O v\u00edrus entra no corpo pelas mucosas dos olhos, boca e nariz. De acordo com o pneumologista Enrico Fortunato, professor do <a href=\"https:\/\/saocamilo-sp.br\/\">Centro Universit\u00e1rio S\u00e3o Camilo<\/a>, o VSR pode desencadear pneumonias virais, coinfec\u00e7\u00f5es bacterianas e descompensa\u00e7\u00f5es card\u00edacas ou pulmonares, elevando o risco de interna\u00e7\u00f5es prolongadas e \u00f3bitos. A taxa de mortalidade hospitalar varia entre 3% e 10%, dependendo do perfil do paciente.<\/p>\n\n\n\n<h2 class=\"wp-block-heading\">Complica\u00e7\u00f5es do VSR em idosos e taxa de mortalidade<\/h2>\n\n\n\n<p>\u201cDurante os meses mais frios, observamos aumento expressivo de doen\u00e7as respirat\u00f3rias em idosos. Sendo doen\u00e7as mais&nbsp;comuns as&nbsp;infec\u00e7\u00f5es virais como gripe (Influenza), COVID-19 e infec\u00e7\u00e3o por VSR. Tamb\u00e9m s\u00e3o frequentes as pneumonias bacterianas e as exacerba\u00e7\u00f5es de doen\u00e7as cr\u00f4nicas como asma e DPOC\u201d, informou. Fortunato ressalta que os sintomas do VSR costumam ser mais lentos e insidiosos que os da gripe, com predomin\u00e2ncia de tosse seca, falta de ar e fadiga e, diferentemente da COVID-19, raramente h\u00e1 perda de olfato ou febre alta.<\/p>\n\n\n\n<h2 class=\"wp-block-heading\">Principais sintomas e como diferenciar de outras infec\u00e7\u00f5es<\/h2>\n\n\n\n<p>As condi\u00e7\u00f5es ambientais, como ar seco e perman\u00eancia em ambientes fechados, favorecem a maior incid\u00eancia dessas doen\u00e7as, por\u00e9m&nbsp;nesta \u00e9poca do ano, o VSR circula com mais frequ\u00eancia Pa\u00eds. De acordo com o professor de pneumologia do <a href=\"https:\/\/saocamilo-sp.br\/\">Centro Universit\u00e1rio S\u00e3o Camilo<\/a> Enrico Fortunato, o VSR j\u00e1 representa entre 5% e 10% das detec\u00e7\u00f5es virais em surtos respirat\u00f3rios sazonais no Brasil. Ele explica que&nbsp;o v\u00edrus representa um risco elevado em idosos, principalmente nos portadores de doen\u00e7as cr\u00f4nicas, podendo causar hospitaliza\u00e7\u00f5es prolongadas e at\u00e9 o \u00f3bito. \u201cNos Estados Unidos, estima-se at\u00e9 10 mil mortes anuais em pessoas&nbsp;com idade igual ou maior que 65 anos. A taxa de mortalidade hospitalar pode variar entre 3% a 10%, dependendo do perfil cl\u00ednico do paciente\u201d, explicou.<\/p>\n\n\n\n<h2 class=\"wp-block-heading\">Fatores ambientais que favorecem a dissemina\u00e7\u00e3o do v\u00edrus<\/h2>\n\n\n\n<p>As&nbsp;principais complica\u00e7\u00f5es s\u00e3o os ricos de pneumonia viral, coinfec\u00e7\u00f5es bacterianas, descompensa\u00e7\u00f5es card\u00edacas ou pulmonares e maior risco de hospitaliza\u00e7\u00e3o e \u00f3bito.&nbsp;Ele informa que \u00e9 importante procurar um atendimento hospitalar nos primeiros sinais como falta de ar, queda da satura\u00e7\u00e3o de oxig\u00eanio&nbsp;com \u00edndice de menos 92%, confus\u00e3o mental, febre persistente, piora das comorbidades ou sinais de desidrata\u00e7\u00e3o. \u201cO diagn\u00f3stico e o suporte precoce s\u00e3o fundamentais para reduzir complica\u00e7\u00f5es\u201d, enfatizou.<\/p>\n\n\n\n<h2 class=\"wp-block-heading\">Vacinas aprovadas para idosos contra o VSR<\/h2>\n\n\n\n<p>Vacinas&nbsp;\u2013&nbsp;Segundo o professor Enrico Fortunato, duas vacinas foram aprovadas para idosos: Arexvy (GSK) e Abrysvo (Pfizer). Ambas demonstraram efic\u00e1cia entre 70% e 82% contra formas graves. \u201cNo momento n\u00e3o h\u00e1 antiviral espec\u00edfico amplamente aprovado para adultos, ent\u00e3o o tratamento \u00e9 de suporte\u201d, explicou.<\/p>\n\n\n\n<p>As orienta\u00e7\u00f5es do professor para manter a sa\u00fade dos idosos passam por um conjunto de medidas, como manter as vacinas em dia para Influenza, COVID-19, pneumoc\u00f3cica e VSR, se dispon\u00edvel, adotar higiene das m\u00e3os, usar m\u00e1scara em ambientes fechados e evitar aglomera\u00e7\u00f5es, al\u00e9m de manter a&nbsp;ventila\u00e7\u00e3o dos ambientes e o controle das doen\u00e7as de base e sempre manter a hidrata\u00e7\u00e3o adequada.<\/p>\n\n\n\n<p>Fonte: D24am. Leia mais em https:\/\/d24am.com\/saude\/outono-eleva-risco-de-virus-sincicial-respiratorio-em-idosos-saiba-se-proteger\/<\/p>\n\n\n\n<p><\/p>\n","protected":false},"excerpt":{"rendered":"<p>Confira a mat\u00e9ria sobre o VSR com o Prof. Enrico Fortunato, pneumologista do Centro Universit\u00e1rio S\u00e3o Camilo.<\/p>\n","protected":false},"author":4,"featured_media":3606,"comment_status":"open","ping_status":"open","sticky":false,"template":"","format":"standard","meta":{"cybocfi_hide_featured_image":"","footnotes":""},"categories":[1,85],"tags":[186,187,20,17],"class_list":["post-3586","post","type-post","status-publish","format-standard","has-post-thumbnail","hentry","category-cursos","category-vestibular","tag-idosos","tag-prevencao","tag-sao-camilo","tag-saude"],"yoast_head":"<!-- This site is optimized with the Yoast SEO plugin v27.5 - https:\/\/yoast.com\/product\/yoast-seo-wordpress\/ -->\n<title>Outono: risco de V\u00edrus Sincicial Respirat\u00f3rio (VSR) em idosos - Blog S\u00e3o Camilo<\/title>\n<meta name=\"description\" content=\"Confira a mat\u00e9ria sobre o VSR com o Prof. Enrico Fortunato, pneumologista do Centro Universit\u00e1rio S\u00e3o Camilo.\" \/>\n<meta name=\"robots\" content=\"index, follow, max-snippet:-1, max-image-preview:large, max-video-preview:-1\" \/>\n<link rel=\"canonical\" href=\"https:\/\/blog.saocamilo-sp.br\/index.php\/2025\/04\/14\/vsr\/\" \/>\n<meta property=\"og:locale\" content=\"pt_BR\" \/>\n<meta property=\"og:type\" content=\"article\" \/>\n<meta property=\"og:title\" content=\"Outono: risco de V\u00edrus Sincicial Respirat\u00f3rio (VSR) em idosos - Blog S\u00e3o Camilo\" \/>\n<meta property=\"og:description\" content=\"Confira a mat\u00e9ria sobre o VSR com o Prof. Enrico Fortunato, pneumologista do Centro Universit\u00e1rio S\u00e3o Camilo.\" \/>\n<meta property=\"og:url\" content=\"https:\/\/blog.saocamilo-sp.br\/index.php\/2025\/04\/14\/vsr\/\" \/>\n<meta property=\"og:site_name\" content=\"Blog S\u00e3o Camilo\" \/>\n<meta property=\"article:publisher\" content=\"https:\/\/www.facebook.com\/saocamilosp\" \/>\n<meta property=\"article:published_time\" content=\"2025-04-14T14:42:46+00:00\" \/>\n<meta property=\"article:modified_time\" content=\"2025-04-14T18:41:47+00:00\" \/>\n<meta property=\"og:image\" content=\"https:\/\/blog.saocamilo-sp.br\/wp-content\/uploads\/2025\/04\/VSR-em-idosos.png\" \/>\n\t<meta property=\"og:image:width\" content=\"622\" \/>\n\t<meta property=\"og:image:height\" content=\"424\" \/>\n\t<meta property=\"og:image:type\" content=\"image\/png\" \/>\n<meta name=\"author\" content=\"Lucas Soares Gon\u00e7alves\" \/>\n<meta name=\"twitter:card\" content=\"summary_large_image\" \/>\n<meta name=\"twitter:creator\" content=\"@saocamilosp\" \/>\n<meta name=\"twitter:site\" content=\"@saocamilosp\" \/>\n<meta name=\"twitter:label1\" content=\"Escrito por\" \/>\n\t<meta name=\"twitter:data1\" content=\"Lucas Soares Gon\u00e7alves\" \/>\n\t<meta name=\"twitter:label2\" content=\"Est. tempo de leitura\" \/>\n\t<meta name=\"twitter:data2\" content=\"4 minutos\" \/>\n<script type=\"application\/ld+json\" class=\"yoast-schema-graph\">{\"@context\":\"https:\\\/\\\/schema.org\",\"@graph\":[{\"@type\":\"Article\",\"@id\":\"https:\\\/\\\/blog.saocamilo-sp.br\\\/index.php\\\/2025\\\/04\\\/14\\\/vsr\\\/#article\",\"isPartOf\":{\"@id\":\"https:\\\/\\\/blog.saocamilo-sp.br\\\/index.php\\\/2025\\\/04\\\/14\\\/vsr\\\/\"},\"author\":{\"name\":\"Lucas Soares Gon\u00e7alves\",\"@id\":\"https:\\\/\\\/blog.saocamilo-sp.br\\\/#\\\/schema\\\/person\\\/781135418152912d4b58f2db13a2eaf0\"},\"headline\":\"Outono: risco de V\u00edrus Sincicial Respirat\u00f3rio (VSR) em idosos\",\"datePublished\":\"2025-04-14T14:42:46+00:00\",\"dateModified\":\"2025-04-14T18:41:47+00:00\",\"mainEntityOfPage\":{\"@id\":\"https:\\\/\\\/blog.saocamilo-sp.br\\\/index.php\\\/2025\\\/04\\\/14\\\/vsr\\\/\"},\"wordCount\":722,\"commentCount\":0,\"publisher\":{\"@id\":\"https:\\\/\\\/blog.saocamilo-sp.br\\\/#organization\"},\"image\":{\"@id\":\"https:\\\/\\\/blog.saocamilo-sp.br\\\/index.php\\\/2025\\\/04\\\/14\\\/vsr\\\/#primaryimage\"},\"thumbnailUrl\":\"https:\\\/\\\/blog.saocamilo-sp.br\\\/wp-content\\\/uploads\\\/2025\\\/04\\\/VSR-em-idosos.png\",\"keywords\":[\"idosos\",\"preven\u00e7\u00e3o\",\"S\u00e3o Camilo\",\"Sa\u00fade\"],\"articleSection\":[\"Cursos\",\"Vestibular\"],\"inLanguage\":\"pt-BR\",\"potentialAction\":[{\"@type\":\"CommentAction\",\"name\":\"Comment\",\"target\":[\"https:\\\/\\\/blog.saocamilo-sp.br\\\/index.php\\\/2025\\\/04\\\/14\\\/vsr\\\/#respond\"]}]},{\"@type\":\"WebPage\",\"@id\":\"https:\\\/\\\/blog.saocamilo-sp.br\\\/index.php\\\/2025\\\/04\\\/14\\\/vsr\\\/\",\"url\":\"https:\\\/\\\/blog.saocamilo-sp.br\\\/index.php\\\/2025\\\/04\\\/14\\\/vsr\\\/\",\"name\":\"Outono: risco de V\u00edrus Sincicial Respirat\u00f3rio (VSR) em idosos - Blog S\u00e3o Camilo\",\"isPartOf\":{\"@id\":\"https:\\\/\\\/blog.saocamilo-sp.br\\\/#website\"},\"primaryImageOfPage\":{\"@id\":\"https:\\\/\\\/blog.saocamilo-sp.br\\\/index.php\\\/2025\\\/04\\\/14\\\/vsr\\\/#primaryimage\"},\"image\":{\"@id\":\"https:\\\/\\\/blog.saocamilo-sp.br\\\/index.php\\\/2025\\\/04\\\/14\\\/vsr\\\/#primaryimage\"},\"thumbnailUrl\":\"https:\\\/\\\/blog.saocamilo-sp.br\\\/wp-content\\\/uploads\\\/2025\\\/04\\\/VSR-em-idosos.png\",\"datePublished\":\"2025-04-14T14:42:46+00:00\",\"dateModified\":\"2025-04-14T18:41:47+00:00\",\"description\":\"Confira a mat\u00e9ria sobre o VSR com o Prof. Enrico Fortunato, pneumologista do Centro Universit\u00e1rio S\u00e3o Camilo.\",\"breadcrumb\":{\"@id\":\"https:\\\/\\\/blog.saocamilo-sp.br\\\/index.php\\\/2025\\\/04\\\/14\\\/vsr\\\/#breadcrumb\"},\"inLanguage\":\"pt-BR\",\"potentialAction\":[{\"@type\":\"ReadAction\",\"target\":[\"https:\\\/\\\/blog.saocamilo-sp.br\\\/index.php\\\/2025\\\/04\\\/14\\\/vsr\\\/\"]}]},{\"@type\":\"ImageObject\",\"inLanguage\":\"pt-BR\",\"@id\":\"https:\\\/\\\/blog.saocamilo-sp.br\\\/index.php\\\/2025\\\/04\\\/14\\\/vsr\\\/#primaryimage\",\"url\":\"https:\\\/\\\/blog.saocamilo-sp.br\\\/wp-content\\\/uploads\\\/2025\\\/04\\\/VSR-em-idosos.png\",\"contentUrl\":\"https:\\\/\\\/blog.saocamilo-sp.br\\\/wp-content\\\/uploads\\\/2025\\\/04\\\/VSR-em-idosos.png\",\"width\":622,\"height\":424},{\"@type\":\"BreadcrumbList\",\"@id\":\"https:\\\/\\\/blog.saocamilo-sp.br\\\/index.php\\\/2025\\\/04\\\/14\\\/vsr\\\/#breadcrumb\",\"itemListElement\":[{\"@type\":\"ListItem\",\"position\":1,\"name\":\"In\u00edcio\",\"item\":\"https:\\\/\\\/blog.saocamilo-sp.br\\\/\"},{\"@type\":\"ListItem\",\"position\":2,\"name\":\"Outono: risco de V\u00edrus Sincicial Respirat\u00f3rio (VSR) em idosos\"}]},{\"@type\":\"WebSite\",\"@id\":\"https:\\\/\\\/blog.saocamilo-sp.br\\\/#website\",\"url\":\"https:\\\/\\\/blog.saocamilo-sp.br\\\/\",\"name\":\"Blog S\u00e3o Camilo\",\"description\":\"Blog do Centro Universit\u00e1rio S\u00e3o Camilo\",\"publisher\":{\"@id\":\"https:\\\/\\\/blog.saocamilo-sp.br\\\/#organization\"},\"potentialAction\":[{\"@type\":\"SearchAction\",\"target\":{\"@type\":\"EntryPoint\",\"urlTemplate\":\"https:\\\/\\\/blog.saocamilo-sp.br\\\/?s={search_term_string}\"},\"query-input\":{\"@type\":\"PropertyValueSpecification\",\"valueRequired\":true,\"valueName\":\"search_term_string\"}}],\"inLanguage\":\"pt-BR\"},{\"@type\":\"Organization\",\"@id\":\"https:\\\/\\\/blog.saocamilo-sp.br\\\/#organization\",\"name\":\"Blog S\u00e3o Camilo\",\"url\":\"https:\\\/\\\/blog.saocamilo-sp.br\\\/\",\"logo\":{\"@type\":\"ImageObject\",\"inLanguage\":\"pt-BR\",\"@id\":\"https:\\\/\\\/blog.saocamilo-sp.br\\\/#\\\/schema\\\/logo\\\/image\\\/\",\"url\":\"https:\\\/\\\/blog.saocamilo-sp.br\\\/wp-content\\\/uploads\\\/2021\\\/12\\\/cropped-vazio-logo-topo.png\",\"contentUrl\":\"https:\\\/\\\/blog.saocamilo-sp.br\\\/wp-content\\\/uploads\\\/2021\\\/12\\\/cropped-vazio-logo-topo.png\",\"width\":320,\"height\":240,\"caption\":\"Blog S\u00e3o Camilo\"},\"image\":{\"@id\":\"https:\\\/\\\/blog.saocamilo-sp.br\\\/#\\\/schema\\\/logo\\\/image\\\/\"},\"sameAs\":[\"https:\\\/\\\/www.facebook.com\\\/saocamilosp\",\"https:\\\/\\\/x.com\\\/saocamilosp\",\"https:\\\/\\\/www.linkedin.com\\\/school\\\/centro-universit-rio-s-o-camilo\\\/\"]},{\"@type\":\"Person\",\"@id\":\"https:\\\/\\\/blog.saocamilo-sp.br\\\/#\\\/schema\\\/person\\\/781135418152912d4b58f2db13a2eaf0\",\"name\":\"Lucas Soares Gon\u00e7alves\",\"image\":{\"@type\":\"ImageObject\",\"inLanguage\":\"pt-BR\",\"@id\":\"https:\\\/\\\/secure.gravatar.com\\\/avatar\\\/bcd2d703cbb48116eaac2cac8643792535238ff30b2d7ce9e16f9254ec9cae83?s=96&d=mm&r=g\",\"url\":\"https:\\\/\\\/secure.gravatar.com\\\/avatar\\\/bcd2d703cbb48116eaac2cac8643792535238ff30b2d7ce9e16f9254ec9cae83?s=96&d=mm&r=g\",\"contentUrl\":\"https:\\\/\\\/secure.gravatar.com\\\/avatar\\\/bcd2d703cbb48116eaac2cac8643792535238ff30b2d7ce9e16f9254ec9cae83?s=96&d=mm&r=g\",\"caption\":\"Lucas Soares Gon\u00e7alves\"},\"url\":\"https:\\\/\\\/blog.saocamilo-sp.br\\\/index.php\\\/author\\\/lucas-soares-goncalves\\\/\"}]}<\/script>\n<!-- \/ Yoast SEO plugin. -->","yoast_head_json":{"title":"Outono: risco de V\u00edrus Sincicial Respirat\u00f3rio (VSR) em idosos - Blog S\u00e3o Camilo","description":"Confira a mat\u00e9ria sobre o VSR com o Prof. Enrico Fortunato, pneumologista do Centro Universit\u00e1rio S\u00e3o Camilo.","robots":{"index":"index","follow":"follow","max-snippet":"max-snippet:-1","max-image-preview":"max-image-preview:large","max-video-preview":"max-video-preview:-1"},"canonical":"https:\/\/blog.saocamilo-sp.br\/index.php\/2025\/04\/14\/vsr\/","og_locale":"pt_BR","og_type":"article","og_title":"Outono: risco de V\u00edrus Sincicial Respirat\u00f3rio (VSR) em idosos - Blog S\u00e3o Camilo","og_description":"Confira a mat\u00e9ria sobre o VSR com o Prof. Enrico Fortunato, pneumologista do Centro Universit\u00e1rio S\u00e3o Camilo.","og_url":"https:\/\/blog.saocamilo-sp.br\/index.php\/2025\/04\/14\/vsr\/","og_site_name":"Blog S\u00e3o Camilo","article_publisher":"https:\/\/www.facebook.com\/saocamilosp","article_published_time":"2025-04-14T14:42:46+00:00","article_modified_time":"2025-04-14T18:41:47+00:00","og_image":[{"width":622,"height":424,"url":"https:\/\/blog.saocamilo-sp.br\/wp-content\/uploads\/2025\/04\/VSR-em-idosos.png","type":"image\/png"}],"author":"Lucas Soares Gon\u00e7alves","twitter_card":"summary_large_image","twitter_creator":"@saocamilosp","twitter_site":"@saocamilosp","twitter_misc":{"Escrito por":"Lucas Soares Gon\u00e7alves","Est. tempo de leitura":"4 minutos"},"schema":{"@context":"https:\/\/schema.org","@graph":[{"@type":"Article","@id":"https:\/\/blog.saocamilo-sp.br\/index.php\/2025\/04\/14\/vsr\/#article","isPartOf":{"@id":"https:\/\/blog.saocamilo-sp.br\/index.php\/2025\/04\/14\/vsr\/"},"author":{"name":"Lucas Soares Gon\u00e7alves","@id":"https:\/\/blog.saocamilo-sp.br\/#\/schema\/person\/781135418152912d4b58f2db13a2eaf0"},"headline":"Outono: risco de V\u00edrus Sincicial Respirat\u00f3rio (VSR) em idosos","datePublished":"2025-04-14T14:42:46+00:00","dateModified":"2025-04-14T18:41:47+00:00","mainEntityOfPage":{"@id":"https:\/\/blog.saocamilo-sp.br\/index.php\/2025\/04\/14\/vsr\/"},"wordCount":722,"commentCount":0,"publisher":{"@id":"https:\/\/blog.saocamilo-sp.br\/#organization"},"image":{"@id":"https:\/\/blog.saocamilo-sp.br\/index.php\/2025\/04\/14\/vsr\/#primaryimage"},"thumbnailUrl":"https:\/\/blog.saocamilo-sp.br\/wp-content\/uploads\/2025\/04\/VSR-em-idosos.png","keywords":["idosos","preven\u00e7\u00e3o","S\u00e3o Camilo","Sa\u00fade"],"articleSection":["Cursos","Vestibular"],"inLanguage":"pt-BR","potentialAction":[{"@type":"CommentAction","name":"Comment","target":["https:\/\/blog.saocamilo-sp.br\/index.php\/2025\/04\/14\/vsr\/#respond"]}]},{"@type":"WebPage","@id":"https:\/\/blog.saocamilo-sp.br\/index.php\/2025\/04\/14\/vsr\/","url":"https:\/\/blog.saocamilo-sp.br\/index.php\/2025\/04\/14\/vsr\/","name":"Outono: risco de V\u00edrus Sincicial Respirat\u00f3rio (VSR) em idosos - Blog S\u00e3o Camilo","isPartOf":{"@id":"https:\/\/blog.saocamilo-sp.br\/#website"},"primaryImageOfPage":{"@id":"https:\/\/blog.saocamilo-sp.br\/index.php\/2025\/04\/14\/vsr\/#primaryimage"},"image":{"@id":"https:\/\/blog.saocamilo-sp.br\/index.php\/2025\/04\/14\/vsr\/#primaryimage"},"thumbnailUrl":"https:\/\/blog.saocamilo-sp.br\/wp-content\/uploads\/2025\/04\/VSR-em-idosos.png","datePublished":"2025-04-14T14:42:46+00:00","dateModified":"2025-04-14T18:41:47+00:00","description":"Confira a mat\u00e9ria sobre o VSR com o Prof. Enrico Fortunato, pneumologista do Centro Universit\u00e1rio S\u00e3o Camilo.","breadcrumb":{"@id":"https:\/\/blog.saocamilo-sp.br\/index.php\/2025\/04\/14\/vsr\/#breadcrumb"},"inLanguage":"pt-BR","potentialAction":[{"@type":"ReadAction","target":["https:\/\/blog.saocamilo-sp.br\/index.php\/2025\/04\/14\/vsr\/"]}]},{"@type":"ImageObject","inLanguage":"pt-BR","@id":"https:\/\/blog.saocamilo-sp.br\/index.php\/2025\/04\/14\/vsr\/#primaryimage","url":"https:\/\/blog.saocamilo-sp.br\/wp-content\/uploads\/2025\/04\/VSR-em-idosos.png","contentUrl":"https:\/\/blog.saocamilo-sp.br\/wp-content\/uploads\/2025\/04\/VSR-em-idosos.png","width":622,"height":424},{"@type":"BreadcrumbList","@id":"https:\/\/blog.saocamilo-sp.br\/index.php\/2025\/04\/14\/vsr\/#breadcrumb","itemListElement":[{"@type":"ListItem","position":1,"name":"In\u00edcio","item":"https:\/\/blog.saocamilo-sp.br\/"},{"@type":"ListItem","position":2,"name":"Outono: risco de V\u00edrus Sincicial Respirat\u00f3rio (VSR) em idosos"}]},{"@type":"WebSite","@id":"https:\/\/blog.saocamilo-sp.br\/#website","url":"https:\/\/blog.saocamilo-sp.br\/","name":"Blog S\u00e3o Camilo","description":"Blog do Centro Universit\u00e1rio S\u00e3o Camilo","publisher":{"@id":"https:\/\/blog.saocamilo-sp.br\/#organization"},"potentialAction":[{"@type":"SearchAction","target":{"@type":"EntryPoint","urlTemplate":"https:\/\/blog.saocamilo-sp.br\/?s={search_term_string}"},"query-input":{"@type":"PropertyValueSpecification","valueRequired":true,"valueName":"search_term_string"}}],"inLanguage":"pt-BR"},{"@type":"Organization","@id":"https:\/\/blog.saocamilo-sp.br\/#organization","name":"Blog S\u00e3o Camilo","url":"https:\/\/blog.saocamilo-sp.br\/","logo":{"@type":"ImageObject","inLanguage":"pt-BR","@id":"https:\/\/blog.saocamilo-sp.br\/#\/schema\/logo\/image\/","url":"https:\/\/blog.saocamilo-sp.br\/wp-content\/uploads\/2021\/12\/cropped-vazio-logo-topo.png","contentUrl":"https:\/\/blog.saocamilo-sp.br\/wp-content\/uploads\/2021\/12\/cropped-vazio-logo-topo.png","width":320,"height":240,"caption":"Blog S\u00e3o Camilo"},"image":{"@id":"https:\/\/blog.saocamilo-sp.br\/#\/schema\/logo\/image\/"},"sameAs":["https:\/\/www.facebook.com\/saocamilosp","https:\/\/x.com\/saocamilosp","https:\/\/www.linkedin.com\/school\/centro-universit-rio-s-o-camilo\/"]},{"@type":"Person","@id":"https:\/\/blog.saocamilo-sp.br\/#\/schema\/person\/781135418152912d4b58f2db13a2eaf0","name":"Lucas Soares Gon\u00e7alves","image":{"@type":"ImageObject","inLanguage":"pt-BR","@id":"https:\/\/secure.gravatar.com\/avatar\/bcd2d703cbb48116eaac2cac8643792535238ff30b2d7ce9e16f9254ec9cae83?s=96&d=mm&r=g","url":"https:\/\/secure.gravatar.com\/avatar\/bcd2d703cbb48116eaac2cac8643792535238ff30b2d7ce9e16f9254ec9cae83?s=96&d=mm&r=g","contentUrl":"https:\/\/secure.gravatar.com\/avatar\/bcd2d703cbb48116eaac2cac8643792535238ff30b2d7ce9e16f9254ec9cae83?s=96&d=mm&r=g","caption":"Lucas Soares Gon\u00e7alves"},"url":"https:\/\/blog.saocamilo-sp.br\/index.php\/author\/lucas-soares-goncalves\/"}]}},"_links":{"self":[{"href":"https:\/\/blog.saocamilo-sp.br\/index.php\/wp-json\/wp\/v2\/posts\/3586","targetHints":{"allow":["GET"]}}],"collection":[{"href":"https:\/\/blog.saocamilo-sp.br\/index.php\/wp-json\/wp\/v2\/posts"}],"about":[{"href":"https:\/\/blog.saocamilo-sp.br\/index.php\/wp-json\/wp\/v2\/types\/post"}],"author":[{"embeddable":true,"href":"https:\/\/blog.saocamilo-sp.br\/index.php\/wp-json\/wp\/v2\/users\/4"}],"replies":[{"embeddable":true,"href":"https:\/\/blog.saocamilo-sp.br\/index.php\/wp-json\/wp\/v2\/comments?post=3586"}],"version-history":[{"count":6,"href":"https:\/\/blog.saocamilo-sp.br\/index.php\/wp-json\/wp\/v2\/posts\/3586\/revisions"}],"predecessor-version":[{"id":3603,"href":"https:\/\/blog.saocamilo-sp.br\/index.php\/wp-json\/wp\/v2\/posts\/3586\/revisions\/3603"}],"wp:featuredmedia":[{"embeddable":true,"href":"https:\/\/blog.saocamilo-sp.br\/index.php\/wp-json\/wp\/v2\/media\/3606"}],"wp:attachment":[{"href":"https:\/\/blog.saocamilo-sp.br\/index.php\/wp-json\/wp\/v2\/media?parent=3586"}],"wp:term":[{"taxonomy":"category","embeddable":true,"href":"https:\/\/blog.saocamilo-sp.br\/index.php\/wp-json\/wp\/v2\/categories?post=3586"},{"taxonomy":"post_tag","embeddable":true,"href":"https:\/\/blog.saocamilo-sp.br\/index.php\/wp-json\/wp\/v2\/tags?post=3586"}],"curies":[{"name":"wp","href":"https:\/\/api.w.org\/{rel}","templated":true}]}}