{"id":3615,"date":"2025-04-22T17:29:40","date_gmt":"2025-04-22T20:29:40","guid":{"rendered":"https:\/\/blog.saocamilo-sp.br\/?p=3615"},"modified":"2025-04-30T17:42:46","modified_gmt":"2025-04-30T20:42:46","slug":"o-que-vai-mudar-no-mercado-de-trabalho-global-em-2025","status":"publish","type":"post","link":"https:\/\/blog.saocamilo-sp.br\/index.php\/2025\/04\/22\/o-que-vai-mudar-no-mercado-de-trabalho-global-em-2025\/","title":{"rendered":"O que vai mudar no mercado de trabalho global em 2025?"},"content":{"rendered":"\n<p>O futuro mercado de trabalho est\u00e1 mudando de forma acelerada. Impulsionadas por tecnologias emergentes, quest\u00f5es sociais e novas exig\u00eancias econ\u00f4micas, essas transforma\u00e7\u00f5es foram detalhadas no <strong>Future of Jobs Report 2025<\/strong>, publicado pelo <a href=\"https:\/\/www.deloitte.com\/br\/pt\/Industries\/health-care\/research\/global-health-care-outlook.html\"><strong>World Economic Forum<\/strong>.<\/a><\/p>\n\n\n\n<p>Neste conte\u00fado, voc\u00ea vai descobrir as principais tend\u00eancias do mundo profissional para os pr\u00f3ximos anos \u2014 especialmente no setor de sa\u00fade \u2014 e entender como se preparar para as novas oportunidades.<\/p>\n\n\n\n<hr class=\"wp-block-separator has-alpha-channel-opacity\"\/>\n\n\n\n<h2 class=\"wp-block-heading\">Panorama Global: O Que Est\u00e1 Por Vir no Futuro?<\/h2>\n\n\n\n<p>De acordo com o relat\u00f3rio, at\u00e9 <strong>2030<\/strong>, o mercado mundial vai passar por um verdadeiro \u201cchacoalh\u00e3o\u201d. Estima-se que:<\/p>\n\n\n\n<ul class=\"wp-block-list\">\n<li><strong>170 milh\u00f5es de novos empregos ser\u00e3o criados<\/strong><\/li>\n\n\n\n<li><strong>92 milh\u00f5es de vagas desaparecer\u00e3o<\/strong><\/li>\n<\/ul>\n\n\n\n<p>Como resultado, o saldo l\u00edquido ser\u00e1 positivo, com <strong>78 milh\u00f5es de novos postos de trabalho<\/strong>, o equivalente a 7% dos empregos formais atuais.<\/p>\n\n\n\n<p>Entre as principais for\u00e7as que moldam esse cen\u00e1rio est\u00e3o:<\/p>\n\n\n\n<ul class=\"wp-block-list\">\n<li>A amplia\u00e7\u00e3o do acesso digital<\/li>\n\n\n\n<li>A intelig\u00eancia artificial (IA)<\/li>\n\n\n\n<li>A transi\u00e7\u00e3o verde e as mudan\u00e7as clim\u00e1ticas<\/li>\n\n\n\n<li>O envelhecimento populacional<\/li>\n\n\n\n<li>A instabilidade econ\u00f4mica e geopol\u00edtica<\/li>\n<\/ul>\n\n\n\n<h3 class=\"wp-block-heading\">Profiss\u00f5es em Alta<\/h3>\n\n\n\n<p>Os empregos mais promissores ser\u00e3o aqueles ligados \u00e0:<\/p>\n\n\n\n<ul class=\"wp-block-list\">\n<li><strong>Tecnologia da informa\u00e7\u00e3o<\/strong><\/li>\n\n\n\n<li><strong>Energia renov\u00e1vel<\/strong><\/li>\n\n\n\n<li><strong>Sa\u00fade<\/strong><\/li>\n\n\n\n<li><strong>Educa\u00e7\u00e3o<\/strong><\/li>\n\n\n\n<li><strong>Cuidado social<\/strong><\/li>\n<\/ul>\n\n\n\n<p>Dessa forma, profissionais que combinam <strong>habilidades t\u00e9cnicas com compet\u00eancias humanas<\/strong> ter\u00e3o mais espa\u00e7o e oportunidades.<\/p>\n\n\n\n<hr class=\"wp-block-separator has-alpha-channel-opacity\"\/>\n\n\n\n<h2 class=\"wp-block-heading\">O Setor de Sa\u00fade: Entre os Destaques do Relat\u00f3rio<\/h2>\n\n\n\n<p>Um dos setores mais impactados, segundo o Future of Jobs Report 2025, ser\u00e1 a <strong>\u00e1rea de sa\u00fade<\/strong>. A demanda por profissionais de cuidados aumentar\u00e1 significativamente, impulsionada por dois fatores principais:<\/p>\n\n\n\n<ul class=\"wp-block-list\">\n<li><strong>O envelhecimento populacional<\/strong>, especialmente em pa\u00edses de alta renda<\/li>\n\n\n\n<li><strong>A integra\u00e7\u00e3o da tecnologia nas rotinas de cuidado e atendimento<\/strong><\/li>\n<\/ul>\n\n\n\n<h3 class=\"wp-block-heading\">Profiss\u00f5es de Sa\u00fade em Crescimento<\/h3>\n\n\n\n<p>Os cargos que mais devem crescer s\u00e3o:<\/p>\n\n\n\n<ul class=\"wp-block-list\">\n<li><strong>Nursing Professionals<\/strong> (enfermeiros)<\/li>\n\n\n\n<li><strong>Social Work and Counselling Professionals<\/strong><\/li>\n\n\n\n<li><strong>Personal Care Aides<\/strong><\/li>\n\n\n\n<li><strong>Profissionais de Sa\u00fade Digital<\/strong><\/li>\n\n\n\n<li><strong>Especialistas em Sa\u00fade Preventiva<\/strong><\/li>\n<\/ul>\n\n\n\n<p>Al\u00e9m disso, as fun\u00e7\u00f5es administrativas e de atendimento ao cliente devem perder espa\u00e7o, substitu\u00eddas por sistemas digitais e intelig\u00eancia artificial.<\/p>\n\n\n\n<hr class=\"wp-block-separator has-alpha-channel-opacity\"\/>\n\n\n\n<h2 class=\"wp-block-heading\">Habilidades Mais Valorizadas At\u00e9 2030<\/h2>\n\n\n\n<p>Conforme o relat\u00f3rio, cerca de <strong>39% das habilidades atuais se tornar\u00e3o obsoletas<\/strong> at\u00e9 2030. Por isso, empresas est\u00e3o priorizando a atualiza\u00e7\u00e3o constante de seus colaboradores.<\/p>\n\n\n\n<p>As compet\u00eancias mais desejadas incluem:<\/p>\n\n\n\n<ul class=\"wp-block-list\">\n<li><strong>Pensamento anal\u00edtico<\/strong><\/li>\n\n\n\n<li><strong>Flexibilidade e resili\u00eancia<\/strong><\/li>\n\n\n\n<li><strong>Lideran\u00e7a e influ\u00eancia social<\/strong><\/li>\n\n\n\n<li><strong>Alfabetiza\u00e7\u00e3o digital<\/strong><\/li>\n\n\n\n<li><strong>Habilidades em IA e Big Data<\/strong><\/li>\n\n\n\n<li><strong>Intelig\u00eancia emocional<\/strong><\/li>\n\n\n\n<li><strong>Aprendizado cont\u00ednuo<\/strong><\/li>\n<\/ul>\n\n\n\n<p>Assim, quem investir no pr\u00f3prio desenvolvimento agora estar\u00e1 mais preparado para o futuro.<\/p>\n\n\n\n<hr class=\"wp-block-separator has-alpha-channel-opacity\"\/>\n\n\n\n<h2 class=\"wp-block-heading\"> Tecnologia: Vil\u00e3 ou Aliada?<\/h2>\n\n\n\n<p>Embora muitas vezes vista como uma amea\u00e7a, a tecnologia \u2014 especialmente a <strong>intelig\u00eancia artificial<\/strong> \u2014 deve ser usada como uma ferramenta de <strong>colabora\u00e7\u00e3o<\/strong> com os profissionais, e n\u00e3o como substituta.<\/p>\n\n\n\n<p>Segundo o relat\u00f3rio:<\/p>\n\n\n\n<ul class=\"wp-block-list\">\n<li><strong>47% das tarefas s\u00e3o feitas s\u00f3 por humanos hoje<\/strong><\/li>\n\n\n\n<li>Em 2030, essa participa\u00e7\u00e3o cair\u00e1 para <strong>33%<\/strong><\/li>\n\n\n\n<li>J\u00e1 as atividades feitas por <strong>humanos + m\u00e1quinas<\/strong> crescer\u00e3o de 30% para <strong>33%<\/strong><\/li>\n\n\n\n<li>E o trabalho exclusivamente automatizado saltar\u00e1 de <strong>22% para 34%<\/strong><\/li>\n<\/ul>\n\n\n\n<p>Portanto, a capacidade de trabalhar lado a lado com a tecnologia ser\u00e1 indispens\u00e1vel.<\/p>\n\n\n\n<hr class=\"wp-block-separator has-alpha-channel-opacity\"\/>\n\n\n\n<h2 class=\"wp-block-heading\">Preparar-se Agora \u00e9 a Melhor Estrat\u00e9gia<\/h2>\n\n\n\n<p>O <strong>Future of Jobs Report 2025<\/strong> deixa claro que o mercado de trabalho global atravessa mudan\u00e7as profundas. Algumas \u00e1reas, como tecnologia, sa\u00fade e sustentabilidade, v\u00e3o liderar o crescimento.<\/p>\n\n\n\n<p>Ao mesmo tempo, profiss\u00f5es mais repetitivas e administrativas tendem a desaparecer. No setor de sa\u00fade, fun\u00e7\u00f5es relacionadas a <strong>cuidados, aten\u00e7\u00e3o prim\u00e1ria e sa\u00fade digital<\/strong> ganhar\u00e3o ainda mais relev\u00e2ncia.<\/p>\n\n\n\n<p>Assim, investir em <strong>qualifica\u00e7\u00e3o t\u00e9cnica e habilidades humanas<\/strong> ser\u00e1 a principal arma para aproveitar as novas oportunidades.<\/p>\n\n\n\n<p><strong>Leia tamb\u00e9m:<\/strong><br><a href=\"https:\/\/blog.saocamilo-sp.br\/index.php\/2025\/01\/02\/6-frutas-que-podem-turbinar-a-sua-hidratacao-no-verao\/\">6 frutas que podem turbinar a sua hidrata\u00e7\u00e3o no ver\u00e3o<\/a><br><a href=\"https:\/\/blog.saocamilo-sp.br\/index.php\/2024\/03\/28\/saude\/\">Dia Nacional da Sa\u00fade e Nutri\u00e7\u00e3o: 10 dicas para uma alimenta\u00e7\u00e3o saud\u00e1vel<\/a><\/p>\n\n\n\n<p><a href=\"https:\/\/blog.saocamilo-sp.br\/index.php\/2024\/09\/27\/ipiranga-tradicao-historia-e-modernidade\/\"><\/a><a href=\"https:\/\/blog.saocamilo-sp.br\/index.php\/2024\/10\/24\/obesidade-infantil-docente-de-nutricao-conquista-premio-por-projeto-inovador\/\">Obesidade infantil: docente de Nutri\u00e7\u00e3o conquista pr\u00eamio por projeto inovador<\/a><\/p>\n\n\n\n<p><\/p>\n","protected":false},"excerpt":{"rendered":"<p>Transforma\u00e7\u00f5es foram detalhadas no Future of Jobs Report 2025, publicado pelo World Economic Forum.<\/p>\n","protected":false},"author":4,"featured_media":3649,"comment_status":"open","ping_status":"open","sticky":false,"template":"","format":"standard","meta":{"cybocfi_hide_featured_image":"","footnotes":""},"categories":[1,78],"tags":[89],"class_list":["post-3615","post","type-post","status-publish","format-standard","has-post-thumbnail","hentry","category-cursos","category-imprensa","tag-mercado-de-trabalho"],"yoast_head":"<!-- This site is optimized with the Yoast SEO plugin v27.5 - https:\/\/yoast.com\/product\/yoast-seo-wordpress\/ -->\n<title>O que vai mudar no mercado de trabalho global em 2025? - Blog S\u00e3o Camilo<\/title>\n<meta name=\"description\" content=\"Transforma\u00e7\u00f5es no mercado de trabalho foram detalhadas no Future of Jobs Report 2025, publicado pelo World Economic Forum.\" \/>\n<meta name=\"robots\" content=\"index, follow, max-snippet:-1, max-image-preview:large, max-video-preview:-1\" \/>\n<link rel=\"canonical\" href=\"https:\/\/blog.saocamilo-sp.br\/index.php\/2025\/04\/22\/o-que-vai-mudar-no-mercado-de-trabalho-global-em-2025\/\" \/>\n<meta property=\"og:locale\" content=\"pt_BR\" \/>\n<meta property=\"og:type\" content=\"article\" \/>\n<meta property=\"og:title\" content=\"O que vai mudar no mercado de trabalho global em 2025? - Blog S\u00e3o Camilo\" \/>\n<meta property=\"og:description\" content=\"Transforma\u00e7\u00f5es no mercado de trabalho foram detalhadas no Future of Jobs Report 2025, publicado pelo World Economic Forum.\" \/>\n<meta property=\"og:url\" content=\"https:\/\/blog.saocamilo-sp.br\/index.php\/2025\/04\/22\/o-que-vai-mudar-no-mercado-de-trabalho-global-em-2025\/\" \/>\n<meta property=\"og:site_name\" content=\"Blog S\u00e3o Camilo\" \/>\n<meta property=\"article:publisher\" content=\"https:\/\/www.facebook.com\/saocamilosp\" \/>\n<meta property=\"article:published_time\" content=\"2025-04-22T20:29:40+00:00\" \/>\n<meta property=\"article:modified_time\" content=\"2025-04-30T20:42:46+00:00\" \/>\n<meta property=\"og:image\" content=\"https:\/\/blog.saocamilo-sp.br\/wp-content\/uploads\/2025\/04\/Inteligencia-Artificial-na-Medicina.png\" \/>\n\t<meta property=\"og:image:width\" content=\"600\" \/>\n\t<meta property=\"og:image:height\" content=\"409\" \/>\n\t<meta property=\"og:image:type\" content=\"image\/png\" \/>\n<meta name=\"author\" content=\"Lucas Soares Gon\u00e7alves\" \/>\n<meta name=\"twitter:card\" content=\"summary_large_image\" \/>\n<meta name=\"twitter:creator\" content=\"@saocamilosp\" \/>\n<meta name=\"twitter:site\" content=\"@saocamilosp\" \/>\n<meta name=\"twitter:label1\" content=\"Escrito por\" \/>\n\t<meta name=\"twitter:data1\" content=\"Lucas Soares Gon\u00e7alves\" \/>\n\t<meta name=\"twitter:label2\" content=\"Est. tempo de leitura\" \/>\n\t<meta name=\"twitter:data2\" content=\"4 minutos\" \/>\n<script type=\"application\/ld+json\" class=\"yoast-schema-graph\">{\"@context\":\"https:\\\/\\\/schema.org\",\"@graph\":[{\"@type\":\"Article\",\"@id\":\"https:\\\/\\\/blog.saocamilo-sp.br\\\/index.php\\\/2025\\\/04\\\/22\\\/o-que-vai-mudar-no-mercado-de-trabalho-global-em-2025\\\/#article\",\"isPartOf\":{\"@id\":\"https:\\\/\\\/blog.saocamilo-sp.br\\\/index.php\\\/2025\\\/04\\\/22\\\/o-que-vai-mudar-no-mercado-de-trabalho-global-em-2025\\\/\"},\"author\":{\"name\":\"Lucas Soares Gon\u00e7alves\",\"@id\":\"https:\\\/\\\/blog.saocamilo-sp.br\\\/#\\\/schema\\\/person\\\/781135418152912d4b58f2db13a2eaf0\"},\"headline\":\"O que vai mudar no mercado de trabalho global em 2025?\",\"datePublished\":\"2025-04-22T20:29:40+00:00\",\"dateModified\":\"2025-04-30T20:42:46+00:00\",\"mainEntityOfPage\":{\"@id\":\"https:\\\/\\\/blog.saocamilo-sp.br\\\/index.php\\\/2025\\\/04\\\/22\\\/o-que-vai-mudar-no-mercado-de-trabalho-global-em-2025\\\/\"},\"wordCount\":656,\"commentCount\":0,\"publisher\":{\"@id\":\"https:\\\/\\\/blog.saocamilo-sp.br\\\/#organization\"},\"image\":{\"@id\":\"https:\\\/\\\/blog.saocamilo-sp.br\\\/index.php\\\/2025\\\/04\\\/22\\\/o-que-vai-mudar-no-mercado-de-trabalho-global-em-2025\\\/#primaryimage\"},\"thumbnailUrl\":\"https:\\\/\\\/blog.saocamilo-sp.br\\\/wp-content\\\/uploads\\\/2025\\\/04\\\/Inteligencia-Artificial-na-Medicina.png\",\"keywords\":[\"mercado de trabalho\"],\"articleSection\":[\"Cursos\",\"Imprensa\"],\"inLanguage\":\"pt-BR\",\"potentialAction\":[{\"@type\":\"CommentAction\",\"name\":\"Comment\",\"target\":[\"https:\\\/\\\/blog.saocamilo-sp.br\\\/index.php\\\/2025\\\/04\\\/22\\\/o-que-vai-mudar-no-mercado-de-trabalho-global-em-2025\\\/#respond\"]}]},{\"@type\":\"WebPage\",\"@id\":\"https:\\\/\\\/blog.saocamilo-sp.br\\\/index.php\\\/2025\\\/04\\\/22\\\/o-que-vai-mudar-no-mercado-de-trabalho-global-em-2025\\\/\",\"url\":\"https:\\\/\\\/blog.saocamilo-sp.br\\\/index.php\\\/2025\\\/04\\\/22\\\/o-que-vai-mudar-no-mercado-de-trabalho-global-em-2025\\\/\",\"name\":\"O que vai mudar no mercado de trabalho global em 2025? - Blog S\u00e3o Camilo\",\"isPartOf\":{\"@id\":\"https:\\\/\\\/blog.saocamilo-sp.br\\\/#website\"},\"primaryImageOfPage\":{\"@id\":\"https:\\\/\\\/blog.saocamilo-sp.br\\\/index.php\\\/2025\\\/04\\\/22\\\/o-que-vai-mudar-no-mercado-de-trabalho-global-em-2025\\\/#primaryimage\"},\"image\":{\"@id\":\"https:\\\/\\\/blog.saocamilo-sp.br\\\/index.php\\\/2025\\\/04\\\/22\\\/o-que-vai-mudar-no-mercado-de-trabalho-global-em-2025\\\/#primaryimage\"},\"thumbnailUrl\":\"https:\\\/\\\/blog.saocamilo-sp.br\\\/wp-content\\\/uploads\\\/2025\\\/04\\\/Inteligencia-Artificial-na-Medicina.png\",\"datePublished\":\"2025-04-22T20:29:40+00:00\",\"dateModified\":\"2025-04-30T20:42:46+00:00\",\"description\":\"Transforma\u00e7\u00f5es no mercado de trabalho foram detalhadas no Future of Jobs Report 2025, publicado pelo World Economic Forum.\",\"breadcrumb\":{\"@id\":\"https:\\\/\\\/blog.saocamilo-sp.br\\\/index.php\\\/2025\\\/04\\\/22\\\/o-que-vai-mudar-no-mercado-de-trabalho-global-em-2025\\\/#breadcrumb\"},\"inLanguage\":\"pt-BR\",\"potentialAction\":[{\"@type\":\"ReadAction\",\"target\":[\"https:\\\/\\\/blog.saocamilo-sp.br\\\/index.php\\\/2025\\\/04\\\/22\\\/o-que-vai-mudar-no-mercado-de-trabalho-global-em-2025\\\/\"]}]},{\"@type\":\"ImageObject\",\"inLanguage\":\"pt-BR\",\"@id\":\"https:\\\/\\\/blog.saocamilo-sp.br\\\/index.php\\\/2025\\\/04\\\/22\\\/o-que-vai-mudar-no-mercado-de-trabalho-global-em-2025\\\/#primaryimage\",\"url\":\"https:\\\/\\\/blog.saocamilo-sp.br\\\/wp-content\\\/uploads\\\/2025\\\/04\\\/Inteligencia-Artificial-na-Medicina.png\",\"contentUrl\":\"https:\\\/\\\/blog.saocamilo-sp.br\\\/wp-content\\\/uploads\\\/2025\\\/04\\\/Inteligencia-Artificial-na-Medicina.png\",\"width\":600,\"height\":409,\"caption\":\"Intelig\u00eancia Artificial na Medicina\"},{\"@type\":\"BreadcrumbList\",\"@id\":\"https:\\\/\\\/blog.saocamilo-sp.br\\\/index.php\\\/2025\\\/04\\\/22\\\/o-que-vai-mudar-no-mercado-de-trabalho-global-em-2025\\\/#breadcrumb\",\"itemListElement\":[{\"@type\":\"ListItem\",\"position\":1,\"name\":\"In\u00edcio\",\"item\":\"https:\\\/\\\/blog.saocamilo-sp.br\\\/\"},{\"@type\":\"ListItem\",\"position\":2,\"name\":\"O que vai mudar no mercado de trabalho global em 2025?\"}]},{\"@type\":\"WebSite\",\"@id\":\"https:\\\/\\\/blog.saocamilo-sp.br\\\/#website\",\"url\":\"https:\\\/\\\/blog.saocamilo-sp.br\\\/\",\"name\":\"Blog S\u00e3o Camilo\",\"description\":\"Blog do Centro Universit\u00e1rio S\u00e3o Camilo\",\"publisher\":{\"@id\":\"https:\\\/\\\/blog.saocamilo-sp.br\\\/#organization\"},\"potentialAction\":[{\"@type\":\"SearchAction\",\"target\":{\"@type\":\"EntryPoint\",\"urlTemplate\":\"https:\\\/\\\/blog.saocamilo-sp.br\\\/?s={search_term_string}\"},\"query-input\":{\"@type\":\"PropertyValueSpecification\",\"valueRequired\":true,\"valueName\":\"search_term_string\"}}],\"inLanguage\":\"pt-BR\"},{\"@type\":\"Organization\",\"@id\":\"https:\\\/\\\/blog.saocamilo-sp.br\\\/#organization\",\"name\":\"Blog S\u00e3o Camilo\",\"url\":\"https:\\\/\\\/blog.saocamilo-sp.br\\\/\",\"logo\":{\"@type\":\"ImageObject\",\"inLanguage\":\"pt-BR\",\"@id\":\"https:\\\/\\\/blog.saocamilo-sp.br\\\/#\\\/schema\\\/logo\\\/image\\\/\",\"url\":\"https:\\\/\\\/blog.saocamilo-sp.br\\\/wp-content\\\/uploads\\\/2021\\\/12\\\/cropped-vazio-logo-topo.png\",\"contentUrl\":\"https:\\\/\\\/blog.saocamilo-sp.br\\\/wp-content\\\/uploads\\\/2021\\\/12\\\/cropped-vazio-logo-topo.png\",\"width\":320,\"height\":240,\"caption\":\"Blog S\u00e3o Camilo\"},\"image\":{\"@id\":\"https:\\\/\\\/blog.saocamilo-sp.br\\\/#\\\/schema\\\/logo\\\/image\\\/\"},\"sameAs\":[\"https:\\\/\\\/www.facebook.com\\\/saocamilosp\",\"https:\\\/\\\/x.com\\\/saocamilosp\",\"https:\\\/\\\/www.linkedin.com\\\/school\\\/centro-universit-rio-s-o-camilo\\\/\"]},{\"@type\":\"Person\",\"@id\":\"https:\\\/\\\/blog.saocamilo-sp.br\\\/#\\\/schema\\\/person\\\/781135418152912d4b58f2db13a2eaf0\",\"name\":\"Lucas Soares Gon\u00e7alves\",\"image\":{\"@type\":\"ImageObject\",\"inLanguage\":\"pt-BR\",\"@id\":\"https:\\\/\\\/secure.gravatar.com\\\/avatar\\\/bcd2d703cbb48116eaac2cac8643792535238ff30b2d7ce9e16f9254ec9cae83?s=96&d=mm&r=g\",\"url\":\"https:\\\/\\\/secure.gravatar.com\\\/avatar\\\/bcd2d703cbb48116eaac2cac8643792535238ff30b2d7ce9e16f9254ec9cae83?s=96&d=mm&r=g\",\"contentUrl\":\"https:\\\/\\\/secure.gravatar.com\\\/avatar\\\/bcd2d703cbb48116eaac2cac8643792535238ff30b2d7ce9e16f9254ec9cae83?s=96&d=mm&r=g\",\"caption\":\"Lucas Soares Gon\u00e7alves\"},\"url\":\"https:\\\/\\\/blog.saocamilo-sp.br\\\/index.php\\\/author\\\/lucas-soares-goncalves\\\/\"}]}<\/script>\n<!-- \/ Yoast SEO plugin. -->","yoast_head_json":{"title":"O que vai mudar no mercado de trabalho global em 2025? - Blog S\u00e3o Camilo","description":"Transforma\u00e7\u00f5es no mercado de trabalho foram detalhadas no Future of Jobs Report 2025, publicado pelo World Economic Forum.","robots":{"index":"index","follow":"follow","max-snippet":"max-snippet:-1","max-image-preview":"max-image-preview:large","max-video-preview":"max-video-preview:-1"},"canonical":"https:\/\/blog.saocamilo-sp.br\/index.php\/2025\/04\/22\/o-que-vai-mudar-no-mercado-de-trabalho-global-em-2025\/","og_locale":"pt_BR","og_type":"article","og_title":"O que vai mudar no mercado de trabalho global em 2025? - Blog S\u00e3o Camilo","og_description":"Transforma\u00e7\u00f5es no mercado de trabalho foram detalhadas no Future of Jobs Report 2025, publicado pelo World Economic Forum.","og_url":"https:\/\/blog.saocamilo-sp.br\/index.php\/2025\/04\/22\/o-que-vai-mudar-no-mercado-de-trabalho-global-em-2025\/","og_site_name":"Blog S\u00e3o Camilo","article_publisher":"https:\/\/www.facebook.com\/saocamilosp","article_published_time":"2025-04-22T20:29:40+00:00","article_modified_time":"2025-04-30T20:42:46+00:00","og_image":[{"width":600,"height":409,"url":"https:\/\/blog.saocamilo-sp.br\/wp-content\/uploads\/2025\/04\/Inteligencia-Artificial-na-Medicina.png","type":"image\/png"}],"author":"Lucas Soares Gon\u00e7alves","twitter_card":"summary_large_image","twitter_creator":"@saocamilosp","twitter_site":"@saocamilosp","twitter_misc":{"Escrito por":"Lucas Soares Gon\u00e7alves","Est. tempo de leitura":"4 minutos"},"schema":{"@context":"https:\/\/schema.org","@graph":[{"@type":"Article","@id":"https:\/\/blog.saocamilo-sp.br\/index.php\/2025\/04\/22\/o-que-vai-mudar-no-mercado-de-trabalho-global-em-2025\/#article","isPartOf":{"@id":"https:\/\/blog.saocamilo-sp.br\/index.php\/2025\/04\/22\/o-que-vai-mudar-no-mercado-de-trabalho-global-em-2025\/"},"author":{"name":"Lucas Soares Gon\u00e7alves","@id":"https:\/\/blog.saocamilo-sp.br\/#\/schema\/person\/781135418152912d4b58f2db13a2eaf0"},"headline":"O que vai mudar no mercado de trabalho global em 2025?","datePublished":"2025-04-22T20:29:40+00:00","dateModified":"2025-04-30T20:42:46+00:00","mainEntityOfPage":{"@id":"https:\/\/blog.saocamilo-sp.br\/index.php\/2025\/04\/22\/o-que-vai-mudar-no-mercado-de-trabalho-global-em-2025\/"},"wordCount":656,"commentCount":0,"publisher":{"@id":"https:\/\/blog.saocamilo-sp.br\/#organization"},"image":{"@id":"https:\/\/blog.saocamilo-sp.br\/index.php\/2025\/04\/22\/o-que-vai-mudar-no-mercado-de-trabalho-global-em-2025\/#primaryimage"},"thumbnailUrl":"https:\/\/blog.saocamilo-sp.br\/wp-content\/uploads\/2025\/04\/Inteligencia-Artificial-na-Medicina.png","keywords":["mercado de trabalho"],"articleSection":["Cursos","Imprensa"],"inLanguage":"pt-BR","potentialAction":[{"@type":"CommentAction","name":"Comment","target":["https:\/\/blog.saocamilo-sp.br\/index.php\/2025\/04\/22\/o-que-vai-mudar-no-mercado-de-trabalho-global-em-2025\/#respond"]}]},{"@type":"WebPage","@id":"https:\/\/blog.saocamilo-sp.br\/index.php\/2025\/04\/22\/o-que-vai-mudar-no-mercado-de-trabalho-global-em-2025\/","url":"https:\/\/blog.saocamilo-sp.br\/index.php\/2025\/04\/22\/o-que-vai-mudar-no-mercado-de-trabalho-global-em-2025\/","name":"O que vai mudar no mercado de trabalho global em 2025? - Blog S\u00e3o Camilo","isPartOf":{"@id":"https:\/\/blog.saocamilo-sp.br\/#website"},"primaryImageOfPage":{"@id":"https:\/\/blog.saocamilo-sp.br\/index.php\/2025\/04\/22\/o-que-vai-mudar-no-mercado-de-trabalho-global-em-2025\/#primaryimage"},"image":{"@id":"https:\/\/blog.saocamilo-sp.br\/index.php\/2025\/04\/22\/o-que-vai-mudar-no-mercado-de-trabalho-global-em-2025\/#primaryimage"},"thumbnailUrl":"https:\/\/blog.saocamilo-sp.br\/wp-content\/uploads\/2025\/04\/Inteligencia-Artificial-na-Medicina.png","datePublished":"2025-04-22T20:29:40+00:00","dateModified":"2025-04-30T20:42:46+00:00","description":"Transforma\u00e7\u00f5es no mercado de trabalho foram detalhadas no Future of Jobs Report 2025, publicado pelo World Economic Forum.","breadcrumb":{"@id":"https:\/\/blog.saocamilo-sp.br\/index.php\/2025\/04\/22\/o-que-vai-mudar-no-mercado-de-trabalho-global-em-2025\/#breadcrumb"},"inLanguage":"pt-BR","potentialAction":[{"@type":"ReadAction","target":["https:\/\/blog.saocamilo-sp.br\/index.php\/2025\/04\/22\/o-que-vai-mudar-no-mercado-de-trabalho-global-em-2025\/"]}]},{"@type":"ImageObject","inLanguage":"pt-BR","@id":"https:\/\/blog.saocamilo-sp.br\/index.php\/2025\/04\/22\/o-que-vai-mudar-no-mercado-de-trabalho-global-em-2025\/#primaryimage","url":"https:\/\/blog.saocamilo-sp.br\/wp-content\/uploads\/2025\/04\/Inteligencia-Artificial-na-Medicina.png","contentUrl":"https:\/\/blog.saocamilo-sp.br\/wp-content\/uploads\/2025\/04\/Inteligencia-Artificial-na-Medicina.png","width":600,"height":409,"caption":"Intelig\u00eancia Artificial na Medicina"},{"@type":"BreadcrumbList","@id":"https:\/\/blog.saocamilo-sp.br\/index.php\/2025\/04\/22\/o-que-vai-mudar-no-mercado-de-trabalho-global-em-2025\/#breadcrumb","itemListElement":[{"@type":"ListItem","position":1,"name":"In\u00edcio","item":"https:\/\/blog.saocamilo-sp.br\/"},{"@type":"ListItem","position":2,"name":"O que vai mudar no mercado de trabalho global em 2025?"}]},{"@type":"WebSite","@id":"https:\/\/blog.saocamilo-sp.br\/#website","url":"https:\/\/blog.saocamilo-sp.br\/","name":"Blog S\u00e3o Camilo","description":"Blog do Centro Universit\u00e1rio S\u00e3o Camilo","publisher":{"@id":"https:\/\/blog.saocamilo-sp.br\/#organization"},"potentialAction":[{"@type":"SearchAction","target":{"@type":"EntryPoint","urlTemplate":"https:\/\/blog.saocamilo-sp.br\/?s={search_term_string}"},"query-input":{"@type":"PropertyValueSpecification","valueRequired":true,"valueName":"search_term_string"}}],"inLanguage":"pt-BR"},{"@type":"Organization","@id":"https:\/\/blog.saocamilo-sp.br\/#organization","name":"Blog S\u00e3o Camilo","url":"https:\/\/blog.saocamilo-sp.br\/","logo":{"@type":"ImageObject","inLanguage":"pt-BR","@id":"https:\/\/blog.saocamilo-sp.br\/#\/schema\/logo\/image\/","url":"https:\/\/blog.saocamilo-sp.br\/wp-content\/uploads\/2021\/12\/cropped-vazio-logo-topo.png","contentUrl":"https:\/\/blog.saocamilo-sp.br\/wp-content\/uploads\/2021\/12\/cropped-vazio-logo-topo.png","width":320,"height":240,"caption":"Blog S\u00e3o Camilo"},"image":{"@id":"https:\/\/blog.saocamilo-sp.br\/#\/schema\/logo\/image\/"},"sameAs":["https:\/\/www.facebook.com\/saocamilosp","https:\/\/x.com\/saocamilosp","https:\/\/www.linkedin.com\/school\/centro-universit-rio-s-o-camilo\/"]},{"@type":"Person","@id":"https:\/\/blog.saocamilo-sp.br\/#\/schema\/person\/781135418152912d4b58f2db13a2eaf0","name":"Lucas Soares Gon\u00e7alves","image":{"@type":"ImageObject","inLanguage":"pt-BR","@id":"https:\/\/secure.gravatar.com\/avatar\/bcd2d703cbb48116eaac2cac8643792535238ff30b2d7ce9e16f9254ec9cae83?s=96&d=mm&r=g","url":"https:\/\/secure.gravatar.com\/avatar\/bcd2d703cbb48116eaac2cac8643792535238ff30b2d7ce9e16f9254ec9cae83?s=96&d=mm&r=g","contentUrl":"https:\/\/secure.gravatar.com\/avatar\/bcd2d703cbb48116eaac2cac8643792535238ff30b2d7ce9e16f9254ec9cae83?s=96&d=mm&r=g","caption":"Lucas Soares Gon\u00e7alves"},"url":"https:\/\/blog.saocamilo-sp.br\/index.php\/author\/lucas-soares-goncalves\/"}]}},"_links":{"self":[{"href":"https:\/\/blog.saocamilo-sp.br\/index.php\/wp-json\/wp\/v2\/posts\/3615","targetHints":{"allow":["GET"]}}],"collection":[{"href":"https:\/\/blog.saocamilo-sp.br\/index.php\/wp-json\/wp\/v2\/posts"}],"about":[{"href":"https:\/\/blog.saocamilo-sp.br\/index.php\/wp-json\/wp\/v2\/types\/post"}],"author":[{"embeddable":true,"href":"https:\/\/blog.saocamilo-sp.br\/index.php\/wp-json\/wp\/v2\/users\/4"}],"replies":[{"embeddable":true,"href":"https:\/\/blog.saocamilo-sp.br\/index.php\/wp-json\/wp\/v2\/comments?post=3615"}],"version-history":[{"count":3,"href":"https:\/\/blog.saocamilo-sp.br\/index.php\/wp-json\/wp\/v2\/posts\/3615\/revisions"}],"predecessor-version":[{"id":3652,"href":"https:\/\/blog.saocamilo-sp.br\/index.php\/wp-json\/wp\/v2\/posts\/3615\/revisions\/3652"}],"wp:featuredmedia":[{"embeddable":true,"href":"https:\/\/blog.saocamilo-sp.br\/index.php\/wp-json\/wp\/v2\/media\/3649"}],"wp:attachment":[{"href":"https:\/\/blog.saocamilo-sp.br\/index.php\/wp-json\/wp\/v2\/media?parent=3615"}],"wp:term":[{"taxonomy":"category","embeddable":true,"href":"https:\/\/blog.saocamilo-sp.br\/index.php\/wp-json\/wp\/v2\/categories?post=3615"},{"taxonomy":"post_tag","embeddable":true,"href":"https:\/\/blog.saocamilo-sp.br\/index.php\/wp-json\/wp\/v2\/tags?post=3615"}],"curies":[{"name":"wp","href":"https:\/\/api.w.org\/{rel}","templated":true}]}}