{"id":3636,"date":"2025-04-30T15:02:34","date_gmt":"2025-04-30T18:02:34","guid":{"rendered":"https:\/\/blog.saocamilo-sp.br\/?p=3636"},"modified":"2025-04-30T17:34:59","modified_gmt":"2025-04-30T20:34:59","slug":"vestibular","status":"publish","type":"post","link":"https:\/\/blog.saocamilo-sp.br\/index.php\/2025\/04\/30\/vestibular\/","title":{"rendered":"S\u00e3o Camilo abre inscri\u00e7\u00f5es para vestibular 2025|2\u00ba semestre"},"content":{"rendered":"\n<p>Institui\u00e7\u00e3o, reconhecida pelo MEC com nota m\u00e1xima em qualidade, oferece gradua\u00e7\u00f5es em sa\u00fade, gest\u00e3o e educa\u00e7\u00e3o; sele\u00e7\u00e3o pode ser feita por nota do Enem, reda\u00e7\u00e3o agendada ou processos internacionais\u00a0\u00a0\u00a0\u00a0\u00a0\u00a0\u00a0\u00a0\u00a0\u00a0\u00a0\u00a0\u00a0\u00a0\u00a0\u00a0\u00a0\u00a0\u00a0\u00a0\u00a0\u00a0\u00a0\u00a0\u00a0\u00a0\u00a0\u00a0\u00a0\u00a0\u00a0\u00a0\u00a0\u00a0\u00a0\u00a0\u00a0\u00a0\u00a0\u00a0\u00a0\u00a0\u00a0\u00a0\u00a0\u00a0\u00a0\u00a0\u00a0\u00a0\u00a0\u00a0\u00a0\u00a0\u00a0\u00a0\u00a0\u00a0\u00a0\u00a0\u00a0\u00a0\u00a0\u00a0\u00a0\u00a0\u00a0\u00a0\u00a0\u00a0\u00a0\u00a0\u00a0\u00a0\u00a0\u00a0\u00a0\u00a0\u00a0\u00a0\u00a0\u00a0\u00a0\u00a0\u00a0\u00a0\u00a0\u00a0\u00a0\u00a0\u00a0\u00a0\u00a0\u00a0\u00a0\u00a0\u00a0\u00a0\u00a0\u00a0\u00a0\u00a0\u00a0\u00a0\u00a0\u00a0\u00a0\u00a0\u00a0\u00a0\u00a0\u00a0\u00a0\u00a0\u00a0\u00a0\u00a0\u00a0\u00a0\u00a0\u00a0\u00a0\u00a0\u00a0\u00a0\u00a0\u00a0\u00a0\u00a0\u00a0\u00a0\u00a0\u00a0\u00a0\u00a0\u00a0\u00a0\u00a0\u00a0\u00a0\u00a0\u00a0\u00a0\u00a0\u00a0O Centro Universit\u00e1rio S\u00e3o Camilo est\u00e1 com inscri\u00e7\u00f5es abertas para o Vestibular 2025 | 2\u00ba semestre, com cursos de gradua\u00e7\u00e3o nas modalidades presencial e a dist\u00e2ncia (EAD). Os interessados podem se inscrever at\u00e9 22 de agosto de 2025 pelo site oficial da institui\u00e7\u00e3o: <a href=\"https:\/\/saocamilo-sp.br\/processos-seletivos\" target=\"_blank\" rel=\"noreferrer noopener\">https:\/\/saocamilo-sp.br\/processos-seletivos<\/a>\u00a0<\/p>\n\n\n\n<h2 class=\"wp-block-heading\"><strong>Cursos ofertados<\/strong><\/h2>\n\n\n\n<p>S\u00e3o oferecidos cursos presenciais de bacharelado em Biomedicina, Enfermagem, Farm\u00e1cia, Fisioterapia, Nutri\u00e7\u00e3o e Psicologia. Al\u00e9m disso, o processo seletivo contempla os cursos na modalidade EAD para o bacharelado em Administra\u00e7\u00e3o; tecn\u00f3logo em Gest\u00e3o Hospitalar, Marketing, Gest\u00e3o de Recursos Humanos, Gest\u00e3o Comercial; al\u00e9m da licenciatura em Pedagogia, com in\u00edcio previsto para o segundo semestre de 2025.&nbsp;<\/p>\n\n\n\n<p>A Institui\u00e7\u00e3o possui os campi Ipiranga e Pompeia, em S\u00e3o Paulo, e polos de Ensino a Dist\u00e2ncia em diversas regi\u00f5es do Brasil, incluindo Macap\u00e1 (AP), Fortaleza, Crate\u00fas, Itapipoca, Juazeiro, Tau\u00e1 e Tiangu\u00e1 (CE), Cachoeiro de Itapemirim (ES) e Santar\u00e9m (PA). Na capital paulista, os polos est\u00e3o localizados na regi\u00e3o do ABC e nos bairros do Tatuap\u00e9, Ipiranga e Pompeia.&nbsp;<\/p>\n\n\n\n<h2 class=\"wp-block-heading\"><strong>Crit\u00e9rios de sele\u00e7\u00e3o<\/strong>\u00a0<\/h2>\n\n\n\n<p>A institui\u00e7\u00e3o oferece quatro formas de ingresso:&nbsp;&nbsp;<\/p>\n\n\n\n<p><strong>1.Nota do Enem &#8211; <\/strong>Exame Nacional do Ensino M\u00e9dio (ENEM) desde 2014.&nbsp; Para bacharelados: o candidato dever\u00e1 ter no m\u00ednimo 450 pontos (m\u00e9dia das 4 notas da prova objetiva), e n\u00e3o ter zerado a reda\u00e7\u00e3o. Para os cursos tecnol\u00f3gicos e licenciatura, o candidato dever\u00e1 ter no m\u00ednimo 400 pontos (m\u00e9dia das 4 notas da prova objetiva), e n\u00e3o ter zerado a reda\u00e7\u00e3o.&nbsp;&nbsp;<\/p>\n\n\n\n<p><strong>2. Reda\u00e7\u00e3o Agendada:<\/strong> Quem preferir concorrer por meio da Reda\u00e7\u00e3o Agendada ser\u00e1 aplicada uma reda\u00e7\u00e3o presencial em um dos campi e\/ou polos da institui\u00e7\u00e3o, a ser realizada em data escolhida pelo candidato dentre as disponibilizadas no sistema de agendamento, de acordo com o curso, campus, per\u00edodo e vagas.&nbsp;<\/p>\n\n\n\n<p><strong>3. Aproveitamento de vestibulares anteriores do Centro Universit\u00e1rio S\u00e3o Camilo: <\/strong>Para o candidato aprovado por meio do processo seletivo exclusivamente nas edi\u00e7\u00f5es de 2024\/2 e 2025\/1 sem a necessidade de realizar uma nova prova.&nbsp;<\/p>\n\n\n\n<p><strong>4. Processo Seletivo Internacional&nbsp;&nbsp;<\/strong>&nbsp;<\/p>\n\n\n\n<p>\u00a0<strong>IB (International Baccalaureate):<\/strong> nota m\u00ednima de 24 pontos (v\u00e1lido desde 2017).\u00a0\u00a0\u00a0<\/p>\n\n\n\n<p>\u00a0<strong>Abitur (curr\u00edculo alem\u00e3o):<\/strong> pontua\u00e7\u00e3o m\u00e1xima de 2,7.\u00a0\u00a0\u00a0<\/p>\n\n\n\n<p>No Processo Seletivo Internacional, o candidato dever\u00e1 realizar a inscri\u00e7\u00e3o conforme prazos estabelecidos acima e, ap\u00f3s efetiva\u00e7\u00e3o do pagamento da taxa de inscri\u00e7\u00e3o, dever\u00e1 obrigatoriamente enviar c\u00f3pia do sum\u00e1rio dos resultados do programa de IB (resultado oficial) para o e-mail: sg@saocamilosp.br.&nbsp;<\/p>\n\n\n\n<p>Para todas as modalidades, as inscri\u00e7\u00f5es s\u00e3o realizadas via Internet pelo site <a href=\"https:\/\/saocamilo-sp.br\/processos-seletivos\/\" target=\"_blank\" rel=\"noreferrer noopener\">https:\/\/saocamilo-sp.br\/processos-seletivos\/<\/a> onde deve ser feito o preenchimento do formul\u00e1rio e emiss\u00e3o do boleto banc\u00e1rio para pagamento da taxa.&nbsp;&nbsp;<\/p>\n\n\n\n<p>N\u00e3o \u00e9 cobrada taxa de inscri\u00e7\u00e3o dos candidatos que participarem da sele\u00e7\u00e3o via nota do Enem ou por aproveitamento dos processos seletivos anteriores. Para os que escolherem o processo seletivo agendado ou o internacional ser\u00e1 necess\u00e1rio o pagamento de uma taxa de R$ 40,00.&nbsp;<\/p>\n\n\n\n<h2 class=\"wp-block-heading\"><strong>Estrutura e reconhecimento<\/strong>\u00a0<\/h2>\n\n\n\n<p>O Centro Universit\u00e1rio S\u00e3o Camilo \u00e9 uma das principais institui\u00e7\u00f5es privadas avaliadas pelo MEC, com nota m\u00e1xima (5) no Conceito Institucional (CI). Esse reconhecimento atesta&nbsp; a excel\u00eancia da sua estrutura, gest\u00e3o e compromisso com a forma\u00e7\u00e3o de profissionais qualificados.&nbsp;<\/p>\n\n\n\n<p>A institui\u00e7\u00e3o se destaca pelos fortes diferenciais na forma\u00e7\u00e3o de futuros profissionais, alinhados aos ideais camilianos:&nbsp;<br>&nbsp;<br><strong>Cl\u00ednica Escola Promove<\/strong> \u2013 Onde os estudantes e monitorados pelos docentes formam equipes rigorosamente preparadas para atuar na interdisciplinaridade, promovem assist\u00eancia de qualidade \u00e0 popula\u00e7\u00e3o carente, enaltecendo os valores da sa\u00fade e a busca da integra\u00e7\u00e3o social.&nbsp;<\/p>\n\n\n\n<p><strong>Cl\u00ednica de Psicologia S\u00e3o Camilo<\/strong> &#8211; O Servi\u00e7o Escola Cl\u00ednica de Psicologia se caracteriza por sua dupla fun\u00e7\u00e3o de proporcionar ao estagi\u00e1rio de psicologia o exerc\u00edcio supervisionado da pr\u00e1tica da profiss\u00e3o e permitir que a institui\u00e7\u00e3o de ensino cumpra seu papel social de presta\u00e7\u00e3o de servi\u00e7o \u00e0 comunidade.&nbsp;<\/p>\n\n\n\n<p><strong>Centro de Simula\u00e7\u00e3o Real\u00edstica (CSR) &#8211;<\/strong>Com tecnologia de ponta, o CSR proporciona simula\u00e7\u00f5es realistas que aprimoram as habilidades t\u00e9cnicas, comportamentais e emocionais dos alunos, preparando-os para os desafios da pr\u00e1tica profissional e para a atua\u00e7\u00e3o eficaz em equipes multidisciplinares.&nbsp;<\/p>\n\n\n\n<p><strong>LEISC &#8211; Laborat\u00f3rio de Empreendedorismo e Inova\u00e7\u00e3o \u2013<\/strong> Apoia estudantes e a comunidade no desenvolvimento de conhecimentos e habilidades para seguirem o caminho do empreendedorismo.&nbsp;<\/p>\n\n\n\n<p><strong>Forma\u00e7\u00e3o Global &#8211;<\/strong> Al\u00e9m desses e de outros servi\u00e7os, o Centro Universit\u00e1rio S\u00e3o Camilo tamb\u00e9m prepara seus alunos para a experi\u00eancias enriquecedoras no exterior por meio do Escrit\u00f3rio Internacional, a institui\u00e7\u00e3o promove conex\u00f5es globais e oferece experi\u00eancias que enriquecem a forma\u00e7\u00e3o educacional, preparando os alunos para atuar em um mundo cada vez mais interconectado.&nbsp;<\/p>\n\n\n\n<p>Uma oportunidade para quem busca ensino de excel\u00eancia aliado \u00e0 responsabilidade social, seguindo os princ\u00edpios humanistas da institui\u00e7\u00e3o.&nbsp;<\/p>\n\n\n\n<h2 class=\"wp-block-heading\"><strong>Servi\u00e7o<\/strong><\/h2>\n\n\n\n<p>Inscri\u00e7\u00f5es: 22\/04 a 22\/08\/2025.&nbsp;&nbsp;&nbsp;<\/p>\n\n\n\n<p>Site: <a href=\"http:\/\/www.saocamilo-sp.br\/\" target=\"_blank\" rel=\"noreferrer noopener\">www.saocamilo-sp.br<\/a>&nbsp;<\/p>\n\n\n\n<p>Telefone: 0300 017 8585.&nbsp;&nbsp;&nbsp;<\/p>\n\n\n\n<p><\/p>\n","protected":false},"excerpt":{"rendered":"<p>Reconhecida pelo MEC com nota m\u00e1xima em qualidade, oferece gradua\u00e7\u00f5es em sa\u00fade, gest\u00e3o e educa\u00e7\u00e3o.<\/p>\n","protected":false},"author":4,"featured_media":3642,"comment_status":"open","ping_status":"open","sticky":false,"template":"","format":"standard","meta":{"cybocfi_hide_featured_image":"","footnotes":""},"categories":[1,85],"tags":[18,194,193],"class_list":["post-3636","post","type-post","status-publish","format-standard","has-post-thumbnail","hentry","category-cursos","category-vestibular","tag-vestibular","tag-vestibular-2025","tag-vestibular-de-inverno"],"yoast_head":"<!-- This site is optimized with the Yoast SEO plugin v27.4 - https:\/\/yoast.com\/product\/yoast-seo-wordpress\/ -->\n<title>S\u00e3o Camilo abre inscri\u00e7\u00f5es para vestibular 2025|2\u00ba semestre - Blog S\u00e3o Camilo<\/title>\n<meta name=\"description\" content=\"Reconhecida com nota m\u00e1xima no MEC, S\u00e3o Camilo oferece gradua\u00e7\u00f5es em sa\u00fade, gest\u00e3o e educa\u00e7\u00e3o no vestibular de inverno.\" \/>\n<meta name=\"robots\" content=\"index, follow, max-snippet:-1, max-image-preview:large, max-video-preview:-1\" \/>\n<link rel=\"canonical\" href=\"https:\/\/blog.saocamilo-sp.br\/index.php\/2025\/04\/30\/vestibular\/\" \/>\n<meta property=\"og:locale\" content=\"pt_BR\" \/>\n<meta property=\"og:type\" content=\"article\" \/>\n<meta property=\"og:title\" content=\"S\u00e3o Camilo abre inscri\u00e7\u00f5es para vestibular 2025|2\u00ba semestre - Blog S\u00e3o Camilo\" \/>\n<meta property=\"og:description\" content=\"Reconhecida com nota m\u00e1xima no MEC, S\u00e3o Camilo oferece gradua\u00e7\u00f5es em sa\u00fade, gest\u00e3o e educa\u00e7\u00e3o no vestibular de inverno.\" \/>\n<meta property=\"og:url\" content=\"https:\/\/blog.saocamilo-sp.br\/index.php\/2025\/04\/30\/vestibular\/\" \/>\n<meta property=\"og:site_name\" content=\"Blog S\u00e3o Camilo\" \/>\n<meta property=\"article:publisher\" content=\"https:\/\/www.facebook.com\/saocamilosp\" \/>\n<meta property=\"article:published_time\" content=\"2025-04-30T18:02:34+00:00\" \/>\n<meta property=\"article:modified_time\" content=\"2025-04-30T20:34:59+00:00\" \/>\n<meta property=\"og:image\" content=\"https:\/\/blog.saocamilo-sp.br\/wp-content\/uploads\/2025\/04\/Vestibular_2025_2.png\" \/>\n\t<meta property=\"og:image:width\" content=\"600\" \/>\n\t<meta property=\"og:image:height\" content=\"409\" \/>\n\t<meta property=\"og:image:type\" content=\"image\/png\" \/>\n<meta name=\"author\" content=\"Lucas Soares Gon\u00e7alves\" \/>\n<meta name=\"twitter:card\" content=\"summary_large_image\" \/>\n<meta name=\"twitter:creator\" content=\"@saocamilosp\" \/>\n<meta name=\"twitter:site\" content=\"@saocamilosp\" \/>\n<meta name=\"twitter:label1\" content=\"Escrito por\" \/>\n\t<meta name=\"twitter:data1\" content=\"Lucas Soares Gon\u00e7alves\" \/>\n\t<meta name=\"twitter:label2\" content=\"Est. tempo de leitura\" \/>\n\t<meta name=\"twitter:data2\" content=\"5 minutos\" \/>\n<script type=\"application\/ld+json\" class=\"yoast-schema-graph\">{\"@context\":\"https:\\\/\\\/schema.org\",\"@graph\":[{\"@type\":\"Article\",\"@id\":\"https:\\\/\\\/blog.saocamilo-sp.br\\\/index.php\\\/2025\\\/04\\\/30\\\/vestibular\\\/#article\",\"isPartOf\":{\"@id\":\"https:\\\/\\\/blog.saocamilo-sp.br\\\/index.php\\\/2025\\\/04\\\/30\\\/vestibular\\\/\"},\"author\":{\"name\":\"Lucas Soares Gon\u00e7alves\",\"@id\":\"https:\\\/\\\/blog.saocamilo-sp.br\\\/#\\\/schema\\\/person\\\/781135418152912d4b58f2db13a2eaf0\"},\"headline\":\"S\u00e3o Camilo abre inscri\u00e7\u00f5es para vestibular 2025|2\u00ba semestre\",\"datePublished\":\"2025-04-30T18:02:34+00:00\",\"dateModified\":\"2025-04-30T20:34:59+00:00\",\"mainEntityOfPage\":{\"@id\":\"https:\\\/\\\/blog.saocamilo-sp.br\\\/index.php\\\/2025\\\/04\\\/30\\\/vestibular\\\/\"},\"wordCount\":916,\"commentCount\":0,\"publisher\":{\"@id\":\"https:\\\/\\\/blog.saocamilo-sp.br\\\/#organization\"},\"image\":{\"@id\":\"https:\\\/\\\/blog.saocamilo-sp.br\\\/index.php\\\/2025\\\/04\\\/30\\\/vestibular\\\/#primaryimage\"},\"thumbnailUrl\":\"https:\\\/\\\/blog.saocamilo-sp.br\\\/wp-content\\\/uploads\\\/2025\\\/04\\\/Vestibular_2025_2.png\",\"keywords\":[\"Vestibular\",\"vestibular 2025\",\"vestibular de inverno\"],\"articleSection\":[\"Cursos\",\"Vestibular\"],\"inLanguage\":\"pt-BR\",\"potentialAction\":[{\"@type\":\"CommentAction\",\"name\":\"Comment\",\"target\":[\"https:\\\/\\\/blog.saocamilo-sp.br\\\/index.php\\\/2025\\\/04\\\/30\\\/vestibular\\\/#respond\"]}]},{\"@type\":\"WebPage\",\"@id\":\"https:\\\/\\\/blog.saocamilo-sp.br\\\/index.php\\\/2025\\\/04\\\/30\\\/vestibular\\\/\",\"url\":\"https:\\\/\\\/blog.saocamilo-sp.br\\\/index.php\\\/2025\\\/04\\\/30\\\/vestibular\\\/\",\"name\":\"S\u00e3o Camilo abre inscri\u00e7\u00f5es para vestibular 2025|2\u00ba semestre - Blog S\u00e3o Camilo\",\"isPartOf\":{\"@id\":\"https:\\\/\\\/blog.saocamilo-sp.br\\\/#website\"},\"primaryImageOfPage\":{\"@id\":\"https:\\\/\\\/blog.saocamilo-sp.br\\\/index.php\\\/2025\\\/04\\\/30\\\/vestibular\\\/#primaryimage\"},\"image\":{\"@id\":\"https:\\\/\\\/blog.saocamilo-sp.br\\\/index.php\\\/2025\\\/04\\\/30\\\/vestibular\\\/#primaryimage\"},\"thumbnailUrl\":\"https:\\\/\\\/blog.saocamilo-sp.br\\\/wp-content\\\/uploads\\\/2025\\\/04\\\/Vestibular_2025_2.png\",\"datePublished\":\"2025-04-30T18:02:34+00:00\",\"dateModified\":\"2025-04-30T20:34:59+00:00\",\"description\":\"Reconhecida com nota m\u00e1xima no MEC, S\u00e3o Camilo oferece gradua\u00e7\u00f5es em sa\u00fade, gest\u00e3o e educa\u00e7\u00e3o no vestibular de inverno.\",\"breadcrumb\":{\"@id\":\"https:\\\/\\\/blog.saocamilo-sp.br\\\/index.php\\\/2025\\\/04\\\/30\\\/vestibular\\\/#breadcrumb\"},\"inLanguage\":\"pt-BR\",\"potentialAction\":[{\"@type\":\"ReadAction\",\"target\":[\"https:\\\/\\\/blog.saocamilo-sp.br\\\/index.php\\\/2025\\\/04\\\/30\\\/vestibular\\\/\"]}]},{\"@type\":\"ImageObject\",\"inLanguage\":\"pt-BR\",\"@id\":\"https:\\\/\\\/blog.saocamilo-sp.br\\\/index.php\\\/2025\\\/04\\\/30\\\/vestibular\\\/#primaryimage\",\"url\":\"https:\\\/\\\/blog.saocamilo-sp.br\\\/wp-content\\\/uploads\\\/2025\\\/04\\\/Vestibular_2025_2.png\",\"contentUrl\":\"https:\\\/\\\/blog.saocamilo-sp.br\\\/wp-content\\\/uploads\\\/2025\\\/04\\\/Vestibular_2025_2.png\",\"width\":600,\"height\":409,\"caption\":\"Vestibular 2025 - 2\u00ba semestre\"},{\"@type\":\"BreadcrumbList\",\"@id\":\"https:\\\/\\\/blog.saocamilo-sp.br\\\/index.php\\\/2025\\\/04\\\/30\\\/vestibular\\\/#breadcrumb\",\"itemListElement\":[{\"@type\":\"ListItem\",\"position\":1,\"name\":\"In\u00edcio\",\"item\":\"https:\\\/\\\/blog.saocamilo-sp.br\\\/\"},{\"@type\":\"ListItem\",\"position\":2,\"name\":\"S\u00e3o Camilo abre inscri\u00e7\u00f5es para vestibular 2025|2\u00ba semestre\"}]},{\"@type\":\"WebSite\",\"@id\":\"https:\\\/\\\/blog.saocamilo-sp.br\\\/#website\",\"url\":\"https:\\\/\\\/blog.saocamilo-sp.br\\\/\",\"name\":\"Blog S\u00e3o Camilo\",\"description\":\"Blog do Centro Universit\u00e1rio S\u00e3o Camilo\",\"publisher\":{\"@id\":\"https:\\\/\\\/blog.saocamilo-sp.br\\\/#organization\"},\"potentialAction\":[{\"@type\":\"SearchAction\",\"target\":{\"@type\":\"EntryPoint\",\"urlTemplate\":\"https:\\\/\\\/blog.saocamilo-sp.br\\\/?s={search_term_string}\"},\"query-input\":{\"@type\":\"PropertyValueSpecification\",\"valueRequired\":true,\"valueName\":\"search_term_string\"}}],\"inLanguage\":\"pt-BR\"},{\"@type\":\"Organization\",\"@id\":\"https:\\\/\\\/blog.saocamilo-sp.br\\\/#organization\",\"name\":\"Blog S\u00e3o Camilo\",\"url\":\"https:\\\/\\\/blog.saocamilo-sp.br\\\/\",\"logo\":{\"@type\":\"ImageObject\",\"inLanguage\":\"pt-BR\",\"@id\":\"https:\\\/\\\/blog.saocamilo-sp.br\\\/#\\\/schema\\\/logo\\\/image\\\/\",\"url\":\"https:\\\/\\\/blog.saocamilo-sp.br\\\/wp-content\\\/uploads\\\/2021\\\/12\\\/cropped-vazio-logo-topo.png\",\"contentUrl\":\"https:\\\/\\\/blog.saocamilo-sp.br\\\/wp-content\\\/uploads\\\/2021\\\/12\\\/cropped-vazio-logo-topo.png\",\"width\":320,\"height\":240,\"caption\":\"Blog S\u00e3o Camilo\"},\"image\":{\"@id\":\"https:\\\/\\\/blog.saocamilo-sp.br\\\/#\\\/schema\\\/logo\\\/image\\\/\"},\"sameAs\":[\"https:\\\/\\\/www.facebook.com\\\/saocamilosp\",\"https:\\\/\\\/x.com\\\/saocamilosp\",\"https:\\\/\\\/www.linkedin.com\\\/school\\\/centro-universit-rio-s-o-camilo\\\/\"]},{\"@type\":\"Person\",\"@id\":\"https:\\\/\\\/blog.saocamilo-sp.br\\\/#\\\/schema\\\/person\\\/781135418152912d4b58f2db13a2eaf0\",\"name\":\"Lucas Soares Gon\u00e7alves\",\"image\":{\"@type\":\"ImageObject\",\"inLanguage\":\"pt-BR\",\"@id\":\"https:\\\/\\\/secure.gravatar.com\\\/avatar\\\/bcd2d703cbb48116eaac2cac8643792535238ff30b2d7ce9e16f9254ec9cae83?s=96&d=mm&r=g\",\"url\":\"https:\\\/\\\/secure.gravatar.com\\\/avatar\\\/bcd2d703cbb48116eaac2cac8643792535238ff30b2d7ce9e16f9254ec9cae83?s=96&d=mm&r=g\",\"contentUrl\":\"https:\\\/\\\/secure.gravatar.com\\\/avatar\\\/bcd2d703cbb48116eaac2cac8643792535238ff30b2d7ce9e16f9254ec9cae83?s=96&d=mm&r=g\",\"caption\":\"Lucas Soares Gon\u00e7alves\"},\"url\":\"https:\\\/\\\/blog.saocamilo-sp.br\\\/index.php\\\/author\\\/lucas-soares-goncalves\\\/\"}]}<\/script>\n<!-- \/ Yoast SEO plugin. -->","yoast_head_json":{"title":"S\u00e3o Camilo abre inscri\u00e7\u00f5es para vestibular 2025|2\u00ba semestre - Blog S\u00e3o Camilo","description":"Reconhecida com nota m\u00e1xima no MEC, S\u00e3o Camilo oferece gradua\u00e7\u00f5es em sa\u00fade, gest\u00e3o e educa\u00e7\u00e3o no vestibular de inverno.","robots":{"index":"index","follow":"follow","max-snippet":"max-snippet:-1","max-image-preview":"max-image-preview:large","max-video-preview":"max-video-preview:-1"},"canonical":"https:\/\/blog.saocamilo-sp.br\/index.php\/2025\/04\/30\/vestibular\/","og_locale":"pt_BR","og_type":"article","og_title":"S\u00e3o Camilo abre inscri\u00e7\u00f5es para vestibular 2025|2\u00ba semestre - Blog S\u00e3o Camilo","og_description":"Reconhecida com nota m\u00e1xima no MEC, S\u00e3o Camilo oferece gradua\u00e7\u00f5es em sa\u00fade, gest\u00e3o e educa\u00e7\u00e3o no vestibular de inverno.","og_url":"https:\/\/blog.saocamilo-sp.br\/index.php\/2025\/04\/30\/vestibular\/","og_site_name":"Blog S\u00e3o Camilo","article_publisher":"https:\/\/www.facebook.com\/saocamilosp","article_published_time":"2025-04-30T18:02:34+00:00","article_modified_time":"2025-04-30T20:34:59+00:00","og_image":[{"width":600,"height":409,"url":"https:\/\/blog.saocamilo-sp.br\/wp-content\/uploads\/2025\/04\/Vestibular_2025_2.png","type":"image\/png"}],"author":"Lucas Soares Gon\u00e7alves","twitter_card":"summary_large_image","twitter_creator":"@saocamilosp","twitter_site":"@saocamilosp","twitter_misc":{"Escrito por":"Lucas Soares Gon\u00e7alves","Est. tempo de leitura":"5 minutos"},"schema":{"@context":"https:\/\/schema.org","@graph":[{"@type":"Article","@id":"https:\/\/blog.saocamilo-sp.br\/index.php\/2025\/04\/30\/vestibular\/#article","isPartOf":{"@id":"https:\/\/blog.saocamilo-sp.br\/index.php\/2025\/04\/30\/vestibular\/"},"author":{"name":"Lucas Soares Gon\u00e7alves","@id":"https:\/\/blog.saocamilo-sp.br\/#\/schema\/person\/781135418152912d4b58f2db13a2eaf0"},"headline":"S\u00e3o Camilo abre inscri\u00e7\u00f5es para vestibular 2025|2\u00ba semestre","datePublished":"2025-04-30T18:02:34+00:00","dateModified":"2025-04-30T20:34:59+00:00","mainEntityOfPage":{"@id":"https:\/\/blog.saocamilo-sp.br\/index.php\/2025\/04\/30\/vestibular\/"},"wordCount":916,"commentCount":0,"publisher":{"@id":"https:\/\/blog.saocamilo-sp.br\/#organization"},"image":{"@id":"https:\/\/blog.saocamilo-sp.br\/index.php\/2025\/04\/30\/vestibular\/#primaryimage"},"thumbnailUrl":"https:\/\/blog.saocamilo-sp.br\/wp-content\/uploads\/2025\/04\/Vestibular_2025_2.png","keywords":["Vestibular","vestibular 2025","vestibular de inverno"],"articleSection":["Cursos","Vestibular"],"inLanguage":"pt-BR","potentialAction":[{"@type":"CommentAction","name":"Comment","target":["https:\/\/blog.saocamilo-sp.br\/index.php\/2025\/04\/30\/vestibular\/#respond"]}]},{"@type":"WebPage","@id":"https:\/\/blog.saocamilo-sp.br\/index.php\/2025\/04\/30\/vestibular\/","url":"https:\/\/blog.saocamilo-sp.br\/index.php\/2025\/04\/30\/vestibular\/","name":"S\u00e3o Camilo abre inscri\u00e7\u00f5es para vestibular 2025|2\u00ba semestre - Blog S\u00e3o Camilo","isPartOf":{"@id":"https:\/\/blog.saocamilo-sp.br\/#website"},"primaryImageOfPage":{"@id":"https:\/\/blog.saocamilo-sp.br\/index.php\/2025\/04\/30\/vestibular\/#primaryimage"},"image":{"@id":"https:\/\/blog.saocamilo-sp.br\/index.php\/2025\/04\/30\/vestibular\/#primaryimage"},"thumbnailUrl":"https:\/\/blog.saocamilo-sp.br\/wp-content\/uploads\/2025\/04\/Vestibular_2025_2.png","datePublished":"2025-04-30T18:02:34+00:00","dateModified":"2025-04-30T20:34:59+00:00","description":"Reconhecida com nota m\u00e1xima no MEC, S\u00e3o Camilo oferece gradua\u00e7\u00f5es em sa\u00fade, gest\u00e3o e educa\u00e7\u00e3o no vestibular de inverno.","breadcrumb":{"@id":"https:\/\/blog.saocamilo-sp.br\/index.php\/2025\/04\/30\/vestibular\/#breadcrumb"},"inLanguage":"pt-BR","potentialAction":[{"@type":"ReadAction","target":["https:\/\/blog.saocamilo-sp.br\/index.php\/2025\/04\/30\/vestibular\/"]}]},{"@type":"ImageObject","inLanguage":"pt-BR","@id":"https:\/\/blog.saocamilo-sp.br\/index.php\/2025\/04\/30\/vestibular\/#primaryimage","url":"https:\/\/blog.saocamilo-sp.br\/wp-content\/uploads\/2025\/04\/Vestibular_2025_2.png","contentUrl":"https:\/\/blog.saocamilo-sp.br\/wp-content\/uploads\/2025\/04\/Vestibular_2025_2.png","width":600,"height":409,"caption":"Vestibular 2025 - 2\u00ba semestre"},{"@type":"BreadcrumbList","@id":"https:\/\/blog.saocamilo-sp.br\/index.php\/2025\/04\/30\/vestibular\/#breadcrumb","itemListElement":[{"@type":"ListItem","position":1,"name":"In\u00edcio","item":"https:\/\/blog.saocamilo-sp.br\/"},{"@type":"ListItem","position":2,"name":"S\u00e3o Camilo abre inscri\u00e7\u00f5es para vestibular 2025|2\u00ba semestre"}]},{"@type":"WebSite","@id":"https:\/\/blog.saocamilo-sp.br\/#website","url":"https:\/\/blog.saocamilo-sp.br\/","name":"Blog S\u00e3o Camilo","description":"Blog do Centro Universit\u00e1rio S\u00e3o Camilo","publisher":{"@id":"https:\/\/blog.saocamilo-sp.br\/#organization"},"potentialAction":[{"@type":"SearchAction","target":{"@type":"EntryPoint","urlTemplate":"https:\/\/blog.saocamilo-sp.br\/?s={search_term_string}"},"query-input":{"@type":"PropertyValueSpecification","valueRequired":true,"valueName":"search_term_string"}}],"inLanguage":"pt-BR"},{"@type":"Organization","@id":"https:\/\/blog.saocamilo-sp.br\/#organization","name":"Blog S\u00e3o Camilo","url":"https:\/\/blog.saocamilo-sp.br\/","logo":{"@type":"ImageObject","inLanguage":"pt-BR","@id":"https:\/\/blog.saocamilo-sp.br\/#\/schema\/logo\/image\/","url":"https:\/\/blog.saocamilo-sp.br\/wp-content\/uploads\/2021\/12\/cropped-vazio-logo-topo.png","contentUrl":"https:\/\/blog.saocamilo-sp.br\/wp-content\/uploads\/2021\/12\/cropped-vazio-logo-topo.png","width":320,"height":240,"caption":"Blog S\u00e3o Camilo"},"image":{"@id":"https:\/\/blog.saocamilo-sp.br\/#\/schema\/logo\/image\/"},"sameAs":["https:\/\/www.facebook.com\/saocamilosp","https:\/\/x.com\/saocamilosp","https:\/\/www.linkedin.com\/school\/centro-universit-rio-s-o-camilo\/"]},{"@type":"Person","@id":"https:\/\/blog.saocamilo-sp.br\/#\/schema\/person\/781135418152912d4b58f2db13a2eaf0","name":"Lucas Soares Gon\u00e7alves","image":{"@type":"ImageObject","inLanguage":"pt-BR","@id":"https:\/\/secure.gravatar.com\/avatar\/bcd2d703cbb48116eaac2cac8643792535238ff30b2d7ce9e16f9254ec9cae83?s=96&d=mm&r=g","url":"https:\/\/secure.gravatar.com\/avatar\/bcd2d703cbb48116eaac2cac8643792535238ff30b2d7ce9e16f9254ec9cae83?s=96&d=mm&r=g","contentUrl":"https:\/\/secure.gravatar.com\/avatar\/bcd2d703cbb48116eaac2cac8643792535238ff30b2d7ce9e16f9254ec9cae83?s=96&d=mm&r=g","caption":"Lucas Soares Gon\u00e7alves"},"url":"https:\/\/blog.saocamilo-sp.br\/index.php\/author\/lucas-soares-goncalves\/"}]}},"_links":{"self":[{"href":"https:\/\/blog.saocamilo-sp.br\/index.php\/wp-json\/wp\/v2\/posts\/3636","targetHints":{"allow":["GET"]}}],"collection":[{"href":"https:\/\/blog.saocamilo-sp.br\/index.php\/wp-json\/wp\/v2\/posts"}],"about":[{"href":"https:\/\/blog.saocamilo-sp.br\/index.php\/wp-json\/wp\/v2\/types\/post"}],"author":[{"embeddable":true,"href":"https:\/\/blog.saocamilo-sp.br\/index.php\/wp-json\/wp\/v2\/users\/4"}],"replies":[{"embeddable":true,"href":"https:\/\/blog.saocamilo-sp.br\/index.php\/wp-json\/wp\/v2\/comments?post=3636"}],"version-history":[{"count":5,"href":"https:\/\/blog.saocamilo-sp.br\/index.php\/wp-json\/wp\/v2\/posts\/3636\/revisions"}],"predecessor-version":[{"id":3648,"href":"https:\/\/blog.saocamilo-sp.br\/index.php\/wp-json\/wp\/v2\/posts\/3636\/revisions\/3648"}],"wp:featuredmedia":[{"embeddable":true,"href":"https:\/\/blog.saocamilo-sp.br\/index.php\/wp-json\/wp\/v2\/media\/3642"}],"wp:attachment":[{"href":"https:\/\/blog.saocamilo-sp.br\/index.php\/wp-json\/wp\/v2\/media?parent=3636"}],"wp:term":[{"taxonomy":"category","embeddable":true,"href":"https:\/\/blog.saocamilo-sp.br\/index.php\/wp-json\/wp\/v2\/categories?post=3636"},{"taxonomy":"post_tag","embeddable":true,"href":"https:\/\/blog.saocamilo-sp.br\/index.php\/wp-json\/wp\/v2\/tags?post=3636"}],"curies":[{"name":"wp","href":"https:\/\/api.w.org\/{rel}","templated":true}]}}