{"id":3653,"date":"2025-05-08T09:00:00","date_gmt":"2025-05-08T12:00:00","guid":{"rendered":"https:\/\/blog.saocamilo-sp.br\/?p=3653"},"modified":"2025-05-12T14:36:41","modified_gmt":"2025-05-12T17:36:41","slug":"marketing","status":"publish","type":"post","link":"https:\/\/blog.saocamilo-sp.br\/index.php\/2025\/05\/08\/marketing\/","title":{"rendered":"Quais as \u00e1reas de atua\u00e7\u00e3o do profissional de Marketing?"},"content":{"rendered":"\n<p>O Dia do Profissional de Marketing \u00e9 celebrado em <strong>08 de maio<\/strong>, uma data que valoriza quem transforma ideias em resultados. Hoje, mais do que nunca, o marketing est\u00e1 presente em todos os setores \u2014 do tradicional ao digital, do institucional ao promocional. E se voc\u00ea deseja fazer parte desse universo din\u00e2mico e cheio de possibilidades, entender as \u00e1reas de atua\u00e7\u00e3o \u00e9 o primeiro passo.<\/p>\n\n\n\n<h2 class=\"wp-block-heading\">1. Marketing Digital<\/h2>\n\n\n\n<p>Sem d\u00favida, \u00e9 uma das \u00e1reas que mais cresce. O profissional atua com estrat\u00e9gias online como SEO, marketing de conte\u00fado, redes sociais, tr\u00e1fego pago, e-mail marketing e automa\u00e7\u00e3o. As campanhas s\u00e3o criadas com base em dados e comportamento do consumidor.<\/p>\n\n\n\n<h2 class=\"wp-block-heading\">2. Branding<\/h2>\n\n\n\n<p>O branding envolve a constru\u00e7\u00e3o e a gest\u00e3o da marca. Aqui, o profissional foca na imagem que a empresa deseja transmitir. Toda comunica\u00e7\u00e3o, visual ou verbal, precisa ser planejada estrategicamente. Muitas vezes, o trabalho \u00e9 feito em parceria com setores de design e comunica\u00e7\u00e3o.<\/p>\n\n\n\n<h2 class=\"wp-block-heading\">3. Marketing de Produto<\/h2>\n\n\n\n<p>Neste campo, o objetivo \u00e9 posicionar um produto no mercado, identificando as necessidades do p\u00fablico. Desde o desenvolvimento at\u00e9 o lan\u00e7amento, tudo \u00e9 cuidadosamente estudado. Estrat\u00e9gias de pre\u00e7o, embalagem, e diferenciais tamb\u00e9m s\u00e3o inclu\u00eddos nesse processo.<\/p>\n\n\n\n<h2 class=\"wp-block-heading\">4. Trade Marketing<\/h2>\n\n\n\n<p>Respons\u00e1vel por alinhar a\u00e7\u00f5es entre a ind\u00fastria e o varejo, o trade marketing tem foco nos canais de venda. Materiais promocionais, organiza\u00e7\u00e3o de pontos de venda (PDVs) e campanhas nos estabelecimentos f\u00edsicos fazem parte dessa atua\u00e7\u00e3o. Com isso, o consumidor \u00e9 impactado diretamente no momento da compra.<\/p>\n\n\n\n<h2 class=\"wp-block-heading\">5. Intelig\u00eancia de Mercado<\/h2>\n\n\n\n<p>Essa \u00e1rea \u00e9 voltada \u00e0 an\u00e1lise de dados e comportamento do consumidor. Com base em pesquisas e relat\u00f3rios, as decis\u00f5es estrat\u00e9gicas s\u00e3o embasadas para alcan\u00e7ar melhores resultados. Grande parte das a\u00e7\u00f5es de marketing \u00e9 orientada por essas an\u00e1lises.<\/p>\n\n\n\n<h2 class=\"wp-block-heading\">6. Marketing Institucional<\/h2>\n\n\n\n<p>O marketing institucional trabalha a imagem da empresa perante a sociedade. A reputa\u00e7\u00e3o, a cultura organizacional e os valores da marca s\u00e3o divulgados de forma planejada. Frequentemente, a\u00e7\u00f5es de responsabilidade social e sustentabilidade est\u00e3o presentes nesse tipo de comunica\u00e7\u00e3o.<\/p>\n\n\n\n<h2 class=\"wp-block-heading\">7. Marketing de Relacionamento<\/h2>\n\n\n\n<p>Construir relacionamentos duradouros com os clientes \u00e9 essencial. Por isso, estrat\u00e9gias de fideliza\u00e7\u00e3o, programas de pontos e a\u00e7\u00f5es personalizadas s\u00e3o usadas. O objetivo \u00e9 simples: manter o cliente pr\u00f3ximo da marca e aumentar sua satisfa\u00e7\u00e3o.<\/p>\n\n\n\n<h2 class=\"wp-block-heading\">8. Marketing de Servi\u00e7os<\/h2>\n\n\n\n<p>Diferente da venda de produtos, o marketing de servi\u00e7os exige abordagens espec\u00edficas. A intangibilidade do servi\u00e7o faz com que a confian\u00e7a e a experi\u00eancia do cliente sejam os focos principais. Dessa forma, a comunica\u00e7\u00e3o precisa ser clara, emp\u00e1tica e persuasiva.<\/p>\n\n\n\n<h2 class=\"wp-block-heading\">9. Marketing de Conte\u00fado<\/h2>\n\n\n\n<p>Essa \u00e9 uma das \u00e1reas mais criativas do marketing. O profissional produz conte\u00fados que informam, entret\u00eam e educam o p\u00fablico, gerando valor para a marca. Blogs, v\u00eddeos, podcasts e e-books s\u00e3o apenas algumas das ferramentas utilizadas. Com isso, a autoridade da empresa \u00e9 fortalecida.<\/p>\n\n\n\n<h2 class=\"wp-block-heading\">10. Endomarketing<\/h2>\n\n\n\n<p>Voltado para o p\u00fablico interno, o endomarketing melhora o clima organizacional e fortalece a cultura da empresa. Campanhas internas, treinamentos e a\u00e7\u00f5es de engajamento s\u00e3o desenvolvidas com esse objetivo. Como resultado, os colaboradores se tornam embaixadores da marca.<\/p>\n\n\n\n<hr class=\"wp-block-separator has-alpha-channel-opacity\"\/>\n\n\n\n<h3 class=\"wp-block-heading\">Por Que Escolher o Curso de Tecn\u00f3logo em Marketing da S\u00e3o Camilo?<\/h3>\n\n\n\n<p>O curso <strong><strong><a href=\"https:\/\/saocamilo-sp.br\/cursos-graduacao\/marketing\/\">Tecn\u00f3logo em Marketing<\/a><\/strong><\/strong> do <strong><strong><a href=\"https:\/\/saocamilo-sp.br\/\">Centro Universit\u00e1rio S\u00e3o Camilo<\/a><\/strong><\/strong> \u00e9 ideal para quem deseja atuar em qualquer uma dessas \u00e1reas. Com <strong>ensino 100% EAD<\/strong>, a institui\u00e7\u00e3o oferece <strong>plataforma intuitiva, aulas din\u00e2micas<\/strong> e <strong>acesso facilitado aos professores e tutores<\/strong>.<\/p>\n\n\n\n<p>Al\u00e9m disso, a forma\u00e7\u00e3o \u00e9 voltada para o desenvolvimento pr\u00e1tico, permitindo que os alunos apliquem os conhecimentos desde o in\u00edcio. O diploma \u00e9 reconhecido pelo MEC e a institui\u00e7\u00e3o \u00e9 refer\u00eancia em qualidade de ensino.<\/p>\n\n\n\n<p><\/p>\n\n\n\n<p><strong>Leia Tamb\u00e9m<\/strong><\/p>\n\n\n\n<p><a href=\"https:\/\/blog.saocamilo-sp.br\/index.php\/2025\/02\/17\/corrida-e-nutricao-conheca-a-historia-da-aluna-thamires\/\">Corrida e Nutri\u00e7\u00e3o: conhe\u00e7a a hist\u00f3ria da aluna Thamires Silva<\/a><br><a href=\"https:\/\/blog.saocamilo-sp.br\/index.php\/2024\/10\/01\/estudante-de-nutricao-e-fera-na-esgrima-paralimpica\/\">Estudante de Nutri\u00e7\u00e3o \u00e9 fera na esgrima paral\u00edmpica<\/a><br><a href=\"https:\/\/blog.saocamilo-sp.br\/index.php\/2025\/04\/30\/vestibular\/\">Centro Universit\u00e1rio S\u00e3o Camilo abre inscri\u00e7\u00f5es para vestibular 2025.2 com cursos presenciais e EAD&nbsp;<\/a><\/p>\n\n\n\n<p><\/p>\n","protected":false},"excerpt":{"rendered":"<p>Conhe\u00e7a as principais \u00e1reas de atua\u00e7\u00e3o do profissional de Marketing e descubra como construir uma carreira din\u00e2mica e repleta de oportunidades.<\/p>\n","protected":false},"author":4,"featured_media":3674,"comment_status":"open","ping_status":"open","sticky":false,"template":"","format":"standard","meta":{"cybocfi_hide_featured_image":"","footnotes":""},"categories":[198,196,90],"tags":[119,197],"class_list":["post-3653","post","type-post","status-publish","format-standard","has-post-thumbnail","hentry","category-graduacao","category-marketing","category-mercado-profissional","tag-graduacao","tag-marketing"],"yoast_head":"<!-- This site is optimized with the Yoast SEO plugin v27.4 - https:\/\/yoast.com\/product\/yoast-seo-wordpress\/ -->\n<title>Quais as \u00e1reas de atua\u00e7\u00e3o do profissional de Marketing?<\/title>\n<meta name=\"description\" content=\"Conhe\u00e7a as principais \u00e1reas de atua\u00e7\u00e3o do profissional de Marketing e descubra como construir uma carreira din\u00e2mica e cheia de oportunidades.\" \/>\n<meta name=\"robots\" content=\"index, follow, max-snippet:-1, max-image-preview:large, max-video-preview:-1\" \/>\n<link rel=\"canonical\" href=\"https:\/\/blog.saocamilo-sp.br\/index.php\/2025\/05\/08\/marketing\/\" \/>\n<meta property=\"og:locale\" content=\"pt_BR\" \/>\n<meta property=\"og:type\" content=\"article\" \/>\n<meta property=\"og:title\" content=\"Quais as \u00e1reas de atua\u00e7\u00e3o do profissional de Marketing?\" \/>\n<meta property=\"og:description\" content=\"Conhe\u00e7a as principais \u00e1reas de atua\u00e7\u00e3o do profissional de Marketing e descubra como construir uma carreira din\u00e2mica e cheia de oportunidades.\" \/>\n<meta property=\"og:url\" content=\"https:\/\/blog.saocamilo-sp.br\/index.php\/2025\/05\/08\/marketing\/\" \/>\n<meta property=\"og:site_name\" content=\"Blog S\u00e3o Camilo\" \/>\n<meta property=\"article:publisher\" content=\"https:\/\/www.facebook.com\/saocamilosp\" \/>\n<meta property=\"article:published_time\" content=\"2025-05-08T12:00:00+00:00\" \/>\n<meta property=\"article:modified_time\" content=\"2025-05-12T17:36:41+00:00\" \/>\n<meta property=\"og:image\" content=\"https:\/\/blog.saocamilo-sp.br\/wp-content\/uploads\/2025\/05\/Dia-do-profissional-de-marketing.png\" \/>\n\t<meta property=\"og:image:width\" content=\"600\" \/>\n\t<meta property=\"og:image:height\" content=\"400\" \/>\n\t<meta property=\"og:image:type\" content=\"image\/png\" \/>\n<meta name=\"author\" content=\"Lucas Soares Gon\u00e7alves\" \/>\n<meta name=\"twitter:card\" content=\"summary_large_image\" \/>\n<meta name=\"twitter:creator\" content=\"@saocamilosp\" \/>\n<meta name=\"twitter:site\" content=\"@saocamilosp\" \/>\n<meta name=\"twitter:label1\" content=\"Escrito por\" \/>\n\t<meta name=\"twitter:data1\" content=\"Lucas Soares Gon\u00e7alves\" \/>\n\t<meta name=\"twitter:label2\" content=\"Est. tempo de leitura\" \/>\n\t<meta name=\"twitter:data2\" content=\"4 minutos\" \/>\n<script type=\"application\/ld+json\" class=\"yoast-schema-graph\">{\"@context\":\"https:\\\/\\\/schema.org\",\"@graph\":[{\"@type\":\"Article\",\"@id\":\"https:\\\/\\\/blog.saocamilo-sp.br\\\/index.php\\\/2025\\\/05\\\/08\\\/marketing\\\/#article\",\"isPartOf\":{\"@id\":\"https:\\\/\\\/blog.saocamilo-sp.br\\\/index.php\\\/2025\\\/05\\\/08\\\/marketing\\\/\"},\"author\":{\"name\":\"Lucas Soares Gon\u00e7alves\",\"@id\":\"https:\\\/\\\/blog.saocamilo-sp.br\\\/#\\\/schema\\\/person\\\/781135418152912d4b58f2db13a2eaf0\"},\"headline\":\"Quais as \u00e1reas de atua\u00e7\u00e3o do profissional de Marketing?\",\"datePublished\":\"2025-05-08T12:00:00+00:00\",\"dateModified\":\"2025-05-12T17:36:41+00:00\",\"mainEntityOfPage\":{\"@id\":\"https:\\\/\\\/blog.saocamilo-sp.br\\\/index.php\\\/2025\\\/05\\\/08\\\/marketing\\\/\"},\"wordCount\":681,\"commentCount\":0,\"publisher\":{\"@id\":\"https:\\\/\\\/blog.saocamilo-sp.br\\\/#organization\"},\"image\":{\"@id\":\"https:\\\/\\\/blog.saocamilo-sp.br\\\/index.php\\\/2025\\\/05\\\/08\\\/marketing\\\/#primaryimage\"},\"thumbnailUrl\":\"https:\\\/\\\/blog.saocamilo-sp.br\\\/wp-content\\\/uploads\\\/2025\\\/05\\\/Dia-do-profissional-de-marketing.png\",\"keywords\":[\"gradua\u00e7\u00e3o\",\"marketing\"],\"articleSection\":[\"Gradua\u00e7\u00e3o\",\"Marketing\",\"Mercado Profissional\"],\"inLanguage\":\"pt-BR\",\"potentialAction\":[{\"@type\":\"CommentAction\",\"name\":\"Comment\",\"target\":[\"https:\\\/\\\/blog.saocamilo-sp.br\\\/index.php\\\/2025\\\/05\\\/08\\\/marketing\\\/#respond\"]}]},{\"@type\":\"WebPage\",\"@id\":\"https:\\\/\\\/blog.saocamilo-sp.br\\\/index.php\\\/2025\\\/05\\\/08\\\/marketing\\\/\",\"url\":\"https:\\\/\\\/blog.saocamilo-sp.br\\\/index.php\\\/2025\\\/05\\\/08\\\/marketing\\\/\",\"name\":\"Quais as \u00e1reas de atua\u00e7\u00e3o do profissional de Marketing?\",\"isPartOf\":{\"@id\":\"https:\\\/\\\/blog.saocamilo-sp.br\\\/#website\"},\"primaryImageOfPage\":{\"@id\":\"https:\\\/\\\/blog.saocamilo-sp.br\\\/index.php\\\/2025\\\/05\\\/08\\\/marketing\\\/#primaryimage\"},\"image\":{\"@id\":\"https:\\\/\\\/blog.saocamilo-sp.br\\\/index.php\\\/2025\\\/05\\\/08\\\/marketing\\\/#primaryimage\"},\"thumbnailUrl\":\"https:\\\/\\\/blog.saocamilo-sp.br\\\/wp-content\\\/uploads\\\/2025\\\/05\\\/Dia-do-profissional-de-marketing.png\",\"datePublished\":\"2025-05-08T12:00:00+00:00\",\"dateModified\":\"2025-05-12T17:36:41+00:00\",\"description\":\"Conhe\u00e7a as principais \u00e1reas de atua\u00e7\u00e3o do profissional de Marketing e descubra como construir uma carreira din\u00e2mica e cheia de oportunidades.\",\"breadcrumb\":{\"@id\":\"https:\\\/\\\/blog.saocamilo-sp.br\\\/index.php\\\/2025\\\/05\\\/08\\\/marketing\\\/#breadcrumb\"},\"inLanguage\":\"pt-BR\",\"potentialAction\":[{\"@type\":\"ReadAction\",\"target\":[\"https:\\\/\\\/blog.saocamilo-sp.br\\\/index.php\\\/2025\\\/05\\\/08\\\/marketing\\\/\"]}]},{\"@type\":\"ImageObject\",\"inLanguage\":\"pt-BR\",\"@id\":\"https:\\\/\\\/blog.saocamilo-sp.br\\\/index.php\\\/2025\\\/05\\\/08\\\/marketing\\\/#primaryimage\",\"url\":\"https:\\\/\\\/blog.saocamilo-sp.br\\\/wp-content\\\/uploads\\\/2025\\\/05\\\/Dia-do-profissional-de-marketing.png\",\"contentUrl\":\"https:\\\/\\\/blog.saocamilo-sp.br\\\/wp-content\\\/uploads\\\/2025\\\/05\\\/Dia-do-profissional-de-marketing.png\",\"width\":600,\"height\":400,\"caption\":\"\u00c1reas de atua\u00e7\u00e3o do marketing\"},{\"@type\":\"BreadcrumbList\",\"@id\":\"https:\\\/\\\/blog.saocamilo-sp.br\\\/index.php\\\/2025\\\/05\\\/08\\\/marketing\\\/#breadcrumb\",\"itemListElement\":[{\"@type\":\"ListItem\",\"position\":1,\"name\":\"In\u00edcio\",\"item\":\"https:\\\/\\\/blog.saocamilo-sp.br\\\/\"},{\"@type\":\"ListItem\",\"position\":2,\"name\":\"Quais as \u00e1reas de atua\u00e7\u00e3o do profissional de Marketing?\"}]},{\"@type\":\"WebSite\",\"@id\":\"https:\\\/\\\/blog.saocamilo-sp.br\\\/#website\",\"url\":\"https:\\\/\\\/blog.saocamilo-sp.br\\\/\",\"name\":\"Blog S\u00e3o Camilo\",\"description\":\"Blog do Centro Universit\u00e1rio S\u00e3o Camilo\",\"publisher\":{\"@id\":\"https:\\\/\\\/blog.saocamilo-sp.br\\\/#organization\"},\"potentialAction\":[{\"@type\":\"SearchAction\",\"target\":{\"@type\":\"EntryPoint\",\"urlTemplate\":\"https:\\\/\\\/blog.saocamilo-sp.br\\\/?s={search_term_string}\"},\"query-input\":{\"@type\":\"PropertyValueSpecification\",\"valueRequired\":true,\"valueName\":\"search_term_string\"}}],\"inLanguage\":\"pt-BR\"},{\"@type\":\"Organization\",\"@id\":\"https:\\\/\\\/blog.saocamilo-sp.br\\\/#organization\",\"name\":\"Blog S\u00e3o Camilo\",\"url\":\"https:\\\/\\\/blog.saocamilo-sp.br\\\/\",\"logo\":{\"@type\":\"ImageObject\",\"inLanguage\":\"pt-BR\",\"@id\":\"https:\\\/\\\/blog.saocamilo-sp.br\\\/#\\\/schema\\\/logo\\\/image\\\/\",\"url\":\"https:\\\/\\\/blog.saocamilo-sp.br\\\/wp-content\\\/uploads\\\/2021\\\/12\\\/cropped-vazio-logo-topo.png\",\"contentUrl\":\"https:\\\/\\\/blog.saocamilo-sp.br\\\/wp-content\\\/uploads\\\/2021\\\/12\\\/cropped-vazio-logo-topo.png\",\"width\":320,\"height\":240,\"caption\":\"Blog S\u00e3o Camilo\"},\"image\":{\"@id\":\"https:\\\/\\\/blog.saocamilo-sp.br\\\/#\\\/schema\\\/logo\\\/image\\\/\"},\"sameAs\":[\"https:\\\/\\\/www.facebook.com\\\/saocamilosp\",\"https:\\\/\\\/x.com\\\/saocamilosp\",\"https:\\\/\\\/www.linkedin.com\\\/school\\\/centro-universit-rio-s-o-camilo\\\/\"]},{\"@type\":\"Person\",\"@id\":\"https:\\\/\\\/blog.saocamilo-sp.br\\\/#\\\/schema\\\/person\\\/781135418152912d4b58f2db13a2eaf0\",\"name\":\"Lucas Soares Gon\u00e7alves\",\"image\":{\"@type\":\"ImageObject\",\"inLanguage\":\"pt-BR\",\"@id\":\"https:\\\/\\\/secure.gravatar.com\\\/avatar\\\/bcd2d703cbb48116eaac2cac8643792535238ff30b2d7ce9e16f9254ec9cae83?s=96&d=mm&r=g\",\"url\":\"https:\\\/\\\/secure.gravatar.com\\\/avatar\\\/bcd2d703cbb48116eaac2cac8643792535238ff30b2d7ce9e16f9254ec9cae83?s=96&d=mm&r=g\",\"contentUrl\":\"https:\\\/\\\/secure.gravatar.com\\\/avatar\\\/bcd2d703cbb48116eaac2cac8643792535238ff30b2d7ce9e16f9254ec9cae83?s=96&d=mm&r=g\",\"caption\":\"Lucas Soares Gon\u00e7alves\"},\"url\":\"https:\\\/\\\/blog.saocamilo-sp.br\\\/index.php\\\/author\\\/lucas-soares-goncalves\\\/\"}]}<\/script>\n<!-- \/ Yoast SEO plugin. -->","yoast_head_json":{"title":"Quais as \u00e1reas de atua\u00e7\u00e3o do profissional de Marketing?","description":"Conhe\u00e7a as principais \u00e1reas de atua\u00e7\u00e3o do profissional de Marketing e descubra como construir uma carreira din\u00e2mica e cheia de oportunidades.","robots":{"index":"index","follow":"follow","max-snippet":"max-snippet:-1","max-image-preview":"max-image-preview:large","max-video-preview":"max-video-preview:-1"},"canonical":"https:\/\/blog.saocamilo-sp.br\/index.php\/2025\/05\/08\/marketing\/","og_locale":"pt_BR","og_type":"article","og_title":"Quais as \u00e1reas de atua\u00e7\u00e3o do profissional de Marketing?","og_description":"Conhe\u00e7a as principais \u00e1reas de atua\u00e7\u00e3o do profissional de Marketing e descubra como construir uma carreira din\u00e2mica e cheia de oportunidades.","og_url":"https:\/\/blog.saocamilo-sp.br\/index.php\/2025\/05\/08\/marketing\/","og_site_name":"Blog S\u00e3o Camilo","article_publisher":"https:\/\/www.facebook.com\/saocamilosp","article_published_time":"2025-05-08T12:00:00+00:00","article_modified_time":"2025-05-12T17:36:41+00:00","og_image":[{"width":600,"height":400,"url":"https:\/\/blog.saocamilo-sp.br\/wp-content\/uploads\/2025\/05\/Dia-do-profissional-de-marketing.png","type":"image\/png"}],"author":"Lucas Soares Gon\u00e7alves","twitter_card":"summary_large_image","twitter_creator":"@saocamilosp","twitter_site":"@saocamilosp","twitter_misc":{"Escrito por":"Lucas Soares Gon\u00e7alves","Est. tempo de leitura":"4 minutos"},"schema":{"@context":"https:\/\/schema.org","@graph":[{"@type":"Article","@id":"https:\/\/blog.saocamilo-sp.br\/index.php\/2025\/05\/08\/marketing\/#article","isPartOf":{"@id":"https:\/\/blog.saocamilo-sp.br\/index.php\/2025\/05\/08\/marketing\/"},"author":{"name":"Lucas Soares Gon\u00e7alves","@id":"https:\/\/blog.saocamilo-sp.br\/#\/schema\/person\/781135418152912d4b58f2db13a2eaf0"},"headline":"Quais as \u00e1reas de atua\u00e7\u00e3o do profissional de Marketing?","datePublished":"2025-05-08T12:00:00+00:00","dateModified":"2025-05-12T17:36:41+00:00","mainEntityOfPage":{"@id":"https:\/\/blog.saocamilo-sp.br\/index.php\/2025\/05\/08\/marketing\/"},"wordCount":681,"commentCount":0,"publisher":{"@id":"https:\/\/blog.saocamilo-sp.br\/#organization"},"image":{"@id":"https:\/\/blog.saocamilo-sp.br\/index.php\/2025\/05\/08\/marketing\/#primaryimage"},"thumbnailUrl":"https:\/\/blog.saocamilo-sp.br\/wp-content\/uploads\/2025\/05\/Dia-do-profissional-de-marketing.png","keywords":["gradua\u00e7\u00e3o","marketing"],"articleSection":["Gradua\u00e7\u00e3o","Marketing","Mercado Profissional"],"inLanguage":"pt-BR","potentialAction":[{"@type":"CommentAction","name":"Comment","target":["https:\/\/blog.saocamilo-sp.br\/index.php\/2025\/05\/08\/marketing\/#respond"]}]},{"@type":"WebPage","@id":"https:\/\/blog.saocamilo-sp.br\/index.php\/2025\/05\/08\/marketing\/","url":"https:\/\/blog.saocamilo-sp.br\/index.php\/2025\/05\/08\/marketing\/","name":"Quais as \u00e1reas de atua\u00e7\u00e3o do profissional de Marketing?","isPartOf":{"@id":"https:\/\/blog.saocamilo-sp.br\/#website"},"primaryImageOfPage":{"@id":"https:\/\/blog.saocamilo-sp.br\/index.php\/2025\/05\/08\/marketing\/#primaryimage"},"image":{"@id":"https:\/\/blog.saocamilo-sp.br\/index.php\/2025\/05\/08\/marketing\/#primaryimage"},"thumbnailUrl":"https:\/\/blog.saocamilo-sp.br\/wp-content\/uploads\/2025\/05\/Dia-do-profissional-de-marketing.png","datePublished":"2025-05-08T12:00:00+00:00","dateModified":"2025-05-12T17:36:41+00:00","description":"Conhe\u00e7a as principais \u00e1reas de atua\u00e7\u00e3o do profissional de Marketing e descubra como construir uma carreira din\u00e2mica e cheia de oportunidades.","breadcrumb":{"@id":"https:\/\/blog.saocamilo-sp.br\/index.php\/2025\/05\/08\/marketing\/#breadcrumb"},"inLanguage":"pt-BR","potentialAction":[{"@type":"ReadAction","target":["https:\/\/blog.saocamilo-sp.br\/index.php\/2025\/05\/08\/marketing\/"]}]},{"@type":"ImageObject","inLanguage":"pt-BR","@id":"https:\/\/blog.saocamilo-sp.br\/index.php\/2025\/05\/08\/marketing\/#primaryimage","url":"https:\/\/blog.saocamilo-sp.br\/wp-content\/uploads\/2025\/05\/Dia-do-profissional-de-marketing.png","contentUrl":"https:\/\/blog.saocamilo-sp.br\/wp-content\/uploads\/2025\/05\/Dia-do-profissional-de-marketing.png","width":600,"height":400,"caption":"\u00c1reas de atua\u00e7\u00e3o do marketing"},{"@type":"BreadcrumbList","@id":"https:\/\/blog.saocamilo-sp.br\/index.php\/2025\/05\/08\/marketing\/#breadcrumb","itemListElement":[{"@type":"ListItem","position":1,"name":"In\u00edcio","item":"https:\/\/blog.saocamilo-sp.br\/"},{"@type":"ListItem","position":2,"name":"Quais as \u00e1reas de atua\u00e7\u00e3o do profissional de Marketing?"}]},{"@type":"WebSite","@id":"https:\/\/blog.saocamilo-sp.br\/#website","url":"https:\/\/blog.saocamilo-sp.br\/","name":"Blog S\u00e3o Camilo","description":"Blog do Centro Universit\u00e1rio S\u00e3o Camilo","publisher":{"@id":"https:\/\/blog.saocamilo-sp.br\/#organization"},"potentialAction":[{"@type":"SearchAction","target":{"@type":"EntryPoint","urlTemplate":"https:\/\/blog.saocamilo-sp.br\/?s={search_term_string}"},"query-input":{"@type":"PropertyValueSpecification","valueRequired":true,"valueName":"search_term_string"}}],"inLanguage":"pt-BR"},{"@type":"Organization","@id":"https:\/\/blog.saocamilo-sp.br\/#organization","name":"Blog S\u00e3o Camilo","url":"https:\/\/blog.saocamilo-sp.br\/","logo":{"@type":"ImageObject","inLanguage":"pt-BR","@id":"https:\/\/blog.saocamilo-sp.br\/#\/schema\/logo\/image\/","url":"https:\/\/blog.saocamilo-sp.br\/wp-content\/uploads\/2021\/12\/cropped-vazio-logo-topo.png","contentUrl":"https:\/\/blog.saocamilo-sp.br\/wp-content\/uploads\/2021\/12\/cropped-vazio-logo-topo.png","width":320,"height":240,"caption":"Blog S\u00e3o Camilo"},"image":{"@id":"https:\/\/blog.saocamilo-sp.br\/#\/schema\/logo\/image\/"},"sameAs":["https:\/\/www.facebook.com\/saocamilosp","https:\/\/x.com\/saocamilosp","https:\/\/www.linkedin.com\/school\/centro-universit-rio-s-o-camilo\/"]},{"@type":"Person","@id":"https:\/\/blog.saocamilo-sp.br\/#\/schema\/person\/781135418152912d4b58f2db13a2eaf0","name":"Lucas Soares Gon\u00e7alves","image":{"@type":"ImageObject","inLanguage":"pt-BR","@id":"https:\/\/secure.gravatar.com\/avatar\/bcd2d703cbb48116eaac2cac8643792535238ff30b2d7ce9e16f9254ec9cae83?s=96&d=mm&r=g","url":"https:\/\/secure.gravatar.com\/avatar\/bcd2d703cbb48116eaac2cac8643792535238ff30b2d7ce9e16f9254ec9cae83?s=96&d=mm&r=g","contentUrl":"https:\/\/secure.gravatar.com\/avatar\/bcd2d703cbb48116eaac2cac8643792535238ff30b2d7ce9e16f9254ec9cae83?s=96&d=mm&r=g","caption":"Lucas Soares Gon\u00e7alves"},"url":"https:\/\/blog.saocamilo-sp.br\/index.php\/author\/lucas-soares-goncalves\/"}]}},"_links":{"self":[{"href":"https:\/\/blog.saocamilo-sp.br\/index.php\/wp-json\/wp\/v2\/posts\/3653","targetHints":{"allow":["GET"]}}],"collection":[{"href":"https:\/\/blog.saocamilo-sp.br\/index.php\/wp-json\/wp\/v2\/posts"}],"about":[{"href":"https:\/\/blog.saocamilo-sp.br\/index.php\/wp-json\/wp\/v2\/types\/post"}],"author":[{"embeddable":true,"href":"https:\/\/blog.saocamilo-sp.br\/index.php\/wp-json\/wp\/v2\/users\/4"}],"replies":[{"embeddable":true,"href":"https:\/\/blog.saocamilo-sp.br\/index.php\/wp-json\/wp\/v2\/comments?post=3653"}],"version-history":[{"count":5,"href":"https:\/\/blog.saocamilo-sp.br\/index.php\/wp-json\/wp\/v2\/posts\/3653\/revisions"}],"predecessor-version":[{"id":3676,"href":"https:\/\/blog.saocamilo-sp.br\/index.php\/wp-json\/wp\/v2\/posts\/3653\/revisions\/3676"}],"wp:featuredmedia":[{"embeddable":true,"href":"https:\/\/blog.saocamilo-sp.br\/index.php\/wp-json\/wp\/v2\/media\/3674"}],"wp:attachment":[{"href":"https:\/\/blog.saocamilo-sp.br\/index.php\/wp-json\/wp\/v2\/media?parent=3653"}],"wp:term":[{"taxonomy":"category","embeddable":true,"href":"https:\/\/blog.saocamilo-sp.br\/index.php\/wp-json\/wp\/v2\/categories?post=3653"},{"taxonomy":"post_tag","embeddable":true,"href":"https:\/\/blog.saocamilo-sp.br\/index.php\/wp-json\/wp\/v2\/tags?post=3653"}],"curies":[{"name":"wp","href":"https:\/\/api.w.org\/{rel}","templated":true}]}}