{"id":3665,"date":"2025-05-06T15:38:13","date_gmt":"2025-05-06T18:38:13","guid":{"rendered":"https:\/\/blog.saocamilo-sp.br\/?p=3665"},"modified":"2025-05-12T18:57:48","modified_gmt":"2025-05-12T21:57:48","slug":"humanizacao-espanha","status":"publish","type":"post","link":"https:\/\/blog.saocamilo-sp.br\/index.php\/2025\/05\/06\/humanizacao-espanha\/","title":{"rendered":"Cuidado e humaniza\u00e7\u00e3o: camilianas vivenciam experi\u00eancia internacional"},"content":{"rendered":"\n<p>\u00c9 com grande orgulho que o <strong><a href=\"https:\/\/saocamilo-sp.br\/\">Centro Universit\u00e1rio S\u00e3o Camilo<\/a><\/strong> celebra mais uma conquista internacional de suas estudantes voltada \u00e0 humaniza\u00e7\u00e3o no cuidado. As alunas <strong>Larissa Marotte, Priscila Cunha e Vit\u00f3ria Cruz<\/strong>, do curso de <strong><a href=\"https:\/\/saocamilo-sp.br\/cursos-graduacao\/enfermagem\/\">Enfermagem<\/a><\/strong>, juntamente com <strong>Beatriz Santos Marques<\/strong>, do curso de <strong><a href=\"https:\/\/saocamilo-sp.br\/cursos-graduacao\/psicologia\/\">Psicologia<\/a><\/strong>, conclu\u00edram recentemente o curso <strong>&#8220;Atenci\u00f3n Humana a la Persona Mayor&#8221;<\/strong>, promovido pelo renomado <strong><a href=\"https:\/\/www.humanizar.es\/\">Centro de Humanizaci\u00f3n San Camilo<\/a><\/strong>, localizado em <strong>Madrid, na Espanha<\/strong>.<\/p>\n\n\n\n<h2 class=\"wp-block-heading\">Uma imers\u00e3o internacional no cuidado \u00e0 pessoa idosa<\/h2>\n\n\n\n<p>Durante 20 dias intensos, as alunas participaram de uma verdadeira <strong>imers\u00e3o internacional<\/strong>, onde teoria e pr\u00e1tica caminharam lado a lado. O curso abordou temas fundamentais como <strong>cuidado humanizado \u00e0 pessoa idosa<\/strong> e <strong>cuidados paliativos<\/strong>, proporcionando uma viv\u00eancia transformadora, tanto profissional quanto pessoal.<\/p>\n\n\n\n<p>Al\u00e9m disso, a experi\u00eancia foi viabilizada por meio do programa gerido pelo <strong>Escrit\u00f3rio de Rela\u00e7\u00f5es Internacionais da S\u00e3o Camilo<\/strong>, que ofereceu <strong>curso e hospedagem totalmente financiados pela institui\u00e7\u00e3o<\/strong>. Portanto, as estudantes puderam focar exclusivamente no aprendizado e no crescimento que essa oportunidade internacional oferece.<\/p>\n\n\n\n<h2 class=\"wp-block-heading\">O que \u00e9 o Centro de Humanizaci\u00f3n San Camilo?<\/h2>\n\n\n\n<p>Localizado em <strong>Madrid<\/strong>, o <strong>Centro de Humanizaci\u00f3n San Camilo<\/strong> \u00e9 uma institui\u00e7\u00e3o camiliana de refer\u00eancia internacional em <strong>forma\u00e7\u00e3o humanizada na \u00e1rea da sa\u00fade<\/strong>. Reconhecido pela excel\u00eancia em <strong>cuidados paliativos<\/strong>, o centro promove cursos, semin\u00e1rios e atividades pr\u00e1ticas voltadas ao <strong>atendimento emp\u00e1tico e digno da pessoa idosa<\/strong>. Al\u00e9m disso, sua atua\u00e7\u00e3o est\u00e1 alinhada aos princ\u00edpios da <strong>humaniza\u00e7\u00e3o do cuidado<\/strong>, algo que tamb\u00e9m \u00e9 essencial na miss\u00e3o do Centro Universit\u00e1rio S\u00e3o Camilo.<\/p>\n\n\n\n<h2 class=\"wp-block-heading\">Forma\u00e7\u00e3o humanizada que ultrapassa fronteiras<\/h2>\n\n\n\n<p>De fato, o <strong>investimento em experi\u00eancias internacionais<\/strong> \u00e9 uma das formas que a S\u00e3o Camilo encontrou para ampliar horizontes e enriquecer o percurso acad\u00eamico de seus alunos. Acreditamos que a <strong>forma\u00e7\u00e3o humanizada vai al\u00e9m da sala de aula<\/strong> e que viv\u00eancias como essa s\u00e3o essenciais para construir profissionais mais sens\u00edveis, preparados e conscientes do seu papel no mundo.<\/p>\n\n\n\n<p>Com isso, refor\u00e7amos nosso compromisso em promover oportunidades que unam <strong>forma\u00e7\u00e3o acad\u00eamica de qualidade<\/strong>, <strong>valores \u00e9ticos<\/strong> e <strong>viv\u00eancias multiculturais<\/strong>.<\/p>\n\n\n\n<h2 class=\"wp-block-heading\">Parab\u00e9ns, alunas camilianas!<\/h2>\n\n\n\n<p>A trajet\u00f3ria de Larissa, Priscila, Vit\u00f3ria e Beatriz inspira toda a comunidade acad\u00eamica. Sem d\u00favida, essa conquista internacional representa n\u00e3o apenas um marco na vida de cada uma, mas tamb\u00e9m reafirma a miss\u00e3o da S\u00e3o Camilo em transformar vidas por meio da educa\u00e7\u00e3o.<\/p>\n\n\n\n<p>Leia Tamb\u00e9m<\/p>\n\n\n\n<p><a href=\"https:\/\/blog.saocamilo-sp.br\/index.php\/2025\/02\/17\/corrida-e-nutricao-conheca-a-historia-da-aluna-thamires\/\">Corrida e Nutri\u00e7\u00e3o: conhe\u00e7a a hist\u00f3ria da aluna Thamires Silva<\/a><br><a href=\"https:\/\/blog.saocamilo-sp.br\/index.php\/2024\/10\/01\/estudante-de-nutricao-e-fera-na-esgrima-paralimpica\/\">Estudante de Nutri\u00e7\u00e3o \u00e9 fera na esgrima paral\u00edmpica<\/a><br><a href=\"https:\/\/blog.saocamilo-sp.br\/index.php\/2025\/04\/30\/vestibular\/\">Centro Universit\u00e1rio S\u00e3o Camilo abre inscri\u00e7\u00f5es para vestibular 2025.2 com cursos presenciais e EAD&nbsp;<\/a><\/p>\n\n\n\n<p><\/p>\n","protected":false},"excerpt":{"rendered":"<p>Estudantes de Enfermagem e Psicologia, concluem  curso no renomado Centro de Humanizaci\u00f3n San Camilo de Madri.<\/p>\n","protected":false},"author":4,"featured_media":3751,"comment_status":"open","ping_status":"open","sticky":false,"template":"","format":"standard","meta":{"cybocfi_hide_featured_image":"","footnotes":""},"categories":[1],"tags":[],"class_list":["post-3665","post","type-post","status-publish","format-standard","has-post-thumbnail","hentry","category-cursos"],"yoast_head":"<!-- This site is optimized with the Yoast SEO plugin v27.5 - https:\/\/yoast.com\/product\/yoast-seo-wordpress\/ -->\n<title>Cuidado e humaniza\u00e7\u00e3o: camilianas vivenciam experi\u00eancia internacional<\/title>\n<meta name=\"description\" content=\"Estudantes de Enfermagem e Psicologia, concluem curso no renomado Centro de Humaniza\u00e7\u00e3o San Camilo de Madri.\" \/>\n<meta name=\"robots\" content=\"index, follow, max-snippet:-1, max-image-preview:large, max-video-preview:-1\" \/>\n<link rel=\"canonical\" href=\"https:\/\/blog.saocamilo-sp.br\/index.php\/2025\/05\/06\/humanizacao-espanha\/\" \/>\n<meta property=\"og:locale\" content=\"pt_BR\" \/>\n<meta property=\"og:type\" content=\"article\" \/>\n<meta property=\"og:title\" content=\"Cuidado e humaniza\u00e7\u00e3o: camilianas vivenciam experi\u00eancia internacional\" \/>\n<meta property=\"og:description\" content=\"Estudantes de Enfermagem e Psicologia, concluem curso no renomado Centro de Humaniza\u00e7\u00e3o San Camilo de Madri.\" \/>\n<meta property=\"og:url\" content=\"https:\/\/blog.saocamilo-sp.br\/index.php\/2025\/05\/06\/humanizacao-espanha\/\" \/>\n<meta property=\"og:site_name\" content=\"Blog S\u00e3o Camilo\" \/>\n<meta property=\"article:publisher\" content=\"https:\/\/www.facebook.com\/saocamilosp\" \/>\n<meta property=\"article:published_time\" content=\"2025-05-06T18:38:13+00:00\" \/>\n<meta property=\"article:modified_time\" content=\"2025-05-12T21:57:48+00:00\" \/>\n<meta property=\"og:image\" content=\"https:\/\/blog.saocamilo-sp.br\/wp-content\/uploads\/2025\/05\/Camilianos-no-Mundo.png\" \/>\n\t<meta property=\"og:image:width\" content=\"788\" \/>\n\t<meta property=\"og:image:height\" content=\"630\" \/>\n\t<meta property=\"og:image:type\" content=\"image\/png\" \/>\n<meta name=\"author\" content=\"Lucas Soares Gon\u00e7alves\" \/>\n<meta name=\"twitter:card\" content=\"summary_large_image\" \/>\n<meta name=\"twitter:creator\" content=\"@saocamilosp\" \/>\n<meta name=\"twitter:site\" content=\"@saocamilosp\" \/>\n<meta name=\"twitter:label1\" content=\"Escrito por\" \/>\n\t<meta name=\"twitter:data1\" content=\"Lucas Soares Gon\u00e7alves\" \/>\n\t<meta name=\"twitter:label2\" content=\"Est. tempo de leitura\" \/>\n\t<meta name=\"twitter:data2\" content=\"3 minutos\" \/>\n<script type=\"application\/ld+json\" class=\"yoast-schema-graph\">{\"@context\":\"https:\\\/\\\/schema.org\",\"@graph\":[{\"@type\":\"Article\",\"@id\":\"https:\\\/\\\/blog.saocamilo-sp.br\\\/index.php\\\/2025\\\/05\\\/06\\\/humanizacao-espanha\\\/#article\",\"isPartOf\":{\"@id\":\"https:\\\/\\\/blog.saocamilo-sp.br\\\/index.php\\\/2025\\\/05\\\/06\\\/humanizacao-espanha\\\/\"},\"author\":{\"name\":\"Lucas Soares Gon\u00e7alves\",\"@id\":\"https:\\\/\\\/blog.saocamilo-sp.br\\\/#\\\/schema\\\/person\\\/781135418152912d4b58f2db13a2eaf0\"},\"headline\":\"Cuidado e humaniza\u00e7\u00e3o: camilianas vivenciam experi\u00eancia internacional\",\"datePublished\":\"2025-05-06T18:38:13+00:00\",\"dateModified\":\"2025-05-12T21:57:48+00:00\",\"mainEntityOfPage\":{\"@id\":\"https:\\\/\\\/blog.saocamilo-sp.br\\\/index.php\\\/2025\\\/05\\\/06\\\/humanizacao-espanha\\\/\"},\"wordCount\":469,\"commentCount\":0,\"publisher\":{\"@id\":\"https:\\\/\\\/blog.saocamilo-sp.br\\\/#organization\"},\"image\":{\"@id\":\"https:\\\/\\\/blog.saocamilo-sp.br\\\/index.php\\\/2025\\\/05\\\/06\\\/humanizacao-espanha\\\/#primaryimage\"},\"thumbnailUrl\":\"https:\\\/\\\/blog.saocamilo-sp.br\\\/wp-content\\\/uploads\\\/2025\\\/05\\\/Camilianos-no-Mundo.png\",\"articleSection\":[\"Cursos\"],\"inLanguage\":\"pt-BR\",\"potentialAction\":[{\"@type\":\"CommentAction\",\"name\":\"Comment\",\"target\":[\"https:\\\/\\\/blog.saocamilo-sp.br\\\/index.php\\\/2025\\\/05\\\/06\\\/humanizacao-espanha\\\/#respond\"]}]},{\"@type\":\"WebPage\",\"@id\":\"https:\\\/\\\/blog.saocamilo-sp.br\\\/index.php\\\/2025\\\/05\\\/06\\\/humanizacao-espanha\\\/\",\"url\":\"https:\\\/\\\/blog.saocamilo-sp.br\\\/index.php\\\/2025\\\/05\\\/06\\\/humanizacao-espanha\\\/\",\"name\":\"Cuidado e humaniza\u00e7\u00e3o: camilianas vivenciam experi\u00eancia internacional\",\"isPartOf\":{\"@id\":\"https:\\\/\\\/blog.saocamilo-sp.br\\\/#website\"},\"primaryImageOfPage\":{\"@id\":\"https:\\\/\\\/blog.saocamilo-sp.br\\\/index.php\\\/2025\\\/05\\\/06\\\/humanizacao-espanha\\\/#primaryimage\"},\"image\":{\"@id\":\"https:\\\/\\\/blog.saocamilo-sp.br\\\/index.php\\\/2025\\\/05\\\/06\\\/humanizacao-espanha\\\/#primaryimage\"},\"thumbnailUrl\":\"https:\\\/\\\/blog.saocamilo-sp.br\\\/wp-content\\\/uploads\\\/2025\\\/05\\\/Camilianos-no-Mundo.png\",\"datePublished\":\"2025-05-06T18:38:13+00:00\",\"dateModified\":\"2025-05-12T21:57:48+00:00\",\"description\":\"Estudantes de Enfermagem e Psicologia, concluem curso no renomado Centro de Humaniza\u00e7\u00e3o San Camilo de Madri.\",\"breadcrumb\":{\"@id\":\"https:\\\/\\\/blog.saocamilo-sp.br\\\/index.php\\\/2025\\\/05\\\/06\\\/humanizacao-espanha\\\/#breadcrumb\"},\"inLanguage\":\"pt-BR\",\"potentialAction\":[{\"@type\":\"ReadAction\",\"target\":[\"https:\\\/\\\/blog.saocamilo-sp.br\\\/index.php\\\/2025\\\/05\\\/06\\\/humanizacao-espanha\\\/\"]}]},{\"@type\":\"ImageObject\",\"inLanguage\":\"pt-BR\",\"@id\":\"https:\\\/\\\/blog.saocamilo-sp.br\\\/index.php\\\/2025\\\/05\\\/06\\\/humanizacao-espanha\\\/#primaryimage\",\"url\":\"https:\\\/\\\/blog.saocamilo-sp.br\\\/wp-content\\\/uploads\\\/2025\\\/05\\\/Camilianos-no-Mundo.png\",\"contentUrl\":\"https:\\\/\\\/blog.saocamilo-sp.br\\\/wp-content\\\/uploads\\\/2025\\\/05\\\/Camilianos-no-Mundo.png\",\"width\":788,\"height\":630,\"caption\":\"Camilianas vivenciam experi\u00eancia internacional em Madrid com foco em cuidado humanizado\"},{\"@type\":\"BreadcrumbList\",\"@id\":\"https:\\\/\\\/blog.saocamilo-sp.br\\\/index.php\\\/2025\\\/05\\\/06\\\/humanizacao-espanha\\\/#breadcrumb\",\"itemListElement\":[{\"@type\":\"ListItem\",\"position\":1,\"name\":\"In\u00edcio\",\"item\":\"https:\\\/\\\/blog.saocamilo-sp.br\\\/\"},{\"@type\":\"ListItem\",\"position\":2,\"name\":\"Cuidado e humaniza\u00e7\u00e3o: camilianas vivenciam experi\u00eancia internacional\"}]},{\"@type\":\"WebSite\",\"@id\":\"https:\\\/\\\/blog.saocamilo-sp.br\\\/#website\",\"url\":\"https:\\\/\\\/blog.saocamilo-sp.br\\\/\",\"name\":\"Blog S\u00e3o Camilo\",\"description\":\"Blog do Centro Universit\u00e1rio S\u00e3o Camilo\",\"publisher\":{\"@id\":\"https:\\\/\\\/blog.saocamilo-sp.br\\\/#organization\"},\"potentialAction\":[{\"@type\":\"SearchAction\",\"target\":{\"@type\":\"EntryPoint\",\"urlTemplate\":\"https:\\\/\\\/blog.saocamilo-sp.br\\\/?s={search_term_string}\"},\"query-input\":{\"@type\":\"PropertyValueSpecification\",\"valueRequired\":true,\"valueName\":\"search_term_string\"}}],\"inLanguage\":\"pt-BR\"},{\"@type\":\"Organization\",\"@id\":\"https:\\\/\\\/blog.saocamilo-sp.br\\\/#organization\",\"name\":\"Blog S\u00e3o Camilo\",\"url\":\"https:\\\/\\\/blog.saocamilo-sp.br\\\/\",\"logo\":{\"@type\":\"ImageObject\",\"inLanguage\":\"pt-BR\",\"@id\":\"https:\\\/\\\/blog.saocamilo-sp.br\\\/#\\\/schema\\\/logo\\\/image\\\/\",\"url\":\"https:\\\/\\\/blog.saocamilo-sp.br\\\/wp-content\\\/uploads\\\/2021\\\/12\\\/cropped-vazio-logo-topo.png\",\"contentUrl\":\"https:\\\/\\\/blog.saocamilo-sp.br\\\/wp-content\\\/uploads\\\/2021\\\/12\\\/cropped-vazio-logo-topo.png\",\"width\":320,\"height\":240,\"caption\":\"Blog S\u00e3o Camilo\"},\"image\":{\"@id\":\"https:\\\/\\\/blog.saocamilo-sp.br\\\/#\\\/schema\\\/logo\\\/image\\\/\"},\"sameAs\":[\"https:\\\/\\\/www.facebook.com\\\/saocamilosp\",\"https:\\\/\\\/x.com\\\/saocamilosp\",\"https:\\\/\\\/www.linkedin.com\\\/school\\\/centro-universit-rio-s-o-camilo\\\/\"]},{\"@type\":\"Person\",\"@id\":\"https:\\\/\\\/blog.saocamilo-sp.br\\\/#\\\/schema\\\/person\\\/781135418152912d4b58f2db13a2eaf0\",\"name\":\"Lucas Soares Gon\u00e7alves\",\"image\":{\"@type\":\"ImageObject\",\"inLanguage\":\"pt-BR\",\"@id\":\"https:\\\/\\\/secure.gravatar.com\\\/avatar\\\/bcd2d703cbb48116eaac2cac8643792535238ff30b2d7ce9e16f9254ec9cae83?s=96&d=mm&r=g\",\"url\":\"https:\\\/\\\/secure.gravatar.com\\\/avatar\\\/bcd2d703cbb48116eaac2cac8643792535238ff30b2d7ce9e16f9254ec9cae83?s=96&d=mm&r=g\",\"contentUrl\":\"https:\\\/\\\/secure.gravatar.com\\\/avatar\\\/bcd2d703cbb48116eaac2cac8643792535238ff30b2d7ce9e16f9254ec9cae83?s=96&d=mm&r=g\",\"caption\":\"Lucas Soares Gon\u00e7alves\"},\"url\":\"https:\\\/\\\/blog.saocamilo-sp.br\\\/index.php\\\/author\\\/lucas-soares-goncalves\\\/\"}]}<\/script>\n<!-- \/ Yoast SEO plugin. -->","yoast_head_json":{"title":"Cuidado e humaniza\u00e7\u00e3o: camilianas vivenciam experi\u00eancia internacional","description":"Estudantes de Enfermagem e Psicologia, concluem curso no renomado Centro de Humaniza\u00e7\u00e3o San Camilo de Madri.","robots":{"index":"index","follow":"follow","max-snippet":"max-snippet:-1","max-image-preview":"max-image-preview:large","max-video-preview":"max-video-preview:-1"},"canonical":"https:\/\/blog.saocamilo-sp.br\/index.php\/2025\/05\/06\/humanizacao-espanha\/","og_locale":"pt_BR","og_type":"article","og_title":"Cuidado e humaniza\u00e7\u00e3o: camilianas vivenciam experi\u00eancia internacional","og_description":"Estudantes de Enfermagem e Psicologia, concluem curso no renomado Centro de Humaniza\u00e7\u00e3o San Camilo de Madri.","og_url":"https:\/\/blog.saocamilo-sp.br\/index.php\/2025\/05\/06\/humanizacao-espanha\/","og_site_name":"Blog S\u00e3o Camilo","article_publisher":"https:\/\/www.facebook.com\/saocamilosp","article_published_time":"2025-05-06T18:38:13+00:00","article_modified_time":"2025-05-12T21:57:48+00:00","og_image":[{"width":788,"height":630,"url":"https:\/\/blog.saocamilo-sp.br\/wp-content\/uploads\/2025\/05\/Camilianos-no-Mundo.png","type":"image\/png"}],"author":"Lucas Soares Gon\u00e7alves","twitter_card":"summary_large_image","twitter_creator":"@saocamilosp","twitter_site":"@saocamilosp","twitter_misc":{"Escrito por":"Lucas Soares Gon\u00e7alves","Est. tempo de leitura":"3 minutos"},"schema":{"@context":"https:\/\/schema.org","@graph":[{"@type":"Article","@id":"https:\/\/blog.saocamilo-sp.br\/index.php\/2025\/05\/06\/humanizacao-espanha\/#article","isPartOf":{"@id":"https:\/\/blog.saocamilo-sp.br\/index.php\/2025\/05\/06\/humanizacao-espanha\/"},"author":{"name":"Lucas Soares Gon\u00e7alves","@id":"https:\/\/blog.saocamilo-sp.br\/#\/schema\/person\/781135418152912d4b58f2db13a2eaf0"},"headline":"Cuidado e humaniza\u00e7\u00e3o: camilianas vivenciam experi\u00eancia internacional","datePublished":"2025-05-06T18:38:13+00:00","dateModified":"2025-05-12T21:57:48+00:00","mainEntityOfPage":{"@id":"https:\/\/blog.saocamilo-sp.br\/index.php\/2025\/05\/06\/humanizacao-espanha\/"},"wordCount":469,"commentCount":0,"publisher":{"@id":"https:\/\/blog.saocamilo-sp.br\/#organization"},"image":{"@id":"https:\/\/blog.saocamilo-sp.br\/index.php\/2025\/05\/06\/humanizacao-espanha\/#primaryimage"},"thumbnailUrl":"https:\/\/blog.saocamilo-sp.br\/wp-content\/uploads\/2025\/05\/Camilianos-no-Mundo.png","articleSection":["Cursos"],"inLanguage":"pt-BR","potentialAction":[{"@type":"CommentAction","name":"Comment","target":["https:\/\/blog.saocamilo-sp.br\/index.php\/2025\/05\/06\/humanizacao-espanha\/#respond"]}]},{"@type":"WebPage","@id":"https:\/\/blog.saocamilo-sp.br\/index.php\/2025\/05\/06\/humanizacao-espanha\/","url":"https:\/\/blog.saocamilo-sp.br\/index.php\/2025\/05\/06\/humanizacao-espanha\/","name":"Cuidado e humaniza\u00e7\u00e3o: camilianas vivenciam experi\u00eancia internacional","isPartOf":{"@id":"https:\/\/blog.saocamilo-sp.br\/#website"},"primaryImageOfPage":{"@id":"https:\/\/blog.saocamilo-sp.br\/index.php\/2025\/05\/06\/humanizacao-espanha\/#primaryimage"},"image":{"@id":"https:\/\/blog.saocamilo-sp.br\/index.php\/2025\/05\/06\/humanizacao-espanha\/#primaryimage"},"thumbnailUrl":"https:\/\/blog.saocamilo-sp.br\/wp-content\/uploads\/2025\/05\/Camilianos-no-Mundo.png","datePublished":"2025-05-06T18:38:13+00:00","dateModified":"2025-05-12T21:57:48+00:00","description":"Estudantes de Enfermagem e Psicologia, concluem curso no renomado Centro de Humaniza\u00e7\u00e3o San Camilo de Madri.","breadcrumb":{"@id":"https:\/\/blog.saocamilo-sp.br\/index.php\/2025\/05\/06\/humanizacao-espanha\/#breadcrumb"},"inLanguage":"pt-BR","potentialAction":[{"@type":"ReadAction","target":["https:\/\/blog.saocamilo-sp.br\/index.php\/2025\/05\/06\/humanizacao-espanha\/"]}]},{"@type":"ImageObject","inLanguage":"pt-BR","@id":"https:\/\/blog.saocamilo-sp.br\/index.php\/2025\/05\/06\/humanizacao-espanha\/#primaryimage","url":"https:\/\/blog.saocamilo-sp.br\/wp-content\/uploads\/2025\/05\/Camilianos-no-Mundo.png","contentUrl":"https:\/\/blog.saocamilo-sp.br\/wp-content\/uploads\/2025\/05\/Camilianos-no-Mundo.png","width":788,"height":630,"caption":"Camilianas vivenciam experi\u00eancia internacional em Madrid com foco em cuidado humanizado"},{"@type":"BreadcrumbList","@id":"https:\/\/blog.saocamilo-sp.br\/index.php\/2025\/05\/06\/humanizacao-espanha\/#breadcrumb","itemListElement":[{"@type":"ListItem","position":1,"name":"In\u00edcio","item":"https:\/\/blog.saocamilo-sp.br\/"},{"@type":"ListItem","position":2,"name":"Cuidado e humaniza\u00e7\u00e3o: camilianas vivenciam experi\u00eancia internacional"}]},{"@type":"WebSite","@id":"https:\/\/blog.saocamilo-sp.br\/#website","url":"https:\/\/blog.saocamilo-sp.br\/","name":"Blog S\u00e3o Camilo","description":"Blog do Centro Universit\u00e1rio S\u00e3o Camilo","publisher":{"@id":"https:\/\/blog.saocamilo-sp.br\/#organization"},"potentialAction":[{"@type":"SearchAction","target":{"@type":"EntryPoint","urlTemplate":"https:\/\/blog.saocamilo-sp.br\/?s={search_term_string}"},"query-input":{"@type":"PropertyValueSpecification","valueRequired":true,"valueName":"search_term_string"}}],"inLanguage":"pt-BR"},{"@type":"Organization","@id":"https:\/\/blog.saocamilo-sp.br\/#organization","name":"Blog S\u00e3o Camilo","url":"https:\/\/blog.saocamilo-sp.br\/","logo":{"@type":"ImageObject","inLanguage":"pt-BR","@id":"https:\/\/blog.saocamilo-sp.br\/#\/schema\/logo\/image\/","url":"https:\/\/blog.saocamilo-sp.br\/wp-content\/uploads\/2021\/12\/cropped-vazio-logo-topo.png","contentUrl":"https:\/\/blog.saocamilo-sp.br\/wp-content\/uploads\/2021\/12\/cropped-vazio-logo-topo.png","width":320,"height":240,"caption":"Blog S\u00e3o Camilo"},"image":{"@id":"https:\/\/blog.saocamilo-sp.br\/#\/schema\/logo\/image\/"},"sameAs":["https:\/\/www.facebook.com\/saocamilosp","https:\/\/x.com\/saocamilosp","https:\/\/www.linkedin.com\/school\/centro-universit-rio-s-o-camilo\/"]},{"@type":"Person","@id":"https:\/\/blog.saocamilo-sp.br\/#\/schema\/person\/781135418152912d4b58f2db13a2eaf0","name":"Lucas Soares Gon\u00e7alves","image":{"@type":"ImageObject","inLanguage":"pt-BR","@id":"https:\/\/secure.gravatar.com\/avatar\/bcd2d703cbb48116eaac2cac8643792535238ff30b2d7ce9e16f9254ec9cae83?s=96&d=mm&r=g","url":"https:\/\/secure.gravatar.com\/avatar\/bcd2d703cbb48116eaac2cac8643792535238ff30b2d7ce9e16f9254ec9cae83?s=96&d=mm&r=g","contentUrl":"https:\/\/secure.gravatar.com\/avatar\/bcd2d703cbb48116eaac2cac8643792535238ff30b2d7ce9e16f9254ec9cae83?s=96&d=mm&r=g","caption":"Lucas Soares Gon\u00e7alves"},"url":"https:\/\/blog.saocamilo-sp.br\/index.php\/author\/lucas-soares-goncalves\/"}]}},"_links":{"self":[{"href":"https:\/\/blog.saocamilo-sp.br\/index.php\/wp-json\/wp\/v2\/posts\/3665","targetHints":{"allow":["GET"]}}],"collection":[{"href":"https:\/\/blog.saocamilo-sp.br\/index.php\/wp-json\/wp\/v2\/posts"}],"about":[{"href":"https:\/\/blog.saocamilo-sp.br\/index.php\/wp-json\/wp\/v2\/types\/post"}],"author":[{"embeddable":true,"href":"https:\/\/blog.saocamilo-sp.br\/index.php\/wp-json\/wp\/v2\/users\/4"}],"replies":[{"embeddable":true,"href":"https:\/\/blog.saocamilo-sp.br\/index.php\/wp-json\/wp\/v2\/comments?post=3665"}],"version-history":[{"count":4,"href":"https:\/\/blog.saocamilo-sp.br\/index.php\/wp-json\/wp\/v2\/posts\/3665\/revisions"}],"predecessor-version":[{"id":3755,"href":"https:\/\/blog.saocamilo-sp.br\/index.php\/wp-json\/wp\/v2\/posts\/3665\/revisions\/3755"}],"wp:featuredmedia":[{"embeddable":true,"href":"https:\/\/blog.saocamilo-sp.br\/index.php\/wp-json\/wp\/v2\/media\/3751"}],"wp:attachment":[{"href":"https:\/\/blog.saocamilo-sp.br\/index.php\/wp-json\/wp\/v2\/media?parent=3665"}],"wp:term":[{"taxonomy":"category","embeddable":true,"href":"https:\/\/blog.saocamilo-sp.br\/index.php\/wp-json\/wp\/v2\/categories?post=3665"},{"taxonomy":"post_tag","embeddable":true,"href":"https:\/\/blog.saocamilo-sp.br\/index.php\/wp-json\/wp\/v2\/tags?post=3665"}],"curies":[{"name":"wp","href":"https:\/\/api.w.org\/{rel}","templated":true}]}}