{"id":367,"date":"2023-01-09T14:19:08","date_gmt":"2023-01-09T17:19:08","guid":{"rendered":"https:\/\/blog.saocamilo-sp.br\/?p=367"},"modified":"2023-02-13T23:18:54","modified_gmt":"2023-02-14T02:18:54","slug":"capacitacao-esg-na-pos-graduacao-sao-camilo","status":"publish","type":"post","link":"https:\/\/blog.saocamilo-sp.br\/index.php\/2023\/01\/09\/capacitacao-esg-na-pos-graduacao-sao-camilo\/","title":{"rendered":"Capacita\u00e7\u00e3o ESG na P\u00f3s-gradua\u00e7\u00e3o S\u00e3o Camilo"},"content":{"rendered":"\n<p class=\"has-text-align-left\">Uma das caracter\u00edsticas do mercado de trabalho \u00e9 demandar cada vez mais e melhores compet\u00eancias nas v\u00e1rias atividades profissionais, entre elas a capacita\u00e7\u00e3o em ESG. Al\u00e9m disso, os egressos dos cursos superiores (incluindo as p\u00f3s-gradua\u00e7\u00f5es) ter\u00e3o, num futuro pr\u00f3ximo, cerca de seis profiss\u00f5es diferentes ao longo de sua carreira, segundo a National University of Singapore.<\/p>\n\n\n\n<p>O mercado de trabalho est\u00e1 cada vez mais demandando compet\u00eancias em ESG e habilidades para profiss\u00f5es futuras. Segundo a National University of Singapore, os egressos dos cursos superiores ter\u00e3o cerca de seis profiss\u00f5es diferentes ao longo de sua carreira. <\/p>\n\n\n\n<p>A pesquisa do Institute for the Future estima que 85% dos trabalhos existentes em 2030 ser\u00e3o novos, exigindo habilidades e compet\u00eancias ainda n\u00e3o pensadas hoje. Estudantes universit\u00e1rios devem desenvolver habilidades e compet\u00eancias para se preparar para o futuro e para o mercado de trabalho atual.<\/p>\n\n\n\n<p class=\"has-text-align-left\">Que papel a educa\u00e7\u00e3o pode desempenhar para a constru\u00e7\u00e3o de um novo mundo comum e com um futuro compartilhado?<\/p>\n\n\n\n<h2 class=\"wp-block-heading\">Capacita\u00e7\u00e3o por meio da educa\u00e7\u00e3o<\/h2>\n\n\n\n<p class=\"has-text-align-left\">As Institui\u00e7\u00f5es de Ensino Superior (IES) tem a responsabilidade de prepararem os estudantes n\u00e3o s\u00f3 para o mercado atual, como tamb\u00e9m para o mercado que est\u00e1 se desenhando, e, portanto, tomarem a lideran\u00e7a desse movimento e se tornarem a for\u00e7a motriz do futuro. Em fun\u00e7\u00e3o de sua responsabilidade social, as IES devem preocupar-se com as carreiras de seus alunos e tamb\u00e9m planejar-se constantemente para melhor form\u00e1-los.<\/p>\n\n\n\n<p class=\"has-text-align-left\">O Centro Universit\u00e1rio S\u00e3o Camilo entende que o valor da educa\u00e7\u00e3o \u00e9 oferecer aos seus alunos algo que vai muito al\u00e9m do aprendizado t\u00e9cnico: uma forma\u00e7\u00e3o hol\u00edstica, n\u00e3o s\u00f3 como profissionais, mas tamb\u00e9m como humanos e cidad\u00e3os. <\/p>\n\n\n\n<p class=\"has-text-align-left\">Entendemos que \u00e9 por meio da educa\u00e7\u00e3o que se desenvolver\u00e3o as habilidades necess\u00e1rias para os diversos e mut\u00e1veis postos de trabalho no s\u00e9culo XXI. \u00c9 ela que h\u00e1 muito tempo desempenha um papel fundamental na transforma\u00e7\u00e3o das sociedades humanas, pois conecta os alunos ao mundo e uns aos outros para o aprendizado em conv\u00edvio social. <\/p>\n\n\n\n<p class=\"has-text-align-left\">Al\u00e9m disso, exp\u00f5e a in\u00fameras possibilidades, promovendo reflex\u00e3o cr\u00edtica e vis\u00e3o global sobre os fen\u00f4menos da realidade. Sendo assim, essencial para a forma\u00e7\u00e3o de profissionais flex\u00edveis e capazes de se adaptar \u00e0s mudan\u00e7as no mundo do trabalho.<\/p>\n\n\n\n<h2 class=\"wp-block-heading\">Estrat\u00e9gias educativas<\/h2>\n\n\n\n<p>Entendida como uma ferramenta de um futuro melhor para todos, a educa\u00e7\u00e3o \u00e9 fundamental para a inser\u00e7\u00e3o profissional do indiv\u00edduo. <\/p>\n\n\n\n<p>A Educa\u00e7\u00e3o para o Desenvolvimento Sustent\u00e1vel \u00e9 ent\u00e3o voltada para desenvolvimento social e enfrentamento de desafios ambientais e econ\u00f4micos, equilibrando os pilares da sustentabilidade: ambiental, social e econ\u00f4mica. Estimula reflex\u00e3o e mudan\u00e7a comportamental dos alunos.<\/p>\n\n\n\n<p class=\"has-text-align-left\">Nossa vis\u00e3o sobre o papel do ensino n\u00e3o \u00e9 um fato isolado. Estrat\u00e9gias educativas v\u00eam sendo desenvolvidas por muitos pa\u00edses como um elemento chave que possibilite \u00e0 educa\u00e7\u00e3o a forma\u00e7\u00e3o e a sensibiliza\u00e7\u00e3o do p\u00fablico para a aplica\u00e7\u00e3o de princ\u00edpios relacionados ao desenvolvimento sustent\u00e1vel.<\/p>\n\n\n\n<h2 class=\"wp-block-heading\">Atua\u00e7\u00e3o profissional respons\u00e1vel via ESG<\/h2>\n\n\n\n<p class=\"has-text-align-left\">Uma das formas pr\u00e1ticas pela qual o Centro Universit\u00e1rio S\u00e3o Camilo demonstrou seu compromisso com o desenvolvimento sustent\u00e1vel foi a reestrutura\u00e7\u00e3o curricular dos programas de<mark style=\"background-color:rgba(0, 0, 0, 0);color:#d70707\" class=\"has-inline-color\"> <\/mark><a href=\"https:\/\/saocamilo-sp.br\/pos_graduacao\/lato_sensu_categorias\" target=\"_blank\" rel=\"noreferrer noopener\"><mark style=\"background-color:rgba(0, 0, 0, 0);color:#060606\" class=\"has-inline-color\">p\u00f3s-gradua\u00e7\u00e3o lat<\/mark><mark style=\"background-color:rgba(0, 0, 0, 0);color:#010101\" class=\"has-inline-color\">o sensu<\/mark><\/a>, para a promo\u00e7\u00e3o da <strong>capacita\u00e7\u00e3o em ESG<\/strong> (Environmental, Social, Governance).<\/p>\n\n\n\n<p class=\"has-text-align-left\">Inclu\u00edmos, nos programas de todos os cursos, abordagens sobre padr\u00f5es e boas pr\u00e1ticas para uma atua\u00e7\u00e3o profissional respons\u00e1vel, em empresas socialmente conscientes, sustent\u00e1veis e corretamente gerenciadas.  Ao mesmo tempo, trabalhamos pedagogicamente os aspectos de interculturalidade e interdisciplinaridade e o desenvolvimento da capacidade de aplica\u00e7\u00e3o dos conhecimentos.<\/p>\n\n\n\n<p class=\"has-text-align-left\">Ao planejarmos esse novo desenho curricular de oferta dos cursos incluindo a capacita\u00e7\u00e3o em ESG, estamos comprometidos em levar uma forma\u00e7\u00e3o completa aos alunos. <\/p>\n\n\n\n<p class=\"has-text-align-left\">A Educa\u00e7\u00e3o de qualidade est\u00e1 alinhada aos 17 Objetivos de Desenvolvimento Sustent\u00e1vel da ONU, com o fim de garantir acesso inclusivo e equitativo \u00e0 educa\u00e7\u00e3o. A capacita\u00e7\u00e3o em ESG nos planos de ensino de p\u00f3s-gradua\u00e7\u00e3o permite que os alunos sejam agentes ativos na constru\u00e7\u00e3o do conhecimento.<\/p>\n\n\n\n<p class=\"has-text-align-left\">Essas atividades e esses princ\u00edpios diferenciar\u00e3o a forma\u00e7\u00e3o profissional dos estudantes, tornando-os mais completos para o momento atual e para o futuro que se aproxima.<\/p>\n\n\n\n<p class=\"has-text-align-left\">Ao estruturar os programas de p\u00f3s-gradua\u00e7\u00e3o lato sensu a partir dessas convic\u00e7\u00f5es e com esses objetivos, o Centro Universit\u00e1rio S\u00e3o Camilo, al\u00e9m de cumprir sua miss\u00e3o camiliana, se engaja em uma tend\u00eancia mundial, contribuindo para o desenvolvimento profissional aprimorado dos nossos alunos e, portanto, do nosso pa\u00eds, uma vez que a educa\u00e7\u00e3o \u00e9 uma forte condutora de transforma\u00e7\u00e3o social.<\/p>\n\n\n\n<h2 class=\"wp-block-heading\">Pontos principais da capacita\u00e7\u00e3o ESG<\/h2>\n\n\n\n<ul class=\"wp-block-list\">\n<li>Apoio a inclus\u00e3o, a equidade e o bem-estar individual e coletivo. Com reflex\u00f5es para a promo\u00e7\u00e3o da transforma\u00e7\u00e3o do mundo rumo a um futuro mais justo, equitativo e sustent\u00e1vel.<\/li>\n<\/ul>\n\n\n\n<ul class=\"wp-block-list\">\n<li>A sustentabilidade abordada de forma interdisciplinar e hol\u00edstica, nas mais diversas \u00e1reas do conhecimento dentro dos espa\u00e7os educacionais. O dinamismo curricular dos planos de ensino inclui a realiza\u00e7\u00e3o de atividades que objetivam a aplica\u00e7\u00e3o dos conceitos te\u00f3ricos, apreendidos em aula, \u00e0 realidade em que os alunos est\u00e3o inseridos. <\/li>\n<\/ul>\n\n\n\n<ul class=\"wp-block-list\">\n<li>Estreito di\u00e1logo entre os conhecimentos e o contexto, a realidade nacional e regional, a partir do compartilhamento de valores e princ\u00edpios para o desenvolvimento do pensamento cr\u00edtico e a capacidade de encontrar solu\u00e7\u00f5es.<\/li>\n<\/ul>\n\n\n\n<h2 class=\"wp-block-heading\">Objetivos da capacita\u00e7\u00e3o ESG<\/h2>\n\n\n\n<ul class=\"wp-block-list\">\n<li>Educa\u00e7\u00e3o para Desenvolvimento Sustent\u00e1vel fornece conhecimentos e habilidades para promo\u00e7\u00e3o de direitos humanos e contribui\u00e7\u00e3o para constru\u00e7\u00e3o de cultura sustent\u00e1vel.<\/li>\n<\/ul>\n\n\n\n<ul class=\"wp-block-list\">\n<li>Discuss\u00f5es a respeito da exclus\u00e3o e desigualdades, a fim de alavancar a consci\u00eancia e sensibiliza\u00e7\u00e3o dos alunos para lutar por direitos humanos.<\/li>\n<\/ul>\n\n\n\n<ul class=\"wp-block-list\">\n<li>Disponibilizar o conhecimento e a inova\u00e7\u00e3o necess\u00e1rios para delinear futuros sustent\u00e1veis e pac\u00edficos para todos, fundamentados na justi\u00e7a social, econ\u00f4mica e ambiental.<\/li>\n<\/ul>\n\n\n\n<ul class=\"wp-block-list\">\n<li>Promover as capacidades intelectuais, sociais e morais dos estudantes, para que trabalhem juntos e transformem o mundo com empatia e compaix\u00e3o. A avalia\u00e7\u00e3o, contudo, deve refletir os objetivos pedag\u00f3gicos de modo a promover o crescimento e a aprendizagem significativos dos estudantes. <\/li>\n<\/ul>\n\n\n\n<ul class=\"wp-block-list\">\n<li>Al\u00e9m disso, nunca antes se teve tanto acesso ao conhecimento e a ferramentas tecnol\u00f3gicas, os quais devem ser incorporados ao processo de ensino e aprendizagem.<\/li>\n<\/ul>\n\n\n\n<ul class=\"wp-block-list\">\n<li>Valoriza\u00e7\u00e3o dos docentes, reconhecendo-os como produtores de conhecimento e figuras fundamentais na transforma\u00e7\u00e3o educacional e social.<\/li>\n<\/ul>\n\n\n\n<iframe loading=\"lazy\" src=\"https:\/\/saocamilo.apprbs.com.br\/tenho-interesse-blog\" height=\"530px\" width=\"100%\" frameborder=\"0\"><\/iframe>\n","protected":false},"excerpt":{"rendered":"<p>O mercado de trabalho est\u00e1 cada vez mais demandando compet\u00eancias em ESG e habilidades para profiss\u00f5es futuras. <\/p>\n","protected":false},"author":5,"featured_media":556,"comment_status":"open","ping_status":"open","sticky":false,"template":"","format":"standard","meta":{"cybocfi_hide_featured_image":"","footnotes":""},"categories":[1],"tags":[44,43,46,41],"class_list":["post-367","post","type-post","status-publish","format-standard","has-post-thumbnail","hentry","category-cursos","tag-educacao","tag-esg","tag-lato-sensu","tag-pos-graduacao"],"yoast_head":"<!-- This site is optimized with the Yoast SEO plugin v27.4 - https:\/\/yoast.com\/product\/yoast-seo-wordpress\/ -->\n<title>Capacita\u00e7\u00e3o ESG na P\u00f3s-gradua\u00e7\u00e3o S\u00e3o Camilo<\/title>\n<meta name=\"description\" content=\"Para a promo\u00e7\u00e3o da capacita\u00e7\u00e3o em ESG, inclu\u00edmos nos programas abordagens e padr\u00f5es e boas pr\u00e1ticas para uma atua\u00e7\u00e3o profissional respons\u00e1vel\" \/>\n<meta name=\"robots\" content=\"index, follow, max-snippet:-1, max-image-preview:large, max-video-preview:-1\" \/>\n<link rel=\"canonical\" href=\"https:\/\/blog.saocamilo-sp.br\/index.php\/2023\/01\/09\/capacitacao-esg-na-pos-graduacao-sao-camilo\/\" \/>\n<meta property=\"og:locale\" content=\"pt_BR\" \/>\n<meta property=\"og:type\" content=\"article\" \/>\n<meta property=\"og:title\" content=\"Capacita\u00e7\u00e3o ESG na P\u00f3s-gradua\u00e7\u00e3o S\u00e3o Camilo\" \/>\n<meta property=\"og:description\" content=\"Para a promo\u00e7\u00e3o da capacita\u00e7\u00e3o em ESG, inclu\u00edmos nos programas abordagens e padr\u00f5es e boas pr\u00e1ticas para uma atua\u00e7\u00e3o profissional respons\u00e1vel\" \/>\n<meta property=\"og:url\" content=\"https:\/\/blog.saocamilo-sp.br\/index.php\/2023\/01\/09\/capacitacao-esg-na-pos-graduacao-sao-camilo\/\" \/>\n<meta property=\"og:site_name\" content=\"Blog S\u00e3o Camilo\" \/>\n<meta property=\"article:publisher\" content=\"https:\/\/www.facebook.com\/saocamilosp\" \/>\n<meta property=\"article:published_time\" content=\"2023-01-09T17:19:08+00:00\" \/>\n<meta property=\"article:modified_time\" content=\"2023-02-14T02:18:54+00:00\" \/>\n<meta property=\"og:image\" content=\"https:\/\/blog.saocamilo-sp.br\/wp-content\/uploads\/2023\/01\/capacitacao_esg_pos_graduacao_saocamiloESG.png\" \/>\n\t<meta property=\"og:image:width\" content=\"945\" \/>\n\t<meta property=\"og:image:height\" content=\"630\" \/>\n\t<meta property=\"og:image:type\" content=\"image\/png\" \/>\n<meta name=\"author\" content=\"Giancarlo Bonato\" \/>\n<meta name=\"twitter:card\" content=\"summary_large_image\" \/>\n<meta name=\"twitter:creator\" content=\"@saocamilosp\" \/>\n<meta name=\"twitter:site\" content=\"@saocamilosp\" \/>\n<meta name=\"twitter:label1\" content=\"Escrito por\" \/>\n\t<meta name=\"twitter:data1\" content=\"Giancarlo Bonato\" \/>\n\t<meta name=\"twitter:label2\" content=\"Est. tempo de leitura\" \/>\n\t<meta name=\"twitter:data2\" content=\"6 minutos\" \/>\n<script type=\"application\/ld+json\" class=\"yoast-schema-graph\">{\"@context\":\"https:\\\/\\\/schema.org\",\"@graph\":[{\"@type\":\"Article\",\"@id\":\"https:\\\/\\\/blog.saocamilo-sp.br\\\/index.php\\\/2023\\\/01\\\/09\\\/capacitacao-esg-na-pos-graduacao-sao-camilo\\\/#article\",\"isPartOf\":{\"@id\":\"https:\\\/\\\/blog.saocamilo-sp.br\\\/index.php\\\/2023\\\/01\\\/09\\\/capacitacao-esg-na-pos-graduacao-sao-camilo\\\/\"},\"author\":{\"name\":\"Giancarlo Bonato\",\"@id\":\"https:\\\/\\\/blog.saocamilo-sp.br\\\/#\\\/schema\\\/person\\\/2f1abef72dd95b45ae5f8e75003b32a9\"},\"headline\":\"Capacita\u00e7\u00e3o ESG na P\u00f3s-gradua\u00e7\u00e3o S\u00e3o Camilo\",\"datePublished\":\"2023-01-09T17:19:08+00:00\",\"dateModified\":\"2023-02-14T02:18:54+00:00\",\"mainEntityOfPage\":{\"@id\":\"https:\\\/\\\/blog.saocamilo-sp.br\\\/index.php\\\/2023\\\/01\\\/09\\\/capacitacao-esg-na-pos-graduacao-sao-camilo\\\/\"},\"wordCount\":1126,\"commentCount\":0,\"publisher\":{\"@id\":\"https:\\\/\\\/blog.saocamilo-sp.br\\\/#organization\"},\"image\":{\"@id\":\"https:\\\/\\\/blog.saocamilo-sp.br\\\/index.php\\\/2023\\\/01\\\/09\\\/capacitacao-esg-na-pos-graduacao-sao-camilo\\\/#primaryimage\"},\"thumbnailUrl\":\"https:\\\/\\\/blog.saocamilo-sp.br\\\/wp-content\\\/uploads\\\/2023\\\/01\\\/capacitacao_esg_pos_graduacao_saocamiloESG.png\",\"keywords\":[\"educa\u00e7\u00e3o\",\"esg\",\"lato sensu\",\"p\u00f3s-gradua\u00e7\u00e3o\"],\"articleSection\":[\"Cursos\"],\"inLanguage\":\"pt-BR\",\"potentialAction\":[{\"@type\":\"CommentAction\",\"name\":\"Comment\",\"target\":[\"https:\\\/\\\/blog.saocamilo-sp.br\\\/index.php\\\/2023\\\/01\\\/09\\\/capacitacao-esg-na-pos-graduacao-sao-camilo\\\/#respond\"]}]},{\"@type\":\"WebPage\",\"@id\":\"https:\\\/\\\/blog.saocamilo-sp.br\\\/index.php\\\/2023\\\/01\\\/09\\\/capacitacao-esg-na-pos-graduacao-sao-camilo\\\/\",\"url\":\"https:\\\/\\\/blog.saocamilo-sp.br\\\/index.php\\\/2023\\\/01\\\/09\\\/capacitacao-esg-na-pos-graduacao-sao-camilo\\\/\",\"name\":\"Capacita\u00e7\u00e3o ESG na P\u00f3s-gradua\u00e7\u00e3o S\u00e3o Camilo\",\"isPartOf\":{\"@id\":\"https:\\\/\\\/blog.saocamilo-sp.br\\\/#website\"},\"primaryImageOfPage\":{\"@id\":\"https:\\\/\\\/blog.saocamilo-sp.br\\\/index.php\\\/2023\\\/01\\\/09\\\/capacitacao-esg-na-pos-graduacao-sao-camilo\\\/#primaryimage\"},\"image\":{\"@id\":\"https:\\\/\\\/blog.saocamilo-sp.br\\\/index.php\\\/2023\\\/01\\\/09\\\/capacitacao-esg-na-pos-graduacao-sao-camilo\\\/#primaryimage\"},\"thumbnailUrl\":\"https:\\\/\\\/blog.saocamilo-sp.br\\\/wp-content\\\/uploads\\\/2023\\\/01\\\/capacitacao_esg_pos_graduacao_saocamiloESG.png\",\"datePublished\":\"2023-01-09T17:19:08+00:00\",\"dateModified\":\"2023-02-14T02:18:54+00:00\",\"description\":\"Para a promo\u00e7\u00e3o da capacita\u00e7\u00e3o em ESG, inclu\u00edmos nos programas abordagens e padr\u00f5es e boas pr\u00e1ticas para uma atua\u00e7\u00e3o profissional respons\u00e1vel\",\"breadcrumb\":{\"@id\":\"https:\\\/\\\/blog.saocamilo-sp.br\\\/index.php\\\/2023\\\/01\\\/09\\\/capacitacao-esg-na-pos-graduacao-sao-camilo\\\/#breadcrumb\"},\"inLanguage\":\"pt-BR\",\"potentialAction\":[{\"@type\":\"ReadAction\",\"target\":[\"https:\\\/\\\/blog.saocamilo-sp.br\\\/index.php\\\/2023\\\/01\\\/09\\\/capacitacao-esg-na-pos-graduacao-sao-camilo\\\/\"]}]},{\"@type\":\"ImageObject\",\"inLanguage\":\"pt-BR\",\"@id\":\"https:\\\/\\\/blog.saocamilo-sp.br\\\/index.php\\\/2023\\\/01\\\/09\\\/capacitacao-esg-na-pos-graduacao-sao-camilo\\\/#primaryimage\",\"url\":\"https:\\\/\\\/blog.saocamilo-sp.br\\\/wp-content\\\/uploads\\\/2023\\\/01\\\/capacitacao_esg_pos_graduacao_saocamiloESG.png\",\"contentUrl\":\"https:\\\/\\\/blog.saocamilo-sp.br\\\/wp-content\\\/uploads\\\/2023\\\/01\\\/capacitacao_esg_pos_graduacao_saocamiloESG.png\",\"width\":945,\"height\":630},{\"@type\":\"BreadcrumbList\",\"@id\":\"https:\\\/\\\/blog.saocamilo-sp.br\\\/index.php\\\/2023\\\/01\\\/09\\\/capacitacao-esg-na-pos-graduacao-sao-camilo\\\/#breadcrumb\",\"itemListElement\":[{\"@type\":\"ListItem\",\"position\":1,\"name\":\"In\u00edcio\",\"item\":\"https:\\\/\\\/blog.saocamilo-sp.br\\\/\"},{\"@type\":\"ListItem\",\"position\":2,\"name\":\"Capacita\u00e7\u00e3o ESG na P\u00f3s-gradua\u00e7\u00e3o S\u00e3o Camilo\"}]},{\"@type\":\"WebSite\",\"@id\":\"https:\\\/\\\/blog.saocamilo-sp.br\\\/#website\",\"url\":\"https:\\\/\\\/blog.saocamilo-sp.br\\\/\",\"name\":\"Blog S\u00e3o Camilo\",\"description\":\"Blog do Centro Universit\u00e1rio S\u00e3o Camilo\",\"publisher\":{\"@id\":\"https:\\\/\\\/blog.saocamilo-sp.br\\\/#organization\"},\"potentialAction\":[{\"@type\":\"SearchAction\",\"target\":{\"@type\":\"EntryPoint\",\"urlTemplate\":\"https:\\\/\\\/blog.saocamilo-sp.br\\\/?s={search_term_string}\"},\"query-input\":{\"@type\":\"PropertyValueSpecification\",\"valueRequired\":true,\"valueName\":\"search_term_string\"}}],\"inLanguage\":\"pt-BR\"},{\"@type\":\"Organization\",\"@id\":\"https:\\\/\\\/blog.saocamilo-sp.br\\\/#organization\",\"name\":\"Blog S\u00e3o Camilo\",\"url\":\"https:\\\/\\\/blog.saocamilo-sp.br\\\/\",\"logo\":{\"@type\":\"ImageObject\",\"inLanguage\":\"pt-BR\",\"@id\":\"https:\\\/\\\/blog.saocamilo-sp.br\\\/#\\\/schema\\\/logo\\\/image\\\/\",\"url\":\"https:\\\/\\\/blog.saocamilo-sp.br\\\/wp-content\\\/uploads\\\/2021\\\/12\\\/cropped-vazio-logo-topo.png\",\"contentUrl\":\"https:\\\/\\\/blog.saocamilo-sp.br\\\/wp-content\\\/uploads\\\/2021\\\/12\\\/cropped-vazio-logo-topo.png\",\"width\":320,\"height\":240,\"caption\":\"Blog S\u00e3o Camilo\"},\"image\":{\"@id\":\"https:\\\/\\\/blog.saocamilo-sp.br\\\/#\\\/schema\\\/logo\\\/image\\\/\"},\"sameAs\":[\"https:\\\/\\\/www.facebook.com\\\/saocamilosp\",\"https:\\\/\\\/x.com\\\/saocamilosp\",\"https:\\\/\\\/www.linkedin.com\\\/school\\\/centro-universit-rio-s-o-camilo\\\/\"]},{\"@type\":\"Person\",\"@id\":\"https:\\\/\\\/blog.saocamilo-sp.br\\\/#\\\/schema\\\/person\\\/2f1abef72dd95b45ae5f8e75003b32a9\",\"name\":\"Giancarlo Bonato\",\"image\":{\"@type\":\"ImageObject\",\"inLanguage\":\"pt-BR\",\"@id\":\"https:\\\/\\\/secure.gravatar.com\\\/avatar\\\/cbed0d57a74836e8481bb4b2ac15163f24841505b47ce8f4d0b58343bcbe6d77?s=96&d=mm&r=g\",\"url\":\"https:\\\/\\\/secure.gravatar.com\\\/avatar\\\/cbed0d57a74836e8481bb4b2ac15163f24841505b47ce8f4d0b58343bcbe6d77?s=96&d=mm&r=g\",\"contentUrl\":\"https:\\\/\\\/secure.gravatar.com\\\/avatar\\\/cbed0d57a74836e8481bb4b2ac15163f24841505b47ce8f4d0b58343bcbe6d77?s=96&d=mm&r=g\",\"caption\":\"Giancarlo Bonato\"},\"url\":\"https:\\\/\\\/blog.saocamilo-sp.br\\\/index.php\\\/author\\\/gbonato\\\/\"}]}<\/script>\n<!-- \/ Yoast SEO plugin. -->","yoast_head_json":{"title":"Capacita\u00e7\u00e3o ESG na P\u00f3s-gradua\u00e7\u00e3o S\u00e3o Camilo","description":"Para a promo\u00e7\u00e3o da capacita\u00e7\u00e3o em ESG, inclu\u00edmos nos programas abordagens e padr\u00f5es e boas pr\u00e1ticas para uma atua\u00e7\u00e3o profissional respons\u00e1vel","robots":{"index":"index","follow":"follow","max-snippet":"max-snippet:-1","max-image-preview":"max-image-preview:large","max-video-preview":"max-video-preview:-1"},"canonical":"https:\/\/blog.saocamilo-sp.br\/index.php\/2023\/01\/09\/capacitacao-esg-na-pos-graduacao-sao-camilo\/","og_locale":"pt_BR","og_type":"article","og_title":"Capacita\u00e7\u00e3o ESG na P\u00f3s-gradua\u00e7\u00e3o S\u00e3o Camilo","og_description":"Para a promo\u00e7\u00e3o da capacita\u00e7\u00e3o em ESG, inclu\u00edmos nos programas abordagens e padr\u00f5es e boas pr\u00e1ticas para uma atua\u00e7\u00e3o profissional respons\u00e1vel","og_url":"https:\/\/blog.saocamilo-sp.br\/index.php\/2023\/01\/09\/capacitacao-esg-na-pos-graduacao-sao-camilo\/","og_site_name":"Blog S\u00e3o Camilo","article_publisher":"https:\/\/www.facebook.com\/saocamilosp","article_published_time":"2023-01-09T17:19:08+00:00","article_modified_time":"2023-02-14T02:18:54+00:00","og_image":[{"width":945,"height":630,"url":"https:\/\/blog.saocamilo-sp.br\/wp-content\/uploads\/2023\/01\/capacitacao_esg_pos_graduacao_saocamiloESG.png","type":"image\/png"}],"author":"Giancarlo Bonato","twitter_card":"summary_large_image","twitter_creator":"@saocamilosp","twitter_site":"@saocamilosp","twitter_misc":{"Escrito por":"Giancarlo Bonato","Est. tempo de leitura":"6 minutos"},"schema":{"@context":"https:\/\/schema.org","@graph":[{"@type":"Article","@id":"https:\/\/blog.saocamilo-sp.br\/index.php\/2023\/01\/09\/capacitacao-esg-na-pos-graduacao-sao-camilo\/#article","isPartOf":{"@id":"https:\/\/blog.saocamilo-sp.br\/index.php\/2023\/01\/09\/capacitacao-esg-na-pos-graduacao-sao-camilo\/"},"author":{"name":"Giancarlo Bonato","@id":"https:\/\/blog.saocamilo-sp.br\/#\/schema\/person\/2f1abef72dd95b45ae5f8e75003b32a9"},"headline":"Capacita\u00e7\u00e3o ESG na P\u00f3s-gradua\u00e7\u00e3o S\u00e3o Camilo","datePublished":"2023-01-09T17:19:08+00:00","dateModified":"2023-02-14T02:18:54+00:00","mainEntityOfPage":{"@id":"https:\/\/blog.saocamilo-sp.br\/index.php\/2023\/01\/09\/capacitacao-esg-na-pos-graduacao-sao-camilo\/"},"wordCount":1126,"commentCount":0,"publisher":{"@id":"https:\/\/blog.saocamilo-sp.br\/#organization"},"image":{"@id":"https:\/\/blog.saocamilo-sp.br\/index.php\/2023\/01\/09\/capacitacao-esg-na-pos-graduacao-sao-camilo\/#primaryimage"},"thumbnailUrl":"https:\/\/blog.saocamilo-sp.br\/wp-content\/uploads\/2023\/01\/capacitacao_esg_pos_graduacao_saocamiloESG.png","keywords":["educa\u00e7\u00e3o","esg","lato sensu","p\u00f3s-gradua\u00e7\u00e3o"],"articleSection":["Cursos"],"inLanguage":"pt-BR","potentialAction":[{"@type":"CommentAction","name":"Comment","target":["https:\/\/blog.saocamilo-sp.br\/index.php\/2023\/01\/09\/capacitacao-esg-na-pos-graduacao-sao-camilo\/#respond"]}]},{"@type":"WebPage","@id":"https:\/\/blog.saocamilo-sp.br\/index.php\/2023\/01\/09\/capacitacao-esg-na-pos-graduacao-sao-camilo\/","url":"https:\/\/blog.saocamilo-sp.br\/index.php\/2023\/01\/09\/capacitacao-esg-na-pos-graduacao-sao-camilo\/","name":"Capacita\u00e7\u00e3o ESG na P\u00f3s-gradua\u00e7\u00e3o S\u00e3o Camilo","isPartOf":{"@id":"https:\/\/blog.saocamilo-sp.br\/#website"},"primaryImageOfPage":{"@id":"https:\/\/blog.saocamilo-sp.br\/index.php\/2023\/01\/09\/capacitacao-esg-na-pos-graduacao-sao-camilo\/#primaryimage"},"image":{"@id":"https:\/\/blog.saocamilo-sp.br\/index.php\/2023\/01\/09\/capacitacao-esg-na-pos-graduacao-sao-camilo\/#primaryimage"},"thumbnailUrl":"https:\/\/blog.saocamilo-sp.br\/wp-content\/uploads\/2023\/01\/capacitacao_esg_pos_graduacao_saocamiloESG.png","datePublished":"2023-01-09T17:19:08+00:00","dateModified":"2023-02-14T02:18:54+00:00","description":"Para a promo\u00e7\u00e3o da capacita\u00e7\u00e3o em ESG, inclu\u00edmos nos programas abordagens e padr\u00f5es e boas pr\u00e1ticas para uma atua\u00e7\u00e3o profissional respons\u00e1vel","breadcrumb":{"@id":"https:\/\/blog.saocamilo-sp.br\/index.php\/2023\/01\/09\/capacitacao-esg-na-pos-graduacao-sao-camilo\/#breadcrumb"},"inLanguage":"pt-BR","potentialAction":[{"@type":"ReadAction","target":["https:\/\/blog.saocamilo-sp.br\/index.php\/2023\/01\/09\/capacitacao-esg-na-pos-graduacao-sao-camilo\/"]}]},{"@type":"ImageObject","inLanguage":"pt-BR","@id":"https:\/\/blog.saocamilo-sp.br\/index.php\/2023\/01\/09\/capacitacao-esg-na-pos-graduacao-sao-camilo\/#primaryimage","url":"https:\/\/blog.saocamilo-sp.br\/wp-content\/uploads\/2023\/01\/capacitacao_esg_pos_graduacao_saocamiloESG.png","contentUrl":"https:\/\/blog.saocamilo-sp.br\/wp-content\/uploads\/2023\/01\/capacitacao_esg_pos_graduacao_saocamiloESG.png","width":945,"height":630},{"@type":"BreadcrumbList","@id":"https:\/\/blog.saocamilo-sp.br\/index.php\/2023\/01\/09\/capacitacao-esg-na-pos-graduacao-sao-camilo\/#breadcrumb","itemListElement":[{"@type":"ListItem","position":1,"name":"In\u00edcio","item":"https:\/\/blog.saocamilo-sp.br\/"},{"@type":"ListItem","position":2,"name":"Capacita\u00e7\u00e3o ESG na P\u00f3s-gradua\u00e7\u00e3o S\u00e3o Camilo"}]},{"@type":"WebSite","@id":"https:\/\/blog.saocamilo-sp.br\/#website","url":"https:\/\/blog.saocamilo-sp.br\/","name":"Blog S\u00e3o Camilo","description":"Blog do Centro Universit\u00e1rio S\u00e3o Camilo","publisher":{"@id":"https:\/\/blog.saocamilo-sp.br\/#organization"},"potentialAction":[{"@type":"SearchAction","target":{"@type":"EntryPoint","urlTemplate":"https:\/\/blog.saocamilo-sp.br\/?s={search_term_string}"},"query-input":{"@type":"PropertyValueSpecification","valueRequired":true,"valueName":"search_term_string"}}],"inLanguage":"pt-BR"},{"@type":"Organization","@id":"https:\/\/blog.saocamilo-sp.br\/#organization","name":"Blog S\u00e3o Camilo","url":"https:\/\/blog.saocamilo-sp.br\/","logo":{"@type":"ImageObject","inLanguage":"pt-BR","@id":"https:\/\/blog.saocamilo-sp.br\/#\/schema\/logo\/image\/","url":"https:\/\/blog.saocamilo-sp.br\/wp-content\/uploads\/2021\/12\/cropped-vazio-logo-topo.png","contentUrl":"https:\/\/blog.saocamilo-sp.br\/wp-content\/uploads\/2021\/12\/cropped-vazio-logo-topo.png","width":320,"height":240,"caption":"Blog S\u00e3o Camilo"},"image":{"@id":"https:\/\/blog.saocamilo-sp.br\/#\/schema\/logo\/image\/"},"sameAs":["https:\/\/www.facebook.com\/saocamilosp","https:\/\/x.com\/saocamilosp","https:\/\/www.linkedin.com\/school\/centro-universit-rio-s-o-camilo\/"]},{"@type":"Person","@id":"https:\/\/blog.saocamilo-sp.br\/#\/schema\/person\/2f1abef72dd95b45ae5f8e75003b32a9","name":"Giancarlo Bonato","image":{"@type":"ImageObject","inLanguage":"pt-BR","@id":"https:\/\/secure.gravatar.com\/avatar\/cbed0d57a74836e8481bb4b2ac15163f24841505b47ce8f4d0b58343bcbe6d77?s=96&d=mm&r=g","url":"https:\/\/secure.gravatar.com\/avatar\/cbed0d57a74836e8481bb4b2ac15163f24841505b47ce8f4d0b58343bcbe6d77?s=96&d=mm&r=g","contentUrl":"https:\/\/secure.gravatar.com\/avatar\/cbed0d57a74836e8481bb4b2ac15163f24841505b47ce8f4d0b58343bcbe6d77?s=96&d=mm&r=g","caption":"Giancarlo Bonato"},"url":"https:\/\/blog.saocamilo-sp.br\/index.php\/author\/gbonato\/"}]}},"_links":{"self":[{"href":"https:\/\/blog.saocamilo-sp.br\/index.php\/wp-json\/wp\/v2\/posts\/367","targetHints":{"allow":["GET"]}}],"collection":[{"href":"https:\/\/blog.saocamilo-sp.br\/index.php\/wp-json\/wp\/v2\/posts"}],"about":[{"href":"https:\/\/blog.saocamilo-sp.br\/index.php\/wp-json\/wp\/v2\/types\/post"}],"author":[{"embeddable":true,"href":"https:\/\/blog.saocamilo-sp.br\/index.php\/wp-json\/wp\/v2\/users\/5"}],"replies":[{"embeddable":true,"href":"https:\/\/blog.saocamilo-sp.br\/index.php\/wp-json\/wp\/v2\/comments?post=367"}],"version-history":[{"count":30,"href":"https:\/\/blog.saocamilo-sp.br\/index.php\/wp-json\/wp\/v2\/posts\/367\/revisions"}],"predecessor-version":[{"id":877,"href":"https:\/\/blog.saocamilo-sp.br\/index.php\/wp-json\/wp\/v2\/posts\/367\/revisions\/877"}],"wp:featuredmedia":[{"embeddable":true,"href":"https:\/\/blog.saocamilo-sp.br\/index.php\/wp-json\/wp\/v2\/media\/556"}],"wp:attachment":[{"href":"https:\/\/blog.saocamilo-sp.br\/index.php\/wp-json\/wp\/v2\/media?parent=367"}],"wp:term":[{"taxonomy":"category","embeddable":true,"href":"https:\/\/blog.saocamilo-sp.br\/index.php\/wp-json\/wp\/v2\/categories?post=367"},{"taxonomy":"post_tag","embeddable":true,"href":"https:\/\/blog.saocamilo-sp.br\/index.php\/wp-json\/wp\/v2\/tags?post=367"}],"curies":[{"name":"wp","href":"https:\/\/api.w.org\/{rel}","templated":true}]}}