{"id":3677,"date":"2025-05-19T14:00:00","date_gmt":"2025-05-19T17:00:00","guid":{"rendered":"https:\/\/blog.saocamilo-sp.br\/?p=3677"},"modified":"2025-05-21T18:48:26","modified_gmt":"2025-05-21T21:48:26","slug":"medicina-danca-e-corrida-a-historia-inspiradora-de-giovanna-aluna-do-11o-semestre-da-sao-camilo","status":"publish","type":"post","link":"https:\/\/blog.saocamilo-sp.br\/index.php\/2025\/05\/19\/medicina-danca-e-corrida-a-historia-inspiradora-de-giovanna-aluna-do-11o-semestre-da-sao-camilo\/","title":{"rendered":"Medicina, dan\u00e7a e corrida: a hist\u00f3ria inspiradora da aluna Giovanna"},"content":{"rendered":"\n<p>Conciliar os estudos com a paix\u00e3o pelo esporte nem sempre \u00e9 f\u00e1cil \u2014 mas para a Giovanna Pessoa, aluna do 11\u00ba semestre de <a href=\"https:\/\/saocamilo-sp.br\/cursos-graduacao\/medicina\/\">Medicina<\/a> do <a href=\"https:\/\/saocamilo-sp.br\/\">Centro Universit\u00e1rio S\u00e3o Camilo<\/a>, essa uni\u00e3o \u00e9 o que d\u00e1 sentido \u00e0 sua trajet\u00f3ria. Com 23 anos, ela est\u00e1 prestes a se formar e carrega consigo uma hist\u00f3ria marcada por disciplina, supera\u00e7\u00e3o e amor ao conhecimento.<\/p>\n\n\n\n<h2 class=\"wp-block-heading\">Da sapatilha de ponta \u00e0s corridas de rua<\/h2>\n\n\n\n<p>Giovanna come\u00e7ou cedo no mundo do esporte. Aos 3 anos, ingressou no ballet como atividade extracurricular, e aos 8 anos j\u00e1 estava se profissionalizando no ballet cl\u00e1ssico. Durante mais de 15 anos, viveu intensamente a rotina de treinos, ensaios e competi\u00e7\u00f5es nacionais e internacionais. Ela participou de grandes eventos como o Prix de Lausanne e o Youth America Grand Prix (YAGP), e em 2015 conquistou o t\u00edtulo de campe\u00e3 brasileira no tradicional Festival de Dan\u00e7a de Joinville.<\/p>\n\n\n\n<p>Sua dedica\u00e7\u00e3o \u00e0 dan\u00e7a a levou, inclusive, a morar por um per\u00edodo na Alemanha, onde continuou os estudos em uma escola especializada. No entanto, em 2019, uma les\u00e3o no joelho mudou o rumo da sua hist\u00f3ria. Afastada dos palcos por cerca de um ano, foi nesse per\u00edodo que a Medicina entrou em sua vida de forma inesperada, mas transformadora.<\/p>\n\n\n\n<h2 class=\"wp-block-heading\">A entrada na Medicina: uma virada de chave<\/h2>\n\n\n\n<p>\u201cMinha vida mudou completamente quando optei por seguir o caminho da Medicina, e hoje tenho a imensa certeza que fiz a escolha certa\u201d, conta Giovanna. O contato pr\u00f3ximo com os profissionais da sa\u00fade durante sua recupera\u00e7\u00e3o despertou uma nova voca\u00e7\u00e3o.<\/p>\n\n\n\n<p>Sempre dedicada aos estudos, ela soube desde o in\u00edcio equilibrar suas paix\u00f5es com responsabilidade. Entrar na faculdade, no entanto, n\u00e3o foi um caminho f\u00e1cil. Giovanna come\u00e7ou a gradua\u00e7\u00e3o em meio \u00e0 pandemia da Covid-19, fazendo parte da chamada \u201cturma da pandemia\u201d. Foram quase dois anos de aulas remotas, desafios de adapta\u00e7\u00e3o e incertezas. Mas, com organiza\u00e7\u00e3o e muita vontade, ela encontrou seu ritmo \u2014 e nunca abriu m\u00e3o do esporte.<\/p>\n\n\n\n<h2 class=\"wp-block-heading\">A paix\u00e3o pela corrida<\/h2>\n\n\n\n<p>Depois da recupera\u00e7\u00e3o, Giovanna voltou \u00e0 dan\u00e7a, mas come\u00e7ou a se interessar tamb\u00e9m por outras modalidades. Passou pela muscula\u00e7\u00e3o, mas foi na corrida de rua que encontrou uma nova paix\u00e3o. Seguindo os passos dos pais \u2014 especialmente do pai, corredor de longa data \u2014, ela come\u00e7ou do zero e hoje j\u00e1 completou sua primeira meia maratona.<\/p>\n\n\n\n<p>\u201cN\u00e3o me vejo sem o esporte em nenhum momento: seja pela dan\u00e7a, com tantas mem\u00f3rias incr\u00edveis, ou pela corrida, que hoje \u00e9 parte essencial da minha rotina\u201d, compartilha.<\/p>\n\n\n\n<h2 class=\"wp-block-heading\">Uma trajet\u00f3ria de crescimento pessoal e profissional<\/h2>\n\n\n\n<p>Ao longo dos quase seis anos de gradua\u00e7\u00e3o, Giovanna construiu uma trajet\u00f3ria marcada por aprendizados dentro e fora da sala de aula. A S\u00e3o Camilo, segundo ela, foi um espa\u00e7o de crescimento humano. Ela destaca a import\u00e2ncia dos professores, est\u00e1gios e pacientes na sua forma\u00e7\u00e3o, al\u00e9m de ter desenvolvido um carinho especial pelo projeto <strong>Promove<\/strong>, onde sonha em retornar um dia como docente.<\/p>\n\n\n\n<p>A poucos meses da formatura, Giovanna vive um momento de gratid\u00e3o e expectativa. \u201c\u00c9 um misto de emo\u00e7\u00f5es: saudade, ansiedade, anima\u00e7\u00e3o\u2026 A faculdade voa. Hoje vejo o in\u00edcio de uma nova fase se aproximando, com ainda mais responsabilidade, mas tamb\u00e9m com muitas portas se abrindo.\u201d<\/p>\n\n\n\n<h2 class=\"wp-block-heading\">Um futuro promissor na medicina<\/h2>\n\n\n\n<p>Giovanna \u00e9 um exemplo de que \u00e9 poss\u00edvel ser dedicada \u00e0 Medicina sem deixar de lado outras paix\u00f5es. Sua hist\u00f3ria mostra como os diferentes ciclos da vida podem se conectar e contribuir para uma trajet\u00f3ria \u00fanica. Em breve m\u00e9dica, ela leva consigo a sensibilidade da bailarina, a for\u00e7a da corredora e o cora\u00e7\u00e3o generoso de quem quer fazer a diferen\u00e7a na vida das pessoas.<\/p>\n\n\n\n<p>Leia Tamb\u00e9m<\/p>\n\n\n\n<p><a href=\"https:\/\/blog.saocamilo-sp.br\/index.php\/2025\/02\/17\/corrida-e-nutricao-conheca-a-historia-da-aluna-thamires\/\">Corrida e Nutri\u00e7\u00e3o: conhe\u00e7a a hist\u00f3ria da aluna Thamires Silva<\/a><br><a href=\"https:\/\/blog.saocamilo-sp.br\/index.php\/2024\/10\/01\/estudante-de-nutricao-e-fera-na-esgrima-paralimpica\/\">Estudante de Nutri\u00e7\u00e3o \u00e9 fera na esgrima paral\u00edmpica<\/a><br><a href=\"https:\/\/blog.saocamilo-sp.br\/index.php\/2025\/04\/30\/vestibular\/\">Centro Universit\u00e1rio S\u00e3o Camilo abre inscri\u00e7\u00f5es para vestibular 2025.2 com cursos presenciais e EAD&nbsp;<\/a><\/p>\n\n\n\n<p><\/p>\n","protected":false},"excerpt":{"rendered":"<p>Com 23 anos, Giovanna Pessoa est\u00e1 prestes a se tornar M\u00e9dica e carrega consigo uma hist\u00f3ria marcada por disciplina, supera\u00e7\u00e3o e amor ao conhecimento.<\/p>\n","protected":false},"author":4,"featured_media":3785,"comment_status":"open","ping_status":"open","sticky":false,"template":"","format":"standard","meta":{"cybocfi_hide_featured_image":"","footnotes":""},"categories":[1,198,30,85],"tags":[119,199,12,17,18],"class_list":["post-3677","post","type-post","status-publish","format-standard","has-post-thumbnail","hentry","category-cursos","category-graduacao","category-medicina","category-vestibular","tag-graduacao","tag-hobbie","tag-medicina","tag-saude","tag-vestibular"],"yoast_head":"<!-- This site is optimized with the Yoast SEO plugin v27.4 - https:\/\/yoast.com\/product\/yoast-seo-wordpress\/ -->\n<title>Medicina, dan\u00e7a e corrida: a hist\u00f3ria inspiradora da aluna Giovanna<\/title>\n<meta name=\"description\" content=\"Giovanna Pessoa est\u00e1 prestes a se tornar M\u00e9dica e carrega consigo uma hist\u00f3ria marcada por disciplina, supera\u00e7\u00e3o e amor ao conhecimento.\" \/>\n<meta name=\"robots\" content=\"index, follow, max-snippet:-1, max-image-preview:large, max-video-preview:-1\" \/>\n<link rel=\"canonical\" href=\"https:\/\/blog.saocamilo-sp.br\/index.php\/2025\/05\/19\/medicina-danca-e-corrida-a-historia-inspiradora-de-giovanna-aluna-do-11o-semestre-da-sao-camilo\/\" \/>\n<meta property=\"og:locale\" content=\"pt_BR\" \/>\n<meta property=\"og:type\" content=\"article\" \/>\n<meta property=\"og:title\" content=\"Medicina, dan\u00e7a e corrida: a hist\u00f3ria inspiradora da aluna Giovanna\" \/>\n<meta property=\"og:description\" content=\"Giovanna Pessoa est\u00e1 prestes a se tornar M\u00e9dica e carrega consigo uma hist\u00f3ria marcada por disciplina, supera\u00e7\u00e3o e amor ao conhecimento.\" \/>\n<meta property=\"og:url\" content=\"https:\/\/blog.saocamilo-sp.br\/index.php\/2025\/05\/19\/medicina-danca-e-corrida-a-historia-inspiradora-de-giovanna-aluna-do-11o-semestre-da-sao-camilo\/\" \/>\n<meta property=\"og:site_name\" content=\"Blog S\u00e3o Camilo\" \/>\n<meta property=\"article:publisher\" content=\"https:\/\/www.facebook.com\/saocamilosp\" \/>\n<meta property=\"article:published_time\" content=\"2025-05-19T17:00:00+00:00\" \/>\n<meta property=\"article:modified_time\" content=\"2025-05-21T21:48:26+00:00\" \/>\n<meta property=\"og:image\" content=\"https:\/\/blog.saocamilo-sp.br\/wp-content\/uploads\/2025\/05\/Giovanna-Medicina.png\" \/>\n\t<meta property=\"og:image:width\" content=\"600\" \/>\n\t<meta property=\"og:image:height\" content=\"406\" \/>\n\t<meta property=\"og:image:type\" content=\"image\/png\" \/>\n<meta name=\"author\" content=\"Lucas Soares Gon\u00e7alves\" \/>\n<meta name=\"twitter:card\" content=\"summary_large_image\" \/>\n<meta name=\"twitter:creator\" content=\"@saocamilosp\" \/>\n<meta name=\"twitter:site\" content=\"@saocamilosp\" \/>\n<meta name=\"twitter:label1\" content=\"Escrito por\" \/>\n\t<meta name=\"twitter:data1\" content=\"Lucas Soares Gon\u00e7alves\" \/>\n\t<meta name=\"twitter:label2\" content=\"Est. tempo de leitura\" \/>\n\t<meta name=\"twitter:data2\" content=\"4 minutos\" \/>\n<script type=\"application\/ld+json\" class=\"yoast-schema-graph\">{\"@context\":\"https:\\\/\\\/schema.org\",\"@graph\":[{\"@type\":\"Article\",\"@id\":\"https:\\\/\\\/blog.saocamilo-sp.br\\\/index.php\\\/2025\\\/05\\\/19\\\/medicina-danca-e-corrida-a-historia-inspiradora-de-giovanna-aluna-do-11o-semestre-da-sao-camilo\\\/#article\",\"isPartOf\":{\"@id\":\"https:\\\/\\\/blog.saocamilo-sp.br\\\/index.php\\\/2025\\\/05\\\/19\\\/medicina-danca-e-corrida-a-historia-inspiradora-de-giovanna-aluna-do-11o-semestre-da-sao-camilo\\\/\"},\"author\":{\"name\":\"Lucas Soares Gon\u00e7alves\",\"@id\":\"https:\\\/\\\/blog.saocamilo-sp.br\\\/#\\\/schema\\\/person\\\/781135418152912d4b58f2db13a2eaf0\"},\"headline\":\"Medicina, dan\u00e7a e corrida: a hist\u00f3ria inspiradora da aluna Giovanna\",\"datePublished\":\"2025-05-19T17:00:00+00:00\",\"dateModified\":\"2025-05-21T21:48:26+00:00\",\"mainEntityOfPage\":{\"@id\":\"https:\\\/\\\/blog.saocamilo-sp.br\\\/index.php\\\/2025\\\/05\\\/19\\\/medicina-danca-e-corrida-a-historia-inspiradora-de-giovanna-aluna-do-11o-semestre-da-sao-camilo\\\/\"},\"wordCount\":693,\"commentCount\":0,\"publisher\":{\"@id\":\"https:\\\/\\\/blog.saocamilo-sp.br\\\/#organization\"},\"image\":{\"@id\":\"https:\\\/\\\/blog.saocamilo-sp.br\\\/index.php\\\/2025\\\/05\\\/19\\\/medicina-danca-e-corrida-a-historia-inspiradora-de-giovanna-aluna-do-11o-semestre-da-sao-camilo\\\/#primaryimage\"},\"thumbnailUrl\":\"https:\\\/\\\/blog.saocamilo-sp.br\\\/wp-content\\\/uploads\\\/2025\\\/05\\\/Giovanna-Medicina.png\",\"keywords\":[\"gradua\u00e7\u00e3o\",\"hobbie\",\"Medicina\",\"Sa\u00fade\",\"Vestibular\"],\"articleSection\":[\"Cursos\",\"Gradua\u00e7\u00e3o\",\"Medicina\",\"Vestibular\"],\"inLanguage\":\"pt-BR\",\"potentialAction\":[{\"@type\":\"CommentAction\",\"name\":\"Comment\",\"target\":[\"https:\\\/\\\/blog.saocamilo-sp.br\\\/index.php\\\/2025\\\/05\\\/19\\\/medicina-danca-e-corrida-a-historia-inspiradora-de-giovanna-aluna-do-11o-semestre-da-sao-camilo\\\/#respond\"]}]},{\"@type\":\"WebPage\",\"@id\":\"https:\\\/\\\/blog.saocamilo-sp.br\\\/index.php\\\/2025\\\/05\\\/19\\\/medicina-danca-e-corrida-a-historia-inspiradora-de-giovanna-aluna-do-11o-semestre-da-sao-camilo\\\/\",\"url\":\"https:\\\/\\\/blog.saocamilo-sp.br\\\/index.php\\\/2025\\\/05\\\/19\\\/medicina-danca-e-corrida-a-historia-inspiradora-de-giovanna-aluna-do-11o-semestre-da-sao-camilo\\\/\",\"name\":\"Medicina, dan\u00e7a e corrida: a hist\u00f3ria inspiradora da aluna Giovanna\",\"isPartOf\":{\"@id\":\"https:\\\/\\\/blog.saocamilo-sp.br\\\/#website\"},\"primaryImageOfPage\":{\"@id\":\"https:\\\/\\\/blog.saocamilo-sp.br\\\/index.php\\\/2025\\\/05\\\/19\\\/medicina-danca-e-corrida-a-historia-inspiradora-de-giovanna-aluna-do-11o-semestre-da-sao-camilo\\\/#primaryimage\"},\"image\":{\"@id\":\"https:\\\/\\\/blog.saocamilo-sp.br\\\/index.php\\\/2025\\\/05\\\/19\\\/medicina-danca-e-corrida-a-historia-inspiradora-de-giovanna-aluna-do-11o-semestre-da-sao-camilo\\\/#primaryimage\"},\"thumbnailUrl\":\"https:\\\/\\\/blog.saocamilo-sp.br\\\/wp-content\\\/uploads\\\/2025\\\/05\\\/Giovanna-Medicina.png\",\"datePublished\":\"2025-05-19T17:00:00+00:00\",\"dateModified\":\"2025-05-21T21:48:26+00:00\",\"description\":\"Giovanna Pessoa est\u00e1 prestes a se tornar M\u00e9dica e carrega consigo uma hist\u00f3ria marcada por disciplina, supera\u00e7\u00e3o e amor ao conhecimento.\",\"breadcrumb\":{\"@id\":\"https:\\\/\\\/blog.saocamilo-sp.br\\\/index.php\\\/2025\\\/05\\\/19\\\/medicina-danca-e-corrida-a-historia-inspiradora-de-giovanna-aluna-do-11o-semestre-da-sao-camilo\\\/#breadcrumb\"},\"inLanguage\":\"pt-BR\",\"potentialAction\":[{\"@type\":\"ReadAction\",\"target\":[\"https:\\\/\\\/blog.saocamilo-sp.br\\\/index.php\\\/2025\\\/05\\\/19\\\/medicina-danca-e-corrida-a-historia-inspiradora-de-giovanna-aluna-do-11o-semestre-da-sao-camilo\\\/\"]}]},{\"@type\":\"ImageObject\",\"inLanguage\":\"pt-BR\",\"@id\":\"https:\\\/\\\/blog.saocamilo-sp.br\\\/index.php\\\/2025\\\/05\\\/19\\\/medicina-danca-e-corrida-a-historia-inspiradora-de-giovanna-aluna-do-11o-semestre-da-sao-camilo\\\/#primaryimage\",\"url\":\"https:\\\/\\\/blog.saocamilo-sp.br\\\/wp-content\\\/uploads\\\/2025\\\/05\\\/Giovanna-Medicina.png\",\"contentUrl\":\"https:\\\/\\\/blog.saocamilo-sp.br\\\/wp-content\\\/uploads\\\/2025\\\/05\\\/Giovanna-Medicina.png\",\"width\":600,\"height\":406,\"caption\":\"Conciliar os estudos com a paix\u00e3o pelo esporte nem sempre \u00e9 f\u00e1cil \u2014 mas para a Giovanna Pessoa, aluna do 11\u00ba semestre de Medicina do Centro Universit\u00e1rio S\u00e3o Camilo, essa uni\u00e3o \u00e9 o que d\u00e1 sentido \u00e0 sua trajet\u00f3ria.\"},{\"@type\":\"BreadcrumbList\",\"@id\":\"https:\\\/\\\/blog.saocamilo-sp.br\\\/index.php\\\/2025\\\/05\\\/19\\\/medicina-danca-e-corrida-a-historia-inspiradora-de-giovanna-aluna-do-11o-semestre-da-sao-camilo\\\/#breadcrumb\",\"itemListElement\":[{\"@type\":\"ListItem\",\"position\":1,\"name\":\"In\u00edcio\",\"item\":\"https:\\\/\\\/blog.saocamilo-sp.br\\\/\"},{\"@type\":\"ListItem\",\"position\":2,\"name\":\"Medicina, dan\u00e7a e corrida: a hist\u00f3ria inspiradora da aluna Giovanna\"}]},{\"@type\":\"WebSite\",\"@id\":\"https:\\\/\\\/blog.saocamilo-sp.br\\\/#website\",\"url\":\"https:\\\/\\\/blog.saocamilo-sp.br\\\/\",\"name\":\"Blog S\u00e3o Camilo\",\"description\":\"Blog do Centro Universit\u00e1rio S\u00e3o Camilo\",\"publisher\":{\"@id\":\"https:\\\/\\\/blog.saocamilo-sp.br\\\/#organization\"},\"potentialAction\":[{\"@type\":\"SearchAction\",\"target\":{\"@type\":\"EntryPoint\",\"urlTemplate\":\"https:\\\/\\\/blog.saocamilo-sp.br\\\/?s={search_term_string}\"},\"query-input\":{\"@type\":\"PropertyValueSpecification\",\"valueRequired\":true,\"valueName\":\"search_term_string\"}}],\"inLanguage\":\"pt-BR\"},{\"@type\":\"Organization\",\"@id\":\"https:\\\/\\\/blog.saocamilo-sp.br\\\/#organization\",\"name\":\"Blog S\u00e3o Camilo\",\"url\":\"https:\\\/\\\/blog.saocamilo-sp.br\\\/\",\"logo\":{\"@type\":\"ImageObject\",\"inLanguage\":\"pt-BR\",\"@id\":\"https:\\\/\\\/blog.saocamilo-sp.br\\\/#\\\/schema\\\/logo\\\/image\\\/\",\"url\":\"https:\\\/\\\/blog.saocamilo-sp.br\\\/wp-content\\\/uploads\\\/2021\\\/12\\\/cropped-vazio-logo-topo.png\",\"contentUrl\":\"https:\\\/\\\/blog.saocamilo-sp.br\\\/wp-content\\\/uploads\\\/2021\\\/12\\\/cropped-vazio-logo-topo.png\",\"width\":320,\"height\":240,\"caption\":\"Blog S\u00e3o Camilo\"},\"image\":{\"@id\":\"https:\\\/\\\/blog.saocamilo-sp.br\\\/#\\\/schema\\\/logo\\\/image\\\/\"},\"sameAs\":[\"https:\\\/\\\/www.facebook.com\\\/saocamilosp\",\"https:\\\/\\\/x.com\\\/saocamilosp\",\"https:\\\/\\\/www.linkedin.com\\\/school\\\/centro-universit-rio-s-o-camilo\\\/\"]},{\"@type\":\"Person\",\"@id\":\"https:\\\/\\\/blog.saocamilo-sp.br\\\/#\\\/schema\\\/person\\\/781135418152912d4b58f2db13a2eaf0\",\"name\":\"Lucas Soares Gon\u00e7alves\",\"image\":{\"@type\":\"ImageObject\",\"inLanguage\":\"pt-BR\",\"@id\":\"https:\\\/\\\/secure.gravatar.com\\\/avatar\\\/bcd2d703cbb48116eaac2cac8643792535238ff30b2d7ce9e16f9254ec9cae83?s=96&d=mm&r=g\",\"url\":\"https:\\\/\\\/secure.gravatar.com\\\/avatar\\\/bcd2d703cbb48116eaac2cac8643792535238ff30b2d7ce9e16f9254ec9cae83?s=96&d=mm&r=g\",\"contentUrl\":\"https:\\\/\\\/secure.gravatar.com\\\/avatar\\\/bcd2d703cbb48116eaac2cac8643792535238ff30b2d7ce9e16f9254ec9cae83?s=96&d=mm&r=g\",\"caption\":\"Lucas Soares Gon\u00e7alves\"},\"url\":\"https:\\\/\\\/blog.saocamilo-sp.br\\\/index.php\\\/author\\\/lucas-soares-goncalves\\\/\"}]}<\/script>\n<!-- \/ Yoast SEO plugin. -->","yoast_head_json":{"title":"Medicina, dan\u00e7a e corrida: a hist\u00f3ria inspiradora da aluna Giovanna","description":"Giovanna Pessoa est\u00e1 prestes a se tornar M\u00e9dica e carrega consigo uma hist\u00f3ria marcada por disciplina, supera\u00e7\u00e3o e amor ao conhecimento.","robots":{"index":"index","follow":"follow","max-snippet":"max-snippet:-1","max-image-preview":"max-image-preview:large","max-video-preview":"max-video-preview:-1"},"canonical":"https:\/\/blog.saocamilo-sp.br\/index.php\/2025\/05\/19\/medicina-danca-e-corrida-a-historia-inspiradora-de-giovanna-aluna-do-11o-semestre-da-sao-camilo\/","og_locale":"pt_BR","og_type":"article","og_title":"Medicina, dan\u00e7a e corrida: a hist\u00f3ria inspiradora da aluna Giovanna","og_description":"Giovanna Pessoa est\u00e1 prestes a se tornar M\u00e9dica e carrega consigo uma hist\u00f3ria marcada por disciplina, supera\u00e7\u00e3o e amor ao conhecimento.","og_url":"https:\/\/blog.saocamilo-sp.br\/index.php\/2025\/05\/19\/medicina-danca-e-corrida-a-historia-inspiradora-de-giovanna-aluna-do-11o-semestre-da-sao-camilo\/","og_site_name":"Blog S\u00e3o Camilo","article_publisher":"https:\/\/www.facebook.com\/saocamilosp","article_published_time":"2025-05-19T17:00:00+00:00","article_modified_time":"2025-05-21T21:48:26+00:00","og_image":[{"width":600,"height":406,"url":"https:\/\/blog.saocamilo-sp.br\/wp-content\/uploads\/2025\/05\/Giovanna-Medicina.png","type":"image\/png"}],"author":"Lucas Soares Gon\u00e7alves","twitter_card":"summary_large_image","twitter_creator":"@saocamilosp","twitter_site":"@saocamilosp","twitter_misc":{"Escrito por":"Lucas Soares Gon\u00e7alves","Est. tempo de leitura":"4 minutos"},"schema":{"@context":"https:\/\/schema.org","@graph":[{"@type":"Article","@id":"https:\/\/blog.saocamilo-sp.br\/index.php\/2025\/05\/19\/medicina-danca-e-corrida-a-historia-inspiradora-de-giovanna-aluna-do-11o-semestre-da-sao-camilo\/#article","isPartOf":{"@id":"https:\/\/blog.saocamilo-sp.br\/index.php\/2025\/05\/19\/medicina-danca-e-corrida-a-historia-inspiradora-de-giovanna-aluna-do-11o-semestre-da-sao-camilo\/"},"author":{"name":"Lucas Soares Gon\u00e7alves","@id":"https:\/\/blog.saocamilo-sp.br\/#\/schema\/person\/781135418152912d4b58f2db13a2eaf0"},"headline":"Medicina, dan\u00e7a e corrida: a hist\u00f3ria inspiradora da aluna Giovanna","datePublished":"2025-05-19T17:00:00+00:00","dateModified":"2025-05-21T21:48:26+00:00","mainEntityOfPage":{"@id":"https:\/\/blog.saocamilo-sp.br\/index.php\/2025\/05\/19\/medicina-danca-e-corrida-a-historia-inspiradora-de-giovanna-aluna-do-11o-semestre-da-sao-camilo\/"},"wordCount":693,"commentCount":0,"publisher":{"@id":"https:\/\/blog.saocamilo-sp.br\/#organization"},"image":{"@id":"https:\/\/blog.saocamilo-sp.br\/index.php\/2025\/05\/19\/medicina-danca-e-corrida-a-historia-inspiradora-de-giovanna-aluna-do-11o-semestre-da-sao-camilo\/#primaryimage"},"thumbnailUrl":"https:\/\/blog.saocamilo-sp.br\/wp-content\/uploads\/2025\/05\/Giovanna-Medicina.png","keywords":["gradua\u00e7\u00e3o","hobbie","Medicina","Sa\u00fade","Vestibular"],"articleSection":["Cursos","Gradua\u00e7\u00e3o","Medicina","Vestibular"],"inLanguage":"pt-BR","potentialAction":[{"@type":"CommentAction","name":"Comment","target":["https:\/\/blog.saocamilo-sp.br\/index.php\/2025\/05\/19\/medicina-danca-e-corrida-a-historia-inspiradora-de-giovanna-aluna-do-11o-semestre-da-sao-camilo\/#respond"]}]},{"@type":"WebPage","@id":"https:\/\/blog.saocamilo-sp.br\/index.php\/2025\/05\/19\/medicina-danca-e-corrida-a-historia-inspiradora-de-giovanna-aluna-do-11o-semestre-da-sao-camilo\/","url":"https:\/\/blog.saocamilo-sp.br\/index.php\/2025\/05\/19\/medicina-danca-e-corrida-a-historia-inspiradora-de-giovanna-aluna-do-11o-semestre-da-sao-camilo\/","name":"Medicina, dan\u00e7a e corrida: a hist\u00f3ria inspiradora da aluna Giovanna","isPartOf":{"@id":"https:\/\/blog.saocamilo-sp.br\/#website"},"primaryImageOfPage":{"@id":"https:\/\/blog.saocamilo-sp.br\/index.php\/2025\/05\/19\/medicina-danca-e-corrida-a-historia-inspiradora-de-giovanna-aluna-do-11o-semestre-da-sao-camilo\/#primaryimage"},"image":{"@id":"https:\/\/blog.saocamilo-sp.br\/index.php\/2025\/05\/19\/medicina-danca-e-corrida-a-historia-inspiradora-de-giovanna-aluna-do-11o-semestre-da-sao-camilo\/#primaryimage"},"thumbnailUrl":"https:\/\/blog.saocamilo-sp.br\/wp-content\/uploads\/2025\/05\/Giovanna-Medicina.png","datePublished":"2025-05-19T17:00:00+00:00","dateModified":"2025-05-21T21:48:26+00:00","description":"Giovanna Pessoa est\u00e1 prestes a se tornar M\u00e9dica e carrega consigo uma hist\u00f3ria marcada por disciplina, supera\u00e7\u00e3o e amor ao conhecimento.","breadcrumb":{"@id":"https:\/\/blog.saocamilo-sp.br\/index.php\/2025\/05\/19\/medicina-danca-e-corrida-a-historia-inspiradora-de-giovanna-aluna-do-11o-semestre-da-sao-camilo\/#breadcrumb"},"inLanguage":"pt-BR","potentialAction":[{"@type":"ReadAction","target":["https:\/\/blog.saocamilo-sp.br\/index.php\/2025\/05\/19\/medicina-danca-e-corrida-a-historia-inspiradora-de-giovanna-aluna-do-11o-semestre-da-sao-camilo\/"]}]},{"@type":"ImageObject","inLanguage":"pt-BR","@id":"https:\/\/blog.saocamilo-sp.br\/index.php\/2025\/05\/19\/medicina-danca-e-corrida-a-historia-inspiradora-de-giovanna-aluna-do-11o-semestre-da-sao-camilo\/#primaryimage","url":"https:\/\/blog.saocamilo-sp.br\/wp-content\/uploads\/2025\/05\/Giovanna-Medicina.png","contentUrl":"https:\/\/blog.saocamilo-sp.br\/wp-content\/uploads\/2025\/05\/Giovanna-Medicina.png","width":600,"height":406,"caption":"Conciliar os estudos com a paix\u00e3o pelo esporte nem sempre \u00e9 f\u00e1cil \u2014 mas para a Giovanna Pessoa, aluna do 11\u00ba semestre de Medicina do Centro Universit\u00e1rio S\u00e3o Camilo, essa uni\u00e3o \u00e9 o que d\u00e1 sentido \u00e0 sua trajet\u00f3ria."},{"@type":"BreadcrumbList","@id":"https:\/\/blog.saocamilo-sp.br\/index.php\/2025\/05\/19\/medicina-danca-e-corrida-a-historia-inspiradora-de-giovanna-aluna-do-11o-semestre-da-sao-camilo\/#breadcrumb","itemListElement":[{"@type":"ListItem","position":1,"name":"In\u00edcio","item":"https:\/\/blog.saocamilo-sp.br\/"},{"@type":"ListItem","position":2,"name":"Medicina, dan\u00e7a e corrida: a hist\u00f3ria inspiradora da aluna Giovanna"}]},{"@type":"WebSite","@id":"https:\/\/blog.saocamilo-sp.br\/#website","url":"https:\/\/blog.saocamilo-sp.br\/","name":"Blog S\u00e3o Camilo","description":"Blog do Centro Universit\u00e1rio S\u00e3o Camilo","publisher":{"@id":"https:\/\/blog.saocamilo-sp.br\/#organization"},"potentialAction":[{"@type":"SearchAction","target":{"@type":"EntryPoint","urlTemplate":"https:\/\/blog.saocamilo-sp.br\/?s={search_term_string}"},"query-input":{"@type":"PropertyValueSpecification","valueRequired":true,"valueName":"search_term_string"}}],"inLanguage":"pt-BR"},{"@type":"Organization","@id":"https:\/\/blog.saocamilo-sp.br\/#organization","name":"Blog S\u00e3o Camilo","url":"https:\/\/blog.saocamilo-sp.br\/","logo":{"@type":"ImageObject","inLanguage":"pt-BR","@id":"https:\/\/blog.saocamilo-sp.br\/#\/schema\/logo\/image\/","url":"https:\/\/blog.saocamilo-sp.br\/wp-content\/uploads\/2021\/12\/cropped-vazio-logo-topo.png","contentUrl":"https:\/\/blog.saocamilo-sp.br\/wp-content\/uploads\/2021\/12\/cropped-vazio-logo-topo.png","width":320,"height":240,"caption":"Blog S\u00e3o Camilo"},"image":{"@id":"https:\/\/blog.saocamilo-sp.br\/#\/schema\/logo\/image\/"},"sameAs":["https:\/\/www.facebook.com\/saocamilosp","https:\/\/x.com\/saocamilosp","https:\/\/www.linkedin.com\/school\/centro-universit-rio-s-o-camilo\/"]},{"@type":"Person","@id":"https:\/\/blog.saocamilo-sp.br\/#\/schema\/person\/781135418152912d4b58f2db13a2eaf0","name":"Lucas Soares Gon\u00e7alves","image":{"@type":"ImageObject","inLanguage":"pt-BR","@id":"https:\/\/secure.gravatar.com\/avatar\/bcd2d703cbb48116eaac2cac8643792535238ff30b2d7ce9e16f9254ec9cae83?s=96&d=mm&r=g","url":"https:\/\/secure.gravatar.com\/avatar\/bcd2d703cbb48116eaac2cac8643792535238ff30b2d7ce9e16f9254ec9cae83?s=96&d=mm&r=g","contentUrl":"https:\/\/secure.gravatar.com\/avatar\/bcd2d703cbb48116eaac2cac8643792535238ff30b2d7ce9e16f9254ec9cae83?s=96&d=mm&r=g","caption":"Lucas Soares Gon\u00e7alves"},"url":"https:\/\/blog.saocamilo-sp.br\/index.php\/author\/lucas-soares-goncalves\/"}]}},"_links":{"self":[{"href":"https:\/\/blog.saocamilo-sp.br\/index.php\/wp-json\/wp\/v2\/posts\/3677","targetHints":{"allow":["GET"]}}],"collection":[{"href":"https:\/\/blog.saocamilo-sp.br\/index.php\/wp-json\/wp\/v2\/posts"}],"about":[{"href":"https:\/\/blog.saocamilo-sp.br\/index.php\/wp-json\/wp\/v2\/types\/post"}],"author":[{"embeddable":true,"href":"https:\/\/blog.saocamilo-sp.br\/index.php\/wp-json\/wp\/v2\/users\/4"}],"replies":[{"embeddable":true,"href":"https:\/\/blog.saocamilo-sp.br\/index.php\/wp-json\/wp\/v2\/comments?post=3677"}],"version-history":[{"count":4,"href":"https:\/\/blog.saocamilo-sp.br\/index.php\/wp-json\/wp\/v2\/posts\/3677\/revisions"}],"predecessor-version":[{"id":3798,"href":"https:\/\/blog.saocamilo-sp.br\/index.php\/wp-json\/wp\/v2\/posts\/3677\/revisions\/3798"}],"wp:featuredmedia":[{"embeddable":true,"href":"https:\/\/blog.saocamilo-sp.br\/index.php\/wp-json\/wp\/v2\/media\/3785"}],"wp:attachment":[{"href":"https:\/\/blog.saocamilo-sp.br\/index.php\/wp-json\/wp\/v2\/media?parent=3677"}],"wp:term":[{"taxonomy":"category","embeddable":true,"href":"https:\/\/blog.saocamilo-sp.br\/index.php\/wp-json\/wp\/v2\/categories?post=3677"},{"taxonomy":"post_tag","embeddable":true,"href":"https:\/\/blog.saocamilo-sp.br\/index.php\/wp-json\/wp\/v2\/tags?post=3677"}],"curies":[{"name":"wp","href":"https:\/\/api.w.org\/{rel}","templated":true}]}}