{"id":3710,"date":"2025-06-17T13:39:27","date_gmt":"2025-06-17T16:39:27","guid":{"rendered":"https:\/\/blog.saocamilo-sp.br\/?p=3710"},"modified":"2025-07-17T17:47:40","modified_gmt":"2025-07-17T20:47:40","slug":"aline-alda-biomedicina-criadora-conteudo-sao-camilo","status":"publish","type":"post","link":"https:\/\/blog.saocamilo-sp.br\/index.php\/2025\/06\/17\/aline-alda-biomedicina-criadora-conteudo-sao-camilo\/","title":{"rendered":"Aline Alda: Estudante de Biomedicina da S\u00e3o Camilo e Criadora de Conte\u00fado."},"content":{"rendered":"\n<p>Conciliar a rotina universit\u00e1ria com a cria\u00e7\u00e3o de conte\u00fado digital pode parecer desafiador \u2014 mas para Aline Alda, estudante de <a href=\"https:\/\/saocamilo-sp.br\/cursos-graduacao\/biomedicina\/\" target=\"_blank\" rel=\"noreferrer noopener\">Biomedicina no Centro Universit\u00e1rio S\u00e3o Camilo<\/a>, isso se tornou uma jornada inspiradora que conecta milhares de pessoas \u00e0 realidade do curso.<\/p>\n\n\n\n<p>Com apenas 21 anos, Aline \u00e9 aluna do \u00faltimo ano da gradua\u00e7\u00e3o e atualmente realiza seu est\u00e1gio obrigat\u00f3rio em an\u00e1lises cl\u00ednicas. Mas sua hist\u00f3ria com a <a href=\"https:\/\/blog.saocamilo-sp.br\/index.php\/2025\/04\/11\/mec\/\">Biomedici<\/a><a href=\"https:\/\/blog.saocamilo-sp.br\/index.php\/2025\/04\/11\/mec\/\" target=\"_blank\" rel=\"noreferrer noopener\">n<\/a><a href=\"https:\/\/blog.saocamilo-sp.br\/index.php\/2025\/04\/11\/mec\/\">a<\/a> \u2014 e com o TikTok \u2014 come\u00e7ou bem antes disso.<\/p>\n\n\n\n<h2 class=\"wp-block-heading\">Aline Alda, Estudante de Biomedicina: Como Tudo Come\u00e7ou?<\/h2>\n\n\n\n<p>Aline decidiu cursar Biomedicina a partir de uma indica\u00e7\u00e3o de um professor do ensino m\u00e9dio. Apesar de ter pesquisado bastante, sentiu falta de conte\u00fados que mostrassem como era, na pr\u00e1tica, o dia a dia de uma biom\u00e9dica: o que se aprendia, o que se fazia dentro de um laborat\u00f3rio, e qual era, de fato, a atua\u00e7\u00e3o profissional do biom\u00e9dico.<\/p>\n\n\n\n<p>Essa lacuna de informa\u00e7\u00f5es foi exatamente o que a motivou a come\u00e7ar a produzir v\u00eddeos. \u201cNo segundo ano da faculdade, pensei: por que n\u00e3o mostrar o que eu estou vivendo? Pode ser que outras pessoas tamb\u00e9m tenham essas mesmas d\u00favidas que eu tive\u201d, conta.<\/p>\n\n\n\n<p>Foi a\u00ed que surgiu o primeiro v\u00eddeo, mostrando uma aula pr\u00e1tica de microbiologia. O resultado? Mais de <strong>200 mil visualiza\u00e7\u00f5es logo de cara<\/strong>. A partir dali, Aline n\u00e3o parou mais.<\/p>\n\n\n\n<h2 class=\"wp-block-heading\">O Papel da S\u00e3o Camilo no Est\u00e1gio da Estudante de Biomedicina Aline Alda<\/h2>\n\n\n\n<p>O amor pelo curso cresceu junto com o interesse das pessoas em acompanhar sua trajet\u00f3ria. Entre dicas de estudo, bastidores das aulas pr\u00e1ticas e reflex\u00f5es sobre a vida universit\u00e1ria, Aline hoje compartilha conte\u00fados com mais de <a href=\"https:\/\/www.instagram.com\/_alinealda\/\"><strong>28 mil seguidores<\/strong> nas redes sociais<\/a>.<\/p>\n\n\n\n<p>\u201cFalar sobre Biomedicina nas redes n\u00e3o \u00e9 s\u00f3 uma forma de express\u00e3o para mim, \u00e9 uma maneira de ajudar quem est\u00e1 no mesmo processo de escolha que eu estive um dia\u201d, afirma.<\/p>\n\n\n\n<p>Atualmente, ela compartilha principalmente como tem sido sua rotina de <a href=\"https:\/\/blog.saocamilo-sp.br\/index.php\/2022\/03\/17\/video-vida-de-estagiario-sao-camilo-biomedicina\/\">est\u00e1gio<\/a> \u2014 um dos assuntos mais procurados por seus seguidores.<\/p>\n\n\n\n<h2 class=\"wp-block-heading\">O papel do est\u00e1gio na forma\u00e7\u00e3o da Aline na S\u00e3o Camilo<\/h2>\n\n\n\n<p>Uma d\u00favida frequente que Aline recebe \u00e9: \u201ccomo voc\u00ea conseguiu seu est\u00e1gio?\u201d. A resposta vem com orgulho: \u201cFoi atrav\u00e9s da minha faculdade. A S\u00e3o Camilo sempre me ofereceu os melhores professores e, agora, um est\u00e1gio que realmente tem feito a diferen\u00e7a na minha forma\u00e7\u00e3o\u201d.<\/p>\n\n\n\n<p>Hoje, ela atua em an\u00e1lises cl\u00ednicas e afirma que esse contato direto com o laborat\u00f3rio tem sido essencial para sua evolu\u00e7\u00e3o profissional e pessoal. Mesmo com a rotina exigente \u2014 que inclui relat\u00f3rios mensais, reuni\u00f5es com a coordena\u00e7\u00e3o, e entrega do TCC \u2014 Aline reconhece a import\u00e2ncia desse momento.<\/p>\n\n\n\n<p>\u201cO est\u00e1gio me mostrou o que \u00e9 a pr\u00e1tica profissional de verdade. E apesar dos desafios, tenho total suporte da minha coordenadora, que acompanha de perto meu desenvolvimento e nos d\u00e1 espa\u00e7o para compartilhar d\u00favidas e experi\u00eancias\u201d, ressalta.<\/p>\n\n\n\n<h2 class=\"wp-block-heading\">A Jornada de Crescimento<\/h2>\n\n\n\n<p>Para Aline, conciliar o est\u00e1gio com a vida universit\u00e1ria \u00e9 desafiador, mas recompensador. \u201cNo come\u00e7o eu achava que seria mais tranquilo, por n\u00e3o ter mais tantas aulas te\u00f3ricas. Mas as exig\u00eancias mudam, e a responsabilidade aumenta. Ainda assim, vejo o quanto tenho crescido\u201d.<\/p>\n\n\n\n<p>Aline representa uma nova gera\u00e7\u00e3o de estudantes que n\u00e3o apenas vivem a experi\u00eancia universit\u00e1ria, mas tamb\u00e9m a compartilham \u2014 ajudando outras pessoas a se enxergarem na profiss\u00e3o e a entenderem melhor o que realmente significa seguir uma carreira na Biomedicina.<\/p>\n\n\n\n<p>Quer conhecer e saber mais sobre a trajet\u00f3ria da Aline? \u00c9 s\u00f3 seguir os perfis dela<br><br>Instagram: <a href=\"https:\/\/www.instagram.com\/_alinealda\/\" target=\"_blank\" rel=\"noreferrer noopener\">@_alinealda<\/a><br>TikTok: <a href=\"https:\/\/www.tiktok.com\/@alinealda\" target=\"_blank\" rel=\"noreferrer noopener\">@alinealda<\/a><\/p>\n\n\n\n<p><\/p>\n","protected":false},"excerpt":{"rendered":"<p>Conciliar a rotina universit\u00e1ria com a cria\u00e7\u00e3o de conte\u00fado digital \u00e9 desafiador, mas para Aline Alda, estudante de Biomedicina, virou uma jornada inspiradora que conecta milhares \u00e0 realidade do curso.<\/p>\n","protected":false},"author":4,"featured_media":3748,"comment_status":"open","ping_status":"open","sticky":false,"template":"","format":"standard","meta":{"cybocfi_hide_featured_image":"","footnotes":""},"categories":[1],"tags":[10,17],"class_list":["post-3710","post","type-post","status-publish","format-standard","has-post-thumbnail","hentry","category-cursos","tag-biomedicina","tag-saude"],"yoast_head":"<!-- This site is optimized with the Yoast SEO plugin v27.4 - https:\/\/yoast.com\/product\/yoast-seo-wordpress\/ -->\n<title>A jornada de Aline Alda na Biomedicina e a cria\u00e7\u00e3o de conte\u00fado.<\/title>\n<meta name=\"description\" content=\"Conhe\u00e7a a inspiradora jornada de Aline Alda, estudante de Biomedicina da S\u00e3o Camilo, que virou criadora de conte\u00fado.\" \/>\n<meta name=\"robots\" content=\"index, follow, max-snippet:-1, max-image-preview:large, max-video-preview:-1\" \/>\n<link rel=\"canonical\" href=\"https:\/\/blog.saocamilo-sp.br\/index.php\/2025\/06\/17\/aline-alda-biomedicina-criadora-conteudo-sao-camilo\/\" \/>\n<meta property=\"og:locale\" content=\"pt_BR\" \/>\n<meta property=\"og:type\" content=\"article\" \/>\n<meta property=\"og:title\" content=\"A jornada de Aline Alda na Biomedicina e a cria\u00e7\u00e3o de conte\u00fado.\" \/>\n<meta property=\"og:description\" content=\"Conhe\u00e7a a inspiradora jornada de Aline Alda, estudante de Biomedicina da S\u00e3o Camilo, que virou criadora de conte\u00fado.\" \/>\n<meta property=\"og:url\" content=\"https:\/\/blog.saocamilo-sp.br\/index.php\/2025\/06\/17\/aline-alda-biomedicina-criadora-conteudo-sao-camilo\/\" \/>\n<meta property=\"og:site_name\" content=\"Blog S\u00e3o Camilo\" \/>\n<meta property=\"article:publisher\" content=\"https:\/\/www.facebook.com\/saocamilosp\" \/>\n<meta property=\"article:published_time\" content=\"2025-06-17T16:39:27+00:00\" \/>\n<meta property=\"article:modified_time\" content=\"2025-07-17T20:47:40+00:00\" \/>\n<meta property=\"og:image\" content=\"https:\/\/blog.saocamilo-sp.br\/wp-content\/uploads\/2025\/05\/Design-sem-nome-44.png\" \/>\n\t<meta property=\"og:image:width\" content=\"1920\" \/>\n\t<meta property=\"og:image:height\" content=\"1080\" \/>\n\t<meta property=\"og:image:type\" content=\"image\/png\" \/>\n<meta name=\"author\" content=\"Lucas Soares Gon\u00e7alves\" \/>\n<meta name=\"twitter:card\" content=\"summary_large_image\" \/>\n<meta name=\"twitter:creator\" content=\"@saocamilosp\" \/>\n<meta name=\"twitter:site\" content=\"@saocamilosp\" \/>\n<meta name=\"twitter:label1\" content=\"Escrito por\" \/>\n\t<meta name=\"twitter:data1\" content=\"Lucas Soares Gon\u00e7alves\" \/>\n\t<meta name=\"twitter:label2\" content=\"Est. tempo de leitura\" \/>\n\t<meta name=\"twitter:data2\" content=\"4 minutos\" \/>\n<script type=\"application\/ld+json\" class=\"yoast-schema-graph\">{\"@context\":\"https:\\\/\\\/schema.org\",\"@graph\":[{\"@type\":\"Article\",\"@id\":\"https:\\\/\\\/blog.saocamilo-sp.br\\\/index.php\\\/2025\\\/06\\\/17\\\/aline-alda-biomedicina-criadora-conteudo-sao-camilo\\\/#article\",\"isPartOf\":{\"@id\":\"https:\\\/\\\/blog.saocamilo-sp.br\\\/index.php\\\/2025\\\/06\\\/17\\\/aline-alda-biomedicina-criadora-conteudo-sao-camilo\\\/\"},\"author\":{\"name\":\"Lucas Soares Gon\u00e7alves\",\"@id\":\"https:\\\/\\\/blog.saocamilo-sp.br\\\/#\\\/schema\\\/person\\\/781135418152912d4b58f2db13a2eaf0\"},\"headline\":\"Aline Alda: Estudante de Biomedicina da S\u00e3o Camilo e Criadora de Conte\u00fado.\",\"datePublished\":\"2025-06-17T16:39:27+00:00\",\"dateModified\":\"2025-07-17T20:47:40+00:00\",\"mainEntityOfPage\":{\"@id\":\"https:\\\/\\\/blog.saocamilo-sp.br\\\/index.php\\\/2025\\\/06\\\/17\\\/aline-alda-biomedicina-criadora-conteudo-sao-camilo\\\/\"},\"wordCount\":650,\"commentCount\":0,\"publisher\":{\"@id\":\"https:\\\/\\\/blog.saocamilo-sp.br\\\/#organization\"},\"image\":{\"@id\":\"https:\\\/\\\/blog.saocamilo-sp.br\\\/index.php\\\/2025\\\/06\\\/17\\\/aline-alda-biomedicina-criadora-conteudo-sao-camilo\\\/#primaryimage\"},\"thumbnailUrl\":\"https:\\\/\\\/blog.saocamilo-sp.br\\\/wp-content\\\/uploads\\\/2025\\\/05\\\/Design-sem-nome-44.png\",\"keywords\":[\"Biomedicina\",\"Sa\u00fade\"],\"articleSection\":[\"Cursos\"],\"inLanguage\":\"pt-BR\",\"potentialAction\":[{\"@type\":\"CommentAction\",\"name\":\"Comment\",\"target\":[\"https:\\\/\\\/blog.saocamilo-sp.br\\\/index.php\\\/2025\\\/06\\\/17\\\/aline-alda-biomedicina-criadora-conteudo-sao-camilo\\\/#respond\"]}]},{\"@type\":\"WebPage\",\"@id\":\"https:\\\/\\\/blog.saocamilo-sp.br\\\/index.php\\\/2025\\\/06\\\/17\\\/aline-alda-biomedicina-criadora-conteudo-sao-camilo\\\/\",\"url\":\"https:\\\/\\\/blog.saocamilo-sp.br\\\/index.php\\\/2025\\\/06\\\/17\\\/aline-alda-biomedicina-criadora-conteudo-sao-camilo\\\/\",\"name\":\"A jornada de Aline Alda na Biomedicina e a cria\u00e7\u00e3o de conte\u00fado.\",\"isPartOf\":{\"@id\":\"https:\\\/\\\/blog.saocamilo-sp.br\\\/#website\"},\"primaryImageOfPage\":{\"@id\":\"https:\\\/\\\/blog.saocamilo-sp.br\\\/index.php\\\/2025\\\/06\\\/17\\\/aline-alda-biomedicina-criadora-conteudo-sao-camilo\\\/#primaryimage\"},\"image\":{\"@id\":\"https:\\\/\\\/blog.saocamilo-sp.br\\\/index.php\\\/2025\\\/06\\\/17\\\/aline-alda-biomedicina-criadora-conteudo-sao-camilo\\\/#primaryimage\"},\"thumbnailUrl\":\"https:\\\/\\\/blog.saocamilo-sp.br\\\/wp-content\\\/uploads\\\/2025\\\/05\\\/Design-sem-nome-44.png\",\"datePublished\":\"2025-06-17T16:39:27+00:00\",\"dateModified\":\"2025-07-17T20:47:40+00:00\",\"description\":\"Conhe\u00e7a a inspiradora jornada de Aline Alda, estudante de Biomedicina da S\u00e3o Camilo, que virou criadora de conte\u00fado.\",\"breadcrumb\":{\"@id\":\"https:\\\/\\\/blog.saocamilo-sp.br\\\/index.php\\\/2025\\\/06\\\/17\\\/aline-alda-biomedicina-criadora-conteudo-sao-camilo\\\/#breadcrumb\"},\"inLanguage\":\"pt-BR\",\"potentialAction\":[{\"@type\":\"ReadAction\",\"target\":[\"https:\\\/\\\/blog.saocamilo-sp.br\\\/index.php\\\/2025\\\/06\\\/17\\\/aline-alda-biomedicina-criadora-conteudo-sao-camilo\\\/\"]}]},{\"@type\":\"ImageObject\",\"inLanguage\":\"pt-BR\",\"@id\":\"https:\\\/\\\/blog.saocamilo-sp.br\\\/index.php\\\/2025\\\/06\\\/17\\\/aline-alda-biomedicina-criadora-conteudo-sao-camilo\\\/#primaryimage\",\"url\":\"https:\\\/\\\/blog.saocamilo-sp.br\\\/wp-content\\\/uploads\\\/2025\\\/05\\\/Design-sem-nome-44.png\",\"contentUrl\":\"https:\\\/\\\/blog.saocamilo-sp.br\\\/wp-content\\\/uploads\\\/2025\\\/05\\\/Design-sem-nome-44.png\",\"width\":1920,\"height\":1080,\"caption\":\"Conciliar a rotina universit\u00e1ria com a cria\u00e7\u00e3o de conte\u00fado digital pode parecer desafiador \u2014 mas para Aline Alda, estudante de Biomedicina no Centro Universit\u00e1rio S\u00e3o Camilo\"},{\"@type\":\"BreadcrumbList\",\"@id\":\"https:\\\/\\\/blog.saocamilo-sp.br\\\/index.php\\\/2025\\\/06\\\/17\\\/aline-alda-biomedicina-criadora-conteudo-sao-camilo\\\/#breadcrumb\",\"itemListElement\":[{\"@type\":\"ListItem\",\"position\":1,\"name\":\"In\u00edcio\",\"item\":\"https:\\\/\\\/blog.saocamilo-sp.br\\\/\"},{\"@type\":\"ListItem\",\"position\":2,\"name\":\"Aline Alda: Estudante de Biomedicina da S\u00e3o Camilo e Criadora de Conte\u00fado.\"}]},{\"@type\":\"WebSite\",\"@id\":\"https:\\\/\\\/blog.saocamilo-sp.br\\\/#website\",\"url\":\"https:\\\/\\\/blog.saocamilo-sp.br\\\/\",\"name\":\"Blog S\u00e3o Camilo\",\"description\":\"Blog do Centro Universit\u00e1rio S\u00e3o Camilo\",\"publisher\":{\"@id\":\"https:\\\/\\\/blog.saocamilo-sp.br\\\/#organization\"},\"potentialAction\":[{\"@type\":\"SearchAction\",\"target\":{\"@type\":\"EntryPoint\",\"urlTemplate\":\"https:\\\/\\\/blog.saocamilo-sp.br\\\/?s={search_term_string}\"},\"query-input\":{\"@type\":\"PropertyValueSpecification\",\"valueRequired\":true,\"valueName\":\"search_term_string\"}}],\"inLanguage\":\"pt-BR\"},{\"@type\":\"Organization\",\"@id\":\"https:\\\/\\\/blog.saocamilo-sp.br\\\/#organization\",\"name\":\"Blog S\u00e3o Camilo\",\"url\":\"https:\\\/\\\/blog.saocamilo-sp.br\\\/\",\"logo\":{\"@type\":\"ImageObject\",\"inLanguage\":\"pt-BR\",\"@id\":\"https:\\\/\\\/blog.saocamilo-sp.br\\\/#\\\/schema\\\/logo\\\/image\\\/\",\"url\":\"https:\\\/\\\/blog.saocamilo-sp.br\\\/wp-content\\\/uploads\\\/2021\\\/12\\\/cropped-vazio-logo-topo.png\",\"contentUrl\":\"https:\\\/\\\/blog.saocamilo-sp.br\\\/wp-content\\\/uploads\\\/2021\\\/12\\\/cropped-vazio-logo-topo.png\",\"width\":320,\"height\":240,\"caption\":\"Blog S\u00e3o Camilo\"},\"image\":{\"@id\":\"https:\\\/\\\/blog.saocamilo-sp.br\\\/#\\\/schema\\\/logo\\\/image\\\/\"},\"sameAs\":[\"https:\\\/\\\/www.facebook.com\\\/saocamilosp\",\"https:\\\/\\\/x.com\\\/saocamilosp\",\"https:\\\/\\\/www.linkedin.com\\\/school\\\/centro-universit-rio-s-o-camilo\\\/\"]},{\"@type\":\"Person\",\"@id\":\"https:\\\/\\\/blog.saocamilo-sp.br\\\/#\\\/schema\\\/person\\\/781135418152912d4b58f2db13a2eaf0\",\"name\":\"Lucas Soares Gon\u00e7alves\",\"image\":{\"@type\":\"ImageObject\",\"inLanguage\":\"pt-BR\",\"@id\":\"https:\\\/\\\/secure.gravatar.com\\\/avatar\\\/bcd2d703cbb48116eaac2cac8643792535238ff30b2d7ce9e16f9254ec9cae83?s=96&d=mm&r=g\",\"url\":\"https:\\\/\\\/secure.gravatar.com\\\/avatar\\\/bcd2d703cbb48116eaac2cac8643792535238ff30b2d7ce9e16f9254ec9cae83?s=96&d=mm&r=g\",\"contentUrl\":\"https:\\\/\\\/secure.gravatar.com\\\/avatar\\\/bcd2d703cbb48116eaac2cac8643792535238ff30b2d7ce9e16f9254ec9cae83?s=96&d=mm&r=g\",\"caption\":\"Lucas Soares Gon\u00e7alves\"},\"url\":\"https:\\\/\\\/blog.saocamilo-sp.br\\\/index.php\\\/author\\\/lucas-soares-goncalves\\\/\"}]}<\/script>\n<!-- \/ Yoast SEO plugin. -->","yoast_head_json":{"title":"A jornada de Aline Alda na Biomedicina e a cria\u00e7\u00e3o de conte\u00fado.","description":"Conhe\u00e7a a inspiradora jornada de Aline Alda, estudante de Biomedicina da S\u00e3o Camilo, que virou criadora de conte\u00fado.","robots":{"index":"index","follow":"follow","max-snippet":"max-snippet:-1","max-image-preview":"max-image-preview:large","max-video-preview":"max-video-preview:-1"},"canonical":"https:\/\/blog.saocamilo-sp.br\/index.php\/2025\/06\/17\/aline-alda-biomedicina-criadora-conteudo-sao-camilo\/","og_locale":"pt_BR","og_type":"article","og_title":"A jornada de Aline Alda na Biomedicina e a cria\u00e7\u00e3o de conte\u00fado.","og_description":"Conhe\u00e7a a inspiradora jornada de Aline Alda, estudante de Biomedicina da S\u00e3o Camilo, que virou criadora de conte\u00fado.","og_url":"https:\/\/blog.saocamilo-sp.br\/index.php\/2025\/06\/17\/aline-alda-biomedicina-criadora-conteudo-sao-camilo\/","og_site_name":"Blog S\u00e3o Camilo","article_publisher":"https:\/\/www.facebook.com\/saocamilosp","article_published_time":"2025-06-17T16:39:27+00:00","article_modified_time":"2025-07-17T20:47:40+00:00","og_image":[{"width":1920,"height":1080,"url":"https:\/\/blog.saocamilo-sp.br\/wp-content\/uploads\/2025\/05\/Design-sem-nome-44.png","type":"image\/png"}],"author":"Lucas Soares Gon\u00e7alves","twitter_card":"summary_large_image","twitter_creator":"@saocamilosp","twitter_site":"@saocamilosp","twitter_misc":{"Escrito por":"Lucas Soares Gon\u00e7alves","Est. tempo de leitura":"4 minutos"},"schema":{"@context":"https:\/\/schema.org","@graph":[{"@type":"Article","@id":"https:\/\/blog.saocamilo-sp.br\/index.php\/2025\/06\/17\/aline-alda-biomedicina-criadora-conteudo-sao-camilo\/#article","isPartOf":{"@id":"https:\/\/blog.saocamilo-sp.br\/index.php\/2025\/06\/17\/aline-alda-biomedicina-criadora-conteudo-sao-camilo\/"},"author":{"name":"Lucas Soares Gon\u00e7alves","@id":"https:\/\/blog.saocamilo-sp.br\/#\/schema\/person\/781135418152912d4b58f2db13a2eaf0"},"headline":"Aline Alda: Estudante de Biomedicina da S\u00e3o Camilo e Criadora de Conte\u00fado.","datePublished":"2025-06-17T16:39:27+00:00","dateModified":"2025-07-17T20:47:40+00:00","mainEntityOfPage":{"@id":"https:\/\/blog.saocamilo-sp.br\/index.php\/2025\/06\/17\/aline-alda-biomedicina-criadora-conteudo-sao-camilo\/"},"wordCount":650,"commentCount":0,"publisher":{"@id":"https:\/\/blog.saocamilo-sp.br\/#organization"},"image":{"@id":"https:\/\/blog.saocamilo-sp.br\/index.php\/2025\/06\/17\/aline-alda-biomedicina-criadora-conteudo-sao-camilo\/#primaryimage"},"thumbnailUrl":"https:\/\/blog.saocamilo-sp.br\/wp-content\/uploads\/2025\/05\/Design-sem-nome-44.png","keywords":["Biomedicina","Sa\u00fade"],"articleSection":["Cursos"],"inLanguage":"pt-BR","potentialAction":[{"@type":"CommentAction","name":"Comment","target":["https:\/\/blog.saocamilo-sp.br\/index.php\/2025\/06\/17\/aline-alda-biomedicina-criadora-conteudo-sao-camilo\/#respond"]}]},{"@type":"WebPage","@id":"https:\/\/blog.saocamilo-sp.br\/index.php\/2025\/06\/17\/aline-alda-biomedicina-criadora-conteudo-sao-camilo\/","url":"https:\/\/blog.saocamilo-sp.br\/index.php\/2025\/06\/17\/aline-alda-biomedicina-criadora-conteudo-sao-camilo\/","name":"A jornada de Aline Alda na Biomedicina e a cria\u00e7\u00e3o de conte\u00fado.","isPartOf":{"@id":"https:\/\/blog.saocamilo-sp.br\/#website"},"primaryImageOfPage":{"@id":"https:\/\/blog.saocamilo-sp.br\/index.php\/2025\/06\/17\/aline-alda-biomedicina-criadora-conteudo-sao-camilo\/#primaryimage"},"image":{"@id":"https:\/\/blog.saocamilo-sp.br\/index.php\/2025\/06\/17\/aline-alda-biomedicina-criadora-conteudo-sao-camilo\/#primaryimage"},"thumbnailUrl":"https:\/\/blog.saocamilo-sp.br\/wp-content\/uploads\/2025\/05\/Design-sem-nome-44.png","datePublished":"2025-06-17T16:39:27+00:00","dateModified":"2025-07-17T20:47:40+00:00","description":"Conhe\u00e7a a inspiradora jornada de Aline Alda, estudante de Biomedicina da S\u00e3o Camilo, que virou criadora de conte\u00fado.","breadcrumb":{"@id":"https:\/\/blog.saocamilo-sp.br\/index.php\/2025\/06\/17\/aline-alda-biomedicina-criadora-conteudo-sao-camilo\/#breadcrumb"},"inLanguage":"pt-BR","potentialAction":[{"@type":"ReadAction","target":["https:\/\/blog.saocamilo-sp.br\/index.php\/2025\/06\/17\/aline-alda-biomedicina-criadora-conteudo-sao-camilo\/"]}]},{"@type":"ImageObject","inLanguage":"pt-BR","@id":"https:\/\/blog.saocamilo-sp.br\/index.php\/2025\/06\/17\/aline-alda-biomedicina-criadora-conteudo-sao-camilo\/#primaryimage","url":"https:\/\/blog.saocamilo-sp.br\/wp-content\/uploads\/2025\/05\/Design-sem-nome-44.png","contentUrl":"https:\/\/blog.saocamilo-sp.br\/wp-content\/uploads\/2025\/05\/Design-sem-nome-44.png","width":1920,"height":1080,"caption":"Conciliar a rotina universit\u00e1ria com a cria\u00e7\u00e3o de conte\u00fado digital pode parecer desafiador \u2014 mas para Aline Alda, estudante de Biomedicina no Centro Universit\u00e1rio S\u00e3o Camilo"},{"@type":"BreadcrumbList","@id":"https:\/\/blog.saocamilo-sp.br\/index.php\/2025\/06\/17\/aline-alda-biomedicina-criadora-conteudo-sao-camilo\/#breadcrumb","itemListElement":[{"@type":"ListItem","position":1,"name":"In\u00edcio","item":"https:\/\/blog.saocamilo-sp.br\/"},{"@type":"ListItem","position":2,"name":"Aline Alda: Estudante de Biomedicina da S\u00e3o Camilo e Criadora de Conte\u00fado."}]},{"@type":"WebSite","@id":"https:\/\/blog.saocamilo-sp.br\/#website","url":"https:\/\/blog.saocamilo-sp.br\/","name":"Blog S\u00e3o Camilo","description":"Blog do Centro Universit\u00e1rio S\u00e3o Camilo","publisher":{"@id":"https:\/\/blog.saocamilo-sp.br\/#organization"},"potentialAction":[{"@type":"SearchAction","target":{"@type":"EntryPoint","urlTemplate":"https:\/\/blog.saocamilo-sp.br\/?s={search_term_string}"},"query-input":{"@type":"PropertyValueSpecification","valueRequired":true,"valueName":"search_term_string"}}],"inLanguage":"pt-BR"},{"@type":"Organization","@id":"https:\/\/blog.saocamilo-sp.br\/#organization","name":"Blog S\u00e3o Camilo","url":"https:\/\/blog.saocamilo-sp.br\/","logo":{"@type":"ImageObject","inLanguage":"pt-BR","@id":"https:\/\/blog.saocamilo-sp.br\/#\/schema\/logo\/image\/","url":"https:\/\/blog.saocamilo-sp.br\/wp-content\/uploads\/2021\/12\/cropped-vazio-logo-topo.png","contentUrl":"https:\/\/blog.saocamilo-sp.br\/wp-content\/uploads\/2021\/12\/cropped-vazio-logo-topo.png","width":320,"height":240,"caption":"Blog S\u00e3o Camilo"},"image":{"@id":"https:\/\/blog.saocamilo-sp.br\/#\/schema\/logo\/image\/"},"sameAs":["https:\/\/www.facebook.com\/saocamilosp","https:\/\/x.com\/saocamilosp","https:\/\/www.linkedin.com\/school\/centro-universit-rio-s-o-camilo\/"]},{"@type":"Person","@id":"https:\/\/blog.saocamilo-sp.br\/#\/schema\/person\/781135418152912d4b58f2db13a2eaf0","name":"Lucas Soares Gon\u00e7alves","image":{"@type":"ImageObject","inLanguage":"pt-BR","@id":"https:\/\/secure.gravatar.com\/avatar\/bcd2d703cbb48116eaac2cac8643792535238ff30b2d7ce9e16f9254ec9cae83?s=96&d=mm&r=g","url":"https:\/\/secure.gravatar.com\/avatar\/bcd2d703cbb48116eaac2cac8643792535238ff30b2d7ce9e16f9254ec9cae83?s=96&d=mm&r=g","contentUrl":"https:\/\/secure.gravatar.com\/avatar\/bcd2d703cbb48116eaac2cac8643792535238ff30b2d7ce9e16f9254ec9cae83?s=96&d=mm&r=g","caption":"Lucas Soares Gon\u00e7alves"},"url":"https:\/\/blog.saocamilo-sp.br\/index.php\/author\/lucas-soares-goncalves\/"}]}},"_links":{"self":[{"href":"https:\/\/blog.saocamilo-sp.br\/index.php\/wp-json\/wp\/v2\/posts\/3710","targetHints":{"allow":["GET"]}}],"collection":[{"href":"https:\/\/blog.saocamilo-sp.br\/index.php\/wp-json\/wp\/v2\/posts"}],"about":[{"href":"https:\/\/blog.saocamilo-sp.br\/index.php\/wp-json\/wp\/v2\/types\/post"}],"author":[{"embeddable":true,"href":"https:\/\/blog.saocamilo-sp.br\/index.php\/wp-json\/wp\/v2\/users\/4"}],"replies":[{"embeddable":true,"href":"https:\/\/blog.saocamilo-sp.br\/index.php\/wp-json\/wp\/v2\/comments?post=3710"}],"version-history":[{"count":4,"href":"https:\/\/blog.saocamilo-sp.br\/index.php\/wp-json\/wp\/v2\/posts\/3710\/revisions"}],"predecessor-version":[{"id":3907,"href":"https:\/\/blog.saocamilo-sp.br\/index.php\/wp-json\/wp\/v2\/posts\/3710\/revisions\/3907"}],"wp:featuredmedia":[{"embeddable":true,"href":"https:\/\/blog.saocamilo-sp.br\/index.php\/wp-json\/wp\/v2\/media\/3748"}],"wp:attachment":[{"href":"https:\/\/blog.saocamilo-sp.br\/index.php\/wp-json\/wp\/v2\/media?parent=3710"}],"wp:term":[{"taxonomy":"category","embeddable":true,"href":"https:\/\/blog.saocamilo-sp.br\/index.php\/wp-json\/wp\/v2\/categories?post=3710"},{"taxonomy":"post_tag","embeddable":true,"href":"https:\/\/blog.saocamilo-sp.br\/index.php\/wp-json\/wp\/v2\/tags?post=3710"}],"curies":[{"name":"wp","href":"https:\/\/api.w.org\/{rel}","templated":true}]}}