{"id":3762,"date":"2025-05-15T12:01:45","date_gmt":"2025-05-15T15:01:45","guid":{"rendered":"https:\/\/blog.saocamilo-sp.br\/?p=3762"},"modified":"2025-05-15T12:18:32","modified_gmt":"2025-05-15T15:18:32","slug":"jornada-laudato-si","status":"publish","type":"post","link":"https:\/\/blog.saocamilo-sp.br\/index.php\/2025\/05\/15\/jornada-laudato-si\/","title":{"rendered":"Jornada Laudato Si&#8217; 2025: \u00c1gua: Fonte de Vida por uma Ecologia Integral"},"content":{"rendered":"\n<p>A Jornada Laudato Si&#8217; \u00e9 uma iniciativa da Pastoral da Ecologia Integral do Regional Sul 1 da CNBB, que visa celebrar os dez anos da Enc\u00edclica <em>Laudato Si&#8217;<\/em>, do Papa Francisco.&nbsp;<\/p>\n\n\n\n<p>Composta por um semin\u00e1rio interuniversit\u00e1rio, celebra\u00e7\u00f5es e atividades comunit\u00e1rias, a Jornada busca mobilizar a sociedade por meio do debate cient\u00edfico acerca das causas dos problemas socioambientais, tanto globais quanto locais. Al\u00e9m disso, prop\u00f5e a reflex\u00e3o sobre a possibilidade de a\u00e7\u00f5es comunit\u00e1rias e pastorais capazes de transformar a realidade, com um olhar especial para os temas relacionados com a quest\u00e3o da \u00e1gua e da Ecologia Integral.<\/p>\n\n\n\n<p>Participam dessa a\u00e7\u00e3o representantes de institui\u00e7\u00f5es de ensino superior e pesquisa, bem como lideran\u00e7as pastorais das sete sub-regi\u00f5es do Regional Sul 1 da CNBB, especialmente aquelas vinculadas \u00e0 Pastoral da Ecologia Integral ou que a apoiam.<\/p>\n\n\n\n<p><\/p>\n\n\n\n<h3 class=\"wp-block-heading\"><strong>Semin\u00e1rio acad\u00eamico interuniversidades<\/strong><\/h3>\n\n\n\n<p>O semin\u00e1rio foi elaborado em conjunto com representantes de diversas Universidades e Institui\u00e7\u00f5es de Ensino Superior \u2013 confessionais, comunit\u00e1rias, p\u00fablicas e privadas \u2013 localizadas, em sua maioria, no estado de S\u00e3o Paulo, mas tamb\u00e9m de outros estados.<\/p>\n\n\n\n<p>A primeira noite do semin\u00e1rio contar\u00e1 com a presen\u00e7a do pesquisador Carlos Nobre (professor titular da C\u00e1tedra de Sustentabilidade da Universidade de S\u00e3o Paulo \u2013 USP e copresidente do Painel Cient\u00edfico para a Amaz\u00f4nia) e de Frei M\u00e1rcio Couto, religioso dominicano. O di\u00e1logo entre ambos pretende ressaltar a import\u00e2ncia da Enc\u00edclica <em>Laudato Si&#8217;<\/em> para o pensamento antissist\u00eamico e revolucion\u00e1rio, bem como para a salvaguarda da vida no planeta.<\/p>\n\n\n\n<p>A segunda noite dos debates ter\u00e1 a \u00e1gua como tema articulador para as propostas no campo das tecnologias sociais, da educa\u00e7\u00e3o e da a\u00e7\u00e3o pastoral. J\u00e1 a terceira e \u00faltima noite do evento ser\u00e1 dedicada \u00e0 reflex\u00e3o sobre a pertin\u00eancia da Ecologia Integral, refor\u00e7ando sua centralidade para al\u00e9m da Campanha da Fraternidade.<\/p>\n\n\n\n<h3 class=\"wp-block-heading\">Programa\u00e7\u00e3o da Jornada Laudato Si\u00b4<\/h3>\n\n\n\n<p><strong>Dia 1905 (segunda-feira) &#8211; 19h \u00e0s 21h30<\/strong><br>Tema:<em> \u201c<\/em>10 anos da Laudato Si: ecologia integral e transforma\u00e7\u00e3o social revolucion\u00e1ria\u201d. Palestrantes: Carlos Nobre (C\u00e1tedra Sustentabilidade USP\/SPA) e Frei M\u00e1rcio Couto, OP. Link para assistir ao evento<a href=\"https:\/\/www.youtube.com\/watch?v=puguGIl1kRU\"> AQUI<\/a>.&nbsp;<\/p>\n\n\n\n<p>Media\u00e7\u00e3o e organiza\u00e7\u00e3o: Prof. Afonso Murad (FAJE), Profa. Bruna Branchi (PUC Campinas) e Prof. Robert Nascimento (UNISAL).<\/p>\n\n\n\n<p><strong>Dia 20\/05 (ter\u00e7a-feira) <\/strong>\u2013 19h \u00e0s 21h30<\/p>\n\n\n\n<p>Tema: \u201c\u00c1gua: fonte de vida por uma ecologia integral\u201d. Palestrantes: Renata Lima Moretto (USF), Maria Lu\u00edsa Palmieri (IPA), Luciano Machado (PEI CNBB Sul1). Link para assistir ao evento <a href=\"https:\/\/www.youtube.com\/watch?v=0U8dScXBMMs\">AQUI<\/a>.<\/p>\n\n\n\n<p>Media\u00e7\u00e3o e organiza\u00e7\u00e3o: Prof. Francisco Em\u00edlio Surian (UNISANTOS), Prof. Cleber Ferr\u00e3o (UNISANTOS) e Prof. Lucas Andrade (USF).<\/p>\n\n\n\n<p><strong>Dia 21\/05 (quarta-feira) <\/strong>\u2013 19h \u00e0s 21h30&nbsp;<\/p>\n\n\n\n<p>Tema: \u201cA contribui\u00e7\u00e3o da Campanha da Fraternidade para a perenidade da Ecologia Integral\u201d. Palestrante: Luiz Sleutjes (PEI CNBB Sul1). Link para assistir ao evento <a href=\"https:\/\/www.youtube.com\/watch?v=_-k7wmYtM9A\">AQUI<\/a>.&nbsp;<\/p>\n\n\n\n<p>Media\u00e7\u00e3o e organiza\u00e7\u00e3o: Prof. Douglas Barros &#8211; (PUC Campinas), Prof. Robert Nascimento (Unisal) e Prof. Eraldo Costa Neto (UEFS).<\/p>\n\n\n\n<p><em>Os participantes poder\u00e3o obter certificados de participa\u00e7\u00e3o, emitidos pela Universidade S\u00e3o Francisco, mediante inscri\u00e7\u00e3o gratuita realizada <\/em><a href=\"https:\/\/www.usf.edu.br\/apps\/eventos\/inscricao\/?evento=341696\">AQUI<\/a><em>.&nbsp;<\/em><\/p>\n\n\n\n<h3 class=\"wp-block-heading\">Celebra\u00e7\u00f5es Jornada Laudato Si\u00b4<\/h3>\n\n\n\n<p>Comemorar o anivers\u00e1rio de dez anos da Enc\u00edclica <em>Laudato Si&#8217;<\/em>, carta dirigida ao cuidado da Casa Comum e a todas as pessoas de boa vontade, no dia de sua promulga\u00e7\u00e3o (24 de maio), \u00e9 uma forma de celebrar e atender a este grande e urgente chamado. Isso ser\u00e1 feito por meio da ora\u00e7\u00e3o em atos inter-religiosos e celebra\u00e7\u00f5es ecum\u00eanicas ou eucar\u00edsticas.<\/p>\n\n\n\n<p>As celebra\u00e7\u00f5es acontecer\u00e3o nas sete sub-regi\u00f5es do Regional Sul 1 da CNBB (S\u00e3o Paulo, Aparecida, Sorocaba, Botucatu e Ribeir\u00e3o Preto 1 e 2).&nbsp;<\/p>\n\n\n\n<p>Confira a agenda, os hor\u00e1rios e os locais das celebra\u00e7\u00f5es <a href=\"https:\/\/ecologiaintegralsul1cnbb.blogspot.com\/p\/programacao-celebracoes-10-anos-da.html\">AQUI<\/a>.<\/p>\n\n\n\n<h3 class=\"wp-block-heading\">Atividades Comunit\u00e1rias da Jornada Laudato Si\u00b4<\/h3>\n\n\n\n<p>O agir tamb\u00e9m estar\u00e1 presente nesta jornada, pois o testemunho \u00e9 a marca fundamental que deve expressar o processo de convers\u00e3o ecol\u00f3gica proposto pela Enc\u00edclica <em>Laudato Si&#8217;<\/em>.&nbsp;<\/p>\n\n\n\n<p>A\u00e7\u00f5es locais ser\u00e3o realizadas, em sua maioria, no dia 25 de maio, ou em datas pr\u00f3ximas, promovidas pela Pastoral da Ecologia Integral nas Arquidioceses e Dioceses do Estado de S\u00e3o Paulo, em parceria com institui\u00e7\u00f5es de ensino e pesquisa, poder p\u00fablico e sociedade civil.&nbsp;<\/p>\n\n\n\n<p>Confira a programa\u00e7\u00e3o completa <a href=\"https:\/\/ecologiaintegralsul1cnbb.blogspot.com\/p\/atividades-comunitarias-da-jornada.html\">AQUI<\/a>.<\/p>\n\n\n\n<p>Participe da Jornada Laudato Si&#8217; e aproveite a ocasi\u00e3o para ampliar sua forma\u00e7\u00e3o, celebrar e dar testemunho da urgente miss\u00e3o de cuidar do nosso maior bem coletivo: a vida!<\/p>\n\n\n\n<p><\/p>\n\n\n\n<h3 class=\"wp-block-heading\">Realiza\u00e7\u00e3o:<\/h3>\n\n\n\n<p>\u2022 Regional Sul 1 da CNBB<\/p>\n\n\n\n<p>\u2022 Pastoral da Ecologia Integral Sul 1<\/p>\n\n\n\n<h3 class=\"wp-block-heading\">Organiza\u00e7\u00e3o<\/h3>\n\n\n\n<p>\u2022 Universidade S\u00e3o Francisco (USF)<\/p>\n\n\n\n<p>\u2022 Universidade Cat\u00f3lica de Santos (UNISANTOS)<\/p>\n\n\n\n<p>\u2022 Centro Universit\u00e1rio Sagrado Cora\u00e7\u00e3o (UNISAGRADO)<\/p>\n\n\n\n<p>\u2022 Pontif\u00edcia Universidade Cat\u00f3lica de Campinas (PUC Campinas)<\/p>\n\n\n\n<p>\u2022 Centro Nacional de Monitoramento e Alertas de Desastres Naturais (CEMADEN)<\/p>\n\n\n\n<p>\u2022 Faculdade Jo\u00e3o Paulo II (FAJOPA)<\/p>\n\n\n\n<p>\u2022 Faculdade Jesu\u00edta de Filosofia e Teologia (FAJE)<\/p>\n\n\n\n<p>\u2022 FEI \u2013 Funda\u00e7\u00e3o Educacional Inaciana &#8220;Pe. Sab\u00f3ia de Medeiros&#8221;<\/p>\n\n\n\n<p>\u2022 USP\/Esalq \u2013 OCA \u2013 Laborat\u00f3rio de Pol\u00edtica e Educa\u00e7\u00e3o Ambiental<\/p>\n\n\n\n<p>\u2022 USP\/ECA \u2013 Escola de Comunica\u00e7\u00e3o e Artes &#8211; Projeto Educom &amp; Clima<\/p>\n\n\n\n<p>\u2022 Universidade Federal de S\u00e3o Carlos (UFSCar)<\/p>\n\n\n\n<p>\u2022 Centro Universit\u00e1rio Salesiano de S\u00e3o Paulo (UNISAL)<\/p>\n\n\n\n<p>\u2022 Centro Universit\u00e1rio Claretiano<\/p>\n\n\n\n<p>\u2022 <a href=\"https:\/\/saocamilo-sp.br\">Centro Universit\u00e1rio S\u00e3o Camilo<\/a><\/p>\n\n\n\n<p>\u2022 Pontif\u00edcia Universidade Cat\u00f3lica do Paran\u00e1 (PUCPR) \u2013 PPG Teologia<\/p>\n\n\n\n<p>\u2022 Universidade Estadual de Feira de Santana (UEFS)<\/p>\n\n\n\n<h3 class=\"wp-block-heading\">Apoio<\/h3>\n\n\n\n<p>\u2022 Associa\u00e7\u00e3o Nacional de Educa\u00e7\u00e3o Cat\u00f3lica do Brasil<\/p>\n\n\n\n<p><strong>Veja tamb\u00e9m:<\/strong><br><br><a href=\"https:\/\/blog.saocamilo-sp.br\/index.php\/2024\/05\/24\/centro-universitario-sao-camilo-conquista-o-selo-ies-amiga-da-iniciacao-cientifica-do-semesp\/\">Centro Universit\u00e1rio S\u00e3o Camilo Conquista o Selo \u201cIES Amiga da Inicia\u00e7\u00e3o Cient\u00edfica\u201d do SEMESP<\/a><\/p>\n\n\n\n<p><a href=\"https:\/\/blog.saocamilo-sp.br\/index.php\/2024\/02\/01\/oducal\/\">Pe. Jo\u00e3o Batista e Rayssa Rios s\u00e3o nomeados para a ODUCAL<\/a><br><\/p>\n","protected":false},"excerpt":{"rendered":"<p>O evento celebra os dez anos da Enc\u00edclica Laudato Si&#8217;, do Papa Francisco e ocorrer\u00e1 entre os dias 19 a 25\/05.<\/p>\n","protected":false},"author":13,"featured_media":3763,"comment_status":"open","ping_status":"open","sticky":false,"template":"","format":"standard","meta":{"cybocfi_hide_featured_image":"","footnotes":""},"categories":[91],"tags":[200],"class_list":["post-3762","post","type-post","status-publish","format-standard","has-post-thumbnail","hentry","category-institucional","tag-laudato-si"],"yoast_head":"<!-- This site is optimized with the Yoast SEO plugin v27.5 - https:\/\/yoast.com\/product\/yoast-seo-wordpress\/ -->\n<title>Jornada Laudato Si&#039; 2025: \u00c1gua: Fonte de Vida por uma Ecologia Integral<\/title>\n<meta name=\"description\" content=\"O evento celebra os dez anos da Enc\u00edclica Laudato Si&#039;, do Papa Francisco e ocorrer\u00e1 entre os dias 19 a 25\/05.\" \/>\n<meta name=\"robots\" content=\"index, follow, max-snippet:-1, max-image-preview:large, max-video-preview:-1\" \/>\n<link rel=\"canonical\" href=\"https:\/\/blog.saocamilo-sp.br\/index.php\/2025\/05\/15\/jornada-laudato-si\/\" \/>\n<meta property=\"og:locale\" content=\"pt_BR\" \/>\n<meta property=\"og:type\" content=\"article\" \/>\n<meta property=\"og:title\" content=\"Jornada Laudato Si&#039; 2025: \u00c1gua: Fonte de Vida por uma Ecologia Integral\" \/>\n<meta property=\"og:description\" content=\"O evento celebra os dez anos da Enc\u00edclica Laudato Si&#039;, do Papa Francisco e ocorrer\u00e1 entre os dias 19 a 25\/05.\" \/>\n<meta property=\"og:url\" content=\"https:\/\/blog.saocamilo-sp.br\/index.php\/2025\/05\/15\/jornada-laudato-si\/\" \/>\n<meta property=\"og:site_name\" content=\"Blog S\u00e3o Camilo\" \/>\n<meta property=\"article:publisher\" content=\"https:\/\/www.facebook.com\/saocamilosp\" \/>\n<meta property=\"article:published_time\" content=\"2025-05-15T15:01:45+00:00\" \/>\n<meta property=\"article:modified_time\" content=\"2025-05-15T15:18:32+00:00\" \/>\n<meta property=\"og:image\" content=\"https:\/\/blog.saocamilo-sp.br\/wp-content\/uploads\/2025\/05\/Jornada-Laudato-Si.png\" \/>\n\t<meta property=\"og:image:width\" content=\"945\" \/>\n\t<meta property=\"og:image:height\" content=\"630\" \/>\n\t<meta property=\"og:image:type\" content=\"image\/png\" \/>\n<meta name=\"author\" content=\"Leandro Lafr\u00e1gola\" \/>\n<meta name=\"twitter:card\" content=\"summary_large_image\" \/>\n<meta name=\"twitter:creator\" content=\"@saocamilosp\" \/>\n<meta name=\"twitter:site\" content=\"@saocamilosp\" \/>\n<meta name=\"twitter:label1\" content=\"Escrito por\" \/>\n\t<meta name=\"twitter:data1\" content=\"Leandro Lafr\u00e1gola\" \/>\n\t<meta name=\"twitter:label2\" content=\"Est. tempo de leitura\" \/>\n\t<meta name=\"twitter:data2\" content=\"5 minutos\" \/>\n<script type=\"application\/ld+json\" class=\"yoast-schema-graph\">{\"@context\":\"https:\\\/\\\/schema.org\",\"@graph\":[{\"@type\":\"Article\",\"@id\":\"https:\\\/\\\/blog.saocamilo-sp.br\\\/index.php\\\/2025\\\/05\\\/15\\\/jornada-laudato-si\\\/#article\",\"isPartOf\":{\"@id\":\"https:\\\/\\\/blog.saocamilo-sp.br\\\/index.php\\\/2025\\\/05\\\/15\\\/jornada-laudato-si\\\/\"},\"author\":{\"name\":\"Leandro Lafr\u00e1gola\",\"@id\":\"https:\\\/\\\/blog.saocamilo-sp.br\\\/#\\\/schema\\\/person\\\/1a99645faaab0bb55105f817e866e19b\"},\"headline\":\"Jornada Laudato Si&#8217; 2025: \u00c1gua: Fonte de Vida por uma Ecologia Integral\",\"datePublished\":\"2025-05-15T15:01:45+00:00\",\"dateModified\":\"2025-05-15T15:18:32+00:00\",\"mainEntityOfPage\":{\"@id\":\"https:\\\/\\\/blog.saocamilo-sp.br\\\/index.php\\\/2025\\\/05\\\/15\\\/jornada-laudato-si\\\/\"},\"wordCount\":959,\"commentCount\":0,\"publisher\":{\"@id\":\"https:\\\/\\\/blog.saocamilo-sp.br\\\/#organization\"},\"image\":{\"@id\":\"https:\\\/\\\/blog.saocamilo-sp.br\\\/index.php\\\/2025\\\/05\\\/15\\\/jornada-laudato-si\\\/#primaryimage\"},\"thumbnailUrl\":\"https:\\\/\\\/blog.saocamilo-sp.br\\\/wp-content\\\/uploads\\\/2025\\\/05\\\/Jornada-Laudato-Si.png\",\"keywords\":[\"laudato si\"],\"articleSection\":[\"Institucional\"],\"inLanguage\":\"pt-BR\",\"potentialAction\":[{\"@type\":\"CommentAction\",\"name\":\"Comment\",\"target\":[\"https:\\\/\\\/blog.saocamilo-sp.br\\\/index.php\\\/2025\\\/05\\\/15\\\/jornada-laudato-si\\\/#respond\"]}]},{\"@type\":\"WebPage\",\"@id\":\"https:\\\/\\\/blog.saocamilo-sp.br\\\/index.php\\\/2025\\\/05\\\/15\\\/jornada-laudato-si\\\/\",\"url\":\"https:\\\/\\\/blog.saocamilo-sp.br\\\/index.php\\\/2025\\\/05\\\/15\\\/jornada-laudato-si\\\/\",\"name\":\"Jornada Laudato Si' 2025: \u00c1gua: Fonte de Vida por uma Ecologia Integral\",\"isPartOf\":{\"@id\":\"https:\\\/\\\/blog.saocamilo-sp.br\\\/#website\"},\"primaryImageOfPage\":{\"@id\":\"https:\\\/\\\/blog.saocamilo-sp.br\\\/index.php\\\/2025\\\/05\\\/15\\\/jornada-laudato-si\\\/#primaryimage\"},\"image\":{\"@id\":\"https:\\\/\\\/blog.saocamilo-sp.br\\\/index.php\\\/2025\\\/05\\\/15\\\/jornada-laudato-si\\\/#primaryimage\"},\"thumbnailUrl\":\"https:\\\/\\\/blog.saocamilo-sp.br\\\/wp-content\\\/uploads\\\/2025\\\/05\\\/Jornada-Laudato-Si.png\",\"datePublished\":\"2025-05-15T15:01:45+00:00\",\"dateModified\":\"2025-05-15T15:18:32+00:00\",\"description\":\"O evento celebra os dez anos da Enc\u00edclica Laudato Si', do Papa Francisco e ocorrer\u00e1 entre os dias 19 a 25\\\/05.\",\"breadcrumb\":{\"@id\":\"https:\\\/\\\/blog.saocamilo-sp.br\\\/index.php\\\/2025\\\/05\\\/15\\\/jornada-laudato-si\\\/#breadcrumb\"},\"inLanguage\":\"pt-BR\",\"potentialAction\":[{\"@type\":\"ReadAction\",\"target\":[\"https:\\\/\\\/blog.saocamilo-sp.br\\\/index.php\\\/2025\\\/05\\\/15\\\/jornada-laudato-si\\\/\"]}]},{\"@type\":\"ImageObject\",\"inLanguage\":\"pt-BR\",\"@id\":\"https:\\\/\\\/blog.saocamilo-sp.br\\\/index.php\\\/2025\\\/05\\\/15\\\/jornada-laudato-si\\\/#primaryimage\",\"url\":\"https:\\\/\\\/blog.saocamilo-sp.br\\\/wp-content\\\/uploads\\\/2025\\\/05\\\/Jornada-Laudato-Si.png\",\"contentUrl\":\"https:\\\/\\\/blog.saocamilo-sp.br\\\/wp-content\\\/uploads\\\/2025\\\/05\\\/Jornada-Laudato-Si.png\",\"width\":945,\"height\":630,\"caption\":\"Jornada Laudato Si\"},{\"@type\":\"BreadcrumbList\",\"@id\":\"https:\\\/\\\/blog.saocamilo-sp.br\\\/index.php\\\/2025\\\/05\\\/15\\\/jornada-laudato-si\\\/#breadcrumb\",\"itemListElement\":[{\"@type\":\"ListItem\",\"position\":1,\"name\":\"In\u00edcio\",\"item\":\"https:\\\/\\\/blog.saocamilo-sp.br\\\/\"},{\"@type\":\"ListItem\",\"position\":2,\"name\":\"Jornada Laudato Si&#8217; 2025: \u00c1gua: Fonte de Vida por uma Ecologia Integral\"}]},{\"@type\":\"WebSite\",\"@id\":\"https:\\\/\\\/blog.saocamilo-sp.br\\\/#website\",\"url\":\"https:\\\/\\\/blog.saocamilo-sp.br\\\/\",\"name\":\"Blog S\u00e3o Camilo\",\"description\":\"Blog do Centro Universit\u00e1rio S\u00e3o Camilo\",\"publisher\":{\"@id\":\"https:\\\/\\\/blog.saocamilo-sp.br\\\/#organization\"},\"potentialAction\":[{\"@type\":\"SearchAction\",\"target\":{\"@type\":\"EntryPoint\",\"urlTemplate\":\"https:\\\/\\\/blog.saocamilo-sp.br\\\/?s={search_term_string}\"},\"query-input\":{\"@type\":\"PropertyValueSpecification\",\"valueRequired\":true,\"valueName\":\"search_term_string\"}}],\"inLanguage\":\"pt-BR\"},{\"@type\":\"Organization\",\"@id\":\"https:\\\/\\\/blog.saocamilo-sp.br\\\/#organization\",\"name\":\"Blog S\u00e3o Camilo\",\"url\":\"https:\\\/\\\/blog.saocamilo-sp.br\\\/\",\"logo\":{\"@type\":\"ImageObject\",\"inLanguage\":\"pt-BR\",\"@id\":\"https:\\\/\\\/blog.saocamilo-sp.br\\\/#\\\/schema\\\/logo\\\/image\\\/\",\"url\":\"https:\\\/\\\/blog.saocamilo-sp.br\\\/wp-content\\\/uploads\\\/2021\\\/12\\\/cropped-vazio-logo-topo.png\",\"contentUrl\":\"https:\\\/\\\/blog.saocamilo-sp.br\\\/wp-content\\\/uploads\\\/2021\\\/12\\\/cropped-vazio-logo-topo.png\",\"width\":320,\"height\":240,\"caption\":\"Blog S\u00e3o Camilo\"},\"image\":{\"@id\":\"https:\\\/\\\/blog.saocamilo-sp.br\\\/#\\\/schema\\\/logo\\\/image\\\/\"},\"sameAs\":[\"https:\\\/\\\/www.facebook.com\\\/saocamilosp\",\"https:\\\/\\\/x.com\\\/saocamilosp\",\"https:\\\/\\\/www.linkedin.com\\\/school\\\/centro-universit-rio-s-o-camilo\\\/\"]},{\"@type\":\"Person\",\"@id\":\"https:\\\/\\\/blog.saocamilo-sp.br\\\/#\\\/schema\\\/person\\\/1a99645faaab0bb55105f817e866e19b\",\"name\":\"Leandro Lafr\u00e1gola\",\"image\":{\"@type\":\"ImageObject\",\"inLanguage\":\"pt-BR\",\"@id\":\"https:\\\/\\\/secure.gravatar.com\\\/avatar\\\/ec4232fb8d50d80f1c672353dc4c2876490e6a0a2a33d6572c0ba1fb78f115cf?s=96&d=mm&r=g\",\"url\":\"https:\\\/\\\/secure.gravatar.com\\\/avatar\\\/ec4232fb8d50d80f1c672353dc4c2876490e6a0a2a33d6572c0ba1fb78f115cf?s=96&d=mm&r=g\",\"contentUrl\":\"https:\\\/\\\/secure.gravatar.com\\\/avatar\\\/ec4232fb8d50d80f1c672353dc4c2876490e6a0a2a33d6572c0ba1fb78f115cf?s=96&d=mm&r=g\",\"caption\":\"Leandro Lafr\u00e1gola\"},\"url\":\"https:\\\/\\\/blog.saocamilo-sp.br\\\/index.php\\\/author\\\/llafragola\\\/\"}]}<\/script>\n<!-- \/ Yoast SEO plugin. -->","yoast_head_json":{"title":"Jornada Laudato Si' 2025: \u00c1gua: Fonte de Vida por uma Ecologia Integral","description":"O evento celebra os dez anos da Enc\u00edclica Laudato Si', do Papa Francisco e ocorrer\u00e1 entre os dias 19 a 25\/05.","robots":{"index":"index","follow":"follow","max-snippet":"max-snippet:-1","max-image-preview":"max-image-preview:large","max-video-preview":"max-video-preview:-1"},"canonical":"https:\/\/blog.saocamilo-sp.br\/index.php\/2025\/05\/15\/jornada-laudato-si\/","og_locale":"pt_BR","og_type":"article","og_title":"Jornada Laudato Si' 2025: \u00c1gua: Fonte de Vida por uma Ecologia Integral","og_description":"O evento celebra os dez anos da Enc\u00edclica Laudato Si', do Papa Francisco e ocorrer\u00e1 entre os dias 19 a 25\/05.","og_url":"https:\/\/blog.saocamilo-sp.br\/index.php\/2025\/05\/15\/jornada-laudato-si\/","og_site_name":"Blog S\u00e3o Camilo","article_publisher":"https:\/\/www.facebook.com\/saocamilosp","article_published_time":"2025-05-15T15:01:45+00:00","article_modified_time":"2025-05-15T15:18:32+00:00","og_image":[{"width":945,"height":630,"url":"https:\/\/blog.saocamilo-sp.br\/wp-content\/uploads\/2025\/05\/Jornada-Laudato-Si.png","type":"image\/png"}],"author":"Leandro Lafr\u00e1gola","twitter_card":"summary_large_image","twitter_creator":"@saocamilosp","twitter_site":"@saocamilosp","twitter_misc":{"Escrito por":"Leandro Lafr\u00e1gola","Est. tempo de leitura":"5 minutos"},"schema":{"@context":"https:\/\/schema.org","@graph":[{"@type":"Article","@id":"https:\/\/blog.saocamilo-sp.br\/index.php\/2025\/05\/15\/jornada-laudato-si\/#article","isPartOf":{"@id":"https:\/\/blog.saocamilo-sp.br\/index.php\/2025\/05\/15\/jornada-laudato-si\/"},"author":{"name":"Leandro Lafr\u00e1gola","@id":"https:\/\/blog.saocamilo-sp.br\/#\/schema\/person\/1a99645faaab0bb55105f817e866e19b"},"headline":"Jornada Laudato Si&#8217; 2025: \u00c1gua: Fonte de Vida por uma Ecologia Integral","datePublished":"2025-05-15T15:01:45+00:00","dateModified":"2025-05-15T15:18:32+00:00","mainEntityOfPage":{"@id":"https:\/\/blog.saocamilo-sp.br\/index.php\/2025\/05\/15\/jornada-laudato-si\/"},"wordCount":959,"commentCount":0,"publisher":{"@id":"https:\/\/blog.saocamilo-sp.br\/#organization"},"image":{"@id":"https:\/\/blog.saocamilo-sp.br\/index.php\/2025\/05\/15\/jornada-laudato-si\/#primaryimage"},"thumbnailUrl":"https:\/\/blog.saocamilo-sp.br\/wp-content\/uploads\/2025\/05\/Jornada-Laudato-Si.png","keywords":["laudato si"],"articleSection":["Institucional"],"inLanguage":"pt-BR","potentialAction":[{"@type":"CommentAction","name":"Comment","target":["https:\/\/blog.saocamilo-sp.br\/index.php\/2025\/05\/15\/jornada-laudato-si\/#respond"]}]},{"@type":"WebPage","@id":"https:\/\/blog.saocamilo-sp.br\/index.php\/2025\/05\/15\/jornada-laudato-si\/","url":"https:\/\/blog.saocamilo-sp.br\/index.php\/2025\/05\/15\/jornada-laudato-si\/","name":"Jornada Laudato Si' 2025: \u00c1gua: Fonte de Vida por uma Ecologia Integral","isPartOf":{"@id":"https:\/\/blog.saocamilo-sp.br\/#website"},"primaryImageOfPage":{"@id":"https:\/\/blog.saocamilo-sp.br\/index.php\/2025\/05\/15\/jornada-laudato-si\/#primaryimage"},"image":{"@id":"https:\/\/blog.saocamilo-sp.br\/index.php\/2025\/05\/15\/jornada-laudato-si\/#primaryimage"},"thumbnailUrl":"https:\/\/blog.saocamilo-sp.br\/wp-content\/uploads\/2025\/05\/Jornada-Laudato-Si.png","datePublished":"2025-05-15T15:01:45+00:00","dateModified":"2025-05-15T15:18:32+00:00","description":"O evento celebra os dez anos da Enc\u00edclica Laudato Si', do Papa Francisco e ocorrer\u00e1 entre os dias 19 a 25\/05.","breadcrumb":{"@id":"https:\/\/blog.saocamilo-sp.br\/index.php\/2025\/05\/15\/jornada-laudato-si\/#breadcrumb"},"inLanguage":"pt-BR","potentialAction":[{"@type":"ReadAction","target":["https:\/\/blog.saocamilo-sp.br\/index.php\/2025\/05\/15\/jornada-laudato-si\/"]}]},{"@type":"ImageObject","inLanguage":"pt-BR","@id":"https:\/\/blog.saocamilo-sp.br\/index.php\/2025\/05\/15\/jornada-laudato-si\/#primaryimage","url":"https:\/\/blog.saocamilo-sp.br\/wp-content\/uploads\/2025\/05\/Jornada-Laudato-Si.png","contentUrl":"https:\/\/blog.saocamilo-sp.br\/wp-content\/uploads\/2025\/05\/Jornada-Laudato-Si.png","width":945,"height":630,"caption":"Jornada Laudato Si"},{"@type":"BreadcrumbList","@id":"https:\/\/blog.saocamilo-sp.br\/index.php\/2025\/05\/15\/jornada-laudato-si\/#breadcrumb","itemListElement":[{"@type":"ListItem","position":1,"name":"In\u00edcio","item":"https:\/\/blog.saocamilo-sp.br\/"},{"@type":"ListItem","position":2,"name":"Jornada Laudato Si&#8217; 2025: \u00c1gua: Fonte de Vida por uma Ecologia Integral"}]},{"@type":"WebSite","@id":"https:\/\/blog.saocamilo-sp.br\/#website","url":"https:\/\/blog.saocamilo-sp.br\/","name":"Blog S\u00e3o Camilo","description":"Blog do Centro Universit\u00e1rio S\u00e3o Camilo","publisher":{"@id":"https:\/\/blog.saocamilo-sp.br\/#organization"},"potentialAction":[{"@type":"SearchAction","target":{"@type":"EntryPoint","urlTemplate":"https:\/\/blog.saocamilo-sp.br\/?s={search_term_string}"},"query-input":{"@type":"PropertyValueSpecification","valueRequired":true,"valueName":"search_term_string"}}],"inLanguage":"pt-BR"},{"@type":"Organization","@id":"https:\/\/blog.saocamilo-sp.br\/#organization","name":"Blog S\u00e3o Camilo","url":"https:\/\/blog.saocamilo-sp.br\/","logo":{"@type":"ImageObject","inLanguage":"pt-BR","@id":"https:\/\/blog.saocamilo-sp.br\/#\/schema\/logo\/image\/","url":"https:\/\/blog.saocamilo-sp.br\/wp-content\/uploads\/2021\/12\/cropped-vazio-logo-topo.png","contentUrl":"https:\/\/blog.saocamilo-sp.br\/wp-content\/uploads\/2021\/12\/cropped-vazio-logo-topo.png","width":320,"height":240,"caption":"Blog S\u00e3o Camilo"},"image":{"@id":"https:\/\/blog.saocamilo-sp.br\/#\/schema\/logo\/image\/"},"sameAs":["https:\/\/www.facebook.com\/saocamilosp","https:\/\/x.com\/saocamilosp","https:\/\/www.linkedin.com\/school\/centro-universit-rio-s-o-camilo\/"]},{"@type":"Person","@id":"https:\/\/blog.saocamilo-sp.br\/#\/schema\/person\/1a99645faaab0bb55105f817e866e19b","name":"Leandro Lafr\u00e1gola","image":{"@type":"ImageObject","inLanguage":"pt-BR","@id":"https:\/\/secure.gravatar.com\/avatar\/ec4232fb8d50d80f1c672353dc4c2876490e6a0a2a33d6572c0ba1fb78f115cf?s=96&d=mm&r=g","url":"https:\/\/secure.gravatar.com\/avatar\/ec4232fb8d50d80f1c672353dc4c2876490e6a0a2a33d6572c0ba1fb78f115cf?s=96&d=mm&r=g","contentUrl":"https:\/\/secure.gravatar.com\/avatar\/ec4232fb8d50d80f1c672353dc4c2876490e6a0a2a33d6572c0ba1fb78f115cf?s=96&d=mm&r=g","caption":"Leandro Lafr\u00e1gola"},"url":"https:\/\/blog.saocamilo-sp.br\/index.php\/author\/llafragola\/"}]}},"_links":{"self":[{"href":"https:\/\/blog.saocamilo-sp.br\/index.php\/wp-json\/wp\/v2\/posts\/3762","targetHints":{"allow":["GET"]}}],"collection":[{"href":"https:\/\/blog.saocamilo-sp.br\/index.php\/wp-json\/wp\/v2\/posts"}],"about":[{"href":"https:\/\/blog.saocamilo-sp.br\/index.php\/wp-json\/wp\/v2\/types\/post"}],"author":[{"embeddable":true,"href":"https:\/\/blog.saocamilo-sp.br\/index.php\/wp-json\/wp\/v2\/users\/13"}],"replies":[{"embeddable":true,"href":"https:\/\/blog.saocamilo-sp.br\/index.php\/wp-json\/wp\/v2\/comments?post=3762"}],"version-history":[{"count":7,"href":"https:\/\/blog.saocamilo-sp.br\/index.php\/wp-json\/wp\/v2\/posts\/3762\/revisions"}],"predecessor-version":[{"id":3794,"href":"https:\/\/blog.saocamilo-sp.br\/index.php\/wp-json\/wp\/v2\/posts\/3762\/revisions\/3794"}],"wp:featuredmedia":[{"embeddable":true,"href":"https:\/\/blog.saocamilo-sp.br\/index.php\/wp-json\/wp\/v2\/media\/3763"}],"wp:attachment":[{"href":"https:\/\/blog.saocamilo-sp.br\/index.php\/wp-json\/wp\/v2\/media?parent=3762"}],"wp:term":[{"taxonomy":"category","embeddable":true,"href":"https:\/\/blog.saocamilo-sp.br\/index.php\/wp-json\/wp\/v2\/categories?post=3762"},{"taxonomy":"post_tag","embeddable":true,"href":"https:\/\/blog.saocamilo-sp.br\/index.php\/wp-json\/wp\/v2\/tags?post=3762"}],"curies":[{"name":"wp","href":"https:\/\/api.w.org\/{rel}","templated":true}]}}