{"id":3776,"date":"2025-05-19T15:07:35","date_gmt":"2025-05-19T18:07:35","guid":{"rendered":"https:\/\/blog.saocamilo-sp.br\/?p=3776"},"modified":"2025-05-19T18:05:14","modified_gmt":"2025-05-19T21:05:14","slug":"psyllium","status":"publish","type":"post","link":"https:\/\/blog.saocamilo-sp.br\/index.php\/2025\/05\/19\/psyllium\/","title":{"rendered":"Psyllium: docente de Nutri\u00e7\u00e3o fala do &#8216;Ozempic natural&#8217; para o Viva Bem"},"content":{"rendered":"\n<p>Embora seja utilizado h\u00e1 s\u00e9culos por sua a\u00e7\u00e3o em prol do intestino, o psyllium tem aparecido em uma avalanche de posts nas redes sociais pelos apregoados efeitos &#8220;emagrecedores&#8221;. Tal atua\u00e7\u00e3o, inclusive, tem sido equiparada com a de medicamentos modernos que promovem a perda de peso- aqueles que cont\u00eam mol\u00e9culas como a semaglutida e s\u00e3o aplicados por meio de uma caneta.<\/p>\n\n\n\n<p>Seu nome vem do grego, psulla, que significa &#8220;pulga&#8221;. Tal designa\u00e7\u00e3o tem tudo a ver com o formato e o tamanho da semente da Plantago ovata Forssk, uma planta ativa na \u00c1sia, mas que aparece tamb\u00e9m na regi\u00e3o mediterr\u00e2nea.<\/p>\n\n\n\n<p>O gr\u00e3ozinho oferece pequenas quantidades de prote\u00ednas, sais minerais, entre outros nutrientes, mas seu maior tesouro est\u00e1 na casca. &#8220;Ela cont\u00e9m fibras sol\u00faveis&#8221;, diz a nutricionista Deborah Masquio, professora do <a href=\"https:\/\/saocamilo-sp.br\/\">Centro Universit\u00e1rio S\u00e3o Camilo<\/a>, em S\u00e3o Paulo.<\/p>\n\n\n\n<p>Devido a essa caracter\u00edstica, o alimento j\u00e1 era empregado na Antiguidade, por chineses e indianos, para combater males intestinais. No s\u00e9culo 16, segundo relatos hist\u00f3ricos, foi disseminado na Europa pelas mesmas atribui\u00e7\u00f5es.<\/p>\n\n\n\n<p>A partir da d\u00e9cada de 1970, estudos envolvendo o psyllium come\u00e7aram a aparecer na literatura cient\u00edfica. &#8220;Al\u00e9m da atua\u00e7\u00e3o no intestino, h\u00e1 evid\u00eancias de impactos positivos no equil\u00edbrio dos n\u00edveis de colesterol, no controle da glicemia e na saciedade&#8221;, enumera Masquio.<\/p>\n\n\n\n<p>Mas, ainda que existam evid\u00eancias de que o psyllium possa ajudar a prolongar a saciedade, h\u00e1 uma grande discrep\u00e2ncia entre seus efeitos e os resultados obtidos via medica\u00e7\u00e3o. &#8220;As pessoas querem um milagre&#8221;, comenta o nutr\u00f3logo Celso Cukier, do Hospital Israelita Albert Einstein. E de prefer\u00eancia, que seja algo o mais pr\u00f3ximo do natural.<\/p>\n\n\n\n<p>Assim, muita gente acaba consumindo a fibra por conta pr\u00f3pria. S\u00f3 que o excesso tende a desencadear desconfortos abdominais, gases e at\u00e9 mesmo a pris\u00e3o de ventre. Bem indicado, por\u00e9m, o psyllium pode ser um aliado. &#8220;\u00c9 utilizado na pr\u00e1tica cl\u00ednica, como suplemento nutricional, para melhorar a constipa\u00e7\u00e3o intestinal&#8221;, diz Cukier.<\/p>\n\n\n\n<h2 class=\"wp-block-heading\">O poder das fibras<\/h2>\n\n\n\n<p><br>Por tr\u00e1s desses efeitos est\u00e3o as aclamadas fibras sol\u00faveis. Como o nome denuncia, essas fibras se dissolvem em \u00e1gua, formando uma esp\u00e9cie de gel no trato digestivo. &#8220;Elas t\u00eam a capacidade de aumentar o bolo fecal&#8221;, explica o nutr\u00f3logo.<\/p>\n\n\n\n<p>Melhoram o tr\u00e2nsito intestinal e estimulam a contratilidade, o que movimenta a musculatura da regi\u00e3o. Da\u00ed os efeitos contra a constipa\u00e7\u00e3o. Sem uma boa hidrata\u00e7\u00e3o, no entanto, nada funciona a contento. &#8220;Beber \u00e1gua ao longo do dia \u00e9 uma estrat\u00e9gia essencial&#8221;, recomenda Cukier.<\/p>\n\n\n\n<p>Ainda sobre a sa\u00fade do intestino, as fibras s\u00e3o fermentadas pelas bact\u00e9rias ben\u00e9ficas da microbiota, em um mecanismo que aumenta a produ\u00e7\u00e3o de \u00e1cidos graxos de cadeia curta (AGCC), caso do butirato e propionato. Os AGCC s\u00e3o excelentes fontes de energia para os colon\u00f3citos, que s\u00e3o as c\u00e9lulas do intestino grosso, colaborando para a integridade da mucosa na regi\u00e3o.<\/p>\n\n\n\n<p>Tamb\u00e9m h\u00e1 ind\u00edcios de que fibras como as do psyllium contribuam para o equil\u00edbrio dos micro-organismos que habitam o c\u00f3lon. Essa harmonia, como se sabe, favorece n\u00e3o somente o intestino, mas o sistema imune e at\u00e9 o humor.<\/p>\n\n\n\n<p>Atualmente, boa parte da popularidade do psyllium se d\u00e1 pela poss\u00edvel atua\u00e7\u00e3o no controle do apetite. &#8220;A forma\u00e7\u00e3o dos g\u00e9is, proveniente do contato das fibras com a \u00e1gua, interfere no esvaziamento g\u00e1strico&#8221;, explica Masquio. Assim, sinais s\u00e3o enviados ao c\u00e9rebro, em um processo que ajuda a prolongar a saciedade.<\/p>\n\n\n\n<p>O gel tamb\u00e9m tem rela\u00e7\u00e3o com a prote\u00e7\u00e3o cardiovascular. Isso porque ele pode se ligar aos \u00e1cidos biliares \u2014 compostos envolvidos na digest\u00e3o das gorduras \u2014, arrastando-os pelas fezes. Com essa elimina\u00e7\u00e3o, h\u00e1 uma necessidade do organismo de repor os tais \u00e1cidos, resultando na retirada do colesterol da circula\u00e7\u00e3o e reduzindo, portanto, seus n\u00edveis no sangue.<\/p>\n\n\n\n<p>Esses efeitos, entretanto, n\u00e3o s\u00e3o exclusivos das fibras do psyllium: alimentos como a aveia e a ma\u00e7\u00e3 tamb\u00e9m contam com as sol\u00faveis e apresentam as mesmas fun\u00e7\u00f5es.<\/p>\n\n\n\n<p>E n\u00e3o custa lembrar o de sempre: para garantir que n\u00e3o faltem fibras no dia a dia, o ideal \u00e9 apostar em um card\u00e1pio variado e recheado de vegetais, priorizando frutas, hortali\u00e7as, gr\u00e3os integrais, leguminosas (feij\u00f5es, lentilhas, ervilhas\u2026) e oleaginosas, ou seja, castanhas, am\u00eandoas, nozes e afins.<\/p>\n\n\n\n<p>Para recorrer ao psyllium, seja em cascas (husk) ou mesmo na vers\u00e3o em p\u00f3, o ideal \u00e9 buscar orienta\u00e7\u00e3o m\u00e9dica e de nutricionista, que devem recomendar sobre as dosagens, de acordo com o perfil.<\/p>\n\n\n\n<h2 class=\"wp-block-heading\">Outras fontes de fibras sol\u00faveis<\/h2>\n\n\n\n<h3 class=\"wp-block-heading\">Betaglucana<\/h3>\n\n\n\n<p>A aveia \u00e9 sempre o primeiro alimento a ser lembrado quando se fala em betaglucana, mas essa fibra sol\u00favel tamb\u00e9m aparece no centeio e no cogumelo shitake. H\u00e1 muitas evid\u00eancias de seu papel cardioprotetor por ajudar a equilibrar os n\u00edveis de colesterol.<\/p>\n\n\n\n<h3 class=\"wp-block-heading\">Imulina<\/h3>\n\n\n\n<p>Uma de suas fontes mais conhecidas \u00e9 a raiz da chic\u00f3ria. Entre seus feitos em prol do intestino, destaca-se o de zelar pela microbiota, estimulando o crescimento das bifidobact\u00e9rias, que s\u00e3o micro-organismos ben\u00e9ficos.<\/p>\n\n\n\n<h2 class=\"wp-block-heading\">Mucilagem<\/h2>\n\n\n\n<p>O psyllium, a chia e a linha\u00e7a s\u00e3o exemplos de alimentos que apresentam esse tipo de fibra sol\u00favel envolvida com o aumento da saciedade.<\/p>\n\n\n\n<h2 class=\"wp-block-heading\">Pectina<\/h2>\n\n\n\n<p>Abundante em frutas, sobretudo na polpa da ma\u00e7\u00e3, essa fibra tamb\u00e9m tem sido empregada como espessante em receitas de geleia, por exemplo. Mas os feij\u00f5es tamb\u00e9m oferecem. No organismo humano, a pectina \u00e9 fermentada no c\u00f3lon e contribui para o volume das fezes.Abundante em frutas, sobretudo na polpa da ma\u00e7\u00e3, essa fibra tamb\u00e9m tem sido empregada como espessante em receitas de geleia, por exemplo. Mas os feij\u00f5es tamb\u00e9m oferecem. No organismo humano, a pectina \u00e9 fermentada no c\u00f3lon e contribui para o volume das fezes.<\/p>\n\n\n\n<p><em>Escrito por: Ag\u00eancia Einstein.<\/em><\/p>\n\n\n\n<p>Veja mais em https:<a href=\"\/\/www.uol.com.br\/vivabem\/noticias\/redacao\/2025\/05\/17\/ozempic-natural-psyllium-ajuda-na-saciedade-mas-nao-faz-milagre.htm?cmpid=copiaecola\">\/\/www.uol.com.br\/vivabem\/noticias\/redacao\/2025\/05\/17\/ozempic-natural-psyllium-ajuda-na-saciedade-mas-nao-faz-milagre.htm?cmpid=copiaecola<\/a><\/p>\n\n\n\n<p>Leia mais:<\/p>\n\n\n\n<p><a href=\"https:\/\/blog.saocamilo-sp.br\/index.php\/2025\/05\/16\/celiaca\/\">Doen\u00e7a Cel\u00edaca: o que \u00e9, como conviver e receitas para o dia a dia<\/a><br><a href=\"https:\/\/blog.saocamilo-sp.br\/index.php\/2024\/03\/28\/saude\/\">Dia Nacional da Sa\u00fade e Nutri\u00e7\u00e3o: 10 dicas para uma alimenta\u00e7\u00e3o saud\u00e1vel<\/a><\/p>\n\n\n\n<p><a href=\"https:\/\/blog.saocamilo-sp.br\/index.php\/2024\/10\/24\/obesidade-infantil-docente-de-nutricao-conquista-premio-por-projeto-inovador\/\">Obesidade infantil: docente de Nutri\u00e7\u00e3o conquista pr\u00eamio por projeto inovador<\/a><\/p>\n\n\n\n<p><\/p>\n\n\n\n<p><\/p>\n","protected":false},"excerpt":{"rendered":"<p>Profa. Dra. Deborah Masquio destaca que o gr\u00e3o de psyllium cont\u00e9m alguns nutrientes, mas seu maior valor est\u00e1 na casca.<\/p>\n","protected":false},"author":4,"featured_media":3784,"comment_status":"open","ping_status":"open","sticky":false,"template":"","format":"standard","meta":{"cybocfi_hide_featured_image":"","footnotes":""},"categories":[1,141,198,24],"tags":[7,201,202,17],"class_list":["post-3776","post","type-post","status-publish","format-standard","has-post-thumbnail","hentry","category-cursos","category-enem","category-graduacao","category-nutricao","tag-nutricao","tag-ozempic","tag-psyllium","tag-saude"],"yoast_head":"<!-- This site is optimized with the Yoast SEO plugin v27.5 - https:\/\/yoast.com\/product\/yoast-seo-wordpress\/ -->\n<title>Psyllium: docente de Nutri\u00e7\u00e3o fala do &#039;Ozempic natural&#039; para o Viva Bem<\/title>\n<meta name=\"description\" content=\"Profa. Dra. Deborah Masquio destaca que o gr\u00e3o de psyllium cont\u00e9m alguns nutrientes, mas seu maior valor est\u00e1 na casca.\" \/>\n<meta name=\"robots\" content=\"index, follow, max-snippet:-1, max-image-preview:large, max-video-preview:-1\" \/>\n<link rel=\"canonical\" href=\"https:\/\/blog.saocamilo-sp.br\/index.php\/2025\/05\/19\/psyllium\/\" \/>\n<meta property=\"og:locale\" content=\"pt_BR\" \/>\n<meta property=\"og:type\" content=\"article\" \/>\n<meta property=\"og:title\" content=\"Psyllium: docente de Nutri\u00e7\u00e3o fala do &#039;Ozempic natural&#039; para o Viva Bem\" \/>\n<meta property=\"og:description\" content=\"Profa. Dra. Deborah Masquio destaca que o gr\u00e3o de psyllium cont\u00e9m alguns nutrientes, mas seu maior valor est\u00e1 na casca.\" \/>\n<meta property=\"og:url\" content=\"https:\/\/blog.saocamilo-sp.br\/index.php\/2025\/05\/19\/psyllium\/\" \/>\n<meta property=\"og:site_name\" content=\"Blog S\u00e3o Camilo\" \/>\n<meta property=\"article:publisher\" content=\"https:\/\/www.facebook.com\/saocamilosp\" \/>\n<meta property=\"article:published_time\" content=\"2025-05-19T18:07:35+00:00\" \/>\n<meta property=\"article:modified_time\" content=\"2025-05-19T21:05:14+00:00\" \/>\n<meta property=\"og:image\" content=\"https:\/\/blog.saocamilo-sp.br\/wp-content\/uploads\/2025\/05\/Psyllium.png\" \/>\n\t<meta property=\"og:image:width\" content=\"600\" \/>\n\t<meta property=\"og:image:height\" content=\"406\" \/>\n\t<meta property=\"og:image:type\" content=\"image\/png\" \/>\n<meta name=\"author\" content=\"Lucas Soares Gon\u00e7alves\" \/>\n<meta name=\"twitter:card\" content=\"summary_large_image\" \/>\n<meta name=\"twitter:creator\" content=\"@saocamilosp\" \/>\n<meta name=\"twitter:site\" content=\"@saocamilosp\" \/>\n<meta name=\"twitter:label1\" content=\"Escrito por\" \/>\n\t<meta name=\"twitter:data1\" content=\"Lucas Soares Gon\u00e7alves\" \/>\n\t<meta name=\"twitter:label2\" content=\"Est. tempo de leitura\" \/>\n\t<meta name=\"twitter:data2\" content=\"6 minutos\" \/>\n<script type=\"application\/ld+json\" class=\"yoast-schema-graph\">{\"@context\":\"https:\\\/\\\/schema.org\",\"@graph\":[{\"@type\":\"Article\",\"@id\":\"https:\\\/\\\/blog.saocamilo-sp.br\\\/index.php\\\/2025\\\/05\\\/19\\\/psyllium\\\/#article\",\"isPartOf\":{\"@id\":\"https:\\\/\\\/blog.saocamilo-sp.br\\\/index.php\\\/2025\\\/05\\\/19\\\/psyllium\\\/\"},\"author\":{\"name\":\"Lucas Soares Gon\u00e7alves\",\"@id\":\"https:\\\/\\\/blog.saocamilo-sp.br\\\/#\\\/schema\\\/person\\\/781135418152912d4b58f2db13a2eaf0\"},\"headline\":\"Psyllium: docente de Nutri\u00e7\u00e3o fala do &#8216;Ozempic natural&#8217; para o Viva Bem\",\"datePublished\":\"2025-05-19T18:07:35+00:00\",\"dateModified\":\"2025-05-19T21:05:14+00:00\",\"mainEntityOfPage\":{\"@id\":\"https:\\\/\\\/blog.saocamilo-sp.br\\\/index.php\\\/2025\\\/05\\\/19\\\/psyllium\\\/\"},\"wordCount\":1085,\"commentCount\":0,\"publisher\":{\"@id\":\"https:\\\/\\\/blog.saocamilo-sp.br\\\/#organization\"},\"image\":{\"@id\":\"https:\\\/\\\/blog.saocamilo-sp.br\\\/index.php\\\/2025\\\/05\\\/19\\\/psyllium\\\/#primaryimage\"},\"thumbnailUrl\":\"https:\\\/\\\/blog.saocamilo-sp.br\\\/wp-content\\\/uploads\\\/2025\\\/05\\\/Psyllium.png\",\"keywords\":[\"Nutri\u00e7\u00e3o\",\"ozempic\",\"psyllium\",\"Sa\u00fade\"],\"articleSection\":[\"Cursos\",\"ENEM\",\"Gradua\u00e7\u00e3o\",\"Nutri\u00e7\u00e3o\"],\"inLanguage\":\"pt-BR\",\"potentialAction\":[{\"@type\":\"CommentAction\",\"name\":\"Comment\",\"target\":[\"https:\\\/\\\/blog.saocamilo-sp.br\\\/index.php\\\/2025\\\/05\\\/19\\\/psyllium\\\/#respond\"]}]},{\"@type\":\"WebPage\",\"@id\":\"https:\\\/\\\/blog.saocamilo-sp.br\\\/index.php\\\/2025\\\/05\\\/19\\\/psyllium\\\/\",\"url\":\"https:\\\/\\\/blog.saocamilo-sp.br\\\/index.php\\\/2025\\\/05\\\/19\\\/psyllium\\\/\",\"name\":\"Psyllium: docente de Nutri\u00e7\u00e3o fala do 'Ozempic natural' para o Viva Bem\",\"isPartOf\":{\"@id\":\"https:\\\/\\\/blog.saocamilo-sp.br\\\/#website\"},\"primaryImageOfPage\":{\"@id\":\"https:\\\/\\\/blog.saocamilo-sp.br\\\/index.php\\\/2025\\\/05\\\/19\\\/psyllium\\\/#primaryimage\"},\"image\":{\"@id\":\"https:\\\/\\\/blog.saocamilo-sp.br\\\/index.php\\\/2025\\\/05\\\/19\\\/psyllium\\\/#primaryimage\"},\"thumbnailUrl\":\"https:\\\/\\\/blog.saocamilo-sp.br\\\/wp-content\\\/uploads\\\/2025\\\/05\\\/Psyllium.png\",\"datePublished\":\"2025-05-19T18:07:35+00:00\",\"dateModified\":\"2025-05-19T21:05:14+00:00\",\"description\":\"Profa. Dra. Deborah Masquio destaca que o gr\u00e3o de psyllium cont\u00e9m alguns nutrientes, mas seu maior valor est\u00e1 na casca.\",\"breadcrumb\":{\"@id\":\"https:\\\/\\\/blog.saocamilo-sp.br\\\/index.php\\\/2025\\\/05\\\/19\\\/psyllium\\\/#breadcrumb\"},\"inLanguage\":\"pt-BR\",\"potentialAction\":[{\"@type\":\"ReadAction\",\"target\":[\"https:\\\/\\\/blog.saocamilo-sp.br\\\/index.php\\\/2025\\\/05\\\/19\\\/psyllium\\\/\"]}]},{\"@type\":\"ImageObject\",\"inLanguage\":\"pt-BR\",\"@id\":\"https:\\\/\\\/blog.saocamilo-sp.br\\\/index.php\\\/2025\\\/05\\\/19\\\/psyllium\\\/#primaryimage\",\"url\":\"https:\\\/\\\/blog.saocamilo-sp.br\\\/wp-content\\\/uploads\\\/2025\\\/05\\\/Psyllium.png\",\"contentUrl\":\"https:\\\/\\\/blog.saocamilo-sp.br\\\/wp-content\\\/uploads\\\/2025\\\/05\\\/Psyllium.png\",\"width\":600,\"height\":406,\"caption\":\"Embora seja utilizado h\u00e1 s\u00e9culos por sua a\u00e7\u00e3o em prol do intestino, o psyllium tem aparecido em uma avalanche de posts nas redes sociais pelos apregoados efeitos \\\"emagrecedores\\\".\"},{\"@type\":\"BreadcrumbList\",\"@id\":\"https:\\\/\\\/blog.saocamilo-sp.br\\\/index.php\\\/2025\\\/05\\\/19\\\/psyllium\\\/#breadcrumb\",\"itemListElement\":[{\"@type\":\"ListItem\",\"position\":1,\"name\":\"In\u00edcio\",\"item\":\"https:\\\/\\\/blog.saocamilo-sp.br\\\/\"},{\"@type\":\"ListItem\",\"position\":2,\"name\":\"Psyllium: docente de Nutri\u00e7\u00e3o fala do &#8216;Ozempic natural&#8217; para o Viva Bem\"}]},{\"@type\":\"WebSite\",\"@id\":\"https:\\\/\\\/blog.saocamilo-sp.br\\\/#website\",\"url\":\"https:\\\/\\\/blog.saocamilo-sp.br\\\/\",\"name\":\"Blog S\u00e3o Camilo\",\"description\":\"Blog do Centro Universit\u00e1rio S\u00e3o Camilo\",\"publisher\":{\"@id\":\"https:\\\/\\\/blog.saocamilo-sp.br\\\/#organization\"},\"potentialAction\":[{\"@type\":\"SearchAction\",\"target\":{\"@type\":\"EntryPoint\",\"urlTemplate\":\"https:\\\/\\\/blog.saocamilo-sp.br\\\/?s={search_term_string}\"},\"query-input\":{\"@type\":\"PropertyValueSpecification\",\"valueRequired\":true,\"valueName\":\"search_term_string\"}}],\"inLanguage\":\"pt-BR\"},{\"@type\":\"Organization\",\"@id\":\"https:\\\/\\\/blog.saocamilo-sp.br\\\/#organization\",\"name\":\"Blog S\u00e3o Camilo\",\"url\":\"https:\\\/\\\/blog.saocamilo-sp.br\\\/\",\"logo\":{\"@type\":\"ImageObject\",\"inLanguage\":\"pt-BR\",\"@id\":\"https:\\\/\\\/blog.saocamilo-sp.br\\\/#\\\/schema\\\/logo\\\/image\\\/\",\"url\":\"https:\\\/\\\/blog.saocamilo-sp.br\\\/wp-content\\\/uploads\\\/2021\\\/12\\\/cropped-vazio-logo-topo.png\",\"contentUrl\":\"https:\\\/\\\/blog.saocamilo-sp.br\\\/wp-content\\\/uploads\\\/2021\\\/12\\\/cropped-vazio-logo-topo.png\",\"width\":320,\"height\":240,\"caption\":\"Blog S\u00e3o Camilo\"},\"image\":{\"@id\":\"https:\\\/\\\/blog.saocamilo-sp.br\\\/#\\\/schema\\\/logo\\\/image\\\/\"},\"sameAs\":[\"https:\\\/\\\/www.facebook.com\\\/saocamilosp\",\"https:\\\/\\\/x.com\\\/saocamilosp\",\"https:\\\/\\\/www.linkedin.com\\\/school\\\/centro-universit-rio-s-o-camilo\\\/\"]},{\"@type\":\"Person\",\"@id\":\"https:\\\/\\\/blog.saocamilo-sp.br\\\/#\\\/schema\\\/person\\\/781135418152912d4b58f2db13a2eaf0\",\"name\":\"Lucas Soares Gon\u00e7alves\",\"image\":{\"@type\":\"ImageObject\",\"inLanguage\":\"pt-BR\",\"@id\":\"https:\\\/\\\/secure.gravatar.com\\\/avatar\\\/bcd2d703cbb48116eaac2cac8643792535238ff30b2d7ce9e16f9254ec9cae83?s=96&d=mm&r=g\",\"url\":\"https:\\\/\\\/secure.gravatar.com\\\/avatar\\\/bcd2d703cbb48116eaac2cac8643792535238ff30b2d7ce9e16f9254ec9cae83?s=96&d=mm&r=g\",\"contentUrl\":\"https:\\\/\\\/secure.gravatar.com\\\/avatar\\\/bcd2d703cbb48116eaac2cac8643792535238ff30b2d7ce9e16f9254ec9cae83?s=96&d=mm&r=g\",\"caption\":\"Lucas Soares Gon\u00e7alves\"},\"url\":\"https:\\\/\\\/blog.saocamilo-sp.br\\\/index.php\\\/author\\\/lucas-soares-goncalves\\\/\"}]}<\/script>\n<!-- \/ Yoast SEO plugin. -->","yoast_head_json":{"title":"Psyllium: docente de Nutri\u00e7\u00e3o fala do 'Ozempic natural' para o Viva Bem","description":"Profa. Dra. Deborah Masquio destaca que o gr\u00e3o de psyllium cont\u00e9m alguns nutrientes, mas seu maior valor est\u00e1 na casca.","robots":{"index":"index","follow":"follow","max-snippet":"max-snippet:-1","max-image-preview":"max-image-preview:large","max-video-preview":"max-video-preview:-1"},"canonical":"https:\/\/blog.saocamilo-sp.br\/index.php\/2025\/05\/19\/psyllium\/","og_locale":"pt_BR","og_type":"article","og_title":"Psyllium: docente de Nutri\u00e7\u00e3o fala do 'Ozempic natural' para o Viva Bem","og_description":"Profa. Dra. Deborah Masquio destaca que o gr\u00e3o de psyllium cont\u00e9m alguns nutrientes, mas seu maior valor est\u00e1 na casca.","og_url":"https:\/\/blog.saocamilo-sp.br\/index.php\/2025\/05\/19\/psyllium\/","og_site_name":"Blog S\u00e3o Camilo","article_publisher":"https:\/\/www.facebook.com\/saocamilosp","article_published_time":"2025-05-19T18:07:35+00:00","article_modified_time":"2025-05-19T21:05:14+00:00","og_image":[{"width":600,"height":406,"url":"https:\/\/blog.saocamilo-sp.br\/wp-content\/uploads\/2025\/05\/Psyllium.png","type":"image\/png"}],"author":"Lucas Soares Gon\u00e7alves","twitter_card":"summary_large_image","twitter_creator":"@saocamilosp","twitter_site":"@saocamilosp","twitter_misc":{"Escrito por":"Lucas Soares Gon\u00e7alves","Est. tempo de leitura":"6 minutos"},"schema":{"@context":"https:\/\/schema.org","@graph":[{"@type":"Article","@id":"https:\/\/blog.saocamilo-sp.br\/index.php\/2025\/05\/19\/psyllium\/#article","isPartOf":{"@id":"https:\/\/blog.saocamilo-sp.br\/index.php\/2025\/05\/19\/psyllium\/"},"author":{"name":"Lucas Soares Gon\u00e7alves","@id":"https:\/\/blog.saocamilo-sp.br\/#\/schema\/person\/781135418152912d4b58f2db13a2eaf0"},"headline":"Psyllium: docente de Nutri\u00e7\u00e3o fala do &#8216;Ozempic natural&#8217; para o Viva Bem","datePublished":"2025-05-19T18:07:35+00:00","dateModified":"2025-05-19T21:05:14+00:00","mainEntityOfPage":{"@id":"https:\/\/blog.saocamilo-sp.br\/index.php\/2025\/05\/19\/psyllium\/"},"wordCount":1085,"commentCount":0,"publisher":{"@id":"https:\/\/blog.saocamilo-sp.br\/#organization"},"image":{"@id":"https:\/\/blog.saocamilo-sp.br\/index.php\/2025\/05\/19\/psyllium\/#primaryimage"},"thumbnailUrl":"https:\/\/blog.saocamilo-sp.br\/wp-content\/uploads\/2025\/05\/Psyllium.png","keywords":["Nutri\u00e7\u00e3o","ozempic","psyllium","Sa\u00fade"],"articleSection":["Cursos","ENEM","Gradua\u00e7\u00e3o","Nutri\u00e7\u00e3o"],"inLanguage":"pt-BR","potentialAction":[{"@type":"CommentAction","name":"Comment","target":["https:\/\/blog.saocamilo-sp.br\/index.php\/2025\/05\/19\/psyllium\/#respond"]}]},{"@type":"WebPage","@id":"https:\/\/blog.saocamilo-sp.br\/index.php\/2025\/05\/19\/psyllium\/","url":"https:\/\/blog.saocamilo-sp.br\/index.php\/2025\/05\/19\/psyllium\/","name":"Psyllium: docente de Nutri\u00e7\u00e3o fala do 'Ozempic natural' para o Viva Bem","isPartOf":{"@id":"https:\/\/blog.saocamilo-sp.br\/#website"},"primaryImageOfPage":{"@id":"https:\/\/blog.saocamilo-sp.br\/index.php\/2025\/05\/19\/psyllium\/#primaryimage"},"image":{"@id":"https:\/\/blog.saocamilo-sp.br\/index.php\/2025\/05\/19\/psyllium\/#primaryimage"},"thumbnailUrl":"https:\/\/blog.saocamilo-sp.br\/wp-content\/uploads\/2025\/05\/Psyllium.png","datePublished":"2025-05-19T18:07:35+00:00","dateModified":"2025-05-19T21:05:14+00:00","description":"Profa. Dra. Deborah Masquio destaca que o gr\u00e3o de psyllium cont\u00e9m alguns nutrientes, mas seu maior valor est\u00e1 na casca.","breadcrumb":{"@id":"https:\/\/blog.saocamilo-sp.br\/index.php\/2025\/05\/19\/psyllium\/#breadcrumb"},"inLanguage":"pt-BR","potentialAction":[{"@type":"ReadAction","target":["https:\/\/blog.saocamilo-sp.br\/index.php\/2025\/05\/19\/psyllium\/"]}]},{"@type":"ImageObject","inLanguage":"pt-BR","@id":"https:\/\/blog.saocamilo-sp.br\/index.php\/2025\/05\/19\/psyllium\/#primaryimage","url":"https:\/\/blog.saocamilo-sp.br\/wp-content\/uploads\/2025\/05\/Psyllium.png","contentUrl":"https:\/\/blog.saocamilo-sp.br\/wp-content\/uploads\/2025\/05\/Psyllium.png","width":600,"height":406,"caption":"Embora seja utilizado h\u00e1 s\u00e9culos por sua a\u00e7\u00e3o em prol do intestino, o psyllium tem aparecido em uma avalanche de posts nas redes sociais pelos apregoados efeitos \"emagrecedores\"."},{"@type":"BreadcrumbList","@id":"https:\/\/blog.saocamilo-sp.br\/index.php\/2025\/05\/19\/psyllium\/#breadcrumb","itemListElement":[{"@type":"ListItem","position":1,"name":"In\u00edcio","item":"https:\/\/blog.saocamilo-sp.br\/"},{"@type":"ListItem","position":2,"name":"Psyllium: docente de Nutri\u00e7\u00e3o fala do &#8216;Ozempic natural&#8217; para o Viva Bem"}]},{"@type":"WebSite","@id":"https:\/\/blog.saocamilo-sp.br\/#website","url":"https:\/\/blog.saocamilo-sp.br\/","name":"Blog S\u00e3o Camilo","description":"Blog do Centro Universit\u00e1rio S\u00e3o Camilo","publisher":{"@id":"https:\/\/blog.saocamilo-sp.br\/#organization"},"potentialAction":[{"@type":"SearchAction","target":{"@type":"EntryPoint","urlTemplate":"https:\/\/blog.saocamilo-sp.br\/?s={search_term_string}"},"query-input":{"@type":"PropertyValueSpecification","valueRequired":true,"valueName":"search_term_string"}}],"inLanguage":"pt-BR"},{"@type":"Organization","@id":"https:\/\/blog.saocamilo-sp.br\/#organization","name":"Blog S\u00e3o Camilo","url":"https:\/\/blog.saocamilo-sp.br\/","logo":{"@type":"ImageObject","inLanguage":"pt-BR","@id":"https:\/\/blog.saocamilo-sp.br\/#\/schema\/logo\/image\/","url":"https:\/\/blog.saocamilo-sp.br\/wp-content\/uploads\/2021\/12\/cropped-vazio-logo-topo.png","contentUrl":"https:\/\/blog.saocamilo-sp.br\/wp-content\/uploads\/2021\/12\/cropped-vazio-logo-topo.png","width":320,"height":240,"caption":"Blog S\u00e3o Camilo"},"image":{"@id":"https:\/\/blog.saocamilo-sp.br\/#\/schema\/logo\/image\/"},"sameAs":["https:\/\/www.facebook.com\/saocamilosp","https:\/\/x.com\/saocamilosp","https:\/\/www.linkedin.com\/school\/centro-universit-rio-s-o-camilo\/"]},{"@type":"Person","@id":"https:\/\/blog.saocamilo-sp.br\/#\/schema\/person\/781135418152912d4b58f2db13a2eaf0","name":"Lucas Soares Gon\u00e7alves","image":{"@type":"ImageObject","inLanguage":"pt-BR","@id":"https:\/\/secure.gravatar.com\/avatar\/bcd2d703cbb48116eaac2cac8643792535238ff30b2d7ce9e16f9254ec9cae83?s=96&d=mm&r=g","url":"https:\/\/secure.gravatar.com\/avatar\/bcd2d703cbb48116eaac2cac8643792535238ff30b2d7ce9e16f9254ec9cae83?s=96&d=mm&r=g","contentUrl":"https:\/\/secure.gravatar.com\/avatar\/bcd2d703cbb48116eaac2cac8643792535238ff30b2d7ce9e16f9254ec9cae83?s=96&d=mm&r=g","caption":"Lucas Soares Gon\u00e7alves"},"url":"https:\/\/blog.saocamilo-sp.br\/index.php\/author\/lucas-soares-goncalves\/"}]}},"_links":{"self":[{"href":"https:\/\/blog.saocamilo-sp.br\/index.php\/wp-json\/wp\/v2\/posts\/3776","targetHints":{"allow":["GET"]}}],"collection":[{"href":"https:\/\/blog.saocamilo-sp.br\/index.php\/wp-json\/wp\/v2\/posts"}],"about":[{"href":"https:\/\/blog.saocamilo-sp.br\/index.php\/wp-json\/wp\/v2\/types\/post"}],"author":[{"embeddable":true,"href":"https:\/\/blog.saocamilo-sp.br\/index.php\/wp-json\/wp\/v2\/users\/4"}],"replies":[{"embeddable":true,"href":"https:\/\/blog.saocamilo-sp.br\/index.php\/wp-json\/wp\/v2\/comments?post=3776"}],"version-history":[{"count":5,"href":"https:\/\/blog.saocamilo-sp.br\/index.php\/wp-json\/wp\/v2\/posts\/3776\/revisions"}],"predecessor-version":[{"id":3831,"href":"https:\/\/blog.saocamilo-sp.br\/index.php\/wp-json\/wp\/v2\/posts\/3776\/revisions\/3831"}],"wp:featuredmedia":[{"embeddable":true,"href":"https:\/\/blog.saocamilo-sp.br\/index.php\/wp-json\/wp\/v2\/media\/3784"}],"wp:attachment":[{"href":"https:\/\/blog.saocamilo-sp.br\/index.php\/wp-json\/wp\/v2\/media?parent=3776"}],"wp:term":[{"taxonomy":"category","embeddable":true,"href":"https:\/\/blog.saocamilo-sp.br\/index.php\/wp-json\/wp\/v2\/categories?post=3776"},{"taxonomy":"post_tag","embeddable":true,"href":"https:\/\/blog.saocamilo-sp.br\/index.php\/wp-json\/wp\/v2\/tags?post=3776"}],"curies":[{"name":"wp","href":"https:\/\/api.w.org\/{rel}","templated":true}]}}