{"id":379,"date":"2023-01-19T17:32:36","date_gmt":"2023-01-19T20:32:36","guid":{"rendered":"https:\/\/blog.saocamilo-sp.br\/?p=379"},"modified":"2023-06-02T09:47:10","modified_gmt":"2023-06-02T12:47:10","slug":"docentes-comentam-sobre-a-recomendacao-da-vacinacao-em-criancas-na-volta-as-aulas","status":"publish","type":"post","link":"https:\/\/blog.saocamilo-sp.br\/index.php\/2023\/01\/19\/docentes-comentam-sobre-a-recomendacao-da-vacinacao-em-criancas-na-volta-as-aulas\/","title":{"rendered":"Docentes comentam sobre a recomenda\u00e7\u00e3o da vacina\u00e7\u00e3o em crian\u00e7as na volta \u00e0s aulas"},"content":{"rendered":"\n<p>De acordo com professores de <a href=\"https:\/\/saocamilo-sp.br\/graduacao\/presencial\/direito\" target=\"_blank\" rel=\"noreferrer noopener\">Direito<\/a> e <a href=\"https:\/\/saocamilo-sp.br\/graduacao\/presencial\/medicina\" target=\"_blank\" rel=\"noreferrer noopener\">Medicina<\/a> do <a href=\"https:\/\/saocamilo-sp.br\/\" target=\"_blank\" rel=\"noreferrer noopener\">Centro Universit\u00e1rio S\u00e3o Camilo<\/a>, diferentemente da recomenda\u00e7\u00e3o, o descumprimento da obrigatoriedade da vacina\u00e7\u00e3o por parte de toda a popula\u00e7\u00e3o, incluindo crian\u00e7as, \u00e9 considerado pelo Superior Tribunal Federal como um ato que afronta os Direitos Sociais e Coletivo. <\/p>\n\n\n\n<p>O Minist\u00e9rio da Sa\u00fade recomenda a aplica\u00e7\u00e3o de dose de refor\u00e7o da vacina contra Covid-19 para todas as crian\u00e7as entre 5 e 11 anos.<\/p>\n\n\n\n<h2 class=\"wp-block-heading\">Taxas de vacina\u00e7\u00e3o em crian\u00e7as <\/h2>\n\n\n\n<p>Com essa nova recomenda\u00e7\u00e3o, um outro assunto surge no Pa\u00eds: vacinar ou n\u00e3o as crian\u00e7as e adolescentes? <\/p>\n\n\n\n<p>\u201cJ\u00e1 contabilizamos uma queda de at\u00e9 60% das taxas de imuniza\u00e7\u00e3o de doen\u00e7as evit\u00e1veis, e n\u00e3o apenas da Covid-19. Este \u00e9 um \u00edndice perigoso e que levanta um questionamento crucial: at\u00e9 que ponto decis\u00f5es individuais podem se sobrepor ao bem coletivo?\u201d, sinaliza o pediatra <strong><a href=\"http:\/\/lattes.cnpq.br\/2269658526566835\" target=\"_blank\" rel=\"noreferrer noopener\">Marcelo Iampolsky<\/a>, professor de Medicina do Centro Universit\u00e1rio S\u00e3o Camilo<\/strong>. <\/p>\n\n\n\n<p>O docente ainda ressalta que ao n\u00e3o vacinar os filhos, naturalmente est\u00e1 se colocando em risco a sa\u00fade de outras crian\u00e7as que, de fato, n\u00e3o podem vacinadas.<\/p>\n\n\n\n<p>Segundo o Minist\u00e9rio da Sa\u00fade, a partir dos dados do relat\u00f3rio do Sisab (Sistema de Informa\u00e7\u00e3o em Sa\u00fade para a Aten\u00e7\u00e3o B\u00e1sica), mostram que entre janeiro e novembro de 2022, 33,1% de beb\u00eas e crian\u00e7as (at\u00e9 11 anos) atendidos em consultas na aten\u00e7\u00e3o b\u00e1sica de sa\u00fade estavam sem a vacina\u00e7\u00e3o em dia. <\/p>\n\n\n\n<p>Do ponto de vista jur\u00eddico, o direito \u00e0 sa\u00fade \u00e9, acima de tudo, um direito social e de coletividade. <\/p>\n\n\n\n<p>\u201cIsso significa que a obriga\u00e7\u00e3o de vacinar crian\u00e7as e adolescentes existe e est\u00e1 bem descrita no Estatuto da Crian\u00e7a e do Adolescente e em outras legisla\u00e7\u00f5es. E uma vez que n\u00e3o se cumpra o dever da imuniza\u00e7\u00e3o, a pessoa estar\u00e1 infringindo esses direitos\u201d, explicou a professora de <strong>Direito<\/strong> e <strong>Medicina<\/strong> do <strong>Centro Universit\u00e1rio S\u00e3o Camilo, <a href=\"http:\/\/lattes.cnpq.br\/3010843907901913\" target=\"_blank\" rel=\"noreferrer noopener\">Maria Elisa Manso<\/a><\/strong>.<\/p>\n\n\n\n<h2 class=\"wp-block-heading\">Vacina\u00e7\u00e3o de crian\u00e7as e adolescentes <\/h2>\n\n\n\n<p>O descumprimento da obrigatoriedade da vacina\u00e7\u00e3o \u00e9 considerado pelo Superior Tribunal Federal como um ato que afronta esses direitos. <\/p>\n\n\n\n<p>E n\u00e3o \u00e9 algo que poderia passar apenas pela escolha individual, mas ser considerado direito coletivo para o devido exerc\u00edcio do direito \u00e0 sa\u00fade. E tudo isso representa o cumprimento da norma infraconstitucional de vacina\u00e7\u00e3o, de acordo com a professora Maria Elisa.<\/p>\n\n\n\n<p>No in\u00edcio de fevereiro, est\u00e1 prevista a volta \u00e0s aulas nas redes p\u00fablica e privada de ensino. As institui\u00e7\u00f5es tendem a exigir a vacina\u00e7\u00e3o desse grupo, gerando ainda mais questionamentos diante de pais e respons\u00e1veis que n\u00e3o s\u00e3o favor\u00e1veis \u00e0 imuniza\u00e7\u00e3o. <\/p>\n\n\n\n<p>\u201cAs discuss\u00f5es versam sobre a obrigatoriedade da vacina\u00e7\u00e3o e n\u00e3o sobre sua compulsoriedade. De fato, existe na legisla\u00e7\u00e3o vigente uma certa margem de liberdade de decis\u00e3o, contudo, essa flexibilidade coloca em risco o Direito da Coletividade. <\/p>\n\n\n\n<p>Empresas e institui\u00e7\u00f5es de ensino podem adotar medidas mais r\u00edgidas para impedir que pessoas n\u00e3o imunizadas frequentem seus espa\u00e7os. E at\u00e9 mesmo exigir o comprovante de vacina\u00e7\u00e3o no ato da matr\u00edcula escolar.<\/p>\n\n\n\n<h2 class=\"wp-block-heading\">Descumprimento da obrigatoriedade da vacina\u00e7\u00e3o<\/h2>\n\n\n\n<p>A Lei 17.252 exige a apresenta\u00e7\u00e3o da carteira de vacina\u00e7\u00e3o na matr\u00edcula e rematr\u00edcula em todas as escolas  do estado de S\u00e3o Paulo. <\/p>\n\n\n\n<p>A carteira deve estar atualizada com todas as vacinas obrigat\u00f3rias, definidas nos calend\u00e1rios oficiais de vacina\u00e7\u00e3o da Crian\u00e7a e do Adolescente. E isso inclui a vacina contra a Covid-19.<\/p>\n\n\n\n<p>De acordo com a advogada <a href=\"http:\/\/lattes.cnpq.br\/1321321041290494\" target=\"_blank\" rel=\"noreferrer noopener\">Marina de Neiva Borba<\/a>,<strong> coordenadora do<mark style=\"background-color:rgba(0, 0, 0, 0);color:#f90707\" class=\"has-inline-color\"> <\/mark><a href=\"https:\/\/saocamilo-sp.br\/graduacao\/presencial\/direito\"><mark style=\"background-color:rgba(0, 0, 0, 0)\" class=\"has-inline-color has-black-color\">curso de Direito<\/mark><\/a> do Centro Universit\u00e1rio S\u00e3o Camilo<\/strong>: <\/p>\n\n\n\n<p>\u201cA lei n\u00e3o impede a matr\u00edcula do estudante mesmo quea carteira de vacina\u00e7\u00e3o esteja desatualizada, mas os pais e respons\u00e1veis dever\u00e3o regularizar a situa\u00e7\u00e3o em at\u00e9 60 dias. Caso contr\u00e1rio, as institui\u00e7\u00f5es de ensino devem acionar o Conselho Tutelar\u201d. <\/p>\n\n\n\n<p>Nesses casos, os conselhos tutelares podem convocar os pais, m\u00e3es e respons\u00e1veis para orient\u00e1-los. Se continuarem indo contra a recomenda\u00e7\u00e3o da vacina\u00e7\u00e3o em crian\u00e7as ou n\u00e3o autorizando a vacina\u00e7\u00e3o dos filhos, os respons\u00e1veis podem sofrer processos nas Varas da Inf\u00e2ncia e Juventude.<\/p>\n\n\n\n<h2 class=\"wp-block-heading\">Bem coletivo <\/h2>\n\n\n\n<p>\u201cDo ponto de vista da crian\u00e7a e do adolescente, que s\u00e3o hipossuficientes, o entendimento \u00e9 que os pais t\u00eam a obriga\u00e7\u00e3o de lev\u00e1-los para vacinar.&#8221; <\/p>\n\n\n\n<p>A recomenda\u00e7\u00e3o da vacina\u00e7\u00e3o em crian\u00e7as de seis meses a tr\u00eas anos com comorbidades, imunossuprimidos, com defici\u00eancia e ind\u00edgenas, foi realizada no final do ano passado em todo o territ\u00f3rio nacional. Ainda n\u00e3o h\u00e1 levantamento oficial de quantos beb\u00eas j\u00e1 foram imunizados.<\/p>\n\n\n\n<p>Os benef\u00edcios coletivos tendem a superar os direitos individuais quando se trata de imuniza\u00e7\u00e3o mas, como em toda regra h\u00e1 exce\u00e7\u00e3o. Segundo a legisla\u00e7\u00e3o, ser\u00e3o apenas dispensados da vacina\u00e7\u00e3o obrigat\u00f3ria a crian\u00e7a e o adolescente com um atestado m\u00e9dico de contraindica\u00e7\u00e3o da vacina\u00e7\u00e3o. <\/p>\n\n\n<div class=\"wp-block-post-author\"><div class=\"wp-block-post-author__avatar\"><img alt='' src='https:\/\/secure.gravatar.com\/avatar\/cbed0d57a74836e8481bb4b2ac15163f24841505b47ce8f4d0b58343bcbe6d77?s=48&#038;d=mm&#038;r=g' srcset='https:\/\/secure.gravatar.com\/avatar\/cbed0d57a74836e8481bb4b2ac15163f24841505b47ce8f4d0b58343bcbe6d77?s=96&#038;d=mm&#038;r=g 2x' class='avatar avatar-48 photo' height='48' width='48' \/><\/div><div class=\"wp-block-post-author__content\"><p class=\"wp-block-post-author__byline\">Texto escrito e produzido por <a href=\"https:\/\/activacomunicacao.com.br\/\" target=\"_blank\" rel=\"noreferrer noopener\">Activa Comunica\u00e7\u00e3o<\/a>. Adapta\u00e7\u00e3o para blog por:<\/p><p class=\"wp-block-post-author__name\">Giancarlo Bonato<\/p><\/div><\/div>\n\n\n<h6 class=\"wp-block-heading\">Navegue pelas palavras-chave:<\/h6>\n\n\n<div class=\"taxonomy-post_tag wp-block-post-terms\"><a href=\"https:\/\/blog.saocamilo-sp.br\/index.php\/tag\/aulas\/\" rel=\"tag\">aulas<\/a><span class=\"wp-block-post-terms__separator\">, <\/span><a href=\"https:\/\/blog.saocamilo-sp.br\/index.php\/tag\/covid19\/\" rel=\"tag\">covid19<\/a><span class=\"wp-block-post-terms__separator\">, <\/span><a href=\"https:\/\/blog.saocamilo-sp.br\/index.php\/tag\/criancas\/\" rel=\"tag\">crian\u00e7as<\/a><span class=\"wp-block-post-terms__separator\">, <\/span><a href=\"https:\/\/blog.saocamilo-sp.br\/index.php\/tag\/saude\/\" rel=\"tag\">Sa\u00fade<\/a><span class=\"wp-block-post-terms__separator\">, <\/span><a href=\"https:\/\/blog.saocamilo-sp.br\/index.php\/tag\/vacinacao\/\" rel=\"tag\">vacina\u00e7\u00e3o<\/a><\/div>","protected":false},"excerpt":{"rendered":"<p>Volta \u00e0s aulas reacende debate sobre a a vacina\u00e7\u00e3o de crian\u00e7as e adolescentes<\/p>\n","protected":false},"author":5,"featured_media":503,"comment_status":"open","ping_status":"open","sticky":false,"template":"","format":"standard","meta":{"cybocfi_hide_featured_image":"","footnotes":""},"categories":[1],"tags":[49,48,50,17,47],"class_list":["post-379","post","type-post","status-publish","format-standard","has-post-thumbnail","hentry","category-cursos","tag-aulas","tag-covid19","tag-criancas","tag-saude","tag-vacinacao"],"yoast_head":"<!-- This site is optimized with the Yoast SEO plugin v27.5 - https:\/\/yoast.com\/product\/yoast-seo-wordpress\/ -->\n<title>Recomenda\u00e7\u00e3o da vacina\u00e7\u00e3o em crian\u00e7as na volta \u00e0s aulas<\/title>\n<meta name=\"description\" content=\"Professores de Direito e Medicina do Centro Universit\u00e1rio S\u00e3o Camilo, avaliam a recomenda\u00e7\u00e3o da vacina\u00e7\u00e3o em crian\u00e7as na volta \u00e0s aulas\" \/>\n<meta name=\"robots\" content=\"index, follow, max-snippet:-1, max-image-preview:large, max-video-preview:-1\" \/>\n<link rel=\"canonical\" href=\"https:\/\/blog.saocamilo-sp.br\/index.php\/2023\/01\/19\/docentes-comentam-sobre-a-recomendacao-da-vacinacao-em-criancas-na-volta-as-aulas\/\" \/>\n<meta property=\"og:locale\" content=\"pt_BR\" \/>\n<meta property=\"og:type\" content=\"article\" \/>\n<meta property=\"og:title\" content=\"Recomenda\u00e7\u00e3o da vacina\u00e7\u00e3o em crian\u00e7as na volta \u00e0s aulas\" \/>\n<meta property=\"og:description\" content=\"Professores de Direito e Medicina do Centro Universit\u00e1rio S\u00e3o Camilo, avaliam a recomenda\u00e7\u00e3o da vacina\u00e7\u00e3o em crian\u00e7as na volta \u00e0s aulas\" \/>\n<meta property=\"og:url\" content=\"https:\/\/blog.saocamilo-sp.br\/index.php\/2023\/01\/19\/docentes-comentam-sobre-a-recomendacao-da-vacinacao-em-criancas-na-volta-as-aulas\/\" \/>\n<meta property=\"og:site_name\" content=\"Blog S\u00e3o Camilo\" \/>\n<meta property=\"article:publisher\" content=\"https:\/\/www.facebook.com\/saocamilosp\" \/>\n<meta property=\"article:published_time\" content=\"2023-01-19T20:32:36+00:00\" \/>\n<meta property=\"article:modified_time\" content=\"2023-06-02T12:47:10+00:00\" \/>\n<meta property=\"og:image\" content=\"https:\/\/blog.saocamilo-sp.br\/wp-content\/uploads\/2023\/01\/recomendacao_vacinacao_em_criancas.jpg\" \/>\n\t<meta property=\"og:image:width\" content=\"1080\" \/>\n\t<meta property=\"og:image:height\" content=\"717\" \/>\n\t<meta property=\"og:image:type\" content=\"image\/jpeg\" \/>\n<meta name=\"author\" content=\"Giancarlo Bonato\" \/>\n<meta name=\"twitter:card\" content=\"summary_large_image\" \/>\n<meta name=\"twitter:creator\" content=\"@saocamilosp\" \/>\n<meta name=\"twitter:site\" content=\"@saocamilosp\" \/>\n<meta name=\"twitter:label1\" content=\"Escrito por\" \/>\n\t<meta name=\"twitter:data1\" content=\"Giancarlo Bonato\" \/>\n\t<meta name=\"twitter:label2\" content=\"Est. tempo de leitura\" \/>\n\t<meta name=\"twitter:data2\" content=\"5 minutos\" \/>\n<script type=\"application\/ld+json\" class=\"yoast-schema-graph\">{\"@context\":\"https:\\\/\\\/schema.org\",\"@graph\":[{\"@type\":\"Article\",\"@id\":\"https:\\\/\\\/blog.saocamilo-sp.br\\\/index.php\\\/2023\\\/01\\\/19\\\/docentes-comentam-sobre-a-recomendacao-da-vacinacao-em-criancas-na-volta-as-aulas\\\/#article\",\"isPartOf\":{\"@id\":\"https:\\\/\\\/blog.saocamilo-sp.br\\\/index.php\\\/2023\\\/01\\\/19\\\/docentes-comentam-sobre-a-recomendacao-da-vacinacao-em-criancas-na-volta-as-aulas\\\/\"},\"author\":{\"name\":\"Giancarlo Bonato\",\"@id\":\"https:\\\/\\\/blog.saocamilo-sp.br\\\/#\\\/schema\\\/person\\\/2f1abef72dd95b45ae5f8e75003b32a9\"},\"headline\":\"Docentes comentam sobre a recomenda\u00e7\u00e3o da vacina\u00e7\u00e3o em crian\u00e7as na volta \u00e0s aulas\",\"datePublished\":\"2023-01-19T20:32:36+00:00\",\"dateModified\":\"2023-06-02T12:47:10+00:00\",\"mainEntityOfPage\":{\"@id\":\"https:\\\/\\\/blog.saocamilo-sp.br\\\/index.php\\\/2023\\\/01\\\/19\\\/docentes-comentam-sobre-a-recomendacao-da-vacinacao-em-criancas-na-volta-as-aulas\\\/\"},\"wordCount\":881,\"commentCount\":0,\"publisher\":{\"@id\":\"https:\\\/\\\/blog.saocamilo-sp.br\\\/#organization\"},\"image\":{\"@id\":\"https:\\\/\\\/blog.saocamilo-sp.br\\\/index.php\\\/2023\\\/01\\\/19\\\/docentes-comentam-sobre-a-recomendacao-da-vacinacao-em-criancas-na-volta-as-aulas\\\/#primaryimage\"},\"thumbnailUrl\":\"https:\\\/\\\/blog.saocamilo-sp.br\\\/wp-content\\\/uploads\\\/2023\\\/01\\\/recomendacao_vacinacao_em_criancas.jpg\",\"keywords\":[\"aulas\",\"covid19\",\"crian\u00e7as\",\"Sa\u00fade\",\"vacina\u00e7\u00e3o\"],\"articleSection\":[\"Cursos\"],\"inLanguage\":\"pt-BR\",\"potentialAction\":[{\"@type\":\"CommentAction\",\"name\":\"Comment\",\"target\":[\"https:\\\/\\\/blog.saocamilo-sp.br\\\/index.php\\\/2023\\\/01\\\/19\\\/docentes-comentam-sobre-a-recomendacao-da-vacinacao-em-criancas-na-volta-as-aulas\\\/#respond\"]}]},{\"@type\":\"WebPage\",\"@id\":\"https:\\\/\\\/blog.saocamilo-sp.br\\\/index.php\\\/2023\\\/01\\\/19\\\/docentes-comentam-sobre-a-recomendacao-da-vacinacao-em-criancas-na-volta-as-aulas\\\/\",\"url\":\"https:\\\/\\\/blog.saocamilo-sp.br\\\/index.php\\\/2023\\\/01\\\/19\\\/docentes-comentam-sobre-a-recomendacao-da-vacinacao-em-criancas-na-volta-as-aulas\\\/\",\"name\":\"Recomenda\u00e7\u00e3o da vacina\u00e7\u00e3o em crian\u00e7as na volta \u00e0s aulas\",\"isPartOf\":{\"@id\":\"https:\\\/\\\/blog.saocamilo-sp.br\\\/#website\"},\"primaryImageOfPage\":{\"@id\":\"https:\\\/\\\/blog.saocamilo-sp.br\\\/index.php\\\/2023\\\/01\\\/19\\\/docentes-comentam-sobre-a-recomendacao-da-vacinacao-em-criancas-na-volta-as-aulas\\\/#primaryimage\"},\"image\":{\"@id\":\"https:\\\/\\\/blog.saocamilo-sp.br\\\/index.php\\\/2023\\\/01\\\/19\\\/docentes-comentam-sobre-a-recomendacao-da-vacinacao-em-criancas-na-volta-as-aulas\\\/#primaryimage\"},\"thumbnailUrl\":\"https:\\\/\\\/blog.saocamilo-sp.br\\\/wp-content\\\/uploads\\\/2023\\\/01\\\/recomendacao_vacinacao_em_criancas.jpg\",\"datePublished\":\"2023-01-19T20:32:36+00:00\",\"dateModified\":\"2023-06-02T12:47:10+00:00\",\"description\":\"Professores de Direito e Medicina do Centro Universit\u00e1rio S\u00e3o Camilo, avaliam a recomenda\u00e7\u00e3o da vacina\u00e7\u00e3o em crian\u00e7as na volta \u00e0s aulas\",\"breadcrumb\":{\"@id\":\"https:\\\/\\\/blog.saocamilo-sp.br\\\/index.php\\\/2023\\\/01\\\/19\\\/docentes-comentam-sobre-a-recomendacao-da-vacinacao-em-criancas-na-volta-as-aulas\\\/#breadcrumb\"},\"inLanguage\":\"pt-BR\",\"potentialAction\":[{\"@type\":\"ReadAction\",\"target\":[\"https:\\\/\\\/blog.saocamilo-sp.br\\\/index.php\\\/2023\\\/01\\\/19\\\/docentes-comentam-sobre-a-recomendacao-da-vacinacao-em-criancas-na-volta-as-aulas\\\/\"]}]},{\"@type\":\"ImageObject\",\"inLanguage\":\"pt-BR\",\"@id\":\"https:\\\/\\\/blog.saocamilo-sp.br\\\/index.php\\\/2023\\\/01\\\/19\\\/docentes-comentam-sobre-a-recomendacao-da-vacinacao-em-criancas-na-volta-as-aulas\\\/#primaryimage\",\"url\":\"https:\\\/\\\/blog.saocamilo-sp.br\\\/wp-content\\\/uploads\\\/2023\\\/01\\\/recomendacao_vacinacao_em_criancas.jpg\",\"contentUrl\":\"https:\\\/\\\/blog.saocamilo-sp.br\\\/wp-content\\\/uploads\\\/2023\\\/01\\\/recomendacao_vacinacao_em_criancas.jpg\",\"width\":1080,\"height\":717},{\"@type\":\"BreadcrumbList\",\"@id\":\"https:\\\/\\\/blog.saocamilo-sp.br\\\/index.php\\\/2023\\\/01\\\/19\\\/docentes-comentam-sobre-a-recomendacao-da-vacinacao-em-criancas-na-volta-as-aulas\\\/#breadcrumb\",\"itemListElement\":[{\"@type\":\"ListItem\",\"position\":1,\"name\":\"In\u00edcio\",\"item\":\"https:\\\/\\\/blog.saocamilo-sp.br\\\/\"},{\"@type\":\"ListItem\",\"position\":2,\"name\":\"Docentes comentam sobre a recomenda\u00e7\u00e3o da vacina\u00e7\u00e3o em crian\u00e7as na volta \u00e0s aulas\"}]},{\"@type\":\"WebSite\",\"@id\":\"https:\\\/\\\/blog.saocamilo-sp.br\\\/#website\",\"url\":\"https:\\\/\\\/blog.saocamilo-sp.br\\\/\",\"name\":\"Blog S\u00e3o Camilo\",\"description\":\"Blog do Centro Universit\u00e1rio S\u00e3o Camilo\",\"publisher\":{\"@id\":\"https:\\\/\\\/blog.saocamilo-sp.br\\\/#organization\"},\"potentialAction\":[{\"@type\":\"SearchAction\",\"target\":{\"@type\":\"EntryPoint\",\"urlTemplate\":\"https:\\\/\\\/blog.saocamilo-sp.br\\\/?s={search_term_string}\"},\"query-input\":{\"@type\":\"PropertyValueSpecification\",\"valueRequired\":true,\"valueName\":\"search_term_string\"}}],\"inLanguage\":\"pt-BR\"},{\"@type\":\"Organization\",\"@id\":\"https:\\\/\\\/blog.saocamilo-sp.br\\\/#organization\",\"name\":\"Blog S\u00e3o Camilo\",\"url\":\"https:\\\/\\\/blog.saocamilo-sp.br\\\/\",\"logo\":{\"@type\":\"ImageObject\",\"inLanguage\":\"pt-BR\",\"@id\":\"https:\\\/\\\/blog.saocamilo-sp.br\\\/#\\\/schema\\\/logo\\\/image\\\/\",\"url\":\"https:\\\/\\\/blog.saocamilo-sp.br\\\/wp-content\\\/uploads\\\/2021\\\/12\\\/cropped-vazio-logo-topo.png\",\"contentUrl\":\"https:\\\/\\\/blog.saocamilo-sp.br\\\/wp-content\\\/uploads\\\/2021\\\/12\\\/cropped-vazio-logo-topo.png\",\"width\":320,\"height\":240,\"caption\":\"Blog S\u00e3o Camilo\"},\"image\":{\"@id\":\"https:\\\/\\\/blog.saocamilo-sp.br\\\/#\\\/schema\\\/logo\\\/image\\\/\"},\"sameAs\":[\"https:\\\/\\\/www.facebook.com\\\/saocamilosp\",\"https:\\\/\\\/x.com\\\/saocamilosp\",\"https:\\\/\\\/www.linkedin.com\\\/school\\\/centro-universit-rio-s-o-camilo\\\/\"]},{\"@type\":\"Person\",\"@id\":\"https:\\\/\\\/blog.saocamilo-sp.br\\\/#\\\/schema\\\/person\\\/2f1abef72dd95b45ae5f8e75003b32a9\",\"name\":\"Giancarlo Bonato\",\"image\":{\"@type\":\"ImageObject\",\"inLanguage\":\"pt-BR\",\"@id\":\"https:\\\/\\\/secure.gravatar.com\\\/avatar\\\/cbed0d57a74836e8481bb4b2ac15163f24841505b47ce8f4d0b58343bcbe6d77?s=96&d=mm&r=g\",\"url\":\"https:\\\/\\\/secure.gravatar.com\\\/avatar\\\/cbed0d57a74836e8481bb4b2ac15163f24841505b47ce8f4d0b58343bcbe6d77?s=96&d=mm&r=g\",\"contentUrl\":\"https:\\\/\\\/secure.gravatar.com\\\/avatar\\\/cbed0d57a74836e8481bb4b2ac15163f24841505b47ce8f4d0b58343bcbe6d77?s=96&d=mm&r=g\",\"caption\":\"Giancarlo Bonato\"},\"url\":\"https:\\\/\\\/blog.saocamilo-sp.br\\\/index.php\\\/author\\\/gbonato\\\/\"}]}<\/script>\n<!-- \/ Yoast SEO plugin. -->","yoast_head_json":{"title":"Recomenda\u00e7\u00e3o da vacina\u00e7\u00e3o em crian\u00e7as na volta \u00e0s aulas","description":"Professores de Direito e Medicina do Centro Universit\u00e1rio S\u00e3o Camilo, avaliam a recomenda\u00e7\u00e3o da vacina\u00e7\u00e3o em crian\u00e7as na volta \u00e0s aulas","robots":{"index":"index","follow":"follow","max-snippet":"max-snippet:-1","max-image-preview":"max-image-preview:large","max-video-preview":"max-video-preview:-1"},"canonical":"https:\/\/blog.saocamilo-sp.br\/index.php\/2023\/01\/19\/docentes-comentam-sobre-a-recomendacao-da-vacinacao-em-criancas-na-volta-as-aulas\/","og_locale":"pt_BR","og_type":"article","og_title":"Recomenda\u00e7\u00e3o da vacina\u00e7\u00e3o em crian\u00e7as na volta \u00e0s aulas","og_description":"Professores de Direito e Medicina do Centro Universit\u00e1rio S\u00e3o Camilo, avaliam a recomenda\u00e7\u00e3o da vacina\u00e7\u00e3o em crian\u00e7as na volta \u00e0s aulas","og_url":"https:\/\/blog.saocamilo-sp.br\/index.php\/2023\/01\/19\/docentes-comentam-sobre-a-recomendacao-da-vacinacao-em-criancas-na-volta-as-aulas\/","og_site_name":"Blog S\u00e3o Camilo","article_publisher":"https:\/\/www.facebook.com\/saocamilosp","article_published_time":"2023-01-19T20:32:36+00:00","article_modified_time":"2023-06-02T12:47:10+00:00","og_image":[{"width":1080,"height":717,"url":"https:\/\/blog.saocamilo-sp.br\/wp-content\/uploads\/2023\/01\/recomendacao_vacinacao_em_criancas.jpg","type":"image\/jpeg"}],"author":"Giancarlo Bonato","twitter_card":"summary_large_image","twitter_creator":"@saocamilosp","twitter_site":"@saocamilosp","twitter_misc":{"Escrito por":"Giancarlo Bonato","Est. tempo de leitura":"5 minutos"},"schema":{"@context":"https:\/\/schema.org","@graph":[{"@type":"Article","@id":"https:\/\/blog.saocamilo-sp.br\/index.php\/2023\/01\/19\/docentes-comentam-sobre-a-recomendacao-da-vacinacao-em-criancas-na-volta-as-aulas\/#article","isPartOf":{"@id":"https:\/\/blog.saocamilo-sp.br\/index.php\/2023\/01\/19\/docentes-comentam-sobre-a-recomendacao-da-vacinacao-em-criancas-na-volta-as-aulas\/"},"author":{"name":"Giancarlo Bonato","@id":"https:\/\/blog.saocamilo-sp.br\/#\/schema\/person\/2f1abef72dd95b45ae5f8e75003b32a9"},"headline":"Docentes comentam sobre a recomenda\u00e7\u00e3o da vacina\u00e7\u00e3o em crian\u00e7as na volta \u00e0s aulas","datePublished":"2023-01-19T20:32:36+00:00","dateModified":"2023-06-02T12:47:10+00:00","mainEntityOfPage":{"@id":"https:\/\/blog.saocamilo-sp.br\/index.php\/2023\/01\/19\/docentes-comentam-sobre-a-recomendacao-da-vacinacao-em-criancas-na-volta-as-aulas\/"},"wordCount":881,"commentCount":0,"publisher":{"@id":"https:\/\/blog.saocamilo-sp.br\/#organization"},"image":{"@id":"https:\/\/blog.saocamilo-sp.br\/index.php\/2023\/01\/19\/docentes-comentam-sobre-a-recomendacao-da-vacinacao-em-criancas-na-volta-as-aulas\/#primaryimage"},"thumbnailUrl":"https:\/\/blog.saocamilo-sp.br\/wp-content\/uploads\/2023\/01\/recomendacao_vacinacao_em_criancas.jpg","keywords":["aulas","covid19","crian\u00e7as","Sa\u00fade","vacina\u00e7\u00e3o"],"articleSection":["Cursos"],"inLanguage":"pt-BR","potentialAction":[{"@type":"CommentAction","name":"Comment","target":["https:\/\/blog.saocamilo-sp.br\/index.php\/2023\/01\/19\/docentes-comentam-sobre-a-recomendacao-da-vacinacao-em-criancas-na-volta-as-aulas\/#respond"]}]},{"@type":"WebPage","@id":"https:\/\/blog.saocamilo-sp.br\/index.php\/2023\/01\/19\/docentes-comentam-sobre-a-recomendacao-da-vacinacao-em-criancas-na-volta-as-aulas\/","url":"https:\/\/blog.saocamilo-sp.br\/index.php\/2023\/01\/19\/docentes-comentam-sobre-a-recomendacao-da-vacinacao-em-criancas-na-volta-as-aulas\/","name":"Recomenda\u00e7\u00e3o da vacina\u00e7\u00e3o em crian\u00e7as na volta \u00e0s aulas","isPartOf":{"@id":"https:\/\/blog.saocamilo-sp.br\/#website"},"primaryImageOfPage":{"@id":"https:\/\/blog.saocamilo-sp.br\/index.php\/2023\/01\/19\/docentes-comentam-sobre-a-recomendacao-da-vacinacao-em-criancas-na-volta-as-aulas\/#primaryimage"},"image":{"@id":"https:\/\/blog.saocamilo-sp.br\/index.php\/2023\/01\/19\/docentes-comentam-sobre-a-recomendacao-da-vacinacao-em-criancas-na-volta-as-aulas\/#primaryimage"},"thumbnailUrl":"https:\/\/blog.saocamilo-sp.br\/wp-content\/uploads\/2023\/01\/recomendacao_vacinacao_em_criancas.jpg","datePublished":"2023-01-19T20:32:36+00:00","dateModified":"2023-06-02T12:47:10+00:00","description":"Professores de Direito e Medicina do Centro Universit\u00e1rio S\u00e3o Camilo, avaliam a recomenda\u00e7\u00e3o da vacina\u00e7\u00e3o em crian\u00e7as na volta \u00e0s aulas","breadcrumb":{"@id":"https:\/\/blog.saocamilo-sp.br\/index.php\/2023\/01\/19\/docentes-comentam-sobre-a-recomendacao-da-vacinacao-em-criancas-na-volta-as-aulas\/#breadcrumb"},"inLanguage":"pt-BR","potentialAction":[{"@type":"ReadAction","target":["https:\/\/blog.saocamilo-sp.br\/index.php\/2023\/01\/19\/docentes-comentam-sobre-a-recomendacao-da-vacinacao-em-criancas-na-volta-as-aulas\/"]}]},{"@type":"ImageObject","inLanguage":"pt-BR","@id":"https:\/\/blog.saocamilo-sp.br\/index.php\/2023\/01\/19\/docentes-comentam-sobre-a-recomendacao-da-vacinacao-em-criancas-na-volta-as-aulas\/#primaryimage","url":"https:\/\/blog.saocamilo-sp.br\/wp-content\/uploads\/2023\/01\/recomendacao_vacinacao_em_criancas.jpg","contentUrl":"https:\/\/blog.saocamilo-sp.br\/wp-content\/uploads\/2023\/01\/recomendacao_vacinacao_em_criancas.jpg","width":1080,"height":717},{"@type":"BreadcrumbList","@id":"https:\/\/blog.saocamilo-sp.br\/index.php\/2023\/01\/19\/docentes-comentam-sobre-a-recomendacao-da-vacinacao-em-criancas-na-volta-as-aulas\/#breadcrumb","itemListElement":[{"@type":"ListItem","position":1,"name":"In\u00edcio","item":"https:\/\/blog.saocamilo-sp.br\/"},{"@type":"ListItem","position":2,"name":"Docentes comentam sobre a recomenda\u00e7\u00e3o da vacina\u00e7\u00e3o em crian\u00e7as na volta \u00e0s aulas"}]},{"@type":"WebSite","@id":"https:\/\/blog.saocamilo-sp.br\/#website","url":"https:\/\/blog.saocamilo-sp.br\/","name":"Blog S\u00e3o Camilo","description":"Blog do Centro Universit\u00e1rio S\u00e3o Camilo","publisher":{"@id":"https:\/\/blog.saocamilo-sp.br\/#organization"},"potentialAction":[{"@type":"SearchAction","target":{"@type":"EntryPoint","urlTemplate":"https:\/\/blog.saocamilo-sp.br\/?s={search_term_string}"},"query-input":{"@type":"PropertyValueSpecification","valueRequired":true,"valueName":"search_term_string"}}],"inLanguage":"pt-BR"},{"@type":"Organization","@id":"https:\/\/blog.saocamilo-sp.br\/#organization","name":"Blog S\u00e3o Camilo","url":"https:\/\/blog.saocamilo-sp.br\/","logo":{"@type":"ImageObject","inLanguage":"pt-BR","@id":"https:\/\/blog.saocamilo-sp.br\/#\/schema\/logo\/image\/","url":"https:\/\/blog.saocamilo-sp.br\/wp-content\/uploads\/2021\/12\/cropped-vazio-logo-topo.png","contentUrl":"https:\/\/blog.saocamilo-sp.br\/wp-content\/uploads\/2021\/12\/cropped-vazio-logo-topo.png","width":320,"height":240,"caption":"Blog S\u00e3o Camilo"},"image":{"@id":"https:\/\/blog.saocamilo-sp.br\/#\/schema\/logo\/image\/"},"sameAs":["https:\/\/www.facebook.com\/saocamilosp","https:\/\/x.com\/saocamilosp","https:\/\/www.linkedin.com\/school\/centro-universit-rio-s-o-camilo\/"]},{"@type":"Person","@id":"https:\/\/blog.saocamilo-sp.br\/#\/schema\/person\/2f1abef72dd95b45ae5f8e75003b32a9","name":"Giancarlo Bonato","image":{"@type":"ImageObject","inLanguage":"pt-BR","@id":"https:\/\/secure.gravatar.com\/avatar\/cbed0d57a74836e8481bb4b2ac15163f24841505b47ce8f4d0b58343bcbe6d77?s=96&d=mm&r=g","url":"https:\/\/secure.gravatar.com\/avatar\/cbed0d57a74836e8481bb4b2ac15163f24841505b47ce8f4d0b58343bcbe6d77?s=96&d=mm&r=g","contentUrl":"https:\/\/secure.gravatar.com\/avatar\/cbed0d57a74836e8481bb4b2ac15163f24841505b47ce8f4d0b58343bcbe6d77?s=96&d=mm&r=g","caption":"Giancarlo Bonato"},"url":"https:\/\/blog.saocamilo-sp.br\/index.php\/author\/gbonato\/"}]}},"_links":{"self":[{"href":"https:\/\/blog.saocamilo-sp.br\/index.php\/wp-json\/wp\/v2\/posts\/379","targetHints":{"allow":["GET"]}}],"collection":[{"href":"https:\/\/blog.saocamilo-sp.br\/index.php\/wp-json\/wp\/v2\/posts"}],"about":[{"href":"https:\/\/blog.saocamilo-sp.br\/index.php\/wp-json\/wp\/v2\/types\/post"}],"author":[{"embeddable":true,"href":"https:\/\/blog.saocamilo-sp.br\/index.php\/wp-json\/wp\/v2\/users\/5"}],"replies":[{"embeddable":true,"href":"https:\/\/blog.saocamilo-sp.br\/index.php\/wp-json\/wp\/v2\/comments?post=379"}],"version-history":[{"count":66,"href":"https:\/\/blog.saocamilo-sp.br\/index.php\/wp-json\/wp\/v2\/posts\/379\/revisions"}],"predecessor-version":[{"id":1204,"href":"https:\/\/blog.saocamilo-sp.br\/index.php\/wp-json\/wp\/v2\/posts\/379\/revisions\/1204"}],"wp:featuredmedia":[{"embeddable":true,"href":"https:\/\/blog.saocamilo-sp.br\/index.php\/wp-json\/wp\/v2\/media\/503"}],"wp:attachment":[{"href":"https:\/\/blog.saocamilo-sp.br\/index.php\/wp-json\/wp\/v2\/media?parent=379"}],"wp:term":[{"taxonomy":"category","embeddable":true,"href":"https:\/\/blog.saocamilo-sp.br\/index.php\/wp-json\/wp\/v2\/categories?post=379"},{"taxonomy":"post_tag","embeddable":true,"href":"https:\/\/blog.saocamilo-sp.br\/index.php\/wp-json\/wp\/v2\/tags?post=379"}],"curies":[{"name":"wp","href":"https:\/\/api.w.org\/{rel}","templated":true}]}}