{"id":3792,"date":"2025-05-21T14:25:51","date_gmt":"2025-05-21T17:25:51","guid":{"rendered":"https:\/\/blog.saocamilo-sp.br\/?p=3792"},"modified":"2025-05-25T22:50:11","modified_gmt":"2025-05-26T01:50:11","slug":"sao-camilo-3","status":"publish","type":"post","link":"https:\/\/blog.saocamilo-sp.br\/index.php\/2025\/05\/21\/sao-camilo-3\/","title":{"rendered":"Centro Universit\u00e1rio S\u00e3o Camilo \u2013 tradi\u00e7\u00e3o, inova\u00e7\u00e3o e excel\u00eancia"},"content":{"rendered":"\n<h2 class=\"wp-block-heading\">Mais de 40 anos dedicados \u00e0 forma\u00e7\u00e3o na \u00e1rea da Sa\u00fade, Gest\u00e3o e Educa\u00e7\u00e3o<\/h2>\n\n\n\n<p>Fundado em <strong>1975<\/strong>, o <strong><a href=\"https:\/\/saocamilo-sp.br\/\">Centro Universit\u00e1rio S\u00e3o Camilo \u2013 SP<\/a><\/strong> iniciou suas atividades no bairro do <strong>Ipiranga<\/strong>, com cursos t\u00e9cnicos focados na <strong>\u00e1rea da Sa\u00fade<\/strong>. Em <strong>1976<\/strong>, a institui\u00e7\u00e3o deu um passo pioneiro ao lan\u00e7ar o <strong>primeiro curso de Nutri\u00e7\u00e3o<\/strong> ministrado por uma faculdade particular na cidade de <strong>S\u00e3o Paulo<\/strong>, consolidando-se como refer\u00eancia no ensino superior em sa\u00fade.<\/p>\n\n\n\n<p>Esse foi apenas o come\u00e7o de uma trajet\u00f3ria marcada pela <strong>qualidade<\/strong>, <strong>inova\u00e7\u00e3o<\/strong> e <strong>comprometimento com a forma\u00e7\u00e3o de profissionais altamente capacitados<\/strong>.<\/p>\n\n\n\n<h2 class=\"wp-block-heading\">Expans\u00e3o e consolida\u00e7\u00e3o da S\u00e3o Camilo no Ensino Superior<\/h2>\n\n\n\n<p>Ao longo dos anos, o Centro Universit\u00e1rio S\u00e3o Camilo ampliou sua oferta de cursos, incluindo gradua\u00e7\u00f5es nas \u00e1reas de <strong>Enfermagem<\/strong>, <strong>Administra\u00e7\u00e3o Hospitalar<\/strong> e <strong>Fonoaudiologia<\/strong>.<\/p>\n\n\n\n<p>A institui\u00e7\u00e3o passou por importantes mudan\u00e7as institucionais:<\/p>\n\n\n\n<ul class=\"wp-block-list\">\n<li><strong>1986<\/strong>: passou a se chamar <strong>Faculdades das Ci\u00eancias da Sa\u00fade S\u00e3o Camilo<\/strong><\/li>\n\n\n\n<li><strong>1991<\/strong>: tornou-se <strong>Faculdades Integradas S\u00e3o Camilo<\/strong><\/li>\n\n\n\n<li><strong>1997<\/strong>: adotou sua atual denomina\u00e7\u00e3o: <strong>Centro Universit\u00e1rio S\u00e3o Camilo<\/strong><\/li>\n<\/ul>\n\n\n\n<p>Essa evolu\u00e7\u00e3o reflete o crescimento cont\u00ednuo e o fortalecimento de sua atua\u00e7\u00e3o no cen\u00e1rio educacional.<\/p>\n\n\n\n<h2 class=\"wp-block-heading\">Infraestrutura moderna e ampla oferta de cursos presenciais<\/h2>\n\n\n\n<p>Atualmente, o <strong>Centro Universit\u00e1rio S\u00e3o Camilo<\/strong> oferece uma gama diversificada de <strong>cursos presenciais<\/strong> de gradua\u00e7\u00e3o, com destaque para:<\/p>\n\n\n\n<ul class=\"wp-block-list\">\n<li>Medicina<\/li>\n\n\n\n<li>Biomedicina<\/li>\n\n\n\n<li>Enfermagem<\/li>\n\n\n\n<li>Farm\u00e1cia<\/li>\n\n\n\n<li>Fisioterapia<\/li>\n\n\n\n<li>Nutri\u00e7\u00e3o<\/li>\n\n\n\n<li>Psicologia<\/li>\n\n\n\n<li>Radiologia<\/li>\n\n\n\n<li>Cursos da \u00e1rea de Gest\u00e3o<\/li>\n<\/ul>\n\n\n\n<p>Al\u00e9m disso, mant\u00e9m uma forte atua\u00e7\u00e3o na <strong>p\u00f3s-gradua\u00e7\u00e3o<\/strong>, oferecendo diversas especializa\u00e7\u00f5es e cursos de atualiza\u00e7\u00e3o, demonstrando seu compromisso com a <strong>forma\u00e7\u00e3o continuada<\/strong> dos profissionais.<\/p>\n\n\n\n<p>Em <strong>1999<\/strong>, foi inaugurado um novo <strong>campus na Vila Pompeia<\/strong>, ampliando ainda mais a presen\u00e7a da institui\u00e7\u00e3o na cidade de S\u00e3o Paulo e oferecendo uma infraestrutura moderna e preparada para atender \u00e0s demandas acad\u00eamicas e profissionais.<\/p>\n\n\n\n<h2 class=\"wp-block-heading\">Ensino na pr\u00e1tica: PROMOVE e Centro de Simula\u00e7\u00e3o Real\u00edstica<\/h2>\n\n\n\n<h3 class=\"wp-block-heading\">PROMOVE: integra\u00e7\u00e3o entre ensino e responsabilidade social<\/h3>\n\n\n\n<p>Em <strong>2002<\/strong>, foi criada a <strong>Cl\u00ednica-escola S\u00e3o Camilo<\/strong>, atualmente chamada de <strong>Centro de Promo\u00e7\u00e3o e Reabilita\u00e7\u00e3o em Sa\u00fade e Integra\u00e7\u00e3o Social \u2013 PROMOVE<\/strong>. Este espa\u00e7o multidisciplinar permite que estudantes de diversos cursos da \u00e1rea da Sa\u00fade apliquem na pr\u00e1tica o conhecimento adquirido em sala de aula.<\/p>\n\n\n\n<p>Al\u00e9m disso, promove o <strong>atendimento \u00e0 comunidade carente<\/strong>, refor\u00e7ando o compromisso social da institui\u00e7\u00e3o e proporcionando aos alunos uma forma\u00e7\u00e3o humanizada, sempre sob a supervis\u00e3o de <strong>profissionais qualificados<\/strong>.<\/p>\n\n\n\n<h3 class=\"wp-block-heading\">Centro de Simula\u00e7\u00e3o Real\u00edstica: inova\u00e7\u00e3o no aprendizado pr\u00e1tico<\/h3>\n\n\n\n<p>Outro grande diferencial do Centro Universit\u00e1rio S\u00e3o Camilo \u00e9 o <strong>Centro de Simula\u00e7\u00e3o Real\u00edstica (CSR)<\/strong>, um ambiente altamente tecnol\u00f3gico que possibilita o treinamento de habilidades t\u00e9cnicas, comportamentais e emocionais em <strong>cen\u00e1rios que simulam situa\u00e7\u00f5es reais da pr\u00e1tica profissional<\/strong>.<\/p>\n\n\n\n<p>O CSR \u00e9 equipado com:<\/p>\n\n\n\n<ul class=\"wp-block-list\">\n<li><strong>Salas de simula\u00e7\u00e3o<\/strong><\/li>\n\n\n\n<li><strong>Laborat\u00f3rios de habilidades<\/strong><\/li>\n\n\n\n<li><strong>Simuladores e manequins de alta fidelidade<\/strong><\/li>\n<\/ul>\n\n\n\n<p>O uso dessas tecnologias promove uma forma\u00e7\u00e3o completa, preparando os alunos para atuarem com seguran\u00e7a e excel\u00eancia em ambientes hospitalares e assistenciais. Al\u00e9m de desenvolver compet\u00eancias t\u00e9cnicas, estimula habilidades comportamentais essenciais, como a <strong>intera\u00e7\u00e3o multiprofissional<\/strong> e o <strong>cuidado centrado no paciente<\/strong>.<\/p>\n\n\n\n<h2 class=\"wp-block-heading\">Corpo docente qualificado e estrutura de excel\u00eancia<\/h2>\n\n\n\n<p>O <strong>Centro Universit\u00e1rio S\u00e3o Camilo<\/strong> \u00e9 reconhecido nacionalmente pela sua <strong>qualidade de ensino<\/strong> e por contar com uma <strong>infraestrutura moderna<\/strong>. Seu corpo docente \u00e9 formado por <strong>profissionais altamente qualificados<\/strong>, que aliam <strong>experi\u00eancia pr\u00e1tica<\/strong> e <strong>conhecimento acad\u00eamico<\/strong>, proporcionando aos alunos uma forma\u00e7\u00e3o s\u00f3lida, atualizada e alinhada com as demandas do mercado de trabalho.<\/p>\n\n\n\n<h2 class=\"wp-block-heading\">Ensino Profissionalizante: Col\u00e9gio S\u00e3o Camilo<\/h2>\n\n\n\n<p>No <strong>campus Ipiranga<\/strong>, tamb\u00e9m est\u00e1 localizado o <strong>Col\u00e9gio S\u00e3o Camilo<\/strong>, que oferece <strong>ensino profissionalizante<\/strong>.<\/p>\n\n\n\n<h2 class=\"wp-block-heading\">Refer\u00eancia em educa\u00e7\u00e3o na \u00e1rea da Sa\u00fade<\/h2>\n\n\n\n<p>Com mais de <strong>quatro d\u00e9cadas de hist\u00f3ria<\/strong>, o <strong>Centro Universit\u00e1rio S\u00e3o Camilo<\/strong> se consolidou como uma das <strong>principais refer\u00eancias em educa\u00e7\u00e3o na \u00e1rea da Sa\u00fade<\/strong> no Brasil. A combina\u00e7\u00e3o entre <strong>tradi\u00e7\u00e3o<\/strong>, <strong>inova\u00e7\u00e3o tecnol\u00f3gica<\/strong> e <strong>compromisso social<\/strong> transforma a experi\u00eancia acad\u00eamica dos alunos, preparando profissionais completos e humanizados para atuar com excel\u00eancia no mercado de trabalho.uatro d\u00e9cadas de hist\u00f3ria, o Centro Universit\u00e1rio S\u00e3o Camilo \u00e9 refer\u00eancia em educa\u00e7\u00e3o na \u00e1rea da Sa\u00fade. A combina\u00e7\u00e3o de tradi\u00e7\u00e3o, inova\u00e7\u00e3o tecnol\u00f3gica e compromisso social transforma a experi\u00eancia acad\u00eamica dos alunos e prepara profissionais completos para o mercado de trabalho.<\/p>\n\n\n\n<p><strong>Veja tamb\u00e9m:<\/strong><br><br><a href=\"https:\/\/blog.saocamilo-sp.br\/index.php\/2024\/05\/24\/centro-universitario-sao-camilo-conquista-o-selo-ies-amiga-da-iniciacao-cientifica-do-semesp\/\">Centro Universit\u00e1rio S\u00e3o Camilo Conquista o Selo \u201cIES Amiga da Inicia\u00e7\u00e3o Cient\u00edfica\u201d do SEMESP<\/a><\/p>\n\n\n\n<p><a href=\"https:\/\/blog.saocamilo-sp.br\/index.php\/2025\/05\/15\/jornada-laudato-si\/\">Jornada Laudato Si\u2019 2025: \u00c1gua: Fonte de Vida por uma Ecologia Integral<\/a><\/p>\n\n\n\n<p><a href=\"https:\/\/blog.saocamilo-sp.br\/index.php\/2024\/02\/01\/oducal\/\">Pe. Jo\u00e3o Batista e Rayssa Rios s\u00e3o nomeados para a ODUCAL<\/a><\/p>\n\n\n\n<p><\/p>\n","protected":false},"excerpt":{"rendered":"<p>H\u00e1 mais de 40 anos o  Centro Universit\u00e1rio S\u00e3o Camilo dedica-se \u00e0 forma\u00e7\u00e3o nas \u00e1reas de Sa\u00fade, Gest\u00e3o e Educa\u00e7\u00e3o.<\/p>\n","protected":false},"author":4,"featured_media":3806,"comment_status":"open","ping_status":"open","sticky":false,"template":"","format":"standard","meta":{"cybocfi_hide_featured_image":"","footnotes":""},"categories":[1],"tags":[],"class_list":["post-3792","post","type-post","status-publish","format-standard","has-post-thumbnail","hentry","category-cursos"],"yoast_head":"<!-- This site is optimized with the Yoast SEO plugin v27.5 - https:\/\/yoast.com\/product\/yoast-seo-wordpress\/ -->\n<title>Centro Universit\u00e1rio S\u00e3o Camilo \u2013 tradi\u00e7\u00e3o, inova\u00e7\u00e3o e excel\u00eancia<\/title>\n<meta name=\"description\" content=\"H\u00e1 mais de 40 anos o Centro Universit\u00e1rio S\u00e3o Camilo \u2013 SP dedica-se a forma\u00e7\u00e3o de profissionais nas \u00e1reas de Sa\u00fade, Gest\u00e3o e Educa\u00e7\u00e3o.\" \/>\n<meta name=\"robots\" content=\"index, follow, max-snippet:-1, max-image-preview:large, max-video-preview:-1\" \/>\n<link rel=\"canonical\" href=\"https:\/\/blog.saocamilo-sp.br\/index.php\/2025\/05\/21\/sao-camilo-3\/\" \/>\n<meta property=\"og:locale\" content=\"pt_BR\" \/>\n<meta property=\"og:type\" content=\"article\" \/>\n<meta property=\"og:title\" content=\"Centro Universit\u00e1rio S\u00e3o Camilo \u2013 tradi\u00e7\u00e3o, inova\u00e7\u00e3o e excel\u00eancia\" \/>\n<meta property=\"og:description\" content=\"H\u00e1 mais de 40 anos o Centro Universit\u00e1rio S\u00e3o Camilo \u2013 SP dedica-se a forma\u00e7\u00e3o de profissionais nas \u00e1reas de Sa\u00fade, Gest\u00e3o e Educa\u00e7\u00e3o.\" \/>\n<meta property=\"og:url\" content=\"https:\/\/blog.saocamilo-sp.br\/index.php\/2025\/05\/21\/sao-camilo-3\/\" \/>\n<meta property=\"og:site_name\" content=\"Blog S\u00e3o Camilo\" \/>\n<meta property=\"article:publisher\" content=\"https:\/\/www.facebook.com\/saocamilosp\" \/>\n<meta property=\"article:published_time\" content=\"2025-05-21T17:25:51+00:00\" \/>\n<meta property=\"article:modified_time\" content=\"2025-05-26T01:50:11+00:00\" \/>\n<meta property=\"og:image\" content=\"https:\/\/blog.saocamilo-sp.br\/wp-content\/uploads\/2025\/05\/Estudantes-Sao-Camilo.png\" \/>\n\t<meta property=\"og:image:width\" content=\"600\" \/>\n\t<meta property=\"og:image:height\" content=\"406\" \/>\n\t<meta property=\"og:image:type\" content=\"image\/png\" \/>\n<meta name=\"author\" content=\"Lucas Soares Gon\u00e7alves\" \/>\n<meta name=\"twitter:card\" content=\"summary_large_image\" \/>\n<meta name=\"twitter:creator\" content=\"@saocamilosp\" \/>\n<meta name=\"twitter:site\" content=\"@saocamilosp\" \/>\n<meta name=\"twitter:label1\" content=\"Escrito por\" \/>\n\t<meta name=\"twitter:data1\" content=\"Lucas Soares Gon\u00e7alves\" \/>\n\t<meta name=\"twitter:label2\" content=\"Est. tempo de leitura\" \/>\n\t<meta name=\"twitter:data2\" content=\"4 minutos\" \/>\n<script type=\"application\/ld+json\" class=\"yoast-schema-graph\">{\"@context\":\"https:\\\/\\\/schema.org\",\"@graph\":[{\"@type\":\"Article\",\"@id\":\"https:\\\/\\\/blog.saocamilo-sp.br\\\/index.php\\\/2025\\\/05\\\/21\\\/sao-camilo-3\\\/#article\",\"isPartOf\":{\"@id\":\"https:\\\/\\\/blog.saocamilo-sp.br\\\/index.php\\\/2025\\\/05\\\/21\\\/sao-camilo-3\\\/\"},\"author\":{\"name\":\"Lucas Soares Gon\u00e7alves\",\"@id\":\"https:\\\/\\\/blog.saocamilo-sp.br\\\/#\\\/schema\\\/person\\\/781135418152912d4b58f2db13a2eaf0\"},\"headline\":\"Centro Universit\u00e1rio S\u00e3o Camilo \u2013 tradi\u00e7\u00e3o, inova\u00e7\u00e3o e excel\u00eancia\",\"datePublished\":\"2025-05-21T17:25:51+00:00\",\"dateModified\":\"2025-05-26T01:50:11+00:00\",\"mainEntityOfPage\":{\"@id\":\"https:\\\/\\\/blog.saocamilo-sp.br\\\/index.php\\\/2025\\\/05\\\/21\\\/sao-camilo-3\\\/\"},\"wordCount\":829,\"commentCount\":0,\"publisher\":{\"@id\":\"https:\\\/\\\/blog.saocamilo-sp.br\\\/#organization\"},\"image\":{\"@id\":\"https:\\\/\\\/blog.saocamilo-sp.br\\\/index.php\\\/2025\\\/05\\\/21\\\/sao-camilo-3\\\/#primaryimage\"},\"thumbnailUrl\":\"https:\\\/\\\/blog.saocamilo-sp.br\\\/wp-content\\\/uploads\\\/2025\\\/05\\\/Estudantes-Sao-Camilo.png\",\"articleSection\":[\"Cursos\"],\"inLanguage\":\"pt-BR\",\"potentialAction\":[{\"@type\":\"CommentAction\",\"name\":\"Comment\",\"target\":[\"https:\\\/\\\/blog.saocamilo-sp.br\\\/index.php\\\/2025\\\/05\\\/21\\\/sao-camilo-3\\\/#respond\"]}]},{\"@type\":\"WebPage\",\"@id\":\"https:\\\/\\\/blog.saocamilo-sp.br\\\/index.php\\\/2025\\\/05\\\/21\\\/sao-camilo-3\\\/\",\"url\":\"https:\\\/\\\/blog.saocamilo-sp.br\\\/index.php\\\/2025\\\/05\\\/21\\\/sao-camilo-3\\\/\",\"name\":\"Centro Universit\u00e1rio S\u00e3o Camilo \u2013 tradi\u00e7\u00e3o, inova\u00e7\u00e3o e excel\u00eancia\",\"isPartOf\":{\"@id\":\"https:\\\/\\\/blog.saocamilo-sp.br\\\/#website\"},\"primaryImageOfPage\":{\"@id\":\"https:\\\/\\\/blog.saocamilo-sp.br\\\/index.php\\\/2025\\\/05\\\/21\\\/sao-camilo-3\\\/#primaryimage\"},\"image\":{\"@id\":\"https:\\\/\\\/blog.saocamilo-sp.br\\\/index.php\\\/2025\\\/05\\\/21\\\/sao-camilo-3\\\/#primaryimage\"},\"thumbnailUrl\":\"https:\\\/\\\/blog.saocamilo-sp.br\\\/wp-content\\\/uploads\\\/2025\\\/05\\\/Estudantes-Sao-Camilo.png\",\"datePublished\":\"2025-05-21T17:25:51+00:00\",\"dateModified\":\"2025-05-26T01:50:11+00:00\",\"description\":\"H\u00e1 mais de 40 anos o Centro Universit\u00e1rio S\u00e3o Camilo \u2013 SP dedica-se a forma\u00e7\u00e3o de profissionais nas \u00e1reas de Sa\u00fade, Gest\u00e3o e Educa\u00e7\u00e3o.\",\"breadcrumb\":{\"@id\":\"https:\\\/\\\/blog.saocamilo-sp.br\\\/index.php\\\/2025\\\/05\\\/21\\\/sao-camilo-3\\\/#breadcrumb\"},\"inLanguage\":\"pt-BR\",\"potentialAction\":[{\"@type\":\"ReadAction\",\"target\":[\"https:\\\/\\\/blog.saocamilo-sp.br\\\/index.php\\\/2025\\\/05\\\/21\\\/sao-camilo-3\\\/\"]}]},{\"@type\":\"ImageObject\",\"inLanguage\":\"pt-BR\",\"@id\":\"https:\\\/\\\/blog.saocamilo-sp.br\\\/index.php\\\/2025\\\/05\\\/21\\\/sao-camilo-3\\\/#primaryimage\",\"url\":\"https:\\\/\\\/blog.saocamilo-sp.br\\\/wp-content\\\/uploads\\\/2025\\\/05\\\/Estudantes-Sao-Camilo.png\",\"contentUrl\":\"https:\\\/\\\/blog.saocamilo-sp.br\\\/wp-content\\\/uploads\\\/2025\\\/05\\\/Estudantes-Sao-Camilo.png\",\"width\":600,\"height\":406,\"caption\":\"Estudantes S\u00e3o Camilo\"},{\"@type\":\"BreadcrumbList\",\"@id\":\"https:\\\/\\\/blog.saocamilo-sp.br\\\/index.php\\\/2025\\\/05\\\/21\\\/sao-camilo-3\\\/#breadcrumb\",\"itemListElement\":[{\"@type\":\"ListItem\",\"position\":1,\"name\":\"In\u00edcio\",\"item\":\"https:\\\/\\\/blog.saocamilo-sp.br\\\/\"},{\"@type\":\"ListItem\",\"position\":2,\"name\":\"Centro Universit\u00e1rio S\u00e3o Camilo \u2013 tradi\u00e7\u00e3o, inova\u00e7\u00e3o e excel\u00eancia\"}]},{\"@type\":\"WebSite\",\"@id\":\"https:\\\/\\\/blog.saocamilo-sp.br\\\/#website\",\"url\":\"https:\\\/\\\/blog.saocamilo-sp.br\\\/\",\"name\":\"Blog S\u00e3o Camilo\",\"description\":\"Blog do Centro Universit\u00e1rio S\u00e3o Camilo\",\"publisher\":{\"@id\":\"https:\\\/\\\/blog.saocamilo-sp.br\\\/#organization\"},\"potentialAction\":[{\"@type\":\"SearchAction\",\"target\":{\"@type\":\"EntryPoint\",\"urlTemplate\":\"https:\\\/\\\/blog.saocamilo-sp.br\\\/?s={search_term_string}\"},\"query-input\":{\"@type\":\"PropertyValueSpecification\",\"valueRequired\":true,\"valueName\":\"search_term_string\"}}],\"inLanguage\":\"pt-BR\"},{\"@type\":\"Organization\",\"@id\":\"https:\\\/\\\/blog.saocamilo-sp.br\\\/#organization\",\"name\":\"Blog S\u00e3o Camilo\",\"url\":\"https:\\\/\\\/blog.saocamilo-sp.br\\\/\",\"logo\":{\"@type\":\"ImageObject\",\"inLanguage\":\"pt-BR\",\"@id\":\"https:\\\/\\\/blog.saocamilo-sp.br\\\/#\\\/schema\\\/logo\\\/image\\\/\",\"url\":\"https:\\\/\\\/blog.saocamilo-sp.br\\\/wp-content\\\/uploads\\\/2021\\\/12\\\/cropped-vazio-logo-topo.png\",\"contentUrl\":\"https:\\\/\\\/blog.saocamilo-sp.br\\\/wp-content\\\/uploads\\\/2021\\\/12\\\/cropped-vazio-logo-topo.png\",\"width\":320,\"height\":240,\"caption\":\"Blog S\u00e3o Camilo\"},\"image\":{\"@id\":\"https:\\\/\\\/blog.saocamilo-sp.br\\\/#\\\/schema\\\/logo\\\/image\\\/\"},\"sameAs\":[\"https:\\\/\\\/www.facebook.com\\\/saocamilosp\",\"https:\\\/\\\/x.com\\\/saocamilosp\",\"https:\\\/\\\/www.linkedin.com\\\/school\\\/centro-universit-rio-s-o-camilo\\\/\"]},{\"@type\":\"Person\",\"@id\":\"https:\\\/\\\/blog.saocamilo-sp.br\\\/#\\\/schema\\\/person\\\/781135418152912d4b58f2db13a2eaf0\",\"name\":\"Lucas Soares Gon\u00e7alves\",\"image\":{\"@type\":\"ImageObject\",\"inLanguage\":\"pt-BR\",\"@id\":\"https:\\\/\\\/secure.gravatar.com\\\/avatar\\\/bcd2d703cbb48116eaac2cac8643792535238ff30b2d7ce9e16f9254ec9cae83?s=96&d=mm&r=g\",\"url\":\"https:\\\/\\\/secure.gravatar.com\\\/avatar\\\/bcd2d703cbb48116eaac2cac8643792535238ff30b2d7ce9e16f9254ec9cae83?s=96&d=mm&r=g\",\"contentUrl\":\"https:\\\/\\\/secure.gravatar.com\\\/avatar\\\/bcd2d703cbb48116eaac2cac8643792535238ff30b2d7ce9e16f9254ec9cae83?s=96&d=mm&r=g\",\"caption\":\"Lucas Soares Gon\u00e7alves\"},\"url\":\"https:\\\/\\\/blog.saocamilo-sp.br\\\/index.php\\\/author\\\/lucas-soares-goncalves\\\/\"}]}<\/script>\n<!-- \/ Yoast SEO plugin. -->","yoast_head_json":{"title":"Centro Universit\u00e1rio S\u00e3o Camilo \u2013 tradi\u00e7\u00e3o, inova\u00e7\u00e3o e excel\u00eancia","description":"H\u00e1 mais de 40 anos o Centro Universit\u00e1rio S\u00e3o Camilo \u2013 SP dedica-se a forma\u00e7\u00e3o de profissionais nas \u00e1reas de Sa\u00fade, Gest\u00e3o e Educa\u00e7\u00e3o.","robots":{"index":"index","follow":"follow","max-snippet":"max-snippet:-1","max-image-preview":"max-image-preview:large","max-video-preview":"max-video-preview:-1"},"canonical":"https:\/\/blog.saocamilo-sp.br\/index.php\/2025\/05\/21\/sao-camilo-3\/","og_locale":"pt_BR","og_type":"article","og_title":"Centro Universit\u00e1rio S\u00e3o Camilo \u2013 tradi\u00e7\u00e3o, inova\u00e7\u00e3o e excel\u00eancia","og_description":"H\u00e1 mais de 40 anos o Centro Universit\u00e1rio S\u00e3o Camilo \u2013 SP dedica-se a forma\u00e7\u00e3o de profissionais nas \u00e1reas de Sa\u00fade, Gest\u00e3o e Educa\u00e7\u00e3o.","og_url":"https:\/\/blog.saocamilo-sp.br\/index.php\/2025\/05\/21\/sao-camilo-3\/","og_site_name":"Blog S\u00e3o Camilo","article_publisher":"https:\/\/www.facebook.com\/saocamilosp","article_published_time":"2025-05-21T17:25:51+00:00","article_modified_time":"2025-05-26T01:50:11+00:00","og_image":[{"width":600,"height":406,"url":"https:\/\/blog.saocamilo-sp.br\/wp-content\/uploads\/2025\/05\/Estudantes-Sao-Camilo.png","type":"image\/png"}],"author":"Lucas Soares Gon\u00e7alves","twitter_card":"summary_large_image","twitter_creator":"@saocamilosp","twitter_site":"@saocamilosp","twitter_misc":{"Escrito por":"Lucas Soares Gon\u00e7alves","Est. tempo de leitura":"4 minutos"},"schema":{"@context":"https:\/\/schema.org","@graph":[{"@type":"Article","@id":"https:\/\/blog.saocamilo-sp.br\/index.php\/2025\/05\/21\/sao-camilo-3\/#article","isPartOf":{"@id":"https:\/\/blog.saocamilo-sp.br\/index.php\/2025\/05\/21\/sao-camilo-3\/"},"author":{"name":"Lucas Soares Gon\u00e7alves","@id":"https:\/\/blog.saocamilo-sp.br\/#\/schema\/person\/781135418152912d4b58f2db13a2eaf0"},"headline":"Centro Universit\u00e1rio S\u00e3o Camilo \u2013 tradi\u00e7\u00e3o, inova\u00e7\u00e3o e excel\u00eancia","datePublished":"2025-05-21T17:25:51+00:00","dateModified":"2025-05-26T01:50:11+00:00","mainEntityOfPage":{"@id":"https:\/\/blog.saocamilo-sp.br\/index.php\/2025\/05\/21\/sao-camilo-3\/"},"wordCount":829,"commentCount":0,"publisher":{"@id":"https:\/\/blog.saocamilo-sp.br\/#organization"},"image":{"@id":"https:\/\/blog.saocamilo-sp.br\/index.php\/2025\/05\/21\/sao-camilo-3\/#primaryimage"},"thumbnailUrl":"https:\/\/blog.saocamilo-sp.br\/wp-content\/uploads\/2025\/05\/Estudantes-Sao-Camilo.png","articleSection":["Cursos"],"inLanguage":"pt-BR","potentialAction":[{"@type":"CommentAction","name":"Comment","target":["https:\/\/blog.saocamilo-sp.br\/index.php\/2025\/05\/21\/sao-camilo-3\/#respond"]}]},{"@type":"WebPage","@id":"https:\/\/blog.saocamilo-sp.br\/index.php\/2025\/05\/21\/sao-camilo-3\/","url":"https:\/\/blog.saocamilo-sp.br\/index.php\/2025\/05\/21\/sao-camilo-3\/","name":"Centro Universit\u00e1rio S\u00e3o Camilo \u2013 tradi\u00e7\u00e3o, inova\u00e7\u00e3o e excel\u00eancia","isPartOf":{"@id":"https:\/\/blog.saocamilo-sp.br\/#website"},"primaryImageOfPage":{"@id":"https:\/\/blog.saocamilo-sp.br\/index.php\/2025\/05\/21\/sao-camilo-3\/#primaryimage"},"image":{"@id":"https:\/\/blog.saocamilo-sp.br\/index.php\/2025\/05\/21\/sao-camilo-3\/#primaryimage"},"thumbnailUrl":"https:\/\/blog.saocamilo-sp.br\/wp-content\/uploads\/2025\/05\/Estudantes-Sao-Camilo.png","datePublished":"2025-05-21T17:25:51+00:00","dateModified":"2025-05-26T01:50:11+00:00","description":"H\u00e1 mais de 40 anos o Centro Universit\u00e1rio S\u00e3o Camilo \u2013 SP dedica-se a forma\u00e7\u00e3o de profissionais nas \u00e1reas de Sa\u00fade, Gest\u00e3o e Educa\u00e7\u00e3o.","breadcrumb":{"@id":"https:\/\/blog.saocamilo-sp.br\/index.php\/2025\/05\/21\/sao-camilo-3\/#breadcrumb"},"inLanguage":"pt-BR","potentialAction":[{"@type":"ReadAction","target":["https:\/\/blog.saocamilo-sp.br\/index.php\/2025\/05\/21\/sao-camilo-3\/"]}]},{"@type":"ImageObject","inLanguage":"pt-BR","@id":"https:\/\/blog.saocamilo-sp.br\/index.php\/2025\/05\/21\/sao-camilo-3\/#primaryimage","url":"https:\/\/blog.saocamilo-sp.br\/wp-content\/uploads\/2025\/05\/Estudantes-Sao-Camilo.png","contentUrl":"https:\/\/blog.saocamilo-sp.br\/wp-content\/uploads\/2025\/05\/Estudantes-Sao-Camilo.png","width":600,"height":406,"caption":"Estudantes S\u00e3o Camilo"},{"@type":"BreadcrumbList","@id":"https:\/\/blog.saocamilo-sp.br\/index.php\/2025\/05\/21\/sao-camilo-3\/#breadcrumb","itemListElement":[{"@type":"ListItem","position":1,"name":"In\u00edcio","item":"https:\/\/blog.saocamilo-sp.br\/"},{"@type":"ListItem","position":2,"name":"Centro Universit\u00e1rio S\u00e3o Camilo \u2013 tradi\u00e7\u00e3o, inova\u00e7\u00e3o e excel\u00eancia"}]},{"@type":"WebSite","@id":"https:\/\/blog.saocamilo-sp.br\/#website","url":"https:\/\/blog.saocamilo-sp.br\/","name":"Blog S\u00e3o Camilo","description":"Blog do Centro Universit\u00e1rio S\u00e3o Camilo","publisher":{"@id":"https:\/\/blog.saocamilo-sp.br\/#organization"},"potentialAction":[{"@type":"SearchAction","target":{"@type":"EntryPoint","urlTemplate":"https:\/\/blog.saocamilo-sp.br\/?s={search_term_string}"},"query-input":{"@type":"PropertyValueSpecification","valueRequired":true,"valueName":"search_term_string"}}],"inLanguage":"pt-BR"},{"@type":"Organization","@id":"https:\/\/blog.saocamilo-sp.br\/#organization","name":"Blog S\u00e3o Camilo","url":"https:\/\/blog.saocamilo-sp.br\/","logo":{"@type":"ImageObject","inLanguage":"pt-BR","@id":"https:\/\/blog.saocamilo-sp.br\/#\/schema\/logo\/image\/","url":"https:\/\/blog.saocamilo-sp.br\/wp-content\/uploads\/2021\/12\/cropped-vazio-logo-topo.png","contentUrl":"https:\/\/blog.saocamilo-sp.br\/wp-content\/uploads\/2021\/12\/cropped-vazio-logo-topo.png","width":320,"height":240,"caption":"Blog S\u00e3o Camilo"},"image":{"@id":"https:\/\/blog.saocamilo-sp.br\/#\/schema\/logo\/image\/"},"sameAs":["https:\/\/www.facebook.com\/saocamilosp","https:\/\/x.com\/saocamilosp","https:\/\/www.linkedin.com\/school\/centro-universit-rio-s-o-camilo\/"]},{"@type":"Person","@id":"https:\/\/blog.saocamilo-sp.br\/#\/schema\/person\/781135418152912d4b58f2db13a2eaf0","name":"Lucas Soares Gon\u00e7alves","image":{"@type":"ImageObject","inLanguage":"pt-BR","@id":"https:\/\/secure.gravatar.com\/avatar\/bcd2d703cbb48116eaac2cac8643792535238ff30b2d7ce9e16f9254ec9cae83?s=96&d=mm&r=g","url":"https:\/\/secure.gravatar.com\/avatar\/bcd2d703cbb48116eaac2cac8643792535238ff30b2d7ce9e16f9254ec9cae83?s=96&d=mm&r=g","contentUrl":"https:\/\/secure.gravatar.com\/avatar\/bcd2d703cbb48116eaac2cac8643792535238ff30b2d7ce9e16f9254ec9cae83?s=96&d=mm&r=g","caption":"Lucas Soares Gon\u00e7alves"},"url":"https:\/\/blog.saocamilo-sp.br\/index.php\/author\/lucas-soares-goncalves\/"}]}},"_links":{"self":[{"href":"https:\/\/blog.saocamilo-sp.br\/index.php\/wp-json\/wp\/v2\/posts\/3792","targetHints":{"allow":["GET"]}}],"collection":[{"href":"https:\/\/blog.saocamilo-sp.br\/index.php\/wp-json\/wp\/v2\/posts"}],"about":[{"href":"https:\/\/blog.saocamilo-sp.br\/index.php\/wp-json\/wp\/v2\/types\/post"}],"author":[{"embeddable":true,"href":"https:\/\/blog.saocamilo-sp.br\/index.php\/wp-json\/wp\/v2\/users\/4"}],"replies":[{"embeddable":true,"href":"https:\/\/blog.saocamilo-sp.br\/index.php\/wp-json\/wp\/v2\/comments?post=3792"}],"version-history":[{"count":6,"href":"https:\/\/blog.saocamilo-sp.br\/index.php\/wp-json\/wp\/v2\/posts\/3792\/revisions"}],"predecessor-version":[{"id":3814,"href":"https:\/\/blog.saocamilo-sp.br\/index.php\/wp-json\/wp\/v2\/posts\/3792\/revisions\/3814"}],"wp:featuredmedia":[{"embeddable":true,"href":"https:\/\/blog.saocamilo-sp.br\/index.php\/wp-json\/wp\/v2\/media\/3806"}],"wp:attachment":[{"href":"https:\/\/blog.saocamilo-sp.br\/index.php\/wp-json\/wp\/v2\/media?parent=3792"}],"wp:term":[{"taxonomy":"category","embeddable":true,"href":"https:\/\/blog.saocamilo-sp.br\/index.php\/wp-json\/wp\/v2\/categories?post=3792"},{"taxonomy":"post_tag","embeddable":true,"href":"https:\/\/blog.saocamilo-sp.br\/index.php\/wp-json\/wp\/v2\/tags?post=3792"}],"curies":[{"name":"wp","href":"https:\/\/api.w.org\/{rel}","templated":true}]}}