{"id":3803,"date":"2025-05-25T22:29:23","date_gmt":"2025-05-26T01:29:23","guid":{"rendered":"https:\/\/blog.saocamilo-sp.br\/?p=3803"},"modified":"2025-05-25T22:49:15","modified_gmt":"2025-05-26T01:49:15","slug":"anec-educacao-catolica-celebra-dia-internacional","status":"publish","type":"post","link":"https:\/\/blog.saocamilo-sp.br\/index.php\/2025\/05\/25\/anec-educacao-catolica-celebra-dia-internacional\/","title":{"rendered":"ANEC celebra dia internacional da educa\u00e7\u00e3o cat\u00f3lica"},"content":{"rendered":"\n<p><br>Bras\u00edlia, maio de 2025 \u2013 No pr\u00f3ximo dia 29 de maio, ser\u00e1 celebrado, em diversos pa\u00edses, o Dia<br>Internacional da Educa\u00e7\u00e3o Cat\u00f3lica, data institu\u00edda em 2002, pela Organiza\u00e7\u00e3o Internacional da<br>Educa\u00e7\u00e3o Cat\u00f3lica (OIEC) e comemorada sempre na quinta-feira que antecede a Solenidade da<br>Ascens\u00e3o do Senhor.<br><br>No Brasil, a celebra\u00e7\u00e3o ser\u00e1 coordenada pela Associa\u00e7\u00e3o Nacional de Educa\u00e7\u00e3o Cat\u00f3lica do Brasil<br>(ANEC), que completa, neste ano, 80 anos de funda\u00e7\u00e3o. A data ganha um significado ainda mais<br>especial com o tema nacional de 2025: \u201cEduca\u00e7\u00e3o Cat\u00f3lica: tradi\u00e7\u00e3o que inspira, experi\u00eancia<br>que transforma\u201d.<br><br>Com mais de 2 mil institui\u00e7\u00f5es educacionais ligadas \u00e0 Igreja no pa\u00eds, mantidas por congrega\u00e7\u00f5es<br>religiosas, dioceses e associa\u00e7\u00f5es de fi\u00e9is, a educa\u00e7\u00e3o cat\u00f3lica \u00e9 um dos maiores servi\u00e7os<br>prestados pela Igreja \u00e0 sociedade brasileira. Al\u00e9m de seu compromisso com a excel\u00eancia<br>acad\u00eamica, a forma\u00e7\u00e3o integral e os valores crist\u00e3os, as institui\u00e7\u00f5es cat\u00f3licas t\u00eam forte impacto<br>social: para cada 1 real de imunidade tribut\u00e1ria, devolvem \u00e0 sociedade o equivalente a 24 reais em<br>educa\u00e7\u00e3o e assist\u00eancia social.<br><br>A semana comemorativa contar\u00e1 com a\u00e7\u00f5es integradas de m\u00eddia nas redes sociais, celebra\u00e7\u00f5es<br>lit\u00fargicas nas escolas e universidades e outras diversas a\u00e7\u00f5es ao longo da semana. \u201cA celebra\u00e7\u00e3o<br>deste dia \u00e9, ao mesmo tempo, um ato de gratid\u00e3o e de compromisso. A tradi\u00e7\u00e3o educacional da<br>Igreja \u00e9, al\u00e9m de um patrim\u00f4nio do passado, um impulso constante para renovar a miss\u00e3o<br>evangelizadora no campo da educa\u00e7\u00e3o\u201d, afirma o presidente da ANEC, Pe. Jo\u00e3o Batista Gomes de<br>Lima.<br><br>A ANEC convida toda a sociedade, especialmente as comunidades educativas e eclesiais, a se<br>unirem nesta celebra\u00e7\u00e3o, reconhecendo a relev\u00e2ncia hist\u00f3rica e o papel atual da educa\u00e7\u00e3o<br>cat\u00f3lica na forma\u00e7\u00e3o de cidad\u00e3os comprometidos com a justi\u00e7a, a solidariedade e o bem comum.<br><br>Mais informa\u00e7\u00f5es:<br><a href=\"http:\/\/www.anec.org.br\">www.anec.org.br<\/a> | @anecbrasil<\/p>\n\n\n\n<p><strong>Veja tamb\u00e9m<\/strong><br><a href=\"https:\/\/blog.saocamilo-sp.br\/index.php\/2024\/05\/24\/centro-universitario-sao-camilo-conquista-o-selo-ies-amiga-da-iniciacao-cientifica-do-semesp\/\">Centro Universit\u00e1rio S\u00e3o Camilo Conquista o Selo \u201cIES Amiga da Inicia\u00e7\u00e3o Cient\u00edfica\u201d do SEMESP<\/a><br><a href=\"https:\/\/blog.saocamilo-sp.br\/index.php\/2023\/03\/29\/docente-e-estudantes-camilianos-falam-sobre-convivio-entre-geracoes-a-folha\/\">Docente e estudantes camilianos falam sobre o conv\u00edvio entre gera\u00e7\u00f5es \u00e0 Folha<\/a><br><a href=\"https:\/\/blog.saocamilo-sp.br\/index.php\/2023\/02\/13\/curso-de-medicina-do-centro-universitario-sao-camilo-recebe-certificacao-do-cfm\/\">Medicina da S\u00e3o Camilo recebe certifica\u00e7\u00e3o do CFM<\/a><\/p>\n","protected":false},"excerpt":{"rendered":"<p>Associa\u00e7\u00e3o Nacional de Educa\u00e7\u00e3o Cat\u00f3lica do Brasil (ANEC) celebra a data com programa\u00e7\u00e3o exclusiva.<\/p>\n","protected":false},"author":13,"featured_media":3793,"comment_status":"open","ping_status":"open","sticky":false,"template":"","format":"standard","meta":{"cybocfi_hide_featured_image":"","footnotes":""},"categories":[91],"tags":[203],"class_list":["post-3803","post","type-post","status-publish","format-standard","has-post-thumbnail","hentry","category-institucional","tag-anec"],"yoast_head":"<!-- This site is optimized with the Yoast SEO plugin v27.5 - https:\/\/yoast.com\/product\/yoast-seo-wordpress\/ -->\n<title>ANEC celebra dia internacional da educa\u00e7\u00e3o cat\u00f3lica<\/title>\n<meta name=\"description\" content=\"No Brasil, a celebra\u00e7\u00e3o ser\u00e1 coordenada pela ANEC - Associa\u00e7\u00e3o Nacional de Educa\u00e7\u00e3o Cat\u00f3lica do Brasil(ANEC), que completa, neste ano, 80 anos de funda\u00e7\u00e3o.\" \/>\n<meta name=\"robots\" content=\"index, follow, max-snippet:-1, max-image-preview:large, max-video-preview:-1\" \/>\n<link rel=\"canonical\" href=\"https:\/\/blog.saocamilo-sp.br\/index.php\/2025\/05\/25\/anec-educacao-catolica-celebra-dia-internacional\/\" \/>\n<meta property=\"og:locale\" content=\"pt_BR\" \/>\n<meta property=\"og:type\" content=\"article\" \/>\n<meta property=\"og:title\" content=\"ANEC celebra dia internacional da educa\u00e7\u00e3o cat\u00f3lica\" \/>\n<meta property=\"og:description\" content=\"No Brasil, a celebra\u00e7\u00e3o ser\u00e1 coordenada pela ANEC - Associa\u00e7\u00e3o Nacional de Educa\u00e7\u00e3o Cat\u00f3lica do Brasil(ANEC), que completa, neste ano, 80 anos de funda\u00e7\u00e3o.\" \/>\n<meta property=\"og:url\" content=\"https:\/\/blog.saocamilo-sp.br\/index.php\/2025\/05\/25\/anec-educacao-catolica-celebra-dia-internacional\/\" \/>\n<meta property=\"og:site_name\" content=\"Blog S\u00e3o Camilo\" \/>\n<meta property=\"article:publisher\" content=\"https:\/\/www.facebook.com\/saocamilosp\" \/>\n<meta property=\"article:published_time\" content=\"2025-05-26T01:29:23+00:00\" \/>\n<meta property=\"article:modified_time\" content=\"2025-05-26T01:49:15+00:00\" \/>\n<meta property=\"og:image\" content=\"https:\/\/blog.saocamilo-sp.br\/wp-content\/uploads\/2025\/05\/imagem-37.png\" \/>\n\t<meta property=\"og:image:width\" content=\"600\" \/>\n\t<meta property=\"og:image:height\" content=\"406\" \/>\n\t<meta property=\"og:image:type\" content=\"image\/png\" \/>\n<meta name=\"author\" content=\"Leandro Lafr\u00e1gola\" \/>\n<meta name=\"twitter:card\" content=\"summary_large_image\" \/>\n<meta name=\"twitter:creator\" content=\"@saocamilosp\" \/>\n<meta name=\"twitter:site\" content=\"@saocamilosp\" \/>\n<meta name=\"twitter:label1\" content=\"Escrito por\" \/>\n\t<meta name=\"twitter:data1\" content=\"Leandro Lafr\u00e1gola\" \/>\n\t<meta name=\"twitter:label2\" content=\"Est. tempo de leitura\" \/>\n\t<meta name=\"twitter:data2\" content=\"3 minutos\" \/>\n<script type=\"application\/ld+json\" class=\"yoast-schema-graph\">{\"@context\":\"https:\\\/\\\/schema.org\",\"@graph\":[{\"@type\":\"Article\",\"@id\":\"https:\\\/\\\/blog.saocamilo-sp.br\\\/index.php\\\/2025\\\/05\\\/25\\\/anec-educacao-catolica-celebra-dia-internacional\\\/#article\",\"isPartOf\":{\"@id\":\"https:\\\/\\\/blog.saocamilo-sp.br\\\/index.php\\\/2025\\\/05\\\/25\\\/anec-educacao-catolica-celebra-dia-internacional\\\/\"},\"author\":{\"name\":\"Leandro Lafr\u00e1gola\",\"@id\":\"https:\\\/\\\/blog.saocamilo-sp.br\\\/#\\\/schema\\\/person\\\/1a99645faaab0bb55105f817e866e19b\"},\"headline\":\"ANEC celebra dia internacional da educa\u00e7\u00e3o cat\u00f3lica\",\"datePublished\":\"2025-05-26T01:29:23+00:00\",\"dateModified\":\"2025-05-26T01:49:15+00:00\",\"mainEntityOfPage\":{\"@id\":\"https:\\\/\\\/blog.saocamilo-sp.br\\\/index.php\\\/2025\\\/05\\\/25\\\/anec-educacao-catolica-celebra-dia-internacional\\\/\"},\"wordCount\":374,\"commentCount\":0,\"publisher\":{\"@id\":\"https:\\\/\\\/blog.saocamilo-sp.br\\\/#organization\"},\"image\":{\"@id\":\"https:\\\/\\\/blog.saocamilo-sp.br\\\/index.php\\\/2025\\\/05\\\/25\\\/anec-educacao-catolica-celebra-dia-internacional\\\/#primaryimage\"},\"thumbnailUrl\":\"https:\\\/\\\/blog.saocamilo-sp.br\\\/wp-content\\\/uploads\\\/2025\\\/05\\\/imagem-37.png\",\"keywords\":[\"anec\"],\"articleSection\":[\"Institucional\"],\"inLanguage\":\"pt-BR\",\"potentialAction\":[{\"@type\":\"CommentAction\",\"name\":\"Comment\",\"target\":[\"https:\\\/\\\/blog.saocamilo-sp.br\\\/index.php\\\/2025\\\/05\\\/25\\\/anec-educacao-catolica-celebra-dia-internacional\\\/#respond\"]}]},{\"@type\":\"WebPage\",\"@id\":\"https:\\\/\\\/blog.saocamilo-sp.br\\\/index.php\\\/2025\\\/05\\\/25\\\/anec-educacao-catolica-celebra-dia-internacional\\\/\",\"url\":\"https:\\\/\\\/blog.saocamilo-sp.br\\\/index.php\\\/2025\\\/05\\\/25\\\/anec-educacao-catolica-celebra-dia-internacional\\\/\",\"name\":\"ANEC celebra dia internacional da educa\u00e7\u00e3o cat\u00f3lica\",\"isPartOf\":{\"@id\":\"https:\\\/\\\/blog.saocamilo-sp.br\\\/#website\"},\"primaryImageOfPage\":{\"@id\":\"https:\\\/\\\/blog.saocamilo-sp.br\\\/index.php\\\/2025\\\/05\\\/25\\\/anec-educacao-catolica-celebra-dia-internacional\\\/#primaryimage\"},\"image\":{\"@id\":\"https:\\\/\\\/blog.saocamilo-sp.br\\\/index.php\\\/2025\\\/05\\\/25\\\/anec-educacao-catolica-celebra-dia-internacional\\\/#primaryimage\"},\"thumbnailUrl\":\"https:\\\/\\\/blog.saocamilo-sp.br\\\/wp-content\\\/uploads\\\/2025\\\/05\\\/imagem-37.png\",\"datePublished\":\"2025-05-26T01:29:23+00:00\",\"dateModified\":\"2025-05-26T01:49:15+00:00\",\"description\":\"No Brasil, a celebra\u00e7\u00e3o ser\u00e1 coordenada pela ANEC - Associa\u00e7\u00e3o Nacional de Educa\u00e7\u00e3o Cat\u00f3lica do Brasil(ANEC), que completa, neste ano, 80 anos de funda\u00e7\u00e3o.\",\"breadcrumb\":{\"@id\":\"https:\\\/\\\/blog.saocamilo-sp.br\\\/index.php\\\/2025\\\/05\\\/25\\\/anec-educacao-catolica-celebra-dia-internacional\\\/#breadcrumb\"},\"inLanguage\":\"pt-BR\",\"potentialAction\":[{\"@type\":\"ReadAction\",\"target\":[\"https:\\\/\\\/blog.saocamilo-sp.br\\\/index.php\\\/2025\\\/05\\\/25\\\/anec-educacao-catolica-celebra-dia-internacional\\\/\"]}]},{\"@type\":\"ImageObject\",\"inLanguage\":\"pt-BR\",\"@id\":\"https:\\\/\\\/blog.saocamilo-sp.br\\\/index.php\\\/2025\\\/05\\\/25\\\/anec-educacao-catolica-celebra-dia-internacional\\\/#primaryimage\",\"url\":\"https:\\\/\\\/blog.saocamilo-sp.br\\\/wp-content\\\/uploads\\\/2025\\\/05\\\/imagem-37.png\",\"contentUrl\":\"https:\\\/\\\/blog.saocamilo-sp.br\\\/wp-content\\\/uploads\\\/2025\\\/05\\\/imagem-37.png\",\"width\":600,\"height\":406,\"caption\":\"ANEC Dia da Educa\u00e7\u00e3o Cat\u00f3lica\"},{\"@type\":\"BreadcrumbList\",\"@id\":\"https:\\\/\\\/blog.saocamilo-sp.br\\\/index.php\\\/2025\\\/05\\\/25\\\/anec-educacao-catolica-celebra-dia-internacional\\\/#breadcrumb\",\"itemListElement\":[{\"@type\":\"ListItem\",\"position\":1,\"name\":\"In\u00edcio\",\"item\":\"https:\\\/\\\/blog.saocamilo-sp.br\\\/\"},{\"@type\":\"ListItem\",\"position\":2,\"name\":\"ANEC celebra dia internacional da educa\u00e7\u00e3o cat\u00f3lica\"}]},{\"@type\":\"WebSite\",\"@id\":\"https:\\\/\\\/blog.saocamilo-sp.br\\\/#website\",\"url\":\"https:\\\/\\\/blog.saocamilo-sp.br\\\/\",\"name\":\"Blog S\u00e3o Camilo\",\"description\":\"Blog do Centro Universit\u00e1rio S\u00e3o Camilo\",\"publisher\":{\"@id\":\"https:\\\/\\\/blog.saocamilo-sp.br\\\/#organization\"},\"potentialAction\":[{\"@type\":\"SearchAction\",\"target\":{\"@type\":\"EntryPoint\",\"urlTemplate\":\"https:\\\/\\\/blog.saocamilo-sp.br\\\/?s={search_term_string}\"},\"query-input\":{\"@type\":\"PropertyValueSpecification\",\"valueRequired\":true,\"valueName\":\"search_term_string\"}}],\"inLanguage\":\"pt-BR\"},{\"@type\":\"Organization\",\"@id\":\"https:\\\/\\\/blog.saocamilo-sp.br\\\/#organization\",\"name\":\"Blog S\u00e3o Camilo\",\"url\":\"https:\\\/\\\/blog.saocamilo-sp.br\\\/\",\"logo\":{\"@type\":\"ImageObject\",\"inLanguage\":\"pt-BR\",\"@id\":\"https:\\\/\\\/blog.saocamilo-sp.br\\\/#\\\/schema\\\/logo\\\/image\\\/\",\"url\":\"https:\\\/\\\/blog.saocamilo-sp.br\\\/wp-content\\\/uploads\\\/2021\\\/12\\\/cropped-vazio-logo-topo.png\",\"contentUrl\":\"https:\\\/\\\/blog.saocamilo-sp.br\\\/wp-content\\\/uploads\\\/2021\\\/12\\\/cropped-vazio-logo-topo.png\",\"width\":320,\"height\":240,\"caption\":\"Blog S\u00e3o Camilo\"},\"image\":{\"@id\":\"https:\\\/\\\/blog.saocamilo-sp.br\\\/#\\\/schema\\\/logo\\\/image\\\/\"},\"sameAs\":[\"https:\\\/\\\/www.facebook.com\\\/saocamilosp\",\"https:\\\/\\\/x.com\\\/saocamilosp\",\"https:\\\/\\\/www.linkedin.com\\\/school\\\/centro-universit-rio-s-o-camilo\\\/\"]},{\"@type\":\"Person\",\"@id\":\"https:\\\/\\\/blog.saocamilo-sp.br\\\/#\\\/schema\\\/person\\\/1a99645faaab0bb55105f817e866e19b\",\"name\":\"Leandro Lafr\u00e1gola\",\"image\":{\"@type\":\"ImageObject\",\"inLanguage\":\"pt-BR\",\"@id\":\"https:\\\/\\\/secure.gravatar.com\\\/avatar\\\/ec4232fb8d50d80f1c672353dc4c2876490e6a0a2a33d6572c0ba1fb78f115cf?s=96&d=mm&r=g\",\"url\":\"https:\\\/\\\/secure.gravatar.com\\\/avatar\\\/ec4232fb8d50d80f1c672353dc4c2876490e6a0a2a33d6572c0ba1fb78f115cf?s=96&d=mm&r=g\",\"contentUrl\":\"https:\\\/\\\/secure.gravatar.com\\\/avatar\\\/ec4232fb8d50d80f1c672353dc4c2876490e6a0a2a33d6572c0ba1fb78f115cf?s=96&d=mm&r=g\",\"caption\":\"Leandro Lafr\u00e1gola\"},\"url\":\"https:\\\/\\\/blog.saocamilo-sp.br\\\/index.php\\\/author\\\/llafragola\\\/\"}]}<\/script>\n<!-- \/ Yoast SEO plugin. -->","yoast_head_json":{"title":"ANEC celebra dia internacional da educa\u00e7\u00e3o cat\u00f3lica","description":"No Brasil, a celebra\u00e7\u00e3o ser\u00e1 coordenada pela ANEC - Associa\u00e7\u00e3o Nacional de Educa\u00e7\u00e3o Cat\u00f3lica do Brasil(ANEC), que completa, neste ano, 80 anos de funda\u00e7\u00e3o.","robots":{"index":"index","follow":"follow","max-snippet":"max-snippet:-1","max-image-preview":"max-image-preview:large","max-video-preview":"max-video-preview:-1"},"canonical":"https:\/\/blog.saocamilo-sp.br\/index.php\/2025\/05\/25\/anec-educacao-catolica-celebra-dia-internacional\/","og_locale":"pt_BR","og_type":"article","og_title":"ANEC celebra dia internacional da educa\u00e7\u00e3o cat\u00f3lica","og_description":"No Brasil, a celebra\u00e7\u00e3o ser\u00e1 coordenada pela ANEC - Associa\u00e7\u00e3o Nacional de Educa\u00e7\u00e3o Cat\u00f3lica do Brasil(ANEC), que completa, neste ano, 80 anos de funda\u00e7\u00e3o.","og_url":"https:\/\/blog.saocamilo-sp.br\/index.php\/2025\/05\/25\/anec-educacao-catolica-celebra-dia-internacional\/","og_site_name":"Blog S\u00e3o Camilo","article_publisher":"https:\/\/www.facebook.com\/saocamilosp","article_published_time":"2025-05-26T01:29:23+00:00","article_modified_time":"2025-05-26T01:49:15+00:00","og_image":[{"width":600,"height":406,"url":"https:\/\/blog.saocamilo-sp.br\/wp-content\/uploads\/2025\/05\/imagem-37.png","type":"image\/png"}],"author":"Leandro Lafr\u00e1gola","twitter_card":"summary_large_image","twitter_creator":"@saocamilosp","twitter_site":"@saocamilosp","twitter_misc":{"Escrito por":"Leandro Lafr\u00e1gola","Est. tempo de leitura":"3 minutos"},"schema":{"@context":"https:\/\/schema.org","@graph":[{"@type":"Article","@id":"https:\/\/blog.saocamilo-sp.br\/index.php\/2025\/05\/25\/anec-educacao-catolica-celebra-dia-internacional\/#article","isPartOf":{"@id":"https:\/\/blog.saocamilo-sp.br\/index.php\/2025\/05\/25\/anec-educacao-catolica-celebra-dia-internacional\/"},"author":{"name":"Leandro Lafr\u00e1gola","@id":"https:\/\/blog.saocamilo-sp.br\/#\/schema\/person\/1a99645faaab0bb55105f817e866e19b"},"headline":"ANEC celebra dia internacional da educa\u00e7\u00e3o cat\u00f3lica","datePublished":"2025-05-26T01:29:23+00:00","dateModified":"2025-05-26T01:49:15+00:00","mainEntityOfPage":{"@id":"https:\/\/blog.saocamilo-sp.br\/index.php\/2025\/05\/25\/anec-educacao-catolica-celebra-dia-internacional\/"},"wordCount":374,"commentCount":0,"publisher":{"@id":"https:\/\/blog.saocamilo-sp.br\/#organization"},"image":{"@id":"https:\/\/blog.saocamilo-sp.br\/index.php\/2025\/05\/25\/anec-educacao-catolica-celebra-dia-internacional\/#primaryimage"},"thumbnailUrl":"https:\/\/blog.saocamilo-sp.br\/wp-content\/uploads\/2025\/05\/imagem-37.png","keywords":["anec"],"articleSection":["Institucional"],"inLanguage":"pt-BR","potentialAction":[{"@type":"CommentAction","name":"Comment","target":["https:\/\/blog.saocamilo-sp.br\/index.php\/2025\/05\/25\/anec-educacao-catolica-celebra-dia-internacional\/#respond"]}]},{"@type":"WebPage","@id":"https:\/\/blog.saocamilo-sp.br\/index.php\/2025\/05\/25\/anec-educacao-catolica-celebra-dia-internacional\/","url":"https:\/\/blog.saocamilo-sp.br\/index.php\/2025\/05\/25\/anec-educacao-catolica-celebra-dia-internacional\/","name":"ANEC celebra dia internacional da educa\u00e7\u00e3o cat\u00f3lica","isPartOf":{"@id":"https:\/\/blog.saocamilo-sp.br\/#website"},"primaryImageOfPage":{"@id":"https:\/\/blog.saocamilo-sp.br\/index.php\/2025\/05\/25\/anec-educacao-catolica-celebra-dia-internacional\/#primaryimage"},"image":{"@id":"https:\/\/blog.saocamilo-sp.br\/index.php\/2025\/05\/25\/anec-educacao-catolica-celebra-dia-internacional\/#primaryimage"},"thumbnailUrl":"https:\/\/blog.saocamilo-sp.br\/wp-content\/uploads\/2025\/05\/imagem-37.png","datePublished":"2025-05-26T01:29:23+00:00","dateModified":"2025-05-26T01:49:15+00:00","description":"No Brasil, a celebra\u00e7\u00e3o ser\u00e1 coordenada pela ANEC - Associa\u00e7\u00e3o Nacional de Educa\u00e7\u00e3o Cat\u00f3lica do Brasil(ANEC), que completa, neste ano, 80 anos de funda\u00e7\u00e3o.","breadcrumb":{"@id":"https:\/\/blog.saocamilo-sp.br\/index.php\/2025\/05\/25\/anec-educacao-catolica-celebra-dia-internacional\/#breadcrumb"},"inLanguage":"pt-BR","potentialAction":[{"@type":"ReadAction","target":["https:\/\/blog.saocamilo-sp.br\/index.php\/2025\/05\/25\/anec-educacao-catolica-celebra-dia-internacional\/"]}]},{"@type":"ImageObject","inLanguage":"pt-BR","@id":"https:\/\/blog.saocamilo-sp.br\/index.php\/2025\/05\/25\/anec-educacao-catolica-celebra-dia-internacional\/#primaryimage","url":"https:\/\/blog.saocamilo-sp.br\/wp-content\/uploads\/2025\/05\/imagem-37.png","contentUrl":"https:\/\/blog.saocamilo-sp.br\/wp-content\/uploads\/2025\/05\/imagem-37.png","width":600,"height":406,"caption":"ANEC Dia da Educa\u00e7\u00e3o Cat\u00f3lica"},{"@type":"BreadcrumbList","@id":"https:\/\/blog.saocamilo-sp.br\/index.php\/2025\/05\/25\/anec-educacao-catolica-celebra-dia-internacional\/#breadcrumb","itemListElement":[{"@type":"ListItem","position":1,"name":"In\u00edcio","item":"https:\/\/blog.saocamilo-sp.br\/"},{"@type":"ListItem","position":2,"name":"ANEC celebra dia internacional da educa\u00e7\u00e3o cat\u00f3lica"}]},{"@type":"WebSite","@id":"https:\/\/blog.saocamilo-sp.br\/#website","url":"https:\/\/blog.saocamilo-sp.br\/","name":"Blog S\u00e3o Camilo","description":"Blog do Centro Universit\u00e1rio S\u00e3o Camilo","publisher":{"@id":"https:\/\/blog.saocamilo-sp.br\/#organization"},"potentialAction":[{"@type":"SearchAction","target":{"@type":"EntryPoint","urlTemplate":"https:\/\/blog.saocamilo-sp.br\/?s={search_term_string}"},"query-input":{"@type":"PropertyValueSpecification","valueRequired":true,"valueName":"search_term_string"}}],"inLanguage":"pt-BR"},{"@type":"Organization","@id":"https:\/\/blog.saocamilo-sp.br\/#organization","name":"Blog S\u00e3o Camilo","url":"https:\/\/blog.saocamilo-sp.br\/","logo":{"@type":"ImageObject","inLanguage":"pt-BR","@id":"https:\/\/blog.saocamilo-sp.br\/#\/schema\/logo\/image\/","url":"https:\/\/blog.saocamilo-sp.br\/wp-content\/uploads\/2021\/12\/cropped-vazio-logo-topo.png","contentUrl":"https:\/\/blog.saocamilo-sp.br\/wp-content\/uploads\/2021\/12\/cropped-vazio-logo-topo.png","width":320,"height":240,"caption":"Blog S\u00e3o Camilo"},"image":{"@id":"https:\/\/blog.saocamilo-sp.br\/#\/schema\/logo\/image\/"},"sameAs":["https:\/\/www.facebook.com\/saocamilosp","https:\/\/x.com\/saocamilosp","https:\/\/www.linkedin.com\/school\/centro-universit-rio-s-o-camilo\/"]},{"@type":"Person","@id":"https:\/\/blog.saocamilo-sp.br\/#\/schema\/person\/1a99645faaab0bb55105f817e866e19b","name":"Leandro Lafr\u00e1gola","image":{"@type":"ImageObject","inLanguage":"pt-BR","@id":"https:\/\/secure.gravatar.com\/avatar\/ec4232fb8d50d80f1c672353dc4c2876490e6a0a2a33d6572c0ba1fb78f115cf?s=96&d=mm&r=g","url":"https:\/\/secure.gravatar.com\/avatar\/ec4232fb8d50d80f1c672353dc4c2876490e6a0a2a33d6572c0ba1fb78f115cf?s=96&d=mm&r=g","contentUrl":"https:\/\/secure.gravatar.com\/avatar\/ec4232fb8d50d80f1c672353dc4c2876490e6a0a2a33d6572c0ba1fb78f115cf?s=96&d=mm&r=g","caption":"Leandro Lafr\u00e1gola"},"url":"https:\/\/blog.saocamilo-sp.br\/index.php\/author\/llafragola\/"}]}},"_links":{"self":[{"href":"https:\/\/blog.saocamilo-sp.br\/index.php\/wp-json\/wp\/v2\/posts\/3803","targetHints":{"allow":["GET"]}}],"collection":[{"href":"https:\/\/blog.saocamilo-sp.br\/index.php\/wp-json\/wp\/v2\/posts"}],"about":[{"href":"https:\/\/blog.saocamilo-sp.br\/index.php\/wp-json\/wp\/v2\/types\/post"}],"author":[{"embeddable":true,"href":"https:\/\/blog.saocamilo-sp.br\/index.php\/wp-json\/wp\/v2\/users\/13"}],"replies":[{"embeddable":true,"href":"https:\/\/blog.saocamilo-sp.br\/index.php\/wp-json\/wp\/v2\/comments?post=3803"}],"version-history":[{"count":4,"href":"https:\/\/blog.saocamilo-sp.br\/index.php\/wp-json\/wp\/v2\/posts\/3803\/revisions"}],"predecessor-version":[{"id":3813,"href":"https:\/\/blog.saocamilo-sp.br\/index.php\/wp-json\/wp\/v2\/posts\/3803\/revisions\/3813"}],"wp:featuredmedia":[{"embeddable":true,"href":"https:\/\/blog.saocamilo-sp.br\/index.php\/wp-json\/wp\/v2\/media\/3793"}],"wp:attachment":[{"href":"https:\/\/blog.saocamilo-sp.br\/index.php\/wp-json\/wp\/v2\/media?parent=3803"}],"wp:term":[{"taxonomy":"category","embeddable":true,"href":"https:\/\/blog.saocamilo-sp.br\/index.php\/wp-json\/wp\/v2\/categories?post=3803"},{"taxonomy":"post_tag","embeddable":true,"href":"https:\/\/blog.saocamilo-sp.br\/index.php\/wp-json\/wp\/v2\/tags?post=3803"}],"curies":[{"name":"wp","href":"https:\/\/api.w.org\/{rel}","templated":true}]}}