{"id":3824,"date":"2025-06-03T07:00:00","date_gmt":"2025-06-03T10:00:00","guid":{"rendered":"https:\/\/blog.saocamilo-sp.br\/?p=3824"},"modified":"2025-06-03T08:57:29","modified_gmt":"2025-06-03T11:57:29","slug":"3-de-junho-dia-da-conscientizacao-contra-a-obesidade-morbida-infantil","status":"publish","type":"post","link":"https:\/\/blog.saocamilo-sp.br\/index.php\/2025\/06\/03\/3-de-junho-dia-da-conscientizacao-contra-a-obesidade-morbida-infantil\/","title":{"rendered":"3 de junho:\u00a0Dia da Conscientiza\u00e7\u00e3o contra a Obesidade M\u00f3rbida Infantil"},"content":{"rendered":"\n<h3 class=\"wp-block-heading\"><strong><em>Como um programa de Educa\u00e7\u00e3o Alimentar e Nutricional pode mudar o panorama da obesidade infantil dentro das escolas<\/em><\/strong><\/h3>\n\n\n\n<p>Nesta ter\u00e7a-feira, 3 de junho, acontece o Dia da Conscientiza\u00e7\u00e3o contra a Obesidade M\u00f3rbida Infantil, um problema de ordem global, de acordo com a <a href=\"https:\/\/funag.gov.br\/biblioteca-nova\/produto\/loc_pdf\/897\/1\/organizacao_mundial_da_saude_oms\">Organiza\u00e7\u00e3o Mundial da Sa\u00fade (OMS)<\/a>. Segundo dados da institui\u00e7\u00e3o, &nbsp;estimam-se &nbsp;que existam 75 milh\u00f5es de crian\u00e7as obesas no planeta e no Brasil, de acordo com a Federa\u00e7\u00e3o Mundial da Obesidade, at\u00e9 2035 haver\u00e1 20 milh\u00f5es de crian\u00e7as e adolescentes obesos ou com&nbsp;sobrepeso.<\/p>\n\n\n\n<p>Segundo a professora e pesquisadora do <a href=\"https:\/\/saocamilo-sp.br\/\">Centro Universit\u00e1rio S\u00e3o Camilo<\/a>, Ana Paula de Queiroz Mello, a obesidade infantil \u00e9 reconhecida como um grave problema de sa\u00fade p\u00fablica, com riscos t\u00e3o complexos quanto os observados na fase adulta, incluindo poss\u00edveis agravamentos psicol\u00f3gicos e f\u00edsicos, em especial d\u00e9ficits de estatura em refer\u00eancia \u00e0 idade, cujos efeitos podem se estender por toda a vida.<\/p>\n\n\n\n<p>Para levar o conhecimento sobre alimenta\u00e7\u00e3o equilibrada no ambiente escolar, para combater a obesidade infantil, foi criado um&nbsp;programa inovador liderado pelas docentes e pesquisadoras Ana Paula de Queiroz Mello, do Centro Universit\u00e1rio S\u00e3o Camilo, e N\u00e1gila Raquel Teixeira Damasceno, da Faculdade de Sa\u00fade P\u00fablica da USP, que t\u00eam se destacado na forma\u00e7\u00e3o de integrantes da comunidade escolar que envolve desde agentes de organiza\u00e7\u00e3o escolar, merendeiras, professores, coordenadores, supervisores at\u00e9 diretores.<\/p>\n\n\n\n<p>Com criatividade e dedica\u00e7\u00e3o o programa demonstra como a educa\u00e7\u00e3o pode ir al\u00e9m das salas de aula, alcan\u00e7ando resultados positivos.<\/p>\n\n\n\n<p>A iniciativa passou a ter o intuito de incentivar a alimenta\u00e7\u00e3o saud\u00e1vel entre estudantes do Ensino B\u00e1sico e do Ensino Fundamental das escolas p\u00fablicas vinculadas \u00e0 Secretaria de Educa\u00e7\u00e3o de&nbsp;<a href=\"https:\/\/www.redepress.com.br\/noticias\/glossary\/sao-paulo\/\">S\u00e3o Paulo<\/a>, por meio do <a href=\"https:\/\/blog.saocamilo-sp.br\/index.php\/2024\/05\/29\/peduca\/\">Programa de Educa\u00e7\u00e3o Alimentar (PEDUCA)<\/a>, que integra Ci\u00eancia, Escola e Sa\u00fade e que oferece curso de forma\u00e7\u00e3o a todos os servidores.<\/p>\n\n\n\n<p><em>\u201cA abordagem da alimenta\u00e7\u00e3o, considerando n\u00e3o apenas os aspectos biol\u00f3gicos, mas tamb\u00e9m os culturais, sociais e ambientais, al\u00e9m de integrar a Educa\u00e7\u00e3o Alimentar e Nutricional de forma estruturada, cont\u00ednua e inserida nas disciplinas regulares no ano letivo, \u00e9 essencial para conscientizar e empoderar os estudantes a fazerem escolhas alimentares mais saud\u00e1veis\u201d<\/em>, afirmou a professora Ana Paula Mello.<\/p>\n\n\n\n<h2 class=\"wp-block-heading\"><strong>Educar para Nutrir na pr\u00e1tica dentro das escolas<\/strong><\/h2>\n\n\n\n<p>Um exemplo claro do impacto da iniciativa vem da Escola Benedito L\u00e1zaro, em Itu (SP). Segundo o vice-diretor, Fabiano Vasconcelos Vieira, a transforma\u00e7\u00e3o do card\u00e1pio escolar, saindo do tradicional macarr\u00e3o com salsicha para refei\u00e7\u00f5es mais nutritivas, fez toda a diferen\u00e7a. \u201cA alimenta\u00e7\u00e3o anterior era pobre e havia pouco interesse dos alunos pela comida. Antes serv\u00edamos apenas 300 pratos e depois da modifica\u00e7\u00e3o do card\u00e1pio passamos a oferecer mais de 700 pratos nos dois turnos. Percebi que os alunos passaram a procurar saber o que seria servido na merenda. Antes n\u00e3o tinham vontade de comer na escola e agora repetem as refei\u00e7\u00f5es\u201d, disse o gestor.<\/p>\n\n\n\n<p>Vieira explicou que na \u00e1rea pedag\u00f3gica foi feita uma horta com os alunos do oitavo ano e, durante as disciplinas de Ci\u00eancias, Qu\u00edmica e Biologia, passou-se a falar sobre a composi\u00e7\u00e3o dos alimentos, a tabela nutricional e a import\u00e2ncia da nutri\u00e7\u00e3o para o nosso corpo, al\u00e9m de dist\u00farbios alimentares. \u201cFoi um programa muito rico que incentivou os alunos a procurar a merenda escolar\u201d.<\/p>\n\n\n\n<p>Na EMEI Ant\u00f4nio Lapenna, na Vila S\u00e3o Silvestre, Zona Leste da capital paulista, a professora Edineide Gomes leva o conhecimento adquirido no PEDUCA para os pequenos de 4 a 6 anos. Com duas refei\u00e7\u00f5es di\u00e1rias, ela enfrenta o desafio de apresentar alimentos essenciais que frequentemente n\u00e3o est\u00e3o presentes na dieta das crian\u00e7as fora da escola. \u201cA facilidade dos ultraprocessados est\u00e1 impactando a sa\u00fade deles. Temos crian\u00e7as com car\u00eancias nutricionais e, ao mesmo tempo, aumento preocupante da obesidade infantil\u201d, afirmou.<\/p>\n\n\n\n<p>Para estimular a alimenta\u00e7\u00e3o mais saud\u00e1vel, Edineide inicia debates sobre h\u00e1bitos alimentares simples. \u201cPerguntamos: O que voc\u00ea gosta de comer? Com seus pais, voc\u00ea vai \u00e0 feira ou ao supermercado? Sabe de onde v\u00eam os alimentos? Essa abordagem tem resgatado a hist\u00f3ria alimentar dos povos origin\u00e1rios e contextualizado a realidade alimentar do Brasil, promovendo conhecimento sobre o ciclo dos alimentos, desde a semente at\u00e9 a mesa\u201d, explica. A professora ressalta que, com o tempo, notou-se aumento no consumo das refei\u00e7\u00f5es e redu\u00e7\u00e3o no desperd\u00edcio. \u201cAs crian\u00e7as agora se preocupam mais em comer para crescer e ter energia para brincar\u201d, concluiu.<\/p>\n\n\n\n<h2 class=\"wp-block-heading\"><strong>Educa\u00e7\u00e3o Alimentar em todo Brasil<\/strong><\/h2>\n\n\n\n<p>Na \u00faltima sexta (30), o Minist\u00e9rio da Educa\u00e7\u00e3o divulgou uma Nota T\u00e9cnica sobre a inclus\u00e3o da Educa\u00e7\u00e3o Alimentar e Nutricional&nbsp;no curr\u00edculo Pedag\u00f3gico das escolas&nbsp;em v\u00e1rios n\u00edveis. Para a professora e pesquisadora do Centro Universit\u00e1rio S\u00e3o Camilo, Ana Paula Mello, a iniciativa&nbsp;refor\u00e7a que a forma\u00e7\u00e3o de h\u00e1bitos saud\u00e1veis deve ser parte integrante do processo educacional. Neste sentido, a professora acredita que a conscientiza\u00e7\u00e3o da comunidade escolar ir\u00e1 estimular pr\u00e1ticas&nbsp;que valorizem a alimenta\u00e7\u00e3o como direito e componente fundamental para o desenvolvimento pleno das crian\u00e7as e dos&nbsp;adolescentes.<\/p>\n\n\n\n<p><strong>Veja tamb\u00e9m<\/strong><br><a href=\"https:\/\/blog.saocamilo-sp.br\/index.php\/2024\/05\/24\/centro-universitario-sao-camilo-conquista-o-selo-ies-amiga-da-iniciacao-cientifica-do-semesp\/\">Centro Universit\u00e1rio S\u00e3o Camilo Conquista o Selo \u201cIES Amiga da Inicia\u00e7\u00e3o Cient\u00edfica\u201d do SEMESP<\/a><br><a href=\"https:\/\/blog.saocamilo-sp.br\/index.php\/2023\/03\/29\/docente-e-estudantes-camilianos-falam-sobre-convivio-entre-geracoes-a-folha\/\">Docente e estudantes camilianos falam sobre o conv\u00edvio entre gera\u00e7\u00f5es \u00e0 Folha<\/a><br><a href=\"https:\/\/blog.saocamilo-sp.br\/index.php\/2023\/02\/13\/curso-de-medicina-do-centro-universitario-sao-camilo-recebe-certificacao-do-cfm\/\">Medicina da S\u00e3o Camilo recebe certifica\u00e7\u00e3o do CFM<\/a><\/p>\n\n\n\n<p><\/p>\n","protected":false},"excerpt":{"rendered":"<p>Como um programa de Educa\u00e7\u00e3o Alimentar e Nutricional pode mudar o panorama da obesidade infantil dentro das escolas Nesta ter\u00e7a-feira, 3 de junho, acontece o Dia da Conscientiza\u00e7\u00e3o contra a Obesidade M\u00f3rbida Infantil, um problema de ordem global, de acordo&#8230; <a class=\"more-link\" href=\"https:\/\/blog.saocamilo-sp.br\/index.php\/2025\/06\/03\/3-de-junho-dia-da-conscientizacao-contra-a-obesidade-morbida-infantil\/\">Continue Reading &rarr;<\/a><\/p>\n","protected":false},"author":4,"featured_media":3825,"comment_status":"open","ping_status":"open","sticky":false,"template":"","format":"standard","meta":{"cybocfi_hide_featured_image":"","footnotes":""},"categories":[1],"tags":[],"class_list":["post-3824","post","type-post","status-publish","format-standard","has-post-thumbnail","hentry","category-cursos"],"yoast_head":"<!-- This site is optimized with the Yoast SEO plugin v27.5 - https:\/\/yoast.com\/product\/yoast-seo-wordpress\/ -->\n<title>3 de junho:\u00a0Dia da Conscientiza\u00e7\u00e3o contra a Obesidade M\u00f3rbida Infantil - Blog S\u00e3o Camilo<\/title>\n<meta name=\"description\" content=\"Como um programa de Educa\u00e7\u00e3o Alimentar e Nutricional pode mudar o panorama da obesidade infantil dentro das escolas\" \/>\n<meta name=\"robots\" content=\"index, follow, max-snippet:-1, max-image-preview:large, max-video-preview:-1\" \/>\n<link rel=\"canonical\" href=\"https:\/\/blog.saocamilo-sp.br\/index.php\/2025\/06\/03\/3-de-junho-dia-da-conscientizacao-contra-a-obesidade-morbida-infantil\/\" \/>\n<meta property=\"og:locale\" content=\"pt_BR\" \/>\n<meta property=\"og:type\" content=\"article\" \/>\n<meta property=\"og:title\" content=\"3 de junho:\u00a0Dia da Conscientiza\u00e7\u00e3o contra a Obesidade M\u00f3rbida Infantil - Blog S\u00e3o Camilo\" \/>\n<meta property=\"og:description\" content=\"Como um programa de Educa\u00e7\u00e3o Alimentar e Nutricional pode mudar o panorama da obesidade infantil dentro das escolas\" \/>\n<meta property=\"og:url\" content=\"https:\/\/blog.saocamilo-sp.br\/index.php\/2025\/06\/03\/3-de-junho-dia-da-conscientizacao-contra-a-obesidade-morbida-infantil\/\" \/>\n<meta property=\"og:site_name\" content=\"Blog S\u00e3o Camilo\" \/>\n<meta property=\"article:publisher\" content=\"https:\/\/www.facebook.com\/saocamilosp\" \/>\n<meta property=\"article:published_time\" content=\"2025-06-03T10:00:00+00:00\" \/>\n<meta property=\"article:modified_time\" content=\"2025-06-03T11:57:29+00:00\" \/>\n<meta property=\"og:image\" content=\"https:\/\/blog.saocamilo-sp.br\/wp-content\/uploads\/2025\/06\/OBESIDADEINFANTIL.jpg\" \/>\n\t<meta property=\"og:image:width\" content=\"820\" \/>\n\t<meta property=\"og:image:height\" content=\"547\" \/>\n\t<meta property=\"og:image:type\" content=\"image\/jpeg\" \/>\n<meta name=\"author\" content=\"Lucas Soares Gon\u00e7alves\" \/>\n<meta name=\"twitter:card\" content=\"summary_large_image\" \/>\n<meta name=\"twitter:creator\" content=\"@saocamilosp\" \/>\n<meta name=\"twitter:site\" content=\"@saocamilosp\" \/>\n<meta name=\"twitter:label1\" content=\"Escrito por\" \/>\n\t<meta name=\"twitter:data1\" content=\"Lucas Soares Gon\u00e7alves\" \/>\n\t<meta name=\"twitter:label2\" content=\"Est. tempo de leitura\" \/>\n\t<meta name=\"twitter:data2\" content=\"5 minutos\" \/>\n<script type=\"application\/ld+json\" class=\"yoast-schema-graph\">{\"@context\":\"https:\\\/\\\/schema.org\",\"@graph\":[{\"@type\":\"Article\",\"@id\":\"https:\\\/\\\/blog.saocamilo-sp.br\\\/index.php\\\/2025\\\/06\\\/03\\\/3-de-junho-dia-da-conscientizacao-contra-a-obesidade-morbida-infantil\\\/#article\",\"isPartOf\":{\"@id\":\"https:\\\/\\\/blog.saocamilo-sp.br\\\/index.php\\\/2025\\\/06\\\/03\\\/3-de-junho-dia-da-conscientizacao-contra-a-obesidade-morbida-infantil\\\/\"},\"author\":{\"name\":\"Lucas Soares Gon\u00e7alves\",\"@id\":\"https:\\\/\\\/blog.saocamilo-sp.br\\\/#\\\/schema\\\/person\\\/781135418152912d4b58f2db13a2eaf0\"},\"headline\":\"3 de junho:\u00a0Dia da Conscientiza\u00e7\u00e3o contra a Obesidade M\u00f3rbida Infantil\",\"datePublished\":\"2025-06-03T10:00:00+00:00\",\"dateModified\":\"2025-06-03T11:57:29+00:00\",\"mainEntityOfPage\":{\"@id\":\"https:\\\/\\\/blog.saocamilo-sp.br\\\/index.php\\\/2025\\\/06\\\/03\\\/3-de-junho-dia-da-conscientizacao-contra-a-obesidade-morbida-infantil\\\/\"},\"wordCount\":964,\"commentCount\":0,\"publisher\":{\"@id\":\"https:\\\/\\\/blog.saocamilo-sp.br\\\/#organization\"},\"image\":{\"@id\":\"https:\\\/\\\/blog.saocamilo-sp.br\\\/index.php\\\/2025\\\/06\\\/03\\\/3-de-junho-dia-da-conscientizacao-contra-a-obesidade-morbida-infantil\\\/#primaryimage\"},\"thumbnailUrl\":\"https:\\\/\\\/blog.saocamilo-sp.br\\\/wp-content\\\/uploads\\\/2025\\\/06\\\/OBESIDADEINFANTIL.jpg\",\"articleSection\":[\"Cursos\"],\"inLanguage\":\"pt-BR\",\"potentialAction\":[{\"@type\":\"CommentAction\",\"name\":\"Comment\",\"target\":[\"https:\\\/\\\/blog.saocamilo-sp.br\\\/index.php\\\/2025\\\/06\\\/03\\\/3-de-junho-dia-da-conscientizacao-contra-a-obesidade-morbida-infantil\\\/#respond\"]}]},{\"@type\":\"WebPage\",\"@id\":\"https:\\\/\\\/blog.saocamilo-sp.br\\\/index.php\\\/2025\\\/06\\\/03\\\/3-de-junho-dia-da-conscientizacao-contra-a-obesidade-morbida-infantil\\\/\",\"url\":\"https:\\\/\\\/blog.saocamilo-sp.br\\\/index.php\\\/2025\\\/06\\\/03\\\/3-de-junho-dia-da-conscientizacao-contra-a-obesidade-morbida-infantil\\\/\",\"name\":\"3 de junho:\u00a0Dia da Conscientiza\u00e7\u00e3o contra a Obesidade M\u00f3rbida Infantil - Blog S\u00e3o Camilo\",\"isPartOf\":{\"@id\":\"https:\\\/\\\/blog.saocamilo-sp.br\\\/#website\"},\"primaryImageOfPage\":{\"@id\":\"https:\\\/\\\/blog.saocamilo-sp.br\\\/index.php\\\/2025\\\/06\\\/03\\\/3-de-junho-dia-da-conscientizacao-contra-a-obesidade-morbida-infantil\\\/#primaryimage\"},\"image\":{\"@id\":\"https:\\\/\\\/blog.saocamilo-sp.br\\\/index.php\\\/2025\\\/06\\\/03\\\/3-de-junho-dia-da-conscientizacao-contra-a-obesidade-morbida-infantil\\\/#primaryimage\"},\"thumbnailUrl\":\"https:\\\/\\\/blog.saocamilo-sp.br\\\/wp-content\\\/uploads\\\/2025\\\/06\\\/OBESIDADEINFANTIL.jpg\",\"datePublished\":\"2025-06-03T10:00:00+00:00\",\"dateModified\":\"2025-06-03T11:57:29+00:00\",\"description\":\"Como um programa de Educa\u00e7\u00e3o Alimentar e Nutricional pode mudar o panorama da obesidade infantil dentro das escolas\",\"breadcrumb\":{\"@id\":\"https:\\\/\\\/blog.saocamilo-sp.br\\\/index.php\\\/2025\\\/06\\\/03\\\/3-de-junho-dia-da-conscientizacao-contra-a-obesidade-morbida-infantil\\\/#breadcrumb\"},\"inLanguage\":\"pt-BR\",\"potentialAction\":[{\"@type\":\"ReadAction\",\"target\":[\"https:\\\/\\\/blog.saocamilo-sp.br\\\/index.php\\\/2025\\\/06\\\/03\\\/3-de-junho-dia-da-conscientizacao-contra-a-obesidade-morbida-infantil\\\/\"]}]},{\"@type\":\"ImageObject\",\"inLanguage\":\"pt-BR\",\"@id\":\"https:\\\/\\\/blog.saocamilo-sp.br\\\/index.php\\\/2025\\\/06\\\/03\\\/3-de-junho-dia-da-conscientizacao-contra-a-obesidade-morbida-infantil\\\/#primaryimage\",\"url\":\"https:\\\/\\\/blog.saocamilo-sp.br\\\/wp-content\\\/uploads\\\/2025\\\/06\\\/OBESIDADEINFANTIL.jpg\",\"contentUrl\":\"https:\\\/\\\/blog.saocamilo-sp.br\\\/wp-content\\\/uploads\\\/2025\\\/06\\\/OBESIDADEINFANTIL.jpg\",\"width\":820,\"height\":547,\"caption\":\"Como um programa de Educa\u00e7\u00e3o Alimentar e Nutricional pode mudar o panorama da obesidade infantil dentro das escolas\"},{\"@type\":\"BreadcrumbList\",\"@id\":\"https:\\\/\\\/blog.saocamilo-sp.br\\\/index.php\\\/2025\\\/06\\\/03\\\/3-de-junho-dia-da-conscientizacao-contra-a-obesidade-morbida-infantil\\\/#breadcrumb\",\"itemListElement\":[{\"@type\":\"ListItem\",\"position\":1,\"name\":\"In\u00edcio\",\"item\":\"https:\\\/\\\/blog.saocamilo-sp.br\\\/\"},{\"@type\":\"ListItem\",\"position\":2,\"name\":\"3 de junho:\u00a0Dia da Conscientiza\u00e7\u00e3o contra a Obesidade M\u00f3rbida Infantil\"}]},{\"@type\":\"WebSite\",\"@id\":\"https:\\\/\\\/blog.saocamilo-sp.br\\\/#website\",\"url\":\"https:\\\/\\\/blog.saocamilo-sp.br\\\/\",\"name\":\"Blog S\u00e3o Camilo\",\"description\":\"Blog do Centro Universit\u00e1rio S\u00e3o Camilo\",\"publisher\":{\"@id\":\"https:\\\/\\\/blog.saocamilo-sp.br\\\/#organization\"},\"potentialAction\":[{\"@type\":\"SearchAction\",\"target\":{\"@type\":\"EntryPoint\",\"urlTemplate\":\"https:\\\/\\\/blog.saocamilo-sp.br\\\/?s={search_term_string}\"},\"query-input\":{\"@type\":\"PropertyValueSpecification\",\"valueRequired\":true,\"valueName\":\"search_term_string\"}}],\"inLanguage\":\"pt-BR\"},{\"@type\":\"Organization\",\"@id\":\"https:\\\/\\\/blog.saocamilo-sp.br\\\/#organization\",\"name\":\"Blog S\u00e3o Camilo\",\"url\":\"https:\\\/\\\/blog.saocamilo-sp.br\\\/\",\"logo\":{\"@type\":\"ImageObject\",\"inLanguage\":\"pt-BR\",\"@id\":\"https:\\\/\\\/blog.saocamilo-sp.br\\\/#\\\/schema\\\/logo\\\/image\\\/\",\"url\":\"https:\\\/\\\/blog.saocamilo-sp.br\\\/wp-content\\\/uploads\\\/2021\\\/12\\\/cropped-vazio-logo-topo.png\",\"contentUrl\":\"https:\\\/\\\/blog.saocamilo-sp.br\\\/wp-content\\\/uploads\\\/2021\\\/12\\\/cropped-vazio-logo-topo.png\",\"width\":320,\"height\":240,\"caption\":\"Blog S\u00e3o Camilo\"},\"image\":{\"@id\":\"https:\\\/\\\/blog.saocamilo-sp.br\\\/#\\\/schema\\\/logo\\\/image\\\/\"},\"sameAs\":[\"https:\\\/\\\/www.facebook.com\\\/saocamilosp\",\"https:\\\/\\\/x.com\\\/saocamilosp\",\"https:\\\/\\\/www.linkedin.com\\\/school\\\/centro-universit-rio-s-o-camilo\\\/\"]},{\"@type\":\"Person\",\"@id\":\"https:\\\/\\\/blog.saocamilo-sp.br\\\/#\\\/schema\\\/person\\\/781135418152912d4b58f2db13a2eaf0\",\"name\":\"Lucas Soares Gon\u00e7alves\",\"image\":{\"@type\":\"ImageObject\",\"inLanguage\":\"pt-BR\",\"@id\":\"https:\\\/\\\/secure.gravatar.com\\\/avatar\\\/bcd2d703cbb48116eaac2cac8643792535238ff30b2d7ce9e16f9254ec9cae83?s=96&d=mm&r=g\",\"url\":\"https:\\\/\\\/secure.gravatar.com\\\/avatar\\\/bcd2d703cbb48116eaac2cac8643792535238ff30b2d7ce9e16f9254ec9cae83?s=96&d=mm&r=g\",\"contentUrl\":\"https:\\\/\\\/secure.gravatar.com\\\/avatar\\\/bcd2d703cbb48116eaac2cac8643792535238ff30b2d7ce9e16f9254ec9cae83?s=96&d=mm&r=g\",\"caption\":\"Lucas Soares Gon\u00e7alves\"},\"url\":\"https:\\\/\\\/blog.saocamilo-sp.br\\\/index.php\\\/author\\\/lucas-soares-goncalves\\\/\"}]}<\/script>\n<!-- \/ Yoast SEO plugin. -->","yoast_head_json":{"title":"3 de junho:\u00a0Dia da Conscientiza\u00e7\u00e3o contra a Obesidade M\u00f3rbida Infantil - Blog S\u00e3o Camilo","description":"Como um programa de Educa\u00e7\u00e3o Alimentar e Nutricional pode mudar o panorama da obesidade infantil dentro das escolas","robots":{"index":"index","follow":"follow","max-snippet":"max-snippet:-1","max-image-preview":"max-image-preview:large","max-video-preview":"max-video-preview:-1"},"canonical":"https:\/\/blog.saocamilo-sp.br\/index.php\/2025\/06\/03\/3-de-junho-dia-da-conscientizacao-contra-a-obesidade-morbida-infantil\/","og_locale":"pt_BR","og_type":"article","og_title":"3 de junho:\u00a0Dia da Conscientiza\u00e7\u00e3o contra a Obesidade M\u00f3rbida Infantil - Blog S\u00e3o Camilo","og_description":"Como um programa de Educa\u00e7\u00e3o Alimentar e Nutricional pode mudar o panorama da obesidade infantil dentro das escolas","og_url":"https:\/\/blog.saocamilo-sp.br\/index.php\/2025\/06\/03\/3-de-junho-dia-da-conscientizacao-contra-a-obesidade-morbida-infantil\/","og_site_name":"Blog S\u00e3o Camilo","article_publisher":"https:\/\/www.facebook.com\/saocamilosp","article_published_time":"2025-06-03T10:00:00+00:00","article_modified_time":"2025-06-03T11:57:29+00:00","og_image":[{"width":820,"height":547,"url":"https:\/\/blog.saocamilo-sp.br\/wp-content\/uploads\/2025\/06\/OBESIDADEINFANTIL.jpg","type":"image\/jpeg"}],"author":"Lucas Soares Gon\u00e7alves","twitter_card":"summary_large_image","twitter_creator":"@saocamilosp","twitter_site":"@saocamilosp","twitter_misc":{"Escrito por":"Lucas Soares Gon\u00e7alves","Est. tempo de leitura":"5 minutos"},"schema":{"@context":"https:\/\/schema.org","@graph":[{"@type":"Article","@id":"https:\/\/blog.saocamilo-sp.br\/index.php\/2025\/06\/03\/3-de-junho-dia-da-conscientizacao-contra-a-obesidade-morbida-infantil\/#article","isPartOf":{"@id":"https:\/\/blog.saocamilo-sp.br\/index.php\/2025\/06\/03\/3-de-junho-dia-da-conscientizacao-contra-a-obesidade-morbida-infantil\/"},"author":{"name":"Lucas Soares Gon\u00e7alves","@id":"https:\/\/blog.saocamilo-sp.br\/#\/schema\/person\/781135418152912d4b58f2db13a2eaf0"},"headline":"3 de junho:\u00a0Dia da Conscientiza\u00e7\u00e3o contra a Obesidade M\u00f3rbida Infantil","datePublished":"2025-06-03T10:00:00+00:00","dateModified":"2025-06-03T11:57:29+00:00","mainEntityOfPage":{"@id":"https:\/\/blog.saocamilo-sp.br\/index.php\/2025\/06\/03\/3-de-junho-dia-da-conscientizacao-contra-a-obesidade-morbida-infantil\/"},"wordCount":964,"commentCount":0,"publisher":{"@id":"https:\/\/blog.saocamilo-sp.br\/#organization"},"image":{"@id":"https:\/\/blog.saocamilo-sp.br\/index.php\/2025\/06\/03\/3-de-junho-dia-da-conscientizacao-contra-a-obesidade-morbida-infantil\/#primaryimage"},"thumbnailUrl":"https:\/\/blog.saocamilo-sp.br\/wp-content\/uploads\/2025\/06\/OBESIDADEINFANTIL.jpg","articleSection":["Cursos"],"inLanguage":"pt-BR","potentialAction":[{"@type":"CommentAction","name":"Comment","target":["https:\/\/blog.saocamilo-sp.br\/index.php\/2025\/06\/03\/3-de-junho-dia-da-conscientizacao-contra-a-obesidade-morbida-infantil\/#respond"]}]},{"@type":"WebPage","@id":"https:\/\/blog.saocamilo-sp.br\/index.php\/2025\/06\/03\/3-de-junho-dia-da-conscientizacao-contra-a-obesidade-morbida-infantil\/","url":"https:\/\/blog.saocamilo-sp.br\/index.php\/2025\/06\/03\/3-de-junho-dia-da-conscientizacao-contra-a-obesidade-morbida-infantil\/","name":"3 de junho:\u00a0Dia da Conscientiza\u00e7\u00e3o contra a Obesidade M\u00f3rbida Infantil - Blog S\u00e3o Camilo","isPartOf":{"@id":"https:\/\/blog.saocamilo-sp.br\/#website"},"primaryImageOfPage":{"@id":"https:\/\/blog.saocamilo-sp.br\/index.php\/2025\/06\/03\/3-de-junho-dia-da-conscientizacao-contra-a-obesidade-morbida-infantil\/#primaryimage"},"image":{"@id":"https:\/\/blog.saocamilo-sp.br\/index.php\/2025\/06\/03\/3-de-junho-dia-da-conscientizacao-contra-a-obesidade-morbida-infantil\/#primaryimage"},"thumbnailUrl":"https:\/\/blog.saocamilo-sp.br\/wp-content\/uploads\/2025\/06\/OBESIDADEINFANTIL.jpg","datePublished":"2025-06-03T10:00:00+00:00","dateModified":"2025-06-03T11:57:29+00:00","description":"Como um programa de Educa\u00e7\u00e3o Alimentar e Nutricional pode mudar o panorama da obesidade infantil dentro das escolas","breadcrumb":{"@id":"https:\/\/blog.saocamilo-sp.br\/index.php\/2025\/06\/03\/3-de-junho-dia-da-conscientizacao-contra-a-obesidade-morbida-infantil\/#breadcrumb"},"inLanguage":"pt-BR","potentialAction":[{"@type":"ReadAction","target":["https:\/\/blog.saocamilo-sp.br\/index.php\/2025\/06\/03\/3-de-junho-dia-da-conscientizacao-contra-a-obesidade-morbida-infantil\/"]}]},{"@type":"ImageObject","inLanguage":"pt-BR","@id":"https:\/\/blog.saocamilo-sp.br\/index.php\/2025\/06\/03\/3-de-junho-dia-da-conscientizacao-contra-a-obesidade-morbida-infantil\/#primaryimage","url":"https:\/\/blog.saocamilo-sp.br\/wp-content\/uploads\/2025\/06\/OBESIDADEINFANTIL.jpg","contentUrl":"https:\/\/blog.saocamilo-sp.br\/wp-content\/uploads\/2025\/06\/OBESIDADEINFANTIL.jpg","width":820,"height":547,"caption":"Como um programa de Educa\u00e7\u00e3o Alimentar e Nutricional pode mudar o panorama da obesidade infantil dentro das escolas"},{"@type":"BreadcrumbList","@id":"https:\/\/blog.saocamilo-sp.br\/index.php\/2025\/06\/03\/3-de-junho-dia-da-conscientizacao-contra-a-obesidade-morbida-infantil\/#breadcrumb","itemListElement":[{"@type":"ListItem","position":1,"name":"In\u00edcio","item":"https:\/\/blog.saocamilo-sp.br\/"},{"@type":"ListItem","position":2,"name":"3 de junho:\u00a0Dia da Conscientiza\u00e7\u00e3o contra a Obesidade M\u00f3rbida Infantil"}]},{"@type":"WebSite","@id":"https:\/\/blog.saocamilo-sp.br\/#website","url":"https:\/\/blog.saocamilo-sp.br\/","name":"Blog S\u00e3o Camilo","description":"Blog do Centro Universit\u00e1rio S\u00e3o Camilo","publisher":{"@id":"https:\/\/blog.saocamilo-sp.br\/#organization"},"potentialAction":[{"@type":"SearchAction","target":{"@type":"EntryPoint","urlTemplate":"https:\/\/blog.saocamilo-sp.br\/?s={search_term_string}"},"query-input":{"@type":"PropertyValueSpecification","valueRequired":true,"valueName":"search_term_string"}}],"inLanguage":"pt-BR"},{"@type":"Organization","@id":"https:\/\/blog.saocamilo-sp.br\/#organization","name":"Blog S\u00e3o Camilo","url":"https:\/\/blog.saocamilo-sp.br\/","logo":{"@type":"ImageObject","inLanguage":"pt-BR","@id":"https:\/\/blog.saocamilo-sp.br\/#\/schema\/logo\/image\/","url":"https:\/\/blog.saocamilo-sp.br\/wp-content\/uploads\/2021\/12\/cropped-vazio-logo-topo.png","contentUrl":"https:\/\/blog.saocamilo-sp.br\/wp-content\/uploads\/2021\/12\/cropped-vazio-logo-topo.png","width":320,"height":240,"caption":"Blog S\u00e3o Camilo"},"image":{"@id":"https:\/\/blog.saocamilo-sp.br\/#\/schema\/logo\/image\/"},"sameAs":["https:\/\/www.facebook.com\/saocamilosp","https:\/\/x.com\/saocamilosp","https:\/\/www.linkedin.com\/school\/centro-universit-rio-s-o-camilo\/"]},{"@type":"Person","@id":"https:\/\/blog.saocamilo-sp.br\/#\/schema\/person\/781135418152912d4b58f2db13a2eaf0","name":"Lucas Soares Gon\u00e7alves","image":{"@type":"ImageObject","inLanguage":"pt-BR","@id":"https:\/\/secure.gravatar.com\/avatar\/bcd2d703cbb48116eaac2cac8643792535238ff30b2d7ce9e16f9254ec9cae83?s=96&d=mm&r=g","url":"https:\/\/secure.gravatar.com\/avatar\/bcd2d703cbb48116eaac2cac8643792535238ff30b2d7ce9e16f9254ec9cae83?s=96&d=mm&r=g","contentUrl":"https:\/\/secure.gravatar.com\/avatar\/bcd2d703cbb48116eaac2cac8643792535238ff30b2d7ce9e16f9254ec9cae83?s=96&d=mm&r=g","caption":"Lucas Soares Gon\u00e7alves"},"url":"https:\/\/blog.saocamilo-sp.br\/index.php\/author\/lucas-soares-goncalves\/"}]}},"_links":{"self":[{"href":"https:\/\/blog.saocamilo-sp.br\/index.php\/wp-json\/wp\/v2\/posts\/3824","targetHints":{"allow":["GET"]}}],"collection":[{"href":"https:\/\/blog.saocamilo-sp.br\/index.php\/wp-json\/wp\/v2\/posts"}],"about":[{"href":"https:\/\/blog.saocamilo-sp.br\/index.php\/wp-json\/wp\/v2\/types\/post"}],"author":[{"embeddable":true,"href":"https:\/\/blog.saocamilo-sp.br\/index.php\/wp-json\/wp\/v2\/users\/4"}],"replies":[{"embeddable":true,"href":"https:\/\/blog.saocamilo-sp.br\/index.php\/wp-json\/wp\/v2\/comments?post=3824"}],"version-history":[{"count":1,"href":"https:\/\/blog.saocamilo-sp.br\/index.php\/wp-json\/wp\/v2\/posts\/3824\/revisions"}],"predecessor-version":[{"id":3826,"href":"https:\/\/blog.saocamilo-sp.br\/index.php\/wp-json\/wp\/v2\/posts\/3824\/revisions\/3826"}],"wp:featuredmedia":[{"embeddable":true,"href":"https:\/\/blog.saocamilo-sp.br\/index.php\/wp-json\/wp\/v2\/media\/3825"}],"wp:attachment":[{"href":"https:\/\/blog.saocamilo-sp.br\/index.php\/wp-json\/wp\/v2\/media?parent=3824"}],"wp:term":[{"taxonomy":"category","embeddable":true,"href":"https:\/\/blog.saocamilo-sp.br\/index.php\/wp-json\/wp\/v2\/categories?post=3824"},{"taxonomy":"post_tag","embeddable":true,"href":"https:\/\/blog.saocamilo-sp.br\/index.php\/wp-json\/wp\/v2\/tags?post=3824"}],"curies":[{"name":"wp","href":"https:\/\/api.w.org\/{rel}","templated":true}]}}