{"id":3829,"date":"2025-06-29T07:00:00","date_gmt":"2025-06-29T10:00:00","guid":{"rendered":"https:\/\/blog.saocamilo-sp.br\/?p=3829"},"modified":"2025-07-18T11:58:39","modified_gmt":"2025-07-18T14:58:39","slug":"microbiota-intestinal-e-cancer","status":"publish","type":"post","link":"https:\/\/blog.saocamilo-sp.br\/index.php\/2025\/06\/29\/microbiota-intestinal-e-cancer\/","title":{"rendered":"Probi\u00f3ticos e iogurtes s\u00e3o\u00a0aliados\u00a0da sa\u00fade intestinal"},"content":{"rendered":"\n<p>Cuidar do intestino \u00e9 fundamental, pois ele abriga um ecossistema com cerca de 300 trilh\u00f5es de bact\u00e9rias, a maioria ben\u00e9fica para a nossa sa\u00fade.<\/p>\n\n\n\n<h2 class=\"wp-block-heading\">Microbiota intestinal: um ecossistema essencial para a sa\u00fade<\/h2>\n\n\n\n<p>Essas bact\u00e9rias, conhecidas como <a href=\"https:\/\/blog.saocamilo-sp.br\/index.php\/2025\/02\/21\/microbioma-intestinal\/\" target=\"_blank\" rel=\"noreferrer noopener\">microbiota intestinal<\/a>, desempenham um papel fundamental no fortalecimento do sistema imunol\u00f3gico. Al\u00e9m disso, t\u00eam se mostrado essenciais no tratamento do c\u00e2ncer.<\/p>\n\n\n\n<h2 class=\"wp-block-heading\">Consumo de probi\u00f3ticos pode potencializar a imunoterapia contra o c\u00e2ncer<\/h2>\n\n\n\n<p>Segundo o professor de <a href=\"https:\/\/saocamilo-sp.br\/curso-pos-graduacao\/assistencia-oncologica-multiprofissional\/\">Oncologia<\/a> do <a href=\"https:\/\/saocamilo-sp.br\/\" target=\"_blank\" rel=\"noreferrer noopener\">Centro Universit\u00e1rio S\u00e3o Camilo<\/a>, F\u00e1bio Cruz<strong>, al\u00e9m disso, <\/strong>pesquisas recentes revelam que melhorar a microbiota intestinal por meio do consumo de iogurtes e lactobacilos pode otimizar os efeitos da imunoterapia em pacientes oncol\u00f3gicos.<\/p>\n\n\n\n<h2 class=\"wp-block-heading\">Microbiota intestinal influencia na resposta imunol\u00f3gica e bem-estar<\/h2>\n\n\n\n<p>&#8220;O entendimento da intera\u00e7\u00e3o entre a microbiota intestinal e a terapia contra o c\u00e2ncer \u00e9 crucial para o desenvolvimento de abordagens terap\u00eauticas mais eficazes&#8221;, afirma o professor. Al\u00e9m disso, ao aumentar a produ\u00e7\u00e3o de serotonina e proporcionar bem-estar, as bact\u00e9rias intestinais tamb\u00e9m amplificam a resposta imunol\u00f3gica do corpo. Consequentemente, isso torna o organismo mais eficiente no combate \u00e0s c\u00e9lulas cancer\u00edgenas.<\/p>\n\n\n\n<h2 class=\"wp-block-heading\">Alimenta\u00e7\u00e3o saud\u00e1vel \u00e9 fundamental para a sa\u00fade intestinal<\/h2>\n\n\n\n<p>Neste Dia da Sa\u00fade Digestiva, \u00e9 importante lembrar que uma alimenta\u00e7\u00e3o saud\u00e1vel, rica em alimentos probi\u00f3ticos, pode ser uma aliada poderosa no cuidado com a microbiota intestinal.<br>Al\u00e9m disso, estudos apontam que mudan\u00e7as na dieta \u2014 com foco em iogurtes, lactobacilos e outros alimentos ricos em probi\u00f3ticos \u2014 podem melhorar a atua\u00e7\u00e3o das medica\u00e7\u00f5es. Isso \u00e9 especialmente relevante, segundo o professor F\u00e1bio, no tratamento do c\u00e2ncer.<\/p>\n\n\n\n<h2 class=\"wp-block-heading\">Transplante fecal: uma inova\u00e7\u00e3o no tratamento oncol\u00f3gico<\/h2>\n\n\n\n<p>E as novidades n\u00e3o param por a\u00ed. Atualmente, pesquisas est\u00e3o em andamento sobre o transplante de lactobacilos intestinais para pacientes com c\u00e2ncer em tratamento com imunoterapia.<br>Essa t\u00e9cnica, por sua vez, conhecida como transplante fecal, tem o potencial de modular a microbiota intestinal com mais efic\u00e1cia e, assim, otimizar os resultados do tratamento.<\/p>\n\n\n\n<h2 class=\"wp-block-heading\">Cuide da sua microbiota intestinal e fortale\u00e7a sua sa\u00fade<\/h2>\n\n\n\n<p>Portanto, neste Dia da Sa\u00fade Digestiva, vale lembrar que cuidar da microbiota intestinal \u00e9 essencial. Para isso, aposte em uma alimenta\u00e7\u00e3o saud\u00e1vel, rica em probi\u00f3ticos. Dessa forma, voc\u00ea descobre essa aliada secreta e poderosa no combate ao c\u00e2ncer.<\/p>\n\n\n\n<p><strong>Veja tamb\u00e9m<\/strong><br><a href=\"https:\/\/blog.saocamilo-sp.br\/index.php\/2024\/05\/24\/centro-universitario-sao-camilo-conquista-o-selo-ies-amiga-da-iniciacao-cientifica-do-semesp\/\"><a href=\"https:\/\/blog.saocamilo-sp.br\/index.php\/2025\/05\/16\/celiaca\/\">Doen\u00e7a Cel\u00edaca: o que \u00e9, como conviver e receitas para o dia a dia<\/a><\/a><br><a href=\"Psyllium: docente de Nutri\u00e7\u00e3o fala do \u2018Ozempic natural\u2019 para o Viva Bem\"><a href=\"https:\/\/blog.saocamilo-sp.br\/index.php\/2025\/05\/19\/psyllium\/\">Psyllium: docente de Nutri\u00e7\u00e3o fala do \u2018Ozempic natural\u2019 para o Viva Bem<\/a><\/a><br><a href=\"https:\/\/blog.saocamilo-sp.br\/index.php\/2023\/02\/13\/curso-de-medicina-do-centro-universitario-sao-camilo-recebe-certificacao-do-cfm\/\"><a href=\"https:\/\/blog.saocamilo-sp.br\/index.php\/2025\/06\/03\/3-de-junho-dia-da-conscientizacao-contra-a-obesidade-morbida-infantil\/\">3 de junho:\u00a0Dia da Conscientiza\u00e7\u00e3o contra a Obesidade M\u00f3rbida Infantil<\/a><\/a><\/p>\n\n\n\n<p><\/p>\n","protected":false},"excerpt":{"rendered":"<p>Cuidar do intestino \u00e9 fundamental, pois ele abriga um ecossistema com cerca de 300 trilh\u00f5es de bact\u00e9rias, a maioria ben\u00e9fica para a nossa sa\u00fade.<\/p>\n","protected":false},"author":4,"featured_media":3916,"comment_status":"open","ping_status":"open","sticky":false,"template":"","format":"standard","meta":{"cybocfi_hide_featured_image":"","footnotes":""},"categories":[1,24],"tags":[7,17,16],"class_list":["post-3829","post","type-post","status-publish","format-standard","has-post-thumbnail","hentry","category-cursos","category-nutricao","tag-nutricao","tag-saude","tag-vida-universitaria"],"yoast_head":"<!-- This site is optimized with the Yoast SEO plugin v27.5 - https:\/\/yoast.com\/product\/yoast-seo-wordpress\/ -->\n<title>Microbiota Intestinal e C\u00e2ncer: Qual a Rela\u00e7\u00e3o?<\/title>\n<meta name=\"description\" content=\"Sa\u00fade Digestiva: O consumo destes produtos podem\u00a0 at\u00e9\u00a0 otimizar o efeito da imunoterapia em pacientes oncol\u00f3gicos.\" \/>\n<meta name=\"robots\" content=\"index, follow, max-snippet:-1, max-image-preview:large, max-video-preview:-1\" \/>\n<link rel=\"canonical\" href=\"https:\/\/blog.saocamilo-sp.br\/index.php\/2025\/06\/29\/microbiota-intestinal-e-cancer\/\" \/>\n<meta property=\"og:locale\" content=\"pt_BR\" \/>\n<meta property=\"og:type\" content=\"article\" \/>\n<meta property=\"og:title\" content=\"Microbiota Intestinal e C\u00e2ncer: Qual a Rela\u00e7\u00e3o?\" \/>\n<meta property=\"og:description\" content=\"Sa\u00fade Digestiva: O consumo destes produtos podem\u00a0 at\u00e9\u00a0 otimizar o efeito da imunoterapia em pacientes oncol\u00f3gicos.\" \/>\n<meta property=\"og:url\" content=\"https:\/\/blog.saocamilo-sp.br\/index.php\/2025\/06\/29\/microbiota-intestinal-e-cancer\/\" \/>\n<meta property=\"og:site_name\" content=\"Blog S\u00e3o Camilo\" \/>\n<meta property=\"article:publisher\" content=\"https:\/\/www.facebook.com\/saocamilosp\" \/>\n<meta property=\"article:published_time\" content=\"2025-06-29T10:00:00+00:00\" \/>\n<meta property=\"article:modified_time\" content=\"2025-07-18T14:58:39+00:00\" \/>\n<meta property=\"og:image\" content=\"https:\/\/blog.saocamilo-sp.br\/wp-content\/uploads\/2025\/06\/Probioticos-e-iogurtes.png\" \/>\n\t<meta property=\"og:image:width\" content=\"600\" \/>\n\t<meta property=\"og:image:height\" content=\"406\" \/>\n\t<meta property=\"og:image:type\" content=\"image\/png\" \/>\n<meta name=\"author\" content=\"Lucas Soares Gon\u00e7alves\" \/>\n<meta name=\"twitter:card\" content=\"summary_large_image\" \/>\n<meta name=\"twitter:creator\" content=\"@saocamilosp\" \/>\n<meta name=\"twitter:site\" content=\"@saocamilosp\" \/>\n<meta name=\"twitter:label1\" content=\"Escrito por\" \/>\n\t<meta name=\"twitter:data1\" content=\"Lucas Soares Gon\u00e7alves\" \/>\n\t<meta name=\"twitter:label2\" content=\"Est. tempo de leitura\" \/>\n\t<meta name=\"twitter:data2\" content=\"3 minutos\" \/>\n<script type=\"application\/ld+json\" class=\"yoast-schema-graph\">{\"@context\":\"https:\\\/\\\/schema.org\",\"@graph\":[{\"@type\":\"Article\",\"@id\":\"https:\\\/\\\/blog.saocamilo-sp.br\\\/index.php\\\/2025\\\/06\\\/29\\\/microbiota-intestinal-e-cancer\\\/#article\",\"isPartOf\":{\"@id\":\"https:\\\/\\\/blog.saocamilo-sp.br\\\/index.php\\\/2025\\\/06\\\/29\\\/microbiota-intestinal-e-cancer\\\/\"},\"author\":{\"name\":\"Lucas Soares Gon\u00e7alves\",\"@id\":\"https:\\\/\\\/blog.saocamilo-sp.br\\\/#\\\/schema\\\/person\\\/781135418152912d4b58f2db13a2eaf0\"},\"headline\":\"Probi\u00f3ticos e iogurtes s\u00e3o\u00a0aliados\u00a0da sa\u00fade intestinal\",\"datePublished\":\"2025-06-29T10:00:00+00:00\",\"dateModified\":\"2025-07-18T14:58:39+00:00\",\"mainEntityOfPage\":{\"@id\":\"https:\\\/\\\/blog.saocamilo-sp.br\\\/index.php\\\/2025\\\/06\\\/29\\\/microbiota-intestinal-e-cancer\\\/\"},\"wordCount\":456,\"commentCount\":0,\"publisher\":{\"@id\":\"https:\\\/\\\/blog.saocamilo-sp.br\\\/#organization\"},\"image\":{\"@id\":\"https:\\\/\\\/blog.saocamilo-sp.br\\\/index.php\\\/2025\\\/06\\\/29\\\/microbiota-intestinal-e-cancer\\\/#primaryimage\"},\"thumbnailUrl\":\"https:\\\/\\\/blog.saocamilo-sp.br\\\/wp-content\\\/uploads\\\/2025\\\/06\\\/Probioticos-e-iogurtes.png\",\"keywords\":[\"Nutri\u00e7\u00e3o\",\"Sa\u00fade\",\"Vida Universit\u00e1ria\"],\"articleSection\":[\"Cursos\",\"Nutri\u00e7\u00e3o\"],\"inLanguage\":\"pt-BR\",\"potentialAction\":[{\"@type\":\"CommentAction\",\"name\":\"Comment\",\"target\":[\"https:\\\/\\\/blog.saocamilo-sp.br\\\/index.php\\\/2025\\\/06\\\/29\\\/microbiota-intestinal-e-cancer\\\/#respond\"]}]},{\"@type\":\"WebPage\",\"@id\":\"https:\\\/\\\/blog.saocamilo-sp.br\\\/index.php\\\/2025\\\/06\\\/29\\\/microbiota-intestinal-e-cancer\\\/\",\"url\":\"https:\\\/\\\/blog.saocamilo-sp.br\\\/index.php\\\/2025\\\/06\\\/29\\\/microbiota-intestinal-e-cancer\\\/\",\"name\":\"Microbiota Intestinal e C\u00e2ncer: Qual a Rela\u00e7\u00e3o?\",\"isPartOf\":{\"@id\":\"https:\\\/\\\/blog.saocamilo-sp.br\\\/#website\"},\"primaryImageOfPage\":{\"@id\":\"https:\\\/\\\/blog.saocamilo-sp.br\\\/index.php\\\/2025\\\/06\\\/29\\\/microbiota-intestinal-e-cancer\\\/#primaryimage\"},\"image\":{\"@id\":\"https:\\\/\\\/blog.saocamilo-sp.br\\\/index.php\\\/2025\\\/06\\\/29\\\/microbiota-intestinal-e-cancer\\\/#primaryimage\"},\"thumbnailUrl\":\"https:\\\/\\\/blog.saocamilo-sp.br\\\/wp-content\\\/uploads\\\/2025\\\/06\\\/Probioticos-e-iogurtes.png\",\"datePublished\":\"2025-06-29T10:00:00+00:00\",\"dateModified\":\"2025-07-18T14:58:39+00:00\",\"description\":\"Sa\u00fade Digestiva: O consumo destes produtos podem\u00a0 at\u00e9\u00a0 otimizar o efeito da imunoterapia em pacientes oncol\u00f3gicos.\",\"breadcrumb\":{\"@id\":\"https:\\\/\\\/blog.saocamilo-sp.br\\\/index.php\\\/2025\\\/06\\\/29\\\/microbiota-intestinal-e-cancer\\\/#breadcrumb\"},\"inLanguage\":\"pt-BR\",\"potentialAction\":[{\"@type\":\"ReadAction\",\"target\":[\"https:\\\/\\\/blog.saocamilo-sp.br\\\/index.php\\\/2025\\\/06\\\/29\\\/microbiota-intestinal-e-cancer\\\/\"]}]},{\"@type\":\"ImageObject\",\"inLanguage\":\"pt-BR\",\"@id\":\"https:\\\/\\\/blog.saocamilo-sp.br\\\/index.php\\\/2025\\\/06\\\/29\\\/microbiota-intestinal-e-cancer\\\/#primaryimage\",\"url\":\"https:\\\/\\\/blog.saocamilo-sp.br\\\/wp-content\\\/uploads\\\/2025\\\/06\\\/Probioticos-e-iogurtes.png\",\"contentUrl\":\"https:\\\/\\\/blog.saocamilo-sp.br\\\/wp-content\\\/uploads\\\/2025\\\/06\\\/Probioticos-e-iogurtes.png\",\"width\":600,\"height\":406,\"caption\":\"Probi\u00f3ticos e iogurtes s\u00e3o aliados da sa\u00fade intestinal\"},{\"@type\":\"BreadcrumbList\",\"@id\":\"https:\\\/\\\/blog.saocamilo-sp.br\\\/index.php\\\/2025\\\/06\\\/29\\\/microbiota-intestinal-e-cancer\\\/#breadcrumb\",\"itemListElement\":[{\"@type\":\"ListItem\",\"position\":1,\"name\":\"In\u00edcio\",\"item\":\"https:\\\/\\\/blog.saocamilo-sp.br\\\/\"},{\"@type\":\"ListItem\",\"position\":2,\"name\":\"Probi\u00f3ticos e iogurtes s\u00e3o\u00a0aliados\u00a0da sa\u00fade intestinal\"}]},{\"@type\":\"WebSite\",\"@id\":\"https:\\\/\\\/blog.saocamilo-sp.br\\\/#website\",\"url\":\"https:\\\/\\\/blog.saocamilo-sp.br\\\/\",\"name\":\"Blog S\u00e3o Camilo\",\"description\":\"Blog do Centro Universit\u00e1rio S\u00e3o Camilo\",\"publisher\":{\"@id\":\"https:\\\/\\\/blog.saocamilo-sp.br\\\/#organization\"},\"potentialAction\":[{\"@type\":\"SearchAction\",\"target\":{\"@type\":\"EntryPoint\",\"urlTemplate\":\"https:\\\/\\\/blog.saocamilo-sp.br\\\/?s={search_term_string}\"},\"query-input\":{\"@type\":\"PropertyValueSpecification\",\"valueRequired\":true,\"valueName\":\"search_term_string\"}}],\"inLanguage\":\"pt-BR\"},{\"@type\":\"Organization\",\"@id\":\"https:\\\/\\\/blog.saocamilo-sp.br\\\/#organization\",\"name\":\"Blog S\u00e3o Camilo\",\"url\":\"https:\\\/\\\/blog.saocamilo-sp.br\\\/\",\"logo\":{\"@type\":\"ImageObject\",\"inLanguage\":\"pt-BR\",\"@id\":\"https:\\\/\\\/blog.saocamilo-sp.br\\\/#\\\/schema\\\/logo\\\/image\\\/\",\"url\":\"https:\\\/\\\/blog.saocamilo-sp.br\\\/wp-content\\\/uploads\\\/2021\\\/12\\\/cropped-vazio-logo-topo.png\",\"contentUrl\":\"https:\\\/\\\/blog.saocamilo-sp.br\\\/wp-content\\\/uploads\\\/2021\\\/12\\\/cropped-vazio-logo-topo.png\",\"width\":320,\"height\":240,\"caption\":\"Blog S\u00e3o Camilo\"},\"image\":{\"@id\":\"https:\\\/\\\/blog.saocamilo-sp.br\\\/#\\\/schema\\\/logo\\\/image\\\/\"},\"sameAs\":[\"https:\\\/\\\/www.facebook.com\\\/saocamilosp\",\"https:\\\/\\\/x.com\\\/saocamilosp\",\"https:\\\/\\\/www.linkedin.com\\\/school\\\/centro-universit-rio-s-o-camilo\\\/\"]},{\"@type\":\"Person\",\"@id\":\"https:\\\/\\\/blog.saocamilo-sp.br\\\/#\\\/schema\\\/person\\\/781135418152912d4b58f2db13a2eaf0\",\"name\":\"Lucas Soares Gon\u00e7alves\",\"image\":{\"@type\":\"ImageObject\",\"inLanguage\":\"pt-BR\",\"@id\":\"https:\\\/\\\/secure.gravatar.com\\\/avatar\\\/bcd2d703cbb48116eaac2cac8643792535238ff30b2d7ce9e16f9254ec9cae83?s=96&d=mm&r=g\",\"url\":\"https:\\\/\\\/secure.gravatar.com\\\/avatar\\\/bcd2d703cbb48116eaac2cac8643792535238ff30b2d7ce9e16f9254ec9cae83?s=96&d=mm&r=g\",\"contentUrl\":\"https:\\\/\\\/secure.gravatar.com\\\/avatar\\\/bcd2d703cbb48116eaac2cac8643792535238ff30b2d7ce9e16f9254ec9cae83?s=96&d=mm&r=g\",\"caption\":\"Lucas Soares Gon\u00e7alves\"},\"url\":\"https:\\\/\\\/blog.saocamilo-sp.br\\\/index.php\\\/author\\\/lucas-soares-goncalves\\\/\"}]}<\/script>\n<!-- \/ Yoast SEO plugin. -->","yoast_head_json":{"title":"Microbiota Intestinal e C\u00e2ncer: Qual a Rela\u00e7\u00e3o?","description":"Sa\u00fade Digestiva: O consumo destes produtos podem\u00a0 at\u00e9\u00a0 otimizar o efeito da imunoterapia em pacientes oncol\u00f3gicos.","robots":{"index":"index","follow":"follow","max-snippet":"max-snippet:-1","max-image-preview":"max-image-preview:large","max-video-preview":"max-video-preview:-1"},"canonical":"https:\/\/blog.saocamilo-sp.br\/index.php\/2025\/06\/29\/microbiota-intestinal-e-cancer\/","og_locale":"pt_BR","og_type":"article","og_title":"Microbiota Intestinal e C\u00e2ncer: Qual a Rela\u00e7\u00e3o?","og_description":"Sa\u00fade Digestiva: O consumo destes produtos podem\u00a0 at\u00e9\u00a0 otimizar o efeito da imunoterapia em pacientes oncol\u00f3gicos.","og_url":"https:\/\/blog.saocamilo-sp.br\/index.php\/2025\/06\/29\/microbiota-intestinal-e-cancer\/","og_site_name":"Blog S\u00e3o Camilo","article_publisher":"https:\/\/www.facebook.com\/saocamilosp","article_published_time":"2025-06-29T10:00:00+00:00","article_modified_time":"2025-07-18T14:58:39+00:00","og_image":[{"width":600,"height":406,"url":"https:\/\/blog.saocamilo-sp.br\/wp-content\/uploads\/2025\/06\/Probioticos-e-iogurtes.png","type":"image\/png"}],"author":"Lucas Soares Gon\u00e7alves","twitter_card":"summary_large_image","twitter_creator":"@saocamilosp","twitter_site":"@saocamilosp","twitter_misc":{"Escrito por":"Lucas Soares Gon\u00e7alves","Est. tempo de leitura":"3 minutos"},"schema":{"@context":"https:\/\/schema.org","@graph":[{"@type":"Article","@id":"https:\/\/blog.saocamilo-sp.br\/index.php\/2025\/06\/29\/microbiota-intestinal-e-cancer\/#article","isPartOf":{"@id":"https:\/\/blog.saocamilo-sp.br\/index.php\/2025\/06\/29\/microbiota-intestinal-e-cancer\/"},"author":{"name":"Lucas Soares Gon\u00e7alves","@id":"https:\/\/blog.saocamilo-sp.br\/#\/schema\/person\/781135418152912d4b58f2db13a2eaf0"},"headline":"Probi\u00f3ticos e iogurtes s\u00e3o\u00a0aliados\u00a0da sa\u00fade intestinal","datePublished":"2025-06-29T10:00:00+00:00","dateModified":"2025-07-18T14:58:39+00:00","mainEntityOfPage":{"@id":"https:\/\/blog.saocamilo-sp.br\/index.php\/2025\/06\/29\/microbiota-intestinal-e-cancer\/"},"wordCount":456,"commentCount":0,"publisher":{"@id":"https:\/\/blog.saocamilo-sp.br\/#organization"},"image":{"@id":"https:\/\/blog.saocamilo-sp.br\/index.php\/2025\/06\/29\/microbiota-intestinal-e-cancer\/#primaryimage"},"thumbnailUrl":"https:\/\/blog.saocamilo-sp.br\/wp-content\/uploads\/2025\/06\/Probioticos-e-iogurtes.png","keywords":["Nutri\u00e7\u00e3o","Sa\u00fade","Vida Universit\u00e1ria"],"articleSection":["Cursos","Nutri\u00e7\u00e3o"],"inLanguage":"pt-BR","potentialAction":[{"@type":"CommentAction","name":"Comment","target":["https:\/\/blog.saocamilo-sp.br\/index.php\/2025\/06\/29\/microbiota-intestinal-e-cancer\/#respond"]}]},{"@type":"WebPage","@id":"https:\/\/blog.saocamilo-sp.br\/index.php\/2025\/06\/29\/microbiota-intestinal-e-cancer\/","url":"https:\/\/blog.saocamilo-sp.br\/index.php\/2025\/06\/29\/microbiota-intestinal-e-cancer\/","name":"Microbiota Intestinal e C\u00e2ncer: Qual a Rela\u00e7\u00e3o?","isPartOf":{"@id":"https:\/\/blog.saocamilo-sp.br\/#website"},"primaryImageOfPage":{"@id":"https:\/\/blog.saocamilo-sp.br\/index.php\/2025\/06\/29\/microbiota-intestinal-e-cancer\/#primaryimage"},"image":{"@id":"https:\/\/blog.saocamilo-sp.br\/index.php\/2025\/06\/29\/microbiota-intestinal-e-cancer\/#primaryimage"},"thumbnailUrl":"https:\/\/blog.saocamilo-sp.br\/wp-content\/uploads\/2025\/06\/Probioticos-e-iogurtes.png","datePublished":"2025-06-29T10:00:00+00:00","dateModified":"2025-07-18T14:58:39+00:00","description":"Sa\u00fade Digestiva: O consumo destes produtos podem\u00a0 at\u00e9\u00a0 otimizar o efeito da imunoterapia em pacientes oncol\u00f3gicos.","breadcrumb":{"@id":"https:\/\/blog.saocamilo-sp.br\/index.php\/2025\/06\/29\/microbiota-intestinal-e-cancer\/#breadcrumb"},"inLanguage":"pt-BR","potentialAction":[{"@type":"ReadAction","target":["https:\/\/blog.saocamilo-sp.br\/index.php\/2025\/06\/29\/microbiota-intestinal-e-cancer\/"]}]},{"@type":"ImageObject","inLanguage":"pt-BR","@id":"https:\/\/blog.saocamilo-sp.br\/index.php\/2025\/06\/29\/microbiota-intestinal-e-cancer\/#primaryimage","url":"https:\/\/blog.saocamilo-sp.br\/wp-content\/uploads\/2025\/06\/Probioticos-e-iogurtes.png","contentUrl":"https:\/\/blog.saocamilo-sp.br\/wp-content\/uploads\/2025\/06\/Probioticos-e-iogurtes.png","width":600,"height":406,"caption":"Probi\u00f3ticos e iogurtes s\u00e3o aliados da sa\u00fade intestinal"},{"@type":"BreadcrumbList","@id":"https:\/\/blog.saocamilo-sp.br\/index.php\/2025\/06\/29\/microbiota-intestinal-e-cancer\/#breadcrumb","itemListElement":[{"@type":"ListItem","position":1,"name":"In\u00edcio","item":"https:\/\/blog.saocamilo-sp.br\/"},{"@type":"ListItem","position":2,"name":"Probi\u00f3ticos e iogurtes s\u00e3o\u00a0aliados\u00a0da sa\u00fade intestinal"}]},{"@type":"WebSite","@id":"https:\/\/blog.saocamilo-sp.br\/#website","url":"https:\/\/blog.saocamilo-sp.br\/","name":"Blog S\u00e3o Camilo","description":"Blog do Centro Universit\u00e1rio S\u00e3o Camilo","publisher":{"@id":"https:\/\/blog.saocamilo-sp.br\/#organization"},"potentialAction":[{"@type":"SearchAction","target":{"@type":"EntryPoint","urlTemplate":"https:\/\/blog.saocamilo-sp.br\/?s={search_term_string}"},"query-input":{"@type":"PropertyValueSpecification","valueRequired":true,"valueName":"search_term_string"}}],"inLanguage":"pt-BR"},{"@type":"Organization","@id":"https:\/\/blog.saocamilo-sp.br\/#organization","name":"Blog S\u00e3o Camilo","url":"https:\/\/blog.saocamilo-sp.br\/","logo":{"@type":"ImageObject","inLanguage":"pt-BR","@id":"https:\/\/blog.saocamilo-sp.br\/#\/schema\/logo\/image\/","url":"https:\/\/blog.saocamilo-sp.br\/wp-content\/uploads\/2021\/12\/cropped-vazio-logo-topo.png","contentUrl":"https:\/\/blog.saocamilo-sp.br\/wp-content\/uploads\/2021\/12\/cropped-vazio-logo-topo.png","width":320,"height":240,"caption":"Blog S\u00e3o Camilo"},"image":{"@id":"https:\/\/blog.saocamilo-sp.br\/#\/schema\/logo\/image\/"},"sameAs":["https:\/\/www.facebook.com\/saocamilosp","https:\/\/x.com\/saocamilosp","https:\/\/www.linkedin.com\/school\/centro-universit-rio-s-o-camilo\/"]},{"@type":"Person","@id":"https:\/\/blog.saocamilo-sp.br\/#\/schema\/person\/781135418152912d4b58f2db13a2eaf0","name":"Lucas Soares Gon\u00e7alves","image":{"@type":"ImageObject","inLanguage":"pt-BR","@id":"https:\/\/secure.gravatar.com\/avatar\/bcd2d703cbb48116eaac2cac8643792535238ff30b2d7ce9e16f9254ec9cae83?s=96&d=mm&r=g","url":"https:\/\/secure.gravatar.com\/avatar\/bcd2d703cbb48116eaac2cac8643792535238ff30b2d7ce9e16f9254ec9cae83?s=96&d=mm&r=g","contentUrl":"https:\/\/secure.gravatar.com\/avatar\/bcd2d703cbb48116eaac2cac8643792535238ff30b2d7ce9e16f9254ec9cae83?s=96&d=mm&r=g","caption":"Lucas Soares Gon\u00e7alves"},"url":"https:\/\/blog.saocamilo-sp.br\/index.php\/author\/lucas-soares-goncalves\/"}]}},"_links":{"self":[{"href":"https:\/\/blog.saocamilo-sp.br\/index.php\/wp-json\/wp\/v2\/posts\/3829","targetHints":{"allow":["GET"]}}],"collection":[{"href":"https:\/\/blog.saocamilo-sp.br\/index.php\/wp-json\/wp\/v2\/posts"}],"about":[{"href":"https:\/\/blog.saocamilo-sp.br\/index.php\/wp-json\/wp\/v2\/types\/post"}],"author":[{"embeddable":true,"href":"https:\/\/blog.saocamilo-sp.br\/index.php\/wp-json\/wp\/v2\/users\/4"}],"replies":[{"embeddable":true,"href":"https:\/\/blog.saocamilo-sp.br\/index.php\/wp-json\/wp\/v2\/comments?post=3829"}],"version-history":[{"count":4,"href":"https:\/\/blog.saocamilo-sp.br\/index.php\/wp-json\/wp\/v2\/posts\/3829\/revisions"}],"predecessor-version":[{"id":3906,"href":"https:\/\/blog.saocamilo-sp.br\/index.php\/wp-json\/wp\/v2\/posts\/3829\/revisions\/3906"}],"wp:featuredmedia":[{"embeddable":true,"href":"https:\/\/blog.saocamilo-sp.br\/index.php\/wp-json\/wp\/v2\/media\/3916"}],"wp:attachment":[{"href":"https:\/\/blog.saocamilo-sp.br\/index.php\/wp-json\/wp\/v2\/media?parent=3829"}],"wp:term":[{"taxonomy":"category","embeddable":true,"href":"https:\/\/blog.saocamilo-sp.br\/index.php\/wp-json\/wp\/v2\/categories?post=3829"},{"taxonomy":"post_tag","embeddable":true,"href":"https:\/\/blog.saocamilo-sp.br\/index.php\/wp-json\/wp\/v2\/tags?post=3829"}],"curies":[{"name":"wp","href":"https:\/\/api.w.org\/{rel}","templated":true}]}}