{"id":3833,"date":"2025-06-07T07:00:00","date_gmt":"2025-06-07T10:00:00","guid":{"rendered":"https:\/\/blog.saocamilo-sp.br\/?p=3833"},"modified":"2025-07-17T18:26:30","modified_gmt":"2025-07-17T21:26:30","slug":"autistas","status":"publish","type":"post","link":"https:\/\/blog.saocamilo-sp.br\/index.php\/2025\/06\/07\/autistas\/","title":{"rendered":"Seletividade alimentar e d\u00e9ficit nutricional desafios para pais e cuidadores de crian\u00e7as autistas"},"content":{"rendered":"\n<p><em>Especialista explica sobre a import\u00e2ncia da alimenta\u00e7\u00e3o adequada para pessoas com transtorno do espectro autista<\/em><\/p>\n\n\n\n<p>Uma alimenta\u00e7\u00e3o adequada \u00e9 fundamental para o bem-estar geral de qualquer pessoa. No caso de indiv\u00edduos com Transtorno do Espectro Autista (TEA), essa import\u00e2ncia \u00e9 ainda maior, pois eles podem apresentar d\u00e9ficits nutricionais que afetam diversos aspectos do seu desenvolvimento.<\/p>\n\n\n\n<p>Para entender melhor os principais desafios enfrentados por pais, m\u00e3es, respons\u00e1veis e pacientes com TEA, e quais nutrientes s\u00e3o especialmente importantes para lidar com a seletividade alimentar t\u00e3o comum nesse transtorno, conversamos com a <em>Coordenadora do <a href=\"https:\/\/saocamilo-sp.br\/cursos-pos-graduacao\/nutricao\/mestrado-profissional-em-nutricao\/\">Mestrado Profissional em Nutri\u00e7\u00e3o na P\u00f3s-Gradua\u00e7\u00e3o <\/a><a href=\"https:\/\/saocamilo-sp.br\/\">S\u00e3o Camilo<\/a><\/em>, Aline de Piano Ganen.<\/p>\n\n\n\n<h3 class=\"wp-block-heading\"><em>1. Quais s\u00e3o os d\u00e9ficits nutricionais mais comuns em pessoas autistas, e como eles podem impactar o comportamento e o desenvolvimento?<\/em><\/h3>\n\n\n\n<p>&#8220;Indiv\u00edduos com TEA podem apresentar alguns d\u00e9ficits nutricionais associados a poss\u00edveis restri\u00e7\u00f5es e comportamento alimentar seletivo, tais como:\u00a0 c\u00e1lcio, prote\u00ednas, zinco, vitamina D e B12. Essa ingest\u00e3o inadequada pode resultar em comprometimento do crescimento e desenvolvimento, aumento do risco de doen\u00e7as cr\u00f4nicas n\u00e3o transmiss\u00edveis, como, por exemplo, a obesidade.&#8221;<\/p>\n\n\n\n<h3 class=\"wp-block-heading\"><em>2. Existem vitaminas ou minerais (como magn\u00e9sio, zinco, \u00f4mega-3 ou vitamina D) que s\u00e3o especialmente importantes para indiv\u00edduos no espectro?<\/em><\/h3>\n\n\n\n<p>&#8220;Suplementos de \u00f4mega-3 e vitamina D t\u00eam sido estudados em rela\u00e7\u00e3o ao autismo. A suplementa\u00e7\u00e3o combinada mostrou efeitos positivos nos sintomas sociais e comportamentais de indiv\u00edduos com autismo, entretanto refor\u00e7a-se a necessidade de mais estudos para que seja um consenso.\u00a0&#8220;<\/p>\n\n\n\n<h3 class=\"wp-block-heading\"><em>3. Por que a seletividade alimentar \u00e9 t\u00e3o comum no autismo, e como os pais podem introduzir novos alimentos sem causar estresse?<\/em><\/h3>\n\n\n\n<p>&#8221; A seletividade alimentar em crian\u00e7as autistas pode estar relacionada a sensibilidades sensoriais, prefer\u00eancias por texturas espec\u00edficas ou dificuldades com mudan\u00e7as na rotina. Uma t\u00e9cnica eficaz \u00e9 a &#8220;cadeia alimentar&#8221;, tamb\u00e9m chamada de Food Chaining, que introduz gradualmente novos alimentos semelhantes aos preferidos da crian\u00e7a, facilitando a aceita\u00e7\u00e3o.&#8221;<\/p>\n\n\n\n<h3 class=\"wp-block-heading\"><em>4. Quais estrat\u00e9gias podem ajudar uma crian\u00e7a autista que s\u00f3 come alimentos de uma mesma cor ou textura?<\/em><\/h3>\n\n\n\n<p>&#8220;Al\u00e9m da cadeia alimentar (food chaining), \u00e9 \u00fatil envolver a crian\u00e7a na prepara\u00e7\u00e3o das refei\u00e7\u00f5es, oferecer escolhas dentro de uma variedade limitada e manter uma rotina consistente nas refei\u00e7\u00f5es. A paci\u00eancia e a celebra\u00e7\u00e3o de pequenos progressos s\u00e3o essenciais. Al\u00e9m disso, o acompanhamento com nutricionista especializado neste p\u00fablico \u00e9 essencial para a ado\u00e7\u00e3o de estrat\u00e9gias efetivas.&#8221;<\/p>\n\n\n\n<h3 class=\"wp-block-heading\"><em>5. Como adaptar a alimenta\u00e7\u00e3o quando h\u00e1 avers\u00f5es sensoriais muito fortes (ex.: recusa a alimentos pastosos ou crocantes)?<\/em><\/h3>\n\n\n\n<p>&#8220;Respeitar as sensibilidades sensoriais da crian\u00e7a \u00e9 crucial. Ofere\u00e7a alimentos com texturas aceit\u00e1veis e, gradualmente, introduza novas texturas em pequenas quantidades, sempre observando a rea\u00e7\u00e3o da crian\u00e7a e evitando for\u00e7ar a aceita\u00e7\u00e3o.&#8221;<\/p>\n\n\n\n<h3 class=\"wp-block-heading\"><em>6. A dieta sem gl\u00faten e sem case\u00edna (GFCF) realmente traz benef\u00edcios para alguns autistas, ou ainda faltam evid\u00eancias cient\u00edficas?<\/em><\/h3>\n\n\n\n<p>&#8220;As evid\u00eancias sobre os benef\u00edcios da dieta GFCF s\u00e3o mistas. Alguns estudos relatam melhorias nos sintomas do autismo, enquanto outros n\u00e3o encontram efeitos significativos., refor\u00e7ando a necessidade de mais estudos, para que seja um consenso no TEA. Devemos tamb\u00e9m levar em considera\u00e7\u00e3o sempre a individualidade de cada paciente.&#8221;<\/p>\n\n\n\n<h3 class=\"wp-block-heading\"><em>7. Em que casos uma dieta cetog\u00eanica ou low-FODMAP pode ser recomendada para autistas com problemas gastrointestinais?<\/em><\/h3>\n\n\n\n<p>&#8220;Dietas como a cetog\u00eanica ou low-FODMAP podem ser consideradas para indiv\u00edduos autistas com dist\u00farbios gastrointestinais espec\u00edficos, mas devem ser implementadas sob orienta\u00e7\u00e3o e supervis\u00e3o m\u00e9dica e de nutricionista devido \u00e0 sua complexidade e poss\u00edveis efeitos colaterais.\u00a0&#8220;<\/p>\n\n\n\n<h3 class=\"wp-block-heading\"><em>8. Quais s\u00e3o os riscos de restri\u00e7\u00f5es alimentares muito severas sem acompanhamento profissional?<\/em><\/h3>\n\n\n\n<p>&#8220;Restri\u00e7\u00f5es alimentares sem orienta\u00e7\u00e3o adequada podem levar a defici\u00eancias nutricionais, comprometendo o crescimento e a sa\u00fade geral., bem como piorar um quadro de seletividade alimentar. \u00c9 fundamental buscar orienta\u00e7\u00e3o de profissionais qualificados na \u00e1rea de nutri\u00e7\u00e3o e TEA ao considerar mudan\u00e7as significativas na dieta.&#8221;<\/p>\n\n\n\n<h3 class=\"wp-block-heading\"><em>9. Qual a rela\u00e7\u00e3o entre o eixo intestino-c\u00e9rebro e o autismo? Probi\u00f3ticos podem ajudar?<\/em><\/h3>\n\n\n\n<p>&#8220;O eixo intestino-c\u00e9rebro refere-se \u00e0 comunica\u00e7\u00e3o bidirecional entre o trato gastrointestinal e o sistema nervoso central. Altera\u00e7\u00f5es na microbiota intestinal t\u00eam sido associadas ao autismo, e estudos sugerem que probi\u00f3ticos podem melhorar sintomas gastrointestinais e comportamentais em alguns casos, entretanto s\u00e3 necess\u00e1rios mais estudos para defini\u00e7\u00e3o de quais cepas, quantidades e orienta\u00e7\u00f5es individualizadas.&#8221;<\/p>\n\n\n\n<h3 class=\"wp-block-heading\"><em>10. Alimentos inflamat\u00f3rios (como ultraprocessados e a\u00e7\u00facar) podem piorar sintomas como irritabilidade e hiperatividade?<\/em><\/h3>\n\n\n\n<p>&#8220;Uma meta-an\u00e1lise encontrou uma associa\u00e7\u00e3o positiva entre o consumo de a\u00e7\u00facar e bebidas a\u00e7ucaradas e os sintomas de TDAH em crian\u00e7as, entretanto, os pesquisadores destacam a necessidade de mais estudos para confirmar essa rela\u00e7\u00e3o.\u00a0 Outro estudo sugere que alimentos ricos em a\u00e7\u00facares, corantes artificiais e conservantes qu\u00edmicos, podem contribuir para o aumento do risco de TDAH. No que se refere ao TEA, ainda S\u00e3o necess\u00e1rios mais estudos para estabelecer essas rela\u00e7\u00f5es. Desta forma, reduzir o consumo de alimentos ultraprocessados e a\u00e7\u00facares adicionados pode ser ben\u00e9fico. Optar por uma dieta equilibrada, rica em frutas, vegetais, gr\u00e3os integrais e prote\u00ednas magras, pode contribuir para a melhora do bem-estar geral e dos sintomas comportamentais. \u00c9 importante consultar profissionais de sa\u00fade para orienta\u00e7\u00f5es personalizadas.&#8221;<\/p>\n\n\n\n<h3 class=\"wp-block-heading\"><em>11. Quando a suplementa\u00e7\u00e3o (como \u00f4mega-3, probi\u00f3ticos ou vitaminas) \u00e9 realmente necess\u00e1ria, e como saber se est\u00e1 funcionando?<\/em><\/h3>\n\n\n\n<p>&#8220;A suplementa\u00e7\u00e3o deve ser considerada quando h\u00e1 defici\u00eancias comprovadas ou necessidades espec\u00edficas, sempre sob orienta\u00e7\u00e3o profissional. Monitorar mudan\u00e7as nos sintomas e realizar avalia\u00e7\u00f5es peri\u00f3dicas ajuda a determinar a efic\u00e1cia da suplementa\u00e7\u00e3o.&#8221;<\/p>\n\n\n\n<h3 class=\"wp-block-heading\"><em>12. Existem suplementos que devem ser evitados em crian\u00e7as autistas?<\/em><\/h3>\n\n\n\n<p>&#8220;Suplementos devem ser administrados com cautela. Alguns podem interagir com medicamentos ou ter efeitos adversos. Sempre consulte um profissional de sa\u00fade antes de iniciar qualquer suplementa\u00e7\u00e3o.&#8221;<\/p>\n\n\n\n<h3 class=\"wp-block-heading\"><em>13. Como fam\u00edlias de baixa renda podem garantir uma alimenta\u00e7\u00e3o adequada para um autista com muitas restri\u00e7\u00f5es?<\/em><\/h3>\n\n\n\n<p>&#8220;Buscar orienta\u00e7\u00e3o de nutricionistas em servi\u00e7os p\u00fablicos de sa\u00fade, aproveitar programas de assist\u00eancia alimentar e focar em alimentos nutritivos e acess\u00edveis pode ajudar a garantir uma dieta balanceada dentro das limita\u00e7\u00f5es financeiras.&#8221;<\/p>\n\n\n\n<h3 class=\"wp-block-heading\"><em>14. O que escolas e cuidadores podem fazer para ajudar crian\u00e7as autistas com dificuldades alimentares?<\/em><\/h3>\n\n\n\n<p>Escolas e cuidadores podem colaborar com fam\u00edlias e profissionais de sa\u00fade para criar planos alimentares individualizados, oferecer ambientes de refei\u00e7\u00e3o tranquilos e respeitar as prefer\u00eancias e sensibilidades alimentares da crian\u00e7a.<\/p>\n\n\n\n<h3 class=\"wp-block-heading\"><em>15. Quais s\u00e3o os maiores mitos sobre alimenta\u00e7\u00e3o e autismo que precisam ser desmentidos?<\/em><\/h3>\n\n\n\n<p>&#8220;Um mito comum \u00e9 que dietas espec\u00edficas podem &#8220;curar&#8221; o autismo. Embora a nutri\u00e7\u00e3o adequada seja crucial, n\u00e3o h\u00e1 evid\u00eancias de que qualquer dieta elimine os sintomas do autismo. Um planejamento e manejo individualizado, por meio de estrat\u00e9gias espec\u00edficas para esse p\u00fablico s\u00e3o primordiais para a promo\u00e7\u00e3o de qualidade de vida desses pacientes e de suas fam\u00edlias.&#8221;<\/p>\n\n\n\n<p><strong>Veja tamb\u00e9m<\/strong><br><a href=\"https:\/\/blog.saocamilo-sp.br\/index.php\/2024\/05\/24\/centro-universitario-sao-camilo-conquista-o-selo-ies-amiga-da-iniciacao-cientifica-do-semesp\/\"><\/a><a href=\"https:\/\/blog.saocamilo-sp.br\/index.php\/2025\/05\/16\/celiaca\/\">Doen\u00e7a Cel\u00edaca: o que \u00e9, como conviver e receitas para o dia a dia<\/a><br><a href=\"Psyllium: docente de Nutri\u00e7\u00e3o fala do \u2018Ozempic natural\u2019 para o Viva Bem\"><\/a><a href=\"https:\/\/blog.saocamilo-sp.br\/index.php\/2025\/05\/19\/psyllium\/\">Psyllium: docente de Nutri\u00e7\u00e3o fala do \u2018Ozempic natural\u2019 para o Viva Bem<\/a><br><a href=\"https:\/\/blog.saocamilo-sp.br\/index.php\/2023\/02\/13\/curso-de-medicina-do-centro-universitario-sao-camilo-recebe-certificacao-do-cfm\/\"><\/a><a href=\"https:\/\/blog.saocamilo-sp.br\/index.php\/2025\/06\/03\/3-de-junho-dia-da-conscientizacao-contra-a-obesidade-morbida-infantil\/\">3 de junho:\u00a0Dia da Conscientiza\u00e7\u00e3o contra a Obesidade M\u00f3rbida Infantil<\/a><\/p>\n","protected":false},"excerpt":{"rendered":"<p>Para entender os desafios alimentares no TEA e os nutrientes essenciais, conversamos com Aline de Piano Ganen, Coordenadora do Mestrado Profissional em Nutri\u00e7\u00e3o da S\u00e3o Camilo.<\/p>\n","protected":false},"author":4,"featured_media":3834,"comment_status":"open","ping_status":"open","sticky":false,"template":"","format":"standard","meta":{"cybocfi_hide_featured_image":"","footnotes":""},"categories":[1],"tags":[],"class_list":["post-3833","post","type-post","status-publish","format-standard","has-post-thumbnail","hentry","category-cursos"],"yoast_head":"<!-- This site is optimized with the Yoast SEO plugin v27.5 - https:\/\/yoast.com\/product\/yoast-seo-wordpress\/ -->\n<title>Seletividade alimentar e d\u00e9ficit nutricional desafios para pais e cuidadores de crian\u00e7as autistas - Blog S\u00e3o Camilo<\/title>\n<meta name=\"description\" content=\"Especialista explica sobre a import\u00e2ncia da alimenta\u00e7\u00e3o adequada para pessoas com transtorno do espectro autistas\" \/>\n<meta name=\"robots\" content=\"index, follow, max-snippet:-1, max-image-preview:large, max-video-preview:-1\" \/>\n<link rel=\"canonical\" href=\"https:\/\/blog.saocamilo-sp.br\/index.php\/2025\/06\/07\/autistas\/\" \/>\n<meta property=\"og:locale\" content=\"pt_BR\" \/>\n<meta property=\"og:type\" content=\"article\" \/>\n<meta property=\"og:title\" content=\"Seletividade alimentar e d\u00e9ficit nutricional desafios para pais e cuidadores de crian\u00e7as autistas - Blog S\u00e3o Camilo\" \/>\n<meta property=\"og:description\" content=\"Especialista explica sobre a import\u00e2ncia da alimenta\u00e7\u00e3o adequada para pessoas com transtorno do espectro autistas\" \/>\n<meta property=\"og:url\" content=\"https:\/\/blog.saocamilo-sp.br\/index.php\/2025\/06\/07\/autistas\/\" \/>\n<meta property=\"og:site_name\" content=\"Blog S\u00e3o Camilo\" \/>\n<meta property=\"article:publisher\" content=\"https:\/\/www.facebook.com\/saocamilosp\" \/>\n<meta property=\"article:published_time\" content=\"2025-06-07T10:00:00+00:00\" \/>\n<meta property=\"article:modified_time\" content=\"2025-07-17T21:26:30+00:00\" \/>\n<meta property=\"og:image\" content=\"https:\/\/blog.saocamilo-sp.br\/wp-content\/uploads\/2025\/06\/autista-1.png\" \/>\n\t<meta property=\"og:image:width\" content=\"1920\" \/>\n\t<meta property=\"og:image:height\" content=\"1080\" \/>\n\t<meta property=\"og:image:type\" content=\"image\/png\" \/>\n<meta name=\"author\" content=\"Lucas Soares Gon\u00e7alves\" \/>\n<meta name=\"twitter:card\" content=\"summary_large_image\" \/>\n<meta name=\"twitter:creator\" content=\"@saocamilosp\" \/>\n<meta name=\"twitter:site\" content=\"@saocamilosp\" \/>\n<meta name=\"twitter:label1\" content=\"Escrito por\" \/>\n\t<meta name=\"twitter:data1\" content=\"Lucas Soares Gon\u00e7alves\" \/>\n\t<meta name=\"twitter:label2\" content=\"Est. tempo de leitura\" \/>\n\t<meta name=\"twitter:data2\" content=\"7 minutos\" \/>\n<script type=\"application\/ld+json\" class=\"yoast-schema-graph\">{\"@context\":\"https:\\\/\\\/schema.org\",\"@graph\":[{\"@type\":\"Article\",\"@id\":\"https:\\\/\\\/blog.saocamilo-sp.br\\\/index.php\\\/2025\\\/06\\\/07\\\/autistas\\\/#article\",\"isPartOf\":{\"@id\":\"https:\\\/\\\/blog.saocamilo-sp.br\\\/index.php\\\/2025\\\/06\\\/07\\\/autistas\\\/\"},\"author\":{\"name\":\"Lucas Soares Gon\u00e7alves\",\"@id\":\"https:\\\/\\\/blog.saocamilo-sp.br\\\/#\\\/schema\\\/person\\\/781135418152912d4b58f2db13a2eaf0\"},\"headline\":\"Seletividade alimentar e d\u00e9ficit nutricional desafios para pais e cuidadores de crian\u00e7as autistas\",\"datePublished\":\"2025-06-07T10:00:00+00:00\",\"dateModified\":\"2025-07-17T21:26:30+00:00\",\"mainEntityOfPage\":{\"@id\":\"https:\\\/\\\/blog.saocamilo-sp.br\\\/index.php\\\/2025\\\/06\\\/07\\\/autistas\\\/\"},\"wordCount\":1255,\"commentCount\":0,\"publisher\":{\"@id\":\"https:\\\/\\\/blog.saocamilo-sp.br\\\/#organization\"},\"image\":{\"@id\":\"https:\\\/\\\/blog.saocamilo-sp.br\\\/index.php\\\/2025\\\/06\\\/07\\\/autistas\\\/#primaryimage\"},\"thumbnailUrl\":\"https:\\\/\\\/blog.saocamilo-sp.br\\\/wp-content\\\/uploads\\\/2025\\\/06\\\/autista-1.png\",\"articleSection\":[\"Cursos\"],\"inLanguage\":\"pt-BR\",\"potentialAction\":[{\"@type\":\"CommentAction\",\"name\":\"Comment\",\"target\":[\"https:\\\/\\\/blog.saocamilo-sp.br\\\/index.php\\\/2025\\\/06\\\/07\\\/autistas\\\/#respond\"]}]},{\"@type\":\"WebPage\",\"@id\":\"https:\\\/\\\/blog.saocamilo-sp.br\\\/index.php\\\/2025\\\/06\\\/07\\\/autistas\\\/\",\"url\":\"https:\\\/\\\/blog.saocamilo-sp.br\\\/index.php\\\/2025\\\/06\\\/07\\\/autistas\\\/\",\"name\":\"Seletividade alimentar e d\u00e9ficit nutricional desafios para pais e cuidadores de crian\u00e7as autistas - Blog S\u00e3o Camilo\",\"isPartOf\":{\"@id\":\"https:\\\/\\\/blog.saocamilo-sp.br\\\/#website\"},\"primaryImageOfPage\":{\"@id\":\"https:\\\/\\\/blog.saocamilo-sp.br\\\/index.php\\\/2025\\\/06\\\/07\\\/autistas\\\/#primaryimage\"},\"image\":{\"@id\":\"https:\\\/\\\/blog.saocamilo-sp.br\\\/index.php\\\/2025\\\/06\\\/07\\\/autistas\\\/#primaryimage\"},\"thumbnailUrl\":\"https:\\\/\\\/blog.saocamilo-sp.br\\\/wp-content\\\/uploads\\\/2025\\\/06\\\/autista-1.png\",\"datePublished\":\"2025-06-07T10:00:00+00:00\",\"dateModified\":\"2025-07-17T21:26:30+00:00\",\"description\":\"Especialista explica sobre a import\u00e2ncia da alimenta\u00e7\u00e3o adequada para pessoas com transtorno do espectro autistas\",\"breadcrumb\":{\"@id\":\"https:\\\/\\\/blog.saocamilo-sp.br\\\/index.php\\\/2025\\\/06\\\/07\\\/autistas\\\/#breadcrumb\"},\"inLanguage\":\"pt-BR\",\"potentialAction\":[{\"@type\":\"ReadAction\",\"target\":[\"https:\\\/\\\/blog.saocamilo-sp.br\\\/index.php\\\/2025\\\/06\\\/07\\\/autistas\\\/\"]}]},{\"@type\":\"ImageObject\",\"inLanguage\":\"pt-BR\",\"@id\":\"https:\\\/\\\/blog.saocamilo-sp.br\\\/index.php\\\/2025\\\/06\\\/07\\\/autistas\\\/#primaryimage\",\"url\":\"https:\\\/\\\/blog.saocamilo-sp.br\\\/wp-content\\\/uploads\\\/2025\\\/06\\\/autista-1.png\",\"contentUrl\":\"https:\\\/\\\/blog.saocamilo-sp.br\\\/wp-content\\\/uploads\\\/2025\\\/06\\\/autista-1.png\",\"width\":1920,\"height\":1080,\"caption\":\"Especialista explica sobre a import\u00e2ncia da alimenta\u00e7\u00e3o adequada para pessoas com transtorno do espectro autistas\"},{\"@type\":\"BreadcrumbList\",\"@id\":\"https:\\\/\\\/blog.saocamilo-sp.br\\\/index.php\\\/2025\\\/06\\\/07\\\/autistas\\\/#breadcrumb\",\"itemListElement\":[{\"@type\":\"ListItem\",\"position\":1,\"name\":\"In\u00edcio\",\"item\":\"https:\\\/\\\/blog.saocamilo-sp.br\\\/\"},{\"@type\":\"ListItem\",\"position\":2,\"name\":\"Seletividade alimentar e d\u00e9ficit nutricional desafios para pais e cuidadores de crian\u00e7as autistas\"}]},{\"@type\":\"WebSite\",\"@id\":\"https:\\\/\\\/blog.saocamilo-sp.br\\\/#website\",\"url\":\"https:\\\/\\\/blog.saocamilo-sp.br\\\/\",\"name\":\"Blog S\u00e3o Camilo\",\"description\":\"Blog do Centro Universit\u00e1rio S\u00e3o Camilo\",\"publisher\":{\"@id\":\"https:\\\/\\\/blog.saocamilo-sp.br\\\/#organization\"},\"potentialAction\":[{\"@type\":\"SearchAction\",\"target\":{\"@type\":\"EntryPoint\",\"urlTemplate\":\"https:\\\/\\\/blog.saocamilo-sp.br\\\/?s={search_term_string}\"},\"query-input\":{\"@type\":\"PropertyValueSpecification\",\"valueRequired\":true,\"valueName\":\"search_term_string\"}}],\"inLanguage\":\"pt-BR\"},{\"@type\":\"Organization\",\"@id\":\"https:\\\/\\\/blog.saocamilo-sp.br\\\/#organization\",\"name\":\"Blog S\u00e3o Camilo\",\"url\":\"https:\\\/\\\/blog.saocamilo-sp.br\\\/\",\"logo\":{\"@type\":\"ImageObject\",\"inLanguage\":\"pt-BR\",\"@id\":\"https:\\\/\\\/blog.saocamilo-sp.br\\\/#\\\/schema\\\/logo\\\/image\\\/\",\"url\":\"https:\\\/\\\/blog.saocamilo-sp.br\\\/wp-content\\\/uploads\\\/2021\\\/12\\\/cropped-vazio-logo-topo.png\",\"contentUrl\":\"https:\\\/\\\/blog.saocamilo-sp.br\\\/wp-content\\\/uploads\\\/2021\\\/12\\\/cropped-vazio-logo-topo.png\",\"width\":320,\"height\":240,\"caption\":\"Blog S\u00e3o Camilo\"},\"image\":{\"@id\":\"https:\\\/\\\/blog.saocamilo-sp.br\\\/#\\\/schema\\\/logo\\\/image\\\/\"},\"sameAs\":[\"https:\\\/\\\/www.facebook.com\\\/saocamilosp\",\"https:\\\/\\\/x.com\\\/saocamilosp\",\"https:\\\/\\\/www.linkedin.com\\\/school\\\/centro-universit-rio-s-o-camilo\\\/\"]},{\"@type\":\"Person\",\"@id\":\"https:\\\/\\\/blog.saocamilo-sp.br\\\/#\\\/schema\\\/person\\\/781135418152912d4b58f2db13a2eaf0\",\"name\":\"Lucas Soares Gon\u00e7alves\",\"image\":{\"@type\":\"ImageObject\",\"inLanguage\":\"pt-BR\",\"@id\":\"https:\\\/\\\/secure.gravatar.com\\\/avatar\\\/bcd2d703cbb48116eaac2cac8643792535238ff30b2d7ce9e16f9254ec9cae83?s=96&d=mm&r=g\",\"url\":\"https:\\\/\\\/secure.gravatar.com\\\/avatar\\\/bcd2d703cbb48116eaac2cac8643792535238ff30b2d7ce9e16f9254ec9cae83?s=96&d=mm&r=g\",\"contentUrl\":\"https:\\\/\\\/secure.gravatar.com\\\/avatar\\\/bcd2d703cbb48116eaac2cac8643792535238ff30b2d7ce9e16f9254ec9cae83?s=96&d=mm&r=g\",\"caption\":\"Lucas Soares Gon\u00e7alves\"},\"url\":\"https:\\\/\\\/blog.saocamilo-sp.br\\\/index.php\\\/author\\\/lucas-soares-goncalves\\\/\"}]}<\/script>\n<!-- \/ Yoast SEO plugin. -->","yoast_head_json":{"title":"Seletividade alimentar e d\u00e9ficit nutricional desafios para pais e cuidadores de crian\u00e7as autistas - Blog S\u00e3o Camilo","description":"Especialista explica sobre a import\u00e2ncia da alimenta\u00e7\u00e3o adequada para pessoas com transtorno do espectro autistas","robots":{"index":"index","follow":"follow","max-snippet":"max-snippet:-1","max-image-preview":"max-image-preview:large","max-video-preview":"max-video-preview:-1"},"canonical":"https:\/\/blog.saocamilo-sp.br\/index.php\/2025\/06\/07\/autistas\/","og_locale":"pt_BR","og_type":"article","og_title":"Seletividade alimentar e d\u00e9ficit nutricional desafios para pais e cuidadores de crian\u00e7as autistas - Blog S\u00e3o Camilo","og_description":"Especialista explica sobre a import\u00e2ncia da alimenta\u00e7\u00e3o adequada para pessoas com transtorno do espectro autistas","og_url":"https:\/\/blog.saocamilo-sp.br\/index.php\/2025\/06\/07\/autistas\/","og_site_name":"Blog S\u00e3o Camilo","article_publisher":"https:\/\/www.facebook.com\/saocamilosp","article_published_time":"2025-06-07T10:00:00+00:00","article_modified_time":"2025-07-17T21:26:30+00:00","og_image":[{"width":1920,"height":1080,"url":"https:\/\/blog.saocamilo-sp.br\/wp-content\/uploads\/2025\/06\/autista-1.png","type":"image\/png"}],"author":"Lucas Soares Gon\u00e7alves","twitter_card":"summary_large_image","twitter_creator":"@saocamilosp","twitter_site":"@saocamilosp","twitter_misc":{"Escrito por":"Lucas Soares Gon\u00e7alves","Est. tempo de leitura":"7 minutos"},"schema":{"@context":"https:\/\/schema.org","@graph":[{"@type":"Article","@id":"https:\/\/blog.saocamilo-sp.br\/index.php\/2025\/06\/07\/autistas\/#article","isPartOf":{"@id":"https:\/\/blog.saocamilo-sp.br\/index.php\/2025\/06\/07\/autistas\/"},"author":{"name":"Lucas Soares Gon\u00e7alves","@id":"https:\/\/blog.saocamilo-sp.br\/#\/schema\/person\/781135418152912d4b58f2db13a2eaf0"},"headline":"Seletividade alimentar e d\u00e9ficit nutricional desafios para pais e cuidadores de crian\u00e7as autistas","datePublished":"2025-06-07T10:00:00+00:00","dateModified":"2025-07-17T21:26:30+00:00","mainEntityOfPage":{"@id":"https:\/\/blog.saocamilo-sp.br\/index.php\/2025\/06\/07\/autistas\/"},"wordCount":1255,"commentCount":0,"publisher":{"@id":"https:\/\/blog.saocamilo-sp.br\/#organization"},"image":{"@id":"https:\/\/blog.saocamilo-sp.br\/index.php\/2025\/06\/07\/autistas\/#primaryimage"},"thumbnailUrl":"https:\/\/blog.saocamilo-sp.br\/wp-content\/uploads\/2025\/06\/autista-1.png","articleSection":["Cursos"],"inLanguage":"pt-BR","potentialAction":[{"@type":"CommentAction","name":"Comment","target":["https:\/\/blog.saocamilo-sp.br\/index.php\/2025\/06\/07\/autistas\/#respond"]}]},{"@type":"WebPage","@id":"https:\/\/blog.saocamilo-sp.br\/index.php\/2025\/06\/07\/autistas\/","url":"https:\/\/blog.saocamilo-sp.br\/index.php\/2025\/06\/07\/autistas\/","name":"Seletividade alimentar e d\u00e9ficit nutricional desafios para pais e cuidadores de crian\u00e7as autistas - Blog S\u00e3o Camilo","isPartOf":{"@id":"https:\/\/blog.saocamilo-sp.br\/#website"},"primaryImageOfPage":{"@id":"https:\/\/blog.saocamilo-sp.br\/index.php\/2025\/06\/07\/autistas\/#primaryimage"},"image":{"@id":"https:\/\/blog.saocamilo-sp.br\/index.php\/2025\/06\/07\/autistas\/#primaryimage"},"thumbnailUrl":"https:\/\/blog.saocamilo-sp.br\/wp-content\/uploads\/2025\/06\/autista-1.png","datePublished":"2025-06-07T10:00:00+00:00","dateModified":"2025-07-17T21:26:30+00:00","description":"Especialista explica sobre a import\u00e2ncia da alimenta\u00e7\u00e3o adequada para pessoas com transtorno do espectro autistas","breadcrumb":{"@id":"https:\/\/blog.saocamilo-sp.br\/index.php\/2025\/06\/07\/autistas\/#breadcrumb"},"inLanguage":"pt-BR","potentialAction":[{"@type":"ReadAction","target":["https:\/\/blog.saocamilo-sp.br\/index.php\/2025\/06\/07\/autistas\/"]}]},{"@type":"ImageObject","inLanguage":"pt-BR","@id":"https:\/\/blog.saocamilo-sp.br\/index.php\/2025\/06\/07\/autistas\/#primaryimage","url":"https:\/\/blog.saocamilo-sp.br\/wp-content\/uploads\/2025\/06\/autista-1.png","contentUrl":"https:\/\/blog.saocamilo-sp.br\/wp-content\/uploads\/2025\/06\/autista-1.png","width":1920,"height":1080,"caption":"Especialista explica sobre a import\u00e2ncia da alimenta\u00e7\u00e3o adequada para pessoas com transtorno do espectro autistas"},{"@type":"BreadcrumbList","@id":"https:\/\/blog.saocamilo-sp.br\/index.php\/2025\/06\/07\/autistas\/#breadcrumb","itemListElement":[{"@type":"ListItem","position":1,"name":"In\u00edcio","item":"https:\/\/blog.saocamilo-sp.br\/"},{"@type":"ListItem","position":2,"name":"Seletividade alimentar e d\u00e9ficit nutricional desafios para pais e cuidadores de crian\u00e7as autistas"}]},{"@type":"WebSite","@id":"https:\/\/blog.saocamilo-sp.br\/#website","url":"https:\/\/blog.saocamilo-sp.br\/","name":"Blog S\u00e3o Camilo","description":"Blog do Centro Universit\u00e1rio S\u00e3o Camilo","publisher":{"@id":"https:\/\/blog.saocamilo-sp.br\/#organization"},"potentialAction":[{"@type":"SearchAction","target":{"@type":"EntryPoint","urlTemplate":"https:\/\/blog.saocamilo-sp.br\/?s={search_term_string}"},"query-input":{"@type":"PropertyValueSpecification","valueRequired":true,"valueName":"search_term_string"}}],"inLanguage":"pt-BR"},{"@type":"Organization","@id":"https:\/\/blog.saocamilo-sp.br\/#organization","name":"Blog S\u00e3o Camilo","url":"https:\/\/blog.saocamilo-sp.br\/","logo":{"@type":"ImageObject","inLanguage":"pt-BR","@id":"https:\/\/blog.saocamilo-sp.br\/#\/schema\/logo\/image\/","url":"https:\/\/blog.saocamilo-sp.br\/wp-content\/uploads\/2021\/12\/cropped-vazio-logo-topo.png","contentUrl":"https:\/\/blog.saocamilo-sp.br\/wp-content\/uploads\/2021\/12\/cropped-vazio-logo-topo.png","width":320,"height":240,"caption":"Blog S\u00e3o Camilo"},"image":{"@id":"https:\/\/blog.saocamilo-sp.br\/#\/schema\/logo\/image\/"},"sameAs":["https:\/\/www.facebook.com\/saocamilosp","https:\/\/x.com\/saocamilosp","https:\/\/www.linkedin.com\/school\/centro-universit-rio-s-o-camilo\/"]},{"@type":"Person","@id":"https:\/\/blog.saocamilo-sp.br\/#\/schema\/person\/781135418152912d4b58f2db13a2eaf0","name":"Lucas Soares Gon\u00e7alves","image":{"@type":"ImageObject","inLanguage":"pt-BR","@id":"https:\/\/secure.gravatar.com\/avatar\/bcd2d703cbb48116eaac2cac8643792535238ff30b2d7ce9e16f9254ec9cae83?s=96&d=mm&r=g","url":"https:\/\/secure.gravatar.com\/avatar\/bcd2d703cbb48116eaac2cac8643792535238ff30b2d7ce9e16f9254ec9cae83?s=96&d=mm&r=g","contentUrl":"https:\/\/secure.gravatar.com\/avatar\/bcd2d703cbb48116eaac2cac8643792535238ff30b2d7ce9e16f9254ec9cae83?s=96&d=mm&r=g","caption":"Lucas Soares Gon\u00e7alves"},"url":"https:\/\/blog.saocamilo-sp.br\/index.php\/author\/lucas-soares-goncalves\/"}]}},"_links":{"self":[{"href":"https:\/\/blog.saocamilo-sp.br\/index.php\/wp-json\/wp\/v2\/posts\/3833","targetHints":{"allow":["GET"]}}],"collection":[{"href":"https:\/\/blog.saocamilo-sp.br\/index.php\/wp-json\/wp\/v2\/posts"}],"about":[{"href":"https:\/\/blog.saocamilo-sp.br\/index.php\/wp-json\/wp\/v2\/types\/post"}],"author":[{"embeddable":true,"href":"https:\/\/blog.saocamilo-sp.br\/index.php\/wp-json\/wp\/v2\/users\/4"}],"replies":[{"embeddable":true,"href":"https:\/\/blog.saocamilo-sp.br\/index.php\/wp-json\/wp\/v2\/comments?post=3833"}],"version-history":[{"count":2,"href":"https:\/\/blog.saocamilo-sp.br\/index.php\/wp-json\/wp\/v2\/posts\/3833\/revisions"}],"predecessor-version":[{"id":3914,"href":"https:\/\/blog.saocamilo-sp.br\/index.php\/wp-json\/wp\/v2\/posts\/3833\/revisions\/3914"}],"wp:featuredmedia":[{"embeddable":true,"href":"https:\/\/blog.saocamilo-sp.br\/index.php\/wp-json\/wp\/v2\/media\/3834"}],"wp:attachment":[{"href":"https:\/\/blog.saocamilo-sp.br\/index.php\/wp-json\/wp\/v2\/media?parent=3833"}],"wp:term":[{"taxonomy":"category","embeddable":true,"href":"https:\/\/blog.saocamilo-sp.br\/index.php\/wp-json\/wp\/v2\/categories?post=3833"},{"taxonomy":"post_tag","embeddable":true,"href":"https:\/\/blog.saocamilo-sp.br\/index.php\/wp-json\/wp\/v2\/tags?post=3833"}],"curies":[{"name":"wp","href":"https:\/\/api.w.org\/{rel}","templated":true}]}}