{"id":3854,"date":"2025-06-11T09:00:00","date_gmt":"2025-06-11T12:00:00","guid":{"rendered":"https:\/\/blog.saocamilo-sp.br\/?p=3854"},"modified":"2025-07-17T17:48:26","modified_gmt":"2025-07-17T20:48:26","slug":"saude-mental-bem-estar","status":"publish","type":"post","link":"https:\/\/blog.saocamilo-sp.br\/index.php\/2025\/06\/11\/saude-mental-bem-estar\/","title":{"rendered":"Sa\u00fade mental no Ensino M\u00e9dio: como lidar com o emocional antes do ENEM"},"content":{"rendered":"\n<p><em>Dicas da coordenadora do curso de Psicologia do Centro Universit\u00e1rio S\u00e3o Camilo, Profa. Gl\u00e1ucia Guerra<\/em><\/p>\n\n\n\n<p>A vida emocional e a sa\u00fade mental dos alunos do ensino m\u00e9dio n\u00e3o \u00e9 nada simples. De fato, al\u00e9m dos estudos e das press\u00f5es naturais da adolesc\u00eancia, h\u00e1, por exemplo, uma s\u00e9rie de desafios que afetam diretamente a sa\u00fade mental, sobretudo quando o ENEM e o vestibular se aproximam.<\/p>\n\n\n\n<p>A necessidade de conciliar estudos, decis\u00f5es de carreira e expectativas sobre o desempenho nas provas pode ser extremamente desgastante. <strong>No entanto, apesar do turbilh\u00e3o de emo\u00e7\u00f5es, \u00e9 poss\u00edvel manter o equil\u00edbrio emocional com atitudes pr\u00e1ticas e apoio adequado.<\/strong><\/p>\n\n\n\n<p>Para auxiliar nesse processo, a coordenadora do curso de <a href=\"https:\/\/saocamilo-sp.br\/cursos-graduacao\/psicologia\/\">Psicologia do Centro Universit\u00e1rio S\u00e3o <\/a>Camilo, professora Gl\u00e1ucia Guerra, reuniu, assim, dicas importantes para ajudar os estudantes a enfrentarem esse per\u00edodo com mais seguran\u00e7a e bem-estar.<\/p>\n\n\n\n<h2 class=\"wp-block-heading\">As press\u00f5es do ensino m\u00e9dio v\u00e3o al\u00e9m do conte\u00fado das provas<\/h2>\n\n\n\n<p>Primeiramente, al\u00e9m das exig\u00eancias acad\u00eamicas, os alunos enfrentam press\u00f5es externas vindas de amigos e familiares \u2014 mesmo que de forma n\u00e3o intencional. Perguntas frequentes como \u201cqual curso voc\u00ea vai fazer?\u201d ou coment\u00e1rios sobre o futuro podem gerar incertezas e inseguran\u00e7as.<\/p>\n\n\n\n<blockquote class=\"wp-block-quote is-layout-flow wp-block-quote-is-layout-flow\">\n<p>&#8220;Diversas d\u00favidas s\u00e3o despertadas por essas intera\u00e7\u00f5es, muitas vezes sem que os outros percebam o impacto emocional que causam.&#8221;<\/p>\n<\/blockquote>\n\n\n\n<h2 class=\"wp-block-heading\">Adolesc\u00eancia: um per\u00edodo de transforma\u00e7\u00f5es e decis\u00f5es<\/h2>\n\n\n\n<p>Todo esse cen\u00e1rio \u00e9 ainda mais intenso por acontecer durante a adolesc\u00eancia \u2014 uma fase marcada por mudan\u00e7as hormonais, emocionais e sociais. Nesse per\u00edodo, os adolescentes est\u00e3o em busca de identidade, precisam se afirmar, entender seus valores e encontrar seu lugar no mundo.<\/p>\n\n\n\n<p>Sendo assim, \u00e9 natural que sintam mais intensamente os efeitos da press\u00e3o e da responsabilidade. \u00c9 preciso reconhecer que essa etapa \u00e9 complexa, e <strong>ter autocompaix\u00e3o \u00e9 um primeiro passo para lidar melhor com ela<\/strong>.<\/p>\n\n\n\n<h2 class=\"wp-block-heading\">Como manter a sa\u00fade mental em meio ao caos?<\/h2>\n\n\n\n<p>A primeira atitude \u00e9 reconhecer que este \u00e9, sim, um per\u00edodo turbulento. N\u00e3o se trata de fraqueza, mas de uma fase repleta de desafios leg\u00edtimos.<\/p>\n\n\n\n<blockquote class=\"wp-block-quote is-layout-flow wp-block-quote-is-layout-flow\">\n<p>&#8220;A ansiedade deve ser controlada por meio de a\u00e7\u00f5es pr\u00e1ticas e apoio emocional adequado.&#8221;<\/p>\n<\/blockquote>\n\n\n\n<p>A seguir veja as dicas da professora Gl\u00e1ucia Guerra que ajudam a manter o equil\u00edbrio emocional:<\/p>\n\n\n\n<h3 class=\"wp-block-heading\">1. Organiza\u00e7\u00e3o \u00e9 essencial<\/h3>\n\n\n\n<p>Organize sua rotina de forma realista, respeitando seu tempo e seus limites. Por exemplo, um cronograma de estudos bem estruturado pode ajudar a reduzir a ansiedade, desde que inclua momentos de descanso e lazer.<\/p>\n\n\n\n<h3 class=\"wp-block-heading\">2. Foque no presente<\/h3>\n\n\n\n<p>Evite, portanto, se antecipar aos resultados das provas. Em vez disso, concentre-se nas tarefas do dia a dia e no que voc\u00ea pode controlar no momento.<\/p>\n\n\n\n<blockquote class=\"wp-block-quote is-layout-flow wp-block-quote-is-layout-flow\">\n<p>&#8220;Dessa forma, a ansiedade ser\u00e1 naturalmente reduzida.&#8221;<\/p>\n<\/blockquote>\n\n\n\n<h3 class=\"wp-block-heading\">3. Busque apoio emocional<\/h3>\n\n\n\n<p>Nesse momento, amigos e familiares devem ser aliados. Portanto, o ideal \u00e9 que evitem cobran\u00e7as e perguntas excessivas, oferecendo, assim, acolhimento, incentivo e escuta ativa.<\/p>\n\n\n\n<h3 class=\"wp-block-heading\">4. Estudo em excesso? N\u00e3o!<\/h3>\n\n\n\n<p>Com a aproxima\u00e7\u00e3o das provas, estudar em excesso pode, na verdade, ser mais prejudicial do que ben\u00e9fico. Al\u00e9m disso, o cansa\u00e7o f\u00edsico e mental pode comprometer a concentra\u00e7\u00e3o e o desempenho.<\/p>\n\n\n\n<blockquote class=\"wp-block-quote is-layout-flow wp-block-quote-is-layout-flow\">\n<p>&#8220;O equil\u00edbrio entre estudo, lazer e descanso deve ser mantido.&#8221;<\/p>\n<\/blockquote>\n\n\n\n<h3 class=\"wp-block-heading\">5. Inclua atividades prazerosas e f\u00edsicas na rotina<\/h3>\n\n\n\n<p>Fazer o que se gosta, portanto, ajuda a reduzir o estresse. Al\u00e9m disso, atividades f\u00edsicas liberam horm\u00f4nios que promovem o bem-estar, como a endorfina. Por isso, alternar momentos de estudo com atividades relaxantes \u00e9 uma excelente estrat\u00e9gia.<\/p>\n\n\n\n<h2 class=\"wp-block-heading\">O papel dos professores e da fam\u00edlia neste momento<\/h2>\n\n\n\n<p>Os professores, portanto, devem adaptar sua postura na reta final do ano letivo. Afinal, agora \u00e9 hora de acolher, incentivar e demonstrar confian\u00e7a na capacidade dos alunos.<\/p>\n\n\n\n<blockquote class=\"wp-block-quote is-layout-flow wp-block-quote-is-layout-flow\">\n<p>&#8220;Resultados devem ser valorizados, mas o acolhimento emocional \u00e9 ainda mais essencial.&#8221;<\/p>\n<\/blockquote>\n\n\n\n<p>A fam\u00edlia, portanto, tamb\u00e9m precisa estar atenta, pois a press\u00e3o pode agravar o medo de falhar. Por isso, o ideal \u00e9 oferecer um ambiente tranquilo, encorajador e seguro para o adolescente.<\/p>\n\n\n\n<h2 class=\"wp-block-heading\">Quando procurar ajuda profissional?<\/h2>\n\n\n\n<p>Se surgirem sinais como:<\/p>\n\n\n\n<ul class=\"wp-block-list\">\n<li>Ang\u00fastia intensa;<\/li>\n\n\n\n<li>Baixa autoestima;<\/li>\n\n\n\n<li>Sensa\u00e7\u00e3o de fracasso;<\/li>\n\n\n\n<li>Medo paralisante;<\/li>\n\n\n\n<li>Exaust\u00e3o emocional;<\/li>\n<\/ul>\n\n\n\n<p>&#8230;dessa forma, \u00e9 hora de buscar o apoio de um psic\u00f3logo ou psiquiatra. Afinal, em alguns casos, o acompanhamento especializado \u00e9 fundamental para garantir o bem-estar e prevenir quadros mais graves.<\/p>\n\n\n\n<h2 class=\"wp-block-heading\">Sentir \u00e9 natural. Equilibrar \u00e9 essencial.<\/h2>\n\n\n\n<p>Vivenciar emo\u00e7\u00f5es intensas durante essa fase \u00e9 absolutamente natural. Afinal, trata-se de um momento decisivo, que envolve sonhos, expectativas e muito investimento emocional.<\/p>\n\n\n\n<blockquote class=\"wp-block-quote is-layout-flow wp-block-quote-is-layout-flow\">\n<p>&#8220;A sa\u00fade mental deve ser cuidada com o mesmo zelo com que se cuida da prepara\u00e7\u00e3o acad\u00eamica.&#8221;<\/p>\n<\/blockquote>\n\n\n\n<p>Manter o equil\u00edbrio, portanto, n\u00e3o significa deixar de sentir. Pelo contr\u00e1rio, significa aprender a lidar com os sentimentos, sem se deixar dominar por eles. Com organiza\u00e7\u00e3o, apoio e autocuidado, assim, \u00e9 poss\u00edvel passar por esse per\u00edodo com mais leveza.<\/p>\n\n\n\n<p>Veja Tamb\u00e9m:<\/p>\n\n\n\n<p><a href=\"https:\/\/blog.saocamilo-sp.br\/index.php\/2025\/06\/06\/alimentacao-e-nutricao-para-o-enem-dicas-saudaveis-para-enfrentar-esta-maratona\/\">Alimenta\u00e7\u00e3o e nutri\u00e7\u00e3o para o ENEM: dicas saud\u00e1veis para enfrentar esta maratona<\/a><\/p>\n\n\n\n<p><a href=\"https:\/\/blog.saocamilo-sp.br\/index.php\/2025\/06\/04\/apps\/\">Melhores apps de estudo e organiza\u00e7\u00e3o para o ENEM: conhe\u00e7a as ferramentas indispens\u00e1veis<\/a><\/p>\n\n\n\n<p><a href=\"https:\/\/blog.saocamilo-sp.br\/index.php\/2025\/05\/05\/mad-skills-saude\/\">Mad skills: como um hobbie pode impulsionar sua carreira e vida acad\u00eamica na Sa\u00fade<\/a><\/p>\n\n\n\n<p><\/p>\n","protected":false},"excerpt":{"rendered":"<p>Dicas da coordenadora do curso de Psicologia do Centro Universit\u00e1rio S\u00e3o Camilo, Profa. Gl\u00e1ucia Guerra<\/p>\n","protected":false},"author":4,"featured_media":3855,"comment_status":"open","ping_status":"open","sticky":false,"template":"","format":"standard","meta":{"cybocfi_hide_featured_image":"","footnotes":""},"categories":[1],"tags":[],"class_list":["post-3854","post","type-post","status-publish","format-standard","has-post-thumbnail","hentry","category-cursos"],"yoast_head":"<!-- This site is optimized with the Yoast SEO plugin v27.5 - https:\/\/yoast.com\/product\/yoast-seo-wordpress\/ -->\n<title>Sa\u00fade Mental e Bem-Estar: Como Cuidar da Mente | S\u00e3o Camilo<\/title>\n<meta name=\"description\" content=\"Entenda a import\u00e2ncia da sa\u00fade mental e descubra pr\u00e1ticas simples para promover bem-estar no dia a dia. Leia no blog da S\u00e3o Camilo.\" \/>\n<meta name=\"robots\" content=\"index, follow, max-snippet:-1, max-image-preview:large, max-video-preview:-1\" \/>\n<link rel=\"canonical\" href=\"https:\/\/blog.saocamilo-sp.br\/index.php\/2025\/06\/11\/saude-mental-bem-estar\/\" \/>\n<meta property=\"og:locale\" content=\"pt_BR\" \/>\n<meta property=\"og:type\" content=\"article\" \/>\n<meta property=\"og:title\" content=\"Sa\u00fade Mental e Bem-Estar: Como Cuidar da Mente | S\u00e3o Camilo\" \/>\n<meta property=\"og:description\" content=\"Entenda a import\u00e2ncia da sa\u00fade mental e descubra pr\u00e1ticas simples para promover bem-estar no dia a dia. Leia no blog da S\u00e3o Camilo.\" \/>\n<meta property=\"og:url\" content=\"https:\/\/blog.saocamilo-sp.br\/index.php\/2025\/06\/11\/saude-mental-bem-estar\/\" \/>\n<meta property=\"og:site_name\" content=\"Blog S\u00e3o Camilo\" \/>\n<meta property=\"article:publisher\" content=\"https:\/\/www.facebook.com\/saocamilosp\" \/>\n<meta property=\"article:published_time\" content=\"2025-06-11T12:00:00+00:00\" \/>\n<meta property=\"article:modified_time\" content=\"2025-07-17T20:48:26+00:00\" \/>\n<meta property=\"og:image\" content=\"https:\/\/blog.saocamilo-sp.br\/wp-content\/uploads\/2025\/06\/saude-mental-1.png\" \/>\n\t<meta property=\"og:image:width\" content=\"1920\" \/>\n\t<meta property=\"og:image:height\" content=\"1080\" \/>\n\t<meta property=\"og:image:type\" content=\"image\/png\" \/>\n<meta name=\"author\" content=\"Lucas Soares Gon\u00e7alves\" \/>\n<meta name=\"twitter:card\" content=\"summary_large_image\" \/>\n<meta name=\"twitter:creator\" content=\"@saocamilosp\" \/>\n<meta name=\"twitter:site\" content=\"@saocamilosp\" \/>\n<meta name=\"twitter:label1\" content=\"Escrito por\" \/>\n\t<meta name=\"twitter:data1\" content=\"Lucas Soares Gon\u00e7alves\" \/>\n\t<meta name=\"twitter:label2\" content=\"Est. tempo de leitura\" \/>\n\t<meta name=\"twitter:data2\" content=\"5 minutos\" \/>\n<script type=\"application\/ld+json\" class=\"yoast-schema-graph\">{\"@context\":\"https:\\\/\\\/schema.org\",\"@graph\":[{\"@type\":\"Article\",\"@id\":\"https:\\\/\\\/blog.saocamilo-sp.br\\\/index.php\\\/2025\\\/06\\\/11\\\/saude-mental-bem-estar\\\/#article\",\"isPartOf\":{\"@id\":\"https:\\\/\\\/blog.saocamilo-sp.br\\\/index.php\\\/2025\\\/06\\\/11\\\/saude-mental-bem-estar\\\/\"},\"author\":{\"name\":\"Lucas Soares Gon\u00e7alves\",\"@id\":\"https:\\\/\\\/blog.saocamilo-sp.br\\\/#\\\/schema\\\/person\\\/781135418152912d4b58f2db13a2eaf0\"},\"headline\":\"Sa\u00fade mental no Ensino M\u00e9dio: como lidar com o emocional antes do ENEM\",\"datePublished\":\"2025-06-11T12:00:00+00:00\",\"dateModified\":\"2025-07-17T20:48:26+00:00\",\"mainEntityOfPage\":{\"@id\":\"https:\\\/\\\/blog.saocamilo-sp.br\\\/index.php\\\/2025\\\/06\\\/11\\\/saude-mental-bem-estar\\\/\"},\"wordCount\":892,\"commentCount\":1,\"publisher\":{\"@id\":\"https:\\\/\\\/blog.saocamilo-sp.br\\\/#organization\"},\"image\":{\"@id\":\"https:\\\/\\\/blog.saocamilo-sp.br\\\/index.php\\\/2025\\\/06\\\/11\\\/saude-mental-bem-estar\\\/#primaryimage\"},\"thumbnailUrl\":\"https:\\\/\\\/blog.saocamilo-sp.br\\\/wp-content\\\/uploads\\\/2025\\\/06\\\/saude-mental-1.png\",\"articleSection\":[\"Cursos\"],\"inLanguage\":\"pt-BR\",\"potentialAction\":[{\"@type\":\"CommentAction\",\"name\":\"Comment\",\"target\":[\"https:\\\/\\\/blog.saocamilo-sp.br\\\/index.php\\\/2025\\\/06\\\/11\\\/saude-mental-bem-estar\\\/#respond\"]}]},{\"@type\":\"WebPage\",\"@id\":\"https:\\\/\\\/blog.saocamilo-sp.br\\\/index.php\\\/2025\\\/06\\\/11\\\/saude-mental-bem-estar\\\/\",\"url\":\"https:\\\/\\\/blog.saocamilo-sp.br\\\/index.php\\\/2025\\\/06\\\/11\\\/saude-mental-bem-estar\\\/\",\"name\":\"Sa\u00fade Mental e Bem-Estar: Como Cuidar da Mente | S\u00e3o Camilo\",\"isPartOf\":{\"@id\":\"https:\\\/\\\/blog.saocamilo-sp.br\\\/#website\"},\"primaryImageOfPage\":{\"@id\":\"https:\\\/\\\/blog.saocamilo-sp.br\\\/index.php\\\/2025\\\/06\\\/11\\\/saude-mental-bem-estar\\\/#primaryimage\"},\"image\":{\"@id\":\"https:\\\/\\\/blog.saocamilo-sp.br\\\/index.php\\\/2025\\\/06\\\/11\\\/saude-mental-bem-estar\\\/#primaryimage\"},\"thumbnailUrl\":\"https:\\\/\\\/blog.saocamilo-sp.br\\\/wp-content\\\/uploads\\\/2025\\\/06\\\/saude-mental-1.png\",\"datePublished\":\"2025-06-11T12:00:00+00:00\",\"dateModified\":\"2025-07-17T20:48:26+00:00\",\"description\":\"Entenda a import\u00e2ncia da sa\u00fade mental e descubra pr\u00e1ticas simples para promover bem-estar no dia a dia. Leia no blog da S\u00e3o Camilo.\",\"breadcrumb\":{\"@id\":\"https:\\\/\\\/blog.saocamilo-sp.br\\\/index.php\\\/2025\\\/06\\\/11\\\/saude-mental-bem-estar\\\/#breadcrumb\"},\"inLanguage\":\"pt-BR\",\"potentialAction\":[{\"@type\":\"ReadAction\",\"target\":[\"https:\\\/\\\/blog.saocamilo-sp.br\\\/index.php\\\/2025\\\/06\\\/11\\\/saude-mental-bem-estar\\\/\"]}]},{\"@type\":\"ImageObject\",\"inLanguage\":\"pt-BR\",\"@id\":\"https:\\\/\\\/blog.saocamilo-sp.br\\\/index.php\\\/2025\\\/06\\\/11\\\/saude-mental-bem-estar\\\/#primaryimage\",\"url\":\"https:\\\/\\\/blog.saocamilo-sp.br\\\/wp-content\\\/uploads\\\/2025\\\/06\\\/saude-mental-1.png\",\"contentUrl\":\"https:\\\/\\\/blog.saocamilo-sp.br\\\/wp-content\\\/uploads\\\/2025\\\/06\\\/saude-mental-1.png\",\"width\":1920,\"height\":1080,\"caption\":\"A vida emocional e sa\u00fade mental dos alunos do ensino m\u00e9dio n\u00e3o \u00e9 nada simples. Al\u00e9m dos estudos e das press\u00f5es naturais da adolesc\u00eancia...\"},{\"@type\":\"BreadcrumbList\",\"@id\":\"https:\\\/\\\/blog.saocamilo-sp.br\\\/index.php\\\/2025\\\/06\\\/11\\\/saude-mental-bem-estar\\\/#breadcrumb\",\"itemListElement\":[{\"@type\":\"ListItem\",\"position\":1,\"name\":\"In\u00edcio\",\"item\":\"https:\\\/\\\/blog.saocamilo-sp.br\\\/\"},{\"@type\":\"ListItem\",\"position\":2,\"name\":\"Sa\u00fade mental no Ensino M\u00e9dio: como lidar com o emocional antes do ENEM\"}]},{\"@type\":\"WebSite\",\"@id\":\"https:\\\/\\\/blog.saocamilo-sp.br\\\/#website\",\"url\":\"https:\\\/\\\/blog.saocamilo-sp.br\\\/\",\"name\":\"Blog S\u00e3o Camilo\",\"description\":\"Blog do Centro Universit\u00e1rio S\u00e3o Camilo\",\"publisher\":{\"@id\":\"https:\\\/\\\/blog.saocamilo-sp.br\\\/#organization\"},\"potentialAction\":[{\"@type\":\"SearchAction\",\"target\":{\"@type\":\"EntryPoint\",\"urlTemplate\":\"https:\\\/\\\/blog.saocamilo-sp.br\\\/?s={search_term_string}\"},\"query-input\":{\"@type\":\"PropertyValueSpecification\",\"valueRequired\":true,\"valueName\":\"search_term_string\"}}],\"inLanguage\":\"pt-BR\"},{\"@type\":\"Organization\",\"@id\":\"https:\\\/\\\/blog.saocamilo-sp.br\\\/#organization\",\"name\":\"Blog S\u00e3o Camilo\",\"url\":\"https:\\\/\\\/blog.saocamilo-sp.br\\\/\",\"logo\":{\"@type\":\"ImageObject\",\"inLanguage\":\"pt-BR\",\"@id\":\"https:\\\/\\\/blog.saocamilo-sp.br\\\/#\\\/schema\\\/logo\\\/image\\\/\",\"url\":\"https:\\\/\\\/blog.saocamilo-sp.br\\\/wp-content\\\/uploads\\\/2021\\\/12\\\/cropped-vazio-logo-topo.png\",\"contentUrl\":\"https:\\\/\\\/blog.saocamilo-sp.br\\\/wp-content\\\/uploads\\\/2021\\\/12\\\/cropped-vazio-logo-topo.png\",\"width\":320,\"height\":240,\"caption\":\"Blog S\u00e3o Camilo\"},\"image\":{\"@id\":\"https:\\\/\\\/blog.saocamilo-sp.br\\\/#\\\/schema\\\/logo\\\/image\\\/\"},\"sameAs\":[\"https:\\\/\\\/www.facebook.com\\\/saocamilosp\",\"https:\\\/\\\/x.com\\\/saocamilosp\",\"https:\\\/\\\/www.linkedin.com\\\/school\\\/centro-universit-rio-s-o-camilo\\\/\"]},{\"@type\":\"Person\",\"@id\":\"https:\\\/\\\/blog.saocamilo-sp.br\\\/#\\\/schema\\\/person\\\/781135418152912d4b58f2db13a2eaf0\",\"name\":\"Lucas Soares Gon\u00e7alves\",\"image\":{\"@type\":\"ImageObject\",\"inLanguage\":\"pt-BR\",\"@id\":\"https:\\\/\\\/secure.gravatar.com\\\/avatar\\\/bcd2d703cbb48116eaac2cac8643792535238ff30b2d7ce9e16f9254ec9cae83?s=96&d=mm&r=g\",\"url\":\"https:\\\/\\\/secure.gravatar.com\\\/avatar\\\/bcd2d703cbb48116eaac2cac8643792535238ff30b2d7ce9e16f9254ec9cae83?s=96&d=mm&r=g\",\"contentUrl\":\"https:\\\/\\\/secure.gravatar.com\\\/avatar\\\/bcd2d703cbb48116eaac2cac8643792535238ff30b2d7ce9e16f9254ec9cae83?s=96&d=mm&r=g\",\"caption\":\"Lucas Soares Gon\u00e7alves\"},\"url\":\"https:\\\/\\\/blog.saocamilo-sp.br\\\/index.php\\\/author\\\/lucas-soares-goncalves\\\/\"}]}<\/script>\n<!-- \/ Yoast SEO plugin. -->","yoast_head_json":{"title":"Sa\u00fade Mental e Bem-Estar: Como Cuidar da Mente | S\u00e3o Camilo","description":"Entenda a import\u00e2ncia da sa\u00fade mental e descubra pr\u00e1ticas simples para promover bem-estar no dia a dia. Leia no blog da S\u00e3o Camilo.","robots":{"index":"index","follow":"follow","max-snippet":"max-snippet:-1","max-image-preview":"max-image-preview:large","max-video-preview":"max-video-preview:-1"},"canonical":"https:\/\/blog.saocamilo-sp.br\/index.php\/2025\/06\/11\/saude-mental-bem-estar\/","og_locale":"pt_BR","og_type":"article","og_title":"Sa\u00fade Mental e Bem-Estar: Como Cuidar da Mente | S\u00e3o Camilo","og_description":"Entenda a import\u00e2ncia da sa\u00fade mental e descubra pr\u00e1ticas simples para promover bem-estar no dia a dia. Leia no blog da S\u00e3o Camilo.","og_url":"https:\/\/blog.saocamilo-sp.br\/index.php\/2025\/06\/11\/saude-mental-bem-estar\/","og_site_name":"Blog S\u00e3o Camilo","article_publisher":"https:\/\/www.facebook.com\/saocamilosp","article_published_time":"2025-06-11T12:00:00+00:00","article_modified_time":"2025-07-17T20:48:26+00:00","og_image":[{"width":1920,"height":1080,"url":"https:\/\/blog.saocamilo-sp.br\/wp-content\/uploads\/2025\/06\/saude-mental-1.png","type":"image\/png"}],"author":"Lucas Soares Gon\u00e7alves","twitter_card":"summary_large_image","twitter_creator":"@saocamilosp","twitter_site":"@saocamilosp","twitter_misc":{"Escrito por":"Lucas Soares Gon\u00e7alves","Est. tempo de leitura":"5 minutos"},"schema":{"@context":"https:\/\/schema.org","@graph":[{"@type":"Article","@id":"https:\/\/blog.saocamilo-sp.br\/index.php\/2025\/06\/11\/saude-mental-bem-estar\/#article","isPartOf":{"@id":"https:\/\/blog.saocamilo-sp.br\/index.php\/2025\/06\/11\/saude-mental-bem-estar\/"},"author":{"name":"Lucas Soares Gon\u00e7alves","@id":"https:\/\/blog.saocamilo-sp.br\/#\/schema\/person\/781135418152912d4b58f2db13a2eaf0"},"headline":"Sa\u00fade mental no Ensino M\u00e9dio: como lidar com o emocional antes do ENEM","datePublished":"2025-06-11T12:00:00+00:00","dateModified":"2025-07-17T20:48:26+00:00","mainEntityOfPage":{"@id":"https:\/\/blog.saocamilo-sp.br\/index.php\/2025\/06\/11\/saude-mental-bem-estar\/"},"wordCount":892,"commentCount":1,"publisher":{"@id":"https:\/\/blog.saocamilo-sp.br\/#organization"},"image":{"@id":"https:\/\/blog.saocamilo-sp.br\/index.php\/2025\/06\/11\/saude-mental-bem-estar\/#primaryimage"},"thumbnailUrl":"https:\/\/blog.saocamilo-sp.br\/wp-content\/uploads\/2025\/06\/saude-mental-1.png","articleSection":["Cursos"],"inLanguage":"pt-BR","potentialAction":[{"@type":"CommentAction","name":"Comment","target":["https:\/\/blog.saocamilo-sp.br\/index.php\/2025\/06\/11\/saude-mental-bem-estar\/#respond"]}]},{"@type":"WebPage","@id":"https:\/\/blog.saocamilo-sp.br\/index.php\/2025\/06\/11\/saude-mental-bem-estar\/","url":"https:\/\/blog.saocamilo-sp.br\/index.php\/2025\/06\/11\/saude-mental-bem-estar\/","name":"Sa\u00fade Mental e Bem-Estar: Como Cuidar da Mente | S\u00e3o Camilo","isPartOf":{"@id":"https:\/\/blog.saocamilo-sp.br\/#website"},"primaryImageOfPage":{"@id":"https:\/\/blog.saocamilo-sp.br\/index.php\/2025\/06\/11\/saude-mental-bem-estar\/#primaryimage"},"image":{"@id":"https:\/\/blog.saocamilo-sp.br\/index.php\/2025\/06\/11\/saude-mental-bem-estar\/#primaryimage"},"thumbnailUrl":"https:\/\/blog.saocamilo-sp.br\/wp-content\/uploads\/2025\/06\/saude-mental-1.png","datePublished":"2025-06-11T12:00:00+00:00","dateModified":"2025-07-17T20:48:26+00:00","description":"Entenda a import\u00e2ncia da sa\u00fade mental e descubra pr\u00e1ticas simples para promover bem-estar no dia a dia. Leia no blog da S\u00e3o Camilo.","breadcrumb":{"@id":"https:\/\/blog.saocamilo-sp.br\/index.php\/2025\/06\/11\/saude-mental-bem-estar\/#breadcrumb"},"inLanguage":"pt-BR","potentialAction":[{"@type":"ReadAction","target":["https:\/\/blog.saocamilo-sp.br\/index.php\/2025\/06\/11\/saude-mental-bem-estar\/"]}]},{"@type":"ImageObject","inLanguage":"pt-BR","@id":"https:\/\/blog.saocamilo-sp.br\/index.php\/2025\/06\/11\/saude-mental-bem-estar\/#primaryimage","url":"https:\/\/blog.saocamilo-sp.br\/wp-content\/uploads\/2025\/06\/saude-mental-1.png","contentUrl":"https:\/\/blog.saocamilo-sp.br\/wp-content\/uploads\/2025\/06\/saude-mental-1.png","width":1920,"height":1080,"caption":"A vida emocional e sa\u00fade mental dos alunos do ensino m\u00e9dio n\u00e3o \u00e9 nada simples. Al\u00e9m dos estudos e das press\u00f5es naturais da adolesc\u00eancia..."},{"@type":"BreadcrumbList","@id":"https:\/\/blog.saocamilo-sp.br\/index.php\/2025\/06\/11\/saude-mental-bem-estar\/#breadcrumb","itemListElement":[{"@type":"ListItem","position":1,"name":"In\u00edcio","item":"https:\/\/blog.saocamilo-sp.br\/"},{"@type":"ListItem","position":2,"name":"Sa\u00fade mental no Ensino M\u00e9dio: como lidar com o emocional antes do ENEM"}]},{"@type":"WebSite","@id":"https:\/\/blog.saocamilo-sp.br\/#website","url":"https:\/\/blog.saocamilo-sp.br\/","name":"Blog S\u00e3o Camilo","description":"Blog do Centro Universit\u00e1rio S\u00e3o Camilo","publisher":{"@id":"https:\/\/blog.saocamilo-sp.br\/#organization"},"potentialAction":[{"@type":"SearchAction","target":{"@type":"EntryPoint","urlTemplate":"https:\/\/blog.saocamilo-sp.br\/?s={search_term_string}"},"query-input":{"@type":"PropertyValueSpecification","valueRequired":true,"valueName":"search_term_string"}}],"inLanguage":"pt-BR"},{"@type":"Organization","@id":"https:\/\/blog.saocamilo-sp.br\/#organization","name":"Blog S\u00e3o Camilo","url":"https:\/\/blog.saocamilo-sp.br\/","logo":{"@type":"ImageObject","inLanguage":"pt-BR","@id":"https:\/\/blog.saocamilo-sp.br\/#\/schema\/logo\/image\/","url":"https:\/\/blog.saocamilo-sp.br\/wp-content\/uploads\/2021\/12\/cropped-vazio-logo-topo.png","contentUrl":"https:\/\/blog.saocamilo-sp.br\/wp-content\/uploads\/2021\/12\/cropped-vazio-logo-topo.png","width":320,"height":240,"caption":"Blog S\u00e3o Camilo"},"image":{"@id":"https:\/\/blog.saocamilo-sp.br\/#\/schema\/logo\/image\/"},"sameAs":["https:\/\/www.facebook.com\/saocamilosp","https:\/\/x.com\/saocamilosp","https:\/\/www.linkedin.com\/school\/centro-universit-rio-s-o-camilo\/"]},{"@type":"Person","@id":"https:\/\/blog.saocamilo-sp.br\/#\/schema\/person\/781135418152912d4b58f2db13a2eaf0","name":"Lucas Soares Gon\u00e7alves","image":{"@type":"ImageObject","inLanguage":"pt-BR","@id":"https:\/\/secure.gravatar.com\/avatar\/bcd2d703cbb48116eaac2cac8643792535238ff30b2d7ce9e16f9254ec9cae83?s=96&d=mm&r=g","url":"https:\/\/secure.gravatar.com\/avatar\/bcd2d703cbb48116eaac2cac8643792535238ff30b2d7ce9e16f9254ec9cae83?s=96&d=mm&r=g","contentUrl":"https:\/\/secure.gravatar.com\/avatar\/bcd2d703cbb48116eaac2cac8643792535238ff30b2d7ce9e16f9254ec9cae83?s=96&d=mm&r=g","caption":"Lucas Soares Gon\u00e7alves"},"url":"https:\/\/blog.saocamilo-sp.br\/index.php\/author\/lucas-soares-goncalves\/"}]}},"_links":{"self":[{"href":"https:\/\/blog.saocamilo-sp.br\/index.php\/wp-json\/wp\/v2\/posts\/3854","targetHints":{"allow":["GET"]}}],"collection":[{"href":"https:\/\/blog.saocamilo-sp.br\/index.php\/wp-json\/wp\/v2\/posts"}],"about":[{"href":"https:\/\/blog.saocamilo-sp.br\/index.php\/wp-json\/wp\/v2\/types\/post"}],"author":[{"embeddable":true,"href":"https:\/\/blog.saocamilo-sp.br\/index.php\/wp-json\/wp\/v2\/users\/4"}],"replies":[{"embeddable":true,"href":"https:\/\/blog.saocamilo-sp.br\/index.php\/wp-json\/wp\/v2\/comments?post=3854"}],"version-history":[{"count":3,"href":"https:\/\/blog.saocamilo-sp.br\/index.php\/wp-json\/wp\/v2\/posts\/3854\/revisions"}],"predecessor-version":[{"id":3908,"href":"https:\/\/blog.saocamilo-sp.br\/index.php\/wp-json\/wp\/v2\/posts\/3854\/revisions\/3908"}],"wp:featuredmedia":[{"embeddable":true,"href":"https:\/\/blog.saocamilo-sp.br\/index.php\/wp-json\/wp\/v2\/media\/3855"}],"wp:attachment":[{"href":"https:\/\/blog.saocamilo-sp.br\/index.php\/wp-json\/wp\/v2\/media?parent=3854"}],"wp:term":[{"taxonomy":"category","embeddable":true,"href":"https:\/\/blog.saocamilo-sp.br\/index.php\/wp-json\/wp\/v2\/categories?post=3854"},{"taxonomy":"post_tag","embeddable":true,"href":"https:\/\/blog.saocamilo-sp.br\/index.php\/wp-json\/wp\/v2\/tags?post=3854"}],"curies":[{"name":"wp","href":"https:\/\/api.w.org\/{rel}","templated":true}]}}