{"id":3859,"date":"2025-06-12T14:28:50","date_gmt":"2025-06-12T17:28:50","guid":{"rendered":"https:\/\/blog.saocamilo-sp.br\/?p=3859"},"modified":"2025-06-24T13:32:00","modified_gmt":"2025-06-24T16:32:00","slug":"queimaduras-nas-festas-juninas-mitos-e-verdades-que-voce-precisa-saber","status":"publish","type":"post","link":"https:\/\/blog.saocamilo-sp.br\/index.php\/2025\/06\/12\/queimaduras-nas-festas-juninas-mitos-e-verdades-que-voce-precisa-saber\/","title":{"rendered":"Queimaduras nas festas juninas: mitos e verdades que voc\u00ea precisa saber"},"content":{"rendered":"\n<p>Especialista desvenda os cuidados essenciais para tratar queimaduras causadas por fogos de artif\u00edcio e alerta sobre os riscos&nbsp;<br><br>As festas juninas s\u00e3o uma das principais celebra\u00e7\u00f5es do Brasil, repletas de dan\u00e7as, comidas t\u00edpicas e tradi\u00e7\u00f5es que incluem acender fogueiras e soltar fogos de artif\u00edcio. No entanto, especialistas alertam para os riscos associados a essas pr\u00e1ticas, que resultam em milhares de v\u00edtimas devido a queimaduras.<br>De acordo com dados do Minist\u00e9rio da Sa\u00fade, entre 2023 e 2024, aproximadamente 14.000 hospitaliza\u00e7\u00f5es de crian\u00e7as e adolescentes foram registradas no Sistema \u00danico de Sa\u00fade (SUS) em decorr\u00eancia de acidentes com queimaduras. Em m\u00e9dia, o SUS contabiliza cerca de 20 hospitaliza\u00e7\u00f5es di\u00e1rias nessa faixa et\u00e1ria, com os n\u00fameros se intensificando durante os festejos juninos, que se estendem at\u00e9 julho.<\/p>\n\n\n\n<p>A maioria das ocorr\u00eancias est\u00e1 relacionada a queimaduras de segundo grau, afetando principalmente os membros superiores, como m\u00e3os e punhos, al\u00e9m de bra\u00e7os, tronco, rosto e olhos. Infelizmente, esses acidentes podem ser fatais, resultando em mortes ou em les\u00f5es graves e permanentes. Homens entre 15 e 50 anos s\u00e3o as principais v\u00edtimas.<\/p>\n\n\n\n<h2 class=\"wp-block-heading\">Quais s\u00e3o os primeiros socorros nesse caso?<\/h2>\n\n\n\n<p>Diante desse cen\u00e1rio alarmante, \u00e9 fundamental esclarecer os mitos e verdades sobre o tratamento de queimaduras. O m\u00e9dico dermatologista S\u00e9rgio dos Santos Barbosa, preceptor no ambulat\u00f3rio <a href=\"https:\/\/blog.saocamilo-sp.br\/index.php\/2025\/04\/09\/venha-conhecer-a-clinica-escola-promove-no-ipiranga\/?utm_source=google_ads&amp;utm_medium=cpc&amp;utm_campaign=20328879031&amp;utm_term=&amp;utm_content=&amp;gad_source=1&amp;gad_campaignid=22470891962&amp;gbraid=0AAAAADkHLtWHPSIRmqh6OEg2irwwXcOcs&amp;gclid=CjwKCAjw9anCBhAWEiwAqBJ-c-QgtIWFeTEIslLQjeTP7MUCZHwfqMFUHlUTHNIUswle2XXXKhrSCxoC0yIQAvD_BwE\">PROMOVE <\/a>do <a href=\"https:\/\/saocamilo-sp.br\/\">Centro Universit\u00e1rio S\u00e3o Camilo<\/a>, destaca a import\u00e2ncia de informa\u00e7\u00f5es precisas.\u00a0 Para ele, \u00e9 essencial que todos estejam cientes dos riscos e saibam como agir em caso de acidentes, garantindo que as festas juninas sejam momentos de alegria, mas tamb\u00e9m de seguran\u00e7a.<\/p>\n\n\n\n<p>O Dr. S\u00e9rgio dos Santos Barbosa aborda desde os primeiros socorros at\u00e9 os cuidados a longo prazo, desmistificando pr\u00e1ticas populares e oferecendo orienta\u00e7\u00f5es baseadas em evid\u00eancias. <em><strong>\u201cEu creio que em rela\u00e7\u00e3o \u00e0 queimadura s\u00e3o duas partes. Primeiro \u00e9 preven\u00e7\u00e3o, evitar de se queimar. Ent\u00e3o quem vai lidar com alguma coisa de fogo nessas festas juninas deve tomar muito cuidado e em segundo lugar \u00e9 uma vez que tenha\u00a0 queimado fazer o essencial que \u00e9 resfriar o local com \u00e1gua corrente, cobrir o local com um pano limpo ou uma gaze est\u00e9ril e procurar um atendimento m\u00e9dico porque dependendo que extens\u00e3o e localiza\u00e7\u00e3o\u00a0 e principalmente da gravidade vai necessitar de uma conduta diferente. \u201cNada de passar produtos populares!\u201d<\/strong><\/em>, exclamou o dermatologista.<br><br>Confira a entrevista:<\/p>\n\n\n\n<h3 class=\"wp-block-heading\"><em>\u00c9 verdade que colocar manteiga ou \u00f3leo em uma queimadura ajuda a aliviar a dor e a cicatrizar a pele?<\/em><\/h3>\n\n\n\n<p><strong>MITO<\/strong> . A medida inicial \u00e9 RESFRIAR O LOCAL com \u00e1gua corrente fria por pelo menos 10 a 20 minutos. \u00d3leo ou manteiga podem facilitar a reten\u00e7\u00e3o de calor e aumentar o risco de infec\u00e7\u00f5es<\/p>\n\n\n\n<h3 class=\"wp-block-heading\"><em>Mito ou verdade que correr a queimadura sob \u00e1gua fria por 20 minutos \u00e9 um dos primeiros socorros mais eficazes?<\/em><\/h3>\n\n\n\n<p><strong>VERDADE<\/strong> . \u00e1gua corrente fria \u00e9 a abordagem inicial para queimaduras. Isso vai reduzir a temperatura local, reduz inflama\u00e7\u00e3o em geral e aliviar a dor.<\/p>\n\n\n\n<h3 class=\"wp-block-heading\"><em>\u00c9 verdade que aplicar pasta de dente ou outras subst\u00e2ncias caseiras em queimaduras pode ajudar no tratamento?<\/em><\/h3>\n\n\n\n<p><strong>MITO<\/strong> &#8211; \u00c9 necess\u00e1ria a avalia\u00e7\u00e3o profissional para definir o que deve e como deve ser aplicado. A aplica\u00e7\u00e3o de pasta de dente ou outros rem\u00e9dios caseiros (como manteiga, clara de ovo, p\u00f3 de caf\u00e9, entre outros) sobre queimaduras n\u00e3o \u00e9 recomendada e n\u00e3o possui respaldo na literatura m\u00e9dica. Pelo contr\u00e1rio, tais pr\u00e1ticas podem ser prejudiciais, pois aumentam o risco de infec\u00e7\u00e3o, dificultam a avalia\u00e7\u00e3o cl\u00ednica da les\u00e3o e podem retardar o in\u00edcio de tratamentos adequado.<\/p>\n\n\n\n<h3 class=\"wp-block-heading\"><em>\u00c9 verdade que queimaduras de segundo grau devem ser cobertas com gaze est\u00e9ril e encaminhadas a um profissional de sa\u00fade?<\/em><\/h3>\n\n\n\n<p><strong>VERDADE.<\/strong> Queimaduras de segundo grau (parciais) devem ser cobertas com gaze est\u00e9ril ou curativo n\u00e3o aderente, conforme orientam as diretrizes internacionais de primeiros socorros e o consenso da literatura m\u00e9dica. Essa cobertura protege a ferida contra contamina\u00e7\u00e3o, reduz a dor e previne a perda de fluidos, sem reter calor excessivo.<\/p>\n\n\n\n<h3 class=\"wp-block-heading\"><em>Mito ou verdade que queimaduras de terceiro grau podem ser tratadas em casa com rem\u00e9dios caseiros?<\/em><\/h3>\n\n\n\n<p><strong>MITO &#8211; <\/strong>Queimadura com perda de grande espessura da pele ou at\u00e9 exposi\u00e7\u00e3o de m\u00fasculos ou tend\u00f5es s\u00f3 deve ser tratada por profissionais habilitados. H\u00e1 casos que necessitar\u00e3o de cirurgia e outros de antibi\u00f3ticos espec\u00edficos.<\/p>\n\n\n\n<h3 class=\"wp-block-heading\"><em>\u00c9 verdade que aplicar gelo diretamente sobre a queimadura ajuda a aliviar a dor<\/em>?<\/h3>\n\n\n\n<p><strong>MITO &#8211;<\/strong> Gelo diretamente na pele n\u00e3o \u00e9 uma boa medida, pois o excesso de resfriamento pode levar a piora da circula\u00e7\u00e3o local. O ideal \u00e9 \u00e1gua corrente entre 12 a 18 graus. Caso n\u00e3o haja \u00e1gua gelada numa geladeira, o gelo pode ser usado para resfriar \u00e1gua da torneira em dias de calor.\u00a0 Eventualmente o gelo\u00a0\u00a0 mas pode ser colocado num saco pl\u00e1stico ou pano e aplicado sobre o local por per\u00edodos bem curtos at\u00e9 o paciente (ou voc\u00ea) sentir al\u00edvio da dor, mas a preferencia \u00e9 sempre por \u00e1gua corrente\u00a0<\/p>\n\n\n\n<h3 class=\"wp-block-heading\"><em>Mito ou verdade que queimaduras causadas por l\u00edquidos quentes devem ser tratadas de forma diferente das queimaduras por fogo?<\/em><\/h3>\n\n\n\n<p><strong>VERDADE PARCIAL: <\/strong>s\u00e3o ambas consideradas como queimaduras t\u00e9rmicas onde o mais importante \u00e9 resfriar o local, MAS queimaduras por fogo tendem a ser mais profundas e podem necessitar de interna\u00e7\u00e3o hospitalar, interven\u00e7\u00f5es cir\u00fargicas e suporte intensivo, especialmente quando associadas a outros traumas.<\/p>\n\n\n\n<h3 class=\"wp-block-heading\"><em>\u00c9 verdade que \u00e9 importante manter a queimadura limpa e protegida at\u00e9 o atendimento m\u00e9dico?<\/em><\/h3>\n\n\n\n<p><strong>VERDADE.<\/strong>\u00a0 Manter a queimadura limpa e protegida at\u00e9 a avalia\u00e7\u00e3o m\u00e9dica \u00e9 fundamental para reduzir o risco de infec\u00e7\u00e3o, minimizar a dor e promover um ambiente prop\u00edcio \u00e0 cicatriza\u00e7\u00e3o. Ap\u00f3s o resfriamento inicial com \u00e1gua corrente fria, recomenda-se cobrir a \u00e1rea queimada com um curativo limpo, n\u00e3o aderente e, preferencialmente, est\u00e9ril.<\/p>\n\n\n\n<p>O&nbsp; Dr. S\u00e9rgio dos Santos Barbosa refor\u00e7a a import\u00e2ncia de prevenir acidentes e saber agir corretamente em caso de emerg\u00eancia. \u201c Informa\u00e7\u00f5es precisas sobre primeiros socorros e cuidados a longo prazo s\u00e3o fundamentais para evitar complica\u00e7\u00f5es e garantir a seguran\u00e7a durante as festas juninas e com os devidos cuidados, as comemora\u00e7\u00f5es podem ser momentos de alegria e divers\u00e3o, sem colocar a sa\u00fade em risco\u201d, finalizou.<\/p>\n\n\n\n<p>Fonte: Rep\u00f3rter Layla Shasta, Estad\u00e3o.<\/p>\n\n\n\n<p><strong>Veja tamb\u00e9m<\/strong><br><a href=\"https:\/\/blog.saocamilo-sp.br\/index.php\/2024\/05\/24\/centro-universitario-sao-camilo-conquista-o-selo-ies-amiga-da-iniciacao-cientifica-do-semesp\/\"><\/a><a href=\"https:\/\/blog.saocamilo-sp.br\/index.php\/2025\/05\/16\/celiaca\/\">Doen\u00e7a Cel\u00edaca: o que \u00e9, como conviver e receitas para o dia a dia<\/a><br><a href=\"psyllium: docente de Nutri%C3%A7%C3%A3o fala do %E2%80%98Ozempic natural%E2%80%99 para o Viva Bem\"><\/a><a href=\"https:\/\/blog.saocamilo-sp.br\/index.php\/2025\/05\/19\/psyllium\/\">Psyllium: docente de Nutri\u00e7\u00e3o fala do \u2018Ozempic natural\u2019 para o Viva Bem<\/a><br><a href=\"https:\/\/blog.saocamilo-sp.br\/index.php\/2023\/02\/13\/curso-de-medicina-do-centro-universitario-sao-camilo-recebe-certificacao-do-cfm\/\"><\/a><a href=\"https:\/\/blog.saocamilo-sp.br\/index.php\/2025\/06\/03\/3-de-junho-dia-da-conscientizacao-contra-a-obesidade-morbida-infantil\/\">3 de junho:\u00a0Dia da Conscientiza\u00e7\u00e3o contra a Obesidade M\u00f3rbida Infantil<\/a><\/p>\n","protected":false},"excerpt":{"rendered":"<p>S\u00e9rgio Barbosa, dermatologista e preceptor no ambulat\u00f3rio da Cl\u00ednica-escola S\u00e3o Camilo, destaca a import\u00e2ncia de informa\u00e7\u00f5es precisas.<\/p>\n","protected":false},"author":4,"featured_media":3862,"comment_status":"open","ping_status":"open","sticky":false,"template":"","format":"standard","meta":{"cybocfi_hide_featured_image":"","footnotes":""},"categories":[1],"tags":[],"class_list":["post-3859","post","type-post","status-publish","format-standard","has-post-thumbnail","hentry","category-cursos"],"yoast_head":"<!-- This site is optimized with the Yoast SEO plugin v27.5 - https:\/\/yoast.com\/product\/yoast-seo-wordpress\/ -->\n<title>Queimaduras nas festas juninas: mitos e verdades que voc\u00ea precisa saber - Blog S\u00e3o Camilo<\/title>\n<meta name=\"description\" content=\"Especialista desvenda os cuidados essenciais para tratar queimaduras causadas por fogos de artif\u00edcio e alerta sobre os riscos\u00a0\" \/>\n<meta name=\"robots\" content=\"index, follow, max-snippet:-1, max-image-preview:large, max-video-preview:-1\" \/>\n<link rel=\"canonical\" href=\"https:\/\/blog.saocamilo-sp.br\/index.php\/2025\/06\/12\/queimaduras-nas-festas-juninas-mitos-e-verdades-que-voce-precisa-saber\/\" \/>\n<meta property=\"og:locale\" content=\"pt_BR\" \/>\n<meta property=\"og:type\" content=\"article\" \/>\n<meta property=\"og:title\" content=\"Queimaduras nas festas juninas: mitos e verdades que voc\u00ea precisa saber - Blog S\u00e3o Camilo\" \/>\n<meta property=\"og:description\" content=\"Especialista desvenda os cuidados essenciais para tratar queimaduras causadas por fogos de artif\u00edcio e alerta sobre os riscos\u00a0\" \/>\n<meta property=\"og:url\" content=\"https:\/\/blog.saocamilo-sp.br\/index.php\/2025\/06\/12\/queimaduras-nas-festas-juninas-mitos-e-verdades-que-voce-precisa-saber\/\" \/>\n<meta property=\"og:site_name\" content=\"Blog S\u00e3o Camilo\" \/>\n<meta property=\"article:publisher\" content=\"https:\/\/www.facebook.com\/saocamilosp\" \/>\n<meta property=\"article:published_time\" content=\"2025-06-12T17:28:50+00:00\" \/>\n<meta property=\"article:modified_time\" content=\"2025-06-24T16:32:00+00:00\" \/>\n<meta property=\"og:image\" content=\"https:\/\/blog.saocamilo-sp.br\/wp-content\/uploads\/2025\/06\/festa-junina.png\" \/>\n\t<meta property=\"og:image:width\" content=\"1920\" \/>\n\t<meta property=\"og:image:height\" content=\"1080\" \/>\n\t<meta property=\"og:image:type\" content=\"image\/png\" \/>\n<meta name=\"author\" content=\"Lucas Soares Gon\u00e7alves\" \/>\n<meta name=\"twitter:card\" content=\"summary_large_image\" \/>\n<meta name=\"twitter:creator\" content=\"@saocamilosp\" \/>\n<meta name=\"twitter:site\" content=\"@saocamilosp\" \/>\n<meta name=\"twitter:label1\" content=\"Escrito por\" \/>\n\t<meta name=\"twitter:data1\" content=\"Lucas Soares Gon\u00e7alves\" \/>\n\t<meta name=\"twitter:label2\" content=\"Est. tempo de leitura\" \/>\n\t<meta name=\"twitter:data2\" content=\"6 minutos\" \/>\n<script type=\"application\/ld+json\" class=\"yoast-schema-graph\">{\"@context\":\"https:\\\/\\\/schema.org\",\"@graph\":[{\"@type\":\"Article\",\"@id\":\"https:\\\/\\\/blog.saocamilo-sp.br\\\/index.php\\\/2025\\\/06\\\/12\\\/queimaduras-nas-festas-juninas-mitos-e-verdades-que-voce-precisa-saber\\\/#article\",\"isPartOf\":{\"@id\":\"https:\\\/\\\/blog.saocamilo-sp.br\\\/index.php\\\/2025\\\/06\\\/12\\\/queimaduras-nas-festas-juninas-mitos-e-verdades-que-voce-precisa-saber\\\/\"},\"author\":{\"name\":\"Lucas Soares Gon\u00e7alves\",\"@id\":\"https:\\\/\\\/blog.saocamilo-sp.br\\\/#\\\/schema\\\/person\\\/781135418152912d4b58f2db13a2eaf0\"},\"headline\":\"Queimaduras nas festas juninas: mitos e verdades que voc\u00ea precisa saber\",\"datePublished\":\"2025-06-12T17:28:50+00:00\",\"dateModified\":\"2025-06-24T16:32:00+00:00\",\"mainEntityOfPage\":{\"@id\":\"https:\\\/\\\/blog.saocamilo-sp.br\\\/index.php\\\/2025\\\/06\\\/12\\\/queimaduras-nas-festas-juninas-mitos-e-verdades-que-voce-precisa-saber\\\/\"},\"wordCount\":1126,\"commentCount\":0,\"publisher\":{\"@id\":\"https:\\\/\\\/blog.saocamilo-sp.br\\\/#organization\"},\"image\":{\"@id\":\"https:\\\/\\\/blog.saocamilo-sp.br\\\/index.php\\\/2025\\\/06\\\/12\\\/queimaduras-nas-festas-juninas-mitos-e-verdades-que-voce-precisa-saber\\\/#primaryimage\"},\"thumbnailUrl\":\"https:\\\/\\\/blog.saocamilo-sp.br\\\/wp-content\\\/uploads\\\/2025\\\/06\\\/festa-junina.png\",\"articleSection\":[\"Cursos\"],\"inLanguage\":\"pt-BR\",\"potentialAction\":[{\"@type\":\"CommentAction\",\"name\":\"Comment\",\"target\":[\"https:\\\/\\\/blog.saocamilo-sp.br\\\/index.php\\\/2025\\\/06\\\/12\\\/queimaduras-nas-festas-juninas-mitos-e-verdades-que-voce-precisa-saber\\\/#respond\"]}]},{\"@type\":\"WebPage\",\"@id\":\"https:\\\/\\\/blog.saocamilo-sp.br\\\/index.php\\\/2025\\\/06\\\/12\\\/queimaduras-nas-festas-juninas-mitos-e-verdades-que-voce-precisa-saber\\\/\",\"url\":\"https:\\\/\\\/blog.saocamilo-sp.br\\\/index.php\\\/2025\\\/06\\\/12\\\/queimaduras-nas-festas-juninas-mitos-e-verdades-que-voce-precisa-saber\\\/\",\"name\":\"Queimaduras nas festas juninas: mitos e verdades que voc\u00ea precisa saber - Blog S\u00e3o Camilo\",\"isPartOf\":{\"@id\":\"https:\\\/\\\/blog.saocamilo-sp.br\\\/#website\"},\"primaryImageOfPage\":{\"@id\":\"https:\\\/\\\/blog.saocamilo-sp.br\\\/index.php\\\/2025\\\/06\\\/12\\\/queimaduras-nas-festas-juninas-mitos-e-verdades-que-voce-precisa-saber\\\/#primaryimage\"},\"image\":{\"@id\":\"https:\\\/\\\/blog.saocamilo-sp.br\\\/index.php\\\/2025\\\/06\\\/12\\\/queimaduras-nas-festas-juninas-mitos-e-verdades-que-voce-precisa-saber\\\/#primaryimage\"},\"thumbnailUrl\":\"https:\\\/\\\/blog.saocamilo-sp.br\\\/wp-content\\\/uploads\\\/2025\\\/06\\\/festa-junina.png\",\"datePublished\":\"2025-06-12T17:28:50+00:00\",\"dateModified\":\"2025-06-24T16:32:00+00:00\",\"description\":\"Especialista desvenda os cuidados essenciais para tratar queimaduras causadas por fogos de artif\u00edcio e alerta sobre os riscos\u00a0\",\"breadcrumb\":{\"@id\":\"https:\\\/\\\/blog.saocamilo-sp.br\\\/index.php\\\/2025\\\/06\\\/12\\\/queimaduras-nas-festas-juninas-mitos-e-verdades-que-voce-precisa-saber\\\/#breadcrumb\"},\"inLanguage\":\"pt-BR\",\"potentialAction\":[{\"@type\":\"ReadAction\",\"target\":[\"https:\\\/\\\/blog.saocamilo-sp.br\\\/index.php\\\/2025\\\/06\\\/12\\\/queimaduras-nas-festas-juninas-mitos-e-verdades-que-voce-precisa-saber\\\/\"]}]},{\"@type\":\"ImageObject\",\"inLanguage\":\"pt-BR\",\"@id\":\"https:\\\/\\\/blog.saocamilo-sp.br\\\/index.php\\\/2025\\\/06\\\/12\\\/queimaduras-nas-festas-juninas-mitos-e-verdades-que-voce-precisa-saber\\\/#primaryimage\",\"url\":\"https:\\\/\\\/blog.saocamilo-sp.br\\\/wp-content\\\/uploads\\\/2025\\\/06\\\/festa-junina.png\",\"contentUrl\":\"https:\\\/\\\/blog.saocamilo-sp.br\\\/wp-content\\\/uploads\\\/2025\\\/06\\\/festa-junina.png\",\"width\":1920,\"height\":1080,\"caption\":\"Especialista desvenda os cuidados essenciais para tratar queimaduras causadas por fogos de artif\u00edcio e alerta sobre os riscos\u00a0\"},{\"@type\":\"BreadcrumbList\",\"@id\":\"https:\\\/\\\/blog.saocamilo-sp.br\\\/index.php\\\/2025\\\/06\\\/12\\\/queimaduras-nas-festas-juninas-mitos-e-verdades-que-voce-precisa-saber\\\/#breadcrumb\",\"itemListElement\":[{\"@type\":\"ListItem\",\"position\":1,\"name\":\"In\u00edcio\",\"item\":\"https:\\\/\\\/blog.saocamilo-sp.br\\\/\"},{\"@type\":\"ListItem\",\"position\":2,\"name\":\"Queimaduras nas festas juninas: mitos e verdades que voc\u00ea precisa saber\"}]},{\"@type\":\"WebSite\",\"@id\":\"https:\\\/\\\/blog.saocamilo-sp.br\\\/#website\",\"url\":\"https:\\\/\\\/blog.saocamilo-sp.br\\\/\",\"name\":\"Blog S\u00e3o Camilo\",\"description\":\"Blog do Centro Universit\u00e1rio S\u00e3o Camilo\",\"publisher\":{\"@id\":\"https:\\\/\\\/blog.saocamilo-sp.br\\\/#organization\"},\"potentialAction\":[{\"@type\":\"SearchAction\",\"target\":{\"@type\":\"EntryPoint\",\"urlTemplate\":\"https:\\\/\\\/blog.saocamilo-sp.br\\\/?s={search_term_string}\"},\"query-input\":{\"@type\":\"PropertyValueSpecification\",\"valueRequired\":true,\"valueName\":\"search_term_string\"}}],\"inLanguage\":\"pt-BR\"},{\"@type\":\"Organization\",\"@id\":\"https:\\\/\\\/blog.saocamilo-sp.br\\\/#organization\",\"name\":\"Blog S\u00e3o Camilo\",\"url\":\"https:\\\/\\\/blog.saocamilo-sp.br\\\/\",\"logo\":{\"@type\":\"ImageObject\",\"inLanguage\":\"pt-BR\",\"@id\":\"https:\\\/\\\/blog.saocamilo-sp.br\\\/#\\\/schema\\\/logo\\\/image\\\/\",\"url\":\"https:\\\/\\\/blog.saocamilo-sp.br\\\/wp-content\\\/uploads\\\/2021\\\/12\\\/cropped-vazio-logo-topo.png\",\"contentUrl\":\"https:\\\/\\\/blog.saocamilo-sp.br\\\/wp-content\\\/uploads\\\/2021\\\/12\\\/cropped-vazio-logo-topo.png\",\"width\":320,\"height\":240,\"caption\":\"Blog S\u00e3o Camilo\"},\"image\":{\"@id\":\"https:\\\/\\\/blog.saocamilo-sp.br\\\/#\\\/schema\\\/logo\\\/image\\\/\"},\"sameAs\":[\"https:\\\/\\\/www.facebook.com\\\/saocamilosp\",\"https:\\\/\\\/x.com\\\/saocamilosp\",\"https:\\\/\\\/www.linkedin.com\\\/school\\\/centro-universit-rio-s-o-camilo\\\/\"]},{\"@type\":\"Person\",\"@id\":\"https:\\\/\\\/blog.saocamilo-sp.br\\\/#\\\/schema\\\/person\\\/781135418152912d4b58f2db13a2eaf0\",\"name\":\"Lucas Soares Gon\u00e7alves\",\"image\":{\"@type\":\"ImageObject\",\"inLanguage\":\"pt-BR\",\"@id\":\"https:\\\/\\\/secure.gravatar.com\\\/avatar\\\/bcd2d703cbb48116eaac2cac8643792535238ff30b2d7ce9e16f9254ec9cae83?s=96&d=mm&r=g\",\"url\":\"https:\\\/\\\/secure.gravatar.com\\\/avatar\\\/bcd2d703cbb48116eaac2cac8643792535238ff30b2d7ce9e16f9254ec9cae83?s=96&d=mm&r=g\",\"contentUrl\":\"https:\\\/\\\/secure.gravatar.com\\\/avatar\\\/bcd2d703cbb48116eaac2cac8643792535238ff30b2d7ce9e16f9254ec9cae83?s=96&d=mm&r=g\",\"caption\":\"Lucas Soares Gon\u00e7alves\"},\"url\":\"https:\\\/\\\/blog.saocamilo-sp.br\\\/index.php\\\/author\\\/lucas-soares-goncalves\\\/\"}]}<\/script>\n<!-- \/ Yoast SEO plugin. -->","yoast_head_json":{"title":"Queimaduras nas festas juninas: mitos e verdades que voc\u00ea precisa saber - Blog S\u00e3o Camilo","description":"Especialista desvenda os cuidados essenciais para tratar queimaduras causadas por fogos de artif\u00edcio e alerta sobre os riscos\u00a0","robots":{"index":"index","follow":"follow","max-snippet":"max-snippet:-1","max-image-preview":"max-image-preview:large","max-video-preview":"max-video-preview:-1"},"canonical":"https:\/\/blog.saocamilo-sp.br\/index.php\/2025\/06\/12\/queimaduras-nas-festas-juninas-mitos-e-verdades-que-voce-precisa-saber\/","og_locale":"pt_BR","og_type":"article","og_title":"Queimaduras nas festas juninas: mitos e verdades que voc\u00ea precisa saber - Blog S\u00e3o Camilo","og_description":"Especialista desvenda os cuidados essenciais para tratar queimaduras causadas por fogos de artif\u00edcio e alerta sobre os riscos\u00a0","og_url":"https:\/\/blog.saocamilo-sp.br\/index.php\/2025\/06\/12\/queimaduras-nas-festas-juninas-mitos-e-verdades-que-voce-precisa-saber\/","og_site_name":"Blog S\u00e3o Camilo","article_publisher":"https:\/\/www.facebook.com\/saocamilosp","article_published_time":"2025-06-12T17:28:50+00:00","article_modified_time":"2025-06-24T16:32:00+00:00","og_image":[{"width":1920,"height":1080,"url":"https:\/\/blog.saocamilo-sp.br\/wp-content\/uploads\/2025\/06\/festa-junina.png","type":"image\/png"}],"author":"Lucas Soares Gon\u00e7alves","twitter_card":"summary_large_image","twitter_creator":"@saocamilosp","twitter_site":"@saocamilosp","twitter_misc":{"Escrito por":"Lucas Soares Gon\u00e7alves","Est. tempo de leitura":"6 minutos"},"schema":{"@context":"https:\/\/schema.org","@graph":[{"@type":"Article","@id":"https:\/\/blog.saocamilo-sp.br\/index.php\/2025\/06\/12\/queimaduras-nas-festas-juninas-mitos-e-verdades-que-voce-precisa-saber\/#article","isPartOf":{"@id":"https:\/\/blog.saocamilo-sp.br\/index.php\/2025\/06\/12\/queimaduras-nas-festas-juninas-mitos-e-verdades-que-voce-precisa-saber\/"},"author":{"name":"Lucas Soares Gon\u00e7alves","@id":"https:\/\/blog.saocamilo-sp.br\/#\/schema\/person\/781135418152912d4b58f2db13a2eaf0"},"headline":"Queimaduras nas festas juninas: mitos e verdades que voc\u00ea precisa saber","datePublished":"2025-06-12T17:28:50+00:00","dateModified":"2025-06-24T16:32:00+00:00","mainEntityOfPage":{"@id":"https:\/\/blog.saocamilo-sp.br\/index.php\/2025\/06\/12\/queimaduras-nas-festas-juninas-mitos-e-verdades-que-voce-precisa-saber\/"},"wordCount":1126,"commentCount":0,"publisher":{"@id":"https:\/\/blog.saocamilo-sp.br\/#organization"},"image":{"@id":"https:\/\/blog.saocamilo-sp.br\/index.php\/2025\/06\/12\/queimaduras-nas-festas-juninas-mitos-e-verdades-que-voce-precisa-saber\/#primaryimage"},"thumbnailUrl":"https:\/\/blog.saocamilo-sp.br\/wp-content\/uploads\/2025\/06\/festa-junina.png","articleSection":["Cursos"],"inLanguage":"pt-BR","potentialAction":[{"@type":"CommentAction","name":"Comment","target":["https:\/\/blog.saocamilo-sp.br\/index.php\/2025\/06\/12\/queimaduras-nas-festas-juninas-mitos-e-verdades-que-voce-precisa-saber\/#respond"]}]},{"@type":"WebPage","@id":"https:\/\/blog.saocamilo-sp.br\/index.php\/2025\/06\/12\/queimaduras-nas-festas-juninas-mitos-e-verdades-que-voce-precisa-saber\/","url":"https:\/\/blog.saocamilo-sp.br\/index.php\/2025\/06\/12\/queimaduras-nas-festas-juninas-mitos-e-verdades-que-voce-precisa-saber\/","name":"Queimaduras nas festas juninas: mitos e verdades que voc\u00ea precisa saber - Blog S\u00e3o Camilo","isPartOf":{"@id":"https:\/\/blog.saocamilo-sp.br\/#website"},"primaryImageOfPage":{"@id":"https:\/\/blog.saocamilo-sp.br\/index.php\/2025\/06\/12\/queimaduras-nas-festas-juninas-mitos-e-verdades-que-voce-precisa-saber\/#primaryimage"},"image":{"@id":"https:\/\/blog.saocamilo-sp.br\/index.php\/2025\/06\/12\/queimaduras-nas-festas-juninas-mitos-e-verdades-que-voce-precisa-saber\/#primaryimage"},"thumbnailUrl":"https:\/\/blog.saocamilo-sp.br\/wp-content\/uploads\/2025\/06\/festa-junina.png","datePublished":"2025-06-12T17:28:50+00:00","dateModified":"2025-06-24T16:32:00+00:00","description":"Especialista desvenda os cuidados essenciais para tratar queimaduras causadas por fogos de artif\u00edcio e alerta sobre os riscos\u00a0","breadcrumb":{"@id":"https:\/\/blog.saocamilo-sp.br\/index.php\/2025\/06\/12\/queimaduras-nas-festas-juninas-mitos-e-verdades-que-voce-precisa-saber\/#breadcrumb"},"inLanguage":"pt-BR","potentialAction":[{"@type":"ReadAction","target":["https:\/\/blog.saocamilo-sp.br\/index.php\/2025\/06\/12\/queimaduras-nas-festas-juninas-mitos-e-verdades-que-voce-precisa-saber\/"]}]},{"@type":"ImageObject","inLanguage":"pt-BR","@id":"https:\/\/blog.saocamilo-sp.br\/index.php\/2025\/06\/12\/queimaduras-nas-festas-juninas-mitos-e-verdades-que-voce-precisa-saber\/#primaryimage","url":"https:\/\/blog.saocamilo-sp.br\/wp-content\/uploads\/2025\/06\/festa-junina.png","contentUrl":"https:\/\/blog.saocamilo-sp.br\/wp-content\/uploads\/2025\/06\/festa-junina.png","width":1920,"height":1080,"caption":"Especialista desvenda os cuidados essenciais para tratar queimaduras causadas por fogos de artif\u00edcio e alerta sobre os riscos\u00a0"},{"@type":"BreadcrumbList","@id":"https:\/\/blog.saocamilo-sp.br\/index.php\/2025\/06\/12\/queimaduras-nas-festas-juninas-mitos-e-verdades-que-voce-precisa-saber\/#breadcrumb","itemListElement":[{"@type":"ListItem","position":1,"name":"In\u00edcio","item":"https:\/\/blog.saocamilo-sp.br\/"},{"@type":"ListItem","position":2,"name":"Queimaduras nas festas juninas: mitos e verdades que voc\u00ea precisa saber"}]},{"@type":"WebSite","@id":"https:\/\/blog.saocamilo-sp.br\/#website","url":"https:\/\/blog.saocamilo-sp.br\/","name":"Blog S\u00e3o Camilo","description":"Blog do Centro Universit\u00e1rio S\u00e3o Camilo","publisher":{"@id":"https:\/\/blog.saocamilo-sp.br\/#organization"},"potentialAction":[{"@type":"SearchAction","target":{"@type":"EntryPoint","urlTemplate":"https:\/\/blog.saocamilo-sp.br\/?s={search_term_string}"},"query-input":{"@type":"PropertyValueSpecification","valueRequired":true,"valueName":"search_term_string"}}],"inLanguage":"pt-BR"},{"@type":"Organization","@id":"https:\/\/blog.saocamilo-sp.br\/#organization","name":"Blog S\u00e3o Camilo","url":"https:\/\/blog.saocamilo-sp.br\/","logo":{"@type":"ImageObject","inLanguage":"pt-BR","@id":"https:\/\/blog.saocamilo-sp.br\/#\/schema\/logo\/image\/","url":"https:\/\/blog.saocamilo-sp.br\/wp-content\/uploads\/2021\/12\/cropped-vazio-logo-topo.png","contentUrl":"https:\/\/blog.saocamilo-sp.br\/wp-content\/uploads\/2021\/12\/cropped-vazio-logo-topo.png","width":320,"height":240,"caption":"Blog S\u00e3o Camilo"},"image":{"@id":"https:\/\/blog.saocamilo-sp.br\/#\/schema\/logo\/image\/"},"sameAs":["https:\/\/www.facebook.com\/saocamilosp","https:\/\/x.com\/saocamilosp","https:\/\/www.linkedin.com\/school\/centro-universit-rio-s-o-camilo\/"]},{"@type":"Person","@id":"https:\/\/blog.saocamilo-sp.br\/#\/schema\/person\/781135418152912d4b58f2db13a2eaf0","name":"Lucas Soares Gon\u00e7alves","image":{"@type":"ImageObject","inLanguage":"pt-BR","@id":"https:\/\/secure.gravatar.com\/avatar\/bcd2d703cbb48116eaac2cac8643792535238ff30b2d7ce9e16f9254ec9cae83?s=96&d=mm&r=g","url":"https:\/\/secure.gravatar.com\/avatar\/bcd2d703cbb48116eaac2cac8643792535238ff30b2d7ce9e16f9254ec9cae83?s=96&d=mm&r=g","contentUrl":"https:\/\/secure.gravatar.com\/avatar\/bcd2d703cbb48116eaac2cac8643792535238ff30b2d7ce9e16f9254ec9cae83?s=96&d=mm&r=g","caption":"Lucas Soares Gon\u00e7alves"},"url":"https:\/\/blog.saocamilo-sp.br\/index.php\/author\/lucas-soares-goncalves\/"}]}},"_links":{"self":[{"href":"https:\/\/blog.saocamilo-sp.br\/index.php\/wp-json\/wp\/v2\/posts\/3859","targetHints":{"allow":["GET"]}}],"collection":[{"href":"https:\/\/blog.saocamilo-sp.br\/index.php\/wp-json\/wp\/v2\/posts"}],"about":[{"href":"https:\/\/blog.saocamilo-sp.br\/index.php\/wp-json\/wp\/v2\/types\/post"}],"author":[{"embeddable":true,"href":"https:\/\/blog.saocamilo-sp.br\/index.php\/wp-json\/wp\/v2\/users\/4"}],"replies":[{"embeddable":true,"href":"https:\/\/blog.saocamilo-sp.br\/index.php\/wp-json\/wp\/v2\/comments?post=3859"}],"version-history":[{"count":3,"href":"https:\/\/blog.saocamilo-sp.br\/index.php\/wp-json\/wp\/v2\/posts\/3859\/revisions"}],"predecessor-version":[{"id":3889,"href":"https:\/\/blog.saocamilo-sp.br\/index.php\/wp-json\/wp\/v2\/posts\/3859\/revisions\/3889"}],"wp:featuredmedia":[{"embeddable":true,"href":"https:\/\/blog.saocamilo-sp.br\/index.php\/wp-json\/wp\/v2\/media\/3862"}],"wp:attachment":[{"href":"https:\/\/blog.saocamilo-sp.br\/index.php\/wp-json\/wp\/v2\/media?parent=3859"}],"wp:term":[{"taxonomy":"category","embeddable":true,"href":"https:\/\/blog.saocamilo-sp.br\/index.php\/wp-json\/wp\/v2\/categories?post=3859"},{"taxonomy":"post_tag","embeddable":true,"href":"https:\/\/blog.saocamilo-sp.br\/index.php\/wp-json\/wp\/v2\/tags?post=3859"}],"curies":[{"name":"wp","href":"https:\/\/api.w.org\/{rel}","templated":true}]}}