{"id":3881,"date":"2025-06-20T10:00:00","date_gmt":"2025-06-20T13:00:00","guid":{"rendered":"https:\/\/blog.saocamilo-sp.br\/?p=3881"},"modified":"2025-06-17T18:04:34","modified_gmt":"2025-06-17T21:04:34","slug":"inverno-cuidados-para-proteger-sua-saude-respiratoria","status":"publish","type":"post","link":"https:\/\/blog.saocamilo-sp.br\/index.php\/2025\/06\/20\/inverno-cuidados-para-proteger-sua-saude-respiratoria\/","title":{"rendered":"Inverno: cuidados para proteger sua sa\u00fade respirat\u00f3ria \u00a0"},"content":{"rendered":"\n<p>O inverno come\u00e7a oficialmente no Brasil em 20 de junho, trazendo com ele n\u00e3o apenas as temperaturas mais baixas, mas tamb\u00e9m um alerta importante: o aumento dos casos de doen\u00e7as respirat\u00f3rias. &nbsp;<br>&nbsp;<br>A combina\u00e7\u00e3o entre ar seco, varia\u00e7\u00f5es bruscas de temperatura e maior perman\u00eancia em ambientes fechados cria um ambiente prop\u00edcio para a propaga\u00e7\u00e3o de v\u00edrus, bact\u00e9rias e o agravamento de doen\u00e7as al\u00e9rgicas.&nbsp;<\/p>\n\n\n\n<h3 class=\"wp-block-heading\"><strong>Por que o inverno aumenta os riscos para a sa\u00fade respirat\u00f3ria?<\/strong>&nbsp;<\/h3>\n\n\n\n<p>Durante os meses mais frios, o ar fica naturalmente mais seco e frio, o que provoca uma redu\u00e7\u00e3o na efic\u00e1cia das defesas naturais das vias respirat\u00f3rias. Al\u00e9m disso, a tend\u00eancia de manter janelas e portas fechadas favorece a concentra\u00e7\u00e3o de v\u00edrus, \u00e1caros e outros al\u00e9rgenos em ambientes internos.&nbsp;<\/p>\n\n\n\n<p>Essa combina\u00e7\u00e3o de fatores explica o aumento expressivo no n\u00famero de atendimentos m\u00e9dicos relacionados a problemas respirat\u00f3rios nesta \u00e9poca do ano.&nbsp;<\/p>\n\n\n\n<p><strong>As 3 principais doen\u00e7as respirat\u00f3rias do inverno<\/strong>&nbsp;<\/p>\n\n\n\n<p>Algumas doen\u00e7as respirat\u00f3rias se destacam pela frequ\u00eancia e gravidade durante o inverno. Conhe\u00e7a as tr\u00eas mais comuns e saiba como se proteger:&nbsp;<\/p>\n\n\n\n<h3 class=\"wp-block-heading\"><strong>1. Gripe (Influenza)<\/strong>&nbsp;<\/h3>\n\n\n\n<p>A gripe \u00e9 uma infec\u00e7\u00e3o viral altamente contagiosa que pode causar febre alta, dores musculares, dor de garganta, tosse seca e cansa\u00e7o intenso. &nbsp;<\/p>\n\n\n\n<p>Como se proteger:&nbsp;<\/p>\n\n\n\n<ul class=\"wp-block-list\">\n<li>Mantenha a vacina\u00e7\u00e3o anual em dia.\u00a0<\/li>\n<\/ul>\n\n\n\n<ul class=\"wp-block-list\">\n<li>Lave as m\u00e3os com frequ\u00eancia.\u00a0<\/li>\n<\/ul>\n\n\n\n<ul class=\"wp-block-list\">\n<li>Evite locais fechados e com aglomera\u00e7\u00f5es, especialmente durante surtos.\u00a0<\/li>\n<\/ul>\n\n\n\n<h3 class=\"wp-block-heading\"><strong>2. Resfriado comum<\/strong>&nbsp;<\/h3>\n\n\n\n<p>O resfriado \u00e9 uma infec\u00e7\u00e3o viral mais leve, mas que tamb\u00e9m pode afetar a qualidade de vida. Os sintomas incluem congest\u00e3o nasal, coriza, espirros e dor de garganta.&nbsp;<\/p>\n\n\n\n<p>Como se proteger:&nbsp;<\/p>\n\n\n\n<ul class=\"wp-block-list\">\n<li>Mantenha os ambientes bem ventilados.\u00a0<\/li>\n<\/ul>\n\n\n\n<ul class=\"wp-block-list\">\n<li>Hidrate-se constantemente.\u00a0<\/li>\n<\/ul>\n\n\n\n<ul class=\"wp-block-list\">\n<li>Adote cuidados b\u00e1sicos de higiene, como evitar compartilhar objetos pessoais.\u00a0<\/li>\n<\/ul>\n\n\n\n<h3 class=\"wp-block-heading\"><strong>3. Asma<\/strong>&nbsp;<\/h3>\n\n\n\n<p>A asma \u00e9 uma doen\u00e7a respirat\u00f3ria cr\u00f4nica, o&nbsp;ar frio e seco, al\u00e9m da maior concentra\u00e7\u00e3o de poeira em ambientes fechados, s\u00e3o fatores que aumentam o risco de crises.&nbsp;<\/p>\n\n\n\n<p>Como se proteger:&nbsp;<\/p>\n\n\n\n<ul class=\"wp-block-list\">\n<li>Siga rigorosamente o tratamento prescrito pelo m\u00e9dico.\u00a0<\/li>\n<\/ul>\n\n\n\n<ul class=\"wp-block-list\">\n<li>Reduza a exposi\u00e7\u00e3o a al\u00e9rgenos como poeira e mofo.\u00a0<\/li>\n<\/ul>\n\n\n\n<ul class=\"wp-block-list\">\n<li>Mantenha a limpeza regular dos ambientes e, se poss\u00edvel, use umidificadores de ar com orienta\u00e7\u00e3o m\u00e9dica.\u00a0<\/li>\n<\/ul>\n\n\n\n<p><strong>H\u00e1bitos que ajudam a fortalecer o sistema imunol\u00f3gico<\/strong>&nbsp;<\/p>\n\n\n\n<p>Al\u00e9m das medidas espec\u00edficas para cada doen\u00e7a, adotar h\u00e1bitos saud\u00e1veis \u00e9 essencial para manter o sistema imunol\u00f3gico fortalecido durante o inverno:&nbsp;<\/p>\n\n\n\n<ul class=\"wp-block-list\">\n<li><strong>Alimenta\u00e7\u00e3o equilibrada:<\/strong> Inclua frutas, verduras e legumes ricos em vitaminas e antioxidantes, como as frutas c\u00edtricas, que s\u00e3o fonte de vitamina C.\u00a0<\/li>\n<\/ul>\n\n\n\n<ul class=\"wp-block-list\">\n<li><strong>Hidrata\u00e7\u00e3o adequada:<\/strong> Beba bastante \u00e1gua, mesmo nos dias frios. Manter as mucosas bem hidratadas dificulta a entrada de v\u00edrus e bact\u00e9rias.\u00a0<\/li>\n<\/ul>\n\n\n\n<ul class=\"wp-block-list\">\n<li><strong>Sono de qualidade:<\/strong> Dormir bem contribui para a recupera\u00e7\u00e3o do organismo e fortalece as defesas naturais.\u00a0<\/li>\n<\/ul>\n\n\n\n<ul class=\"wp-block-list\">\n<li><strong>Atividade f\u00edsica regular:<\/strong> Exerc\u00edcios moderados ajudam a estimular a circula\u00e7\u00e3o sangu\u00ednea e a produ\u00e7\u00e3o de c\u00e9lulas de defesa.\u00a0<\/li>\n<\/ul>\n\n\n\n<h3 class=\"wp-block-heading\"><strong>Quando procurar atendimento m\u00e9dico?<\/strong>&nbsp;<\/h3>\n\n\n\n<p>Caso apresente sintomas como febre persistente, falta de ar, tosse com secre\u00e7\u00e3o intensa ou dor no peito, procure orienta\u00e7\u00e3o m\u00e9dica imediatamente. O diagn\u00f3stico precoce \u00e9 fundamental para evitar complica\u00e7\u00f5es.&nbsp;<\/p>\n","protected":false},"excerpt":{"rendered":"<p>Doen\u00e7as comuns no inverno aparecem com mais frequ\u00eancia a partir do dia 20 de junho, quando o frio oficial come\u00e7a no inverno Brasil. <\/p>\n","protected":false},"author":11,"featured_media":3884,"comment_status":"open","ping_status":"open","sticky":false,"template":"","format":"standard","meta":{"cybocfi_hide_featured_image":"","footnotes":""},"categories":[1,26,28,29,30],"tags":[],"class_list":["post-3881","post","type-post","status-publish","format-standard","has-post-thumbnail","hentry","category-cursos","category-enfermagem","category-farmacia","category-fisioterapia","category-medicina"],"yoast_head":"<!-- This site is optimized with the Yoast SEO plugin v27.4 - https:\/\/yoast.com\/product\/yoast-seo-wordpress\/ -->\n<title>Inverno: cuidados para proteger sua sa\u00fade respirat\u00f3ria \u00a0 - Blog S\u00e3o Camilo<\/title>\n<meta name=\"description\" content=\"Doen\u00e7as comuns no inverno aparecem com mais frequ\u00eancia a partir do dia 20 de junho, quando o frio oficial come\u00e7a no inverno Brasil.\" \/>\n<meta name=\"robots\" content=\"index, follow, max-snippet:-1, max-image-preview:large, max-video-preview:-1\" \/>\n<link rel=\"canonical\" href=\"https:\/\/blog.saocamilo-sp.br\/index.php\/2025\/06\/20\/inverno-cuidados-para-proteger-sua-saude-respiratoria\/\" \/>\n<meta property=\"og:locale\" content=\"pt_BR\" \/>\n<meta property=\"og:type\" content=\"article\" \/>\n<meta property=\"og:title\" content=\"Inverno: cuidados para proteger sua sa\u00fade respirat\u00f3ria \u00a0 - Blog S\u00e3o Camilo\" \/>\n<meta property=\"og:description\" content=\"Doen\u00e7as comuns no inverno aparecem com mais frequ\u00eancia a partir do dia 20 de junho, quando o frio oficial come\u00e7a no inverno Brasil.\" \/>\n<meta property=\"og:url\" content=\"https:\/\/blog.saocamilo-sp.br\/index.php\/2025\/06\/20\/inverno-cuidados-para-proteger-sua-saude-respiratoria\/\" \/>\n<meta property=\"og:site_name\" content=\"Blog S\u00e3o Camilo\" \/>\n<meta property=\"article:publisher\" content=\"https:\/\/www.facebook.com\/saocamilosp\" \/>\n<meta property=\"article:published_time\" content=\"2025-06-20T13:00:00+00:00\" \/>\n<meta property=\"og:image\" content=\"https:\/\/blog.saocamilo-sp.br\/wp-content\/uploads\/2025\/06\/RTRTRE.png\" \/>\n\t<meta property=\"og:image:width\" content=\"1000\" \/>\n\t<meta property=\"og:image:height\" content=\"600\" \/>\n\t<meta property=\"og:image:type\" content=\"image\/png\" \/>\n<meta name=\"author\" content=\"Christopher Oliveira dos Reis\" \/>\n<meta name=\"twitter:card\" content=\"summary_large_image\" \/>\n<meta name=\"twitter:creator\" content=\"@saocamilosp\" \/>\n<meta name=\"twitter:site\" content=\"@saocamilosp\" \/>\n<meta name=\"twitter:label1\" content=\"Escrito por\" \/>\n\t<meta name=\"twitter:data1\" content=\"Christopher Oliveira dos Reis\" \/>\n\t<meta name=\"twitter:label2\" content=\"Est. tempo de leitura\" \/>\n\t<meta name=\"twitter:data2\" content=\"3 minutos\" \/>\n<script type=\"application\/ld+json\" class=\"yoast-schema-graph\">{\"@context\":\"https:\\\/\\\/schema.org\",\"@graph\":[{\"@type\":\"Article\",\"@id\":\"https:\\\/\\\/blog.saocamilo-sp.br\\\/index.php\\\/2025\\\/06\\\/20\\\/inverno-cuidados-para-proteger-sua-saude-respiratoria\\\/#article\",\"isPartOf\":{\"@id\":\"https:\\\/\\\/blog.saocamilo-sp.br\\\/index.php\\\/2025\\\/06\\\/20\\\/inverno-cuidados-para-proteger-sua-saude-respiratoria\\\/\"},\"author\":{\"name\":\"Christopher Oliveira dos Reis\",\"@id\":\"https:\\\/\\\/blog.saocamilo-sp.br\\\/#\\\/schema\\\/person\\\/7dce5f342af0848eb2f06778b2737904\"},\"headline\":\"Inverno: cuidados para proteger sua sa\u00fade respirat\u00f3ria \u00a0\",\"datePublished\":\"2025-06-20T13:00:00+00:00\",\"mainEntityOfPage\":{\"@id\":\"https:\\\/\\\/blog.saocamilo-sp.br\\\/index.php\\\/2025\\\/06\\\/20\\\/inverno-cuidados-para-proteger-sua-saude-respiratoria\\\/\"},\"wordCount\":581,\"commentCount\":0,\"publisher\":{\"@id\":\"https:\\\/\\\/blog.saocamilo-sp.br\\\/#organization\"},\"image\":{\"@id\":\"https:\\\/\\\/blog.saocamilo-sp.br\\\/index.php\\\/2025\\\/06\\\/20\\\/inverno-cuidados-para-proteger-sua-saude-respiratoria\\\/#primaryimage\"},\"thumbnailUrl\":\"https:\\\/\\\/blog.saocamilo-sp.br\\\/wp-content\\\/uploads\\\/2025\\\/06\\\/RTRTRE.png\",\"articleSection\":[\"Cursos\",\"Enfermagem\",\"Farm\u00e1cia\",\"Fisioterapia\",\"Medicina\"],\"inLanguage\":\"pt-BR\",\"potentialAction\":[{\"@type\":\"CommentAction\",\"name\":\"Comment\",\"target\":[\"https:\\\/\\\/blog.saocamilo-sp.br\\\/index.php\\\/2025\\\/06\\\/20\\\/inverno-cuidados-para-proteger-sua-saude-respiratoria\\\/#respond\"]}]},{\"@type\":\"WebPage\",\"@id\":\"https:\\\/\\\/blog.saocamilo-sp.br\\\/index.php\\\/2025\\\/06\\\/20\\\/inverno-cuidados-para-proteger-sua-saude-respiratoria\\\/\",\"url\":\"https:\\\/\\\/blog.saocamilo-sp.br\\\/index.php\\\/2025\\\/06\\\/20\\\/inverno-cuidados-para-proteger-sua-saude-respiratoria\\\/\",\"name\":\"Inverno: cuidados para proteger sua sa\u00fade respirat\u00f3ria \u00a0 - Blog S\u00e3o Camilo\",\"isPartOf\":{\"@id\":\"https:\\\/\\\/blog.saocamilo-sp.br\\\/#website\"},\"primaryImageOfPage\":{\"@id\":\"https:\\\/\\\/blog.saocamilo-sp.br\\\/index.php\\\/2025\\\/06\\\/20\\\/inverno-cuidados-para-proteger-sua-saude-respiratoria\\\/#primaryimage\"},\"image\":{\"@id\":\"https:\\\/\\\/blog.saocamilo-sp.br\\\/index.php\\\/2025\\\/06\\\/20\\\/inverno-cuidados-para-proteger-sua-saude-respiratoria\\\/#primaryimage\"},\"thumbnailUrl\":\"https:\\\/\\\/blog.saocamilo-sp.br\\\/wp-content\\\/uploads\\\/2025\\\/06\\\/RTRTRE.png\",\"datePublished\":\"2025-06-20T13:00:00+00:00\",\"description\":\"Doen\u00e7as comuns no inverno aparecem com mais frequ\u00eancia a partir do dia 20 de junho, quando o frio oficial come\u00e7a no inverno Brasil.\",\"breadcrumb\":{\"@id\":\"https:\\\/\\\/blog.saocamilo-sp.br\\\/index.php\\\/2025\\\/06\\\/20\\\/inverno-cuidados-para-proteger-sua-saude-respiratoria\\\/#breadcrumb\"},\"inLanguage\":\"pt-BR\",\"potentialAction\":[{\"@type\":\"ReadAction\",\"target\":[\"https:\\\/\\\/blog.saocamilo-sp.br\\\/index.php\\\/2025\\\/06\\\/20\\\/inverno-cuidados-para-proteger-sua-saude-respiratoria\\\/\"]}]},{\"@type\":\"ImageObject\",\"inLanguage\":\"pt-BR\",\"@id\":\"https:\\\/\\\/blog.saocamilo-sp.br\\\/index.php\\\/2025\\\/06\\\/20\\\/inverno-cuidados-para-proteger-sua-saude-respiratoria\\\/#primaryimage\",\"url\":\"https:\\\/\\\/blog.saocamilo-sp.br\\\/wp-content\\\/uploads\\\/2025\\\/06\\\/RTRTRE.png\",\"contentUrl\":\"https:\\\/\\\/blog.saocamilo-sp.br\\\/wp-content\\\/uploads\\\/2025\\\/06\\\/RTRTRE.png\",\"width\":1000,\"height\":600},{\"@type\":\"BreadcrumbList\",\"@id\":\"https:\\\/\\\/blog.saocamilo-sp.br\\\/index.php\\\/2025\\\/06\\\/20\\\/inverno-cuidados-para-proteger-sua-saude-respiratoria\\\/#breadcrumb\",\"itemListElement\":[{\"@type\":\"ListItem\",\"position\":1,\"name\":\"In\u00edcio\",\"item\":\"https:\\\/\\\/blog.saocamilo-sp.br\\\/\"},{\"@type\":\"ListItem\",\"position\":2,\"name\":\"Inverno: cuidados para proteger sua sa\u00fade respirat\u00f3ria \u00a0\"}]},{\"@type\":\"WebSite\",\"@id\":\"https:\\\/\\\/blog.saocamilo-sp.br\\\/#website\",\"url\":\"https:\\\/\\\/blog.saocamilo-sp.br\\\/\",\"name\":\"Blog S\u00e3o Camilo\",\"description\":\"Blog do Centro Universit\u00e1rio S\u00e3o Camilo\",\"publisher\":{\"@id\":\"https:\\\/\\\/blog.saocamilo-sp.br\\\/#organization\"},\"potentialAction\":[{\"@type\":\"SearchAction\",\"target\":{\"@type\":\"EntryPoint\",\"urlTemplate\":\"https:\\\/\\\/blog.saocamilo-sp.br\\\/?s={search_term_string}\"},\"query-input\":{\"@type\":\"PropertyValueSpecification\",\"valueRequired\":true,\"valueName\":\"search_term_string\"}}],\"inLanguage\":\"pt-BR\"},{\"@type\":\"Organization\",\"@id\":\"https:\\\/\\\/blog.saocamilo-sp.br\\\/#organization\",\"name\":\"Blog S\u00e3o Camilo\",\"url\":\"https:\\\/\\\/blog.saocamilo-sp.br\\\/\",\"logo\":{\"@type\":\"ImageObject\",\"inLanguage\":\"pt-BR\",\"@id\":\"https:\\\/\\\/blog.saocamilo-sp.br\\\/#\\\/schema\\\/logo\\\/image\\\/\",\"url\":\"https:\\\/\\\/blog.saocamilo-sp.br\\\/wp-content\\\/uploads\\\/2021\\\/12\\\/cropped-vazio-logo-topo.png\",\"contentUrl\":\"https:\\\/\\\/blog.saocamilo-sp.br\\\/wp-content\\\/uploads\\\/2021\\\/12\\\/cropped-vazio-logo-topo.png\",\"width\":320,\"height\":240,\"caption\":\"Blog S\u00e3o Camilo\"},\"image\":{\"@id\":\"https:\\\/\\\/blog.saocamilo-sp.br\\\/#\\\/schema\\\/logo\\\/image\\\/\"},\"sameAs\":[\"https:\\\/\\\/www.facebook.com\\\/saocamilosp\",\"https:\\\/\\\/x.com\\\/saocamilosp\",\"https:\\\/\\\/www.linkedin.com\\\/school\\\/centro-universit-rio-s-o-camilo\\\/\"]},{\"@type\":\"Person\",\"@id\":\"https:\\\/\\\/blog.saocamilo-sp.br\\\/#\\\/schema\\\/person\\\/7dce5f342af0848eb2f06778b2737904\",\"name\":\"Christopher Oliveira dos Reis\",\"image\":{\"@type\":\"ImageObject\",\"inLanguage\":\"pt-BR\",\"@id\":\"https:\\\/\\\/secure.gravatar.com\\\/avatar\\\/b09a1361215d06f22999124838358b6855376e2b7287de883b723960b0c03f82?s=96&d=mm&r=g\",\"url\":\"https:\\\/\\\/secure.gravatar.com\\\/avatar\\\/b09a1361215d06f22999124838358b6855376e2b7287de883b723960b0c03f82?s=96&d=mm&r=g\",\"contentUrl\":\"https:\\\/\\\/secure.gravatar.com\\\/avatar\\\/b09a1361215d06f22999124838358b6855376e2b7287de883b723960b0c03f82?s=96&d=mm&r=g\",\"caption\":\"Christopher Oliveira dos Reis\"},\"url\":\"https:\\\/\\\/blog.saocamilo-sp.br\\\/index.php\\\/author\\\/christopher-reis\\\/\"}]}<\/script>\n<!-- \/ Yoast SEO plugin. -->","yoast_head_json":{"title":"Inverno: cuidados para proteger sua sa\u00fade respirat\u00f3ria \u00a0 - Blog S\u00e3o Camilo","description":"Doen\u00e7as comuns no inverno aparecem com mais frequ\u00eancia a partir do dia 20 de junho, quando o frio oficial come\u00e7a no inverno Brasil.","robots":{"index":"index","follow":"follow","max-snippet":"max-snippet:-1","max-image-preview":"max-image-preview:large","max-video-preview":"max-video-preview:-1"},"canonical":"https:\/\/blog.saocamilo-sp.br\/index.php\/2025\/06\/20\/inverno-cuidados-para-proteger-sua-saude-respiratoria\/","og_locale":"pt_BR","og_type":"article","og_title":"Inverno: cuidados para proteger sua sa\u00fade respirat\u00f3ria \u00a0 - Blog S\u00e3o Camilo","og_description":"Doen\u00e7as comuns no inverno aparecem com mais frequ\u00eancia a partir do dia 20 de junho, quando o frio oficial come\u00e7a no inverno Brasil.","og_url":"https:\/\/blog.saocamilo-sp.br\/index.php\/2025\/06\/20\/inverno-cuidados-para-proteger-sua-saude-respiratoria\/","og_site_name":"Blog S\u00e3o Camilo","article_publisher":"https:\/\/www.facebook.com\/saocamilosp","article_published_time":"2025-06-20T13:00:00+00:00","og_image":[{"width":1000,"height":600,"url":"https:\/\/blog.saocamilo-sp.br\/wp-content\/uploads\/2025\/06\/RTRTRE.png","type":"image\/png"}],"author":"Christopher Oliveira dos Reis","twitter_card":"summary_large_image","twitter_creator":"@saocamilosp","twitter_site":"@saocamilosp","twitter_misc":{"Escrito por":"Christopher Oliveira dos Reis","Est. tempo de leitura":"3 minutos"},"schema":{"@context":"https:\/\/schema.org","@graph":[{"@type":"Article","@id":"https:\/\/blog.saocamilo-sp.br\/index.php\/2025\/06\/20\/inverno-cuidados-para-proteger-sua-saude-respiratoria\/#article","isPartOf":{"@id":"https:\/\/blog.saocamilo-sp.br\/index.php\/2025\/06\/20\/inverno-cuidados-para-proteger-sua-saude-respiratoria\/"},"author":{"name":"Christopher Oliveira dos Reis","@id":"https:\/\/blog.saocamilo-sp.br\/#\/schema\/person\/7dce5f342af0848eb2f06778b2737904"},"headline":"Inverno: cuidados para proteger sua sa\u00fade respirat\u00f3ria \u00a0","datePublished":"2025-06-20T13:00:00+00:00","mainEntityOfPage":{"@id":"https:\/\/blog.saocamilo-sp.br\/index.php\/2025\/06\/20\/inverno-cuidados-para-proteger-sua-saude-respiratoria\/"},"wordCount":581,"commentCount":0,"publisher":{"@id":"https:\/\/blog.saocamilo-sp.br\/#organization"},"image":{"@id":"https:\/\/blog.saocamilo-sp.br\/index.php\/2025\/06\/20\/inverno-cuidados-para-proteger-sua-saude-respiratoria\/#primaryimage"},"thumbnailUrl":"https:\/\/blog.saocamilo-sp.br\/wp-content\/uploads\/2025\/06\/RTRTRE.png","articleSection":["Cursos","Enfermagem","Farm\u00e1cia","Fisioterapia","Medicina"],"inLanguage":"pt-BR","potentialAction":[{"@type":"CommentAction","name":"Comment","target":["https:\/\/blog.saocamilo-sp.br\/index.php\/2025\/06\/20\/inverno-cuidados-para-proteger-sua-saude-respiratoria\/#respond"]}]},{"@type":"WebPage","@id":"https:\/\/blog.saocamilo-sp.br\/index.php\/2025\/06\/20\/inverno-cuidados-para-proteger-sua-saude-respiratoria\/","url":"https:\/\/blog.saocamilo-sp.br\/index.php\/2025\/06\/20\/inverno-cuidados-para-proteger-sua-saude-respiratoria\/","name":"Inverno: cuidados para proteger sua sa\u00fade respirat\u00f3ria \u00a0 - Blog S\u00e3o Camilo","isPartOf":{"@id":"https:\/\/blog.saocamilo-sp.br\/#website"},"primaryImageOfPage":{"@id":"https:\/\/blog.saocamilo-sp.br\/index.php\/2025\/06\/20\/inverno-cuidados-para-proteger-sua-saude-respiratoria\/#primaryimage"},"image":{"@id":"https:\/\/blog.saocamilo-sp.br\/index.php\/2025\/06\/20\/inverno-cuidados-para-proteger-sua-saude-respiratoria\/#primaryimage"},"thumbnailUrl":"https:\/\/blog.saocamilo-sp.br\/wp-content\/uploads\/2025\/06\/RTRTRE.png","datePublished":"2025-06-20T13:00:00+00:00","description":"Doen\u00e7as comuns no inverno aparecem com mais frequ\u00eancia a partir do dia 20 de junho, quando o frio oficial come\u00e7a no inverno Brasil.","breadcrumb":{"@id":"https:\/\/blog.saocamilo-sp.br\/index.php\/2025\/06\/20\/inverno-cuidados-para-proteger-sua-saude-respiratoria\/#breadcrumb"},"inLanguage":"pt-BR","potentialAction":[{"@type":"ReadAction","target":["https:\/\/blog.saocamilo-sp.br\/index.php\/2025\/06\/20\/inverno-cuidados-para-proteger-sua-saude-respiratoria\/"]}]},{"@type":"ImageObject","inLanguage":"pt-BR","@id":"https:\/\/blog.saocamilo-sp.br\/index.php\/2025\/06\/20\/inverno-cuidados-para-proteger-sua-saude-respiratoria\/#primaryimage","url":"https:\/\/blog.saocamilo-sp.br\/wp-content\/uploads\/2025\/06\/RTRTRE.png","contentUrl":"https:\/\/blog.saocamilo-sp.br\/wp-content\/uploads\/2025\/06\/RTRTRE.png","width":1000,"height":600},{"@type":"BreadcrumbList","@id":"https:\/\/blog.saocamilo-sp.br\/index.php\/2025\/06\/20\/inverno-cuidados-para-proteger-sua-saude-respiratoria\/#breadcrumb","itemListElement":[{"@type":"ListItem","position":1,"name":"In\u00edcio","item":"https:\/\/blog.saocamilo-sp.br\/"},{"@type":"ListItem","position":2,"name":"Inverno: cuidados para proteger sua sa\u00fade respirat\u00f3ria \u00a0"}]},{"@type":"WebSite","@id":"https:\/\/blog.saocamilo-sp.br\/#website","url":"https:\/\/blog.saocamilo-sp.br\/","name":"Blog S\u00e3o Camilo","description":"Blog do Centro Universit\u00e1rio S\u00e3o Camilo","publisher":{"@id":"https:\/\/blog.saocamilo-sp.br\/#organization"},"potentialAction":[{"@type":"SearchAction","target":{"@type":"EntryPoint","urlTemplate":"https:\/\/blog.saocamilo-sp.br\/?s={search_term_string}"},"query-input":{"@type":"PropertyValueSpecification","valueRequired":true,"valueName":"search_term_string"}}],"inLanguage":"pt-BR"},{"@type":"Organization","@id":"https:\/\/blog.saocamilo-sp.br\/#organization","name":"Blog S\u00e3o Camilo","url":"https:\/\/blog.saocamilo-sp.br\/","logo":{"@type":"ImageObject","inLanguage":"pt-BR","@id":"https:\/\/blog.saocamilo-sp.br\/#\/schema\/logo\/image\/","url":"https:\/\/blog.saocamilo-sp.br\/wp-content\/uploads\/2021\/12\/cropped-vazio-logo-topo.png","contentUrl":"https:\/\/blog.saocamilo-sp.br\/wp-content\/uploads\/2021\/12\/cropped-vazio-logo-topo.png","width":320,"height":240,"caption":"Blog S\u00e3o Camilo"},"image":{"@id":"https:\/\/blog.saocamilo-sp.br\/#\/schema\/logo\/image\/"},"sameAs":["https:\/\/www.facebook.com\/saocamilosp","https:\/\/x.com\/saocamilosp","https:\/\/www.linkedin.com\/school\/centro-universit-rio-s-o-camilo\/"]},{"@type":"Person","@id":"https:\/\/blog.saocamilo-sp.br\/#\/schema\/person\/7dce5f342af0848eb2f06778b2737904","name":"Christopher Oliveira dos Reis","image":{"@type":"ImageObject","inLanguage":"pt-BR","@id":"https:\/\/secure.gravatar.com\/avatar\/b09a1361215d06f22999124838358b6855376e2b7287de883b723960b0c03f82?s=96&d=mm&r=g","url":"https:\/\/secure.gravatar.com\/avatar\/b09a1361215d06f22999124838358b6855376e2b7287de883b723960b0c03f82?s=96&d=mm&r=g","contentUrl":"https:\/\/secure.gravatar.com\/avatar\/b09a1361215d06f22999124838358b6855376e2b7287de883b723960b0c03f82?s=96&d=mm&r=g","caption":"Christopher Oliveira dos Reis"},"url":"https:\/\/blog.saocamilo-sp.br\/index.php\/author\/christopher-reis\/"}]}},"_links":{"self":[{"href":"https:\/\/blog.saocamilo-sp.br\/index.php\/wp-json\/wp\/v2\/posts\/3881","targetHints":{"allow":["GET"]}}],"collection":[{"href":"https:\/\/blog.saocamilo-sp.br\/index.php\/wp-json\/wp\/v2\/posts"}],"about":[{"href":"https:\/\/blog.saocamilo-sp.br\/index.php\/wp-json\/wp\/v2\/types\/post"}],"author":[{"embeddable":true,"href":"https:\/\/blog.saocamilo-sp.br\/index.php\/wp-json\/wp\/v2\/users\/11"}],"replies":[{"embeddable":true,"href":"https:\/\/blog.saocamilo-sp.br\/index.php\/wp-json\/wp\/v2\/comments?post=3881"}],"version-history":[{"count":2,"href":"https:\/\/blog.saocamilo-sp.br\/index.php\/wp-json\/wp\/v2\/posts\/3881\/revisions"}],"predecessor-version":[{"id":3885,"href":"https:\/\/blog.saocamilo-sp.br\/index.php\/wp-json\/wp\/v2\/posts\/3881\/revisions\/3885"}],"wp:featuredmedia":[{"embeddable":true,"href":"https:\/\/blog.saocamilo-sp.br\/index.php\/wp-json\/wp\/v2\/media\/3884"}],"wp:attachment":[{"href":"https:\/\/blog.saocamilo-sp.br\/index.php\/wp-json\/wp\/v2\/media?parent=3881"}],"wp:term":[{"taxonomy":"category","embeddable":true,"href":"https:\/\/blog.saocamilo-sp.br\/index.php\/wp-json\/wp\/v2\/categories?post=3881"},{"taxonomy":"post_tag","embeddable":true,"href":"https:\/\/blog.saocamilo-sp.br\/index.php\/wp-json\/wp\/v2\/tags?post=3881"}],"curies":[{"name":"wp","href":"https:\/\/api.w.org\/{rel}","templated":true}]}}