{"id":3887,"date":"2025-06-24T15:39:25","date_gmt":"2025-06-24T18:39:25","guid":{"rendered":"https:\/\/blog.saocamilo-sp.br\/?p=3887"},"modified":"2025-06-24T15:58:12","modified_gmt":"2025-06-24T18:58:12","slug":"gripes-resfriados-rinite-e-sinusite-conheca-as-diferencas","status":"publish","type":"post","link":"https:\/\/blog.saocamilo-sp.br\/index.php\/2025\/06\/24\/gripes-resfriados-rinite-e-sinusite-conheca-as-diferencas\/","title":{"rendered":"Gripes, resfriados, rinite e sinusite &#8211; conhe\u00e7a as diferen\u00e7as"},"content":{"rendered":"\n<p>Inverno chega com aumento de casos de gripes e doen\u00e7as respirat\u00f3rias<\/p>\n\n\n\n<p><\/p>\n\n\n\n<p>O inverno come\u00e7ou oficialmente nesta sexta-feira, 20 de junho. Com ele, o clima frio e seco j\u00e1 afeta diversas regi\u00f5es do Brasil. Essa mudan\u00e7a de temperatura traz um aumento significativo nos casos de doen\u00e7as gripais e respirat\u00f3rias.<\/p>\n\n\n\n<p>De acordo com o Boletim Infogripe da Fiocruz, o Brasil registrou um crescimento de 40% nos casos de S\u00edndrome Respirat\u00f3ria Aguda Grave (SRAG) nas \u00faltimas quatro semanas, em compara\u00e7\u00e3o com o per\u00edodo anterior.<\/p>\n\n\n\n<p>As regi\u00f5es Sul e Sudeste concentram a maioria desses casos, especialmente nos estados de S\u00e3o Paulo, Paran\u00e1 e Rio Grande do Sul. O v\u00edrus Influenza A (H3N2) tem sido o principal causador dos casos mais graves.<\/p>\n\n\n\n<p>Segundo o m\u00e9dico <a href=\"http:\/\/lattes.cnpq.br\/9425558576538048\">Giulia<\/a><a href=\"http:\/\/lattes.cnpq.br\/9425558576538048\" target=\"_blank\" rel=\"noreferrer noopener\">no Bongiovann<\/a><a href=\"http:\/\/lattes.cnpq.br\/9425558576538048\">i<\/a>, professor de Otorrinolaringologia do <a href=\"https:\/\/saocamilo-sp.br\/\" target=\"_blank\" rel=\"noreferrer noopener\">Centro Universit\u00e1rio S\u00e3o Camilo<\/a>, as pessoas tendem a permanecer mais tempo em ambientes fechados durante o inverno. Isso favorece a propaga\u00e7\u00e3o de v\u00edrus e bact\u00e9rias, aumentando a vulnerabilidade a doen\u00e7as como gripe, resfriado, rinite e dor de garganta.<\/p>\n\n\n\n<p><\/p>\n\n\n\n<h3 class=\"wp-block-heading\">Diferen\u00e7as entre gripes e resfriados<\/h3>\n\n\n\n<p>Embora as gripes e os resfriados compartilhem sintomas como congest\u00e3o nasal, espirros e febre, s\u00e3o doen\u00e7as diferentes.<\/p>\n\n\n\n<p>A gripe \u00e9 causada principalmente pelos v\u00edrus Influenza A e B. J\u00e1 o resfriado resulta da a\u00e7\u00e3o de outros v\u00edrus, como o rinov\u00edrus, o v\u00edrus sincicial respirat\u00f3rio e o da parainfluenza.<\/p>\n\n\n\n<p>Al\u00e9m disso, a gripe tende a durar de 7 a 10 dias e pode gerar complica\u00e7\u00f5es como pneumonia. O resfriado costuma ter evolu\u00e7\u00e3o mais leve, com sintomas que duram entre 5 e 7 dias.<\/p>\n\n\n\n<p>\u201cA gripe \u00e9 mais grave e exige aten\u00e7\u00e3o, enquanto o resfriado \u00e9 uma condi\u00e7\u00e3o mais localizada e branda\u201d, explica Bongiovanni. Ele recomenda testes r\u00e1pidos para identificar o v\u00edrus da gripe, especialmente em casos suspeitos.<\/p>\n\n\n\n<h3 class=\"wp-block-heading\">Sinusite e Rinite: saiba diferenciar<\/h3>\n\n\n\n<p>Rinite e sinusite s\u00e3o doen\u00e7as distintas, mas podem ocorrer juntas. A rinite, geralmente de origem al\u00e9rgica, provoca espirros, coceira, coriza e nariz entupido. Poeira, p\u00f3len e outros al\u00e9rgenos costumam ser os principais gatilhos.<\/p>\n\n\n\n<p>Por outro lado, a sinusite \u00e9 uma inflama\u00e7\u00e3o dos seios da face. Pode surgir ap\u00f3s infec\u00e7\u00f5es por v\u00edrus, bact\u00e9rias ou fungos. Muitas vezes, uma gripe mal curada pode evoluir para sinusite, especialmente se os sintomas durarem mais de 10 dias.<\/p>\n\n\n\n<p>\u201cQuando o paciente melhora do resfriado, mas depois volta a piorar, pode estar desenvolvendo uma sinusite bacteriana\u201d, alerta o especialista.<\/p>\n\n\n\n<h3 class=\"wp-block-heading\">Como tratar?<\/h3>\n\n\n\n<p>Para rinite, o tratamento inclui antial\u00e9rgicos e lavagens nasais. J\u00e1 a sinusite, quando de origem bacteriana, exige o uso de antibi\u00f3ticos com prescri\u00e7\u00e3o m\u00e9dica.<\/p>\n\n\n\n<p>\u00c9 fundamental observar a evolu\u00e7\u00e3o dos sintomas. Caso eles persistam ou piorem ap\u00f3s uma melhora inicial, o ideal \u00e9 procurar um m\u00e9dico. O diagn\u00f3stico precoce ajuda a evitar complica\u00e7\u00f5es e acelera a recupera\u00e7\u00e3o.<\/p>\n\n\n\n<p>Assessoria de Imprensa: Centro Universit\u00e1rio S\u00e3o Camilo<br><\/p>\n\n\n\n<hr class=\"wp-block-separator has-alpha-channel-opacity\"\/>\n\n\n\n<p>Leia tamb\u00e9m:<\/p>\n\n\n\n<p><a href=\"https:\/\/blog.saocamilo-sp.br\/index.php\/2025\/06\/20\/inverno-cuidados-para-proteger-sua-saude-respiratoria\/\">Inverno: cuidados para proteger sua sa\u00fade respirat\u00f3ria<\/a><br><a href=\"https:\/\/blog.saocamilo-sp.br\/index.php\/2025\/06\/12\/queimaduras-nas-festas-juninas-mitos-e-verdades-que-voce-precisa-saber\/\">Queimaduras nas festas juninas: mitos e verdades que voc\u00ea precisa saber<\/a><br><a href=\"https:\/\/blog.saocamilo-sp.br\/index.php\/2025\/06\/04\/apps\/\">Melhores apps de estudo e organiza\u00e7\u00e3o para o ENEM: conhe\u00e7a as ferramentas indispens\u00e1veis<\/a><br><\/p>\n\n\n\n<p><\/p>\n","protected":false},"excerpt":{"rendered":"<p>Docente de otorrinolaringologia alerta para o aumento dos casos de gripes no inverno e explica como diferenciar gripe, resfriado e sinusite.<\/p>\n","protected":false},"author":13,"featured_media":3894,"comment_status":"open","ping_status":"open","sticky":false,"template":"","format":"standard","meta":{"cybocfi_hide_featured_image":"","footnotes":""},"categories":[79],"tags":[],"class_list":["post-3887","post","type-post","status-publish","format-standard","has-post-thumbnail","hentry","category-saude"],"yoast_head":"<!-- This site is optimized with the Yoast SEO plugin v27.5 - https:\/\/yoast.com\/product\/yoast-seo-wordpress\/ -->\n<title>Gripes, resfriados, rinite e sinusite - conhe\u00e7a as diferen\u00e7as - Blog S\u00e3o Camilo<\/title>\n<meta name=\"description\" content=\"Docente de otorrinolaringologia alerta para o aumento dos casos de gripes no inverno e explica como diferenciar gripe, resfriado e sinusite.\" \/>\n<meta name=\"robots\" content=\"index, follow, max-snippet:-1, max-image-preview:large, max-video-preview:-1\" \/>\n<link rel=\"canonical\" href=\"https:\/\/blog.saocamilo-sp.br\/index.php\/2025\/06\/24\/gripes-resfriados-rinite-e-sinusite-conheca-as-diferencas\/\" \/>\n<meta property=\"og:locale\" content=\"pt_BR\" \/>\n<meta property=\"og:type\" content=\"article\" \/>\n<meta property=\"og:title\" content=\"Gripes, resfriados, rinite e sinusite - conhe\u00e7a as diferen\u00e7as - Blog S\u00e3o Camilo\" \/>\n<meta property=\"og:description\" content=\"Docente de otorrinolaringologia alerta para o aumento dos casos de gripes no inverno e explica como diferenciar gripe, resfriado e sinusite.\" \/>\n<meta property=\"og:url\" content=\"https:\/\/blog.saocamilo-sp.br\/index.php\/2025\/06\/24\/gripes-resfriados-rinite-e-sinusite-conheca-as-diferencas\/\" \/>\n<meta property=\"og:site_name\" content=\"Blog S\u00e3o Camilo\" \/>\n<meta property=\"article:publisher\" content=\"https:\/\/www.facebook.com\/saocamilosp\" \/>\n<meta property=\"article:published_time\" content=\"2025-06-24T18:39:25+00:00\" \/>\n<meta property=\"article:modified_time\" content=\"2025-06-24T18:58:12+00:00\" \/>\n<meta property=\"og:image\" content=\"https:\/\/blog.saocamilo-sp.br\/wp-content\/uploads\/2025\/06\/Gripes-resfriados-rinite-e-sinusite-conheca-as-diferencas-1.png\" \/>\n\t<meta property=\"og:image:width\" content=\"600\" \/>\n\t<meta property=\"og:image:height\" content=\"406\" \/>\n\t<meta property=\"og:image:type\" content=\"image\/png\" \/>\n<meta name=\"author\" content=\"Leandro Lafr\u00e1gola\" \/>\n<meta name=\"twitter:card\" content=\"summary_large_image\" \/>\n<meta name=\"twitter:creator\" content=\"@saocamilosp\" \/>\n<meta name=\"twitter:site\" content=\"@saocamilosp\" \/>\n<meta name=\"twitter:label1\" content=\"Escrito por\" \/>\n\t<meta name=\"twitter:data1\" content=\"Leandro Lafr\u00e1gola\" \/>\n\t<meta name=\"twitter:label2\" content=\"Est. tempo de leitura\" \/>\n\t<meta name=\"twitter:data2\" content=\"3 minutos\" \/>\n<script type=\"application\/ld+json\" class=\"yoast-schema-graph\">{\"@context\":\"https:\\\/\\\/schema.org\",\"@graph\":[{\"@type\":\"Article\",\"@id\":\"https:\\\/\\\/blog.saocamilo-sp.br\\\/index.php\\\/2025\\\/06\\\/24\\\/gripes-resfriados-rinite-e-sinusite-conheca-as-diferencas\\\/#article\",\"isPartOf\":{\"@id\":\"https:\\\/\\\/blog.saocamilo-sp.br\\\/index.php\\\/2025\\\/06\\\/24\\\/gripes-resfriados-rinite-e-sinusite-conheca-as-diferencas\\\/\"},\"author\":{\"name\":\"Leandro Lafr\u00e1gola\",\"@id\":\"https:\\\/\\\/blog.saocamilo-sp.br\\\/#\\\/schema\\\/person\\\/1a99645faaab0bb55105f817e866e19b\"},\"headline\":\"Gripes, resfriados, rinite e sinusite &#8211; conhe\u00e7a as diferen\u00e7as\",\"datePublished\":\"2025-06-24T18:39:25+00:00\",\"dateModified\":\"2025-06-24T18:58:12+00:00\",\"mainEntityOfPage\":{\"@id\":\"https:\\\/\\\/blog.saocamilo-sp.br\\\/index.php\\\/2025\\\/06\\\/24\\\/gripes-resfriados-rinite-e-sinusite-conheca-as-diferencas\\\/\"},\"wordCount\":549,\"commentCount\":0,\"publisher\":{\"@id\":\"https:\\\/\\\/blog.saocamilo-sp.br\\\/#organization\"},\"image\":{\"@id\":\"https:\\\/\\\/blog.saocamilo-sp.br\\\/index.php\\\/2025\\\/06\\\/24\\\/gripes-resfriados-rinite-e-sinusite-conheca-as-diferencas\\\/#primaryimage\"},\"thumbnailUrl\":\"https:\\\/\\\/blog.saocamilo-sp.br\\\/wp-content\\\/uploads\\\/2025\\\/06\\\/Gripes-resfriados-rinite-e-sinusite-conheca-as-diferencas-1.png\",\"articleSection\":[\"Sa\u00fade\"],\"inLanguage\":\"pt-BR\",\"potentialAction\":[{\"@type\":\"CommentAction\",\"name\":\"Comment\",\"target\":[\"https:\\\/\\\/blog.saocamilo-sp.br\\\/index.php\\\/2025\\\/06\\\/24\\\/gripes-resfriados-rinite-e-sinusite-conheca-as-diferencas\\\/#respond\"]}]},{\"@type\":\"WebPage\",\"@id\":\"https:\\\/\\\/blog.saocamilo-sp.br\\\/index.php\\\/2025\\\/06\\\/24\\\/gripes-resfriados-rinite-e-sinusite-conheca-as-diferencas\\\/\",\"url\":\"https:\\\/\\\/blog.saocamilo-sp.br\\\/index.php\\\/2025\\\/06\\\/24\\\/gripes-resfriados-rinite-e-sinusite-conheca-as-diferencas\\\/\",\"name\":\"Gripes, resfriados, rinite e sinusite - conhe\u00e7a as diferen\u00e7as - Blog S\u00e3o Camilo\",\"isPartOf\":{\"@id\":\"https:\\\/\\\/blog.saocamilo-sp.br\\\/#website\"},\"primaryImageOfPage\":{\"@id\":\"https:\\\/\\\/blog.saocamilo-sp.br\\\/index.php\\\/2025\\\/06\\\/24\\\/gripes-resfriados-rinite-e-sinusite-conheca-as-diferencas\\\/#primaryimage\"},\"image\":{\"@id\":\"https:\\\/\\\/blog.saocamilo-sp.br\\\/index.php\\\/2025\\\/06\\\/24\\\/gripes-resfriados-rinite-e-sinusite-conheca-as-diferencas\\\/#primaryimage\"},\"thumbnailUrl\":\"https:\\\/\\\/blog.saocamilo-sp.br\\\/wp-content\\\/uploads\\\/2025\\\/06\\\/Gripes-resfriados-rinite-e-sinusite-conheca-as-diferencas-1.png\",\"datePublished\":\"2025-06-24T18:39:25+00:00\",\"dateModified\":\"2025-06-24T18:58:12+00:00\",\"description\":\"Docente de otorrinolaringologia alerta para o aumento dos casos de gripes no inverno e explica como diferenciar gripe, resfriado e sinusite.\",\"breadcrumb\":{\"@id\":\"https:\\\/\\\/blog.saocamilo-sp.br\\\/index.php\\\/2025\\\/06\\\/24\\\/gripes-resfriados-rinite-e-sinusite-conheca-as-diferencas\\\/#breadcrumb\"},\"inLanguage\":\"pt-BR\",\"potentialAction\":[{\"@type\":\"ReadAction\",\"target\":[\"https:\\\/\\\/blog.saocamilo-sp.br\\\/index.php\\\/2025\\\/06\\\/24\\\/gripes-resfriados-rinite-e-sinusite-conheca-as-diferencas\\\/\"]}]},{\"@type\":\"ImageObject\",\"inLanguage\":\"pt-BR\",\"@id\":\"https:\\\/\\\/blog.saocamilo-sp.br\\\/index.php\\\/2025\\\/06\\\/24\\\/gripes-resfriados-rinite-e-sinusite-conheca-as-diferencas\\\/#primaryimage\",\"url\":\"https:\\\/\\\/blog.saocamilo-sp.br\\\/wp-content\\\/uploads\\\/2025\\\/06\\\/Gripes-resfriados-rinite-e-sinusite-conheca-as-diferencas-1.png\",\"contentUrl\":\"https:\\\/\\\/blog.saocamilo-sp.br\\\/wp-content\\\/uploads\\\/2025\\\/06\\\/Gripes-resfriados-rinite-e-sinusite-conheca-as-diferencas-1.png\",\"width\":600,\"height\":406,\"caption\":\"Gripes, resfriados, rinite e sinusite - conhe\u00e7a as diferen\u00e7as\"},{\"@type\":\"BreadcrumbList\",\"@id\":\"https:\\\/\\\/blog.saocamilo-sp.br\\\/index.php\\\/2025\\\/06\\\/24\\\/gripes-resfriados-rinite-e-sinusite-conheca-as-diferencas\\\/#breadcrumb\",\"itemListElement\":[{\"@type\":\"ListItem\",\"position\":1,\"name\":\"In\u00edcio\",\"item\":\"https:\\\/\\\/blog.saocamilo-sp.br\\\/\"},{\"@type\":\"ListItem\",\"position\":2,\"name\":\"Gripes, resfriados, rinite e sinusite &#8211; conhe\u00e7a as diferen\u00e7as\"}]},{\"@type\":\"WebSite\",\"@id\":\"https:\\\/\\\/blog.saocamilo-sp.br\\\/#website\",\"url\":\"https:\\\/\\\/blog.saocamilo-sp.br\\\/\",\"name\":\"Blog S\u00e3o Camilo\",\"description\":\"Blog do Centro Universit\u00e1rio S\u00e3o Camilo\",\"publisher\":{\"@id\":\"https:\\\/\\\/blog.saocamilo-sp.br\\\/#organization\"},\"potentialAction\":[{\"@type\":\"SearchAction\",\"target\":{\"@type\":\"EntryPoint\",\"urlTemplate\":\"https:\\\/\\\/blog.saocamilo-sp.br\\\/?s={search_term_string}\"},\"query-input\":{\"@type\":\"PropertyValueSpecification\",\"valueRequired\":true,\"valueName\":\"search_term_string\"}}],\"inLanguage\":\"pt-BR\"},{\"@type\":\"Organization\",\"@id\":\"https:\\\/\\\/blog.saocamilo-sp.br\\\/#organization\",\"name\":\"Blog S\u00e3o Camilo\",\"url\":\"https:\\\/\\\/blog.saocamilo-sp.br\\\/\",\"logo\":{\"@type\":\"ImageObject\",\"inLanguage\":\"pt-BR\",\"@id\":\"https:\\\/\\\/blog.saocamilo-sp.br\\\/#\\\/schema\\\/logo\\\/image\\\/\",\"url\":\"https:\\\/\\\/blog.saocamilo-sp.br\\\/wp-content\\\/uploads\\\/2021\\\/12\\\/cropped-vazio-logo-topo.png\",\"contentUrl\":\"https:\\\/\\\/blog.saocamilo-sp.br\\\/wp-content\\\/uploads\\\/2021\\\/12\\\/cropped-vazio-logo-topo.png\",\"width\":320,\"height\":240,\"caption\":\"Blog S\u00e3o Camilo\"},\"image\":{\"@id\":\"https:\\\/\\\/blog.saocamilo-sp.br\\\/#\\\/schema\\\/logo\\\/image\\\/\"},\"sameAs\":[\"https:\\\/\\\/www.facebook.com\\\/saocamilosp\",\"https:\\\/\\\/x.com\\\/saocamilosp\",\"https:\\\/\\\/www.linkedin.com\\\/school\\\/centro-universit-rio-s-o-camilo\\\/\"]},{\"@type\":\"Person\",\"@id\":\"https:\\\/\\\/blog.saocamilo-sp.br\\\/#\\\/schema\\\/person\\\/1a99645faaab0bb55105f817e866e19b\",\"name\":\"Leandro Lafr\u00e1gola\",\"image\":{\"@type\":\"ImageObject\",\"inLanguage\":\"pt-BR\",\"@id\":\"https:\\\/\\\/secure.gravatar.com\\\/avatar\\\/ec4232fb8d50d80f1c672353dc4c2876490e6a0a2a33d6572c0ba1fb78f115cf?s=96&d=mm&r=g\",\"url\":\"https:\\\/\\\/secure.gravatar.com\\\/avatar\\\/ec4232fb8d50d80f1c672353dc4c2876490e6a0a2a33d6572c0ba1fb78f115cf?s=96&d=mm&r=g\",\"contentUrl\":\"https:\\\/\\\/secure.gravatar.com\\\/avatar\\\/ec4232fb8d50d80f1c672353dc4c2876490e6a0a2a33d6572c0ba1fb78f115cf?s=96&d=mm&r=g\",\"caption\":\"Leandro Lafr\u00e1gola\"},\"url\":\"https:\\\/\\\/blog.saocamilo-sp.br\\\/index.php\\\/author\\\/llafragola\\\/\"}]}<\/script>\n<!-- \/ Yoast SEO plugin. -->","yoast_head_json":{"title":"Gripes, resfriados, rinite e sinusite - conhe\u00e7a as diferen\u00e7as - Blog S\u00e3o Camilo","description":"Docente de otorrinolaringologia alerta para o aumento dos casos de gripes no inverno e explica como diferenciar gripe, resfriado e sinusite.","robots":{"index":"index","follow":"follow","max-snippet":"max-snippet:-1","max-image-preview":"max-image-preview:large","max-video-preview":"max-video-preview:-1"},"canonical":"https:\/\/blog.saocamilo-sp.br\/index.php\/2025\/06\/24\/gripes-resfriados-rinite-e-sinusite-conheca-as-diferencas\/","og_locale":"pt_BR","og_type":"article","og_title":"Gripes, resfriados, rinite e sinusite - conhe\u00e7a as diferen\u00e7as - Blog S\u00e3o Camilo","og_description":"Docente de otorrinolaringologia alerta para o aumento dos casos de gripes no inverno e explica como diferenciar gripe, resfriado e sinusite.","og_url":"https:\/\/blog.saocamilo-sp.br\/index.php\/2025\/06\/24\/gripes-resfriados-rinite-e-sinusite-conheca-as-diferencas\/","og_site_name":"Blog S\u00e3o Camilo","article_publisher":"https:\/\/www.facebook.com\/saocamilosp","article_published_time":"2025-06-24T18:39:25+00:00","article_modified_time":"2025-06-24T18:58:12+00:00","og_image":[{"width":600,"height":406,"url":"https:\/\/blog.saocamilo-sp.br\/wp-content\/uploads\/2025\/06\/Gripes-resfriados-rinite-e-sinusite-conheca-as-diferencas-1.png","type":"image\/png"}],"author":"Leandro Lafr\u00e1gola","twitter_card":"summary_large_image","twitter_creator":"@saocamilosp","twitter_site":"@saocamilosp","twitter_misc":{"Escrito por":"Leandro Lafr\u00e1gola","Est. tempo de leitura":"3 minutos"},"schema":{"@context":"https:\/\/schema.org","@graph":[{"@type":"Article","@id":"https:\/\/blog.saocamilo-sp.br\/index.php\/2025\/06\/24\/gripes-resfriados-rinite-e-sinusite-conheca-as-diferencas\/#article","isPartOf":{"@id":"https:\/\/blog.saocamilo-sp.br\/index.php\/2025\/06\/24\/gripes-resfriados-rinite-e-sinusite-conheca-as-diferencas\/"},"author":{"name":"Leandro Lafr\u00e1gola","@id":"https:\/\/blog.saocamilo-sp.br\/#\/schema\/person\/1a99645faaab0bb55105f817e866e19b"},"headline":"Gripes, resfriados, rinite e sinusite &#8211; conhe\u00e7a as diferen\u00e7as","datePublished":"2025-06-24T18:39:25+00:00","dateModified":"2025-06-24T18:58:12+00:00","mainEntityOfPage":{"@id":"https:\/\/blog.saocamilo-sp.br\/index.php\/2025\/06\/24\/gripes-resfriados-rinite-e-sinusite-conheca-as-diferencas\/"},"wordCount":549,"commentCount":0,"publisher":{"@id":"https:\/\/blog.saocamilo-sp.br\/#organization"},"image":{"@id":"https:\/\/blog.saocamilo-sp.br\/index.php\/2025\/06\/24\/gripes-resfriados-rinite-e-sinusite-conheca-as-diferencas\/#primaryimage"},"thumbnailUrl":"https:\/\/blog.saocamilo-sp.br\/wp-content\/uploads\/2025\/06\/Gripes-resfriados-rinite-e-sinusite-conheca-as-diferencas-1.png","articleSection":["Sa\u00fade"],"inLanguage":"pt-BR","potentialAction":[{"@type":"CommentAction","name":"Comment","target":["https:\/\/blog.saocamilo-sp.br\/index.php\/2025\/06\/24\/gripes-resfriados-rinite-e-sinusite-conheca-as-diferencas\/#respond"]}]},{"@type":"WebPage","@id":"https:\/\/blog.saocamilo-sp.br\/index.php\/2025\/06\/24\/gripes-resfriados-rinite-e-sinusite-conheca-as-diferencas\/","url":"https:\/\/blog.saocamilo-sp.br\/index.php\/2025\/06\/24\/gripes-resfriados-rinite-e-sinusite-conheca-as-diferencas\/","name":"Gripes, resfriados, rinite e sinusite - conhe\u00e7a as diferen\u00e7as - Blog S\u00e3o Camilo","isPartOf":{"@id":"https:\/\/blog.saocamilo-sp.br\/#website"},"primaryImageOfPage":{"@id":"https:\/\/blog.saocamilo-sp.br\/index.php\/2025\/06\/24\/gripes-resfriados-rinite-e-sinusite-conheca-as-diferencas\/#primaryimage"},"image":{"@id":"https:\/\/blog.saocamilo-sp.br\/index.php\/2025\/06\/24\/gripes-resfriados-rinite-e-sinusite-conheca-as-diferencas\/#primaryimage"},"thumbnailUrl":"https:\/\/blog.saocamilo-sp.br\/wp-content\/uploads\/2025\/06\/Gripes-resfriados-rinite-e-sinusite-conheca-as-diferencas-1.png","datePublished":"2025-06-24T18:39:25+00:00","dateModified":"2025-06-24T18:58:12+00:00","description":"Docente de otorrinolaringologia alerta para o aumento dos casos de gripes no inverno e explica como diferenciar gripe, resfriado e sinusite.","breadcrumb":{"@id":"https:\/\/blog.saocamilo-sp.br\/index.php\/2025\/06\/24\/gripes-resfriados-rinite-e-sinusite-conheca-as-diferencas\/#breadcrumb"},"inLanguage":"pt-BR","potentialAction":[{"@type":"ReadAction","target":["https:\/\/blog.saocamilo-sp.br\/index.php\/2025\/06\/24\/gripes-resfriados-rinite-e-sinusite-conheca-as-diferencas\/"]}]},{"@type":"ImageObject","inLanguage":"pt-BR","@id":"https:\/\/blog.saocamilo-sp.br\/index.php\/2025\/06\/24\/gripes-resfriados-rinite-e-sinusite-conheca-as-diferencas\/#primaryimage","url":"https:\/\/blog.saocamilo-sp.br\/wp-content\/uploads\/2025\/06\/Gripes-resfriados-rinite-e-sinusite-conheca-as-diferencas-1.png","contentUrl":"https:\/\/blog.saocamilo-sp.br\/wp-content\/uploads\/2025\/06\/Gripes-resfriados-rinite-e-sinusite-conheca-as-diferencas-1.png","width":600,"height":406,"caption":"Gripes, resfriados, rinite e sinusite - conhe\u00e7a as diferen\u00e7as"},{"@type":"BreadcrumbList","@id":"https:\/\/blog.saocamilo-sp.br\/index.php\/2025\/06\/24\/gripes-resfriados-rinite-e-sinusite-conheca-as-diferencas\/#breadcrumb","itemListElement":[{"@type":"ListItem","position":1,"name":"In\u00edcio","item":"https:\/\/blog.saocamilo-sp.br\/"},{"@type":"ListItem","position":2,"name":"Gripes, resfriados, rinite e sinusite &#8211; conhe\u00e7a as diferen\u00e7as"}]},{"@type":"WebSite","@id":"https:\/\/blog.saocamilo-sp.br\/#website","url":"https:\/\/blog.saocamilo-sp.br\/","name":"Blog S\u00e3o Camilo","description":"Blog do Centro Universit\u00e1rio S\u00e3o Camilo","publisher":{"@id":"https:\/\/blog.saocamilo-sp.br\/#organization"},"potentialAction":[{"@type":"SearchAction","target":{"@type":"EntryPoint","urlTemplate":"https:\/\/blog.saocamilo-sp.br\/?s={search_term_string}"},"query-input":{"@type":"PropertyValueSpecification","valueRequired":true,"valueName":"search_term_string"}}],"inLanguage":"pt-BR"},{"@type":"Organization","@id":"https:\/\/blog.saocamilo-sp.br\/#organization","name":"Blog S\u00e3o Camilo","url":"https:\/\/blog.saocamilo-sp.br\/","logo":{"@type":"ImageObject","inLanguage":"pt-BR","@id":"https:\/\/blog.saocamilo-sp.br\/#\/schema\/logo\/image\/","url":"https:\/\/blog.saocamilo-sp.br\/wp-content\/uploads\/2021\/12\/cropped-vazio-logo-topo.png","contentUrl":"https:\/\/blog.saocamilo-sp.br\/wp-content\/uploads\/2021\/12\/cropped-vazio-logo-topo.png","width":320,"height":240,"caption":"Blog S\u00e3o Camilo"},"image":{"@id":"https:\/\/blog.saocamilo-sp.br\/#\/schema\/logo\/image\/"},"sameAs":["https:\/\/www.facebook.com\/saocamilosp","https:\/\/x.com\/saocamilosp","https:\/\/www.linkedin.com\/school\/centro-universit-rio-s-o-camilo\/"]},{"@type":"Person","@id":"https:\/\/blog.saocamilo-sp.br\/#\/schema\/person\/1a99645faaab0bb55105f817e866e19b","name":"Leandro Lafr\u00e1gola","image":{"@type":"ImageObject","inLanguage":"pt-BR","@id":"https:\/\/secure.gravatar.com\/avatar\/ec4232fb8d50d80f1c672353dc4c2876490e6a0a2a33d6572c0ba1fb78f115cf?s=96&d=mm&r=g","url":"https:\/\/secure.gravatar.com\/avatar\/ec4232fb8d50d80f1c672353dc4c2876490e6a0a2a33d6572c0ba1fb78f115cf?s=96&d=mm&r=g","contentUrl":"https:\/\/secure.gravatar.com\/avatar\/ec4232fb8d50d80f1c672353dc4c2876490e6a0a2a33d6572c0ba1fb78f115cf?s=96&d=mm&r=g","caption":"Leandro Lafr\u00e1gola"},"url":"https:\/\/blog.saocamilo-sp.br\/index.php\/author\/llafragola\/"}]}},"_links":{"self":[{"href":"https:\/\/blog.saocamilo-sp.br\/index.php\/wp-json\/wp\/v2\/posts\/3887","targetHints":{"allow":["GET"]}}],"collection":[{"href":"https:\/\/blog.saocamilo-sp.br\/index.php\/wp-json\/wp\/v2\/posts"}],"about":[{"href":"https:\/\/blog.saocamilo-sp.br\/index.php\/wp-json\/wp\/v2\/types\/post"}],"author":[{"embeddable":true,"href":"https:\/\/blog.saocamilo-sp.br\/index.php\/wp-json\/wp\/v2\/users\/13"}],"replies":[{"embeddable":true,"href":"https:\/\/blog.saocamilo-sp.br\/index.php\/wp-json\/wp\/v2\/comments?post=3887"}],"version-history":[{"count":2,"href":"https:\/\/blog.saocamilo-sp.br\/index.php\/wp-json\/wp\/v2\/posts\/3887\/revisions"}],"predecessor-version":[{"id":3893,"href":"https:\/\/blog.saocamilo-sp.br\/index.php\/wp-json\/wp\/v2\/posts\/3887\/revisions\/3893"}],"wp:featuredmedia":[{"embeddable":true,"href":"https:\/\/blog.saocamilo-sp.br\/index.php\/wp-json\/wp\/v2\/media\/3894"}],"wp:attachment":[{"href":"https:\/\/blog.saocamilo-sp.br\/index.php\/wp-json\/wp\/v2\/media?parent=3887"}],"wp:term":[{"taxonomy":"category","embeddable":true,"href":"https:\/\/blog.saocamilo-sp.br\/index.php\/wp-json\/wp\/v2\/categories?post=3887"},{"taxonomy":"post_tag","embeddable":true,"href":"https:\/\/blog.saocamilo-sp.br\/index.php\/wp-json\/wp\/v2\/tags?post=3887"}],"curies":[{"name":"wp","href":"https:\/\/api.w.org\/{rel}","templated":true}]}}