{"id":3896,"date":"2025-09-25T09:32:19","date_gmt":"2025-09-25T12:32:19","guid":{"rendered":"https:\/\/blog.saocamilo-sp.br\/?p=3896"},"modified":"2025-09-25T09:32:20","modified_gmt":"2025-09-25T12:32:20","slug":"pode-lavar-o-frango-na-pia","status":"publish","type":"post","link":"https:\/\/blog.saocamilo-sp.br\/index.php\/2025\/09\/25\/pode-lavar-o-frango-na-pia\/","title":{"rendered":"Pode lavar o frango na pia?"},"content":{"rendered":"\n<p>Nem sempre lavar os alimentos antes do consumo \u00e9 a melhor escolha ao preparar frutas, legumes e verduras, \u00e9 fundamental higieniz\u00e1-los corretamente, especialmente quando voc\u00ea for consumi-los crus e com casca. Por\u00e9m, lavar frango e outras carnes antes do cozimento pode aumentar o risco de contamina\u00e7\u00e3o cruzada, por isso n\u00e3o se recomenda essa pr\u00e1tica.<\/p>\n\n\n\n<p>Para esclarecer essas d\u00favidas, a professora Mariana Del Ben Mayer, do curso de Nutri\u00e7\u00e3o do <a href=\"https:\/\/saocamilo-sp.br\/\">Centro Universit\u00e1rio S\u00e3o Camilo<\/a>, explica quando e como higienizar os alimentos de forma segura.<\/p>\n\n\n\n<hr class=\"wp-block-separator has-alpha-channel-opacity\"\/>\n\n\n\n<h3 class=\"wp-block-heading\">Por que evitar lavar o frango?<\/h3>\n\n\n\n<p>Muitas pessoas acreditam que lavar o frango cru ajuda a remover impurezas, mas essa a\u00e7\u00e3o espalha bact\u00e9rias perigosas pela cozinha. A Salmonella, por exemplo, pode estar no frango cru e, ao enxagu\u00e1-lo na pia, as got\u00edculas contaminam lou\u00e7as, utens\u00edlios e outros alimentos pr\u00f3ximos.<\/p>\n\n\n\n<p>Al\u00e9m disso, ao lavar o frango, voc\u00ea aumenta a contamina\u00e7\u00e3o cruzada \u2014 ou seja, transfere micro-organismos do frango cru para outros alimentos e superf\u00edcies. Por isso, especialistas recomendam que voc\u00ea n\u00e3o lave o frango antes do preparo.<\/p>\n\n\n\n<p>A melhor forma de eliminar essas bact\u00e9rias \u00e9 cozinhar o frango adequadamente, pois o calor destr\u00f3i os micro-organismos. Caso decida lavar o frango mesmo assim, limpe a pia e os utens\u00edlios imediatamente depois, usando uma solu\u00e7\u00e3o clorada preparada com uma colher de sopa de \u00e1gua sanit\u00e1ria para um litro de \u00e1gua.<\/p>\n\n\n\n<hr class=\"wp-block-separator has-alpha-channel-opacity\"\/>\n\n\n\n<h3 class=\"wp-block-heading\">Higieniza\u00e7\u00e3o correta de frutas, verduras e legumes<\/h3>\n\n\n\n<p>Quando consumir frutas, verduras e legumes crus e com casca, voc\u00ea deve higieniz\u00e1-los cuidadosamente. Apenas enxaguar com \u00e1gua ou deixar de molho em vinagre n\u00e3o elimina todos os micro-organismos. Portanto, utilize solu\u00e7\u00f5es espec\u00edficas para essa finalidade.<\/p>\n\n\n\n<p>O hipoclorito de s\u00f3dio funciona bem, desde que voc\u00ea siga as instru\u00e7\u00f5es do fabricante para garantir a dilui\u00e7\u00e3o correta e o tempo de a\u00e7\u00e3o. Outra op\u00e7\u00e3o \u00e9 preparar uma solu\u00e7\u00e3o com uma colher de sopa de \u00e1gua sanit\u00e1ria para um litro de \u00e1gua, desde que o produto indique no r\u00f3tulo que serve para higieniza\u00e7\u00e3o de alimentos.<\/p>\n\n\n\n<hr class=\"wp-block-separator has-alpha-channel-opacity\"\/>\n\n\n\n<h3 class=\"wp-block-heading\">Como higienizar os alimentos frescos corretamente<\/h3>\n\n\n\n<p>Siga estes passos para garantir alimentos seguros:<\/p>\n\n\n\n<ol class=\"wp-block-list\">\n<li>Lave cada fruta, verdura ou legume sob \u00e1gua corrente, esfregando as folhas dos dois lados, quando for o caso.<\/li>\n\n\n\n<li>Deixe-os de molho na solu\u00e7\u00e3o de hipoclorito de s\u00f3dio ou \u00e1gua sanit\u00e1ria por cerca de 15 minutos.<\/li>\n\n\n\n<li>Enx\u00e1gue bem os alimentos em \u00e1gua corrente para retirar os res\u00edduos da solu\u00e7\u00e3o.<\/li>\n\n\n\n<li>Seque-os com um pano limpo ou utilize uma centr\u00edfuga para folhas, o que ajuda a preservar a qualidade.<\/li>\n<\/ol>\n\n\n\n<p>Se o vegetal for cozido ou consumido sem casca, basta lav\u00e1-lo em \u00e1gua corrente para remover a sujeira superficial. ou consumido sem casca, basta lav\u00e1-lo em \u00e1gua corrente para eliminar a sujeira superficial.<br><br><br><br><br><\/p>\n\n\n\n<p>Leia mais:<\/p>\n\n\n\n<p><a href=\"Psyllium: docente de Nutri\u00e7\u00e3o fala do \u2018Ozempic natural\u2019 para o Viva Bem\"><a href=\"https:\/\/blog.saocamilo-sp.br\/index.php\/2025\/05\/19\/psyllium\/\">Psyllium: docente de Nutri\u00e7\u00e3o fala do \u2018Ozempic natural\u2019 para o Viva Bem<\/a><\/a><br><a href=\"https:\/\/blog.saocamilo-sp.br\/index.php\/2024\/03\/28\/saude\/\">Dia Nacional da Sa\u00fade e Nutri\u00e7\u00e3o: 10 dicas para uma alimenta\u00e7\u00e3o saud\u00e1vel<\/a><\/p>\n\n\n\n<p><a href=\"https:\/\/blog.saocamilo-sp.br\/index.php\/2024\/10\/24\/obesidade-infantil-docente-de-nutricao-conquista-premio-por-projeto-inovador\/\">Obesidade infantil: docente de Nutri\u00e7\u00e3o conquista pr\u00eamio por projeto inovador<\/a><\/p>\n\n\n\n<p><br><\/p>\n\n\n\n<p><\/p>\n","protected":false},"excerpt":{"rendered":"<p>A docente Mariana Del Ben Mayer, do curso de Nutri\u00e7\u00e3o da S\u00e3o Camilo, destaca que higienizar corretamente os alimentos \u00e9 essencial para prevenir contamina\u00e7\u00f5es e proteger a sa\u00fade.<\/p>\n","protected":false},"author":11,"featured_media":3965,"comment_status":"open","ping_status":"open","sticky":false,"template":"","format":"standard","meta":{"cybocfi_hide_featured_image":"","footnotes":""},"categories":[1,24],"tags":[7,20],"class_list":["post-3896","post","type-post","status-publish","format-standard","has-post-thumbnail","hentry","category-cursos","category-nutricao","tag-nutricao","tag-sao-camilo"],"yoast_head":"<!-- This site is optimized with the Yoast SEO plugin v27.4 - https:\/\/yoast.com\/product\/yoast-seo-wordpress\/ -->\n<title>Pode lavar o frango na pia? - Blog S\u00e3o Camilo<\/title>\n<meta name=\"description\" content=\"A professora Mariana Del Ben Mayer, do curso de Nutri\u00e7\u00e3o da S\u00e3o Camilo, ensina t\u00e9cnicas seguras de higieniza\u00e7\u00e3o de alimentos, incluindo cuidados com frango cru, frutas, verduras e legumes.\" \/>\n<meta name=\"robots\" content=\"index, follow, max-snippet:-1, max-image-preview:large, max-video-preview:-1\" \/>\n<link rel=\"canonical\" href=\"https:\/\/blog.saocamilo-sp.br\/index.php\/2025\/09\/25\/pode-lavar-o-frango-na-pia\/\" \/>\n<meta property=\"og:locale\" content=\"pt_BR\" \/>\n<meta property=\"og:type\" content=\"article\" \/>\n<meta property=\"og:title\" content=\"Pode lavar o frango na pia? - Blog S\u00e3o Camilo\" \/>\n<meta property=\"og:description\" content=\"A professora Mariana Del Ben Mayer, do curso de Nutri\u00e7\u00e3o da S\u00e3o Camilo, ensina t\u00e9cnicas seguras de higieniza\u00e7\u00e3o de alimentos, incluindo cuidados com frango cru, frutas, verduras e legumes.\" \/>\n<meta property=\"og:url\" content=\"https:\/\/blog.saocamilo-sp.br\/index.php\/2025\/09\/25\/pode-lavar-o-frango-na-pia\/\" \/>\n<meta property=\"og:site_name\" content=\"Blog S\u00e3o Camilo\" \/>\n<meta property=\"article:publisher\" content=\"https:\/\/www.facebook.com\/saocamilosp\" \/>\n<meta property=\"article:published_time\" content=\"2025-09-25T12:32:19+00:00\" \/>\n<meta property=\"article:modified_time\" content=\"2025-09-25T12:32:20+00:00\" \/>\n<meta property=\"og:image\" content=\"https:\/\/blog.saocamilo-sp.br\/wp-content\/uploads\/2025\/09\/shutterstock_2217682535.jpg\" \/>\n\t<meta property=\"og:image:width\" content=\"800\" \/>\n\t<meta property=\"og:image:height\" content=\"533\" \/>\n\t<meta property=\"og:image:type\" content=\"image\/jpeg\" \/>\n<meta name=\"author\" content=\"Christopher Oliveira dos Reis\" \/>\n<meta name=\"twitter:card\" content=\"summary_large_image\" \/>\n<meta name=\"twitter:creator\" content=\"@saocamilosp\" \/>\n<meta name=\"twitter:site\" content=\"@saocamilosp\" \/>\n<meta name=\"twitter:label1\" content=\"Escrito por\" \/>\n\t<meta name=\"twitter:data1\" content=\"Christopher Oliveira dos Reis\" \/>\n\t<meta name=\"twitter:label2\" content=\"Est. tempo de leitura\" \/>\n\t<meta name=\"twitter:data2\" content=\"3 minutos\" \/>\n<script type=\"application\/ld+json\" class=\"yoast-schema-graph\">{\"@context\":\"https:\\\/\\\/schema.org\",\"@graph\":[{\"@type\":\"Article\",\"@id\":\"https:\\\/\\\/blog.saocamilo-sp.br\\\/index.php\\\/2025\\\/09\\\/25\\\/pode-lavar-o-frango-na-pia\\\/#article\",\"isPartOf\":{\"@id\":\"https:\\\/\\\/blog.saocamilo-sp.br\\\/index.php\\\/2025\\\/09\\\/25\\\/pode-lavar-o-frango-na-pia\\\/\"},\"author\":{\"name\":\"Christopher Oliveira dos Reis\",\"@id\":\"https:\\\/\\\/blog.saocamilo-sp.br\\\/#\\\/schema\\\/person\\\/7dce5f342af0848eb2f06778b2737904\"},\"headline\":\"Pode lavar o frango na pia?\",\"datePublished\":\"2025-09-25T12:32:19+00:00\",\"dateModified\":\"2025-09-25T12:32:20+00:00\",\"mainEntityOfPage\":{\"@id\":\"https:\\\/\\\/blog.saocamilo-sp.br\\\/index.php\\\/2025\\\/09\\\/25\\\/pode-lavar-o-frango-na-pia\\\/\"},\"wordCount\":522,\"commentCount\":0,\"publisher\":{\"@id\":\"https:\\\/\\\/blog.saocamilo-sp.br\\\/#organization\"},\"image\":{\"@id\":\"https:\\\/\\\/blog.saocamilo-sp.br\\\/index.php\\\/2025\\\/09\\\/25\\\/pode-lavar-o-frango-na-pia\\\/#primaryimage\"},\"thumbnailUrl\":\"https:\\\/\\\/blog.saocamilo-sp.br\\\/wp-content\\\/uploads\\\/2025\\\/09\\\/shutterstock_2217682535.jpg\",\"keywords\":[\"Nutri\u00e7\u00e3o\",\"S\u00e3o Camilo\"],\"articleSection\":[\"Cursos\",\"Nutri\u00e7\u00e3o\"],\"inLanguage\":\"pt-BR\",\"potentialAction\":[{\"@type\":\"CommentAction\",\"name\":\"Comment\",\"target\":[\"https:\\\/\\\/blog.saocamilo-sp.br\\\/index.php\\\/2025\\\/09\\\/25\\\/pode-lavar-o-frango-na-pia\\\/#respond\"]}]},{\"@type\":\"WebPage\",\"@id\":\"https:\\\/\\\/blog.saocamilo-sp.br\\\/index.php\\\/2025\\\/09\\\/25\\\/pode-lavar-o-frango-na-pia\\\/\",\"url\":\"https:\\\/\\\/blog.saocamilo-sp.br\\\/index.php\\\/2025\\\/09\\\/25\\\/pode-lavar-o-frango-na-pia\\\/\",\"name\":\"Pode lavar o frango na pia? - Blog S\u00e3o Camilo\",\"isPartOf\":{\"@id\":\"https:\\\/\\\/blog.saocamilo-sp.br\\\/#website\"},\"primaryImageOfPage\":{\"@id\":\"https:\\\/\\\/blog.saocamilo-sp.br\\\/index.php\\\/2025\\\/09\\\/25\\\/pode-lavar-o-frango-na-pia\\\/#primaryimage\"},\"image\":{\"@id\":\"https:\\\/\\\/blog.saocamilo-sp.br\\\/index.php\\\/2025\\\/09\\\/25\\\/pode-lavar-o-frango-na-pia\\\/#primaryimage\"},\"thumbnailUrl\":\"https:\\\/\\\/blog.saocamilo-sp.br\\\/wp-content\\\/uploads\\\/2025\\\/09\\\/shutterstock_2217682535.jpg\",\"datePublished\":\"2025-09-25T12:32:19+00:00\",\"dateModified\":\"2025-09-25T12:32:20+00:00\",\"description\":\"A professora Mariana Del Ben Mayer, do curso de Nutri\u00e7\u00e3o da S\u00e3o Camilo, ensina t\u00e9cnicas seguras de higieniza\u00e7\u00e3o de alimentos, incluindo cuidados com frango cru, frutas, verduras e legumes.\",\"breadcrumb\":{\"@id\":\"https:\\\/\\\/blog.saocamilo-sp.br\\\/index.php\\\/2025\\\/09\\\/25\\\/pode-lavar-o-frango-na-pia\\\/#breadcrumb\"},\"inLanguage\":\"pt-BR\",\"potentialAction\":[{\"@type\":\"ReadAction\",\"target\":[\"https:\\\/\\\/blog.saocamilo-sp.br\\\/index.php\\\/2025\\\/09\\\/25\\\/pode-lavar-o-frango-na-pia\\\/\"]}]},{\"@type\":\"ImageObject\",\"inLanguage\":\"pt-BR\",\"@id\":\"https:\\\/\\\/blog.saocamilo-sp.br\\\/index.php\\\/2025\\\/09\\\/25\\\/pode-lavar-o-frango-na-pia\\\/#primaryimage\",\"url\":\"https:\\\/\\\/blog.saocamilo-sp.br\\\/wp-content\\\/uploads\\\/2025\\\/09\\\/shutterstock_2217682535.jpg\",\"contentUrl\":\"https:\\\/\\\/blog.saocamilo-sp.br\\\/wp-content\\\/uploads\\\/2025\\\/09\\\/shutterstock_2217682535.jpg\",\"width\":800,\"height\":533},{\"@type\":\"BreadcrumbList\",\"@id\":\"https:\\\/\\\/blog.saocamilo-sp.br\\\/index.php\\\/2025\\\/09\\\/25\\\/pode-lavar-o-frango-na-pia\\\/#breadcrumb\",\"itemListElement\":[{\"@type\":\"ListItem\",\"position\":1,\"name\":\"In\u00edcio\",\"item\":\"https:\\\/\\\/blog.saocamilo-sp.br\\\/\"},{\"@type\":\"ListItem\",\"position\":2,\"name\":\"Pode lavar o frango na pia?\"}]},{\"@type\":\"WebSite\",\"@id\":\"https:\\\/\\\/blog.saocamilo-sp.br\\\/#website\",\"url\":\"https:\\\/\\\/blog.saocamilo-sp.br\\\/\",\"name\":\"Blog S\u00e3o Camilo\",\"description\":\"Blog do Centro Universit\u00e1rio S\u00e3o Camilo\",\"publisher\":{\"@id\":\"https:\\\/\\\/blog.saocamilo-sp.br\\\/#organization\"},\"potentialAction\":[{\"@type\":\"SearchAction\",\"target\":{\"@type\":\"EntryPoint\",\"urlTemplate\":\"https:\\\/\\\/blog.saocamilo-sp.br\\\/?s={search_term_string}\"},\"query-input\":{\"@type\":\"PropertyValueSpecification\",\"valueRequired\":true,\"valueName\":\"search_term_string\"}}],\"inLanguage\":\"pt-BR\"},{\"@type\":\"Organization\",\"@id\":\"https:\\\/\\\/blog.saocamilo-sp.br\\\/#organization\",\"name\":\"Blog S\u00e3o Camilo\",\"url\":\"https:\\\/\\\/blog.saocamilo-sp.br\\\/\",\"logo\":{\"@type\":\"ImageObject\",\"inLanguage\":\"pt-BR\",\"@id\":\"https:\\\/\\\/blog.saocamilo-sp.br\\\/#\\\/schema\\\/logo\\\/image\\\/\",\"url\":\"https:\\\/\\\/blog.saocamilo-sp.br\\\/wp-content\\\/uploads\\\/2021\\\/12\\\/cropped-vazio-logo-topo.png\",\"contentUrl\":\"https:\\\/\\\/blog.saocamilo-sp.br\\\/wp-content\\\/uploads\\\/2021\\\/12\\\/cropped-vazio-logo-topo.png\",\"width\":320,\"height\":240,\"caption\":\"Blog S\u00e3o Camilo\"},\"image\":{\"@id\":\"https:\\\/\\\/blog.saocamilo-sp.br\\\/#\\\/schema\\\/logo\\\/image\\\/\"},\"sameAs\":[\"https:\\\/\\\/www.facebook.com\\\/saocamilosp\",\"https:\\\/\\\/x.com\\\/saocamilosp\",\"https:\\\/\\\/www.linkedin.com\\\/school\\\/centro-universit-rio-s-o-camilo\\\/\"]},{\"@type\":\"Person\",\"@id\":\"https:\\\/\\\/blog.saocamilo-sp.br\\\/#\\\/schema\\\/person\\\/7dce5f342af0848eb2f06778b2737904\",\"name\":\"Christopher Oliveira dos Reis\",\"image\":{\"@type\":\"ImageObject\",\"inLanguage\":\"pt-BR\",\"@id\":\"https:\\\/\\\/secure.gravatar.com\\\/avatar\\\/b09a1361215d06f22999124838358b6855376e2b7287de883b723960b0c03f82?s=96&d=mm&r=g\",\"url\":\"https:\\\/\\\/secure.gravatar.com\\\/avatar\\\/b09a1361215d06f22999124838358b6855376e2b7287de883b723960b0c03f82?s=96&d=mm&r=g\",\"contentUrl\":\"https:\\\/\\\/secure.gravatar.com\\\/avatar\\\/b09a1361215d06f22999124838358b6855376e2b7287de883b723960b0c03f82?s=96&d=mm&r=g\",\"caption\":\"Christopher Oliveira dos Reis\"},\"url\":\"https:\\\/\\\/blog.saocamilo-sp.br\\\/index.php\\\/author\\\/christopher-reis\\\/\"}]}<\/script>\n<!-- \/ Yoast SEO plugin. -->","yoast_head_json":{"title":"Pode lavar o frango na pia? - Blog S\u00e3o Camilo","description":"A professora Mariana Del Ben Mayer, do curso de Nutri\u00e7\u00e3o da S\u00e3o Camilo, ensina t\u00e9cnicas seguras de higieniza\u00e7\u00e3o de alimentos, incluindo cuidados com frango cru, frutas, verduras e legumes.","robots":{"index":"index","follow":"follow","max-snippet":"max-snippet:-1","max-image-preview":"max-image-preview:large","max-video-preview":"max-video-preview:-1"},"canonical":"https:\/\/blog.saocamilo-sp.br\/index.php\/2025\/09\/25\/pode-lavar-o-frango-na-pia\/","og_locale":"pt_BR","og_type":"article","og_title":"Pode lavar o frango na pia? - Blog S\u00e3o Camilo","og_description":"A professora Mariana Del Ben Mayer, do curso de Nutri\u00e7\u00e3o da S\u00e3o Camilo, ensina t\u00e9cnicas seguras de higieniza\u00e7\u00e3o de alimentos, incluindo cuidados com frango cru, frutas, verduras e legumes.","og_url":"https:\/\/blog.saocamilo-sp.br\/index.php\/2025\/09\/25\/pode-lavar-o-frango-na-pia\/","og_site_name":"Blog S\u00e3o Camilo","article_publisher":"https:\/\/www.facebook.com\/saocamilosp","article_published_time":"2025-09-25T12:32:19+00:00","article_modified_time":"2025-09-25T12:32:20+00:00","og_image":[{"width":800,"height":533,"url":"https:\/\/blog.saocamilo-sp.br\/wp-content\/uploads\/2025\/09\/shutterstock_2217682535.jpg","type":"image\/jpeg"}],"author":"Christopher Oliveira dos Reis","twitter_card":"summary_large_image","twitter_creator":"@saocamilosp","twitter_site":"@saocamilosp","twitter_misc":{"Escrito por":"Christopher Oliveira dos Reis","Est. tempo de leitura":"3 minutos"},"schema":{"@context":"https:\/\/schema.org","@graph":[{"@type":"Article","@id":"https:\/\/blog.saocamilo-sp.br\/index.php\/2025\/09\/25\/pode-lavar-o-frango-na-pia\/#article","isPartOf":{"@id":"https:\/\/blog.saocamilo-sp.br\/index.php\/2025\/09\/25\/pode-lavar-o-frango-na-pia\/"},"author":{"name":"Christopher Oliveira dos Reis","@id":"https:\/\/blog.saocamilo-sp.br\/#\/schema\/person\/7dce5f342af0848eb2f06778b2737904"},"headline":"Pode lavar o frango na pia?","datePublished":"2025-09-25T12:32:19+00:00","dateModified":"2025-09-25T12:32:20+00:00","mainEntityOfPage":{"@id":"https:\/\/blog.saocamilo-sp.br\/index.php\/2025\/09\/25\/pode-lavar-o-frango-na-pia\/"},"wordCount":522,"commentCount":0,"publisher":{"@id":"https:\/\/blog.saocamilo-sp.br\/#organization"},"image":{"@id":"https:\/\/blog.saocamilo-sp.br\/index.php\/2025\/09\/25\/pode-lavar-o-frango-na-pia\/#primaryimage"},"thumbnailUrl":"https:\/\/blog.saocamilo-sp.br\/wp-content\/uploads\/2025\/09\/shutterstock_2217682535.jpg","keywords":["Nutri\u00e7\u00e3o","S\u00e3o Camilo"],"articleSection":["Cursos","Nutri\u00e7\u00e3o"],"inLanguage":"pt-BR","potentialAction":[{"@type":"CommentAction","name":"Comment","target":["https:\/\/blog.saocamilo-sp.br\/index.php\/2025\/09\/25\/pode-lavar-o-frango-na-pia\/#respond"]}]},{"@type":"WebPage","@id":"https:\/\/blog.saocamilo-sp.br\/index.php\/2025\/09\/25\/pode-lavar-o-frango-na-pia\/","url":"https:\/\/blog.saocamilo-sp.br\/index.php\/2025\/09\/25\/pode-lavar-o-frango-na-pia\/","name":"Pode lavar o frango na pia? - Blog S\u00e3o Camilo","isPartOf":{"@id":"https:\/\/blog.saocamilo-sp.br\/#website"},"primaryImageOfPage":{"@id":"https:\/\/blog.saocamilo-sp.br\/index.php\/2025\/09\/25\/pode-lavar-o-frango-na-pia\/#primaryimage"},"image":{"@id":"https:\/\/blog.saocamilo-sp.br\/index.php\/2025\/09\/25\/pode-lavar-o-frango-na-pia\/#primaryimage"},"thumbnailUrl":"https:\/\/blog.saocamilo-sp.br\/wp-content\/uploads\/2025\/09\/shutterstock_2217682535.jpg","datePublished":"2025-09-25T12:32:19+00:00","dateModified":"2025-09-25T12:32:20+00:00","description":"A professora Mariana Del Ben Mayer, do curso de Nutri\u00e7\u00e3o da S\u00e3o Camilo, ensina t\u00e9cnicas seguras de higieniza\u00e7\u00e3o de alimentos, incluindo cuidados com frango cru, frutas, verduras e legumes.","breadcrumb":{"@id":"https:\/\/blog.saocamilo-sp.br\/index.php\/2025\/09\/25\/pode-lavar-o-frango-na-pia\/#breadcrumb"},"inLanguage":"pt-BR","potentialAction":[{"@type":"ReadAction","target":["https:\/\/blog.saocamilo-sp.br\/index.php\/2025\/09\/25\/pode-lavar-o-frango-na-pia\/"]}]},{"@type":"ImageObject","inLanguage":"pt-BR","@id":"https:\/\/blog.saocamilo-sp.br\/index.php\/2025\/09\/25\/pode-lavar-o-frango-na-pia\/#primaryimage","url":"https:\/\/blog.saocamilo-sp.br\/wp-content\/uploads\/2025\/09\/shutterstock_2217682535.jpg","contentUrl":"https:\/\/blog.saocamilo-sp.br\/wp-content\/uploads\/2025\/09\/shutterstock_2217682535.jpg","width":800,"height":533},{"@type":"BreadcrumbList","@id":"https:\/\/blog.saocamilo-sp.br\/index.php\/2025\/09\/25\/pode-lavar-o-frango-na-pia\/#breadcrumb","itemListElement":[{"@type":"ListItem","position":1,"name":"In\u00edcio","item":"https:\/\/blog.saocamilo-sp.br\/"},{"@type":"ListItem","position":2,"name":"Pode lavar o frango na pia?"}]},{"@type":"WebSite","@id":"https:\/\/blog.saocamilo-sp.br\/#website","url":"https:\/\/blog.saocamilo-sp.br\/","name":"Blog S\u00e3o Camilo","description":"Blog do Centro Universit\u00e1rio S\u00e3o Camilo","publisher":{"@id":"https:\/\/blog.saocamilo-sp.br\/#organization"},"potentialAction":[{"@type":"SearchAction","target":{"@type":"EntryPoint","urlTemplate":"https:\/\/blog.saocamilo-sp.br\/?s={search_term_string}"},"query-input":{"@type":"PropertyValueSpecification","valueRequired":true,"valueName":"search_term_string"}}],"inLanguage":"pt-BR"},{"@type":"Organization","@id":"https:\/\/blog.saocamilo-sp.br\/#organization","name":"Blog S\u00e3o Camilo","url":"https:\/\/blog.saocamilo-sp.br\/","logo":{"@type":"ImageObject","inLanguage":"pt-BR","@id":"https:\/\/blog.saocamilo-sp.br\/#\/schema\/logo\/image\/","url":"https:\/\/blog.saocamilo-sp.br\/wp-content\/uploads\/2021\/12\/cropped-vazio-logo-topo.png","contentUrl":"https:\/\/blog.saocamilo-sp.br\/wp-content\/uploads\/2021\/12\/cropped-vazio-logo-topo.png","width":320,"height":240,"caption":"Blog S\u00e3o Camilo"},"image":{"@id":"https:\/\/blog.saocamilo-sp.br\/#\/schema\/logo\/image\/"},"sameAs":["https:\/\/www.facebook.com\/saocamilosp","https:\/\/x.com\/saocamilosp","https:\/\/www.linkedin.com\/school\/centro-universit-rio-s-o-camilo\/"]},{"@type":"Person","@id":"https:\/\/blog.saocamilo-sp.br\/#\/schema\/person\/7dce5f342af0848eb2f06778b2737904","name":"Christopher Oliveira dos Reis","image":{"@type":"ImageObject","inLanguage":"pt-BR","@id":"https:\/\/secure.gravatar.com\/avatar\/b09a1361215d06f22999124838358b6855376e2b7287de883b723960b0c03f82?s=96&d=mm&r=g","url":"https:\/\/secure.gravatar.com\/avatar\/b09a1361215d06f22999124838358b6855376e2b7287de883b723960b0c03f82?s=96&d=mm&r=g","contentUrl":"https:\/\/secure.gravatar.com\/avatar\/b09a1361215d06f22999124838358b6855376e2b7287de883b723960b0c03f82?s=96&d=mm&r=g","caption":"Christopher Oliveira dos Reis"},"url":"https:\/\/blog.saocamilo-sp.br\/index.php\/author\/christopher-reis\/"}]}},"_links":{"self":[{"href":"https:\/\/blog.saocamilo-sp.br\/index.php\/wp-json\/wp\/v2\/posts\/3896","targetHints":{"allow":["GET"]}}],"collection":[{"href":"https:\/\/blog.saocamilo-sp.br\/index.php\/wp-json\/wp\/v2\/posts"}],"about":[{"href":"https:\/\/blog.saocamilo-sp.br\/index.php\/wp-json\/wp\/v2\/types\/post"}],"author":[{"embeddable":true,"href":"https:\/\/blog.saocamilo-sp.br\/index.php\/wp-json\/wp\/v2\/users\/11"}],"replies":[{"embeddable":true,"href":"https:\/\/blog.saocamilo-sp.br\/index.php\/wp-json\/wp\/v2\/comments?post=3896"}],"version-history":[{"count":1,"href":"https:\/\/blog.saocamilo-sp.br\/index.php\/wp-json\/wp\/v2\/posts\/3896\/revisions"}],"predecessor-version":[{"id":3966,"href":"https:\/\/blog.saocamilo-sp.br\/index.php\/wp-json\/wp\/v2\/posts\/3896\/revisions\/3966"}],"wp:featuredmedia":[{"embeddable":true,"href":"https:\/\/blog.saocamilo-sp.br\/index.php\/wp-json\/wp\/v2\/media\/3965"}],"wp:attachment":[{"href":"https:\/\/blog.saocamilo-sp.br\/index.php\/wp-json\/wp\/v2\/media?parent=3896"}],"wp:term":[{"taxonomy":"category","embeddable":true,"href":"https:\/\/blog.saocamilo-sp.br\/index.php\/wp-json\/wp\/v2\/categories?post=3896"},{"taxonomy":"post_tag","embeddable":true,"href":"https:\/\/blog.saocamilo-sp.br\/index.php\/wp-json\/wp\/v2\/tags?post=3896"}],"curies":[{"name":"wp","href":"https:\/\/api.w.org\/{rel}","templated":true}]}}