{"id":3897,"date":"2025-07-17T17:44:07","date_gmt":"2025-07-17T20:44:07","guid":{"rendered":"https:\/\/blog.saocamilo-sp.br\/?p=3897"},"modified":"2025-07-18T11:57:05","modified_gmt":"2025-07-18T14:57:05","slug":"inverno-causa-outros-problemas-de-saude","status":"publish","type":"post","link":"https:\/\/blog.saocamilo-sp.br\/index.php\/2025\/07\/17\/inverno-causa-outros-problemas-de-saude\/","title":{"rendered":"Sa\u00fade no inverno exige aten\u00e7\u00e3o al\u00e9m da respira\u00e7\u00e3o"},"content":{"rendered":"\n<p>Durante o inverno, as baixas temperaturas n\u00e3o s\u00e3o os \u00fanicos desafios enfrentados pela popula\u00e7\u00e3o. A esta\u00e7\u00e3o, al\u00e9m de trazer desconforto t\u00e9rmico, favorece o surgimento e agravamento de diversos problemas de sa\u00fade, especialmente os respirat\u00f3rios.<\/p>\n\n\n\n<p>De acordo com o Dr. Nilton Gon\u00e7alves, pneumologista e professor do <a href=\"https:\/\/saocamilo-sp.br\/\">Centro Universit\u00e1rio S\u00e3o Camilo, <\/a>h\u00e1 um aumento significativo na transmiss\u00e3o de v\u00edrus como gripe, resfriado, influenza e Covid-19.<\/p>\n\n\n\n<p>Com isso, casos de rinofaringites, pneumonias e agravamentos de doen\u00e7as pulmonares cr\u00f4nicas, como asma e Doen\u00e7a Pulmonar Obstrutiva Cr\u00f4nica (DPOC), tornam-se mais frequentes. Al\u00e9m disso, o ar seco e a perman\u00eancia em ambientes fechados colaboram para esse cen\u00e1rio. \u201cAs condi\u00e7\u00f5es ambientais do inverno criam um ambiente prop\u00edcio para a dissemina\u00e7\u00e3o desses agentes infecciosos\u201d, explicou o especialista.<\/p>\n\n\n\n<h3 class=\"wp-block-heading\"><strong>Riscos cardiovasculares e impacto na sa\u00fade mental<\/strong><\/h3>\n\n\n\n<p>N\u00e3o s\u00e3o apenas os pulm\u00f5es que sofrem com a queda nas temperaturas<strong>. <\/strong>Por outro lado, os riscos cardiovasculares tamb\u00e9m aumentam, elevando a incid\u00eancia de infartos, tromboses, eleva\u00e7\u00e3o da press\u00e3o arterial e estresse no sistema circulat\u00f3rio.<\/p>\n\n\n\n<p>Isso acontece porque, no frio, os vasos sangu\u00edneos se contraem, exigindo mais esfor\u00e7o do cora\u00e7\u00e3o para manter a circula\u00e7\u00e3o adequada. Consequentemente, o sistema cardiovascular sofre maior press\u00e3o.<\/p>\n\n\n\n<p>Al\u00e9m dos efeitos f\u00edsicos, o inverno pode desencadear altera\u00e7\u00f5es emocionais importantes. Transtornos como depress\u00e3o e o Transtorno Afetivo Sazonal (TAS) tendem a surgir ou se intensificar. Enquanto isso, o isolamento social e a menor exposi\u00e7\u00e3o solar \u2014 com consequente redu\u00e7\u00e3o nos n\u00edveis de vitamina D \u2014 s\u00e3o fatores que agravam esse quadro.<\/p>\n\n\n\n<h3 class=\"wp-block-heading\"><strong>Doen\u00e7as de pele tamb\u00e9m se agravam durante o frio<\/strong><\/h3>\n\n\n\n<p>O ar mais seco e o uso frequente de banhos quentes fazem com que a pele perca parte de sua hidrata\u00e7\u00e3o natural. Como resultado, h\u00e1 aumento nos casos de dermatite, eczema e ressecamento cut\u00e2neo.<\/p>\n\n\n\n<p>Por isso, especialistas recomendam o uso de hidratantes adequados e a redu\u00e7\u00e3o do tempo de banho com \u00e1gua muito quente. Essas medidas simples ajudam a preservar a sa\u00fade da pele, especialmente em pessoas com hist\u00f3rico de sensibilidade dermatol\u00f3gica.<\/p>\n\n\n\n<h3 class=\"wp-block-heading\"><strong>Grupos mais vulner\u00e1veis exigem aten\u00e7\u00e3o redobrada<\/strong><\/h3>\n\n\n\n<p>Algumas pessoas est\u00e3o mais expostas aos riscos do inverno. Entre elas, destacam-se idosos, crian\u00e7as, portadores de doen\u00e7as cr\u00f4nicas, pessoas imunossuprimidas, desnutridas ou em uso de medicamentos cont\u00ednuos.<\/p>\n\n\n\n<p>Em grande parte dos casos, a imunidade mais baixa favorece o surgimento de complica\u00e7\u00f5es. Portanto, esses grupos exigem cuidados extras e acompanhamento m\u00e9dico constante.<\/p>\n\n\n\n<h3 class=\"wp-block-heading\"><strong>Medidas preventivas s\u00e3o essenciais para manter a sa\u00fade no inverno<\/strong><\/h3>\n\n\n\n<p>De acordo com especialistas, medidas simples podem reduzir os impactos do inverno sobre a sa\u00fade. Por exemplo, manter ambientes bem ventilados, evitar aglomera\u00e7\u00f5es e usar m\u00e1scaras em locais fechados s\u00e3o atitudes eficazes.<\/p>\n\n\n\n<p>Al\u00e9m disso, a vacina\u00e7\u00e3o \u00e9 considerada um dos pilares da preven\u00e7\u00e3o. \u201cVacinas contra a influenza, refor\u00e7o contra a Covid-19, v\u00edrus sincicial respirat\u00f3rio e a pneumoc\u00f3cica (para grupos espec\u00edficos) fazem diferen\u00e7a na prote\u00e7\u00e3o individual e coletiva\u201d, refor\u00e7a o Dr. Nilton Gon\u00e7alves.<\/p>\n\n\n\n<p>Para complementar essas a\u00e7\u00f5es, a ado\u00e7\u00e3o de h\u00e1bitos saud\u00e1veis \u00e9 essencial: manter boa hidrata\u00e7\u00e3o, alimenta\u00e7\u00e3o balanceada, pr\u00e1tica regular de exerc\u00edcios f\u00edsicos e acompanhamento m\u00e9dico fortalecem o organismo e reduzem os riscos.<\/p>\n\n\n\n<p><\/p>\n","protected":false},"excerpt":{"rendered":"<p>Dr. Nilton Gon\u00e7alves, pneumologista e professor da S\u00e3o Camilo, explica os impactos do inverno no corpo e na mente e d\u00e1 dicas para manter a qualidade de vida nessa esta\u00e7\u00e3o.<\/p>\n","protected":false},"author":11,"featured_media":3915,"comment_status":"open","ping_status":"open","sticky":false,"template":"","format":"standard","meta":{"cybocfi_hide_featured_image":"","footnotes":""},"categories":[79],"tags":[17],"class_list":["post-3897","post","type-post","status-publish","format-standard","has-post-thumbnail","hentry","category-saude","tag-saude"],"yoast_head":"<!-- This site is optimized with the Yoast SEO plugin v27.4 - https:\/\/yoast.com\/product\/yoast-seo-wordpress\/ -->\n<title>Sa\u00fade no inverno exige aten\u00e7\u00e3o al\u00e9m da respira\u00e7\u00e3o - Blog S\u00e3o Camilo<\/title>\n<meta name=\"description\" content=\"Dr. Nilton Gon\u00e7alves, pneumologista e professor da S\u00e3o Camilo, explica os impactos do inverno e d\u00e1 dicas para manter a qualidade de vida.\" \/>\n<meta name=\"robots\" content=\"index, follow, max-snippet:-1, max-image-preview:large, max-video-preview:-1\" \/>\n<link rel=\"canonical\" href=\"https:\/\/blog.saocamilo-sp.br\/index.php\/2025\/07\/17\/inverno-causa-outros-problemas-de-saude\/\" \/>\n<meta property=\"og:locale\" content=\"pt_BR\" \/>\n<meta property=\"og:type\" content=\"article\" \/>\n<meta property=\"og:title\" content=\"Sa\u00fade no inverno exige aten\u00e7\u00e3o al\u00e9m da respira\u00e7\u00e3o - Blog S\u00e3o Camilo\" \/>\n<meta property=\"og:description\" content=\"Dr. Nilton Gon\u00e7alves, pneumologista e professor da S\u00e3o Camilo, explica os impactos do inverno e d\u00e1 dicas para manter a qualidade de vida.\" \/>\n<meta property=\"og:url\" content=\"https:\/\/blog.saocamilo-sp.br\/index.php\/2025\/07\/17\/inverno-causa-outros-problemas-de-saude\/\" \/>\n<meta property=\"og:site_name\" content=\"Blog S\u00e3o Camilo\" \/>\n<meta property=\"article:publisher\" content=\"https:\/\/www.facebook.com\/saocamilosp\" \/>\n<meta property=\"article:published_time\" content=\"2025-07-17T20:44:07+00:00\" \/>\n<meta property=\"article:modified_time\" content=\"2025-07-18T14:57:05+00:00\" \/>\n<meta property=\"og:image\" content=\"https:\/\/blog.saocamilo-sp.br\/wp-content\/uploads\/2025\/07\/Saude-no-inverno.png\" \/>\n\t<meta property=\"og:image:width\" content=\"600\" \/>\n\t<meta property=\"og:image:height\" content=\"406\" \/>\n\t<meta property=\"og:image:type\" content=\"image\/png\" \/>\n<meta name=\"author\" content=\"Christopher Oliveira dos Reis\" \/>\n<meta name=\"twitter:card\" content=\"summary_large_image\" \/>\n<meta name=\"twitter:creator\" content=\"@saocamilosp\" \/>\n<meta name=\"twitter:site\" content=\"@saocamilosp\" \/>\n<meta name=\"twitter:label1\" content=\"Escrito por\" \/>\n\t<meta name=\"twitter:data1\" content=\"Christopher Oliveira dos Reis\" \/>\n\t<meta name=\"twitter:label2\" content=\"Est. tempo de leitura\" \/>\n\t<meta name=\"twitter:data2\" content=\"3 minutos\" \/>\n<script type=\"application\/ld+json\" class=\"yoast-schema-graph\">{\"@context\":\"https:\\\/\\\/schema.org\",\"@graph\":[{\"@type\":\"Article\",\"@id\":\"https:\\\/\\\/blog.saocamilo-sp.br\\\/index.php\\\/2025\\\/07\\\/17\\\/inverno-causa-outros-problemas-de-saude\\\/#article\",\"isPartOf\":{\"@id\":\"https:\\\/\\\/blog.saocamilo-sp.br\\\/index.php\\\/2025\\\/07\\\/17\\\/inverno-causa-outros-problemas-de-saude\\\/\"},\"author\":{\"name\":\"Christopher Oliveira dos Reis\",\"@id\":\"https:\\\/\\\/blog.saocamilo-sp.br\\\/#\\\/schema\\\/person\\\/7dce5f342af0848eb2f06778b2737904\"},\"headline\":\"Sa\u00fade no inverno exige aten\u00e7\u00e3o al\u00e9m da respira\u00e7\u00e3o\",\"datePublished\":\"2025-07-17T20:44:07+00:00\",\"dateModified\":\"2025-07-18T14:57:05+00:00\",\"mainEntityOfPage\":{\"@id\":\"https:\\\/\\\/blog.saocamilo-sp.br\\\/index.php\\\/2025\\\/07\\\/17\\\/inverno-causa-outros-problemas-de-saude\\\/\"},\"wordCount\":589,\"commentCount\":0,\"publisher\":{\"@id\":\"https:\\\/\\\/blog.saocamilo-sp.br\\\/#organization\"},\"image\":{\"@id\":\"https:\\\/\\\/blog.saocamilo-sp.br\\\/index.php\\\/2025\\\/07\\\/17\\\/inverno-causa-outros-problemas-de-saude\\\/#primaryimage\"},\"thumbnailUrl\":\"https:\\\/\\\/blog.saocamilo-sp.br\\\/wp-content\\\/uploads\\\/2025\\\/07\\\/Saude-no-inverno.png\",\"keywords\":[\"Sa\u00fade\"],\"articleSection\":[\"Sa\u00fade\"],\"inLanguage\":\"pt-BR\",\"potentialAction\":[{\"@type\":\"CommentAction\",\"name\":\"Comment\",\"target\":[\"https:\\\/\\\/blog.saocamilo-sp.br\\\/index.php\\\/2025\\\/07\\\/17\\\/inverno-causa-outros-problemas-de-saude\\\/#respond\"]}]},{\"@type\":\"WebPage\",\"@id\":\"https:\\\/\\\/blog.saocamilo-sp.br\\\/index.php\\\/2025\\\/07\\\/17\\\/inverno-causa-outros-problemas-de-saude\\\/\",\"url\":\"https:\\\/\\\/blog.saocamilo-sp.br\\\/index.php\\\/2025\\\/07\\\/17\\\/inverno-causa-outros-problemas-de-saude\\\/\",\"name\":\"Sa\u00fade no inverno exige aten\u00e7\u00e3o al\u00e9m da respira\u00e7\u00e3o - Blog S\u00e3o Camilo\",\"isPartOf\":{\"@id\":\"https:\\\/\\\/blog.saocamilo-sp.br\\\/#website\"},\"primaryImageOfPage\":{\"@id\":\"https:\\\/\\\/blog.saocamilo-sp.br\\\/index.php\\\/2025\\\/07\\\/17\\\/inverno-causa-outros-problemas-de-saude\\\/#primaryimage\"},\"image\":{\"@id\":\"https:\\\/\\\/blog.saocamilo-sp.br\\\/index.php\\\/2025\\\/07\\\/17\\\/inverno-causa-outros-problemas-de-saude\\\/#primaryimage\"},\"thumbnailUrl\":\"https:\\\/\\\/blog.saocamilo-sp.br\\\/wp-content\\\/uploads\\\/2025\\\/07\\\/Saude-no-inverno.png\",\"datePublished\":\"2025-07-17T20:44:07+00:00\",\"dateModified\":\"2025-07-18T14:57:05+00:00\",\"description\":\"Dr. Nilton Gon\u00e7alves, pneumologista e professor da S\u00e3o Camilo, explica os impactos do inverno e d\u00e1 dicas para manter a qualidade de vida.\",\"breadcrumb\":{\"@id\":\"https:\\\/\\\/blog.saocamilo-sp.br\\\/index.php\\\/2025\\\/07\\\/17\\\/inverno-causa-outros-problemas-de-saude\\\/#breadcrumb\"},\"inLanguage\":\"pt-BR\",\"potentialAction\":[{\"@type\":\"ReadAction\",\"target\":[\"https:\\\/\\\/blog.saocamilo-sp.br\\\/index.php\\\/2025\\\/07\\\/17\\\/inverno-causa-outros-problemas-de-saude\\\/\"]}]},{\"@type\":\"ImageObject\",\"inLanguage\":\"pt-BR\",\"@id\":\"https:\\\/\\\/blog.saocamilo-sp.br\\\/index.php\\\/2025\\\/07\\\/17\\\/inverno-causa-outros-problemas-de-saude\\\/#primaryimage\",\"url\":\"https:\\\/\\\/blog.saocamilo-sp.br\\\/wp-content\\\/uploads\\\/2025\\\/07\\\/Saude-no-inverno.png\",\"contentUrl\":\"https:\\\/\\\/blog.saocamilo-sp.br\\\/wp-content\\\/uploads\\\/2025\\\/07\\\/Saude-no-inverno.png\",\"width\":600,\"height\":406,\"caption\":\"Sa\u00fade no inverno\"},{\"@type\":\"BreadcrumbList\",\"@id\":\"https:\\\/\\\/blog.saocamilo-sp.br\\\/index.php\\\/2025\\\/07\\\/17\\\/inverno-causa-outros-problemas-de-saude\\\/#breadcrumb\",\"itemListElement\":[{\"@type\":\"ListItem\",\"position\":1,\"name\":\"In\u00edcio\",\"item\":\"https:\\\/\\\/blog.saocamilo-sp.br\\\/\"},{\"@type\":\"ListItem\",\"position\":2,\"name\":\"Sa\u00fade no inverno exige aten\u00e7\u00e3o al\u00e9m da respira\u00e7\u00e3o\"}]},{\"@type\":\"WebSite\",\"@id\":\"https:\\\/\\\/blog.saocamilo-sp.br\\\/#website\",\"url\":\"https:\\\/\\\/blog.saocamilo-sp.br\\\/\",\"name\":\"Blog S\u00e3o Camilo\",\"description\":\"Blog do Centro Universit\u00e1rio S\u00e3o Camilo\",\"publisher\":{\"@id\":\"https:\\\/\\\/blog.saocamilo-sp.br\\\/#organization\"},\"potentialAction\":[{\"@type\":\"SearchAction\",\"target\":{\"@type\":\"EntryPoint\",\"urlTemplate\":\"https:\\\/\\\/blog.saocamilo-sp.br\\\/?s={search_term_string}\"},\"query-input\":{\"@type\":\"PropertyValueSpecification\",\"valueRequired\":true,\"valueName\":\"search_term_string\"}}],\"inLanguage\":\"pt-BR\"},{\"@type\":\"Organization\",\"@id\":\"https:\\\/\\\/blog.saocamilo-sp.br\\\/#organization\",\"name\":\"Blog S\u00e3o Camilo\",\"url\":\"https:\\\/\\\/blog.saocamilo-sp.br\\\/\",\"logo\":{\"@type\":\"ImageObject\",\"inLanguage\":\"pt-BR\",\"@id\":\"https:\\\/\\\/blog.saocamilo-sp.br\\\/#\\\/schema\\\/logo\\\/image\\\/\",\"url\":\"https:\\\/\\\/blog.saocamilo-sp.br\\\/wp-content\\\/uploads\\\/2021\\\/12\\\/cropped-vazio-logo-topo.png\",\"contentUrl\":\"https:\\\/\\\/blog.saocamilo-sp.br\\\/wp-content\\\/uploads\\\/2021\\\/12\\\/cropped-vazio-logo-topo.png\",\"width\":320,\"height\":240,\"caption\":\"Blog S\u00e3o Camilo\"},\"image\":{\"@id\":\"https:\\\/\\\/blog.saocamilo-sp.br\\\/#\\\/schema\\\/logo\\\/image\\\/\"},\"sameAs\":[\"https:\\\/\\\/www.facebook.com\\\/saocamilosp\",\"https:\\\/\\\/x.com\\\/saocamilosp\",\"https:\\\/\\\/www.linkedin.com\\\/school\\\/centro-universit-rio-s-o-camilo\\\/\"]},{\"@type\":\"Person\",\"@id\":\"https:\\\/\\\/blog.saocamilo-sp.br\\\/#\\\/schema\\\/person\\\/7dce5f342af0848eb2f06778b2737904\",\"name\":\"Christopher Oliveira dos Reis\",\"image\":{\"@type\":\"ImageObject\",\"inLanguage\":\"pt-BR\",\"@id\":\"https:\\\/\\\/secure.gravatar.com\\\/avatar\\\/b09a1361215d06f22999124838358b6855376e2b7287de883b723960b0c03f82?s=96&d=mm&r=g\",\"url\":\"https:\\\/\\\/secure.gravatar.com\\\/avatar\\\/b09a1361215d06f22999124838358b6855376e2b7287de883b723960b0c03f82?s=96&d=mm&r=g\",\"contentUrl\":\"https:\\\/\\\/secure.gravatar.com\\\/avatar\\\/b09a1361215d06f22999124838358b6855376e2b7287de883b723960b0c03f82?s=96&d=mm&r=g\",\"caption\":\"Christopher Oliveira dos Reis\"},\"url\":\"https:\\\/\\\/blog.saocamilo-sp.br\\\/index.php\\\/author\\\/christopher-reis\\\/\"}]}<\/script>\n<!-- \/ Yoast SEO plugin. -->","yoast_head_json":{"title":"Sa\u00fade no inverno exige aten\u00e7\u00e3o al\u00e9m da respira\u00e7\u00e3o - Blog S\u00e3o Camilo","description":"Dr. Nilton Gon\u00e7alves, pneumologista e professor da S\u00e3o Camilo, explica os impactos do inverno e d\u00e1 dicas para manter a qualidade de vida.","robots":{"index":"index","follow":"follow","max-snippet":"max-snippet:-1","max-image-preview":"max-image-preview:large","max-video-preview":"max-video-preview:-1"},"canonical":"https:\/\/blog.saocamilo-sp.br\/index.php\/2025\/07\/17\/inverno-causa-outros-problemas-de-saude\/","og_locale":"pt_BR","og_type":"article","og_title":"Sa\u00fade no inverno exige aten\u00e7\u00e3o al\u00e9m da respira\u00e7\u00e3o - Blog S\u00e3o Camilo","og_description":"Dr. Nilton Gon\u00e7alves, pneumologista e professor da S\u00e3o Camilo, explica os impactos do inverno e d\u00e1 dicas para manter a qualidade de vida.","og_url":"https:\/\/blog.saocamilo-sp.br\/index.php\/2025\/07\/17\/inverno-causa-outros-problemas-de-saude\/","og_site_name":"Blog S\u00e3o Camilo","article_publisher":"https:\/\/www.facebook.com\/saocamilosp","article_published_time":"2025-07-17T20:44:07+00:00","article_modified_time":"2025-07-18T14:57:05+00:00","og_image":[{"width":600,"height":406,"url":"https:\/\/blog.saocamilo-sp.br\/wp-content\/uploads\/2025\/07\/Saude-no-inverno.png","type":"image\/png"}],"author":"Christopher Oliveira dos Reis","twitter_card":"summary_large_image","twitter_creator":"@saocamilosp","twitter_site":"@saocamilosp","twitter_misc":{"Escrito por":"Christopher Oliveira dos Reis","Est. tempo de leitura":"3 minutos"},"schema":{"@context":"https:\/\/schema.org","@graph":[{"@type":"Article","@id":"https:\/\/blog.saocamilo-sp.br\/index.php\/2025\/07\/17\/inverno-causa-outros-problemas-de-saude\/#article","isPartOf":{"@id":"https:\/\/blog.saocamilo-sp.br\/index.php\/2025\/07\/17\/inverno-causa-outros-problemas-de-saude\/"},"author":{"name":"Christopher Oliveira dos Reis","@id":"https:\/\/blog.saocamilo-sp.br\/#\/schema\/person\/7dce5f342af0848eb2f06778b2737904"},"headline":"Sa\u00fade no inverno exige aten\u00e7\u00e3o al\u00e9m da respira\u00e7\u00e3o","datePublished":"2025-07-17T20:44:07+00:00","dateModified":"2025-07-18T14:57:05+00:00","mainEntityOfPage":{"@id":"https:\/\/blog.saocamilo-sp.br\/index.php\/2025\/07\/17\/inverno-causa-outros-problemas-de-saude\/"},"wordCount":589,"commentCount":0,"publisher":{"@id":"https:\/\/blog.saocamilo-sp.br\/#organization"},"image":{"@id":"https:\/\/blog.saocamilo-sp.br\/index.php\/2025\/07\/17\/inverno-causa-outros-problemas-de-saude\/#primaryimage"},"thumbnailUrl":"https:\/\/blog.saocamilo-sp.br\/wp-content\/uploads\/2025\/07\/Saude-no-inverno.png","keywords":["Sa\u00fade"],"articleSection":["Sa\u00fade"],"inLanguage":"pt-BR","potentialAction":[{"@type":"CommentAction","name":"Comment","target":["https:\/\/blog.saocamilo-sp.br\/index.php\/2025\/07\/17\/inverno-causa-outros-problemas-de-saude\/#respond"]}]},{"@type":"WebPage","@id":"https:\/\/blog.saocamilo-sp.br\/index.php\/2025\/07\/17\/inverno-causa-outros-problemas-de-saude\/","url":"https:\/\/blog.saocamilo-sp.br\/index.php\/2025\/07\/17\/inverno-causa-outros-problemas-de-saude\/","name":"Sa\u00fade no inverno exige aten\u00e7\u00e3o al\u00e9m da respira\u00e7\u00e3o - Blog S\u00e3o Camilo","isPartOf":{"@id":"https:\/\/blog.saocamilo-sp.br\/#website"},"primaryImageOfPage":{"@id":"https:\/\/blog.saocamilo-sp.br\/index.php\/2025\/07\/17\/inverno-causa-outros-problemas-de-saude\/#primaryimage"},"image":{"@id":"https:\/\/blog.saocamilo-sp.br\/index.php\/2025\/07\/17\/inverno-causa-outros-problemas-de-saude\/#primaryimage"},"thumbnailUrl":"https:\/\/blog.saocamilo-sp.br\/wp-content\/uploads\/2025\/07\/Saude-no-inverno.png","datePublished":"2025-07-17T20:44:07+00:00","dateModified":"2025-07-18T14:57:05+00:00","description":"Dr. Nilton Gon\u00e7alves, pneumologista e professor da S\u00e3o Camilo, explica os impactos do inverno e d\u00e1 dicas para manter a qualidade de vida.","breadcrumb":{"@id":"https:\/\/blog.saocamilo-sp.br\/index.php\/2025\/07\/17\/inverno-causa-outros-problemas-de-saude\/#breadcrumb"},"inLanguage":"pt-BR","potentialAction":[{"@type":"ReadAction","target":["https:\/\/blog.saocamilo-sp.br\/index.php\/2025\/07\/17\/inverno-causa-outros-problemas-de-saude\/"]}]},{"@type":"ImageObject","inLanguage":"pt-BR","@id":"https:\/\/blog.saocamilo-sp.br\/index.php\/2025\/07\/17\/inverno-causa-outros-problemas-de-saude\/#primaryimage","url":"https:\/\/blog.saocamilo-sp.br\/wp-content\/uploads\/2025\/07\/Saude-no-inverno.png","contentUrl":"https:\/\/blog.saocamilo-sp.br\/wp-content\/uploads\/2025\/07\/Saude-no-inverno.png","width":600,"height":406,"caption":"Sa\u00fade no inverno"},{"@type":"BreadcrumbList","@id":"https:\/\/blog.saocamilo-sp.br\/index.php\/2025\/07\/17\/inverno-causa-outros-problemas-de-saude\/#breadcrumb","itemListElement":[{"@type":"ListItem","position":1,"name":"In\u00edcio","item":"https:\/\/blog.saocamilo-sp.br\/"},{"@type":"ListItem","position":2,"name":"Sa\u00fade no inverno exige aten\u00e7\u00e3o al\u00e9m da respira\u00e7\u00e3o"}]},{"@type":"WebSite","@id":"https:\/\/blog.saocamilo-sp.br\/#website","url":"https:\/\/blog.saocamilo-sp.br\/","name":"Blog S\u00e3o Camilo","description":"Blog do Centro Universit\u00e1rio S\u00e3o Camilo","publisher":{"@id":"https:\/\/blog.saocamilo-sp.br\/#organization"},"potentialAction":[{"@type":"SearchAction","target":{"@type":"EntryPoint","urlTemplate":"https:\/\/blog.saocamilo-sp.br\/?s={search_term_string}"},"query-input":{"@type":"PropertyValueSpecification","valueRequired":true,"valueName":"search_term_string"}}],"inLanguage":"pt-BR"},{"@type":"Organization","@id":"https:\/\/blog.saocamilo-sp.br\/#organization","name":"Blog S\u00e3o Camilo","url":"https:\/\/blog.saocamilo-sp.br\/","logo":{"@type":"ImageObject","inLanguage":"pt-BR","@id":"https:\/\/blog.saocamilo-sp.br\/#\/schema\/logo\/image\/","url":"https:\/\/blog.saocamilo-sp.br\/wp-content\/uploads\/2021\/12\/cropped-vazio-logo-topo.png","contentUrl":"https:\/\/blog.saocamilo-sp.br\/wp-content\/uploads\/2021\/12\/cropped-vazio-logo-topo.png","width":320,"height":240,"caption":"Blog S\u00e3o Camilo"},"image":{"@id":"https:\/\/blog.saocamilo-sp.br\/#\/schema\/logo\/image\/"},"sameAs":["https:\/\/www.facebook.com\/saocamilosp","https:\/\/x.com\/saocamilosp","https:\/\/www.linkedin.com\/school\/centro-universit-rio-s-o-camilo\/"]},{"@type":"Person","@id":"https:\/\/blog.saocamilo-sp.br\/#\/schema\/person\/7dce5f342af0848eb2f06778b2737904","name":"Christopher Oliveira dos Reis","image":{"@type":"ImageObject","inLanguage":"pt-BR","@id":"https:\/\/secure.gravatar.com\/avatar\/b09a1361215d06f22999124838358b6855376e2b7287de883b723960b0c03f82?s=96&d=mm&r=g","url":"https:\/\/secure.gravatar.com\/avatar\/b09a1361215d06f22999124838358b6855376e2b7287de883b723960b0c03f82?s=96&d=mm&r=g","contentUrl":"https:\/\/secure.gravatar.com\/avatar\/b09a1361215d06f22999124838358b6855376e2b7287de883b723960b0c03f82?s=96&d=mm&r=g","caption":"Christopher Oliveira dos Reis"},"url":"https:\/\/blog.saocamilo-sp.br\/index.php\/author\/christopher-reis\/"}]}},"_links":{"self":[{"href":"https:\/\/blog.saocamilo-sp.br\/index.php\/wp-json\/wp\/v2\/posts\/3897","targetHints":{"allow":["GET"]}}],"collection":[{"href":"https:\/\/blog.saocamilo-sp.br\/index.php\/wp-json\/wp\/v2\/posts"}],"about":[{"href":"https:\/\/blog.saocamilo-sp.br\/index.php\/wp-json\/wp\/v2\/types\/post"}],"author":[{"embeddable":true,"href":"https:\/\/blog.saocamilo-sp.br\/index.php\/wp-json\/wp\/v2\/users\/11"}],"replies":[{"embeddable":true,"href":"https:\/\/blog.saocamilo-sp.br\/index.php\/wp-json\/wp\/v2\/comments?post=3897"}],"version-history":[{"count":3,"href":"https:\/\/blog.saocamilo-sp.br\/index.php\/wp-json\/wp\/v2\/posts\/3897\/revisions"}],"predecessor-version":[{"id":3904,"href":"https:\/\/blog.saocamilo-sp.br\/index.php\/wp-json\/wp\/v2\/posts\/3897\/revisions\/3904"}],"wp:featuredmedia":[{"embeddable":true,"href":"https:\/\/blog.saocamilo-sp.br\/index.php\/wp-json\/wp\/v2\/media\/3915"}],"wp:attachment":[{"href":"https:\/\/blog.saocamilo-sp.br\/index.php\/wp-json\/wp\/v2\/media?parent=3897"}],"wp:term":[{"taxonomy":"category","embeddable":true,"href":"https:\/\/blog.saocamilo-sp.br\/index.php\/wp-json\/wp\/v2\/categories?post=3897"},{"taxonomy":"post_tag","embeddable":true,"href":"https:\/\/blog.saocamilo-sp.br\/index.php\/wp-json\/wp\/v2\/tags?post=3897"}],"curies":[{"name":"wp","href":"https:\/\/api.w.org\/{rel}","templated":true}]}}