{"id":3917,"date":"2025-08-01T09:00:00","date_gmt":"2025-08-01T12:00:00","guid":{"rendered":"https:\/\/blog.saocamilo-sp.br\/?p=3917"},"modified":"2025-07-23T15:32:06","modified_gmt":"2025-07-23T18:32:06","slug":"agosto-dourado-a-importancia-do-aleitamento-materno-para-mae-e-bebe","status":"publish","type":"post","link":"https:\/\/blog.saocamilo-sp.br\/index.php\/2025\/08\/01\/agosto-dourado-a-importancia-do-aleitamento-materno-para-mae-e-bebe\/","title":{"rendered":"Agosto Dourado: a import\u00e2ncia do aleitamento materno para m\u00e3e e beb\u00ea"},"content":{"rendered":"\n<p>O aleitamento materno reduz riscos de doen\u00e7as, fortalece v\u00ednculos e contribui para o desenvolvimento do beb\u00ea. Saiba mais sobre seus benef\u00edcios!<\/p>\n\n\n\n<h3 class=\"wp-block-heading\">Aleitamento materno: a base para o beb\u00ea crescer com amor e sa\u00fade<\/h3>\n\n\n\n<p>Voc\u00ea sabia que o aleitamento materno exclusivo at\u00e9 os 6 meses de vida e continuado at\u00e9 pelo menos os 2 anos, associado a outros alimentos, pode salvar vidas? De fato, essa pr\u00e1tica simples, recomendada pelo Minist\u00e9rio da Sa\u00fade e pela Organiza\u00e7\u00e3o Mundial da Sa\u00fade (OMS), \u00e9 uma das formas mais eficazes de promover sa\u00fade e bem-estar tanto para o beb\u00ea quanto para a m\u00e3e.<\/p>\n\n\n\n<p>No Dia da Amamenta\u00e7\u00e3o (1\u00ba de agosto), celebramos o carinho que nutre \u2014 literalmente. Al\u00e9m disso,  essa data marca tamb\u00e9m o in\u00edcio do Agosto Dourado, campanha nacional de incentivo ao aleitamento materno.<\/p>\n\n\n\n<h3 class=\"wp-block-heading\">Benef\u00edcios do aleitamento materno<\/h3>\n\n\n\n<h3 class=\"wp-block-heading\">Para a m\u00e3e:<\/h3>\n\n\n\n<ul class=\"wp-block-list\">\n<li>Reduz os riscos de hemorragia no p\u00f3s-parto;<\/li>\n\n\n\n<li>Diminui as chances futuras de c\u00e2ncer de mama, ov\u00e1rios e colo do \u00fatero;<\/li>\n\n\n\n<li>Protege, ainda, contra o desenvolvimento de diabetes tipo 2.<\/li>\n<\/ul>\n\n\n\n<h3 class=\"wp-block-heading\">Para o beb\u00ea:<\/h3>\n\n\n\n<ul class=\"wp-block-list\">\n<li>Reduz riscos de doen\u00e7as contagiosas e al\u00e9rgicas;<\/li>\n\n\n\n<li>Diminui a incid\u00eancia de hipertens\u00e3o, colesterol alto e diabetes;<\/li>\n\n\n\n<li>Melhora a digest\u00e3o e, consequentemente, reduz c\u00f3licas;<\/li>\n\n\n\n<li>Evita infec\u00e7\u00f5es respirat\u00f3rias;<\/li>\n\n\n\n<li>Contribui para o desenvolvimento cognitivo.<\/li>\n<\/ul>\n\n\n\n<p>Al\u00e9m disso, o aleitamento materno fortalece os v\u00ednculos afetivos, promove seguran\u00e7a emocional e por fim,favorece o crescimento saud\u00e1vel do beb\u00ea.<\/p>\n\n\n\n<h3 class=\"wp-block-heading\">Amamentar \u00e9 um ato de amor \u2014 mas tamb\u00e9m pode ser um desafio<\/h3>\n\n\n\n<p>Nem sempre o processo de amamentar \u00e9 simples. Algumas m\u00e3es enfrentam dificuldades logo no in\u00edcio e, em certos casos, pode n\u00e3o ser poss\u00edvel manter a amamenta\u00e7\u00e3o.<\/p>\n\n\n\n<p>Por isso, \u00e9 fundamental buscar apoio de profissionais de sa\u00fade especializados, que podem orientar e ajudar nos momentos de dificuldade. E o mais importante: n\u00e3o se culpe. O amor materno tamb\u00e9m est\u00e1 no cuidado, na presen\u00e7a e no acolhimento.<\/p>\n\n\n\n<h3 class=\"wp-block-heading\">Doe leite materno: um gesto que salva vidas<\/h3>\n\n\n\n<p>Voc\u00ea sabia que \u00e9 poss\u00edvel doar leite humano? Bancos de leite s\u00e3o essenciais para beb\u00eas prematuros ou com necessidades especiais. Informe-se na Unidade de Sa\u00fade mais pr\u00f3xima sobre como doar ou receber apoio.<\/p>\n\n\n\n<p><\/p>\n","protected":false},"excerpt":{"rendered":"<p>Conhe\u00e7a os benef\u00edcios do aleitamento materno para m\u00e3e e beb\u00ea e saiba como a amamenta\u00e7\u00e3o fortalece a sa\u00fade e o v\u00ednculo afetivo.<\/p>\n","protected":false},"author":11,"featured_media":3920,"comment_status":"open","ping_status":"open","sticky":false,"template":"","format":"standard","meta":{"cybocfi_hide_featured_image":"","footnotes":""},"categories":[79],"tags":[206,205],"class_list":["post-3917","post","type-post","status-publish","format-standard","has-post-thumbnail","hentry","category-saude","tag-agosto-dourado","tag-amamentacao"],"yoast_head":"<!-- This site is optimized with the Yoast SEO plugin v27.5 - https:\/\/yoast.com\/product\/yoast-seo-wordpress\/ -->\n<title>Agosto Dourado: a import\u00e2ncia do aleitamento materno para m\u00e3e e beb\u00ea<\/title>\n<meta name=\"description\" content=\"Conhe\u00e7a os benef\u00edcios do aleitamento materno para m\u00e3e e beb\u00ea e saiba como a amamenta\u00e7\u00e3o fortalece a sa\u00fade e o v\u00ednculo afetivo.\" \/>\n<meta name=\"robots\" content=\"index, follow, max-snippet:-1, max-image-preview:large, max-video-preview:-1\" \/>\n<link rel=\"canonical\" href=\"https:\/\/blog.saocamilo-sp.br\/index.php\/2025\/08\/01\/agosto-dourado-a-importancia-do-aleitamento-materno-para-mae-e-bebe\/\" \/>\n<meta property=\"og:locale\" content=\"pt_BR\" \/>\n<meta property=\"og:type\" content=\"article\" \/>\n<meta property=\"og:title\" content=\"Agosto Dourado: a import\u00e2ncia do aleitamento materno para m\u00e3e e beb\u00ea\" \/>\n<meta property=\"og:description\" content=\"Conhe\u00e7a os benef\u00edcios do aleitamento materno para m\u00e3e e beb\u00ea e saiba como a amamenta\u00e7\u00e3o fortalece a sa\u00fade e o v\u00ednculo afetivo.\" \/>\n<meta property=\"og:url\" content=\"https:\/\/blog.saocamilo-sp.br\/index.php\/2025\/08\/01\/agosto-dourado-a-importancia-do-aleitamento-materno-para-mae-e-bebe\/\" \/>\n<meta property=\"og:site_name\" content=\"Blog S\u00e3o Camilo\" \/>\n<meta property=\"article:publisher\" content=\"https:\/\/www.facebook.com\/saocamilosp\" \/>\n<meta property=\"article:published_time\" content=\"2025-08-01T12:00:00+00:00\" \/>\n<meta property=\"og:image\" content=\"https:\/\/blog.saocamilo-sp.br\/wp-content\/uploads\/2025\/07\/Dia-da-Amamentacao.jpg\" \/>\n\t<meta property=\"og:image:width\" content=\"600\" \/>\n\t<meta property=\"og:image:height\" content=\"406\" \/>\n\t<meta property=\"og:image:type\" content=\"image\/jpeg\" \/>\n<meta name=\"author\" content=\"Christopher Oliveira dos Reis\" \/>\n<meta name=\"twitter:card\" content=\"summary_large_image\" \/>\n<meta name=\"twitter:creator\" content=\"@saocamilosp\" \/>\n<meta name=\"twitter:site\" content=\"@saocamilosp\" \/>\n<meta name=\"twitter:label1\" content=\"Escrito por\" \/>\n\t<meta name=\"twitter:data1\" content=\"Christopher Oliveira dos Reis\" \/>\n\t<meta name=\"twitter:label2\" content=\"Est. tempo de leitura\" \/>\n\t<meta name=\"twitter:data2\" content=\"3 minutos\" \/>\n<script type=\"application\/ld+json\" class=\"yoast-schema-graph\">{\"@context\":\"https:\\\/\\\/schema.org\",\"@graph\":[{\"@type\":\"Article\",\"@id\":\"https:\\\/\\\/blog.saocamilo-sp.br\\\/index.php\\\/2025\\\/08\\\/01\\\/agosto-dourado-a-importancia-do-aleitamento-materno-para-mae-e-bebe\\\/#article\",\"isPartOf\":{\"@id\":\"https:\\\/\\\/blog.saocamilo-sp.br\\\/index.php\\\/2025\\\/08\\\/01\\\/agosto-dourado-a-importancia-do-aleitamento-materno-para-mae-e-bebe\\\/\"},\"author\":{\"name\":\"Christopher Oliveira dos Reis\",\"@id\":\"https:\\\/\\\/blog.saocamilo-sp.br\\\/#\\\/schema\\\/person\\\/7dce5f342af0848eb2f06778b2737904\"},\"headline\":\"Agosto Dourado: a import\u00e2ncia do aleitamento materno para m\u00e3e e beb\u00ea\",\"datePublished\":\"2025-08-01T12:00:00+00:00\",\"mainEntityOfPage\":{\"@id\":\"https:\\\/\\\/blog.saocamilo-sp.br\\\/index.php\\\/2025\\\/08\\\/01\\\/agosto-dourado-a-importancia-do-aleitamento-materno-para-mae-e-bebe\\\/\"},\"wordCount\":388,\"commentCount\":0,\"publisher\":{\"@id\":\"https:\\\/\\\/blog.saocamilo-sp.br\\\/#organization\"},\"image\":{\"@id\":\"https:\\\/\\\/blog.saocamilo-sp.br\\\/index.php\\\/2025\\\/08\\\/01\\\/agosto-dourado-a-importancia-do-aleitamento-materno-para-mae-e-bebe\\\/#primaryimage\"},\"thumbnailUrl\":\"https:\\\/\\\/blog.saocamilo-sp.br\\\/wp-content\\\/uploads\\\/2025\\\/07\\\/Dia-da-Amamentacao.jpg\",\"keywords\":[\"Agosto Dourado\",\"Amamenta\u00e7\u00e3o\"],\"articleSection\":[\"Sa\u00fade\"],\"inLanguage\":\"pt-BR\",\"potentialAction\":[{\"@type\":\"CommentAction\",\"name\":\"Comment\",\"target\":[\"https:\\\/\\\/blog.saocamilo-sp.br\\\/index.php\\\/2025\\\/08\\\/01\\\/agosto-dourado-a-importancia-do-aleitamento-materno-para-mae-e-bebe\\\/#respond\"]}]},{\"@type\":\"WebPage\",\"@id\":\"https:\\\/\\\/blog.saocamilo-sp.br\\\/index.php\\\/2025\\\/08\\\/01\\\/agosto-dourado-a-importancia-do-aleitamento-materno-para-mae-e-bebe\\\/\",\"url\":\"https:\\\/\\\/blog.saocamilo-sp.br\\\/index.php\\\/2025\\\/08\\\/01\\\/agosto-dourado-a-importancia-do-aleitamento-materno-para-mae-e-bebe\\\/\",\"name\":\"Agosto Dourado: a import\u00e2ncia do aleitamento materno para m\u00e3e e beb\u00ea\",\"isPartOf\":{\"@id\":\"https:\\\/\\\/blog.saocamilo-sp.br\\\/#website\"},\"primaryImageOfPage\":{\"@id\":\"https:\\\/\\\/blog.saocamilo-sp.br\\\/index.php\\\/2025\\\/08\\\/01\\\/agosto-dourado-a-importancia-do-aleitamento-materno-para-mae-e-bebe\\\/#primaryimage\"},\"image\":{\"@id\":\"https:\\\/\\\/blog.saocamilo-sp.br\\\/index.php\\\/2025\\\/08\\\/01\\\/agosto-dourado-a-importancia-do-aleitamento-materno-para-mae-e-bebe\\\/#primaryimage\"},\"thumbnailUrl\":\"https:\\\/\\\/blog.saocamilo-sp.br\\\/wp-content\\\/uploads\\\/2025\\\/07\\\/Dia-da-Amamentacao.jpg\",\"datePublished\":\"2025-08-01T12:00:00+00:00\",\"description\":\"Conhe\u00e7a os benef\u00edcios do aleitamento materno para m\u00e3e e beb\u00ea e saiba como a amamenta\u00e7\u00e3o fortalece a sa\u00fade e o v\u00ednculo afetivo.\",\"breadcrumb\":{\"@id\":\"https:\\\/\\\/blog.saocamilo-sp.br\\\/index.php\\\/2025\\\/08\\\/01\\\/agosto-dourado-a-importancia-do-aleitamento-materno-para-mae-e-bebe\\\/#breadcrumb\"},\"inLanguage\":\"pt-BR\",\"potentialAction\":[{\"@type\":\"ReadAction\",\"target\":[\"https:\\\/\\\/blog.saocamilo-sp.br\\\/index.php\\\/2025\\\/08\\\/01\\\/agosto-dourado-a-importancia-do-aleitamento-materno-para-mae-e-bebe\\\/\"]}]},{\"@type\":\"ImageObject\",\"inLanguage\":\"pt-BR\",\"@id\":\"https:\\\/\\\/blog.saocamilo-sp.br\\\/index.php\\\/2025\\\/08\\\/01\\\/agosto-dourado-a-importancia-do-aleitamento-materno-para-mae-e-bebe\\\/#primaryimage\",\"url\":\"https:\\\/\\\/blog.saocamilo-sp.br\\\/wp-content\\\/uploads\\\/2025\\\/07\\\/Dia-da-Amamentacao.jpg\",\"contentUrl\":\"https:\\\/\\\/blog.saocamilo-sp.br\\\/wp-content\\\/uploads\\\/2025\\\/07\\\/Dia-da-Amamentacao.jpg\",\"width\":600,\"height\":406},{\"@type\":\"BreadcrumbList\",\"@id\":\"https:\\\/\\\/blog.saocamilo-sp.br\\\/index.php\\\/2025\\\/08\\\/01\\\/agosto-dourado-a-importancia-do-aleitamento-materno-para-mae-e-bebe\\\/#breadcrumb\",\"itemListElement\":[{\"@type\":\"ListItem\",\"position\":1,\"name\":\"In\u00edcio\",\"item\":\"https:\\\/\\\/blog.saocamilo-sp.br\\\/\"},{\"@type\":\"ListItem\",\"position\":2,\"name\":\"Agosto Dourado: a import\u00e2ncia do aleitamento materno para m\u00e3e e beb\u00ea\"}]},{\"@type\":\"WebSite\",\"@id\":\"https:\\\/\\\/blog.saocamilo-sp.br\\\/#website\",\"url\":\"https:\\\/\\\/blog.saocamilo-sp.br\\\/\",\"name\":\"Blog S\u00e3o Camilo\",\"description\":\"Blog do Centro Universit\u00e1rio S\u00e3o Camilo\",\"publisher\":{\"@id\":\"https:\\\/\\\/blog.saocamilo-sp.br\\\/#organization\"},\"potentialAction\":[{\"@type\":\"SearchAction\",\"target\":{\"@type\":\"EntryPoint\",\"urlTemplate\":\"https:\\\/\\\/blog.saocamilo-sp.br\\\/?s={search_term_string}\"},\"query-input\":{\"@type\":\"PropertyValueSpecification\",\"valueRequired\":true,\"valueName\":\"search_term_string\"}}],\"inLanguage\":\"pt-BR\"},{\"@type\":\"Organization\",\"@id\":\"https:\\\/\\\/blog.saocamilo-sp.br\\\/#organization\",\"name\":\"Blog S\u00e3o Camilo\",\"url\":\"https:\\\/\\\/blog.saocamilo-sp.br\\\/\",\"logo\":{\"@type\":\"ImageObject\",\"inLanguage\":\"pt-BR\",\"@id\":\"https:\\\/\\\/blog.saocamilo-sp.br\\\/#\\\/schema\\\/logo\\\/image\\\/\",\"url\":\"https:\\\/\\\/blog.saocamilo-sp.br\\\/wp-content\\\/uploads\\\/2021\\\/12\\\/cropped-vazio-logo-topo.png\",\"contentUrl\":\"https:\\\/\\\/blog.saocamilo-sp.br\\\/wp-content\\\/uploads\\\/2021\\\/12\\\/cropped-vazio-logo-topo.png\",\"width\":320,\"height\":240,\"caption\":\"Blog S\u00e3o Camilo\"},\"image\":{\"@id\":\"https:\\\/\\\/blog.saocamilo-sp.br\\\/#\\\/schema\\\/logo\\\/image\\\/\"},\"sameAs\":[\"https:\\\/\\\/www.facebook.com\\\/saocamilosp\",\"https:\\\/\\\/x.com\\\/saocamilosp\",\"https:\\\/\\\/www.linkedin.com\\\/school\\\/centro-universit-rio-s-o-camilo\\\/\"]},{\"@type\":\"Person\",\"@id\":\"https:\\\/\\\/blog.saocamilo-sp.br\\\/#\\\/schema\\\/person\\\/7dce5f342af0848eb2f06778b2737904\",\"name\":\"Christopher Oliveira dos Reis\",\"image\":{\"@type\":\"ImageObject\",\"inLanguage\":\"pt-BR\",\"@id\":\"https:\\\/\\\/secure.gravatar.com\\\/avatar\\\/b09a1361215d06f22999124838358b6855376e2b7287de883b723960b0c03f82?s=96&d=mm&r=g\",\"url\":\"https:\\\/\\\/secure.gravatar.com\\\/avatar\\\/b09a1361215d06f22999124838358b6855376e2b7287de883b723960b0c03f82?s=96&d=mm&r=g\",\"contentUrl\":\"https:\\\/\\\/secure.gravatar.com\\\/avatar\\\/b09a1361215d06f22999124838358b6855376e2b7287de883b723960b0c03f82?s=96&d=mm&r=g\",\"caption\":\"Christopher Oliveira dos Reis\"},\"url\":\"https:\\\/\\\/blog.saocamilo-sp.br\\\/index.php\\\/author\\\/christopher-reis\\\/\"}]}<\/script>\n<!-- \/ Yoast SEO plugin. -->","yoast_head_json":{"title":"Agosto Dourado: a import\u00e2ncia do aleitamento materno para m\u00e3e e beb\u00ea","description":"Conhe\u00e7a os benef\u00edcios do aleitamento materno para m\u00e3e e beb\u00ea e saiba como a amamenta\u00e7\u00e3o fortalece a sa\u00fade e o v\u00ednculo afetivo.","robots":{"index":"index","follow":"follow","max-snippet":"max-snippet:-1","max-image-preview":"max-image-preview:large","max-video-preview":"max-video-preview:-1"},"canonical":"https:\/\/blog.saocamilo-sp.br\/index.php\/2025\/08\/01\/agosto-dourado-a-importancia-do-aleitamento-materno-para-mae-e-bebe\/","og_locale":"pt_BR","og_type":"article","og_title":"Agosto Dourado: a import\u00e2ncia do aleitamento materno para m\u00e3e e beb\u00ea","og_description":"Conhe\u00e7a os benef\u00edcios do aleitamento materno para m\u00e3e e beb\u00ea e saiba como a amamenta\u00e7\u00e3o fortalece a sa\u00fade e o v\u00ednculo afetivo.","og_url":"https:\/\/blog.saocamilo-sp.br\/index.php\/2025\/08\/01\/agosto-dourado-a-importancia-do-aleitamento-materno-para-mae-e-bebe\/","og_site_name":"Blog S\u00e3o Camilo","article_publisher":"https:\/\/www.facebook.com\/saocamilosp","article_published_time":"2025-08-01T12:00:00+00:00","og_image":[{"width":600,"height":406,"url":"https:\/\/blog.saocamilo-sp.br\/wp-content\/uploads\/2025\/07\/Dia-da-Amamentacao.jpg","type":"image\/jpeg"}],"author":"Christopher Oliveira dos Reis","twitter_card":"summary_large_image","twitter_creator":"@saocamilosp","twitter_site":"@saocamilosp","twitter_misc":{"Escrito por":"Christopher Oliveira dos Reis","Est. tempo de leitura":"3 minutos"},"schema":{"@context":"https:\/\/schema.org","@graph":[{"@type":"Article","@id":"https:\/\/blog.saocamilo-sp.br\/index.php\/2025\/08\/01\/agosto-dourado-a-importancia-do-aleitamento-materno-para-mae-e-bebe\/#article","isPartOf":{"@id":"https:\/\/blog.saocamilo-sp.br\/index.php\/2025\/08\/01\/agosto-dourado-a-importancia-do-aleitamento-materno-para-mae-e-bebe\/"},"author":{"name":"Christopher Oliveira dos Reis","@id":"https:\/\/blog.saocamilo-sp.br\/#\/schema\/person\/7dce5f342af0848eb2f06778b2737904"},"headline":"Agosto Dourado: a import\u00e2ncia do aleitamento materno para m\u00e3e e beb\u00ea","datePublished":"2025-08-01T12:00:00+00:00","mainEntityOfPage":{"@id":"https:\/\/blog.saocamilo-sp.br\/index.php\/2025\/08\/01\/agosto-dourado-a-importancia-do-aleitamento-materno-para-mae-e-bebe\/"},"wordCount":388,"commentCount":0,"publisher":{"@id":"https:\/\/blog.saocamilo-sp.br\/#organization"},"image":{"@id":"https:\/\/blog.saocamilo-sp.br\/index.php\/2025\/08\/01\/agosto-dourado-a-importancia-do-aleitamento-materno-para-mae-e-bebe\/#primaryimage"},"thumbnailUrl":"https:\/\/blog.saocamilo-sp.br\/wp-content\/uploads\/2025\/07\/Dia-da-Amamentacao.jpg","keywords":["Agosto Dourado","Amamenta\u00e7\u00e3o"],"articleSection":["Sa\u00fade"],"inLanguage":"pt-BR","potentialAction":[{"@type":"CommentAction","name":"Comment","target":["https:\/\/blog.saocamilo-sp.br\/index.php\/2025\/08\/01\/agosto-dourado-a-importancia-do-aleitamento-materno-para-mae-e-bebe\/#respond"]}]},{"@type":"WebPage","@id":"https:\/\/blog.saocamilo-sp.br\/index.php\/2025\/08\/01\/agosto-dourado-a-importancia-do-aleitamento-materno-para-mae-e-bebe\/","url":"https:\/\/blog.saocamilo-sp.br\/index.php\/2025\/08\/01\/agosto-dourado-a-importancia-do-aleitamento-materno-para-mae-e-bebe\/","name":"Agosto Dourado: a import\u00e2ncia do aleitamento materno para m\u00e3e e beb\u00ea","isPartOf":{"@id":"https:\/\/blog.saocamilo-sp.br\/#website"},"primaryImageOfPage":{"@id":"https:\/\/blog.saocamilo-sp.br\/index.php\/2025\/08\/01\/agosto-dourado-a-importancia-do-aleitamento-materno-para-mae-e-bebe\/#primaryimage"},"image":{"@id":"https:\/\/blog.saocamilo-sp.br\/index.php\/2025\/08\/01\/agosto-dourado-a-importancia-do-aleitamento-materno-para-mae-e-bebe\/#primaryimage"},"thumbnailUrl":"https:\/\/blog.saocamilo-sp.br\/wp-content\/uploads\/2025\/07\/Dia-da-Amamentacao.jpg","datePublished":"2025-08-01T12:00:00+00:00","description":"Conhe\u00e7a os benef\u00edcios do aleitamento materno para m\u00e3e e beb\u00ea e saiba como a amamenta\u00e7\u00e3o fortalece a sa\u00fade e o v\u00ednculo afetivo.","breadcrumb":{"@id":"https:\/\/blog.saocamilo-sp.br\/index.php\/2025\/08\/01\/agosto-dourado-a-importancia-do-aleitamento-materno-para-mae-e-bebe\/#breadcrumb"},"inLanguage":"pt-BR","potentialAction":[{"@type":"ReadAction","target":["https:\/\/blog.saocamilo-sp.br\/index.php\/2025\/08\/01\/agosto-dourado-a-importancia-do-aleitamento-materno-para-mae-e-bebe\/"]}]},{"@type":"ImageObject","inLanguage":"pt-BR","@id":"https:\/\/blog.saocamilo-sp.br\/index.php\/2025\/08\/01\/agosto-dourado-a-importancia-do-aleitamento-materno-para-mae-e-bebe\/#primaryimage","url":"https:\/\/blog.saocamilo-sp.br\/wp-content\/uploads\/2025\/07\/Dia-da-Amamentacao.jpg","contentUrl":"https:\/\/blog.saocamilo-sp.br\/wp-content\/uploads\/2025\/07\/Dia-da-Amamentacao.jpg","width":600,"height":406},{"@type":"BreadcrumbList","@id":"https:\/\/blog.saocamilo-sp.br\/index.php\/2025\/08\/01\/agosto-dourado-a-importancia-do-aleitamento-materno-para-mae-e-bebe\/#breadcrumb","itemListElement":[{"@type":"ListItem","position":1,"name":"In\u00edcio","item":"https:\/\/blog.saocamilo-sp.br\/"},{"@type":"ListItem","position":2,"name":"Agosto Dourado: a import\u00e2ncia do aleitamento materno para m\u00e3e e beb\u00ea"}]},{"@type":"WebSite","@id":"https:\/\/blog.saocamilo-sp.br\/#website","url":"https:\/\/blog.saocamilo-sp.br\/","name":"Blog S\u00e3o Camilo","description":"Blog do Centro Universit\u00e1rio S\u00e3o Camilo","publisher":{"@id":"https:\/\/blog.saocamilo-sp.br\/#organization"},"potentialAction":[{"@type":"SearchAction","target":{"@type":"EntryPoint","urlTemplate":"https:\/\/blog.saocamilo-sp.br\/?s={search_term_string}"},"query-input":{"@type":"PropertyValueSpecification","valueRequired":true,"valueName":"search_term_string"}}],"inLanguage":"pt-BR"},{"@type":"Organization","@id":"https:\/\/blog.saocamilo-sp.br\/#organization","name":"Blog S\u00e3o Camilo","url":"https:\/\/blog.saocamilo-sp.br\/","logo":{"@type":"ImageObject","inLanguage":"pt-BR","@id":"https:\/\/blog.saocamilo-sp.br\/#\/schema\/logo\/image\/","url":"https:\/\/blog.saocamilo-sp.br\/wp-content\/uploads\/2021\/12\/cropped-vazio-logo-topo.png","contentUrl":"https:\/\/blog.saocamilo-sp.br\/wp-content\/uploads\/2021\/12\/cropped-vazio-logo-topo.png","width":320,"height":240,"caption":"Blog S\u00e3o Camilo"},"image":{"@id":"https:\/\/blog.saocamilo-sp.br\/#\/schema\/logo\/image\/"},"sameAs":["https:\/\/www.facebook.com\/saocamilosp","https:\/\/x.com\/saocamilosp","https:\/\/www.linkedin.com\/school\/centro-universit-rio-s-o-camilo\/"]},{"@type":"Person","@id":"https:\/\/blog.saocamilo-sp.br\/#\/schema\/person\/7dce5f342af0848eb2f06778b2737904","name":"Christopher Oliveira dos Reis","image":{"@type":"ImageObject","inLanguage":"pt-BR","@id":"https:\/\/secure.gravatar.com\/avatar\/b09a1361215d06f22999124838358b6855376e2b7287de883b723960b0c03f82?s=96&d=mm&r=g","url":"https:\/\/secure.gravatar.com\/avatar\/b09a1361215d06f22999124838358b6855376e2b7287de883b723960b0c03f82?s=96&d=mm&r=g","contentUrl":"https:\/\/secure.gravatar.com\/avatar\/b09a1361215d06f22999124838358b6855376e2b7287de883b723960b0c03f82?s=96&d=mm&r=g","caption":"Christopher Oliveira dos Reis"},"url":"https:\/\/blog.saocamilo-sp.br\/index.php\/author\/christopher-reis\/"}]}},"_links":{"self":[{"href":"https:\/\/blog.saocamilo-sp.br\/index.php\/wp-json\/wp\/v2\/posts\/3917","targetHints":{"allow":["GET"]}}],"collection":[{"href":"https:\/\/blog.saocamilo-sp.br\/index.php\/wp-json\/wp\/v2\/posts"}],"about":[{"href":"https:\/\/blog.saocamilo-sp.br\/index.php\/wp-json\/wp\/v2\/types\/post"}],"author":[{"embeddable":true,"href":"https:\/\/blog.saocamilo-sp.br\/index.php\/wp-json\/wp\/v2\/users\/11"}],"replies":[{"embeddable":true,"href":"https:\/\/blog.saocamilo-sp.br\/index.php\/wp-json\/wp\/v2\/comments?post=3917"}],"version-history":[{"count":3,"href":"https:\/\/blog.saocamilo-sp.br\/index.php\/wp-json\/wp\/v2\/posts\/3917\/revisions"}],"predecessor-version":[{"id":3924,"href":"https:\/\/blog.saocamilo-sp.br\/index.php\/wp-json\/wp\/v2\/posts\/3917\/revisions\/3924"}],"wp:featuredmedia":[{"embeddable":true,"href":"https:\/\/blog.saocamilo-sp.br\/index.php\/wp-json\/wp\/v2\/media\/3920"}],"wp:attachment":[{"href":"https:\/\/blog.saocamilo-sp.br\/index.php\/wp-json\/wp\/v2\/media?parent=3917"}],"wp:term":[{"taxonomy":"category","embeddable":true,"href":"https:\/\/blog.saocamilo-sp.br\/index.php\/wp-json\/wp\/v2\/categories?post=3917"},{"taxonomy":"post_tag","embeddable":true,"href":"https:\/\/blog.saocamilo-sp.br\/index.php\/wp-json\/wp\/v2\/tags?post=3917"}],"curies":[{"name":"wp","href":"https:\/\/api.w.org\/{rel}","templated":true}]}}