{"id":3940,"date":"2025-09-12T16:15:44","date_gmt":"2025-09-12T19:15:44","guid":{"rendered":"https:\/\/blog.saocamilo-sp.br\/?p=3940"},"modified":"2025-09-12T16:20:21","modified_gmt":"2025-09-12T19:20:21","slug":"sao-camilo-na-28a-assembleia-geral-da-fiuc-no-mexico","status":"publish","type":"post","link":"https:\/\/blog.saocamilo-sp.br\/index.php\/2025\/09\/12\/sao-camilo-na-28a-assembleia-geral-da-fiuc-no-mexico\/","title":{"rendered":"S\u00e3o Camilo na 28\u00aa Assembleia Geral da FIUC no M\u00e9xico"},"content":{"rendered":"\n<p>A <strong>S\u00e3o Camilo<\/strong> esteve presente em um dos encontros mais importantes da educa\u00e7\u00e3o superior cat\u00f3lica no mundo: a 28\u00aa Assembleia Geral da Federa\u00e7\u00e3o Internacional de Universidades Cat\u00f3licas (FIUC), realizada entre os dias 28 de julho e 1\u00ba de agosto de 2025, na Universidad del Valle de Atemajac (UNIVA), em Guadalajara, M\u00e9xico.<\/p>\n\n\n\n<p>Neste cen\u00e1rio internacional, o <a href=\"https:\/\/saocamilo-sp.br\/\">Centro Universit\u00e1rio S\u00e3o Camilo<\/a> foi representado por Rayssa Rios, coordenadora de Rela\u00e7\u00f5es Internacionais, que participou ativamente das confer\u00eancias, mesas de di\u00e1logo e atividades formativas. O tema central desta edi\u00e7\u00e3o foi \u201cUniversidades Cat\u00f3licas como core\u00f3grafas do conhecimento\u201d, destacando o papel das universidades n\u00e3o apenas como transmissoras de saber, mas como agentes de transforma\u00e7\u00e3o social, cultural e espiritual.<\/p>\n\n\n\n<hr class=\"wp-block-separator has-alpha-channel-opacity\"\/>\n\n\n\n<h3 class=\"wp-block-heading\">O significado da FIUC e a presen\u00e7a da S\u00e3o Camilo<\/h3>\n\n\n\n<p>A Federa\u00e7\u00e3o Internacional de Universidades Cat\u00f3licas (FIUC) foi fundada em 1924, em Paris, e atualmente re\u00fane mais de 200 universidades cat\u00f3licas espalhadas pelos cinco continentes. Sua miss\u00e3o \u00e9 criar pontes de di\u00e1logo, coopera\u00e7\u00e3o cient\u00edfica e pastoral entre institui\u00e7\u00f5es de ensino que compartilham os mesmos valores.<\/p>\n\n\n\n<p>A presen\u00e7a da S\u00e3o Camilo nesse encontro refor\u00e7a sua posi\u00e7\u00e3o como uma refer\u00eancia nacional e internacional em ensino, pesquisa, extens\u00e3o e forma\u00e7\u00e3o integral. A participa\u00e7\u00e3o de Rayssa Rios trouxe ainda mais visibilidade para os projetos e compromissos da institui\u00e7\u00e3o frente aos desafios globais da educa\u00e7\u00e3o superior.<\/p>\n\n\n\n<hr class=\"wp-block-separator has-alpha-channel-opacity\"\/>\n\n\n\n<h2 class=\"wp-block-heading\">Autoridades presentes e o peso internacional do evento<\/h2>\n\n\n\n<p>A cerim\u00f4nia de abertura contou com a presen\u00e7a de importantes lideran\u00e7as da Igreja e da academia. Entre elas:<\/p>\n\n\n\n<ul class=\"wp-block-list\">\n<li><strong>Cardeal Jos\u00e9 Tolentino de Mendon\u00e7a<\/strong>, prefeito do Dicast\u00e9rio para a Cultura e Educa\u00e7\u00e3o da Santa S\u00e9.<\/li>\n\n\n\n<li><strong>Cardeal Francisco Robles Ortega<\/strong>, arcebispo de Guadalajara.<\/li>\n\n\n\n<li><strong>Arcebispo Paul Richard Gallagher<\/strong>, secret\u00e1rio para as Rela\u00e7\u00f5es com os Estados do Vaticano.<\/li>\n\n\n\n<li><strong>Arcebispo Joseph Spiteri<\/strong>, n\u00fancio apost\u00f3lico no M\u00e9xico.<\/li>\n\n\n\n<li><strong>Dra. Isabel Capeloa Gil<\/strong>, presidente da FIUC.<\/li>\n\n\n\n<li><strong>Dr. Fran\u00e7ois Mabille<\/strong>, secret\u00e1rio-geral da FIUC.<\/li>\n<\/ul>\n\n\n\n<p>Al\u00e9m deles, representantes acad\u00eamicos e diplom\u00e1ticos de todo o mundo participaram dos debates, trazendo diferentes perspectivas sobre como a universidade cat\u00f3lica pode responder aos <strong>desafios da globaliza\u00e7\u00e3o, da inova\u00e7\u00e3o tecnol\u00f3gica, da justi\u00e7a social e do di\u00e1logo intercultural<\/strong>.<\/p>\n\n\n\n<hr class=\"wp-block-separator has-alpha-channel-opacity\"\/>\n\n\n\n<h3 class=\"wp-block-heading\">O papel das universidades cat\u00f3licas como \u201ccore\u00f3grafas do conhecimento\u201d<\/h3>\n\n\n\n<p>O lema desta 28\u00aa edi\u00e7\u00e3o da FIUC \u2014 <em>\u201cUniversidades Cat\u00f3licas como core\u00f3grafas do conhecimento\u201d<\/em> \u2014 reflete a ideia de que o papel da universidade vai al\u00e9m da transmiss\u00e3o de conte\u00fados. Ela deve <strong>orquestrar saberes<\/strong>, criar v\u00ednculos e propor movimentos que integrem ci\u00eancia, \u00e9tica, espiritualidade e compromisso social.<\/p>\n\n\n\n<p>Para Rayssa Rios, representar a S\u00e3o Camilo nesse contexto significou participar de uma reflex\u00e3o coletiva sobre a miss\u00e3o de formar n\u00e3o apenas profissionais competentes, mas tamb\u00e9m l\u00edderes \u00e9ticos e cidad\u00e3os comprometidos com a transforma\u00e7\u00e3o da sociedade.<\/p>\n\n\n\n<blockquote class=\"wp-block-quote is-layout-flow wp-block-quote-is-layout-flow\">\n<p>\u201cEste encontro foi uma oportunidade \u00fanica de aprendizado e de conex\u00e3o internacional. A S\u00e3o Camilo reafirma seu compromisso em formar profissionais que unem excel\u00eancia acad\u00eamica, sensibilidade humana e responsabilidade social.\u201d \u2013 destacou Rayssa Rios.<\/p>\n<\/blockquote>\n\n\n\n<hr class=\"wp-block-separator has-alpha-channel-opacity\"\/>\n\n\n\n<h3 class=\"wp-block-heading\">Destaques da programa\u00e7\u00e3o<\/h3>\n\n\n\n<p>Durante a semana de atividades, a assembleia promoveu:<\/p>\n\n\n\n<ul class=\"wp-block-list\">\n<li>Confer\u00eancias magnas sobre diplomacia acad\u00eamica, inova\u00e7\u00e3o no ensino e futuro da educa\u00e7\u00e3o superior.<\/li>\n\n\n\n<li>Mesas de di\u00e1logo com especialistas internacionais em media\u00e7\u00e3o de conflitos, lideran\u00e7a universit\u00e1ria e novas tecnologias aplicadas \u00e0 educa\u00e7\u00e3o.<\/li>\n\n\n\n<li>Celebra\u00e7\u00f5es lit\u00fargicas que refor\u00e7aram a espiritualidade como pilar da vida acad\u00eamica.<\/li>\n\n\n\n<li>Workshops colaborativos sobre pr\u00e1ticas de governan\u00e7a, sustentabilidade e inclus\u00e3o nas universidades.<\/li>\n<\/ul>\n\n\n\n<p>Esses encontros proporcionaram um ambiente de reflex\u00e3o conjunta sobre o futuro das universidades cat\u00f3licas, em sintonia com os desafios contempor\u00e2neos da humanidade.<\/p>\n\n\n\n<hr class=\"wp-block-separator has-alpha-channel-opacity\"\/>\n\n\n\n<h3 class=\"wp-block-heading\">Impacto para a S\u00e3o Camilo<\/h3>\n\n\n\n<p>A participa\u00e7\u00e3o da S\u00e3o Camilo na 28\u00aa Assembleia da FIUC fortalece ainda mais sua presen\u00e7a internacional e abre portas para novas parcerias acad\u00eamicas e cient\u00edficas. O interc\u00e2mbio de ideias com institui\u00e7\u00f5es de diferentes pa\u00edses contribui para enriquecer o ensino e a pesquisa desenvolvidos no Brasil.<\/p>\n\n\n\n<p>Al\u00e9m disso, esse envolvimento est\u00e1 alinhado \u00e0 miss\u00e3o institucional de promover uma educa\u00e7\u00e3o humanizada e integral, que une ci\u00eancia e valores crist\u00e3os.<\/p>\n\n\n\n<p><strong>Veja tamb\u00e9m:<\/strong><\/p>\n\n\n\n<ul class=\"wp-block-list\">\n<li><a href=\"https:\/\/blog.saocamilo-sp.br\/index.php\/2024\/09\/12\/campus-ipiranga-recebe-1a-international-fair\/\">Campus Ipiranga recebe 1\u00aa International Fair<\/a><\/li>\n\n\n\n<li><a href=\"https:\/\/blog.saocamilo-sp.br\/index.php\/2025\/05\/06\/humanizacao-espanha\/\">Cuidado e humaniza\u00e7\u00e3o: camilianas vivenciam experi\u00eancia internacional<\/a><\/li>\n\n\n\n<li><a href=\"https:\/\/blog.saocamilo-sp.br\/index.php\/2025\/02\/24\/geriatria-residentes-estados-unidos\/\">Internacional: residentes de geriatria vivenciam est\u00e1gio nos EUA<\/a><\/li>\n<\/ul>\n\n\n\n<p><\/p>\n","protected":false},"excerpt":{"rendered":"<p>S\u00e3o Camilo em evento da Federa\u00e7\u00e3o Internacional de Universidades Cat\u00f3licas no M\u00e9xico.<\/p>\n","protected":false},"author":11,"featured_media":3971,"comment_status":"open","ping_status":"open","sticky":false,"template":"","format":"standard","meta":{"cybocfi_hide_featured_image":"","footnotes":""},"categories":[1,169,70,79],"tags":[120,72,20],"class_list":["post-3940","post","type-post","status-publish","format-standard","has-post-thumbnail","hentry","category-cursos","category-evento","category-internacional","category-saude","tag-evento","tag-internacional","tag-sao-camilo"],"yoast_head":"<!-- This site is optimized with the Yoast SEO plugin v27.4 - https:\/\/yoast.com\/product\/yoast-seo-wordpress\/ -->\n<title>S\u00e3o Camilo na 28\u00aa Assembleia Geral da FIUC no M\u00e9xico - Blog S\u00e3o Camilo<\/title>\n<meta name=\"description\" content=\"Participa\u00e7\u00e3o da S\u00e3o Camilo na FIUC refor\u00e7a sua presen\u00e7a internacional e reafirma o compromisso com uma educa\u00e7\u00e3o humanizada e integral.\" \/>\n<meta name=\"robots\" content=\"index, follow, max-snippet:-1, max-image-preview:large, max-video-preview:-1\" \/>\n<link rel=\"canonical\" href=\"https:\/\/blog.saocamilo-sp.br\/index.php\/2025\/09\/12\/sao-camilo-na-28a-assembleia-geral-da-fiuc-no-mexico\/\" \/>\n<meta property=\"og:locale\" content=\"pt_BR\" \/>\n<meta property=\"og:type\" content=\"article\" \/>\n<meta property=\"og:title\" content=\"S\u00e3o Camilo na 28\u00aa Assembleia Geral da FIUC no M\u00e9xico - Blog S\u00e3o Camilo\" \/>\n<meta property=\"og:description\" content=\"Participa\u00e7\u00e3o da S\u00e3o Camilo na FIUC refor\u00e7a sua presen\u00e7a internacional e reafirma o compromisso com uma educa\u00e7\u00e3o humanizada e integral.\" \/>\n<meta property=\"og:url\" content=\"https:\/\/blog.saocamilo-sp.br\/index.php\/2025\/09\/12\/sao-camilo-na-28a-assembleia-geral-da-fiuc-no-mexico\/\" \/>\n<meta property=\"og:site_name\" content=\"Blog S\u00e3o Camilo\" \/>\n<meta property=\"article:publisher\" content=\"https:\/\/www.facebook.com\/saocamilosp\" \/>\n<meta property=\"article:published_time\" content=\"2025-09-12T19:15:44+00:00\" \/>\n<meta property=\"article:modified_time\" content=\"2025-09-12T19:20:21+00:00\" \/>\n<meta property=\"og:image\" content=\"https:\/\/blog.saocamilo-sp.br\/wp-content\/uploads\/2025\/09\/Sao-Camilo-na-28a-Assembleia-Geral-da-FIUC-no-Mexico.png\" \/>\n\t<meta property=\"og:image:width\" content=\"600\" \/>\n\t<meta property=\"og:image:height\" content=\"406\" \/>\n\t<meta property=\"og:image:type\" content=\"image\/png\" \/>\n<meta name=\"author\" content=\"Christopher Oliveira dos Reis\" \/>\n<meta name=\"twitter:card\" content=\"summary_large_image\" \/>\n<meta name=\"twitter:creator\" content=\"@saocamilosp\" \/>\n<meta name=\"twitter:site\" content=\"@saocamilosp\" \/>\n<meta name=\"twitter:label1\" content=\"Escrito por\" \/>\n\t<meta name=\"twitter:data1\" content=\"Christopher Oliveira dos Reis\" \/>\n\t<meta name=\"twitter:label2\" content=\"Est. tempo de leitura\" \/>\n\t<meta name=\"twitter:data2\" content=\"4 minutos\" \/>\n<script type=\"application\/ld+json\" class=\"yoast-schema-graph\">{\"@context\":\"https:\\\/\\\/schema.org\",\"@graph\":[{\"@type\":\"Article\",\"@id\":\"https:\\\/\\\/blog.saocamilo-sp.br\\\/index.php\\\/2025\\\/09\\\/12\\\/sao-camilo-na-28a-assembleia-geral-da-fiuc-no-mexico\\\/#article\",\"isPartOf\":{\"@id\":\"https:\\\/\\\/blog.saocamilo-sp.br\\\/index.php\\\/2025\\\/09\\\/12\\\/sao-camilo-na-28a-assembleia-geral-da-fiuc-no-mexico\\\/\"},\"author\":{\"name\":\"Christopher Oliveira dos Reis\",\"@id\":\"https:\\\/\\\/blog.saocamilo-sp.br\\\/#\\\/schema\\\/person\\\/7dce5f342af0848eb2f06778b2737904\"},\"headline\":\"S\u00e3o Camilo na 28\u00aa Assembleia Geral da FIUC no M\u00e9xico\",\"datePublished\":\"2025-09-12T19:15:44+00:00\",\"dateModified\":\"2025-09-12T19:20:21+00:00\",\"mainEntityOfPage\":{\"@id\":\"https:\\\/\\\/blog.saocamilo-sp.br\\\/index.php\\\/2025\\\/09\\\/12\\\/sao-camilo-na-28a-assembleia-geral-da-fiuc-no-mexico\\\/\"},\"wordCount\":754,\"commentCount\":0,\"publisher\":{\"@id\":\"https:\\\/\\\/blog.saocamilo-sp.br\\\/#organization\"},\"image\":{\"@id\":\"https:\\\/\\\/blog.saocamilo-sp.br\\\/index.php\\\/2025\\\/09\\\/12\\\/sao-camilo-na-28a-assembleia-geral-da-fiuc-no-mexico\\\/#primaryimage\"},\"thumbnailUrl\":\"https:\\\/\\\/blog.saocamilo-sp.br\\\/wp-content\\\/uploads\\\/2025\\\/09\\\/Sao-Camilo-na-28a-Assembleia-Geral-da-FIUC-no-Mexico.png\",\"keywords\":[\"evento\",\"internacional\",\"S\u00e3o Camilo\"],\"articleSection\":[\"Cursos\",\"Evento\",\"Internacional\",\"Sa\u00fade\"],\"inLanguage\":\"pt-BR\",\"potentialAction\":[{\"@type\":\"CommentAction\",\"name\":\"Comment\",\"target\":[\"https:\\\/\\\/blog.saocamilo-sp.br\\\/index.php\\\/2025\\\/09\\\/12\\\/sao-camilo-na-28a-assembleia-geral-da-fiuc-no-mexico\\\/#respond\"]}]},{\"@type\":\"WebPage\",\"@id\":\"https:\\\/\\\/blog.saocamilo-sp.br\\\/index.php\\\/2025\\\/09\\\/12\\\/sao-camilo-na-28a-assembleia-geral-da-fiuc-no-mexico\\\/\",\"url\":\"https:\\\/\\\/blog.saocamilo-sp.br\\\/index.php\\\/2025\\\/09\\\/12\\\/sao-camilo-na-28a-assembleia-geral-da-fiuc-no-mexico\\\/\",\"name\":\"S\u00e3o Camilo na 28\u00aa Assembleia Geral da FIUC no M\u00e9xico - Blog S\u00e3o Camilo\",\"isPartOf\":{\"@id\":\"https:\\\/\\\/blog.saocamilo-sp.br\\\/#website\"},\"primaryImageOfPage\":{\"@id\":\"https:\\\/\\\/blog.saocamilo-sp.br\\\/index.php\\\/2025\\\/09\\\/12\\\/sao-camilo-na-28a-assembleia-geral-da-fiuc-no-mexico\\\/#primaryimage\"},\"image\":{\"@id\":\"https:\\\/\\\/blog.saocamilo-sp.br\\\/index.php\\\/2025\\\/09\\\/12\\\/sao-camilo-na-28a-assembleia-geral-da-fiuc-no-mexico\\\/#primaryimage\"},\"thumbnailUrl\":\"https:\\\/\\\/blog.saocamilo-sp.br\\\/wp-content\\\/uploads\\\/2025\\\/09\\\/Sao-Camilo-na-28a-Assembleia-Geral-da-FIUC-no-Mexico.png\",\"datePublished\":\"2025-09-12T19:15:44+00:00\",\"dateModified\":\"2025-09-12T19:20:21+00:00\",\"description\":\"Participa\u00e7\u00e3o da S\u00e3o Camilo na FIUC refor\u00e7a sua presen\u00e7a internacional e reafirma o compromisso com uma educa\u00e7\u00e3o humanizada e integral.\",\"breadcrumb\":{\"@id\":\"https:\\\/\\\/blog.saocamilo-sp.br\\\/index.php\\\/2025\\\/09\\\/12\\\/sao-camilo-na-28a-assembleia-geral-da-fiuc-no-mexico\\\/#breadcrumb\"},\"inLanguage\":\"pt-BR\",\"potentialAction\":[{\"@type\":\"ReadAction\",\"target\":[\"https:\\\/\\\/blog.saocamilo-sp.br\\\/index.php\\\/2025\\\/09\\\/12\\\/sao-camilo-na-28a-assembleia-geral-da-fiuc-no-mexico\\\/\"]}]},{\"@type\":\"ImageObject\",\"inLanguage\":\"pt-BR\",\"@id\":\"https:\\\/\\\/blog.saocamilo-sp.br\\\/index.php\\\/2025\\\/09\\\/12\\\/sao-camilo-na-28a-assembleia-geral-da-fiuc-no-mexico\\\/#primaryimage\",\"url\":\"https:\\\/\\\/blog.saocamilo-sp.br\\\/wp-content\\\/uploads\\\/2025\\\/09\\\/Sao-Camilo-na-28a-Assembleia-Geral-da-FIUC-no-Mexico.png\",\"contentUrl\":\"https:\\\/\\\/blog.saocamilo-sp.br\\\/wp-content\\\/uploads\\\/2025\\\/09\\\/Sao-Camilo-na-28a-Assembleia-Geral-da-FIUC-no-Mexico.png\",\"width\":600,\"height\":406,\"caption\":\"S\u00e3o Camilo na 28\u00aa Assembleia Geral da FIUC no M\u00e9xico\"},{\"@type\":\"BreadcrumbList\",\"@id\":\"https:\\\/\\\/blog.saocamilo-sp.br\\\/index.php\\\/2025\\\/09\\\/12\\\/sao-camilo-na-28a-assembleia-geral-da-fiuc-no-mexico\\\/#breadcrumb\",\"itemListElement\":[{\"@type\":\"ListItem\",\"position\":1,\"name\":\"In\u00edcio\",\"item\":\"https:\\\/\\\/blog.saocamilo-sp.br\\\/\"},{\"@type\":\"ListItem\",\"position\":2,\"name\":\"S\u00e3o Camilo na 28\u00aa Assembleia Geral da FIUC no M\u00e9xico\"}]},{\"@type\":\"WebSite\",\"@id\":\"https:\\\/\\\/blog.saocamilo-sp.br\\\/#website\",\"url\":\"https:\\\/\\\/blog.saocamilo-sp.br\\\/\",\"name\":\"Blog S\u00e3o Camilo\",\"description\":\"Blog do Centro Universit\u00e1rio S\u00e3o Camilo\",\"publisher\":{\"@id\":\"https:\\\/\\\/blog.saocamilo-sp.br\\\/#organization\"},\"potentialAction\":[{\"@type\":\"SearchAction\",\"target\":{\"@type\":\"EntryPoint\",\"urlTemplate\":\"https:\\\/\\\/blog.saocamilo-sp.br\\\/?s={search_term_string}\"},\"query-input\":{\"@type\":\"PropertyValueSpecification\",\"valueRequired\":true,\"valueName\":\"search_term_string\"}}],\"inLanguage\":\"pt-BR\"},{\"@type\":\"Organization\",\"@id\":\"https:\\\/\\\/blog.saocamilo-sp.br\\\/#organization\",\"name\":\"Blog S\u00e3o Camilo\",\"url\":\"https:\\\/\\\/blog.saocamilo-sp.br\\\/\",\"logo\":{\"@type\":\"ImageObject\",\"inLanguage\":\"pt-BR\",\"@id\":\"https:\\\/\\\/blog.saocamilo-sp.br\\\/#\\\/schema\\\/logo\\\/image\\\/\",\"url\":\"https:\\\/\\\/blog.saocamilo-sp.br\\\/wp-content\\\/uploads\\\/2021\\\/12\\\/cropped-vazio-logo-topo.png\",\"contentUrl\":\"https:\\\/\\\/blog.saocamilo-sp.br\\\/wp-content\\\/uploads\\\/2021\\\/12\\\/cropped-vazio-logo-topo.png\",\"width\":320,\"height\":240,\"caption\":\"Blog S\u00e3o Camilo\"},\"image\":{\"@id\":\"https:\\\/\\\/blog.saocamilo-sp.br\\\/#\\\/schema\\\/logo\\\/image\\\/\"},\"sameAs\":[\"https:\\\/\\\/www.facebook.com\\\/saocamilosp\",\"https:\\\/\\\/x.com\\\/saocamilosp\",\"https:\\\/\\\/www.linkedin.com\\\/school\\\/centro-universit-rio-s-o-camilo\\\/\"]},{\"@type\":\"Person\",\"@id\":\"https:\\\/\\\/blog.saocamilo-sp.br\\\/#\\\/schema\\\/person\\\/7dce5f342af0848eb2f06778b2737904\",\"name\":\"Christopher Oliveira dos Reis\",\"image\":{\"@type\":\"ImageObject\",\"inLanguage\":\"pt-BR\",\"@id\":\"https:\\\/\\\/secure.gravatar.com\\\/avatar\\\/b09a1361215d06f22999124838358b6855376e2b7287de883b723960b0c03f82?s=96&d=mm&r=g\",\"url\":\"https:\\\/\\\/secure.gravatar.com\\\/avatar\\\/b09a1361215d06f22999124838358b6855376e2b7287de883b723960b0c03f82?s=96&d=mm&r=g\",\"contentUrl\":\"https:\\\/\\\/secure.gravatar.com\\\/avatar\\\/b09a1361215d06f22999124838358b6855376e2b7287de883b723960b0c03f82?s=96&d=mm&r=g\",\"caption\":\"Christopher Oliveira dos Reis\"},\"url\":\"https:\\\/\\\/blog.saocamilo-sp.br\\\/index.php\\\/author\\\/christopher-reis\\\/\"}]}<\/script>\n<!-- \/ Yoast SEO plugin. -->","yoast_head_json":{"title":"S\u00e3o Camilo na 28\u00aa Assembleia Geral da FIUC no M\u00e9xico - Blog S\u00e3o Camilo","description":"Participa\u00e7\u00e3o da S\u00e3o Camilo na FIUC refor\u00e7a sua presen\u00e7a internacional e reafirma o compromisso com uma educa\u00e7\u00e3o humanizada e integral.","robots":{"index":"index","follow":"follow","max-snippet":"max-snippet:-1","max-image-preview":"max-image-preview:large","max-video-preview":"max-video-preview:-1"},"canonical":"https:\/\/blog.saocamilo-sp.br\/index.php\/2025\/09\/12\/sao-camilo-na-28a-assembleia-geral-da-fiuc-no-mexico\/","og_locale":"pt_BR","og_type":"article","og_title":"S\u00e3o Camilo na 28\u00aa Assembleia Geral da FIUC no M\u00e9xico - Blog S\u00e3o Camilo","og_description":"Participa\u00e7\u00e3o da S\u00e3o Camilo na FIUC refor\u00e7a sua presen\u00e7a internacional e reafirma o compromisso com uma educa\u00e7\u00e3o humanizada e integral.","og_url":"https:\/\/blog.saocamilo-sp.br\/index.php\/2025\/09\/12\/sao-camilo-na-28a-assembleia-geral-da-fiuc-no-mexico\/","og_site_name":"Blog S\u00e3o Camilo","article_publisher":"https:\/\/www.facebook.com\/saocamilosp","article_published_time":"2025-09-12T19:15:44+00:00","article_modified_time":"2025-09-12T19:20:21+00:00","og_image":[{"width":600,"height":406,"url":"https:\/\/blog.saocamilo-sp.br\/wp-content\/uploads\/2025\/09\/Sao-Camilo-na-28a-Assembleia-Geral-da-FIUC-no-Mexico.png","type":"image\/png"}],"author":"Christopher Oliveira dos Reis","twitter_card":"summary_large_image","twitter_creator":"@saocamilosp","twitter_site":"@saocamilosp","twitter_misc":{"Escrito por":"Christopher Oliveira dos Reis","Est. tempo de leitura":"4 minutos"},"schema":{"@context":"https:\/\/schema.org","@graph":[{"@type":"Article","@id":"https:\/\/blog.saocamilo-sp.br\/index.php\/2025\/09\/12\/sao-camilo-na-28a-assembleia-geral-da-fiuc-no-mexico\/#article","isPartOf":{"@id":"https:\/\/blog.saocamilo-sp.br\/index.php\/2025\/09\/12\/sao-camilo-na-28a-assembleia-geral-da-fiuc-no-mexico\/"},"author":{"name":"Christopher Oliveira dos Reis","@id":"https:\/\/blog.saocamilo-sp.br\/#\/schema\/person\/7dce5f342af0848eb2f06778b2737904"},"headline":"S\u00e3o Camilo na 28\u00aa Assembleia Geral da FIUC no M\u00e9xico","datePublished":"2025-09-12T19:15:44+00:00","dateModified":"2025-09-12T19:20:21+00:00","mainEntityOfPage":{"@id":"https:\/\/blog.saocamilo-sp.br\/index.php\/2025\/09\/12\/sao-camilo-na-28a-assembleia-geral-da-fiuc-no-mexico\/"},"wordCount":754,"commentCount":0,"publisher":{"@id":"https:\/\/blog.saocamilo-sp.br\/#organization"},"image":{"@id":"https:\/\/blog.saocamilo-sp.br\/index.php\/2025\/09\/12\/sao-camilo-na-28a-assembleia-geral-da-fiuc-no-mexico\/#primaryimage"},"thumbnailUrl":"https:\/\/blog.saocamilo-sp.br\/wp-content\/uploads\/2025\/09\/Sao-Camilo-na-28a-Assembleia-Geral-da-FIUC-no-Mexico.png","keywords":["evento","internacional","S\u00e3o Camilo"],"articleSection":["Cursos","Evento","Internacional","Sa\u00fade"],"inLanguage":"pt-BR","potentialAction":[{"@type":"CommentAction","name":"Comment","target":["https:\/\/blog.saocamilo-sp.br\/index.php\/2025\/09\/12\/sao-camilo-na-28a-assembleia-geral-da-fiuc-no-mexico\/#respond"]}]},{"@type":"WebPage","@id":"https:\/\/blog.saocamilo-sp.br\/index.php\/2025\/09\/12\/sao-camilo-na-28a-assembleia-geral-da-fiuc-no-mexico\/","url":"https:\/\/blog.saocamilo-sp.br\/index.php\/2025\/09\/12\/sao-camilo-na-28a-assembleia-geral-da-fiuc-no-mexico\/","name":"S\u00e3o Camilo na 28\u00aa Assembleia Geral da FIUC no M\u00e9xico - Blog S\u00e3o Camilo","isPartOf":{"@id":"https:\/\/blog.saocamilo-sp.br\/#website"},"primaryImageOfPage":{"@id":"https:\/\/blog.saocamilo-sp.br\/index.php\/2025\/09\/12\/sao-camilo-na-28a-assembleia-geral-da-fiuc-no-mexico\/#primaryimage"},"image":{"@id":"https:\/\/blog.saocamilo-sp.br\/index.php\/2025\/09\/12\/sao-camilo-na-28a-assembleia-geral-da-fiuc-no-mexico\/#primaryimage"},"thumbnailUrl":"https:\/\/blog.saocamilo-sp.br\/wp-content\/uploads\/2025\/09\/Sao-Camilo-na-28a-Assembleia-Geral-da-FIUC-no-Mexico.png","datePublished":"2025-09-12T19:15:44+00:00","dateModified":"2025-09-12T19:20:21+00:00","description":"Participa\u00e7\u00e3o da S\u00e3o Camilo na FIUC refor\u00e7a sua presen\u00e7a internacional e reafirma o compromisso com uma educa\u00e7\u00e3o humanizada e integral.","breadcrumb":{"@id":"https:\/\/blog.saocamilo-sp.br\/index.php\/2025\/09\/12\/sao-camilo-na-28a-assembleia-geral-da-fiuc-no-mexico\/#breadcrumb"},"inLanguage":"pt-BR","potentialAction":[{"@type":"ReadAction","target":["https:\/\/blog.saocamilo-sp.br\/index.php\/2025\/09\/12\/sao-camilo-na-28a-assembleia-geral-da-fiuc-no-mexico\/"]}]},{"@type":"ImageObject","inLanguage":"pt-BR","@id":"https:\/\/blog.saocamilo-sp.br\/index.php\/2025\/09\/12\/sao-camilo-na-28a-assembleia-geral-da-fiuc-no-mexico\/#primaryimage","url":"https:\/\/blog.saocamilo-sp.br\/wp-content\/uploads\/2025\/09\/Sao-Camilo-na-28a-Assembleia-Geral-da-FIUC-no-Mexico.png","contentUrl":"https:\/\/blog.saocamilo-sp.br\/wp-content\/uploads\/2025\/09\/Sao-Camilo-na-28a-Assembleia-Geral-da-FIUC-no-Mexico.png","width":600,"height":406,"caption":"S\u00e3o Camilo na 28\u00aa Assembleia Geral da FIUC no M\u00e9xico"},{"@type":"BreadcrumbList","@id":"https:\/\/blog.saocamilo-sp.br\/index.php\/2025\/09\/12\/sao-camilo-na-28a-assembleia-geral-da-fiuc-no-mexico\/#breadcrumb","itemListElement":[{"@type":"ListItem","position":1,"name":"In\u00edcio","item":"https:\/\/blog.saocamilo-sp.br\/"},{"@type":"ListItem","position":2,"name":"S\u00e3o Camilo na 28\u00aa Assembleia Geral da FIUC no M\u00e9xico"}]},{"@type":"WebSite","@id":"https:\/\/blog.saocamilo-sp.br\/#website","url":"https:\/\/blog.saocamilo-sp.br\/","name":"Blog S\u00e3o Camilo","description":"Blog do Centro Universit\u00e1rio S\u00e3o Camilo","publisher":{"@id":"https:\/\/blog.saocamilo-sp.br\/#organization"},"potentialAction":[{"@type":"SearchAction","target":{"@type":"EntryPoint","urlTemplate":"https:\/\/blog.saocamilo-sp.br\/?s={search_term_string}"},"query-input":{"@type":"PropertyValueSpecification","valueRequired":true,"valueName":"search_term_string"}}],"inLanguage":"pt-BR"},{"@type":"Organization","@id":"https:\/\/blog.saocamilo-sp.br\/#organization","name":"Blog S\u00e3o Camilo","url":"https:\/\/blog.saocamilo-sp.br\/","logo":{"@type":"ImageObject","inLanguage":"pt-BR","@id":"https:\/\/blog.saocamilo-sp.br\/#\/schema\/logo\/image\/","url":"https:\/\/blog.saocamilo-sp.br\/wp-content\/uploads\/2021\/12\/cropped-vazio-logo-topo.png","contentUrl":"https:\/\/blog.saocamilo-sp.br\/wp-content\/uploads\/2021\/12\/cropped-vazio-logo-topo.png","width":320,"height":240,"caption":"Blog S\u00e3o Camilo"},"image":{"@id":"https:\/\/blog.saocamilo-sp.br\/#\/schema\/logo\/image\/"},"sameAs":["https:\/\/www.facebook.com\/saocamilosp","https:\/\/x.com\/saocamilosp","https:\/\/www.linkedin.com\/school\/centro-universit-rio-s-o-camilo\/"]},{"@type":"Person","@id":"https:\/\/blog.saocamilo-sp.br\/#\/schema\/person\/7dce5f342af0848eb2f06778b2737904","name":"Christopher Oliveira dos Reis","image":{"@type":"ImageObject","inLanguage":"pt-BR","@id":"https:\/\/secure.gravatar.com\/avatar\/b09a1361215d06f22999124838358b6855376e2b7287de883b723960b0c03f82?s=96&d=mm&r=g","url":"https:\/\/secure.gravatar.com\/avatar\/b09a1361215d06f22999124838358b6855376e2b7287de883b723960b0c03f82?s=96&d=mm&r=g","contentUrl":"https:\/\/secure.gravatar.com\/avatar\/b09a1361215d06f22999124838358b6855376e2b7287de883b723960b0c03f82?s=96&d=mm&r=g","caption":"Christopher Oliveira dos Reis"},"url":"https:\/\/blog.saocamilo-sp.br\/index.php\/author\/christopher-reis\/"}]}},"_links":{"self":[{"href":"https:\/\/blog.saocamilo-sp.br\/index.php\/wp-json\/wp\/v2\/posts\/3940","targetHints":{"allow":["GET"]}}],"collection":[{"href":"https:\/\/blog.saocamilo-sp.br\/index.php\/wp-json\/wp\/v2\/posts"}],"about":[{"href":"https:\/\/blog.saocamilo-sp.br\/index.php\/wp-json\/wp\/v2\/types\/post"}],"author":[{"embeddable":true,"href":"https:\/\/blog.saocamilo-sp.br\/index.php\/wp-json\/wp\/v2\/users\/11"}],"replies":[{"embeddable":true,"href":"https:\/\/blog.saocamilo-sp.br\/index.php\/wp-json\/wp\/v2\/comments?post=3940"}],"version-history":[{"count":6,"href":"https:\/\/blog.saocamilo-sp.br\/index.php\/wp-json\/wp\/v2\/posts\/3940\/revisions"}],"predecessor-version":[{"id":3972,"href":"https:\/\/blog.saocamilo-sp.br\/index.php\/wp-json\/wp\/v2\/posts\/3940\/revisions\/3972"}],"wp:featuredmedia":[{"embeddable":true,"href":"https:\/\/blog.saocamilo-sp.br\/index.php\/wp-json\/wp\/v2\/media\/3971"}],"wp:attachment":[{"href":"https:\/\/blog.saocamilo-sp.br\/index.php\/wp-json\/wp\/v2\/media?parent=3940"}],"wp:term":[{"taxonomy":"category","embeddable":true,"href":"https:\/\/blog.saocamilo-sp.br\/index.php\/wp-json\/wp\/v2\/categories?post=3940"},{"taxonomy":"post_tag","embeddable":true,"href":"https:\/\/blog.saocamilo-sp.br\/index.php\/wp-json\/wp\/v2\/tags?post=3940"}],"curies":[{"name":"wp","href":"https:\/\/api.w.org\/{rel}","templated":true}]}}