{"id":3973,"date":"2025-09-12T17:38:45","date_gmt":"2025-09-12T20:38:45","guid":{"rendered":"https:\/\/blog.saocamilo-sp.br\/?p=3973"},"modified":"2025-11-17T18:06:03","modified_gmt":"2025-11-17T21:06:03","slug":"10o-congresso-multiprofissional-a-festa-da-ciencia","status":"publish","type":"post","link":"https:\/\/blog.saocamilo-sp.br\/index.php\/2025\/09\/12\/10o-congresso-multiprofissional-a-festa-da-ciencia\/","title":{"rendered":"10\u00ba Congresso Multiprofissional: a celebra\u00e7\u00e3o da ci\u00eancia"},"content":{"rendered":"\n<p>Entre os dias <strong>6 e 8 de novembro de 2025<\/strong>, o <strong>Centro Universit\u00e1rio S\u00e3o Camilo<\/strong> realizar\u00e1 o <strong><a href=\"https:\/\/congressomulti.saocamilo-sp.br\/\">10\u00ba Congresso Multiprofissional<\/a><\/strong>, o maior evento cient\u00edfico da Institui\u00e7\u00e3o. O congresso ocorrer\u00e1 presencialmente no <strong>Campus Ipiranga (Av. Nazar\u00e9, 1501 \u2013 S\u00e3o Paulo\/SP)<\/strong> e reunir\u00e1 estudantes, profissionais e pesquisadores de diferentes \u00e1reas para tr\u00eas dias de intensas atividades cient\u00edficas, culturais e de inova\u00e7\u00e3o.<\/p>\n\n\n\n<figure class=\"wp-block-image size-full\"><img loading=\"lazy\" decoding=\"async\" width=\"800\" height=\"283\" src=\"https:\/\/blog.saocamilo-sp.br\/wp-content\/uploads\/2025\/09\/Imagens-10-Congresso-Multiprofissional-Sao-Camilo.png\" alt=\"\" class=\"wp-image-3981\" srcset=\"https:\/\/blog.saocamilo-sp.br\/wp-content\/uploads\/2025\/09\/Imagens-10-Congresso-Multiprofissional-Sao-Camilo.png 800w, https:\/\/blog.saocamilo-sp.br\/wp-content\/uploads\/2025\/09\/Imagens-10-Congresso-Multiprofissional-Sao-Camilo-300x106.png 300w, https:\/\/blog.saocamilo-sp.br\/wp-content\/uploads\/2025\/09\/Imagens-10-Congresso-Multiprofissional-Sao-Camilo-768x272.png 768w, https:\/\/blog.saocamilo-sp.br\/wp-content\/uploads\/2025\/09\/Imagens-10-Congresso-Multiprofissional-Sao-Camilo-600x212.png 600w\" sizes=\"auto, (max-width: 800px) 100vw, 800px\" \/><\/figure>\n\n\n\n<h3 class=\"wp-block-heading\"><strong>Uma jornada de conhecimento e integra\u00e7\u00e3o<\/strong><\/h3>\n\n\n\n<p>O Congresso ter\u00e1 in\u00edcio no dia <strong>6 de novembro<\/strong> com o <strong>II Simp\u00f3sio Multiprofissional de Pesquisa Cient\u00edfica (Pr\u00e9-Congresso)<\/strong>, dedicado \u00e0 apresenta\u00e7\u00e3o de projetos de inicia\u00e7\u00e3o cient\u00edfica e debates sobre integridade e inova\u00e7\u00e3o em pesquisa.<\/p>\n\n\n\n<p>Nos dias <strong>7 e 8 de novembro<\/strong>, a programa\u00e7\u00e3o se estende com <strong>palestras, mesas-redondas, simp\u00f3sios, apresenta\u00e7\u00f5es culturais, mostra de projetos da p\u00f3s-gradua\u00e7\u00e3o, submiss\u00e3o de trabalhos cient\u00edficos e o 2\u00ba Hackathon em Sa\u00fade<\/strong>, em parceria com o Instituto Mau\u00e1 de Tecnologia.<\/p>\n\n\n\n<p>O tema central deste ano, <strong>\u201cCi\u00eancia, Prop\u00f3sito e Protagonismo \u2013 Conectando Saberes para a Evolu\u00e7\u00e3o Profissional\u201d<\/strong>, refor\u00e7a o compromisso da S\u00e3o Camilo em estimular a integra\u00e7\u00e3o de m\u00faltiplos conhecimentos, ampliando a reflex\u00e3o sobre o papel da ci\u00eancia como norteadora de trajet\u00f3rias e transforma\u00e7\u00f5es sociais.<\/p>\n\n\n\n<h3 class=\"wp-block-heading\"><strong>Presen\u00e7a de especialistas renomados<\/strong><\/h3>\n\n\n\n<p>O Congresso contar\u00e1 com a participa\u00e7\u00e3o de <strong>pesquisadores e especialistas reconhecidos<\/strong>, que ir\u00e3o discutir os desafios da ci\u00eancia em um mundo cada vez mais tecnol\u00f3gico e interconectado. A programa\u00e7\u00e3o inclui ainda apresenta\u00e7\u00f5es de trabalhos em p\u00f4ster e comunica\u00e7\u00e3o oral, al\u00e9m do <strong>Pr\u00eamio Cientista Camiliano<\/strong>, que valoriza as melhores produ\u00e7\u00f5es cient\u00edficas nas categorias estudante e profissional.<br><br><\/p>\n\n\n\n<h3 class=\"wp-block-heading\">Palestrantes confirmados<\/h3>\n\n\n\n<figure class=\"wp-block-image size-full\"><img loading=\"lazy\" decoding=\"async\" width=\"800\" height=\"198\" src=\"https:\/\/blog.saocamilo-sp.br\/wp-content\/uploads\/2025\/09\/Palestrantes-10-Congresso-Multiprofissional.png\" alt=\"\" class=\"wp-image-3978\" srcset=\"https:\/\/blog.saocamilo-sp.br\/wp-content\/uploads\/2025\/09\/Palestrantes-10-Congresso-Multiprofissional.png 800w, https:\/\/blog.saocamilo-sp.br\/wp-content\/uploads\/2025\/09\/Palestrantes-10-Congresso-Multiprofissional-300x74.png 300w, https:\/\/blog.saocamilo-sp.br\/wp-content\/uploads\/2025\/09\/Palestrantes-10-Congresso-Multiprofissional-768x190.png 768w, https:\/\/blog.saocamilo-sp.br\/wp-content\/uploads\/2025\/09\/Palestrantes-10-Congresso-Multiprofissional-600x149.png 600w\" sizes=\"auto, (max-width: 800px) 100vw, 800px\" \/><\/figure>\n\n\n\n<ul class=\"wp-block-list\">\n<li><strong>Gustavo Mendes Lima Santos<\/strong> \u2013 Farmac\u00eautico e historiador. Diretor S\u00eanior de <strong>Global Regulatory Affairs LATAM<\/strong> na Eli Lilly and Company. Foi Diretor Executivo da <strong>Funda\u00e7\u00e3o Butantan<\/strong>, pesquisador no <strong>International Vaccine Institute<\/strong> e atuou por quase duas d\u00e9cadas na <strong>ANVISA<\/strong>, em gest\u00e3o de medicamentos e produtos biol\u00f3gicos. Farm\u00e1cia (USP), Hist\u00f3ria (UnB), Mestrado em Farmacologia e Toxicologia (UEL), Especializa\u00e7\u00e3o em Sa\u00fade P\u00fablica (FIOCRUZ) e Doutorado em Ci\u00eancias Farmac\u00eauticas (UEM).<br><\/li>\n\n\n\n<li><strong>Marcus Vinicius L\u00facio dos Santos Quaresma<\/strong> \u2013 Nutricionista (Centro Universit\u00e1rio S\u00e3o Camilo). Especialista em Fisiologia do Exerc\u00edcio (UNIFESP) e em Nutri\u00e7\u00e3o Esportiva (ASBRAN). <strong>Mestre<\/strong> (UNIFESP) e <strong>Doutor<\/strong> (FSP-USP) em Ci\u00eancias. Docente de <strong>Nutri\u00e7\u00e3o<\/strong> e <strong>Medicina<\/strong> no CUSC, Diretor Cient\u00edfico da <strong>Associa\u00e7\u00e3o Brasileira de Nutri\u00e7\u00e3o Esportiva<\/strong>. Nutricionista do <strong>Instituto Vanderlei Cordeiro de Lima<\/strong> e da <strong>ORCAMP<\/strong>.<br><\/li>\n\n\n\n<li><strong>Leandro Fukusawa<\/strong> \u2013 Fisioterapeuta (Centro Universit\u00e1rio S\u00e3o Camilo). Especializa\u00e7\u00e3o e Aprimoramento (Santa Casa de S\u00e3o Paulo). <strong>Mestre<\/strong> em Fisioterapia (UNICID), <strong>Doutor<\/strong> em Ci\u00eancias da Sa\u00fade (Santa Casa de S\u00e3o Paulo) e <strong>P\u00f3s-Doutorando<\/strong> em Reabilita\u00e7\u00e3o e Desempenho Funcional (UFVJM). S\u00f3cio-fundador do <strong>Grupo Superador<\/strong> e <strong>Diretor de Produto<\/strong> do portal <strong>FisioemOrtopedia<\/strong>.<br><\/li>\n\n\n\n<li><strong>Ana Lu\u00edza de Siqueira Sim\u00e3o<\/strong> \u2013 Enfermeira especialista em <strong>Preven\u00e7\u00e3o e Controle de Infec\u00e7\u00e3o Hospitalar<\/strong>. Gradua\u00e7\u00e3o em Enfermagem (CUSC, 2021). P\u00f3s-gradua\u00e7\u00f5es na <strong>Faculdade Israelita Albert Einstein<\/strong> (2023) e na <strong>PUCRS<\/strong> (2024). Mestranda em Gerenciamento em Enfermagem (EEUSP). Enfermeira do <strong>Servi\u00e7o de Controle de Infec\u00e7\u00e3o Hospitalar<\/strong> do <strong>Hospital Alem\u00e3o Oswaldo Cruz<\/strong>. Membro do grupo <strong>GPQualiS<\/strong><em>.<\/em><\/li>\n<\/ul>\n\n\n\n<h3 class=\"wp-block-heading\"><strong>Hackathon em Sa\u00fade: inova\u00e7\u00e3o colaborativa<\/strong><\/h3>\n\n\n\n<p>Um dos destaques ser\u00e1 o <strong>2\u00ba Hackathon em Sa\u00fade<\/strong>, que reunir\u00e1 equipes multidisciplinares do Centro Universit\u00e1rio S\u00e3o Camilo e do Instituto Mau\u00e1 de Tecnologia para propor solu\u00e7\u00f5es criativas e prot\u00f3tipos voltados a desafios reais da \u00e1rea da sa\u00fade. A atividade proporcionar\u00e1 aos participantes experi\u00eancia pr\u00e1tica de inova\u00e7\u00e3o e trabalho colaborativo, al\u00e9m de certifica\u00e7\u00e3o e premia\u00e7\u00f5es.<\/p>\n\n\n\n<p><strong>Submiss\u00e3o de trabalhos e inscri\u00e7\u00f5es<\/strong><\/p>\n\n\n\n<p>As inscri\u00e7\u00f5es para o Congresso e para a submiss\u00e3o de trabalhos est\u00e3o abertas at\u00e9 o dia <strong>25 de setembro de 2025<\/strong>, exclusivamente pelo site oficial: <a href=\"https:\/\/congressomulti.saocamilo-sp.br\">https:\/\/congressomulti.saocamilo-sp.br<\/a>.<\/p>\n\n\n\n<ul class=\"wp-block-list\">\n<li><strong>Pr\u00e9-Congresso:<\/strong> R$ 15,00<\/li>\n\n\n\n<li><strong>Congresso:<\/strong> R$ 35,00<\/li>\n<\/ul>\n\n\n\n<p>Podem submeter trabalhos estudantes do ensino profissionalizante, gradua\u00e7\u00e3o e p\u00f3s-gradua\u00e7\u00e3o, profissionais e egressos, nas \u00e1reas de sa\u00fade, gest\u00e3o, biologia, direito, pedagogia, psicologia, tecnologia, entre outras. Todos os resumos aceitos ser\u00e3o publicados em <strong>Anais eletr\u00f4nicos<\/strong> e os melhores artigos poder\u00e3o ser indicados para a revista <strong>O Mundo da Sa\u00fade<\/strong>.<\/p>\n\n\n\n<h3 class=\"wp-block-heading\"><strong>Uma oportunidade \u00fanica<\/strong><\/h3>\n\n\n\n<p>O <strong>10\u00ba Congresso Multiprofissional do Centro Universit\u00e1rio S\u00e3o Camilo<\/strong> representa um espa\u00e7o de integra\u00e7\u00e3o, troca de experi\u00eancias e fortalecimento da ci\u00eancia como pilar essencial da educa\u00e7\u00e3o e da pr\u00e1tica profissional.<\/p>\n\n\n\n<h3 class=\"wp-block-heading\"><strong>Servi\u00e7o<\/strong><\/h3>\n\n\n\n<p><strong>Local:<\/strong> Campus Ipiranga \u2013 Av. Nazar\u00e9, 1501 \u2013 S\u00e3o Paulo\/SP<br><strong>Datas:<\/strong> 06 a 08 de novembro de 2025<br><strong>Inscri\u00e7\u00f5es e submiss\u00e3o de trabalhos:<\/strong> <a href=\"https:\/\/congressomulti.saocamilo-sp.br\">https:\/\/congressomulti.saocamilo-sp.br<\/a><\/p>\n\n\n\n<p><strong>Confira tamb\u00e9m:<\/strong><\/p>\n\n\n\n<ul class=\"wp-block-list\">\n<li><a href=\"https:\/\/blog.saocamilo-sp.br\/index.php\/2024\/03\/25\/clinica-escola\/\">Pesquisadores da cl\u00ednica-escola PROMOVE publicam artigo em per\u00edodo cient\u00edfico<\/a><\/li>\n\n\n\n<li><a href=\"https:\/\/blog.saocamilo-sp.br\/index.php\/2024\/07\/08\/membro-da-coordenacao-de-pesquisa-que-ja-foi-ao-mit-fala-sobre-o-dia-internacional-do-pesquisador-cientifico\/\">Dia Nacional da Ci\u00eancia e do Pesquisador Cient\u00edfico \u2013 Membro da Coordena\u00e7\u00e3o de Pesquisa fala sobre a data\u00a0<\/a><\/li>\n\n\n\n<li><a href=\"https:\/\/blog.saocamilo-sp.br\/index.php\/2024\/12\/02\/639-pesquisadores-brasileiros-mais-influentes-do-mundo\/\">Pesquisadores influentes: editor da Revista \u201cO Mundo da Sa\u00fade\u201d da S\u00e3o Camilo \u00e9 destaque em livro<\/a><\/li>\n<\/ul>\n\n\n\n<p><\/p>\n","protected":false},"excerpt":{"rendered":"<p>Entre os dias 6 e 8\/11  ocorrer\u00e1 o maior evento cient\u00edfico da S\u00e3o Camilo. Conhe\u00e7a a programa\u00e7\u00e3o.<\/p>\n","protected":false},"author":13,"featured_media":3975,"comment_status":"open","ping_status":"open","sticky":false,"template":"","format":"standard","meta":{"cybocfi_hide_featured_image":"yes","footnotes":""},"categories":[1],"tags":[],"class_list":["post-3973","post","type-post","status-publish","format-standard","has-post-thumbnail","hentry","category-cursos"],"yoast_head":"<!-- This site is optimized with the Yoast SEO plugin v27.5 - https:\/\/yoast.com\/product\/yoast-seo-wordpress\/ -->\n<title>10\u00ba Congresso Multiprofissional: a celebra\u00e7\u00e3o da ci\u00eancia - Blog S\u00e3o Camilo<\/title>\n<meta name=\"description\" content=\"Entre os dias 6 e 8\/11, o Centro Universit\u00e1rio S\u00e3o Camilo realizar\u00e1 o 10\u00ba Congresso Multiprofissional, o seu maior evento cient\u00edfico.\" \/>\n<meta name=\"robots\" content=\"index, follow, max-snippet:-1, max-image-preview:large, max-video-preview:-1\" \/>\n<link rel=\"canonical\" href=\"https:\/\/blog.saocamilo-sp.br\/index.php\/2025\/09\/12\/10o-congresso-multiprofissional-a-festa-da-ciencia\/\" \/>\n<meta property=\"og:locale\" content=\"pt_BR\" \/>\n<meta property=\"og:type\" content=\"article\" \/>\n<meta property=\"og:title\" content=\"10\u00ba Congresso Multiprofissional: a celebra\u00e7\u00e3o da ci\u00eancia - Blog S\u00e3o Camilo\" \/>\n<meta property=\"og:description\" content=\"Entre os dias 6 e 8\/11, o Centro Universit\u00e1rio S\u00e3o Camilo realizar\u00e1 o 10\u00ba Congresso Multiprofissional, o seu maior evento cient\u00edfico.\" \/>\n<meta property=\"og:url\" content=\"https:\/\/blog.saocamilo-sp.br\/index.php\/2025\/09\/12\/10o-congresso-multiprofissional-a-festa-da-ciencia\/\" \/>\n<meta property=\"og:site_name\" content=\"Blog S\u00e3o Camilo\" \/>\n<meta property=\"article:publisher\" content=\"https:\/\/www.facebook.com\/saocamilosp\" \/>\n<meta property=\"article:published_time\" content=\"2025-09-12T20:38:45+00:00\" \/>\n<meta property=\"article:modified_time\" content=\"2025-11-17T21:06:03+00:00\" \/>\n<meta property=\"og:image\" content=\"https:\/\/blog.saocamilo-sp.br\/wp-content\/uploads\/2025\/09\/10o-Congresso-Multiprofissional-a-festa-da-ciencia.png\" \/>\n\t<meta property=\"og:image:width\" content=\"600\" \/>\n\t<meta property=\"og:image:height\" content=\"406\" \/>\n\t<meta property=\"og:image:type\" content=\"image\/png\" \/>\n<meta name=\"author\" content=\"Leandro Lafr\u00e1gola\" \/>\n<meta name=\"twitter:card\" content=\"summary_large_image\" \/>\n<meta name=\"twitter:creator\" content=\"@saocamilosp\" \/>\n<meta name=\"twitter:site\" content=\"@saocamilosp\" \/>\n<meta name=\"twitter:label1\" content=\"Escrito por\" \/>\n\t<meta name=\"twitter:data1\" content=\"Leandro Lafr\u00e1gola\" \/>\n\t<meta name=\"twitter:label2\" content=\"Est. tempo de leitura\" \/>\n\t<meta name=\"twitter:data2\" content=\"5 minutos\" \/>\n<script type=\"application\/ld+json\" class=\"yoast-schema-graph\">{\"@context\":\"https:\\\/\\\/schema.org\",\"@graph\":[{\"@type\":\"Article\",\"@id\":\"https:\\\/\\\/blog.saocamilo-sp.br\\\/index.php\\\/2025\\\/09\\\/12\\\/10o-congresso-multiprofissional-a-festa-da-ciencia\\\/#article\",\"isPartOf\":{\"@id\":\"https:\\\/\\\/blog.saocamilo-sp.br\\\/index.php\\\/2025\\\/09\\\/12\\\/10o-congresso-multiprofissional-a-festa-da-ciencia\\\/\"},\"author\":{\"name\":\"Leandro Lafr\u00e1gola\",\"@id\":\"https:\\\/\\\/blog.saocamilo-sp.br\\\/#\\\/schema\\\/person\\\/1a99645faaab0bb55105f817e866e19b\"},\"headline\":\"10\u00ba Congresso Multiprofissional: a celebra\u00e7\u00e3o da ci\u00eancia\",\"datePublished\":\"2025-09-12T20:38:45+00:00\",\"dateModified\":\"2025-11-17T21:06:03+00:00\",\"mainEntityOfPage\":{\"@id\":\"https:\\\/\\\/blog.saocamilo-sp.br\\\/index.php\\\/2025\\\/09\\\/12\\\/10o-congresso-multiprofissional-a-festa-da-ciencia\\\/\"},\"wordCount\":842,\"commentCount\":0,\"publisher\":{\"@id\":\"https:\\\/\\\/blog.saocamilo-sp.br\\\/#organization\"},\"image\":{\"@id\":\"https:\\\/\\\/blog.saocamilo-sp.br\\\/index.php\\\/2025\\\/09\\\/12\\\/10o-congresso-multiprofissional-a-festa-da-ciencia\\\/#primaryimage\"},\"thumbnailUrl\":\"https:\\\/\\\/blog.saocamilo-sp.br\\\/wp-content\\\/uploads\\\/2025\\\/09\\\/10o-Congresso-Multiprofissional-a-festa-da-ciencia.png\",\"articleSection\":[\"Cursos\"],\"inLanguage\":\"pt-BR\",\"potentialAction\":[{\"@type\":\"CommentAction\",\"name\":\"Comment\",\"target\":[\"https:\\\/\\\/blog.saocamilo-sp.br\\\/index.php\\\/2025\\\/09\\\/12\\\/10o-congresso-multiprofissional-a-festa-da-ciencia\\\/#respond\"]}]},{\"@type\":\"WebPage\",\"@id\":\"https:\\\/\\\/blog.saocamilo-sp.br\\\/index.php\\\/2025\\\/09\\\/12\\\/10o-congresso-multiprofissional-a-festa-da-ciencia\\\/\",\"url\":\"https:\\\/\\\/blog.saocamilo-sp.br\\\/index.php\\\/2025\\\/09\\\/12\\\/10o-congresso-multiprofissional-a-festa-da-ciencia\\\/\",\"name\":\"10\u00ba Congresso Multiprofissional: a celebra\u00e7\u00e3o da ci\u00eancia - Blog S\u00e3o Camilo\",\"isPartOf\":{\"@id\":\"https:\\\/\\\/blog.saocamilo-sp.br\\\/#website\"},\"primaryImageOfPage\":{\"@id\":\"https:\\\/\\\/blog.saocamilo-sp.br\\\/index.php\\\/2025\\\/09\\\/12\\\/10o-congresso-multiprofissional-a-festa-da-ciencia\\\/#primaryimage\"},\"image\":{\"@id\":\"https:\\\/\\\/blog.saocamilo-sp.br\\\/index.php\\\/2025\\\/09\\\/12\\\/10o-congresso-multiprofissional-a-festa-da-ciencia\\\/#primaryimage\"},\"thumbnailUrl\":\"https:\\\/\\\/blog.saocamilo-sp.br\\\/wp-content\\\/uploads\\\/2025\\\/09\\\/10o-Congresso-Multiprofissional-a-festa-da-ciencia.png\",\"datePublished\":\"2025-09-12T20:38:45+00:00\",\"dateModified\":\"2025-11-17T21:06:03+00:00\",\"description\":\"Entre os dias 6 e 8\\\/11, o Centro Universit\u00e1rio S\u00e3o Camilo realizar\u00e1 o 10\u00ba Congresso Multiprofissional, o seu maior evento cient\u00edfico.\",\"breadcrumb\":{\"@id\":\"https:\\\/\\\/blog.saocamilo-sp.br\\\/index.php\\\/2025\\\/09\\\/12\\\/10o-congresso-multiprofissional-a-festa-da-ciencia\\\/#breadcrumb\"},\"inLanguage\":\"pt-BR\",\"potentialAction\":[{\"@type\":\"ReadAction\",\"target\":[\"https:\\\/\\\/blog.saocamilo-sp.br\\\/index.php\\\/2025\\\/09\\\/12\\\/10o-congresso-multiprofissional-a-festa-da-ciencia\\\/\"]}]},{\"@type\":\"BreadcrumbList\",\"@id\":\"https:\\\/\\\/blog.saocamilo-sp.br\\\/index.php\\\/2025\\\/09\\\/12\\\/10o-congresso-multiprofissional-a-festa-da-ciencia\\\/#breadcrumb\",\"itemListElement\":[{\"@type\":\"ListItem\",\"position\":1,\"name\":\"In\u00edcio\",\"item\":\"https:\\\/\\\/blog.saocamilo-sp.br\\\/\"},{\"@type\":\"ListItem\",\"position\":2,\"name\":\"10\u00ba Congresso Multiprofissional: a celebra\u00e7\u00e3o da ci\u00eancia\"}]},{\"@type\":\"WebSite\",\"@id\":\"https:\\\/\\\/blog.saocamilo-sp.br\\\/#website\",\"url\":\"https:\\\/\\\/blog.saocamilo-sp.br\\\/\",\"name\":\"Blog S\u00e3o Camilo\",\"description\":\"Blog do Centro Universit\u00e1rio S\u00e3o Camilo\",\"publisher\":{\"@id\":\"https:\\\/\\\/blog.saocamilo-sp.br\\\/#organization\"},\"potentialAction\":[{\"@type\":\"SearchAction\",\"target\":{\"@type\":\"EntryPoint\",\"urlTemplate\":\"https:\\\/\\\/blog.saocamilo-sp.br\\\/?s={search_term_string}\"},\"query-input\":{\"@type\":\"PropertyValueSpecification\",\"valueRequired\":true,\"valueName\":\"search_term_string\"}}],\"inLanguage\":\"pt-BR\"},{\"@type\":\"Organization\",\"@id\":\"https:\\\/\\\/blog.saocamilo-sp.br\\\/#organization\",\"name\":\"Blog S\u00e3o Camilo\",\"url\":\"https:\\\/\\\/blog.saocamilo-sp.br\\\/\",\"logo\":{\"@type\":\"ImageObject\",\"inLanguage\":\"pt-BR\",\"@id\":\"https:\\\/\\\/blog.saocamilo-sp.br\\\/#\\\/schema\\\/logo\\\/image\\\/\",\"url\":\"https:\\\/\\\/blog.saocamilo-sp.br\\\/wp-content\\\/uploads\\\/2021\\\/12\\\/cropped-vazio-logo-topo.png\",\"contentUrl\":\"https:\\\/\\\/blog.saocamilo-sp.br\\\/wp-content\\\/uploads\\\/2021\\\/12\\\/cropped-vazio-logo-topo.png\",\"width\":320,\"height\":240,\"caption\":\"Blog S\u00e3o Camilo\"},\"image\":{\"@id\":\"https:\\\/\\\/blog.saocamilo-sp.br\\\/#\\\/schema\\\/logo\\\/image\\\/\"},\"sameAs\":[\"https:\\\/\\\/www.facebook.com\\\/saocamilosp\",\"https:\\\/\\\/x.com\\\/saocamilosp\",\"https:\\\/\\\/www.linkedin.com\\\/school\\\/centro-universit-rio-s-o-camilo\\\/\"]},{\"@type\":\"Person\",\"@id\":\"https:\\\/\\\/blog.saocamilo-sp.br\\\/#\\\/schema\\\/person\\\/1a99645faaab0bb55105f817e866e19b\",\"name\":\"Leandro Lafr\u00e1gola\",\"image\":{\"@type\":\"ImageObject\",\"inLanguage\":\"pt-BR\",\"@id\":\"https:\\\/\\\/secure.gravatar.com\\\/avatar\\\/ec4232fb8d50d80f1c672353dc4c2876490e6a0a2a33d6572c0ba1fb78f115cf?s=96&d=mm&r=g\",\"url\":\"https:\\\/\\\/secure.gravatar.com\\\/avatar\\\/ec4232fb8d50d80f1c672353dc4c2876490e6a0a2a33d6572c0ba1fb78f115cf?s=96&d=mm&r=g\",\"contentUrl\":\"https:\\\/\\\/secure.gravatar.com\\\/avatar\\\/ec4232fb8d50d80f1c672353dc4c2876490e6a0a2a33d6572c0ba1fb78f115cf?s=96&d=mm&r=g\",\"caption\":\"Leandro Lafr\u00e1gola\"},\"url\":\"https:\\\/\\\/blog.saocamilo-sp.br\\\/index.php\\\/author\\\/llafragola\\\/\"}]}<\/script>\n<!-- \/ Yoast SEO plugin. -->","yoast_head_json":{"title":"10\u00ba Congresso Multiprofissional: a celebra\u00e7\u00e3o da ci\u00eancia - Blog S\u00e3o Camilo","description":"Entre os dias 6 e 8\/11, o Centro Universit\u00e1rio S\u00e3o Camilo realizar\u00e1 o 10\u00ba Congresso Multiprofissional, o seu maior evento cient\u00edfico.","robots":{"index":"index","follow":"follow","max-snippet":"max-snippet:-1","max-image-preview":"max-image-preview:large","max-video-preview":"max-video-preview:-1"},"canonical":"https:\/\/blog.saocamilo-sp.br\/index.php\/2025\/09\/12\/10o-congresso-multiprofissional-a-festa-da-ciencia\/","og_locale":"pt_BR","og_type":"article","og_title":"10\u00ba Congresso Multiprofissional: a celebra\u00e7\u00e3o da ci\u00eancia - Blog S\u00e3o Camilo","og_description":"Entre os dias 6 e 8\/11, o Centro Universit\u00e1rio S\u00e3o Camilo realizar\u00e1 o 10\u00ba Congresso Multiprofissional, o seu maior evento cient\u00edfico.","og_url":"https:\/\/blog.saocamilo-sp.br\/index.php\/2025\/09\/12\/10o-congresso-multiprofissional-a-festa-da-ciencia\/","og_site_name":"Blog S\u00e3o Camilo","article_publisher":"https:\/\/www.facebook.com\/saocamilosp","article_published_time":"2025-09-12T20:38:45+00:00","article_modified_time":"2025-11-17T21:06:03+00:00","og_image":[{"width":600,"height":406,"url":"https:\/\/blog.saocamilo-sp.br\/wp-content\/uploads\/2025\/09\/10o-Congresso-Multiprofissional-a-festa-da-ciencia.png","type":"image\/png"}],"author":"Leandro Lafr\u00e1gola","twitter_card":"summary_large_image","twitter_creator":"@saocamilosp","twitter_site":"@saocamilosp","twitter_misc":{"Escrito por":"Leandro Lafr\u00e1gola","Est. tempo de leitura":"5 minutos"},"schema":{"@context":"https:\/\/schema.org","@graph":[{"@type":"Article","@id":"https:\/\/blog.saocamilo-sp.br\/index.php\/2025\/09\/12\/10o-congresso-multiprofissional-a-festa-da-ciencia\/#article","isPartOf":{"@id":"https:\/\/blog.saocamilo-sp.br\/index.php\/2025\/09\/12\/10o-congresso-multiprofissional-a-festa-da-ciencia\/"},"author":{"name":"Leandro Lafr\u00e1gola","@id":"https:\/\/blog.saocamilo-sp.br\/#\/schema\/person\/1a99645faaab0bb55105f817e866e19b"},"headline":"10\u00ba Congresso Multiprofissional: a celebra\u00e7\u00e3o da ci\u00eancia","datePublished":"2025-09-12T20:38:45+00:00","dateModified":"2025-11-17T21:06:03+00:00","mainEntityOfPage":{"@id":"https:\/\/blog.saocamilo-sp.br\/index.php\/2025\/09\/12\/10o-congresso-multiprofissional-a-festa-da-ciencia\/"},"wordCount":842,"commentCount":0,"publisher":{"@id":"https:\/\/blog.saocamilo-sp.br\/#organization"},"image":{"@id":"https:\/\/blog.saocamilo-sp.br\/index.php\/2025\/09\/12\/10o-congresso-multiprofissional-a-festa-da-ciencia\/#primaryimage"},"thumbnailUrl":"https:\/\/blog.saocamilo-sp.br\/wp-content\/uploads\/2025\/09\/10o-Congresso-Multiprofissional-a-festa-da-ciencia.png","articleSection":["Cursos"],"inLanguage":"pt-BR","potentialAction":[{"@type":"CommentAction","name":"Comment","target":["https:\/\/blog.saocamilo-sp.br\/index.php\/2025\/09\/12\/10o-congresso-multiprofissional-a-festa-da-ciencia\/#respond"]}]},{"@type":"WebPage","@id":"https:\/\/blog.saocamilo-sp.br\/index.php\/2025\/09\/12\/10o-congresso-multiprofissional-a-festa-da-ciencia\/","url":"https:\/\/blog.saocamilo-sp.br\/index.php\/2025\/09\/12\/10o-congresso-multiprofissional-a-festa-da-ciencia\/","name":"10\u00ba Congresso Multiprofissional: a celebra\u00e7\u00e3o da ci\u00eancia - Blog S\u00e3o Camilo","isPartOf":{"@id":"https:\/\/blog.saocamilo-sp.br\/#website"},"primaryImageOfPage":{"@id":"https:\/\/blog.saocamilo-sp.br\/index.php\/2025\/09\/12\/10o-congresso-multiprofissional-a-festa-da-ciencia\/#primaryimage"},"image":{"@id":"https:\/\/blog.saocamilo-sp.br\/index.php\/2025\/09\/12\/10o-congresso-multiprofissional-a-festa-da-ciencia\/#primaryimage"},"thumbnailUrl":"https:\/\/blog.saocamilo-sp.br\/wp-content\/uploads\/2025\/09\/10o-Congresso-Multiprofissional-a-festa-da-ciencia.png","datePublished":"2025-09-12T20:38:45+00:00","dateModified":"2025-11-17T21:06:03+00:00","description":"Entre os dias 6 e 8\/11, o Centro Universit\u00e1rio S\u00e3o Camilo realizar\u00e1 o 10\u00ba Congresso Multiprofissional, o seu maior evento cient\u00edfico.","breadcrumb":{"@id":"https:\/\/blog.saocamilo-sp.br\/index.php\/2025\/09\/12\/10o-congresso-multiprofissional-a-festa-da-ciencia\/#breadcrumb"},"inLanguage":"pt-BR","potentialAction":[{"@type":"ReadAction","target":["https:\/\/blog.saocamilo-sp.br\/index.php\/2025\/09\/12\/10o-congresso-multiprofissional-a-festa-da-ciencia\/"]}]},{"@type":"BreadcrumbList","@id":"https:\/\/blog.saocamilo-sp.br\/index.php\/2025\/09\/12\/10o-congresso-multiprofissional-a-festa-da-ciencia\/#breadcrumb","itemListElement":[{"@type":"ListItem","position":1,"name":"In\u00edcio","item":"https:\/\/blog.saocamilo-sp.br\/"},{"@type":"ListItem","position":2,"name":"10\u00ba Congresso Multiprofissional: a celebra\u00e7\u00e3o da ci\u00eancia"}]},{"@type":"WebSite","@id":"https:\/\/blog.saocamilo-sp.br\/#website","url":"https:\/\/blog.saocamilo-sp.br\/","name":"Blog S\u00e3o Camilo","description":"Blog do Centro Universit\u00e1rio S\u00e3o Camilo","publisher":{"@id":"https:\/\/blog.saocamilo-sp.br\/#organization"},"potentialAction":[{"@type":"SearchAction","target":{"@type":"EntryPoint","urlTemplate":"https:\/\/blog.saocamilo-sp.br\/?s={search_term_string}"},"query-input":{"@type":"PropertyValueSpecification","valueRequired":true,"valueName":"search_term_string"}}],"inLanguage":"pt-BR"},{"@type":"Organization","@id":"https:\/\/blog.saocamilo-sp.br\/#organization","name":"Blog S\u00e3o Camilo","url":"https:\/\/blog.saocamilo-sp.br\/","logo":{"@type":"ImageObject","inLanguage":"pt-BR","@id":"https:\/\/blog.saocamilo-sp.br\/#\/schema\/logo\/image\/","url":"https:\/\/blog.saocamilo-sp.br\/wp-content\/uploads\/2021\/12\/cropped-vazio-logo-topo.png","contentUrl":"https:\/\/blog.saocamilo-sp.br\/wp-content\/uploads\/2021\/12\/cropped-vazio-logo-topo.png","width":320,"height":240,"caption":"Blog S\u00e3o Camilo"},"image":{"@id":"https:\/\/blog.saocamilo-sp.br\/#\/schema\/logo\/image\/"},"sameAs":["https:\/\/www.facebook.com\/saocamilosp","https:\/\/x.com\/saocamilosp","https:\/\/www.linkedin.com\/school\/centro-universit-rio-s-o-camilo\/"]},{"@type":"Person","@id":"https:\/\/blog.saocamilo-sp.br\/#\/schema\/person\/1a99645faaab0bb55105f817e866e19b","name":"Leandro Lafr\u00e1gola","image":{"@type":"ImageObject","inLanguage":"pt-BR","@id":"https:\/\/secure.gravatar.com\/avatar\/ec4232fb8d50d80f1c672353dc4c2876490e6a0a2a33d6572c0ba1fb78f115cf?s=96&d=mm&r=g","url":"https:\/\/secure.gravatar.com\/avatar\/ec4232fb8d50d80f1c672353dc4c2876490e6a0a2a33d6572c0ba1fb78f115cf?s=96&d=mm&r=g","contentUrl":"https:\/\/secure.gravatar.com\/avatar\/ec4232fb8d50d80f1c672353dc4c2876490e6a0a2a33d6572c0ba1fb78f115cf?s=96&d=mm&r=g","caption":"Leandro Lafr\u00e1gola"},"url":"https:\/\/blog.saocamilo-sp.br\/index.php\/author\/llafragola\/"}]}},"_links":{"self":[{"href":"https:\/\/blog.saocamilo-sp.br\/index.php\/wp-json\/wp\/v2\/posts\/3973","targetHints":{"allow":["GET"]}}],"collection":[{"href":"https:\/\/blog.saocamilo-sp.br\/index.php\/wp-json\/wp\/v2\/posts"}],"about":[{"href":"https:\/\/blog.saocamilo-sp.br\/index.php\/wp-json\/wp\/v2\/types\/post"}],"author":[{"embeddable":true,"href":"https:\/\/blog.saocamilo-sp.br\/index.php\/wp-json\/wp\/v2\/users\/13"}],"replies":[{"embeddable":true,"href":"https:\/\/blog.saocamilo-sp.br\/index.php\/wp-json\/wp\/v2\/comments?post=3973"}],"version-history":[{"count":6,"href":"https:\/\/blog.saocamilo-sp.br\/index.php\/wp-json\/wp\/v2\/posts\/3973\/revisions"}],"predecessor-version":[{"id":4120,"href":"https:\/\/blog.saocamilo-sp.br\/index.php\/wp-json\/wp\/v2\/posts\/3973\/revisions\/4120"}],"wp:featuredmedia":[{"embeddable":true,"href":"https:\/\/blog.saocamilo-sp.br\/index.php\/wp-json\/wp\/v2\/media\/3975"}],"wp:attachment":[{"href":"https:\/\/blog.saocamilo-sp.br\/index.php\/wp-json\/wp\/v2\/media?parent=3973"}],"wp:term":[{"taxonomy":"category","embeddable":true,"href":"https:\/\/blog.saocamilo-sp.br\/index.php\/wp-json\/wp\/v2\/categories?post=3973"},{"taxonomy":"post_tag","embeddable":true,"href":"https:\/\/blog.saocamilo-sp.br\/index.php\/wp-json\/wp\/v2\/tags?post=3973"}],"curies":[{"name":"wp","href":"https:\/\/api.w.org\/{rel}","templated":true}]}}