{"id":3985,"date":"2025-09-02T17:51:53","date_gmt":"2025-09-02T20:51:53","guid":{"rendered":"https:\/\/blog.saocamilo-sp.br\/?p=3985"},"modified":"2025-10-21T18:40:16","modified_gmt":"2025-10-21T21:40:16","slug":"2a-international-fair-promove-integracao-cultural-e-academica","status":"publish","type":"post","link":"https:\/\/blog.saocamilo-sp.br\/index.php\/2025\/09\/02\/2a-international-fair-promove-integracao-cultural-e-academica\/","title":{"rendered":"2\u00aa International Fair promove integra\u00e7\u00e3o cultural e acad\u00eamica"},"content":{"rendered":"\n<p>No dia <strong>28 de agosto<\/strong>, o <strong>Campus Pompeia<\/strong> do <a href=\"https:\/\/saocamilo-sp.br\/\">Centro Universit\u00e1rio S\u00e3o Camilo <\/a>sediou a <strong>2\u00aa edi\u00e7\u00e3o da International Fair<\/strong>. O evento reuniu estudantes, professores, colaboradores e visitantes externos. <strong>Al\u00e9m disso<\/strong>, ofereceu uma programa\u00e7\u00e3o especial dedicada \u00e0 internacionaliza\u00e7\u00e3o, \u00e0 troca de experi\u00eancias e \u00e0 valoriza\u00e7\u00e3o da diversidade cultural.<\/p>\n\n\n\n<h2 class=\"wp-block-heading\">Uma experi\u00eancia de aprendizado sem fronteiras<\/h2>\n\n\n\n<p>Sob a lideran\u00e7a de Rayssa Rios, a International Fair teve como objetivo aproximar a comunidade acad\u00eamica das oportunidades globais de forma\u00e7\u00e3o e interc\u00e2mbio. <strong>Durante o dia<\/strong>, os participantes puderam visitar estandes de universidades parceiras, assistir a palestras e participar de workshops e rodas de conversa. Dessa forma, destacaram-se as oportunidades de viv\u00eancia internacional no desenvolvimento pessoal e profissional.<\/p>\n\n\n\n<p>O evento tamb\u00e9m contou com <strong>participa\u00e7\u00e3o de estudantes que fizeram intercambiei<\/strong>, que compartilharam suas experi\u00eancias acad\u00eamicas e culturais. <strong>Consequentemente<\/strong>, proporcionou-se um espa\u00e7o rico de intera\u00e7\u00e3o e troca de conhecimentos.<\/p>\n\n\n\n<h3 class=\"wp-block-heading\">Palestras que inspiraram<\/h3>\n\n\n\n<p>Entre os momentos mais marcantes da feira estiveram as palestras ministradas por Dhara e Pandora:<\/p>\n\n\n\n<ul class=\"wp-block-list\">\n<li><strong>Dhara<\/strong> apresentou o tema \u201cDesafios e oportunidades da mobilidade internacional\u201d. Ela abordou como experi\u00eancias acad\u00eamicas no exterior podem transformar carreiras e ampliar perspectivas pessoais. Al\u00e9m disso, trouxe exemplos pr\u00e1ticos de interc\u00e2mbios bem-sucedidos e respondeu perguntas do p\u00fablico sobre prepara\u00e7\u00e3o para experi\u00eancias internacionais, bolsas de estudo e integra\u00e7\u00e3o cultural.<br><\/li>\n\n\n\n<li><strong>Pandora<\/strong> trouxe a palestra \u201cInterculturalidade e diversidade na educa\u00e7\u00e3o global\u201d. Ela destacou a import\u00e2ncia de compreender diferentes culturas e valores para se tornar um profissional mais adapt\u00e1vel e humano. Durante sua apresenta\u00e7\u00e3o, Pandora compartilhou hist\u00f3rias inspiradoras de estudantes que vivenciaram desafios culturais. Assim, mostrou como essas experi\u00eancias contribuem para o crescimento pessoal e acad\u00eamico.<\/li>\n<\/ul>\n\n\n\n<p>Por outro lado, essas palestras tamb\u00e9m foram acompanhadas de din\u00e2micas interativas e momentos de debate, incentivando o p\u00fablico a refletir sobre a import\u00e2ncia da internacionaliza\u00e7\u00e3o na forma\u00e7\u00e3o acad\u00eamica e no futuro profissional.<\/p>\n\n\n\n<h2 class=\"wp-block-heading\">Atividades e destaques da programa\u00e7\u00e3o<\/h2>\n\n\n\n<p>Al\u00e9m das palestras, a International Fair contou com:<\/p>\n\n\n\n<ul class=\"wp-block-list\">\n<li><strong>Workshops pr\u00e1ticos<\/strong> sobre interc\u00e2mbio, bolsas e oportunidades acad\u00eamicas internacionais;<\/li>\n\n\n\n<li><strong>Estandes de universidades parceiras<\/strong>, com informa\u00e7\u00f5es detalhadas sobre cursos, requisitos e experi\u00eancias de interc\u00e2mbio;<\/li>\n\n\n\n<li><strong>Espa\u00e7o multicultural<\/strong>, com apresenta\u00e7\u00f5es art\u00edsticas e culin\u00e1rias de diferentes pa\u00edses, promovendo a integra\u00e7\u00e3o cultural e a viv\u00eancia direta da diversidade;<\/li>\n\n\n\n<li><strong>Depoimentos de alunos<\/strong>, que relataram suas experi\u00eancias internacionais e o impacto dessas viv\u00eancias em suas trajet\u00f3rias acad\u00eamicas e profissionais.<\/li>\n<\/ul>\n\n\n\n<p>Ao longo do dia, aproximadamente <strong>300 participantes<\/strong> passaram pelo evento. <strong>Dessa forma<\/strong>, ficou evidente o grande interesse da comunidade acad\u00eamica e do p\u00fablico externo em ampliar horizontes e buscar oportunidades globais.<\/p>\n\n\n\n<h2 class=\"wp-block-heading\">Impacto para a comunidade acad\u00eamica<\/h2>\n\n\n\n<p>A realiza\u00e7\u00e3o da 2\u00aa edi\u00e7\u00e3o da International Fair refor\u00e7ou o compromisso da S\u00e3o Camilo com a <strong>forma\u00e7\u00e3o integral e global dos seus estudantes<\/strong>. <strong>Portanto<\/strong>, o evento preparou-os para desafios cada vez mais conectados e interdependentes. Al\u00e9m disso, fortaleceu o v\u00ednculo com institui\u00e7\u00f5es parceiras e abriu novas possibilidades para futuros projetos de coopera\u00e7\u00e3o internacional. <strong>Consequentemente<\/strong>, consolidou o Centro Universit\u00e1rio como refer\u00eancia na promo\u00e7\u00e3o da internacionaliza\u00e7\u00e3o acad\u00eamica.<\/p>\n\n\n\n<h2 class=\"wp-block-heading\">Um convite ao futuro<\/h2>\n\n\n\n<p>A International Fair mostrou que a educa\u00e7\u00e3o camiliana est\u00e1 atenta \u00e0s transforma\u00e7\u00f5es do mundo. <strong>Assim<\/strong>, o evento evidenciou o compromisso da institui\u00e7\u00e3o em formar profissionais preparados para atuar em qualquer lugar. Al\u00e9m disso, foi uma oportunidade de expandir horizontes e construir trajet\u00f3rias globais, valorizando o aprendizado cont\u00ednuo, a diversidade e a troca cultural.<\/p>\n","protected":false},"excerpt":{"rendered":"<p>Evento internacional promoveu integra\u00e7\u00e3o cultural e acad\u00eamica, com palestras, workshops e experi\u00eancias sobre internacionaliza\u00e7\u00e3o.<\/p>\n","protected":false},"author":11,"featured_media":4010,"comment_status":"open","ping_status":"open","sticky":false,"template":"","format":"standard","meta":{"cybocfi_hide_featured_image":"","footnotes":""},"categories":[1],"tags":[],"class_list":["post-3985","post","type-post","status-publish","format-standard","has-post-thumbnail","hentry","category-cursos"],"yoast_head":"<!-- This site is optimized with the Yoast SEO plugin v27.5 - https:\/\/yoast.com\/product\/yoast-seo-wordpress\/ -->\n<title>2\u00aa International Fair promove integra\u00e7\u00e3o cultural e acad\u00eamica<\/title>\n<meta name=\"description\" content=\"Evento internacional promoveu integra\u00e7\u00e3o cultural e acad\u00eamica, com palestras, workshops e experi\u00eancias sobre internacionaliza\u00e7\u00e3o.\" \/>\n<meta name=\"robots\" content=\"index, follow, max-snippet:-1, max-image-preview:large, max-video-preview:-1\" \/>\n<link rel=\"canonical\" href=\"https:\/\/blog.saocamilo-sp.br\/index.php\/2025\/09\/02\/2a-international-fair-promove-integracao-cultural-e-academica\/\" \/>\n<meta property=\"og:locale\" content=\"pt_BR\" \/>\n<meta property=\"og:type\" content=\"article\" \/>\n<meta property=\"og:title\" content=\"2\u00aa International Fair promove integra\u00e7\u00e3o cultural e acad\u00eamica\" \/>\n<meta property=\"og:description\" content=\"Evento internacional promoveu integra\u00e7\u00e3o cultural e acad\u00eamica, com palestras, workshops e experi\u00eancias sobre internacionaliza\u00e7\u00e3o.\" \/>\n<meta property=\"og:url\" content=\"https:\/\/blog.saocamilo-sp.br\/index.php\/2025\/09\/02\/2a-international-fair-promove-integracao-cultural-e-academica\/\" \/>\n<meta property=\"og:site_name\" content=\"Blog S\u00e3o Camilo\" \/>\n<meta property=\"article:publisher\" content=\"https:\/\/www.facebook.com\/saocamilosp\" \/>\n<meta property=\"article:published_time\" content=\"2025-09-02T20:51:53+00:00\" \/>\n<meta property=\"article:modified_time\" content=\"2025-10-21T21:40:16+00:00\" \/>\n<meta property=\"og:image\" content=\"https:\/\/blog.saocamilo-sp.br\/wp-content\/uploads\/2025\/09\/International-Fair.png\" \/>\n\t<meta property=\"og:image:width\" content=\"600\" \/>\n\t<meta property=\"og:image:height\" content=\"406\" \/>\n\t<meta property=\"og:image:type\" content=\"image\/png\" \/>\n<meta name=\"author\" content=\"Christopher Oliveira dos Reis\" \/>\n<meta name=\"twitter:card\" content=\"summary_large_image\" \/>\n<meta name=\"twitter:creator\" content=\"@saocamilosp\" \/>\n<meta name=\"twitter:site\" content=\"@saocamilosp\" \/>\n<meta name=\"twitter:label1\" content=\"Escrito por\" \/>\n\t<meta name=\"twitter:data1\" content=\"Christopher Oliveira dos Reis\" \/>\n\t<meta name=\"twitter:label2\" content=\"Est. tempo de leitura\" \/>\n\t<meta name=\"twitter:data2\" content=\"4 minutos\" \/>\n<script type=\"application\/ld+json\" class=\"yoast-schema-graph\">{\"@context\":\"https:\\\/\\\/schema.org\",\"@graph\":[{\"@type\":\"Article\",\"@id\":\"https:\\\/\\\/blog.saocamilo-sp.br\\\/index.php\\\/2025\\\/09\\\/02\\\/2a-international-fair-promove-integracao-cultural-e-academica\\\/#article\",\"isPartOf\":{\"@id\":\"https:\\\/\\\/blog.saocamilo-sp.br\\\/index.php\\\/2025\\\/09\\\/02\\\/2a-international-fair-promove-integracao-cultural-e-academica\\\/\"},\"author\":{\"name\":\"Christopher Oliveira dos Reis\",\"@id\":\"https:\\\/\\\/blog.saocamilo-sp.br\\\/#\\\/schema\\\/person\\\/7dce5f342af0848eb2f06778b2737904\"},\"headline\":\"2\u00aa International Fair promove integra\u00e7\u00e3o cultural e acad\u00eamica\",\"datePublished\":\"2025-09-02T20:51:53+00:00\",\"dateModified\":\"2025-10-21T21:40:16+00:00\",\"mainEntityOfPage\":{\"@id\":\"https:\\\/\\\/blog.saocamilo-sp.br\\\/index.php\\\/2025\\\/09\\\/02\\\/2a-international-fair-promove-integracao-cultural-e-academica\\\/\"},\"wordCount\":613,\"commentCount\":0,\"publisher\":{\"@id\":\"https:\\\/\\\/blog.saocamilo-sp.br\\\/#organization\"},\"image\":{\"@id\":\"https:\\\/\\\/blog.saocamilo-sp.br\\\/index.php\\\/2025\\\/09\\\/02\\\/2a-international-fair-promove-integracao-cultural-e-academica\\\/#primaryimage\"},\"thumbnailUrl\":\"https:\\\/\\\/blog.saocamilo-sp.br\\\/wp-content\\\/uploads\\\/2025\\\/09\\\/International-Fair.png\",\"articleSection\":[\"Cursos\"],\"inLanguage\":\"pt-BR\",\"potentialAction\":[{\"@type\":\"CommentAction\",\"name\":\"Comment\",\"target\":[\"https:\\\/\\\/blog.saocamilo-sp.br\\\/index.php\\\/2025\\\/09\\\/02\\\/2a-international-fair-promove-integracao-cultural-e-academica\\\/#respond\"]}]},{\"@type\":\"WebPage\",\"@id\":\"https:\\\/\\\/blog.saocamilo-sp.br\\\/index.php\\\/2025\\\/09\\\/02\\\/2a-international-fair-promove-integracao-cultural-e-academica\\\/\",\"url\":\"https:\\\/\\\/blog.saocamilo-sp.br\\\/index.php\\\/2025\\\/09\\\/02\\\/2a-international-fair-promove-integracao-cultural-e-academica\\\/\",\"name\":\"2\u00aa International Fair promove integra\u00e7\u00e3o cultural e acad\u00eamica\",\"isPartOf\":{\"@id\":\"https:\\\/\\\/blog.saocamilo-sp.br\\\/#website\"},\"primaryImageOfPage\":{\"@id\":\"https:\\\/\\\/blog.saocamilo-sp.br\\\/index.php\\\/2025\\\/09\\\/02\\\/2a-international-fair-promove-integracao-cultural-e-academica\\\/#primaryimage\"},\"image\":{\"@id\":\"https:\\\/\\\/blog.saocamilo-sp.br\\\/index.php\\\/2025\\\/09\\\/02\\\/2a-international-fair-promove-integracao-cultural-e-academica\\\/#primaryimage\"},\"thumbnailUrl\":\"https:\\\/\\\/blog.saocamilo-sp.br\\\/wp-content\\\/uploads\\\/2025\\\/09\\\/International-Fair.png\",\"datePublished\":\"2025-09-02T20:51:53+00:00\",\"dateModified\":\"2025-10-21T21:40:16+00:00\",\"description\":\"Evento internacional promoveu integra\u00e7\u00e3o cultural e acad\u00eamica, com palestras, workshops e experi\u00eancias sobre internacionaliza\u00e7\u00e3o.\",\"breadcrumb\":{\"@id\":\"https:\\\/\\\/blog.saocamilo-sp.br\\\/index.php\\\/2025\\\/09\\\/02\\\/2a-international-fair-promove-integracao-cultural-e-academica\\\/#breadcrumb\"},\"inLanguage\":\"pt-BR\",\"potentialAction\":[{\"@type\":\"ReadAction\",\"target\":[\"https:\\\/\\\/blog.saocamilo-sp.br\\\/index.php\\\/2025\\\/09\\\/02\\\/2a-international-fair-promove-integracao-cultural-e-academica\\\/\"]}]},{\"@type\":\"ImageObject\",\"inLanguage\":\"pt-BR\",\"@id\":\"https:\\\/\\\/blog.saocamilo-sp.br\\\/index.php\\\/2025\\\/09\\\/02\\\/2a-international-fair-promove-integracao-cultural-e-academica\\\/#primaryimage\",\"url\":\"https:\\\/\\\/blog.saocamilo-sp.br\\\/wp-content\\\/uploads\\\/2025\\\/09\\\/International-Fair.png\",\"contentUrl\":\"https:\\\/\\\/blog.saocamilo-sp.br\\\/wp-content\\\/uploads\\\/2025\\\/09\\\/International-Fair.png\",\"width\":600,\"height\":406,\"caption\":\"International Fair\"},{\"@type\":\"BreadcrumbList\",\"@id\":\"https:\\\/\\\/blog.saocamilo-sp.br\\\/index.php\\\/2025\\\/09\\\/02\\\/2a-international-fair-promove-integracao-cultural-e-academica\\\/#breadcrumb\",\"itemListElement\":[{\"@type\":\"ListItem\",\"position\":1,\"name\":\"In\u00edcio\",\"item\":\"https:\\\/\\\/blog.saocamilo-sp.br\\\/\"},{\"@type\":\"ListItem\",\"position\":2,\"name\":\"2\u00aa International Fair promove integra\u00e7\u00e3o cultural e acad\u00eamica\"}]},{\"@type\":\"WebSite\",\"@id\":\"https:\\\/\\\/blog.saocamilo-sp.br\\\/#website\",\"url\":\"https:\\\/\\\/blog.saocamilo-sp.br\\\/\",\"name\":\"Blog S\u00e3o Camilo\",\"description\":\"Blog do Centro Universit\u00e1rio S\u00e3o Camilo\",\"publisher\":{\"@id\":\"https:\\\/\\\/blog.saocamilo-sp.br\\\/#organization\"},\"potentialAction\":[{\"@type\":\"SearchAction\",\"target\":{\"@type\":\"EntryPoint\",\"urlTemplate\":\"https:\\\/\\\/blog.saocamilo-sp.br\\\/?s={search_term_string}\"},\"query-input\":{\"@type\":\"PropertyValueSpecification\",\"valueRequired\":true,\"valueName\":\"search_term_string\"}}],\"inLanguage\":\"pt-BR\"},{\"@type\":\"Organization\",\"@id\":\"https:\\\/\\\/blog.saocamilo-sp.br\\\/#organization\",\"name\":\"Blog S\u00e3o Camilo\",\"url\":\"https:\\\/\\\/blog.saocamilo-sp.br\\\/\",\"logo\":{\"@type\":\"ImageObject\",\"inLanguage\":\"pt-BR\",\"@id\":\"https:\\\/\\\/blog.saocamilo-sp.br\\\/#\\\/schema\\\/logo\\\/image\\\/\",\"url\":\"https:\\\/\\\/blog.saocamilo-sp.br\\\/wp-content\\\/uploads\\\/2021\\\/12\\\/cropped-vazio-logo-topo.png\",\"contentUrl\":\"https:\\\/\\\/blog.saocamilo-sp.br\\\/wp-content\\\/uploads\\\/2021\\\/12\\\/cropped-vazio-logo-topo.png\",\"width\":320,\"height\":240,\"caption\":\"Blog S\u00e3o Camilo\"},\"image\":{\"@id\":\"https:\\\/\\\/blog.saocamilo-sp.br\\\/#\\\/schema\\\/logo\\\/image\\\/\"},\"sameAs\":[\"https:\\\/\\\/www.facebook.com\\\/saocamilosp\",\"https:\\\/\\\/x.com\\\/saocamilosp\",\"https:\\\/\\\/www.linkedin.com\\\/school\\\/centro-universit-rio-s-o-camilo\\\/\"]},{\"@type\":\"Person\",\"@id\":\"https:\\\/\\\/blog.saocamilo-sp.br\\\/#\\\/schema\\\/person\\\/7dce5f342af0848eb2f06778b2737904\",\"name\":\"Christopher Oliveira dos Reis\",\"image\":{\"@type\":\"ImageObject\",\"inLanguage\":\"pt-BR\",\"@id\":\"https:\\\/\\\/secure.gravatar.com\\\/avatar\\\/b09a1361215d06f22999124838358b6855376e2b7287de883b723960b0c03f82?s=96&d=mm&r=g\",\"url\":\"https:\\\/\\\/secure.gravatar.com\\\/avatar\\\/b09a1361215d06f22999124838358b6855376e2b7287de883b723960b0c03f82?s=96&d=mm&r=g\",\"contentUrl\":\"https:\\\/\\\/secure.gravatar.com\\\/avatar\\\/b09a1361215d06f22999124838358b6855376e2b7287de883b723960b0c03f82?s=96&d=mm&r=g\",\"caption\":\"Christopher Oliveira dos Reis\"},\"url\":\"https:\\\/\\\/blog.saocamilo-sp.br\\\/index.php\\\/author\\\/christopher-reis\\\/\"}]}<\/script>\n<!-- \/ Yoast SEO plugin. -->","yoast_head_json":{"title":"2\u00aa International Fair promove integra\u00e7\u00e3o cultural e acad\u00eamica","description":"Evento internacional promoveu integra\u00e7\u00e3o cultural e acad\u00eamica, com palestras, workshops e experi\u00eancias sobre internacionaliza\u00e7\u00e3o.","robots":{"index":"index","follow":"follow","max-snippet":"max-snippet:-1","max-image-preview":"max-image-preview:large","max-video-preview":"max-video-preview:-1"},"canonical":"https:\/\/blog.saocamilo-sp.br\/index.php\/2025\/09\/02\/2a-international-fair-promove-integracao-cultural-e-academica\/","og_locale":"pt_BR","og_type":"article","og_title":"2\u00aa International Fair promove integra\u00e7\u00e3o cultural e acad\u00eamica","og_description":"Evento internacional promoveu integra\u00e7\u00e3o cultural e acad\u00eamica, com palestras, workshops e experi\u00eancias sobre internacionaliza\u00e7\u00e3o.","og_url":"https:\/\/blog.saocamilo-sp.br\/index.php\/2025\/09\/02\/2a-international-fair-promove-integracao-cultural-e-academica\/","og_site_name":"Blog S\u00e3o Camilo","article_publisher":"https:\/\/www.facebook.com\/saocamilosp","article_published_time":"2025-09-02T20:51:53+00:00","article_modified_time":"2025-10-21T21:40:16+00:00","og_image":[{"width":600,"height":406,"url":"https:\/\/blog.saocamilo-sp.br\/wp-content\/uploads\/2025\/09\/International-Fair.png","type":"image\/png"}],"author":"Christopher Oliveira dos Reis","twitter_card":"summary_large_image","twitter_creator":"@saocamilosp","twitter_site":"@saocamilosp","twitter_misc":{"Escrito por":"Christopher Oliveira dos Reis","Est. tempo de leitura":"4 minutos"},"schema":{"@context":"https:\/\/schema.org","@graph":[{"@type":"Article","@id":"https:\/\/blog.saocamilo-sp.br\/index.php\/2025\/09\/02\/2a-international-fair-promove-integracao-cultural-e-academica\/#article","isPartOf":{"@id":"https:\/\/blog.saocamilo-sp.br\/index.php\/2025\/09\/02\/2a-international-fair-promove-integracao-cultural-e-academica\/"},"author":{"name":"Christopher Oliveira dos Reis","@id":"https:\/\/blog.saocamilo-sp.br\/#\/schema\/person\/7dce5f342af0848eb2f06778b2737904"},"headline":"2\u00aa International Fair promove integra\u00e7\u00e3o cultural e acad\u00eamica","datePublished":"2025-09-02T20:51:53+00:00","dateModified":"2025-10-21T21:40:16+00:00","mainEntityOfPage":{"@id":"https:\/\/blog.saocamilo-sp.br\/index.php\/2025\/09\/02\/2a-international-fair-promove-integracao-cultural-e-academica\/"},"wordCount":613,"commentCount":0,"publisher":{"@id":"https:\/\/blog.saocamilo-sp.br\/#organization"},"image":{"@id":"https:\/\/blog.saocamilo-sp.br\/index.php\/2025\/09\/02\/2a-international-fair-promove-integracao-cultural-e-academica\/#primaryimage"},"thumbnailUrl":"https:\/\/blog.saocamilo-sp.br\/wp-content\/uploads\/2025\/09\/International-Fair.png","articleSection":["Cursos"],"inLanguage":"pt-BR","potentialAction":[{"@type":"CommentAction","name":"Comment","target":["https:\/\/blog.saocamilo-sp.br\/index.php\/2025\/09\/02\/2a-international-fair-promove-integracao-cultural-e-academica\/#respond"]}]},{"@type":"WebPage","@id":"https:\/\/blog.saocamilo-sp.br\/index.php\/2025\/09\/02\/2a-international-fair-promove-integracao-cultural-e-academica\/","url":"https:\/\/blog.saocamilo-sp.br\/index.php\/2025\/09\/02\/2a-international-fair-promove-integracao-cultural-e-academica\/","name":"2\u00aa International Fair promove integra\u00e7\u00e3o cultural e acad\u00eamica","isPartOf":{"@id":"https:\/\/blog.saocamilo-sp.br\/#website"},"primaryImageOfPage":{"@id":"https:\/\/blog.saocamilo-sp.br\/index.php\/2025\/09\/02\/2a-international-fair-promove-integracao-cultural-e-academica\/#primaryimage"},"image":{"@id":"https:\/\/blog.saocamilo-sp.br\/index.php\/2025\/09\/02\/2a-international-fair-promove-integracao-cultural-e-academica\/#primaryimage"},"thumbnailUrl":"https:\/\/blog.saocamilo-sp.br\/wp-content\/uploads\/2025\/09\/International-Fair.png","datePublished":"2025-09-02T20:51:53+00:00","dateModified":"2025-10-21T21:40:16+00:00","description":"Evento internacional promoveu integra\u00e7\u00e3o cultural e acad\u00eamica, com palestras, workshops e experi\u00eancias sobre internacionaliza\u00e7\u00e3o.","breadcrumb":{"@id":"https:\/\/blog.saocamilo-sp.br\/index.php\/2025\/09\/02\/2a-international-fair-promove-integracao-cultural-e-academica\/#breadcrumb"},"inLanguage":"pt-BR","potentialAction":[{"@type":"ReadAction","target":["https:\/\/blog.saocamilo-sp.br\/index.php\/2025\/09\/02\/2a-international-fair-promove-integracao-cultural-e-academica\/"]}]},{"@type":"ImageObject","inLanguage":"pt-BR","@id":"https:\/\/blog.saocamilo-sp.br\/index.php\/2025\/09\/02\/2a-international-fair-promove-integracao-cultural-e-academica\/#primaryimage","url":"https:\/\/blog.saocamilo-sp.br\/wp-content\/uploads\/2025\/09\/International-Fair.png","contentUrl":"https:\/\/blog.saocamilo-sp.br\/wp-content\/uploads\/2025\/09\/International-Fair.png","width":600,"height":406,"caption":"International Fair"},{"@type":"BreadcrumbList","@id":"https:\/\/blog.saocamilo-sp.br\/index.php\/2025\/09\/02\/2a-international-fair-promove-integracao-cultural-e-academica\/#breadcrumb","itemListElement":[{"@type":"ListItem","position":1,"name":"In\u00edcio","item":"https:\/\/blog.saocamilo-sp.br\/"},{"@type":"ListItem","position":2,"name":"2\u00aa International Fair promove integra\u00e7\u00e3o cultural e acad\u00eamica"}]},{"@type":"WebSite","@id":"https:\/\/blog.saocamilo-sp.br\/#website","url":"https:\/\/blog.saocamilo-sp.br\/","name":"Blog S\u00e3o Camilo","description":"Blog do Centro Universit\u00e1rio S\u00e3o Camilo","publisher":{"@id":"https:\/\/blog.saocamilo-sp.br\/#organization"},"potentialAction":[{"@type":"SearchAction","target":{"@type":"EntryPoint","urlTemplate":"https:\/\/blog.saocamilo-sp.br\/?s={search_term_string}"},"query-input":{"@type":"PropertyValueSpecification","valueRequired":true,"valueName":"search_term_string"}}],"inLanguage":"pt-BR"},{"@type":"Organization","@id":"https:\/\/blog.saocamilo-sp.br\/#organization","name":"Blog S\u00e3o Camilo","url":"https:\/\/blog.saocamilo-sp.br\/","logo":{"@type":"ImageObject","inLanguage":"pt-BR","@id":"https:\/\/blog.saocamilo-sp.br\/#\/schema\/logo\/image\/","url":"https:\/\/blog.saocamilo-sp.br\/wp-content\/uploads\/2021\/12\/cropped-vazio-logo-topo.png","contentUrl":"https:\/\/blog.saocamilo-sp.br\/wp-content\/uploads\/2021\/12\/cropped-vazio-logo-topo.png","width":320,"height":240,"caption":"Blog S\u00e3o Camilo"},"image":{"@id":"https:\/\/blog.saocamilo-sp.br\/#\/schema\/logo\/image\/"},"sameAs":["https:\/\/www.facebook.com\/saocamilosp","https:\/\/x.com\/saocamilosp","https:\/\/www.linkedin.com\/school\/centro-universit-rio-s-o-camilo\/"]},{"@type":"Person","@id":"https:\/\/blog.saocamilo-sp.br\/#\/schema\/person\/7dce5f342af0848eb2f06778b2737904","name":"Christopher Oliveira dos Reis","image":{"@type":"ImageObject","inLanguage":"pt-BR","@id":"https:\/\/secure.gravatar.com\/avatar\/b09a1361215d06f22999124838358b6855376e2b7287de883b723960b0c03f82?s=96&d=mm&r=g","url":"https:\/\/secure.gravatar.com\/avatar\/b09a1361215d06f22999124838358b6855376e2b7287de883b723960b0c03f82?s=96&d=mm&r=g","contentUrl":"https:\/\/secure.gravatar.com\/avatar\/b09a1361215d06f22999124838358b6855376e2b7287de883b723960b0c03f82?s=96&d=mm&r=g","caption":"Christopher Oliveira dos Reis"},"url":"https:\/\/blog.saocamilo-sp.br\/index.php\/author\/christopher-reis\/"}]}},"_links":{"self":[{"href":"https:\/\/blog.saocamilo-sp.br\/index.php\/wp-json\/wp\/v2\/posts\/3985","targetHints":{"allow":["GET"]}}],"collection":[{"href":"https:\/\/blog.saocamilo-sp.br\/index.php\/wp-json\/wp\/v2\/posts"}],"about":[{"href":"https:\/\/blog.saocamilo-sp.br\/index.php\/wp-json\/wp\/v2\/types\/post"}],"author":[{"embeddable":true,"href":"https:\/\/blog.saocamilo-sp.br\/index.php\/wp-json\/wp\/v2\/users\/11"}],"replies":[{"embeddable":true,"href":"https:\/\/blog.saocamilo-sp.br\/index.php\/wp-json\/wp\/v2\/comments?post=3985"}],"version-history":[{"count":4,"href":"https:\/\/blog.saocamilo-sp.br\/index.php\/wp-json\/wp\/v2\/posts\/3985\/revisions"}],"predecessor-version":[{"id":4017,"href":"https:\/\/blog.saocamilo-sp.br\/index.php\/wp-json\/wp\/v2\/posts\/3985\/revisions\/4017"}],"wp:featuredmedia":[{"embeddable":true,"href":"https:\/\/blog.saocamilo-sp.br\/index.php\/wp-json\/wp\/v2\/media\/4010"}],"wp:attachment":[{"href":"https:\/\/blog.saocamilo-sp.br\/index.php\/wp-json\/wp\/v2\/media?parent=3985"}],"wp:term":[{"taxonomy":"category","embeddable":true,"href":"https:\/\/blog.saocamilo-sp.br\/index.php\/wp-json\/wp\/v2\/categories?post=3985"},{"taxonomy":"post_tag","embeddable":true,"href":"https:\/\/blog.saocamilo-sp.br\/index.php\/wp-json\/wp\/v2\/tags?post=3985"}],"curies":[{"name":"wp","href":"https:\/\/api.w.org\/{rel}","templated":true}]}}